{"id":189330,"date":"2017-07-12T00:01:42","date_gmt":"2017-07-11T22:01:42","guid":{"rendered":"http:\/\/vincentians.com\/fr\/?p=189330"},"modified":"2016-08-11T21:56:37","modified_gmt":"2016-08-11T19:56:37","slug":"ephemerides-12-juilliet","status":"publish","type":"post","link":"http:\/\/vincentians.com\/fr\/ephemerides-12-juilliet\/","title":{"rendered":"Eph\u00e9m\u00e9rides: 12 juilliet"},"content":{"rendered":"<p><b>1719<\/b>. Le procureur de l\u2019\u0152uvre des pauvres malades de la paroisse La Daurade \u00e0 Toulouse signe avec M\u00e8re Mazurier et deux S\u0153urs offici\u00e8res (S\u0153ur Naudin, d\u00e9pensi\u00e8re, est absente) le contrat d\u2019\u00e9tablissement de trois S\u0153urs dans la paroisse. Celles-ci partent de Paris le 9 ao\u00fbt 1719. Monsieur Le Saget, dans son testament, avait \u00e9tabli une rente pour la venue des S\u0153urs grises.<\/p>\n<p><b>1723<\/b>. Monsieur Bonnet, dans sa circulaire aux Filles de la Charit\u00e9, rappelle l\u2019abstinence des vendredis, souligne l\u2019importance des conf\u00e9rences spirituelles . \u201cLa n\u00e9gligence de la r\u00e9p\u00e9tition de l\u2019oraison est un mal infini\u201d. Il signale que l\u2019usage du vin n\u2019est pas autoris\u00e9 qu\u2019avec permission et que le tabac n\u2019est pas consid\u00e9r\u00e9 comme un rem\u00e8de.<\/p>\n<p><b>1761<\/b>. Le procureur de l\u2019h\u00f4pital g\u00e9n\u00e9ral de Pau signe avec M\u00e8re Madeleine Lema\u00eetre et les trois S\u0153urs offici\u00e8res le contrat pour l\u2019\u00e9tablissement de six S\u0153urs pour le service des vieillards, des infirmes et incurables. Les S\u0153urs vont y partir en ao\u00fbt.<\/p>\n<p><b>1921<\/b>. \u00c0 Millau, dans l\u2019Aveyron, son dioc\u00e8se d\u2019origine, Mgr Hilarion Mont\u00e9ty, meurt \u00e0 l\u2019\u00e2ge de soixante et un ans. Entre \u00e0 dix-neuf ans dans la Congr\u00e9gation, il est, d\u00e8s son ordination en d\u00e9cembre 1878, destin\u00e9 \u00e0 la Perse. Son ardeur intelligente le met rapidement en vue, et \u00e0 trente-sept ans, il est promu archev\u00eaque, charg\u00e9 de repr\u00e9senter le Saint-Si\u00e8ge aupr\u00e8s du gouvernement persan\u00a0; et l\u2019administration du dioc\u00e8se d\u2019Ispahan lui est confi\u00e9e. B\u00e9n\u00e9ficiant de la bienveillance du shah de Perse qui, au cours d\u2019une audience, lui d\u00e9clarait\u00a0: \u00abEntre le Pape et moi, il y a de l\u2019attrait\u00bb, Mgr Mont\u00e9ty mit dans l\u2019accomplissement de ses multiples t\u00e2ches cette robuste activit\u00e9 qui le caract\u00e9risait. Il n\u2019eut pas le temps de donner sa mesure. Quatre ans apr\u00e8s son \u00e9l\u00e9vation \u00e0 l\u2019\u00e9piscopat, les troubles politiques de Perse l\u2019oblig\u00e8rent \u00e0 rentrer en France. Il se mit alors \u00e0 la disposition des \u00e9v\u00eaques et sp\u00e9cialement au service de l\u2019\u00e9v\u00eaque de Viviers. C\u2019est ainsi que, le 9 juin 1901, Mgr Mont\u00e9ty aura l\u2019occasion d\u2019ordonner Charles de Foucauld, alors trappiste \u00e0 Notre-Dame des Neiges. Mgr Mont\u00e9ty a aussi tr\u00e8s souvent pontifi\u00e9 dans le Pas-de-Calais, et la Semaine Religieuse d\u2019Arras dira \u00abAvec sa large poign\u00e9e de mains, son fin sourire, ses mani\u00e8res la fois simples et distingu\u00e9es, Mgr Mont\u00e9ty conqu\u00e9rait d\u2019abord la sympathie. Et il achevait de s\u00e9duire par sa bienveillance in\u00e9puisable, l\u2019\u00e9tendue de ses connaissances, la perspicacit\u00e9 de son jugement, la fermet\u00e9 d\u2019une foi aussi \u00e9clair\u00e9e qu\u2019agissante.\u00bb Partout o\u00f9 il passa, il apparut ainsi, jusqu\u2019au jour o\u00f9, en pleine force, \u00e0 cinquante-huit ans, il fut frapp\u00e9 d\u2019une congestion c\u00e9r\u00e9brale et priv\u00e9 \u00e0 la fois de mouvement et de parole. La mort ne mit fin qu\u2019au bout de trois ans \u00e0 ce p\u00e9nible et m\u00e9ritoire calvaire (1).<\/p>\n<p><b>1953<\/b>. \u00c0 Ardouane, nos confr\u00e8res quittent le petit s\u00e9minaire. Appel\u00e9s, en 1869, par Mgr Le Courtier, \u00e9v\u00eaque de Montpellier, \u00e0 prendre la direction du s\u00e9minaire de Saint-Pons, ils en furent chass\u00e9s par la pers\u00e9cution en 1902. L\u2019\u00e9v\u00eaque dut trouver un autre local pour les \u00e9l\u00e8ves. C\u2019est alors qu\u2019il les installa dans l\u2019ancien monast\u00e8re des B\u00e9n\u00e9dictines \u00e0 Ardouane, en un site grandiose. En 1918, le cardinal de Cabri\u00e8res demandait aux confr\u00e8res de venir reprendre \u00e0 Ardouane le bon travail accompli pendant soixante-dix ans \u00e0 Saint-Pons. La p\u00e9nurie des vocations contraignit l\u2019administration g\u00e9n\u00e9rale de la Compagnie \u00e0 r\u00e9cup\u00e9rer, pour d\u2019autres \u0153uvres, les confr\u00e8res qui, comme le constatait Mgr Duperray en exprimant ses regrets de les voir partir, \u00abont assur\u00e9 \u00e0 Ardouane, pendant pr\u00e8s d\u2019un demi-si\u00e8cle, la formation d\u2019une \u00e9lite de pr\u00eatres et la\u00efcs tr\u00e8s qualifi\u00e9s\u00bb (2).<\/p>\n<dl>\n<dd>1) Annales, t. 57, pp. 450-156\u00a0; t. 86, p. 608.<\/dd>\n<dd>2) Annales, t. 118, pp. 66-67.<\/dd>\n<\/dl>\n","protected":false},"excerpt":{"rendered":"<p>1719. Le procureur de l\u2019\u0152uvre des pauvres malades de la paroisse La Daurade \u00e0 Toulouse signe avec M\u00e8re Mazurier et deux S\u0153urs offici\u00e8res (S\u0153ur Naudin, d\u00e9pensi\u00e8re, est absente) le contrat d\u2019\u00e9tablissement de trois S\u0153urs dans &#8230; <a href=\"http:\/\/vincentians.com\/fr\/ephemerides-12-juilliet\/\" class=\"more-link\">Read More<\/a><\/p>\n","protected":false},"author":4,"featured_media":149897,"comment_status":"open","ping_status":"open","sticky":false,"template":"","format":"standard","meta":{"jetpack_post_was_ever_published":false,"_jetpack_newsletter_access":"","_jetpack_dont_email_post_to_subs":false,"_jetpack_newsletter_tier_id":0,"_jetpack_memberships_contains_paywalled_content":false,"_jetpack_memberships_contains_paid_content":false,"footnotes":"","jetpack_publicize_message":"","jetpack_publicize_feature_enabled":true,"jetpack_social_post_already_shared":true,"jetpack_social_options":{"image_generator_settings":{"template":"highway","default_image_id":0,"font":"","enabled":false},"version":2}},"categories":[119],"tags":[],"class_list":["post-189330","post","type-post","status-publish","format-standard","has-post-thumbnail","hentry","category-ephemerides-vincentiens"],"yoast_head":"<!-- This site is optimized with the Yoast SEO plugin v26.3 - https:\/\/yoast.com\/wordpress\/plugins\/seo\/ -->\n<title>Eph\u00e9m\u00e9rides: 12 juilliet - Nous Sommes Vincentiens<\/title>\n<meta name=\"robots\" content=\"index, follow, max-snippet:-1, max-image-preview:large, max-video-preview:-1\" \/>\n<link rel=\"canonical\" href=\"http:\/\/vincentians.com\/fr\/ephemerides-12-juilliet\/\" \/>\n<meta property=\"og:locale\" content=\"fr_FR\" \/>\n<meta property=\"og:type\" content=\"article\" \/>\n<meta property=\"og:title\" content=\"Eph\u00e9m\u00e9rides: 12 juilliet - Nous Sommes Vincentiens\" \/>\n<meta property=\"og:description\" content=\"1719. Le procureur de l\u2019\u0152uvre des pauvres malades de la paroisse La Daurade \u00e0 Toulouse signe avec M\u00e8re Mazurier et deux S\u0153urs offici\u00e8res (S\u0153ur Naudin, d\u00e9pensi\u00e8re, est absente) le contrat d\u2019\u00e9tablissement de trois S\u0153urs dans ... Read More\" \/>\n<meta property=\"og:url\" content=\"http:\/\/vincentians.com\/fr\/ephemerides-12-juilliet\/\" \/>\n<meta property=\"og:site_name\" content=\"Nous Sommes Vincentiens\" \/>\n<meta property=\"article:publisher\" content=\"https:\/\/www.facebook.com\/WeAreVincentians\/\" \/>\n<meta property=\"article:author\" content=\"https:\/\/www.facebook.com\/JavierChento\" \/>\n<meta property=\"article:published_time\" content=\"2017-07-11T22:01:42+00:00\" \/>\n<meta property=\"og:image\" content=\"https:\/\/i0.wp.com\/vincentians.com\/fr\/wp-content\/uploads\/sites\/10\/2016\/07\/ephemerides-fb.jpg?fit=1200%2C630\" \/>\n\t<meta property=\"og:image:width\" content=\"1200\" \/>\n\t<meta property=\"og:image:height\" content=\"630\" \/>\n\t<meta property=\"og:image:type\" content=\"image\/jpeg\" \/>\n<meta name=\"author\" content=\"Francisco Javier Fern\u00e1ndez Chento\" \/>\n<meta name=\"twitter:card\" content=\"summary_large_image\" \/>\n<meta name=\"twitter:creator\" content=\"@https:\/\/twitter.com\/javierchento\" \/>\n<meta name=\"twitter:site\" content=\"@WeVincentians\" \/>\n<meta name=\"twitter:label1\" content=\"\u00c9crit par\" \/>\n\t<meta name=\"twitter:data1\" content=\"Francisco Javier Fern\u00e1ndez Chento\" \/>\n\t<meta name=\"twitter:label2\" content=\"Dur\u00e9e de lecture estim\u00e9e\" \/>\n\t<meta name=\"twitter:data2\" content=\"3 minutes\" \/>\n<script type=\"application\/ld+json\" class=\"yoast-schema-graph\">{\"@context\":\"https:\/\/schema.org\",\"@graph\":[{\"@type\":\"WebPage\",\"@id\":\"http:\/\/vincentians.com\/fr\/ephemerides-12-juilliet\/\",\"url\":\"http:\/\/vincentians.com\/fr\/ephemerides-12-juilliet\/\",\"name\":\"Eph\u00e9m\u00e9rides: 12 juilliet - Nous Sommes Vincentiens\",\"isPartOf\":{\"@id\":\"http:\/\/vincentians.com\/fr\/#website\"},\"primaryImageOfPage\":{\"@id\":\"http:\/\/vincentians.com\/fr\/ephemerides-12-juilliet\/#primaryimage\"},\"image\":{\"@id\":\"http:\/\/vincentians.com\/fr\/ephemerides-12-juilliet\/#primaryimage\"},\"thumbnailUrl\":\"https:\/\/i0.wp.com\/vincentians.com\/fr\/wp-content\/uploads\/sites\/10\/2016\/07\/ephemerides-fb.jpg?fit=1200%2C630\",\"datePublished\":\"2017-07-11T22:01:42+00:00\",\"author\":{\"@id\":\"http:\/\/vincentians.com\/fr\/#\/schema\/person\/9623ef4d9aa3b2dfb8c061f1499288f2\"},\"breadcrumb\":{\"@id\":\"http:\/\/vincentians.com\/fr\/ephemerides-12-juilliet\/#breadcrumb\"},\"inLanguage\":\"fr-FR\",\"potentialAction\":[{\"@type\":\"ReadAction\",\"target\":[\"http:\/\/vincentians.com\/fr\/ephemerides-12-juilliet\/\"]}]},{\"@type\":\"ImageObject\",\"inLanguage\":\"fr-FR\",\"@id\":\"http:\/\/vincentians.com\/fr\/ephemerides-12-juilliet\/#primaryimage\",\"url\":\"https:\/\/i0.wp.com\/vincentians.com\/fr\/wp-content\/uploads\/sites\/10\/2016\/07\/ephemerides-fb.jpg?fit=1200%2C630\",\"contentUrl\":\"https:\/\/i0.wp.com\/vincentians.com\/fr\/wp-content\/uploads\/sites\/10\/2016\/07\/ephemerides-fb.jpg?fit=1200%2C630\",\"width\":1200,\"height\":630},{\"@type\":\"BreadcrumbList\",\"@id\":\"http:\/\/vincentians.com\/fr\/ephemerides-12-juilliet\/#breadcrumb\",\"itemListElement\":[{\"@type\":\"ListItem\",\"position\":1,\"name\":\"Portada\",\"item\":\"http:\/\/vincentians.com\/fr\/\"},{\"@type\":\"ListItem\",\"position\":2,\"name\":\"Eph\u00e9m\u00e9rides: 12 juilliet\"}]},{\"@type\":\"WebSite\",\"@id\":\"http:\/\/vincentians.com\/fr\/#website\",\"url\":\"http:\/\/vincentians.com\/fr\/\",\"name\":\"Nous Sommes Vincentiens\",\"description\":\"Know more to serve more\",\"potentialAction\":[{\"@type\":\"SearchAction\",\"target\":{\"@type\":\"EntryPoint\",\"urlTemplate\":\"http:\/\/vincentians.com\/fr\/?s={search_term_string}\"},\"query-input\":{\"@type\":\"PropertyValueSpecification\",\"valueRequired\":true,\"valueName\":\"search_term_string\"}}],\"inLanguage\":\"fr-FR\"},{\"@type\":\"Person\",\"@id\":\"http:\/\/vincentians.com\/fr\/#\/schema\/person\/9623ef4d9aa3b2dfb8c061f1499288f2\",\"name\":\"Francisco Javier Fern\u00e1ndez Chento\",\"image\":{\"@type\":\"ImageObject\",\"inLanguage\":\"fr-FR\",\"@id\":\"http:\/\/vincentians.com\/fr\/#\/schema\/person\/image\/\",\"url\":\"https:\/\/secure.gravatar.com\/avatar\/497d5cde87b4c3d097d0315953521681ba2cd523ee66e5077c3711f7021e65de?s=96&d=mm&r=g\",\"contentUrl\":\"https:\/\/secure.gravatar.com\/avatar\/497d5cde87b4c3d097d0315953521681ba2cd523ee66e5077c3711f7021e65de?s=96&d=mm&r=g\",\"caption\":\"Francisco Javier Fern\u00e1ndez Chento\"},\"description\":\"Director General y cofundador de La Red de Formaci\u00f3n Vicenciana. Javier es laico vicenciano, afiliado a la Congregaci\u00f3n de la Misi\u00f3n y miembro del Equipo de Misiones Populares de la provincia can\u00f3nica de Zaragoza (Espa\u00f1a) de la Congregaci\u00f3n de la Misi\u00f3n. Graduado en la Universidad Oberta de Catalunya con cuatro grados (Asistente de direcci\u00f3n, Gesti\u00f3n Administrativa, Recursos Humanos y Contabilidad Avanzada). Bil\u00edng\u00fce Espa\u00f1ol\/Ingl\u00e9s. gestiona y mantiene varias p\u00e1ginas web cristianas y vicencianas, incluida including La Red de Formaci\u00f3n Vicenciana, de la que es cofundador. Actualmente es responsable del \u00e1rea de Espa\u00f1ol de .famvin, la Red de Noticias de la Familia Vicenciana. Tambi\u00e9n es m\u00fasico cat\u00f3lico y ha editado varios discos. Es Director General y cofundador de Trovador, una reconocida compa\u00f1\u00eda discogr\u00e1fica critiana de Espa\u00f1a. Trabaja en las Tecnolog\u00edas de la Informaci\u00f3n, ofreciendo servicios de alojamiento, dise\u00f1o y mantenimiento Web, as\u00ed como asesoramiento, formaci\u00f3n y soluciones inform\u00e1ticas, gesti\u00f3n documental y digitalizaci\u00f3n de textos, edici\u00f3n y maquetaci\u00f3n de libros, revistas, flyers, etc.\",\"sameAs\":[\"http:\/\/chento.org\",\"https:\/\/www.facebook.com\/JavierChento\",\"https:\/\/x.com\/https:\/\/twitter.com\/javierchento\"],\"url\":\"http:\/\/vincentians.com\/fr\/author\/chento\/\"}]}<\/script>\n<!-- \/ Yoast SEO plugin. -->","yoast_head_json":{"title":"Eph\u00e9m\u00e9rides: 12 juilliet - Nous Sommes Vincentiens","robots":{"index":"index","follow":"follow","max-snippet":"max-snippet:-1","max-image-preview":"max-image-preview:large","max-video-preview":"max-video-preview:-1"},"canonical":"http:\/\/vincentians.com\/fr\/ephemerides-12-juilliet\/","og_locale":"fr_FR","og_type":"article","og_title":"Eph\u00e9m\u00e9rides: 12 juilliet - Nous Sommes Vincentiens","og_description":"1719. Le procureur de l\u2019\u0152uvre des pauvres malades de la paroisse La Daurade \u00e0 Toulouse signe avec M\u00e8re Mazurier et deux S\u0153urs offici\u00e8res (S\u0153ur Naudin, d\u00e9pensi\u00e8re, est absente) le contrat d\u2019\u00e9tablissement de trois S\u0153urs dans ... Read More","og_url":"http:\/\/vincentians.com\/fr\/ephemerides-12-juilliet\/","og_site_name":"Nous Sommes Vincentiens","article_publisher":"https:\/\/www.facebook.com\/WeAreVincentians\/","article_author":"https:\/\/www.facebook.com\/JavierChento","article_published_time":"2017-07-11T22:01:42+00:00","og_image":[{"width":1200,"height":630,"url":"https:\/\/i0.wp.com\/vincentians.com\/fr\/wp-content\/uploads\/sites\/10\/2016\/07\/ephemerides-fb.jpg?fit=1200%2C630","type":"image\/jpeg"}],"author":"Francisco Javier Fern\u00e1ndez Chento","twitter_card":"summary_large_image","twitter_creator":"@https:\/\/twitter.com\/javierchento","twitter_site":"@WeVincentians","twitter_misc":{"\u00c9crit par":"Francisco Javier Fern\u00e1ndez Chento","Dur\u00e9e de lecture estim\u00e9e":"3 minutes"},"schema":{"@context":"https:\/\/schema.org","@graph":[{"@type":"WebPage","@id":"http:\/\/vincentians.com\/fr\/ephemerides-12-juilliet\/","url":"http:\/\/vincentians.com\/fr\/ephemerides-12-juilliet\/","name":"Eph\u00e9m\u00e9rides: 12 juilliet - Nous Sommes Vincentiens","isPartOf":{"@id":"http:\/\/vincentians.com\/fr\/#website"},"primaryImageOfPage":{"@id":"http:\/\/vincentians.com\/fr\/ephemerides-12-juilliet\/#primaryimage"},"image":{"@id":"http:\/\/vincentians.com\/fr\/ephemerides-12-juilliet\/#primaryimage"},"thumbnailUrl":"https:\/\/i0.wp.com\/vincentians.com\/fr\/wp-content\/uploads\/sites\/10\/2016\/07\/ephemerides-fb.jpg?fit=1200%2C630","datePublished":"2017-07-11T22:01:42+00:00","author":{"@id":"http:\/\/vincentians.com\/fr\/#\/schema\/person\/9623ef4d9aa3b2dfb8c061f1499288f2"},"breadcrumb":{"@id":"http:\/\/vincentians.com\/fr\/ephemerides-12-juilliet\/#breadcrumb"},"inLanguage":"fr-FR","potentialAction":[{"@type":"ReadAction","target":["http:\/\/vincentians.com\/fr\/ephemerides-12-juilliet\/"]}]},{"@type":"ImageObject","inLanguage":"fr-FR","@id":"http:\/\/vincentians.com\/fr\/ephemerides-12-juilliet\/#primaryimage","url":"https:\/\/i0.wp.com\/vincentians.com\/fr\/wp-content\/uploads\/sites\/10\/2016\/07\/ephemerides-fb.jpg?fit=1200%2C630","contentUrl":"https:\/\/i0.wp.com\/vincentians.com\/fr\/wp-content\/uploads\/sites\/10\/2016\/07\/ephemerides-fb.jpg?fit=1200%2C630","width":1200,"height":630},{"@type":"BreadcrumbList","@id":"http:\/\/vincentians.com\/fr\/ephemerides-12-juilliet\/#breadcrumb","itemListElement":[{"@type":"ListItem","position":1,"name":"Portada","item":"http:\/\/vincentians.com\/fr\/"},{"@type":"ListItem","position":2,"name":"Eph\u00e9m\u00e9rides: 12 juilliet"}]},{"@type":"WebSite","@id":"http:\/\/vincentians.com\/fr\/#website","url":"http:\/\/vincentians.com\/fr\/","name":"Nous Sommes Vincentiens","description":"Know more to serve more","potentialAction":[{"@type":"SearchAction","target":{"@type":"EntryPoint","urlTemplate":"http:\/\/vincentians.com\/fr\/?s={search_term_string}"},"query-input":{"@type":"PropertyValueSpecification","valueRequired":true,"valueName":"search_term_string"}}],"inLanguage":"fr-FR"},{"@type":"Person","@id":"http:\/\/vincentians.com\/fr\/#\/schema\/person\/9623ef4d9aa3b2dfb8c061f1499288f2","name":"Francisco Javier Fern\u00e1ndez Chento","image":{"@type":"ImageObject","inLanguage":"fr-FR","@id":"http:\/\/vincentians.com\/fr\/#\/schema\/person\/image\/","url":"https:\/\/secure.gravatar.com\/avatar\/497d5cde87b4c3d097d0315953521681ba2cd523ee66e5077c3711f7021e65de?s=96&d=mm&r=g","contentUrl":"https:\/\/secure.gravatar.com\/avatar\/497d5cde87b4c3d097d0315953521681ba2cd523ee66e5077c3711f7021e65de?s=96&d=mm&r=g","caption":"Francisco Javier Fern\u00e1ndez Chento"},"description":"Director General y cofundador de La Red de Formaci\u00f3n Vicenciana. Javier es laico vicenciano, afiliado a la Congregaci\u00f3n de la Misi\u00f3n y miembro del Equipo de Misiones Populares de la provincia can\u00f3nica de Zaragoza (Espa\u00f1a) de la Congregaci\u00f3n de la Misi\u00f3n. Graduado en la Universidad Oberta de Catalunya con cuatro grados (Asistente de direcci\u00f3n, Gesti\u00f3n Administrativa, Recursos Humanos y Contabilidad Avanzada). Bil\u00edng\u00fce Espa\u00f1ol\/Ingl\u00e9s. gestiona y mantiene varias p\u00e1ginas web cristianas y vicencianas, incluida including La Red de Formaci\u00f3n Vicenciana, de la que es cofundador. Actualmente es responsable del \u00e1rea de Espa\u00f1ol de .famvin, la Red de Noticias de la Familia Vicenciana. Tambi\u00e9n es m\u00fasico cat\u00f3lico y ha editado varios discos. Es Director General y cofundador de Trovador, una reconocida compa\u00f1\u00eda discogr\u00e1fica critiana de Espa\u00f1a. Trabaja en las Tecnolog\u00edas de la Informaci\u00f3n, ofreciendo servicios de alojamiento, dise\u00f1o y mantenimiento Web, as\u00ed como asesoramiento, formaci\u00f3n y soluciones inform\u00e1ticas, gesti\u00f3n documental y digitalizaci\u00f3n de textos, edici\u00f3n y maquetaci\u00f3n de libros, revistas, flyers, etc.","sameAs":["http:\/\/chento.org","https:\/\/www.facebook.com\/JavierChento","https:\/\/x.com\/https:\/\/twitter.com\/javierchento"],"url":"http:\/\/vincentians.com\/fr\/author\/chento\/"}]}},"jetpack_publicize_connections":[],"jetpack_featured_media_url":"https:\/\/i0.wp.com\/vincentians.com\/fr\/wp-content\/uploads\/sites\/10\/2016\/07\/ephemerides-fb.jpg?fit=1200%2C630","jetpack_sharing_enabled":true,"jetpack_shortlink":"https:\/\/wp.me\/p7ETMP-NfI","jetpack-related-posts":[{"id":190171,"url":"http:\/\/vincentians.com\/fr\/ephemerides-11-septembre\/","url_meta":{"origin":189330,"position":0},"title":"Eph\u00e9m\u00e9rides : 11 septembre","author":"Francisco Javier Fern\u00e1ndez Chento","date":"11\/09\/2016","format":false,"excerpt":"1685. Monsieur Louis de Noailles, \u00e9v\u00eaque de Ch\u00e2lons sur Marne signe avec M\u00e8re Mathurine Gu\u00e9rin et les trois offici\u00e8res le contrat d\u2019\u00e9tablissement de deux S\u0153urs \u00e0 Etoges pour assister les pauvres malades et instruire les petites filles pauvres. Les rentes ont \u00e9t\u00e9 constitu\u00e9es par Monsieur d\u2019Anglure de Savigny. (C) 1702.\u2026","rel":"","context":"Dans &quot;\u00c9ph\u00e9m\u00e9rides vincentiens&quot;","block_context":{"text":"\u00c9ph\u00e9m\u00e9rides vincentiens","link":"http:\/\/vincentians.com\/fr\/category\/ephemerides-vincentiens\/"},"img":{"alt_text":"","src":"https:\/\/i0.wp.com\/vincentians.com\/fr\/wp-content\/uploads\/sites\/10\/2016\/07\/ephemerides-fb.jpg?fit=1200%2C630&resize=350%2C200","width":350,"height":200,"srcset":"https:\/\/i0.wp.com\/vincentians.com\/fr\/wp-content\/uploads\/sites\/10\/2016\/07\/ephemerides-fb.jpg?fit=1200%2C630&resize=350%2C200 1x, https:\/\/i0.wp.com\/vincentians.com\/fr\/wp-content\/uploads\/sites\/10\/2016\/07\/ephemerides-fb.jpg?fit=1200%2C630&resize=525%2C300 1.5x, https:\/\/i0.wp.com\/vincentians.com\/fr\/wp-content\/uploads\/sites\/10\/2016\/07\/ephemerides-fb.jpg?fit=1200%2C630&resize=700%2C400 2x, https:\/\/i0.wp.com\/vincentians.com\/fr\/wp-content\/uploads\/sites\/10\/2016\/07\/ephemerides-fb.jpg?fit=1200%2C630&resize=1050%2C600 3x"},"classes":[]},{"id":190069,"url":"http:\/\/vincentians.com\/fr\/ephemerides-13-aout\/","url_meta":{"origin":189330,"position":1},"title":"Eph\u00e9m\u00e9rides: 13 ao\u00fbt","author":"Francisco Javier Fern\u00e1ndez Chento","date":"13\/08\/2016","format":false,"excerpt":"1685. Le procureur de l\u2019Ev\u00eaque et des administrateurs de l\u2019h\u00f4pital de Montauban signe, devant notaires \u00e0 Paris, le contrat d\u2019\u00e9tablissement de quatre S\u0153urs pour le soulagement des pauvres malades et la gloire de Dieu. S\u0153ur Adrienne Hurpy est la premi\u00e8re S\u0153ur Servante. (C) 1705. Le procureur des Dames de la\u2026","rel":"","context":"Dans &quot;\u00c9ph\u00e9m\u00e9rides vincentiens&quot;","block_context":{"text":"\u00c9ph\u00e9m\u00e9rides vincentiens","link":"http:\/\/vincentians.com\/fr\/category\/ephemerides-vincentiens\/"},"img":{"alt_text":"","src":"https:\/\/i0.wp.com\/vincentians.com\/fr\/wp-content\/uploads\/sites\/10\/2016\/07\/ephemerides-fb.jpg?fit=1200%2C630&resize=350%2C200","width":350,"height":200,"srcset":"https:\/\/i0.wp.com\/vincentians.com\/fr\/wp-content\/uploads\/sites\/10\/2016\/07\/ephemerides-fb.jpg?fit=1200%2C630&resize=350%2C200 1x, https:\/\/i0.wp.com\/vincentians.com\/fr\/wp-content\/uploads\/sites\/10\/2016\/07\/ephemerides-fb.jpg?fit=1200%2C630&resize=525%2C300 1.5x, https:\/\/i0.wp.com\/vincentians.com\/fr\/wp-content\/uploads\/sites\/10\/2016\/07\/ephemerides-fb.jpg?fit=1200%2C630&resize=700%2C400 2x, https:\/\/i0.wp.com\/vincentians.com\/fr\/wp-content\/uploads\/sites\/10\/2016\/07\/ephemerides-fb.jpg?fit=1200%2C630&resize=1050%2C600 3x"},"classes":[]},{"id":190064,"url":"http:\/\/vincentians.com\/fr\/ephemerides-11-aout\/","url_meta":{"origin":189330,"position":2},"title":"Eph\u00e9m\u00e9rides: 11 ao\u00fbt","author":"Francisco Javier Fern\u00e1ndez Chento","date":"11\/08\/2016","format":false,"excerpt":"1676. Par contrat sign\u00e9 devant notaires avec M\u00e8re Mathurine Gu\u00e9rin et les trois offici\u00e8res en charge, Madame Elisabeth d\u2019Orl\u00e9ans, duchesse d\u2019Alen\u00e7on, \u00e9tablit trois S\u0153urs \u00e0 l\u2019H\u00f4tel-Dieu d\u2019Alen\u00e7on. Les S\u0153urs seront consid\u00e9r\u00e9es comme filles de la maison et non comme mercenaires. Des rentes sont \u00e9tablies pour leur entretien. (C) 1700. Monsieur\u2026","rel":"","context":"Dans &quot;\u00c9ph\u00e9m\u00e9rides vincentiens&quot;","block_context":{"text":"\u00c9ph\u00e9m\u00e9rides vincentiens","link":"http:\/\/vincentians.com\/fr\/category\/ephemerides-vincentiens\/"},"img":{"alt_text":"","src":"https:\/\/i0.wp.com\/vincentians.com\/fr\/wp-content\/uploads\/sites\/10\/2016\/07\/ephemerides-fb.jpg?fit=1200%2C630&resize=350%2C200","width":350,"height":200,"srcset":"https:\/\/i0.wp.com\/vincentians.com\/fr\/wp-content\/uploads\/sites\/10\/2016\/07\/ephemerides-fb.jpg?fit=1200%2C630&resize=350%2C200 1x, https:\/\/i0.wp.com\/vincentians.com\/fr\/wp-content\/uploads\/sites\/10\/2016\/07\/ephemerides-fb.jpg?fit=1200%2C630&resize=525%2C300 1.5x, https:\/\/i0.wp.com\/vincentians.com\/fr\/wp-content\/uploads\/sites\/10\/2016\/07\/ephemerides-fb.jpg?fit=1200%2C630&resize=700%2C400 2x, https:\/\/i0.wp.com\/vincentians.com\/fr\/wp-content\/uploads\/sites\/10\/2016\/07\/ephemerides-fb.jpg?fit=1200%2C630&resize=1050%2C600 3x"},"classes":[]},{"id":104144,"url":"http:\/\/vincentians.com\/fr\/ephemerides-29-novembre\/","url_meta":{"origin":189330,"position":3},"title":"Eph\u00e9m\u00e9rides: 29 novembre","author":"Francisco Javier Fern\u00e1ndez Chento","date":"29\/11\/2016","format":false,"excerpt":"1633. \u00c0 Paris, en la maison de Mlle Le Gras, proche Saint-Nicolas du Chardonnet \u2014 rue des Foss\u00e9s-Saint-Victor \u2014 trois ou quatre filles s\u2019assemblent pour apprendre \u00e0 servir les pauvres\u2026 C\u2019est une consid\u00e9ration d\u2019utilit\u00e9 pratique qui est \u00e0 l\u2019origine de ce petit fait\u00a0: les d\u00e9tails concrets et peu rago\u00fbtants de\u2026","rel":"","context":"Dans &quot;\u00c9ph\u00e9m\u00e9rides vincentiens&quot;","block_context":{"text":"\u00c9ph\u00e9m\u00e9rides vincentiens","link":"http:\/\/vincentians.com\/fr\/category\/ephemerides-vincentiens\/"},"img":{"alt_text":"","src":"https:\/\/i0.wp.com\/vincentians.com\/fr\/wp-content\/uploads\/sites\/10\/2016\/07\/ephemerides-fb.jpg?fit=1200%2C630&resize=350%2C200","width":350,"height":200,"srcset":"https:\/\/i0.wp.com\/vincentians.com\/fr\/wp-content\/uploads\/sites\/10\/2016\/07\/ephemerides-fb.jpg?fit=1200%2C630&resize=350%2C200 1x, https:\/\/i0.wp.com\/vincentians.com\/fr\/wp-content\/uploads\/sites\/10\/2016\/07\/ephemerides-fb.jpg?fit=1200%2C630&resize=525%2C300 1.5x, https:\/\/i0.wp.com\/vincentians.com\/fr\/wp-content\/uploads\/sites\/10\/2016\/07\/ephemerides-fb.jpg?fit=1200%2C630&resize=700%2C400 2x, https:\/\/i0.wp.com\/vincentians.com\/fr\/wp-content\/uploads\/sites\/10\/2016\/07\/ephemerides-fb.jpg?fit=1200%2C630&resize=1050%2C600 3x"},"classes":[]},{"id":190052,"url":"http:\/\/vincentians.com\/fr\/ephemerides-01-aout\/","url_meta":{"origin":189330,"position":4},"title":"Eph\u00e9m\u00e9rides: 01 ao\u00fbt","author":"Francisco Javier Fern\u00e1ndez Chento","date":"01\/08\/2017","format":false,"excerpt":"1617. En l\u2019\u00e9glise Saint-Martin de Bu\u00e9nans, et en celle de Saint-Andr\u00e9 de Ch\u00e2tillon, qui en est l\u2019annexe. Monsieur Vincent est install\u00e9 cur\u00e9, dans le courant de l\u2019apr\u00e8s-midi et selon le c\u00e9r\u00e9monial habituel (1). 1697, 1724 et 1843. \u00c0 Paris, ouverture des Ve, IXe et XIXe, Assembl\u00e9es g\u00e9n\u00e9rales. Celle de 1697\u2026","rel":"","context":"Dans &quot;\u00c9ph\u00e9m\u00e9rides vincentiens&quot;","block_context":{"text":"\u00c9ph\u00e9m\u00e9rides vincentiens","link":"http:\/\/vincentians.com\/fr\/category\/ephemerides-vincentiens\/"},"img":{"alt_text":"","src":"https:\/\/i0.wp.com\/vincentians.com\/fr\/wp-content\/uploads\/sites\/10\/2016\/07\/ephemerides-fb.jpg?fit=1200%2C630&resize=350%2C200","width":350,"height":200,"srcset":"https:\/\/i0.wp.com\/vincentians.com\/fr\/wp-content\/uploads\/sites\/10\/2016\/07\/ephemerides-fb.jpg?fit=1200%2C630&resize=350%2C200 1x, https:\/\/i0.wp.com\/vincentians.com\/fr\/wp-content\/uploads\/sites\/10\/2016\/07\/ephemerides-fb.jpg?fit=1200%2C630&resize=525%2C300 1.5x, https:\/\/i0.wp.com\/vincentians.com\/fr\/wp-content\/uploads\/sites\/10\/2016\/07\/ephemerides-fb.jpg?fit=1200%2C630&resize=700%2C400 2x, https:\/\/i0.wp.com\/vincentians.com\/fr\/wp-content\/uploads\/sites\/10\/2016\/07\/ephemerides-fb.jpg?fit=1200%2C630&resize=1050%2C600 3x"},"classes":[]},{"id":190170,"url":"http:\/\/vincentians.com\/fr\/ephemerides-09-septembre\/","url_meta":{"origin":189330,"position":5},"title":"Eph\u00e9m\u00e9rides : 09 septembre","author":"Francisco Javier Fern\u00e1ndez Chento","date":"09\/09\/2016","format":false,"excerpt":"1673. Madeleine de Lamoignon, au nom des Dames de la Charit\u00e9 de Rennes signe avec M\u00e8re Nicole Haran, S\u0153ur Fran\u00e7oise Carcireux, assistante et S\u0153ur Barbe Bailly, \u00e9conome (la d\u00e9pensi\u00e8re vient de mourir) le contrat d\u2019\u00e9tablissement de trois S\u0153urs pour servir les pauvres malades et non les personnes riches de la\u2026","rel":"","context":"Dans &quot;\u00c9ph\u00e9m\u00e9rides vincentiens&quot;","block_context":{"text":"\u00c9ph\u00e9m\u00e9rides vincentiens","link":"http:\/\/vincentians.com\/fr\/category\/ephemerides-vincentiens\/"},"img":{"alt_text":"","src":"https:\/\/i0.wp.com\/vincentians.com\/fr\/wp-content\/uploads\/sites\/10\/2016\/07\/ephemerides-fb.jpg?fit=1200%2C630&resize=350%2C200","width":350,"height":200,"srcset":"https:\/\/i0.wp.com\/vincentians.com\/fr\/wp-content\/uploads\/sites\/10\/2016\/07\/ephemerides-fb.jpg?fit=1200%2C630&resize=350%2C200 1x, https:\/\/i0.wp.com\/vincentians.com\/fr\/wp-content\/uploads\/sites\/10\/2016\/07\/ephemerides-fb.jpg?fit=1200%2C630&resize=525%2C300 1.5x, https:\/\/i0.wp.com\/vincentians.com\/fr\/wp-content\/uploads\/sites\/10\/2016\/07\/ephemerides-fb.jpg?fit=1200%2C630&resize=700%2C400 2x, https:\/\/i0.wp.com\/vincentians.com\/fr\/wp-content\/uploads\/sites\/10\/2016\/07\/ephemerides-fb.jpg?fit=1200%2C630&resize=1050%2C600 3x"},"classes":[]}],"_links":{"self":[{"href":"http:\/\/vincentians.com\/fr\/wp-json\/wp\/v2\/posts\/189330","targetHints":{"allow":["GET"]}}],"collection":[{"href":"http:\/\/vincentians.com\/fr\/wp-json\/wp\/v2\/posts"}],"about":[{"href":"http:\/\/vincentians.com\/fr\/wp-json\/wp\/v2\/types\/post"}],"author":[{"embeddable":true,"href":"http:\/\/vincentians.com\/fr\/wp-json\/wp\/v2\/users\/4"}],"replies":[{"embeddable":true,"href":"http:\/\/vincentians.com\/fr\/wp-json\/wp\/v2\/comments?post=189330"}],"version-history":[{"count":0,"href":"http:\/\/vincentians.com\/fr\/wp-json\/wp\/v2\/posts\/189330\/revisions"}],"wp:featuredmedia":[{"embeddable":true,"href":"http:\/\/vincentians.com\/fr\/wp-json\/wp\/v2\/media\/149897"}],"wp:attachment":[{"href":"http:\/\/vincentians.com\/fr\/wp-json\/wp\/v2\/media?parent=189330"}],"wp:term":[{"taxonomy":"category","embeddable":true,"href":"http:\/\/vincentians.com\/fr\/wp-json\/wp\/v2\/categories?post=189330"},{"taxonomy":"post_tag","embeddable":true,"href":"http:\/\/vincentians.com\/fr\/wp-json\/wp\/v2\/tags?post=189330"}],"curies":[{"name":"wp","href":"https:\/\/api.w.org\/{rel}","templated":true}]}}