{"id":189327,"date":"2017-07-15T00:01:46","date_gmt":"2017-07-14T22:01:46","guid":{"rendered":"http:\/\/vincentians.com\/fr\/?p=189327"},"modified":"2016-08-11T21:55:59","modified_gmt":"2016-08-11T19:55:59","slug":"ephemerides-15-juilliet","status":"publish","type":"post","link":"http:\/\/vincentians.com\/fr\/ephemerides-15-juilliet\/","title":{"rendered":"Eph\u00e9m\u00e9rides: 15 juilliet"},"content":{"rendered":"<p><b>1627<\/b>. \u00c0 Paris, Monsieur Vincent, assist\u00e9 de Fran\u00e7ois du Coudray, Jean de la Salle, Jean B\u00e9cu et Antoine Lucas, prend possession du Coll\u00e8ge des Bons-Enfants. Le proc\u00e8s-verbal, r\u00e9dig\u00e9 en latin par Pierre Legay, notaire de l\u2019archev\u00each\u00e9 de Paris, fait constater que cette prise de possession s\u2019est pass\u00e9e selon les formes requises. Vers 8 heures du matin, le notaire a introduit Monsieur Vincent dans la chapelle et lui a offert l\u2019eau b\u00e9nite. Apr\u00e8s une pri\u00e8re devant l\u2019autel qu\u2019il a ensuite bais\u00e9, notre bienheureux P\u00e8re a d\u00fb exhiber au notaire les lettres affirmant la collation et l\u2019union du Coll\u00e8ge des Bons-Enfants \u00e0 la Congr\u00e9gation de la Mission. Lors de cette c\u00e9r\u00e9monie qui se d\u00e9roula vers les huit heures du matin, Monsieur Vincent logeait d\u00e9j\u00e0 au Coll\u00e8ge des Bons-Enfants depuis les derniers mois de 1625. Il y \u00e9tait entr\u00e9 avec le titre de principal. C\u2019\u00e9tait un titre personnel. D\u00e8s que la petite Compagnie fut l\u00e9galement autoris\u00e9e \u00e0 poss\u00e9der, Monsieur Vincent d\u00e9cida de r\u00e9signer en sa faveur le Coll\u00e8ge des Bons-Enfants, et, sur sa demande, l\u2019archev\u00eaque de Paris a, le 8 juin de cette m\u00eame ann\u00e9e 1627, uni l\u2019\u00e9tablissement \u00e0 la Congr\u00e9gation de la Mission. La prise de possession d\u2019aujourd\u2019hui est donc faite, non pas \u00e0 titre individuel, mais au nom de la petite Compagnie. Dans cet antique h\u00f4tel pour \u00e9coliers, pr\u00e8s la porte Saint-Victor, Monsieur Vincent et ses premiers compagnons r\u00e9sideront jusqu\u2019en 1632, jusqu\u2019\u00e0 leur installation au prieur\u00e9 de Saint-Lazare (1).<\/p>\n<p><b>1668<\/b>. \u00c0 Paris, ouverture de la deuxi\u00e8me Assembl\u00e9e g\u00e9n\u00e9rale. Ses vingt-deux membres repr\u00e9sentant les provinces de France et d\u2019Italie, vont, sous la pr\u00e9sidence de M. Alm\u00e9ras, faire une solide besogne. En trente sessions qui les conduiront jusqu\u2019au 11 septembre, ils feront d\u2019utiles r\u00e8glements pour la direction des missions et des s\u00e9minaires (2).<\/p>\n<p><b>1677<\/b>. Le Ma\u00eetre des Requ\u00eates ordinaires de l\u2019H\u00f4tel du Roi attaque la Compagnie des Filles de la Charit\u00e9, en la personne de S\u0153ur Marguerite Ch\u00e9tif, \u00e9conome, pour le non paiement des taxes dues lors de l\u2019achat des deux maisons dites de la M\u00e9nagerie et de Notre Dame de Lorette. (C)<\/p>\n<p><b>1717<\/b>. Au cours du Conseil de ce jour, pr\u00e9sid\u00e9e par Monsieur Bonnet, S\u0153ur Catherine Naudin (53 ans et 23 de vocation) est choisie pour remplacer comme d\u00e9pensi\u00e8re S\u0153ur Anne Godefroy qui, peu apr\u00e8s son arriv\u00e9e \u00e0 la maison M\u00e8re, a \u00e9t\u00e9 atteinte d\u2019une attaque d\u2019apoplexie. (C)<\/p>\n<p><b>1955<\/b>. \u00c0 Paris, la Maison-M\u00e8re commence \u00e0 se vider d\u00e9j\u00e0 de ses h\u00f4tes illustres, les d\u00e9put\u00e9s de la trente deuxi\u00e8me Assembl\u00e9e g\u00e9n\u00e9rale. Celle-ci, en effet, s\u2019est cl\u00f4tur\u00e9e hier \u00e0 sa dix septi\u00e8me session. Sa derni\u00e8re s\u00e9ance a \u00e9t\u00e9 particuli\u00e8rement longue. Elle a comport\u00e9 d\u2019abord la lecture des Actes de l\u2019Assembl\u00e9e qui, discut\u00e9s, retouch\u00e9s et approuv\u00e9s apr\u00e8s chaque session, couvrent trente-sept pages in-folio. Le secr\u00e9taire de l\u2019Assembl\u00e9e, M. Cocchi, les a lues sans fatigue apparente. Puis le T.H. P\u00e8re a prononc\u00e9 une allocution et donn\u00e9 la b\u00e9n\u00e9diction papale. Apr\u00e8s la r\u00e9citation du Te Deum, les cent onze membres de l\u2019Assembl\u00e9e ont appos\u00e9 leur signature \u00e0 la suite du proc\u00e8s-verbal de leurs travaux, sur le v\u00e9n\u00e9rable registre qui a \u00e9chapp\u00e9 au pillage de Saint-Lazare en 1789 et qui contient le compte rendu de toutes les Assembl\u00e9es g\u00e9n\u00e9rales. Les quarante-neuf d\u00e9crets que l\u2019Assembl\u00e9e a \u00e9labor\u00e9s et dont la promulgation est laiss\u00e9e au soin du sup\u00e9rieur g\u00e9n\u00e9ral, attesteront devant l\u2019histoire de la petite Compagnie le labeur bienfaisant de cette Assembl\u00e9e (3).<\/p>\n<dl>\n<dd>1) Actes du Gouvernement, pp. 8-9. \u2014 Coste I, pp. 172-187.<\/dd>\n<dd>2) Circulaires, t. I, p. 29.<\/dd>\n<dd>3) Annales, t. 119-120. pp. 420-421 et 481- 481-482.<\/dd>\n<\/dl>\n","protected":false},"excerpt":{"rendered":"<p>1627. \u00c0 Paris, Monsieur Vincent, assist\u00e9 de Fran\u00e7ois du Coudray, Jean de la Salle, Jean B\u00e9cu et Antoine Lucas, prend possession du Coll\u00e8ge des Bons-Enfants. Le proc\u00e8s-verbal, r\u00e9dig\u00e9 en latin par Pierre Legay, notaire de &#8230; <a href=\"http:\/\/vincentians.com\/fr\/ephemerides-15-juilliet\/\" class=\"more-link\">Read More<\/a><\/p>\n","protected":false},"author":4,"featured_media":149897,"comment_status":"open","ping_status":"open","sticky":false,"template":"","format":"standard","meta":{"jetpack_post_was_ever_published":false,"_jetpack_newsletter_access":"","_jetpack_dont_email_post_to_subs":false,"_jetpack_newsletter_tier_id":0,"_jetpack_memberships_contains_paywalled_content":false,"_jetpack_memberships_contains_paid_content":false,"footnotes":"","jetpack_publicize_message":"","jetpack_publicize_feature_enabled":true,"jetpack_social_post_already_shared":true,"jetpack_social_options":{"image_generator_settings":{"template":"highway","default_image_id":0,"font":"","enabled":false},"version":2}},"categories":[119],"tags":[],"class_list":["post-189327","post","type-post","status-publish","format-standard","has-post-thumbnail","hentry","category-ephemerides-vincentiens"],"yoast_head":"<!-- This site is optimized with the Yoast SEO plugin v26.3 - https:\/\/yoast.com\/wordpress\/plugins\/seo\/ -->\n<title>Eph\u00e9m\u00e9rides: 15 juilliet - Nous Sommes Vincentiens<\/title>\n<meta name=\"robots\" content=\"index, follow, max-snippet:-1, max-image-preview:large, max-video-preview:-1\" \/>\n<link rel=\"canonical\" href=\"http:\/\/vincentians.com\/fr\/ephemerides-15-juilliet\/\" \/>\n<meta property=\"og:locale\" content=\"fr_FR\" \/>\n<meta property=\"og:type\" content=\"article\" \/>\n<meta property=\"og:title\" content=\"Eph\u00e9m\u00e9rides: 15 juilliet - Nous Sommes Vincentiens\" \/>\n<meta property=\"og:description\" content=\"1627. \u00c0 Paris, Monsieur Vincent, assist\u00e9 de Fran\u00e7ois du Coudray, Jean de la Salle, Jean B\u00e9cu et Antoine Lucas, prend possession du Coll\u00e8ge des Bons-Enfants. Le proc\u00e8s-verbal, r\u00e9dig\u00e9 en latin par Pierre Legay, notaire de ... Read More\" \/>\n<meta property=\"og:url\" content=\"http:\/\/vincentians.com\/fr\/ephemerides-15-juilliet\/\" \/>\n<meta property=\"og:site_name\" content=\"Nous Sommes Vincentiens\" \/>\n<meta property=\"article:publisher\" content=\"https:\/\/www.facebook.com\/WeAreVincentians\/\" \/>\n<meta property=\"article:author\" content=\"https:\/\/www.facebook.com\/JavierChento\" \/>\n<meta property=\"article:published_time\" content=\"2017-07-14T22:01:46+00:00\" \/>\n<meta property=\"og:image\" content=\"https:\/\/i0.wp.com\/vincentians.com\/fr\/wp-content\/uploads\/sites\/10\/2016\/07\/ephemerides-fb.jpg?fit=1200%2C630\" \/>\n\t<meta property=\"og:image:width\" content=\"1200\" \/>\n\t<meta property=\"og:image:height\" content=\"630\" \/>\n\t<meta property=\"og:image:type\" content=\"image\/jpeg\" \/>\n<meta name=\"author\" content=\"Francisco Javier Fern\u00e1ndez Chento\" \/>\n<meta name=\"twitter:card\" content=\"summary_large_image\" \/>\n<meta name=\"twitter:creator\" content=\"@https:\/\/twitter.com\/javierchento\" \/>\n<meta name=\"twitter:site\" content=\"@WeVincentians\" \/>\n<meta name=\"twitter:label1\" content=\"\u00c9crit par\" \/>\n\t<meta name=\"twitter:data1\" content=\"Francisco Javier Fern\u00e1ndez Chento\" \/>\n\t<meta name=\"twitter:label2\" content=\"Dur\u00e9e de lecture estim\u00e9e\" \/>\n\t<meta name=\"twitter:data2\" content=\"3 minutes\" \/>\n<script type=\"application\/ld+json\" class=\"yoast-schema-graph\">{\"@context\":\"https:\/\/schema.org\",\"@graph\":[{\"@type\":\"WebPage\",\"@id\":\"http:\/\/vincentians.com\/fr\/ephemerides-15-juilliet\/\",\"url\":\"http:\/\/vincentians.com\/fr\/ephemerides-15-juilliet\/\",\"name\":\"Eph\u00e9m\u00e9rides: 15 juilliet - Nous Sommes Vincentiens\",\"isPartOf\":{\"@id\":\"http:\/\/vincentians.com\/fr\/#website\"},\"primaryImageOfPage\":{\"@id\":\"http:\/\/vincentians.com\/fr\/ephemerides-15-juilliet\/#primaryimage\"},\"image\":{\"@id\":\"http:\/\/vincentians.com\/fr\/ephemerides-15-juilliet\/#primaryimage\"},\"thumbnailUrl\":\"https:\/\/i0.wp.com\/vincentians.com\/fr\/wp-content\/uploads\/sites\/10\/2016\/07\/ephemerides-fb.jpg?fit=1200%2C630\",\"datePublished\":\"2017-07-14T22:01:46+00:00\",\"author\":{\"@id\":\"http:\/\/vincentians.com\/fr\/#\/schema\/person\/9623ef4d9aa3b2dfb8c061f1499288f2\"},\"breadcrumb\":{\"@id\":\"http:\/\/vincentians.com\/fr\/ephemerides-15-juilliet\/#breadcrumb\"},\"inLanguage\":\"fr-FR\",\"potentialAction\":[{\"@type\":\"ReadAction\",\"target\":[\"http:\/\/vincentians.com\/fr\/ephemerides-15-juilliet\/\"]}]},{\"@type\":\"ImageObject\",\"inLanguage\":\"fr-FR\",\"@id\":\"http:\/\/vincentians.com\/fr\/ephemerides-15-juilliet\/#primaryimage\",\"url\":\"https:\/\/i0.wp.com\/vincentians.com\/fr\/wp-content\/uploads\/sites\/10\/2016\/07\/ephemerides-fb.jpg?fit=1200%2C630\",\"contentUrl\":\"https:\/\/i0.wp.com\/vincentians.com\/fr\/wp-content\/uploads\/sites\/10\/2016\/07\/ephemerides-fb.jpg?fit=1200%2C630\",\"width\":1200,\"height\":630},{\"@type\":\"BreadcrumbList\",\"@id\":\"http:\/\/vincentians.com\/fr\/ephemerides-15-juilliet\/#breadcrumb\",\"itemListElement\":[{\"@type\":\"ListItem\",\"position\":1,\"name\":\"Portada\",\"item\":\"http:\/\/vincentians.com\/fr\/\"},{\"@type\":\"ListItem\",\"position\":2,\"name\":\"Eph\u00e9m\u00e9rides: 15 juilliet\"}]},{\"@type\":\"WebSite\",\"@id\":\"http:\/\/vincentians.com\/fr\/#website\",\"url\":\"http:\/\/vincentians.com\/fr\/\",\"name\":\"Nous Sommes Vincentiens\",\"description\":\"Know more to serve more\",\"potentialAction\":[{\"@type\":\"SearchAction\",\"target\":{\"@type\":\"EntryPoint\",\"urlTemplate\":\"http:\/\/vincentians.com\/fr\/?s={search_term_string}\"},\"query-input\":{\"@type\":\"PropertyValueSpecification\",\"valueRequired\":true,\"valueName\":\"search_term_string\"}}],\"inLanguage\":\"fr-FR\"},{\"@type\":\"Person\",\"@id\":\"http:\/\/vincentians.com\/fr\/#\/schema\/person\/9623ef4d9aa3b2dfb8c061f1499288f2\",\"name\":\"Francisco Javier Fern\u00e1ndez Chento\",\"image\":{\"@type\":\"ImageObject\",\"inLanguage\":\"fr-FR\",\"@id\":\"http:\/\/vincentians.com\/fr\/#\/schema\/person\/image\/\",\"url\":\"https:\/\/secure.gravatar.com\/avatar\/497d5cde87b4c3d097d0315953521681ba2cd523ee66e5077c3711f7021e65de?s=96&d=mm&r=g\",\"contentUrl\":\"https:\/\/secure.gravatar.com\/avatar\/497d5cde87b4c3d097d0315953521681ba2cd523ee66e5077c3711f7021e65de?s=96&d=mm&r=g\",\"caption\":\"Francisco Javier Fern\u00e1ndez Chento\"},\"description\":\"Director General y cofundador de La Red de Formaci\u00f3n Vicenciana. Javier es laico vicenciano, afiliado a la Congregaci\u00f3n de la Misi\u00f3n y miembro del Equipo de Misiones Populares de la provincia can\u00f3nica de Zaragoza (Espa\u00f1a) de la Congregaci\u00f3n de la Misi\u00f3n. Graduado en la Universidad Oberta de Catalunya con cuatro grados (Asistente de direcci\u00f3n, Gesti\u00f3n Administrativa, Recursos Humanos y Contabilidad Avanzada). Bil\u00edng\u00fce Espa\u00f1ol\/Ingl\u00e9s. gestiona y mantiene varias p\u00e1ginas web cristianas y vicencianas, incluida including La Red de Formaci\u00f3n Vicenciana, de la que es cofundador. Actualmente es responsable del \u00e1rea de Espa\u00f1ol de .famvin, la Red de Noticias de la Familia Vicenciana. Tambi\u00e9n es m\u00fasico cat\u00f3lico y ha editado varios discos. Es Director General y cofundador de Trovador, una reconocida compa\u00f1\u00eda discogr\u00e1fica critiana de Espa\u00f1a. Trabaja en las Tecnolog\u00edas de la Informaci\u00f3n, ofreciendo servicios de alojamiento, dise\u00f1o y mantenimiento Web, as\u00ed como asesoramiento, formaci\u00f3n y soluciones inform\u00e1ticas, gesti\u00f3n documental y digitalizaci\u00f3n de textos, edici\u00f3n y maquetaci\u00f3n de libros, revistas, flyers, etc.\",\"sameAs\":[\"http:\/\/chento.org\",\"https:\/\/www.facebook.com\/JavierChento\",\"https:\/\/x.com\/https:\/\/twitter.com\/javierchento\"],\"url\":\"http:\/\/vincentians.com\/fr\/author\/chento\/\"}]}<\/script>\n<!-- \/ Yoast SEO plugin. -->","yoast_head_json":{"title":"Eph\u00e9m\u00e9rides: 15 juilliet - Nous Sommes Vincentiens","robots":{"index":"index","follow":"follow","max-snippet":"max-snippet:-1","max-image-preview":"max-image-preview:large","max-video-preview":"max-video-preview:-1"},"canonical":"http:\/\/vincentians.com\/fr\/ephemerides-15-juilliet\/","og_locale":"fr_FR","og_type":"article","og_title":"Eph\u00e9m\u00e9rides: 15 juilliet - Nous Sommes Vincentiens","og_description":"1627. \u00c0 Paris, Monsieur Vincent, assist\u00e9 de Fran\u00e7ois du Coudray, Jean de la Salle, Jean B\u00e9cu et Antoine Lucas, prend possession du Coll\u00e8ge des Bons-Enfants. Le proc\u00e8s-verbal, r\u00e9dig\u00e9 en latin par Pierre Legay, notaire de ... Read More","og_url":"http:\/\/vincentians.com\/fr\/ephemerides-15-juilliet\/","og_site_name":"Nous Sommes Vincentiens","article_publisher":"https:\/\/www.facebook.com\/WeAreVincentians\/","article_author":"https:\/\/www.facebook.com\/JavierChento","article_published_time":"2017-07-14T22:01:46+00:00","og_image":[{"width":1200,"height":630,"url":"https:\/\/i0.wp.com\/vincentians.com\/fr\/wp-content\/uploads\/sites\/10\/2016\/07\/ephemerides-fb.jpg?fit=1200%2C630","type":"image\/jpeg"}],"author":"Francisco Javier Fern\u00e1ndez Chento","twitter_card":"summary_large_image","twitter_creator":"@https:\/\/twitter.com\/javierchento","twitter_site":"@WeVincentians","twitter_misc":{"\u00c9crit par":"Francisco Javier Fern\u00e1ndez Chento","Dur\u00e9e de lecture estim\u00e9e":"3 minutes"},"schema":{"@context":"https:\/\/schema.org","@graph":[{"@type":"WebPage","@id":"http:\/\/vincentians.com\/fr\/ephemerides-15-juilliet\/","url":"http:\/\/vincentians.com\/fr\/ephemerides-15-juilliet\/","name":"Eph\u00e9m\u00e9rides: 15 juilliet - Nous Sommes Vincentiens","isPartOf":{"@id":"http:\/\/vincentians.com\/fr\/#website"},"primaryImageOfPage":{"@id":"http:\/\/vincentians.com\/fr\/ephemerides-15-juilliet\/#primaryimage"},"image":{"@id":"http:\/\/vincentians.com\/fr\/ephemerides-15-juilliet\/#primaryimage"},"thumbnailUrl":"https:\/\/i0.wp.com\/vincentians.com\/fr\/wp-content\/uploads\/sites\/10\/2016\/07\/ephemerides-fb.jpg?fit=1200%2C630","datePublished":"2017-07-14T22:01:46+00:00","author":{"@id":"http:\/\/vincentians.com\/fr\/#\/schema\/person\/9623ef4d9aa3b2dfb8c061f1499288f2"},"breadcrumb":{"@id":"http:\/\/vincentians.com\/fr\/ephemerides-15-juilliet\/#breadcrumb"},"inLanguage":"fr-FR","potentialAction":[{"@type":"ReadAction","target":["http:\/\/vincentians.com\/fr\/ephemerides-15-juilliet\/"]}]},{"@type":"ImageObject","inLanguage":"fr-FR","@id":"http:\/\/vincentians.com\/fr\/ephemerides-15-juilliet\/#primaryimage","url":"https:\/\/i0.wp.com\/vincentians.com\/fr\/wp-content\/uploads\/sites\/10\/2016\/07\/ephemerides-fb.jpg?fit=1200%2C630","contentUrl":"https:\/\/i0.wp.com\/vincentians.com\/fr\/wp-content\/uploads\/sites\/10\/2016\/07\/ephemerides-fb.jpg?fit=1200%2C630","width":1200,"height":630},{"@type":"BreadcrumbList","@id":"http:\/\/vincentians.com\/fr\/ephemerides-15-juilliet\/#breadcrumb","itemListElement":[{"@type":"ListItem","position":1,"name":"Portada","item":"http:\/\/vincentians.com\/fr\/"},{"@type":"ListItem","position":2,"name":"Eph\u00e9m\u00e9rides: 15 juilliet"}]},{"@type":"WebSite","@id":"http:\/\/vincentians.com\/fr\/#website","url":"http:\/\/vincentians.com\/fr\/","name":"Nous Sommes Vincentiens","description":"Know more to serve more","potentialAction":[{"@type":"SearchAction","target":{"@type":"EntryPoint","urlTemplate":"http:\/\/vincentians.com\/fr\/?s={search_term_string}"},"query-input":{"@type":"PropertyValueSpecification","valueRequired":true,"valueName":"search_term_string"}}],"inLanguage":"fr-FR"},{"@type":"Person","@id":"http:\/\/vincentians.com\/fr\/#\/schema\/person\/9623ef4d9aa3b2dfb8c061f1499288f2","name":"Francisco Javier Fern\u00e1ndez Chento","image":{"@type":"ImageObject","inLanguage":"fr-FR","@id":"http:\/\/vincentians.com\/fr\/#\/schema\/person\/image\/","url":"https:\/\/secure.gravatar.com\/avatar\/497d5cde87b4c3d097d0315953521681ba2cd523ee66e5077c3711f7021e65de?s=96&d=mm&r=g","contentUrl":"https:\/\/secure.gravatar.com\/avatar\/497d5cde87b4c3d097d0315953521681ba2cd523ee66e5077c3711f7021e65de?s=96&d=mm&r=g","caption":"Francisco Javier Fern\u00e1ndez Chento"},"description":"Director General y cofundador de La Red de Formaci\u00f3n Vicenciana. Javier es laico vicenciano, afiliado a la Congregaci\u00f3n de la Misi\u00f3n y miembro del Equipo de Misiones Populares de la provincia can\u00f3nica de Zaragoza (Espa\u00f1a) de la Congregaci\u00f3n de la Misi\u00f3n. Graduado en la Universidad Oberta de Catalunya con cuatro grados (Asistente de direcci\u00f3n, Gesti\u00f3n Administrativa, Recursos Humanos y Contabilidad Avanzada). Bil\u00edng\u00fce Espa\u00f1ol\/Ingl\u00e9s. gestiona y mantiene varias p\u00e1ginas web cristianas y vicencianas, incluida including La Red de Formaci\u00f3n Vicenciana, de la que es cofundador. Actualmente es responsable del \u00e1rea de Espa\u00f1ol de .famvin, la Red de Noticias de la Familia Vicenciana. Tambi\u00e9n es m\u00fasico cat\u00f3lico y ha editado varios discos. Es Director General y cofundador de Trovador, una reconocida compa\u00f1\u00eda discogr\u00e1fica critiana de Espa\u00f1a. Trabaja en las Tecnolog\u00edas de la Informaci\u00f3n, ofreciendo servicios de alojamiento, dise\u00f1o y mantenimiento Web, as\u00ed como asesoramiento, formaci\u00f3n y soluciones inform\u00e1ticas, gesti\u00f3n documental y digitalizaci\u00f3n de textos, edici\u00f3n y maquetaci\u00f3n de libros, revistas, flyers, etc.","sameAs":["http:\/\/chento.org","https:\/\/www.facebook.com\/JavierChento","https:\/\/x.com\/https:\/\/twitter.com\/javierchento"],"url":"http:\/\/vincentians.com\/fr\/author\/chento\/"}]}},"jetpack_publicize_connections":[],"jetpack_featured_media_url":"https:\/\/i0.wp.com\/vincentians.com\/fr\/wp-content\/uploads\/sites\/10\/2016\/07\/ephemerides-fb.jpg?fit=1200%2C630","jetpack_sharing_enabled":true,"jetpack_shortlink":"https:\/\/wp.me\/p7ETMP-NfF","jetpack-related-posts":[{"id":105535,"url":"http:\/\/vincentians.com\/fr\/ephemerides-9-janvier\/","url_meta":{"origin":189327,"position":0},"title":"Eph\u00e9m\u00e9rides: 9 janvier","author":"Francisco Javier Fern\u00e1ndez Chento","date":"09\/01\/2017","format":false,"excerpt":"1632. Pr\u00e8s de Paris, le prieur\u00e9 de Saint-Lazare conna\u00eet une certaine animation\u00a0: Monsieur Vincent et une vingtaine de ses fils, \u2014 pr\u00eatres, clercs et fr\u00e8res, \u2014 s'installent dans les appartements qui bordent la route de Saint-Denis. Avant-hier, en effet, en pr\u00e9sence de neuf chanoines de Saint-Victor, - les actuels habitants\u2026","rel":"","context":"Dans &quot;\u00c9ph\u00e9m\u00e9rides vincentiens&quot;","block_context":{"text":"\u00c9ph\u00e9m\u00e9rides vincentiens","link":"http:\/\/vincentians.com\/fr\/category\/ephemerides-vincentiens\/"},"img":{"alt_text":"","src":"https:\/\/i0.wp.com\/vincentians.com\/fr\/wp-content\/uploads\/sites\/10\/2016\/07\/ephemerides-fb.jpg?fit=1200%2C630&resize=350%2C200","width":350,"height":200,"srcset":"https:\/\/i0.wp.com\/vincentians.com\/fr\/wp-content\/uploads\/sites\/10\/2016\/07\/ephemerides-fb.jpg?fit=1200%2C630&resize=350%2C200 1x, https:\/\/i0.wp.com\/vincentians.com\/fr\/wp-content\/uploads\/sites\/10\/2016\/07\/ephemerides-fb.jpg?fit=1200%2C630&resize=525%2C300 1.5x, https:\/\/i0.wp.com\/vincentians.com\/fr\/wp-content\/uploads\/sites\/10\/2016\/07\/ephemerides-fb.jpg?fit=1200%2C630&resize=700%2C400 2x, https:\/\/i0.wp.com\/vincentians.com\/fr\/wp-content\/uploads\/sites\/10\/2016\/07\/ephemerides-fb.jpg?fit=1200%2C630&resize=1050%2C600 3x"},"classes":[]},{"id":103883,"url":"http:\/\/vincentians.com\/fr\/ephemerides-20-octobre\/","url_meta":{"origin":189327,"position":1},"title":"Eph\u00e9m\u00e9rides: 20 octobre","author":"Francisco Javier Fern\u00e1ndez Chento","date":"20\/10\/2016","format":false,"excerpt":"1622. \u00c0 Rome, le pape Gr\u00e9goire XV, signe la bulle \u00abUniversi orbis\u00bb qui \u00e9l\u00e8ve l\u2019\u00e9v\u00each\u00e9 de Paris au rang d\u2019archev\u00each\u00e9 et lui donne pour suffragants les dioc\u00e8ses de Chartres, Meaux et Orl\u00e9ans. Le premier titulaire du nouvel archev\u00each\u00e9 est Jean-Fran\u00e7ois de Gondi qui sera sacr\u00e9 le 19 f\u00e9vrier de l\u2019ann\u00e9e\u2026","rel":"","context":"Dans &quot;\u00c9ph\u00e9m\u00e9rides vincentiens&quot;","block_context":{"text":"\u00c9ph\u00e9m\u00e9rides vincentiens","link":"http:\/\/vincentians.com\/fr\/category\/ephemerides-vincentiens\/"},"img":{"alt_text":"","src":"https:\/\/i0.wp.com\/vincentians.com\/fr\/wp-content\/uploads\/sites\/10\/2016\/07\/ephemerides-fb.jpg?fit=1200%2C630&resize=350%2C200","width":350,"height":200,"srcset":"https:\/\/i0.wp.com\/vincentians.com\/fr\/wp-content\/uploads\/sites\/10\/2016\/07\/ephemerides-fb.jpg?fit=1200%2C630&resize=350%2C200 1x, https:\/\/i0.wp.com\/vincentians.com\/fr\/wp-content\/uploads\/sites\/10\/2016\/07\/ephemerides-fb.jpg?fit=1200%2C630&resize=525%2C300 1.5x, https:\/\/i0.wp.com\/vincentians.com\/fr\/wp-content\/uploads\/sites\/10\/2016\/07\/ephemerides-fb.jpg?fit=1200%2C630&resize=700%2C400 2x, https:\/\/i0.wp.com\/vincentians.com\/fr\/wp-content\/uploads\/sites\/10\/2016\/07\/ephemerides-fb.jpg?fit=1200%2C630&resize=1050%2C600 3x"},"classes":[]},{"id":190138,"url":"http:\/\/vincentians.com\/fr\/ephemerides-26-aout\/","url_meta":{"origin":189327,"position":2},"title":"Eph\u00e9m\u00e9rides : 26 ao\u00fbt","author":"Francisco Javier Fern\u00e1ndez Chento","date":"26\/08\/2016","format":false,"excerpt":"1658. Monsieur Vincent donne ses instructions \u00e0 Madeleine Raportebled, Barbe..., Marie Papillon et Marguerite Ruhaut qui partent le lendemain pour l\u2019\u00e9tablissement de Metz. \u201cLa Providence de Dieu vous a choisies entre toutes vos s\u0153urs pour aller \u00e0 Metz pour faire conna\u00eetre sa bont\u00e9 pour ses cr\u00e9atures. Voil\u00e0 pourquoi vous devez\u2026","rel":"","context":"Dans &quot;\u00c9ph\u00e9m\u00e9rides vincentiens&quot;","block_context":{"text":"\u00c9ph\u00e9m\u00e9rides vincentiens","link":"http:\/\/vincentians.com\/fr\/category\/ephemerides-vincentiens\/"},"img":{"alt_text":"","src":"https:\/\/i0.wp.com\/vincentians.com\/fr\/wp-content\/uploads\/sites\/10\/2016\/07\/ephemerides-fb.jpg?fit=1200%2C630&resize=350%2C200","width":350,"height":200,"srcset":"https:\/\/i0.wp.com\/vincentians.com\/fr\/wp-content\/uploads\/sites\/10\/2016\/07\/ephemerides-fb.jpg?fit=1200%2C630&resize=350%2C200 1x, https:\/\/i0.wp.com\/vincentians.com\/fr\/wp-content\/uploads\/sites\/10\/2016\/07\/ephemerides-fb.jpg?fit=1200%2C630&resize=525%2C300 1.5x, https:\/\/i0.wp.com\/vincentians.com\/fr\/wp-content\/uploads\/sites\/10\/2016\/07\/ephemerides-fb.jpg?fit=1200%2C630&resize=700%2C400 2x, https:\/\/i0.wp.com\/vincentians.com\/fr\/wp-content\/uploads\/sites\/10\/2016\/07\/ephemerides-fb.jpg?fit=1200%2C630&resize=1050%2C600 3x"},"classes":[]},{"id":180855,"url":"http:\/\/vincentians.com\/fr\/ephemerides-8-fevrier\/","url_meta":{"origin":189327,"position":3},"title":"Eph\u00e9m\u00e9rides: 8 f\u00e9vrier","author":"Francisco Javier Fern\u00e1ndez Chento","date":"08\/02\/2017","format":false,"excerpt":"En 1619 , \u00e0 Paris , Louis XIII, ayant appris les services corporels et spirituels rendus dans la capitale, aux gal\u00e9riens par l'aum\u00f4nier des Gondi, cr\u00e9e, pour Monsieur Vincent, \u00e0 la demande du comte de Joigny la charge d'aum\u00f4nier r\u00e9al des gal\u00e8res (1). En 1652, Sainte Louise \u00e9crit \u00e0 une\u2026","rel":"","context":"Dans &quot;\u00c9ph\u00e9m\u00e9rides vincentiens&quot;","block_context":{"text":"\u00c9ph\u00e9m\u00e9rides vincentiens","link":"http:\/\/vincentians.com\/fr\/category\/ephemerides-vincentiens\/"},"img":{"alt_text":"","src":"https:\/\/i0.wp.com\/vincentians.com\/fr\/wp-content\/uploads\/sites\/10\/2016\/07\/ephemerides-fb.jpg?fit=1200%2C630&resize=350%2C200","width":350,"height":200,"srcset":"https:\/\/i0.wp.com\/vincentians.com\/fr\/wp-content\/uploads\/sites\/10\/2016\/07\/ephemerides-fb.jpg?fit=1200%2C630&resize=350%2C200 1x, https:\/\/i0.wp.com\/vincentians.com\/fr\/wp-content\/uploads\/sites\/10\/2016\/07\/ephemerides-fb.jpg?fit=1200%2C630&resize=525%2C300 1.5x, https:\/\/i0.wp.com\/vincentians.com\/fr\/wp-content\/uploads\/sites\/10\/2016\/07\/ephemerides-fb.jpg?fit=1200%2C630&resize=700%2C400 2x, https:\/\/i0.wp.com\/vincentians.com\/fr\/wp-content\/uploads\/sites\/10\/2016\/07\/ephemerides-fb.jpg?fit=1200%2C630&resize=1050%2C600 3x"},"classes":[]},{"id":107849,"url":"http:\/\/vincentians.com\/fr\/vincent-de-paul-lettre-0018-a-louise-de-marillac\/","url_meta":{"origin":189327,"position":4},"title":"Vincent de Paul, Lettre 0018. A Louise De Marillac","author":"Francisco Javier Fern\u00e1ndez Chento","date":"31\/10\/2016","format":false,"excerpt":"B\u00e9ni soit Dieu, Mademoiselle, de ce que vous vous portez mieux ! Vous serez la bien venue demain pour communier \u00e0 la messe de Monsieur de la Salle, car pour moi, je suis oblig\u00e9 de la dire de matin, ce \u00e0 cause d'une assembl\u00e9e d'eccl\u00e9siastiques qui se doit faire demain\u2026","rel":"","context":"Dans &quot;\u00c9crits de Vincent de Paul&quot;","block_context":{"text":"\u00c9crits de Vincent de Paul","link":"http:\/\/vincentians.com\/fr\/category\/ecrits-de-vincent-de-paul\/"},"img":{"alt_text":"","src":"https:\/\/i0.wp.com\/vincentians.com\/fr\/wp-content\/uploads\/sites\/10\/2016\/07\/cartas-vicente-de-paul.jpg?fit=1200%2C630&resize=350%2C200","width":350,"height":200,"srcset":"https:\/\/i0.wp.com\/vincentians.com\/fr\/wp-content\/uploads\/sites\/10\/2016\/07\/cartas-vicente-de-paul.jpg?fit=1200%2C630&resize=350%2C200 1x, https:\/\/i0.wp.com\/vincentians.com\/fr\/wp-content\/uploads\/sites\/10\/2016\/07\/cartas-vicente-de-paul.jpg?fit=1200%2C630&resize=525%2C300 1.5x, https:\/\/i0.wp.com\/vincentians.com\/fr\/wp-content\/uploads\/sites\/10\/2016\/07\/cartas-vicente-de-paul.jpg?fit=1200%2C630&resize=700%2C400 2x, https:\/\/i0.wp.com\/vincentians.com\/fr\/wp-content\/uploads\/sites\/10\/2016\/07\/cartas-vicente-de-paul.jpg?fit=1200%2C630&resize=1050%2C600 3x"},"classes":[]},{"id":105941,"url":"http:\/\/vincentians.com\/fr\/ephemerides-1-mars\/","url_meta":{"origin":189327,"position":5},"title":"Eph\u00e9m\u00e9rides: 1 mars","author":"Francisco Javier Fern\u00e1ndez Chento","date":"01\/03\/2017","format":false,"excerpt":"1624. \u00c0 Paris , sont sign\u00e9es les lettres qui nomment saint Vincent Principal du Coll\u00e8ge des Bons-Enfants. Tout proche de l'\u00e9glise Saint-Nicolas du Chardonnet, cette maison quasi-inhabit\u00e9e, \u00e9tait \u00e0 la disposition de Jean-Fran\u00e7ois de Gondi, archev\u00eaque de Paris. Il ne fit aucune difficult\u00e9 quand son fr\u00e8re, le g\u00e9n\u00e9ral des gal\u00e8res,\u2026","rel":"","context":"Dans &quot;\u00c9ph\u00e9m\u00e9rides vincentiens&quot;","block_context":{"text":"\u00c9ph\u00e9m\u00e9rides vincentiens","link":"http:\/\/vincentians.com\/fr\/category\/ephemerides-vincentiens\/"},"img":{"alt_text":"","src":"https:\/\/i0.wp.com\/vincentians.com\/fr\/wp-content\/uploads\/sites\/10\/2016\/07\/ephemerides-fb.jpg?fit=1200%2C630&resize=350%2C200","width":350,"height":200,"srcset":"https:\/\/i0.wp.com\/vincentians.com\/fr\/wp-content\/uploads\/sites\/10\/2016\/07\/ephemerides-fb.jpg?fit=1200%2C630&resize=350%2C200 1x, https:\/\/i0.wp.com\/vincentians.com\/fr\/wp-content\/uploads\/sites\/10\/2016\/07\/ephemerides-fb.jpg?fit=1200%2C630&resize=525%2C300 1.5x, https:\/\/i0.wp.com\/vincentians.com\/fr\/wp-content\/uploads\/sites\/10\/2016\/07\/ephemerides-fb.jpg?fit=1200%2C630&resize=700%2C400 2x, https:\/\/i0.wp.com\/vincentians.com\/fr\/wp-content\/uploads\/sites\/10\/2016\/07\/ephemerides-fb.jpg?fit=1200%2C630&resize=1050%2C600 3x"},"classes":[]}],"_links":{"self":[{"href":"http:\/\/vincentians.com\/fr\/wp-json\/wp\/v2\/posts\/189327","targetHints":{"allow":["GET"]}}],"collection":[{"href":"http:\/\/vincentians.com\/fr\/wp-json\/wp\/v2\/posts"}],"about":[{"href":"http:\/\/vincentians.com\/fr\/wp-json\/wp\/v2\/types\/post"}],"author":[{"embeddable":true,"href":"http:\/\/vincentians.com\/fr\/wp-json\/wp\/v2\/users\/4"}],"replies":[{"embeddable":true,"href":"http:\/\/vincentians.com\/fr\/wp-json\/wp\/v2\/comments?post=189327"}],"version-history":[{"count":0,"href":"http:\/\/vincentians.com\/fr\/wp-json\/wp\/v2\/posts\/189327\/revisions"}],"wp:featuredmedia":[{"embeddable":true,"href":"http:\/\/vincentians.com\/fr\/wp-json\/wp\/v2\/media\/149897"}],"wp:attachment":[{"href":"http:\/\/vincentians.com\/fr\/wp-json\/wp\/v2\/media?parent=189327"}],"wp:term":[{"taxonomy":"category","embeddable":true,"href":"http:\/\/vincentians.com\/fr\/wp-json\/wp\/v2\/categories?post=189327"},{"taxonomy":"post_tag","embeddable":true,"href":"http:\/\/vincentians.com\/fr\/wp-json\/wp\/v2\/tags?post=189327"}],"curies":[{"name":"wp","href":"https:\/\/api.w.org\/{rel}","templated":true}]}}