{"id":189325,"date":"2017-07-22T00:01:55","date_gmt":"2017-07-21T22:01:55","guid":{"rendered":"http:\/\/vincentians.com\/fr\/?p=189325"},"modified":"2016-08-09T18:14:57","modified_gmt":"2016-08-09T16:14:57","slug":"ephemerides-22-juilliet","status":"publish","type":"post","link":"http:\/\/vincentians.com\/fr\/ephemerides-22-juilliet\/","title":{"rendered":"Eph\u00e9m\u00e9rides: 22 juilliet"},"content":{"rendered":"<p><b>1640<\/b>. Monsieur Vincent soumet \u00e0 Monsieur Lambert une demande de Louise de Marillac. \u00ab\u00a0Mademoiselle Le Gras d\u00e9sirerait que vous allassiez faire un tour \u00e0 Angers pour visiter ses filles\u00a0\u00bb. La lettre pr\u00e9cise les diff\u00e9rents \u00e9l\u00e9ments de la visite\u00a0: \u00ab\u00a0Vous leur pourrez parler \u00e0 chacune en particulier, et puis leur faire un entretien g\u00e9n\u00e9ral\u00a0\u00bb . Une rencontre avec l&rsquo;abb\u00e9 de Vaux, vicaire g\u00e9n\u00e9ral et pr\u00eatre accompagnateur de la communaut\u00e9 est \u00e0 pr\u00e9voir. Ainsi s&rsquo;instaurent les visites par les Pr\u00eatres de la Mission des maisons des Filles de la Charit\u00e9. Elles se feront r\u00e9guli\u00e8rement, tous les deux ans. Le Visiteur r\u00e9dige des Avis qu&rsquo;il remet \u00e0 la communaut\u00e9 avant son d\u00e9part, puis il envoie un compte rendu d\u00e9taill\u00e9 \u00e0 Louise de Marillac.<\/p>\n<p><b>1686<\/b>. \u00c0 Versailles, Louis XIV d\u00e9cr\u00e8te que le sup\u00e9rieur g\u00e9n\u00e9ral de la Mission peut continuer \u00e0 pr\u00e9senter aux archev\u00eaques et \u00e9v\u00eaques des dioc\u00e8ses int\u00e9ress\u00e9s les sujets pour l\u2019administration des Cures unies \u00e0 la Congr\u00e9gation de la Mission, telles Fontainebleau et Versailles. Les Lettres royales portant cette d\u00e9cision avaient \u00e9t\u00e9 provoqu\u00e9es par une inqui\u00e9tude de M. Jolly\u00a0; elle avait \u00e9t\u00e9 \u00e9veill\u00e9e par la d\u00e9claration du 29 janvier 1686 disant que \u00ables cures unies seraient desservies par des cur\u00e9s pourvus. en titre\u00bb. Or, cette d\u00e9cision \u00e9tait contraire aux Constitutions de la petite Compagnie. Mais, en ce jour, la bienveillance royale met fin aux craintes du sup\u00e9rieur g\u00e9n\u00e9ral en d\u00e9clarant que les cures unies \u00e0 la Congr\u00e9gation de la Mission ne sont pas comprises dans l\u2019acte du 29 janvier (1).<\/p>\n<p><b>1730<\/b>. En ex\u00e9cution du testament de Monsieur de Persan, sa fille, assist\u00e9e de son mari, signe avec M\u00e8re P\u00e2que Carlier et les S\u0153urs offici\u00e8res un contrat pour l\u2019\u00e9tablissement de deux S\u0153urs \u00e0 Persan pour le soin des malades. Le d\u00e9part des S\u0153urs se fera le 19 octobre 1731.<\/p>\n<p><b>1883<\/b>. \u00c0 Paris, dans la chapelle de la Maison\u00a0! M\u00e8re, Mgr Jacques Thomas re\u00e7oit la cons\u00e9cration \u00e9piscopale. Dacquois d\u2019origine, il est entr\u00e9 dans la Compagnie le 14 ao\u00fbt 1858. Plac\u00e9 d\u2019abord \u00e0 Montpellier, puis \u00e0 Alexandrie, il est visiteur de Perse, quand le Saint-Si\u00e8ge lui confie la d\u00e9l\u00e9gation apostolique de ce pays et l\u2019administration du dioc\u00e8se d\u2019Ispahan, avec le titre d\u2019archev\u00eaque d\u2019Andrinople. C\u2019est le cardinal Guibert, archev\u00eaque de Paris, assist\u00e9 de Mgr Richard, son coadjuteur, et de Mgr Freppel, \u00e9v\u00eaque d\u2019Angers, qui lui conf\u00e8re la pl\u00e9nitude du sacerdoce. A lire les quelques lettres que les Annales nous ont conserv\u00e9es de Mgr Thomas, on voit que cet \u00e9v\u00eaque de cinquante ans est plein d\u2019ardeur et d\u00e9borde d\u2019une jovialit\u00e9 conqu\u00e9rante. H\u00e9las\u00a0! trois ans apr\u00e8s son sacre, son \u00e9tat de sant\u00e9 l\u2019obligera \u00e0 d\u00e9missionner. Il emploiera ses forces et ses talents d\u2019abord comme sup\u00e9rieur de la Maison internationale de Rome, puis, en 1901, comme visiteur de Provence\u00a0: au pays du soleil, et donc, des couleurs, un visiteur tachet\u00e9 de violet ne semble pas \u00eatre apparu comme un ph\u00e9nom\u00e8ne extraordinaire\u00a0; il est vrai que la simplicit\u00e9 et la bont\u00e9 de l\u2019archev\u00eaque-visiteur trouveront tout de suite le chemin des c\u0153urs. Mgr Jacques Thomas mourra \u00e0 Dax, le 14 d\u00e9cembre 1910 (2).<\/p>\n<p><b>1921<\/b>. \u00c0 Beyrouth, M. Louis Richin, nomm\u00e9 visiteur de Syrie quatre mois plus t\u00f4t, meurt, \u00e0 l\u2019\u00e2ge de cinquante-deux ans. \u00abJe ne veux pas \u00eatre cur\u00e9\u00bb d\u00e9clarait-il \u00e0 sa m\u00e8re. Mais le bon Dieu voulait ce jeune homme, normand d\u2019origine et bourguignon d\u2019adoption. Et Louis Richin fut un pr\u00eatre d\u2019une emprise profonde. Vicaire \u00e0 Auxerre, son maintien durant les c\u00e9r\u00e9monies lui vaut le surnom de \u00abpetit Pape\u00bb. A Carcassonne, \u00e0 Lille, \u00e0 Cambrai, puis a Alexandrie, partout, M. Richin, fils de saint Vincent, est un formateur d\u2019\u00e2mes et m\u00eame un convertisseur aux heureux coups de filet (3).<\/p>\n<dl>\n<dd>1) Actes du Gouvernement pp. 183-184.<\/dd>\n<dd>2) Annales, t. 103, p. 156.<\/dd>\n<dd>3) Annales, t. 86, pp. 689-705\u00a0; t. 100, pp. 72-77,<\/dd>\n<\/dl>\n","protected":false},"excerpt":{"rendered":"<p>1640. Monsieur Vincent soumet \u00e0 Monsieur Lambert une demande de Louise de Marillac. \u00ab\u00a0Mademoiselle Le Gras d\u00e9sirerait que vous allassiez faire un tour \u00e0 Angers pour visiter ses filles\u00a0\u00bb. La lettre pr\u00e9cise les diff\u00e9rents \u00e9l\u00e9ments &#8230; <a href=\"http:\/\/vincentians.com\/fr\/ephemerides-22-juilliet\/\" class=\"more-link\">Read More<\/a><\/p>\n","protected":false},"author":4,"featured_media":149897,"comment_status":"open","ping_status":"open","sticky":false,"template":"","format":"standard","meta":{"jetpack_post_was_ever_published":false,"_jetpack_newsletter_access":"","_jetpack_dont_email_post_to_subs":false,"_jetpack_newsletter_tier_id":0,"_jetpack_memberships_contains_paywalled_content":false,"_jetpack_memberships_contains_paid_content":false,"footnotes":"","jetpack_publicize_message":"","jetpack_publicize_feature_enabled":true,"jetpack_social_post_already_shared":true,"jetpack_social_options":{"image_generator_settings":{"template":"highway","default_image_id":0,"font":"","enabled":false},"version":2}},"categories":[119],"tags":[],"class_list":["post-189325","post","type-post","status-publish","format-standard","has-post-thumbnail","hentry","category-ephemerides-vincentiens"],"yoast_head":"<!-- This site is optimized with the Yoast SEO plugin v26.3 - https:\/\/yoast.com\/wordpress\/plugins\/seo\/ -->\n<title>Eph\u00e9m\u00e9rides: 22 juilliet - Nous Sommes Vincentiens<\/title>\n<meta name=\"robots\" content=\"index, follow, max-snippet:-1, max-image-preview:large, max-video-preview:-1\" \/>\n<link rel=\"canonical\" href=\"http:\/\/vincentians.com\/fr\/ephemerides-22-juilliet\/\" \/>\n<meta property=\"og:locale\" content=\"fr_FR\" \/>\n<meta property=\"og:type\" content=\"article\" \/>\n<meta property=\"og:title\" content=\"Eph\u00e9m\u00e9rides: 22 juilliet - Nous Sommes Vincentiens\" \/>\n<meta property=\"og:description\" content=\"1640. Monsieur Vincent soumet \u00e0 Monsieur Lambert une demande de Louise de Marillac. \u00ab\u00a0Mademoiselle Le Gras d\u00e9sirerait que vous allassiez faire un tour \u00e0 Angers pour visiter ses filles\u00a0\u00bb. La lettre pr\u00e9cise les diff\u00e9rents \u00e9l\u00e9ments ... Read More\" \/>\n<meta property=\"og:url\" content=\"http:\/\/vincentians.com\/fr\/ephemerides-22-juilliet\/\" \/>\n<meta property=\"og:site_name\" content=\"Nous Sommes Vincentiens\" \/>\n<meta property=\"article:publisher\" content=\"https:\/\/www.facebook.com\/WeAreVincentians\/\" \/>\n<meta property=\"article:author\" content=\"https:\/\/www.facebook.com\/JavierChento\" \/>\n<meta property=\"article:published_time\" content=\"2017-07-21T22:01:55+00:00\" \/>\n<meta property=\"og:image\" content=\"https:\/\/i0.wp.com\/vincentians.com\/fr\/wp-content\/uploads\/sites\/10\/2016\/07\/ephemerides-fb.jpg?fit=1200%2C630\" \/>\n\t<meta property=\"og:image:width\" content=\"1200\" \/>\n\t<meta property=\"og:image:height\" content=\"630\" \/>\n\t<meta property=\"og:image:type\" content=\"image\/jpeg\" \/>\n<meta name=\"author\" content=\"Francisco Javier Fern\u00e1ndez Chento\" \/>\n<meta name=\"twitter:card\" content=\"summary_large_image\" \/>\n<meta name=\"twitter:creator\" content=\"@https:\/\/twitter.com\/javierchento\" \/>\n<meta name=\"twitter:site\" content=\"@WeVincentians\" \/>\n<meta name=\"twitter:label1\" content=\"\u00c9crit par\" \/>\n\t<meta name=\"twitter:data1\" content=\"Francisco Javier Fern\u00e1ndez Chento\" \/>\n\t<meta name=\"twitter:label2\" content=\"Dur\u00e9e de lecture estim\u00e9e\" \/>\n\t<meta name=\"twitter:data2\" content=\"3 minutes\" \/>\n<script type=\"application\/ld+json\" class=\"yoast-schema-graph\">{\"@context\":\"https:\/\/schema.org\",\"@graph\":[{\"@type\":\"WebPage\",\"@id\":\"http:\/\/vincentians.com\/fr\/ephemerides-22-juilliet\/\",\"url\":\"http:\/\/vincentians.com\/fr\/ephemerides-22-juilliet\/\",\"name\":\"Eph\u00e9m\u00e9rides: 22 juilliet - Nous Sommes Vincentiens\",\"isPartOf\":{\"@id\":\"http:\/\/vincentians.com\/fr\/#website\"},\"primaryImageOfPage\":{\"@id\":\"http:\/\/vincentians.com\/fr\/ephemerides-22-juilliet\/#primaryimage\"},\"image\":{\"@id\":\"http:\/\/vincentians.com\/fr\/ephemerides-22-juilliet\/#primaryimage\"},\"thumbnailUrl\":\"https:\/\/i0.wp.com\/vincentians.com\/fr\/wp-content\/uploads\/sites\/10\/2016\/07\/ephemerides-fb.jpg?fit=1200%2C630\",\"datePublished\":\"2017-07-21T22:01:55+00:00\",\"author\":{\"@id\":\"http:\/\/vincentians.com\/fr\/#\/schema\/person\/9623ef4d9aa3b2dfb8c061f1499288f2\"},\"breadcrumb\":{\"@id\":\"http:\/\/vincentians.com\/fr\/ephemerides-22-juilliet\/#breadcrumb\"},\"inLanguage\":\"fr-FR\",\"potentialAction\":[{\"@type\":\"ReadAction\",\"target\":[\"http:\/\/vincentians.com\/fr\/ephemerides-22-juilliet\/\"]}]},{\"@type\":\"ImageObject\",\"inLanguage\":\"fr-FR\",\"@id\":\"http:\/\/vincentians.com\/fr\/ephemerides-22-juilliet\/#primaryimage\",\"url\":\"https:\/\/i0.wp.com\/vincentians.com\/fr\/wp-content\/uploads\/sites\/10\/2016\/07\/ephemerides-fb.jpg?fit=1200%2C630\",\"contentUrl\":\"https:\/\/i0.wp.com\/vincentians.com\/fr\/wp-content\/uploads\/sites\/10\/2016\/07\/ephemerides-fb.jpg?fit=1200%2C630\",\"width\":1200,\"height\":630},{\"@type\":\"BreadcrumbList\",\"@id\":\"http:\/\/vincentians.com\/fr\/ephemerides-22-juilliet\/#breadcrumb\",\"itemListElement\":[{\"@type\":\"ListItem\",\"position\":1,\"name\":\"Portada\",\"item\":\"http:\/\/vincentians.com\/fr\/\"},{\"@type\":\"ListItem\",\"position\":2,\"name\":\"Eph\u00e9m\u00e9rides: 22 juilliet\"}]},{\"@type\":\"WebSite\",\"@id\":\"http:\/\/vincentians.com\/fr\/#website\",\"url\":\"http:\/\/vincentians.com\/fr\/\",\"name\":\"Nous Sommes Vincentiens\",\"description\":\"Know more to serve more\",\"potentialAction\":[{\"@type\":\"SearchAction\",\"target\":{\"@type\":\"EntryPoint\",\"urlTemplate\":\"http:\/\/vincentians.com\/fr\/?s={search_term_string}\"},\"query-input\":{\"@type\":\"PropertyValueSpecification\",\"valueRequired\":true,\"valueName\":\"search_term_string\"}}],\"inLanguage\":\"fr-FR\"},{\"@type\":\"Person\",\"@id\":\"http:\/\/vincentians.com\/fr\/#\/schema\/person\/9623ef4d9aa3b2dfb8c061f1499288f2\",\"name\":\"Francisco Javier Fern\u00e1ndez Chento\",\"image\":{\"@type\":\"ImageObject\",\"inLanguage\":\"fr-FR\",\"@id\":\"http:\/\/vincentians.com\/fr\/#\/schema\/person\/image\/\",\"url\":\"https:\/\/secure.gravatar.com\/avatar\/497d5cde87b4c3d097d0315953521681ba2cd523ee66e5077c3711f7021e65de?s=96&d=mm&r=g\",\"contentUrl\":\"https:\/\/secure.gravatar.com\/avatar\/497d5cde87b4c3d097d0315953521681ba2cd523ee66e5077c3711f7021e65de?s=96&d=mm&r=g\",\"caption\":\"Francisco Javier Fern\u00e1ndez Chento\"},\"description\":\"Director General y cofundador de La Red de Formaci\u00f3n Vicenciana. Javier es laico vicenciano, afiliado a la Congregaci\u00f3n de la Misi\u00f3n y miembro del Equipo de Misiones Populares de la provincia can\u00f3nica de Zaragoza (Espa\u00f1a) de la Congregaci\u00f3n de la Misi\u00f3n. Graduado en la Universidad Oberta de Catalunya con cuatro grados (Asistente de direcci\u00f3n, Gesti\u00f3n Administrativa, Recursos Humanos y Contabilidad Avanzada). Bil\u00edng\u00fce Espa\u00f1ol\/Ingl\u00e9s. gestiona y mantiene varias p\u00e1ginas web cristianas y vicencianas, incluida including La Red de Formaci\u00f3n Vicenciana, de la que es cofundador. Actualmente es responsable del \u00e1rea de Espa\u00f1ol de .famvin, la Red de Noticias de la Familia Vicenciana. Tambi\u00e9n es m\u00fasico cat\u00f3lico y ha editado varios discos. Es Director General y cofundador de Trovador, una reconocida compa\u00f1\u00eda discogr\u00e1fica critiana de Espa\u00f1a. Trabaja en las Tecnolog\u00edas de la Informaci\u00f3n, ofreciendo servicios de alojamiento, dise\u00f1o y mantenimiento Web, as\u00ed como asesoramiento, formaci\u00f3n y soluciones inform\u00e1ticas, gesti\u00f3n documental y digitalizaci\u00f3n de textos, edici\u00f3n y maquetaci\u00f3n de libros, revistas, flyers, etc.\",\"sameAs\":[\"http:\/\/chento.org\",\"https:\/\/www.facebook.com\/JavierChento\",\"https:\/\/x.com\/https:\/\/twitter.com\/javierchento\"],\"url\":\"http:\/\/vincentians.com\/fr\/author\/chento\/\"}]}<\/script>\n<!-- \/ Yoast SEO plugin. -->","yoast_head_json":{"title":"Eph\u00e9m\u00e9rides: 22 juilliet - Nous Sommes Vincentiens","robots":{"index":"index","follow":"follow","max-snippet":"max-snippet:-1","max-image-preview":"max-image-preview:large","max-video-preview":"max-video-preview:-1"},"canonical":"http:\/\/vincentians.com\/fr\/ephemerides-22-juilliet\/","og_locale":"fr_FR","og_type":"article","og_title":"Eph\u00e9m\u00e9rides: 22 juilliet - Nous Sommes Vincentiens","og_description":"1640. Monsieur Vincent soumet \u00e0 Monsieur Lambert une demande de Louise de Marillac. \u00ab\u00a0Mademoiselle Le Gras d\u00e9sirerait que vous allassiez faire un tour \u00e0 Angers pour visiter ses filles\u00a0\u00bb. La lettre pr\u00e9cise les diff\u00e9rents \u00e9l\u00e9ments ... Read More","og_url":"http:\/\/vincentians.com\/fr\/ephemerides-22-juilliet\/","og_site_name":"Nous Sommes Vincentiens","article_publisher":"https:\/\/www.facebook.com\/WeAreVincentians\/","article_author":"https:\/\/www.facebook.com\/JavierChento","article_published_time":"2017-07-21T22:01:55+00:00","og_image":[{"width":1200,"height":630,"url":"https:\/\/i0.wp.com\/vincentians.com\/fr\/wp-content\/uploads\/sites\/10\/2016\/07\/ephemerides-fb.jpg?fit=1200%2C630","type":"image\/jpeg"}],"author":"Francisco Javier Fern\u00e1ndez Chento","twitter_card":"summary_large_image","twitter_creator":"@https:\/\/twitter.com\/javierchento","twitter_site":"@WeVincentians","twitter_misc":{"\u00c9crit par":"Francisco Javier Fern\u00e1ndez Chento","Dur\u00e9e de lecture estim\u00e9e":"3 minutes"},"schema":{"@context":"https:\/\/schema.org","@graph":[{"@type":"WebPage","@id":"http:\/\/vincentians.com\/fr\/ephemerides-22-juilliet\/","url":"http:\/\/vincentians.com\/fr\/ephemerides-22-juilliet\/","name":"Eph\u00e9m\u00e9rides: 22 juilliet - Nous Sommes Vincentiens","isPartOf":{"@id":"http:\/\/vincentians.com\/fr\/#website"},"primaryImageOfPage":{"@id":"http:\/\/vincentians.com\/fr\/ephemerides-22-juilliet\/#primaryimage"},"image":{"@id":"http:\/\/vincentians.com\/fr\/ephemerides-22-juilliet\/#primaryimage"},"thumbnailUrl":"https:\/\/i0.wp.com\/vincentians.com\/fr\/wp-content\/uploads\/sites\/10\/2016\/07\/ephemerides-fb.jpg?fit=1200%2C630","datePublished":"2017-07-21T22:01:55+00:00","author":{"@id":"http:\/\/vincentians.com\/fr\/#\/schema\/person\/9623ef4d9aa3b2dfb8c061f1499288f2"},"breadcrumb":{"@id":"http:\/\/vincentians.com\/fr\/ephemerides-22-juilliet\/#breadcrumb"},"inLanguage":"fr-FR","potentialAction":[{"@type":"ReadAction","target":["http:\/\/vincentians.com\/fr\/ephemerides-22-juilliet\/"]}]},{"@type":"ImageObject","inLanguage":"fr-FR","@id":"http:\/\/vincentians.com\/fr\/ephemerides-22-juilliet\/#primaryimage","url":"https:\/\/i0.wp.com\/vincentians.com\/fr\/wp-content\/uploads\/sites\/10\/2016\/07\/ephemerides-fb.jpg?fit=1200%2C630","contentUrl":"https:\/\/i0.wp.com\/vincentians.com\/fr\/wp-content\/uploads\/sites\/10\/2016\/07\/ephemerides-fb.jpg?fit=1200%2C630","width":1200,"height":630},{"@type":"BreadcrumbList","@id":"http:\/\/vincentians.com\/fr\/ephemerides-22-juilliet\/#breadcrumb","itemListElement":[{"@type":"ListItem","position":1,"name":"Portada","item":"http:\/\/vincentians.com\/fr\/"},{"@type":"ListItem","position":2,"name":"Eph\u00e9m\u00e9rides: 22 juilliet"}]},{"@type":"WebSite","@id":"http:\/\/vincentians.com\/fr\/#website","url":"http:\/\/vincentians.com\/fr\/","name":"Nous Sommes Vincentiens","description":"Know more to serve more","potentialAction":[{"@type":"SearchAction","target":{"@type":"EntryPoint","urlTemplate":"http:\/\/vincentians.com\/fr\/?s={search_term_string}"},"query-input":{"@type":"PropertyValueSpecification","valueRequired":true,"valueName":"search_term_string"}}],"inLanguage":"fr-FR"},{"@type":"Person","@id":"http:\/\/vincentians.com\/fr\/#\/schema\/person\/9623ef4d9aa3b2dfb8c061f1499288f2","name":"Francisco Javier Fern\u00e1ndez Chento","image":{"@type":"ImageObject","inLanguage":"fr-FR","@id":"http:\/\/vincentians.com\/fr\/#\/schema\/person\/image\/","url":"https:\/\/secure.gravatar.com\/avatar\/497d5cde87b4c3d097d0315953521681ba2cd523ee66e5077c3711f7021e65de?s=96&d=mm&r=g","contentUrl":"https:\/\/secure.gravatar.com\/avatar\/497d5cde87b4c3d097d0315953521681ba2cd523ee66e5077c3711f7021e65de?s=96&d=mm&r=g","caption":"Francisco Javier Fern\u00e1ndez Chento"},"description":"Director General y cofundador de La Red de Formaci\u00f3n Vicenciana. Javier es laico vicenciano, afiliado a la Congregaci\u00f3n de la Misi\u00f3n y miembro del Equipo de Misiones Populares de la provincia can\u00f3nica de Zaragoza (Espa\u00f1a) de la Congregaci\u00f3n de la Misi\u00f3n. Graduado en la Universidad Oberta de Catalunya con cuatro grados (Asistente de direcci\u00f3n, Gesti\u00f3n Administrativa, Recursos Humanos y Contabilidad Avanzada). Bil\u00edng\u00fce Espa\u00f1ol\/Ingl\u00e9s. gestiona y mantiene varias p\u00e1ginas web cristianas y vicencianas, incluida including La Red de Formaci\u00f3n Vicenciana, de la que es cofundador. Actualmente es responsable del \u00e1rea de Espa\u00f1ol de .famvin, la Red de Noticias de la Familia Vicenciana. Tambi\u00e9n es m\u00fasico cat\u00f3lico y ha editado varios discos. Es Director General y cofundador de Trovador, una reconocida compa\u00f1\u00eda discogr\u00e1fica critiana de Espa\u00f1a. Trabaja en las Tecnolog\u00edas de la Informaci\u00f3n, ofreciendo servicios de alojamiento, dise\u00f1o y mantenimiento Web, as\u00ed como asesoramiento, formaci\u00f3n y soluciones inform\u00e1ticas, gesti\u00f3n documental y digitalizaci\u00f3n de textos, edici\u00f3n y maquetaci\u00f3n de libros, revistas, flyers, etc.","sameAs":["http:\/\/chento.org","https:\/\/www.facebook.com\/JavierChento","https:\/\/x.com\/https:\/\/twitter.com\/javierchento"],"url":"http:\/\/vincentians.com\/fr\/author\/chento\/"}]}},"jetpack_publicize_connections":[],"jetpack_featured_media_url":"https:\/\/i0.wp.com\/vincentians.com\/fr\/wp-content\/uploads\/sites\/10\/2016\/07\/ephemerides-fb.jpg?fit=1200%2C630","jetpack_sharing_enabled":true,"jetpack_shortlink":"https:\/\/wp.me\/p7ETMP-NfD","jetpack-related-posts":[{"id":38477,"url":"http:\/\/vincentians.com\/fr\/le-directeur-provincial-animateur-des-filles-de-la-charite\/","url_meta":{"origin":189325,"position":0},"title":"Le Directeur Provincial \u201canimateur\u201d des Filles de la Charit\u00e9","author":"Francisco Javier Fern\u00e1ndez Chento","date":"03\/10\/2012","format":false,"excerpt":"Dans les Constitutions des Filles de la Charit\u00e9, nous trouvons \u00e0 l\u2019article 3.38: le Directeur Provincial est un pr\u00eatre de la Congr\u00e9gation de la Mission, nomm\u00e9 par le Sup\u00e9rieur G\u00e9n\u00e9ral; \u201cil partage avec la Visitatrice et son Conseil la responsabilit\u00e9 de promouvoir l\u2019esprit vincentien dans la Province\u201d Missionnaire, le directeur\u2026","rel":"","context":"Dans &quot;Congr\u00e9gation de la Mission&quot;","block_context":{"text":"Congr\u00e9gation de la Mission","link":"http:\/\/vincentians.com\/fr\/category\/congregation-de-la-mission\/"},"img":{"alt_text":"","src":"https:\/\/i0.wp.com\/vincentiens.org\/wp-content\/uploads\/2011\/05\/filles_charite-228x300.jpg?resize=350%2C200","width":350,"height":200},"classes":[]},{"id":104529,"url":"http:\/\/vincentians.com\/fr\/louise-de-marillac-lettre-0005-a-monsieur-dehorgny\/","url_meta":{"origin":189325,"position":1},"title":"Louise de Marillac, Lettre 0005: \u00e0 Monsieur Dehorgny","author":"Francisco Javier Fern\u00e1ndez Chento","date":"09\/08\/2016","format":false,"excerpt":"(au Coll\u00e8ge des Bons Enfants) 29 septembre 1635. Monsieur, J'ai re\u00e7u les cent livres que vous m'avez envoy\u00e9es; je vous supplie prendre la peine me mander * combien vous voulez de chemises, combien de coiffes, combien de mouchoirs et de tout ce que vous avez besoin . Je suis bien\u2026","rel":"","context":"Dans &quot;\u00c9crits de Louise de Marillac&quot;","block_context":{"text":"\u00c9crits de Louise de Marillac","link":"http:\/\/vincentians.com\/fr\/category\/ecrits-de-louise-de-marillac\/"},"img":{"alt_text":"","src":"https:\/\/i0.wp.com\/vincentians.com\/fr\/wp-content\/uploads\/sites\/10\/2016\/07\/cartas-luisa-de-marillac.jpg?fit=1200%2C630&resize=350%2C200","width":350,"height":200,"srcset":"https:\/\/i0.wp.com\/vincentians.com\/fr\/wp-content\/uploads\/sites\/10\/2016\/07\/cartas-luisa-de-marillac.jpg?fit=1200%2C630&resize=350%2C200 1x, https:\/\/i0.wp.com\/vincentians.com\/fr\/wp-content\/uploads\/sites\/10\/2016\/07\/cartas-luisa-de-marillac.jpg?fit=1200%2C630&resize=525%2C300 1.5x, https:\/\/i0.wp.com\/vincentians.com\/fr\/wp-content\/uploads\/sites\/10\/2016\/07\/cartas-luisa-de-marillac.jpg?fit=1200%2C630&resize=700%2C400 2x, https:\/\/i0.wp.com\/vincentians.com\/fr\/wp-content\/uploads\/sites\/10\/2016\/07\/cartas-luisa-de-marillac.jpg?fit=1200%2C630&resize=1050%2C600 3x"},"classes":[]},{"id":108349,"url":"http:\/\/vincentians.com\/fr\/ephemerides-11-mars\/","url_meta":{"origin":189325,"position":2},"title":"Eph\u00e9m\u00e9rides : 11 mars","author":"Francisco Javier Fern\u00e1ndez Chento","date":"11\/03\/2017","format":false,"excerpt":"1718. Importante r\u00e9union \u00e0 la Maison-M\u00e8re pour la signature des Statuts de la Compagnie. Il ne s'agit pas, sous ce mot \"statuts\u201d de ce qui existe aujourd'hui sous ce nom, mais bien de ce qu'on pourrait appeler le \"r\u00e8glement administratif int\u00e9rieur\" \u00e9tabli d'apr\u00e8s ce qui se faisait dans la Compagnie\u2026","rel":"","context":"Dans &quot;\u00c9ph\u00e9m\u00e9rides vincentiens&quot;","block_context":{"text":"\u00c9ph\u00e9m\u00e9rides vincentiens","link":"http:\/\/vincentians.com\/fr\/category\/ephemerides-vincentiens\/"},"img":{"alt_text":"","src":"https:\/\/i0.wp.com\/vincentians.com\/fr\/wp-content\/uploads\/sites\/10\/2016\/07\/ephemerides-fb.jpg?fit=1200%2C630&resize=350%2C200","width":350,"height":200,"srcset":"https:\/\/i0.wp.com\/vincentians.com\/fr\/wp-content\/uploads\/sites\/10\/2016\/07\/ephemerides-fb.jpg?fit=1200%2C630&resize=350%2C200 1x, https:\/\/i0.wp.com\/vincentians.com\/fr\/wp-content\/uploads\/sites\/10\/2016\/07\/ephemerides-fb.jpg?fit=1200%2C630&resize=525%2C300 1.5x, https:\/\/i0.wp.com\/vincentians.com\/fr\/wp-content\/uploads\/sites\/10\/2016\/07\/ephemerides-fb.jpg?fit=1200%2C630&resize=700%2C400 2x, https:\/\/i0.wp.com\/vincentians.com\/fr\/wp-content\/uploads\/sites\/10\/2016\/07\/ephemerides-fb.jpg?fit=1200%2C630&resize=1050%2C600 3x"},"classes":[]},{"id":38183,"url":"http:\/\/vincentians.com\/fr\/sainte-louise-et-saint-vincent\/","url_meta":{"origin":189325,"position":3},"title":"Sainte Louise et Saint Vincent","author":"Francisco Javier Fern\u00e1ndez Chento","date":"01\/10\/2012","format":false,"excerpt":"Comme chaque ann\u00e9e d\u00e9sormais, la f\u00eate, de Saint Vincent de Paul est c\u00e9l\u00e9br\u00e9e sur trois journ\u00e9es cons\u00e9cutives au berceau. L'Eucharistie de cette ann\u00e9e a \u00e9t\u00e9 c\u00e9l\u00e9br\u00e9e par Mgr Sarrab\u00e8re, anim\u00e9e par le P. Christian Laboure. De nombreux amis entouraient \"les r\u00e9sidants\" dont une d\u00e9l\u00e9gation volontaire de 120 jeunes gens du\u2026","rel":"","context":"Dans &quot;Formation Vincentienne&quot;","block_context":{"text":"Formation Vincentienne","link":"http:\/\/vincentians.com\/fr\/category\/formation-vincentienne\/"},"img":{"alt_text":"","src":"https:\/\/i0.wp.com\/vincentiens.org\/wp-content\/uploads\/2011\/05\/StainedGlassStVincentLouise-140x300.jpg?resize=350%2C200","width":350,"height":200},"classes":[]},{"id":104147,"url":"http:\/\/vincentians.com\/fr\/ephemerides-14-novembre\/","url_meta":{"origin":189325,"position":4},"title":"Eph\u00e9m\u00e9rides: 14 novembre","author":"Francisco Javier Fern\u00e1ndez Chento","date":"14\/11\/2016","format":false,"excerpt":"1646. \u00c0 Saint-Lazare, Monsieur Vincent travaille \u00e0 la composition du R\u00e8glement des Filles de la Charit\u00e9 que l\u2019archev\u00eaque de Paris approuvera le 20 novembre de cette m\u00eame ann\u00e9e. Il y a treize ans qu\u2019avec Louise de Marillac quelques filles ont commenc\u00e9 \u00e0 servir en commun les pauvres. Pour les guider,\u2026","rel":"","context":"Dans &quot;\u00c9ph\u00e9m\u00e9rides vincentiens&quot;","block_context":{"text":"\u00c9ph\u00e9m\u00e9rides vincentiens","link":"http:\/\/vincentians.com\/fr\/category\/ephemerides-vincentiens\/"},"img":{"alt_text":"","src":"https:\/\/i0.wp.com\/vincentians.com\/fr\/wp-content\/uploads\/sites\/10\/2016\/07\/ephemerides-fb.jpg?fit=1200%2C630&resize=350%2C200","width":350,"height":200,"srcset":"https:\/\/i0.wp.com\/vincentians.com\/fr\/wp-content\/uploads\/sites\/10\/2016\/07\/ephemerides-fb.jpg?fit=1200%2C630&resize=350%2C200 1x, https:\/\/i0.wp.com\/vincentians.com\/fr\/wp-content\/uploads\/sites\/10\/2016\/07\/ephemerides-fb.jpg?fit=1200%2C630&resize=525%2C300 1.5x, https:\/\/i0.wp.com\/vincentians.com\/fr\/wp-content\/uploads\/sites\/10\/2016\/07\/ephemerides-fb.jpg?fit=1200%2C630&resize=700%2C400 2x, https:\/\/i0.wp.com\/vincentians.com\/fr\/wp-content\/uploads\/sites\/10\/2016\/07\/ephemerides-fb.jpg?fit=1200%2C630&resize=1050%2C600 3x"},"classes":[]},{"id":190061,"url":"http:\/\/vincentians.com\/fr\/ephemerides-08-aout\/","url_meta":{"origin":189325,"position":5},"title":"Eph\u00e9m\u00e9rides: 08 ao\u00fbt","author":"Francisco Javier Fern\u00e1ndez Chento","date":"08\/08\/2016","format":false,"excerpt":"1646. \u00c0 Nantes, arriv\u00e9e de Louise de Marillac et de six Filles de la Charit\u00e9. En d\u00e9barquant du bateau qui leur a fait descendre la Loire depuis Orl\u00e9ans, elles sont re\u00e7ues triomphalement par des dames, des eccl\u00e9siastiques et une foule consid\u00e9rable. On les conduit en carrosse \u00e0 l\u2019h\u00f4pital Saint-Ren\u00e9 o\u00f9\u2026","rel":"","context":"Dans &quot;\u00c9ph\u00e9m\u00e9rides vincentiens&quot;","block_context":{"text":"\u00c9ph\u00e9m\u00e9rides vincentiens","link":"http:\/\/vincentians.com\/fr\/category\/ephemerides-vincentiens\/"},"img":{"alt_text":"","src":"https:\/\/i0.wp.com\/vincentians.com\/fr\/wp-content\/uploads\/sites\/10\/2016\/07\/ephemerides-fb.jpg?fit=1200%2C630&resize=350%2C200","width":350,"height":200,"srcset":"https:\/\/i0.wp.com\/vincentians.com\/fr\/wp-content\/uploads\/sites\/10\/2016\/07\/ephemerides-fb.jpg?fit=1200%2C630&resize=350%2C200 1x, https:\/\/i0.wp.com\/vincentians.com\/fr\/wp-content\/uploads\/sites\/10\/2016\/07\/ephemerides-fb.jpg?fit=1200%2C630&resize=525%2C300 1.5x, https:\/\/i0.wp.com\/vincentians.com\/fr\/wp-content\/uploads\/sites\/10\/2016\/07\/ephemerides-fb.jpg?fit=1200%2C630&resize=700%2C400 2x, https:\/\/i0.wp.com\/vincentians.com\/fr\/wp-content\/uploads\/sites\/10\/2016\/07\/ephemerides-fb.jpg?fit=1200%2C630&resize=1050%2C600 3x"},"classes":[]}],"_links":{"self":[{"href":"http:\/\/vincentians.com\/fr\/wp-json\/wp\/v2\/posts\/189325","targetHints":{"allow":["GET"]}}],"collection":[{"href":"http:\/\/vincentians.com\/fr\/wp-json\/wp\/v2\/posts"}],"about":[{"href":"http:\/\/vincentians.com\/fr\/wp-json\/wp\/v2\/types\/post"}],"author":[{"embeddable":true,"href":"http:\/\/vincentians.com\/fr\/wp-json\/wp\/v2\/users\/4"}],"replies":[{"embeddable":true,"href":"http:\/\/vincentians.com\/fr\/wp-json\/wp\/v2\/comments?post=189325"}],"version-history":[{"count":0,"href":"http:\/\/vincentians.com\/fr\/wp-json\/wp\/v2\/posts\/189325\/revisions"}],"wp:featuredmedia":[{"embeddable":true,"href":"http:\/\/vincentians.com\/fr\/wp-json\/wp\/v2\/media\/149897"}],"wp:attachment":[{"href":"http:\/\/vincentians.com\/fr\/wp-json\/wp\/v2\/media?parent=189325"}],"wp:term":[{"taxonomy":"category","embeddable":true,"href":"http:\/\/vincentians.com\/fr\/wp-json\/wp\/v2\/categories?post=189325"},{"taxonomy":"post_tag","embeddable":true,"href":"http:\/\/vincentians.com\/fr\/wp-json\/wp\/v2\/tags?post=189325"}],"curies":[{"name":"wp","href":"https:\/\/api.w.org\/{rel}","templated":true}]}}