{"id":189324,"date":"2017-07-20T00:01:51","date_gmt":"2017-07-19T22:01:51","guid":{"rendered":"http:\/\/vincentians.com\/fr\/?p=189324"},"modified":"2016-08-09T18:14:39","modified_gmt":"2016-08-09T16:14:39","slug":"ephemerides-20-juilliet","status":"publish","type":"post","link":"http:\/\/vincentians.com\/fr\/ephemerides-20-juilliet\/","title":{"rendered":"Eph\u00e9m\u00e9rides: 20 juilliet"},"content":{"rendered":"<p><b>1657<\/b>. Monsieur Berthe termine la Visite de la Communaut\u00e9 de l\u2019h\u00f4pital de Ch\u00e2teaudun et laisse aux S\u0153urs quelques Avis sur la mani\u00e8re d\u2019accomplir leur service et de se comporter avec les Fr\u00e8res (des religieux) et les diff\u00e9rents serviteurs qui vivent dans l\u2019h\u00f4pital<\/p>\n<p><b>1744<\/b>. En la f\u00eate de Sainte Marthe, Monsieur Jean Fran\u00e7ois Poiret, directeur des Filles de la Charit\u00e9, fait une conf\u00e9rence sur le service des pauvres. Il invite les S\u0153urs \u00e0 unir l\u2019action de Marthe et la contemplation de Marie.<\/p>\n<p><b>1774<\/b>. Le cardinal de Bernis, archev\u00eaque d\u2019Albi, confie son Grand s\u00e9minaire aux Pr\u00eatres de la Mission. La convention pass\u00e9e entre le Prince de l\u2019\u00c9glise et le Sup\u00e9rieur g\u00e9n\u00e9ral, M. Jacquier, stipule qu\u2019au moins cinq pr\u00eatres et cinq fr\u00e8res seront affect\u00e9s \u00e0 cette \u0153uvre. Par ailleurs, le cardinal de Bernis attache au S\u00e9minaire des revenus importants\u00a0: trois prieur\u00e9s, ceux de Brens, de Saint-Jean-de-Jannes, du Puy-Saint-Georges, et il y ajoute le montant de la location d\u2019une maison et d\u2019un jardin. En outre, le dioc\u00e8se fournit le traitement d\u2019un professeur de th\u00e9ologie, et le clerg\u00e9, celui d\u2019un second professeur. C\u2019est M. Andr\u00e9 Borie qui, avec quatre confr\u00e8res, inaugura la formation du clerg\u00e9 albigeois \u00e0 l\u2019\u00e9cole de Monsieur Vincent. Le sup\u00e9rieur de Cahors, en le recevant dans la Congr\u00e9gation, avait demand\u00e9 au futur sup\u00e9rieur d\u2019Albi de laisser son vrai nom \u00abAndr\u00e9 Portefaix\u00bb, pour celui de \u00abBorie\u00bb. C\u2019\u00e9tait pourtant un nom qui semblait indiquer que son porteur pourrait avoir les aptitudes n\u00e9cessaires \u00e0 supporter les responsabilit\u00e9s. Et M. Borie les eut\u00a0: il fut l\u2019unique sup\u00e9rieur d\u2019Albi jusqu\u2019\u00e0 la R\u00e9volution, c\u2019est-\u00e0-dire pendant dix-huit ans. En 1792, il se retira dans son village natal, pr\u00e8s Saint-Ch\u00e9ly-d\u2019Apcher, dans la Loz\u00e8re. Arr\u00eat\u00e9 comme r\u00e9fractaire, il fut guillotin\u00e9 \u00e0 Mende, le 2 mai 1794. Apr\u00e8s ce premier sup\u00e9rieur qui eut la gloire du martyre, ses successeurs, et en particulier, MM. \u00c9mile Coitoux et Joseph Durand, ont prolong\u00e9 le rayonnement vincentien qui, malgr\u00e9 deux interruptions caus\u00e9es, la premi\u00e8re par la R\u00e9volution, la seconde par les lois contre les religieux (1).<\/p>\n<p><b>1872<\/b>. \u00c0 Folleville, Mgr Boudinet qui, d\u00e8s son accession au si\u00e8ge d\u2019Amiens en 1856 a d\u00e9sir\u00e9 perp\u00e9tuer par des \u0153uvres durables le souvenir de saint Vincent dans la petite paroisse picarde, a la joie d\u2019inaugurer ce qu\u2019il appelle \u00abla suite des p\u00e8lerinages\u00bb. Pour les faciliter, la Compagnie des Chemins de fer du Nord a cr\u00e9\u00e9, \u00e0 deux kilom\u00e8tres de l\u2019\u00e9glise de Saint Vincent, la station de La Faloise. L\u2019\u00e9v\u00eaque, qui se r\u00e9jouit d\u2019avoir \u00e9t\u00e9 accompagn\u00e9 en ce jour, par \u00abde nobles et \u00e9minents visiteurs\u00bb, souhaite que \u00able nombre des p\u00e8lerins s\u2019accroisse de jour en jour\u00bb. Ces mots, Mgr Boudinet les \u00e9crivait dans sa toute derni\u00e8re lettre pastorale\u00a0: il devait mourir le 1er avril suivant. Cet ultime document du pieux \u00e9v\u00eaque d\u2019Amiens est une v\u00e9ritable effusion d\u2019amour \u00e0 l\u2019\u00e9gard de saint Vincent. Le successeur de saint Firmin y formulait aussi un souhait qui ne s\u2019est pas encore r\u00e9alis\u00e9\u00a0: \u00abComme autrefois de Folleville la Mission s\u2019\u00e9tendit aux pays d\u2019alentour, des dioc\u00e8ses \u00e9trangers et de toute la France on viendra \u00e0 Folleville s\u2019inspirer de nouveau de l\u2019\u00e2me de saint Vincent\u00bb (2).<\/p>\n<dl>\n<dd>1) Notices, IV, p. 607\u00a0: Circulaires, t. II, p. 602\u00a0: Annales, t. 102, p. 64\u00a0; t. 104, p. 278<\/dd>\n<dd>2) Annales, t. 44, pp. 388-394.<\/dd>\n<\/dl>\n","protected":false},"excerpt":{"rendered":"<p>1657. Monsieur Berthe termine la Visite de la Communaut\u00e9 de l\u2019h\u00f4pital de Ch\u00e2teaudun et laisse aux S\u0153urs quelques Avis sur la mani\u00e8re d\u2019accomplir leur service et de se comporter avec les Fr\u00e8res (des religieux) et &#8230; <a href=\"http:\/\/vincentians.com\/fr\/ephemerides-20-juilliet\/\" class=\"more-link\">Read More<\/a><\/p>\n","protected":false},"author":4,"featured_media":149897,"comment_status":"open","ping_status":"open","sticky":false,"template":"","format":"standard","meta":{"jetpack_post_was_ever_published":false,"_jetpack_newsletter_access":"","_jetpack_dont_email_post_to_subs":false,"_jetpack_newsletter_tier_id":0,"_jetpack_memberships_contains_paywalled_content":false,"_jetpack_memberships_contains_paid_content":false,"footnotes":"","jetpack_publicize_message":"","jetpack_publicize_feature_enabled":true,"jetpack_social_post_already_shared":true,"jetpack_social_options":{"image_generator_settings":{"template":"highway","default_image_id":0,"font":"","enabled":false},"version":2}},"categories":[119],"tags":[],"class_list":["post-189324","post","type-post","status-publish","format-standard","has-post-thumbnail","hentry","category-ephemerides-vincentiens"],"yoast_head":"<!-- This site is optimized with the Yoast SEO plugin v26.3 - https:\/\/yoast.com\/wordpress\/plugins\/seo\/ -->\n<title>Eph\u00e9m\u00e9rides: 20 juilliet - Nous Sommes Vincentiens<\/title>\n<meta name=\"robots\" content=\"index, follow, max-snippet:-1, max-image-preview:large, max-video-preview:-1\" \/>\n<link rel=\"canonical\" href=\"http:\/\/vincentians.com\/fr\/ephemerides-20-juilliet\/\" \/>\n<meta property=\"og:locale\" content=\"fr_FR\" \/>\n<meta property=\"og:type\" content=\"article\" \/>\n<meta property=\"og:title\" content=\"Eph\u00e9m\u00e9rides: 20 juilliet - Nous Sommes Vincentiens\" \/>\n<meta property=\"og:description\" content=\"1657. Monsieur Berthe termine la Visite de la Communaut\u00e9 de l\u2019h\u00f4pital de Ch\u00e2teaudun et laisse aux S\u0153urs quelques Avis sur la mani\u00e8re d\u2019accomplir leur service et de se comporter avec les Fr\u00e8res (des religieux) et ... Read More\" \/>\n<meta property=\"og:url\" content=\"http:\/\/vincentians.com\/fr\/ephemerides-20-juilliet\/\" \/>\n<meta property=\"og:site_name\" content=\"Nous Sommes Vincentiens\" \/>\n<meta property=\"article:publisher\" content=\"https:\/\/www.facebook.com\/WeAreVincentians\/\" \/>\n<meta property=\"article:author\" content=\"https:\/\/www.facebook.com\/JavierChento\" \/>\n<meta property=\"article:published_time\" content=\"2017-07-19T22:01:51+00:00\" \/>\n<meta property=\"og:image\" content=\"https:\/\/i0.wp.com\/vincentians.com\/fr\/wp-content\/uploads\/sites\/10\/2016\/07\/ephemerides-fb.jpg?fit=1200%2C630\" \/>\n\t<meta property=\"og:image:width\" content=\"1200\" \/>\n\t<meta property=\"og:image:height\" content=\"630\" \/>\n\t<meta property=\"og:image:type\" content=\"image\/jpeg\" \/>\n<meta name=\"author\" content=\"Francisco Javier Fern\u00e1ndez Chento\" \/>\n<meta name=\"twitter:card\" content=\"summary_large_image\" \/>\n<meta name=\"twitter:creator\" content=\"@https:\/\/twitter.com\/javierchento\" \/>\n<meta name=\"twitter:site\" content=\"@WeVincentians\" \/>\n<meta name=\"twitter:label1\" content=\"\u00c9crit par\" \/>\n\t<meta name=\"twitter:data1\" content=\"Francisco Javier Fern\u00e1ndez Chento\" \/>\n\t<meta name=\"twitter:label2\" content=\"Dur\u00e9e de lecture estim\u00e9e\" \/>\n\t<meta name=\"twitter:data2\" content=\"3 minutes\" \/>\n<script type=\"application\/ld+json\" class=\"yoast-schema-graph\">{\"@context\":\"https:\/\/schema.org\",\"@graph\":[{\"@type\":\"WebPage\",\"@id\":\"http:\/\/vincentians.com\/fr\/ephemerides-20-juilliet\/\",\"url\":\"http:\/\/vincentians.com\/fr\/ephemerides-20-juilliet\/\",\"name\":\"Eph\u00e9m\u00e9rides: 20 juilliet - Nous Sommes Vincentiens\",\"isPartOf\":{\"@id\":\"http:\/\/vincentians.com\/fr\/#website\"},\"primaryImageOfPage\":{\"@id\":\"http:\/\/vincentians.com\/fr\/ephemerides-20-juilliet\/#primaryimage\"},\"image\":{\"@id\":\"http:\/\/vincentians.com\/fr\/ephemerides-20-juilliet\/#primaryimage\"},\"thumbnailUrl\":\"https:\/\/i0.wp.com\/vincentians.com\/fr\/wp-content\/uploads\/sites\/10\/2016\/07\/ephemerides-fb.jpg?fit=1200%2C630\",\"datePublished\":\"2017-07-19T22:01:51+00:00\",\"author\":{\"@id\":\"http:\/\/vincentians.com\/fr\/#\/schema\/person\/9623ef4d9aa3b2dfb8c061f1499288f2\"},\"breadcrumb\":{\"@id\":\"http:\/\/vincentians.com\/fr\/ephemerides-20-juilliet\/#breadcrumb\"},\"inLanguage\":\"fr-FR\",\"potentialAction\":[{\"@type\":\"ReadAction\",\"target\":[\"http:\/\/vincentians.com\/fr\/ephemerides-20-juilliet\/\"]}]},{\"@type\":\"ImageObject\",\"inLanguage\":\"fr-FR\",\"@id\":\"http:\/\/vincentians.com\/fr\/ephemerides-20-juilliet\/#primaryimage\",\"url\":\"https:\/\/i0.wp.com\/vincentians.com\/fr\/wp-content\/uploads\/sites\/10\/2016\/07\/ephemerides-fb.jpg?fit=1200%2C630\",\"contentUrl\":\"https:\/\/i0.wp.com\/vincentians.com\/fr\/wp-content\/uploads\/sites\/10\/2016\/07\/ephemerides-fb.jpg?fit=1200%2C630\",\"width\":1200,\"height\":630},{\"@type\":\"BreadcrumbList\",\"@id\":\"http:\/\/vincentians.com\/fr\/ephemerides-20-juilliet\/#breadcrumb\",\"itemListElement\":[{\"@type\":\"ListItem\",\"position\":1,\"name\":\"Portada\",\"item\":\"http:\/\/vincentians.com\/fr\/\"},{\"@type\":\"ListItem\",\"position\":2,\"name\":\"Eph\u00e9m\u00e9rides: 20 juilliet\"}]},{\"@type\":\"WebSite\",\"@id\":\"http:\/\/vincentians.com\/fr\/#website\",\"url\":\"http:\/\/vincentians.com\/fr\/\",\"name\":\"Nous Sommes Vincentiens\",\"description\":\"Know more to serve more\",\"potentialAction\":[{\"@type\":\"SearchAction\",\"target\":{\"@type\":\"EntryPoint\",\"urlTemplate\":\"http:\/\/vincentians.com\/fr\/?s={search_term_string}\"},\"query-input\":{\"@type\":\"PropertyValueSpecification\",\"valueRequired\":true,\"valueName\":\"search_term_string\"}}],\"inLanguage\":\"fr-FR\"},{\"@type\":\"Person\",\"@id\":\"http:\/\/vincentians.com\/fr\/#\/schema\/person\/9623ef4d9aa3b2dfb8c061f1499288f2\",\"name\":\"Francisco Javier Fern\u00e1ndez Chento\",\"image\":{\"@type\":\"ImageObject\",\"inLanguage\":\"fr-FR\",\"@id\":\"http:\/\/vincentians.com\/fr\/#\/schema\/person\/image\/\",\"url\":\"https:\/\/secure.gravatar.com\/avatar\/497d5cde87b4c3d097d0315953521681ba2cd523ee66e5077c3711f7021e65de?s=96&d=mm&r=g\",\"contentUrl\":\"https:\/\/secure.gravatar.com\/avatar\/497d5cde87b4c3d097d0315953521681ba2cd523ee66e5077c3711f7021e65de?s=96&d=mm&r=g\",\"caption\":\"Francisco Javier Fern\u00e1ndez Chento\"},\"description\":\"Director General y cofundador de La Red de Formaci\u00f3n Vicenciana. Javier es laico vicenciano, afiliado a la Congregaci\u00f3n de la Misi\u00f3n y miembro del Equipo de Misiones Populares de la provincia can\u00f3nica de Zaragoza (Espa\u00f1a) de la Congregaci\u00f3n de la Misi\u00f3n. Graduado en la Universidad Oberta de Catalunya con cuatro grados (Asistente de direcci\u00f3n, Gesti\u00f3n Administrativa, Recursos Humanos y Contabilidad Avanzada). Bil\u00edng\u00fce Espa\u00f1ol\/Ingl\u00e9s. gestiona y mantiene varias p\u00e1ginas web cristianas y vicencianas, incluida including La Red de Formaci\u00f3n Vicenciana, de la que es cofundador. Actualmente es responsable del \u00e1rea de Espa\u00f1ol de .famvin, la Red de Noticias de la Familia Vicenciana. Tambi\u00e9n es m\u00fasico cat\u00f3lico y ha editado varios discos. Es Director General y cofundador de Trovador, una reconocida compa\u00f1\u00eda discogr\u00e1fica critiana de Espa\u00f1a. Trabaja en las Tecnolog\u00edas de la Informaci\u00f3n, ofreciendo servicios de alojamiento, dise\u00f1o y mantenimiento Web, as\u00ed como asesoramiento, formaci\u00f3n y soluciones inform\u00e1ticas, gesti\u00f3n documental y digitalizaci\u00f3n de textos, edici\u00f3n y maquetaci\u00f3n de libros, revistas, flyers, etc.\",\"sameAs\":[\"http:\/\/chento.org\",\"https:\/\/www.facebook.com\/JavierChento\",\"https:\/\/x.com\/https:\/\/twitter.com\/javierchento\"],\"url\":\"http:\/\/vincentians.com\/fr\/author\/chento\/\"}]}<\/script>\n<!-- \/ Yoast SEO plugin. -->","yoast_head_json":{"title":"Eph\u00e9m\u00e9rides: 20 juilliet - Nous Sommes Vincentiens","robots":{"index":"index","follow":"follow","max-snippet":"max-snippet:-1","max-image-preview":"max-image-preview:large","max-video-preview":"max-video-preview:-1"},"canonical":"http:\/\/vincentians.com\/fr\/ephemerides-20-juilliet\/","og_locale":"fr_FR","og_type":"article","og_title":"Eph\u00e9m\u00e9rides: 20 juilliet - Nous Sommes Vincentiens","og_description":"1657. Monsieur Berthe termine la Visite de la Communaut\u00e9 de l\u2019h\u00f4pital de Ch\u00e2teaudun et laisse aux S\u0153urs quelques Avis sur la mani\u00e8re d\u2019accomplir leur service et de se comporter avec les Fr\u00e8res (des religieux) et ... Read More","og_url":"http:\/\/vincentians.com\/fr\/ephemerides-20-juilliet\/","og_site_name":"Nous Sommes Vincentiens","article_publisher":"https:\/\/www.facebook.com\/WeAreVincentians\/","article_author":"https:\/\/www.facebook.com\/JavierChento","article_published_time":"2017-07-19T22:01:51+00:00","og_image":[{"width":1200,"height":630,"url":"https:\/\/i0.wp.com\/vincentians.com\/fr\/wp-content\/uploads\/sites\/10\/2016\/07\/ephemerides-fb.jpg?fit=1200%2C630","type":"image\/jpeg"}],"author":"Francisco Javier Fern\u00e1ndez Chento","twitter_card":"summary_large_image","twitter_creator":"@https:\/\/twitter.com\/javierchento","twitter_site":"@WeVincentians","twitter_misc":{"\u00c9crit par":"Francisco Javier Fern\u00e1ndez Chento","Dur\u00e9e de lecture estim\u00e9e":"3 minutes"},"schema":{"@context":"https:\/\/schema.org","@graph":[{"@type":"WebPage","@id":"http:\/\/vincentians.com\/fr\/ephemerides-20-juilliet\/","url":"http:\/\/vincentians.com\/fr\/ephemerides-20-juilliet\/","name":"Eph\u00e9m\u00e9rides: 20 juilliet - Nous Sommes Vincentiens","isPartOf":{"@id":"http:\/\/vincentians.com\/fr\/#website"},"primaryImageOfPage":{"@id":"http:\/\/vincentians.com\/fr\/ephemerides-20-juilliet\/#primaryimage"},"image":{"@id":"http:\/\/vincentians.com\/fr\/ephemerides-20-juilliet\/#primaryimage"},"thumbnailUrl":"https:\/\/i0.wp.com\/vincentians.com\/fr\/wp-content\/uploads\/sites\/10\/2016\/07\/ephemerides-fb.jpg?fit=1200%2C630","datePublished":"2017-07-19T22:01:51+00:00","author":{"@id":"http:\/\/vincentians.com\/fr\/#\/schema\/person\/9623ef4d9aa3b2dfb8c061f1499288f2"},"breadcrumb":{"@id":"http:\/\/vincentians.com\/fr\/ephemerides-20-juilliet\/#breadcrumb"},"inLanguage":"fr-FR","potentialAction":[{"@type":"ReadAction","target":["http:\/\/vincentians.com\/fr\/ephemerides-20-juilliet\/"]}]},{"@type":"ImageObject","inLanguage":"fr-FR","@id":"http:\/\/vincentians.com\/fr\/ephemerides-20-juilliet\/#primaryimage","url":"https:\/\/i0.wp.com\/vincentians.com\/fr\/wp-content\/uploads\/sites\/10\/2016\/07\/ephemerides-fb.jpg?fit=1200%2C630","contentUrl":"https:\/\/i0.wp.com\/vincentians.com\/fr\/wp-content\/uploads\/sites\/10\/2016\/07\/ephemerides-fb.jpg?fit=1200%2C630","width":1200,"height":630},{"@type":"BreadcrumbList","@id":"http:\/\/vincentians.com\/fr\/ephemerides-20-juilliet\/#breadcrumb","itemListElement":[{"@type":"ListItem","position":1,"name":"Portada","item":"http:\/\/vincentians.com\/fr\/"},{"@type":"ListItem","position":2,"name":"Eph\u00e9m\u00e9rides: 20 juilliet"}]},{"@type":"WebSite","@id":"http:\/\/vincentians.com\/fr\/#website","url":"http:\/\/vincentians.com\/fr\/","name":"Nous Sommes Vincentiens","description":"Know more to serve more","potentialAction":[{"@type":"SearchAction","target":{"@type":"EntryPoint","urlTemplate":"http:\/\/vincentians.com\/fr\/?s={search_term_string}"},"query-input":{"@type":"PropertyValueSpecification","valueRequired":true,"valueName":"search_term_string"}}],"inLanguage":"fr-FR"},{"@type":"Person","@id":"http:\/\/vincentians.com\/fr\/#\/schema\/person\/9623ef4d9aa3b2dfb8c061f1499288f2","name":"Francisco Javier Fern\u00e1ndez Chento","image":{"@type":"ImageObject","inLanguage":"fr-FR","@id":"http:\/\/vincentians.com\/fr\/#\/schema\/person\/image\/","url":"https:\/\/secure.gravatar.com\/avatar\/497d5cde87b4c3d097d0315953521681ba2cd523ee66e5077c3711f7021e65de?s=96&d=mm&r=g","contentUrl":"https:\/\/secure.gravatar.com\/avatar\/497d5cde87b4c3d097d0315953521681ba2cd523ee66e5077c3711f7021e65de?s=96&d=mm&r=g","caption":"Francisco Javier Fern\u00e1ndez Chento"},"description":"Director General y cofundador de La Red de Formaci\u00f3n Vicenciana. Javier es laico vicenciano, afiliado a la Congregaci\u00f3n de la Misi\u00f3n y miembro del Equipo de Misiones Populares de la provincia can\u00f3nica de Zaragoza (Espa\u00f1a) de la Congregaci\u00f3n de la Misi\u00f3n. Graduado en la Universidad Oberta de Catalunya con cuatro grados (Asistente de direcci\u00f3n, Gesti\u00f3n Administrativa, Recursos Humanos y Contabilidad Avanzada). Bil\u00edng\u00fce Espa\u00f1ol\/Ingl\u00e9s. gestiona y mantiene varias p\u00e1ginas web cristianas y vicencianas, incluida including La Red de Formaci\u00f3n Vicenciana, de la que es cofundador. Actualmente es responsable del \u00e1rea de Espa\u00f1ol de .famvin, la Red de Noticias de la Familia Vicenciana. Tambi\u00e9n es m\u00fasico cat\u00f3lico y ha editado varios discos. Es Director General y cofundador de Trovador, una reconocida compa\u00f1\u00eda discogr\u00e1fica critiana de Espa\u00f1a. Trabaja en las Tecnolog\u00edas de la Informaci\u00f3n, ofreciendo servicios de alojamiento, dise\u00f1o y mantenimiento Web, as\u00ed como asesoramiento, formaci\u00f3n y soluciones inform\u00e1ticas, gesti\u00f3n documental y digitalizaci\u00f3n de textos, edici\u00f3n y maquetaci\u00f3n de libros, revistas, flyers, etc.","sameAs":["http:\/\/chento.org","https:\/\/www.facebook.com\/JavierChento","https:\/\/x.com\/https:\/\/twitter.com\/javierchento"],"url":"http:\/\/vincentians.com\/fr\/author\/chento\/"}]}},"jetpack_publicize_connections":[],"jetpack_featured_media_url":"https:\/\/i0.wp.com\/vincentians.com\/fr\/wp-content\/uploads\/sites\/10\/2016\/07\/ephemerides-fb.jpg?fit=1200%2C630","jetpack_sharing_enabled":true,"jetpack_shortlink":"https:\/\/wp.me\/p7ETMP-NfC","jetpack-related-posts":[{"id":190226,"url":"http:\/\/vincentians.com\/fr\/ephemerides-05-octobre\/","url_meta":{"origin":189324,"position":0},"title":"Eph\u00e9m\u00e9rides : 05 octobre","author":"Francisco Javier Fern\u00e1ndez Chento","date":"05\/10\/2016","format":false,"excerpt":"1669. \u00c0 Paris, mort du fameux Fr\u00e8re Mathieu Regnard qui transmit les aum\u00f4nes recueillies par saint Vincent aux provinces ruin\u00e9es de la Lorraine et de l\u2019Artois. (R) 1716. \u00c0 la suite du scandale donn\u00e9 par une S\u0153ur, Monsieur Bonnet envoie une circulaire d\u00e9fendant express\u00e9ment de faire de la contrebande en\u2026","rel":"","context":"Dans &quot;\u00c9ph\u00e9m\u00e9rides vincentiens&quot;","block_context":{"text":"\u00c9ph\u00e9m\u00e9rides vincentiens","link":"http:\/\/vincentians.com\/fr\/category\/ephemerides-vincentiens\/"},"img":{"alt_text":"","src":"https:\/\/i0.wp.com\/vincentians.com\/fr\/wp-content\/uploads\/sites\/10\/2016\/07\/ephemerides-fb.jpg?fit=1200%2C630&resize=350%2C200","width":350,"height":200,"srcset":"https:\/\/i0.wp.com\/vincentians.com\/fr\/wp-content\/uploads\/sites\/10\/2016\/07\/ephemerides-fb.jpg?fit=1200%2C630&resize=350%2C200 1x, https:\/\/i0.wp.com\/vincentians.com\/fr\/wp-content\/uploads\/sites\/10\/2016\/07\/ephemerides-fb.jpg?fit=1200%2C630&resize=525%2C300 1.5x, https:\/\/i0.wp.com\/vincentians.com\/fr\/wp-content\/uploads\/sites\/10\/2016\/07\/ephemerides-fb.jpg?fit=1200%2C630&resize=700%2C400 2x, https:\/\/i0.wp.com\/vincentians.com\/fr\/wp-content\/uploads\/sites\/10\/2016\/07\/ephemerides-fb.jpg?fit=1200%2C630&resize=1050%2C600 3x"},"classes":[]},{"id":190069,"url":"http:\/\/vincentians.com\/fr\/ephemerides-13-aout\/","url_meta":{"origin":189324,"position":1},"title":"Eph\u00e9m\u00e9rides: 13 ao\u00fbt","author":"Francisco Javier Fern\u00e1ndez Chento","date":"13\/08\/2016","format":false,"excerpt":"1685. Le procureur de l\u2019Ev\u00eaque et des administrateurs de l\u2019h\u00f4pital de Montauban signe, devant notaires \u00e0 Paris, le contrat d\u2019\u00e9tablissement de quatre S\u0153urs pour le soulagement des pauvres malades et la gloire de Dieu. S\u0153ur Adrienne Hurpy est la premi\u00e8re S\u0153ur Servante. (C) 1705. Le procureur des Dames de la\u2026","rel":"","context":"Dans &quot;\u00c9ph\u00e9m\u00e9rides vincentiens&quot;","block_context":{"text":"\u00c9ph\u00e9m\u00e9rides vincentiens","link":"http:\/\/vincentians.com\/fr\/category\/ephemerides-vincentiens\/"},"img":{"alt_text":"","src":"https:\/\/i0.wp.com\/vincentians.com\/fr\/wp-content\/uploads\/sites\/10\/2016\/07\/ephemerides-fb.jpg?fit=1200%2C630&resize=350%2C200","width":350,"height":200,"srcset":"https:\/\/i0.wp.com\/vincentians.com\/fr\/wp-content\/uploads\/sites\/10\/2016\/07\/ephemerides-fb.jpg?fit=1200%2C630&resize=350%2C200 1x, https:\/\/i0.wp.com\/vincentians.com\/fr\/wp-content\/uploads\/sites\/10\/2016\/07\/ephemerides-fb.jpg?fit=1200%2C630&resize=525%2C300 1.5x, https:\/\/i0.wp.com\/vincentians.com\/fr\/wp-content\/uploads\/sites\/10\/2016\/07\/ephemerides-fb.jpg?fit=1200%2C630&resize=700%2C400 2x, https:\/\/i0.wp.com\/vincentians.com\/fr\/wp-content\/uploads\/sites\/10\/2016\/07\/ephemerides-fb.jpg?fit=1200%2C630&resize=1050%2C600 3x"},"classes":[]},{"id":103883,"url":"http:\/\/vincentians.com\/fr\/ephemerides-20-octobre\/","url_meta":{"origin":189324,"position":2},"title":"Eph\u00e9m\u00e9rides: 20 octobre","author":"Francisco Javier Fern\u00e1ndez Chento","date":"20\/10\/2016","format":false,"excerpt":"1622. \u00c0 Rome, le pape Gr\u00e9goire XV, signe la bulle \u00abUniversi orbis\u00bb qui \u00e9l\u00e8ve l\u2019\u00e9v\u00each\u00e9 de Paris au rang d\u2019archev\u00each\u00e9 et lui donne pour suffragants les dioc\u00e8ses de Chartres, Meaux et Orl\u00e9ans. Le premier titulaire du nouvel archev\u00each\u00e9 est Jean-Fran\u00e7ois de Gondi qui sera sacr\u00e9 le 19 f\u00e9vrier de l\u2019ann\u00e9e\u2026","rel":"","context":"Dans &quot;\u00c9ph\u00e9m\u00e9rides vincentiens&quot;","block_context":{"text":"\u00c9ph\u00e9m\u00e9rides vincentiens","link":"http:\/\/vincentians.com\/fr\/category\/ephemerides-vincentiens\/"},"img":{"alt_text":"","src":"https:\/\/i0.wp.com\/vincentians.com\/fr\/wp-content\/uploads\/sites\/10\/2016\/07\/ephemerides-fb.jpg?fit=1200%2C630&resize=350%2C200","width":350,"height":200,"srcset":"https:\/\/i0.wp.com\/vincentians.com\/fr\/wp-content\/uploads\/sites\/10\/2016\/07\/ephemerides-fb.jpg?fit=1200%2C630&resize=350%2C200 1x, https:\/\/i0.wp.com\/vincentians.com\/fr\/wp-content\/uploads\/sites\/10\/2016\/07\/ephemerides-fb.jpg?fit=1200%2C630&resize=525%2C300 1.5x, https:\/\/i0.wp.com\/vincentians.com\/fr\/wp-content\/uploads\/sites\/10\/2016\/07\/ephemerides-fb.jpg?fit=1200%2C630&resize=700%2C400 2x, https:\/\/i0.wp.com\/vincentians.com\/fr\/wp-content\/uploads\/sites\/10\/2016\/07\/ephemerides-fb.jpg?fit=1200%2C630&resize=1050%2C600 3x"},"classes":[]},{"id":190132,"url":"http:\/\/vincentians.com\/fr\/ephemerides-20-aout\/","url_meta":{"origin":189324,"position":3},"title":"Eph\u00e9m\u00e9rides : 20 ao\u00fbt","author":"Francisco Javier Fern\u00e1ndez Chento","date":"20\/08\/2016","format":false,"excerpt":"1617. \u00c0 Ch\u00e2tillon-les-Dombes, dont il est le cur\u00e9 depuis un mois, Monsieur Vincent lance, au pr\u00f4ne, un appel en faveur d\u2019une famille malade d\u2019un village voisin. L\u2019apr\u00e8s-midi, c\u2019est une v\u00e9ritable procession de charit\u00e9 qui s\u2019y rend. Le g\u00e9nie organisateur de Monsieur Vincent a vite fait de voir ce qu\u2019il peut\u2026","rel":"","context":"Dans &quot;\u00c9ph\u00e9m\u00e9rides vincentiens&quot;","block_context":{"text":"\u00c9ph\u00e9m\u00e9rides vincentiens","link":"http:\/\/vincentians.com\/fr\/category\/ephemerides-vincentiens\/"},"img":{"alt_text":"","src":"https:\/\/i0.wp.com\/vincentians.com\/fr\/wp-content\/uploads\/sites\/10\/2016\/07\/ephemerides-fb.jpg?fit=1200%2C630&resize=350%2C200","width":350,"height":200,"srcset":"https:\/\/i0.wp.com\/vincentians.com\/fr\/wp-content\/uploads\/sites\/10\/2016\/07\/ephemerides-fb.jpg?fit=1200%2C630&resize=350%2C200 1x, https:\/\/i0.wp.com\/vincentians.com\/fr\/wp-content\/uploads\/sites\/10\/2016\/07\/ephemerides-fb.jpg?fit=1200%2C630&resize=525%2C300 1.5x, https:\/\/i0.wp.com\/vincentians.com\/fr\/wp-content\/uploads\/sites\/10\/2016\/07\/ephemerides-fb.jpg?fit=1200%2C630&resize=700%2C400 2x, https:\/\/i0.wp.com\/vincentians.com\/fr\/wp-content\/uploads\/sites\/10\/2016\/07\/ephemerides-fb.jpg?fit=1200%2C630&resize=1050%2C600 3x"},"classes":[]},{"id":190164,"url":"http:\/\/vincentians.com\/fr\/ephemerides-07-septembre\/","url_meta":{"origin":189324,"position":4},"title":"Eph\u00e9m\u00e9rides : 07 septembre","author":"Francisco Javier Fern\u00e1ndez Chento","date":"07\/09\/2016","format":false,"excerpt":"1652. \u00c0 Paris, pour la premi\u00e8re fois, les Filles de la Charit\u00e9 se disposent a franchir les fronti\u00e8res de la France\u00a0: Monsieur Vincent, en effet, r\u00e9pond au d\u00e9sir de Louise-Marie de Gonzague, Reine de Pologne, et lui envoie trois S\u0153urs\u00a0: Marguerite Moreau, Madeleine Drugeon et Fran\u00e7oise Douelle. Apr\u00e8s \u00eatre pass\u00e9es\u2026","rel":"","context":"Dans &quot;\u00c9ph\u00e9m\u00e9rides vincentiens&quot;","block_context":{"text":"\u00c9ph\u00e9m\u00e9rides vincentiens","link":"http:\/\/vincentians.com\/fr\/category\/ephemerides-vincentiens\/"},"img":{"alt_text":"","src":"https:\/\/i0.wp.com\/vincentians.com\/fr\/wp-content\/uploads\/sites\/10\/2016\/07\/ephemerides-fb.jpg?fit=1200%2C630&resize=350%2C200","width":350,"height":200,"srcset":"https:\/\/i0.wp.com\/vincentians.com\/fr\/wp-content\/uploads\/sites\/10\/2016\/07\/ephemerides-fb.jpg?fit=1200%2C630&resize=350%2C200 1x, https:\/\/i0.wp.com\/vincentians.com\/fr\/wp-content\/uploads\/sites\/10\/2016\/07\/ephemerides-fb.jpg?fit=1200%2C630&resize=525%2C300 1.5x, https:\/\/i0.wp.com\/vincentians.com\/fr\/wp-content\/uploads\/sites\/10\/2016\/07\/ephemerides-fb.jpg?fit=1200%2C630&resize=700%2C400 2x, https:\/\/i0.wp.com\/vincentians.com\/fr\/wp-content\/uploads\/sites\/10\/2016\/07\/ephemerides-fb.jpg?fit=1200%2C630&resize=1050%2C600 3x"},"classes":[]},{"id":104137,"url":"http:\/\/vincentians.com\/fr\/ephemerides-2-novembre\/","url_meta":{"origin":189324,"position":5},"title":"Eph\u00e9m\u00e9rides: 2 novembre","author":"Francisco Javier Fern\u00e1ndez Chento","date":"02\/11\/2016","format":false,"excerpt":"1651. \u00c0 Varsovie, c\u2019est dans les d\u00e9buts de novembre qu\u2019arrive la premi\u00e8re \u00e9quipe missionnaire envoy\u00e9e par Monsieur Vincent lui-m\u00eame. Il r\u00e9pond de la sorte \u00e0 une lettre de la reine Louise-Marie de Gonzague qui l\u2019a suppli\u00e9 de donner quelques-uns de ses fils \u00e0 la Pologne. Avant son mariage avec le\u2026","rel":"","context":"Dans &quot;\u00c9ph\u00e9m\u00e9rides vincentiens&quot;","block_context":{"text":"\u00c9ph\u00e9m\u00e9rides vincentiens","link":"http:\/\/vincentians.com\/fr\/category\/ephemerides-vincentiens\/"},"img":{"alt_text":"","src":"https:\/\/i0.wp.com\/vincentians.com\/fr\/wp-content\/uploads\/sites\/10\/2016\/07\/ephemerides-fb.jpg?fit=1200%2C630&resize=350%2C200","width":350,"height":200,"srcset":"https:\/\/i0.wp.com\/vincentians.com\/fr\/wp-content\/uploads\/sites\/10\/2016\/07\/ephemerides-fb.jpg?fit=1200%2C630&resize=350%2C200 1x, https:\/\/i0.wp.com\/vincentians.com\/fr\/wp-content\/uploads\/sites\/10\/2016\/07\/ephemerides-fb.jpg?fit=1200%2C630&resize=525%2C300 1.5x, https:\/\/i0.wp.com\/vincentians.com\/fr\/wp-content\/uploads\/sites\/10\/2016\/07\/ephemerides-fb.jpg?fit=1200%2C630&resize=700%2C400 2x, https:\/\/i0.wp.com\/vincentians.com\/fr\/wp-content\/uploads\/sites\/10\/2016\/07\/ephemerides-fb.jpg?fit=1200%2C630&resize=1050%2C600 3x"},"classes":[]}],"_links":{"self":[{"href":"http:\/\/vincentians.com\/fr\/wp-json\/wp\/v2\/posts\/189324","targetHints":{"allow":["GET"]}}],"collection":[{"href":"http:\/\/vincentians.com\/fr\/wp-json\/wp\/v2\/posts"}],"about":[{"href":"http:\/\/vincentians.com\/fr\/wp-json\/wp\/v2\/types\/post"}],"author":[{"embeddable":true,"href":"http:\/\/vincentians.com\/fr\/wp-json\/wp\/v2\/users\/4"}],"replies":[{"embeddable":true,"href":"http:\/\/vincentians.com\/fr\/wp-json\/wp\/v2\/comments?post=189324"}],"version-history":[{"count":0,"href":"http:\/\/vincentians.com\/fr\/wp-json\/wp\/v2\/posts\/189324\/revisions"}],"wp:featuredmedia":[{"embeddable":true,"href":"http:\/\/vincentians.com\/fr\/wp-json\/wp\/v2\/media\/149897"}],"wp:attachment":[{"href":"http:\/\/vincentians.com\/fr\/wp-json\/wp\/v2\/media?parent=189324"}],"wp:term":[{"taxonomy":"category","embeddable":true,"href":"http:\/\/vincentians.com\/fr\/wp-json\/wp\/v2\/categories?post=189324"},{"taxonomy":"post_tag","embeddable":true,"href":"http:\/\/vincentians.com\/fr\/wp-json\/wp\/v2\/tags?post=189324"}],"curies":[{"name":"wp","href":"https:\/\/api.w.org\/{rel}","templated":true}]}}