{"id":189321,"date":"2017-07-17T00:01:48","date_gmt":"2017-07-16T22:01:48","guid":{"rendered":"http:\/\/vincentians.com\/fr\/?p=189321"},"modified":"2016-08-09T18:14:08","modified_gmt":"2016-08-09T16:14:08","slug":"ephemerides-17-juilliet","status":"publish","type":"post","link":"http:\/\/vincentians.com\/fr\/ephemerides-17-juilliet\/","title":{"rendered":"Eph\u00e9m\u00e9rides: 17 juilliet"},"content":{"rendered":"<p><b>1699<\/b>. Monsieur Fran\u00e7ois de Lamoignon, seigneur de Basville, vient r\u00e9gulariser la situation des deux S\u0153urs \u00e9tablies sur ses terres et qui, depuis le 12 octobre 1689, assistent les malades de Saint Cheron et des hameaux environnants. Le contrat est sign\u00e9 devant notaire par lui-m\u00eame et M\u00e8re Julienne La Boue et les S\u0153urs offici\u00e8res. (C)<\/p>\n<p><b>1787<\/b>. \u00c0 Paris, le Parlement enregistre les lettres royales par lesquelles Louis XVI confirme l\u2019ordonnance de l\u2019\u00e9v\u00eaque de Soissons, Mgr Henri de Bourdeilles, qui confie son grand s\u00e9minaire aux Pr\u00eatres de la Mission. En r\u00e9alit\u00e9, les premiers Lazaristes \u00e9taient install\u00e9s \u00e0 Soissons depuis 1772, apr\u00e8s un an de tractations entre Mgr de Bourdeilles et le sup\u00e9rieur g\u00e9n\u00e9ral, M. Jacquier. Le premier sup\u00e9rieur de Soissons fut M. Fran\u00e7ois-Florentin Brunet qui, de 1800 \u00e0 1806, devait remplir les fonctions de vicaire g\u00e9n\u00e9ral de la petite Compagnie. Il demeura trois ans \u00e0 Soissons et sut gagner l\u2019estime de ceux qui, dans l\u2019entourage de, l\u2019\u00e9v\u00eaque, s\u2019\u00e9taient d\u2019abord montr\u00e9s hostiles \u00e0 notre venue. La R\u00e9volution mettra un terme brutal aux douze premi\u00e8res ann\u00e9es de pr\u00e9sence vincentienne \u00e0 Soissons. Les confr\u00e8res reprendront la direction de ce s\u00e9minaire en 1816,mais pour deux ans seulement, puis \u00e0 partir de 1858 et jusqu\u2019en 1886, date o\u00f9, devant les id\u00e9es de l\u2019\u00e9v\u00eaque, le P\u00e8re Fiat crut de son devoir de rappeler nos seize confr\u00e8res \u00e9tablis \u00e0 Soissons\u00a0: les uns formant \u00e9quipe de missions, les autres charg\u00e9s du grand et du petit s\u00e9minaire. De ce dernier le sup\u00e9rieur \u00e9tait M. Fran\u00e7ois Lobry que la Turquie va recevoir (1).<\/p>\n<p><b>1828<\/b>. \u00c0 Madrid, notre confr\u00e8re, M. Fortunato Feu, sup\u00e9rieur de Barcelone et visiteur d\u2019Espagne, ouvre la maison de la \u00abCalle del Barquillo\u00bb, qui devient d\u00e9sormais la r\u00e9sidence du visiteur. Elle est le huiti\u00e8me \u00e9tablissement de la Mission sur la sol espagnol. Au mois d\u2019ao\u00fbt, l\u2019un des plus illustres Lazaristes d\u2019Espagne, M. Joseph Borja, viendra \u00e0 la \u00abCalle del Barquillo\u00bb diriger le s\u00e9minaire interne, qui demeurera en ce lieu jusqu\u2019\u00e0 la r\u00e9volution de 1834 (2).<\/p>\n<p><b>1954<\/b>. \u00c0 Rome, dans la basilique Saint-Pierre, se cl\u00f4ture le Congr\u00e8s international des Enfants de Marie. Il a d\u00e9but\u00e9 le 13 juillet. Le T.H. P\u00e8re a eu \u00e0 c\u0153ur d\u2019assister \u00e0 trois grandes assembl\u00e9es de langues diff\u00e9rentes\u00a0: \u00e0 Sainte-Marie-des-Anges, o\u00f9 l\u2019on a parl\u00e9 fran\u00e7ais\u00a0; \u00e0 l&rsquo;\u00abAula magna\u00bb de l\u2019Antonianum o\u00f9 l\u2019on a us\u00e9 de l\u2019italien\u00a0; au s\u00e9minaire du Latran o\u00f9 l\u2019espagnol fut employ\u00e9. D\u2019illustres personnalit\u00e9s du monde eccl\u00e9siastique ont honor\u00e9 ces r\u00e9unions de leur pr\u00e9sence. Aujourd\u2019hui, apr\u00e8s la messe c\u00e9l\u00e9br\u00e9e par le cardinal Micara, vicaire du Saint-P\u00e8re, Pie XII est descendu dans la basilique vaticane. Apr\u00e8s que les ovations qui l\u2019accueillent se sont calm\u00e9es et que le Tr\u00e8s Honor\u00e9 P\u00e8re lui a eu pr\u00e9sent\u00e9 ses hommages, le Souverain Pontife, pendant vingt minutes, s\u2019adresse en fran\u00e7ais aux milliers de congressistes. Ses paroles font, entre autres choses, ressortir l\u2019actuelle n\u00e9cessit\u00e9, dans l\u2019\u00c9glise et dans le monde, de l\u2019Association des Enfants de Marie (3),<\/p>\n<dl>\n<dd>1) Notices, IV, p. 625\u00a0; Circulaires, t. II, p. 268\u00a0; Annales, t. 103, pp. 42-50\u00a0; t. 101, pp 941-950,<\/dd>\n<dd>2) Annales, t. 117, p. 497\u00a0; t. 40, p. 64\u00a0; t. 59, pp. 148 sq\u00a0: t. 77, p. 41.<\/dd>\n<dd>3) Annales. t. 119-120, pp. 146-153.<\/dd>\n<\/dl>\n","protected":false},"excerpt":{"rendered":"<p>1699. Monsieur Fran\u00e7ois de Lamoignon, seigneur de Basville, vient r\u00e9gulariser la situation des deux S\u0153urs \u00e9tablies sur ses terres et qui, depuis le 12 octobre 1689, assistent les malades de Saint Cheron et des hameaux &#8230; <a href=\"http:\/\/vincentians.com\/fr\/ephemerides-17-juilliet\/\" class=\"more-link\">Read More<\/a><\/p>\n","protected":false},"author":4,"featured_media":149897,"comment_status":"open","ping_status":"open","sticky":false,"template":"","format":"standard","meta":{"jetpack_post_was_ever_published":false,"_jetpack_newsletter_access":"","_jetpack_dont_email_post_to_subs":false,"_jetpack_newsletter_tier_id":0,"_jetpack_memberships_contains_paywalled_content":false,"_jetpack_memberships_contains_paid_content":false,"footnotes":"","jetpack_publicize_message":"","jetpack_publicize_feature_enabled":true,"jetpack_social_post_already_shared":true,"jetpack_social_options":{"image_generator_settings":{"template":"highway","default_image_id":0,"font":"","enabled":false},"version":2}},"categories":[119],"tags":[],"class_list":["post-189321","post","type-post","status-publish","format-standard","has-post-thumbnail","hentry","category-ephemerides-vincentiens"],"yoast_head":"<!-- This site is optimized with the Yoast SEO plugin v26.3 - https:\/\/yoast.com\/wordpress\/plugins\/seo\/ -->\n<title>Eph\u00e9m\u00e9rides: 17 juilliet - Nous Sommes Vincentiens<\/title>\n<meta name=\"robots\" content=\"index, follow, max-snippet:-1, max-image-preview:large, max-video-preview:-1\" \/>\n<link rel=\"canonical\" href=\"http:\/\/vincentians.com\/fr\/ephemerides-17-juilliet\/\" \/>\n<meta property=\"og:locale\" content=\"fr_FR\" \/>\n<meta property=\"og:type\" content=\"article\" \/>\n<meta property=\"og:title\" content=\"Eph\u00e9m\u00e9rides: 17 juilliet - Nous Sommes Vincentiens\" \/>\n<meta property=\"og:description\" content=\"1699. Monsieur Fran\u00e7ois de Lamoignon, seigneur de Basville, vient r\u00e9gulariser la situation des deux S\u0153urs \u00e9tablies sur ses terres et qui, depuis le 12 octobre 1689, assistent les malades de Saint Cheron et des hameaux ... Read More\" \/>\n<meta property=\"og:url\" content=\"http:\/\/vincentians.com\/fr\/ephemerides-17-juilliet\/\" \/>\n<meta property=\"og:site_name\" content=\"Nous Sommes Vincentiens\" \/>\n<meta property=\"article:publisher\" content=\"https:\/\/www.facebook.com\/WeAreVincentians\/\" \/>\n<meta property=\"article:author\" content=\"https:\/\/www.facebook.com\/JavierChento\" \/>\n<meta property=\"article:published_time\" content=\"2017-07-16T22:01:48+00:00\" \/>\n<meta property=\"og:image\" content=\"https:\/\/i0.wp.com\/vincentians.com\/fr\/wp-content\/uploads\/sites\/10\/2016\/07\/ephemerides-fb.jpg?fit=1200%2C630\" \/>\n\t<meta property=\"og:image:width\" content=\"1200\" \/>\n\t<meta property=\"og:image:height\" content=\"630\" \/>\n\t<meta property=\"og:image:type\" content=\"image\/jpeg\" \/>\n<meta name=\"author\" content=\"Francisco Javier Fern\u00e1ndez Chento\" \/>\n<meta name=\"twitter:card\" content=\"summary_large_image\" \/>\n<meta name=\"twitter:creator\" content=\"@https:\/\/twitter.com\/javierchento\" \/>\n<meta name=\"twitter:site\" content=\"@WeVincentians\" \/>\n<meta name=\"twitter:label1\" content=\"\u00c9crit par\" \/>\n\t<meta name=\"twitter:data1\" content=\"Francisco Javier Fern\u00e1ndez Chento\" \/>\n\t<meta name=\"twitter:label2\" content=\"Dur\u00e9e de lecture estim\u00e9e\" \/>\n\t<meta name=\"twitter:data2\" content=\"3 minutes\" \/>\n<script type=\"application\/ld+json\" class=\"yoast-schema-graph\">{\"@context\":\"https:\/\/schema.org\",\"@graph\":[{\"@type\":\"WebPage\",\"@id\":\"http:\/\/vincentians.com\/fr\/ephemerides-17-juilliet\/\",\"url\":\"http:\/\/vincentians.com\/fr\/ephemerides-17-juilliet\/\",\"name\":\"Eph\u00e9m\u00e9rides: 17 juilliet - Nous Sommes Vincentiens\",\"isPartOf\":{\"@id\":\"http:\/\/vincentians.com\/fr\/#website\"},\"primaryImageOfPage\":{\"@id\":\"http:\/\/vincentians.com\/fr\/ephemerides-17-juilliet\/#primaryimage\"},\"image\":{\"@id\":\"http:\/\/vincentians.com\/fr\/ephemerides-17-juilliet\/#primaryimage\"},\"thumbnailUrl\":\"https:\/\/i0.wp.com\/vincentians.com\/fr\/wp-content\/uploads\/sites\/10\/2016\/07\/ephemerides-fb.jpg?fit=1200%2C630\",\"datePublished\":\"2017-07-16T22:01:48+00:00\",\"author\":{\"@id\":\"http:\/\/vincentians.com\/fr\/#\/schema\/person\/9623ef4d9aa3b2dfb8c061f1499288f2\"},\"breadcrumb\":{\"@id\":\"http:\/\/vincentians.com\/fr\/ephemerides-17-juilliet\/#breadcrumb\"},\"inLanguage\":\"fr-FR\",\"potentialAction\":[{\"@type\":\"ReadAction\",\"target\":[\"http:\/\/vincentians.com\/fr\/ephemerides-17-juilliet\/\"]}]},{\"@type\":\"ImageObject\",\"inLanguage\":\"fr-FR\",\"@id\":\"http:\/\/vincentians.com\/fr\/ephemerides-17-juilliet\/#primaryimage\",\"url\":\"https:\/\/i0.wp.com\/vincentians.com\/fr\/wp-content\/uploads\/sites\/10\/2016\/07\/ephemerides-fb.jpg?fit=1200%2C630\",\"contentUrl\":\"https:\/\/i0.wp.com\/vincentians.com\/fr\/wp-content\/uploads\/sites\/10\/2016\/07\/ephemerides-fb.jpg?fit=1200%2C630\",\"width\":1200,\"height\":630},{\"@type\":\"BreadcrumbList\",\"@id\":\"http:\/\/vincentians.com\/fr\/ephemerides-17-juilliet\/#breadcrumb\",\"itemListElement\":[{\"@type\":\"ListItem\",\"position\":1,\"name\":\"Portada\",\"item\":\"http:\/\/vincentians.com\/fr\/\"},{\"@type\":\"ListItem\",\"position\":2,\"name\":\"Eph\u00e9m\u00e9rides: 17 juilliet\"}]},{\"@type\":\"WebSite\",\"@id\":\"http:\/\/vincentians.com\/fr\/#website\",\"url\":\"http:\/\/vincentians.com\/fr\/\",\"name\":\"Nous Sommes Vincentiens\",\"description\":\"Know more to serve more\",\"potentialAction\":[{\"@type\":\"SearchAction\",\"target\":{\"@type\":\"EntryPoint\",\"urlTemplate\":\"http:\/\/vincentians.com\/fr\/?s={search_term_string}\"},\"query-input\":{\"@type\":\"PropertyValueSpecification\",\"valueRequired\":true,\"valueName\":\"search_term_string\"}}],\"inLanguage\":\"fr-FR\"},{\"@type\":\"Person\",\"@id\":\"http:\/\/vincentians.com\/fr\/#\/schema\/person\/9623ef4d9aa3b2dfb8c061f1499288f2\",\"name\":\"Francisco Javier Fern\u00e1ndez Chento\",\"image\":{\"@type\":\"ImageObject\",\"inLanguage\":\"fr-FR\",\"@id\":\"http:\/\/vincentians.com\/fr\/#\/schema\/person\/image\/\",\"url\":\"https:\/\/secure.gravatar.com\/avatar\/497d5cde87b4c3d097d0315953521681ba2cd523ee66e5077c3711f7021e65de?s=96&d=mm&r=g\",\"contentUrl\":\"https:\/\/secure.gravatar.com\/avatar\/497d5cde87b4c3d097d0315953521681ba2cd523ee66e5077c3711f7021e65de?s=96&d=mm&r=g\",\"caption\":\"Francisco Javier Fern\u00e1ndez Chento\"},\"description\":\"Director General y cofundador de La Red de Formaci\u00f3n Vicenciana. Javier es laico vicenciano, afiliado a la Congregaci\u00f3n de la Misi\u00f3n y miembro del Equipo de Misiones Populares de la provincia can\u00f3nica de Zaragoza (Espa\u00f1a) de la Congregaci\u00f3n de la Misi\u00f3n. Graduado en la Universidad Oberta de Catalunya con cuatro grados (Asistente de direcci\u00f3n, Gesti\u00f3n Administrativa, Recursos Humanos y Contabilidad Avanzada). Bil\u00edng\u00fce Espa\u00f1ol\/Ingl\u00e9s. gestiona y mantiene varias p\u00e1ginas web cristianas y vicencianas, incluida including La Red de Formaci\u00f3n Vicenciana, de la que es cofundador. Actualmente es responsable del \u00e1rea de Espa\u00f1ol de .famvin, la Red de Noticias de la Familia Vicenciana. Tambi\u00e9n es m\u00fasico cat\u00f3lico y ha editado varios discos. Es Director General y cofundador de Trovador, una reconocida compa\u00f1\u00eda discogr\u00e1fica critiana de Espa\u00f1a. Trabaja en las Tecnolog\u00edas de la Informaci\u00f3n, ofreciendo servicios de alojamiento, dise\u00f1o y mantenimiento Web, as\u00ed como asesoramiento, formaci\u00f3n y soluciones inform\u00e1ticas, gesti\u00f3n documental y digitalizaci\u00f3n de textos, edici\u00f3n y maquetaci\u00f3n de libros, revistas, flyers, etc.\",\"sameAs\":[\"http:\/\/chento.org\",\"https:\/\/www.facebook.com\/JavierChento\",\"https:\/\/x.com\/https:\/\/twitter.com\/javierchento\"],\"url\":\"http:\/\/vincentians.com\/fr\/author\/chento\/\"}]}<\/script>\n<!-- \/ Yoast SEO plugin. -->","yoast_head_json":{"title":"Eph\u00e9m\u00e9rides: 17 juilliet - Nous Sommes Vincentiens","robots":{"index":"index","follow":"follow","max-snippet":"max-snippet:-1","max-image-preview":"max-image-preview:large","max-video-preview":"max-video-preview:-1"},"canonical":"http:\/\/vincentians.com\/fr\/ephemerides-17-juilliet\/","og_locale":"fr_FR","og_type":"article","og_title":"Eph\u00e9m\u00e9rides: 17 juilliet - Nous Sommes Vincentiens","og_description":"1699. Monsieur Fran\u00e7ois de Lamoignon, seigneur de Basville, vient r\u00e9gulariser la situation des deux S\u0153urs \u00e9tablies sur ses terres et qui, depuis le 12 octobre 1689, assistent les malades de Saint Cheron et des hameaux ... Read More","og_url":"http:\/\/vincentians.com\/fr\/ephemerides-17-juilliet\/","og_site_name":"Nous Sommes Vincentiens","article_publisher":"https:\/\/www.facebook.com\/WeAreVincentians\/","article_author":"https:\/\/www.facebook.com\/JavierChento","article_published_time":"2017-07-16T22:01:48+00:00","og_image":[{"width":1200,"height":630,"url":"https:\/\/i0.wp.com\/vincentians.com\/fr\/wp-content\/uploads\/sites\/10\/2016\/07\/ephemerides-fb.jpg?fit=1200%2C630","type":"image\/jpeg"}],"author":"Francisco Javier Fern\u00e1ndez Chento","twitter_card":"summary_large_image","twitter_creator":"@https:\/\/twitter.com\/javierchento","twitter_site":"@WeVincentians","twitter_misc":{"\u00c9crit par":"Francisco Javier Fern\u00e1ndez Chento","Dur\u00e9e de lecture estim\u00e9e":"3 minutes"},"schema":{"@context":"https:\/\/schema.org","@graph":[{"@type":"WebPage","@id":"http:\/\/vincentians.com\/fr\/ephemerides-17-juilliet\/","url":"http:\/\/vincentians.com\/fr\/ephemerides-17-juilliet\/","name":"Eph\u00e9m\u00e9rides: 17 juilliet - Nous Sommes Vincentiens","isPartOf":{"@id":"http:\/\/vincentians.com\/fr\/#website"},"primaryImageOfPage":{"@id":"http:\/\/vincentians.com\/fr\/ephemerides-17-juilliet\/#primaryimage"},"image":{"@id":"http:\/\/vincentians.com\/fr\/ephemerides-17-juilliet\/#primaryimage"},"thumbnailUrl":"https:\/\/i0.wp.com\/vincentians.com\/fr\/wp-content\/uploads\/sites\/10\/2016\/07\/ephemerides-fb.jpg?fit=1200%2C630","datePublished":"2017-07-16T22:01:48+00:00","author":{"@id":"http:\/\/vincentians.com\/fr\/#\/schema\/person\/9623ef4d9aa3b2dfb8c061f1499288f2"},"breadcrumb":{"@id":"http:\/\/vincentians.com\/fr\/ephemerides-17-juilliet\/#breadcrumb"},"inLanguage":"fr-FR","potentialAction":[{"@type":"ReadAction","target":["http:\/\/vincentians.com\/fr\/ephemerides-17-juilliet\/"]}]},{"@type":"ImageObject","inLanguage":"fr-FR","@id":"http:\/\/vincentians.com\/fr\/ephemerides-17-juilliet\/#primaryimage","url":"https:\/\/i0.wp.com\/vincentians.com\/fr\/wp-content\/uploads\/sites\/10\/2016\/07\/ephemerides-fb.jpg?fit=1200%2C630","contentUrl":"https:\/\/i0.wp.com\/vincentians.com\/fr\/wp-content\/uploads\/sites\/10\/2016\/07\/ephemerides-fb.jpg?fit=1200%2C630","width":1200,"height":630},{"@type":"BreadcrumbList","@id":"http:\/\/vincentians.com\/fr\/ephemerides-17-juilliet\/#breadcrumb","itemListElement":[{"@type":"ListItem","position":1,"name":"Portada","item":"http:\/\/vincentians.com\/fr\/"},{"@type":"ListItem","position":2,"name":"Eph\u00e9m\u00e9rides: 17 juilliet"}]},{"@type":"WebSite","@id":"http:\/\/vincentians.com\/fr\/#website","url":"http:\/\/vincentians.com\/fr\/","name":"Nous Sommes Vincentiens","description":"Know more to serve more","potentialAction":[{"@type":"SearchAction","target":{"@type":"EntryPoint","urlTemplate":"http:\/\/vincentians.com\/fr\/?s={search_term_string}"},"query-input":{"@type":"PropertyValueSpecification","valueRequired":true,"valueName":"search_term_string"}}],"inLanguage":"fr-FR"},{"@type":"Person","@id":"http:\/\/vincentians.com\/fr\/#\/schema\/person\/9623ef4d9aa3b2dfb8c061f1499288f2","name":"Francisco Javier Fern\u00e1ndez Chento","image":{"@type":"ImageObject","inLanguage":"fr-FR","@id":"http:\/\/vincentians.com\/fr\/#\/schema\/person\/image\/","url":"https:\/\/secure.gravatar.com\/avatar\/497d5cde87b4c3d097d0315953521681ba2cd523ee66e5077c3711f7021e65de?s=96&d=mm&r=g","contentUrl":"https:\/\/secure.gravatar.com\/avatar\/497d5cde87b4c3d097d0315953521681ba2cd523ee66e5077c3711f7021e65de?s=96&d=mm&r=g","caption":"Francisco Javier Fern\u00e1ndez Chento"},"description":"Director General y cofundador de La Red de Formaci\u00f3n Vicenciana. Javier es laico vicenciano, afiliado a la Congregaci\u00f3n de la Misi\u00f3n y miembro del Equipo de Misiones Populares de la provincia can\u00f3nica de Zaragoza (Espa\u00f1a) de la Congregaci\u00f3n de la Misi\u00f3n. Graduado en la Universidad Oberta de Catalunya con cuatro grados (Asistente de direcci\u00f3n, Gesti\u00f3n Administrativa, Recursos Humanos y Contabilidad Avanzada). Bil\u00edng\u00fce Espa\u00f1ol\/Ingl\u00e9s. gestiona y mantiene varias p\u00e1ginas web cristianas y vicencianas, incluida including La Red de Formaci\u00f3n Vicenciana, de la que es cofundador. Actualmente es responsable del \u00e1rea de Espa\u00f1ol de .famvin, la Red de Noticias de la Familia Vicenciana. Tambi\u00e9n es m\u00fasico cat\u00f3lico y ha editado varios discos. Es Director General y cofundador de Trovador, una reconocida compa\u00f1\u00eda discogr\u00e1fica critiana de Espa\u00f1a. Trabaja en las Tecnolog\u00edas de la Informaci\u00f3n, ofreciendo servicios de alojamiento, dise\u00f1o y mantenimiento Web, as\u00ed como asesoramiento, formaci\u00f3n y soluciones inform\u00e1ticas, gesti\u00f3n documental y digitalizaci\u00f3n de textos, edici\u00f3n y maquetaci\u00f3n de libros, revistas, flyers, etc.","sameAs":["http:\/\/chento.org","https:\/\/www.facebook.com\/JavierChento","https:\/\/x.com\/https:\/\/twitter.com\/javierchento"],"url":"http:\/\/vincentians.com\/fr\/author\/chento\/"}]}},"jetpack_publicize_connections":[],"jetpack_featured_media_url":"https:\/\/i0.wp.com\/vincentians.com\/fr\/wp-content\/uploads\/sites\/10\/2016\/07\/ephemerides-fb.jpg?fit=1200%2C630","jetpack_sharing_enabled":true,"jetpack_shortlink":"https:\/\/wp.me\/p7ETMP-Nfz","jetpack-related-posts":[{"id":104136,"url":"http:\/\/vincentians.com\/fr\/ephemerides-3-novembre\/","url_meta":{"origin":189321,"position":0},"title":"Eph\u00e9m\u00e9rides: 3 novembre","author":"Francisco Javier Fern\u00e1ndez Chento","date":"03\/11\/2016","format":false,"excerpt":"1645. Un contrat est pass\u00e9 devant notaire entre Monsieur Fran\u00e7ois du March\u00e9, cur\u00e9 de la paroisse de Serqueux (en Normandie) et les Filles de la Charit\u00e9 sous l\u2019autorit\u00e9 de Monsieur Vincent et Mademoiselle Le Gras, leur Sup\u00e9rieure. Une maison entour\u00e9e d\u2019un terrain plant\u00e9 d\u2019arbres fruitiers leur est donn\u00e9e comme demeure\u2026","rel":"","context":"Dans &quot;\u00c9ph\u00e9m\u00e9rides vincentiens&quot;","block_context":{"text":"\u00c9ph\u00e9m\u00e9rides vincentiens","link":"http:\/\/vincentians.com\/fr\/category\/ephemerides-vincentiens\/"},"img":{"alt_text":"","src":"https:\/\/i0.wp.com\/vincentians.com\/fr\/wp-content\/uploads\/sites\/10\/2016\/07\/ephemerides-fb.jpg?fit=1200%2C630&resize=350%2C200","width":350,"height":200,"srcset":"https:\/\/i0.wp.com\/vincentians.com\/fr\/wp-content\/uploads\/sites\/10\/2016\/07\/ephemerides-fb.jpg?fit=1200%2C630&resize=350%2C200 1x, https:\/\/i0.wp.com\/vincentians.com\/fr\/wp-content\/uploads\/sites\/10\/2016\/07\/ephemerides-fb.jpg?fit=1200%2C630&resize=525%2C300 1.5x, https:\/\/i0.wp.com\/vincentians.com\/fr\/wp-content\/uploads\/sites\/10\/2016\/07\/ephemerides-fb.jpg?fit=1200%2C630&resize=700%2C400 2x, https:\/\/i0.wp.com\/vincentians.com\/fr\/wp-content\/uploads\/sites\/10\/2016\/07\/ephemerides-fb.jpg?fit=1200%2C630&resize=1050%2C600 3x"},"classes":[]},{"id":190183,"url":"http:\/\/vincentians.com\/fr\/ephemerides-23-septembre\/","url_meta":{"origin":189321,"position":1},"title":"Eph\u00e9m\u00e9rides : 23 septembre","author":"Francisco Javier Fern\u00e1ndez Chento","date":"23\/09\/2016","format":false,"excerpt":"1600. \u00c0 Ch\u00e2teau-l\u2019Ev\u00eaque, Fran\u00e7ois de Bourdeilles, \u00e9v\u00eaque de P\u00e9rigueux, conf\u00e8re, dans la chapelle de son ch\u00e2teau, l\u2019onction sacerdotale \u00e0 Vincent de Paul. C\u2019est le samedi des Quatre-Temps. Le jeune pr\u00eatre n\u2019a pas vingt ans. Il n\u2019a donc pas l\u2019\u00e2ge requis\u00a0: une loi eccl\u00e9siastique, accept\u00e9e par le Parlement \u00e0 Blois en\u2026","rel":"","context":"Dans &quot;\u00c9ph\u00e9m\u00e9rides vincentiens&quot;","block_context":{"text":"\u00c9ph\u00e9m\u00e9rides vincentiens","link":"http:\/\/vincentians.com\/fr\/category\/ephemerides-vincentiens\/"},"img":{"alt_text":"","src":"https:\/\/i0.wp.com\/vincentians.com\/fr\/wp-content\/uploads\/sites\/10\/2016\/07\/ephemerides-fb.jpg?fit=1200%2C630&resize=350%2C200","width":350,"height":200,"srcset":"https:\/\/i0.wp.com\/vincentians.com\/fr\/wp-content\/uploads\/sites\/10\/2016\/07\/ephemerides-fb.jpg?fit=1200%2C630&resize=350%2C200 1x, https:\/\/i0.wp.com\/vincentians.com\/fr\/wp-content\/uploads\/sites\/10\/2016\/07\/ephemerides-fb.jpg?fit=1200%2C630&resize=525%2C300 1.5x, https:\/\/i0.wp.com\/vincentians.com\/fr\/wp-content\/uploads\/sites\/10\/2016\/07\/ephemerides-fb.jpg?fit=1200%2C630&resize=700%2C400 2x, https:\/\/i0.wp.com\/vincentians.com\/fr\/wp-content\/uploads\/sites\/10\/2016\/07\/ephemerides-fb.jpg?fit=1200%2C630&resize=1050%2C600 3x"},"classes":[]},{"id":190348,"url":"http:\/\/vincentians.com\/fr\/ephemerides-27-mars\/","url_meta":{"origin":189321,"position":2},"title":"Eph\u00e9m\u00e9rides : 27 mars","author":"Francisco Javier Fern\u00e1ndez Chento","date":"27\/03\/2017","format":false,"excerpt":"1773. \u00c0 Lyon , Fran\u00e7ois-R\u00e9gis Clet, qui a vingt-quatre ans et quatre mois, est ordonn\u00e9 pr\u00eatre par Mgr Jean-Baptiste Bron, \u00e9v\u00eaque titulaire d'Eg\u00e9e et vicaire g\u00e9n\u00e9ral du Primat des Gaules. Le nouveau pr\u00eatre est aussit\u00f4t affect\u00e9 au s\u00e9minaire d'Annecy que nos confr\u00e8res dirigent depuis 1640. Pendant quinze ans, le futur\u2026","rel":"","context":"Dans &quot;\u00c9ph\u00e9m\u00e9rides vincentiens&quot;","block_context":{"text":"\u00c9ph\u00e9m\u00e9rides vincentiens","link":"http:\/\/vincentians.com\/fr\/category\/ephemerides-vincentiens\/"},"img":{"alt_text":"","src":"https:\/\/i0.wp.com\/vincentians.com\/fr\/wp-content\/uploads\/sites\/10\/2016\/07\/ephemerides-fb.jpg?fit=1200%2C630&resize=350%2C200","width":350,"height":200,"srcset":"https:\/\/i0.wp.com\/vincentians.com\/fr\/wp-content\/uploads\/sites\/10\/2016\/07\/ephemerides-fb.jpg?fit=1200%2C630&resize=350%2C200 1x, https:\/\/i0.wp.com\/vincentians.com\/fr\/wp-content\/uploads\/sites\/10\/2016\/07\/ephemerides-fb.jpg?fit=1200%2C630&resize=525%2C300 1.5x, https:\/\/i0.wp.com\/vincentians.com\/fr\/wp-content\/uploads\/sites\/10\/2016\/07\/ephemerides-fb.jpg?fit=1200%2C630&resize=700%2C400 2x, https:\/\/i0.wp.com\/vincentians.com\/fr\/wp-content\/uploads\/sites\/10\/2016\/07\/ephemerides-fb.jpg?fit=1200%2C630&resize=1050%2C600 3x"},"classes":[]},{"id":190398,"url":"http:\/\/vincentians.com\/fr\/ephemerides-13-avril\/","url_meta":{"origin":189321,"position":3},"title":"Eph\u00e9m\u00e9rides : 13 avril","author":"Francisco Javier Fern\u00e1ndez Chento","date":"13\/04\/2017","format":false,"excerpt":"1651. Sainte Louise \u00e9crit elle-m\u00eame le compte rendu du Conseil de ce jour-l\u00e0\u00a0: \"Etant assembl\u00e9es au parloir de Saint-Lazare, ma Soeur Julienne Loret, lors premi\u00e8re assistante, ma Soeur Genevi\u00e8ve Poisson comme ancienne et moi (apr\u00e8s que Monsieur Vincent nous eut demand\u00e9 de quoi il s'agissait), la Soeur Servante lui baillant\u2026","rel":"","context":"Dans &quot;\u00c9ph\u00e9m\u00e9rides vincentiens&quot;","block_context":{"text":"\u00c9ph\u00e9m\u00e9rides vincentiens","link":"http:\/\/vincentians.com\/fr\/category\/ephemerides-vincentiens\/"},"img":{"alt_text":"","src":"https:\/\/i0.wp.com\/vincentians.com\/fr\/wp-content\/uploads\/sites\/10\/2016\/07\/ephemerides-fb.jpg?fit=1200%2C630&resize=350%2C200","width":350,"height":200,"srcset":"https:\/\/i0.wp.com\/vincentians.com\/fr\/wp-content\/uploads\/sites\/10\/2016\/07\/ephemerides-fb.jpg?fit=1200%2C630&resize=350%2C200 1x, https:\/\/i0.wp.com\/vincentians.com\/fr\/wp-content\/uploads\/sites\/10\/2016\/07\/ephemerides-fb.jpg?fit=1200%2C630&resize=525%2C300 1.5x, https:\/\/i0.wp.com\/vincentians.com\/fr\/wp-content\/uploads\/sites\/10\/2016\/07\/ephemerides-fb.jpg?fit=1200%2C630&resize=700%2C400 2x, https:\/\/i0.wp.com\/vincentians.com\/fr\/wp-content\/uploads\/sites\/10\/2016\/07\/ephemerides-fb.jpg?fit=1200%2C630&resize=1050%2C600 3x"},"classes":[]},{"id":190405,"url":"http:\/\/vincentians.com\/fr\/ephemerides-28-avril\/","url_meta":{"origin":189321,"position":4},"title":"Eph\u00e9m\u00e9rides : 28 avril","author":"Francisco Javier Fern\u00e1ndez Chento","date":"28\/04\/2017","format":false,"excerpt":"1830. \u00c0 Paris, la duchesse de Berry, belle-fille de Charles X, \u2014 et qui \u00e9nergique et romanesque, allait, deux ans plus tard, essayer de soulever la Vend\u00e9e contre Louis-Philippe \u2014 vient, sans suite, faire son p\u00e8lerinage aux reliques de saint Vincent. Elle est re\u00e7ue par M. Salhorgne, entour\u00e9 de la\u2026","rel":"","context":"Dans &quot;\u00c9ph\u00e9m\u00e9rides vincentiens&quot;","block_context":{"text":"\u00c9ph\u00e9m\u00e9rides vincentiens","link":"http:\/\/vincentians.com\/fr\/category\/ephemerides-vincentiens\/"},"img":{"alt_text":"","src":"https:\/\/i0.wp.com\/vincentians.com\/fr\/wp-content\/uploads\/sites\/10\/2016\/07\/ephemerides-fb.jpg?fit=1200%2C630&resize=350%2C200","width":350,"height":200,"srcset":"https:\/\/i0.wp.com\/vincentians.com\/fr\/wp-content\/uploads\/sites\/10\/2016\/07\/ephemerides-fb.jpg?fit=1200%2C630&resize=350%2C200 1x, https:\/\/i0.wp.com\/vincentians.com\/fr\/wp-content\/uploads\/sites\/10\/2016\/07\/ephemerides-fb.jpg?fit=1200%2C630&resize=525%2C300 1.5x, https:\/\/i0.wp.com\/vincentians.com\/fr\/wp-content\/uploads\/sites\/10\/2016\/07\/ephemerides-fb.jpg?fit=1200%2C630&resize=700%2C400 2x, https:\/\/i0.wp.com\/vincentians.com\/fr\/wp-content\/uploads\/sites\/10\/2016\/07\/ephemerides-fb.jpg?fit=1200%2C630&resize=1050%2C600 3x"},"classes":[]},{"id":190055,"url":"http:\/\/vincentians.com\/fr\/ephemerides-03-aout\/","url_meta":{"origin":189321,"position":5},"title":"Eph\u00e9m\u00e9rides: 03 ao\u00fbt","author":"Francisco Javier Fern\u00e1ndez Chento","date":"03\/08\/2017","format":false,"excerpt":"1657. \u00c0 G\u00eanes, M. Dominique Boccone meurt de la peste. Seul confr\u00e8re italien de la maison, il est d\u00e9j\u00e0 la troisi\u00e8me des victimes que l\u2019\u00e9pid\u00e9mie a faites dans la maison de G\u00eanes depuis un peu plus de quinze jours. Avant lui, Fran\u00e7ois Vincent \u2014 du dioc\u00e8se de Meaux \u2014 et\u2026","rel":"","context":"Dans &quot;\u00c9ph\u00e9m\u00e9rides vincentiens&quot;","block_context":{"text":"\u00c9ph\u00e9m\u00e9rides vincentiens","link":"http:\/\/vincentians.com\/fr\/category\/ephemerides-vincentiens\/"},"img":{"alt_text":"","src":"https:\/\/i0.wp.com\/vincentians.com\/fr\/wp-content\/uploads\/sites\/10\/2016\/07\/ephemerides-fb.jpg?fit=1200%2C630&resize=350%2C200","width":350,"height":200,"srcset":"https:\/\/i0.wp.com\/vincentians.com\/fr\/wp-content\/uploads\/sites\/10\/2016\/07\/ephemerides-fb.jpg?fit=1200%2C630&resize=350%2C200 1x, https:\/\/i0.wp.com\/vincentians.com\/fr\/wp-content\/uploads\/sites\/10\/2016\/07\/ephemerides-fb.jpg?fit=1200%2C630&resize=525%2C300 1.5x, https:\/\/i0.wp.com\/vincentians.com\/fr\/wp-content\/uploads\/sites\/10\/2016\/07\/ephemerides-fb.jpg?fit=1200%2C630&resize=700%2C400 2x, https:\/\/i0.wp.com\/vincentians.com\/fr\/wp-content\/uploads\/sites\/10\/2016\/07\/ephemerides-fb.jpg?fit=1200%2C630&resize=1050%2C600 3x"},"classes":[]}],"_links":{"self":[{"href":"http:\/\/vincentians.com\/fr\/wp-json\/wp\/v2\/posts\/189321","targetHints":{"allow":["GET"]}}],"collection":[{"href":"http:\/\/vincentians.com\/fr\/wp-json\/wp\/v2\/posts"}],"about":[{"href":"http:\/\/vincentians.com\/fr\/wp-json\/wp\/v2\/types\/post"}],"author":[{"embeddable":true,"href":"http:\/\/vincentians.com\/fr\/wp-json\/wp\/v2\/users\/4"}],"replies":[{"embeddable":true,"href":"http:\/\/vincentians.com\/fr\/wp-json\/wp\/v2\/comments?post=189321"}],"version-history":[{"count":0,"href":"http:\/\/vincentians.com\/fr\/wp-json\/wp\/v2\/posts\/189321\/revisions"}],"wp:featuredmedia":[{"embeddable":true,"href":"http:\/\/vincentians.com\/fr\/wp-json\/wp\/v2\/media\/149897"}],"wp:attachment":[{"href":"http:\/\/vincentians.com\/fr\/wp-json\/wp\/v2\/media?parent=189321"}],"wp:term":[{"taxonomy":"category","embeddable":true,"href":"http:\/\/vincentians.com\/fr\/wp-json\/wp\/v2\/categories?post=189321"},{"taxonomy":"post_tag","embeddable":true,"href":"http:\/\/vincentians.com\/fr\/wp-json\/wp\/v2\/tags?post=189321"}],"curies":[{"name":"wp","href":"https:\/\/api.w.org\/{rel}","templated":true}]}}