{"id":189320,"date":"2017-07-16T00:01:46","date_gmt":"2017-07-15T22:01:46","guid":{"rendered":"http:\/\/vincentians.com\/fr\/?p=189320"},"modified":"2016-08-11T21:55:49","modified_gmt":"2016-08-11T19:55:49","slug":"ephemerides-16-juilliet","status":"publish","type":"post","link":"http:\/\/vincentians.com\/fr\/ephemerides-16-juilliet\/","title":{"rendered":"Eph\u00e9m\u00e9rides: 16 juilliet"},"content":{"rendered":"<p><b>1680<\/b>. Le Seigneur de Vitry, M\u00e8re Mathurine Gu\u00e9rin et les S\u0153urs offici\u00e8res signent le contrat d\u2019\u00e9tablissement de deux S\u0153urs pour le soin des malades et l\u2019instruction des petites filles dans la paroisse de Vitry-sur-Seine, aux environs de Paris. (C)<\/p>\n<p><b>1954<\/b>. Vincent de Paul, au Ch\u00e2telet de Paris, signe le Contrat pour l\u2019\u00e9tablissement des Filles de la Charit\u00e9 en l\u2019h\u00f4pital Saint-Nicolas de Ch\u00e2teaudun. Ce contrat, pr\u00e9par\u00e9 d\u00e8s le 11 juin, a \u00e9t\u00e9 longuement \u00e9tudi\u00e9 par Louise de Marillac qui a fait par \u00e9crit ses remarques. Ce contrat pr\u00e9cise que les S\u0153urs restent sous la d\u00e9pendance du Sup\u00e9rieur g\u00e9n\u00e9ral des Pr\u00eatres de la Mission, mais que pour le service des pauvres, elles doivent ob\u00e9issance aux Administrateurs.<\/p>\n<p><b>1902<\/b>. \u00c0 Samaniego, dans le dioc\u00e8se de Pasto, en Colombie, la population \u00e9mue monte une garde affectueuse pr\u00e8s de la d\u00e9pouille de Mgr Pierre Schumacher, \u00e9v\u00eaque de Portoviejo, emport\u00e9 hier soir \u00e0 10 heures par une fi\u00e8vre typho\u00efde qu\u2019il a contract\u00e9e en administrant les derniers sacrements \u00e0 une famille atteinte du m\u00eame mal. N\u00e9 le 14 septembre 183, \u00e0 Kerpen, dans le. dioc\u00e8se de Cologne, Pierre Schumacher \u00e9tait entr\u00e9 au s\u00e9minaire interne de Paris, le 5 octobre 1857. Les sept premi\u00e8res ann\u00e9es de sa vie sacerdotale, il les donna au Chili, \u00e0 La Serena et \u00e0 Santiago. Son \u00e9tat de sant\u00e9 ayant n\u00e9cessit\u00e9 son retour en Europe, il fut plac\u00e9 au grand s\u00e9minaire de Montpellier o\u00f9 il resta pendant sept ans. En 1872, il part pour l\u2019\u00c9quateur. Il y est charg\u00e9 du grand s\u00e9minaire de Quito. Au milieu de toutes sortes de difficult\u00e9s, att\u00e9nu\u00e9es par la bienveillance du pr\u00e9sident Garcia Moreno, M. Schumacher d\u00e9veloppe l\u2019\u0153uvre qui lui est confi\u00e9e et construit un magnifique b\u00e2timent pour abriter les s\u00e9minaristes, et presque aussit\u00f4t, il en \u00e9difie un autre, et ainsi Quito aura un petit et un grand s\u00e9minaires aussi beaux l\u2019un que l\u2019autre. Ses qualit\u00e9s d\u2019administrateur et le z\u00e8le qu\u2019il a d\u00e9ploy\u00e9 aupr\u00e8s des Indiens donnent \u00e0 l\u2019archev\u00eaque l\u2019id\u00e9e de le proposer au Saint-Si\u00e8ge comme \u00e9v\u00eaque de Portoviejo. Mgr Schumacher est sacr\u00e9 le 31 mai 1885, et tout de suite, il entreprend la tourn\u00e9e de son dioc\u00e8se. Dans ce vaste territoire, qui s\u2019\u00e9tend entre la Cordill\u00e8re des Andes, et l\u2019Oc\u00e9an Pacifique, et dont la superficie \u00e9gale deux fois celle de la Belgique, la population est, du point de vue chr\u00e9tien, totalement, ou presque, abandonn\u00e9e l\u2019\u00e9v\u00eaque a en tout et pour tout sept pr\u00eatres pour l\u2019aider. Se contentant d\u2019une modeste chambre, Mgr Schumacher transforme sa r\u00e9sidence en une \u00e9cole\u00a0: il veut former une \u00e9lite sur laquelle il puisse compter. En m\u00eame temps, il lance au P. Fiat et \u00e0 ses compatriotes d\u2019Allemagne des appels au secours. Et tandis qu\u2019il se d\u00e9pense, la franc-ma\u00e7onnerie fomente une odieuse pers\u00e9cution qui commence, comme toujours, par une campagne de calomnies. Malgr\u00e9 les menaces de mort qui obligent ses fid\u00e8les \u00e0 veiller nuit et jour sur sa personne, Mgr Schumacher, courageusement, d\u00e9nonce les agissements diaboliques de la politique lib\u00e9rale. Mais en 1895, il est oblig\u00e9 de s\u2019enfuir. Ses derni\u00e8res ann\u00e9es, il les passe \u00e0 aider l\u2019\u00e9v\u00eaque de Pasto. \u00c2me riche en vertus, en laquelle bont\u00e9 et fermet\u00e9 \u00e9taient harmonieusement jumel\u00e9es, ce qui ne l\u2019emp\u00eachait pas d\u2019avoir des moments de vivacit\u00e9, Mgr Pierre Schumacher, fortement affectionn\u00e9 \u00e0 sa vocation de fils de saint Vincent, confesseur de la foi et martyr de la charit\u00e9, est une de nos plus belles figures missionnaires (1).<\/p>\n<dl>\n<dd>1) Notice dactylographi\u00e9e\u00a0; Annales, t. 43, pp. 142-146\u00a0; t. 73, pp. 133-134\u00a0; t. 67, p. 568\u00a0; t. 68, pp. 10 et 214, t. 69, pp. 244- 246 t. 70, pp. 133-137 et 145.<\/dd>\n<\/dl>\n","protected":false},"excerpt":{"rendered":"<p>1680. Le Seigneur de Vitry, M\u00e8re Mathurine Gu\u00e9rin et les S\u0153urs offici\u00e8res signent le contrat d\u2019\u00e9tablissement de deux S\u0153urs pour le soin des malades et l\u2019instruction des petites filles dans la paroisse de Vitry-sur-Seine, aux &#8230; <a href=\"http:\/\/vincentians.com\/fr\/ephemerides-16-juilliet\/\" class=\"more-link\">Read More<\/a><\/p>\n","protected":false},"author":4,"featured_media":149897,"comment_status":"open","ping_status":"open","sticky":false,"template":"","format":"standard","meta":{"jetpack_post_was_ever_published":false,"_jetpack_newsletter_access":"","_jetpack_dont_email_post_to_subs":false,"_jetpack_newsletter_tier_id":0,"_jetpack_memberships_contains_paywalled_content":false,"_jetpack_memberships_contains_paid_content":false,"footnotes":"","jetpack_publicize_message":"","jetpack_publicize_feature_enabled":true,"jetpack_social_post_already_shared":true,"jetpack_social_options":{"image_generator_settings":{"template":"highway","default_image_id":0,"font":"","enabled":false},"version":2}},"categories":[119],"tags":[],"class_list":["post-189320","post","type-post","status-publish","format-standard","has-post-thumbnail","hentry","category-ephemerides-vincentiens"],"yoast_head":"<!-- This site is optimized with the Yoast SEO plugin v26.3 - https:\/\/yoast.com\/wordpress\/plugins\/seo\/ -->\n<title>Eph\u00e9m\u00e9rides: 16 juilliet - Nous Sommes Vincentiens<\/title>\n<meta name=\"robots\" content=\"index, follow, max-snippet:-1, max-image-preview:large, max-video-preview:-1\" \/>\n<link rel=\"canonical\" href=\"http:\/\/vincentians.com\/fr\/ephemerides-16-juilliet\/\" \/>\n<meta property=\"og:locale\" content=\"fr_FR\" \/>\n<meta property=\"og:type\" content=\"article\" \/>\n<meta property=\"og:title\" content=\"Eph\u00e9m\u00e9rides: 16 juilliet - Nous Sommes Vincentiens\" \/>\n<meta property=\"og:description\" content=\"1680. Le Seigneur de Vitry, M\u00e8re Mathurine Gu\u00e9rin et les S\u0153urs offici\u00e8res signent le contrat d\u2019\u00e9tablissement de deux S\u0153urs pour le soin des malades et l\u2019instruction des petites filles dans la paroisse de Vitry-sur-Seine, aux ... Read More\" \/>\n<meta property=\"og:url\" content=\"http:\/\/vincentians.com\/fr\/ephemerides-16-juilliet\/\" \/>\n<meta property=\"og:site_name\" content=\"Nous Sommes Vincentiens\" \/>\n<meta property=\"article:publisher\" content=\"https:\/\/www.facebook.com\/WeAreVincentians\/\" \/>\n<meta property=\"article:author\" content=\"https:\/\/www.facebook.com\/JavierChento\" \/>\n<meta property=\"article:published_time\" content=\"2017-07-15T22:01:46+00:00\" \/>\n<meta property=\"og:image\" content=\"https:\/\/i0.wp.com\/vincentians.com\/fr\/wp-content\/uploads\/sites\/10\/2016\/07\/ephemerides-fb.jpg?fit=1200%2C630\" \/>\n\t<meta property=\"og:image:width\" content=\"1200\" \/>\n\t<meta property=\"og:image:height\" content=\"630\" \/>\n\t<meta property=\"og:image:type\" content=\"image\/jpeg\" \/>\n<meta name=\"author\" content=\"Francisco Javier Fern\u00e1ndez Chento\" \/>\n<meta name=\"twitter:card\" content=\"summary_large_image\" \/>\n<meta name=\"twitter:creator\" content=\"@https:\/\/twitter.com\/javierchento\" \/>\n<meta name=\"twitter:site\" content=\"@WeVincentians\" \/>\n<meta name=\"twitter:label1\" content=\"\u00c9crit par\" \/>\n\t<meta name=\"twitter:data1\" content=\"Francisco Javier Fern\u00e1ndez Chento\" \/>\n\t<meta name=\"twitter:label2\" content=\"Dur\u00e9e de lecture estim\u00e9e\" \/>\n\t<meta name=\"twitter:data2\" content=\"3 minutes\" \/>\n<script type=\"application\/ld+json\" class=\"yoast-schema-graph\">{\"@context\":\"https:\/\/schema.org\",\"@graph\":[{\"@type\":\"WebPage\",\"@id\":\"http:\/\/vincentians.com\/fr\/ephemerides-16-juilliet\/\",\"url\":\"http:\/\/vincentians.com\/fr\/ephemerides-16-juilliet\/\",\"name\":\"Eph\u00e9m\u00e9rides: 16 juilliet - Nous Sommes Vincentiens\",\"isPartOf\":{\"@id\":\"http:\/\/vincentians.com\/fr\/#website\"},\"primaryImageOfPage\":{\"@id\":\"http:\/\/vincentians.com\/fr\/ephemerides-16-juilliet\/#primaryimage\"},\"image\":{\"@id\":\"http:\/\/vincentians.com\/fr\/ephemerides-16-juilliet\/#primaryimage\"},\"thumbnailUrl\":\"https:\/\/i0.wp.com\/vincentians.com\/fr\/wp-content\/uploads\/sites\/10\/2016\/07\/ephemerides-fb.jpg?fit=1200%2C630\",\"datePublished\":\"2017-07-15T22:01:46+00:00\",\"author\":{\"@id\":\"http:\/\/vincentians.com\/fr\/#\/schema\/person\/9623ef4d9aa3b2dfb8c061f1499288f2\"},\"breadcrumb\":{\"@id\":\"http:\/\/vincentians.com\/fr\/ephemerides-16-juilliet\/#breadcrumb\"},\"inLanguage\":\"fr-FR\",\"potentialAction\":[{\"@type\":\"ReadAction\",\"target\":[\"http:\/\/vincentians.com\/fr\/ephemerides-16-juilliet\/\"]}]},{\"@type\":\"ImageObject\",\"inLanguage\":\"fr-FR\",\"@id\":\"http:\/\/vincentians.com\/fr\/ephemerides-16-juilliet\/#primaryimage\",\"url\":\"https:\/\/i0.wp.com\/vincentians.com\/fr\/wp-content\/uploads\/sites\/10\/2016\/07\/ephemerides-fb.jpg?fit=1200%2C630\",\"contentUrl\":\"https:\/\/i0.wp.com\/vincentians.com\/fr\/wp-content\/uploads\/sites\/10\/2016\/07\/ephemerides-fb.jpg?fit=1200%2C630\",\"width\":1200,\"height\":630},{\"@type\":\"BreadcrumbList\",\"@id\":\"http:\/\/vincentians.com\/fr\/ephemerides-16-juilliet\/#breadcrumb\",\"itemListElement\":[{\"@type\":\"ListItem\",\"position\":1,\"name\":\"Portada\",\"item\":\"http:\/\/vincentians.com\/fr\/\"},{\"@type\":\"ListItem\",\"position\":2,\"name\":\"Eph\u00e9m\u00e9rides: 16 juilliet\"}]},{\"@type\":\"WebSite\",\"@id\":\"http:\/\/vincentians.com\/fr\/#website\",\"url\":\"http:\/\/vincentians.com\/fr\/\",\"name\":\"Nous Sommes Vincentiens\",\"description\":\"Know more to serve more\",\"potentialAction\":[{\"@type\":\"SearchAction\",\"target\":{\"@type\":\"EntryPoint\",\"urlTemplate\":\"http:\/\/vincentians.com\/fr\/?s={search_term_string}\"},\"query-input\":{\"@type\":\"PropertyValueSpecification\",\"valueRequired\":true,\"valueName\":\"search_term_string\"}}],\"inLanguage\":\"fr-FR\"},{\"@type\":\"Person\",\"@id\":\"http:\/\/vincentians.com\/fr\/#\/schema\/person\/9623ef4d9aa3b2dfb8c061f1499288f2\",\"name\":\"Francisco Javier Fern\u00e1ndez Chento\",\"image\":{\"@type\":\"ImageObject\",\"inLanguage\":\"fr-FR\",\"@id\":\"http:\/\/vincentians.com\/fr\/#\/schema\/person\/image\/\",\"url\":\"https:\/\/secure.gravatar.com\/avatar\/497d5cde87b4c3d097d0315953521681ba2cd523ee66e5077c3711f7021e65de?s=96&d=mm&r=g\",\"contentUrl\":\"https:\/\/secure.gravatar.com\/avatar\/497d5cde87b4c3d097d0315953521681ba2cd523ee66e5077c3711f7021e65de?s=96&d=mm&r=g\",\"caption\":\"Francisco Javier Fern\u00e1ndez Chento\"},\"description\":\"Director General y cofundador de La Red de Formaci\u00f3n Vicenciana. Javier es laico vicenciano, afiliado a la Congregaci\u00f3n de la Misi\u00f3n y miembro del Equipo de Misiones Populares de la provincia can\u00f3nica de Zaragoza (Espa\u00f1a) de la Congregaci\u00f3n de la Misi\u00f3n. Graduado en la Universidad Oberta de Catalunya con cuatro grados (Asistente de direcci\u00f3n, Gesti\u00f3n Administrativa, Recursos Humanos y Contabilidad Avanzada). Bil\u00edng\u00fce Espa\u00f1ol\/Ingl\u00e9s. gestiona y mantiene varias p\u00e1ginas web cristianas y vicencianas, incluida including La Red de Formaci\u00f3n Vicenciana, de la que es cofundador. Actualmente es responsable del \u00e1rea de Espa\u00f1ol de .famvin, la Red de Noticias de la Familia Vicenciana. Tambi\u00e9n es m\u00fasico cat\u00f3lico y ha editado varios discos. Es Director General y cofundador de Trovador, una reconocida compa\u00f1\u00eda discogr\u00e1fica critiana de Espa\u00f1a. Trabaja en las Tecnolog\u00edas de la Informaci\u00f3n, ofreciendo servicios de alojamiento, dise\u00f1o y mantenimiento Web, as\u00ed como asesoramiento, formaci\u00f3n y soluciones inform\u00e1ticas, gesti\u00f3n documental y digitalizaci\u00f3n de textos, edici\u00f3n y maquetaci\u00f3n de libros, revistas, flyers, etc.\",\"sameAs\":[\"http:\/\/chento.org\",\"https:\/\/www.facebook.com\/JavierChento\",\"https:\/\/x.com\/https:\/\/twitter.com\/javierchento\"],\"url\":\"http:\/\/vincentians.com\/fr\/author\/chento\/\"}]}<\/script>\n<!-- \/ Yoast SEO plugin. -->","yoast_head_json":{"title":"Eph\u00e9m\u00e9rides: 16 juilliet - Nous Sommes Vincentiens","robots":{"index":"index","follow":"follow","max-snippet":"max-snippet:-1","max-image-preview":"max-image-preview:large","max-video-preview":"max-video-preview:-1"},"canonical":"http:\/\/vincentians.com\/fr\/ephemerides-16-juilliet\/","og_locale":"fr_FR","og_type":"article","og_title":"Eph\u00e9m\u00e9rides: 16 juilliet - Nous Sommes Vincentiens","og_description":"1680. Le Seigneur de Vitry, M\u00e8re Mathurine Gu\u00e9rin et les S\u0153urs offici\u00e8res signent le contrat d\u2019\u00e9tablissement de deux S\u0153urs pour le soin des malades et l\u2019instruction des petites filles dans la paroisse de Vitry-sur-Seine, aux ... Read More","og_url":"http:\/\/vincentians.com\/fr\/ephemerides-16-juilliet\/","og_site_name":"Nous Sommes Vincentiens","article_publisher":"https:\/\/www.facebook.com\/WeAreVincentians\/","article_author":"https:\/\/www.facebook.com\/JavierChento","article_published_time":"2017-07-15T22:01:46+00:00","og_image":[{"width":1200,"height":630,"url":"https:\/\/i0.wp.com\/vincentians.com\/fr\/wp-content\/uploads\/sites\/10\/2016\/07\/ephemerides-fb.jpg?fit=1200%2C630","type":"image\/jpeg"}],"author":"Francisco Javier Fern\u00e1ndez Chento","twitter_card":"summary_large_image","twitter_creator":"@https:\/\/twitter.com\/javierchento","twitter_site":"@WeVincentians","twitter_misc":{"\u00c9crit par":"Francisco Javier Fern\u00e1ndez Chento","Dur\u00e9e de lecture estim\u00e9e":"3 minutes"},"schema":{"@context":"https:\/\/schema.org","@graph":[{"@type":"WebPage","@id":"http:\/\/vincentians.com\/fr\/ephemerides-16-juilliet\/","url":"http:\/\/vincentians.com\/fr\/ephemerides-16-juilliet\/","name":"Eph\u00e9m\u00e9rides: 16 juilliet - Nous Sommes Vincentiens","isPartOf":{"@id":"http:\/\/vincentians.com\/fr\/#website"},"primaryImageOfPage":{"@id":"http:\/\/vincentians.com\/fr\/ephemerides-16-juilliet\/#primaryimage"},"image":{"@id":"http:\/\/vincentians.com\/fr\/ephemerides-16-juilliet\/#primaryimage"},"thumbnailUrl":"https:\/\/i0.wp.com\/vincentians.com\/fr\/wp-content\/uploads\/sites\/10\/2016\/07\/ephemerides-fb.jpg?fit=1200%2C630","datePublished":"2017-07-15T22:01:46+00:00","author":{"@id":"http:\/\/vincentians.com\/fr\/#\/schema\/person\/9623ef4d9aa3b2dfb8c061f1499288f2"},"breadcrumb":{"@id":"http:\/\/vincentians.com\/fr\/ephemerides-16-juilliet\/#breadcrumb"},"inLanguage":"fr-FR","potentialAction":[{"@type":"ReadAction","target":["http:\/\/vincentians.com\/fr\/ephemerides-16-juilliet\/"]}]},{"@type":"ImageObject","inLanguage":"fr-FR","@id":"http:\/\/vincentians.com\/fr\/ephemerides-16-juilliet\/#primaryimage","url":"https:\/\/i0.wp.com\/vincentians.com\/fr\/wp-content\/uploads\/sites\/10\/2016\/07\/ephemerides-fb.jpg?fit=1200%2C630","contentUrl":"https:\/\/i0.wp.com\/vincentians.com\/fr\/wp-content\/uploads\/sites\/10\/2016\/07\/ephemerides-fb.jpg?fit=1200%2C630","width":1200,"height":630},{"@type":"BreadcrumbList","@id":"http:\/\/vincentians.com\/fr\/ephemerides-16-juilliet\/#breadcrumb","itemListElement":[{"@type":"ListItem","position":1,"name":"Portada","item":"http:\/\/vincentians.com\/fr\/"},{"@type":"ListItem","position":2,"name":"Eph\u00e9m\u00e9rides: 16 juilliet"}]},{"@type":"WebSite","@id":"http:\/\/vincentians.com\/fr\/#website","url":"http:\/\/vincentians.com\/fr\/","name":"Nous Sommes Vincentiens","description":"Know more to serve more","potentialAction":[{"@type":"SearchAction","target":{"@type":"EntryPoint","urlTemplate":"http:\/\/vincentians.com\/fr\/?s={search_term_string}"},"query-input":{"@type":"PropertyValueSpecification","valueRequired":true,"valueName":"search_term_string"}}],"inLanguage":"fr-FR"},{"@type":"Person","@id":"http:\/\/vincentians.com\/fr\/#\/schema\/person\/9623ef4d9aa3b2dfb8c061f1499288f2","name":"Francisco Javier Fern\u00e1ndez Chento","image":{"@type":"ImageObject","inLanguage":"fr-FR","@id":"http:\/\/vincentians.com\/fr\/#\/schema\/person\/image\/","url":"https:\/\/secure.gravatar.com\/avatar\/497d5cde87b4c3d097d0315953521681ba2cd523ee66e5077c3711f7021e65de?s=96&d=mm&r=g","contentUrl":"https:\/\/secure.gravatar.com\/avatar\/497d5cde87b4c3d097d0315953521681ba2cd523ee66e5077c3711f7021e65de?s=96&d=mm&r=g","caption":"Francisco Javier Fern\u00e1ndez Chento"},"description":"Director General y cofundador de La Red de Formaci\u00f3n Vicenciana. Javier es laico vicenciano, afiliado a la Congregaci\u00f3n de la Misi\u00f3n y miembro del Equipo de Misiones Populares de la provincia can\u00f3nica de Zaragoza (Espa\u00f1a) de la Congregaci\u00f3n de la Misi\u00f3n. Graduado en la Universidad Oberta de Catalunya con cuatro grados (Asistente de direcci\u00f3n, Gesti\u00f3n Administrativa, Recursos Humanos y Contabilidad Avanzada). Bil\u00edng\u00fce Espa\u00f1ol\/Ingl\u00e9s. gestiona y mantiene varias p\u00e1ginas web cristianas y vicencianas, incluida including La Red de Formaci\u00f3n Vicenciana, de la que es cofundador. Actualmente es responsable del \u00e1rea de Espa\u00f1ol de .famvin, la Red de Noticias de la Familia Vicenciana. Tambi\u00e9n es m\u00fasico cat\u00f3lico y ha editado varios discos. Es Director General y cofundador de Trovador, una reconocida compa\u00f1\u00eda discogr\u00e1fica critiana de Espa\u00f1a. Trabaja en las Tecnolog\u00edas de la Informaci\u00f3n, ofreciendo servicios de alojamiento, dise\u00f1o y mantenimiento Web, as\u00ed como asesoramiento, formaci\u00f3n y soluciones inform\u00e1ticas, gesti\u00f3n documental y digitalizaci\u00f3n de textos, edici\u00f3n y maquetaci\u00f3n de libros, revistas, flyers, etc.","sameAs":["http:\/\/chento.org","https:\/\/www.facebook.com\/JavierChento","https:\/\/x.com\/https:\/\/twitter.com\/javierchento"],"url":"http:\/\/vincentians.com\/fr\/author\/chento\/"}]}},"jetpack_publicize_connections":[],"jetpack_featured_media_url":"https:\/\/i0.wp.com\/vincentians.com\/fr\/wp-content\/uploads\/sites\/10\/2016\/07\/ephemerides-fb.jpg?fit=1200%2C630","jetpack_sharing_enabled":true,"jetpack_shortlink":"https:\/\/wp.me\/p7ETMP-Nfy","jetpack-related-posts":[{"id":190171,"url":"http:\/\/vincentians.com\/fr\/ephemerides-11-septembre\/","url_meta":{"origin":189320,"position":0},"title":"Eph\u00e9m\u00e9rides : 11 septembre","author":"Francisco Javier Fern\u00e1ndez Chento","date":"11\/09\/2016","format":false,"excerpt":"1685. Monsieur Louis de Noailles, \u00e9v\u00eaque de Ch\u00e2lons sur Marne signe avec M\u00e8re Mathurine Gu\u00e9rin et les trois offici\u00e8res le contrat d\u2019\u00e9tablissement de deux S\u0153urs \u00e0 Etoges pour assister les pauvres malades et instruire les petites filles pauvres. Les rentes ont \u00e9t\u00e9 constitu\u00e9es par Monsieur d\u2019Anglure de Savigny. (C) 1702.\u2026","rel":"","context":"Dans &quot;\u00c9ph\u00e9m\u00e9rides vincentiens&quot;","block_context":{"text":"\u00c9ph\u00e9m\u00e9rides vincentiens","link":"http:\/\/vincentians.com\/fr\/category\/ephemerides-vincentiens\/"},"img":{"alt_text":"","src":"https:\/\/i0.wp.com\/vincentians.com\/fr\/wp-content\/uploads\/sites\/10\/2016\/07\/ephemerides-fb.jpg?fit=1200%2C630&resize=350%2C200","width":350,"height":200,"srcset":"https:\/\/i0.wp.com\/vincentians.com\/fr\/wp-content\/uploads\/sites\/10\/2016\/07\/ephemerides-fb.jpg?fit=1200%2C630&resize=350%2C200 1x, https:\/\/i0.wp.com\/vincentians.com\/fr\/wp-content\/uploads\/sites\/10\/2016\/07\/ephemerides-fb.jpg?fit=1200%2C630&resize=525%2C300 1.5x, https:\/\/i0.wp.com\/vincentians.com\/fr\/wp-content\/uploads\/sites\/10\/2016\/07\/ephemerides-fb.jpg?fit=1200%2C630&resize=700%2C400 2x, https:\/\/i0.wp.com\/vincentians.com\/fr\/wp-content\/uploads\/sites\/10\/2016\/07\/ephemerides-fb.jpg?fit=1200%2C630&resize=1050%2C600 3x"},"classes":[]},{"id":190170,"url":"http:\/\/vincentians.com\/fr\/ephemerides-09-septembre\/","url_meta":{"origin":189320,"position":1},"title":"Eph\u00e9m\u00e9rides : 09 septembre","author":"Francisco Javier Fern\u00e1ndez Chento","date":"09\/09\/2016","format":false,"excerpt":"1673. Madeleine de Lamoignon, au nom des Dames de la Charit\u00e9 de Rennes signe avec M\u00e8re Nicole Haran, S\u0153ur Fran\u00e7oise Carcireux, assistante et S\u0153ur Barbe Bailly, \u00e9conome (la d\u00e9pensi\u00e8re vient de mourir) le contrat d\u2019\u00e9tablissement de trois S\u0153urs pour servir les pauvres malades et non les personnes riches de la\u2026","rel":"","context":"Dans &quot;\u00c9ph\u00e9m\u00e9rides vincentiens&quot;","block_context":{"text":"\u00c9ph\u00e9m\u00e9rides vincentiens","link":"http:\/\/vincentians.com\/fr\/category\/ephemerides-vincentiens\/"},"img":{"alt_text":"","src":"https:\/\/i0.wp.com\/vincentians.com\/fr\/wp-content\/uploads\/sites\/10\/2016\/07\/ephemerides-fb.jpg?fit=1200%2C630&resize=350%2C200","width":350,"height":200,"srcset":"https:\/\/i0.wp.com\/vincentians.com\/fr\/wp-content\/uploads\/sites\/10\/2016\/07\/ephemerides-fb.jpg?fit=1200%2C630&resize=350%2C200 1x, https:\/\/i0.wp.com\/vincentians.com\/fr\/wp-content\/uploads\/sites\/10\/2016\/07\/ephemerides-fb.jpg?fit=1200%2C630&resize=525%2C300 1.5x, https:\/\/i0.wp.com\/vincentians.com\/fr\/wp-content\/uploads\/sites\/10\/2016\/07\/ephemerides-fb.jpg?fit=1200%2C630&resize=700%2C400 2x, https:\/\/i0.wp.com\/vincentians.com\/fr\/wp-content\/uploads\/sites\/10\/2016\/07\/ephemerides-fb.jpg?fit=1200%2C630&resize=1050%2C600 3x"},"classes":[]},{"id":190229,"url":"http:\/\/vincentians.com\/fr\/ephemerides-08-octobre\/","url_meta":{"origin":189320,"position":2},"title":"Eph\u00e9m\u00e9rides : 08 octobre","author":"Francisco Javier Fern\u00e1ndez Chento","date":"08\/10\/2016","format":false,"excerpt":"1642. De Paris, Monsieur Vincent adresse \u00e0 Jean Brunet et \u00e0 \u00c9tienne Blatiron une lettre o\u00f9 il leur dit\u00a0: \u00abJe vous ai d\u00e9j\u00e0 \u00e9crit que la Providence de Dieu vous appelle \u00e0 Rome pour un nouvel \u00e9tablissement\u2026\u00bb C\u2019est une aimable fa\u00e7on de r\u00e9p\u00e9ter aux deux destinataires que sa d\u00e9cision, \u00e0\u2026","rel":"","context":"Dans &quot;\u00c9ph\u00e9m\u00e9rides vincentiens&quot;","block_context":{"text":"\u00c9ph\u00e9m\u00e9rides vincentiens","link":"http:\/\/vincentians.com\/fr\/category\/ephemerides-vincentiens\/"},"img":{"alt_text":"","src":"https:\/\/i0.wp.com\/vincentians.com\/fr\/wp-content\/uploads\/sites\/10\/2016\/07\/ephemerides-fb.jpg?fit=1200%2C630&resize=350%2C200","width":350,"height":200,"srcset":"https:\/\/i0.wp.com\/vincentians.com\/fr\/wp-content\/uploads\/sites\/10\/2016\/07\/ephemerides-fb.jpg?fit=1200%2C630&resize=350%2C200 1x, https:\/\/i0.wp.com\/vincentians.com\/fr\/wp-content\/uploads\/sites\/10\/2016\/07\/ephemerides-fb.jpg?fit=1200%2C630&resize=525%2C300 1.5x, https:\/\/i0.wp.com\/vincentians.com\/fr\/wp-content\/uploads\/sites\/10\/2016\/07\/ephemerides-fb.jpg?fit=1200%2C630&resize=700%2C400 2x, https:\/\/i0.wp.com\/vincentians.com\/fr\/wp-content\/uploads\/sites\/10\/2016\/07\/ephemerides-fb.jpg?fit=1200%2C630&resize=1050%2C600 3x"},"classes":[]},{"id":190054,"url":"http:\/\/vincentians.com\/fr\/ephemerides-02-aout\/","url_meta":{"origin":189320,"position":3},"title":"Eph\u00e9m\u00e9rides: 02 ao\u00fbt","author":"Francisco Javier Fern\u00e1ndez Chento","date":"02\/08\/2017","format":false,"excerpt":"1649. Louise de Marillac signe un document \u00e9crit par Elisabeth Hellot. C\u2019est la reconnaissance des biens donn\u00e9s pour les S\u0153urs de Fontenay-aux-Roses. \u201cNous, soussign\u00e9e Sup\u00e9rieure des Filles de la Charit\u00e9, servantes des pauvres malades des paroisses, reconnaissons que Monsieur B\u00e9guin a fourni \u00e0 deux de nos S\u0153urs tous les meubles\u2026","rel":"","context":"Dans &quot;\u00c9ph\u00e9m\u00e9rides vincentiens&quot;","block_context":{"text":"\u00c9ph\u00e9m\u00e9rides vincentiens","link":"http:\/\/vincentians.com\/fr\/category\/ephemerides-vincentiens\/"},"img":{"alt_text":"","src":"https:\/\/i0.wp.com\/vincentians.com\/fr\/wp-content\/uploads\/sites\/10\/2016\/07\/ephemerides-fb.jpg?fit=1200%2C630&resize=350%2C200","width":350,"height":200,"srcset":"https:\/\/i0.wp.com\/vincentians.com\/fr\/wp-content\/uploads\/sites\/10\/2016\/07\/ephemerides-fb.jpg?fit=1200%2C630&resize=350%2C200 1x, https:\/\/i0.wp.com\/vincentians.com\/fr\/wp-content\/uploads\/sites\/10\/2016\/07\/ephemerides-fb.jpg?fit=1200%2C630&resize=525%2C300 1.5x, https:\/\/i0.wp.com\/vincentians.com\/fr\/wp-content\/uploads\/sites\/10\/2016\/07\/ephemerides-fb.jpg?fit=1200%2C630&resize=700%2C400 2x, https:\/\/i0.wp.com\/vincentians.com\/fr\/wp-content\/uploads\/sites\/10\/2016\/07\/ephemerides-fb.jpg?fit=1200%2C630&resize=1050%2C600 3x"},"classes":[]},{"id":190164,"url":"http:\/\/vincentians.com\/fr\/ephemerides-07-septembre\/","url_meta":{"origin":189320,"position":4},"title":"Eph\u00e9m\u00e9rides : 07 septembre","author":"Francisco Javier Fern\u00e1ndez Chento","date":"07\/09\/2016","format":false,"excerpt":"1652. \u00c0 Paris, pour la premi\u00e8re fois, les Filles de la Charit\u00e9 se disposent a franchir les fronti\u00e8res de la France\u00a0: Monsieur Vincent, en effet, r\u00e9pond au d\u00e9sir de Louise-Marie de Gonzague, Reine de Pologne, et lui envoie trois S\u0153urs\u00a0: Marguerite Moreau, Madeleine Drugeon et Fran\u00e7oise Douelle. Apr\u00e8s \u00eatre pass\u00e9es\u2026","rel":"","context":"Dans &quot;\u00c9ph\u00e9m\u00e9rides vincentiens&quot;","block_context":{"text":"\u00c9ph\u00e9m\u00e9rides vincentiens","link":"http:\/\/vincentians.com\/fr\/category\/ephemerides-vincentiens\/"},"img":{"alt_text":"","src":"https:\/\/i0.wp.com\/vincentians.com\/fr\/wp-content\/uploads\/sites\/10\/2016\/07\/ephemerides-fb.jpg?fit=1200%2C630&resize=350%2C200","width":350,"height":200,"srcset":"https:\/\/i0.wp.com\/vincentians.com\/fr\/wp-content\/uploads\/sites\/10\/2016\/07\/ephemerides-fb.jpg?fit=1200%2C630&resize=350%2C200 1x, https:\/\/i0.wp.com\/vincentians.com\/fr\/wp-content\/uploads\/sites\/10\/2016\/07\/ephemerides-fb.jpg?fit=1200%2C630&resize=525%2C300 1.5x, https:\/\/i0.wp.com\/vincentians.com\/fr\/wp-content\/uploads\/sites\/10\/2016\/07\/ephemerides-fb.jpg?fit=1200%2C630&resize=700%2C400 2x, https:\/\/i0.wp.com\/vincentians.com\/fr\/wp-content\/uploads\/sites\/10\/2016\/07\/ephemerides-fb.jpg?fit=1200%2C630&resize=1050%2C600 3x"},"classes":[]},{"id":189332,"url":"http:\/\/vincentians.com\/fr\/ephemerides-10-juilliet\/","url_meta":{"origin":189320,"position":5},"title":"Eph\u00e9m\u00e9rides: 10 juilliet","author":"Francisco Javier Fern\u00e1ndez Chento","date":"10\/07\/2017","format":false,"excerpt":"1661. Monsieur de Horgny entreprend un cycle de conf\u00e9rences sur les R\u00e8gles qui se poursuivra tout au long de l\u2019ann\u00e9e. Il souligne les trois vertus de charit\u00e9, humilit\u00e9 et simplicit\u00e9 qui caract\u00e9risent l\u2019esprit de la Compagnie des Filles de la Charit\u00e9. (C) 1665. M\u00e8re Marguerite Ch\u00e9tif et les offici\u00e8res, S\u0153ur\u2026","rel":"","context":"Dans &quot;\u00c9ph\u00e9m\u00e9rides vincentiens&quot;","block_context":{"text":"\u00c9ph\u00e9m\u00e9rides vincentiens","link":"http:\/\/vincentians.com\/fr\/category\/ephemerides-vincentiens\/"},"img":{"alt_text":"","src":"https:\/\/i0.wp.com\/vincentians.com\/fr\/wp-content\/uploads\/sites\/10\/2016\/07\/ephemerides-fb.jpg?fit=1200%2C630&resize=350%2C200","width":350,"height":200,"srcset":"https:\/\/i0.wp.com\/vincentians.com\/fr\/wp-content\/uploads\/sites\/10\/2016\/07\/ephemerides-fb.jpg?fit=1200%2C630&resize=350%2C200 1x, https:\/\/i0.wp.com\/vincentians.com\/fr\/wp-content\/uploads\/sites\/10\/2016\/07\/ephemerides-fb.jpg?fit=1200%2C630&resize=525%2C300 1.5x, https:\/\/i0.wp.com\/vincentians.com\/fr\/wp-content\/uploads\/sites\/10\/2016\/07\/ephemerides-fb.jpg?fit=1200%2C630&resize=700%2C400 2x, https:\/\/i0.wp.com\/vincentians.com\/fr\/wp-content\/uploads\/sites\/10\/2016\/07\/ephemerides-fb.jpg?fit=1200%2C630&resize=1050%2C600 3x"},"classes":[]}],"_links":{"self":[{"href":"http:\/\/vincentians.com\/fr\/wp-json\/wp\/v2\/posts\/189320","targetHints":{"allow":["GET"]}}],"collection":[{"href":"http:\/\/vincentians.com\/fr\/wp-json\/wp\/v2\/posts"}],"about":[{"href":"http:\/\/vincentians.com\/fr\/wp-json\/wp\/v2\/types\/post"}],"author":[{"embeddable":true,"href":"http:\/\/vincentians.com\/fr\/wp-json\/wp\/v2\/users\/4"}],"replies":[{"embeddable":true,"href":"http:\/\/vincentians.com\/fr\/wp-json\/wp\/v2\/comments?post=189320"}],"version-history":[{"count":0,"href":"http:\/\/vincentians.com\/fr\/wp-json\/wp\/v2\/posts\/189320\/revisions"}],"wp:featuredmedia":[{"embeddable":true,"href":"http:\/\/vincentians.com\/fr\/wp-json\/wp\/v2\/media\/149897"}],"wp:attachment":[{"href":"http:\/\/vincentians.com\/fr\/wp-json\/wp\/v2\/media?parent=189320"}],"wp:term":[{"taxonomy":"category","embeddable":true,"href":"http:\/\/vincentians.com\/fr\/wp-json\/wp\/v2\/categories?post=189320"},{"taxonomy":"post_tag","embeddable":true,"href":"http:\/\/vincentians.com\/fr\/wp-json\/wp\/v2\/tags?post=189320"}],"curies":[{"name":"wp","href":"https:\/\/api.w.org\/{rel}","templated":true}]}}