{"id":189319,"date":"2017-07-25T00:01:58","date_gmt":"2017-07-24T22:01:58","guid":{"rendered":"http:\/\/vincentians.com\/fr\/?p=189319"},"modified":"2016-08-09T18:15:27","modified_gmt":"2016-08-09T16:15:27","slug":"ephemerides-25-juilliet","status":"publish","type":"post","link":"http:\/\/vincentians.com\/fr\/ephemerides-25-juilliet\/","title":{"rendered":"Eph\u00e9m\u00e9rides: 25 juilliet"},"content":{"rendered":"<p><b>1643<\/b>. \u00c0 Paris, Louis XIII ayant demand\u00e9 \u00e0 Monsieur Vincent d\u2019envoyer quelques-uns de ses Pr\u00eatres en Barbarie pour y soulager les chr\u00e9tiens r\u00e9duits en esclavage par les corsaires turcs, la duchesse d\u2019Aiguillon veut participer \u00e0 cette bonne \u0153uvre, et elle signe un contrat par lequel elle \u00e9tablit une maison de Missionnaires \u00e0 Marseille qui devient, en quelque sorte, la base de d\u00e9part pour l\u2019op\u00e9ration de la Charit\u00e9 en Afrique du Nord (1).<\/p>\n<p><b>1654<\/b>. \u00c0 Paris, Monsieur Vincent \u00e9crit et, signe de sa main les lignes par lesquelles il accepte la donation que fait \u00e0 sa Congr\u00e9gation Messire Michel Th\u00e9pault de Rumelin, chanoine de Tr\u00e9guier. Cette donation, c\u2019est tout simplement le terrain sur lequel, en l\u2019espace de cinq ans, va se construire le s\u00e9minaire de Tr\u00e9guier. Gr\u00e2ce \u00e0 cette g\u00e9n\u00e9rosit\u00e9 et \u00e0 la bienveillance de l\u2019\u00e9v\u00eaque, Balthazar Grangier, qui avait fr\u00e9quent\u00e9 les conf\u00e9rences des mardis, le s\u00e9minaire de Tr\u00e9guier est l\u2019un des premiers de France qui fut confi\u00e9 aux Pr\u00eatres de la Mission. Sur les six s\u00e9minaires donn\u00e9s \u00e0 la petite Compagnie, du vivant de Monsieur Vincent, la Bretagne, avec celui de Tr\u00e9guier et, au dioc\u00e8se de Saint-Malo, celui de Saint-M\u00e9en o\u00f9 nos confr\u00e8res \u00e9taient arriv\u00e9s en 1645, en poss\u00e9dait deux\u2026 En ce temps-l\u00e0, le bon vent soufflait de l\u2019Ouest\u00a0!\u2026 (2)<\/p>\n<p><b>1835<\/b>. \u00c0 Barcelone, dans la nuit, la maison des confr\u00e8res est assaillie et pill\u00e9e. L\u2019\u00e9v\u00e9nement entre dans l\u2019ensemble des troubles qui suivirent la mort de Ferdinand VII et qui amen\u00e8rent la suppression l\u00e9gale de la Compagnie en Espagne. Quand, apr\u00e8s leur exil en France, ils pourront, en 1852, rejoindre Barcelone, les confr\u00e8res s\u2019abriteront en deux r\u00e9sidences successives, en attendant que soit achev\u00e9e, en 1884, la maison de la \u00abCalle Provenza\u00bb, l\u2019actuel domicile du visiteur (3). S\u0153ur Mathurine Gu\u00e9rin annon\u00e7e l\u2019ouverture d\u2019un second S\u00e9minaire \u00e0 Eu, en Normandie.<\/p>\n<p><b>1953<\/b>. \u00c0 Panningen, en Hollande, commencent les f\u00eates qui marquent le premier cinquantenaire du s\u00e9minaire Saint-Joseph. Avec les confr\u00e8res de la maison et de la Province, toute la population, le clerg\u00e9 du Doyenn\u00e9, trois \u00e9v\u00eaques lazaristes vont glorifier le Seigneur pour ce demi-si\u00e8cle de gr\u00e2ces. Toutes les faveurs divines vis-\u00e0-vis du s\u00e9minaire de Panningen se synth\u00e9tisent dans les trois cent soixante-dix-huit pr\u00eatres qui, pendant ces cinquante ans \u00e9coul\u00e9s, y ont \u00e9t\u00e9 ordonn\u00e9s et dont quatre sont devenus \u00e9v\u00eaques. Par tous ces missionnaires, avec le nom du Christ, celui de Panningen a \u00e9t\u00e9 port\u00e9 dans les cinq parties du monde. Le souvenir durable de ces f\u00eates jubilaires qui se cl\u00f4tureront le 29 juillet sous la pr\u00e9sidence de Mgr Chen, \u00e9v\u00eaque de Cheng-ting-fu, c\u2019est la toiture en belles tuiles vernies dont la charit\u00e9 des gens des alentours a permis de coiffer le b\u00e2timent central (4).<\/p>\n<p><b>1960<\/b>. Le dioc\u00e8se de Cuttack, aux Indes, o\u00f9 se d\u00e9vouent Lazaristes et Filles de la Charit\u00e9 re\u00e7oit comme patron, saint Vincent de Paul.<\/p>\n<dl>\n<dd>1) Coste, II, pp. 551-552\u00a0; Notices, III, p. 57.<\/dd>\n<dd>2) Annales, t. 63, p. 194\u00a0; Coste, II, pp. 444-447 et p. 134.<\/dd>\n<dd>3) Annales, t. 117. p. 498.<\/dd>\n<dd>4) Annales, t. 118, pp. 392-409.<\/dd>\n<\/dl>\n","protected":false},"excerpt":{"rendered":"<p>1643. \u00c0 Paris, Louis XIII ayant demand\u00e9 \u00e0 Monsieur Vincent d\u2019envoyer quelques-uns de ses Pr\u00eatres en Barbarie pour y soulager les chr\u00e9tiens r\u00e9duits en esclavage par les corsaires turcs, la duchesse d\u2019Aiguillon veut participer \u00e0 &#8230; <a href=\"http:\/\/vincentians.com\/fr\/ephemerides-25-juilliet\/\" class=\"more-link\">Read More<\/a><\/p>\n","protected":false},"author":4,"featured_media":149897,"comment_status":"open","ping_status":"open","sticky":false,"template":"","format":"standard","meta":{"jetpack_post_was_ever_published":false,"_jetpack_newsletter_access":"","_jetpack_dont_email_post_to_subs":false,"_jetpack_newsletter_tier_id":0,"_jetpack_memberships_contains_paywalled_content":false,"_jetpack_memberships_contains_paid_content":false,"footnotes":"","jetpack_publicize_message":"","jetpack_publicize_feature_enabled":true,"jetpack_social_post_already_shared":true,"jetpack_social_options":{"image_generator_settings":{"template":"highway","default_image_id":0,"font":"","enabled":false},"version":2}},"categories":[119],"tags":[],"class_list":["post-189319","post","type-post","status-publish","format-standard","has-post-thumbnail","hentry","category-ephemerides-vincentiens"],"yoast_head":"<!-- This site is optimized with the Yoast SEO plugin v26.3 - https:\/\/yoast.com\/wordpress\/plugins\/seo\/ -->\n<title>Eph\u00e9m\u00e9rides: 25 juilliet - Nous Sommes Vincentiens<\/title>\n<meta name=\"robots\" content=\"index, follow, max-snippet:-1, max-image-preview:large, max-video-preview:-1\" \/>\n<link rel=\"canonical\" href=\"http:\/\/vincentians.com\/fr\/ephemerides-25-juilliet\/\" \/>\n<meta property=\"og:locale\" content=\"fr_FR\" \/>\n<meta property=\"og:type\" content=\"article\" \/>\n<meta property=\"og:title\" content=\"Eph\u00e9m\u00e9rides: 25 juilliet - Nous Sommes Vincentiens\" \/>\n<meta property=\"og:description\" content=\"1643. \u00c0 Paris, Louis XIII ayant demand\u00e9 \u00e0 Monsieur Vincent d\u2019envoyer quelques-uns de ses Pr\u00eatres en Barbarie pour y soulager les chr\u00e9tiens r\u00e9duits en esclavage par les corsaires turcs, la duchesse d\u2019Aiguillon veut participer \u00e0 ... Read More\" \/>\n<meta property=\"og:url\" content=\"http:\/\/vincentians.com\/fr\/ephemerides-25-juilliet\/\" \/>\n<meta property=\"og:site_name\" content=\"Nous Sommes Vincentiens\" \/>\n<meta property=\"article:publisher\" content=\"https:\/\/www.facebook.com\/WeAreVincentians\/\" \/>\n<meta property=\"article:author\" content=\"https:\/\/www.facebook.com\/JavierChento\" \/>\n<meta property=\"article:published_time\" content=\"2017-07-24T22:01:58+00:00\" \/>\n<meta property=\"og:image\" content=\"https:\/\/i0.wp.com\/vincentians.com\/fr\/wp-content\/uploads\/sites\/10\/2016\/07\/ephemerides-fb.jpg?fit=1200%2C630\" \/>\n\t<meta property=\"og:image:width\" content=\"1200\" \/>\n\t<meta property=\"og:image:height\" content=\"630\" \/>\n\t<meta property=\"og:image:type\" content=\"image\/jpeg\" \/>\n<meta name=\"author\" content=\"Francisco Javier Fern\u00e1ndez Chento\" \/>\n<meta name=\"twitter:card\" content=\"summary_large_image\" \/>\n<meta name=\"twitter:creator\" content=\"@https:\/\/twitter.com\/javierchento\" \/>\n<meta name=\"twitter:site\" content=\"@WeVincentians\" \/>\n<meta name=\"twitter:label1\" content=\"\u00c9crit par\" \/>\n\t<meta name=\"twitter:data1\" content=\"Francisco Javier Fern\u00e1ndez Chento\" \/>\n\t<meta name=\"twitter:label2\" content=\"Dur\u00e9e de lecture estim\u00e9e\" \/>\n\t<meta name=\"twitter:data2\" content=\"3 minutes\" \/>\n<script type=\"application\/ld+json\" class=\"yoast-schema-graph\">{\"@context\":\"https:\/\/schema.org\",\"@graph\":[{\"@type\":\"WebPage\",\"@id\":\"http:\/\/vincentians.com\/fr\/ephemerides-25-juilliet\/\",\"url\":\"http:\/\/vincentians.com\/fr\/ephemerides-25-juilliet\/\",\"name\":\"Eph\u00e9m\u00e9rides: 25 juilliet - Nous Sommes Vincentiens\",\"isPartOf\":{\"@id\":\"http:\/\/vincentians.com\/fr\/#website\"},\"primaryImageOfPage\":{\"@id\":\"http:\/\/vincentians.com\/fr\/ephemerides-25-juilliet\/#primaryimage\"},\"image\":{\"@id\":\"http:\/\/vincentians.com\/fr\/ephemerides-25-juilliet\/#primaryimage\"},\"thumbnailUrl\":\"https:\/\/i0.wp.com\/vincentians.com\/fr\/wp-content\/uploads\/sites\/10\/2016\/07\/ephemerides-fb.jpg?fit=1200%2C630\",\"datePublished\":\"2017-07-24T22:01:58+00:00\",\"author\":{\"@id\":\"http:\/\/vincentians.com\/fr\/#\/schema\/person\/9623ef4d9aa3b2dfb8c061f1499288f2\"},\"breadcrumb\":{\"@id\":\"http:\/\/vincentians.com\/fr\/ephemerides-25-juilliet\/#breadcrumb\"},\"inLanguage\":\"fr-FR\",\"potentialAction\":[{\"@type\":\"ReadAction\",\"target\":[\"http:\/\/vincentians.com\/fr\/ephemerides-25-juilliet\/\"]}]},{\"@type\":\"ImageObject\",\"inLanguage\":\"fr-FR\",\"@id\":\"http:\/\/vincentians.com\/fr\/ephemerides-25-juilliet\/#primaryimage\",\"url\":\"https:\/\/i0.wp.com\/vincentians.com\/fr\/wp-content\/uploads\/sites\/10\/2016\/07\/ephemerides-fb.jpg?fit=1200%2C630\",\"contentUrl\":\"https:\/\/i0.wp.com\/vincentians.com\/fr\/wp-content\/uploads\/sites\/10\/2016\/07\/ephemerides-fb.jpg?fit=1200%2C630\",\"width\":1200,\"height\":630},{\"@type\":\"BreadcrumbList\",\"@id\":\"http:\/\/vincentians.com\/fr\/ephemerides-25-juilliet\/#breadcrumb\",\"itemListElement\":[{\"@type\":\"ListItem\",\"position\":1,\"name\":\"Portada\",\"item\":\"http:\/\/vincentians.com\/fr\/\"},{\"@type\":\"ListItem\",\"position\":2,\"name\":\"Eph\u00e9m\u00e9rides: 25 juilliet\"}]},{\"@type\":\"WebSite\",\"@id\":\"http:\/\/vincentians.com\/fr\/#website\",\"url\":\"http:\/\/vincentians.com\/fr\/\",\"name\":\"Nous Sommes Vincentiens\",\"description\":\"Know more to serve more\",\"potentialAction\":[{\"@type\":\"SearchAction\",\"target\":{\"@type\":\"EntryPoint\",\"urlTemplate\":\"http:\/\/vincentians.com\/fr\/?s={search_term_string}\"},\"query-input\":{\"@type\":\"PropertyValueSpecification\",\"valueRequired\":true,\"valueName\":\"search_term_string\"}}],\"inLanguage\":\"fr-FR\"},{\"@type\":\"Person\",\"@id\":\"http:\/\/vincentians.com\/fr\/#\/schema\/person\/9623ef4d9aa3b2dfb8c061f1499288f2\",\"name\":\"Francisco Javier Fern\u00e1ndez Chento\",\"image\":{\"@type\":\"ImageObject\",\"inLanguage\":\"fr-FR\",\"@id\":\"http:\/\/vincentians.com\/fr\/#\/schema\/person\/image\/\",\"url\":\"https:\/\/secure.gravatar.com\/avatar\/497d5cde87b4c3d097d0315953521681ba2cd523ee66e5077c3711f7021e65de?s=96&d=mm&r=g\",\"contentUrl\":\"https:\/\/secure.gravatar.com\/avatar\/497d5cde87b4c3d097d0315953521681ba2cd523ee66e5077c3711f7021e65de?s=96&d=mm&r=g\",\"caption\":\"Francisco Javier Fern\u00e1ndez Chento\"},\"description\":\"Director General y cofundador de La Red de Formaci\u00f3n Vicenciana. Javier es laico vicenciano, afiliado a la Congregaci\u00f3n de la Misi\u00f3n y miembro del Equipo de Misiones Populares de la provincia can\u00f3nica de Zaragoza (Espa\u00f1a) de la Congregaci\u00f3n de la Misi\u00f3n. Graduado en la Universidad Oberta de Catalunya con cuatro grados (Asistente de direcci\u00f3n, Gesti\u00f3n Administrativa, Recursos Humanos y Contabilidad Avanzada). Bil\u00edng\u00fce Espa\u00f1ol\/Ingl\u00e9s. gestiona y mantiene varias p\u00e1ginas web cristianas y vicencianas, incluida including La Red de Formaci\u00f3n Vicenciana, de la que es cofundador. Actualmente es responsable del \u00e1rea de Espa\u00f1ol de .famvin, la Red de Noticias de la Familia Vicenciana. Tambi\u00e9n es m\u00fasico cat\u00f3lico y ha editado varios discos. Es Director General y cofundador de Trovador, una reconocida compa\u00f1\u00eda discogr\u00e1fica critiana de Espa\u00f1a. Trabaja en las Tecnolog\u00edas de la Informaci\u00f3n, ofreciendo servicios de alojamiento, dise\u00f1o y mantenimiento Web, as\u00ed como asesoramiento, formaci\u00f3n y soluciones inform\u00e1ticas, gesti\u00f3n documental y digitalizaci\u00f3n de textos, edici\u00f3n y maquetaci\u00f3n de libros, revistas, flyers, etc.\",\"sameAs\":[\"http:\/\/chento.org\",\"https:\/\/www.facebook.com\/JavierChento\",\"https:\/\/x.com\/https:\/\/twitter.com\/javierchento\"],\"url\":\"http:\/\/vincentians.com\/fr\/author\/chento\/\"}]}<\/script>\n<!-- \/ Yoast SEO plugin. -->","yoast_head_json":{"title":"Eph\u00e9m\u00e9rides: 25 juilliet - Nous Sommes Vincentiens","robots":{"index":"index","follow":"follow","max-snippet":"max-snippet:-1","max-image-preview":"max-image-preview:large","max-video-preview":"max-video-preview:-1"},"canonical":"http:\/\/vincentians.com\/fr\/ephemerides-25-juilliet\/","og_locale":"fr_FR","og_type":"article","og_title":"Eph\u00e9m\u00e9rides: 25 juilliet - Nous Sommes Vincentiens","og_description":"1643. \u00c0 Paris, Louis XIII ayant demand\u00e9 \u00e0 Monsieur Vincent d\u2019envoyer quelques-uns de ses Pr\u00eatres en Barbarie pour y soulager les chr\u00e9tiens r\u00e9duits en esclavage par les corsaires turcs, la duchesse d\u2019Aiguillon veut participer \u00e0 ... Read More","og_url":"http:\/\/vincentians.com\/fr\/ephemerides-25-juilliet\/","og_site_name":"Nous Sommes Vincentiens","article_publisher":"https:\/\/www.facebook.com\/WeAreVincentians\/","article_author":"https:\/\/www.facebook.com\/JavierChento","article_published_time":"2017-07-24T22:01:58+00:00","og_image":[{"width":1200,"height":630,"url":"https:\/\/i0.wp.com\/vincentians.com\/fr\/wp-content\/uploads\/sites\/10\/2016\/07\/ephemerides-fb.jpg?fit=1200%2C630","type":"image\/jpeg"}],"author":"Francisco Javier Fern\u00e1ndez Chento","twitter_card":"summary_large_image","twitter_creator":"@https:\/\/twitter.com\/javierchento","twitter_site":"@WeVincentians","twitter_misc":{"\u00c9crit par":"Francisco Javier Fern\u00e1ndez Chento","Dur\u00e9e de lecture estim\u00e9e":"3 minutes"},"schema":{"@context":"https:\/\/schema.org","@graph":[{"@type":"WebPage","@id":"http:\/\/vincentians.com\/fr\/ephemerides-25-juilliet\/","url":"http:\/\/vincentians.com\/fr\/ephemerides-25-juilliet\/","name":"Eph\u00e9m\u00e9rides: 25 juilliet - Nous Sommes Vincentiens","isPartOf":{"@id":"http:\/\/vincentians.com\/fr\/#website"},"primaryImageOfPage":{"@id":"http:\/\/vincentians.com\/fr\/ephemerides-25-juilliet\/#primaryimage"},"image":{"@id":"http:\/\/vincentians.com\/fr\/ephemerides-25-juilliet\/#primaryimage"},"thumbnailUrl":"https:\/\/i0.wp.com\/vincentians.com\/fr\/wp-content\/uploads\/sites\/10\/2016\/07\/ephemerides-fb.jpg?fit=1200%2C630","datePublished":"2017-07-24T22:01:58+00:00","author":{"@id":"http:\/\/vincentians.com\/fr\/#\/schema\/person\/9623ef4d9aa3b2dfb8c061f1499288f2"},"breadcrumb":{"@id":"http:\/\/vincentians.com\/fr\/ephemerides-25-juilliet\/#breadcrumb"},"inLanguage":"fr-FR","potentialAction":[{"@type":"ReadAction","target":["http:\/\/vincentians.com\/fr\/ephemerides-25-juilliet\/"]}]},{"@type":"ImageObject","inLanguage":"fr-FR","@id":"http:\/\/vincentians.com\/fr\/ephemerides-25-juilliet\/#primaryimage","url":"https:\/\/i0.wp.com\/vincentians.com\/fr\/wp-content\/uploads\/sites\/10\/2016\/07\/ephemerides-fb.jpg?fit=1200%2C630","contentUrl":"https:\/\/i0.wp.com\/vincentians.com\/fr\/wp-content\/uploads\/sites\/10\/2016\/07\/ephemerides-fb.jpg?fit=1200%2C630","width":1200,"height":630},{"@type":"BreadcrumbList","@id":"http:\/\/vincentians.com\/fr\/ephemerides-25-juilliet\/#breadcrumb","itemListElement":[{"@type":"ListItem","position":1,"name":"Portada","item":"http:\/\/vincentians.com\/fr\/"},{"@type":"ListItem","position":2,"name":"Eph\u00e9m\u00e9rides: 25 juilliet"}]},{"@type":"WebSite","@id":"http:\/\/vincentians.com\/fr\/#website","url":"http:\/\/vincentians.com\/fr\/","name":"Nous Sommes Vincentiens","description":"Know more to serve more","potentialAction":[{"@type":"SearchAction","target":{"@type":"EntryPoint","urlTemplate":"http:\/\/vincentians.com\/fr\/?s={search_term_string}"},"query-input":{"@type":"PropertyValueSpecification","valueRequired":true,"valueName":"search_term_string"}}],"inLanguage":"fr-FR"},{"@type":"Person","@id":"http:\/\/vincentians.com\/fr\/#\/schema\/person\/9623ef4d9aa3b2dfb8c061f1499288f2","name":"Francisco Javier Fern\u00e1ndez Chento","image":{"@type":"ImageObject","inLanguage":"fr-FR","@id":"http:\/\/vincentians.com\/fr\/#\/schema\/person\/image\/","url":"https:\/\/secure.gravatar.com\/avatar\/497d5cde87b4c3d097d0315953521681ba2cd523ee66e5077c3711f7021e65de?s=96&d=mm&r=g","contentUrl":"https:\/\/secure.gravatar.com\/avatar\/497d5cde87b4c3d097d0315953521681ba2cd523ee66e5077c3711f7021e65de?s=96&d=mm&r=g","caption":"Francisco Javier Fern\u00e1ndez Chento"},"description":"Director General y cofundador de La Red de Formaci\u00f3n Vicenciana. Javier es laico vicenciano, afiliado a la Congregaci\u00f3n de la Misi\u00f3n y miembro del Equipo de Misiones Populares de la provincia can\u00f3nica de Zaragoza (Espa\u00f1a) de la Congregaci\u00f3n de la Misi\u00f3n. Graduado en la Universidad Oberta de Catalunya con cuatro grados (Asistente de direcci\u00f3n, Gesti\u00f3n Administrativa, Recursos Humanos y Contabilidad Avanzada). Bil\u00edng\u00fce Espa\u00f1ol\/Ingl\u00e9s. gestiona y mantiene varias p\u00e1ginas web cristianas y vicencianas, incluida including La Red de Formaci\u00f3n Vicenciana, de la que es cofundador. Actualmente es responsable del \u00e1rea de Espa\u00f1ol de .famvin, la Red de Noticias de la Familia Vicenciana. Tambi\u00e9n es m\u00fasico cat\u00f3lico y ha editado varios discos. Es Director General y cofundador de Trovador, una reconocida compa\u00f1\u00eda discogr\u00e1fica critiana de Espa\u00f1a. Trabaja en las Tecnolog\u00edas de la Informaci\u00f3n, ofreciendo servicios de alojamiento, dise\u00f1o y mantenimiento Web, as\u00ed como asesoramiento, formaci\u00f3n y soluciones inform\u00e1ticas, gesti\u00f3n documental y digitalizaci\u00f3n de textos, edici\u00f3n y maquetaci\u00f3n de libros, revistas, flyers, etc.","sameAs":["http:\/\/chento.org","https:\/\/www.facebook.com\/JavierChento","https:\/\/x.com\/https:\/\/twitter.com\/javierchento"],"url":"http:\/\/vincentians.com\/fr\/author\/chento\/"}]}},"jetpack_publicize_connections":[],"jetpack_featured_media_url":"https:\/\/i0.wp.com\/vincentians.com\/fr\/wp-content\/uploads\/sites\/10\/2016\/07\/ephemerides-fb.jpg?fit=1200%2C630","jetpack_sharing_enabled":true,"jetpack_shortlink":"https:\/\/wp.me\/p7ETMP-Nfx","jetpack-related-posts":[{"id":105955,"url":"http:\/\/vincentians.com\/fr\/ephemerides-10-mars\/","url_meta":{"origin":189319,"position":0},"title":"Eph\u00e9m\u00e9rides: 10 mars","author":"Francisco Javier Fern\u00e1ndez Chento","date":"10\/03\/2017","format":false,"excerpt":"1654. Dans une lettre \u00e9crite la veille, sainte Louise recommande aux Premi\u00e8res Soeurs\u00a0: \"Ne songeons qu'\u00e0 bien faire pour plaire \u00e0 Dieu\u00a0: le manquement d'aide ext\u00e9rieure des cr\u00e9atures nous servira \u00e0 nous avancer en la perfection du saint amour\u00a0; car, savez-vous ce que fait Notre-Seigneur quand une \u00e2me est d\u00e9laiss\u00e9e\u2026","rel":"","context":"Dans &quot;\u00c9ph\u00e9m\u00e9rides vincentiens&quot;","block_context":{"text":"\u00c9ph\u00e9m\u00e9rides vincentiens","link":"http:\/\/vincentians.com\/fr\/category\/ephemerides-vincentiens\/"},"img":{"alt_text":"","src":"https:\/\/i0.wp.com\/vincentians.com\/fr\/wp-content\/uploads\/sites\/10\/2016\/07\/ephemerides-fb.jpg?fit=1200%2C630&resize=350%2C200","width":350,"height":200,"srcset":"https:\/\/i0.wp.com\/vincentians.com\/fr\/wp-content\/uploads\/sites\/10\/2016\/07\/ephemerides-fb.jpg?fit=1200%2C630&resize=350%2C200 1x, https:\/\/i0.wp.com\/vincentians.com\/fr\/wp-content\/uploads\/sites\/10\/2016\/07\/ephemerides-fb.jpg?fit=1200%2C630&resize=525%2C300 1.5x, https:\/\/i0.wp.com\/vincentians.com\/fr\/wp-content\/uploads\/sites\/10\/2016\/07\/ephemerides-fb.jpg?fit=1200%2C630&resize=700%2C400 2x, https:\/\/i0.wp.com\/vincentians.com\/fr\/wp-content\/uploads\/sites\/10\/2016\/07\/ephemerides-fb.jpg?fit=1200%2C630&resize=1050%2C600 3x"},"classes":[]},{"id":190346,"url":"http:\/\/vincentians.com\/fr\/ephemerides-31-mars\/","url_meta":{"origin":189319,"position":1},"title":"Eph\u00e9m\u00e9rides : 31 mars","author":"Francisco Javier Fern\u00e1ndez Chento","date":"31\/03\/2017","format":false,"excerpt":"1665. Sur la c\u00f4te du Cap Vert, Charles Boussordec meurt, noy\u00e9. Onze ans auparavant, il quittait sa Bretagne natale, apr\u00e8s y avoir exerc\u00e9 le minist\u00e8re dans le dioc\u00e8se de Tr\u00e9guier. C'\u00e9tait l'ann\u00e9e m\u00eame o\u00f9 Monsieur Vincent \u00e9tablissait solidement ses pr\u00eatres au s\u00e9minaire de Tr\u00e9guier. Re\u00e7u \u00e0 Saint-Lazare par notre Bienheureux\u2026","rel":"","context":"Dans &quot;\u00c9ph\u00e9m\u00e9rides vincentiens&quot;","block_context":{"text":"\u00c9ph\u00e9m\u00e9rides vincentiens","link":"http:\/\/vincentians.com\/fr\/category\/ephemerides-vincentiens\/"},"img":{"alt_text":"","src":"https:\/\/i0.wp.com\/vincentians.com\/fr\/wp-content\/uploads\/sites\/10\/2016\/07\/ephemerides-fb.jpg?fit=1200%2C630&resize=350%2C200","width":350,"height":200,"srcset":"https:\/\/i0.wp.com\/vincentians.com\/fr\/wp-content\/uploads\/sites\/10\/2016\/07\/ephemerides-fb.jpg?fit=1200%2C630&resize=350%2C200 1x, https:\/\/i0.wp.com\/vincentians.com\/fr\/wp-content\/uploads\/sites\/10\/2016\/07\/ephemerides-fb.jpg?fit=1200%2C630&resize=525%2C300 1.5x, https:\/\/i0.wp.com\/vincentians.com\/fr\/wp-content\/uploads\/sites\/10\/2016\/07\/ephemerides-fb.jpg?fit=1200%2C630&resize=700%2C400 2x, https:\/\/i0.wp.com\/vincentians.com\/fr\/wp-content\/uploads\/sites\/10\/2016\/07\/ephemerides-fb.jpg?fit=1200%2C630&resize=1050%2C600 3x"},"classes":[]},{"id":106434,"url":"http:\/\/vincentians.com\/fr\/ephemerides-17-mai\/","url_meta":{"origin":189319,"position":2},"title":"Eph\u00e9m\u00e9rides: 17 mai","author":"Francisco Javier Fern\u00e1ndez Chento","date":"17\/05\/2017","format":false,"excerpt":"En 1610, \u00e0 Paris, Monsieur Vincent qui depuis peu est aum\u00f4nier de la Reine Marguerite, re\u00e7oit un b\u00e9n\u00e9fice qui, pense-t-il, va le tirer de la g\u00eane. L'archev\u00eaque d'Aix, Hurault de l'H\u00f4pital, lui c\u00e8de l'abbaye de Saint-L\u00e9onard de Chaumes, au dioc\u00e8se de Saintes. Sur le papier, les revenus de ce monast\u00e8re\u2026","rel":"","context":"Dans &quot;\u00c9ph\u00e9m\u00e9rides vincentiens&quot;","block_context":{"text":"\u00c9ph\u00e9m\u00e9rides vincentiens","link":"http:\/\/vincentians.com\/fr\/category\/ephemerides-vincentiens\/"},"img":{"alt_text":"","src":"https:\/\/i0.wp.com\/vincentians.com\/fr\/wp-content\/uploads\/sites\/10\/2016\/07\/ephemerides-fb.jpg?fit=1200%2C630&resize=350%2C200","width":350,"height":200,"srcset":"https:\/\/i0.wp.com\/vincentians.com\/fr\/wp-content\/uploads\/sites\/10\/2016\/07\/ephemerides-fb.jpg?fit=1200%2C630&resize=350%2C200 1x, https:\/\/i0.wp.com\/vincentians.com\/fr\/wp-content\/uploads\/sites\/10\/2016\/07\/ephemerides-fb.jpg?fit=1200%2C630&resize=525%2C300 1.5x, https:\/\/i0.wp.com\/vincentians.com\/fr\/wp-content\/uploads\/sites\/10\/2016\/07\/ephemerides-fb.jpg?fit=1200%2C630&resize=700%2C400 2x, https:\/\/i0.wp.com\/vincentians.com\/fr\/wp-content\/uploads\/sites\/10\/2016\/07\/ephemerides-fb.jpg?fit=1200%2C630&resize=1050%2C600 3x"},"classes":[]},{"id":105535,"url":"http:\/\/vincentians.com\/fr\/ephemerides-9-janvier\/","url_meta":{"origin":189319,"position":3},"title":"Eph\u00e9m\u00e9rides: 9 janvier","author":"Francisco Javier Fern\u00e1ndez Chento","date":"09\/01\/2017","format":false,"excerpt":"1632. Pr\u00e8s de Paris, le prieur\u00e9 de Saint-Lazare conna\u00eet une certaine animation\u00a0: Monsieur Vincent et une vingtaine de ses fils, \u2014 pr\u00eatres, clercs et fr\u00e8res, \u2014 s'installent dans les appartements qui bordent la route de Saint-Denis. Avant-hier, en effet, en pr\u00e9sence de neuf chanoines de Saint-Victor, - les actuels habitants\u2026","rel":"","context":"Dans &quot;\u00c9ph\u00e9m\u00e9rides vincentiens&quot;","block_context":{"text":"\u00c9ph\u00e9m\u00e9rides vincentiens","link":"http:\/\/vincentians.com\/fr\/category\/ephemerides-vincentiens\/"},"img":{"alt_text":"","src":"https:\/\/i0.wp.com\/vincentians.com\/fr\/wp-content\/uploads\/sites\/10\/2016\/07\/ephemerides-fb.jpg?fit=1200%2C630&resize=350%2C200","width":350,"height":200,"srcset":"https:\/\/i0.wp.com\/vincentians.com\/fr\/wp-content\/uploads\/sites\/10\/2016\/07\/ephemerides-fb.jpg?fit=1200%2C630&resize=350%2C200 1x, https:\/\/i0.wp.com\/vincentians.com\/fr\/wp-content\/uploads\/sites\/10\/2016\/07\/ephemerides-fb.jpg?fit=1200%2C630&resize=525%2C300 1.5x, https:\/\/i0.wp.com\/vincentians.com\/fr\/wp-content\/uploads\/sites\/10\/2016\/07\/ephemerides-fb.jpg?fit=1200%2C630&resize=700%2C400 2x, https:\/\/i0.wp.com\/vincentians.com\/fr\/wp-content\/uploads\/sites\/10\/2016\/07\/ephemerides-fb.jpg?fit=1200%2C630&resize=1050%2C600 3x"},"classes":[]},{"id":189318,"url":"http:\/\/vincentians.com\/fr\/ephemerides-24-juilliet\/","url_meta":{"origin":189319,"position":4},"title":"Eph\u00e9m\u00e9rides: 24 juilliet","author":"Francisco Javier Fern\u00e1ndez Chento","date":"24\/07\/2017","format":false,"excerpt":"1607. D\u2019Avignon, Monsieur Vincent \u00e9crit \u00e0 M. de Comet, avocat \u00e0 Dax et juge de Pouy, la premi\u00e8re lettre conserv\u00e9e, o\u00f9 il raconte sa captivit\u00e9 en Barbarie (1). 1689. \u00c0 Ferrare. en Italie, la marquise Camille de Bevilacqua fait aux pr\u00eatres de la Mission une donation qui doit leur permettre\u2026","rel":"","context":"Dans &quot;\u00c9ph\u00e9m\u00e9rides vincentiens&quot;","block_context":{"text":"\u00c9ph\u00e9m\u00e9rides vincentiens","link":"http:\/\/vincentians.com\/fr\/category\/ephemerides-vincentiens\/"},"img":{"alt_text":"","src":"https:\/\/i0.wp.com\/vincentians.com\/fr\/wp-content\/uploads\/sites\/10\/2016\/07\/ephemerides-fb.jpg?fit=1200%2C630&resize=350%2C200","width":350,"height":200,"srcset":"https:\/\/i0.wp.com\/vincentians.com\/fr\/wp-content\/uploads\/sites\/10\/2016\/07\/ephemerides-fb.jpg?fit=1200%2C630&resize=350%2C200 1x, https:\/\/i0.wp.com\/vincentians.com\/fr\/wp-content\/uploads\/sites\/10\/2016\/07\/ephemerides-fb.jpg?fit=1200%2C630&resize=525%2C300 1.5x, https:\/\/i0.wp.com\/vincentians.com\/fr\/wp-content\/uploads\/sites\/10\/2016\/07\/ephemerides-fb.jpg?fit=1200%2C630&resize=700%2C400 2x, https:\/\/i0.wp.com\/vincentians.com\/fr\/wp-content\/uploads\/sites\/10\/2016\/07\/ephemerides-fb.jpg?fit=1200%2C630&resize=1050%2C600 3x"},"classes":[]},{"id":190056,"url":"http:\/\/vincentians.com\/fr\/ephemerides-04-aout\/","url_meta":{"origin":189319,"position":5},"title":"Eph\u00e9m\u00e9rides: 04 ao\u00fbt","author":"Francisco Javier Fern\u00e1ndez Chento","date":"04\/08\/2017","format":false,"excerpt":"1658. D\u00e8s la nouvelle connue du d\u00e9c\u00e8s des deux S\u0153urs de Calais et de la maladie des deux autres, des S\u0153urs se proposent pour les remplacer. Quatre sont choisies\u00a0: Henriette Gesseaume, Marie Cuny, Fran\u00e7oise et Jeanne. Au cours de la conf\u00e9rence de ce jour, Monsieur Vincent les envoie en mission.\u2026","rel":"","context":"Dans &quot;\u00c9ph\u00e9m\u00e9rides vincentiens&quot;","block_context":{"text":"\u00c9ph\u00e9m\u00e9rides vincentiens","link":"http:\/\/vincentians.com\/fr\/category\/ephemerides-vincentiens\/"},"img":{"alt_text":"","src":"https:\/\/i0.wp.com\/vincentians.com\/fr\/wp-content\/uploads\/sites\/10\/2016\/07\/ephemerides-fb.jpg?fit=1200%2C630&resize=350%2C200","width":350,"height":200,"srcset":"https:\/\/i0.wp.com\/vincentians.com\/fr\/wp-content\/uploads\/sites\/10\/2016\/07\/ephemerides-fb.jpg?fit=1200%2C630&resize=350%2C200 1x, https:\/\/i0.wp.com\/vincentians.com\/fr\/wp-content\/uploads\/sites\/10\/2016\/07\/ephemerides-fb.jpg?fit=1200%2C630&resize=525%2C300 1.5x, https:\/\/i0.wp.com\/vincentians.com\/fr\/wp-content\/uploads\/sites\/10\/2016\/07\/ephemerides-fb.jpg?fit=1200%2C630&resize=700%2C400 2x, https:\/\/i0.wp.com\/vincentians.com\/fr\/wp-content\/uploads\/sites\/10\/2016\/07\/ephemerides-fb.jpg?fit=1200%2C630&resize=1050%2C600 3x"},"classes":[]}],"_links":{"self":[{"href":"http:\/\/vincentians.com\/fr\/wp-json\/wp\/v2\/posts\/189319","targetHints":{"allow":["GET"]}}],"collection":[{"href":"http:\/\/vincentians.com\/fr\/wp-json\/wp\/v2\/posts"}],"about":[{"href":"http:\/\/vincentians.com\/fr\/wp-json\/wp\/v2\/types\/post"}],"author":[{"embeddable":true,"href":"http:\/\/vincentians.com\/fr\/wp-json\/wp\/v2\/users\/4"}],"replies":[{"embeddable":true,"href":"http:\/\/vincentians.com\/fr\/wp-json\/wp\/v2\/comments?post=189319"}],"version-history":[{"count":0,"href":"http:\/\/vincentians.com\/fr\/wp-json\/wp\/v2\/posts\/189319\/revisions"}],"wp:featuredmedia":[{"embeddable":true,"href":"http:\/\/vincentians.com\/fr\/wp-json\/wp\/v2\/media\/149897"}],"wp:attachment":[{"href":"http:\/\/vincentians.com\/fr\/wp-json\/wp\/v2\/media?parent=189319"}],"wp:term":[{"taxonomy":"category","embeddable":true,"href":"http:\/\/vincentians.com\/fr\/wp-json\/wp\/v2\/categories?post=189319"},{"taxonomy":"post_tag","embeddable":true,"href":"http:\/\/vincentians.com\/fr\/wp-json\/wp\/v2\/tags?post=189319"}],"curies":[{"name":"wp","href":"https:\/\/api.w.org\/{rel}","templated":true}]}}