{"id":189315,"date":"2017-07-28T00:01:01","date_gmt":"2017-07-27T22:01:01","guid":{"rendered":"http:\/\/vincentians.com\/fr\/?p=189315"},"modified":"2016-08-09T18:16:00","modified_gmt":"2016-08-09T16:16:00","slug":"ephemerides-28-juilliet","status":"publish","type":"post","link":"http:\/\/vincentians.com\/fr\/ephemerides-28-juilliet\/","title":{"rendered":"Eph\u00e9m\u00e9rides: 28 juilliet"},"content":{"rendered":"<p><b>1648<\/b>. La conf\u00e9rence de nos Premi\u00e8res S\u0153urs se tint en pr\u00e9sence de M. Thibault et Monsieur Vincent reprendra le sujet le 25 ao\u00fbt suivant. I1 s\u2019agit de \u201cl\u2019esprit du monde\u201d et M. Thibault de dire entre autres choses\u00a0: \u201cSi quelqu\u2019une de vous, mes Sceurs, n\u2019avait pas d\u2019amour pour la pauvret\u00e9, qu\u2019elle jette les yeux sur celle du Fils de Dieu\u00a0; si quelqu\u2019une aimait les applaudissements, qu\u2019elle parcourt la vie de J\u00e9sus-Christ et voie de quelle fa\u00e7on il les a re\u00e7us\u201d.<\/p>\n<p><b>1770<\/b>. Charles de Broglie, \u00e9v\u00eaque de Noyon, M\u00e8re Hesnard, les offici\u00e8res, et Monsieur Jacquier signent \u00e0 Paris le contrat d\u2019\u00e9tablissement de trois S\u0153urs pour le service des malades de la ville et des faubourgs de Noyon. L\u2019Ev\u00eaque s\u2019engage \u00e0 fournir le logement et les indemnit\u00e9s. Les trois S\u0153urs ne quitteront Paris qu\u2019en d\u00e9cembre 1770. (C)<\/p>\n<p><b>1784<\/b>. \u00c0 Macao, arriv\u00e9e de MM. Correa et Villa. Il leur a fallu pr\u00e8s de trois mois pour couvrir les cinq mille kilom\u00e8tres qui s\u00e9parent Macao de Goa. Dans cette derni\u00e8re ville, l\u2019\u00e9v\u00eaque de P\u00e9kin, Mgr de Gouv\u00e9a, franciscain, \u00e9tait venu trouver nos Confr\u00e8res pour leur demander de prendre en charge le S\u00e9minaire qu&rsquo;il comptait \u00e9tablir \u00e0 Macao pour l\u2019\u00e9ducation des jeunes Chinois. L\u2019\u00e9v\u00eaque qui a eu la chance de faire un voyage plus rapide que MM. Correa et Villa, les accueille \u00e0 Macao avec d\u2019affectueuses d\u00e9monstrations et les installe au Coll\u00e8ge Saint-Joseph qui, avant leur dissolution, appartenait aux j\u00e9suites. M. Correa, de nationalit\u00e9 portugaise, va remplir les fonctions de sup\u00e9rieur, tandis que M. Villa, fils de l\u2019Italie, enseignera les humanit\u00e9s et s\u2019occupera en m\u00eame temps de la Procure \u00e9tablie \u00e0 Macao pour les Missionnaires fran\u00e7ais. Tous les deux auront la joie d\u2019accueillir Fran\u00e7ois-R\u00e9gis Clet, lors de son passage dans la possession portugaise (1).<\/p>\n<p><b>1841<\/b>. Un incendie d\u00e9vore les deux tiers des maisons \u00e0 Smyrne. Les sinistr\u00e9s furent r\u00e9unis dans une caserne inoccup\u00e9e et dans un lazaret. Un Comit\u00e9 se forme chez les S\u0153urs et celles-ci arriv\u00e9es depuis deux ans \u00e0 peine, se prodiguent \u00e0 tous, bravant un soleil de 50\u00b0, soignant bless\u00e9s et malades, distribuant vivres et v\u00eatements.<\/p>\n<p><b>1878<\/b>. \u00c0 la Nouvelle-Orl\u00e9ans, sept de nos S\u0153urs meurent de la peste contract\u00e9e au chevet des malades. Trois missionnaires perdirent aussi la vie pendant cette \u00e9pid\u00e9mie, en donnant leurs soins aux pestif\u00e9r\u00e9s.<\/p>\n<p><b>1928<\/b>. \u00c0 Paris, mort de M. Anatole Dupeux, Assistant de la Maison-M\u00e8re. N\u00e9 dans l\u2019\u00eele de R\u00e9, le 13 mai 1862, il fut, pendant ses \u00e9tudes au s\u00e9minaire de La Rochelle, marqu\u00e9 par un lazariste qui a fait honneur \u00e0 la Compagnie, M. Rosset. Sous l\u2019influence d\u2019un tel ma\u00eetre, Anatole Dupeux se sentit attir\u00e9 vers la vie de fils de Saint Vincent, et, quelque temps apr\u00e8s son ordination sacerdotale, il entra au S\u00e9minaire. Apr\u00e8s un stage \u00e0 Sainte-Anne d\u2019Amiens, il fut donn\u00e9 aux clercs d\u2019Angoul\u00eame. Pendant treize ans, il les enseigna. Au moment de la fermeture, M. Dupeux fut du nombre des quatre confr\u00e8res d\u2019Angoul\u00eame qui s\u2019offrirent g\u00e9n\u00e9reusement pour aller diriger le s\u00e9minaire de San Salvador. Quand M. Bettembourg put rentrer en France, c\u2019est \u00e0 M. Dupeux que l\u2019on confia simultan\u00e9ment, \u00e0 Buenos-Aires les charges de sup\u00e9rieur, de Visiteur et de Directeur de la Province des S\u0153urs. En 1923, il est sup\u00e9rieur du s\u00e9minaire d\u2019Oran\u00a0; mais, trois ans apr\u00e8s, sa sant\u00e9 n\u00e9cessite son retour dans la m\u00e9tropole. Apr\u00e8s quelques mois de repos, il accepte de remplir les fonctions d\u2019Assistant de la Maison-M\u00e8re. Dans ce dernier poste, comme dans tous les autres, M. Dupeux a \u00e9t\u00e9 remarquable par sa pi\u00e9t\u00e9 et sa bont\u00e9 (2).<\/p>\n<p><b>1935<\/b>. Au Vatican, dans la Salle des Consistoires, en pr\u00e9sence d\u2019archev\u00eaques, d\u2019\u00e9v\u00eaques et de toutes sortes de pr\u00e9lats, et devant le public ordinaire de ces touchantes c\u00e9r\u00e9monies, Pie XI \u00e9coute la lecture du d\u00e9cret proclamant l\u2019h\u00e9ro\u00efcit\u00e9 des vertus de Justin de Jacobis. Le T.H.P. Souvay, qui est accompagn\u00e9 de M. Scognamillo, Procureur de la Mission, exprime, en italien, sa joie et sa reconnaissance au Saint P\u00e8re (3).<\/p>\n<dl>\n<dd>1) Notice, IV pp. 645-646\u00a0; M\u00e9moires C.M., t. VII, pp. 745-748\u00a0; Annales, t. 62, p. 219.<\/dd>\n<dd>2) Annales, t. 93, pp. 629-631.<\/dd>\n<dd>3) Annales, t. 100, p. 917-919.<\/dd>\n<\/dl>\n","protected":false},"excerpt":{"rendered":"<p>1648. La conf\u00e9rence de nos Premi\u00e8res S\u0153urs se tint en pr\u00e9sence de M. Thibault et Monsieur Vincent reprendra le sujet le 25 ao\u00fbt suivant. I1 s\u2019agit de \u201cl\u2019esprit du monde\u201d et M. Thibault de dire &#8230; <a href=\"http:\/\/vincentians.com\/fr\/ephemerides-28-juilliet\/\" class=\"more-link\">Read More<\/a><\/p>\n","protected":false},"author":4,"featured_media":149897,"comment_status":"open","ping_status":"open","sticky":false,"template":"","format":"standard","meta":{"jetpack_post_was_ever_published":false,"_jetpack_newsletter_access":"","_jetpack_dont_email_post_to_subs":false,"_jetpack_newsletter_tier_id":0,"_jetpack_memberships_contains_paywalled_content":false,"_jetpack_memberships_contains_paid_content":false,"footnotes":"","jetpack_publicize_message":"","jetpack_publicize_feature_enabled":true,"jetpack_social_post_already_shared":true,"jetpack_social_options":{"image_generator_settings":{"template":"highway","default_image_id":0,"font":"","enabled":false},"version":2}},"categories":[119],"tags":[],"class_list":["post-189315","post","type-post","status-publish","format-standard","has-post-thumbnail","hentry","category-ephemerides-vincentiens"],"yoast_head":"<!-- This site is optimized with the Yoast SEO plugin v26.3 - https:\/\/yoast.com\/wordpress\/plugins\/seo\/ -->\n<title>Eph\u00e9m\u00e9rides: 28 juilliet - Nous Sommes Vincentiens<\/title>\n<meta name=\"robots\" content=\"index, follow, max-snippet:-1, max-image-preview:large, max-video-preview:-1\" \/>\n<link rel=\"canonical\" href=\"http:\/\/vincentians.com\/fr\/ephemerides-28-juilliet\/\" \/>\n<meta property=\"og:locale\" content=\"fr_FR\" \/>\n<meta property=\"og:type\" content=\"article\" \/>\n<meta property=\"og:title\" content=\"Eph\u00e9m\u00e9rides: 28 juilliet - Nous Sommes Vincentiens\" \/>\n<meta property=\"og:description\" content=\"1648. La conf\u00e9rence de nos Premi\u00e8res S\u0153urs se tint en pr\u00e9sence de M. Thibault et Monsieur Vincent reprendra le sujet le 25 ao\u00fbt suivant. I1 s\u2019agit de \u201cl\u2019esprit du monde\u201d et M. Thibault de dire ... Read More\" \/>\n<meta property=\"og:url\" content=\"http:\/\/vincentians.com\/fr\/ephemerides-28-juilliet\/\" \/>\n<meta property=\"og:site_name\" content=\"Nous Sommes Vincentiens\" \/>\n<meta property=\"article:publisher\" content=\"https:\/\/www.facebook.com\/WeAreVincentians\/\" \/>\n<meta property=\"article:author\" content=\"https:\/\/www.facebook.com\/JavierChento\" \/>\n<meta property=\"article:published_time\" content=\"2017-07-27T22:01:01+00:00\" \/>\n<meta property=\"og:image\" content=\"https:\/\/i0.wp.com\/vincentians.com\/fr\/wp-content\/uploads\/sites\/10\/2016\/07\/ephemerides-fb.jpg?fit=1200%2C630\" \/>\n\t<meta property=\"og:image:width\" content=\"1200\" \/>\n\t<meta property=\"og:image:height\" content=\"630\" \/>\n\t<meta property=\"og:image:type\" content=\"image\/jpeg\" \/>\n<meta name=\"author\" content=\"Francisco Javier Fern\u00e1ndez Chento\" \/>\n<meta name=\"twitter:card\" content=\"summary_large_image\" \/>\n<meta name=\"twitter:creator\" content=\"@https:\/\/twitter.com\/javierchento\" \/>\n<meta name=\"twitter:site\" content=\"@WeVincentians\" \/>\n<meta name=\"twitter:label1\" content=\"\u00c9crit par\" \/>\n\t<meta name=\"twitter:data1\" content=\"Francisco Javier Fern\u00e1ndez Chento\" \/>\n\t<meta name=\"twitter:label2\" content=\"Dur\u00e9e de lecture estim\u00e9e\" \/>\n\t<meta name=\"twitter:data2\" content=\"4 minutes\" \/>\n<script type=\"application\/ld+json\" class=\"yoast-schema-graph\">{\"@context\":\"https:\/\/schema.org\",\"@graph\":[{\"@type\":\"WebPage\",\"@id\":\"http:\/\/vincentians.com\/fr\/ephemerides-28-juilliet\/\",\"url\":\"http:\/\/vincentians.com\/fr\/ephemerides-28-juilliet\/\",\"name\":\"Eph\u00e9m\u00e9rides: 28 juilliet - Nous Sommes Vincentiens\",\"isPartOf\":{\"@id\":\"http:\/\/vincentians.com\/fr\/#website\"},\"primaryImageOfPage\":{\"@id\":\"http:\/\/vincentians.com\/fr\/ephemerides-28-juilliet\/#primaryimage\"},\"image\":{\"@id\":\"http:\/\/vincentians.com\/fr\/ephemerides-28-juilliet\/#primaryimage\"},\"thumbnailUrl\":\"https:\/\/i0.wp.com\/vincentians.com\/fr\/wp-content\/uploads\/sites\/10\/2016\/07\/ephemerides-fb.jpg?fit=1200%2C630\",\"datePublished\":\"2017-07-27T22:01:01+00:00\",\"author\":{\"@id\":\"http:\/\/vincentians.com\/fr\/#\/schema\/person\/9623ef4d9aa3b2dfb8c061f1499288f2\"},\"breadcrumb\":{\"@id\":\"http:\/\/vincentians.com\/fr\/ephemerides-28-juilliet\/#breadcrumb\"},\"inLanguage\":\"fr-FR\",\"potentialAction\":[{\"@type\":\"ReadAction\",\"target\":[\"http:\/\/vincentians.com\/fr\/ephemerides-28-juilliet\/\"]}]},{\"@type\":\"ImageObject\",\"inLanguage\":\"fr-FR\",\"@id\":\"http:\/\/vincentians.com\/fr\/ephemerides-28-juilliet\/#primaryimage\",\"url\":\"https:\/\/i0.wp.com\/vincentians.com\/fr\/wp-content\/uploads\/sites\/10\/2016\/07\/ephemerides-fb.jpg?fit=1200%2C630\",\"contentUrl\":\"https:\/\/i0.wp.com\/vincentians.com\/fr\/wp-content\/uploads\/sites\/10\/2016\/07\/ephemerides-fb.jpg?fit=1200%2C630\",\"width\":1200,\"height\":630},{\"@type\":\"BreadcrumbList\",\"@id\":\"http:\/\/vincentians.com\/fr\/ephemerides-28-juilliet\/#breadcrumb\",\"itemListElement\":[{\"@type\":\"ListItem\",\"position\":1,\"name\":\"Portada\",\"item\":\"http:\/\/vincentians.com\/fr\/\"},{\"@type\":\"ListItem\",\"position\":2,\"name\":\"Eph\u00e9m\u00e9rides: 28 juilliet\"}]},{\"@type\":\"WebSite\",\"@id\":\"http:\/\/vincentians.com\/fr\/#website\",\"url\":\"http:\/\/vincentians.com\/fr\/\",\"name\":\"Nous Sommes Vincentiens\",\"description\":\"Know more to serve more\",\"potentialAction\":[{\"@type\":\"SearchAction\",\"target\":{\"@type\":\"EntryPoint\",\"urlTemplate\":\"http:\/\/vincentians.com\/fr\/?s={search_term_string}\"},\"query-input\":{\"@type\":\"PropertyValueSpecification\",\"valueRequired\":true,\"valueName\":\"search_term_string\"}}],\"inLanguage\":\"fr-FR\"},{\"@type\":\"Person\",\"@id\":\"http:\/\/vincentians.com\/fr\/#\/schema\/person\/9623ef4d9aa3b2dfb8c061f1499288f2\",\"name\":\"Francisco Javier Fern\u00e1ndez Chento\",\"image\":{\"@type\":\"ImageObject\",\"inLanguage\":\"fr-FR\",\"@id\":\"http:\/\/vincentians.com\/fr\/#\/schema\/person\/image\/\",\"url\":\"https:\/\/secure.gravatar.com\/avatar\/497d5cde87b4c3d097d0315953521681ba2cd523ee66e5077c3711f7021e65de?s=96&d=mm&r=g\",\"contentUrl\":\"https:\/\/secure.gravatar.com\/avatar\/497d5cde87b4c3d097d0315953521681ba2cd523ee66e5077c3711f7021e65de?s=96&d=mm&r=g\",\"caption\":\"Francisco Javier Fern\u00e1ndez Chento\"},\"description\":\"Director General y cofundador de La Red de Formaci\u00f3n Vicenciana. Javier es laico vicenciano, afiliado a la Congregaci\u00f3n de la Misi\u00f3n y miembro del Equipo de Misiones Populares de la provincia can\u00f3nica de Zaragoza (Espa\u00f1a) de la Congregaci\u00f3n de la Misi\u00f3n. Graduado en la Universidad Oberta de Catalunya con cuatro grados (Asistente de direcci\u00f3n, Gesti\u00f3n Administrativa, Recursos Humanos y Contabilidad Avanzada). Bil\u00edng\u00fce Espa\u00f1ol\/Ingl\u00e9s. gestiona y mantiene varias p\u00e1ginas web cristianas y vicencianas, incluida including La Red de Formaci\u00f3n Vicenciana, de la que es cofundador. Actualmente es responsable del \u00e1rea de Espa\u00f1ol de .famvin, la Red de Noticias de la Familia Vicenciana. Tambi\u00e9n es m\u00fasico cat\u00f3lico y ha editado varios discos. Es Director General y cofundador de Trovador, una reconocida compa\u00f1\u00eda discogr\u00e1fica critiana de Espa\u00f1a. Trabaja en las Tecnolog\u00edas de la Informaci\u00f3n, ofreciendo servicios de alojamiento, dise\u00f1o y mantenimiento Web, as\u00ed como asesoramiento, formaci\u00f3n y soluciones inform\u00e1ticas, gesti\u00f3n documental y digitalizaci\u00f3n de textos, edici\u00f3n y maquetaci\u00f3n de libros, revistas, flyers, etc.\",\"sameAs\":[\"http:\/\/chento.org\",\"https:\/\/www.facebook.com\/JavierChento\",\"https:\/\/x.com\/https:\/\/twitter.com\/javierchento\"],\"url\":\"http:\/\/vincentians.com\/fr\/author\/chento\/\"}]}<\/script>\n<!-- \/ Yoast SEO plugin. -->","yoast_head_json":{"title":"Eph\u00e9m\u00e9rides: 28 juilliet - Nous Sommes Vincentiens","robots":{"index":"index","follow":"follow","max-snippet":"max-snippet:-1","max-image-preview":"max-image-preview:large","max-video-preview":"max-video-preview:-1"},"canonical":"http:\/\/vincentians.com\/fr\/ephemerides-28-juilliet\/","og_locale":"fr_FR","og_type":"article","og_title":"Eph\u00e9m\u00e9rides: 28 juilliet - Nous Sommes Vincentiens","og_description":"1648. La conf\u00e9rence de nos Premi\u00e8res S\u0153urs se tint en pr\u00e9sence de M. Thibault et Monsieur Vincent reprendra le sujet le 25 ao\u00fbt suivant. I1 s\u2019agit de \u201cl\u2019esprit du monde\u201d et M. Thibault de dire ... Read More","og_url":"http:\/\/vincentians.com\/fr\/ephemerides-28-juilliet\/","og_site_name":"Nous Sommes Vincentiens","article_publisher":"https:\/\/www.facebook.com\/WeAreVincentians\/","article_author":"https:\/\/www.facebook.com\/JavierChento","article_published_time":"2017-07-27T22:01:01+00:00","og_image":[{"width":1200,"height":630,"url":"https:\/\/i0.wp.com\/vincentians.com\/fr\/wp-content\/uploads\/sites\/10\/2016\/07\/ephemerides-fb.jpg?fit=1200%2C630","type":"image\/jpeg"}],"author":"Francisco Javier Fern\u00e1ndez Chento","twitter_card":"summary_large_image","twitter_creator":"@https:\/\/twitter.com\/javierchento","twitter_site":"@WeVincentians","twitter_misc":{"\u00c9crit par":"Francisco Javier Fern\u00e1ndez Chento","Dur\u00e9e de lecture estim\u00e9e":"4 minutes"},"schema":{"@context":"https:\/\/schema.org","@graph":[{"@type":"WebPage","@id":"http:\/\/vincentians.com\/fr\/ephemerides-28-juilliet\/","url":"http:\/\/vincentians.com\/fr\/ephemerides-28-juilliet\/","name":"Eph\u00e9m\u00e9rides: 28 juilliet - Nous Sommes Vincentiens","isPartOf":{"@id":"http:\/\/vincentians.com\/fr\/#website"},"primaryImageOfPage":{"@id":"http:\/\/vincentians.com\/fr\/ephemerides-28-juilliet\/#primaryimage"},"image":{"@id":"http:\/\/vincentians.com\/fr\/ephemerides-28-juilliet\/#primaryimage"},"thumbnailUrl":"https:\/\/i0.wp.com\/vincentians.com\/fr\/wp-content\/uploads\/sites\/10\/2016\/07\/ephemerides-fb.jpg?fit=1200%2C630","datePublished":"2017-07-27T22:01:01+00:00","author":{"@id":"http:\/\/vincentians.com\/fr\/#\/schema\/person\/9623ef4d9aa3b2dfb8c061f1499288f2"},"breadcrumb":{"@id":"http:\/\/vincentians.com\/fr\/ephemerides-28-juilliet\/#breadcrumb"},"inLanguage":"fr-FR","potentialAction":[{"@type":"ReadAction","target":["http:\/\/vincentians.com\/fr\/ephemerides-28-juilliet\/"]}]},{"@type":"ImageObject","inLanguage":"fr-FR","@id":"http:\/\/vincentians.com\/fr\/ephemerides-28-juilliet\/#primaryimage","url":"https:\/\/i0.wp.com\/vincentians.com\/fr\/wp-content\/uploads\/sites\/10\/2016\/07\/ephemerides-fb.jpg?fit=1200%2C630","contentUrl":"https:\/\/i0.wp.com\/vincentians.com\/fr\/wp-content\/uploads\/sites\/10\/2016\/07\/ephemerides-fb.jpg?fit=1200%2C630","width":1200,"height":630},{"@type":"BreadcrumbList","@id":"http:\/\/vincentians.com\/fr\/ephemerides-28-juilliet\/#breadcrumb","itemListElement":[{"@type":"ListItem","position":1,"name":"Portada","item":"http:\/\/vincentians.com\/fr\/"},{"@type":"ListItem","position":2,"name":"Eph\u00e9m\u00e9rides: 28 juilliet"}]},{"@type":"WebSite","@id":"http:\/\/vincentians.com\/fr\/#website","url":"http:\/\/vincentians.com\/fr\/","name":"Nous Sommes Vincentiens","description":"Know more to serve more","potentialAction":[{"@type":"SearchAction","target":{"@type":"EntryPoint","urlTemplate":"http:\/\/vincentians.com\/fr\/?s={search_term_string}"},"query-input":{"@type":"PropertyValueSpecification","valueRequired":true,"valueName":"search_term_string"}}],"inLanguage":"fr-FR"},{"@type":"Person","@id":"http:\/\/vincentians.com\/fr\/#\/schema\/person\/9623ef4d9aa3b2dfb8c061f1499288f2","name":"Francisco Javier Fern\u00e1ndez Chento","image":{"@type":"ImageObject","inLanguage":"fr-FR","@id":"http:\/\/vincentians.com\/fr\/#\/schema\/person\/image\/","url":"https:\/\/secure.gravatar.com\/avatar\/497d5cde87b4c3d097d0315953521681ba2cd523ee66e5077c3711f7021e65de?s=96&d=mm&r=g","contentUrl":"https:\/\/secure.gravatar.com\/avatar\/497d5cde87b4c3d097d0315953521681ba2cd523ee66e5077c3711f7021e65de?s=96&d=mm&r=g","caption":"Francisco Javier Fern\u00e1ndez Chento"},"description":"Director General y cofundador de La Red de Formaci\u00f3n Vicenciana. Javier es laico vicenciano, afiliado a la Congregaci\u00f3n de la Misi\u00f3n y miembro del Equipo de Misiones Populares de la provincia can\u00f3nica de Zaragoza (Espa\u00f1a) de la Congregaci\u00f3n de la Misi\u00f3n. Graduado en la Universidad Oberta de Catalunya con cuatro grados (Asistente de direcci\u00f3n, Gesti\u00f3n Administrativa, Recursos Humanos y Contabilidad Avanzada). Bil\u00edng\u00fce Espa\u00f1ol\/Ingl\u00e9s. gestiona y mantiene varias p\u00e1ginas web cristianas y vicencianas, incluida including La Red de Formaci\u00f3n Vicenciana, de la que es cofundador. Actualmente es responsable del \u00e1rea de Espa\u00f1ol de .famvin, la Red de Noticias de la Familia Vicenciana. Tambi\u00e9n es m\u00fasico cat\u00f3lico y ha editado varios discos. Es Director General y cofundador de Trovador, una reconocida compa\u00f1\u00eda discogr\u00e1fica critiana de Espa\u00f1a. Trabaja en las Tecnolog\u00edas de la Informaci\u00f3n, ofreciendo servicios de alojamiento, dise\u00f1o y mantenimiento Web, as\u00ed como asesoramiento, formaci\u00f3n y soluciones inform\u00e1ticas, gesti\u00f3n documental y digitalizaci\u00f3n de textos, edici\u00f3n y maquetaci\u00f3n de libros, revistas, flyers, etc.","sameAs":["http:\/\/chento.org","https:\/\/www.facebook.com\/JavierChento","https:\/\/x.com\/https:\/\/twitter.com\/javierchento"],"url":"http:\/\/vincentians.com\/fr\/author\/chento\/"}]}},"jetpack_publicize_connections":[],"jetpack_featured_media_url":"https:\/\/i0.wp.com\/vincentians.com\/fr\/wp-content\/uploads\/sites\/10\/2016\/07\/ephemerides-fb.jpg?fit=1200%2C630","jetpack_sharing_enabled":true,"jetpack_shortlink":"https:\/\/wp.me\/p7ETMP-Nft","jetpack-related-posts":[{"id":190229,"url":"http:\/\/vincentians.com\/fr\/ephemerides-08-octobre\/","url_meta":{"origin":189315,"position":0},"title":"Eph\u00e9m\u00e9rides : 08 octobre","author":"Francisco Javier Fern\u00e1ndez Chento","date":"08\/10\/2016","format":false,"excerpt":"1642. De Paris, Monsieur Vincent adresse \u00e0 Jean Brunet et \u00e0 \u00c9tienne Blatiron une lettre o\u00f9 il leur dit\u00a0: \u00abJe vous ai d\u00e9j\u00e0 \u00e9crit que la Providence de Dieu vous appelle \u00e0 Rome pour un nouvel \u00e9tablissement\u2026\u00bb C\u2019est une aimable fa\u00e7on de r\u00e9p\u00e9ter aux deux destinataires que sa d\u00e9cision, \u00e0\u2026","rel":"","context":"Dans &quot;\u00c9ph\u00e9m\u00e9rides vincentiens&quot;","block_context":{"text":"\u00c9ph\u00e9m\u00e9rides vincentiens","link":"http:\/\/vincentians.com\/fr\/category\/ephemerides-vincentiens\/"},"img":{"alt_text":"","src":"https:\/\/i0.wp.com\/vincentians.com\/fr\/wp-content\/uploads\/sites\/10\/2016\/07\/ephemerides-fb.jpg?fit=1200%2C630&resize=350%2C200","width":350,"height":200,"srcset":"https:\/\/i0.wp.com\/vincentians.com\/fr\/wp-content\/uploads\/sites\/10\/2016\/07\/ephemerides-fb.jpg?fit=1200%2C630&resize=350%2C200 1x, https:\/\/i0.wp.com\/vincentians.com\/fr\/wp-content\/uploads\/sites\/10\/2016\/07\/ephemerides-fb.jpg?fit=1200%2C630&resize=525%2C300 1.5x, https:\/\/i0.wp.com\/vincentians.com\/fr\/wp-content\/uploads\/sites\/10\/2016\/07\/ephemerides-fb.jpg?fit=1200%2C630&resize=700%2C400 2x, https:\/\/i0.wp.com\/vincentians.com\/fr\/wp-content\/uploads\/sites\/10\/2016\/07\/ephemerides-fb.jpg?fit=1200%2C630&resize=1050%2C600 3x"},"classes":[]},{"id":190154,"url":"http:\/\/vincentians.com\/fr\/ephemerides-30-aout\/","url_meta":{"origin":189315,"position":1},"title":"Eph\u00e9m\u00e9rides : 30 ao\u00fbt","author":"Francisco Javier Fern\u00e1ndez Chento","date":"30\/08\/2016","format":false,"excerpt":"1656. Marguerite Ch\u00e9tif (35 ans et 7 de vocation ) et Radegonde Lenfantin (19 ans et 4 de vocation) re\u00e7oivent de Monsieur Vincent leur envoi en mission. Elles partent pour Arras, appel\u00e9es par des Dames d\u2019Arras, pour les aider \u00e0 mettre en place la Confr\u00e9rie de la Charit\u00e9 dans leur\u2026","rel":"","context":"Dans &quot;\u00c9ph\u00e9m\u00e9rides vincentiens&quot;","block_context":{"text":"\u00c9ph\u00e9m\u00e9rides vincentiens","link":"http:\/\/vincentians.com\/fr\/category\/ephemerides-vincentiens\/"},"img":{"alt_text":"","src":"https:\/\/i0.wp.com\/vincentians.com\/fr\/wp-content\/uploads\/sites\/10\/2016\/07\/ephemerides-fb.jpg?fit=1200%2C630&resize=350%2C200","width":350,"height":200,"srcset":"https:\/\/i0.wp.com\/vincentians.com\/fr\/wp-content\/uploads\/sites\/10\/2016\/07\/ephemerides-fb.jpg?fit=1200%2C630&resize=350%2C200 1x, https:\/\/i0.wp.com\/vincentians.com\/fr\/wp-content\/uploads\/sites\/10\/2016\/07\/ephemerides-fb.jpg?fit=1200%2C630&resize=525%2C300 1.5x, https:\/\/i0.wp.com\/vincentians.com\/fr\/wp-content\/uploads\/sites\/10\/2016\/07\/ephemerides-fb.jpg?fit=1200%2C630&resize=700%2C400 2x, https:\/\/i0.wp.com\/vincentians.com\/fr\/wp-content\/uploads\/sites\/10\/2016\/07\/ephemerides-fb.jpg?fit=1200%2C630&resize=1050%2C600 3x"},"classes":[]},{"id":190224,"url":"http:\/\/vincentians.com\/fr\/ephemerides-03-octobre\/","url_meta":{"origin":189315,"position":2},"title":"Eph\u00e9m\u00e9rides : 03 octobre","author":"Francisco Javier Fern\u00e1ndez Chento","date":"03\/10\/2016","format":false,"excerpt":"1637. \u00c0 Troyes, Monsieur Vincent p\u00e9n\u00e8tre dans le parloir du Carmel. Il y trouve Ren\u00e9 de Breslay, \u00e9v\u00eaque de Troyes, et No\u00ebl Brulart de Sillery, homme tr\u00e8s riche et tr\u00e8s pieux. Il y a, l\u00e0 aussi, deux notaires royaux. Et, de l\u2019autre c\u00f4t\u00e9 de la grille, M\u00e8re de la Trinit\u00e9,\u2026","rel":"","context":"Dans &quot;\u00c9ph\u00e9m\u00e9rides vincentiens&quot;","block_context":{"text":"\u00c9ph\u00e9m\u00e9rides vincentiens","link":"http:\/\/vincentians.com\/fr\/category\/ephemerides-vincentiens\/"},"img":{"alt_text":"","src":"https:\/\/i0.wp.com\/vincentians.com\/fr\/wp-content\/uploads\/sites\/10\/2016\/07\/ephemerides-fb.jpg?fit=1200%2C630&resize=350%2C200","width":350,"height":200,"srcset":"https:\/\/i0.wp.com\/vincentians.com\/fr\/wp-content\/uploads\/sites\/10\/2016\/07\/ephemerides-fb.jpg?fit=1200%2C630&resize=350%2C200 1x, https:\/\/i0.wp.com\/vincentians.com\/fr\/wp-content\/uploads\/sites\/10\/2016\/07\/ephemerides-fb.jpg?fit=1200%2C630&resize=525%2C300 1.5x, https:\/\/i0.wp.com\/vincentians.com\/fr\/wp-content\/uploads\/sites\/10\/2016\/07\/ephemerides-fb.jpg?fit=1200%2C630&resize=700%2C400 2x, https:\/\/i0.wp.com\/vincentians.com\/fr\/wp-content\/uploads\/sites\/10\/2016\/07\/ephemerides-fb.jpg?fit=1200%2C630&resize=1050%2C600 3x"},"classes":[]},{"id":190054,"url":"http:\/\/vincentians.com\/fr\/ephemerides-02-aout\/","url_meta":{"origin":189315,"position":3},"title":"Eph\u00e9m\u00e9rides: 02 ao\u00fbt","author":"Francisco Javier Fern\u00e1ndez Chento","date":"02\/08\/2017","format":false,"excerpt":"1649. Louise de Marillac signe un document \u00e9crit par Elisabeth Hellot. C\u2019est la reconnaissance des biens donn\u00e9s pour les S\u0153urs de Fontenay-aux-Roses. \u201cNous, soussign\u00e9e Sup\u00e9rieure des Filles de la Charit\u00e9, servantes des pauvres malades des paroisses, reconnaissons que Monsieur B\u00e9guin a fourni \u00e0 deux de nos S\u0153urs tous les meubles\u2026","rel":"","context":"Dans &quot;\u00c9ph\u00e9m\u00e9rides vincentiens&quot;","block_context":{"text":"\u00c9ph\u00e9m\u00e9rides vincentiens","link":"http:\/\/vincentians.com\/fr\/category\/ephemerides-vincentiens\/"},"img":{"alt_text":"","src":"https:\/\/i0.wp.com\/vincentians.com\/fr\/wp-content\/uploads\/sites\/10\/2016\/07\/ephemerides-fb.jpg?fit=1200%2C630&resize=350%2C200","width":350,"height":200,"srcset":"https:\/\/i0.wp.com\/vincentians.com\/fr\/wp-content\/uploads\/sites\/10\/2016\/07\/ephemerides-fb.jpg?fit=1200%2C630&resize=350%2C200 1x, https:\/\/i0.wp.com\/vincentians.com\/fr\/wp-content\/uploads\/sites\/10\/2016\/07\/ephemerides-fb.jpg?fit=1200%2C630&resize=525%2C300 1.5x, https:\/\/i0.wp.com\/vincentians.com\/fr\/wp-content\/uploads\/sites\/10\/2016\/07\/ephemerides-fb.jpg?fit=1200%2C630&resize=700%2C400 2x, https:\/\/i0.wp.com\/vincentians.com\/fr\/wp-content\/uploads\/sites\/10\/2016\/07\/ephemerides-fb.jpg?fit=1200%2C630&resize=1050%2C600 3x"},"classes":[]},{"id":107798,"url":"http:\/\/vincentians.com\/fr\/ephemerides-29-janvier\/","url_meta":{"origin":189315,"position":4},"title":"Eph\u00e9m\u00e9rides: 29 janvier","author":"Francisco Javier Fern\u00e1ndez Chento","date":"29\/01\/2017","format":false,"excerpt":"En 1666, pour la premi\u00e8re fois, l'Eglise c\u00e9l\u00e8bre la f\u00eate de saint Fran\u00e7ois de Sales, canonis\u00e9 l'ann\u00e9e pr\u00e9c\u00e9dente. La v\u00e9n\u00e9ration de saint Vincent pour l'\u00e9v\u00eaque de Gen\u00e8ve \u00e9tait telle que, quand il parlait de lui, il l'appelait toujours \u00ab n otre bienheureux P\u00e8re \u00bb. C'est au mois de d\u00e9cembre 1618\u2026","rel":"","context":"Dans &quot;\u00c9ph\u00e9m\u00e9rides vincentiens&quot;","block_context":{"text":"\u00c9ph\u00e9m\u00e9rides vincentiens","link":"http:\/\/vincentians.com\/fr\/category\/ephemerides-vincentiens\/"},"img":{"alt_text":"","src":"https:\/\/i0.wp.com\/vincentians.com\/fr\/wp-content\/uploads\/sites\/10\/2016\/07\/ephemerides-fb.jpg?fit=1200%2C630&resize=350%2C200","width":350,"height":200,"srcset":"https:\/\/i0.wp.com\/vincentians.com\/fr\/wp-content\/uploads\/sites\/10\/2016\/07\/ephemerides-fb.jpg?fit=1200%2C630&resize=350%2C200 1x, https:\/\/i0.wp.com\/vincentians.com\/fr\/wp-content\/uploads\/sites\/10\/2016\/07\/ephemerides-fb.jpg?fit=1200%2C630&resize=525%2C300 1.5x, https:\/\/i0.wp.com\/vincentians.com\/fr\/wp-content\/uploads\/sites\/10\/2016\/07\/ephemerides-fb.jpg?fit=1200%2C630&resize=700%2C400 2x, https:\/\/i0.wp.com\/vincentians.com\/fr\/wp-content\/uploads\/sites\/10\/2016\/07\/ephemerides-fb.jpg?fit=1200%2C630&resize=1050%2C600 3x"},"classes":[]},{"id":104137,"url":"http:\/\/vincentians.com\/fr\/ephemerides-2-novembre\/","url_meta":{"origin":189315,"position":5},"title":"Eph\u00e9m\u00e9rides: 2 novembre","author":"Francisco Javier Fern\u00e1ndez Chento","date":"02\/11\/2016","format":false,"excerpt":"1651. \u00c0 Varsovie, c\u2019est dans les d\u00e9buts de novembre qu\u2019arrive la premi\u00e8re \u00e9quipe missionnaire envoy\u00e9e par Monsieur Vincent lui-m\u00eame. Il r\u00e9pond de la sorte \u00e0 une lettre de la reine Louise-Marie de Gonzague qui l\u2019a suppli\u00e9 de donner quelques-uns de ses fils \u00e0 la Pologne. Avant son mariage avec le\u2026","rel":"","context":"Dans &quot;\u00c9ph\u00e9m\u00e9rides vincentiens&quot;","block_context":{"text":"\u00c9ph\u00e9m\u00e9rides vincentiens","link":"http:\/\/vincentians.com\/fr\/category\/ephemerides-vincentiens\/"},"img":{"alt_text":"","src":"https:\/\/i0.wp.com\/vincentians.com\/fr\/wp-content\/uploads\/sites\/10\/2016\/07\/ephemerides-fb.jpg?fit=1200%2C630&resize=350%2C200","width":350,"height":200,"srcset":"https:\/\/i0.wp.com\/vincentians.com\/fr\/wp-content\/uploads\/sites\/10\/2016\/07\/ephemerides-fb.jpg?fit=1200%2C630&resize=350%2C200 1x, https:\/\/i0.wp.com\/vincentians.com\/fr\/wp-content\/uploads\/sites\/10\/2016\/07\/ephemerides-fb.jpg?fit=1200%2C630&resize=525%2C300 1.5x, https:\/\/i0.wp.com\/vincentians.com\/fr\/wp-content\/uploads\/sites\/10\/2016\/07\/ephemerides-fb.jpg?fit=1200%2C630&resize=700%2C400 2x, https:\/\/i0.wp.com\/vincentians.com\/fr\/wp-content\/uploads\/sites\/10\/2016\/07\/ephemerides-fb.jpg?fit=1200%2C630&resize=1050%2C600 3x"},"classes":[]}],"_links":{"self":[{"href":"http:\/\/vincentians.com\/fr\/wp-json\/wp\/v2\/posts\/189315","targetHints":{"allow":["GET"]}}],"collection":[{"href":"http:\/\/vincentians.com\/fr\/wp-json\/wp\/v2\/posts"}],"about":[{"href":"http:\/\/vincentians.com\/fr\/wp-json\/wp\/v2\/types\/post"}],"author":[{"embeddable":true,"href":"http:\/\/vincentians.com\/fr\/wp-json\/wp\/v2\/users\/4"}],"replies":[{"embeddable":true,"href":"http:\/\/vincentians.com\/fr\/wp-json\/wp\/v2\/comments?post=189315"}],"version-history":[{"count":0,"href":"http:\/\/vincentians.com\/fr\/wp-json\/wp\/v2\/posts\/189315\/revisions"}],"wp:featuredmedia":[{"embeddable":true,"href":"http:\/\/vincentians.com\/fr\/wp-json\/wp\/v2\/media\/149897"}],"wp:attachment":[{"href":"http:\/\/vincentians.com\/fr\/wp-json\/wp\/v2\/media?parent=189315"}],"wp:term":[{"taxonomy":"category","embeddable":true,"href":"http:\/\/vincentians.com\/fr\/wp-json\/wp\/v2\/categories?post=189315"},{"taxonomy":"post_tag","embeddable":true,"href":"http:\/\/vincentians.com\/fr\/wp-json\/wp\/v2\/tags?post=189315"}],"curies":[{"name":"wp","href":"https:\/\/api.w.org\/{rel}","templated":true}]}}