{"id":189312,"date":"2017-07-29T00:01:02","date_gmt":"2017-07-28T22:01:02","guid":{"rendered":"http:\/\/vincentians.com\/fr\/?p=189312"},"modified":"2016-08-09T18:16:10","modified_gmt":"2016-08-09T16:16:10","slug":"ephemerides-29-juilliet","status":"publish","type":"post","link":"http:\/\/vincentians.com\/fr\/ephemerides-29-juilliet\/","title":{"rendered":"Eph\u00e9m\u00e9rides: 29 juilliet"},"content":{"rendered":"<p><b>1617<\/b>. \u00c0 Lyon, Thomas de Meschatin La Faye, vicaire g\u00e9n\u00e9ral de l\u2019archev\u00eaque, nomme Monsieur Vincent cur\u00e9 de Saint-Andr\u00e9 de Ch\u00e2tillon (1).<\/p>\n<p><b>1656<\/b>. Marie Marthe Trumeau et Elisabeth Brocard se rendent \u00e0 Saint-Lazare pour recevoir de Monsieur Vincent les instructions pour leur nouvelle mission. Elles vont, \u00e0 la demande de la Reine Anne d\u2019Autriche, assister les pauvres soldats bless\u00e9s au si\u00e8ge de La F\u00e8re. La guerre se poursuit entre la France et l\u2019Espagne. \u201c(Vous allez) pour r\u00e9parer en quelque mani\u00e8re ce que les hommes ont voulu d\u00e9truire, voulant \u00f4ter la vie \u00e0 ces bonnes gens. Vous allez aider \u00e0 conserver celle que Dieu leur a laiss\u00e9e, faisant votre possible pour les remettre en sant\u00e9, ou pour les aider \u00e0 se disposer \u00e0 bien mourir. O quel bonheur, mes ch\u00e8res s\u0153urs, d&rsquo;\u00eatre employ\u00e9es \u00e0 un pareil et si saint exercice, semblable \u00e0 celui du Fils de Dieu sur terre\u00a0! \u201d (C)<\/p>\n<p><b>1651<\/b>. \u00c0 Bordeaux, l\u2019archev\u00eaque, Henry de B\u00e9thune, confie \u00e0 la Congr\u00e9gation de la Mission le p\u00e8lerinage de Notre-Dame de Montuzet. Ce sanctuaire, alors tr\u00e8s c\u00e9l\u00e8bre dans la r\u00e9gion, aurait \u00e9t\u00e9 b\u00e2ti par Charlemagne, disent les uns, par Charles Martel, affirment les autres. Pour le moment, il d\u00e9pendait de la paroisse Saint-Pierre de Blassac. Le cur\u00e9 ne pouvant suffire aux besoins spirituels du p\u00e8lerinage a demand\u00e9 \u00e0 son archev\u00eaque de le d\u00e9barrasser de ce surcro\u00eet de travail. Jusqu\u2019en 1730, Notre-Dame de de Montuzet d\u00e9pendra du sup\u00e9rieur de Bordeaux. A partir de cette date, le p\u00e8lerinage aura son sup\u00e9rieur \u00e0 lui (2).<\/p>\n<p><b>1683<\/b>. Martyre de Jean Le Vacher \u00e0 Alger, sur son refus d\u2019apostasier.<\/p>\n<p><b>1711<\/b>. M\u00e8re Marie Le Roy et les offici\u00e8res r\u00e9gularisent par contrat l\u2019\u00e9tablissement de la quatri\u00e8me et cinqui\u00e8me S\u0153ur envoy\u00e9es \u00e0 l\u2019H\u00f4pital de Notre-Dame de Bon-Secours de Metz. (C)<\/p>\n<p><b>1719<\/b>. \u00c0 Chartres, l\u2019\u00e9v\u00eaque, Mgr de M\u00e9rinville, par un r\u00e8glement en douze articles que M. Bonnet acceptera le 3 ao\u00fbt suivant, confie la conduite du Petit s\u00e9minaire de Chartres aux Pr\u00eatres de la Mission qui ont d\u00e9j\u00e0 depuis quarante ans la direction de son Grand s\u00e9minaire. L\u2019\u00e9v\u00eaque avait d\u00e9cid\u00e9 que l\u2019un des pr\u00eatres devrait faire \u00abtous les jours des r\u00e9p\u00e9titions de rh\u00e9torique et de philosophie sur les le\u00e7ons que les s\u00e9minaristes recevraient au coll\u00e8ge de la ville\u00bb. Jusqu\u2019\u00e0 la R\u00e9volution, les confr\u00e8res se d\u00e9voueront \u00e0 cette \u0153uvre dont les b\u00e2timents prendront de plus en plus d\u2019ampleur \u00e0 l\u2019ombre grandiose de la cath\u00e9drale de Chartres (3).<\/p>\n<p><b>1747<\/b>. \u00c0 Miniac-Morvan, dans l\u2019ancien dioc\u00e8se de Dol, en Bretagne, naissance de Th\u00e9r\u00e8se-Madeleine Fantou. Avec trois autres Filles de la Charit\u00e9, elle aura l\u2019honneur, dans la ville de Cambrai, de donner sa vie pour cette foi chr\u00e9tienne dont le bapt\u00eame, re\u00e7u le jour m\u00eame de sa naissance, lui conf\u00e8re la gr\u00e2ce (4).<\/p>\n<p><b>1774<\/b>. Une lettre du Ministre de la guerre \u00e0 la Sup\u00e9rieure G\u00e9n\u00e9rale annonce que l\u2019emploi de Parmentier comme apothicaire major sera supprim\u00e9. Le Conseil d\u2019Etat casse le d\u00e9cret du 18 juillet 1772, et redonne l\u2019enti\u00e8re responsabilit\u00e9 de l\u2019apothicairerie aux S\u0153urs. Mais le Roi accorde \u00e0 Parmentier un logement aux Invalides et une bonne rente. Parmentier continue ses exp\u00e9riences sur la pomme de terre dans le jardin m\u00e9dicinal des Invalides, ce qui, au dires des S\u0153urs, supprime la culture des plantes n\u00e9cessaires pour pr\u00e9parer les rem\u00e8des. Le conflit persiste. Les mauvaises r\u00e9coltes des ann\u00e9es 1773 et 1774 de l\u2019ann\u00e9e ont rendu la vie difficile et entra\u00een\u00e9 une augmentation des prix. Parmentier pense que la pomme de terre pourrait r\u00e9duire et am\u00e9liorer la situation. En 1785, Louis XVI donnera \u00e0 Parmentier un grand terrain dans la plaine de Neuilly pour cultiver la pomme de terre \u00e0 plus grande \u00e9chelle et lutter contre la famine. (C)<\/p>\n<p><b>1931<\/b>. \u00c0 Paris, l\u2019Assembl\u00e9e g\u00e9n\u00e9rale ordinaire qui a \u00e9t\u00e9 convoqu\u00e9e par le T.H.P. Verdier et qui est au travail depuis le 26 au soir, proc\u00e8de au remplacement des deux Assistants d\u00e9c\u00e9d\u00e9s, M. Planson et M. Veneziani. Les nouveaux \u00e9lus sont M. Robert et M. Fugazza. L\u2019un et l\u2019autre se doutaient-ils qu\u2019ils entamaient ce jour-l\u00e0 une longue p\u00e9riode de d\u00e9vouement au service de l\u2019Administration g\u00e9n\u00e9rale de la petite Compagnie\u00a0? (5)<\/p>\n<p><b>1933<\/b>. \u00c0 Paris, la 30e Assembl\u00e9e qui a inaugur\u00e9 ses travaux le 26 juillet, proc\u00e8de \u00e0 l\u2019\u00e9lection du successeur du P\u00e8re Verdier. Selon l\u2019attente g\u00e9n\u00e9rale, les suffrages se rassemblent sur M. Charles-L\u00e9on Souvay qui, depuis un an, \u00e9tait substitut de l\u2019Assistant am\u00e9ricain (6).<\/p>\n<p><b>1949<\/b>. Les missionnaires de Loos vont solliciter du Cardinal Li\u00e9nart, \u00c9v\u00eaque de Lille, l&rsquo;autorisation de faire un essai de mission sous un chapirau qu&rsquo;ils montent eux-m\u00eames et o\u00f9 ils pr\u00eachent la \u201cbonne nouvelle\u201d. C\u2019est le d\u00e9but des \u201cforains du bon Dieu\u201d, sp\u00e9cialis\u00e9s dans l\u2019apostolat populaire des banlieues des grandes villes.<\/p>\n<dl>\n<dd>1) S.V., XIII, pp. 41-43.<\/dd>\n<dd>2) Notices, IV, pp. 64-65.<\/dd>\n<dd>3) Notices, IV, pp. 196-197 Renard\u00a0: Le S\u00e9minaire Saint-Charles de Chartres, Chartres, 1908.<\/dd>\n<dd>4) Misermont\u00a0: Les Filles de la Charit\u00e9 d\u2019Arras, p. 9.<\/dd>\n<dd>5) Annales. t. 96, p. 729.<\/dd>\n<dd>6) Annales, t. 98, p. 731.<\/dd>\n<\/dl>\n","protected":false},"excerpt":{"rendered":"<p>1617. \u00c0 Lyon, Thomas de Meschatin La Faye, vicaire g\u00e9n\u00e9ral de l\u2019archev\u00eaque, nomme Monsieur Vincent cur\u00e9 de Saint-Andr\u00e9 de Ch\u00e2tillon (1). 1656. Marie Marthe Trumeau et Elisabeth Brocard se rendent \u00e0 Saint-Lazare pour recevoir de &#8230; <a href=\"http:\/\/vincentians.com\/fr\/ephemerides-29-juilliet\/\" class=\"more-link\">Read More<\/a><\/p>\n","protected":false},"author":4,"featured_media":149897,"comment_status":"open","ping_status":"open","sticky":false,"template":"","format":"standard","meta":{"jetpack_post_was_ever_published":false,"_jetpack_newsletter_access":"","_jetpack_dont_email_post_to_subs":false,"_jetpack_newsletter_tier_id":0,"_jetpack_memberships_contains_paywalled_content":false,"_jetpack_memberships_contains_paid_content":false,"footnotes":"","jetpack_publicize_message":"","jetpack_publicize_feature_enabled":true,"jetpack_social_post_already_shared":true,"jetpack_social_options":{"image_generator_settings":{"template":"highway","default_image_id":0,"font":"","enabled":false},"version":2}},"categories":[119],"tags":[],"class_list":["post-189312","post","type-post","status-publish","format-standard","has-post-thumbnail","hentry","category-ephemerides-vincentiens"],"yoast_head":"<!-- This site is optimized with the Yoast SEO plugin v26.3 - https:\/\/yoast.com\/wordpress\/plugins\/seo\/ -->\n<title>Eph\u00e9m\u00e9rides: 29 juilliet - Nous Sommes Vincentiens<\/title>\n<meta name=\"robots\" content=\"index, follow, max-snippet:-1, max-image-preview:large, max-video-preview:-1\" \/>\n<link rel=\"canonical\" href=\"http:\/\/vincentians.com\/fr\/ephemerides-29-juilliet\/\" \/>\n<meta property=\"og:locale\" content=\"fr_FR\" \/>\n<meta property=\"og:type\" content=\"article\" \/>\n<meta property=\"og:title\" content=\"Eph\u00e9m\u00e9rides: 29 juilliet - Nous Sommes Vincentiens\" \/>\n<meta property=\"og:description\" content=\"1617. \u00c0 Lyon, Thomas de Meschatin La Faye, vicaire g\u00e9n\u00e9ral de l\u2019archev\u00eaque, nomme Monsieur Vincent cur\u00e9 de Saint-Andr\u00e9 de Ch\u00e2tillon (1). 1656. Marie Marthe Trumeau et Elisabeth Brocard se rendent \u00e0 Saint-Lazare pour recevoir de ... Read More\" \/>\n<meta property=\"og:url\" content=\"http:\/\/vincentians.com\/fr\/ephemerides-29-juilliet\/\" \/>\n<meta property=\"og:site_name\" content=\"Nous Sommes Vincentiens\" \/>\n<meta property=\"article:publisher\" content=\"https:\/\/www.facebook.com\/WeAreVincentians\/\" \/>\n<meta property=\"article:author\" content=\"https:\/\/www.facebook.com\/JavierChento\" \/>\n<meta property=\"article:published_time\" content=\"2017-07-28T22:01:02+00:00\" \/>\n<meta property=\"og:image\" content=\"https:\/\/i0.wp.com\/vincentians.com\/fr\/wp-content\/uploads\/sites\/10\/2016\/07\/ephemerides-fb.jpg?fit=1200%2C630\" \/>\n\t<meta property=\"og:image:width\" content=\"1200\" \/>\n\t<meta property=\"og:image:height\" content=\"630\" \/>\n\t<meta property=\"og:image:type\" content=\"image\/jpeg\" \/>\n<meta name=\"author\" content=\"Francisco Javier Fern\u00e1ndez Chento\" \/>\n<meta name=\"twitter:card\" content=\"summary_large_image\" \/>\n<meta name=\"twitter:creator\" content=\"@https:\/\/twitter.com\/javierchento\" \/>\n<meta name=\"twitter:site\" content=\"@WeVincentians\" \/>\n<meta name=\"twitter:label1\" content=\"\u00c9crit par\" \/>\n\t<meta name=\"twitter:data1\" content=\"Francisco Javier Fern\u00e1ndez Chento\" \/>\n\t<meta name=\"twitter:label2\" content=\"Dur\u00e9e de lecture estim\u00e9e\" \/>\n\t<meta name=\"twitter:data2\" content=\"4 minutes\" \/>\n<script type=\"application\/ld+json\" class=\"yoast-schema-graph\">{\"@context\":\"https:\/\/schema.org\",\"@graph\":[{\"@type\":\"WebPage\",\"@id\":\"http:\/\/vincentians.com\/fr\/ephemerides-29-juilliet\/\",\"url\":\"http:\/\/vincentians.com\/fr\/ephemerides-29-juilliet\/\",\"name\":\"Eph\u00e9m\u00e9rides: 29 juilliet - Nous Sommes Vincentiens\",\"isPartOf\":{\"@id\":\"http:\/\/vincentians.com\/fr\/#website\"},\"primaryImageOfPage\":{\"@id\":\"http:\/\/vincentians.com\/fr\/ephemerides-29-juilliet\/#primaryimage\"},\"image\":{\"@id\":\"http:\/\/vincentians.com\/fr\/ephemerides-29-juilliet\/#primaryimage\"},\"thumbnailUrl\":\"https:\/\/i0.wp.com\/vincentians.com\/fr\/wp-content\/uploads\/sites\/10\/2016\/07\/ephemerides-fb.jpg?fit=1200%2C630\",\"datePublished\":\"2017-07-28T22:01:02+00:00\",\"author\":{\"@id\":\"http:\/\/vincentians.com\/fr\/#\/schema\/person\/9623ef4d9aa3b2dfb8c061f1499288f2\"},\"breadcrumb\":{\"@id\":\"http:\/\/vincentians.com\/fr\/ephemerides-29-juilliet\/#breadcrumb\"},\"inLanguage\":\"fr-FR\",\"potentialAction\":[{\"@type\":\"ReadAction\",\"target\":[\"http:\/\/vincentians.com\/fr\/ephemerides-29-juilliet\/\"]}]},{\"@type\":\"ImageObject\",\"inLanguage\":\"fr-FR\",\"@id\":\"http:\/\/vincentians.com\/fr\/ephemerides-29-juilliet\/#primaryimage\",\"url\":\"https:\/\/i0.wp.com\/vincentians.com\/fr\/wp-content\/uploads\/sites\/10\/2016\/07\/ephemerides-fb.jpg?fit=1200%2C630\",\"contentUrl\":\"https:\/\/i0.wp.com\/vincentians.com\/fr\/wp-content\/uploads\/sites\/10\/2016\/07\/ephemerides-fb.jpg?fit=1200%2C630\",\"width\":1200,\"height\":630},{\"@type\":\"BreadcrumbList\",\"@id\":\"http:\/\/vincentians.com\/fr\/ephemerides-29-juilliet\/#breadcrumb\",\"itemListElement\":[{\"@type\":\"ListItem\",\"position\":1,\"name\":\"Portada\",\"item\":\"http:\/\/vincentians.com\/fr\/\"},{\"@type\":\"ListItem\",\"position\":2,\"name\":\"Eph\u00e9m\u00e9rides: 29 juilliet\"}]},{\"@type\":\"WebSite\",\"@id\":\"http:\/\/vincentians.com\/fr\/#website\",\"url\":\"http:\/\/vincentians.com\/fr\/\",\"name\":\"Nous Sommes Vincentiens\",\"description\":\"Know more to serve more\",\"potentialAction\":[{\"@type\":\"SearchAction\",\"target\":{\"@type\":\"EntryPoint\",\"urlTemplate\":\"http:\/\/vincentians.com\/fr\/?s={search_term_string}\"},\"query-input\":{\"@type\":\"PropertyValueSpecification\",\"valueRequired\":true,\"valueName\":\"search_term_string\"}}],\"inLanguage\":\"fr-FR\"},{\"@type\":\"Person\",\"@id\":\"http:\/\/vincentians.com\/fr\/#\/schema\/person\/9623ef4d9aa3b2dfb8c061f1499288f2\",\"name\":\"Francisco Javier Fern\u00e1ndez Chento\",\"image\":{\"@type\":\"ImageObject\",\"inLanguage\":\"fr-FR\",\"@id\":\"http:\/\/vincentians.com\/fr\/#\/schema\/person\/image\/\",\"url\":\"https:\/\/secure.gravatar.com\/avatar\/497d5cde87b4c3d097d0315953521681ba2cd523ee66e5077c3711f7021e65de?s=96&d=mm&r=g\",\"contentUrl\":\"https:\/\/secure.gravatar.com\/avatar\/497d5cde87b4c3d097d0315953521681ba2cd523ee66e5077c3711f7021e65de?s=96&d=mm&r=g\",\"caption\":\"Francisco Javier Fern\u00e1ndez Chento\"},\"description\":\"Director General y cofundador de La Red de Formaci\u00f3n Vicenciana. Javier es laico vicenciano, afiliado a la Congregaci\u00f3n de la Misi\u00f3n y miembro del Equipo de Misiones Populares de la provincia can\u00f3nica de Zaragoza (Espa\u00f1a) de la Congregaci\u00f3n de la Misi\u00f3n. Graduado en la Universidad Oberta de Catalunya con cuatro grados (Asistente de direcci\u00f3n, Gesti\u00f3n Administrativa, Recursos Humanos y Contabilidad Avanzada). Bil\u00edng\u00fce Espa\u00f1ol\/Ingl\u00e9s. gestiona y mantiene varias p\u00e1ginas web cristianas y vicencianas, incluida including La Red de Formaci\u00f3n Vicenciana, de la que es cofundador. Actualmente es responsable del \u00e1rea de Espa\u00f1ol de .famvin, la Red de Noticias de la Familia Vicenciana. Tambi\u00e9n es m\u00fasico cat\u00f3lico y ha editado varios discos. Es Director General y cofundador de Trovador, una reconocida compa\u00f1\u00eda discogr\u00e1fica critiana de Espa\u00f1a. Trabaja en las Tecnolog\u00edas de la Informaci\u00f3n, ofreciendo servicios de alojamiento, dise\u00f1o y mantenimiento Web, as\u00ed como asesoramiento, formaci\u00f3n y soluciones inform\u00e1ticas, gesti\u00f3n documental y digitalizaci\u00f3n de textos, edici\u00f3n y maquetaci\u00f3n de libros, revistas, flyers, etc.\",\"sameAs\":[\"http:\/\/chento.org\",\"https:\/\/www.facebook.com\/JavierChento\",\"https:\/\/x.com\/https:\/\/twitter.com\/javierchento\"],\"url\":\"http:\/\/vincentians.com\/fr\/author\/chento\/\"}]}<\/script>\n<!-- \/ Yoast SEO plugin. -->","yoast_head_json":{"title":"Eph\u00e9m\u00e9rides: 29 juilliet - Nous Sommes Vincentiens","robots":{"index":"index","follow":"follow","max-snippet":"max-snippet:-1","max-image-preview":"max-image-preview:large","max-video-preview":"max-video-preview:-1"},"canonical":"http:\/\/vincentians.com\/fr\/ephemerides-29-juilliet\/","og_locale":"fr_FR","og_type":"article","og_title":"Eph\u00e9m\u00e9rides: 29 juilliet - Nous Sommes Vincentiens","og_description":"1617. \u00c0 Lyon, Thomas de Meschatin La Faye, vicaire g\u00e9n\u00e9ral de l\u2019archev\u00eaque, nomme Monsieur Vincent cur\u00e9 de Saint-Andr\u00e9 de Ch\u00e2tillon (1). 1656. Marie Marthe Trumeau et Elisabeth Brocard se rendent \u00e0 Saint-Lazare pour recevoir de ... Read More","og_url":"http:\/\/vincentians.com\/fr\/ephemerides-29-juilliet\/","og_site_name":"Nous Sommes Vincentiens","article_publisher":"https:\/\/www.facebook.com\/WeAreVincentians\/","article_author":"https:\/\/www.facebook.com\/JavierChento","article_published_time":"2017-07-28T22:01:02+00:00","og_image":[{"width":1200,"height":630,"url":"https:\/\/i0.wp.com\/vincentians.com\/fr\/wp-content\/uploads\/sites\/10\/2016\/07\/ephemerides-fb.jpg?fit=1200%2C630","type":"image\/jpeg"}],"author":"Francisco Javier Fern\u00e1ndez Chento","twitter_card":"summary_large_image","twitter_creator":"@https:\/\/twitter.com\/javierchento","twitter_site":"@WeVincentians","twitter_misc":{"\u00c9crit par":"Francisco Javier Fern\u00e1ndez Chento","Dur\u00e9e de lecture estim\u00e9e":"4 minutes"},"schema":{"@context":"https:\/\/schema.org","@graph":[{"@type":"WebPage","@id":"http:\/\/vincentians.com\/fr\/ephemerides-29-juilliet\/","url":"http:\/\/vincentians.com\/fr\/ephemerides-29-juilliet\/","name":"Eph\u00e9m\u00e9rides: 29 juilliet - Nous Sommes Vincentiens","isPartOf":{"@id":"http:\/\/vincentians.com\/fr\/#website"},"primaryImageOfPage":{"@id":"http:\/\/vincentians.com\/fr\/ephemerides-29-juilliet\/#primaryimage"},"image":{"@id":"http:\/\/vincentians.com\/fr\/ephemerides-29-juilliet\/#primaryimage"},"thumbnailUrl":"https:\/\/i0.wp.com\/vincentians.com\/fr\/wp-content\/uploads\/sites\/10\/2016\/07\/ephemerides-fb.jpg?fit=1200%2C630","datePublished":"2017-07-28T22:01:02+00:00","author":{"@id":"http:\/\/vincentians.com\/fr\/#\/schema\/person\/9623ef4d9aa3b2dfb8c061f1499288f2"},"breadcrumb":{"@id":"http:\/\/vincentians.com\/fr\/ephemerides-29-juilliet\/#breadcrumb"},"inLanguage":"fr-FR","potentialAction":[{"@type":"ReadAction","target":["http:\/\/vincentians.com\/fr\/ephemerides-29-juilliet\/"]}]},{"@type":"ImageObject","inLanguage":"fr-FR","@id":"http:\/\/vincentians.com\/fr\/ephemerides-29-juilliet\/#primaryimage","url":"https:\/\/i0.wp.com\/vincentians.com\/fr\/wp-content\/uploads\/sites\/10\/2016\/07\/ephemerides-fb.jpg?fit=1200%2C630","contentUrl":"https:\/\/i0.wp.com\/vincentians.com\/fr\/wp-content\/uploads\/sites\/10\/2016\/07\/ephemerides-fb.jpg?fit=1200%2C630","width":1200,"height":630},{"@type":"BreadcrumbList","@id":"http:\/\/vincentians.com\/fr\/ephemerides-29-juilliet\/#breadcrumb","itemListElement":[{"@type":"ListItem","position":1,"name":"Portada","item":"http:\/\/vincentians.com\/fr\/"},{"@type":"ListItem","position":2,"name":"Eph\u00e9m\u00e9rides: 29 juilliet"}]},{"@type":"WebSite","@id":"http:\/\/vincentians.com\/fr\/#website","url":"http:\/\/vincentians.com\/fr\/","name":"Nous Sommes Vincentiens","description":"Know more to serve more","potentialAction":[{"@type":"SearchAction","target":{"@type":"EntryPoint","urlTemplate":"http:\/\/vincentians.com\/fr\/?s={search_term_string}"},"query-input":{"@type":"PropertyValueSpecification","valueRequired":true,"valueName":"search_term_string"}}],"inLanguage":"fr-FR"},{"@type":"Person","@id":"http:\/\/vincentians.com\/fr\/#\/schema\/person\/9623ef4d9aa3b2dfb8c061f1499288f2","name":"Francisco Javier Fern\u00e1ndez Chento","image":{"@type":"ImageObject","inLanguage":"fr-FR","@id":"http:\/\/vincentians.com\/fr\/#\/schema\/person\/image\/","url":"https:\/\/secure.gravatar.com\/avatar\/497d5cde87b4c3d097d0315953521681ba2cd523ee66e5077c3711f7021e65de?s=96&d=mm&r=g","contentUrl":"https:\/\/secure.gravatar.com\/avatar\/497d5cde87b4c3d097d0315953521681ba2cd523ee66e5077c3711f7021e65de?s=96&d=mm&r=g","caption":"Francisco Javier Fern\u00e1ndez Chento"},"description":"Director General y cofundador de La Red de Formaci\u00f3n Vicenciana. Javier es laico vicenciano, afiliado a la Congregaci\u00f3n de la Misi\u00f3n y miembro del Equipo de Misiones Populares de la provincia can\u00f3nica de Zaragoza (Espa\u00f1a) de la Congregaci\u00f3n de la Misi\u00f3n. Graduado en la Universidad Oberta de Catalunya con cuatro grados (Asistente de direcci\u00f3n, Gesti\u00f3n Administrativa, Recursos Humanos y Contabilidad Avanzada). Bil\u00edng\u00fce Espa\u00f1ol\/Ingl\u00e9s. gestiona y mantiene varias p\u00e1ginas web cristianas y vicencianas, incluida including La Red de Formaci\u00f3n Vicenciana, de la que es cofundador. Actualmente es responsable del \u00e1rea de Espa\u00f1ol de .famvin, la Red de Noticias de la Familia Vicenciana. Tambi\u00e9n es m\u00fasico cat\u00f3lico y ha editado varios discos. Es Director General y cofundador de Trovador, una reconocida compa\u00f1\u00eda discogr\u00e1fica critiana de Espa\u00f1a. Trabaja en las Tecnolog\u00edas de la Informaci\u00f3n, ofreciendo servicios de alojamiento, dise\u00f1o y mantenimiento Web, as\u00ed como asesoramiento, formaci\u00f3n y soluciones inform\u00e1ticas, gesti\u00f3n documental y digitalizaci\u00f3n de textos, edici\u00f3n y maquetaci\u00f3n de libros, revistas, flyers, etc.","sameAs":["http:\/\/chento.org","https:\/\/www.facebook.com\/JavierChento","https:\/\/x.com\/https:\/\/twitter.com\/javierchento"],"url":"http:\/\/vincentians.com\/fr\/author\/chento\/"}]}},"jetpack_publicize_connections":[],"jetpack_featured_media_url":"https:\/\/i0.wp.com\/vincentians.com\/fr\/wp-content\/uploads\/sites\/10\/2016\/07\/ephemerides-fb.jpg?fit=1200%2C630","jetpack_sharing_enabled":true,"jetpack_shortlink":"https:\/\/wp.me\/p7ETMP-Nfq","jetpack-related-posts":[{"id":105538,"url":"http:\/\/vincentians.com\/fr\/ephemerides-3-janvier\/","url_meta":{"origin":189312,"position":0},"title":"Eph\u00e9m\u00e9rides: 3 janvier","author":"Francisco Javier Fern\u00e1ndez Chento","date":"03\/01\/2017","format":false,"excerpt":"1686. \u00c0 Saint-Lazare, mort du Fr\u00e8re Bertrand Ducournau. B\u00e9ni est ce nom, parce qu'il est celui de l'homme par qui nous sont parvenus les entretiens de saint Vincent \u00e0 ses missionnaires. Jusqu'en 1657, nul, parmi les compagnons de notre Bienheureux P\u00e8re, ne semble avoir pens\u00e9 que les paroles du Fondateur\u2026","rel":"","context":"Dans &quot;\u00c9ph\u00e9m\u00e9rides vincentiens&quot;","block_context":{"text":"\u00c9ph\u00e9m\u00e9rides vincentiens","link":"http:\/\/vincentians.com\/fr\/category\/ephemerides-vincentiens\/"},"img":{"alt_text":"","src":"https:\/\/i0.wp.com\/vincentians.com\/fr\/wp-content\/uploads\/sites\/10\/2016\/07\/ephemerides-fb.jpg?fit=1200%2C630&resize=350%2C200","width":350,"height":200,"srcset":"https:\/\/i0.wp.com\/vincentians.com\/fr\/wp-content\/uploads\/sites\/10\/2016\/07\/ephemerides-fb.jpg?fit=1200%2C630&resize=350%2C200 1x, https:\/\/i0.wp.com\/vincentians.com\/fr\/wp-content\/uploads\/sites\/10\/2016\/07\/ephemerides-fb.jpg?fit=1200%2C630&resize=525%2C300 1.5x, https:\/\/i0.wp.com\/vincentians.com\/fr\/wp-content\/uploads\/sites\/10\/2016\/07\/ephemerides-fb.jpg?fit=1200%2C630&resize=700%2C400 2x, https:\/\/i0.wp.com\/vincentians.com\/fr\/wp-content\/uploads\/sites\/10\/2016\/07\/ephemerides-fb.jpg?fit=1200%2C630&resize=1050%2C600 3x"},"classes":[]},{"id":190162,"url":"http:\/\/vincentians.com\/fr\/ephemerides-02-septembre\/","url_meta":{"origin":189312,"position":1},"title":"Eph\u00e9m\u00e9rides : 02 septembre","author":"Francisco Javier Fern\u00e1ndez Chento","date":"02\/09\/2016","format":false,"excerpt":"1672. \u00c0 Paris, qui c\u00e9l\u00e9brait alors en ce jour la f\u00eate de saint Lazare, M. Ren\u00e9 Alm\u00e9ras, premier successeur de saint Vincent, meurt \u00e0 9 heures et demie du matin (1). Sa famille, famille ais\u00e9e de magistrats, qui r\u00e9sidait \u00e0 Paris o\u00f9 il naquit en 1612, fit tout pour emp\u00eacher\u2026","rel":"","context":"Dans &quot;\u00c9ph\u00e9m\u00e9rides vincentiens&quot;","block_context":{"text":"\u00c9ph\u00e9m\u00e9rides vincentiens","link":"http:\/\/vincentians.com\/fr\/category\/ephemerides-vincentiens\/"},"img":{"alt_text":"","src":"https:\/\/i0.wp.com\/vincentians.com\/fr\/wp-content\/uploads\/sites\/10\/2016\/07\/ephemerides-fb.jpg?fit=1200%2C630&resize=350%2C200","width":350,"height":200,"srcset":"https:\/\/i0.wp.com\/vincentians.com\/fr\/wp-content\/uploads\/sites\/10\/2016\/07\/ephemerides-fb.jpg?fit=1200%2C630&resize=350%2C200 1x, https:\/\/i0.wp.com\/vincentians.com\/fr\/wp-content\/uploads\/sites\/10\/2016\/07\/ephemerides-fb.jpg?fit=1200%2C630&resize=525%2C300 1.5x, https:\/\/i0.wp.com\/vincentians.com\/fr\/wp-content\/uploads\/sites\/10\/2016\/07\/ephemerides-fb.jpg?fit=1200%2C630&resize=700%2C400 2x, https:\/\/i0.wp.com\/vincentians.com\/fr\/wp-content\/uploads\/sites\/10\/2016\/07\/ephemerides-fb.jpg?fit=1200%2C630&resize=1050%2C600 3x"},"classes":[]},{"id":105535,"url":"http:\/\/vincentians.com\/fr\/ephemerides-9-janvier\/","url_meta":{"origin":189312,"position":2},"title":"Eph\u00e9m\u00e9rides: 9 janvier","author":"Francisco Javier Fern\u00e1ndez Chento","date":"09\/01\/2017","format":false,"excerpt":"1632. Pr\u00e8s de Paris, le prieur\u00e9 de Saint-Lazare conna\u00eet une certaine animation\u00a0: Monsieur Vincent et une vingtaine de ses fils, \u2014 pr\u00eatres, clercs et fr\u00e8res, \u2014 s'installent dans les appartements qui bordent la route de Saint-Denis. Avant-hier, en effet, en pr\u00e9sence de neuf chanoines de Saint-Victor, - les actuels habitants\u2026","rel":"","context":"Dans &quot;\u00c9ph\u00e9m\u00e9rides vincentiens&quot;","block_context":{"text":"\u00c9ph\u00e9m\u00e9rides vincentiens","link":"http:\/\/vincentians.com\/fr\/category\/ephemerides-vincentiens\/"},"img":{"alt_text":"","src":"https:\/\/i0.wp.com\/vincentians.com\/fr\/wp-content\/uploads\/sites\/10\/2016\/07\/ephemerides-fb.jpg?fit=1200%2C630&resize=350%2C200","width":350,"height":200,"srcset":"https:\/\/i0.wp.com\/vincentians.com\/fr\/wp-content\/uploads\/sites\/10\/2016\/07\/ephemerides-fb.jpg?fit=1200%2C630&resize=350%2C200 1x, https:\/\/i0.wp.com\/vincentians.com\/fr\/wp-content\/uploads\/sites\/10\/2016\/07\/ephemerides-fb.jpg?fit=1200%2C630&resize=525%2C300 1.5x, https:\/\/i0.wp.com\/vincentians.com\/fr\/wp-content\/uploads\/sites\/10\/2016\/07\/ephemerides-fb.jpg?fit=1200%2C630&resize=700%2C400 2x, https:\/\/i0.wp.com\/vincentians.com\/fr\/wp-content\/uploads\/sites\/10\/2016\/07\/ephemerides-fb.jpg?fit=1200%2C630&resize=1050%2C600 3x"},"classes":[]},{"id":190180,"url":"http:\/\/vincentians.com\/fr\/ephemerides-20-septembre\/","url_meta":{"origin":189312,"position":3},"title":"Eph\u00e9m\u00e9rides : 20 septembre","author":"Francisco Javier Fern\u00e1ndez Chento","date":"20\/09\/2016","format":false,"excerpt":"1620. \u00c0 Amiens, l\u2019\u00e9v\u00eaque, Fran\u00e7ois Lef\u00e8vre de Caumartin, autorise Mme de Gondi, comtesse de Joigny, \u00e0 faire \u00e9tablir par son Aum\u00f4nier, messire Vincent de Paul, la Confr\u00e9rie de la Charit\u00e9 dans les villages de Folleville, S\u00e9r\u00e9villers et Paillart (1). 1636. \u00c0 Senlis, la mission bat son plein. Les b\u00e9n\u00e9ficiaires n\u2019en\u2026","rel":"","context":"Dans &quot;\u00c9ph\u00e9m\u00e9rides vincentiens&quot;","block_context":{"text":"\u00c9ph\u00e9m\u00e9rides vincentiens","link":"http:\/\/vincentians.com\/fr\/category\/ephemerides-vincentiens\/"},"img":{"alt_text":"","src":"https:\/\/i0.wp.com\/vincentians.com\/fr\/wp-content\/uploads\/sites\/10\/2016\/07\/ephemerides-fb.jpg?fit=1200%2C630&resize=350%2C200","width":350,"height":200,"srcset":"https:\/\/i0.wp.com\/vincentians.com\/fr\/wp-content\/uploads\/sites\/10\/2016\/07\/ephemerides-fb.jpg?fit=1200%2C630&resize=350%2C200 1x, https:\/\/i0.wp.com\/vincentians.com\/fr\/wp-content\/uploads\/sites\/10\/2016\/07\/ephemerides-fb.jpg?fit=1200%2C630&resize=525%2C300 1.5x, https:\/\/i0.wp.com\/vincentians.com\/fr\/wp-content\/uploads\/sites\/10\/2016\/07\/ephemerides-fb.jpg?fit=1200%2C630&resize=700%2C400 2x, https:\/\/i0.wp.com\/vincentians.com\/fr\/wp-content\/uploads\/sites\/10\/2016\/07\/ephemerides-fb.jpg?fit=1200%2C630&resize=1050%2C600 3x"},"classes":[]},{"id":190396,"url":"http:\/\/vincentians.com\/fr\/ephemerides-17-avril\/","url_meta":{"origin":189312,"position":4},"title":"Eph\u00e9m\u00e9rides : 17 avril","author":"Francisco Javier Fern\u00e1ndez Chento","date":"17\/04\/2017","format":false,"excerpt":"1625. \u00c0 Paris , l'apr\u00e8s-midi de ce jour et dans leur h\u00f4tel de la rue Pav\u00e9e, sur la paroisse Saint-Sauveur, M. et Mme de Gondy signent, par-devant notaires, le contrat de fondation de la Congr\u00e9gation de la Mission (1). 1628. \u00c0 Paris , devant le tribunal dioc\u00e9sain, Monsieur Vincent, fait\u2026","rel":"","context":"Dans &quot;\u00c9ph\u00e9m\u00e9rides vincentiens&quot;","block_context":{"text":"\u00c9ph\u00e9m\u00e9rides vincentiens","link":"http:\/\/vincentians.com\/fr\/category\/ephemerides-vincentiens\/"},"img":{"alt_text":"","src":"https:\/\/i0.wp.com\/vincentians.com\/fr\/wp-content\/uploads\/sites\/10\/2016\/07\/ephemerides-fb.jpg?fit=1200%2C630&resize=350%2C200","width":350,"height":200,"srcset":"https:\/\/i0.wp.com\/vincentians.com\/fr\/wp-content\/uploads\/sites\/10\/2016\/07\/ephemerides-fb.jpg?fit=1200%2C630&resize=350%2C200 1x, https:\/\/i0.wp.com\/vincentians.com\/fr\/wp-content\/uploads\/sites\/10\/2016\/07\/ephemerides-fb.jpg?fit=1200%2C630&resize=525%2C300 1.5x, https:\/\/i0.wp.com\/vincentians.com\/fr\/wp-content\/uploads\/sites\/10\/2016\/07\/ephemerides-fb.jpg?fit=1200%2C630&resize=700%2C400 2x, https:\/\/i0.wp.com\/vincentians.com\/fr\/wp-content\/uploads\/sites\/10\/2016\/07\/ephemerides-fb.jpg?fit=1200%2C630&resize=1050%2C600 3x"},"classes":[]},{"id":190174,"url":"http:\/\/vincentians.com\/fr\/ephemerides-14-septembre\/","url_meta":{"origin":189312,"position":5},"title":"Eph\u00e9m\u00e9rides : 14 septembre","author":"Francisco Javier Fern\u00e1ndez Chento","date":"14\/09\/2016","format":false,"excerpt":"1628. \u00c0 Beauvais, Monsieur Vincent proc\u00e8de \u00e0 l\u2019examen des Ordinands\u00a0; il s\u2019y livrera encore pendant les deux jours suivants. La retraite commencera le dimanche 17. Notre bienheureux P\u00e8re y fera l\u2019explication des commandements de Dieu. D\u2019autres entretiens seront assur\u00e9s par. Louis Messier et J\u00e9r\u00f4me Duchesne, tous deux docteurs de Sorbonne.\u2026","rel":"","context":"Dans &quot;\u00c9ph\u00e9m\u00e9rides vincentiens&quot;","block_context":{"text":"\u00c9ph\u00e9m\u00e9rides vincentiens","link":"http:\/\/vincentians.com\/fr\/category\/ephemerides-vincentiens\/"},"img":{"alt_text":"","src":"https:\/\/i0.wp.com\/vincentians.com\/fr\/wp-content\/uploads\/sites\/10\/2016\/07\/ephemerides-fb.jpg?fit=1200%2C630&resize=350%2C200","width":350,"height":200,"srcset":"https:\/\/i0.wp.com\/vincentians.com\/fr\/wp-content\/uploads\/sites\/10\/2016\/07\/ephemerides-fb.jpg?fit=1200%2C630&resize=350%2C200 1x, https:\/\/i0.wp.com\/vincentians.com\/fr\/wp-content\/uploads\/sites\/10\/2016\/07\/ephemerides-fb.jpg?fit=1200%2C630&resize=525%2C300 1.5x, https:\/\/i0.wp.com\/vincentians.com\/fr\/wp-content\/uploads\/sites\/10\/2016\/07\/ephemerides-fb.jpg?fit=1200%2C630&resize=700%2C400 2x, https:\/\/i0.wp.com\/vincentians.com\/fr\/wp-content\/uploads\/sites\/10\/2016\/07\/ephemerides-fb.jpg?fit=1200%2C630&resize=1050%2C600 3x"},"classes":[]}],"_links":{"self":[{"href":"http:\/\/vincentians.com\/fr\/wp-json\/wp\/v2\/posts\/189312","targetHints":{"allow":["GET"]}}],"collection":[{"href":"http:\/\/vincentians.com\/fr\/wp-json\/wp\/v2\/posts"}],"about":[{"href":"http:\/\/vincentians.com\/fr\/wp-json\/wp\/v2\/types\/post"}],"author":[{"embeddable":true,"href":"http:\/\/vincentians.com\/fr\/wp-json\/wp\/v2\/users\/4"}],"replies":[{"embeddable":true,"href":"http:\/\/vincentians.com\/fr\/wp-json\/wp\/v2\/comments?post=189312"}],"version-history":[{"count":0,"href":"http:\/\/vincentians.com\/fr\/wp-json\/wp\/v2\/posts\/189312\/revisions"}],"wp:featuredmedia":[{"embeddable":true,"href":"http:\/\/vincentians.com\/fr\/wp-json\/wp\/v2\/media\/149897"}],"wp:attachment":[{"href":"http:\/\/vincentians.com\/fr\/wp-json\/wp\/v2\/media?parent=189312"}],"wp:term":[{"taxonomy":"category","embeddable":true,"href":"http:\/\/vincentians.com\/fr\/wp-json\/wp\/v2\/categories?post=189312"},{"taxonomy":"post_tag","embeddable":true,"href":"http:\/\/vincentians.com\/fr\/wp-json\/wp\/v2\/tags?post=189312"}],"curies":[{"name":"wp","href":"https:\/\/api.w.org\/{rel}","templated":true}]}}