{"id":180857,"date":"2017-02-10T00:01:17","date_gmt":"2017-02-09T23:01:17","guid":{"rendered":"http:\/\/vincentiens.org\/?p=180857"},"modified":"2016-08-08T18:53:04","modified_gmt":"2016-08-08T16:53:04","slug":"ephemerides-10-fevrier","status":"publish","type":"post","link":"http:\/\/vincentians.com\/fr\/ephemerides-10-fevrier\/","title":{"rendered":"Eph\u00e9m\u00e9rides: 10 f\u00e9vrier"},"content":{"rendered":"<p align=\"justify\"><strong>En 1768<\/strong>, \u00e0 <em>Varsovie <\/em>, mort de Grabriel Baudouin. Ce fils de France \u2014 il \u00e9tait n\u00e9 dans le dioc\u00e8se de Cambrai \u2014 a \u00e9t\u00e9 le fid\u00e8le imitateur de saint Vincent dans la famille duquel il \u00e9tait entr\u00e9 le 10 avril 1710. Ayant constat\u00e9 dans la capitale polonaise, comme Vincent \u00e0 Paris un si\u00e8cle plut\u00f4t, que des m\u00e8res abandonnaient leurs enfants, il ach\u00e8te une maison qui bient\u00f4t s&rsquo;av\u00e8re trop \u00e9troite pour h\u00e9berger tous les petits d\u00e9laiss\u00e9s. Alors, il construit l&rsquo;H\u00f4pital de l&rsquo;Enfant-J\u00e9sus qui, avec l&rsquo;appui royal, s&rsquo;agrandira pour recevoir les mendiants et les estropi\u00e9s. Mais il faut de l&rsquo;argent : Pierre Baudouin se fait mendiant. Le po\u00e8te polonais Casimir Brodzinski a chant\u00e9 une \u00e9mouvante sc\u00e8ne de la vie de notre confr\u00e8re. Un soir, Baudouin est entr\u00e9 dans une opulente demeure : il y a \u00e9t\u00e9 pouss\u00e9 par la vue de la longue file de voitures stationnant devant le seuil. A l&rsquo;int\u00e9rieur, ils voient des joueurs autour d&rsquo;une table o\u00f9 s&rsquo;entassent des pi\u00e8ces d&rsquo;or. Il tend la main : <em>\u00abUne petite part pour mes orphelins !\u00bb<\/em> Un des joueurs lui r\u00e9pond par une gifle. <em>\u00abVoil\u00e0 ma part, dit alors le pr\u00eatre. Maintenant. celle des orphelins !\u00bb<\/em> Et sa main se tend toujours : elle sera, ce soir-l\u00e0, remplie d&rsquo;or, et d\u00e9sormais le concours des riches est assur\u00e9 \u00e0 l&rsquo;oeuvre de Baudouin (1).<\/p>\n<p align=\"justify\"><strong>En 1860<\/strong>, \u00e9rection de la Province de <em>Naples<\/em> des Filles de la Charit\u00e9. (R)<\/p>\n<p align=\"justify\"><strong>En 1879<\/strong>, \u00e0 <em>Paris <\/em>, un d\u00e9cret du Pr\u00e9sident de la R\u00e9publique Fran\u00e7aise, autorise le Sup\u00e9rieur g\u00e9n\u00e9ral \u00e0 acqu\u00e9rir <em>\u00abmoyennant le prix de cinquante-deux mille cent quatre-vingt-onze francs soixante-quinze, un immeuble situ\u00e9 \u00e0 Rennes pour y \u00e9tablir une maison de Pr\u00eatres de la Mission\u00bb<\/em> (2).<\/p>\n<p align=\"justify\"><strong>En 1926<\/strong>, arriv\u00e9e \u00e0 <em>Coquilhaville<\/em> des premi\u00e8res Filles de la Charit\u00e9. Elles vont assurer le service d&rsquo;un h\u00f4pital pour les Congolais, une goutte de lait et des classes pour autochtones et europ\u00e9ens. La Province sera \u00e9rig\u00e9e en 1967 et le S\u00e9minaire en 1972. (R)<\/p>\n<p align=\"justify\"><strong>En 1932<\/strong>, \u00e0 <em>Paris <\/em>, la librairie Descl\u00e9e lance un prospectus pour annoncer la publication prochaine du livre de M. Coste : <em>Le grand Saint du Grand Si\u00e8cle, Monsieur Vincent <\/em>. Le prospectus dit, entre autres choses, que l&rsquo;auteur a \u00e9crit cet ouvrage <em>\u00absans se presser, apr\u00e8s de minutieuses recherches dans les archives et les biblioth\u00e8ques, avec le souci constant de rester fid\u00e8le \u00e0 la v\u00e9rit\u00e9\u00bb<\/em> (3).<\/p>\n<p align=\"justify\"><strong>En 1938<\/strong>, \u00e0 <em>Saint-Germain-en-Laye <\/em>, le T.H.P. Souvay assiste aux solennit\u00e9s religieuses et civiles qui comm\u00e9morent le geste de Louis XIII consacrant, par lettres patentes du 10 f\u00e9vrier 1638, la France \u00e0 Marie. La place du seizi\u00e8me successeur de saint Vincent \u00e9tait tout indiqu\u00e9e \u00e0 cette inauguration de l&rsquo;ann\u00e9e mariale : il est fort probable, en effet, que le voeu de Louis XIII fut une des cons\u00e9quences de la mission qui fut pr\u00each\u00e9e \u00e0 Saint-Germain-en-Laye et s&rsquo;y cl\u00f4tura le 21 f\u00e9vrier 1638. C&rsquo;est Nicolas Pavillon, membre des Conf\u00e9rences du Mardi. qui la pr\u00eacha (4).<\/p>\n<p align=\"justify\"><strong>En 1938<\/strong>, \u00e0 <em>Rome <\/em>, Pie XI signe les Bulles nommant notre confr\u00e8re <em>Jean Odendahl<\/em>, \u00e9v\u00eaque titulaire de Latopolis et vicaire apostolique de Limon, dans la vice-province de Costa-Rica, en Am\u00e9rique Centrale (5).<\/p>\n<p>&#8212;&#8212;&#8212;&#8212;&#8212;&#8212;&#8212;&#8212;&#8212;&#8212;&#8212;&#8212;&#8212;&#8212;&#8212;&#8212;&#8212;&#8212;&#8212;&#8212;&#8212;&#8212;&#8212;&#8212;&#8212;&#8212;&#8212;&#8212;&#8212;&#8212;&#8212;&#8212;&#8212;&#8212;&#8212;&#8212;&#8211;<\/p>\n<blockquote><p>1) <em>Notices sur les Pr\u00eatres, Clercs et Fr\u00e8res d\u00e9funts <\/em>, IV, pp. 546 sq.<br \/>\n2) <em>Actes du Gouvernement Fran\u00e7ais <\/em>, p. 162.<br \/>\n3) <em>Annales <\/em>, t. 97 pp. 247-254.<br \/>\n4) <em>Annales <\/em>, t. 103, pp. 461 sq. ; <em>Coste <\/em>, II, pp. 316-318.<br \/>\n5) <em>Annales <\/em>, t. 103, pp. 631-632. Mgr Odendahl est mort \u00e0 Limon, le 13 janvier 1957.<\/p><\/blockquote>\n","protected":false},"excerpt":{"rendered":"<p>En 1768, \u00e0 Varsovie , mort de Grabriel Baudouin. Ce fils de France \u2014 il \u00e9tait n\u00e9 dans le dioc\u00e8se de Cambrai \u2014 a \u00e9t\u00e9 le fid\u00e8le imitateur de saint Vincent dans la famille duquel &#8230; <a href=\"http:\/\/vincentians.com\/fr\/ephemerides-10-fevrier\/\" class=\"more-link\">Read More<\/a><\/p>\n","protected":false},"author":4,"featured_media":149897,"comment_status":"open","ping_status":"open","sticky":false,"template":"","format":"standard","meta":{"jetpack_post_was_ever_published":false,"_jetpack_newsletter_access":"","_jetpack_dont_email_post_to_subs":false,"_jetpack_newsletter_tier_id":0,"_jetpack_memberships_contains_paywalled_content":false,"_jetpack_memberships_contains_paid_content":false,"footnotes":"","jetpack_publicize_message":"","jetpack_publicize_feature_enabled":true,"jetpack_social_post_already_shared":true,"jetpack_social_options":{"image_generator_settings":{"template":"highway","default_image_id":0,"font":"","enabled":false},"version":2}},"categories":[119],"tags":[],"class_list":["post-180857","post","type-post","status-publish","format-standard","has-post-thumbnail","hentry","category-ephemerides-vincentiens"],"yoast_head":"<!-- This site is optimized with the Yoast SEO plugin v26.3 - https:\/\/yoast.com\/wordpress\/plugins\/seo\/ -->\n<title>Eph\u00e9m\u00e9rides: 10 f\u00e9vrier - Nous Sommes Vincentiens<\/title>\n<meta name=\"robots\" content=\"index, follow, max-snippet:-1, max-image-preview:large, max-video-preview:-1\" \/>\n<link rel=\"canonical\" href=\"http:\/\/vincentians.com\/fr\/ephemerides-10-fevrier\/\" \/>\n<meta property=\"og:locale\" content=\"fr_FR\" \/>\n<meta property=\"og:type\" content=\"article\" \/>\n<meta property=\"og:title\" content=\"Eph\u00e9m\u00e9rides: 10 f\u00e9vrier - Nous Sommes Vincentiens\" \/>\n<meta property=\"og:description\" content=\"En 1768, \u00e0 Varsovie , mort de Grabriel Baudouin. Ce fils de France \u2014 il \u00e9tait n\u00e9 dans le dioc\u00e8se de Cambrai \u2014 a \u00e9t\u00e9 le fid\u00e8le imitateur de saint Vincent dans la famille duquel ... Read More\" \/>\n<meta property=\"og:url\" content=\"http:\/\/vincentians.com\/fr\/ephemerides-10-fevrier\/\" \/>\n<meta property=\"og:site_name\" content=\"Nous Sommes Vincentiens\" \/>\n<meta property=\"article:publisher\" content=\"https:\/\/www.facebook.com\/WeAreVincentians\/\" \/>\n<meta property=\"article:author\" content=\"https:\/\/www.facebook.com\/JavierChento\" \/>\n<meta property=\"article:published_time\" content=\"2017-02-09T23:01:17+00:00\" \/>\n<meta property=\"og:image\" content=\"https:\/\/i0.wp.com\/vincentians.com\/fr\/wp-content\/uploads\/sites\/10\/2016\/07\/ephemerides-fb.jpg?fit=1200%2C630\" \/>\n\t<meta property=\"og:image:width\" content=\"1200\" \/>\n\t<meta property=\"og:image:height\" content=\"630\" \/>\n\t<meta property=\"og:image:type\" content=\"image\/jpeg\" \/>\n<meta name=\"author\" content=\"Francisco Javier Fern\u00e1ndez Chento\" \/>\n<meta name=\"twitter:card\" content=\"summary_large_image\" \/>\n<meta name=\"twitter:creator\" content=\"@https:\/\/twitter.com\/javierchento\" \/>\n<meta name=\"twitter:site\" content=\"@WeVincentians\" \/>\n<meta name=\"twitter:label1\" content=\"\u00c9crit par\" \/>\n\t<meta name=\"twitter:data1\" content=\"Francisco Javier Fern\u00e1ndez Chento\" \/>\n\t<meta name=\"twitter:label2\" content=\"Dur\u00e9e de lecture estim\u00e9e\" \/>\n\t<meta name=\"twitter:data2\" content=\"3 minutes\" \/>\n<script type=\"application\/ld+json\" class=\"yoast-schema-graph\">{\"@context\":\"https:\/\/schema.org\",\"@graph\":[{\"@type\":\"WebPage\",\"@id\":\"http:\/\/vincentians.com\/fr\/ephemerides-10-fevrier\/\",\"url\":\"http:\/\/vincentians.com\/fr\/ephemerides-10-fevrier\/\",\"name\":\"Eph\u00e9m\u00e9rides: 10 f\u00e9vrier - Nous Sommes Vincentiens\",\"isPartOf\":{\"@id\":\"http:\/\/vincentians.com\/fr\/#website\"},\"primaryImageOfPage\":{\"@id\":\"http:\/\/vincentians.com\/fr\/ephemerides-10-fevrier\/#primaryimage\"},\"image\":{\"@id\":\"http:\/\/vincentians.com\/fr\/ephemerides-10-fevrier\/#primaryimage\"},\"thumbnailUrl\":\"https:\/\/i0.wp.com\/vincentians.com\/fr\/wp-content\/uploads\/sites\/10\/2016\/07\/ephemerides-fb.jpg?fit=1200%2C630\",\"datePublished\":\"2017-02-09T23:01:17+00:00\",\"author\":{\"@id\":\"http:\/\/vincentians.com\/fr\/#\/schema\/person\/9623ef4d9aa3b2dfb8c061f1499288f2\"},\"breadcrumb\":{\"@id\":\"http:\/\/vincentians.com\/fr\/ephemerides-10-fevrier\/#breadcrumb\"},\"inLanguage\":\"fr-FR\",\"potentialAction\":[{\"@type\":\"ReadAction\",\"target\":[\"http:\/\/vincentians.com\/fr\/ephemerides-10-fevrier\/\"]}]},{\"@type\":\"ImageObject\",\"inLanguage\":\"fr-FR\",\"@id\":\"http:\/\/vincentians.com\/fr\/ephemerides-10-fevrier\/#primaryimage\",\"url\":\"https:\/\/i0.wp.com\/vincentians.com\/fr\/wp-content\/uploads\/sites\/10\/2016\/07\/ephemerides-fb.jpg?fit=1200%2C630\",\"contentUrl\":\"https:\/\/i0.wp.com\/vincentians.com\/fr\/wp-content\/uploads\/sites\/10\/2016\/07\/ephemerides-fb.jpg?fit=1200%2C630\",\"width\":1200,\"height\":630},{\"@type\":\"BreadcrumbList\",\"@id\":\"http:\/\/vincentians.com\/fr\/ephemerides-10-fevrier\/#breadcrumb\",\"itemListElement\":[{\"@type\":\"ListItem\",\"position\":1,\"name\":\"Portada\",\"item\":\"http:\/\/vincentians.com\/fr\/\"},{\"@type\":\"ListItem\",\"position\":2,\"name\":\"Eph\u00e9m\u00e9rides: 10 f\u00e9vrier\"}]},{\"@type\":\"WebSite\",\"@id\":\"http:\/\/vincentians.com\/fr\/#website\",\"url\":\"http:\/\/vincentians.com\/fr\/\",\"name\":\"Nous Sommes Vincentiens\",\"description\":\"Know more to serve more\",\"potentialAction\":[{\"@type\":\"SearchAction\",\"target\":{\"@type\":\"EntryPoint\",\"urlTemplate\":\"http:\/\/vincentians.com\/fr\/?s={search_term_string}\"},\"query-input\":{\"@type\":\"PropertyValueSpecification\",\"valueRequired\":true,\"valueName\":\"search_term_string\"}}],\"inLanguage\":\"fr-FR\"},{\"@type\":\"Person\",\"@id\":\"http:\/\/vincentians.com\/fr\/#\/schema\/person\/9623ef4d9aa3b2dfb8c061f1499288f2\",\"name\":\"Francisco Javier Fern\u00e1ndez Chento\",\"image\":{\"@type\":\"ImageObject\",\"inLanguage\":\"fr-FR\",\"@id\":\"http:\/\/vincentians.com\/fr\/#\/schema\/person\/image\/\",\"url\":\"https:\/\/secure.gravatar.com\/avatar\/497d5cde87b4c3d097d0315953521681ba2cd523ee66e5077c3711f7021e65de?s=96&d=mm&r=g\",\"contentUrl\":\"https:\/\/secure.gravatar.com\/avatar\/497d5cde87b4c3d097d0315953521681ba2cd523ee66e5077c3711f7021e65de?s=96&d=mm&r=g\",\"caption\":\"Francisco Javier Fern\u00e1ndez Chento\"},\"description\":\"Director General y cofundador de La Red de Formaci\u00f3n Vicenciana. Javier es laico vicenciano, afiliado a la Congregaci\u00f3n de la Misi\u00f3n y miembro del Equipo de Misiones Populares de la provincia can\u00f3nica de Zaragoza (Espa\u00f1a) de la Congregaci\u00f3n de la Misi\u00f3n. Graduado en la Universidad Oberta de Catalunya con cuatro grados (Asistente de direcci\u00f3n, Gesti\u00f3n Administrativa, Recursos Humanos y Contabilidad Avanzada). Bil\u00edng\u00fce Espa\u00f1ol\/Ingl\u00e9s. gestiona y mantiene varias p\u00e1ginas web cristianas y vicencianas, incluida including La Red de Formaci\u00f3n Vicenciana, de la que es cofundador. Actualmente es responsable del \u00e1rea de Espa\u00f1ol de .famvin, la Red de Noticias de la Familia Vicenciana. Tambi\u00e9n es m\u00fasico cat\u00f3lico y ha editado varios discos. Es Director General y cofundador de Trovador, una reconocida compa\u00f1\u00eda discogr\u00e1fica critiana de Espa\u00f1a. Trabaja en las Tecnolog\u00edas de la Informaci\u00f3n, ofreciendo servicios de alojamiento, dise\u00f1o y mantenimiento Web, as\u00ed como asesoramiento, formaci\u00f3n y soluciones inform\u00e1ticas, gesti\u00f3n documental y digitalizaci\u00f3n de textos, edici\u00f3n y maquetaci\u00f3n de libros, revistas, flyers, etc.\",\"sameAs\":[\"http:\/\/chento.org\",\"https:\/\/www.facebook.com\/JavierChento\",\"https:\/\/x.com\/https:\/\/twitter.com\/javierchento\"],\"url\":\"http:\/\/vincentians.com\/fr\/author\/chento\/\"}]}<\/script>\n<!-- \/ Yoast SEO plugin. -->","yoast_head_json":{"title":"Eph\u00e9m\u00e9rides: 10 f\u00e9vrier - Nous Sommes Vincentiens","robots":{"index":"index","follow":"follow","max-snippet":"max-snippet:-1","max-image-preview":"max-image-preview:large","max-video-preview":"max-video-preview:-1"},"canonical":"http:\/\/vincentians.com\/fr\/ephemerides-10-fevrier\/","og_locale":"fr_FR","og_type":"article","og_title":"Eph\u00e9m\u00e9rides: 10 f\u00e9vrier - Nous Sommes Vincentiens","og_description":"En 1768, \u00e0 Varsovie , mort de Grabriel Baudouin. Ce fils de France \u2014 il \u00e9tait n\u00e9 dans le dioc\u00e8se de Cambrai \u2014 a \u00e9t\u00e9 le fid\u00e8le imitateur de saint Vincent dans la famille duquel ... Read More","og_url":"http:\/\/vincentians.com\/fr\/ephemerides-10-fevrier\/","og_site_name":"Nous Sommes Vincentiens","article_publisher":"https:\/\/www.facebook.com\/WeAreVincentians\/","article_author":"https:\/\/www.facebook.com\/JavierChento","article_published_time":"2017-02-09T23:01:17+00:00","og_image":[{"width":1200,"height":630,"url":"https:\/\/i0.wp.com\/vincentians.com\/fr\/wp-content\/uploads\/sites\/10\/2016\/07\/ephemerides-fb.jpg?fit=1200%2C630","type":"image\/jpeg"}],"author":"Francisco Javier Fern\u00e1ndez Chento","twitter_card":"summary_large_image","twitter_creator":"@https:\/\/twitter.com\/javierchento","twitter_site":"@WeVincentians","twitter_misc":{"\u00c9crit par":"Francisco Javier Fern\u00e1ndez Chento","Dur\u00e9e de lecture estim\u00e9e":"3 minutes"},"schema":{"@context":"https:\/\/schema.org","@graph":[{"@type":"WebPage","@id":"http:\/\/vincentians.com\/fr\/ephemerides-10-fevrier\/","url":"http:\/\/vincentians.com\/fr\/ephemerides-10-fevrier\/","name":"Eph\u00e9m\u00e9rides: 10 f\u00e9vrier - Nous Sommes Vincentiens","isPartOf":{"@id":"http:\/\/vincentians.com\/fr\/#website"},"primaryImageOfPage":{"@id":"http:\/\/vincentians.com\/fr\/ephemerides-10-fevrier\/#primaryimage"},"image":{"@id":"http:\/\/vincentians.com\/fr\/ephemerides-10-fevrier\/#primaryimage"},"thumbnailUrl":"https:\/\/i0.wp.com\/vincentians.com\/fr\/wp-content\/uploads\/sites\/10\/2016\/07\/ephemerides-fb.jpg?fit=1200%2C630","datePublished":"2017-02-09T23:01:17+00:00","author":{"@id":"http:\/\/vincentians.com\/fr\/#\/schema\/person\/9623ef4d9aa3b2dfb8c061f1499288f2"},"breadcrumb":{"@id":"http:\/\/vincentians.com\/fr\/ephemerides-10-fevrier\/#breadcrumb"},"inLanguage":"fr-FR","potentialAction":[{"@type":"ReadAction","target":["http:\/\/vincentians.com\/fr\/ephemerides-10-fevrier\/"]}]},{"@type":"ImageObject","inLanguage":"fr-FR","@id":"http:\/\/vincentians.com\/fr\/ephemerides-10-fevrier\/#primaryimage","url":"https:\/\/i0.wp.com\/vincentians.com\/fr\/wp-content\/uploads\/sites\/10\/2016\/07\/ephemerides-fb.jpg?fit=1200%2C630","contentUrl":"https:\/\/i0.wp.com\/vincentians.com\/fr\/wp-content\/uploads\/sites\/10\/2016\/07\/ephemerides-fb.jpg?fit=1200%2C630","width":1200,"height":630},{"@type":"BreadcrumbList","@id":"http:\/\/vincentians.com\/fr\/ephemerides-10-fevrier\/#breadcrumb","itemListElement":[{"@type":"ListItem","position":1,"name":"Portada","item":"http:\/\/vincentians.com\/fr\/"},{"@type":"ListItem","position":2,"name":"Eph\u00e9m\u00e9rides: 10 f\u00e9vrier"}]},{"@type":"WebSite","@id":"http:\/\/vincentians.com\/fr\/#website","url":"http:\/\/vincentians.com\/fr\/","name":"Nous Sommes Vincentiens","description":"Know more to serve more","potentialAction":[{"@type":"SearchAction","target":{"@type":"EntryPoint","urlTemplate":"http:\/\/vincentians.com\/fr\/?s={search_term_string}"},"query-input":{"@type":"PropertyValueSpecification","valueRequired":true,"valueName":"search_term_string"}}],"inLanguage":"fr-FR"},{"@type":"Person","@id":"http:\/\/vincentians.com\/fr\/#\/schema\/person\/9623ef4d9aa3b2dfb8c061f1499288f2","name":"Francisco Javier Fern\u00e1ndez Chento","image":{"@type":"ImageObject","inLanguage":"fr-FR","@id":"http:\/\/vincentians.com\/fr\/#\/schema\/person\/image\/","url":"https:\/\/secure.gravatar.com\/avatar\/497d5cde87b4c3d097d0315953521681ba2cd523ee66e5077c3711f7021e65de?s=96&d=mm&r=g","contentUrl":"https:\/\/secure.gravatar.com\/avatar\/497d5cde87b4c3d097d0315953521681ba2cd523ee66e5077c3711f7021e65de?s=96&d=mm&r=g","caption":"Francisco Javier Fern\u00e1ndez Chento"},"description":"Director General y cofundador de La Red de Formaci\u00f3n Vicenciana. Javier es laico vicenciano, afiliado a la Congregaci\u00f3n de la Misi\u00f3n y miembro del Equipo de Misiones Populares de la provincia can\u00f3nica de Zaragoza (Espa\u00f1a) de la Congregaci\u00f3n de la Misi\u00f3n. Graduado en la Universidad Oberta de Catalunya con cuatro grados (Asistente de direcci\u00f3n, Gesti\u00f3n Administrativa, Recursos Humanos y Contabilidad Avanzada). Bil\u00edng\u00fce Espa\u00f1ol\/Ingl\u00e9s. gestiona y mantiene varias p\u00e1ginas web cristianas y vicencianas, incluida including La Red de Formaci\u00f3n Vicenciana, de la que es cofundador. Actualmente es responsable del \u00e1rea de Espa\u00f1ol de .famvin, la Red de Noticias de la Familia Vicenciana. Tambi\u00e9n es m\u00fasico cat\u00f3lico y ha editado varios discos. Es Director General y cofundador de Trovador, una reconocida compa\u00f1\u00eda discogr\u00e1fica critiana de Espa\u00f1a. Trabaja en las Tecnolog\u00edas de la Informaci\u00f3n, ofreciendo servicios de alojamiento, dise\u00f1o y mantenimiento Web, as\u00ed como asesoramiento, formaci\u00f3n y soluciones inform\u00e1ticas, gesti\u00f3n documental y digitalizaci\u00f3n de textos, edici\u00f3n y maquetaci\u00f3n de libros, revistas, flyers, etc.","sameAs":["http:\/\/chento.org","https:\/\/www.facebook.com\/JavierChento","https:\/\/x.com\/https:\/\/twitter.com\/javierchento"],"url":"http:\/\/vincentians.com\/fr\/author\/chento\/"}]}},"jetpack_publicize_connections":[],"jetpack_featured_media_url":"https:\/\/i0.wp.com\/vincentians.com\/fr\/wp-content\/uploads\/sites\/10\/2016\/07\/ephemerides-fb.jpg?fit=1200%2C630","jetpack_sharing_enabled":true,"jetpack_shortlink":"https:\/\/wp.me\/p7ETMP-L33","jetpack-related-posts":[{"id":180864,"url":"http:\/\/vincentians.com\/fr\/ephemerides-23-fevrier\/","url_meta":{"origin":180857,"position":0},"title":"Eph\u00e9m\u00e9rides: 23 f\u00e9vrier","author":"Francisco Javier Fern\u00e1ndez Chento","date":"23\/02\/2017","format":false,"excerpt":"Les R\u00e8gles de saint Vincent portent ces mots\u00a0: \"Elles auront grand soin des Soeurs malades. Pour cet effet, elles les regarderont comme servantes de J\u00e9sus-Christ en ce qu'elles sont servantes de ses membres les Pauvres, et comme leurs propres Soeurs, en tant qu'elles sont toutes, d'une mani\u00e8re particuli\u00e8re, filles d'un\u2026","rel":"","context":"Dans &quot;\u00c9ph\u00e9m\u00e9rides vincentiens&quot;","block_context":{"text":"\u00c9ph\u00e9m\u00e9rides vincentiens","link":"http:\/\/vincentians.com\/fr\/category\/ephemerides-vincentiens\/"},"img":{"alt_text":"","src":"https:\/\/i0.wp.com\/vincentians.com\/fr\/wp-content\/uploads\/sites\/10\/2016\/07\/ephemerides-fb.jpg?fit=1200%2C630&resize=350%2C200","width":350,"height":200,"srcset":"https:\/\/i0.wp.com\/vincentians.com\/fr\/wp-content\/uploads\/sites\/10\/2016\/07\/ephemerides-fb.jpg?fit=1200%2C630&resize=350%2C200 1x, https:\/\/i0.wp.com\/vincentians.com\/fr\/wp-content\/uploads\/sites\/10\/2016\/07\/ephemerides-fb.jpg?fit=1200%2C630&resize=525%2C300 1.5x, https:\/\/i0.wp.com\/vincentians.com\/fr\/wp-content\/uploads\/sites\/10\/2016\/07\/ephemerides-fb.jpg?fit=1200%2C630&resize=700%2C400 2x, https:\/\/i0.wp.com\/vincentians.com\/fr\/wp-content\/uploads\/sites\/10\/2016\/07\/ephemerides-fb.jpg?fit=1200%2C630&resize=1050%2C600 3x"},"classes":[]},{"id":108119,"url":"http:\/\/vincentians.com\/fr\/la-vie-de-saint-vincent-de-paul-instituteur-de-la-congregation-de-la-mission-et-des-filles-de-la-charite-023\/","url_meta":{"origin":180857,"position":1},"title":"La vie de Saint Vincent de Paul, instituteur de la Congr\u00e9gation de la Mission et des Filles de la Charit\u00e9 (023)","author":"Francisco Javier Fern\u00e1ndez Chento","date":"19\/02\/2014","format":false,"excerpt":"Livre Second 8. Retour du Saint \u00e0 Paris ; il passe par M\u00e2con, et y rend aux pauvres un service important Vincent \u00e9tait trop content de ce premier essai, pour ne pousser pas plus loin ses conqu\u00eates ; mais le d\u00e9part du Comte de Joigni, et le mouvement continuel des\u2026","rel":"","context":"Dans &quot;Vincent de Paul&quot;","block_context":{"text":"Vincent de Paul","link":"http:\/\/vincentians.com\/fr\/category\/the-vincentian-family\/founders\/vincent-de-paul\/"},"img":{"alt_text":"collet","src":"https:\/\/i0.wp.com\/vincentiens.org\/wp-content\/uploads\/2014\/01\/collet-248x300.jpg?resize=350%2C200","width":350,"height":200},"classes":[]},{"id":104140,"url":"http:\/\/vincentians.com\/fr\/ephemerides-25-novembre\/","url_meta":{"origin":180857,"position":2},"title":"Eph\u00e9m\u00e9rides: 25 novembre","author":"Francisco Javier Fern\u00e1ndez Chento","date":"25\/11\/2016","format":false,"excerpt":"1921. \u00c0 Paris, en la chapelle des Filles de la Charit\u00e9, rue du Bac, Mgr Chesnelong, archev\u00eaque de Sens, consacre le ma\u00eetre-autel\u2026 La derni\u00e8re visite canonique a r\u00e9v\u00e9l\u00e9 que, dans le sanctuaire marial, les prescriptions de la liturgie ont \u00e9t\u00e9 viol\u00e9es\u00a0: en effet, alors que dans toute \u00e9glise l\u2019autel majeur\u2026","rel":"","context":"Dans &quot;\u00c9ph\u00e9m\u00e9rides vincentiens&quot;","block_context":{"text":"\u00c9ph\u00e9m\u00e9rides vincentiens","link":"http:\/\/vincentians.com\/fr\/category\/ephemerides-vincentiens\/"},"img":{"alt_text":"","src":"https:\/\/i0.wp.com\/vincentians.com\/fr\/wp-content\/uploads\/sites\/10\/2016\/07\/ephemerides-fb.jpg?fit=1200%2C630&resize=350%2C200","width":350,"height":200,"srcset":"https:\/\/i0.wp.com\/vincentians.com\/fr\/wp-content\/uploads\/sites\/10\/2016\/07\/ephemerides-fb.jpg?fit=1200%2C630&resize=350%2C200 1x, https:\/\/i0.wp.com\/vincentians.com\/fr\/wp-content\/uploads\/sites\/10\/2016\/07\/ephemerides-fb.jpg?fit=1200%2C630&resize=525%2C300 1.5x, https:\/\/i0.wp.com\/vincentians.com\/fr\/wp-content\/uploads\/sites\/10\/2016\/07\/ephemerides-fb.jpg?fit=1200%2C630&resize=700%2C400 2x, https:\/\/i0.wp.com\/vincentians.com\/fr\/wp-content\/uploads\/sites\/10\/2016\/07\/ephemerides-fb.jpg?fit=1200%2C630&resize=1050%2C600 3x"},"classes":[]},{"id":104136,"url":"http:\/\/vincentians.com\/fr\/ephemerides-3-novembre\/","url_meta":{"origin":180857,"position":3},"title":"Eph\u00e9m\u00e9rides: 3 novembre","author":"Francisco Javier Fern\u00e1ndez Chento","date":"03\/11\/2016","format":false,"excerpt":"1645. Un contrat est pass\u00e9 devant notaire entre Monsieur Fran\u00e7ois du March\u00e9, cur\u00e9 de la paroisse de Serqueux (en Normandie) et les Filles de la Charit\u00e9 sous l\u2019autorit\u00e9 de Monsieur Vincent et Mademoiselle Le Gras, leur Sup\u00e9rieure. Une maison entour\u00e9e d\u2019un terrain plant\u00e9 d\u2019arbres fruitiers leur est donn\u00e9e comme demeure\u2026","rel":"","context":"Dans &quot;\u00c9ph\u00e9m\u00e9rides vincentiens&quot;","block_context":{"text":"\u00c9ph\u00e9m\u00e9rides vincentiens","link":"http:\/\/vincentians.com\/fr\/category\/ephemerides-vincentiens\/"},"img":{"alt_text":"","src":"https:\/\/i0.wp.com\/vincentians.com\/fr\/wp-content\/uploads\/sites\/10\/2016\/07\/ephemerides-fb.jpg?fit=1200%2C630&resize=350%2C200","width":350,"height":200,"srcset":"https:\/\/i0.wp.com\/vincentians.com\/fr\/wp-content\/uploads\/sites\/10\/2016\/07\/ephemerides-fb.jpg?fit=1200%2C630&resize=350%2C200 1x, https:\/\/i0.wp.com\/vincentians.com\/fr\/wp-content\/uploads\/sites\/10\/2016\/07\/ephemerides-fb.jpg?fit=1200%2C630&resize=525%2C300 1.5x, https:\/\/i0.wp.com\/vincentians.com\/fr\/wp-content\/uploads\/sites\/10\/2016\/07\/ephemerides-fb.jpg?fit=1200%2C630&resize=700%2C400 2x, https:\/\/i0.wp.com\/vincentians.com\/fr\/wp-content\/uploads\/sites\/10\/2016\/07\/ephemerides-fb.jpg?fit=1200%2C630&resize=1050%2C600 3x"},"classes":[]},{"id":52041,"url":"http:\/\/vincentians.com\/fr\/saint-vincent-de-paul-et-sa-mission-sociale-ii-les-oeuvres-4\/","url_meta":{"origin":180857,"position":4},"title":"Saint Vincent De Paul Et Sa Mission Sociale. II &#8211; Les \u0152uvres (4)","author":"Francisco Javier Fern\u00e1ndez Chento","date":"24\/12\/2014","format":false,"excerpt":"L\u2019H\u00d4PITAL. \u2014 La charit\u00e9 dans les premiers si\u00e8cles de l\u2019\u00c9glise. \u2014 Institutions hospitali\u00e8res du moyen \u00e2ge. \u2014 L\u2019antiquit\u00e9 et le christianisme. \u2014 L\u2019h\u00f4pital dans les temps modernes. \u2014 R\u00f4le de saint Vincent de Paul. \u2014 Diverses fondations du saint. \u2014 L\u2019h\u00f4pital du Nom-de-J\u00e9sus. \u2014 L\u2019H\u00f4pital g\u00e9n\u00e9ral. \u2014 La Madeleine. \u2014\u2026","rel":"","context":"Dans &quot;Vincent de Paul&quot;","block_context":{"text":"Vincent de Paul","link":"http:\/\/vincentians.com\/fr\/category\/the-vincentian-family\/founders\/vincent-de-paul\/"},"img":{"alt_text":"","src":"https:\/\/i0.wp.com\/vincentians.com\/fr\/wp-content\/uploads\/sites\/10\/2016\/07\/vincent-et-sa-action-sociale.jpg?fit=1160%2C630&resize=350%2C200","width":350,"height":200,"srcset":"https:\/\/i0.wp.com\/vincentians.com\/fr\/wp-content\/uploads\/sites\/10\/2016\/07\/vincent-et-sa-action-sociale.jpg?fit=1160%2C630&resize=350%2C200 1x, https:\/\/i0.wp.com\/vincentians.com\/fr\/wp-content\/uploads\/sites\/10\/2016\/07\/vincent-et-sa-action-sociale.jpg?fit=1160%2C630&resize=525%2C300 1.5x, https:\/\/i0.wp.com\/vincentians.com\/fr\/wp-content\/uploads\/sites\/10\/2016\/07\/vincent-et-sa-action-sociale.jpg?fit=1160%2C630&resize=700%2C400 2x, https:\/\/i0.wp.com\/vincentians.com\/fr\/wp-content\/uploads\/sites\/10\/2016\/07\/vincent-et-sa-action-sociale.jpg?fit=1160%2C630&resize=1050%2C600 3x"},"classes":[]},{"id":105951,"url":"http:\/\/vincentians.com\/fr\/ephemerides-6-mars\/","url_meta":{"origin":180857,"position":5},"title":"Eph\u00e9m\u00e9rides: 6 mars","author":"Francisco Javier Fern\u00e1ndez Chento","date":"06\/03\/2017","format":false,"excerpt":"1620. Michel de Marillac \u00e9crit \u00e0 sa ni\u00e8ce Louise de Marillac encore engag\u00e9e dans les liens du mariage\u00a0: \"Il est bon de faire exp\u00e9rience que Dieu n'est pas attach\u00e9 \u00e0 nos desseins et propositions et que ceux-l\u00e0 le trouvent partout qui le cherchent en la mani\u00e8re qu'il se veut communiquer...\u2026","rel":"","context":"Dans &quot;\u00c9ph\u00e9m\u00e9rides vincentiens&quot;","block_context":{"text":"\u00c9ph\u00e9m\u00e9rides vincentiens","link":"http:\/\/vincentians.com\/fr\/category\/ephemerides-vincentiens\/"},"img":{"alt_text":"","src":"https:\/\/i0.wp.com\/vincentians.com\/fr\/wp-content\/uploads\/sites\/10\/2016\/07\/ephemerides-fb.jpg?fit=1200%2C630&resize=350%2C200","width":350,"height":200,"srcset":"https:\/\/i0.wp.com\/vincentians.com\/fr\/wp-content\/uploads\/sites\/10\/2016\/07\/ephemerides-fb.jpg?fit=1200%2C630&resize=350%2C200 1x, https:\/\/i0.wp.com\/vincentians.com\/fr\/wp-content\/uploads\/sites\/10\/2016\/07\/ephemerides-fb.jpg?fit=1200%2C630&resize=525%2C300 1.5x, https:\/\/i0.wp.com\/vincentians.com\/fr\/wp-content\/uploads\/sites\/10\/2016\/07\/ephemerides-fb.jpg?fit=1200%2C630&resize=700%2C400 2x, https:\/\/i0.wp.com\/vincentians.com\/fr\/wp-content\/uploads\/sites\/10\/2016\/07\/ephemerides-fb.jpg?fit=1200%2C630&resize=1050%2C600 3x"},"classes":[]}],"_links":{"self":[{"href":"http:\/\/vincentians.com\/fr\/wp-json\/wp\/v2\/posts\/180857","targetHints":{"allow":["GET"]}}],"collection":[{"href":"http:\/\/vincentians.com\/fr\/wp-json\/wp\/v2\/posts"}],"about":[{"href":"http:\/\/vincentians.com\/fr\/wp-json\/wp\/v2\/types\/post"}],"author":[{"embeddable":true,"href":"http:\/\/vincentians.com\/fr\/wp-json\/wp\/v2\/users\/4"}],"replies":[{"embeddable":true,"href":"http:\/\/vincentians.com\/fr\/wp-json\/wp\/v2\/comments?post=180857"}],"version-history":[{"count":0,"href":"http:\/\/vincentians.com\/fr\/wp-json\/wp\/v2\/posts\/180857\/revisions"}],"wp:featuredmedia":[{"embeddable":true,"href":"http:\/\/vincentians.com\/fr\/wp-json\/wp\/v2\/media\/149897"}],"wp:attachment":[{"href":"http:\/\/vincentians.com\/fr\/wp-json\/wp\/v2\/media?parent=180857"}],"wp:term":[{"taxonomy":"category","embeddable":true,"href":"http:\/\/vincentians.com\/fr\/wp-json\/wp\/v2\/categories?post=180857"},{"taxonomy":"post_tag","embeddable":true,"href":"http:\/\/vincentians.com\/fr\/wp-json\/wp\/v2\/tags?post=180857"}],"curies":[{"name":"wp","href":"https:\/\/api.w.org\/{rel}","templated":true}]}}