{"id":151155,"date":"2015-01-09T19:21:01","date_gmt":"2015-01-09T18:21:01","guid":{"rendered":"http:\/\/vincentiens.org\/?p=151155"},"modified":"2015-01-09T19:21:01","modified_gmt":"2015-01-09T18:21:01","slug":"monseigneur-berhaneyesus-demerew-souraphiel-un-lazariste-nomme-cardinal","status":"publish","type":"post","link":"http:\/\/vincentians.com\/fr\/monseigneur-berhaneyesus-demerew-souraphiel-un-lazariste-nomme-cardinal\/","title":{"rendered":"Monseigneur Berhaneyesus Demerew Souraphiel: un Lazariste nomm\u00e9 Cardinal"},"content":{"rendered":"<p><strong>La lutte contre le trafic d&rsquo;\u00eatres humains et l&rsquo;Union africaine<\/strong><\/p>\n<p class=\"Style2\" align=\"justify\">ROME, 4 janvier 2015<\/p>\n<p class=\"Style2\" align=\"justify\"><a href=\"https:\/\/i0.wp.com\/vincentiens.org\/wp-content\/uploads\/2015\/01\/Souraphiel.jpg\"><img data-recalc-dims=\"1\" loading=\"lazy\" decoding=\"async\" class=\"alignright size-medium wp-image-151156\" src=\"https:\/\/i0.wp.com\/vincentiens.org\/wp-content\/uploads\/2015\/01\/Souraphiel-300x187.jpg?resize=300%2C187\" alt=\"Souraphiel\" width=\"300\" height=\"187\" \/><\/a>Le pape Fran\u00e7ois annonce la cr\u00e9ation d&rsquo;un nouveau cardinal de la Corne de l&rsquo;Afrique : Mgr Berhaneyesus Demerew Souraphiel, C.M., (lazariste) archev\u00eaque d&rsquo;Addis Abeba et pr\u00e9sident du Conseil de l\u2019\u00c9glise \u00e9thiopienne.<\/p>\n<p class=\"Style2\" align=\"justify\">\u00c2g\u00e9 de 66 ans, Mgr Souraphiel sera cr\u00e9\u00e9 cardinal au cours du consistoire du 14 f\u00e9vrier 2015, avec 19 autres cardinaux, parmi lesquels 5 non-\u00e9lecteurs de plus de 80 ans. C&rsquo;est ce que le pape a annonc\u00e9 au terme de l&rsquo;ang\u00e9lus qu&rsquo;il a pr\u00e9sid\u00e9 place Saint-Pierre ce 4 janvier.<\/p>\n<p class=\"Style2\" align=\"justify\">Mgr Berhaneyesus Demerew Souraphiel est actuellement pr\u00e9sident de la Conf\u00e9rence \u00e9piscopale d\u2019\u00c9thiopie et d\u2019\u00c9rythr\u00e9e. Il a \u00e9t\u00e9 ordonn\u00e9 pr\u00eatre en 1976 et consacr\u00e9 \u00e9v\u00eaque en 1998.<\/p>\n<p class=\"Style2\" align=\"justify\">Consulteur pour la congr\u00e9gation romaine pour les \u00c9glises orientales, il a particip\u00e9 au synode des \u00e9v\u00eaques sur l&rsquo;Eucharistie (2005), sur la Parole de Dieu (2008), sur la famille (2014).<\/p>\n<p class=\"Style2\" align=\"justify\">Dans un <a href=\"http:\/\/www.zenit.org\/fr\/articles\/ethiopie-une-eglise-qui-remonte-a-l-epoque-des-apotres\" target=\"_blank\">entretien publi\u00e9 par Zenit<\/a>, l&rsquo;archev\u00eaque expliquait que l\u2019\u00c9glise en \u00c9thiopie remontait \u00ab\u00e0 l\u2019\u00e9poque des ap\u00f4tres, quand Philippe baptisa un eunuque&#8230; Le christianisme est devenu officiellement la religion d\u2019\u00c9tat au IVe si\u00e8cle. Le premier \u00e9v\u00eaque, saint Frumence, a \u00e9t\u00e9 ordonn\u00e9 par saint Athanase d\u2019Alexandrie. Avec ce premier \u00e9v\u00eaque, qui \u00e9tait syrien, l\u2019\u00c9thiopie est devenue officiellement un pays chr\u00e9tien et le second, apr\u00e8s l\u2019Arm\u00e9nie, \u00e0 avoir d\u00e9clar\u00e9 le christianisme comme religion d\u2019\u00c9tat\u00bb.<\/p>\n<p class=\"Style2\" align=\"justify\"><strong>Non au trafic d&rsquo;\u00eatres humains <\/strong><\/p>\n<p class=\"Style2\" align=\"justify\">Lors du synode de 2009 sur l&rsquo;Eglise en Afrique, le 6 octobre, il a d\u00e9nonc\u00e9 le trafic des \u00eatres humains: de nombreux Ethiopiens catholiques cherchent en effet \u00e0 fuir la mis\u00e8re et sont emmmen\u00e9s par des trafiquants sur des embarcations de fortune en m\u00e9diterrann\u00e9e o\u00f9 beaucoup ont perdu la vie. On sait que c&rsquo;est un th\u00e8em cher au pape Fran\u00e7ois qui lui a consacr\u00e9 son message du 1er janvier.<\/p>\n<p class=\"Style2\" align=\"justify\">L&rsquo;archev\u00eaque disait ceci:\u00a0\u00bbJ\u2019esp\u00e8re que ce Synode sur l\u2019Afrique \u00e9tudiera les racines des causes du trafic des \u00eatres humains, des personnes d\u00e9plac\u00e9es \u00e0 l\u2019int\u00e9rieur des fronti\u00e8res, des travailleurs domestiques maltrait\u00e9s (comme c\u2019est surtout le cas des femmes au Moyen-Orient), des r\u00e9fugi\u00e9s et des migrants, notamment les migrants qui quittent l\u2019Afrique par bateau et les demandeurs d\u2019asile, et arrivera \u00e0 des positions et des propositions concr\u00e8tes afin de montrer au monde que les vies africaines sont sacr\u00e9es et non pas bon march\u00e9, telles qu\u2019elles sont pr\u00e9sent\u00e9es et vues sur de nombreuses cha\u00eenes de t\u00e9l\u00e9vision.\u00a0\u00bb<\/p>\n<p class=\"Style2\" align=\"justify\">Il rappelait ausis que le quartier g\u00e9n\u00e9ral de l\u2019Union africaine (UA) si\u00e8ge \u00e0 Addis Abeba, o\u00f9 l\u2019organisation a \u00e9t\u00e9 fond\u00e9e.<\/p>\n<p class=\"Style2\" align=\"justify\"><strong>L&rsquo;Union africaine <\/strong><\/p>\n<p class=\"Style2\" align=\"justify\">Il ajoutait cette r\u00e9flexion sur l&rsquo;importance de l&rsquo;UA: \u00ab\u00a0L\u2019UA repr\u00e9sente la tribune de la direction politique en Afrique. Il est utile de savoir qu\u2019au moins 50% de ses membres sont des membres de l\u2019\u00c9glise catholique. Voil\u00e0 pourquoi le Nonce apostolique en \u00c9thiopie a \u00e9t\u00e9 invit\u00e9 \u00e0 participer en tant qu\u2019observateur aux assembl\u00e9es de l\u2019Ua \u00e0 chaque fois qu\u2019elles ont lieu \u00e0 Addis Abeba. J\u2019esp\u00e8re que le Saint-Si\u00e8ge d\u00e9signera un repr\u00e9sentant permanent aupr\u00e8s de l\u2019Ua qui puisse participer \u00e0 toutes les r\u00e9unions, quelle qu\u2019en soit la date, et qui puisse \u00e9tablir un contact personnel avec les membres catholiques de cette importante institution.Ce repr\u00e9sentant sp\u00e9cial devrait de pr\u00e9f\u00e9rence avoir des comp\u00e9tences diplomatiques comparables \u00e0 celles d\u2019un nonce apostolique. Il serait nomm\u00e9 membre de plein droit et devrait \u00eatre disponible pour remplir sa mission de mani\u00e8re \u00e0 pouvoir assister aux r\u00e9unions et rencontrer les personnalit\u00e9s qui ont une importance cl\u00e9 dans les processus de d\u00e9cision.<\/p>\n<p class=\"Style2\" align=\"justify\">Ce repr\u00e9sentant \u00e0 l\u2019UA devrait \u00e9galement \u00eatre repr\u00e9sentant du Symposium des Conf\u00e9rences \u00c9piscopales d\u2019Afrique et de Madagascar (SCEAM), au moins en tant qu\u2019observateur, afin que l\u2019\u00c9glise catholique en Afrique ait une voix \u00e0 l\u2019Ua et soit un encouragement pour les fid\u00e8les la\u00efcs catholiques qui y travaillent.<\/p>\n<p class=\"Style2\" align=\"justify\">Il disait enfin, l&rsquo;negagement de l&rsquo;\u00c9glise d\u2019\u00c9thiopie: \u00ab\u00a0Nous nous engageons \u00e0 faire au mieux pour accueillir ces repr\u00e9sentants du Saint-Si\u00e8ge ou du SCEAM et, dans le cas o\u00f9 ils voudraient r\u00e9sider \u00e0 Adis Ababa, \u00e0 faciliter leur travail et \u00e0 collaborer \u00e0 leur mission. Je suis s\u00fbr que l\u2019Union africaine serait pr\u00eate \u00e0 accueillir ces repr\u00e9sentants et que les membres la\u00efcs catholiques de cette institution se sentiraient particuli\u00e8rement soutenus par l\u2019\u00c9glise catholique dans leur mission.\u00a0\u00bb<\/p>\n<p class=\"Style2\" align=\"justify\">Aujourd\u2019hui, les chr\u00e9tiens constituent encore la majorit\u00e9 en Ethiopie : \u00abl\u2019Eglise orthodoxe repr\u00e9sente 44%, les protestants environ 18%, les catholiques 1%, et donc 62% de la population est chr\u00e9tienne\u00bb, pr\u00e9cisait-il.<\/p>\n","protected":false},"excerpt":{"rendered":"<p>La lutte contre le trafic d&rsquo;\u00eatres humains et l&rsquo;Union africaine ROME, 4 janvier 2015 Le pape Fran\u00e7ois annonce la cr\u00e9ation d&rsquo;un nouveau cardinal de la Corne de l&rsquo;Afrique : Mgr Berhaneyesus Demerew Souraphiel, C.M., (lazariste) &#8230; <a href=\"http:\/\/vincentians.com\/fr\/monseigneur-berhaneyesus-demerew-souraphiel-un-lazariste-nomme-cardinal\/\" class=\"more-link\">Read More<\/a><\/p>\n","protected":false},"author":4,"featured_media":151156,"comment_status":"open","ping_status":"open","sticky":false,"template":"","format":"standard","meta":{"jetpack_post_was_ever_published":false,"_jetpack_newsletter_access":"","_jetpack_dont_email_post_to_subs":false,"_jetpack_newsletter_tier_id":0,"_jetpack_memberships_contains_paywalled_content":false,"_jetpack_memberships_contains_paid_content":false,"footnotes":"","jetpack_publicize_message":"","jetpack_publicize_feature_enabled":true,"jetpack_social_post_already_shared":true,"jetpack_social_options":{"image_generator_settings":{"template":"highway","default_image_id":0,"font":"","enabled":false},"version":2}},"categories":[124],"tags":[],"class_list":["post-151155","post","type-post","status-publish","format-standard","has-post-thumbnail","hentry","category-congregation-de-la-mission"],"yoast_head":"<!-- This site is optimized with the Yoast SEO plugin v26.3 - https:\/\/yoast.com\/wordpress\/plugins\/seo\/ -->\n<title>Monseigneur Berhaneyesus Demerew Souraphiel: un Lazariste nomm\u00e9 Cardinal - Nous Sommes Vincentiens<\/title>\n<meta name=\"robots\" content=\"index, follow, max-snippet:-1, max-image-preview:large, max-video-preview:-1\" \/>\n<link rel=\"canonical\" href=\"https:\/\/vincentians.com\/fr\/monseigneur-berhaneyesus-demerew-souraphiel-un-lazariste-nomme-cardinal\/\" \/>\n<meta property=\"og:locale\" content=\"fr_FR\" \/>\n<meta property=\"og:type\" content=\"article\" \/>\n<meta property=\"og:title\" content=\"Monseigneur Berhaneyesus Demerew Souraphiel: un Lazariste nomm\u00e9 Cardinal - Nous Sommes Vincentiens\" \/>\n<meta property=\"og:description\" content=\"La lutte contre le trafic d&rsquo;\u00eatres humains et l&rsquo;Union africaine ROME, 4 janvier 2015 Le pape Fran\u00e7ois annonce la cr\u00e9ation d&rsquo;un nouveau cardinal de la Corne de l&rsquo;Afrique : Mgr Berhaneyesus Demerew Souraphiel, C.M., (lazariste) ... Read More\" \/>\n<meta property=\"og:url\" content=\"https:\/\/vincentians.com\/fr\/monseigneur-berhaneyesus-demerew-souraphiel-un-lazariste-nomme-cardinal\/\" \/>\n<meta property=\"og:site_name\" content=\"Nous Sommes Vincentiens\" \/>\n<meta property=\"article:publisher\" content=\"https:\/\/www.facebook.com\/WeAreVincentians\/\" \/>\n<meta property=\"article:author\" content=\"https:\/\/www.facebook.com\/JavierChento\" \/>\n<meta property=\"article:published_time\" content=\"2015-01-09T18:21:01+00:00\" \/>\n<meta name=\"author\" content=\"Francisco Javier Fern\u00e1ndez Chento\" \/>\n<meta name=\"twitter:card\" content=\"summary_large_image\" \/>\n<meta name=\"twitter:creator\" content=\"@https:\/\/twitter.com\/javierchento\" \/>\n<meta name=\"twitter:site\" content=\"@WeVincentians\" \/>\n<meta name=\"twitter:label1\" content=\"\u00c9crit par\" \/>\n\t<meta name=\"twitter:data1\" content=\"Francisco Javier Fern\u00e1ndez Chento\" \/>\n\t<meta name=\"twitter:label2\" content=\"Dur\u00e9e de lecture estim\u00e9e\" \/>\n\t<meta name=\"twitter:data2\" content=\"4 minutes\" \/>\n<script type=\"application\/ld+json\" class=\"yoast-schema-graph\">{\"@context\":\"https:\/\/schema.org\",\"@graph\":[{\"@type\":\"WebPage\",\"@id\":\"https:\/\/vincentians.com\/fr\/monseigneur-berhaneyesus-demerew-souraphiel-un-lazariste-nomme-cardinal\/\",\"url\":\"https:\/\/vincentians.com\/fr\/monseigneur-berhaneyesus-demerew-souraphiel-un-lazariste-nomme-cardinal\/\",\"name\":\"Monseigneur Berhaneyesus Demerew Souraphiel: un Lazariste nomm\u00e9 Cardinal - Nous Sommes Vincentiens\",\"isPartOf\":{\"@id\":\"http:\/\/vincentians.com\/fr\/#website\"},\"primaryImageOfPage\":{\"@id\":\"https:\/\/vincentians.com\/fr\/monseigneur-berhaneyesus-demerew-souraphiel-un-lazariste-nomme-cardinal\/#primaryimage\"},\"image\":{\"@id\":\"https:\/\/vincentians.com\/fr\/monseigneur-berhaneyesus-demerew-souraphiel-un-lazariste-nomme-cardinal\/#primaryimage\"},\"thumbnailUrl\":\"\",\"datePublished\":\"2015-01-09T18:21:01+00:00\",\"author\":{\"@id\":\"http:\/\/vincentians.com\/fr\/#\/schema\/person\/9623ef4d9aa3b2dfb8c061f1499288f2\"},\"breadcrumb\":{\"@id\":\"https:\/\/vincentians.com\/fr\/monseigneur-berhaneyesus-demerew-souraphiel-un-lazariste-nomme-cardinal\/#breadcrumb\"},\"inLanguage\":\"fr-FR\",\"potentialAction\":[{\"@type\":\"ReadAction\",\"target\":[\"https:\/\/vincentians.com\/fr\/monseigneur-berhaneyesus-demerew-souraphiel-un-lazariste-nomme-cardinal\/\"]}]},{\"@type\":\"ImageObject\",\"inLanguage\":\"fr-FR\",\"@id\":\"https:\/\/vincentians.com\/fr\/monseigneur-berhaneyesus-demerew-souraphiel-un-lazariste-nomme-cardinal\/#primaryimage\",\"url\":\"\",\"contentUrl\":\"\"},{\"@type\":\"BreadcrumbList\",\"@id\":\"https:\/\/vincentians.com\/fr\/monseigneur-berhaneyesus-demerew-souraphiel-un-lazariste-nomme-cardinal\/#breadcrumb\",\"itemListElement\":[{\"@type\":\"ListItem\",\"position\":1,\"name\":\"Portada\",\"item\":\"http:\/\/vincentians.com\/fr\/\"},{\"@type\":\"ListItem\",\"position\":2,\"name\":\"Monseigneur Berhaneyesus Demerew Souraphiel: un Lazariste nomm\u00e9 Cardinal\"}]},{\"@type\":\"WebSite\",\"@id\":\"http:\/\/vincentians.com\/fr\/#website\",\"url\":\"http:\/\/vincentians.com\/fr\/\",\"name\":\"Nous Sommes Vincentiens\",\"description\":\"Know more to serve more\",\"potentialAction\":[{\"@type\":\"SearchAction\",\"target\":{\"@type\":\"EntryPoint\",\"urlTemplate\":\"http:\/\/vincentians.com\/fr\/?s={search_term_string}\"},\"query-input\":{\"@type\":\"PropertyValueSpecification\",\"valueRequired\":true,\"valueName\":\"search_term_string\"}}],\"inLanguage\":\"fr-FR\"},{\"@type\":\"Person\",\"@id\":\"http:\/\/vincentians.com\/fr\/#\/schema\/person\/9623ef4d9aa3b2dfb8c061f1499288f2\",\"name\":\"Francisco Javier Fern\u00e1ndez Chento\",\"image\":{\"@type\":\"ImageObject\",\"inLanguage\":\"fr-FR\",\"@id\":\"http:\/\/vincentians.com\/fr\/#\/schema\/person\/image\/\",\"url\":\"https:\/\/secure.gravatar.com\/avatar\/497d5cde87b4c3d097d0315953521681ba2cd523ee66e5077c3711f7021e65de?s=96&d=mm&r=g\",\"contentUrl\":\"https:\/\/secure.gravatar.com\/avatar\/497d5cde87b4c3d097d0315953521681ba2cd523ee66e5077c3711f7021e65de?s=96&d=mm&r=g\",\"caption\":\"Francisco Javier Fern\u00e1ndez Chento\"},\"description\":\"Director General y cofundador de La Red de Formaci\u00f3n Vicenciana. Javier es laico vicenciano, afiliado a la Congregaci\u00f3n de la Misi\u00f3n y miembro del Equipo de Misiones Populares de la provincia can\u00f3nica de Zaragoza (Espa\u00f1a) de la Congregaci\u00f3n de la Misi\u00f3n. Graduado en la Universidad Oberta de Catalunya con cuatro grados (Asistente de direcci\u00f3n, Gesti\u00f3n Administrativa, Recursos Humanos y Contabilidad Avanzada). Bil\u00edng\u00fce Espa\u00f1ol\/Ingl\u00e9s. gestiona y mantiene varias p\u00e1ginas web cristianas y vicencianas, incluida including La Red de Formaci\u00f3n Vicenciana, de la que es cofundador. Actualmente es responsable del \u00e1rea de Espa\u00f1ol de .famvin, la Red de Noticias de la Familia Vicenciana. Tambi\u00e9n es m\u00fasico cat\u00f3lico y ha editado varios discos. Es Director General y cofundador de Trovador, una reconocida compa\u00f1\u00eda discogr\u00e1fica critiana de Espa\u00f1a. Trabaja en las Tecnolog\u00edas de la Informaci\u00f3n, ofreciendo servicios de alojamiento, dise\u00f1o y mantenimiento Web, as\u00ed como asesoramiento, formaci\u00f3n y soluciones inform\u00e1ticas, gesti\u00f3n documental y digitalizaci\u00f3n de textos, edici\u00f3n y maquetaci\u00f3n de libros, revistas, flyers, etc.\",\"sameAs\":[\"http:\/\/chento.org\",\"https:\/\/www.facebook.com\/JavierChento\",\"https:\/\/x.com\/https:\/\/twitter.com\/javierchento\"],\"url\":\"http:\/\/vincentians.com\/fr\/author\/chento\/\"}]}<\/script>\n<!-- \/ Yoast SEO plugin. -->","yoast_head_json":{"title":"Monseigneur Berhaneyesus Demerew Souraphiel: un Lazariste nomm\u00e9 Cardinal - Nous Sommes Vincentiens","robots":{"index":"index","follow":"follow","max-snippet":"max-snippet:-1","max-image-preview":"max-image-preview:large","max-video-preview":"max-video-preview:-1"},"canonical":"https:\/\/vincentians.com\/fr\/monseigneur-berhaneyesus-demerew-souraphiel-un-lazariste-nomme-cardinal\/","og_locale":"fr_FR","og_type":"article","og_title":"Monseigneur Berhaneyesus Demerew Souraphiel: un Lazariste nomm\u00e9 Cardinal - Nous Sommes Vincentiens","og_description":"La lutte contre le trafic d&rsquo;\u00eatres humains et l&rsquo;Union africaine ROME, 4 janvier 2015 Le pape Fran\u00e7ois annonce la cr\u00e9ation d&rsquo;un nouveau cardinal de la Corne de l&rsquo;Afrique : Mgr Berhaneyesus Demerew Souraphiel, C.M., (lazariste) ... Read More","og_url":"https:\/\/vincentians.com\/fr\/monseigneur-berhaneyesus-demerew-souraphiel-un-lazariste-nomme-cardinal\/","og_site_name":"Nous Sommes Vincentiens","article_publisher":"https:\/\/www.facebook.com\/WeAreVincentians\/","article_author":"https:\/\/www.facebook.com\/JavierChento","article_published_time":"2015-01-09T18:21:01+00:00","author":"Francisco Javier Fern\u00e1ndez Chento","twitter_card":"summary_large_image","twitter_creator":"@https:\/\/twitter.com\/javierchento","twitter_site":"@WeVincentians","twitter_misc":{"\u00c9crit par":"Francisco Javier Fern\u00e1ndez Chento","Dur\u00e9e de lecture estim\u00e9e":"4 minutes"},"schema":{"@context":"https:\/\/schema.org","@graph":[{"@type":"WebPage","@id":"https:\/\/vincentians.com\/fr\/monseigneur-berhaneyesus-demerew-souraphiel-un-lazariste-nomme-cardinal\/","url":"https:\/\/vincentians.com\/fr\/monseigneur-berhaneyesus-demerew-souraphiel-un-lazariste-nomme-cardinal\/","name":"Monseigneur Berhaneyesus Demerew Souraphiel: un Lazariste nomm\u00e9 Cardinal - Nous Sommes Vincentiens","isPartOf":{"@id":"http:\/\/vincentians.com\/fr\/#website"},"primaryImageOfPage":{"@id":"https:\/\/vincentians.com\/fr\/monseigneur-berhaneyesus-demerew-souraphiel-un-lazariste-nomme-cardinal\/#primaryimage"},"image":{"@id":"https:\/\/vincentians.com\/fr\/monseigneur-berhaneyesus-demerew-souraphiel-un-lazariste-nomme-cardinal\/#primaryimage"},"thumbnailUrl":"","datePublished":"2015-01-09T18:21:01+00:00","author":{"@id":"http:\/\/vincentians.com\/fr\/#\/schema\/person\/9623ef4d9aa3b2dfb8c061f1499288f2"},"breadcrumb":{"@id":"https:\/\/vincentians.com\/fr\/monseigneur-berhaneyesus-demerew-souraphiel-un-lazariste-nomme-cardinal\/#breadcrumb"},"inLanguage":"fr-FR","potentialAction":[{"@type":"ReadAction","target":["https:\/\/vincentians.com\/fr\/monseigneur-berhaneyesus-demerew-souraphiel-un-lazariste-nomme-cardinal\/"]}]},{"@type":"ImageObject","inLanguage":"fr-FR","@id":"https:\/\/vincentians.com\/fr\/monseigneur-berhaneyesus-demerew-souraphiel-un-lazariste-nomme-cardinal\/#primaryimage","url":"","contentUrl":""},{"@type":"BreadcrumbList","@id":"https:\/\/vincentians.com\/fr\/monseigneur-berhaneyesus-demerew-souraphiel-un-lazariste-nomme-cardinal\/#breadcrumb","itemListElement":[{"@type":"ListItem","position":1,"name":"Portada","item":"http:\/\/vincentians.com\/fr\/"},{"@type":"ListItem","position":2,"name":"Monseigneur Berhaneyesus Demerew Souraphiel: un Lazariste nomm\u00e9 Cardinal"}]},{"@type":"WebSite","@id":"http:\/\/vincentians.com\/fr\/#website","url":"http:\/\/vincentians.com\/fr\/","name":"Nous Sommes Vincentiens","description":"Know more to serve more","potentialAction":[{"@type":"SearchAction","target":{"@type":"EntryPoint","urlTemplate":"http:\/\/vincentians.com\/fr\/?s={search_term_string}"},"query-input":{"@type":"PropertyValueSpecification","valueRequired":true,"valueName":"search_term_string"}}],"inLanguage":"fr-FR"},{"@type":"Person","@id":"http:\/\/vincentians.com\/fr\/#\/schema\/person\/9623ef4d9aa3b2dfb8c061f1499288f2","name":"Francisco Javier Fern\u00e1ndez Chento","image":{"@type":"ImageObject","inLanguage":"fr-FR","@id":"http:\/\/vincentians.com\/fr\/#\/schema\/person\/image\/","url":"https:\/\/secure.gravatar.com\/avatar\/497d5cde87b4c3d097d0315953521681ba2cd523ee66e5077c3711f7021e65de?s=96&d=mm&r=g","contentUrl":"https:\/\/secure.gravatar.com\/avatar\/497d5cde87b4c3d097d0315953521681ba2cd523ee66e5077c3711f7021e65de?s=96&d=mm&r=g","caption":"Francisco Javier Fern\u00e1ndez Chento"},"description":"Director General y cofundador de La Red de Formaci\u00f3n Vicenciana. Javier es laico vicenciano, afiliado a la Congregaci\u00f3n de la Misi\u00f3n y miembro del Equipo de Misiones Populares de la provincia can\u00f3nica de Zaragoza (Espa\u00f1a) de la Congregaci\u00f3n de la Misi\u00f3n. Graduado en la Universidad Oberta de Catalunya con cuatro grados (Asistente de direcci\u00f3n, Gesti\u00f3n Administrativa, Recursos Humanos y Contabilidad Avanzada). Bil\u00edng\u00fce Espa\u00f1ol\/Ingl\u00e9s. gestiona y mantiene varias p\u00e1ginas web cristianas y vicencianas, incluida including La Red de Formaci\u00f3n Vicenciana, de la que es cofundador. Actualmente es responsable del \u00e1rea de Espa\u00f1ol de .famvin, la Red de Noticias de la Familia Vicenciana. Tambi\u00e9n es m\u00fasico cat\u00f3lico y ha editado varios discos. Es Director General y cofundador de Trovador, una reconocida compa\u00f1\u00eda discogr\u00e1fica critiana de Espa\u00f1a. Trabaja en las Tecnolog\u00edas de la Informaci\u00f3n, ofreciendo servicios de alojamiento, dise\u00f1o y mantenimiento Web, as\u00ed como asesoramiento, formaci\u00f3n y soluciones inform\u00e1ticas, gesti\u00f3n documental y digitalizaci\u00f3n de textos, edici\u00f3n y maquetaci\u00f3n de libros, revistas, flyers, etc.","sameAs":["http:\/\/chento.org","https:\/\/www.facebook.com\/JavierChento","https:\/\/x.com\/https:\/\/twitter.com\/javierchento"],"url":"http:\/\/vincentians.com\/fr\/author\/chento\/"}]}},"jetpack_publicize_connections":[],"jetpack_featured_media_url":"","jetpack_sharing_enabled":true,"jetpack_shortlink":"https:\/\/wp.me\/p7ETMP-DjZ","jetpack-related-posts":[{"id":105260,"url":"http:\/\/vincentians.com\/fr\/ephemerides-23-decembre\/","url_meta":{"origin":151155,"position":0},"title":"Eph\u00e9m\u00e9rides: 23 d\u00e9cembre","author":"Francisco Javier Fern\u00e1ndez Chento","date":"23\/12\/2016","format":false,"excerpt":"1804. \u00c0 Paris, le pape Pie VII honore de sa visite la Maison-M\u00e8re des Filles de la Charit\u00e9, rue du Vieux Colombier\u2026 Arriv\u00e9 dans la capitale le 28 novembre pour le sacre de Napol\u00e9on, dont les fastes se sont d\u00e9roul\u00e9s \u00e0 Notre-Dame le 2 d\u00e9cembre, le Souverain Pontife a, en\u2026","rel":"","context":"Dans &quot;\u00c9ph\u00e9m\u00e9rides vincentiens&quot;","block_context":{"text":"\u00c9ph\u00e9m\u00e9rides vincentiens","link":"http:\/\/vincentians.com\/fr\/category\/ephemerides-vincentiens\/"},"img":{"alt_text":"","src":"https:\/\/i0.wp.com\/vincentians.com\/fr\/wp-content\/uploads\/sites\/10\/2016\/07\/ephemerides-fb.jpg?fit=1200%2C630&resize=350%2C200","width":350,"height":200,"srcset":"https:\/\/i0.wp.com\/vincentians.com\/fr\/wp-content\/uploads\/sites\/10\/2016\/07\/ephemerides-fb.jpg?fit=1200%2C630&resize=350%2C200 1x, https:\/\/i0.wp.com\/vincentians.com\/fr\/wp-content\/uploads\/sites\/10\/2016\/07\/ephemerides-fb.jpg?fit=1200%2C630&resize=525%2C300 1.5x, https:\/\/i0.wp.com\/vincentians.com\/fr\/wp-content\/uploads\/sites\/10\/2016\/07\/ephemerides-fb.jpg?fit=1200%2C630&resize=700%2C400 2x, https:\/\/i0.wp.com\/vincentians.com\/fr\/wp-content\/uploads\/sites\/10\/2016\/07\/ephemerides-fb.jpg?fit=1200%2C630&resize=1050%2C600 3x"},"classes":[]},{"id":42953,"url":"http:\/\/vincentians.com\/fr\/marguerite-rutan-une-intrepide-fille-de-saint-vincent\/","url_meta":{"origin":151155,"position":1},"title":"Marguerite Rutan, une intr\u00e9pide fille de Saint Vincent","author":"Francisco Javier Fern\u00e1ndez Chento","date":"14\/11\/2013","format":false,"excerpt":"Le 19 juin 2011, plus de deux cents ans apr\u00e8s sa\u00a0d\u00e9capitation, s\u0153ur Marguerite Rutan,\u00a0premi\u00e8re sup\u00e9rieure de l'h\u00f4pital, sera\u00a0b\u00e9atifi\u00e9e par l'\u00e9missaire du pape dans les\u00a0ar\u00e8nes de la ville. Sous l'\u00e9gide de Mgr\u00a0Breton, un comit\u00e9 permanent et 15 \u00ab\u00a0animateurs de chantiers \u00bb pr\u00e9parent la\u00a0b\u00e9atification de s\u0153ur Marguerite Rutan. Il fut un temps\u2026","rel":"","context":"Dans &quot;Marguerite Rutan&quot;","block_context":{"text":"Marguerite Rutan","link":"http:\/\/vincentians.com\/fr\/category\/marguerite-rutan\/"},"img":{"alt_text":"","src":"https:\/\/i0.wp.com\/vincentiens.org\/wp-content\/uploads\/2012\/10\/rutan1-143x300.jpg?resize=350%2C200","width":350,"height":200},"classes":[]},{"id":104886,"url":"http:\/\/vincentians.com\/fr\/fernand-portal-xv-la-derniere-communion-du-cardinal-mercier\/","url_meta":{"origin":151155,"position":2},"title":"Fernand Portal (XV) La derni\u00e8re Communion du Cardinal Mercier","author":"Francisco Javier Fern\u00e1ndez Chento","date":"09\/12\/2012","format":false,"excerpt":"Le cardinal Mercier est le premier du trio \u00e0 vivre sa mort. Sa fin, par certains aspects, a l'allure d'une messe pontificale solennelle : la dignit\u00e9 n'en exclut pas moins la sobri\u00e9t\u00e9. Sa fatigue empire, apr\u00e8s le voyage \u00e0 Paris, le 26 Novembre 1925, o\u00f9 il avait pris la parole,\u2026","rel":"","context":"Dans &quot;Biographies Lazaristes&quot;","block_context":{"text":"Biographies Lazaristes","link":"http:\/\/vincentians.com\/fr\/category\/biographies-lazaristes\/"},"img":{"alt_text":"","src":"https:\/\/i0.wp.com\/vincentians.com\/fr\/wp-content\/uploads\/sites\/10\/2016\/08\/bio-congregation-of-the-mission.jpg?fit=1200%2C630&resize=350%2C200","width":350,"height":200,"srcset":"https:\/\/i0.wp.com\/vincentians.com\/fr\/wp-content\/uploads\/sites\/10\/2016\/08\/bio-congregation-of-the-mission.jpg?fit=1200%2C630&resize=350%2C200 1x, https:\/\/i0.wp.com\/vincentians.com\/fr\/wp-content\/uploads\/sites\/10\/2016\/08\/bio-congregation-of-the-mission.jpg?fit=1200%2C630&resize=525%2C300 1.5x, https:\/\/i0.wp.com\/vincentians.com\/fr\/wp-content\/uploads\/sites\/10\/2016\/08\/bio-congregation-of-the-mission.jpg?fit=1200%2C630&resize=700%2C400 2x, https:\/\/i0.wp.com\/vincentians.com\/fr\/wp-content\/uploads\/sites\/10\/2016\/08\/bio-congregation-of-the-mission.jpg?fit=1200%2C630&resize=1050%2C600 3x"},"classes":[]},{"id":104849,"url":"http:\/\/vincentians.com\/fr\/ephemerides-2-decembre\/","url_meta":{"origin":151155,"position":3},"title":"Eph\u00e9m\u00e9rides: 2 d\u00e9cembre","author":"Francisco Javier Fern\u00e1ndez Chento","date":"02\/12\/2016","format":false,"excerpt":"1935. Monseigneur de Vienne donne des d\u00e9tails sur l\u2019effort missionnaire en Chine\u00a0: jusqu\u2019en 1910 tous les Vicariats Lazaristes ne formaient qu\u2019une Province. Mais \u00e0 partir de cette ann\u00e9e-l\u00e0, il y en eut deux, celle du Nord et celle du Sud. Celle du Nord comprenait quatre Vicariats. Vingt-cinq ans plus tard,\u2026","rel":"","context":"Dans &quot;\u00c9ph\u00e9m\u00e9rides vincentiens&quot;","block_context":{"text":"\u00c9ph\u00e9m\u00e9rides vincentiens","link":"http:\/\/vincentians.com\/fr\/category\/ephemerides-vincentiens\/"},"img":{"alt_text":"","src":"https:\/\/i0.wp.com\/vincentians.com\/fr\/wp-content\/uploads\/sites\/10\/2016\/07\/ephemerides-fb.jpg?fit=1200%2C630&resize=350%2C200","width":350,"height":200,"srcset":"https:\/\/i0.wp.com\/vincentians.com\/fr\/wp-content\/uploads\/sites\/10\/2016\/07\/ephemerides-fb.jpg?fit=1200%2C630&resize=350%2C200 1x, https:\/\/i0.wp.com\/vincentians.com\/fr\/wp-content\/uploads\/sites\/10\/2016\/07\/ephemerides-fb.jpg?fit=1200%2C630&resize=525%2C300 1.5x, https:\/\/i0.wp.com\/vincentians.com\/fr\/wp-content\/uploads\/sites\/10\/2016\/07\/ephemerides-fb.jpg?fit=1200%2C630&resize=700%2C400 2x, https:\/\/i0.wp.com\/vincentians.com\/fr\/wp-content\/uploads\/sites\/10\/2016\/07\/ephemerides-fb.jpg?fit=1200%2C630&resize=1050%2C600 3x"},"classes":[]},{"id":190168,"url":"http:\/\/vincentians.com\/fr\/ephemerides-08-septembre\/","url_meta":{"origin":151155,"position":4},"title":"Eph\u00e9m\u00e9rides : 08 septembre","author":"Francisco Javier Fern\u00e1ndez Chento","date":"08\/09\/2016","format":false,"excerpt":"1655. Durant le conseil qui se tient au parloir de Saint Lazare, Monsieur Vincent lit le r\u00e8glement de la Compagnie qui vient d\u2019\u00eatre approuv\u00e9 et commente ce qui concerne l\u2019office de la Sup\u00e9rieure G\u00e9n\u00e9rale et celui des Conseill\u00e8res. (C) 1682. Au Balliage de Conflans, un contrat est sign\u00e9 entre les\u2026","rel":"","context":"Dans &quot;\u00c9ph\u00e9m\u00e9rides vincentiens&quot;","block_context":{"text":"\u00c9ph\u00e9m\u00e9rides vincentiens","link":"http:\/\/vincentians.com\/fr\/category\/ephemerides-vincentiens\/"},"img":{"alt_text":"","src":"https:\/\/i0.wp.com\/vincentians.com\/fr\/wp-content\/uploads\/sites\/10\/2016\/07\/ephemerides-fb.jpg?fit=1200%2C630&resize=350%2C200","width":350,"height":200,"srcset":"https:\/\/i0.wp.com\/vincentians.com\/fr\/wp-content\/uploads\/sites\/10\/2016\/07\/ephemerides-fb.jpg?fit=1200%2C630&resize=350%2C200 1x, https:\/\/i0.wp.com\/vincentians.com\/fr\/wp-content\/uploads\/sites\/10\/2016\/07\/ephemerides-fb.jpg?fit=1200%2C630&resize=525%2C300 1.5x, https:\/\/i0.wp.com\/vincentians.com\/fr\/wp-content\/uploads\/sites\/10\/2016\/07\/ephemerides-fb.jpg?fit=1200%2C630&resize=700%2C400 2x, https:\/\/i0.wp.com\/vincentians.com\/fr\/wp-content\/uploads\/sites\/10\/2016\/07\/ephemerides-fb.jpg?fit=1200%2C630&resize=1050%2C600 3x"},"classes":[]},{"id":103894,"url":"http:\/\/vincentians.com\/fr\/ephemerides-28-octobre\/","url_meta":{"origin":151155,"position":5},"title":"Eph\u00e9m\u00e9rides: 28 octobre","author":"Francisco Javier Fern\u00e1ndez Chento","date":"28\/10\/2016","format":false,"excerpt":"1660. Monsieur Jean de Horgny, directeur de la Compagnie, donne aux S\u0153urs la Conf\u00e9rence dont le th\u00e8me est la pr\u00e9paration \u00e0 la f\u00eate de tous les Saints. (C) 1888. \u00c0 Paris, dans la chapelle de la Maison-M\u00e8re, a lieu le sacre \u00e9piscopal de Mgr Jacques Crouzet. Il a trente-neuf ans.\u2026","rel":"","context":"Dans &quot;\u00c9ph\u00e9m\u00e9rides vincentiens&quot;","block_context":{"text":"\u00c9ph\u00e9m\u00e9rides vincentiens","link":"http:\/\/vincentians.com\/fr\/category\/ephemerides-vincentiens\/"},"img":{"alt_text":"","src":"https:\/\/i0.wp.com\/vincentians.com\/fr\/wp-content\/uploads\/sites\/10\/2016\/07\/ephemerides-fb.jpg?fit=1200%2C630&resize=350%2C200","width":350,"height":200,"srcset":"https:\/\/i0.wp.com\/vincentians.com\/fr\/wp-content\/uploads\/sites\/10\/2016\/07\/ephemerides-fb.jpg?fit=1200%2C630&resize=350%2C200 1x, https:\/\/i0.wp.com\/vincentians.com\/fr\/wp-content\/uploads\/sites\/10\/2016\/07\/ephemerides-fb.jpg?fit=1200%2C630&resize=525%2C300 1.5x, https:\/\/i0.wp.com\/vincentians.com\/fr\/wp-content\/uploads\/sites\/10\/2016\/07\/ephemerides-fb.jpg?fit=1200%2C630&resize=700%2C400 2x, https:\/\/i0.wp.com\/vincentians.com\/fr\/wp-content\/uploads\/sites\/10\/2016\/07\/ephemerides-fb.jpg?fit=1200%2C630&resize=1050%2C600 3x"},"classes":[]}],"_links":{"self":[{"href":"http:\/\/vincentians.com\/fr\/wp-json\/wp\/v2\/posts\/151155","targetHints":{"allow":["GET"]}}],"collection":[{"href":"http:\/\/vincentians.com\/fr\/wp-json\/wp\/v2\/posts"}],"about":[{"href":"http:\/\/vincentians.com\/fr\/wp-json\/wp\/v2\/types\/post"}],"author":[{"embeddable":true,"href":"http:\/\/vincentians.com\/fr\/wp-json\/wp\/v2\/users\/4"}],"replies":[{"embeddable":true,"href":"http:\/\/vincentians.com\/fr\/wp-json\/wp\/v2\/comments?post=151155"}],"version-history":[{"count":0,"href":"http:\/\/vincentians.com\/fr\/wp-json\/wp\/v2\/posts\/151155\/revisions"}],"wp:featuredmedia":[{"embeddable":true,"href":"http:\/\/vincentians.com\/fr\/wp-json\/"}],"wp:attachment":[{"href":"http:\/\/vincentians.com\/fr\/wp-json\/wp\/v2\/media?parent=151155"}],"wp:term":[{"taxonomy":"category","embeddable":true,"href":"http:\/\/vincentians.com\/fr\/wp-json\/wp\/v2\/categories?post=151155"},{"taxonomy":"post_tag","embeddable":true,"href":"http:\/\/vincentians.com\/fr\/wp-json\/wp\/v2\/tags?post=151155"}],"curies":[{"name":"wp","href":"https:\/\/api.w.org\/{rel}","templated":true}]}}