{"id":151062,"date":"2015-01-20T07:18:22","date_gmt":"2015-01-20T06:18:22","guid":{"rendered":"http:\/\/vincentiens.org\/?p=151062"},"modified":"2015-01-20T07:18:22","modified_gmt":"2015-01-20T06:18:22","slug":"histoire-generale-de-la-congregation-de-la-mission-74","status":"publish","type":"post","link":"http:\/\/vincentians.com\/fr\/histoire-generale-de-la-congregation-de-la-mission-74\/","title":{"rendered":"Histoire g\u00e9n\u00e9rale de la Congr\u00e9gation de la Mission (74)"},"content":{"rendered":"<h2><b><b><b><strong>LXXIV. Les Missionnaires d\u2019Alger<\/strong><\/b><\/b><\/b><\/h2>\n<p><a href=\"https:\/\/i0.wp.com\/vincentiens.org\/wp-content\/uploads\/2012\/12\/logocm.png\"><img data-recalc-dims=\"1\" loading=\"lazy\" decoding=\"async\" class=\"alignright size-medium wp-image-104093\" src=\"https:\/\/i0.wp.com\/vincentiens.org\/wp-content\/uploads\/2012\/12\/logocm-245x300.png?resize=245%2C300\" alt=\"logocm\" width=\"245\" height=\"300\" \/><\/a>De la Chine nous reviendrons en Barbarie, pour faire le r\u00e9cit de ce que les Missionnaires ont fait \u00e0 Alger. On a vu ci-devant comment M. Lorance y \u00e9tait install\u00e9 avec le fr\u00e8re Jacques Leclerc, en qualit\u00e9 de vicaire de l\u2019archev\u00eaque de Carthage, et comment on y envoya ensuite M. Duch\u00eane pour l\u2019aider. Ils rendirent l\u00e0 leurs services accoutum\u00e9s aux pauvres esclaves chr\u00e9tiens, en bonne sant\u00e9 et sans avanie, comme marquait M. Watel dans sa lettre du 1<sup>er<\/sup> janvier 1705, ajoutant n\u00e9anmoins que M. Lorance se faisait vieux et se cassait beaucoup, ayant eu l\u2019ann\u00e9e derni\u00e8re deux attaquesd\u2019apoplexie, dont il serait mort, s\u2019il n\u2019avait \u00e9t\u00e9 promptement secouru. Il d\u00e9c\u00e9da quelque temps apr\u00e8s. Depuis la mort de M. Lorance, M. Duch\u00eane tomba dangereusement malade et crut mourir, en sorte qu\u2019il nomma un P\u00e8re capucin vicaire apostolique en sa place. Pour obvier \u00e0 un pareil inconv\u00e9nient, il pressait M. Watel, ne sachant pas encore que celui-ci f\u00fbt mort, de lui envoyer un compagnon pour vicaire \u00e0 Tunis ; sur quoi M. Bonnet, pour lors vicaire g\u00e9n\u00e9ral, dit dans sa lettre du 1<sup>er<\/sup> janvier 1711 qu\u2019il para\u00eet juste de lui donner secours et cette consolation ; mais il faut l\u00e0 des hommes d\u2019une vertu tr\u00e8s solide et dispos\u00e9s \u00e0 mourir dans les tourments \u00e0 la premi\u00e8re brouillerie qui se forme dans ces villes infid\u00e8les. Il invitait les sujets de la Compagnie, s\u2019ils se sentaient de l\u2019attrait pour cet emploi, de le marquer.<\/p>\n<p>Il jeta 1\u00ba les yeux sur M. Lamote<span id='easy-footnote-1-151062' class='easy-footnote-margin-adjust'><\/span><span class='easy-footnote'><a href='http:\/\/vincentians.com\/fr\/histoire-generale-de-la-congregation-de-la-mission-74\/#easy-footnote-bottom-1-151062' title='Nicolas Lamotte, 1663-1738. Sorti de la Congr\u00e9gation, 1726.'><sup>1<\/sup><\/a><\/span><a href=\"#_ftn1\" name=\"_ftnref1\"><\/a>, homme fort et vigoureux, qui \u00e9tait pour lors \u00e0 Annecy ; mais celui-ci s\u2019\u00e9tantexcus\u00e9 sur son \u00e2ge de 50 ans et sur la difficult\u00e9 qu\u2019il aurait, \u00e9tant si \u00e2g\u00e9, d\u2019apprendre la langue, il en choisit un plus jeune nomm\u00e9 M. Batault<span id='easy-footnote-2-151062' class='easy-footnote-margin-adjust'><\/span><span class='easy-footnote'><a href='http:\/\/vincentians.com\/fr\/histoire-generale-de-la-congregation-de-la-mission-74\/#easy-footnote-bottom-2-151062' title='Jean Batault, 1676-1787.'><sup>2<\/sup><\/a><\/span><a href=\"#_ftn2\" name=\"_ftnref2\"><\/a>, pour lors assistant et r\u00e9gent dans le s\u00e9minaire de Vannes, homme doux et z\u00e9l\u00e9, et d\u2019un bon temp\u00e9rament. Il lui donna pour compagnon un fr\u00e8re nomm\u00e9 Joseph Berchon<span id='easy-footnote-3-151062' class='easy-footnote-margin-adjust'><\/span><span class='easy-footnote'><a href='http:\/\/vincentians.com\/fr\/histoire-generale-de-la-congregation-de-la-mission-74\/#easy-footnote-bottom-3-151062' title='1674-1742.'><sup>3<\/sup><\/a><\/span><a href=\"#_ftn3\" name=\"_ftnref3\"><\/a>, actif et de bonne volont\u00e9. Ils vinrent tous les deux, de Paris, s\u2019embarquer \u00e0 Marseille, au commencement de l\u2019ann\u00e9e 1712, et ils furent attaqu\u00e9s sur mer d\u2019une rude temp\u00eate qui les mit en danger de faire naufrage et les jeta enfin tout tremblants sur les c\u00f4tes de G\u00eanes. Le vaisseau \u00e9tant hors d\u2019\u00e9tat de continuer la route. M. Batault se proposa de venir se rembarquer \u00e0 Marseille, et d\u2019aller en attendant \u00e0 Rome ; toutefois il se priva de cette consolation, et ayant trouv\u00e9 \u00e0 G\u00eanes un navire pour aller \u00e0 Alger, il en profita avec le fr\u00e8re et arriva l\u00e0 en bonne sant\u00e9, ce qui fit grand plaisir \u00e0 M. Duch\u00eane. Il y avait pour lors \u00e0 Alger un dey fort douxet traitable, ce qui leur donnait moyen de servir les pauvres esclaves avec beaucoup de libert\u00e9. M. Duch\u00eane ne laissait pourtant pas d\u2019y souffrir quelque mortification. Les P\u00e8res de la Merci espagnols, qui vont \u00e0 Alger avec de grandes sommes d\u2019argent pour racheter les esclaves, eurent quelque d\u00e9m\u00eal\u00e9 avec lui. Un d\u2019eux portugais de nation, nomm\u00e9 le P\u00e8re De Mendes<span id='easy-footnote-4-151062' class='easy-footnote-margin-adjust'><\/span><span class='easy-footnote'><a href='http:\/\/vincentians.com\/fr\/histoire-generale-de-la-congregation-de-la-mission-74\/#easy-footnote-bottom-4-151062' title='Conjecture.'><sup>4<\/sup><\/a><\/span>, homme de qualit\u00e9, fit de grandes plaintes dont il remplit un factum qu\u2019il prit la libert\u00e9 d\u2019adresser au Pape, et il y attaquait m\u00eame personnellement sa r\u00e9putation, mais la chose en demeura l\u00e0, et il \u00e9tait ais\u00e9 \u00e0 M. Duch\u00eane de se justifier de tout ce dont on l\u2019accusait. Ce qui roulait principalement sur une pr\u00e9tendue avarice dans la r\u00e9demption des esclaves dont il se m\u00ealait. Il avait pour cela quelque relation avec l\u2019archiconfr\u00e9rie de la r\u00e9demption des captifs \u00e0 Rome, et avec celle de G\u00eanes. Ces messieurs paraissant quelquefois n\u2019\u00eatre pas bien satisfaits de ses soins pour racheter les esclaves, pour lesquels ils\u2019entremettait, mails il est impossible de contenter tout le monde.<\/p>\n<p>Ces messieurs vivaient fort bien avec M. de Cl\u00e9rambault, consul de la nation fran\u00e7aise, lequel servit utilement M. Duch\u00eane pour apaiser le dey, qui, tout bon qu\u2019il \u00e9tait, lui avait donn\u00e9 assez brusquement un ordre pour sortir d\u2019Alger, sur une fausse accusation de quelques juifs, ainsi que le mandait M. Bonnet, en 1714, ajoutant : La paix et la guerre se succ\u00e8dent l\u00e0, comme ici la pluie et le beau temps, et, par cons\u00e9quent, ces messieurs ont besoin de beaucoup de force et de confiance. Ils avaient, comme porte la lettre de M. Bonnet, en 1715, une grande libert\u00e9 pour la pratique des r\u00e8gles et les exercices des fonctions aupr\u00e8s des esclaves chr\u00e9tiens, toujours en grand nombre en divers bagnes, qu\u2019ils servent avec beaucoup de z\u00e8le, de ferveur, de succ\u00e8s et de consolation. Toutefois, l\u2019ann\u00e9e d\u2019apr\u00e8s, ils eurent \u00e0 essuyer quelques avanies et menaces de la partdu dey, pr\u00e9venu pareillement de faux rapports : d\u2019indignes traitements avaient \u00e9t\u00e9 faits \u00e0 des esclaves turcs en Italie ; il se d\u00e9sabusa ensuite et se radoucit \u00e0 l\u2019\u00e9gard des missionnaires, les laissant vivre en paix, appliqu\u00e9s au service des pauvres esclaves chr\u00e9tiens. On comprenait par cette nouvelle bourrasque qu\u2019ils devaient \u00eatre pr\u00eats \u00e0 tous les \u00e9v\u00e9nements ; ils n\u2019en avaient point de f\u00e2cheux en ce moment-l\u00e0. Ils parlaient dans une lettre au g\u00e9n\u00e9ral, en 1716, d\u2019une jeune esclave espagnole qui, depuis deux ans, souffrait pour la conservation de sa foi et de sa chastet\u00e9 un martyre semblable \u00e0 celui des premiers martyrs.<\/p>\n<p>Depuis, le fr\u00e8re Jacques Le Clerc est d\u00e9c\u00e9d\u00e9 et on doit envoyer un autre fr\u00e8re \u00e0 sa place. M. Bonnet jugea \u00e0 propos de faire faire l\u00e0 une visite selon l\u2019usage de la Compagnie, introduit dans toutes les maisons ; il donna cette commission \u00e0 M. de Garcin<span id='easy-footnote-5-151062' class='easy-footnote-margin-adjust'><\/span><span class='easy-footnote'><a href='http:\/\/vincentians.com\/fr\/histoire-generale-de-la-congregation-de-la-mission-74\/#easy-footnote-bottom-5-151062' title='Aymar de Garcin, n\u00e9 1661.'><sup>5<\/sup><\/a><\/span><a href=\"#_ftn5\" name=\"_ftnref5\"><\/a>, sup\u00e9rieur de la maison de Marseille, qui, ayant demeur\u00e9 longtemps en cette ville, o\u00f9 se font les affaires de ces messieurs d\u2019Alger pour les embarquements, et o\u00f9 on garde leur argent qui ne serait pas en s\u00fbret\u00e9 aupr\u00e8s des Turcs, avait plus de connaissance de cet \u00e9tablissement ; il y alla et en revint au commencement de l\u2019ann\u00e9e 1720.<\/p>\n","protected":false},"excerpt":{"rendered":"<p>LXXIV. Les Missionnaires d\u2019Alger De la Chine nous reviendrons en Barbarie, pour faire le r\u00e9cit de ce que les Missionnaires ont fait \u00e0 Alger. On a vu ci-devant comment M. Lorance y \u00e9tait install\u00e9 avec &#8230; <a href=\"http:\/\/vincentians.com\/fr\/histoire-generale-de-la-congregation-de-la-mission-74\/\" class=\"more-link\">Read More<\/a><\/p>\n","protected":false},"author":4,"featured_media":189808,"comment_status":"open","ping_status":"open","sticky":false,"template":"","format":"standard","meta":{"jetpack_post_was_ever_published":false,"_jetpack_newsletter_access":"","_jetpack_dont_email_post_to_subs":false,"_jetpack_newsletter_tier_id":0,"_jetpack_memberships_contains_paywalled_content":false,"_jetpack_memberships_contains_paid_content":false,"footnotes":"","jetpack_publicize_message":"","jetpack_publicize_feature_enabled":true,"jetpack_social_post_already_shared":true,"jetpack_social_options":{"image_generator_settings":{"template":"highway","default_image_id":0,"font":"","enabled":false},"version":2}},"categories":[134],"tags":[],"class_list":["post-151062","post","type-post","status-publish","format-standard","has-post-thumbnail","hentry","category-histoire-de-la-congregation-de-la-mission"],"yoast_head":"<!-- This site is optimized with the Yoast SEO plugin v26.3 - https:\/\/yoast.com\/wordpress\/plugins\/seo\/ -->\n<title>Histoire g\u00e9n\u00e9rale de la Congr\u00e9gation de la Mission (74) - Nous Sommes Vincentiens<\/title>\n<meta name=\"robots\" content=\"index, follow, max-snippet:-1, max-image-preview:large, max-video-preview:-1\" \/>\n<link rel=\"canonical\" href=\"http:\/\/vincentians.com\/fr\/histoire-generale-de-la-congregation-de-la-mission-74\/\" \/>\n<meta property=\"og:locale\" content=\"fr_FR\" \/>\n<meta property=\"og:type\" content=\"article\" \/>\n<meta property=\"og:title\" content=\"Histoire g\u00e9n\u00e9rale de la Congr\u00e9gation de la Mission (74) - Nous Sommes Vincentiens\" \/>\n<meta property=\"og:description\" content=\"LXXIV. Les Missionnaires d\u2019Alger De la Chine nous reviendrons en Barbarie, pour faire le r\u00e9cit de ce que les Missionnaires ont fait \u00e0 Alger. On a vu ci-devant comment M. Lorance y \u00e9tait install\u00e9 avec ... Read More\" \/>\n<meta property=\"og:url\" content=\"http:\/\/vincentians.com\/fr\/histoire-generale-de-la-congregation-de-la-mission-74\/\" \/>\n<meta property=\"og:site_name\" content=\"Nous Sommes Vincentiens\" \/>\n<meta property=\"article:publisher\" content=\"https:\/\/www.facebook.com\/WeAreVincentians\/\" \/>\n<meta property=\"article:author\" content=\"https:\/\/www.facebook.com\/JavierChento\" \/>\n<meta property=\"article:published_time\" content=\"2015-01-20T06:18:22+00:00\" \/>\n<meta property=\"og:image\" content=\"https:\/\/i0.wp.com\/vincentians.com\/fr\/wp-content\/uploads\/sites\/10\/2016\/07\/histoire-generale-de-la-congregation-de-la-mission.jpg?fit=1200%2C630\" \/>\n\t<meta property=\"og:image:width\" content=\"1200\" \/>\n\t<meta property=\"og:image:height\" content=\"630\" \/>\n\t<meta property=\"og:image:type\" content=\"image\/jpeg\" \/>\n<meta name=\"author\" content=\"Francisco Javier Fern\u00e1ndez Chento\" \/>\n<meta name=\"twitter:card\" content=\"summary_large_image\" \/>\n<meta name=\"twitter:creator\" content=\"@https:\/\/twitter.com\/javierchento\" \/>\n<meta name=\"twitter:site\" content=\"@WeVincentians\" \/>\n<meta name=\"twitter:label1\" content=\"\u00c9crit par\" \/>\n\t<meta name=\"twitter:data1\" content=\"Francisco Javier Fern\u00e1ndez Chento\" \/>\n\t<meta name=\"twitter:label2\" content=\"Dur\u00e9e de lecture estim\u00e9e\" \/>\n\t<meta name=\"twitter:data2\" content=\"5 minutes\" \/>\n<script type=\"application\/ld+json\" class=\"yoast-schema-graph\">{\"@context\":\"https:\/\/schema.org\",\"@graph\":[{\"@type\":\"WebPage\",\"@id\":\"http:\/\/vincentians.com\/fr\/histoire-generale-de-la-congregation-de-la-mission-74\/\",\"url\":\"http:\/\/vincentians.com\/fr\/histoire-generale-de-la-congregation-de-la-mission-74\/\",\"name\":\"Histoire g\u00e9n\u00e9rale de la Congr\u00e9gation de la Mission (74) - Nous Sommes Vincentiens\",\"isPartOf\":{\"@id\":\"https:\/\/vincentians.com\/fr\/#website\"},\"primaryImageOfPage\":{\"@id\":\"http:\/\/vincentians.com\/fr\/histoire-generale-de-la-congregation-de-la-mission-74\/#primaryimage\"},\"image\":{\"@id\":\"http:\/\/vincentians.com\/fr\/histoire-generale-de-la-congregation-de-la-mission-74\/#primaryimage\"},\"thumbnailUrl\":\"https:\/\/i0.wp.com\/vincentians.com\/fr\/wp-content\/uploads\/sites\/10\/2016\/07\/histoire-generale-de-la-congregation-de-la-mission.jpg?fit=1200%2C630\",\"datePublished\":\"2015-01-20T06:18:22+00:00\",\"author\":{\"@id\":\"https:\/\/vincentians.com\/fr\/#\/schema\/person\/9623ef4d9aa3b2dfb8c061f1499288f2\"},\"breadcrumb\":{\"@id\":\"http:\/\/vincentians.com\/fr\/histoire-generale-de-la-congregation-de-la-mission-74\/#breadcrumb\"},\"inLanguage\":\"fr-FR\",\"potentialAction\":[{\"@type\":\"ReadAction\",\"target\":[\"http:\/\/vincentians.com\/fr\/histoire-generale-de-la-congregation-de-la-mission-74\/\"]}]},{\"@type\":\"ImageObject\",\"inLanguage\":\"fr-FR\",\"@id\":\"http:\/\/vincentians.com\/fr\/histoire-generale-de-la-congregation-de-la-mission-74\/#primaryimage\",\"url\":\"https:\/\/i0.wp.com\/vincentians.com\/fr\/wp-content\/uploads\/sites\/10\/2016\/07\/histoire-generale-de-la-congregation-de-la-mission.jpg?fit=1200%2C630\",\"contentUrl\":\"https:\/\/i0.wp.com\/vincentians.com\/fr\/wp-content\/uploads\/sites\/10\/2016\/07\/histoire-generale-de-la-congregation-de-la-mission.jpg?fit=1200%2C630\",\"width\":1200,\"height\":630},{\"@type\":\"BreadcrumbList\",\"@id\":\"http:\/\/vincentians.com\/fr\/histoire-generale-de-la-congregation-de-la-mission-74\/#breadcrumb\",\"itemListElement\":[{\"@type\":\"ListItem\",\"position\":1,\"name\":\"Portada\",\"item\":\"https:\/\/vincentians.com\/fr\/\"},{\"@type\":\"ListItem\",\"position\":2,\"name\":\"Histoire g\u00e9n\u00e9rale de la Congr\u00e9gation de la Mission (74)\"}]},{\"@type\":\"WebSite\",\"@id\":\"https:\/\/vincentians.com\/fr\/#website\",\"url\":\"https:\/\/vincentians.com\/fr\/\",\"name\":\"Nous Sommes Vincentiens\",\"description\":\"Know more to serve more\",\"potentialAction\":[{\"@type\":\"SearchAction\",\"target\":{\"@type\":\"EntryPoint\",\"urlTemplate\":\"https:\/\/vincentians.com\/fr\/?s={search_term_string}\"},\"query-input\":{\"@type\":\"PropertyValueSpecification\",\"valueRequired\":true,\"valueName\":\"search_term_string\"}}],\"inLanguage\":\"fr-FR\"},{\"@type\":\"Person\",\"@id\":\"https:\/\/vincentians.com\/fr\/#\/schema\/person\/9623ef4d9aa3b2dfb8c061f1499288f2\",\"name\":\"Francisco Javier Fern\u00e1ndez Chento\",\"image\":{\"@type\":\"ImageObject\",\"inLanguage\":\"fr-FR\",\"@id\":\"https:\/\/vincentians.com\/fr\/#\/schema\/person\/image\/\",\"url\":\"https:\/\/secure.gravatar.com\/avatar\/497d5cde87b4c3d097d0315953521681ba2cd523ee66e5077c3711f7021e65de?s=96&d=mm&r=g\",\"contentUrl\":\"https:\/\/secure.gravatar.com\/avatar\/497d5cde87b4c3d097d0315953521681ba2cd523ee66e5077c3711f7021e65de?s=96&d=mm&r=g\",\"caption\":\"Francisco Javier Fern\u00e1ndez Chento\"},\"description\":\"Director General y cofundador de La Red de Formaci\u00f3n Vicenciana. Javier es laico vicenciano, afiliado a la Congregaci\u00f3n de la Misi\u00f3n y miembro del Equipo de Misiones Populares de la provincia can\u00f3nica de Zaragoza (Espa\u00f1a) de la Congregaci\u00f3n de la Misi\u00f3n. Graduado en la Universidad Oberta de Catalunya con cuatro grados (Asistente de direcci\u00f3n, Gesti\u00f3n Administrativa, Recursos Humanos y Contabilidad Avanzada). Bil\u00edng\u00fce Espa\u00f1ol\/Ingl\u00e9s. gestiona y mantiene varias p\u00e1ginas web cristianas y vicencianas, incluida including La Red de Formaci\u00f3n Vicenciana, de la que es cofundador. Actualmente es responsable del \u00e1rea de Espa\u00f1ol de .famvin, la Red de Noticias de la Familia Vicenciana. Tambi\u00e9n es m\u00fasico cat\u00f3lico y ha editado varios discos. Es Director General y cofundador de Trovador, una reconocida compa\u00f1\u00eda discogr\u00e1fica critiana de Espa\u00f1a. Trabaja en las Tecnolog\u00edas de la Informaci\u00f3n, ofreciendo servicios de alojamiento, dise\u00f1o y mantenimiento Web, as\u00ed como asesoramiento, formaci\u00f3n y soluciones inform\u00e1ticas, gesti\u00f3n documental y digitalizaci\u00f3n de textos, edici\u00f3n y maquetaci\u00f3n de libros, revistas, flyers, etc.\",\"sameAs\":[\"http:\/\/chento.org\",\"https:\/\/www.facebook.com\/JavierChento\",\"https:\/\/x.com\/https:\/\/twitter.com\/javierchento\"],\"url\":\"http:\/\/vincentians.com\/fr\/author\/chento\/\"}]}<\/script>\n<!-- \/ Yoast SEO plugin. -->","yoast_head_json":{"title":"Histoire g\u00e9n\u00e9rale de la Congr\u00e9gation de la Mission (74) - Nous Sommes Vincentiens","robots":{"index":"index","follow":"follow","max-snippet":"max-snippet:-1","max-image-preview":"max-image-preview:large","max-video-preview":"max-video-preview:-1"},"canonical":"http:\/\/vincentians.com\/fr\/histoire-generale-de-la-congregation-de-la-mission-74\/","og_locale":"fr_FR","og_type":"article","og_title":"Histoire g\u00e9n\u00e9rale de la Congr\u00e9gation de la Mission (74) - Nous Sommes Vincentiens","og_description":"LXXIV. Les Missionnaires d\u2019Alger De la Chine nous reviendrons en Barbarie, pour faire le r\u00e9cit de ce que les Missionnaires ont fait \u00e0 Alger. On a vu ci-devant comment M. Lorance y \u00e9tait install\u00e9 avec ... Read More","og_url":"http:\/\/vincentians.com\/fr\/histoire-generale-de-la-congregation-de-la-mission-74\/","og_site_name":"Nous Sommes Vincentiens","article_publisher":"https:\/\/www.facebook.com\/WeAreVincentians\/","article_author":"https:\/\/www.facebook.com\/JavierChento","article_published_time":"2015-01-20T06:18:22+00:00","og_image":[{"width":1200,"height":630,"url":"https:\/\/i0.wp.com\/vincentians.com\/fr\/wp-content\/uploads\/sites\/10\/2016\/07\/histoire-generale-de-la-congregation-de-la-mission.jpg?fit=1200%2C630","type":"image\/jpeg"}],"author":"Francisco Javier Fern\u00e1ndez Chento","twitter_card":"summary_large_image","twitter_creator":"@https:\/\/twitter.com\/javierchento","twitter_site":"@WeVincentians","twitter_misc":{"\u00c9crit par":"Francisco Javier Fern\u00e1ndez Chento","Dur\u00e9e de lecture estim\u00e9e":"5 minutes"},"schema":{"@context":"https:\/\/schema.org","@graph":[{"@type":"WebPage","@id":"http:\/\/vincentians.com\/fr\/histoire-generale-de-la-congregation-de-la-mission-74\/","url":"http:\/\/vincentians.com\/fr\/histoire-generale-de-la-congregation-de-la-mission-74\/","name":"Histoire g\u00e9n\u00e9rale de la Congr\u00e9gation de la Mission (74) - Nous Sommes Vincentiens","isPartOf":{"@id":"https:\/\/vincentians.com\/fr\/#website"},"primaryImageOfPage":{"@id":"http:\/\/vincentians.com\/fr\/histoire-generale-de-la-congregation-de-la-mission-74\/#primaryimage"},"image":{"@id":"http:\/\/vincentians.com\/fr\/histoire-generale-de-la-congregation-de-la-mission-74\/#primaryimage"},"thumbnailUrl":"https:\/\/i0.wp.com\/vincentians.com\/fr\/wp-content\/uploads\/sites\/10\/2016\/07\/histoire-generale-de-la-congregation-de-la-mission.jpg?fit=1200%2C630","datePublished":"2015-01-20T06:18:22+00:00","author":{"@id":"https:\/\/vincentians.com\/fr\/#\/schema\/person\/9623ef4d9aa3b2dfb8c061f1499288f2"},"breadcrumb":{"@id":"http:\/\/vincentians.com\/fr\/histoire-generale-de-la-congregation-de-la-mission-74\/#breadcrumb"},"inLanguage":"fr-FR","potentialAction":[{"@type":"ReadAction","target":["http:\/\/vincentians.com\/fr\/histoire-generale-de-la-congregation-de-la-mission-74\/"]}]},{"@type":"ImageObject","inLanguage":"fr-FR","@id":"http:\/\/vincentians.com\/fr\/histoire-generale-de-la-congregation-de-la-mission-74\/#primaryimage","url":"https:\/\/i0.wp.com\/vincentians.com\/fr\/wp-content\/uploads\/sites\/10\/2016\/07\/histoire-generale-de-la-congregation-de-la-mission.jpg?fit=1200%2C630","contentUrl":"https:\/\/i0.wp.com\/vincentians.com\/fr\/wp-content\/uploads\/sites\/10\/2016\/07\/histoire-generale-de-la-congregation-de-la-mission.jpg?fit=1200%2C630","width":1200,"height":630},{"@type":"BreadcrumbList","@id":"http:\/\/vincentians.com\/fr\/histoire-generale-de-la-congregation-de-la-mission-74\/#breadcrumb","itemListElement":[{"@type":"ListItem","position":1,"name":"Portada","item":"https:\/\/vincentians.com\/fr\/"},{"@type":"ListItem","position":2,"name":"Histoire g\u00e9n\u00e9rale de la Congr\u00e9gation de la Mission (74)"}]},{"@type":"WebSite","@id":"https:\/\/vincentians.com\/fr\/#website","url":"https:\/\/vincentians.com\/fr\/","name":"Nous Sommes Vincentiens","description":"Know more to serve more","potentialAction":[{"@type":"SearchAction","target":{"@type":"EntryPoint","urlTemplate":"https:\/\/vincentians.com\/fr\/?s={search_term_string}"},"query-input":{"@type":"PropertyValueSpecification","valueRequired":true,"valueName":"search_term_string"}}],"inLanguage":"fr-FR"},{"@type":"Person","@id":"https:\/\/vincentians.com\/fr\/#\/schema\/person\/9623ef4d9aa3b2dfb8c061f1499288f2","name":"Francisco Javier Fern\u00e1ndez Chento","image":{"@type":"ImageObject","inLanguage":"fr-FR","@id":"https:\/\/vincentians.com\/fr\/#\/schema\/person\/image\/","url":"https:\/\/secure.gravatar.com\/avatar\/497d5cde87b4c3d097d0315953521681ba2cd523ee66e5077c3711f7021e65de?s=96&d=mm&r=g","contentUrl":"https:\/\/secure.gravatar.com\/avatar\/497d5cde87b4c3d097d0315953521681ba2cd523ee66e5077c3711f7021e65de?s=96&d=mm&r=g","caption":"Francisco Javier Fern\u00e1ndez Chento"},"description":"Director General y cofundador de La Red de Formaci\u00f3n Vicenciana. Javier es laico vicenciano, afiliado a la Congregaci\u00f3n de la Misi\u00f3n y miembro del Equipo de Misiones Populares de la provincia can\u00f3nica de Zaragoza (Espa\u00f1a) de la Congregaci\u00f3n de la Misi\u00f3n. Graduado en la Universidad Oberta de Catalunya con cuatro grados (Asistente de direcci\u00f3n, Gesti\u00f3n Administrativa, Recursos Humanos y Contabilidad Avanzada). Bil\u00edng\u00fce Espa\u00f1ol\/Ingl\u00e9s. gestiona y mantiene varias p\u00e1ginas web cristianas y vicencianas, incluida including La Red de Formaci\u00f3n Vicenciana, de la que es cofundador. Actualmente es responsable del \u00e1rea de Espa\u00f1ol de .famvin, la Red de Noticias de la Familia Vicenciana. Tambi\u00e9n es m\u00fasico cat\u00f3lico y ha editado varios discos. Es Director General y cofundador de Trovador, una reconocida compa\u00f1\u00eda discogr\u00e1fica critiana de Espa\u00f1a. Trabaja en las Tecnolog\u00edas de la Informaci\u00f3n, ofreciendo servicios de alojamiento, dise\u00f1o y mantenimiento Web, as\u00ed como asesoramiento, formaci\u00f3n y soluciones inform\u00e1ticas, gesti\u00f3n documental y digitalizaci\u00f3n de textos, edici\u00f3n y maquetaci\u00f3n de libros, revistas, flyers, etc.","sameAs":["http:\/\/chento.org","https:\/\/www.facebook.com\/JavierChento","https:\/\/x.com\/https:\/\/twitter.com\/javierchento"],"url":"http:\/\/vincentians.com\/fr\/author\/chento\/"}]}},"jetpack_publicize_connections":[],"jetpack_featured_media_url":"https:\/\/i0.wp.com\/vincentians.com\/fr\/wp-content\/uploads\/sites\/10\/2016\/07\/histoire-generale-de-la-congregation-de-la-mission.jpg?fit=1200%2C630","jetpack_sharing_enabled":true,"jetpack_shortlink":"https:\/\/wp.me\/p7ETMP-Diu","jetpack-related-posts":[{"id":57593,"url":"http:\/\/vincentians.com\/fr\/lexpansion-de-la-congregation-de-la-mission-pendant-la-vie-de-st-vincent\/","url_meta":{"origin":151062,"position":0},"title":"L&rsquo;expansion de la Congregation de la Mission pendant la vie de St. Vincent","author":"Francisco Javier Fern\u00e1ndez Chento","date":"20\/05\/2015","format":false,"excerpt":"Pierre Collet (\"La Vie de St. Vincent de Paul\", Nancy 1748, II, 325) a constat\u00e9 que les biographies des grands fondateurs d'ordres sont concentr\u00e9es sur la personne elle-m\u00eame du fondateur. On n'y trouve pas le r\u00e9cit des travaux de leurs premiers disciples.En suivant cet exemple Collet voulut supprimer dans sa\u2026","rel":"","context":"Dans &quot;Au temps de Vincent de Paul&quot;","block_context":{"text":"Au temps de Vincent de Paul","link":"http:\/\/vincentians.com\/fr\/category\/au-temps-de-vincent-de-paul\/"},"img":{"alt_text":"","src":"https:\/\/i0.wp.com\/vincentians.com\/fr\/wp-content\/uploads\/sites\/10\/2015\/05\/congregation-de-la-mission-lazaristes.jpg?fit=1200%2C630&resize=350%2C200","width":350,"height":200,"srcset":"https:\/\/i0.wp.com\/vincentians.com\/fr\/wp-content\/uploads\/sites\/10\/2015\/05\/congregation-de-la-mission-lazaristes.jpg?fit=1200%2C630&resize=350%2C200 1x, https:\/\/i0.wp.com\/vincentians.com\/fr\/wp-content\/uploads\/sites\/10\/2015\/05\/congregation-de-la-mission-lazaristes.jpg?fit=1200%2C630&resize=525%2C300 1.5x, https:\/\/i0.wp.com\/vincentians.com\/fr\/wp-content\/uploads\/sites\/10\/2015\/05\/congregation-de-la-mission-lazaristes.jpg?fit=1200%2C630&resize=700%2C400 2x, https:\/\/i0.wp.com\/vincentians.com\/fr\/wp-content\/uploads\/sites\/10\/2015\/05\/congregation-de-la-mission-lazaristes.jpg?fit=1200%2C630&resize=1050%2C600 3x"},"classes":[]},{"id":38477,"url":"http:\/\/vincentians.com\/fr\/le-directeur-provincial-animateur-des-filles-de-la-charite\/","url_meta":{"origin":151062,"position":1},"title":"Le Directeur Provincial \u201canimateur\u201d des Filles de la Charit\u00e9","author":"Francisco Javier Fern\u00e1ndez Chento","date":"03\/10\/2012","format":false,"excerpt":"Dans les Constitutions des Filles de la Charit\u00e9, nous trouvons \u00e0 l\u2019article 3.38: le Directeur Provincial est un pr\u00eatre de la Congr\u00e9gation de la Mission, nomm\u00e9 par le Sup\u00e9rieur G\u00e9n\u00e9ral; \u201cil partage avec la Visitatrice et son Conseil la responsabilit\u00e9 de promouvoir l\u2019esprit vincentien dans la Province\u201d Missionnaire, le directeur\u2026","rel":"","context":"Dans &quot;Congr\u00e9gation de la Mission&quot;","block_context":{"text":"Congr\u00e9gation de la Mission","link":"http:\/\/vincentians.com\/fr\/category\/congregation-de-la-mission\/"},"img":{"alt_text":"","src":"https:\/\/i0.wp.com\/vincentiens.org\/wp-content\/uploads\/2011\/05\/filles_charite-228x300.jpg?resize=350%2C200","width":350,"height":200},"classes":[]},{"id":47822,"url":"http:\/\/vincentians.com\/fr\/les-missions-populaires-donnees-par-les-pretres-de-la-mission-dans-les-etats-pontificaux-au-xviieme-s-1640-1700\/","url_meta":{"origin":151062,"position":2},"title":"Les Missions Populaires Donn\u00e9es Par Les Pr\u00eatres De La Mission Dans Les \u00c9tats Pontificaux Au XVII\u00e9me s. 1640-1700","author":"Francisco Javier Fern\u00e1ndez Chento","date":"18\/02\/2015","format":false,"excerpt":"Les compte-rendus des missions populaires constituent une source de premi\u00e8re importance pour l'histoire de l'Eglise, dans sa dimension \u00abterre \u00e1 terre \u00bb. G. Le Bras avait d\u00e9j\u00e0 signal\u00e9 tout Inint\u00e9r\u00eat de cette source et on a commenc\u00e9 concr\u00e8tement \u00e1 l'exploiter en France et en Italie. Mais comme il arrive pour\u2026","rel":"","context":"Dans &quot;Histoire de la Congr\u00e9gation de la Mission&quot;","block_context":{"text":"Histoire de la Congr\u00e9gation de la Mission","link":"http:\/\/vincentians.com\/fr\/category\/histoire-de-la-congregation-de-la-mission\/"},"img":{"alt_text":"","src":"https:\/\/i0.wp.com\/vincentiens.org\/wp-content\/uploads\/2011\/08\/logocm-237x300.jpg?resize=350%2C200","width":350,"height":200},"classes":[]},{"id":52068,"url":"http:\/\/vincentians.com\/fr\/saint-vincent-de-paul-et-sa-mission-sociale-vi-la-posterite-1\/","url_meta":{"origin":151062,"position":3},"title":"Saint Vincent De Paul Et Sa Mission Sociale. VI &#8211; La Post\u00e9rit\u00e9 (1)","author":"Francisco Javier Fern\u00e1ndez Chento","date":"30\/12\/2014","format":false,"excerpt":"L\u2019ACCROISSEMENT. \u2014 Extension des deux familles de saint Vincent de Paul. \u2014 Progr\u00e8s de leurs \u0153uvres. \u2014 Les missions \u00e9trang\u00e8res et les s\u00e9minaires. \u2014 Les successeurs de saint Vincent. \u2014 Congr\u00e9gations religieuses fond\u00e9es sur le mod\u00e8le de la Mission. \u2014 Les Filles de la Charit\u00e9 en France et \u00e0 l\u2019\u00e9tranger.\u2026","rel":"","context":"Dans &quot;Vincent de Paul&quot;","block_context":{"text":"Vincent de Paul","link":"http:\/\/vincentians.com\/fr\/category\/the-vincentian-family\/founders\/vincent-de-paul\/"},"img":{"alt_text":"","src":"https:\/\/i0.wp.com\/vincentians.com\/fr\/wp-content\/uploads\/sites\/10\/2016\/07\/vincent-et-sa-action-sociale.jpg?fit=1160%2C630&resize=350%2C200","width":350,"height":200,"srcset":"https:\/\/i0.wp.com\/vincentians.com\/fr\/wp-content\/uploads\/sites\/10\/2016\/07\/vincent-et-sa-action-sociale.jpg?fit=1160%2C630&resize=350%2C200 1x, https:\/\/i0.wp.com\/vincentians.com\/fr\/wp-content\/uploads\/sites\/10\/2016\/07\/vincent-et-sa-action-sociale.jpg?fit=1160%2C630&resize=525%2C300 1.5x, https:\/\/i0.wp.com\/vincentians.com\/fr\/wp-content\/uploads\/sites\/10\/2016\/07\/vincent-et-sa-action-sociale.jpg?fit=1160%2C630&resize=700%2C400 2x, https:\/\/i0.wp.com\/vincentians.com\/fr\/wp-content\/uploads\/sites\/10\/2016\/07\/vincent-et-sa-action-sociale.jpg?fit=1160%2C630&resize=1050%2C600 3x"},"classes":[]},{"id":45335,"url":"http:\/\/vincentians.com\/fr\/saint-vincent-et-les-missions\/","url_meta":{"origin":151062,"position":4},"title":"Saint Vincent et les Missions","author":"Francisco Javier Fern\u00e1ndez Chento","date":"14\/12\/2014","format":false,"excerpt":"Introduction A.- Lorsque nous essayons d'\u00e9tudier le travail missionnaire de Vincent de Paul et de ses premiers compagnons, nous trouvons une v\u00e9ritable mystique de la Mission; alors que nous d\u00e9sirerions que le Saint nous ait donn\u00e9 aussi une doctrine th\u00e9ologique sur ce qui constitue l'objectif de sa vie, sur ce\u2026","rel":"","context":"Dans &quot;Vincent de Paul&quot;","block_context":{"text":"Vincent de Paul","link":"http:\/\/vincentians.com\/fr\/category\/the-vincentian-family\/founders\/vincent-de-paul\/"},"img":{"alt_text":"Vincent de Paul portrait","src":"https:\/\/i0.wp.com\/vincentiens.org\/wp-content\/uploads\/2014\/12\/Vincent-de-Paul-portrait-300x300.jpg?resize=350%2C200","width":350,"height":200},"classes":[]},{"id":52052,"url":"http:\/\/vincentians.com\/fr\/saint-vincent-de-paul-et-sa-mission-sociale-iii-laction-1\/","url_meta":{"origin":151062,"position":5},"title":"Saint Vincent De Paul Et Sa Mission Sociale. III &#8211; L\u2019action (1)","author":"Francisco Javier Fern\u00e1ndez Chento","date":"25\/12\/2014","format":false,"excerpt":"LES MISSIONS. \u2014 Saint Vincent de Paul missionnaire. \u2014 Organisation des missions rurales. \u2014 Vertus et qualit\u00e9s des missionnaires. \u2014 La pr\u00e9dication d\u2019apr\u00e8s le saint. \u2014 Sa conduite envers les h\u00e9r\u00e9tiques et les infid\u00e8les. \u2014 Les imitateurs de Vincent de Paul. \u2014 Fruits du nouvel apostolat. \u2014 Missions \u00e0 la\u2026","rel":"","context":"Dans &quot;Vincent de Paul&quot;","block_context":{"text":"Vincent de Paul","link":"http:\/\/vincentians.com\/fr\/category\/the-vincentian-family\/founders\/vincent-de-paul\/"},"img":{"alt_text":"","src":"https:\/\/i0.wp.com\/vincentians.com\/fr\/wp-content\/uploads\/sites\/10\/2016\/07\/vincent-et-sa-action-sociale.jpg?fit=1160%2C630&resize=350%2C200","width":350,"height":200,"srcset":"https:\/\/i0.wp.com\/vincentians.com\/fr\/wp-content\/uploads\/sites\/10\/2016\/07\/vincent-et-sa-action-sociale.jpg?fit=1160%2C630&resize=350%2C200 1x, https:\/\/i0.wp.com\/vincentians.com\/fr\/wp-content\/uploads\/sites\/10\/2016\/07\/vincent-et-sa-action-sociale.jpg?fit=1160%2C630&resize=525%2C300 1.5x, https:\/\/i0.wp.com\/vincentians.com\/fr\/wp-content\/uploads\/sites\/10\/2016\/07\/vincent-et-sa-action-sociale.jpg?fit=1160%2C630&resize=700%2C400 2x, https:\/\/i0.wp.com\/vincentians.com\/fr\/wp-content\/uploads\/sites\/10\/2016\/07\/vincent-et-sa-action-sociale.jpg?fit=1160%2C630&resize=1050%2C600 3x"},"classes":[]}],"_links":{"self":[{"href":"http:\/\/vincentians.com\/fr\/wp-json\/wp\/v2\/posts\/151062","targetHints":{"allow":["GET"]}}],"collection":[{"href":"http:\/\/vincentians.com\/fr\/wp-json\/wp\/v2\/posts"}],"about":[{"href":"http:\/\/vincentians.com\/fr\/wp-json\/wp\/v2\/types\/post"}],"author":[{"embeddable":true,"href":"http:\/\/vincentians.com\/fr\/wp-json\/wp\/v2\/users\/4"}],"replies":[{"embeddable":true,"href":"http:\/\/vincentians.com\/fr\/wp-json\/wp\/v2\/comments?post=151062"}],"version-history":[{"count":0,"href":"http:\/\/vincentians.com\/fr\/wp-json\/wp\/v2\/posts\/151062\/revisions"}],"wp:featuredmedia":[{"embeddable":true,"href":"http:\/\/vincentians.com\/fr\/wp-json\/wp\/v2\/media\/189808"}],"wp:attachment":[{"href":"http:\/\/vincentians.com\/fr\/wp-json\/wp\/v2\/media?parent=151062"}],"wp:term":[{"taxonomy":"category","embeddable":true,"href":"http:\/\/vincentians.com\/fr\/wp-json\/wp\/v2\/categories?post=151062"},{"taxonomy":"post_tag","embeddable":true,"href":"http:\/\/vincentians.com\/fr\/wp-json\/wp\/v2\/tags?post=151062"}],"curies":[{"name":"wp","href":"https:\/\/api.w.org\/{rel}","templated":true}]}}