{"id":151060,"date":"2015-01-16T07:18:22","date_gmt":"2015-01-16T06:18:22","guid":{"rendered":"http:\/\/vincentiens.org\/?p=151060"},"modified":"2015-01-16T07:18:22","modified_gmt":"2015-01-16T06:18:22","slug":"histoire-generale-de-la-congregation-de-la-mission-70","status":"publish","type":"post","link":"http:\/\/vincentians.com\/fr\/histoire-generale-de-la-congregation-de-la-mission-70\/","title":{"rendered":"Histoire g\u00e9n\u00e9rale de la Congr\u00e9gation de la Mission (70)"},"content":{"rendered":"<h2><b><b><b><strong>LXX. Nouvelles maisons de la Congr\u00e9gation en France<\/strong><\/b><\/b><\/b><\/h2>\n<p><a href=\"https:\/\/i0.wp.com\/vincentiens.org\/wp-content\/uploads\/2012\/12\/logocm.png\"><img data-recalc-dims=\"1\" loading=\"lazy\" decoding=\"async\" class=\"alignright size-medium wp-image-104093\" src=\"https:\/\/i0.wp.com\/vincentiens.org\/wp-content\/uploads\/2012\/12\/logocm-245x300.png?resize=245%2C300\" alt=\"logocm\" width=\"245\" height=\"300\" \/><\/a>Tandis que M. Bonnet faisait les visites des maisons de la Compagnie, le S\u00e9minaire de r\u00e9novation allait son train chaque ann\u00e9e \u00e0 St.-Lazare, sous la conduite de M. Faure. Et M. Himbert, second assistant, homme de poids et de m\u00e9rite, gouvernait la maison de St.-Lazare ;le g\u00e9n\u00e9ral, y \u00e9tant revenu pour n\u2019en plus sortir, le continua pour l\u2019office d\u2019assistant de cette maison, dont on sait qu\u2019il est comme le sup\u00e9rieur pour donner les permissions et le reste. Ce que voulait M. Bonnet n\u2019\u00e9tait pas toujours du go\u00fbt de M. Himbert, et quelques-uns ont voulu dire qu\u2019en certaines occasions il y avait quelques petites contrari\u00e9t\u00e9s, et que m\u00eame un certain nombre de gens appuyaient M. Himbert. Quoi qu\u2019il en soit, celui-ci, ne trouvant pas le s\u00e9jour de St.-Lazare commode pour lui, et se sentant d\u2019ailleurs incommod\u00e9 par la vie s\u00e9dentaire contraire \u00e0 la pesanteur de son corps, demanda d\u2019en sortir. M. Bonnet le lui accorda, l\u2019envoyant sup\u00e9rieur dans le S\u00e9minaire d\u2019Auxerre qui n\u2019est pas bien \u00e9loign\u00e9 de Paris. De quoi il donna avis \u00e0 la Compagnie par sa lettre du 27 juillet 1717, o\u00f9 il ditque cet assistant ayant les jambes fort grossies d\u2019humeur et affaiblies de goutte, le m\u00e9decin en attribuant en partie la cause \u00e0 la vie s\u00e9dentaire que son office l\u2019obligeait de mener, on lui en propos\u00e2t d\u2019autres moins assujettissants ; et, comme il remontrait qu\u2019il aurait de la peine \u00e0 gu\u00e9rir \u00e0 St.-Lazare, on lui donna le choix des s\u00e9minaires les plus consid\u00e9rables, ou de quelque paroisse m\u00e9diocre, et m\u00eame d\u2019aller relever M. Couty \u00e0 Rome pour \u00e9viter la n\u00e9cessit\u00e9 de faire une seconde substitution d\u2019assistants, ayant \u00e9t\u00e9 oblig\u00e9 d\u2019en faire une premi\u00e8re \u00e0 raison de l\u2019absence de M. Couty, duquel M. Ch\u00e8vremont et, apr\u00e8s sa mort, M. Subrin<span id='easy-footnote-1-151060' class='easy-footnote-margin-adjust'><\/span><span class='easy-footnote'><a href='http:\/\/vincentians.com\/fr\/histoire-generale-de-la-congregation-de-la-mission-70\/#easy-footnote-bottom-1-151060' title='Andr\u00e9 Subrin, 1660-1729.'><sup>1<\/sup><\/a><\/span><a href=\"#_ftn1\" name=\"_ftnref1\"><\/a> ont fait l\u2019office.<\/p>\n<p>M. Himbert pr\u00e9f\u00e9ra une petite maison o\u00f9 il e\u00fbt une action mod\u00e9r\u00e9e et plus de repos et de loisir pour se pr\u00e9parer, disait-il, \u00e0 la mort, demandant en particulier celle d\u2019Auxerre, voisine de sa patrie de Tonnerre, dont il esp\u00e9raitque l\u2019air lui serait plus favorable. Et M. Bonnet suspendit de lui donner un substitut, jusqu\u2019\u00e0 ce qu\u2019il v\u00eet le train que prendrait son mal, attendu qu\u2019il n\u2019\u00e9tait pas \u00e0 propos de d\u00e9placer pour peu de temps des principaux sujets de la Compagnie. Il fut pourtant oblig\u00e9 de le faire, et il en \u00e9crivit ainsi aux maisons en date du 10e ao\u00fbt 1719 :<\/p>\n<p>L\u2019affaire de la b\u00e9atification de M. Vincent requ\u00e9rant la pr\u00e9sence de M. Couty \u00e0 Rome, et la sant\u00e9 de M. Himbert, qui devient caduque, ne lui permettant pas de revenir \u00e0 St.-Lazare, nous avons, selon les constitutions, substitu\u00e9 en leurs places Mrs. Subrin et Dormond<span id='easy-footnote-2-151060' class='easy-footnote-margin-adjust'><\/span><span class='easy-footnote'><a href='http:\/\/vincentians.com\/fr\/histoire-generale-de-la-congregation-de-la-mission-70\/#easy-footnote-bottom-2-151060' title='Charles Dormont, 1654-1725.'><sup>2<\/sup><\/a><\/span><a href=\"#_ftn2\" name=\"_ftnref2\"><\/a>, pour exercer leur office d\u2019assistants. Ce sont deux anciens pr\u00eatres qu\u2019on retirait de leur sup\u00e9riorit\u00e9, l\u2019un de Manosque en Provence, l\u2019autre de Saint-Brieuc en Bretagne. Le premier fut aussi assistant de la maison de St.-Lazare. Le second fut directeur du s\u00e9minaire interne ; M. Desortiaulx, autre sup\u00e9rieur et cur\u00e9 de Sedan, qui en avait \u00e9t\u00e9 tir\u00e9 pour diriger ce s\u00e9minaire, ne s\u2019en \u00e9tant pas accommod\u00e9.<\/p>\n<p>M. Bonnet \u00e9tant fait g\u00e9n\u00e9ral, continua de se servir pour \u00e9crire ses lettres de la main accoutum\u00e9e des fr\u00e8res qui avaient \u00e9crit sous M. Watel. Le fr\u00e8re Pierre Chollier<span id='easy-footnote-3-151060' class='easy-footnote-margin-adjust'><\/span><span class='easy-footnote'><a href='http:\/\/vincentians.com\/fr\/histoire-generale-de-la-congregation-de-la-mission-70\/#easy-footnote-bottom-3-151060' title='1646-1713.'><sup>3<\/sup><\/a><\/span><a href=\"#_ftn3\" name=\"_ftnref3\"><\/a>, ancien fr\u00e8re et ancien secr\u00e9taire, sous les g\u00e9n\u00e9raux pr\u00e9c\u00e9dents, \u00e9tait vieux et ne faisait plus qu\u2019\u00e9crire le dessus des lettres ; il avait toujours \u00e9t\u00e9 estim\u00e9 comme un homme d\u2019esprit, et d\u2019ailleurs menant une vie laborieuse, mortifi\u00e9e et toujours \u00e9gale, fid\u00e8le \u00e0 ses exercices de pi\u00e9t\u00e9. Il languit quelque temps en 1713 et, s\u2019apercevant qu\u2019il d\u00e9clinait, il demanda \u00e0 faire la retraite dans son lit pour se pr\u00e9parer \u00e0 mourir et avoir part \u00e0 celle des fr\u00e8res. Le g\u00e9n\u00e9ral lui accorda \u00e0 faire un quart d\u2019heure d\u2019oraison le matin et autant le soir, pour ne pas le contrister. Il d\u00e9c\u00e9da le 6 9bre, et M. Bonnet, le recommandant selon l\u2019usage aux pri\u00e8res de la Compagnie, dit qu\u2019il le m\u00e9ritait bien pour les bons servicesqu\u2019il lui a rendus. Il avait m\u00eame du talent pour \u00e9crire et a compos\u00e9 la Vie de quelques fr\u00e8res et d\u2019autres qui avaient \u00e9difi\u00e9 par leurs vertus les maisons o\u00f9 ils avaient demeur\u00e9. Apr\u00e8s sa mort, M. Bonnet r\u00e9solut de prendre pour secr\u00e9taire un pr\u00eatre de la Congr\u00e9gation, selon le d\u00e9sir de plusieurs missionnaires, qui ne trouvaient pas bon qu\u2019un fr\u00e8re e\u00fbt ainsi connaissance de ce qu\u2019il avait de plus secret. Et les g\u00e9n\u00e9raux pr\u00e9c\u00e9dants ne s\u2019\u00e9taient d\u2019ailleurs servis d\u2019un fr\u00e8re, que parce qu\u2019on n\u2019avait pas de pr\u00eatres de reste. M. Noiret<span id='easy-footnote-4-151060' class='easy-footnote-margin-adjust'><\/span><span class='easy-footnote'><a href='http:\/\/vincentians.com\/fr\/histoire-generale-de-la-congregation-de-la-mission-70\/#easy-footnote-bottom-4-151060' title='Gilbert Noiret, 1681-1746.'><sup>4<\/sup><\/a><\/span><a href=\"#_ftn4\" name=\"_ftnref4\"><\/a>, ci-devant r\u00e9gent \u00e0 St.-Lazare, fut choisi le premier pour remplir cette place. Il est natif de Paris, homme d\u2019esprit et savant ; il a accompagn\u00e9 M. Bonnet dans plusieurs de ses visites. Et prend par son office connaissance des plus grandes affaires de la Congr\u00e9gation, ce qui donne lieu de croire que cette place de secr\u00e9taire sera dor\u00e9navant, comme dans bien d\u2019autres compagnies, un paspour parvenir au g\u00e9n\u00e9ralat, attendu qu\u2019elle donne plus qu\u2019\u00e0 un autre de liaison avec le sup\u00e9rieur g\u00e9n\u00e9ral vivant, et d\u2019occasion d\u2019avoir une connaissance plus particuli\u00e8re de la Compagnie.<\/p>\n<p>Elle n\u2019a pas fait de nouveaux \u00e9tablissements consid\u00e9rables en France, depuis le g\u00e9n\u00e9ralat de M. Bonnet. Toutefois il en a accept\u00e9 quelques-uns dont il a donn\u00e9 avis dans ses lettres en diff\u00e9rentes fois. 1\u00b0 Mgr l\u2019\u00e9v\u00eaque de Poitiers<span id='easy-footnote-5-151060' class='easy-footnote-margin-adjust'><\/span><span class='easy-footnote'><a href='http:\/\/vincentians.com\/fr\/histoire-generale-de-la-congregation-de-la-mission-70\/#easy-footnote-bottom-5-151060' title='Jean-Claude de La Poype, not\u00e9 ci-dessus.'><sup>5<\/sup><\/a><\/span><a href=\"#_ftn5\" name=\"_ftnref5\"><\/a>, \u00e9tablit l\u00e0 trois pr\u00eatres et deux fr\u00e8res pour diriger son petit S\u00e9minaire et y \u00e9lever les jeunes gens dans la pi\u00e9t\u00e9 et les lettres convenables \u00e0 leur \u00e2ge, en leur enseignant la philosophie, la th\u00e9ologie et autres choses n\u00e9cessaires aux clercs, jusqu\u2019\u00e0 ce qu\u2019ils aient l\u2019\u00e2ge d\u2019entrer dans le grand s\u00e9minaire pour s\u2019y disposer \u00e0 recevoir les ordres. M. Fray<span id='easy-footnote-6-151060' class='easy-footnote-margin-adjust'><\/span><span class='easy-footnote'><a href='http:\/\/vincentians.com\/fr\/histoire-generale-de-la-congregation-de-la-mission-70\/#easy-footnote-bottom-6-151060' title='Jean Fray, 1660-1731.'><sup>6<\/sup><\/a><\/span><a href=\"#_ftn6\" name=\"_ftnref6\"><\/a> fut nomm\u00e9 premier sup\u00e9rieur de cet \u00e9tablissement, fait sur la fin de la vie de M. Watel ; mais ce fut M. Bonnet qui en donna avis, \u00e9tantvicaire g\u00e9n\u00e9ral, par sa lettre du 1<sup>er<\/sup> janvier 1711.<\/p>\n<p>2\u00b0 Un avocat \u00e0 Bourg-en-Bresse, nomm\u00e9 Mr. Rossand, n\u2019ayant point d\u2019enfant, eut d\u00e9votion de laisser ses biens pour faire instruire les pauvres gens de la campagne, sans avoir encore aucune connaissance des Missionnaires. Ayant parl\u00e9 de son dessein \u00e0 un chanoine de la coll\u00e9giale de cette ville, qui avait coutume d\u2019aller de temps en temps faire la retraite dans la maison de St.-Lazare de Lyon, il le convia d\u2019y venir avec lui ; l\u2019avocat en fut si satisfait que, sachant la destination de la Compagnie \u00e0 faire des Missions dans les bourgs et villages, il prit d\u00e8s lors la r\u00e9solution de lui remettre tous ses biens en mourant, pour faire des missions en Bresse. Il le fit en effet par son testament et, \u00e9tant venu \u00e0 mourir, le chanoine en avertit le sup\u00e9rieur de la maison de Lyon, qui ignorait absolument le tout. Mgr l\u2019Archev\u00eaque, pour lors messire Claude de St.-Georges<span id='easy-footnote-7-151060' class='easy-footnote-margin-adjust'><\/span><span class='easy-footnote'><a href='http:\/\/vincentians.com\/fr\/histoire-generale-de-la-congregation-de-la-mission-70\/#easy-footnote-bottom-7-151060' title='Archev\u00eaque de Lyon, 1693-1714, la date de sa mort.'><sup>7<\/sup><\/a><\/span><a href=\"#_ftn7\" name=\"_ftnref7\"><\/a>, eut la bont\u00e9 de s\u2019int\u00e9resser pour cet\u00e9tablissement ; les parents de feu M. Rossand voulurent chicaner ; et eurent m\u00eame l\u2019adresse de faire intervenir la province pour requ\u00e9rir que ce testament f\u00fbt cass\u00e9, attendu que d\u2019autres personnes pourraient ainsi disposer de leurs biens en faveur des communaut\u00e9s, ce qui pr\u00e9judicierait \u00e0 la province. Sa Grandeur intervint pareillement de son c\u00f4t\u00e9 pour maintenir cette fondation, comme utile \u00e0 son dioc\u00e8se, d\u00e9clarant m\u00eame qu\u2019il y pourrait un jour commencer un s\u00e9minaire pour les eccl\u00e9siastiques de Bresse. L\u2019affaire fut \u00e9voqu\u00e9e au Grand Conseil \u00e0 Paris, suivant le privil\u00e8ge de la Congr\u00e9gation, et on fut maintenu par arr\u00eat dans la possession de cette hoirie. On commen\u00e7a \u00e0 Bourg l\u2019\u00e9tablissement en 1711, apr\u00e8s l\u2019\u00e9lection de M. Bonnet, et M. Raymond, directeur des missions de Lyon, y fut nomm\u00e9 premier sup\u00e9rieur. On jugea la maison de M. Rossand trop \u00e9troite pour y loger une petite Communaut\u00e9, et on en acheta une autre plus spacieusehors la ville. Il y a l\u00e0 4 pr\u00eatres et 2 fr\u00e8res ; et outre les missions qu\u2019on fait en Bresse, les personnes de Bourg vont de temps en temps en cette maison faire des retraites.<\/p>\n<p>3\u00b0 On accepta le petit s\u00e9minaire de St.-Servan, au faubourg de St.-Malo, qui en est s\u00e9par\u00e9 par un bras de mer, mais qui s\u00e8che tout \u00e0 fait dans le reflux, en telle sorte que pour lors on va \u00e0 pied sec de l\u2019un \u00e0 l\u2019autre. Messire Vincent-Fran\u00e7ois des Marais<span id='easy-footnote-8-151060' class='easy-footnote-margin-adjust'><\/span><span class='easy-footnote'><a href='http:\/\/vincentians.com\/fr\/histoire-generale-de-la-congregation-de-la-mission-70\/#easy-footnote-bottom-8-151060' title='\u2020 1739.'><sup>8<\/sup><\/a><\/span><a href=\"#_ftn8\" name=\"_ftnref8\"><\/a>, \u00e9v\u00eaque de St.-Malo, d\u00e9sira cet \u00e9tablissement non seulement pour y former des jeunes gens qui fussent ensuite en \u00e9tat d\u2019entrer dans le grand s\u00e9minaire \u00e9tabli depuis longtemps \u00e0 St.-M\u00e9en, mais encore pour diriger plusieurs pr\u00eatres qui s\u2019embarquent sur les vaisseaux marchands et armateurs dont il y a grand nombre \u00e0 St.-Malo et pour conduire des retraites de s\u00e9culiers qui sont fort en vogue dans ce pays-l\u00e0. On y envoya d\u2019abord un fr\u00e8re pour y prendre soin des b\u00e2timentsd\u00e9j\u00e0 assez avanc\u00e9s, et, peu apr\u00e8s, M. Dadonville<span id='easy-footnote-9-151060' class='easy-footnote-margin-adjust'><\/span><span class='easy-footnote'><a href='http:\/\/vincentians.com\/fr\/histoire-generale-de-la-congregation-de-la-mission-70\/#easy-footnote-bottom-9-151060' title='Charles Dadonville, 1672-1755.'><sup>9<\/sup><\/a><\/span><a href=\"#_ftn9\" name=\"_ftnref9\"><\/a>, sup\u00e9rieur de St.-M\u00e9en ; mais il est encore le seul, et cet \u00e9tablissement, commenc\u00e9 en 1712 n\u2019a pas eu jusqu\u2019ici de progr\u00e8s. M. Dadonville avait d\u2019abord \u00e9crit qu\u2019il y avait 4000 livres de rentes assur\u00e9es et 20000 pour b\u00e2tir. L\u2019on nous flatte, dit-il, de belles esp\u00e9rances, mais je ne sais si elles sont bien fond\u00e9es ; les effets le montreront dans la suite.<\/p>\n<p>Messire Mathieu d\u2019Izor\u00e9 d\u2019Hervault, archev\u00eaque de Tours, fonda une bande de Mission, compos\u00e9e de trois pr\u00eatres, pour les campagnes de son dioc\u00e8se. Ce grand Pr\u00e9lat mourut quelque temps apr\u00e8s ; ces Missions ont eu bon succ\u00e8s dans le commencement et l\u2019ont encore.<\/p>\n<p>4\u00b0 En 1714, on accepta l\u2019\u00e9tablissement de Pamiers dans le Comt\u00e9 de Foix, en Languedoc, dont M. Bonnet avertit par sa lettre du premier janvier 1715 : Messire Pierre de Verthamont<span id='easy-footnote-10-151060' class='easy-footnote-margin-adjust'><\/span><span class='easy-footnote'><a href='http:\/\/vincentians.com\/fr\/histoire-generale-de-la-congregation-de-la-mission-70\/#easy-footnote-bottom-10-151060' title='\u2020 1735.'><sup>10<\/sup><\/a><\/span><a href=\"#_ftn10\" name=\"_ftnref10\"><\/a>, \u00c9v\u00eaquede Pamiers, vient de nous confier le soin du s\u00e9minaire qu\u2019il a \u00e9tabli dans sa ville \u00e9piscopale pour l\u2019\u00e9ducation des jeunes eccl\u00e9siastiques de son dioc\u00e8se et les retraites de Mrs. les Cur\u00e9s. Mrs. Martel et Hendelin sont all\u00e9s avec un de nos fr\u00e8res donner commencement \u00e0 ce nouvel \u00e9tablissement. Ils n\u2019y rest\u00e8rent pas longtemps. La fondation est mince, et jusqu\u2019ici il n\u2019y a eu que deux pr\u00eatres.<\/p>\n<p>5\u00b0 M. Bonnet ajoute dans la m\u00eame lettre : Messire Charles Legoux de la Berch\u00e8re<span id='easy-footnote-11-151060' class='easy-footnote-margin-adjust'><\/span><span class='easy-footnote'><a href='http:\/\/vincentians.com\/fr\/histoire-generale-de-la-congregation-de-la-mission-70\/#easy-footnote-bottom-11-151060' title='\u2020 1719.'><sup>11<\/sup><\/a><\/span><a href=\"#_ftn11\" name=\"_ftnref11\"><\/a>, Archev\u00eaque de Narbonne a r\u00e9uni son petit s\u00e9minaire au grand et nous en a confi\u00e9 la conduite \u00e0 perp\u00e9tuit\u00e9 ; c\u2019est-\u00e0-dire que les jeunes gens sont \u00e9lev\u00e9s dans la m\u00eame maison : il y a seulement un ou deux pr\u00eatres de plus pour avoir soin de ces enfants et leur enseigner la philosophie. Mgr l\u2019archev\u00eaque avait pens\u00e9 pour cette fondation \u00e0 l\u2019union d\u2019une cure, assez riche quoique charg\u00e9e de peu de paroissiens, \u00e0 une demi-lieue de la ville ; cette uniond\u00e9pendait du consentement d\u2019un abb\u00e9 que le Pr\u00e9lat n\u2019a pu obtenir. Le sup\u00e9rieur du s\u00e9minaire demeure titulaire de ce b\u00e9n\u00e9fice jusqu\u2019\u00e0 ce que l\u2019on puisse proc\u00e9der \u00e0 l\u2019union. Il y a, continue M. Bonnet, plusieurs autres \u00e9tablissements en France ; mais, comme les contrats n\u2019en sont pas sign\u00e9s, je m\u2019abstiens de vous en faire le d\u00e9tail. On parlait fortement alors d\u2019unir \u00e0 la Compagnie tous les s\u00e9minaires qu\u2019ont les pr\u00eatres conduits autrefois par M. Bonal dans le Languedoc, au nombre de 4 ou 5, et on \u00e9tait sur le point de conclure cette affaire ; toutefois elle manqua, et M. Bonnet en \u00e9crivit ainsi en date du 1<sup>er<\/sup> janvier 1716 : Je vous recommande une affaire de cons\u00e9quence pour la Congr\u00e9gation qui est presque faite, si elle est sign\u00e9e avant que parte cette lettre, je vous en ferai tout le d\u00e9tail afin d\u2019en louer Dieu.<\/p>\n<p>6\u00b0 Dans la lettre du 1<sup>er<\/sup> janvier 1718 il marque ceci : Messire Fran\u00e7ois-Paulde Neufville de Villeroy<span id='easy-footnote-12-151060' class='easy-footnote-margin-adjust'><\/span><span class='easy-footnote'><a href='http:\/\/vincentians.com\/fr\/histoire-generale-de-la-congregation-de-la-mission-70\/#easy-footnote-bottom-12-151060' title='\u2020 1731.'><sup>12<\/sup><\/a><\/span><a href=\"#_ftn12\" name=\"_ftnref12\"><\/a>, Archev\u00eaque de Lyon, vient d\u2019\u00e9tablir un petit s\u00e9minaire \u00e0 Mornant, dont il a confi\u00e9 la direction spirituelle et temporelle \u00e0 la Compagnie ; nous ne tarderons pas d\u2019y envoyer des sujets convenables pour cette sorte d\u2019\u00e9tablissement conforme au saint Concile de Trente, aux usages de l\u2019\u00c9glise de France et d\u00e9j\u00e0 en usage dans plusieurs endroits. Les fondateurs de ce nouvel \u00e9tablissement furent M. de Murard, ancien prieur de Mornant, qui avait d\u00e9j\u00e0 procur\u00e9 l\u2019union de son prieur\u00e9 \u00e0 la maison de Lyon, et M. l\u2019abb\u00e9 Roquemont, originaire du dioc\u00e8se de Reims qui s\u2019est retir\u00e9 dans ladite maison, o\u00f9 il vit saintement ; ils ont donn\u00e9 chacun dix mille livres pour cette fondation. M. le prieur a eu la consolation d\u2019en voir l\u2019ex\u00e9cution avant son d\u00e9c\u00e8s, arriv\u00e9 peu apr\u00e8s ; le b\u00e2timent du prieur\u00e9 grand et spacieux sert de logement ; on y \u00e9l\u00e8ve plusieurs enfants \u00e0 qui on apprend les humanit\u00e9s. Il y a trois pr\u00eatres et deux fr\u00e8res ;ils ont achet\u00e9 quelques fonds pour appliquer la fondation. M. Perruy<span id='easy-footnote-13-151060' class='easy-footnote-margin-adjust'><\/span><span class='easy-footnote'><a href='http:\/\/vincentians.com\/fr\/histoire-generale-de-la-congregation-de-la-mission-70\/#easy-footnote-bottom-13-151060' title='Louis Perruy, 1676-1728.'><sup>13<\/sup><\/a><\/span><a href=\"#_ftn13\" name=\"_ftnref13\"><\/a> en a \u00e9t\u00e9 p[remi]er sup\u00e9rieur.<\/p>\n<p>7\u00b0 En 1719 Mgr de M\u00e9rinville, \u00e9v\u00eaque de Chartres, neveu de son illustre pr\u00e9d\u00e9cesseur Messire Paul Godet Desmarais, \u00e9tablit un autre petit s\u00e9minaire dans sa ville \u00c9piscopale, le grand \u00e9tant dehors ; il en a donn\u00e9 la direction perp\u00e9tuelle \u00e0 la Congr\u00e9gation. M. La Gru\u00e8re<span id='easy-footnote-14-151060' class='easy-footnote-margin-adjust'><\/span><span class='easy-footnote'><a href='http:\/\/vincentians.com\/fr\/histoire-generale-de-la-congregation-de-la-mission-70\/#easy-footnote-bottom-14-151060' title='Pierre Ignace de La Gru\u00e8re, 1682-1780.'><sup>14<\/sup><\/a><\/span><a href=\"#_ftn14\" name=\"_ftnref14\"><\/a>, qui avait ci-devant demeur\u00e9 \u00e0 Rome et \u00e9tait pour lors directeur du s\u00e9minaire interne de St.-Lazare, en fut nomm\u00e9 le premier sup\u00e9rieur.<\/p>\n<p>8\u00b0 Le dernier \u00e9tablissement accept\u00e9 par M. Bonnet, en 1720, est celui de St.-Jean-de-Maurienne, en Savoie, o\u00f9 Messire Fran\u00e7ois-Hyacinthe de Valpergue de Mazin<span id='easy-footnote-15-151060' class='easy-footnote-margin-adjust'><\/span><span class='easy-footnote'><a href='http:\/\/vincentians.com\/fr\/histoire-generale-de-la-congregation-de-la-mission-70\/#easy-footnote-bottom-15-151060' title='Ev\u00eaque de Saint-Jean-de-Maurienne en Savoie, 1687-1736.'><sup>15<\/sup><\/a><\/span><a href=\"#_ftn15\" name=\"_ftnref15\"><\/a>, \u00e9v\u00eaque de Maurienne dans la famille de qui l\u2019affection pour la Congr\u00e9gation est comme h\u00e9r\u00e9ditaire : \u00e9tant par sa m\u00e8repetit-fils de S[on]. Exce[llen]ce M. le Marquis de Pianezze, fondateur de la maison de Turin, et intime ami de feu M. Vincent, ayant \u00e9t\u00e9 aussi \u00e9l\u00e8ve lui-m\u00eame \u00e0 Paris dans le s\u00e9minaire des Bons-Enfants, apr\u00e8s ses premi\u00e8res \u00e9tudes au coll\u00e8ge de Clermont. Sit\u00f4t qu\u2019il se v\u00eet pourvu de l\u2019\u00e9v\u00each\u00e9 de Maurienne, il songea \u00e0 y \u00e9tablir un s\u00e9minaire et \u00e0 en donner la conduite \u00e0 la Congr\u00e9gation. Divers particuliers et entre autres deux eccl\u00e9siastiques de m\u00e9rite firent des l\u00e9gats pour le fonder. Ce Pr\u00e9lat s\u2019adressa pour en faire le contrat au sup\u00e9rieur de la maison d\u2019Annecy, o\u00f9 il a toujours envoy\u00e9 ses s\u00e9minaristes pour se disposer aux ordres. Celui-ci en informa M. Jolly, pour lors g\u00e9n\u00e9ral de la Congr\u00e9gation ; mais on ne put convenir des conditions. Les guerres survinrent ensuite et emp\u00each\u00e8rent cet \u00e9tablissement ; la paix conclue en 1697 fut de trop peu de dur\u00e9e pour en venir \u00e0 bout. Apr\u00e8s celle d\u2019Utrecht en 1713 , on ypensa efficacement, et le contrat fut conclu en 1720 pour trois pr\u00eatres et deux fr\u00e8res en commen\u00e7ant, avec esp\u00e9rance d\u2019augmenter jusqu\u2019au nombre de six pr\u00eatres ; et, dans l\u2019interruption du S\u00e9minaire, on s\u2019est oblig\u00e9 de faire des missions pendant 4 mois de l\u2019ann\u00e9e dans le dioc\u00e8se. M. Bonnet donna avis de l\u2019acceptation de cet \u00e9tablissement par sa lettre du 1<sup>er<\/sup> janvier 1721.<\/p>\n<p>9\u00b0 Quelques \u00e9tablissements anciens augment\u00e8rent en nombre et en revenus, entre autres la cure de Versailles, \u00e0 qui le Roi tr\u00e8s chr\u00e9tien fit unir l\u2019abbaye de St.-Pierre-le-Vif, de Sens, pour aider cette maison \u00e0 subsister plus commod\u00e9ment attendu qu\u2019on n\u2019y re\u00e7oit rien de casuel, except\u00e9 les offrandes. S[a] M[ajest\u00e9] augmenta aussi de six en 1710 le nombre des pr\u00eatres qui desservent sa chapelle. Quand la nouvelle et magnifique chapelle fut en \u00e9tat d\u2019y faire les offices, plusieurs personnes de la Cour avaient souhait\u00e9 qu\u2019on \u00e9tabl\u00eet l\u00e0 unchapitre esp\u00e9rant que ce seraient des places pour leurs enfants ; quelques-uns avaient m\u00eame suppos\u00e9 qu\u2019on \u00e9tait r\u00e9solu d\u2019en \u00f4ter les Missionnaires, \u00e0 qui on appliqua pour cela ce mot de l\u2019\u00e9vangile (<em>Lazare<\/em>, <em>veni foras<\/em>), mais S[a] M[ajest\u00e9] loin de cong\u00e9dier les anciens y en fonda encore six de nouveaux, mais qui ont \u00e9t\u00e9 supprim\u00e9s apr\u00e8s son d\u00e9c\u00e8s.<\/p>\n<p>De plus la cure de Rochefort fut gratifi\u00e9e par S[a] M[ajest\u00e9] de l\u2019abbaye de St.-Jean-d\u2019Angely, qu\u2019on fit unir, pour remplacer par son revenu la pension que le tr\u00e9sor royal avait pay\u00e9e jusque-l\u00e0 pour la subsistance tant de ceux qui servent la paroisse que des autres qui se trouvent au s\u00e9minaire des aum\u00f4niers. Comme les \u00e9v\u00e9nements de la guerre avaient fait surseoir le payement des pensions accord\u00e9es par le Roi, on lui repr\u00e9senta que l\u2019union de cette abbaye serait commode pour fournir \u00e0 la subsistance de la maison de Rochefort ; on voulut travailler \u00e0 la faire unir. Mgr l\u2019Archev\u00eaque de Tours, qui en \u00e9tait abb\u00e9 commendataire pour lors, s\u2019en d\u00e9fit pour cet effet ; mais les religieux B\u00e9n\u00e9dictins de St.-Maur ont trouv\u00e9 le moyen de s\u2019y opposer, et la chose n\u2019est pas encore faite. M. Bonnet mandait ceci par sa lettre du 1<sup>er<\/sup> janvier 1714.<\/p>\n<p>Les six provinces de France chang\u00e8rent de visiteurs sous le g\u00e9n\u00e9ralat de M. Bonnet, qui nomma d\u2019abord pour celle de France M. Huchon, en la place de M. Faure, devenu 1<sup>er<\/sup> assistant. M. Crespel<span id='easy-footnote-16-151060' class='easy-footnote-margin-adjust'><\/span><span class='easy-footnote'><a href='http:\/\/vincentians.com\/fr\/histoire-generale-de-la-congregation-de-la-mission-70\/#easy-footnote-bottom-16-151060' title='Michel Crespel, n\u00e9 1644.'><sup>16<\/sup><\/a><\/span><a href=\"#_ftn16\" name=\"_ftnref16\"><\/a>, ancien pr\u00eatre de la Mission, qui conduisait la province de Bretagne, s\u2019en d\u00e9mit et, apr\u00e8s sa d\u00e9mission, M. Dormond<span id='easy-footnote-17-151060' class='easy-footnote-margin-adjust'><\/span><span class='easy-footnote'><a href='http:\/\/vincentians.com\/fr\/histoire-generale-de-la-congregation-de-la-mission-70\/#easy-footnote-bottom-17-151060' title='Charles Dormont, 1654-1725.'><sup>17<\/sup><\/a><\/span><a href=\"#_ftn17\" name=\"_ftnref17\"><\/a> en prit soin. Celui-ci ayant \u00e9t\u00e9 appel\u00e9 \u00e0 St.-Lazare, M. De Laville<span id='easy-footnote-18-151060' class='easy-footnote-margin-adjust'><\/span><span class='easy-footnote'><a href='http:\/\/vincentians.com\/fr\/histoire-generale-de-la-congregation-de-la-mission-70\/#easy-footnote-bottom-18-151060' title='Antoine Delaville, 1668-1739.'><sup>18<\/sup><\/a><\/span><a href=\"#_ftn18\" name=\"_ftnref18\"><\/a>, sup\u00e9rieur du Mans, gouverna cette province. M. H\u00e9nin \u00e9tait depuis quelque temps \u00e0 Cahors, visiteur d\u2019Aquitaine, et \u00e9tait un des \u00e9l\u00e8ves de M. Vincent ; il avait travaill\u00e9 sans cessedans la Compagnie pendant longtemps, il l\u2019affectionnait fort, en sachant tr\u00e8s bien les r\u00e8gles, constitutions et usages, et pour cela il \u00e9tait ordinairement l\u2019\u00e2me des assembl\u00e9es g\u00e9n\u00e9rales et on le regarda encore comme tel dans la derni\u00e8re, tout vieux qu\u2019il f\u00fbt. Il mourut \u00e0 Cahors \u00e2g\u00e9 de 80 ans en 1714, et on mit \u00e0 sa place M. de Pont<span id='easy-footnote-19-151060' class='easy-footnote-margin-adjust'><\/span><span class='easy-footnote'><a href='http:\/\/vincentians.com\/fr\/histoire-generale-de-la-congregation-de-la-mission-70\/#easy-footnote-bottom-19-151060' title='Guillaume Depons, n\u00e9 1664.'><sup>19<\/sup><\/a><\/span><a href=\"#_ftn19\" name=\"_ftnref19\"><\/a> qui conduisait depuis quelques ann\u00e9es le s\u00e9minaire et les \u00e9tudes de Cahors. La mort enleva pareillement M. Bertrand Denier<span id='easy-footnote-20-151060' class='easy-footnote-margin-adjust'><\/span><span class='easy-footnote'><a href='http:\/\/vincentians.com\/fr\/histoire-generale-de-la-congregation-de-la-mission-70\/#easy-footnote-bottom-20-151060' title='Bertrand Denier, 1643-1713.'><sup>20<\/sup><\/a><\/span><a href=\"#_ftn20\" name=\"_ftnref20\"><\/a> sup\u00e9rieur de Sens et visiteur de la province de Champagne, homme savant qui s\u2019\u00e9tait distingu\u00e9 dans les assembl\u00e9es g\u00e9n\u00e9rales ; il d\u00e9c\u00e9da assez vieux en 1713 et eut pour successeur dans son office de visiteur M. Julien Le Pays<span id='easy-footnote-21-151060' class='easy-footnote-margin-adjust'><\/span><span class='easy-footnote'><a href='http:\/\/vincentians.com\/fr\/histoire-generale-de-la-congregation-de-la-mission-70\/#easy-footnote-bottom-21-151060' title='N\u00e9 1669.'><sup>21<\/sup><\/a><\/span><a href=\"#_ftn21\" name=\"_ftnref21\"><\/a>, sup\u00e9rieur \u00e0 Toul, qui n\u2019a pas moins de science, ayant ci-devant enseign\u00e9 avec applaudissement \u00e0 St.-Lazare, et joint au savoir beaucoup de bonne gr\u00e2ce.<\/p>\n<p>La province de Lyon perdit de m\u00eame, en 1716, M. Galien<span id='easy-footnote-22-151060' class='easy-footnote-margin-adjust'><\/span><span class='easy-footnote'><a href='http:\/\/vincentians.com\/fr\/histoire-generale-de-la-congregation-de-la-mission-70\/#easy-footnote-bottom-22-151060' title='Andr\u00e9 Gallien, 1648-1716.'><sup>22<\/sup><\/a><\/span><a href=\"#_ftn22\" name=\"_ftnref22\"><\/a>, son ancien visiteur, et sup\u00e9rieur de Lyon, qui avait conduit pendant plus de 20 ans, sous quatreG\u00e9n\u00e9raux ; \u00e9tant prudent, mais simple et bien rempli de l\u2019esprit de la Mission. On mit \u00e0 sa place M. Bernard, sup\u00e9rieur de Narbonne, qui avait beaucoup de dehors ; mais il ne conduisit pas longtemps cette province, et en 1720 on lui donna pour successeur M. Portes<span id='easy-footnote-23-151060' class='easy-footnote-margin-adjust'><\/span><span class='easy-footnote'><a href='http:\/\/vincentians.com\/fr\/histoire-generale-de-la-congregation-de-la-mission-70\/#easy-footnote-bottom-23-151060' title='Jean-Jacques Porte, 1672-1728.'><sup>23<\/sup><\/a><\/span><a href=\"#_ftn23\" name=\"_ftnref23\"><\/a>, sup\u00e9rieur de Lyon. Feu M. Watel ayant fait une nouvelle Province de Picardie, comme on a dit ci-dessus, y \u00e9tablit pour visiteur M. Germain, sup\u00e9rieur d\u2019Amiens, homme r\u00e9gulier et de bonne t\u00eate, quoique infirme ; apr\u00e8s sa mort, il eut pour successeur M. Duquenay<span id='easy-footnote-24-151060' class='easy-footnote-margin-adjust'><\/span><span class='easy-footnote'><a href='http:\/\/vincentians.com\/fr\/histoire-generale-de-la-congregation-de-la-mission-70\/#easy-footnote-bottom-24-151060' title='Olivier Duquesnay, n\u00e9 1653.'><sup>24<\/sup><\/a><\/span><a href=\"#_ftn24\" name=\"_ftnref24\"><\/a>, sup\u00e9rieur de Noyon, qui revenait davantage aux externes pour son talent de bien dire. Et \u00e0 celui-ci a succ\u00e9d\u00e9 M. de Bigots<span id='easy-footnote-25-151060' class='easy-footnote-margin-adjust'><\/span><span class='easy-footnote'><a href='http:\/\/vincentians.com\/fr\/histoire-generale-de-la-congregation-de-la-mission-70\/#easy-footnote-bottom-25-151060' title='Joseph de Bigos, 1668-1737.'><sup>25<\/sup><\/a><\/span><a href=\"#_ftn25\" name=\"_ftnref25\"><\/a>, homme estim\u00e9 et de bon conseil, que M. Bonnet vient de substituer \u00e0 M Faure, mort depuis peu dans son office d\u2019assistant du g\u00e9n\u00e9ral, en lui laissant encore celui de visiteur de Picardie. Tels sont les officiers qui ont pr\u00e9sentement soin des six provinces du royaume de France.<\/p>\n<p>&nbsp;<\/p>\n","protected":false},"excerpt":{"rendered":"<p>LXX. Nouvelles maisons de la Congr\u00e9gation en France Tandis que M. Bonnet faisait les visites des maisons de la Compagnie, le S\u00e9minaire de r\u00e9novation allait son train chaque ann\u00e9e \u00e0 St.-Lazare, sous la conduite de &#8230; <a href=\"http:\/\/vincentians.com\/fr\/histoire-generale-de-la-congregation-de-la-mission-70\/\" class=\"more-link\">Read More<\/a><\/p>\n","protected":false},"author":4,"featured_media":189808,"comment_status":"open","ping_status":"open","sticky":false,"template":"","format":"standard","meta":{"jetpack_post_was_ever_published":false,"_jetpack_newsletter_access":"","_jetpack_dont_email_post_to_subs":false,"_jetpack_newsletter_tier_id":0,"_jetpack_memberships_contains_paywalled_content":false,"_jetpack_memberships_contains_paid_content":false,"footnotes":"","jetpack_publicize_message":"","jetpack_publicize_feature_enabled":true,"jetpack_social_post_already_shared":true,"jetpack_social_options":{"image_generator_settings":{"template":"highway","default_image_id":0,"font":"","enabled":false},"version":2}},"categories":[134],"tags":[],"class_list":["post-151060","post","type-post","status-publish","format-standard","has-post-thumbnail","hentry","category-histoire-de-la-congregation-de-la-mission"],"yoast_head":"<!-- This site is optimized with the Yoast SEO plugin v26.3 - https:\/\/yoast.com\/wordpress\/plugins\/seo\/ -->\n<title>Histoire g\u00e9n\u00e9rale de la Congr\u00e9gation de la Mission (70) - Nous Sommes Vincentiens<\/title>\n<meta name=\"robots\" content=\"index, follow, max-snippet:-1, max-image-preview:large, max-video-preview:-1\" \/>\n<link rel=\"canonical\" href=\"http:\/\/vincentians.com\/fr\/histoire-generale-de-la-congregation-de-la-mission-70\/\" \/>\n<meta property=\"og:locale\" content=\"fr_FR\" \/>\n<meta property=\"og:type\" content=\"article\" \/>\n<meta property=\"og:title\" content=\"Histoire g\u00e9n\u00e9rale de la Congr\u00e9gation de la Mission (70) - Nous Sommes Vincentiens\" \/>\n<meta property=\"og:description\" content=\"LXX. Nouvelles maisons de la Congr\u00e9gation en France Tandis que M. Bonnet faisait les visites des maisons de la Compagnie, le S\u00e9minaire de r\u00e9novation allait son train chaque ann\u00e9e \u00e0 St.-Lazare, sous la conduite de ... Read More\" \/>\n<meta property=\"og:url\" content=\"http:\/\/vincentians.com\/fr\/histoire-generale-de-la-congregation-de-la-mission-70\/\" \/>\n<meta property=\"og:site_name\" content=\"Nous Sommes Vincentiens\" \/>\n<meta property=\"article:publisher\" content=\"https:\/\/www.facebook.com\/WeAreVincentians\/\" \/>\n<meta property=\"article:author\" content=\"https:\/\/www.facebook.com\/JavierChento\" \/>\n<meta property=\"article:published_time\" content=\"2015-01-16T06:18:22+00:00\" \/>\n<meta property=\"og:image\" content=\"https:\/\/i0.wp.com\/vincentians.com\/fr\/wp-content\/uploads\/sites\/10\/2016\/07\/histoire-generale-de-la-congregation-de-la-mission.jpg?fit=1200%2C630\" \/>\n\t<meta property=\"og:image:width\" content=\"1200\" \/>\n\t<meta property=\"og:image:height\" content=\"630\" \/>\n\t<meta property=\"og:image:type\" content=\"image\/jpeg\" \/>\n<meta name=\"author\" content=\"Francisco Javier Fern\u00e1ndez Chento\" \/>\n<meta name=\"twitter:card\" content=\"summary_large_image\" \/>\n<meta name=\"twitter:creator\" content=\"@https:\/\/twitter.com\/javierchento\" \/>\n<meta name=\"twitter:site\" content=\"@WeVincentians\" \/>\n<meta name=\"twitter:label1\" content=\"\u00c9crit par\" \/>\n\t<meta name=\"twitter:data1\" content=\"Francisco Javier Fern\u00e1ndez Chento\" \/>\n\t<meta name=\"twitter:label2\" content=\"Dur\u00e9e de lecture estim\u00e9e\" \/>\n\t<meta name=\"twitter:data2\" content=\"18 minutes\" \/>\n<script type=\"application\/ld+json\" class=\"yoast-schema-graph\">{\"@context\":\"https:\/\/schema.org\",\"@graph\":[{\"@type\":\"WebPage\",\"@id\":\"http:\/\/vincentians.com\/fr\/histoire-generale-de-la-congregation-de-la-mission-70\/\",\"url\":\"http:\/\/vincentians.com\/fr\/histoire-generale-de-la-congregation-de-la-mission-70\/\",\"name\":\"Histoire g\u00e9n\u00e9rale de la Congr\u00e9gation de la Mission (70) - Nous Sommes Vincentiens\",\"isPartOf\":{\"@id\":\"https:\/\/vincentians.com\/fr\/#website\"},\"primaryImageOfPage\":{\"@id\":\"http:\/\/vincentians.com\/fr\/histoire-generale-de-la-congregation-de-la-mission-70\/#primaryimage\"},\"image\":{\"@id\":\"http:\/\/vincentians.com\/fr\/histoire-generale-de-la-congregation-de-la-mission-70\/#primaryimage\"},\"thumbnailUrl\":\"https:\/\/i0.wp.com\/vincentians.com\/fr\/wp-content\/uploads\/sites\/10\/2016\/07\/histoire-generale-de-la-congregation-de-la-mission.jpg?fit=1200%2C630\",\"datePublished\":\"2015-01-16T06:18:22+00:00\",\"author\":{\"@id\":\"https:\/\/vincentians.com\/fr\/#\/schema\/person\/9623ef4d9aa3b2dfb8c061f1499288f2\"},\"breadcrumb\":{\"@id\":\"http:\/\/vincentians.com\/fr\/histoire-generale-de-la-congregation-de-la-mission-70\/#breadcrumb\"},\"inLanguage\":\"fr-FR\",\"potentialAction\":[{\"@type\":\"ReadAction\",\"target\":[\"http:\/\/vincentians.com\/fr\/histoire-generale-de-la-congregation-de-la-mission-70\/\"]}]},{\"@type\":\"ImageObject\",\"inLanguage\":\"fr-FR\",\"@id\":\"http:\/\/vincentians.com\/fr\/histoire-generale-de-la-congregation-de-la-mission-70\/#primaryimage\",\"url\":\"https:\/\/i0.wp.com\/vincentians.com\/fr\/wp-content\/uploads\/sites\/10\/2016\/07\/histoire-generale-de-la-congregation-de-la-mission.jpg?fit=1200%2C630\",\"contentUrl\":\"https:\/\/i0.wp.com\/vincentians.com\/fr\/wp-content\/uploads\/sites\/10\/2016\/07\/histoire-generale-de-la-congregation-de-la-mission.jpg?fit=1200%2C630\",\"width\":1200,\"height\":630},{\"@type\":\"BreadcrumbList\",\"@id\":\"http:\/\/vincentians.com\/fr\/histoire-generale-de-la-congregation-de-la-mission-70\/#breadcrumb\",\"itemListElement\":[{\"@type\":\"ListItem\",\"position\":1,\"name\":\"Portada\",\"item\":\"https:\/\/vincentians.com\/fr\/\"},{\"@type\":\"ListItem\",\"position\":2,\"name\":\"Histoire g\u00e9n\u00e9rale de la Congr\u00e9gation de la Mission (70)\"}]},{\"@type\":\"WebSite\",\"@id\":\"https:\/\/vincentians.com\/fr\/#website\",\"url\":\"https:\/\/vincentians.com\/fr\/\",\"name\":\"Nous Sommes Vincentiens\",\"description\":\"Know more to serve more\",\"potentialAction\":[{\"@type\":\"SearchAction\",\"target\":{\"@type\":\"EntryPoint\",\"urlTemplate\":\"https:\/\/vincentians.com\/fr\/?s={search_term_string}\"},\"query-input\":{\"@type\":\"PropertyValueSpecification\",\"valueRequired\":true,\"valueName\":\"search_term_string\"}}],\"inLanguage\":\"fr-FR\"},{\"@type\":\"Person\",\"@id\":\"https:\/\/vincentians.com\/fr\/#\/schema\/person\/9623ef4d9aa3b2dfb8c061f1499288f2\",\"name\":\"Francisco Javier Fern\u00e1ndez Chento\",\"image\":{\"@type\":\"ImageObject\",\"inLanguage\":\"fr-FR\",\"@id\":\"https:\/\/vincentians.com\/fr\/#\/schema\/person\/image\/\",\"url\":\"https:\/\/secure.gravatar.com\/avatar\/497d5cde87b4c3d097d0315953521681ba2cd523ee66e5077c3711f7021e65de?s=96&d=mm&r=g\",\"contentUrl\":\"https:\/\/secure.gravatar.com\/avatar\/497d5cde87b4c3d097d0315953521681ba2cd523ee66e5077c3711f7021e65de?s=96&d=mm&r=g\",\"caption\":\"Francisco Javier Fern\u00e1ndez Chento\"},\"description\":\"Director General y cofundador de La Red de Formaci\u00f3n Vicenciana. Javier es laico vicenciano, afiliado a la Congregaci\u00f3n de la Misi\u00f3n y miembro del Equipo de Misiones Populares de la provincia can\u00f3nica de Zaragoza (Espa\u00f1a) de la Congregaci\u00f3n de la Misi\u00f3n. Graduado en la Universidad Oberta de Catalunya con cuatro grados (Asistente de direcci\u00f3n, Gesti\u00f3n Administrativa, Recursos Humanos y Contabilidad Avanzada). Bil\u00edng\u00fce Espa\u00f1ol\/Ingl\u00e9s. gestiona y mantiene varias p\u00e1ginas web cristianas y vicencianas, incluida including La Red de Formaci\u00f3n Vicenciana, de la que es cofundador. Actualmente es responsable del \u00e1rea de Espa\u00f1ol de .famvin, la Red de Noticias de la Familia Vicenciana. Tambi\u00e9n es m\u00fasico cat\u00f3lico y ha editado varios discos. Es Director General y cofundador de Trovador, una reconocida compa\u00f1\u00eda discogr\u00e1fica critiana de Espa\u00f1a. Trabaja en las Tecnolog\u00edas de la Informaci\u00f3n, ofreciendo servicios de alojamiento, dise\u00f1o y mantenimiento Web, as\u00ed como asesoramiento, formaci\u00f3n y soluciones inform\u00e1ticas, gesti\u00f3n documental y digitalizaci\u00f3n de textos, edici\u00f3n y maquetaci\u00f3n de libros, revistas, flyers, etc.\",\"sameAs\":[\"http:\/\/chento.org\",\"https:\/\/www.facebook.com\/JavierChento\",\"https:\/\/x.com\/https:\/\/twitter.com\/javierchento\"],\"url\":\"http:\/\/vincentians.com\/fr\/author\/chento\/\"}]}<\/script>\n<!-- \/ Yoast SEO plugin. -->","yoast_head_json":{"title":"Histoire g\u00e9n\u00e9rale de la Congr\u00e9gation de la Mission (70) - Nous Sommes Vincentiens","robots":{"index":"index","follow":"follow","max-snippet":"max-snippet:-1","max-image-preview":"max-image-preview:large","max-video-preview":"max-video-preview:-1"},"canonical":"http:\/\/vincentians.com\/fr\/histoire-generale-de-la-congregation-de-la-mission-70\/","og_locale":"fr_FR","og_type":"article","og_title":"Histoire g\u00e9n\u00e9rale de la Congr\u00e9gation de la Mission (70) - Nous Sommes Vincentiens","og_description":"LXX. Nouvelles maisons de la Congr\u00e9gation en France Tandis que M. Bonnet faisait les visites des maisons de la Compagnie, le S\u00e9minaire de r\u00e9novation allait son train chaque ann\u00e9e \u00e0 St.-Lazare, sous la conduite de ... Read More","og_url":"http:\/\/vincentians.com\/fr\/histoire-generale-de-la-congregation-de-la-mission-70\/","og_site_name":"Nous Sommes Vincentiens","article_publisher":"https:\/\/www.facebook.com\/WeAreVincentians\/","article_author":"https:\/\/www.facebook.com\/JavierChento","article_published_time":"2015-01-16T06:18:22+00:00","og_image":[{"width":1200,"height":630,"url":"https:\/\/i0.wp.com\/vincentians.com\/fr\/wp-content\/uploads\/sites\/10\/2016\/07\/histoire-generale-de-la-congregation-de-la-mission.jpg?fit=1200%2C630","type":"image\/jpeg"}],"author":"Francisco Javier Fern\u00e1ndez Chento","twitter_card":"summary_large_image","twitter_creator":"@https:\/\/twitter.com\/javierchento","twitter_site":"@WeVincentians","twitter_misc":{"\u00c9crit par":"Francisco Javier Fern\u00e1ndez Chento","Dur\u00e9e de lecture estim\u00e9e":"18 minutes"},"schema":{"@context":"https:\/\/schema.org","@graph":[{"@type":"WebPage","@id":"http:\/\/vincentians.com\/fr\/histoire-generale-de-la-congregation-de-la-mission-70\/","url":"http:\/\/vincentians.com\/fr\/histoire-generale-de-la-congregation-de-la-mission-70\/","name":"Histoire g\u00e9n\u00e9rale de la Congr\u00e9gation de la Mission (70) - Nous Sommes Vincentiens","isPartOf":{"@id":"https:\/\/vincentians.com\/fr\/#website"},"primaryImageOfPage":{"@id":"http:\/\/vincentians.com\/fr\/histoire-generale-de-la-congregation-de-la-mission-70\/#primaryimage"},"image":{"@id":"http:\/\/vincentians.com\/fr\/histoire-generale-de-la-congregation-de-la-mission-70\/#primaryimage"},"thumbnailUrl":"https:\/\/i0.wp.com\/vincentians.com\/fr\/wp-content\/uploads\/sites\/10\/2016\/07\/histoire-generale-de-la-congregation-de-la-mission.jpg?fit=1200%2C630","datePublished":"2015-01-16T06:18:22+00:00","author":{"@id":"https:\/\/vincentians.com\/fr\/#\/schema\/person\/9623ef4d9aa3b2dfb8c061f1499288f2"},"breadcrumb":{"@id":"http:\/\/vincentians.com\/fr\/histoire-generale-de-la-congregation-de-la-mission-70\/#breadcrumb"},"inLanguage":"fr-FR","potentialAction":[{"@type":"ReadAction","target":["http:\/\/vincentians.com\/fr\/histoire-generale-de-la-congregation-de-la-mission-70\/"]}]},{"@type":"ImageObject","inLanguage":"fr-FR","@id":"http:\/\/vincentians.com\/fr\/histoire-generale-de-la-congregation-de-la-mission-70\/#primaryimage","url":"https:\/\/i0.wp.com\/vincentians.com\/fr\/wp-content\/uploads\/sites\/10\/2016\/07\/histoire-generale-de-la-congregation-de-la-mission.jpg?fit=1200%2C630","contentUrl":"https:\/\/i0.wp.com\/vincentians.com\/fr\/wp-content\/uploads\/sites\/10\/2016\/07\/histoire-generale-de-la-congregation-de-la-mission.jpg?fit=1200%2C630","width":1200,"height":630},{"@type":"BreadcrumbList","@id":"http:\/\/vincentians.com\/fr\/histoire-generale-de-la-congregation-de-la-mission-70\/#breadcrumb","itemListElement":[{"@type":"ListItem","position":1,"name":"Portada","item":"https:\/\/vincentians.com\/fr\/"},{"@type":"ListItem","position":2,"name":"Histoire g\u00e9n\u00e9rale de la Congr\u00e9gation de la Mission (70)"}]},{"@type":"WebSite","@id":"https:\/\/vincentians.com\/fr\/#website","url":"https:\/\/vincentians.com\/fr\/","name":"Nous Sommes Vincentiens","description":"Know more to serve more","potentialAction":[{"@type":"SearchAction","target":{"@type":"EntryPoint","urlTemplate":"https:\/\/vincentians.com\/fr\/?s={search_term_string}"},"query-input":{"@type":"PropertyValueSpecification","valueRequired":true,"valueName":"search_term_string"}}],"inLanguage":"fr-FR"},{"@type":"Person","@id":"https:\/\/vincentians.com\/fr\/#\/schema\/person\/9623ef4d9aa3b2dfb8c061f1499288f2","name":"Francisco Javier Fern\u00e1ndez Chento","image":{"@type":"ImageObject","inLanguage":"fr-FR","@id":"https:\/\/vincentians.com\/fr\/#\/schema\/person\/image\/","url":"https:\/\/secure.gravatar.com\/avatar\/497d5cde87b4c3d097d0315953521681ba2cd523ee66e5077c3711f7021e65de?s=96&d=mm&r=g","contentUrl":"https:\/\/secure.gravatar.com\/avatar\/497d5cde87b4c3d097d0315953521681ba2cd523ee66e5077c3711f7021e65de?s=96&d=mm&r=g","caption":"Francisco Javier Fern\u00e1ndez Chento"},"description":"Director General y cofundador de La Red de Formaci\u00f3n Vicenciana. Javier es laico vicenciano, afiliado a la Congregaci\u00f3n de la Misi\u00f3n y miembro del Equipo de Misiones Populares de la provincia can\u00f3nica de Zaragoza (Espa\u00f1a) de la Congregaci\u00f3n de la Misi\u00f3n. Graduado en la Universidad Oberta de Catalunya con cuatro grados (Asistente de direcci\u00f3n, Gesti\u00f3n Administrativa, Recursos Humanos y Contabilidad Avanzada). Bil\u00edng\u00fce Espa\u00f1ol\/Ingl\u00e9s. gestiona y mantiene varias p\u00e1ginas web cristianas y vicencianas, incluida including La Red de Formaci\u00f3n Vicenciana, de la que es cofundador. Actualmente es responsable del \u00e1rea de Espa\u00f1ol de .famvin, la Red de Noticias de la Familia Vicenciana. Tambi\u00e9n es m\u00fasico cat\u00f3lico y ha editado varios discos. Es Director General y cofundador de Trovador, una reconocida compa\u00f1\u00eda discogr\u00e1fica critiana de Espa\u00f1a. Trabaja en las Tecnolog\u00edas de la Informaci\u00f3n, ofreciendo servicios de alojamiento, dise\u00f1o y mantenimiento Web, as\u00ed como asesoramiento, formaci\u00f3n y soluciones inform\u00e1ticas, gesti\u00f3n documental y digitalizaci\u00f3n de textos, edici\u00f3n y maquetaci\u00f3n de libros, revistas, flyers, etc.","sameAs":["http:\/\/chento.org","https:\/\/www.facebook.com\/JavierChento","https:\/\/x.com\/https:\/\/twitter.com\/javierchento"],"url":"http:\/\/vincentians.com\/fr\/author\/chento\/"}]}},"jetpack_publicize_connections":[],"jetpack_featured_media_url":"https:\/\/i0.wp.com\/vincentians.com\/fr\/wp-content\/uploads\/sites\/10\/2016\/07\/histoire-generale-de-la-congregation-de-la-mission.jpg?fit=1200%2C630","jetpack_sharing_enabled":true,"jetpack_shortlink":"https:\/\/wp.me\/p7ETMP-Dis","jetpack-related-posts":[{"id":52068,"url":"http:\/\/vincentians.com\/fr\/saint-vincent-de-paul-et-sa-mission-sociale-vi-la-posterite-1\/","url_meta":{"origin":151060,"position":0},"title":"Saint Vincent De Paul Et Sa Mission Sociale. VI &#8211; La Post\u00e9rit\u00e9 (1)","author":"Francisco Javier Fern\u00e1ndez Chento","date":"30\/12\/2014","format":false,"excerpt":"L\u2019ACCROISSEMENT. \u2014 Extension des deux familles de saint Vincent de Paul. \u2014 Progr\u00e8s de leurs \u0153uvres. \u2014 Les missions \u00e9trang\u00e8res et les s\u00e9minaires. \u2014 Les successeurs de saint Vincent. \u2014 Congr\u00e9gations religieuses fond\u00e9es sur le mod\u00e8le de la Mission. \u2014 Les Filles de la Charit\u00e9 en France et \u00e0 l\u2019\u00e9tranger.\u2026","rel":"","context":"Dans &quot;Vincent de Paul&quot;","block_context":{"text":"Vincent de Paul","link":"http:\/\/vincentians.com\/fr\/category\/the-vincentian-family\/founders\/vincent-de-paul\/"},"img":{"alt_text":"","src":"https:\/\/i0.wp.com\/vincentians.com\/fr\/wp-content\/uploads\/sites\/10\/2016\/07\/vincent-et-sa-action-sociale.jpg?fit=1160%2C630&resize=350%2C200","width":350,"height":200,"srcset":"https:\/\/i0.wp.com\/vincentians.com\/fr\/wp-content\/uploads\/sites\/10\/2016\/07\/vincent-et-sa-action-sociale.jpg?fit=1160%2C630&resize=350%2C200 1x, https:\/\/i0.wp.com\/vincentians.com\/fr\/wp-content\/uploads\/sites\/10\/2016\/07\/vincent-et-sa-action-sociale.jpg?fit=1160%2C630&resize=525%2C300 1.5x, https:\/\/i0.wp.com\/vincentians.com\/fr\/wp-content\/uploads\/sites\/10\/2016\/07\/vincent-et-sa-action-sociale.jpg?fit=1160%2C630&resize=700%2C400 2x, https:\/\/i0.wp.com\/vincentians.com\/fr\/wp-content\/uploads\/sites\/10\/2016\/07\/vincent-et-sa-action-sociale.jpg?fit=1160%2C630&resize=1050%2C600 3x"},"classes":[]},{"id":57593,"url":"http:\/\/vincentians.com\/fr\/lexpansion-de-la-congregation-de-la-mission-pendant-la-vie-de-st-vincent\/","url_meta":{"origin":151060,"position":1},"title":"L&rsquo;expansion de la Congregation de la Mission pendant la vie de St. Vincent","author":"Francisco Javier Fern\u00e1ndez Chento","date":"20\/05\/2015","format":false,"excerpt":"Pierre Collet (\"La Vie de St. Vincent de Paul\", Nancy 1748, II, 325) a constat\u00e9 que les biographies des grands fondateurs d'ordres sont concentr\u00e9es sur la personne elle-m\u00eame du fondateur. On n'y trouve pas le r\u00e9cit des travaux de leurs premiers disciples.En suivant cet exemple Collet voulut supprimer dans sa\u2026","rel":"","context":"Dans &quot;Au temps de Vincent de Paul&quot;","block_context":{"text":"Au temps de Vincent de Paul","link":"http:\/\/vincentians.com\/fr\/category\/au-temps-de-vincent-de-paul\/"},"img":{"alt_text":"","src":"https:\/\/i0.wp.com\/vincentians.com\/fr\/wp-content\/uploads\/sites\/10\/2015\/05\/congregation-de-la-mission-lazaristes.jpg?fit=1200%2C630&resize=350%2C200","width":350,"height":200,"srcset":"https:\/\/i0.wp.com\/vincentians.com\/fr\/wp-content\/uploads\/sites\/10\/2015\/05\/congregation-de-la-mission-lazaristes.jpg?fit=1200%2C630&resize=350%2C200 1x, https:\/\/i0.wp.com\/vincentians.com\/fr\/wp-content\/uploads\/sites\/10\/2015\/05\/congregation-de-la-mission-lazaristes.jpg?fit=1200%2C630&resize=525%2C300 1.5x, https:\/\/i0.wp.com\/vincentians.com\/fr\/wp-content\/uploads\/sites\/10\/2015\/05\/congregation-de-la-mission-lazaristes.jpg?fit=1200%2C630&resize=700%2C400 2x, https:\/\/i0.wp.com\/vincentians.com\/fr\/wp-content\/uploads\/sites\/10\/2015\/05\/congregation-de-la-mission-lazaristes.jpg?fit=1200%2C630&resize=1050%2C600 3x"},"classes":[]},{"id":108208,"url":"http:\/\/vincentians.com\/fr\/histoire-generale-de-la-congregation-de-la-mission-63\/","url_meta":{"origin":151060,"position":2},"title":"Histoire g\u00e9n\u00e9rale de la Congr\u00e9gation de la Mission (63)","author":"Francisco Javier Fern\u00e1ndez Chento","date":"09\/01\/2015","format":false,"excerpt":"LXIII. Mort de Mr. Watel. M. Bonnet g\u00e9n\u00e9ral Il ne manqua pas de maladies en France. La guerre d\u00e9solait ce royaume depuis plusieurs ann\u00e9es, et cette couronne avait eu du dessous. En quelques occasions remarquables, une esp\u00e8ce de famine suivit encore le rude hiver qui se fit sentir en 1709\u2026","rel":"","context":"Dans &quot;Histoire de la Congr\u00e9gation de la Mission&quot;","block_context":{"text":"Histoire de la Congr\u00e9gation de la Mission","link":"http:\/\/vincentians.com\/fr\/category\/histoire-de-la-congregation-de-la-mission\/"},"img":{"alt_text":"","src":"https:\/\/i0.wp.com\/vincentians.com\/fr\/wp-content\/uploads\/sites\/10\/2016\/07\/histoire-generale-de-la-congregation-de-la-mission.jpg?fit=1200%2C630&resize=350%2C200","width":350,"height":200,"srcset":"https:\/\/i0.wp.com\/vincentians.com\/fr\/wp-content\/uploads\/sites\/10\/2016\/07\/histoire-generale-de-la-congregation-de-la-mission.jpg?fit=1200%2C630&resize=350%2C200 1x, https:\/\/i0.wp.com\/vincentians.com\/fr\/wp-content\/uploads\/sites\/10\/2016\/07\/histoire-generale-de-la-congregation-de-la-mission.jpg?fit=1200%2C630&resize=525%2C300 1.5x, https:\/\/i0.wp.com\/vincentians.com\/fr\/wp-content\/uploads\/sites\/10\/2016\/07\/histoire-generale-de-la-congregation-de-la-mission.jpg?fit=1200%2C630&resize=700%2C400 2x, https:\/\/i0.wp.com\/vincentians.com\/fr\/wp-content\/uploads\/sites\/10\/2016\/07\/histoire-generale-de-la-congregation-de-la-mission.jpg?fit=1200%2C630&resize=1050%2C600 3x"},"classes":[]},{"id":108221,"url":"http:\/\/vincentians.com\/fr\/histoire-generale-de-la-congregation-de-la-mission-48\/","url_meta":{"origin":151060,"position":3},"title":"Histoire g\u00e9n\u00e9rale de la Congr\u00e9gation de la Mission (48)","author":"Francisco Javier Fern\u00e1ndez Chento","date":"14\/02\/2014","format":false,"excerpt":"XLVIII. Caducit\u00e9 de M. Jolly. Sa mort La sant\u00e9 de M. Jolly \u00e9tait devenue fort chancelante ; il ne pouvait plus \u00e0 raison de l\u2019incommodit\u00e9 de ses jambes et encore plus \u00e0 cause de son grand \u00e2ge et de sa caducit\u00e9, sortir en ville, pour assister aux conf\u00e9rences des eccl\u00e9siastiques\u2026","rel":"","context":"Dans &quot;Histoire de la Congr\u00e9gation de la Mission&quot;","block_context":{"text":"Histoire de la Congr\u00e9gation de la Mission","link":"http:\/\/vincentians.com\/fr\/category\/histoire-de-la-congregation-de-la-mission\/"},"img":{"alt_text":"","src":"https:\/\/i0.wp.com\/vincentians.com\/fr\/wp-content\/uploads\/sites\/10\/2016\/07\/histoire-generale-de-la-congregation-de-la-mission.jpg?fit=1200%2C630&resize=350%2C200","width":350,"height":200,"srcset":"https:\/\/i0.wp.com\/vincentians.com\/fr\/wp-content\/uploads\/sites\/10\/2016\/07\/histoire-generale-de-la-congregation-de-la-mission.jpg?fit=1200%2C630&resize=350%2C200 1x, https:\/\/i0.wp.com\/vincentians.com\/fr\/wp-content\/uploads\/sites\/10\/2016\/07\/histoire-generale-de-la-congregation-de-la-mission.jpg?fit=1200%2C630&resize=525%2C300 1.5x, https:\/\/i0.wp.com\/vincentians.com\/fr\/wp-content\/uploads\/sites\/10\/2016\/07\/histoire-generale-de-la-congregation-de-la-mission.jpg?fit=1200%2C630&resize=700%2C400 2x, https:\/\/i0.wp.com\/vincentians.com\/fr\/wp-content\/uploads\/sites\/10\/2016\/07\/histoire-generale-de-la-congregation-de-la-mission.jpg?fit=1200%2C630&resize=1050%2C600 3x"},"classes":[]},{"id":151054,"url":"http:\/\/vincentians.com\/fr\/histoire-generale-de-la-congregation-de-la-mission-64\/","url_meta":{"origin":151060,"position":4},"title":"Histoire g\u00e9n\u00e9rale de la Congr\u00e9gation de la Mission (64)","author":"Francisco Javier Fern\u00e1ndez Chento","date":"10\/01\/2015","format":false,"excerpt":"LXIV. D\u00e9crets de l\u2019assembl\u00e9e de 1711. S\u00e9minaire de r\u00e9novation L\u2019assembl\u00e9e o\u00f9 M. Bonnet fut \u00e9lu g\u00e9n\u00e9ral est la 8\u00e8me des assembl\u00e9es g\u00e9n\u00e9rales. On y fit quelques d\u00e9crets en latin, comme dans toutes les autres. On demanda, s\u2019il n\u2019\u00e9tait pas temps d\u2019ex\u00e9cuter le dessein pris sous M. Vincent, de faire passer\u2026","rel":"","context":"Dans &quot;Histoire de la Congr\u00e9gation de la Mission&quot;","block_context":{"text":"Histoire de la Congr\u00e9gation de la Mission","link":"http:\/\/vincentians.com\/fr\/category\/histoire-de-la-congregation-de-la-mission\/"},"img":{"alt_text":"","src":"https:\/\/i0.wp.com\/vincentians.com\/fr\/wp-content\/uploads\/sites\/10\/2016\/07\/histoire-generale-de-la-congregation-de-la-mission.jpg?fit=1200%2C630&resize=350%2C200","width":350,"height":200,"srcset":"https:\/\/i0.wp.com\/vincentians.com\/fr\/wp-content\/uploads\/sites\/10\/2016\/07\/histoire-generale-de-la-congregation-de-la-mission.jpg?fit=1200%2C630&resize=350%2C200 1x, https:\/\/i0.wp.com\/vincentians.com\/fr\/wp-content\/uploads\/sites\/10\/2016\/07\/histoire-generale-de-la-congregation-de-la-mission.jpg?fit=1200%2C630&resize=525%2C300 1.5x, https:\/\/i0.wp.com\/vincentians.com\/fr\/wp-content\/uploads\/sites\/10\/2016\/07\/histoire-generale-de-la-congregation-de-la-mission.jpg?fit=1200%2C630&resize=700%2C400 2x, https:\/\/i0.wp.com\/vincentians.com\/fr\/wp-content\/uploads\/sites\/10\/2016\/07\/histoire-generale-de-la-congregation-de-la-mission.jpg?fit=1200%2C630&resize=1050%2C600 3x"},"classes":[]},{"id":151048,"url":"http:\/\/vincentians.com\/fr\/histoire-generale-de-la-congregation-de-la-mission-71\/","url_meta":{"origin":151060,"position":5},"title":"Histoire g\u00e9n\u00e9rale de la Congr\u00e9gation de la Mission (71)","author":"Francisco Javier Fern\u00e1ndez Chento","date":"17\/01\/2015","format":false,"excerpt":"LXXI. Les maisons d\u2019Italie Celle de l\u2019Italie s\u2019accrut pareillement par quelques nouveaux \u00e9tablissements et l\u2019augmentation des anciens. Mgr le cardinal Paolucci, ministre du Pape Cl\u00e9ment XI, apr\u00e8s la mort duquel il a failli d\u2019\u00eatre Pape lui-m\u00eame, originaire de Forli, petite ville dans l\u2019\u00c9tat eccl\u00e9siastique, \u00e9tablit d\u00e8s l\u2019ann\u00e9e 1710 une maison\u2026","rel":"","context":"Dans &quot;Histoire de la Congr\u00e9gation de la Mission&quot;","block_context":{"text":"Histoire de la Congr\u00e9gation de la Mission","link":"http:\/\/vincentians.com\/fr\/category\/histoire-de-la-congregation-de-la-mission\/"},"img":{"alt_text":"","src":"https:\/\/i0.wp.com\/vincentians.com\/fr\/wp-content\/uploads\/sites\/10\/2016\/07\/histoire-generale-de-la-congregation-de-la-mission.jpg?fit=1200%2C630&resize=350%2C200","width":350,"height":200,"srcset":"https:\/\/i0.wp.com\/vincentians.com\/fr\/wp-content\/uploads\/sites\/10\/2016\/07\/histoire-generale-de-la-congregation-de-la-mission.jpg?fit=1200%2C630&resize=350%2C200 1x, https:\/\/i0.wp.com\/vincentians.com\/fr\/wp-content\/uploads\/sites\/10\/2016\/07\/histoire-generale-de-la-congregation-de-la-mission.jpg?fit=1200%2C630&resize=525%2C300 1.5x, https:\/\/i0.wp.com\/vincentians.com\/fr\/wp-content\/uploads\/sites\/10\/2016\/07\/histoire-generale-de-la-congregation-de-la-mission.jpg?fit=1200%2C630&resize=700%2C400 2x, https:\/\/i0.wp.com\/vincentians.com\/fr\/wp-content\/uploads\/sites\/10\/2016\/07\/histoire-generale-de-la-congregation-de-la-mission.jpg?fit=1200%2C630&resize=1050%2C600 3x"},"classes":[]}],"_links":{"self":[{"href":"http:\/\/vincentians.com\/fr\/wp-json\/wp\/v2\/posts\/151060","targetHints":{"allow":["GET"]}}],"collection":[{"href":"http:\/\/vincentians.com\/fr\/wp-json\/wp\/v2\/posts"}],"about":[{"href":"http:\/\/vincentians.com\/fr\/wp-json\/wp\/v2\/types\/post"}],"author":[{"embeddable":true,"href":"http:\/\/vincentians.com\/fr\/wp-json\/wp\/v2\/users\/4"}],"replies":[{"embeddable":true,"href":"http:\/\/vincentians.com\/fr\/wp-json\/wp\/v2\/comments?post=151060"}],"version-history":[{"count":0,"href":"http:\/\/vincentians.com\/fr\/wp-json\/wp\/v2\/posts\/151060\/revisions"}],"wp:featuredmedia":[{"embeddable":true,"href":"http:\/\/vincentians.com\/fr\/wp-json\/wp\/v2\/media\/189808"}],"wp:attachment":[{"href":"http:\/\/vincentians.com\/fr\/wp-json\/wp\/v2\/media?parent=151060"}],"wp:term":[{"taxonomy":"category","embeddable":true,"href":"http:\/\/vincentians.com\/fr\/wp-json\/wp\/v2\/categories?post=151060"},{"taxonomy":"post_tag","embeddable":true,"href":"http:\/\/vincentians.com\/fr\/wp-json\/wp\/v2\/tags?post=151060"}],"curies":[{"name":"wp","href":"https:\/\/api.w.org\/{rel}","templated":true}]}}