{"id":151059,"date":"2015-01-15T07:18:22","date_gmt":"2015-01-15T06:18:22","guid":{"rendered":"http:\/\/vincentiens.org\/?p=151059"},"modified":"2015-01-15T07:18:22","modified_gmt":"2015-01-15T06:18:22","slug":"histoire-generale-de-la-congregation-de-la-mission-69","status":"publish","type":"post","link":"http:\/\/vincentians.com\/fr\/histoire-generale-de-la-congregation-de-la-mission-69\/","title":{"rendered":"Histoire g\u00e9n\u00e9rale de la Congr\u00e9gation de la Mission (69)"},"content":{"rendered":"<h2><b><b><b><strong>LXIX. Proc\u00e9dures pour la b\u00e9atification de M. Vincent<\/strong><\/b><\/b><\/b><\/h2>\n<p><a href=\"https:\/\/i0.wp.com\/vincentiens.org\/wp-content\/uploads\/2012\/12\/logocm.png\"><img data-recalc-dims=\"1\" loading=\"lazy\" decoding=\"async\" class=\"alignright size-medium wp-image-104093\" src=\"https:\/\/i0.wp.com\/vincentiens.org\/wp-content\/uploads\/2012\/12\/logocm-245x300.png?resize=245%2C300\" alt=\"logocm\" width=\"245\" height=\"300\" \/><\/a>Une des affaires qui tenaient le plus \u00e0 c\u0153ur au sup\u00e9rieur g\u00e9n\u00e9ral et int\u00e9ressaient davantage la Compagnie \u00e9tait l\u2019entreprise de la b\u00e9atification de M. Vincent, dont on a parl\u00e9 plus haut. Feu M. Watel y avait \u00e9tabli M. de Ces procureur, pour faire faire les informations sur la vie et les vertus de ce v\u00e9n\u00e9r\u00e9 serviteur de Dieu, et disposer ainsi les choses au proc\u00e8s de la b\u00e9atification, comme il mandait par sa lettre du 1<sup>er<\/sup> janvier 1705, ajoutant que s\u2019il se rencontrait quelqu\u2019un, dans les lieux o\u00f9 sont situ\u00e9es les maisons, qui en e\u00fbt connaissance et voul\u00fbt en donner des certificats d\u2019une mani\u00e8re juridique, il fallait en \u00e9crire \u00e0 M. de C\u00e8s ; il y marquait, de plus, que les missionnaires qui \u00e9taient pour lors dans la Chine avaient, par l\u2019intercession de M. Vincent, obtenu la gu\u00e9rison de trois malades presque d\u00e9sesp\u00e9r\u00e9s, leur faisant dire quelques pri\u00e8res et leur donnant \u00e0 boire certaines liqueurs o\u00f9 ils avaient fait tremper du linge imbib\u00e9 de son sang. M. Watel jugea ensuite \u00e0 propos de substituer \u00e0M. de C\u00e8s dans cet office M. Couty, sup\u00e9rieur de la maison de Narbonne, qui pour cela alla \u00e0 Rome en 1710 afin de suivre le proc\u00e8s. Il y fut bienvenu, et le caract\u00e8re de son esprit plut \u00e0 S[on] A[ltesse] R[oyale] le grand-duc de Toscane et \u00e0 la cour de Rome, qui a toujours pass\u00e9 pour la plus d\u00e9li\u00e9e et la plus propre \u00e0 reconna\u00eetre la d\u00e9licatesse du g\u00e9nie de ceux qui y paraissent. On fit imprimer l\u00e0, de l\u2019ordre de N[otre] S[aint] P[\u00e8re] le Pape, tous les t\u00e9moignages authentiques, les postulations et les certificats qu\u2019en avaient \u00e9crit \u00e0 S[a] S[aintet\u00e9] les Rois, les Cardinaux, les Archev\u00eaques, les \u00c9v\u00eaques, les grands Seigneurs et Magistrats tant du royaume de France que des autres \u00c9tats. Les premi\u00e8res proc\u00e9dures se firent avec beaucoup de diligence, le premier d\u00e9cret solennel \u00e9man\u00e9 de la Sacr\u00e9e Congr\u00e9gation des Rites, \u00e0 qui le jugement de cette affaire appartient, parutavant la fin de 1710. Par lequel elle d\u00e9clarait qu\u2019il constatait de la r\u00e9putation de saintet\u00e9, vertus et miracles du V\u00e9n[\u00e9rable] serviteur de Dieu Vincent-de-Paul, et qu\u2019on pouvait passer outre. C\u2019est en quoi consistent les pr\u00e9liminaires de la b\u00e9atification des saints ; apr\u00e8s quoi il s\u2019agissait de prouver l\u2019h\u00e9ro\u00efcit\u00e9 des vertus et les miracles.<\/p>\n<p>M. Bonnet donna cette agr\u00e9able nouvelle \u00e0 la Compagnie par sa lettre du premier janvier 1711, ajoutant que la premi\u00e8re de ces choses \u00e9tait attest\u00e9e par un grand nombre de t\u00e9moins, et que la seconde d\u00e9pendait plus de Dieu que des hommes ; toutefois qu\u2019il y avait lieu d\u2019esp\u00e9rer que l\u2019affaire ne manquerait pas de ce c\u00f4t\u00e9-l\u00e0, attendu qu\u2019on \u00e9tait inform\u00e9 de plus[ieu]rs gu\u00e9risons miraculeuses fort bien prouv\u00e9es et que d\u2019ailleurs la volont\u00e9 de Dieu a coutume de se manifester touchantle culte public de ses saints, quand l\u2019\u00c9glise est actuellement occup\u00e9e \u00e0 examiner la saintet\u00e9 de leur vie pour leur d\u00e9cerner les honneurs sacr\u00e9s de la religion. C\u2019est \u00e0 nous, ajoute-t-il, \u00e0 renouveler notre ferveur et notre confiance en l\u2019intercession de notre p\u00e8re, et d\u2019inspirer de semblables sentiments \u00e0 ceux avec qui nous vivons, surtout aux eccl\u00e9siastiques dans les s\u00e9minaires et aux pauvres gens des champs dans les missions. M. Bonnet n\u2019\u00e9tait alors que Vicaire g\u00e9n\u00e9ral et il crut n\u2019avoir pas encore assez d\u2019autorit\u00e9 pour obliger les maisons \u00e0 fournir aux d\u00e9penses n\u00e9cessaires de cette affaire en Cour de Rome, qu\u2019on sait \u00eatre consid\u00e9rables. Mais \u00e9tant en suite devenu g\u00e9n\u00e9ral il y pourvut, \u00e9crivant \u00e0 toutes les maisons, en date du 22 janvier 1712, et r\u00e9gla ce que chacune contribuerait tous les ans jusqu\u2019\u00e0 la conclusion de l\u2019affaire.<\/p>\n<p>La maison de St.-Lazare, disait-il, ayant fourni jusqu\u2019ici la plus grande partie des frais d\u00e9j\u00e0 faits, avec quelque chose qu\u2019on avait re\u00e7u de 38 maisons de France, lesquelles en cela avaient suivi leur d\u00e9votion sans que les dix neuf autres du royaume, ni celles d\u2019Italie, \u00e0 la r\u00e9serve de deux, ni encore de Pologne y eussent rien contribu\u00e9. Il d\u00e9clare que cette imposition commencerait d\u00e8s le 1<sup>er<\/sup> janvier 1711, et il ne manquait pas d\u2019all\u00e9guer des motifs pour engager les maisons \u00e0 fournir de bon c\u0153ur la somme annuelle \u00e0 laquelle il les taxait. Il s\u2019agit, dit-il, de notre p\u00e8re, \u00e0 qui nous ne saurions assez marquer notre reconnaissance. Sa b\u00e9atification nous est une affaire des plus int\u00e9ressantes pour la gloire de Dieu et pour notre r\u00e9novation dans l\u2019esprit et les vertus de la Mission. La d\u00e9pense qu\u2019il faudra faire pour cela n\u2019\u00e9galera pas. Il s\u2019en faudra bien celle qui s\u2019est faite pour la b\u00e9atification des autres saints. Nous voil\u00e0 pour ainsi dire \u00e0 la veille de la d\u00e9cision de cette grande affaire. On voit bien qu\u2019il parle pour encourager le monde, car on n\u2019ignorait pas qu\u2019\u00e0 Rome on va bien lentement en ce point. Comme en tout autre, nous n\u2019avons pas jusqu\u2019\u00e0 pr\u00e9sent d\u00e9pens\u00e9 qu\u2019environ quinze mil cinq cent livres, et je ne crois pas que ce qui reste \u00e0 faire puisse co\u00fbter encore autant. Toutefois, il se vit oblig\u00e9 de supprimer ensuite cette cotisation. L\u2019affaire tra\u00eenant en longueur, et charge les maisons d\u2019une autre pour les frais du s\u00e9minaire de r\u00e9novation. Plusieurs particuliers, continue-t-il, du dedans et du dehors de la Compagnie, ont contribu\u00e9 \u00e0 la d\u00e9pense pr\u00e9c\u00e9dente ; j\u2019esp\u00e8re qu\u2019ils le feront encore plus volontiers pour celle qui reste \u00e0 faire. Conservez-vous bien, afin de ne pas mourir avant de dire plusieurs ann\u00e9es publiquement : <em>Beate pater Vincenti, ora pro nobis<\/em>. On voit ici le c\u0153ur de M. Bonnetqui se r\u00e9pand dans un sujet dont il \u00e9tait tout occup\u00e9 et qu\u2019il esp\u00e9rait de voir aller bien vite. M. Couty, \u00e9tant revenu de Rome, assista \u00e0 l\u2019assembl\u00e9e g\u00e9n\u00e9rale de 1711, o\u00f9 il fut \u00e9lu troisi\u00e8me assistant du g\u00e9n\u00e9ral, qui, selon le d\u00e9cret de la m\u00eame assembl\u00e9e, devait rester pr\u00e8s de sa personne ; mais la b\u00e9atification de M. Vincent paraissait trop importante pour ne pas donner lieu d\u2019expliquer ce d\u00e9cret en faveur de cette affaire. Comme on savait que M. Couty \u00e9tait plus en \u00e9tat d\u2019y travailler que tout autre, il alla s\u2019embarquer \u00e0 Marseille, environ la St.-Jean de 1712, et vint par mer jusqu\u2019\u00e0 G\u00eanes, d\u2019o\u00f9 il se rendit par terre \u00e0 Rome. M. Bonnet le chargea \u00e0 son d\u00e9part de lui mander quand, \u00e9tant arriv\u00e9, il aurait sond\u00e9 le gu\u00e9, combien de temps \u00e0 peu pr\u00e8s l\u2019affairepourrait durer. Il lui fit esp\u00e9rer qu\u2019en cinq ou six ans elle pourrait \u00eatre finie, et peut-\u00eatre qu\u2019elle irait encore plus vite, attendu que les grandes \u0153uvres faites par le serviteur de Dieu, ses vertus h\u00e9ro\u00efques et ses miracles \u00e9taient plus que prouv\u00e9s par les t\u00e9moignages authentiques requis de la Congr\u00e9gation des Rites ; en telle sorte que ce serait une des plus belles causes qui eut \u00e9t\u00e9 depuis longtemps port\u00e9es \u00e0 ce tribunal, N[otre] S[aint] P[\u00e8re] le Pape et les Cardinaux \u00e9tant d\u2019ailleurs pr\u00e9venus d\u2019estime et d\u2019admiration pour ce grand serviteur de Dieu. C\u2019\u00e9tait ce qu\u2019\u00e9crivait M. Bonnet dans sa lettre du 1<sup>er<\/sup> janvier 1713.<\/p>\n<p>Son tombeau avait \u00e9t\u00e9 ouvert \u00e0 Paris d\u00e8s le mois de f\u00e9vrier de l\u2019ann\u00e9e pr\u00e9c\u00e9dente, en pr\u00e9sence des commissaires apostoliques, qui \u00e9taient Mgr le cardinal de Noailles et les \u00e9v\u00eaques de Rosalie<span id='easy-footnote-1-151059' class='easy-footnote-margin-adjust'><\/span><span class='easy-footnote'><a href='http:\/\/vincentians.com\/fr\/histoire-generale-de-la-congregation-de-la-mission-69\/#easy-footnote-bottom-1-151059' title='Artus de Lionne, \u00e9v\u00eaque de Rosalia, dioc\u00e8se titulaire.'><sup>1<\/sup><\/a><\/span><a href=\"#_ftn1\" name=\"_ftnref1\"><\/a> et de Tulle, l\u2019ancien, tous deux intimes amis de la Congr\u00e9gation ; celui-ci \u00e9tait messire Humbert Ancelin qui, ayantquitt\u00e9 son \u00e9v\u00each\u00e9, se retira \u00e0 St.-Lazare et y fit b\u00e2tir, \u00e0 un bout du clos, un joli appartement, o\u00f9 il a demeur\u00e9 jusqu\u2019\u00e0 sa mort. M. Couty se trouva aussi \u00e0 cette c\u00e9r\u00e9monie avec quelques autres missionnaires, tous oblig\u00e9s \u00e0 garder le secret. On l\u2019avait fix\u00e9e au 12 de f\u00e9vrier, mais la maladie et ensuite la mort de Madame la Dauphine, et puis celle de Mgr le Dauphin qui suivit de bien pr\u00e8s son \u00e9pouse, emp\u00each\u00e8rent le cardinal de Noailles de venir ce jour-l\u00e0, ainsi que marquait M. Dusaray dans une lettre ; il ajoutait dans une autre, en date du 24 mars 1712, que les proc\u00e8s-verbaux devaient \u00eatre clos, apr\u00e8s lesquels tous ceux qui avaient \u00e9t\u00e9 \u00e0 l\u2019ouverture du tombeau pourraient dire ce qu\u2019ils avaient vu ; il y \u00e9tait lui-m\u00eame et il en fit le r\u00e9cit dans une troisi\u00e8me lettre en ces termes : Quand on ouvrit le cercueil de M. Vincent, on le trouva tout entier avec sa soutane et ses bas ; il n\u2019y avait queles yeux et le nez de consum\u00e9s ; je lui comptai dix-huit dents, neuf en haut et autant en bas. Comme on ne voulut pas le mettre hors de la bi\u00e8re, de crainte que les os ne se disloquassent, et qu\u2019on ne toucha point \u00e0 sa soutane, on ne put pas bien voir toutes les parties du corps qui semblaient \u00eatre encore en chair et en os ; on leva seulement une palette de l\u2019estomac, qu\u2019on avait ouvert quand on tira le c\u0153ur et les entrailles. Ceux qui s\u2019approch\u00e8rent de pr\u00e8s et y voient mieux que moi, M. Dusaray, auteur de ce r\u00e9cit, a toujours eu la vue fort basse, assurent qu\u2019ils ont vu le foie encore tout vermeil ; pour moi je maniai son bras et sa main droite qui est en os et en chair, mais dess\u00e9ch\u00e9e avec les ongles. Ce qui est bien certain, c\u2019est que les vers n\u2019ont jamais \u00e9t\u00e9 dans son cercueil, puisque la soutane paraissait humide et onctueuse sans avoir aucune odeur et \u00e9tait aussi forte que quand on la mit dans le cercueil de plomb. Le m\u00e9decin et lechirurgien qui firent leur proc\u00e8s-verbal de l\u2019\u00e9tat du corps et examin\u00e8rent soigneusement le tout, dirent qu\u2019il ne pouvait pas s\u2019\u00eatre conserv\u00e9 en cet \u00e9tat naturellement, depuis plus de cinquante ans.<\/p>\n<p>Cependant M. Couty ne trouva pas \u00e0 Rome autant de diligence qu\u2019il l\u2019avait fait esp\u00e9rer en \u00e9crivant au g\u00e9n\u00e9ral, quoique toute la proc\u00e9dure faite par autorit\u00e9 apostolique e\u00fbt \u00e9t\u00e9 d\u00e9clar\u00e9e bien faite et valable, d\u00e8s le 1<sup>er<\/sup> juillet 1713. Dans la b\u00e9atification de St Fran\u00e7ois de Sales, il avait fallu tout recommencer ; ainsi l\u2019affaire ne pouvait plus manquer par d\u00e9faut de formalit\u00e9. Ledit M. Couty ne manqua pas de s\u2019appliquer de son mieux \u00e0 pr\u00e9parer des mati\u00e8res, pour prouver l\u2019h\u00e9ro\u00efcit\u00e9 des vertus et la v\u00e9rit\u00e9 des miracles, afin de faire juger l\u2019un et l\u2019autre dans deux congr\u00e9gations, comme l\u2019\u00e9crivit M Bonnet, en date du premier janvier 1714. Mais tout celafut prolong\u00e9, et il n\u2019y eut rien \u00e0 dire dans la lettre du 1<sup>er<\/sup> janvier de l\u2019ann\u00e9e suivante 1715. D\u00e8s le 22 de ces m\u00eames mois et ann\u00e9e, la Congr\u00e9gation se tint \u00e0 Rome, sur l\u2019h\u00e9ro\u00efcit\u00e9 des vertus, sans y avoir rien qui p\u00fbt faire douter du succ\u00e8s. Cette congr\u00e9gation se nomme antipr\u00e9paratoire et les consulteurs y demandaient quelques \u00e9crits de M. Vincent qu\u2019on leur enverrait. On avait fait esp\u00e9rer que la seconde, appel\u00e9e pr\u00e9paratoire, se tiendrait environ un an apr\u00e8s, et puis la 3e pour rendre le d\u00e9cret de cette h\u00e9ro\u00efcit\u00e9, ainsi que mandait M. Bonnet du premier janvier 1716, qui commen\u00e7ait pourtant \u00e0 ne pas tant se flatter de la bri\u00e8vet\u00e9 de cette poursuite. Cela va un peu lentement, disait-il ; que faire ? Il faut prendre patience, d\u2019autant plus volontiers que nous sommes plus avanc\u00e9s que d\u2019autres qui ont commenc\u00e9 longtemps avant nous. La derni\u00e8re assembl\u00e9e du clerg\u00e9 vient de nous donner une lettre fortpressante pour acc\u00e9l\u00e9rer ce proc\u00e8s, qui a encore plus besoin de pri\u00e8res aupr\u00e8s de Dieu que de recommandation aupr\u00e8s des hommes.<\/p>\n<p>Le g\u00e9n\u00e9ral parut pourtant attrist\u00e9 de cette longueur. Et il \u00e9crivit aux maisons le 31 mars 1716, ayant arr\u00eat\u00e9 ci-devant et fix\u00e9 une certaine contribution \u00e0 chaque maison pour la b\u00e9atification de M. Vincent, les temps sont pr\u00e9sentement si f\u00e2cheux et les maisons si pauvres pour la plupart qu\u2019elles ont de la peine \u00e0 fournir leur contingent ; qu\u2019ainsi, de l\u2019avis de son conseil, il avait r\u00e9duit cette contribution \u00e0 la somme annuelle de trois mille cent livres, qui s\u2019appliquerait non plus \u00e0 la b\u00e9atification de M. Vincent, mais \u00e0 la subsistance de ceux qui feraient le S\u00e9minaire de r\u00e9novation. Il ne paraissait pas avoir gu\u00e8re plus d\u2019esp\u00e9rance au commencement de 1717, \u00e9crivant que l\u2019affaire allait son train, qu\u2019on avait envoy\u00e9 les \u00e9crits du Serviteur de Dieu, qu\u2019on les examinait, et que jusque-l\u00e0 il n\u2019y avait pas eu de f\u00e2cheux incidents. On sait que l\u2019article du Jans\u00e9nisme et les liaisons de M. Vincent avec l\u2019abb\u00e9 de St.-Cyran dont on produisit de certains faits faisaient quelques impressions sur l\u2019esprit des consulteurs. Le p\u00e8re g\u00e9n\u00e9ral des J\u00e9suites n\u2019avait pas voulu donner des t\u00e9moignages sur la saintet\u00e9 du serviteur de Dieu, et le P\u00e8re Daubanton, c\u00e9l\u00e8bre J\u00e9suite qui travailla \u00e0 Rome pour la b\u00e9atification du P\u00e8re R\u00e9gis, dont il vint \u00e0 bout, disait de M. Vincent, qu\u2019\u00e0 la v\u00e9rit\u00e9 il semblait avoir vu saintement, mais que dans sa vie il n\u2019y avait pas de miracles. Le 1<sup>er<\/sup> janvier 1718, M. Bonnet avertit la Compagnie qu\u2019apr\u00e8s avoir longtemps attendu, on avait tenu \u00e0 Rome, le 18 d\u00e9cembre pass\u00e9, uneseconde Congr\u00e9gation, o\u00f9 on reconnut unanimement que M. Vincent a poss\u00e9d\u00e9 les vertus chr\u00e9tiennes dans un degr\u00e9 h\u00e9ro\u00efque et, que de 14 consulteurs, il n\u2019y en eut que deux qui suspendissent leurs suffrages jusqu\u2019\u00e0 ce qu\u2019ils fussent inform\u00e9s de deux affaires temporelles auxquelles il \u00e9tait ais\u00e9 de satisfaire par des pi\u00e8ces authentiques irr\u00e9fragables.<\/p>\n<p>L\u2019ann\u00e9e suivante le g\u00e9n\u00e9ral n\u2019eut d\u2019autres choses \u00e0 dire de cette affaire, sinon que M. Couty \u00e9tait toujours occup\u00e9 \u00e0 pr\u00e9parer les mati\u00e8res de la derni\u00e8re Congr\u00e9gation, sur l\u2019h\u00e9ro\u00efcit\u00e9 des vertus. Cette cause, ajoute-t-il, est plus l\u2019affaire de Dieu de la n\u00f4tre. Il faut prier sans cesse qu\u2019il la fasse r\u00e9ussir \u00e0 sa plus grande gloire et au plus grand bien de l\u2019\u00e9glise et de la Congr\u00e9gation. Il n\u2019en parla plus dansla suite et l\u2019affaire est rest\u00e9e l\u00e0. Les brouilleries survenues dans l\u2019\u00c9glise au sujet de la Constitution, et le m\u00e9contentement qu\u2019on eut \u00e0 Rome de l\u2019\u00c9glise de Paris, dont le cardinal de Noailles est archev\u00eaque, en furent \u00e0 ce qu\u2019on croit en partie la cause. Au commencement de l\u2019ann\u00e9e 1720, Mgr le cardinal de la Tr\u00e9moille, archev\u00eaque de Cambrai, faisant pour lors \u00e0 Rome les affaires de France, dressa pour son dioc\u00e8se un mandement o\u00f9, acceptant cette Constitution, il disait avoir ou\u00ef dire au Saint-P\u00e8re, de sa propre bouche, qu\u2019il n\u2019avait point pr\u00e9tendu par cette Bulle donner aucune atteinte \u00e0 tout ce qu\u2019enseigne l\u2019\u00e9cole de St.-Thomas, ni \u00e0 aucun autre point de doctrine ni de discipline qui se trouve contest\u00e9 entre les docteurs catholiques ; sur quoi M. Couty qui \u00e9tait \u00e0 Rome, honor\u00e9 del\u2019estime de Son \u00c9m[inen]ce, crut que le cardinal de Noailles pourrait faire un tel mandement et recevoir ainsi cette Bulle, laquelle ne lui faisait de la peine, que parce qu\u2019il jugeait qu\u2019on en pourrait faire ais\u00e9ment abus pour vouloir attaquer ou le Thomisme, ou la s\u00e9v\u00e9rit\u00e9 de la morale chr\u00e9tienne, ou les libert\u00e9s de l\u2019\u00e9glise de France.<\/p>\n<p>M. Couty partit de Rome avec esp\u00e9rance de faire go\u00fbter \u00e0 Paris cet exp\u00e9dient, portant une copie du mandement de Mgr de Cambrai. Le Pape m\u00eame, joyeux de trouver quelque voie d\u2019accommodement, lui donna mille \u00e9cus pour son voyage ; mais, tandis qu\u2019il \u00e9tait en chemin, le cardinal de la Tr\u00e9moille mourut en peu de jours, fort regrett\u00e9 dans la Cour romaine. M. Couty ne laissa pas de continuer sa route \u00e0 Paris o\u00f9 il restaplusieurs mois. L\u2019affaire de l\u2019accommodement se n\u00e9gocia ; le cardinal de Noailles accepta la Bulle, en faisant mention du corps de doctrine qu\u2019il avait compos\u00e9 pour l\u2019explication des Propositions en question, tout comme les 40 pr\u00e9lats acceptants, du temps du Roi Louis XIV, y avaient joint des explications de leur fa\u00e7on. Le Roi tr\u00e8s chr\u00e9tien donna des lettres patentes portant injonction d\u2019accepter ladite Bulle selon toutes ces explications ; mais diverses personnes en France ne s\u2019accommod\u00e8rent pas de ce temp\u00e9rament. Quand les lettres de S[a] M[ajest\u00e9] furent publi\u00e9es, M. Couty reprit le chemin de Rome, non par le Pi\u00e9mont, comme \u00e0 l\u2019ordinaire, ce chemin \u00e9tant bouch\u00e9 \u00e0 cause que le Roi de Sicile en faisait garder l\u2019entr\u00e9e par crainte de contagion qui d\u00e9solait laprovince, mais par l\u2019Allemagne et le Tyrol, quoique la route f\u00fbt beaucoup plus longue. Il pensait reprendre la principale affaire pour laquelle il \u00e9tait \u00e0 Rome ; mais N[otre] S[aint] P[\u00e8re] le Pape est venu \u00e0 mourir le 19 mars 1721 ; son successeur le cardinal Conti, \u00e9lu Pape le 8e mai suivant, sous le nom d\u2019Innocent XIII, n\u2019a encore rien fait pour la b\u00e9atification de M. Vincent ; ainsi on est demeur\u00e9 \u00e0 attendre cette 3\u00e8me Congr\u00e9gation pour prononcer sur l\u2019h\u00e9ro\u00efcit\u00e9 de ses vertus.<\/p>\n","protected":false},"excerpt":{"rendered":"<p>LXIX. Proc\u00e9dures pour la b\u00e9atification de M. Vincent Une des affaires qui tenaient le plus \u00e0 c\u0153ur au sup\u00e9rieur g\u00e9n\u00e9ral et int\u00e9ressaient davantage la Compagnie \u00e9tait l\u2019entreprise de la b\u00e9atification de M. Vincent, dont on &#8230; <a href=\"http:\/\/vincentians.com\/fr\/histoire-generale-de-la-congregation-de-la-mission-69\/\" class=\"more-link\">Read More<\/a><\/p>\n","protected":false},"author":4,"featured_media":189808,"comment_status":"open","ping_status":"open","sticky":false,"template":"","format":"standard","meta":{"jetpack_post_was_ever_published":false,"_jetpack_newsletter_access":"","_jetpack_dont_email_post_to_subs":false,"_jetpack_newsletter_tier_id":0,"_jetpack_memberships_contains_paywalled_content":false,"_jetpack_memberships_contains_paid_content":false,"footnotes":"","jetpack_publicize_message":"","jetpack_publicize_feature_enabled":true,"jetpack_social_post_already_shared":true,"jetpack_social_options":{"image_generator_settings":{"template":"highway","default_image_id":0,"font":"","enabled":false},"version":2}},"categories":[134],"tags":[],"class_list":["post-151059","post","type-post","status-publish","format-standard","has-post-thumbnail","hentry","category-histoire-de-la-congregation-de-la-mission"],"yoast_head":"<!-- This site is optimized with the Yoast SEO plugin v26.3 - https:\/\/yoast.com\/wordpress\/plugins\/seo\/ -->\n<title>Histoire g\u00e9n\u00e9rale de la Congr\u00e9gation de la Mission (69) - Nous Sommes Vincentiens<\/title>\n<meta name=\"robots\" content=\"index, follow, max-snippet:-1, max-image-preview:large, max-video-preview:-1\" \/>\n<link rel=\"canonical\" href=\"https:\/\/vincentians.com\/fr\/histoire-generale-de-la-congregation-de-la-mission-69\/\" \/>\n<meta property=\"og:locale\" content=\"fr_FR\" \/>\n<meta property=\"og:type\" content=\"article\" \/>\n<meta property=\"og:title\" content=\"Histoire g\u00e9n\u00e9rale de la Congr\u00e9gation de la Mission (69) - Nous Sommes Vincentiens\" \/>\n<meta property=\"og:description\" content=\"LXIX. Proc\u00e9dures pour la b\u00e9atification de M. Vincent Une des affaires qui tenaient le plus \u00e0 c\u0153ur au sup\u00e9rieur g\u00e9n\u00e9ral et int\u00e9ressaient davantage la Compagnie \u00e9tait l\u2019entreprise de la b\u00e9atification de M. Vincent, dont on ... Read More\" \/>\n<meta property=\"og:url\" content=\"https:\/\/vincentians.com\/fr\/histoire-generale-de-la-congregation-de-la-mission-69\/\" \/>\n<meta property=\"og:site_name\" content=\"Nous Sommes Vincentiens\" \/>\n<meta property=\"article:publisher\" content=\"https:\/\/www.facebook.com\/WeAreVincentians\/\" \/>\n<meta property=\"article:author\" content=\"https:\/\/www.facebook.com\/JavierChento\" \/>\n<meta property=\"article:published_time\" content=\"2015-01-15T06:18:22+00:00\" \/>\n<meta property=\"og:image\" content=\"https:\/\/i0.wp.com\/vincentians.com\/fr\/wp-content\/uploads\/sites\/10\/2016\/07\/histoire-generale-de-la-congregation-de-la-mission.jpg?fit=1200%2C630&ssl=1\" \/>\n\t<meta property=\"og:image:width\" content=\"1200\" \/>\n\t<meta property=\"og:image:height\" content=\"630\" \/>\n\t<meta property=\"og:image:type\" content=\"image\/jpeg\" \/>\n<meta name=\"author\" content=\"Francisco Javier Fern\u00e1ndez Chento\" \/>\n<meta name=\"twitter:card\" content=\"summary_large_image\" \/>\n<meta name=\"twitter:creator\" content=\"@https:\/\/twitter.com\/javierchento\" \/>\n<meta name=\"twitter:site\" content=\"@WeVincentians\" \/>\n<meta name=\"twitter:label1\" content=\"\u00c9crit par\" \/>\n\t<meta name=\"twitter:data1\" content=\"Francisco Javier Fern\u00e1ndez Chento\" \/>\n\t<meta name=\"twitter:label2\" content=\"Dur\u00e9e de lecture estim\u00e9e\" \/>\n\t<meta name=\"twitter:data2\" content=\"15 minutes\" \/>\n<script type=\"application\/ld+json\" class=\"yoast-schema-graph\">{\"@context\":\"https:\/\/schema.org\",\"@graph\":[{\"@type\":\"WebPage\",\"@id\":\"https:\/\/vincentians.com\/fr\/histoire-generale-de-la-congregation-de-la-mission-69\/\",\"url\":\"https:\/\/vincentians.com\/fr\/histoire-generale-de-la-congregation-de-la-mission-69\/\",\"name\":\"Histoire g\u00e9n\u00e9rale de la Congr\u00e9gation de la Mission (69) - Nous Sommes Vincentiens\",\"isPartOf\":{\"@id\":\"http:\/\/vincentians.com\/fr\/#website\"},\"primaryImageOfPage\":{\"@id\":\"https:\/\/vincentians.com\/fr\/histoire-generale-de-la-congregation-de-la-mission-69\/#primaryimage\"},\"image\":{\"@id\":\"https:\/\/vincentians.com\/fr\/histoire-generale-de-la-congregation-de-la-mission-69\/#primaryimage\"},\"thumbnailUrl\":\"https:\/\/i0.wp.com\/vincentians.com\/fr\/wp-content\/uploads\/sites\/10\/2016\/07\/histoire-generale-de-la-congregation-de-la-mission.jpg?fit=1200%2C630\",\"datePublished\":\"2015-01-15T06:18:22+00:00\",\"author\":{\"@id\":\"http:\/\/vincentians.com\/fr\/#\/schema\/person\/9623ef4d9aa3b2dfb8c061f1499288f2\"},\"breadcrumb\":{\"@id\":\"https:\/\/vincentians.com\/fr\/histoire-generale-de-la-congregation-de-la-mission-69\/#breadcrumb\"},\"inLanguage\":\"fr-FR\",\"potentialAction\":[{\"@type\":\"ReadAction\",\"target\":[\"https:\/\/vincentians.com\/fr\/histoire-generale-de-la-congregation-de-la-mission-69\/\"]}]},{\"@type\":\"ImageObject\",\"inLanguage\":\"fr-FR\",\"@id\":\"https:\/\/vincentians.com\/fr\/histoire-generale-de-la-congregation-de-la-mission-69\/#primaryimage\",\"url\":\"https:\/\/i0.wp.com\/vincentians.com\/fr\/wp-content\/uploads\/sites\/10\/2016\/07\/histoire-generale-de-la-congregation-de-la-mission.jpg?fit=1200%2C630\",\"contentUrl\":\"https:\/\/i0.wp.com\/vincentians.com\/fr\/wp-content\/uploads\/sites\/10\/2016\/07\/histoire-generale-de-la-congregation-de-la-mission.jpg?fit=1200%2C630\",\"width\":1200,\"height\":630},{\"@type\":\"BreadcrumbList\",\"@id\":\"https:\/\/vincentians.com\/fr\/histoire-generale-de-la-congregation-de-la-mission-69\/#breadcrumb\",\"itemListElement\":[{\"@type\":\"ListItem\",\"position\":1,\"name\":\"Portada\",\"item\":\"http:\/\/vincentians.com\/fr\/\"},{\"@type\":\"ListItem\",\"position\":2,\"name\":\"Histoire g\u00e9n\u00e9rale de la Congr\u00e9gation de la Mission (69)\"}]},{\"@type\":\"WebSite\",\"@id\":\"http:\/\/vincentians.com\/fr\/#website\",\"url\":\"http:\/\/vincentians.com\/fr\/\",\"name\":\"Nous Sommes Vincentiens\",\"description\":\"Know more to serve more\",\"potentialAction\":[{\"@type\":\"SearchAction\",\"target\":{\"@type\":\"EntryPoint\",\"urlTemplate\":\"http:\/\/vincentians.com\/fr\/?s={search_term_string}\"},\"query-input\":{\"@type\":\"PropertyValueSpecification\",\"valueRequired\":true,\"valueName\":\"search_term_string\"}}],\"inLanguage\":\"fr-FR\"},{\"@type\":\"Person\",\"@id\":\"http:\/\/vincentians.com\/fr\/#\/schema\/person\/9623ef4d9aa3b2dfb8c061f1499288f2\",\"name\":\"Francisco Javier Fern\u00e1ndez Chento\",\"image\":{\"@type\":\"ImageObject\",\"inLanguage\":\"fr-FR\",\"@id\":\"http:\/\/vincentians.com\/fr\/#\/schema\/person\/image\/\",\"url\":\"https:\/\/secure.gravatar.com\/avatar\/497d5cde87b4c3d097d0315953521681ba2cd523ee66e5077c3711f7021e65de?s=96&d=mm&r=g\",\"contentUrl\":\"https:\/\/secure.gravatar.com\/avatar\/497d5cde87b4c3d097d0315953521681ba2cd523ee66e5077c3711f7021e65de?s=96&d=mm&r=g\",\"caption\":\"Francisco Javier Fern\u00e1ndez Chento\"},\"description\":\"Director General y cofundador de La Red de Formaci\u00f3n Vicenciana. Javier es laico vicenciano, afiliado a la Congregaci\u00f3n de la Misi\u00f3n y miembro del Equipo de Misiones Populares de la provincia can\u00f3nica de Zaragoza (Espa\u00f1a) de la Congregaci\u00f3n de la Misi\u00f3n. Graduado en la Universidad Oberta de Catalunya con cuatro grados (Asistente de direcci\u00f3n, Gesti\u00f3n Administrativa, Recursos Humanos y Contabilidad Avanzada). Bil\u00edng\u00fce Espa\u00f1ol\/Ingl\u00e9s. gestiona y mantiene varias p\u00e1ginas web cristianas y vicencianas, incluida including La Red de Formaci\u00f3n Vicenciana, de la que es cofundador. Actualmente es responsable del \u00e1rea de Espa\u00f1ol de .famvin, la Red de Noticias de la Familia Vicenciana. Tambi\u00e9n es m\u00fasico cat\u00f3lico y ha editado varios discos. Es Director General y cofundador de Trovador, una reconocida compa\u00f1\u00eda discogr\u00e1fica critiana de Espa\u00f1a. Trabaja en las Tecnolog\u00edas de la Informaci\u00f3n, ofreciendo servicios de alojamiento, dise\u00f1o y mantenimiento Web, as\u00ed como asesoramiento, formaci\u00f3n y soluciones inform\u00e1ticas, gesti\u00f3n documental y digitalizaci\u00f3n de textos, edici\u00f3n y maquetaci\u00f3n de libros, revistas, flyers, etc.\",\"sameAs\":[\"http:\/\/chento.org\",\"https:\/\/www.facebook.com\/JavierChento\",\"https:\/\/x.com\/https:\/\/twitter.com\/javierchento\"],\"url\":\"http:\/\/vincentians.com\/fr\/author\/chento\/\"}]}<\/script>\n<!-- \/ Yoast SEO plugin. -->","yoast_head_json":{"title":"Histoire g\u00e9n\u00e9rale de la Congr\u00e9gation de la Mission (69) - Nous Sommes Vincentiens","robots":{"index":"index","follow":"follow","max-snippet":"max-snippet:-1","max-image-preview":"max-image-preview:large","max-video-preview":"max-video-preview:-1"},"canonical":"https:\/\/vincentians.com\/fr\/histoire-generale-de-la-congregation-de-la-mission-69\/","og_locale":"fr_FR","og_type":"article","og_title":"Histoire g\u00e9n\u00e9rale de la Congr\u00e9gation de la Mission (69) - Nous Sommes Vincentiens","og_description":"LXIX. Proc\u00e9dures pour la b\u00e9atification de M. Vincent Une des affaires qui tenaient le plus \u00e0 c\u0153ur au sup\u00e9rieur g\u00e9n\u00e9ral et int\u00e9ressaient davantage la Compagnie \u00e9tait l\u2019entreprise de la b\u00e9atification de M. Vincent, dont on ... Read More","og_url":"https:\/\/vincentians.com\/fr\/histoire-generale-de-la-congregation-de-la-mission-69\/","og_site_name":"Nous Sommes Vincentiens","article_publisher":"https:\/\/www.facebook.com\/WeAreVincentians\/","article_author":"https:\/\/www.facebook.com\/JavierChento","article_published_time":"2015-01-15T06:18:22+00:00","og_image":[{"width":1200,"height":630,"url":"https:\/\/i0.wp.com\/vincentians.com\/fr\/wp-content\/uploads\/sites\/10\/2016\/07\/histoire-generale-de-la-congregation-de-la-mission.jpg?fit=1200%2C630&ssl=1","type":"image\/jpeg"}],"author":"Francisco Javier Fern\u00e1ndez Chento","twitter_card":"summary_large_image","twitter_creator":"@https:\/\/twitter.com\/javierchento","twitter_site":"@WeVincentians","twitter_misc":{"\u00c9crit par":"Francisco Javier Fern\u00e1ndez Chento","Dur\u00e9e de lecture estim\u00e9e":"15 minutes"},"schema":{"@context":"https:\/\/schema.org","@graph":[{"@type":"WebPage","@id":"https:\/\/vincentians.com\/fr\/histoire-generale-de-la-congregation-de-la-mission-69\/","url":"https:\/\/vincentians.com\/fr\/histoire-generale-de-la-congregation-de-la-mission-69\/","name":"Histoire g\u00e9n\u00e9rale de la Congr\u00e9gation de la Mission (69) - Nous Sommes Vincentiens","isPartOf":{"@id":"http:\/\/vincentians.com\/fr\/#website"},"primaryImageOfPage":{"@id":"https:\/\/vincentians.com\/fr\/histoire-generale-de-la-congregation-de-la-mission-69\/#primaryimage"},"image":{"@id":"https:\/\/vincentians.com\/fr\/histoire-generale-de-la-congregation-de-la-mission-69\/#primaryimage"},"thumbnailUrl":"https:\/\/i0.wp.com\/vincentians.com\/fr\/wp-content\/uploads\/sites\/10\/2016\/07\/histoire-generale-de-la-congregation-de-la-mission.jpg?fit=1200%2C630","datePublished":"2015-01-15T06:18:22+00:00","author":{"@id":"http:\/\/vincentians.com\/fr\/#\/schema\/person\/9623ef4d9aa3b2dfb8c061f1499288f2"},"breadcrumb":{"@id":"https:\/\/vincentians.com\/fr\/histoire-generale-de-la-congregation-de-la-mission-69\/#breadcrumb"},"inLanguage":"fr-FR","potentialAction":[{"@type":"ReadAction","target":["https:\/\/vincentians.com\/fr\/histoire-generale-de-la-congregation-de-la-mission-69\/"]}]},{"@type":"ImageObject","inLanguage":"fr-FR","@id":"https:\/\/vincentians.com\/fr\/histoire-generale-de-la-congregation-de-la-mission-69\/#primaryimage","url":"https:\/\/i0.wp.com\/vincentians.com\/fr\/wp-content\/uploads\/sites\/10\/2016\/07\/histoire-generale-de-la-congregation-de-la-mission.jpg?fit=1200%2C630","contentUrl":"https:\/\/i0.wp.com\/vincentians.com\/fr\/wp-content\/uploads\/sites\/10\/2016\/07\/histoire-generale-de-la-congregation-de-la-mission.jpg?fit=1200%2C630","width":1200,"height":630},{"@type":"BreadcrumbList","@id":"https:\/\/vincentians.com\/fr\/histoire-generale-de-la-congregation-de-la-mission-69\/#breadcrumb","itemListElement":[{"@type":"ListItem","position":1,"name":"Portada","item":"http:\/\/vincentians.com\/fr\/"},{"@type":"ListItem","position":2,"name":"Histoire g\u00e9n\u00e9rale de la Congr\u00e9gation de la Mission (69)"}]},{"@type":"WebSite","@id":"http:\/\/vincentians.com\/fr\/#website","url":"http:\/\/vincentians.com\/fr\/","name":"Nous Sommes Vincentiens","description":"Know more to serve more","potentialAction":[{"@type":"SearchAction","target":{"@type":"EntryPoint","urlTemplate":"http:\/\/vincentians.com\/fr\/?s={search_term_string}"},"query-input":{"@type":"PropertyValueSpecification","valueRequired":true,"valueName":"search_term_string"}}],"inLanguage":"fr-FR"},{"@type":"Person","@id":"http:\/\/vincentians.com\/fr\/#\/schema\/person\/9623ef4d9aa3b2dfb8c061f1499288f2","name":"Francisco Javier Fern\u00e1ndez Chento","image":{"@type":"ImageObject","inLanguage":"fr-FR","@id":"http:\/\/vincentians.com\/fr\/#\/schema\/person\/image\/","url":"https:\/\/secure.gravatar.com\/avatar\/497d5cde87b4c3d097d0315953521681ba2cd523ee66e5077c3711f7021e65de?s=96&d=mm&r=g","contentUrl":"https:\/\/secure.gravatar.com\/avatar\/497d5cde87b4c3d097d0315953521681ba2cd523ee66e5077c3711f7021e65de?s=96&d=mm&r=g","caption":"Francisco Javier Fern\u00e1ndez Chento"},"description":"Director General y cofundador de La Red de Formaci\u00f3n Vicenciana. Javier es laico vicenciano, afiliado a la Congregaci\u00f3n de la Misi\u00f3n y miembro del Equipo de Misiones Populares de la provincia can\u00f3nica de Zaragoza (Espa\u00f1a) de la Congregaci\u00f3n de la Misi\u00f3n. Graduado en la Universidad Oberta de Catalunya con cuatro grados (Asistente de direcci\u00f3n, Gesti\u00f3n Administrativa, Recursos Humanos y Contabilidad Avanzada). Bil\u00edng\u00fce Espa\u00f1ol\/Ingl\u00e9s. gestiona y mantiene varias p\u00e1ginas web cristianas y vicencianas, incluida including La Red de Formaci\u00f3n Vicenciana, de la que es cofundador. Actualmente es responsable del \u00e1rea de Espa\u00f1ol de .famvin, la Red de Noticias de la Familia Vicenciana. Tambi\u00e9n es m\u00fasico cat\u00f3lico y ha editado varios discos. Es Director General y cofundador de Trovador, una reconocida compa\u00f1\u00eda discogr\u00e1fica critiana de Espa\u00f1a. Trabaja en las Tecnolog\u00edas de la Informaci\u00f3n, ofreciendo servicios de alojamiento, dise\u00f1o y mantenimiento Web, as\u00ed como asesoramiento, formaci\u00f3n y soluciones inform\u00e1ticas, gesti\u00f3n documental y digitalizaci\u00f3n de textos, edici\u00f3n y maquetaci\u00f3n de libros, revistas, flyers, etc.","sameAs":["http:\/\/chento.org","https:\/\/www.facebook.com\/JavierChento","https:\/\/x.com\/https:\/\/twitter.com\/javierchento"],"url":"http:\/\/vincentians.com\/fr\/author\/chento\/"}]}},"jetpack_publicize_connections":[],"jetpack_featured_media_url":"https:\/\/i0.wp.com\/vincentians.com\/fr\/wp-content\/uploads\/sites\/10\/2016\/07\/histoire-generale-de-la-congregation-de-la-mission.jpg?fit=1200%2C630","jetpack_sharing_enabled":true,"jetpack_shortlink":"https:\/\/wp.me\/p7ETMP-Dir","jetpack-related-posts":[{"id":42953,"url":"http:\/\/vincentians.com\/fr\/marguerite-rutan-une-intrepide-fille-de-saint-vincent\/","url_meta":{"origin":151059,"position":0},"title":"Marguerite Rutan, une intr\u00e9pide fille de Saint Vincent","author":"Francisco Javier Fern\u00e1ndez Chento","date":"14\/11\/2013","format":false,"excerpt":"Le 19 juin 2011, plus de deux cents ans apr\u00e8s sa\u00a0d\u00e9capitation, s\u0153ur Marguerite Rutan,\u00a0premi\u00e8re sup\u00e9rieure de l'h\u00f4pital, sera\u00a0b\u00e9atifi\u00e9e par l'\u00e9missaire du pape dans les\u00a0ar\u00e8nes de la ville. Sous l'\u00e9gide de Mgr\u00a0Breton, un comit\u00e9 permanent et 15 \u00ab\u00a0animateurs de chantiers \u00bb pr\u00e9parent la\u00a0b\u00e9atification de s\u0153ur Marguerite Rutan. Il fut un temps\u2026","rel":"","context":"Dans &quot;Marguerite Rutan&quot;","block_context":{"text":"Marguerite Rutan","link":"http:\/\/vincentians.com\/fr\/category\/marguerite-rutan\/"},"img":{"alt_text":"","src":"https:\/\/i0.wp.com\/vincentiens.org\/wp-content\/uploads\/2012\/10\/rutan1-143x300.jpg?resize=350%2C200","width":350,"height":200},"classes":[]},{"id":108237,"url":"http:\/\/vincentians.com\/fr\/histoire-generale-de-la-congregation-de-la-mission-57\/","url_meta":{"origin":151059,"position":1},"title":"Histoire g\u00e9n\u00e9rale de la Congr\u00e9gation de la Mission (57)","author":"Francisco Javier Fern\u00e1ndez Chento","date":"23\/02\/2014","format":false,"excerpt":"LVII. Dessein pris de la b\u00e9atification de M. Vincent. Faveurs du St.-Si\u00e8ge Tous ces diff\u00e9rents emplois et Missions confi\u00e9s aux pr\u00eatres de la Congr\u00e9gation et auxquels M. Vincent avait donn\u00e9 lieu par l\u2019\u00e9rection de la Compagnie, firent na\u00eetre dans l\u2019esprit de quelques personnes la pens\u00e9e de travailler \u00e0 le faire\u2026","rel":"","context":"Dans &quot;Histoire de la Congr\u00e9gation de la Mission&quot;","block_context":{"text":"Histoire de la Congr\u00e9gation de la Mission","link":"http:\/\/vincentians.com\/fr\/category\/histoire-de-la-congregation-de-la-mission\/"},"img":{"alt_text":"","src":"https:\/\/i0.wp.com\/vincentians.com\/fr\/wp-content\/uploads\/sites\/10\/2016\/07\/histoire-generale-de-la-congregation-de-la-mission.jpg?fit=1200%2C630&resize=350%2C200","width":350,"height":200,"srcset":"https:\/\/i0.wp.com\/vincentians.com\/fr\/wp-content\/uploads\/sites\/10\/2016\/07\/histoire-generale-de-la-congregation-de-la-mission.jpg?fit=1200%2C630&resize=350%2C200 1x, https:\/\/i0.wp.com\/vincentians.com\/fr\/wp-content\/uploads\/sites\/10\/2016\/07\/histoire-generale-de-la-congregation-de-la-mission.jpg?fit=1200%2C630&resize=525%2C300 1.5x, https:\/\/i0.wp.com\/vincentians.com\/fr\/wp-content\/uploads\/sites\/10\/2016\/07\/histoire-generale-de-la-congregation-de-la-mission.jpg?fit=1200%2C630&resize=700%2C400 2x, https:\/\/i0.wp.com\/vincentians.com\/fr\/wp-content\/uploads\/sites\/10\/2016\/07\/histoire-generale-de-la-congregation-de-la-mission.jpg?fit=1200%2C630&resize=1050%2C600 3x"},"classes":[]},{"id":38477,"url":"http:\/\/vincentians.com\/fr\/le-directeur-provincial-animateur-des-filles-de-la-charite\/","url_meta":{"origin":151059,"position":2},"title":"Le Directeur Provincial \u201canimateur\u201d des Filles de la Charit\u00e9","author":"Francisco Javier Fern\u00e1ndez Chento","date":"03\/10\/2012","format":false,"excerpt":"Dans les Constitutions des Filles de la Charit\u00e9, nous trouvons \u00e0 l\u2019article 3.38: le Directeur Provincial est un pr\u00eatre de la Congr\u00e9gation de la Mission, nomm\u00e9 par le Sup\u00e9rieur G\u00e9n\u00e9ral; \u201cil partage avec la Visitatrice et son Conseil la responsabilit\u00e9 de promouvoir l\u2019esprit vincentien dans la Province\u201d Missionnaire, le directeur\u2026","rel":"","context":"Dans &quot;Congr\u00e9gation de la Mission&quot;","block_context":{"text":"Congr\u00e9gation de la Mission","link":"http:\/\/vincentians.com\/fr\/category\/congregation-de-la-mission\/"},"img":{"alt_text":"","src":"https:\/\/i0.wp.com\/vincentiens.org\/wp-content\/uploads\/2011\/05\/filles_charite-228x300.jpg?resize=350%2C200","width":350,"height":200},"classes":[]},{"id":54379,"url":"http:\/\/vincentians.com\/fr\/les-voeux-dans-la-congregation-nature-necessite-et-utilite\/","url_meta":{"origin":151059,"position":3},"title":"Les voeux dans la Congr\u00e9gation: nature, necessit\u00e9 et utilit\u00e9","author":"Francisco Javier Fern\u00e1ndez Chento","date":"03\/11\/2012","format":false,"excerpt":"Remarque pr\u00e9liminaire: Les membres de ce Groupe, constitu\u00e9 par le Sup\u00e9rieur G\u00e9n\u00e9ral (Constitutions n. 54, D\u00e9crets Temporaires n. 2) s'acquittent d'un double devoir: chacun y repr\u00e9sente une section de la Congr\u00e9gation (un groupe linguistique ou g\u00e9ographique), y travaille avec sa propre comp\u00e9tence. En tant que repr\u00e9sentant, il doit veiller \u00e1\u2026","rel":"","context":"Dans &quot;Congr\u00e9gation de la Mission&quot;","block_context":{"text":"Congr\u00e9gation de la Mission","link":"http:\/\/vincentians.com\/fr\/category\/congregation-de-la-mission\/"},"img":{"alt_text":"","src":"https:\/\/i0.wp.com\/vincentiens.org\/wp-content\/uploads\/2011\/08\/logocm-237x300.jpg?resize=350%2C200","width":350,"height":200},"classes":[]},{"id":52068,"url":"http:\/\/vincentians.com\/fr\/saint-vincent-de-paul-et-sa-mission-sociale-vi-la-posterite-1\/","url_meta":{"origin":151059,"position":4},"title":"Saint Vincent De Paul Et Sa Mission Sociale. VI &#8211; La Post\u00e9rit\u00e9 (1)","author":"Francisco Javier Fern\u00e1ndez Chento","date":"30\/12\/2014","format":false,"excerpt":"L\u2019ACCROISSEMENT. \u2014 Extension des deux familles de saint Vincent de Paul. \u2014 Progr\u00e8s de leurs \u0153uvres. \u2014 Les missions \u00e9trang\u00e8res et les s\u00e9minaires. \u2014 Les successeurs de saint Vincent. \u2014 Congr\u00e9gations religieuses fond\u00e9es sur le mod\u00e8le de la Mission. \u2014 Les Filles de la Charit\u00e9 en France et \u00e0 l\u2019\u00e9tranger.\u2026","rel":"","context":"Dans &quot;Vincent de Paul&quot;","block_context":{"text":"Vincent de Paul","link":"http:\/\/vincentians.com\/fr\/category\/the-vincentian-family\/founders\/vincent-de-paul\/"},"img":{"alt_text":"","src":"https:\/\/i0.wp.com\/vincentians.com\/fr\/wp-content\/uploads\/sites\/10\/2016\/07\/vincent-et-sa-action-sociale.jpg?fit=1160%2C630&resize=350%2C200","width":350,"height":200,"srcset":"https:\/\/i0.wp.com\/vincentians.com\/fr\/wp-content\/uploads\/sites\/10\/2016\/07\/vincent-et-sa-action-sociale.jpg?fit=1160%2C630&resize=350%2C200 1x, https:\/\/i0.wp.com\/vincentians.com\/fr\/wp-content\/uploads\/sites\/10\/2016\/07\/vincent-et-sa-action-sociale.jpg?fit=1160%2C630&resize=525%2C300 1.5x, https:\/\/i0.wp.com\/vincentians.com\/fr\/wp-content\/uploads\/sites\/10\/2016\/07\/vincent-et-sa-action-sociale.jpg?fit=1160%2C630&resize=700%2C400 2x, https:\/\/i0.wp.com\/vincentians.com\/fr\/wp-content\/uploads\/sites\/10\/2016\/07\/vincent-et-sa-action-sociale.jpg?fit=1160%2C630&resize=1050%2C600 3x"},"classes":[]},{"id":52035,"url":"http:\/\/vincentians.com\/fr\/saint-vincent-de-paul-et-sa-mission-sociale-ii-les-oeuvres-2\/","url_meta":{"origin":151059,"position":5},"title":"Saint Vincent De Paul Et Sa Mission Sociale. II &#8211; Les \u0152uvres (2)","author":"Francisco Javier Fern\u00e1ndez Chento","date":"22\/12\/2014","format":false,"excerpt":"LA CONGR\u00c9GATION DE LA MISSION. \u2014 Fondation de la Mission. \u2014 Madame de Gondi. \u2014 Vincent de Paul est nomm\u00e9 sup\u00e9rieur du coll\u00e8ge des Bons-Enfants. \u2014 Les fondateurs d\u2019ordre. \u2014 But de la Congr\u00e9gation de la Mission. \u2014 L\u2019\u00e9vang\u00e9lisation des pauvres. \u2014 \u00c9tablissement \u00e0 Saint-Lazare. \u2014 Premiers travaux des missionnaires.\u2026","rel":"","context":"Dans &quot;Vincent de Paul&quot;","block_context":{"text":"Vincent de Paul","link":"http:\/\/vincentians.com\/fr\/category\/the-vincentian-family\/founders\/vincent-de-paul\/"},"img":{"alt_text":"","src":"https:\/\/i0.wp.com\/vincentians.com\/fr\/wp-content\/uploads\/sites\/10\/2016\/07\/vincent-et-sa-action-sociale.jpg?fit=1160%2C630&resize=350%2C200","width":350,"height":200,"srcset":"https:\/\/i0.wp.com\/vincentians.com\/fr\/wp-content\/uploads\/sites\/10\/2016\/07\/vincent-et-sa-action-sociale.jpg?fit=1160%2C630&resize=350%2C200 1x, https:\/\/i0.wp.com\/vincentians.com\/fr\/wp-content\/uploads\/sites\/10\/2016\/07\/vincent-et-sa-action-sociale.jpg?fit=1160%2C630&resize=525%2C300 1.5x, https:\/\/i0.wp.com\/vincentians.com\/fr\/wp-content\/uploads\/sites\/10\/2016\/07\/vincent-et-sa-action-sociale.jpg?fit=1160%2C630&resize=700%2C400 2x, https:\/\/i0.wp.com\/vincentians.com\/fr\/wp-content\/uploads\/sites\/10\/2016\/07\/vincent-et-sa-action-sociale.jpg?fit=1160%2C630&resize=1050%2C600 3x"},"classes":[]}],"_links":{"self":[{"href":"http:\/\/vincentians.com\/fr\/wp-json\/wp\/v2\/posts\/151059","targetHints":{"allow":["GET"]}}],"collection":[{"href":"http:\/\/vincentians.com\/fr\/wp-json\/wp\/v2\/posts"}],"about":[{"href":"http:\/\/vincentians.com\/fr\/wp-json\/wp\/v2\/types\/post"}],"author":[{"embeddable":true,"href":"http:\/\/vincentians.com\/fr\/wp-json\/wp\/v2\/users\/4"}],"replies":[{"embeddable":true,"href":"http:\/\/vincentians.com\/fr\/wp-json\/wp\/v2\/comments?post=151059"}],"version-history":[{"count":0,"href":"http:\/\/vincentians.com\/fr\/wp-json\/wp\/v2\/posts\/151059\/revisions"}],"wp:featuredmedia":[{"embeddable":true,"href":"http:\/\/vincentians.com\/fr\/wp-json\/wp\/v2\/media\/189808"}],"wp:attachment":[{"href":"http:\/\/vincentians.com\/fr\/wp-json\/wp\/v2\/media?parent=151059"}],"wp:term":[{"taxonomy":"category","embeddable":true,"href":"http:\/\/vincentians.com\/fr\/wp-json\/wp\/v2\/categories?post=151059"},{"taxonomy":"post_tag","embeddable":true,"href":"http:\/\/vincentians.com\/fr\/wp-json\/wp\/v2\/tags?post=151059"}],"curies":[{"name":"wp","href":"https:\/\/api.w.org\/{rel}","templated":true}]}}