{"id":151058,"date":"2015-01-14T07:18:22","date_gmt":"2015-01-14T06:18:22","guid":{"rendered":"http:\/\/vincentiens.org\/?p=151058"},"modified":"2015-01-14T07:18:22","modified_gmt":"2015-01-14T06:18:22","slug":"histoire-generale-de-la-congregation-de-la-mission-68","status":"publish","type":"post","link":"http:\/\/vincentians.com\/fr\/histoire-generale-de-la-congregation-de-la-mission-68\/","title":{"rendered":"Histoire g\u00e9n\u00e9rale de la Congr\u00e9gation de la Mission (68)"},"content":{"rendered":"<h2><b><b><b><strong>LXVIII. Visites de M. Bonnet<\/strong><\/b><\/b><\/b><\/h2>\n<p><a href=\"https:\/\/i0.wp.com\/vincentiens.org\/wp-content\/uploads\/2012\/12\/logocm.png\"><img data-recalc-dims=\"1\" loading=\"lazy\" decoding=\"async\" class=\"alignright size-medium wp-image-104093\" src=\"https:\/\/i0.wp.com\/vincentiens.org\/wp-content\/uploads\/2012\/12\/logocm-245x300.png?resize=245%2C300\" alt=\"logocm\" width=\"245\" height=\"300\" \/><\/a>Ayant pris toutes les mesures dont nous venons de parler devant et apr\u00e8s l\u2019assembl\u00e9e g\u00e9n\u00e9rale, pour affermir l\u2019esprit de l\u2019Institut dans la Compagnie, M. Bonnet, se sentant de la vigueur, r\u00e9solut apr\u00e8s en avoir d\u00e9lib\u00e9r\u00e9 avec les assistants d\u2019entreprendre par lui-m\u00eame la visite de toutes les maisons de France. Il commen\u00e7a l\u2019ann\u00e9e 1712 par celle de la province de Bretagne, et continua les ann\u00e9es suivantes par les autres des provinces de Guyenne, de Champagne et de Picardie. En l\u2019ann\u00e9e 1715, il retourna encore en Aquitaine, et vint en Languedoc et en Provence pour visiter les maisons de la province de Lyon ; il ne peut achever \u00e0 cause de la mort du roi Louis XIV, qui arriva en cette ann\u00e9e-l\u00e0, et l\u2019obligea de revenir promptement \u00e0 Paris. Il commen\u00e7aces diff\u00e9rentes visites incontinent apr\u00e8s P\u00e2ques, dans le printemps, except\u00e9 en 1714 ; il avait r\u00e9solu de passer \u00e0 Bordeaux, puis de venir ensuite visiter les maisons de la province de Lyon, mais \u00e9tant retenu \u00e0 St.-Lazare par des affaires indispensables, il ne put en partir qu\u2019au mois de juillet pour visiter celles de Champagne et de Picardie plus pr\u00e8s de Paris. Toutes les fois qu\u2019il quittait St.-Lazare, il donnait avis aux maisons de son d\u00e9part, afin que, si quelqu\u2019un avait besoin de s\u2019adresser \u00e0 lui, on s\u00fbt o\u00f9 il fallait \u00e9crire pour cela, et de m\u00eame quand il \u00e9tait de retour, pour le m\u00eame sujet. Cette Visite du g\u00e9n\u00e9ral dans toutes les maisons, ce qui n\u2019\u00e9tait jamais arriv\u00e9 depuis que M. Vincent en avait visit\u00e9 quelques-unes, causa beaucoup de joie \u00e0 tous les sujets de la Congr\u00e9gation, et le sup\u00e9rieur g\u00e9n\u00e9ral t\u00e9moigna de son c\u00f4t\u00e9 \u00eatre satisfait de l\u2019\u00e9tat o\u00f9 il trouva chaque maison, laissant des ordonnances de Visites propres \u00e0 pourvoir aux besoins des familles.<\/p>\n<p>Il avait marqu\u00e9 dans une lettre du 1<sup>er<\/sup> janvier 1711, n\u2019\u00e9tant encore que Vicaire g\u00e9n\u00e9ral, que le s\u00e9minaire interne de St.-Lazare \u00e9tait bien r\u00e9gl\u00e9 et que les \u00e9tudes allaient bien. On travaille partout, disait-il encore dans une lettre du 1<sup>er<\/sup> janvier 1713, avec b\u00e9n\u00e9diction et succ\u00e8s dans les fonctions ; il y a 40 \u00e9tudiants de bonne esp\u00e9rance. Toutefois il avait remarqu\u00e9 dans les visites, deux ou trois d\u00e9fauts dominants, savoir, un manquement de respect et de soumission pour les sup\u00e9rieurs, surtout dans les occasions o\u00f9 on n\u2019est pas content des ordres qu\u2019ils donnent, et un penchant au rel\u00e2chement en fait de sensualit\u00e9, et de d\u00e9licatesse pour le boire, et le manger. Quelques r\u00e9gents n\u2019observent pas dans les vacances lesr\u00e8glement de M. Pierron, et encore une d\u00e9mangeaison de parler peu sagement des affaires de l\u2019\u00e9tat et de l\u2019\u00e9glise, ou de diff\u00e9rentes communaut\u00e9s. Tout cela pouvait faire un tr\u00e8s grand tort tant aux particuliers, qu\u2019\u00e0 la Congr\u00e9gation, o\u00f9 il d\u00e9fait avec raison. Qu\u2019une des plus grandes peines qu\u2019il avait dans la conduite \u00e9tait de pr\u00e9venir ces maux avant qu\u2019ils arrivassent, et d\u2019y rem\u00e9dier quand ils \u00e9taient arriv\u00e9s, ainsi que chacun devait prendre garde \u00e0 de tels d\u00e9fauts.<\/p>\n<p>Dans une lettre suivante du 1<sup>er<\/sup> janvier 1714, il \u00e9crivait : Il m\u2019a paru, par les deux visites que j\u2019ai faites les ann\u00e9es pr\u00e9c\u00e9dentes et par les avis des visiteurs, que la plupart de nos maisons sont en bon \u00e9tat, en paix et en r\u00e8gle, font bien leurs fonctions et paraissent anim\u00e9es de l\u2019esprit de l\u2019Institut. Il para\u00eet pourtant que quelques-uns n\u2019observentpas assez le v\u0153u de pauvret\u00e9, faute de faire attention \u00e0 ce qui en est marqu\u00e9 dans les r\u00e8gles, les d\u00e9crets et les lettres circulaires. M. Bonnet commen\u00e7a d\u2019\u00e9crire tous les ans des lettres \u00e0 la Compagnie pour lui apprendre les nouvelles, ce que les premiers G\u00e9n\u00e9raux ne faisaient que de temps en temps et les autres de deux ans en deux ans. Il marque dans la lettre de 1715 que, quoique les maisons lui eussent paru bien travailler \u00e0 leur perfection et \u00e0 bien faire les emplois, il se trouvait encore oblig\u00e9 d\u2019insister sur l\u2019ob\u00e9issance du v\u0153u de pauvret\u00e9 afin qu\u2019on n\u2019introduise rien de contraire aux r\u00e8gles, d\u00e9crets, et lettres circulaires. De plus recommander de fuir autant qu\u2019on pourrait les airs et mani\u00e8res du monde, et persistant dans les fa\u00e7ons de faire humbles et pauvres, telles que nous avait laiss\u00e9es M. Vincent. \u00c9viter de m\u00eame les conversations trop famili\u00e8res avec les externessurtout dans les paroisses, prendre bien garde de ne rien dire ni faire contre la prudence, et la circonspection, dans les affaires pr\u00e9sentes de l\u2019\u00e9glise. C\u2019est ainsi que dans ces lettres apr\u00e8s avoir marqu\u00e9 des nouvelles de la Compagnie, il y parle de certains d\u00e9fauts qu\u2019on y observait le plus.<\/p>\n<p>Il le fit pareillement dans sa lettre du 1e janvier 1716 y marquant ceux-ci de se laisser trop aller \u00e0 la sensualit\u00e9 dans les promenades et r\u00e9gales qu\u2019on prend dans les maisons de campagne, o\u00f9 on sert des viandes qui ne sont pas en usage dans la Compagnie, de n\u2019\u00eatre pas assez assidus \u00e0 l\u2019oraison du matin, reposant sans permission trop souvent, et trop longtemps. De se servir trop fr\u00e9quemment, et trop publiquement du tabac, contre la r\u00e9solution de la derni\u00e8re assembl\u00e9e g\u00e9n\u00e9rale, et pour les sup\u00e9rieurs de faire des voyages et d\u00e9penses non n\u00e9cessairesne pas laisser faire les offices \u00e0 un chacun, emprunter, vendre, acheter, sans permission, et sans demander l\u2019avis des consulteurs. Il se vit oblig\u00e9 de donner les m\u00eames avis dans la suite, parce qu\u2019apparemment on ne se corrigeait pas. En 1718 il recommandait de se tenir toujours bien uni, et en m\u00eame temps s\u00e9par\u00e9 des externes sans rechercher des appuis aupr\u00e8s d\u2019eux, pour se maintenir. Agir en toutes choses en esprit d\u2019humilit\u00e9, simplicit\u00e9, et ob\u00e9issance, d\u2019\u00eatre fid\u00e8le \u00e0 l\u2019oraison et autres exercices spirituels, aux v\u0153ux et surtout \u00e0 celui de pauvret\u00e9, contre lequel plusieurs font des fautes notables. En 1719 il r\u00e9p\u00e9ta encore : Tirons nous du monde tant qu\u2019il nous sera possible, surtout dans les paroisses, soyons fid\u00e8les \u00e0 nos r\u00e8glements, point de visites inutiles, n\u2019allons pas seuls, et ne nous licencions point \u00e0 boire et manger en villesous quelque pr\u00e9texte que ce soit. Ce que le g\u00e9n\u00e9ral nomme fautes de plus qu\u2019une fois, qu\u2019on puisse conna\u00eetre dans la congr\u00e9gation. Soyons fid\u00e8les \u00e0 l\u2019oraison et aux exercices de pi\u00e9t\u00e9. Les sup\u00e9rieurs et procureurs doivent veiller \u00e0 se rendre en cela l\u2019exemple des autres. Vivons dans une exacte mortification int\u00e9rieure et ext\u00e9rieure, pr\u00e9servons nous des plus l\u00e9g\u00e8res apparences de la vie molle et sensuelle. Ne nous attachons jamais aux lieux, aux emplois, ni aux personnes.<\/p>\n<p>Et encore sur la fin de cette m\u00eame l\u2019ann\u00e9e, faisons attention \u00e0 nous garder fid\u00e8lement des nouveaut\u00e9s, nous attachant au solide et au gros de l\u2019arbre de la science eccl\u00e9siastique. Vivons et mourons dans la foi et simplicit\u00e9 de nos p\u00e8res, parfaitement soumis \u00e0 l\u2019\u00e9glise, au St. Si\u00e8ge, et \u00e0 tous les autres sup\u00e9rieurs eccl\u00e9siastiques. Soyons prudentes, et circonspectes, dans nos paroles sur lesaffaires de l\u2019\u00e9glise, et de l\u2019\u00e9tat. Tenons nous chacun chez nous, sans nous m\u00ealer de rien que de nos affaires ; c\u2019est \u00e0 dire de bien servir Dieu, de nous sanctifier, et \u00e9difier le prochain par nos fonctions selon nos r\u00e8gles. On a pu remarquer par tous ces avis qui ne sont presque jamais que sur les m\u00eames articles, que M. Bonnet n\u2019a pas manqu\u00e9 d\u2019en donner. Il \u00e9crivit des lettres pour maintenir le bon ordre, et l\u2019esprit de la mission, y ayant voulu contribuer par des visites personnelles, qu\u2019il fit dans les cinq ou six premi\u00e8res ann\u00e9es de son g\u00e9n\u00e9ralat. Toutes ces fautes, et tous ces d\u00e9fauts, ne se sont pas corrig\u00e9s pour cela, et il se trouve toujours quelqu\u2019un qui donne lieu \u00e0 renouveler ces sortes de plaintes.<\/p>\n","protected":false},"excerpt":{"rendered":"<p>LXVIII. Visites de M. Bonnet Ayant pris toutes les mesures dont nous venons de parler devant et apr\u00e8s l\u2019assembl\u00e9e g\u00e9n\u00e9rale, pour affermir l\u2019esprit de l\u2019Institut dans la Compagnie, M. Bonnet, se sentant de la vigueur, &#8230; <a href=\"http:\/\/vincentians.com\/fr\/histoire-generale-de-la-congregation-de-la-mission-68\/\" class=\"more-link\">Read More<\/a><\/p>\n","protected":false},"author":4,"featured_media":189808,"comment_status":"open","ping_status":"open","sticky":false,"template":"","format":"standard","meta":{"jetpack_post_was_ever_published":false,"_jetpack_newsletter_access":"","_jetpack_dont_email_post_to_subs":false,"_jetpack_newsletter_tier_id":0,"_jetpack_memberships_contains_paywalled_content":false,"_jetpack_memberships_contains_paid_content":false,"footnotes":"","jetpack_publicize_message":"","jetpack_publicize_feature_enabled":true,"jetpack_social_post_already_shared":true,"jetpack_social_options":{"image_generator_settings":{"template":"highway","default_image_id":0,"font":"","enabled":false},"version":2}},"categories":[134],"tags":[],"class_list":["post-151058","post","type-post","status-publish","format-standard","has-post-thumbnail","hentry","category-histoire-de-la-congregation-de-la-mission"],"yoast_head":"<!-- This site is optimized with the Yoast SEO plugin v26.3 - https:\/\/yoast.com\/wordpress\/plugins\/seo\/ -->\n<title>Histoire g\u00e9n\u00e9rale de la Congr\u00e9gation de la Mission (68) - Nous Sommes Vincentiens<\/title>\n<meta name=\"robots\" content=\"index, follow, max-snippet:-1, max-image-preview:large, max-video-preview:-1\" \/>\n<link rel=\"canonical\" href=\"https:\/\/vincentians.com\/fr\/histoire-generale-de-la-congregation-de-la-mission-68\/\" \/>\n<meta property=\"og:locale\" content=\"fr_FR\" \/>\n<meta property=\"og:type\" content=\"article\" \/>\n<meta property=\"og:title\" content=\"Histoire g\u00e9n\u00e9rale de la Congr\u00e9gation de la Mission (68) - Nous Sommes Vincentiens\" \/>\n<meta property=\"og:description\" content=\"LXVIII. Visites de M. Bonnet Ayant pris toutes les mesures dont nous venons de parler devant et apr\u00e8s l\u2019assembl\u00e9e g\u00e9n\u00e9rale, pour affermir l\u2019esprit de l\u2019Institut dans la Compagnie, M. Bonnet, se sentant de la vigueur, ... Read More\" \/>\n<meta property=\"og:url\" content=\"https:\/\/vincentians.com\/fr\/histoire-generale-de-la-congregation-de-la-mission-68\/\" \/>\n<meta property=\"og:site_name\" content=\"Nous Sommes Vincentiens\" \/>\n<meta property=\"article:publisher\" content=\"https:\/\/www.facebook.com\/WeAreVincentians\/\" \/>\n<meta property=\"article:author\" content=\"https:\/\/www.facebook.com\/JavierChento\" \/>\n<meta property=\"article:published_time\" content=\"2015-01-14T06:18:22+00:00\" \/>\n<meta property=\"og:image\" content=\"https:\/\/i0.wp.com\/vincentians.com\/fr\/wp-content\/uploads\/sites\/10\/2016\/07\/histoire-generale-de-la-congregation-de-la-mission.jpg?fit=1200%2C630&ssl=1\" \/>\n\t<meta property=\"og:image:width\" content=\"1200\" \/>\n\t<meta property=\"og:image:height\" content=\"630\" \/>\n\t<meta property=\"og:image:type\" content=\"image\/jpeg\" \/>\n<meta name=\"author\" content=\"Francisco Javier Fern\u00e1ndez Chento\" \/>\n<meta name=\"twitter:card\" content=\"summary_large_image\" \/>\n<meta name=\"twitter:creator\" content=\"@https:\/\/twitter.com\/javierchento\" \/>\n<meta name=\"twitter:site\" content=\"@WeVincentians\" \/>\n<meta name=\"twitter:label1\" content=\"\u00c9crit par\" \/>\n\t<meta name=\"twitter:data1\" content=\"Francisco Javier Fern\u00e1ndez Chento\" \/>\n\t<meta name=\"twitter:label2\" content=\"Dur\u00e9e de lecture estim\u00e9e\" \/>\n\t<meta name=\"twitter:data2\" content=\"7 minutes\" \/>\n<script type=\"application\/ld+json\" class=\"yoast-schema-graph\">{\"@context\":\"https:\/\/schema.org\",\"@graph\":[{\"@type\":\"WebPage\",\"@id\":\"https:\/\/vincentians.com\/fr\/histoire-generale-de-la-congregation-de-la-mission-68\/\",\"url\":\"https:\/\/vincentians.com\/fr\/histoire-generale-de-la-congregation-de-la-mission-68\/\",\"name\":\"Histoire g\u00e9n\u00e9rale de la Congr\u00e9gation de la Mission (68) - Nous Sommes Vincentiens\",\"isPartOf\":{\"@id\":\"http:\/\/vincentians.com\/fr\/#website\"},\"primaryImageOfPage\":{\"@id\":\"https:\/\/vincentians.com\/fr\/histoire-generale-de-la-congregation-de-la-mission-68\/#primaryimage\"},\"image\":{\"@id\":\"https:\/\/vincentians.com\/fr\/histoire-generale-de-la-congregation-de-la-mission-68\/#primaryimage\"},\"thumbnailUrl\":\"https:\/\/i0.wp.com\/vincentians.com\/fr\/wp-content\/uploads\/sites\/10\/2016\/07\/histoire-generale-de-la-congregation-de-la-mission.jpg?fit=1200%2C630\",\"datePublished\":\"2015-01-14T06:18:22+00:00\",\"author\":{\"@id\":\"http:\/\/vincentians.com\/fr\/#\/schema\/person\/9623ef4d9aa3b2dfb8c061f1499288f2\"},\"breadcrumb\":{\"@id\":\"https:\/\/vincentians.com\/fr\/histoire-generale-de-la-congregation-de-la-mission-68\/#breadcrumb\"},\"inLanguage\":\"fr-FR\",\"potentialAction\":[{\"@type\":\"ReadAction\",\"target\":[\"https:\/\/vincentians.com\/fr\/histoire-generale-de-la-congregation-de-la-mission-68\/\"]}]},{\"@type\":\"ImageObject\",\"inLanguage\":\"fr-FR\",\"@id\":\"https:\/\/vincentians.com\/fr\/histoire-generale-de-la-congregation-de-la-mission-68\/#primaryimage\",\"url\":\"https:\/\/i0.wp.com\/vincentians.com\/fr\/wp-content\/uploads\/sites\/10\/2016\/07\/histoire-generale-de-la-congregation-de-la-mission.jpg?fit=1200%2C630\",\"contentUrl\":\"https:\/\/i0.wp.com\/vincentians.com\/fr\/wp-content\/uploads\/sites\/10\/2016\/07\/histoire-generale-de-la-congregation-de-la-mission.jpg?fit=1200%2C630\",\"width\":1200,\"height\":630},{\"@type\":\"BreadcrumbList\",\"@id\":\"https:\/\/vincentians.com\/fr\/histoire-generale-de-la-congregation-de-la-mission-68\/#breadcrumb\",\"itemListElement\":[{\"@type\":\"ListItem\",\"position\":1,\"name\":\"Portada\",\"item\":\"http:\/\/vincentians.com\/fr\/\"},{\"@type\":\"ListItem\",\"position\":2,\"name\":\"Histoire g\u00e9n\u00e9rale de la Congr\u00e9gation de la Mission (68)\"}]},{\"@type\":\"WebSite\",\"@id\":\"http:\/\/vincentians.com\/fr\/#website\",\"url\":\"http:\/\/vincentians.com\/fr\/\",\"name\":\"Nous Sommes Vincentiens\",\"description\":\"Know more to serve more\",\"potentialAction\":[{\"@type\":\"SearchAction\",\"target\":{\"@type\":\"EntryPoint\",\"urlTemplate\":\"http:\/\/vincentians.com\/fr\/?s={search_term_string}\"},\"query-input\":{\"@type\":\"PropertyValueSpecification\",\"valueRequired\":true,\"valueName\":\"search_term_string\"}}],\"inLanguage\":\"fr-FR\"},{\"@type\":\"Person\",\"@id\":\"http:\/\/vincentians.com\/fr\/#\/schema\/person\/9623ef4d9aa3b2dfb8c061f1499288f2\",\"name\":\"Francisco Javier Fern\u00e1ndez Chento\",\"image\":{\"@type\":\"ImageObject\",\"inLanguage\":\"fr-FR\",\"@id\":\"http:\/\/vincentians.com\/fr\/#\/schema\/person\/image\/\",\"url\":\"https:\/\/secure.gravatar.com\/avatar\/497d5cde87b4c3d097d0315953521681ba2cd523ee66e5077c3711f7021e65de?s=96&d=mm&r=g\",\"contentUrl\":\"https:\/\/secure.gravatar.com\/avatar\/497d5cde87b4c3d097d0315953521681ba2cd523ee66e5077c3711f7021e65de?s=96&d=mm&r=g\",\"caption\":\"Francisco Javier Fern\u00e1ndez Chento\"},\"description\":\"Director General y cofundador de La Red de Formaci\u00f3n Vicenciana. Javier es laico vicenciano, afiliado a la Congregaci\u00f3n de la Misi\u00f3n y miembro del Equipo de Misiones Populares de la provincia can\u00f3nica de Zaragoza (Espa\u00f1a) de la Congregaci\u00f3n de la Misi\u00f3n. Graduado en la Universidad Oberta de Catalunya con cuatro grados (Asistente de direcci\u00f3n, Gesti\u00f3n Administrativa, Recursos Humanos y Contabilidad Avanzada). Bil\u00edng\u00fce Espa\u00f1ol\/Ingl\u00e9s. gestiona y mantiene varias p\u00e1ginas web cristianas y vicencianas, incluida including La Red de Formaci\u00f3n Vicenciana, de la que es cofundador. Actualmente es responsable del \u00e1rea de Espa\u00f1ol de .famvin, la Red de Noticias de la Familia Vicenciana. Tambi\u00e9n es m\u00fasico cat\u00f3lico y ha editado varios discos. Es Director General y cofundador de Trovador, una reconocida compa\u00f1\u00eda discogr\u00e1fica critiana de Espa\u00f1a. Trabaja en las Tecnolog\u00edas de la Informaci\u00f3n, ofreciendo servicios de alojamiento, dise\u00f1o y mantenimiento Web, as\u00ed como asesoramiento, formaci\u00f3n y soluciones inform\u00e1ticas, gesti\u00f3n documental y digitalizaci\u00f3n de textos, edici\u00f3n y maquetaci\u00f3n de libros, revistas, flyers, etc.\",\"sameAs\":[\"http:\/\/chento.org\",\"https:\/\/www.facebook.com\/JavierChento\",\"https:\/\/x.com\/https:\/\/twitter.com\/javierchento\"],\"url\":\"http:\/\/vincentians.com\/fr\/author\/chento\/\"}]}<\/script>\n<!-- \/ Yoast SEO plugin. -->","yoast_head_json":{"title":"Histoire g\u00e9n\u00e9rale de la Congr\u00e9gation de la Mission (68) - Nous Sommes Vincentiens","robots":{"index":"index","follow":"follow","max-snippet":"max-snippet:-1","max-image-preview":"max-image-preview:large","max-video-preview":"max-video-preview:-1"},"canonical":"https:\/\/vincentians.com\/fr\/histoire-generale-de-la-congregation-de-la-mission-68\/","og_locale":"fr_FR","og_type":"article","og_title":"Histoire g\u00e9n\u00e9rale de la Congr\u00e9gation de la Mission (68) - Nous Sommes Vincentiens","og_description":"LXVIII. Visites de M. Bonnet Ayant pris toutes les mesures dont nous venons de parler devant et apr\u00e8s l\u2019assembl\u00e9e g\u00e9n\u00e9rale, pour affermir l\u2019esprit de l\u2019Institut dans la Compagnie, M. Bonnet, se sentant de la vigueur, ... Read More","og_url":"https:\/\/vincentians.com\/fr\/histoire-generale-de-la-congregation-de-la-mission-68\/","og_site_name":"Nous Sommes Vincentiens","article_publisher":"https:\/\/www.facebook.com\/WeAreVincentians\/","article_author":"https:\/\/www.facebook.com\/JavierChento","article_published_time":"2015-01-14T06:18:22+00:00","og_image":[{"width":1200,"height":630,"url":"https:\/\/i0.wp.com\/vincentians.com\/fr\/wp-content\/uploads\/sites\/10\/2016\/07\/histoire-generale-de-la-congregation-de-la-mission.jpg?fit=1200%2C630&ssl=1","type":"image\/jpeg"}],"author":"Francisco Javier Fern\u00e1ndez Chento","twitter_card":"summary_large_image","twitter_creator":"@https:\/\/twitter.com\/javierchento","twitter_site":"@WeVincentians","twitter_misc":{"\u00c9crit par":"Francisco Javier Fern\u00e1ndez Chento","Dur\u00e9e de lecture estim\u00e9e":"7 minutes"},"schema":{"@context":"https:\/\/schema.org","@graph":[{"@type":"WebPage","@id":"https:\/\/vincentians.com\/fr\/histoire-generale-de-la-congregation-de-la-mission-68\/","url":"https:\/\/vincentians.com\/fr\/histoire-generale-de-la-congregation-de-la-mission-68\/","name":"Histoire g\u00e9n\u00e9rale de la Congr\u00e9gation de la Mission (68) - Nous Sommes Vincentiens","isPartOf":{"@id":"http:\/\/vincentians.com\/fr\/#website"},"primaryImageOfPage":{"@id":"https:\/\/vincentians.com\/fr\/histoire-generale-de-la-congregation-de-la-mission-68\/#primaryimage"},"image":{"@id":"https:\/\/vincentians.com\/fr\/histoire-generale-de-la-congregation-de-la-mission-68\/#primaryimage"},"thumbnailUrl":"https:\/\/i0.wp.com\/vincentians.com\/fr\/wp-content\/uploads\/sites\/10\/2016\/07\/histoire-generale-de-la-congregation-de-la-mission.jpg?fit=1200%2C630","datePublished":"2015-01-14T06:18:22+00:00","author":{"@id":"http:\/\/vincentians.com\/fr\/#\/schema\/person\/9623ef4d9aa3b2dfb8c061f1499288f2"},"breadcrumb":{"@id":"https:\/\/vincentians.com\/fr\/histoire-generale-de-la-congregation-de-la-mission-68\/#breadcrumb"},"inLanguage":"fr-FR","potentialAction":[{"@type":"ReadAction","target":["https:\/\/vincentians.com\/fr\/histoire-generale-de-la-congregation-de-la-mission-68\/"]}]},{"@type":"ImageObject","inLanguage":"fr-FR","@id":"https:\/\/vincentians.com\/fr\/histoire-generale-de-la-congregation-de-la-mission-68\/#primaryimage","url":"https:\/\/i0.wp.com\/vincentians.com\/fr\/wp-content\/uploads\/sites\/10\/2016\/07\/histoire-generale-de-la-congregation-de-la-mission.jpg?fit=1200%2C630","contentUrl":"https:\/\/i0.wp.com\/vincentians.com\/fr\/wp-content\/uploads\/sites\/10\/2016\/07\/histoire-generale-de-la-congregation-de-la-mission.jpg?fit=1200%2C630","width":1200,"height":630},{"@type":"BreadcrumbList","@id":"https:\/\/vincentians.com\/fr\/histoire-generale-de-la-congregation-de-la-mission-68\/#breadcrumb","itemListElement":[{"@type":"ListItem","position":1,"name":"Portada","item":"http:\/\/vincentians.com\/fr\/"},{"@type":"ListItem","position":2,"name":"Histoire g\u00e9n\u00e9rale de la Congr\u00e9gation de la Mission (68)"}]},{"@type":"WebSite","@id":"http:\/\/vincentians.com\/fr\/#website","url":"http:\/\/vincentians.com\/fr\/","name":"Nous Sommes Vincentiens","description":"Know more to serve more","potentialAction":[{"@type":"SearchAction","target":{"@type":"EntryPoint","urlTemplate":"http:\/\/vincentians.com\/fr\/?s={search_term_string}"},"query-input":{"@type":"PropertyValueSpecification","valueRequired":true,"valueName":"search_term_string"}}],"inLanguage":"fr-FR"},{"@type":"Person","@id":"http:\/\/vincentians.com\/fr\/#\/schema\/person\/9623ef4d9aa3b2dfb8c061f1499288f2","name":"Francisco Javier Fern\u00e1ndez Chento","image":{"@type":"ImageObject","inLanguage":"fr-FR","@id":"http:\/\/vincentians.com\/fr\/#\/schema\/person\/image\/","url":"https:\/\/secure.gravatar.com\/avatar\/497d5cde87b4c3d097d0315953521681ba2cd523ee66e5077c3711f7021e65de?s=96&d=mm&r=g","contentUrl":"https:\/\/secure.gravatar.com\/avatar\/497d5cde87b4c3d097d0315953521681ba2cd523ee66e5077c3711f7021e65de?s=96&d=mm&r=g","caption":"Francisco Javier Fern\u00e1ndez Chento"},"description":"Director General y cofundador de La Red de Formaci\u00f3n Vicenciana. Javier es laico vicenciano, afiliado a la Congregaci\u00f3n de la Misi\u00f3n y miembro del Equipo de Misiones Populares de la provincia can\u00f3nica de Zaragoza (Espa\u00f1a) de la Congregaci\u00f3n de la Misi\u00f3n. Graduado en la Universidad Oberta de Catalunya con cuatro grados (Asistente de direcci\u00f3n, Gesti\u00f3n Administrativa, Recursos Humanos y Contabilidad Avanzada). Bil\u00edng\u00fce Espa\u00f1ol\/Ingl\u00e9s. gestiona y mantiene varias p\u00e1ginas web cristianas y vicencianas, incluida including La Red de Formaci\u00f3n Vicenciana, de la que es cofundador. Actualmente es responsable del \u00e1rea de Espa\u00f1ol de .famvin, la Red de Noticias de la Familia Vicenciana. Tambi\u00e9n es m\u00fasico cat\u00f3lico y ha editado varios discos. Es Director General y cofundador de Trovador, una reconocida compa\u00f1\u00eda discogr\u00e1fica critiana de Espa\u00f1a. Trabaja en las Tecnolog\u00edas de la Informaci\u00f3n, ofreciendo servicios de alojamiento, dise\u00f1o y mantenimiento Web, as\u00ed como asesoramiento, formaci\u00f3n y soluciones inform\u00e1ticas, gesti\u00f3n documental y digitalizaci\u00f3n de textos, edici\u00f3n y maquetaci\u00f3n de libros, revistas, flyers, etc.","sameAs":["http:\/\/chento.org","https:\/\/www.facebook.com\/JavierChento","https:\/\/x.com\/https:\/\/twitter.com\/javierchento"],"url":"http:\/\/vincentians.com\/fr\/author\/chento\/"}]}},"jetpack_publicize_connections":[],"jetpack_featured_media_url":"https:\/\/i0.wp.com\/vincentians.com\/fr\/wp-content\/uploads\/sites\/10\/2016\/07\/histoire-generale-de-la-congregation-de-la-mission.jpg?fit=1200%2C630","jetpack_sharing_enabled":true,"jetpack_shortlink":"https:\/\/wp.me\/p7ETMP-Diq","jetpack-related-posts":[{"id":151061,"url":"http:\/\/vincentians.com\/fr\/histoire-generale-de-la-congregation-de-la-mission-72\/","url_meta":{"origin":151058,"position":0},"title":"Histoire g\u00e9n\u00e9rale de la Congr\u00e9gation de la Mission (72)","author":"Francisco Javier Fern\u00e1ndez Chento","date":"18\/01\/2015","format":false,"excerpt":"LXXII. Province de Pologne Les maisons de Pologne ne travaillaient pas avec moins de succ\u00e8s et on parlait d\u2019y faire divers \u00e9tablissementsen diff\u00e9rents endroits, selon ce que mandait M. Bonnet dans les lettres ci-dessus cit\u00e9es. Au commencement de son g\u00e9n\u00e9ralat, la peste, la guerre, la famine, trois terribles fl\u00e9aux tous\u2026","rel":"","context":"Dans &quot;Histoire de la Congr\u00e9gation de la Mission&quot;","block_context":{"text":"Histoire de la Congr\u00e9gation de la Mission","link":"http:\/\/vincentians.com\/fr\/category\/histoire-de-la-congregation-de-la-mission\/"},"img":{"alt_text":"","src":"https:\/\/i0.wp.com\/vincentians.com\/fr\/wp-content\/uploads\/sites\/10\/2016\/07\/histoire-generale-de-la-congregation-de-la-mission.jpg?fit=1200%2C630&resize=350%2C200","width":350,"height":200,"srcset":"https:\/\/i0.wp.com\/vincentians.com\/fr\/wp-content\/uploads\/sites\/10\/2016\/07\/histoire-generale-de-la-congregation-de-la-mission.jpg?fit=1200%2C630&resize=350%2C200 1x, https:\/\/i0.wp.com\/vincentians.com\/fr\/wp-content\/uploads\/sites\/10\/2016\/07\/histoire-generale-de-la-congregation-de-la-mission.jpg?fit=1200%2C630&resize=525%2C300 1.5x, https:\/\/i0.wp.com\/vincentians.com\/fr\/wp-content\/uploads\/sites\/10\/2016\/07\/histoire-generale-de-la-congregation-de-la-mission.jpg?fit=1200%2C630&resize=700%2C400 2x, https:\/\/i0.wp.com\/vincentians.com\/fr\/wp-content\/uploads\/sites\/10\/2016\/07\/histoire-generale-de-la-congregation-de-la-mission.jpg?fit=1200%2C630&resize=1050%2C600 3x"},"classes":[]},{"id":108208,"url":"http:\/\/vincentians.com\/fr\/histoire-generale-de-la-congregation-de-la-mission-63\/","url_meta":{"origin":151058,"position":1},"title":"Histoire g\u00e9n\u00e9rale de la Congr\u00e9gation de la Mission (63)","author":"Francisco Javier Fern\u00e1ndez Chento","date":"09\/01\/2015","format":false,"excerpt":"LXIII. Mort de Mr. Watel. M. Bonnet g\u00e9n\u00e9ral Il ne manqua pas de maladies en France. La guerre d\u00e9solait ce royaume depuis plusieurs ann\u00e9es, et cette couronne avait eu du dessous. En quelques occasions remarquables, une esp\u00e8ce de famine suivit encore le rude hiver qui se fit sentir en 1709\u2026","rel":"","context":"Dans &quot;Histoire de la Congr\u00e9gation de la Mission&quot;","block_context":{"text":"Histoire de la Congr\u00e9gation de la Mission","link":"http:\/\/vincentians.com\/fr\/category\/histoire-de-la-congregation-de-la-mission\/"},"img":{"alt_text":"","src":"https:\/\/i0.wp.com\/vincentians.com\/fr\/wp-content\/uploads\/sites\/10\/2016\/07\/histoire-generale-de-la-congregation-de-la-mission.jpg?fit=1200%2C630&resize=350%2C200","width":350,"height":200,"srcset":"https:\/\/i0.wp.com\/vincentians.com\/fr\/wp-content\/uploads\/sites\/10\/2016\/07\/histoire-generale-de-la-congregation-de-la-mission.jpg?fit=1200%2C630&resize=350%2C200 1x, https:\/\/i0.wp.com\/vincentians.com\/fr\/wp-content\/uploads\/sites\/10\/2016\/07\/histoire-generale-de-la-congregation-de-la-mission.jpg?fit=1200%2C630&resize=525%2C300 1.5x, https:\/\/i0.wp.com\/vincentians.com\/fr\/wp-content\/uploads\/sites\/10\/2016\/07\/histoire-generale-de-la-congregation-de-la-mission.jpg?fit=1200%2C630&resize=700%2C400 2x, https:\/\/i0.wp.com\/vincentians.com\/fr\/wp-content\/uploads\/sites\/10\/2016\/07\/histoire-generale-de-la-congregation-de-la-mission.jpg?fit=1200%2C630&resize=1050%2C600 3x"},"classes":[]},{"id":189772,"url":"http:\/\/vincentians.com\/fr\/histoire-generale-de-la-congregation-de-la-mission-77\/","url_meta":{"origin":151058,"position":2},"title":"Histoire g\u00e9n\u00e9rale de la Congr\u00e9gation de la Mission (77)","author":"Francisco Javier Fern\u00e1ndez Chento","date":"23\/01\/2015","format":false,"excerpt":"LXXVII. L\u2019assembl\u00e9e sexennale de 1717 Nous n\u2019avons pas encore parl\u00e9 de l\u2019assembl\u00e9e sexennale qui se tint, suivantles constitutions, six ans apr\u00e8s l\u2019\u00e9l\u00e9vation de M. Bonnet au g\u00e9n\u00e9ralat. Il en avertit la Compagnie, par sa lettre du 1er janvier 1717, en ces termes : Cette ann\u00e9e, Dieu aidant, nous tiendrons notre\u2026","rel":"","context":"Dans &quot;Histoire de la Congr\u00e9gation de la Mission&quot;","block_context":{"text":"Histoire de la Congr\u00e9gation de la Mission","link":"http:\/\/vincentians.com\/fr\/category\/histoire-de-la-congregation-de-la-mission\/"},"img":{"alt_text":"","src":"https:\/\/i0.wp.com\/vincentians.com\/fr\/wp-content\/uploads\/sites\/10\/2016\/07\/histoire-generale-de-la-congregation-de-la-mission.jpg?fit=1200%2C630&resize=350%2C200","width":350,"height":200,"srcset":"https:\/\/i0.wp.com\/vincentians.com\/fr\/wp-content\/uploads\/sites\/10\/2016\/07\/histoire-generale-de-la-congregation-de-la-mission.jpg?fit=1200%2C630&resize=350%2C200 1x, https:\/\/i0.wp.com\/vincentians.com\/fr\/wp-content\/uploads\/sites\/10\/2016\/07\/histoire-generale-de-la-congregation-de-la-mission.jpg?fit=1200%2C630&resize=525%2C300 1.5x, https:\/\/i0.wp.com\/vincentians.com\/fr\/wp-content\/uploads\/sites\/10\/2016\/07\/histoire-generale-de-la-congregation-de-la-mission.jpg?fit=1200%2C630&resize=700%2C400 2x, https:\/\/i0.wp.com\/vincentians.com\/fr\/wp-content\/uploads\/sites\/10\/2016\/07\/histoire-generale-de-la-congregation-de-la-mission.jpg?fit=1200%2C630&resize=1050%2C600 3x"},"classes":[]},{"id":108225,"url":"http:\/\/vincentians.com\/fr\/histoire-generale-de-la-congregation-de-la-mission-62\/","url_meta":{"origin":151058,"position":3},"title":"Histoire g\u00e9n\u00e9rale de la Congr\u00e9gation de la Mission (62)","author":"Francisco Javier Fern\u00e1ndez Chento","date":"20\/12\/2014","format":false,"excerpt":"LXII. Nouvelles provinces, les maisons de Pologne Le Pape voulut que ce nouvel \u00e9tablissement, tout comme les Missionnaires qu\u2019il avait envoy\u00e9s \u00e0 Avignon, d\u00e9pend\u00eet de la province romaine et du visiteur d\u2019Italie, jusqu\u2019\u00e0 ce qu\u2019il y e\u00fbt un nombre suffisant de maisons en Espagne, pour en faire une province particuli\u00e8re.\u2026","rel":"","context":"Dans &quot;Histoire de la Congr\u00e9gation de la Mission&quot;","block_context":{"text":"Histoire de la Congr\u00e9gation de la Mission","link":"http:\/\/vincentians.com\/fr\/category\/histoire-de-la-congregation-de-la-mission\/"},"img":{"alt_text":"","src":"https:\/\/i0.wp.com\/vincentians.com\/fr\/wp-content\/uploads\/sites\/10\/2016\/07\/histoire-generale-de-la-congregation-de-la-mission.jpg?fit=1200%2C630&resize=350%2C200","width":350,"height":200,"srcset":"https:\/\/i0.wp.com\/vincentians.com\/fr\/wp-content\/uploads\/sites\/10\/2016\/07\/histoire-generale-de-la-congregation-de-la-mission.jpg?fit=1200%2C630&resize=350%2C200 1x, https:\/\/i0.wp.com\/vincentians.com\/fr\/wp-content\/uploads\/sites\/10\/2016\/07\/histoire-generale-de-la-congregation-de-la-mission.jpg?fit=1200%2C630&resize=525%2C300 1.5x, https:\/\/i0.wp.com\/vincentians.com\/fr\/wp-content\/uploads\/sites\/10\/2016\/07\/histoire-generale-de-la-congregation-de-la-mission.jpg?fit=1200%2C630&resize=700%2C400 2x, https:\/\/i0.wp.com\/vincentians.com\/fr\/wp-content\/uploads\/sites\/10\/2016\/07\/histoire-generale-de-la-congregation-de-la-mission.jpg?fit=1200%2C630&resize=1050%2C600 3x"},"classes":[]},{"id":38477,"url":"http:\/\/vincentians.com\/fr\/le-directeur-provincial-animateur-des-filles-de-la-charite\/","url_meta":{"origin":151058,"position":4},"title":"Le Directeur Provincial \u201canimateur\u201d des Filles de la Charit\u00e9","author":"Francisco Javier Fern\u00e1ndez Chento","date":"03\/10\/2012","format":false,"excerpt":"Dans les Constitutions des Filles de la Charit\u00e9, nous trouvons \u00e0 l\u2019article 3.38: le Directeur Provincial est un pr\u00eatre de la Congr\u00e9gation de la Mission, nomm\u00e9 par le Sup\u00e9rieur G\u00e9n\u00e9ral; \u201cil partage avec la Visitatrice et son Conseil la responsabilit\u00e9 de promouvoir l\u2019esprit vincentien dans la Province\u201d Missionnaire, le directeur\u2026","rel":"","context":"Dans &quot;Congr\u00e9gation de la Mission&quot;","block_context":{"text":"Congr\u00e9gation de la Mission","link":"http:\/\/vincentians.com\/fr\/category\/congregation-de-la-mission\/"},"img":{"alt_text":"","src":"https:\/\/i0.wp.com\/vincentiens.org\/wp-content\/uploads\/2011\/05\/filles_charite-228x300.jpg?resize=350%2C200","width":350,"height":200},"classes":[]},{"id":151048,"url":"http:\/\/vincentians.com\/fr\/histoire-generale-de-la-congregation-de-la-mission-71\/","url_meta":{"origin":151058,"position":5},"title":"Histoire g\u00e9n\u00e9rale de la Congr\u00e9gation de la Mission (71)","author":"Francisco Javier Fern\u00e1ndez Chento","date":"17\/01\/2015","format":false,"excerpt":"LXXI. Les maisons d\u2019Italie Celle de l\u2019Italie s\u2019accrut pareillement par quelques nouveaux \u00e9tablissements et l\u2019augmentation des anciens. Mgr le cardinal Paolucci, ministre du Pape Cl\u00e9ment XI, apr\u00e8s la mort duquel il a failli d\u2019\u00eatre Pape lui-m\u00eame, originaire de Forli, petite ville dans l\u2019\u00c9tat eccl\u00e9siastique, \u00e9tablit d\u00e8s l\u2019ann\u00e9e 1710 une maison\u2026","rel":"","context":"Dans &quot;Histoire de la Congr\u00e9gation de la Mission&quot;","block_context":{"text":"Histoire de la Congr\u00e9gation de la Mission","link":"http:\/\/vincentians.com\/fr\/category\/histoire-de-la-congregation-de-la-mission\/"},"img":{"alt_text":"","src":"https:\/\/i0.wp.com\/vincentians.com\/fr\/wp-content\/uploads\/sites\/10\/2016\/07\/histoire-generale-de-la-congregation-de-la-mission.jpg?fit=1200%2C630&resize=350%2C200","width":350,"height":200,"srcset":"https:\/\/i0.wp.com\/vincentians.com\/fr\/wp-content\/uploads\/sites\/10\/2016\/07\/histoire-generale-de-la-congregation-de-la-mission.jpg?fit=1200%2C630&resize=350%2C200 1x, https:\/\/i0.wp.com\/vincentians.com\/fr\/wp-content\/uploads\/sites\/10\/2016\/07\/histoire-generale-de-la-congregation-de-la-mission.jpg?fit=1200%2C630&resize=525%2C300 1.5x, https:\/\/i0.wp.com\/vincentians.com\/fr\/wp-content\/uploads\/sites\/10\/2016\/07\/histoire-generale-de-la-congregation-de-la-mission.jpg?fit=1200%2C630&resize=700%2C400 2x, https:\/\/i0.wp.com\/vincentians.com\/fr\/wp-content\/uploads\/sites\/10\/2016\/07\/histoire-generale-de-la-congregation-de-la-mission.jpg?fit=1200%2C630&resize=1050%2C600 3x"},"classes":[]}],"_links":{"self":[{"href":"http:\/\/vincentians.com\/fr\/wp-json\/wp\/v2\/posts\/151058","targetHints":{"allow":["GET"]}}],"collection":[{"href":"http:\/\/vincentians.com\/fr\/wp-json\/wp\/v2\/posts"}],"about":[{"href":"http:\/\/vincentians.com\/fr\/wp-json\/wp\/v2\/types\/post"}],"author":[{"embeddable":true,"href":"http:\/\/vincentians.com\/fr\/wp-json\/wp\/v2\/users\/4"}],"replies":[{"embeddable":true,"href":"http:\/\/vincentians.com\/fr\/wp-json\/wp\/v2\/comments?post=151058"}],"version-history":[{"count":0,"href":"http:\/\/vincentians.com\/fr\/wp-json\/wp\/v2\/posts\/151058\/revisions"}],"wp:featuredmedia":[{"embeddable":true,"href":"http:\/\/vincentians.com\/fr\/wp-json\/wp\/v2\/media\/189808"}],"wp:attachment":[{"href":"http:\/\/vincentians.com\/fr\/wp-json\/wp\/v2\/media?parent=151058"}],"wp:term":[{"taxonomy":"category","embeddable":true,"href":"http:\/\/vincentians.com\/fr\/wp-json\/wp\/v2\/categories?post=151058"},{"taxonomy":"post_tag","embeddable":true,"href":"http:\/\/vincentians.com\/fr\/wp-json\/wp\/v2\/tags?post=151058"}],"curies":[{"name":"wp","href":"https:\/\/api.w.org\/{rel}","templated":true}]}}