{"id":151054,"date":"2015-01-10T07:18:22","date_gmt":"2015-01-10T06:18:22","guid":{"rendered":"http:\/\/vincentiens.org\/?p=151054"},"modified":"2015-01-10T07:18:22","modified_gmt":"2015-01-10T06:18:22","slug":"histoire-generale-de-la-congregation-de-la-mission-64","status":"publish","type":"post","link":"http:\/\/vincentians.com\/fr\/histoire-generale-de-la-congregation-de-la-mission-64\/","title":{"rendered":"Histoire g\u00e9n\u00e9rale de la Congr\u00e9gation de la Mission (64)"},"content":{"rendered":"<h2><b><b><b><strong>LXIV. D\u00e9crets de l\u2019assembl\u00e9e de 1711. S\u00e9minaire de r\u00e9novation<\/strong><\/b><\/b><\/b><\/h2>\n<p><a href=\"https:\/\/i0.wp.com\/vincentiens.org\/wp-content\/uploads\/2012\/12\/logocm.png\"><img data-recalc-dims=\"1\" loading=\"lazy\" decoding=\"async\" class=\"alignright size-medium wp-image-104093\" src=\"https:\/\/i0.wp.com\/vincentiens.org\/wp-content\/uploads\/2012\/12\/logocm-245x300.png?resize=245%2C300\" alt=\"logocm\" width=\"245\" height=\"300\" \/><\/a>L\u2019assembl\u00e9e o\u00f9 M. Bonnet fut \u00e9lu g\u00e9n\u00e9ral est la 8\u00e8me des assembl\u00e9es g\u00e9n\u00e9rales. On y fit quelques d\u00e9crets en latin, comme dans toutes les autres. On demanda, s\u2019il n\u2019\u00e9tait pas temps d\u2019ex\u00e9cuter le dessein pris sous M. Vincent, de faire passer les sujets qui auraient d\u00e9j\u00e0 quelques ann\u00e9es apr\u00e8s les v\u0153ux, dans une maison de retraite pour s\u2019y renouveler spirituellement et y acqu\u00e9rir une plus grande connaissance des fonctions. Apr\u00e8s avoir all\u00e9gu\u00e9 les raisons de part et d\u2019autre, il fut conclu de ne pas diff\u00e9rer davantage la chose, d\u2019ailleurs si n\u00e9cessaire, l\u2019ex\u00e9cution n\u2019en \u00e9tant plus trop difficile, en \u00e9gard \u00e0 l\u2019\u00e9tat pr\u00e9sent des affaires et des sujets de la Compagnie, qu\u2019ilfallait le faire au plus t\u00f4t, dans la maison qui semblerait au g\u00e9n\u00e9ral la plus commode pour cela. M. Bonnet ex\u00e9cuta ce d\u00e9cret d\u00e8s l\u2019ann\u00e9e suivante : il d\u00e9termina \u00e0 cet effet la maison de St.-Charles, voisine de St.-Lazare, o\u00f9 on avait autrefois \u00e9lev\u00e9 des jeunes gens, et il nomma M. Faure premier assistant, pour prendre soin de ce S\u00e9minaire de r\u00e9novation. Le g\u00e9n\u00e9ral en \u00e9crivit \u00e0 la Compagnie d\u00e8s le mois de janvier 1712. Nous pensons efficacement \u00e0 commencer ce nouveau S\u00e9minaire de r\u00e9novation, qui avait \u00e9t\u00e9 arr\u00eat\u00e9 par feu M. Vincent, dans la premi\u00e8re assembl\u00e9e qu\u2019il tint \u00e0 St.-Lazare en 1642. On voit l\u00e0, depuis combien de temps on avait d\u00e9sir\u00e9 dans la Compagnie de se renouveler dans l\u2019esprit et la gr\u00e2ce de sa vocation. Et il all\u00e8gue les propres paroles de cette assembl\u00e9e ; savoir : La Congr\u00e9gation a r\u00e9solu deux choses. 1\u00b0 que dor\u00e9navant on ferait une seconde probation \u00e0 St.-Lazare, ou ailleurs, au gr\u00e9 du g\u00e9n\u00e9ral ; 2\u00b0 qu\u2019elle durerait un an, et ne se ferait qu\u2019au boutde six ou sept ans apr\u00e8s le S\u00e9minaire, sans n\u00e9anmoins borner le pouvoir du g\u00e9n\u00e9ral, pour avancer ou reculer ce temps, selon qu\u2019il le trouverait \u00e0 propos, pour le bien des particuliers et de la Compagnie. M. Bonnet continue : L\u2019assembl\u00e9e de 1668, sous M. Alm\u00e9ras, restreignit cette dur\u00e9e \u00e0 six mois, en marquant qu\u2019il faudrait commencer quand l\u2019\u00e9tat de la Compagnie le pourrait permettre, et la derni\u00e8re assembl\u00e9e ayant jug\u00e9 que cette probation plus n\u00e9cessaire \u00e0 pr\u00e9sent que jamais, n\u2019\u00e9tait pas impraticable, nous en avons dress\u00e9 les r\u00e8glements pour commencer le 1<sup>er<\/sup> juillet prochain, sans savoir si ce sera \u00e0 St.-Lazare, ou ailleurs. Quelques sup\u00e9rieurs ont d\u00e9j\u00e0 d\u00e9sir\u00e9 d\u2019y \u00eatre admis ; je serais bien aise que ceux qui sentent un tel d\u00e9sir nous le marquent, afin que cet \u00e9tablissement soit mis en train par des gens de bonne volont\u00e9, ce qui ne nous emp\u00eachera pas d\u2019y appeler ceux qui en auront un vrai besoin. PlusieursMissionnaires demand\u00e8rent d\u2019abord d\u2019y venir ; et M. Bonnet en appela douze \u00e0 Paris qui s\u2019y rendirent au printemps de l\u2019ann\u00e9e 1712. Ils n\u2019y entr\u00e8rent pas encore sit\u00f4t. Ils en commenc\u00e8rent seulement les exercices au mois d\u2019octobre et ne purent sortir qu\u2019en hiver. Quelques-uns n\u2019y rest\u00e8rent pas les six mois entiers. Le g\u00e9n\u00e9ral les renvoya tous dans les maisons d\u2019o\u00f9 ils \u00e9taient venus, ne voulant pas les retenir \u00e0 St.-Lazare, ni les envoyer ailleurs, de crainte que quelques-uns ne s\u2019imaginassent que quand on les appellerait au S\u00e9minaire, on prendrait de l\u00e0 occasion de les tirer de leur poste, et qu\u2019ainsi ils ne fussent pas port\u00e9s de bonne volont\u00e9 de demander \u00e0 y aller. Les premiers en revinrent assez contents, toutefois ils avaient souhait\u00e9 qu\u2019on leur e\u00fbt donn\u00e9 un directeur en second\u00a0un peu plus exp\u00e9riment\u00e9.<\/p>\n<p>Le g\u00e9n\u00e9ral parle du succ\u00e8s de ces premiers exercices du S\u00e9minaire de r\u00e9novation dans une de ses lettres, en ces termes : Nous ouvr\u00eemes le S\u00e9minaire der\u00e9novation a St.-Charles, le jour de l\u2019Assomption de la ste.-Vierge. Neuf de nos pr\u00eatres l\u2019ont commenc\u00e9 et il a fort bien r\u00e9ussi gr\u00e2ce \u00e0 Dieu ; ces messieurs en sont fort contents et \u00e9difi\u00e9s, et nous pareillement. \u00c1 l\u2019avenir on ne fera pas le S\u00e9minaire en hiver, mais seulement depuis la semaine du Bon Pasteur apr\u00e8s P\u00e2ques jusqu\u2019\u00e0 St.-Luc, afin que les ouvriers soient en \u00e9tat de reprendre leurs travaux des missions et des s\u00e9minaires.<\/p>\n<p>Nous n\u2019y recevons chaque fois que dix ou douze personnes au plus, tant \u00e0 cause que ce nombre est suffisant, que parce que l\u2019inapplication de ces messieurs aux fonctions ne laisse pas de nous causer quelque trouble pour la conduite, \u00e0 cause des mesures qu\u2019il y a \u00e0 prendre pour les remplacer dans leur absence. C\u2019est de cette fa\u00e7on que ce S\u00e9minaire commen\u00e7a et dura les ann\u00e9es suivantes, jusqu\u2019en 1720 inclusivement. Toutefois on remarqua que diverses personnes assez jeunes demand\u00e8rent d\u2019y aller, et y furent appel\u00e9s, ayant plut\u00f4t en vue comme on a cru decontenter leur curiosit\u00e9 en voyant Paris, ou leur inconstance en changeant de maison que par bonne envie de penser \u00e0 leur renouvellement int\u00e9rieur.<\/p>\n<p>En 1720 les maisons souffrirent beaucoup. Ce fut d\u2019abord par l\u2019introduction g\u00e9n\u00e9rale des billets en France qui y furent presque aussit\u00f4t d\u00e9cri\u00e9s ; et d\u2019ailleurs, la peste qui fit cette ann\u00e9e-l\u00e0 beaucoup de ravages ; elle rendit les chemins difficiles, ce qui a caus\u00e9 l\u2019interruption de ce s\u00e9minaire en 1721. Dans le commencement, les maisons particuli\u00e8res o\u00f9 demeuraient les sujets qui y allaient, supportaient la d\u00e9pense, tant pour les voyages que pour la pension des six mois de s\u00e9jour \u00e0 St.-Charles. Dans la suite, M. Bonnet jugeant que cela chargerait trop les maisons un peu \u00e9loign\u00e9es de Paris, r\u00e9partit la d\u00e9pense n\u00e9cessaire pour la pension de ces messieurs, sur chaque maison, selon ses facult\u00e9s, ainsi qu\u2019il en avertit la Compagnie par une lettre ; mais les voyages se firent toujours aux frais des maisons d\u2019o\u00f9 ces messieurs \u00e9taient envoy\u00e9s. Ce qui ne laissait pas d\u2019incommoder davantage celles qui \u00e9taient loin de Paris, encore plusque les autres. Nous avons rapport\u00e9 ici tout ce qui regarde ce S\u00e9minaire \u00e9tabli selon ce qui avait \u00e9t\u00e9 r\u00e9solu par cette assembl\u00e9e ; nous revenons pr\u00e9sentement aux autres d\u00e9crets.<\/p>\n<p>On recommanda que dans l\u2019assembl\u00e9e provinciale chacun s\u2019attach\u00e2t invariablement \u00e0 tout ce qui est r\u00e9gl\u00e9 dans les constitutions \u00e0 cet \u00e9gard, sans rien ajouter ni retrancher ; surtout de les finir en sept ou huit jours tout au plus ; qu\u2019on n\u2019y voie pas venir inutilement des procureurs, sous pr\u00e9texte de faire les affaires de la Province : c\u2019est que quelques-uns y venaient sous ce pr\u00e9texte par curiosit\u00e9, ou pour voir ce qui se passait dans l\u2019assembl\u00e9e ; qu\u2019on n\u2019y f\u00eet point de d\u00e9cret ; arr\u00eatant seulement ce qu\u2019on juge devoir \u00eatre propos\u00e9 \u00e0 l\u2019assembl\u00e9e g\u00e9n\u00e9rale, ou au sup\u00e9rieur g\u00e9n\u00e9ral ; qu\u2019on en envoie les actes entiers, avec les demandes approuv\u00e9es ; c\u2019est le visiteur qui y pr\u00e9side ; \u00e0 qui il appartient selon les constitutions, de les faire commencer et finir. Arr\u00eat\u00e9 de m\u00eame, par l\u2019assembl\u00e9e sur la question propos\u00e9e, savoir : Si les assistants du g\u00e9n\u00e9ral doivent faire leur r\u00e9sidenceordinaire dans les maisons ou du moins dans les villes o\u00f9 le g\u00e9n\u00e9ral fait la sienne ; que cela devait \u00eatre ainsi suivant les constitutions, et qu\u2019on ne pouvait les envoyer ailleurs pour un temps notable sans une tr\u00e8s grande n\u00e9cessit\u00e9, au quel cas on leur substituerait des vice-g\u00e9rants. On voit assez l\u2019utilit\u00e9 de ce d\u00e9cret.<\/p>\n<p>L\u2019assembl\u00e9e ne donne des assistants au g\u00e9n\u00e9ral, que pour lui servir de conseil. Ce sont les seuls officiers qu\u2019il ne choisit pas, et tous les autres sont enti\u00e8rement \u00e0 sa discr\u00e9tion. On ne l\u2019avait pas toujours observ\u00e9 ci-devant avec exactitude, et depuis on y a encore manqu\u00e9. En telle sorte qu\u2019aujourd\u2019hui le g\u00e9n\u00e9ral n\u2019a aupr\u00e8s de lui aucun des assistants qui furent nomm\u00e9s dans l\u2019assembl\u00e9e, except\u00e9 celui qui fait cet office pour la nation italienne.<\/p>\n<p>On demanda si ceux qui ont voix passive dans l\u2019assembl\u00e9e domestique ou provinciale, pour l\u2019\u00e9lection d\u2019un d\u00e9put\u00e9, peuvent avant et apr\u00e8s le scrutin destin\u00e9 pour faire l\u2019\u00e9lection, renoncer \u00e0 leur droit avant ou apr\u00e8s l\u2019avoir \u00e9t\u00e9 \u00e9lu. Il fut r\u00e9solu que ce n\u2019\u00e9tait pas permis sans raison qui fut approuv\u00e9e de l\u2019assembl\u00e9e, pour plusieurs motifs qui furent alors propos\u00e9s. On parla de ce que disent les r\u00e8gles du sup\u00e9rieur local, c. 7, s. 4, c. 5, o\u00f9 il s\u2019agit de l\u2019\u00e9lection des d\u00e9put\u00e9s \u00e0 l\u2019assembl\u00e9e, soit provinciale, soit g\u00e9n\u00e9rale, qu\u2019apr\u00e8s avoir tent\u00e9 inutilement 4 ou 5 scrutins, o\u00f9 soit deux, soit plusieurs personnes ont toujours un nombre \u00e9gal de voix, on peut recourir au choix de 2, 3, ou 5 compromissaires, si tout le monde en convient. Mais si un ou plusieurs des \u00e9lecteurs ne veulent pas consentir \u00e0 ce compromis, l\u2019assembl\u00e9e d\u00e9termine qu\u2019en tel cas, le consentement des deux tiers suffit, conform\u00e9ment \u00e0 ce qui est marqu\u00e9 dans les constitutions particuli\u00e8res, sur le choix des compromissaires pour l\u2019\u00e9lection du g\u00e9n\u00e9ral. On dit appartenir aux directeurs de missions, durant le cours des missions, de lire les lettres qu\u2019on \u00e9crit aux missionnaires de labande, et m\u00eame celles qu\u2019ils \u00e9crivent \u00e0 moins qu\u2019elles ne fussent cachet\u00e9es du sceau du sup\u00e9rieur, ou que le sup\u00e9rieur lui-m\u00eame ou l\u2019assistant ne se trouve en mission. Auquel cas, un tel droit leur appartient. De plus d\u00e9fendu express\u00e9ment \u00e0 qui que ce soit outre le sup\u00e9rieur g\u00e9n\u00e9ral, de se servir de carrosse petit ou grand, lui appartenant ou \u00e0 quelqu\u2019une des maisons de la Compagnie, ou pr\u00e9par\u00e9 pour lui sous un autre nom. Cet usage \u00e9tant tout \u00e0 fait oppos\u00e9 \u00e0 la premi\u00e8re pauvret\u00e9 et simplicit\u00e9 des anciens missionnaires. D\u00e9fendu aussi de se servir de carrosses de louage, si ce n\u2019est en cas de n\u00e9cessit\u00e9 avec permission du sup\u00e9rieur. C\u2019est que M. Huchon<span id='easy-footnote-1-151054' class='easy-footnote-margin-adjust'><\/span><span class='easy-footnote'><a href='http:\/\/vincentians.com\/fr\/histoire-generale-de-la-congregation-de-la-mission-64\/#easy-footnote-bottom-1-151054' title='Claude Huchon, 1655-1726.'><sup>1<\/sup><\/a><\/span><a href=\"#_ftn1\" name=\"_ftnref1\"><\/a>, premier assistant, que M. Watel avait \u00e9tabli cur\u00e9 de Versailles, quand M. H\u00e9bert fut fait \u00e9v\u00eaque d\u2019Agen, \u00e9tant incommod\u00e9 et ne pouvant ais\u00e9ment aller \u00e0 cheval, se servait d\u2019une petite chaise roulante, pour venir \u00e0 St.-Lazare faire son office d\u2019assistant, et les autres missionnaires ne l\u2019avaient pas approuv\u00e9.<\/p>\n<p>Sur la proposition faite derenouveler le d\u00e9cret des assembl\u00e9es pr\u00e9c\u00e9dentes qui recommande l\u2019uniformit\u00e9 dans la barbe, les cheveux, les chapeaux, les habits et les mani\u00e8res d\u2019agir, cette assembl\u00e9e le fit par un huiti\u00e8me d\u00e9cret, enjoignant aux visiteurs et sup\u00e9rieurs d\u2019y tenir la main \u00e0 l\u2019\u00e9gard de tous leurs inf\u00e9rieurs et si quelqu\u2019un ne veut pas ob\u00e9ir, d\u2019en avertir le g\u00e9n\u00e9ral. Le 9\u00e8me porte que le secr\u00e9taire d\u2019une assembl\u00e9e doit \u00eatre choisi, du nombre de ceux qui la composent, et qu\u2019une m\u00eame personne en nul cas ne peut avoir deux voix actives, quand m\u00eame il serait tout \u00e0 la fois d\u00e9put\u00e9 et substitut \u00e0 la place d\u2019un autre, ce qui n\u2019est pas permis. En fin, l\u2019assembl\u00e9e pria justement le g\u00e9n\u00e9ral de ne jamais accorder, \u00e0 qui que ce soit, la permission d\u2019aller voir ses parents, et de se d\u00e9tourner pour les visiter, \u00e0 moins d\u2019un cas de n\u00e9cessite qui presse. On n\u2019a pourtant jamais tant vu de ces sortes de permissions dans la compagnie, que depuis cette derni\u00e8re assembl\u00e9e, et d\u2019autres missionnaires qui sans permission ont fait de tels voyages, n\u2019ont pas \u00e9t\u00e9 punis en suite.<\/p>\n","protected":false},"excerpt":{"rendered":"<p>LXIV. D\u00e9crets de l\u2019assembl\u00e9e de 1711. S\u00e9minaire de r\u00e9novation L\u2019assembl\u00e9e o\u00f9 M. Bonnet fut \u00e9lu g\u00e9n\u00e9ral est la 8\u00e8me des assembl\u00e9es g\u00e9n\u00e9rales. On y fit quelques d\u00e9crets en latin, comme dans toutes les autres. On &#8230; <a href=\"http:\/\/vincentians.com\/fr\/histoire-generale-de-la-congregation-de-la-mission-64\/\" class=\"more-link\">Read More<\/a><\/p>\n","protected":false},"author":4,"featured_media":189808,"comment_status":"open","ping_status":"open","sticky":false,"template":"","format":"standard","meta":{"jetpack_post_was_ever_published":false,"_jetpack_newsletter_access":"","_jetpack_dont_email_post_to_subs":false,"_jetpack_newsletter_tier_id":0,"_jetpack_memberships_contains_paywalled_content":false,"_jetpack_memberships_contains_paid_content":false,"footnotes":"","jetpack_publicize_message":"","jetpack_publicize_feature_enabled":true,"jetpack_social_post_already_shared":true,"jetpack_social_options":{"image_generator_settings":{"template":"highway","default_image_id":0,"font":"","enabled":false},"version":2}},"categories":[134],"tags":[],"class_list":["post-151054","post","type-post","status-publish","format-standard","has-post-thumbnail","hentry","category-histoire-de-la-congregation-de-la-mission"],"yoast_head":"<!-- This site is optimized with the Yoast SEO plugin v26.3 - https:\/\/yoast.com\/wordpress\/plugins\/seo\/ -->\n<title>Histoire g\u00e9n\u00e9rale de la Congr\u00e9gation de la Mission (64) - Nous Sommes Vincentiens<\/title>\n<meta name=\"robots\" content=\"index, follow, max-snippet:-1, max-image-preview:large, max-video-preview:-1\" \/>\n<link rel=\"canonical\" href=\"https:\/\/vincentians.com\/fr\/histoire-generale-de-la-congregation-de-la-mission-64\/\" \/>\n<meta property=\"og:locale\" content=\"fr_FR\" \/>\n<meta property=\"og:type\" content=\"article\" \/>\n<meta property=\"og:title\" content=\"Histoire g\u00e9n\u00e9rale de la Congr\u00e9gation de la Mission (64) - Nous Sommes Vincentiens\" \/>\n<meta property=\"og:description\" content=\"LXIV. D\u00e9crets de l\u2019assembl\u00e9e de 1711. S\u00e9minaire de r\u00e9novation L\u2019assembl\u00e9e o\u00f9 M. Bonnet fut \u00e9lu g\u00e9n\u00e9ral est la 8\u00e8me des assembl\u00e9es g\u00e9n\u00e9rales. On y fit quelques d\u00e9crets en latin, comme dans toutes les autres. On ... Read More\" \/>\n<meta property=\"og:url\" content=\"https:\/\/vincentians.com\/fr\/histoire-generale-de-la-congregation-de-la-mission-64\/\" \/>\n<meta property=\"og:site_name\" content=\"Nous Sommes Vincentiens\" \/>\n<meta property=\"article:publisher\" content=\"https:\/\/www.facebook.com\/WeAreVincentians\/\" \/>\n<meta property=\"article:author\" content=\"https:\/\/www.facebook.com\/JavierChento\" \/>\n<meta property=\"article:published_time\" content=\"2015-01-10T06:18:22+00:00\" \/>\n<meta property=\"og:image\" content=\"https:\/\/i0.wp.com\/vincentians.com\/fr\/wp-content\/uploads\/sites\/10\/2016\/07\/histoire-generale-de-la-congregation-de-la-mission.jpg?fit=1200%2C630&ssl=1\" \/>\n\t<meta property=\"og:image:width\" content=\"1200\" \/>\n\t<meta property=\"og:image:height\" content=\"630\" \/>\n\t<meta property=\"og:image:type\" content=\"image\/jpeg\" \/>\n<meta name=\"author\" content=\"Francisco Javier Fern\u00e1ndez Chento\" \/>\n<meta name=\"twitter:card\" content=\"summary_large_image\" \/>\n<meta name=\"twitter:creator\" content=\"@https:\/\/twitter.com\/javierchento\" \/>\n<meta name=\"twitter:site\" content=\"@WeVincentians\" \/>\n<meta name=\"twitter:label1\" content=\"\u00c9crit par\" \/>\n\t<meta name=\"twitter:data1\" content=\"Francisco Javier Fern\u00e1ndez Chento\" \/>\n\t<meta name=\"twitter:label2\" content=\"Dur\u00e9e de lecture estim\u00e9e\" \/>\n\t<meta name=\"twitter:data2\" content=\"10 minutes\" \/>\n<script type=\"application\/ld+json\" class=\"yoast-schema-graph\">{\"@context\":\"https:\/\/schema.org\",\"@graph\":[{\"@type\":\"WebPage\",\"@id\":\"https:\/\/vincentians.com\/fr\/histoire-generale-de-la-congregation-de-la-mission-64\/\",\"url\":\"https:\/\/vincentians.com\/fr\/histoire-generale-de-la-congregation-de-la-mission-64\/\",\"name\":\"Histoire g\u00e9n\u00e9rale de la Congr\u00e9gation de la Mission (64) - Nous Sommes Vincentiens\",\"isPartOf\":{\"@id\":\"http:\/\/vincentians.com\/fr\/#website\"},\"primaryImageOfPage\":{\"@id\":\"https:\/\/vincentians.com\/fr\/histoire-generale-de-la-congregation-de-la-mission-64\/#primaryimage\"},\"image\":{\"@id\":\"https:\/\/vincentians.com\/fr\/histoire-generale-de-la-congregation-de-la-mission-64\/#primaryimage\"},\"thumbnailUrl\":\"https:\/\/i0.wp.com\/vincentians.com\/fr\/wp-content\/uploads\/sites\/10\/2016\/07\/histoire-generale-de-la-congregation-de-la-mission.jpg?fit=1200%2C630\",\"datePublished\":\"2015-01-10T06:18:22+00:00\",\"author\":{\"@id\":\"http:\/\/vincentians.com\/fr\/#\/schema\/person\/9623ef4d9aa3b2dfb8c061f1499288f2\"},\"breadcrumb\":{\"@id\":\"https:\/\/vincentians.com\/fr\/histoire-generale-de-la-congregation-de-la-mission-64\/#breadcrumb\"},\"inLanguage\":\"fr-FR\",\"potentialAction\":[{\"@type\":\"ReadAction\",\"target\":[\"https:\/\/vincentians.com\/fr\/histoire-generale-de-la-congregation-de-la-mission-64\/\"]}]},{\"@type\":\"ImageObject\",\"inLanguage\":\"fr-FR\",\"@id\":\"https:\/\/vincentians.com\/fr\/histoire-generale-de-la-congregation-de-la-mission-64\/#primaryimage\",\"url\":\"https:\/\/i0.wp.com\/vincentians.com\/fr\/wp-content\/uploads\/sites\/10\/2016\/07\/histoire-generale-de-la-congregation-de-la-mission.jpg?fit=1200%2C630\",\"contentUrl\":\"https:\/\/i0.wp.com\/vincentians.com\/fr\/wp-content\/uploads\/sites\/10\/2016\/07\/histoire-generale-de-la-congregation-de-la-mission.jpg?fit=1200%2C630\",\"width\":1200,\"height\":630},{\"@type\":\"BreadcrumbList\",\"@id\":\"https:\/\/vincentians.com\/fr\/histoire-generale-de-la-congregation-de-la-mission-64\/#breadcrumb\",\"itemListElement\":[{\"@type\":\"ListItem\",\"position\":1,\"name\":\"Portada\",\"item\":\"http:\/\/vincentians.com\/fr\/\"},{\"@type\":\"ListItem\",\"position\":2,\"name\":\"Histoire g\u00e9n\u00e9rale de la Congr\u00e9gation de la Mission (64)\"}]},{\"@type\":\"WebSite\",\"@id\":\"http:\/\/vincentians.com\/fr\/#website\",\"url\":\"http:\/\/vincentians.com\/fr\/\",\"name\":\"Nous Sommes Vincentiens\",\"description\":\"Know more to serve more\",\"potentialAction\":[{\"@type\":\"SearchAction\",\"target\":{\"@type\":\"EntryPoint\",\"urlTemplate\":\"http:\/\/vincentians.com\/fr\/?s={search_term_string}\"},\"query-input\":{\"@type\":\"PropertyValueSpecification\",\"valueRequired\":true,\"valueName\":\"search_term_string\"}}],\"inLanguage\":\"fr-FR\"},{\"@type\":\"Person\",\"@id\":\"http:\/\/vincentians.com\/fr\/#\/schema\/person\/9623ef4d9aa3b2dfb8c061f1499288f2\",\"name\":\"Francisco Javier Fern\u00e1ndez Chento\",\"image\":{\"@type\":\"ImageObject\",\"inLanguage\":\"fr-FR\",\"@id\":\"http:\/\/vincentians.com\/fr\/#\/schema\/person\/image\/\",\"url\":\"https:\/\/secure.gravatar.com\/avatar\/497d5cde87b4c3d097d0315953521681ba2cd523ee66e5077c3711f7021e65de?s=96&d=mm&r=g\",\"contentUrl\":\"https:\/\/secure.gravatar.com\/avatar\/497d5cde87b4c3d097d0315953521681ba2cd523ee66e5077c3711f7021e65de?s=96&d=mm&r=g\",\"caption\":\"Francisco Javier Fern\u00e1ndez Chento\"},\"description\":\"Director General y cofundador de La Red de Formaci\u00f3n Vicenciana. Javier es laico vicenciano, afiliado a la Congregaci\u00f3n de la Misi\u00f3n y miembro del Equipo de Misiones Populares de la provincia can\u00f3nica de Zaragoza (Espa\u00f1a) de la Congregaci\u00f3n de la Misi\u00f3n. Graduado en la Universidad Oberta de Catalunya con cuatro grados (Asistente de direcci\u00f3n, Gesti\u00f3n Administrativa, Recursos Humanos y Contabilidad Avanzada). Bil\u00edng\u00fce Espa\u00f1ol\/Ingl\u00e9s. gestiona y mantiene varias p\u00e1ginas web cristianas y vicencianas, incluida including La Red de Formaci\u00f3n Vicenciana, de la que es cofundador. Actualmente es responsable del \u00e1rea de Espa\u00f1ol de .famvin, la Red de Noticias de la Familia Vicenciana. Tambi\u00e9n es m\u00fasico cat\u00f3lico y ha editado varios discos. Es Director General y cofundador de Trovador, una reconocida compa\u00f1\u00eda discogr\u00e1fica critiana de Espa\u00f1a. Trabaja en las Tecnolog\u00edas de la Informaci\u00f3n, ofreciendo servicios de alojamiento, dise\u00f1o y mantenimiento Web, as\u00ed como asesoramiento, formaci\u00f3n y soluciones inform\u00e1ticas, gesti\u00f3n documental y digitalizaci\u00f3n de textos, edici\u00f3n y maquetaci\u00f3n de libros, revistas, flyers, etc.\",\"sameAs\":[\"http:\/\/chento.org\",\"https:\/\/www.facebook.com\/JavierChento\",\"https:\/\/x.com\/https:\/\/twitter.com\/javierchento\"],\"url\":\"http:\/\/vincentians.com\/fr\/author\/chento\/\"}]}<\/script>\n<!-- \/ Yoast SEO plugin. -->","yoast_head_json":{"title":"Histoire g\u00e9n\u00e9rale de la Congr\u00e9gation de la Mission (64) - Nous Sommes Vincentiens","robots":{"index":"index","follow":"follow","max-snippet":"max-snippet:-1","max-image-preview":"max-image-preview:large","max-video-preview":"max-video-preview:-1"},"canonical":"https:\/\/vincentians.com\/fr\/histoire-generale-de-la-congregation-de-la-mission-64\/","og_locale":"fr_FR","og_type":"article","og_title":"Histoire g\u00e9n\u00e9rale de la Congr\u00e9gation de la Mission (64) - Nous Sommes Vincentiens","og_description":"LXIV. D\u00e9crets de l\u2019assembl\u00e9e de 1711. S\u00e9minaire de r\u00e9novation L\u2019assembl\u00e9e o\u00f9 M. Bonnet fut \u00e9lu g\u00e9n\u00e9ral est la 8\u00e8me des assembl\u00e9es g\u00e9n\u00e9rales. On y fit quelques d\u00e9crets en latin, comme dans toutes les autres. On ... Read More","og_url":"https:\/\/vincentians.com\/fr\/histoire-generale-de-la-congregation-de-la-mission-64\/","og_site_name":"Nous Sommes Vincentiens","article_publisher":"https:\/\/www.facebook.com\/WeAreVincentians\/","article_author":"https:\/\/www.facebook.com\/JavierChento","article_published_time":"2015-01-10T06:18:22+00:00","og_image":[{"width":1200,"height":630,"url":"https:\/\/i0.wp.com\/vincentians.com\/fr\/wp-content\/uploads\/sites\/10\/2016\/07\/histoire-generale-de-la-congregation-de-la-mission.jpg?fit=1200%2C630&ssl=1","type":"image\/jpeg"}],"author":"Francisco Javier Fern\u00e1ndez Chento","twitter_card":"summary_large_image","twitter_creator":"@https:\/\/twitter.com\/javierchento","twitter_site":"@WeVincentians","twitter_misc":{"\u00c9crit par":"Francisco Javier Fern\u00e1ndez Chento","Dur\u00e9e de lecture estim\u00e9e":"10 minutes"},"schema":{"@context":"https:\/\/schema.org","@graph":[{"@type":"WebPage","@id":"https:\/\/vincentians.com\/fr\/histoire-generale-de-la-congregation-de-la-mission-64\/","url":"https:\/\/vincentians.com\/fr\/histoire-generale-de-la-congregation-de-la-mission-64\/","name":"Histoire g\u00e9n\u00e9rale de la Congr\u00e9gation de la Mission (64) - Nous Sommes Vincentiens","isPartOf":{"@id":"http:\/\/vincentians.com\/fr\/#website"},"primaryImageOfPage":{"@id":"https:\/\/vincentians.com\/fr\/histoire-generale-de-la-congregation-de-la-mission-64\/#primaryimage"},"image":{"@id":"https:\/\/vincentians.com\/fr\/histoire-generale-de-la-congregation-de-la-mission-64\/#primaryimage"},"thumbnailUrl":"https:\/\/i0.wp.com\/vincentians.com\/fr\/wp-content\/uploads\/sites\/10\/2016\/07\/histoire-generale-de-la-congregation-de-la-mission.jpg?fit=1200%2C630","datePublished":"2015-01-10T06:18:22+00:00","author":{"@id":"http:\/\/vincentians.com\/fr\/#\/schema\/person\/9623ef4d9aa3b2dfb8c061f1499288f2"},"breadcrumb":{"@id":"https:\/\/vincentians.com\/fr\/histoire-generale-de-la-congregation-de-la-mission-64\/#breadcrumb"},"inLanguage":"fr-FR","potentialAction":[{"@type":"ReadAction","target":["https:\/\/vincentians.com\/fr\/histoire-generale-de-la-congregation-de-la-mission-64\/"]}]},{"@type":"ImageObject","inLanguage":"fr-FR","@id":"https:\/\/vincentians.com\/fr\/histoire-generale-de-la-congregation-de-la-mission-64\/#primaryimage","url":"https:\/\/i0.wp.com\/vincentians.com\/fr\/wp-content\/uploads\/sites\/10\/2016\/07\/histoire-generale-de-la-congregation-de-la-mission.jpg?fit=1200%2C630","contentUrl":"https:\/\/i0.wp.com\/vincentians.com\/fr\/wp-content\/uploads\/sites\/10\/2016\/07\/histoire-generale-de-la-congregation-de-la-mission.jpg?fit=1200%2C630","width":1200,"height":630},{"@type":"BreadcrumbList","@id":"https:\/\/vincentians.com\/fr\/histoire-generale-de-la-congregation-de-la-mission-64\/#breadcrumb","itemListElement":[{"@type":"ListItem","position":1,"name":"Portada","item":"http:\/\/vincentians.com\/fr\/"},{"@type":"ListItem","position":2,"name":"Histoire g\u00e9n\u00e9rale de la Congr\u00e9gation de la Mission (64)"}]},{"@type":"WebSite","@id":"http:\/\/vincentians.com\/fr\/#website","url":"http:\/\/vincentians.com\/fr\/","name":"Nous Sommes Vincentiens","description":"Know more to serve more","potentialAction":[{"@type":"SearchAction","target":{"@type":"EntryPoint","urlTemplate":"http:\/\/vincentians.com\/fr\/?s={search_term_string}"},"query-input":{"@type":"PropertyValueSpecification","valueRequired":true,"valueName":"search_term_string"}}],"inLanguage":"fr-FR"},{"@type":"Person","@id":"http:\/\/vincentians.com\/fr\/#\/schema\/person\/9623ef4d9aa3b2dfb8c061f1499288f2","name":"Francisco Javier Fern\u00e1ndez Chento","image":{"@type":"ImageObject","inLanguage":"fr-FR","@id":"http:\/\/vincentians.com\/fr\/#\/schema\/person\/image\/","url":"https:\/\/secure.gravatar.com\/avatar\/497d5cde87b4c3d097d0315953521681ba2cd523ee66e5077c3711f7021e65de?s=96&d=mm&r=g","contentUrl":"https:\/\/secure.gravatar.com\/avatar\/497d5cde87b4c3d097d0315953521681ba2cd523ee66e5077c3711f7021e65de?s=96&d=mm&r=g","caption":"Francisco Javier Fern\u00e1ndez Chento"},"description":"Director General y cofundador de La Red de Formaci\u00f3n Vicenciana. Javier es laico vicenciano, afiliado a la Congregaci\u00f3n de la Misi\u00f3n y miembro del Equipo de Misiones Populares de la provincia can\u00f3nica de Zaragoza (Espa\u00f1a) de la Congregaci\u00f3n de la Misi\u00f3n. Graduado en la Universidad Oberta de Catalunya con cuatro grados (Asistente de direcci\u00f3n, Gesti\u00f3n Administrativa, Recursos Humanos y Contabilidad Avanzada). Bil\u00edng\u00fce Espa\u00f1ol\/Ingl\u00e9s. gestiona y mantiene varias p\u00e1ginas web cristianas y vicencianas, incluida including La Red de Formaci\u00f3n Vicenciana, de la que es cofundador. Actualmente es responsable del \u00e1rea de Espa\u00f1ol de .famvin, la Red de Noticias de la Familia Vicenciana. Tambi\u00e9n es m\u00fasico cat\u00f3lico y ha editado varios discos. Es Director General y cofundador de Trovador, una reconocida compa\u00f1\u00eda discogr\u00e1fica critiana de Espa\u00f1a. Trabaja en las Tecnolog\u00edas de la Informaci\u00f3n, ofreciendo servicios de alojamiento, dise\u00f1o y mantenimiento Web, as\u00ed como asesoramiento, formaci\u00f3n y soluciones inform\u00e1ticas, gesti\u00f3n documental y digitalizaci\u00f3n de textos, edici\u00f3n y maquetaci\u00f3n de libros, revistas, flyers, etc.","sameAs":["http:\/\/chento.org","https:\/\/www.facebook.com\/JavierChento","https:\/\/x.com\/https:\/\/twitter.com\/javierchento"],"url":"http:\/\/vincentians.com\/fr\/author\/chento\/"}]}},"jetpack_publicize_connections":[],"jetpack_featured_media_url":"https:\/\/i0.wp.com\/vincentians.com\/fr\/wp-content\/uploads\/sites\/10\/2016\/07\/histoire-generale-de-la-congregation-de-la-mission.jpg?fit=1200%2C630","jetpack_sharing_enabled":true,"jetpack_shortlink":"https:\/\/wp.me\/p7ETMP-Dim","jetpack-related-posts":[{"id":108219,"url":"http:\/\/vincentians.com\/fr\/histoire-generale-de-la-congregation-de-la-mission-50\/","url_meta":{"origin":151054,"position":0},"title":"Histoire g\u00e9n\u00e9rale de la Congr\u00e9gation de la Mission (50)","author":"Francisco Javier Fern\u00e1ndez Chento","date":"16\/02\/2014","format":false,"excerpt":"L. D\u00e9crets de l\u2019assembl\u00e9e de 1697 L\u2019\u00e9lection \u00e9tant faite, on se contenta d\u2019ajouter peu de d\u00e9crets aux pr\u00e9c\u00e9dents, qui regardaient presque tous des choses \u00e0 r\u00e9gler pour le bon ordre des assembl\u00e9es et le v\u0153u de pauvret\u00e9, toujours sujet \u00e0 \u00eatre enfreint dans la Compagnie. On dit que si quelqu\u2019un\u2026","rel":"","context":"Dans &quot;Histoire de la Congr\u00e9gation de la Mission&quot;","block_context":{"text":"Histoire de la Congr\u00e9gation de la Mission","link":"http:\/\/vincentians.com\/fr\/category\/histoire-de-la-congregation-de-la-mission\/"},"img":{"alt_text":"","src":"https:\/\/i0.wp.com\/vincentians.com\/fr\/wp-content\/uploads\/sites\/10\/2016\/07\/histoire-generale-de-la-congregation-de-la-mission.jpg?fit=1200%2C630&resize=350%2C200","width":350,"height":200,"srcset":"https:\/\/i0.wp.com\/vincentians.com\/fr\/wp-content\/uploads\/sites\/10\/2016\/07\/histoire-generale-de-la-congregation-de-la-mission.jpg?fit=1200%2C630&resize=350%2C200 1x, https:\/\/i0.wp.com\/vincentians.com\/fr\/wp-content\/uploads\/sites\/10\/2016\/07\/histoire-generale-de-la-congregation-de-la-mission.jpg?fit=1200%2C630&resize=525%2C300 1.5x, https:\/\/i0.wp.com\/vincentians.com\/fr\/wp-content\/uploads\/sites\/10\/2016\/07\/histoire-generale-de-la-congregation-de-la-mission.jpg?fit=1200%2C630&resize=700%2C400 2x, https:\/\/i0.wp.com\/vincentians.com\/fr\/wp-content\/uploads\/sites\/10\/2016\/07\/histoire-generale-de-la-congregation-de-la-mission.jpg?fit=1200%2C630&resize=1050%2C600 3x"},"classes":[]},{"id":107987,"url":"http:\/\/vincentians.com\/fr\/histoire-generale-de-la-congregation-de-la-mission-43\/","url_meta":{"origin":151054,"position":1},"title":"Histoire g\u00e9n\u00e9rale de la Congr\u00e9gation de la Mission (43)","author":"Francisco Javier Fern\u00e1ndez Chento","date":"09\/02\/2014","format":false,"excerpt":"XLIII. Autre assembl\u00e9e g\u00e9n\u00e9rale en 1692. Ses d\u00e9crets. On a d\u00e9j\u00e0 dit ci-dessus que le d\u00e9cret de l\u2019assembl\u00e9e pr\u00e9c\u00e9dante qui donne une place distingu\u00e9e aux assistants faisait beaucoup de peine \u00e0 M. Jolly. Et qu\u2019il le jugeait contraire \u00e0 la simplicit\u00e9, dont la Congr\u00e9gation fait une profession particuli\u00e8re. Peut-\u00eatre voyait-il\u2026","rel":"","context":"Dans &quot;Histoire de la Congr\u00e9gation de la Mission&quot;","block_context":{"text":"Histoire de la Congr\u00e9gation de la Mission","link":"http:\/\/vincentians.com\/fr\/category\/histoire-de-la-congregation-de-la-mission\/"},"img":{"alt_text":"","src":"https:\/\/i0.wp.com\/vincentians.com\/fr\/wp-content\/uploads\/sites\/10\/2016\/07\/histoire-generale-de-la-congregation-de-la-mission.jpg?fit=1200%2C630&resize=350%2C200","width":350,"height":200,"srcset":"https:\/\/i0.wp.com\/vincentians.com\/fr\/wp-content\/uploads\/sites\/10\/2016\/07\/histoire-generale-de-la-congregation-de-la-mission.jpg?fit=1200%2C630&resize=350%2C200 1x, https:\/\/i0.wp.com\/vincentians.com\/fr\/wp-content\/uploads\/sites\/10\/2016\/07\/histoire-generale-de-la-congregation-de-la-mission.jpg?fit=1200%2C630&resize=525%2C300 1.5x, https:\/\/i0.wp.com\/vincentians.com\/fr\/wp-content\/uploads\/sites\/10\/2016\/07\/histoire-generale-de-la-congregation-de-la-mission.jpg?fit=1200%2C630&resize=700%2C400 2x, https:\/\/i0.wp.com\/vincentians.com\/fr\/wp-content\/uploads\/sites\/10\/2016\/07\/histoire-generale-de-la-congregation-de-la-mission.jpg?fit=1200%2C630&resize=1050%2C600 3x"},"classes":[]},{"id":107761,"url":"http:\/\/vincentians.com\/fr\/histoire-generale-de-la-congregation-de-la-mission-12\/","url_meta":{"origin":151054,"position":2},"title":"Histoire g\u00e9n\u00e9rale de la Congr\u00e9gation de la Mission (12)","author":"Francisco Javier Fern\u00e1ndez Chento","date":"07\/01\/2014","format":false,"excerpt":"XII. Autres m\u00e9moires de l\u2019assembl\u00e9e pour le dedans de la Congr\u00e9gation. L\u2019assembl\u00e9e de 1668, ayant ainsi pourvu \u00e0 l\u2019utilit\u00e9 des fonctions commises aux soins de la Compagnie qui regardent les gens du dehors, ne n\u00e9gligea pas ce qui pouvait servir \u00e0 maintenir la r\u00e9gularit\u00e9 parmi ceux du dedans, ce qu\u2019on\u2026","rel":"","context":"Dans &quot;Histoire de la Congr\u00e9gation de la Mission&quot;","block_context":{"text":"Histoire de la Congr\u00e9gation de la Mission","link":"http:\/\/vincentians.com\/fr\/category\/histoire-de-la-congregation-de-la-mission\/"},"img":{"alt_text":"","src":"https:\/\/i0.wp.com\/vincentians.com\/fr\/wp-content\/uploads\/sites\/10\/2016\/07\/histoire-generale-de-la-congregation-de-la-mission.jpg?fit=1200%2C630&resize=350%2C200","width":350,"height":200,"srcset":"https:\/\/i0.wp.com\/vincentians.com\/fr\/wp-content\/uploads\/sites\/10\/2016\/07\/histoire-generale-de-la-congregation-de-la-mission.jpg?fit=1200%2C630&resize=350%2C200 1x, https:\/\/i0.wp.com\/vincentians.com\/fr\/wp-content\/uploads\/sites\/10\/2016\/07\/histoire-generale-de-la-congregation-de-la-mission.jpg?fit=1200%2C630&resize=525%2C300 1.5x, https:\/\/i0.wp.com\/vincentians.com\/fr\/wp-content\/uploads\/sites\/10\/2016\/07\/histoire-generale-de-la-congregation-de-la-mission.jpg?fit=1200%2C630&resize=700%2C400 2x, https:\/\/i0.wp.com\/vincentians.com\/fr\/wp-content\/uploads\/sites\/10\/2016\/07\/histoire-generale-de-la-congregation-de-la-mission.jpg?fit=1200%2C630&resize=1050%2C600 3x"},"classes":[]},{"id":108235,"url":"http:\/\/vincentians.com\/fr\/histoire-generale-de-la-congregation-de-la-mission-59\/","url_meta":{"origin":151054,"position":3},"title":"Histoire g\u00e9n\u00e9rale de la Congr\u00e9gation de la Mission (59)","author":"Francisco Javier Fern\u00e1ndez Chento","date":"25\/02\/2014","format":false,"excerpt":"LIX. D\u00e9crets de l\u2019assembl\u00e9e de 1703. Cette assembl\u00e9e, apr\u00e8s les s\u00e9ances n\u00e9cessaires pour l\u2019\u00e9lection d\u2019un g\u00e9n\u00e9ral, s\u2019appliqua dans les suivantes \u00e0 faire quelques d\u00e9crets, pour r\u00e9gler certains articles qui lui parurent de quelque cons\u00e9quence. Il y fut dit que l\u2019intention de l\u2019assembl\u00e9e \u00e9tait que nul pr\u00eatre qui aurait pass\u00e9 douze\u2026","rel":"","context":"Dans &quot;Histoire de la Congr\u00e9gation de la Mission&quot;","block_context":{"text":"Histoire de la Congr\u00e9gation de la Mission","link":"http:\/\/vincentians.com\/fr\/category\/histoire-de-la-congregation-de-la-mission\/"},"img":{"alt_text":"","src":"https:\/\/i0.wp.com\/vincentians.com\/fr\/wp-content\/uploads\/sites\/10\/2016\/07\/histoire-generale-de-la-congregation-de-la-mission.jpg?fit=1200%2C630&resize=350%2C200","width":350,"height":200,"srcset":"https:\/\/i0.wp.com\/vincentians.com\/fr\/wp-content\/uploads\/sites\/10\/2016\/07\/histoire-generale-de-la-congregation-de-la-mission.jpg?fit=1200%2C630&resize=350%2C200 1x, https:\/\/i0.wp.com\/vincentians.com\/fr\/wp-content\/uploads\/sites\/10\/2016\/07\/histoire-generale-de-la-congregation-de-la-mission.jpg?fit=1200%2C630&resize=525%2C300 1.5x, https:\/\/i0.wp.com\/vincentians.com\/fr\/wp-content\/uploads\/sites\/10\/2016\/07\/histoire-generale-de-la-congregation-de-la-mission.jpg?fit=1200%2C630&resize=700%2C400 2x, https:\/\/i0.wp.com\/vincentians.com\/fr\/wp-content\/uploads\/sites\/10\/2016\/07\/histoire-generale-de-la-congregation-de-la-mission.jpg?fit=1200%2C630&resize=1050%2C600 3x"},"classes":[]},{"id":151055,"url":"http:\/\/vincentians.com\/fr\/histoire-generale-de-la-congregation-de-la-mission-65\/","url_meta":{"origin":151054,"position":4},"title":"Histoire g\u00e9n\u00e9rale de la Congr\u00e9gation de la Mission (65)","author":"Francisco Javier Fern\u00e1ndez Chento","date":"11\/01\/2015","format":false,"excerpt":"LXV. Demandes de l\u2019assembl\u00e9e et des r\u00e9ponses. On laissa \u00e0 l\u2019ordinaire d\u2019autres demandes en cette assembl\u00e9e pour \u00eatre r\u00e9solues par le g\u00e9n\u00e9ral. Il y r\u00e9pondit peu apr\u00e8s. On souhaita donc qu\u2019on v\u00eet imprimer le second tome des C\u00e9r\u00e9monies promis tant de fois. On en r\u00e9gla la d\u00e9pense des malades, qui\u2026","rel":"","context":"Dans &quot;Histoire de la Congr\u00e9gation de la Mission&quot;","block_context":{"text":"Histoire de la Congr\u00e9gation de la Mission","link":"http:\/\/vincentians.com\/fr\/category\/histoire-de-la-congregation-de-la-mission\/"},"img":{"alt_text":"","src":"https:\/\/i0.wp.com\/vincentians.com\/fr\/wp-content\/uploads\/sites\/10\/2016\/07\/histoire-generale-de-la-congregation-de-la-mission.jpg?fit=1200%2C630&resize=350%2C200","width":350,"height":200,"srcset":"https:\/\/i0.wp.com\/vincentians.com\/fr\/wp-content\/uploads\/sites\/10\/2016\/07\/histoire-generale-de-la-congregation-de-la-mission.jpg?fit=1200%2C630&resize=350%2C200 1x, https:\/\/i0.wp.com\/vincentians.com\/fr\/wp-content\/uploads\/sites\/10\/2016\/07\/histoire-generale-de-la-congregation-de-la-mission.jpg?fit=1200%2C630&resize=525%2C300 1.5x, https:\/\/i0.wp.com\/vincentians.com\/fr\/wp-content\/uploads\/sites\/10\/2016\/07\/histoire-generale-de-la-congregation-de-la-mission.jpg?fit=1200%2C630&resize=700%2C400 2x, https:\/\/i0.wp.com\/vincentians.com\/fr\/wp-content\/uploads\/sites\/10\/2016\/07\/histoire-generale-de-la-congregation-de-la-mission.jpg?fit=1200%2C630&resize=1050%2C600 3x"},"classes":[]},{"id":107767,"url":"http:\/\/vincentians.com\/fr\/histoire-generale-de-la-congregation-de-la-mission-10\/","url_meta":{"origin":151054,"position":5},"title":"Histoire g\u00e9n\u00e9rale de la Congr\u00e9gation de la Mission (10)","author":"Francisco Javier Fern\u00e1ndez Chento","date":"05\/01\/2014","format":false,"excerpt":"X. [L\u2019a]ssembl\u00e9e de [16]68 et ses d\u00e9crets. La Compagnie se multipliait ainsi sous la sage conduite de M. Alm\u00e9ras et quoiqu\u2019il n\u2019y e\u00fbt qu\u2019environ sept ans qu\u2019on avait eu une assembl\u00e9e g\u00e9n\u00e9rale comme il se trouvait un grand nombre de maisons et qu\u2019on n\u2019avait fait aucun d\u00e9cret dans la derni\u00e8re,\u2026","rel":"","context":"Dans &quot;Histoire de la Congr\u00e9gation de la Mission&quot;","block_context":{"text":"Histoire de la Congr\u00e9gation de la Mission","link":"http:\/\/vincentians.com\/fr\/category\/histoire-de-la-congregation-de-la-mission\/"},"img":{"alt_text":"","src":"https:\/\/i0.wp.com\/vincentians.com\/fr\/wp-content\/uploads\/sites\/10\/2016\/07\/histoire-generale-de-la-congregation-de-la-mission.jpg?fit=1200%2C630&resize=350%2C200","width":350,"height":200,"srcset":"https:\/\/i0.wp.com\/vincentians.com\/fr\/wp-content\/uploads\/sites\/10\/2016\/07\/histoire-generale-de-la-congregation-de-la-mission.jpg?fit=1200%2C630&resize=350%2C200 1x, https:\/\/i0.wp.com\/vincentians.com\/fr\/wp-content\/uploads\/sites\/10\/2016\/07\/histoire-generale-de-la-congregation-de-la-mission.jpg?fit=1200%2C630&resize=525%2C300 1.5x, https:\/\/i0.wp.com\/vincentians.com\/fr\/wp-content\/uploads\/sites\/10\/2016\/07\/histoire-generale-de-la-congregation-de-la-mission.jpg?fit=1200%2C630&resize=700%2C400 2x, https:\/\/i0.wp.com\/vincentians.com\/fr\/wp-content\/uploads\/sites\/10\/2016\/07\/histoire-generale-de-la-congregation-de-la-mission.jpg?fit=1200%2C630&resize=1050%2C600 3x"},"classes":[]}],"_links":{"self":[{"href":"http:\/\/vincentians.com\/fr\/wp-json\/wp\/v2\/posts\/151054","targetHints":{"allow":["GET"]}}],"collection":[{"href":"http:\/\/vincentians.com\/fr\/wp-json\/wp\/v2\/posts"}],"about":[{"href":"http:\/\/vincentians.com\/fr\/wp-json\/wp\/v2\/types\/post"}],"author":[{"embeddable":true,"href":"http:\/\/vincentians.com\/fr\/wp-json\/wp\/v2\/users\/4"}],"replies":[{"embeddable":true,"href":"http:\/\/vincentians.com\/fr\/wp-json\/wp\/v2\/comments?post=151054"}],"version-history":[{"count":0,"href":"http:\/\/vincentians.com\/fr\/wp-json\/wp\/v2\/posts\/151054\/revisions"}],"wp:featuredmedia":[{"embeddable":true,"href":"http:\/\/vincentians.com\/fr\/wp-json\/wp\/v2\/media\/189808"}],"wp:attachment":[{"href":"http:\/\/vincentians.com\/fr\/wp-json\/wp\/v2\/media?parent=151054"}],"wp:term":[{"taxonomy":"category","embeddable":true,"href":"http:\/\/vincentians.com\/fr\/wp-json\/wp\/v2\/categories?post=151054"},{"taxonomy":"post_tag","embeddable":true,"href":"http:\/\/vincentians.com\/fr\/wp-json\/wp\/v2\/tags?post=151054"}],"curies":[{"name":"wp","href":"https:\/\/api.w.org\/{rel}","templated":true}]}}