{"id":151050,"date":"2015-01-21T07:18:22","date_gmt":"2015-01-21T06:18:22","guid":{"rendered":"http:\/\/vincentiens.org\/?p=151050"},"modified":"2015-01-21T07:18:22","modified_gmt":"2015-01-21T06:18:22","slug":"histoire-generale-de-la-congregation-de-la-mission-75","status":"publish","type":"post","link":"http:\/\/vincentians.com\/fr\/histoire-generale-de-la-congregation-de-la-mission-75\/","title":{"rendered":"Histoire g\u00e9n\u00e9rale de la Congr\u00e9gation de la Mission (75)"},"content":{"rendered":"<h2><b><b><b><strong>LXXV. Missions en l\u2019\u00eele de Mascareignes<\/strong><\/b><\/b><\/b><\/h2>\n<p><a href=\"https:\/\/i0.wp.com\/vincentiens.org\/wp-content\/uploads\/2012\/12\/logocm.png\"><img data-recalc-dims=\"1\" loading=\"lazy\" decoding=\"async\" class=\"alignright size-medium wp-image-104093\" src=\"https:\/\/i0.wp.com\/vincentiens.org\/wp-content\/uploads\/2012\/12\/logocm-245x300.png?resize=245%2C300\" alt=\"logocm\" width=\"245\" height=\"300\" \/><\/a>Dieu se voulut servir des Missionnaires dans un nouveau pays, voisin de l\u2019\u00eele Madagascar, o\u00f9 M. Vincent en avait envoy\u00e9 durant sa vie, c\u2019est l\u2019\u00eele de Bourbon, dite autrement Mascareignes, du nom du capitaine portugais qui la d\u00e9couvrit le premier. Elle est \u00e0 l\u2019orient m\u00e9ridional de l\u2019autre, et quand les Fran\u00e7ais habitaient \u00e0 Madagascar, on y rel\u00e9guait ceux qui \u00e9taient jug\u00e9s dignes de cette peine. Ils se multipli\u00e8rent l\u00e0, cette \u00eele \u00e9tant dans un bon air, d\u2019un terrain fertile, abondant en gibier, volailles, animaux, fruits, &amp;c. La Compagnie des Indes trouva cet endroit-l\u00e0 pour y faire rafra\u00eechir les vaisseauxapr\u00e8s avoir doubl\u00e9 le cap de Bonne-Esp\u00e9rance. Il s\u2019y fit diverses habitations ou paroisses tout autour sur les c\u00f4tes de la mer. Et Messieurs de la Compagnie y \u00e9tablirent un gouverneur ; quelques religieux y servant pour le spirituel ; mais un d\u2019entre eux ayant complot\u00e9 pour faire assassiner le gouverneur, tandis qu\u2019il disait la messe, on se saisit de lui, et on l\u2019amena en France. On demanda ensuite au Pape des ouvriers pour cultiver cette nouvelle vigne, et le Saint-P\u00e8re y destina les pr\u00eatres de la Mission. M. Bonnet, d\u00e9j\u00e0 g\u00e9n\u00e9ral, se vit oblig\u00e9 de songer \u00e0 y envoyer un nombre suffisant d\u2019ouvriers. Il appela, pour cet effet M. Criais, homme vigoureux et de bon naturel, qui \u00e9tait \u00e0 Marseille, o\u00f9 il avait tr\u00e8s bien appris le proven\u00e7al et s\u2019\u00e9tait rendu par ce moyen tr\u00e8s utile pour les missions ; il le nomma avec Mrs. Renou<span id='easy-footnote-1-151050' class='easy-footnote-margin-adjust'><\/span><span class='easy-footnote'><a href='http:\/\/vincentians.com\/fr\/histoire-generale-de-la-congregation-de-la-mission-75\/#easy-footnote-bottom-1-151050' title='Daniel Renou, n\u00e9 1662.'><sup>1<\/sup><\/a><\/span><a href=\"#_ftn1\" name=\"_ftnref1\"><\/a>, Abot<span id='easy-footnote-2-151050' class='easy-footnote-margin-adjust'><\/span><span class='easy-footnote'><a href='http:\/\/vincentians.com\/fr\/histoire-generale-de-la-congregation-de-la-mission-75\/#easy-footnote-bottom-2-151050' title='Ren\u00e9 Abot, 1678-1730.'><sup>2<\/sup><\/a><\/span><a href=\"#_ftn2\" name=\"_ftnref2\"><\/a> et Houbert<span id='easy-footnote-3-151050' class='easy-footnote-margin-adjust'><\/span><span class='easy-footnote'><a href='http:\/\/vincentians.com\/fr\/histoire-generale-de-la-congregation-de-la-mission-75\/#easy-footnote-bottom-3-151050' title='Jacques Houbert, n\u00e9 1678.'><sup>3<\/sup><\/a><\/span><a href=\"#_ftn3\" name=\"_ftnref3\"><\/a> pour cette mission, de laquelle M. Renou, comme le plus ancien, devait \u00eatre sup\u00e9rieur. Il avait \u00e9t\u00e9 de la religion pr\u00e9tendue r\u00e9form\u00e9e et y avait fait ses \u00e9tudes pour \u00eatre proposant ; il \u00e9tait donc d\u2019une \u00e9rudition au-dessus de la m\u00e9diocre et avait parfaitement bien r\u00e9ussi dans la r\u00e9gence. On leur donna, pour les servir, le fr\u00e8re Joseph Moutardier<span id='easy-footnote-4-151050' class='easy-footnote-margin-adjust'><\/span><span class='easy-footnote'><a href='http:\/\/vincentians.com\/fr\/histoire-generale-de-la-congregation-de-la-mission-75\/#easy-footnote-bottom-4-151050' title='Joseph Moutardier, n\u00e9 1668.'><sup>4<\/sup><\/a><\/span><a href=\"#_ftn4\" name=\"_ftnref4\"><\/a>.<\/p>\n<p>Cette entreprise surprit agr\u00e9ablement la Compagnie, et son succ\u00e8s fut, dans la suite, une partie des nouvelles dont le g\u00e9n\u00e9ral informait les maisons tous les ans : Nous voil\u00e0 enfin, disait-il en 1713, \u00e0 la veille du d\u00e9part pour l\u2019\u00eele de Bourbon ; ces messieurs y vont avec un grand courage, fort joyeux et embras\u00e9s d\u2019un saint z\u00e8le pour la gloire de Dieu et le salut de ces pauvres insulaires tant chr\u00e9tiens qu\u2019infid\u00e8les. M. Renou a tous les pouvoirs que N[otre] S[aint] P[\u00e8re] le Pape a coutume d\u2019accorder auxvicaires et pr\u00e9fets des missions \u00e9trang\u00e8res, les autres y participent \u00e0 proportion. Et il n\u2019y a pas jusqu\u2019au fr\u00e8re qui n\u2019ait une patente de sa mission pour le service de Dieu. Ils s\u2019embarqu\u00e8rent \u00e0 St.-Malo, mais \u00e0 peine eurent-ils mis \u00e0 la voile que les deux vaisseaux, sur lesquels ils \u00e9taient mont\u00e9s, se s\u00e9par\u00e8rent et furent pendant environ quinze jours battus d\u2019une temp\u00eate si furieuse, qu\u2019au dire des anciens matelots, on n\u2019en avait pas vu de semblable depuis vingt ans. Le vaisseau qui portait Mrs. Criais et Houbert fut oblig\u00e9 de rel\u00e2cher \u00e0 St.-Malo pour se radouber. L\u2019autre, o\u00f9 \u00e9taient Mrs. Renou et Abot, avec le fr\u00e8re, apr\u00e8s avoir perdu son grand mat et essuy\u00e9 un terrible coup de tonnerre qui \u00e9tourdit quarante personnes, leur \u00f4tant le sentiment pendant 4 heures sans que personne f\u00fbt bless\u00e9 \u00e0 mort, aborda \u00e0 Plymouth, en Angleterre ;ils remont\u00e8rent tous sur un vaisseau avec plus de courage que la premi\u00e8re fois et firent une heureuse navigation. M. Renou arriva le premier \u00e0 Cadix, un peu indispos\u00e9 de la fatigue du voyage ; les autres y vinrent le joindre. Ils \u00e9crivirent de l\u00e0 qu\u2019ils devaient partir, sur la fin de mars 1713, pour Pondich\u00e9ry, sur la c\u00f4te de Coromandel, place forte appartenant \u00e0 la Compagnie des Indes ; d\u2019o\u00f9 ils seraient transport\u00e9s, en revenant sur leurs pas, en l\u2019\u00eele de Bourbon, le vaisseau ne devant pas mouiller l\u00e0 en passant. Ils y arriv\u00e8rent au mois de septembre suivant, bien contrist\u00e9s de n\u2019avoir encore pu passer \u00e0 Mascareignes, et ce qui leur fut plus f\u00e2cheux est que les deux vaisseaux qui les devaient porter l\u00e0, les laiss\u00e8rent et revinrent droit en France pour profiter du vent qu\u2019ils trouv\u00e8rent favorable. Les missionnaires rest\u00e8rent \u00e0 Pondich\u00e9ry quelque temps, ne trouvant gu\u00e8re de vaisseaux pouraller de l\u00e0 en l\u2019\u00eele de Bourbon. Quand on eut appris \u00e0 Paris, le tour que leur avait jou\u00e9 le capitaine de vaisseau, M. Bonnet s\u2019entremit aupr\u00e8s de M. de Pontchartrain, ministre et secr\u00e9taire d\u2019\u00c9tat pour la Marine et de Messieurs de la Compagnie, esp\u00e9rant d\u2019en obtenir dans peu de jours des ordres pour faire passer ces messieurs dans le lieu de leur mission. Ils s\u00e9journ\u00e8rent pr\u00e8s d\u2019un an \u00e0 Pondich\u00e9ry, jusqu\u2019\u00e0 ce que M. le chevalier de Bernapr\u00e9 e\u00fbt la bont\u00e9 de se charger d\u2019eux avec leurs \u00e9quipages, malgr\u00e9 toutes les difficult\u00e9s et malgr\u00e9 les risques d\u2019\u00eatre oblig\u00e9 d\u2019hiverner.<\/p>\n<p>Le gouverneur et les peuples les re\u00e7urent tr\u00e8s bien. Ils se dispers\u00e8rent en deux ou trois bandes pour servir plus commod\u00e9ment. Ils s\u2019attendaient \u00e0 trouver de grands besoins, comme, en effet, ils en rencontr\u00e8rent. Toutefois, les peuples les \u00e9cout\u00e8rent volontiers, paraissant dispos\u00e9s \u00e0 profiter de leurs bons exemples et instructions. Eux, de leur c\u00f4t\u00e9, \u00e9taient fort contents de leur sort et de gr\u00e2ce que Dieu leur avait faite de les appeler \u00e0 la culture d\u2019une terre \u00e9trang\u00e8re et d\u00e9sol\u00e9e. Ils \u00e9crivirent bient\u00f4t apr\u00e8s de longues lettres au g\u00e9n\u00e9ral, lui marquant le bon \u00e9tat de leur sant\u00e9, les premiers succ\u00e8s de leurs travaux, la bonne disposition des peuples et la mani\u00e8re dont ils s\u2019\u00e9taient partag\u00e9s. M. Renou resta avec le fr\u00e8re \u00e0 St.-Denis, r\u00e9sidence du gouverneur ; Mrs. Criais et Abot, dans la paroisse de St.-Paul, et M. Houbert, seul, dans celle de Ste.-Suzanne. Ces trois paroisses entr\u00e8rent, selon la lettre de M. Bonnet du 1<sup>er<\/sup> janvier 1717, dans les vues des missionnaires avec la m\u00eame docilit\u00e9 et le m\u00eame succ\u00e8s qu\u2019on a coutume de trouver dans les missions les plusferventes. Les infid\u00e8les se convertissaient peu \u00e0 peu ; lesquels pourtant on ne baptisait qu\u2019apr\u00e8s avoir vu des assurances morales de leurs bonnes dispositions. Les anciens fid\u00e8les avaient pour la plupart \u00e9t\u00e9 si touch\u00e9s qu\u2019ils avaient dit aux missionnaires, comme les premiers chr\u00e9tiens aux ap\u00f4tres : <em>Viri fratres, quid faciemus <\/em>? s\u2019\u00e9tant laiss\u00e9s conduire pour les restitutions, les occasions prochaines et les scandales, comme avaient voulu ces messieurs sans leur faire la moindre r\u00e9sistance ; jusque-l\u00e0 que les flibustiers, qui sont des esp\u00e8ces d\u2019aventuriers, vivant de leur chasse et de leurs rapines, se sont rapport\u00e9s \u00e0 leur d\u00e9cision.<\/p>\n<p>Le g\u00e9n\u00e9ral \u00e9tait r\u00e9solu d\u2019envoyer encore deux fr\u00e8res, afin qu\u2019on f\u00fbt deux au moins dans chaque habitation, pour faire ainsi trois petites communaut\u00e9s, o\u00f9 les pr\u00eatres fussent d\u00e9gag\u00e9s des soins temporels et soulag\u00e9s dans leurs maladies. M. Renou continua d\u2019informer M. Bonnet des succ\u00e8s de cette mission. Dieu b\u00e9nit toujours nos travaux, dit-il, et r\u00e9compense le z\u00e8le ardent et pieux de nos confr\u00e8res, les d\u00e9dommageant de ce qu\u2019ils ont g\u00e9n\u00e9reusement quitt\u00e9 pour lui. Quelque l\u00e2che que je sois, Dieu a plus d\u2019\u00e9gard aux besoins et aux dispositions qu\u2019il a mises dans le c\u0153ur de ceux dont j\u2019ai soin, qu\u2019\u00e0 mon indignit\u00e9 et \u00e0 ma mis\u00e8re, et si on compare l\u2019\u00e9tat pr\u00e9sent de nos paroisses avec celui o\u00f9 elles \u00e9taient avant notre venue en cette \u00eele, elles ne sont pas reconnaissables. Les noirs m\u00eames, dont on esp\u00e9rait le moins, commencent \u00e0 \u00eatre tout autres et la parole de Dieu op\u00e8re des changements surprenants en plusieurs d\u2019entre eux. J\u2019ai baptis\u00e9 23 adultes dont je suis content, et, de m\u00eame, des anciens baptis\u00e9s fr\u00e9quentent les sacrements et vivent d\u2019unemani\u00e8re fort chr\u00e9tienne. J\u2019en ai remis 7 ou 8 \u00e0 baptiser la veille de la Pentec\u00f4te, attendu qu\u2019ils n\u2019\u00e9taient pas assez instruits. Le fr\u00e8re Joseph Berchon r\u00e9ussit en des occasions o\u00f9 les plus habiles m\u00e9decins et chirurgiens de l\u2019Europe \u00e9choueraient. On choisissait, d\u00e8s le temps de M Vincent, pour ces missions \u00e9loign\u00e9es, des fr\u00e8res un peu intelligents dans la cure des maladies, pour \u00eatre plus utiles tant aux pr\u00eatres missionnaires qu\u2019aux pauvres sauvages. Il est visible, que c\u2019est par une assistance particuli\u00e8re de Dieu. Ce bon fr\u00e8re se fait admirer par le soin qu\u2019il prend de ses malades, par sa douceur et son d\u00e9sint\u00e9ressement.<\/p>\n<p>Les autres marquent de leur c\u00f4t\u00e9 que le bon air de l\u2019\u00eele entretenait leur sant\u00e9, que la premi\u00e8re ferveur qui avait d\u2019abord parue, ainsi que cela a coutume d\u2019arriver dans les commencements, \u00e9tait un peu ralentie, qu\u2019ils \u00e9taient pourtant contents de la bonne vie duplus grand nombre des libres et des esclaves qui se confessaient souvent, et desquels ils n\u2019\u00e9taient pas ha\u00efs, puisque souvent ils leur envoyaient des pr\u00e9sents de fruits, de l\u00e9gumes et de viande fra\u00eeche peu commune dans le pays ; que les habitants leur b\u00e2tissaient un presbyt\u00e8re fort gracieusement, \u00e0 quoi ils t\u00e2chaient de correspondre, donnant \u00e0 d\u00eener \u00e0 leurs ouvriers, faisant en m\u00eame temps la cuisine et prenant soin du tracas du m\u00e9nage, ce qui pourtant les embarrassait, et ils disaient qu\u2019ils seraient toujours \u00e0 plaindre tandis qu\u2019ils n\u2019auraient pas de fr\u00e8res pour cela. M. Renou pensait \u00e0 changer M. Houbert de Ste.-Suzanne, o\u00f9 il \u00e9tait seul, pour le mettre \u00e0 St.-Paul avec M. Criais, et M. Abot \u00e0 sa place. Le fr\u00e8re de son c\u00f4t\u00e9 souhaitait de se d\u00e9barrasser du service qu\u2019il rendait aux insulaires dans leurs maladies, pour vaquer uniquement au soin du m\u00e9nage domestique, et \u00e0 ses exercices spirituels, nous sommes oblig\u00e9s, disait M. Bonnet en \u00e9crivant cecitout transport\u00e9 de joie, de b\u00e9nir le Seigneur qui nous a fait faire un si bon choix des ouvriers en cette occasion ; j\u2019esp\u00e8re que nous aurons le m\u00eame contentement des autres fr\u00e8res que nous avons fait partir, et qui m\u2019\u00e9crivent de Ste.-Croix des Canaries, en date du 5 mars 1718, qu\u2019ils \u00e9taient arriv\u00e9s la veille, apr\u00e8s avoir couru plusieurs dangers d\u2019\u00eatre pris sur les c\u00f4tes de Barbarie, o\u00f9 les vents leur avaient fait faire cinq cents lieues malgr\u00e9 eux. Un capitaine de vaisseau, qui a pass\u00e9 par Canton, o\u00f9 est M. Appiani, et par l\u2019\u00eele de Bourbon, m\u2019\u00e9crit de Lisbonne, du 5 mai 1718, que ces messieurs font revivre les m\u0153urs de la primitive \u00c9glise, dont il a \u00e9t\u00e9 t\u00e9moin et tr\u00e8s \u00e9difi\u00e9 ; que leurs travaux font honneur \u00e0 la religion ; que, dans Mascareignes, ils ont chass\u00e9 la d\u00e9bauche et la dissolution ; que la jeunesse montrait un germe de vertu, rendant t\u00e9moignage aux mis\u00e9ricordesde Dieu sur ce nouveau peuple.<\/p>\n<p>M. Bonnet \u00e9crivit encore, le 26 d\u00e9cembre 1719 : Nos messieurs de l\u2019\u00eele de Bourbon sont paisibles dans leur petit district, avec leurs fr\u00e8res sages et propres \u00e0 ce pays-l\u00e0. Ils sont fort unis entre eux ; ils aiment leur peuple et en sont \u00e9galement aim\u00e9s. Ils leur firent faire, l\u2019ann\u00e9e derni\u00e8re, la retraite pour essayer de soutenir les fruits de leur mission pr\u00e9c\u00e9dente, et ils \u00e9crivent que cette \u00eele est \u00e0 pr\u00e9sent comme un petit paradis terrestre, o\u00f9 il y \u00e0 peu de boucs parmi les brebis dans les p\u00e2turages du Seigneur. M. Renou se trouve encore incommod\u00e9 de l\u2019estomac, les autres se portent bien. . Mais le dernier article ne fut pas confirm\u00e9 par les nouvelles suivantes \u00e0 l\u2019\u00e9gard de M. Houbert, lequel, apr\u00e8s plusieurs crachements de sang, se trouvait attaqu\u00e9 d\u2019une toux s\u00e8che et de tous les autres sympt\u00f4mes de la pulmonie et de la phtisie, de sorte qu\u2019il y avait toutes les apparences d\u2019une mort prochaine et nullement de gu\u00e9rison. Toute la paroisse de Ste.-Suzanne paraissait tr\u00e8s afflig\u00e9e de son \u00e9tat, car il \u00e9tait aim\u00e9, estim\u00e9, honor\u00e9 comme un bon et saint pasteur. M. Renou a eu pareillement des crachements de sang fort violents qui ont de m\u00eame fait craindre pour sa vie ; toutefois, Dieu nous l\u2019a conserv\u00e9 et les autres continuent \u00e0 se bien porter avec les fr\u00e8res qui, tous font bien du bien dans leur \u00eele.<\/p>\n<p>Il semblait que la providence de Dieu voulait ouvrir la porte d\u2019une autre terre \u00e9trang\u00e8re, quoique dans un autre climat que celle dont nous venons de parler, mais d\u2019une plus vaste \u00e9tendue, pour y faire entrer d\u2019autres ouvriers de la Congr\u00e9gation et y faire luire, par leur moyen, la lumi\u00e8re de la foi catholique. C\u2019\u00e9tait la G\u00e9orgie ou Mingr\u00e9lie, situ\u00e9e sur la c\u00f4te de la mer Noire ou Pont-Euxin, pays bon, fertile et c\u00e9l\u00e8bre autrefois par la fameuse exp\u00e9dition de Jason, chef des Argonautesqui all\u00e8rent \u00e0 la conqu\u00eate de la toison d\u2019or. Ce pays est bien temp\u00e9r\u00e9. Les habitants y sont doux ; mais d\u2019un naturel mous et port\u00e9 \u00e0 l\u2019impudicit\u00e9. Ils \u00e9taient sujets aux empereurs grecs, et le schisme de cette nation s\u2019y introduisit, comme dans le reste de l\u2019empire. Dans la suite des temps, quand les Ottomans ou Turcs occup\u00e8rent par les armes l\u2019empire grec, qui prit fin par la prise de Constantinople, des princes particuliers rest\u00e8rent ma\u00eetres de ces grandes puissances et devinrent tributaires tant\u00f4t du grand Seigneur, tant\u00f4t du sophi de Perse, conservant toujours la religion grecque. Il y a parmi ces habitants, comme dans le reste de la Gr\u00e8ce, des caloyers ou moines grecs, du nombre desquels \u00e9tait un oncle du prince de G\u00e9orgie ou Mingr\u00e9lie, qui vint \u00e0 Rome. Il y eut audience de N[otre] S[aint] P[\u00e8re] le Pape Cl\u00e9ment XI, qui il t\u00e9moigna le d\u00e9sir et la bonne disposition des Mingr\u00e9liens pour recevoir des missionnaires europ\u00e9ens et revenir, par leur secours, \u00e0 l\u2019unit\u00e9de l\u2019\u00c9glise. Le S[aint] P[\u00e8re] jeta alors les yeux sur la Congr\u00e9gation de la Mission pour lui confier le soin de cette mission importante. Ce religieux oncle du prince vint encore \u00e0 Paris solliciter le z\u00e8le de S[a] M[ajest\u00e9] tr\u00e8s chr\u00e9tienne, pour contribuer aux frais de cette mission, et Sadite Majest\u00e9 eut la bont\u00e9 d\u2019assigner sept mille livres de revenus annuels pour soutenir cette bonne \u0153uvre. M. Bonnet, sans doute ravi d\u2019avoir cette occasion d\u2019\u00e9tendre ainsi la Compagnie et d\u2019en appliquer les ouvriers jusque dans les pays les plus recul\u00e9s aux fonctions apostoliques, nomma aussit\u00f4t des sujets pour entreprendre le voyage de Mingr\u00e9lie. Il fit venir de Rome M. La Gru\u00e8re, et partir de Paris cinq ou six autres ouvriers, la plupart jeunes pr\u00eatres, except\u00e9 M. Alin<span id='easy-footnote-5-151050' class='easy-footnote-margin-adjust'><\/span><span class='easy-footnote'><a href='http:\/\/vincentians.com\/fr\/histoire-generale-de-la-congregation-de-la-mission-75\/#easy-footnote-bottom-5-151050' title='Identification impossible. Allain\u00a0?'><sup>5<\/sup><\/a><\/span><a href=\"#_ftn5\" name=\"_ftnref5\"><\/a>, qui en devait \u00eatre le sup\u00e9rieur, et qui alla jusqu\u2019\u00e0 Marseille, o\u00f9 M. La Gru\u00e8re s\u2019\u00e9tait rendu de Rome ; d\u2019autres s\u2019arr\u00eat\u00e8rent \u00e0 Lyon. Mais on y apprit deux f\u00e2cheuses nouvelles qui firent \u00e9vanouir toutesles belles esp\u00e9rances de cette mission. La premi\u00e8re fut l\u2019avis donn\u00e9 par M. le marquis de Bonac, ambassadeur de France \u00e0 Constantinople, que le grand Seigneur ne laisserait pas passer des missionnaires d\u2019Europe, et la seconde, encore plus affligeante, fut la mort du roi Louis XIV, arriv\u00e9e le 1<sup>er<\/sup> 7bre 1715. Comme c\u2019\u00e9tait ce grand prince qui, par ses lib\u00e9ralit\u00e9s, voulait faire ex\u00e9cuter ce grand dessein, et, d\u2019ailleurs, il aurait bien trouv\u00e9 moyen d\u2019y faire consentir le sultan ; la pension qu\u2019il avait assign\u00e9e se trouvait supprim\u00e9e : on ne fut plus en \u00e9tat, faute de moyens, d\u2019entreprendre ce voyage. M. Bonnet \u00e9crivit, \u00e0 la date du 1<sup>er<\/sup> janvier 1716 : La mort du roi a suspendu ou tout \u00e0 fait an\u00e9anti le projet de la mission de Mingr\u00e9lie. Dieu a ses temps et ses moments, lesquels il faut attendre avec patience pour ne pas devancer ses desseins.<\/p>\n","protected":false},"excerpt":{"rendered":"<p>LXXV. Missions en l\u2019\u00eele de Mascareignes Dieu se voulut servir des Missionnaires dans un nouveau pays, voisin de l\u2019\u00eele Madagascar, o\u00f9 M. Vincent en avait envoy\u00e9 durant sa vie, c\u2019est l\u2019\u00eele de Bourbon, dite autrement &#8230; <a href=\"http:\/\/vincentians.com\/fr\/histoire-generale-de-la-congregation-de-la-mission-75\/\" class=\"more-link\">Read More<\/a><\/p>\n","protected":false},"author":4,"featured_media":189808,"comment_status":"open","ping_status":"open","sticky":false,"template":"","format":"standard","meta":{"jetpack_post_was_ever_published":false,"_jetpack_newsletter_access":"","_jetpack_dont_email_post_to_subs":false,"_jetpack_newsletter_tier_id":0,"_jetpack_memberships_contains_paywalled_content":false,"_jetpack_memberships_contains_paid_content":false,"footnotes":"","jetpack_publicize_message":"","jetpack_publicize_feature_enabled":true,"jetpack_social_post_already_shared":true,"jetpack_social_options":{"image_generator_settings":{"template":"highway","default_image_id":0,"font":"","enabled":false},"version":2}},"categories":[134],"tags":[],"class_list":["post-151050","post","type-post","status-publish","format-standard","has-post-thumbnail","hentry","category-histoire-de-la-congregation-de-la-mission"],"yoast_head":"<!-- This site is optimized with the Yoast SEO plugin v26.3 - https:\/\/yoast.com\/wordpress\/plugins\/seo\/ -->\n<title>Histoire g\u00e9n\u00e9rale de la Congr\u00e9gation de la Mission (75) - Nous Sommes Vincentiens<\/title>\n<meta name=\"robots\" content=\"index, follow, max-snippet:-1, max-image-preview:large, max-video-preview:-1\" \/>\n<link rel=\"canonical\" href=\"http:\/\/vincentians.com\/fr\/histoire-generale-de-la-congregation-de-la-mission-75\/\" \/>\n<meta property=\"og:locale\" content=\"fr_FR\" \/>\n<meta property=\"og:type\" content=\"article\" \/>\n<meta property=\"og:title\" content=\"Histoire g\u00e9n\u00e9rale de la Congr\u00e9gation de la Mission (75) - Nous Sommes Vincentiens\" \/>\n<meta property=\"og:description\" content=\"LXXV. Missions en l\u2019\u00eele de Mascareignes Dieu se voulut servir des Missionnaires dans un nouveau pays, voisin de l\u2019\u00eele Madagascar, o\u00f9 M. Vincent en avait envoy\u00e9 durant sa vie, c\u2019est l\u2019\u00eele de Bourbon, dite autrement ... Read More\" \/>\n<meta property=\"og:url\" content=\"http:\/\/vincentians.com\/fr\/histoire-generale-de-la-congregation-de-la-mission-75\/\" \/>\n<meta property=\"og:site_name\" content=\"Nous Sommes Vincentiens\" \/>\n<meta property=\"article:publisher\" content=\"https:\/\/www.facebook.com\/WeAreVincentians\/\" \/>\n<meta property=\"article:author\" content=\"https:\/\/www.facebook.com\/JavierChento\" \/>\n<meta property=\"article:published_time\" content=\"2015-01-21T06:18:22+00:00\" \/>\n<meta property=\"og:image\" content=\"https:\/\/i0.wp.com\/vincentians.com\/fr\/wp-content\/uploads\/sites\/10\/2016\/07\/histoire-generale-de-la-congregation-de-la-mission.jpg?fit=1200%2C630\" \/>\n\t<meta property=\"og:image:width\" content=\"1200\" \/>\n\t<meta property=\"og:image:height\" content=\"630\" \/>\n\t<meta property=\"og:image:type\" content=\"image\/jpeg\" \/>\n<meta name=\"author\" content=\"Francisco Javier Fern\u00e1ndez Chento\" \/>\n<meta name=\"twitter:card\" content=\"summary_large_image\" \/>\n<meta name=\"twitter:creator\" content=\"@https:\/\/twitter.com\/javierchento\" \/>\n<meta name=\"twitter:site\" content=\"@WeVincentians\" \/>\n<meta name=\"twitter:label1\" content=\"\u00c9crit par\" \/>\n\t<meta name=\"twitter:data1\" content=\"Francisco Javier Fern\u00e1ndez Chento\" \/>\n\t<meta name=\"twitter:label2\" content=\"Dur\u00e9e de lecture estim\u00e9e\" \/>\n\t<meta name=\"twitter:data2\" content=\"14 minutes\" \/>\n<script type=\"application\/ld+json\" class=\"yoast-schema-graph\">{\"@context\":\"https:\/\/schema.org\",\"@graph\":[{\"@type\":\"WebPage\",\"@id\":\"http:\/\/vincentians.com\/fr\/histoire-generale-de-la-congregation-de-la-mission-75\/\",\"url\":\"http:\/\/vincentians.com\/fr\/histoire-generale-de-la-congregation-de-la-mission-75\/\",\"name\":\"Histoire g\u00e9n\u00e9rale de la Congr\u00e9gation de la Mission (75) - Nous Sommes Vincentiens\",\"isPartOf\":{\"@id\":\"https:\/\/vincentians.com\/fr\/#website\"},\"primaryImageOfPage\":{\"@id\":\"http:\/\/vincentians.com\/fr\/histoire-generale-de-la-congregation-de-la-mission-75\/#primaryimage\"},\"image\":{\"@id\":\"http:\/\/vincentians.com\/fr\/histoire-generale-de-la-congregation-de-la-mission-75\/#primaryimage\"},\"thumbnailUrl\":\"https:\/\/i0.wp.com\/vincentians.com\/fr\/wp-content\/uploads\/sites\/10\/2016\/07\/histoire-generale-de-la-congregation-de-la-mission.jpg?fit=1200%2C630\",\"datePublished\":\"2015-01-21T06:18:22+00:00\",\"author\":{\"@id\":\"https:\/\/vincentians.com\/fr\/#\/schema\/person\/9623ef4d9aa3b2dfb8c061f1499288f2\"},\"breadcrumb\":{\"@id\":\"http:\/\/vincentians.com\/fr\/histoire-generale-de-la-congregation-de-la-mission-75\/#breadcrumb\"},\"inLanguage\":\"fr-FR\",\"potentialAction\":[{\"@type\":\"ReadAction\",\"target\":[\"http:\/\/vincentians.com\/fr\/histoire-generale-de-la-congregation-de-la-mission-75\/\"]}]},{\"@type\":\"ImageObject\",\"inLanguage\":\"fr-FR\",\"@id\":\"http:\/\/vincentians.com\/fr\/histoire-generale-de-la-congregation-de-la-mission-75\/#primaryimage\",\"url\":\"https:\/\/i0.wp.com\/vincentians.com\/fr\/wp-content\/uploads\/sites\/10\/2016\/07\/histoire-generale-de-la-congregation-de-la-mission.jpg?fit=1200%2C630\",\"contentUrl\":\"https:\/\/i0.wp.com\/vincentians.com\/fr\/wp-content\/uploads\/sites\/10\/2016\/07\/histoire-generale-de-la-congregation-de-la-mission.jpg?fit=1200%2C630\",\"width\":1200,\"height\":630},{\"@type\":\"BreadcrumbList\",\"@id\":\"http:\/\/vincentians.com\/fr\/histoire-generale-de-la-congregation-de-la-mission-75\/#breadcrumb\",\"itemListElement\":[{\"@type\":\"ListItem\",\"position\":1,\"name\":\"Portada\",\"item\":\"https:\/\/vincentians.com\/fr\/\"},{\"@type\":\"ListItem\",\"position\":2,\"name\":\"Histoire g\u00e9n\u00e9rale de la Congr\u00e9gation de la Mission (75)\"}]},{\"@type\":\"WebSite\",\"@id\":\"https:\/\/vincentians.com\/fr\/#website\",\"url\":\"https:\/\/vincentians.com\/fr\/\",\"name\":\"Nous Sommes Vincentiens\",\"description\":\"Know more to serve more\",\"potentialAction\":[{\"@type\":\"SearchAction\",\"target\":{\"@type\":\"EntryPoint\",\"urlTemplate\":\"https:\/\/vincentians.com\/fr\/?s={search_term_string}\"},\"query-input\":{\"@type\":\"PropertyValueSpecification\",\"valueRequired\":true,\"valueName\":\"search_term_string\"}}],\"inLanguage\":\"fr-FR\"},{\"@type\":\"Person\",\"@id\":\"https:\/\/vincentians.com\/fr\/#\/schema\/person\/9623ef4d9aa3b2dfb8c061f1499288f2\",\"name\":\"Francisco Javier Fern\u00e1ndez Chento\",\"image\":{\"@type\":\"ImageObject\",\"inLanguage\":\"fr-FR\",\"@id\":\"https:\/\/vincentians.com\/fr\/#\/schema\/person\/image\/\",\"url\":\"https:\/\/secure.gravatar.com\/avatar\/497d5cde87b4c3d097d0315953521681ba2cd523ee66e5077c3711f7021e65de?s=96&d=mm&r=g\",\"contentUrl\":\"https:\/\/secure.gravatar.com\/avatar\/497d5cde87b4c3d097d0315953521681ba2cd523ee66e5077c3711f7021e65de?s=96&d=mm&r=g\",\"caption\":\"Francisco Javier Fern\u00e1ndez Chento\"},\"description\":\"Director General y cofundador de La Red de Formaci\u00f3n Vicenciana. Javier es laico vicenciano, afiliado a la Congregaci\u00f3n de la Misi\u00f3n y miembro del Equipo de Misiones Populares de la provincia can\u00f3nica de Zaragoza (Espa\u00f1a) de la Congregaci\u00f3n de la Misi\u00f3n. Graduado en la Universidad Oberta de Catalunya con cuatro grados (Asistente de direcci\u00f3n, Gesti\u00f3n Administrativa, Recursos Humanos y Contabilidad Avanzada). Bil\u00edng\u00fce Espa\u00f1ol\/Ingl\u00e9s. gestiona y mantiene varias p\u00e1ginas web cristianas y vicencianas, incluida including La Red de Formaci\u00f3n Vicenciana, de la que es cofundador. Actualmente es responsable del \u00e1rea de Espa\u00f1ol de .famvin, la Red de Noticias de la Familia Vicenciana. Tambi\u00e9n es m\u00fasico cat\u00f3lico y ha editado varios discos. Es Director General y cofundador de Trovador, una reconocida compa\u00f1\u00eda discogr\u00e1fica critiana de Espa\u00f1a. Trabaja en las Tecnolog\u00edas de la Informaci\u00f3n, ofreciendo servicios de alojamiento, dise\u00f1o y mantenimiento Web, as\u00ed como asesoramiento, formaci\u00f3n y soluciones inform\u00e1ticas, gesti\u00f3n documental y digitalizaci\u00f3n de textos, edici\u00f3n y maquetaci\u00f3n de libros, revistas, flyers, etc.\",\"sameAs\":[\"http:\/\/chento.org\",\"https:\/\/www.facebook.com\/JavierChento\",\"https:\/\/x.com\/https:\/\/twitter.com\/javierchento\"],\"url\":\"http:\/\/vincentians.com\/fr\/author\/chento\/\"}]}<\/script>\n<!-- \/ Yoast SEO plugin. -->","yoast_head_json":{"title":"Histoire g\u00e9n\u00e9rale de la Congr\u00e9gation de la Mission (75) - Nous Sommes Vincentiens","robots":{"index":"index","follow":"follow","max-snippet":"max-snippet:-1","max-image-preview":"max-image-preview:large","max-video-preview":"max-video-preview:-1"},"canonical":"http:\/\/vincentians.com\/fr\/histoire-generale-de-la-congregation-de-la-mission-75\/","og_locale":"fr_FR","og_type":"article","og_title":"Histoire g\u00e9n\u00e9rale de la Congr\u00e9gation de la Mission (75) - Nous Sommes Vincentiens","og_description":"LXXV. Missions en l\u2019\u00eele de Mascareignes Dieu se voulut servir des Missionnaires dans un nouveau pays, voisin de l\u2019\u00eele Madagascar, o\u00f9 M. Vincent en avait envoy\u00e9 durant sa vie, c\u2019est l\u2019\u00eele de Bourbon, dite autrement ... Read More","og_url":"http:\/\/vincentians.com\/fr\/histoire-generale-de-la-congregation-de-la-mission-75\/","og_site_name":"Nous Sommes Vincentiens","article_publisher":"https:\/\/www.facebook.com\/WeAreVincentians\/","article_author":"https:\/\/www.facebook.com\/JavierChento","article_published_time":"2015-01-21T06:18:22+00:00","og_image":[{"width":1200,"height":630,"url":"https:\/\/i0.wp.com\/vincentians.com\/fr\/wp-content\/uploads\/sites\/10\/2016\/07\/histoire-generale-de-la-congregation-de-la-mission.jpg?fit=1200%2C630","type":"image\/jpeg"}],"author":"Francisco Javier Fern\u00e1ndez Chento","twitter_card":"summary_large_image","twitter_creator":"@https:\/\/twitter.com\/javierchento","twitter_site":"@WeVincentians","twitter_misc":{"\u00c9crit par":"Francisco Javier Fern\u00e1ndez Chento","Dur\u00e9e de lecture estim\u00e9e":"14 minutes"},"schema":{"@context":"https:\/\/schema.org","@graph":[{"@type":"WebPage","@id":"http:\/\/vincentians.com\/fr\/histoire-generale-de-la-congregation-de-la-mission-75\/","url":"http:\/\/vincentians.com\/fr\/histoire-generale-de-la-congregation-de-la-mission-75\/","name":"Histoire g\u00e9n\u00e9rale de la Congr\u00e9gation de la Mission (75) - Nous Sommes Vincentiens","isPartOf":{"@id":"https:\/\/vincentians.com\/fr\/#website"},"primaryImageOfPage":{"@id":"http:\/\/vincentians.com\/fr\/histoire-generale-de-la-congregation-de-la-mission-75\/#primaryimage"},"image":{"@id":"http:\/\/vincentians.com\/fr\/histoire-generale-de-la-congregation-de-la-mission-75\/#primaryimage"},"thumbnailUrl":"https:\/\/i0.wp.com\/vincentians.com\/fr\/wp-content\/uploads\/sites\/10\/2016\/07\/histoire-generale-de-la-congregation-de-la-mission.jpg?fit=1200%2C630","datePublished":"2015-01-21T06:18:22+00:00","author":{"@id":"https:\/\/vincentians.com\/fr\/#\/schema\/person\/9623ef4d9aa3b2dfb8c061f1499288f2"},"breadcrumb":{"@id":"http:\/\/vincentians.com\/fr\/histoire-generale-de-la-congregation-de-la-mission-75\/#breadcrumb"},"inLanguage":"fr-FR","potentialAction":[{"@type":"ReadAction","target":["http:\/\/vincentians.com\/fr\/histoire-generale-de-la-congregation-de-la-mission-75\/"]}]},{"@type":"ImageObject","inLanguage":"fr-FR","@id":"http:\/\/vincentians.com\/fr\/histoire-generale-de-la-congregation-de-la-mission-75\/#primaryimage","url":"https:\/\/i0.wp.com\/vincentians.com\/fr\/wp-content\/uploads\/sites\/10\/2016\/07\/histoire-generale-de-la-congregation-de-la-mission.jpg?fit=1200%2C630","contentUrl":"https:\/\/i0.wp.com\/vincentians.com\/fr\/wp-content\/uploads\/sites\/10\/2016\/07\/histoire-generale-de-la-congregation-de-la-mission.jpg?fit=1200%2C630","width":1200,"height":630},{"@type":"BreadcrumbList","@id":"http:\/\/vincentians.com\/fr\/histoire-generale-de-la-congregation-de-la-mission-75\/#breadcrumb","itemListElement":[{"@type":"ListItem","position":1,"name":"Portada","item":"https:\/\/vincentians.com\/fr\/"},{"@type":"ListItem","position":2,"name":"Histoire g\u00e9n\u00e9rale de la Congr\u00e9gation de la Mission (75)"}]},{"@type":"WebSite","@id":"https:\/\/vincentians.com\/fr\/#website","url":"https:\/\/vincentians.com\/fr\/","name":"Nous Sommes Vincentiens","description":"Know more to serve more","potentialAction":[{"@type":"SearchAction","target":{"@type":"EntryPoint","urlTemplate":"https:\/\/vincentians.com\/fr\/?s={search_term_string}"},"query-input":{"@type":"PropertyValueSpecification","valueRequired":true,"valueName":"search_term_string"}}],"inLanguage":"fr-FR"},{"@type":"Person","@id":"https:\/\/vincentians.com\/fr\/#\/schema\/person\/9623ef4d9aa3b2dfb8c061f1499288f2","name":"Francisco Javier Fern\u00e1ndez Chento","image":{"@type":"ImageObject","inLanguage":"fr-FR","@id":"https:\/\/vincentians.com\/fr\/#\/schema\/person\/image\/","url":"https:\/\/secure.gravatar.com\/avatar\/497d5cde87b4c3d097d0315953521681ba2cd523ee66e5077c3711f7021e65de?s=96&d=mm&r=g","contentUrl":"https:\/\/secure.gravatar.com\/avatar\/497d5cde87b4c3d097d0315953521681ba2cd523ee66e5077c3711f7021e65de?s=96&d=mm&r=g","caption":"Francisco Javier Fern\u00e1ndez Chento"},"description":"Director General y cofundador de La Red de Formaci\u00f3n Vicenciana. Javier es laico vicenciano, afiliado a la Congregaci\u00f3n de la Misi\u00f3n y miembro del Equipo de Misiones Populares de la provincia can\u00f3nica de Zaragoza (Espa\u00f1a) de la Congregaci\u00f3n de la Misi\u00f3n. Graduado en la Universidad Oberta de Catalunya con cuatro grados (Asistente de direcci\u00f3n, Gesti\u00f3n Administrativa, Recursos Humanos y Contabilidad Avanzada). Bil\u00edng\u00fce Espa\u00f1ol\/Ingl\u00e9s. gestiona y mantiene varias p\u00e1ginas web cristianas y vicencianas, incluida including La Red de Formaci\u00f3n Vicenciana, de la que es cofundador. Actualmente es responsable del \u00e1rea de Espa\u00f1ol de .famvin, la Red de Noticias de la Familia Vicenciana. Tambi\u00e9n es m\u00fasico cat\u00f3lico y ha editado varios discos. Es Director General y cofundador de Trovador, una reconocida compa\u00f1\u00eda discogr\u00e1fica critiana de Espa\u00f1a. Trabaja en las Tecnolog\u00edas de la Informaci\u00f3n, ofreciendo servicios de alojamiento, dise\u00f1o y mantenimiento Web, as\u00ed como asesoramiento, formaci\u00f3n y soluciones inform\u00e1ticas, gesti\u00f3n documental y digitalizaci\u00f3n de textos, edici\u00f3n y maquetaci\u00f3n de libros, revistas, flyers, etc.","sameAs":["http:\/\/chento.org","https:\/\/www.facebook.com\/JavierChento","https:\/\/x.com\/https:\/\/twitter.com\/javierchento"],"url":"http:\/\/vincentians.com\/fr\/author\/chento\/"}]}},"jetpack_publicize_connections":[],"jetpack_featured_media_url":"https:\/\/i0.wp.com\/vincentians.com\/fr\/wp-content\/uploads\/sites\/10\/2016\/07\/histoire-generale-de-la-congregation-de-la-mission.jpg?fit=1200%2C630","jetpack_sharing_enabled":true,"jetpack_shortlink":"https:\/\/wp.me\/p7ETMP-Dii","jetpack-related-posts":[{"id":107981,"url":"http:\/\/vincentians.com\/fr\/histoire-generale-de-la-congregation-de-la-mission-36\/","url_meta":{"origin":151050,"position":0},"title":"Histoire g\u00e9n\u00e9rale de la Congr\u00e9gation de la Mission (36)","author":"Francisco Javier Fern\u00e1ndez Chento","date":"02\/02\/2014","format":false,"excerpt":"XXXVI. Missionnaires d\u2019Alger, et de Madagascar On recevait de temps en temps des nouvelles de M. Levacher qui, depuis la mort de M. Vincent, continuait de travailler \u00e0 Alger, en Barbarie, au service et soulagement des pauvres esclaves chr\u00e9tiens, comme avaient fait M. Julien Gu\u00e9rin et autres ses pr\u00e9d\u00e9cesseurs. Nous\u2026","rel":"","context":"Dans &quot;Histoire de la Congr\u00e9gation de la Mission&quot;","block_context":{"text":"Histoire de la Congr\u00e9gation de la Mission","link":"http:\/\/vincentians.com\/fr\/category\/histoire-de-la-congregation-de-la-mission\/"},"img":{"alt_text":"","src":"https:\/\/i0.wp.com\/vincentians.com\/fr\/wp-content\/uploads\/sites\/10\/2016\/07\/histoire-generale-de-la-congregation-de-la-mission.jpg?fit=1200%2C630&resize=350%2C200","width":350,"height":200,"srcset":"https:\/\/i0.wp.com\/vincentians.com\/fr\/wp-content\/uploads\/sites\/10\/2016\/07\/histoire-generale-de-la-congregation-de-la-mission.jpg?fit=1200%2C630&resize=350%2C200 1x, https:\/\/i0.wp.com\/vincentians.com\/fr\/wp-content\/uploads\/sites\/10\/2016\/07\/histoire-generale-de-la-congregation-de-la-mission.jpg?fit=1200%2C630&resize=525%2C300 1.5x, https:\/\/i0.wp.com\/vincentians.com\/fr\/wp-content\/uploads\/sites\/10\/2016\/07\/histoire-generale-de-la-congregation-de-la-mission.jpg?fit=1200%2C630&resize=700%2C400 2x, https:\/\/i0.wp.com\/vincentians.com\/fr\/wp-content\/uploads\/sites\/10\/2016\/07\/histoire-generale-de-la-congregation-de-la-mission.jpg?fit=1200%2C630&resize=1050%2C600 3x"},"classes":[]},{"id":57593,"url":"http:\/\/vincentians.com\/fr\/lexpansion-de-la-congregation-de-la-mission-pendant-la-vie-de-st-vincent\/","url_meta":{"origin":151050,"position":1},"title":"L&rsquo;expansion de la Congregation de la Mission pendant la vie de St. Vincent","author":"Francisco Javier Fern\u00e1ndez Chento","date":"20\/05\/2015","format":false,"excerpt":"Pierre Collet (\"La Vie de St. Vincent de Paul\", Nancy 1748, II, 325) a constat\u00e9 que les biographies des grands fondateurs d'ordres sont concentr\u00e9es sur la personne elle-m\u00eame du fondateur. On n'y trouve pas le r\u00e9cit des travaux de leurs premiers disciples.En suivant cet exemple Collet voulut supprimer dans sa\u2026","rel":"","context":"Dans &quot;Au temps de Vincent de Paul&quot;","block_context":{"text":"Au temps de Vincent de Paul","link":"http:\/\/vincentians.com\/fr\/category\/au-temps-de-vincent-de-paul\/"},"img":{"alt_text":"","src":"https:\/\/i0.wp.com\/vincentians.com\/fr\/wp-content\/uploads\/sites\/10\/2015\/05\/congregation-de-la-mission-lazaristes.jpg?fit=1200%2C630&resize=350%2C200","width":350,"height":200,"srcset":"https:\/\/i0.wp.com\/vincentians.com\/fr\/wp-content\/uploads\/sites\/10\/2015\/05\/congregation-de-la-mission-lazaristes.jpg?fit=1200%2C630&resize=350%2C200 1x, https:\/\/i0.wp.com\/vincentians.com\/fr\/wp-content\/uploads\/sites\/10\/2015\/05\/congregation-de-la-mission-lazaristes.jpg?fit=1200%2C630&resize=525%2C300 1.5x, https:\/\/i0.wp.com\/vincentians.com\/fr\/wp-content\/uploads\/sites\/10\/2015\/05\/congregation-de-la-mission-lazaristes.jpg?fit=1200%2C630&resize=700%2C400 2x, https:\/\/i0.wp.com\/vincentians.com\/fr\/wp-content\/uploads\/sites\/10\/2015\/05\/congregation-de-la-mission-lazaristes.jpg?fit=1200%2C630&resize=1050%2C600 3x"},"classes":[]},{"id":52068,"url":"http:\/\/vincentians.com\/fr\/saint-vincent-de-paul-et-sa-mission-sociale-vi-la-posterite-1\/","url_meta":{"origin":151050,"position":2},"title":"Saint Vincent De Paul Et Sa Mission Sociale. VI &#8211; La Post\u00e9rit\u00e9 (1)","author":"Francisco Javier Fern\u00e1ndez Chento","date":"30\/12\/2014","format":false,"excerpt":"L\u2019ACCROISSEMENT. \u2014 Extension des deux familles de saint Vincent de Paul. \u2014 Progr\u00e8s de leurs \u0153uvres. \u2014 Les missions \u00e9trang\u00e8res et les s\u00e9minaires. \u2014 Les successeurs de saint Vincent. \u2014 Congr\u00e9gations religieuses fond\u00e9es sur le mod\u00e8le de la Mission. \u2014 Les Filles de la Charit\u00e9 en France et \u00e0 l\u2019\u00e9tranger.\u2026","rel":"","context":"Dans &quot;Vincent de Paul&quot;","block_context":{"text":"Vincent de Paul","link":"http:\/\/vincentians.com\/fr\/category\/the-vincentian-family\/founders\/vincent-de-paul\/"},"img":{"alt_text":"","src":"https:\/\/i0.wp.com\/vincentians.com\/fr\/wp-content\/uploads\/sites\/10\/2016\/07\/vincent-et-sa-action-sociale.jpg?fit=1160%2C630&resize=350%2C200","width":350,"height":200,"srcset":"https:\/\/i0.wp.com\/vincentians.com\/fr\/wp-content\/uploads\/sites\/10\/2016\/07\/vincent-et-sa-action-sociale.jpg?fit=1160%2C630&resize=350%2C200 1x, https:\/\/i0.wp.com\/vincentians.com\/fr\/wp-content\/uploads\/sites\/10\/2016\/07\/vincent-et-sa-action-sociale.jpg?fit=1160%2C630&resize=525%2C300 1.5x, https:\/\/i0.wp.com\/vincentians.com\/fr\/wp-content\/uploads\/sites\/10\/2016\/07\/vincent-et-sa-action-sociale.jpg?fit=1160%2C630&resize=700%2C400 2x, https:\/\/i0.wp.com\/vincentians.com\/fr\/wp-content\/uploads\/sites\/10\/2016\/07\/vincent-et-sa-action-sociale.jpg?fit=1160%2C630&resize=1050%2C600 3x"},"classes":[]},{"id":107764,"url":"http:\/\/vincentians.com\/fr\/histoire-generale-de-la-congregation-de-la-mission-07\/","url_meta":{"origin":151050,"position":3},"title":"Histoire g\u00e9n\u00e9rale de la Congr\u00e9gation de la Mission (07)","author":"Francisco Javier Fern\u00e1ndez Chento","date":"02\/01\/2014","format":false,"excerpt":"VII. Mission de Madagascar. Le g\u00e9n\u00e9ral donnait aussi \u00e0 la Congr\u00e9gation des nouvelles du voyage de M. \u00c9tienne qui \u00e9tait parti de Paris pour la mission de Madagascar sur la fin de la vie de M. Vincent, et il en est parl\u00e9 dans l\u2019histoire de sa vie. Il \u00e9crivait donc\u2026","rel":"","context":"Dans &quot;Histoire de la Congr\u00e9gation de la Mission&quot;","block_context":{"text":"Histoire de la Congr\u00e9gation de la Mission","link":"http:\/\/vincentians.com\/fr\/category\/histoire-de-la-congregation-de-la-mission\/"},"img":{"alt_text":"","src":"https:\/\/i0.wp.com\/vincentians.com\/fr\/wp-content\/uploads\/sites\/10\/2016\/07\/histoire-generale-de-la-congregation-de-la-mission.jpg?fit=1200%2C630&resize=350%2C200","width":350,"height":200,"srcset":"https:\/\/i0.wp.com\/vincentians.com\/fr\/wp-content\/uploads\/sites\/10\/2016\/07\/histoire-generale-de-la-congregation-de-la-mission.jpg?fit=1200%2C630&resize=350%2C200 1x, https:\/\/i0.wp.com\/vincentians.com\/fr\/wp-content\/uploads\/sites\/10\/2016\/07\/histoire-generale-de-la-congregation-de-la-mission.jpg?fit=1200%2C630&resize=525%2C300 1.5x, https:\/\/i0.wp.com\/vincentians.com\/fr\/wp-content\/uploads\/sites\/10\/2016\/07\/histoire-generale-de-la-congregation-de-la-mission.jpg?fit=1200%2C630&resize=700%2C400 2x, https:\/\/i0.wp.com\/vincentians.com\/fr\/wp-content\/uploads\/sites\/10\/2016\/07\/histoire-generale-de-la-congregation-de-la-mission.jpg?fit=1200%2C630&resize=1050%2C600 3x"},"classes":[]},{"id":106174,"url":"http:\/\/vincentians.com\/fr\/la-vie-du-venerable-serviteur-de-dieu-vincent-de-paul-livre-second-chapitre-i-section-ix\/","url_meta":{"origin":151050,"position":4},"title":"La vie du v\u00e9n\u00e9rable serviteur de Dieu Vincent de Paul, Livre second, Chapitre I, Section IX","author":"Francisco Javier Fern\u00e1ndez Chento","date":"16\/03\/2013","format":false,"excerpt":"SECTION IX : Des missions faites en l'ile de Saint-Laurent, autrement dite Madagascar \u00a7. I.\u2014 Lettre de M. Vincent \u00e0 M. Nacquart, pr\u00eatre de sa Congr\u00e9gation, sur le sujet de cette mission. Nous ne saurions faire mieux ni plus a propos l'ouverture de cette importante mission que par l'extrait d'une\u2026","rel":"","context":"Dans &quot;Vincent de Paul&quot;","block_context":{"text":"Vincent de Paul","link":"http:\/\/vincentians.com\/fr\/category\/the-vincentian-family\/founders\/vincent-de-paul\/"},"img":{"alt_text":"","src":"https:\/\/i0.wp.com\/vincentians.com\/fr\/wp-content\/uploads\/sites\/10\/2016\/07\/abelly-feat.jpg?fit=1200%2C630&resize=350%2C200","width":350,"height":200,"srcset":"https:\/\/i0.wp.com\/vincentians.com\/fr\/wp-content\/uploads\/sites\/10\/2016\/07\/abelly-feat.jpg?fit=1200%2C630&resize=350%2C200 1x, https:\/\/i0.wp.com\/vincentians.com\/fr\/wp-content\/uploads\/sites\/10\/2016\/07\/abelly-feat.jpg?fit=1200%2C630&resize=525%2C300 1.5x, https:\/\/i0.wp.com\/vincentians.com\/fr\/wp-content\/uploads\/sites\/10\/2016\/07\/abelly-feat.jpg?fit=1200%2C630&resize=700%2C400 2x, https:\/\/i0.wp.com\/vincentians.com\/fr\/wp-content\/uploads\/sites\/10\/2016\/07\/abelly-feat.jpg?fit=1200%2C630&resize=1050%2C600 3x"},"classes":[]},{"id":105524,"url":"http:\/\/vincentians.com\/fr\/ephemerides-6-janvier\/","url_meta":{"origin":151050,"position":5},"title":"Eph\u00e9m\u00e9rides: 6 janvier","author":"Francisco Javier Fern\u00e1ndez Chento","date":"06\/01\/2017","format":false,"excerpt":"1642. Entretien de saint Vincent avec les premi\u00e8res S\u0153urs. On peut y lire\u00a0: \"Il faut que vous fassiez grand cas du nom que vous portez. Ce ne sont pas les hommes qui vous l\u2019ont donn\u00e9\u2026 Il vous vient de Dieu Lui-m\u00eame. Jamais l\u2019on n\u2019a song\u00e9 \u00e0 vous donner un nom,\u2026","rel":"","context":"Dans &quot;\u00c9ph\u00e9m\u00e9rides vincentiens&quot;","block_context":{"text":"\u00c9ph\u00e9m\u00e9rides vincentiens","link":"http:\/\/vincentians.com\/fr\/category\/ephemerides-vincentiens\/"},"img":{"alt_text":"","src":"https:\/\/i0.wp.com\/vincentians.com\/fr\/wp-content\/uploads\/sites\/10\/2016\/07\/ephemerides-fb.jpg?fit=1200%2C630&resize=350%2C200","width":350,"height":200,"srcset":"https:\/\/i0.wp.com\/vincentians.com\/fr\/wp-content\/uploads\/sites\/10\/2016\/07\/ephemerides-fb.jpg?fit=1200%2C630&resize=350%2C200 1x, https:\/\/i0.wp.com\/vincentians.com\/fr\/wp-content\/uploads\/sites\/10\/2016\/07\/ephemerides-fb.jpg?fit=1200%2C630&resize=525%2C300 1.5x, https:\/\/i0.wp.com\/vincentians.com\/fr\/wp-content\/uploads\/sites\/10\/2016\/07\/ephemerides-fb.jpg?fit=1200%2C630&resize=700%2C400 2x, https:\/\/i0.wp.com\/vincentians.com\/fr\/wp-content\/uploads\/sites\/10\/2016\/07\/ephemerides-fb.jpg?fit=1200%2C630&resize=1050%2C600 3x"},"classes":[]}],"_links":{"self":[{"href":"http:\/\/vincentians.com\/fr\/wp-json\/wp\/v2\/posts\/151050","targetHints":{"allow":["GET"]}}],"collection":[{"href":"http:\/\/vincentians.com\/fr\/wp-json\/wp\/v2\/posts"}],"about":[{"href":"http:\/\/vincentians.com\/fr\/wp-json\/wp\/v2\/types\/post"}],"author":[{"embeddable":true,"href":"http:\/\/vincentians.com\/fr\/wp-json\/wp\/v2\/users\/4"}],"replies":[{"embeddable":true,"href":"http:\/\/vincentians.com\/fr\/wp-json\/wp\/v2\/comments?post=151050"}],"version-history":[{"count":0,"href":"http:\/\/vincentians.com\/fr\/wp-json\/wp\/v2\/posts\/151050\/revisions"}],"wp:featuredmedia":[{"embeddable":true,"href":"http:\/\/vincentians.com\/fr\/wp-json\/wp\/v2\/media\/189808"}],"wp:attachment":[{"href":"http:\/\/vincentians.com\/fr\/wp-json\/wp\/v2\/media?parent=151050"}],"wp:term":[{"taxonomy":"category","embeddable":true,"href":"http:\/\/vincentians.com\/fr\/wp-json\/wp\/v2\/categories?post=151050"},{"taxonomy":"post_tag","embeddable":true,"href":"http:\/\/vincentians.com\/fr\/wp-json\/wp\/v2\/tags?post=151050"}],"curies":[{"name":"wp","href":"https:\/\/api.w.org\/{rel}","templated":true}]}}