{"id":151048,"date":"2015-01-17T07:18:22","date_gmt":"2015-01-17T06:18:22","guid":{"rendered":"http:\/\/vincentiens.org\/?p=151048"},"modified":"2015-01-17T07:18:22","modified_gmt":"2015-01-17T06:18:22","slug":"histoire-generale-de-la-congregation-de-la-mission-71","status":"publish","type":"post","link":"http:\/\/vincentians.com\/fr\/histoire-generale-de-la-congregation-de-la-mission-71\/","title":{"rendered":"Histoire g\u00e9n\u00e9rale de la Congr\u00e9gation de la Mission (71)"},"content":{"rendered":"<h2><b><b><b><strong>LXXI. Les maisons d\u2019Italie<\/strong><\/b><\/b><\/b><\/h2>\n<p><a href=\"https:\/\/i0.wp.com\/vincentiens.org\/wp-content\/uploads\/2012\/12\/logocm.png\"><img data-recalc-dims=\"1\" loading=\"lazy\" decoding=\"async\" class=\"alignright size-medium wp-image-104093\" src=\"https:\/\/i0.wp.com\/vincentiens.org\/wp-content\/uploads\/2012\/12\/logocm-245x300.png?resize=245%2C300\" alt=\"logocm\" width=\"245\" height=\"300\" \/><\/a>Celle de l\u2019Italie s\u2019accrut pareillement par quelques nouveaux \u00e9tablissements et l\u2019augmentation des anciens. Mgr le cardinal Paolucci<span id='easy-footnote-1-151048' class='easy-footnote-margin-adjust'><\/span><span class='easy-footnote'><a href='http:\/\/vincentians.com\/fr\/histoire-generale-de-la-congregation-de-la-mission-71\/#easy-footnote-bottom-1-151048' title='Fabrizio Paolucci, 1651-1725.'><sup>1<\/sup><\/a><\/span><a href=\"#_ftn1\" name=\"_ftnref1\"><\/a>, ministre du Pape Cl\u00e9ment XI, apr\u00e8s la mort duquel il a failli d\u2019\u00eatre Pape lui-m\u00eame, originaire de Forli, petite ville dans l\u2019\u00c9tat eccl\u00e9siastique, \u00e9tablit d\u00e8s l\u2019ann\u00e9e 1710 une maison de la Congr\u00e9gation en sa patrie pour le s\u00e9minaire et les missions des champs. Son Em[inen]ce fut tr\u00e8s contente du succ\u00e8s de ces deux sortes de fonctions, comblant les Missionnaires de faveurs et de nouvelles marques de sa bont\u00e9. Elle a augment\u00e9 l\u2019\u00e9glise et les b\u00e2timents des St Jean et Paul \u00e0 Rome, o\u00f9 les Missionnaires avaient \u00e9t\u00e9 \u00e9tablis par Innocent XII. M. Jules-C\u00e9sar Rossi<span id='easy-footnote-2-151048' class='easy-footnote-margin-adjust'><\/span><span class='easy-footnote'><a href='http:\/\/vincentians.com\/fr\/histoire-generale-de-la-congregation-de-la-mission-71\/#easy-footnote-bottom-2-151048' title='Giulio-Cesare Rossi, 1650-1722.'><sup>2<\/sup><\/a><\/span><a href=\"#_ftn2\" name=\"_ftnref2\"><\/a> fut le premier sup\u00e9rieur \u00e0 Forli.<\/p>\n<p>La maison de Monte Citorio \u00e0 Rome, continuait \u00e0 faire toutes ses fonctions avec succ\u00e8s. Elle perdit en 1714, M. Jean Anselme<span id='easy-footnote-3-151048' class='easy-footnote-margin-adjust'><\/span><span class='easy-footnote'><a href='http:\/\/vincentians.com\/fr\/histoire-generale-de-la-congregation-de-la-mission-71\/#easy-footnote-bottom-3-151048' title='Jean-Baptiste Anselme, 1666-1763.'><sup>3<\/sup><\/a><\/span><a href=\"#_ftn3\" name=\"_ftnref3\"><\/a>, ancien pr\u00eatre fran\u00e7ais, mais qui <strong>[\u00e9tait\/entrait\u00a0?]<\/strong> dans la congr\u00e9gation \u00e0 Rome. Divers pr\u00e9lats avaient grande confiance en lui, et N[otre] S[aint] P[\u00e8re] le pape Cl\u00e9ment XI avait toujours honor\u00e9 d\u2019une singuli\u00e8re estime ; il voulut dire lui-m\u00eame la messe pour lui apr\u00e8s sa mort, et en fit dire cent autres. Il avait \u00e9t\u00e9 homme simple et craignant Dieu ; S[a] S[aintet\u00e9] l\u2019avait connu tel ; mais joignant \u00e0 cette simplicit\u00e9 un z\u00e8le et un talent qui n\u2019\u00e9taient pas m\u00e9diocres pour les missions, les exercices de l\u2019ordination et les conf\u00e9rences spirituelles. Il passait encore pour faire beaucoup de fruit dans le tribunal, o\u00f9, ayant une fois diff\u00e9r\u00e9 l\u2019absolution \u00e0 une personne engag\u00e9e dans le crime, son complice voulut le forcer \u00e0 la lui donner ; ce z\u00e9l\u00e9 Missionnaire d\u00e9boutonna sa soutane et lui pr\u00e9senta sa poitrine \u00e0 d\u00e9couvert pour recevoir le coup, ce qui arr\u00eata le furieux et le fit se retirer. M. Bonnet marqua de lui qu\u2019il \u00e9tait\u00e0 peu pr\u00e8s, dans cette maison de Rome, ce que M. de La Salle<span id='easy-footnote-4-151048' class='easy-footnote-margin-adjust'><\/span><span class='easy-footnote'><a href='http:\/\/vincentians.com\/fr\/histoire-generale-de-la-congregation-de-la-mission-71\/#easy-footnote-bottom-4-151048' title='Identification impossible.'><sup>4<\/sup><\/a><\/span><a href=\"#_ftn4\" name=\"_ftnref4\"><\/a> \u00e9tait en celle de St.-Lazare, o\u00f9 il a confess\u00e9 longtemps avec z\u00e8le, fermet\u00e9 et b\u00e9n\u00e9diction <strong>[sur\u00a0? pour\u00a0? \u00e0\u00a0? ] <\/strong>cette nombreuse famille. Le pape Cl\u00e9ment XI faisait de plus l\u2019honneur \u00e0 un autre pr\u00eatre de la Mission de Rome, nomm\u00e9 M. Nicolas Castelli<span id='easy-footnote-5-151048' class='easy-footnote-margin-adjust'><\/span><span class='easy-footnote'><a href='http:\/\/vincentians.com\/fr\/histoire-generale-de-la-congregation-de-la-mission-71\/#easy-footnote-bottom-5-151048' title='Nicola Castello, 1657-1716.'><sup>5<\/sup><\/a><\/span><a href=\"#_ftn5\" name=\"_ftnref5\"><\/a>, de l\u2019estimer. Comme il avait enseign\u00e9 longtemps dans les s\u00e9minaires et y avait acquis de la r\u00e9putation, S[a] S[aintet\u00e9] le nomma consulteur de diverses congr\u00e9gations, ce qui l\u2019obligeait d\u2019\u00e9tudier beaucoup et souvent la nuit ; il mourut subitement sur la fin de l\u2019ann\u00e9e 1716. Le P\u00e8re Quesnel s\u2019est fort plaint de lui quand il vit son livre condamn\u00e9 \u00e0 Rome, et a tax\u00e9 mal \u00e0 propos et par d\u00e9pit la Congr\u00e9gation d\u2019\u00eatre remplie de gens ignorants.<\/p>\n<p>Le m\u00eame pape fit encore un plus grand honneur \u00e0 M. P\u00e8legrin de Negri<span id='easy-footnote-6-151048' class='easy-footnote-margin-adjust'><\/span><span class='easy-footnote'><a href='http:\/\/vincentians.com\/fr\/histoire-generale-de-la-congregation-de-la-mission-71\/#easy-footnote-bottom-6-151048' title='1657-1742.'><sup>6<\/sup><\/a><\/span><a href=\"#_ftn6\" name=\"_ftnref6\"><\/a>, G\u00eanois, en le choisissant pour accompagner Mgr Albani, son neveu, dans son voyage de Vienne, et lui servir de confesseur et de conseil ; il mena avec lui un autre pr\u00eatre de la Mission, M. Zoagli<span id='easy-footnote-7-151048' class='easy-footnote-margin-adjust'><\/span><span class='easy-footnote'><a href='http:\/\/vincentians.com\/fr\/histoire-generale-de-la-congregation-de-la-mission-71\/#easy-footnote-bottom-7-151048' title='Giambattista Zoagli, n\u00e9 1680.'><sup>7<\/sup><\/a><\/span><a href=\"#_ftn7\" name=\"_ftnref7\"><\/a>. M. Bonnet remarque dans sa lettre du 1<sup>er<\/sup> janvier 1711 qu\u2019il y avait apparence que ce voyage pourrait introduire la Compagnie en Allemagne, o\u00f9 on la connaissait d\u00e9j\u00e0 par l\u2019impression r\u00e9cente de la Vie de M. Vincent en allemand, qu\u2019un pr\u00eatre polonais avait donn\u00e9e au public ; ce qui pourtant, disait-il, n\u2019\u00e9tait que sur le tapis et nullement en \u00e9tat de s\u2019ex\u00e9cuter bient\u00f4t. Cette nouvelle \u00e9dition de la Vie de M. Vincent \u00e9tait la 4\u00e8me, ne comptant que pour une des deux \u00e9ditions fran\u00e7aises ; elle avait \u00e9t\u00e9 pr\u00e9c\u00e9d\u00e9e quelque temps auparavant d\u2019une 3\u00e8me, en langue espagnole, imprim\u00e9e \u00e0 Naples par les soins d\u2019un religieux ermite de St.-Augustin, qui se fit estimer par cet ouvrage. M. Bonnet obtint que M. de Negri repasserait par la France ;il s\u00e9journa quelques mois \u00e0 St.-Lazare et vint en 1712 s\u2019embarquer \u00e0 Marseille pour retourner \u00e0 Rome, o\u00f9, \u00e9tant arriv\u00e9, le pape le nomma pr\u00e9dicateur apostolique en la place du P\u00e8re Cassini, capucin, \u00e9lev\u00e9 au cardinalat. Le g\u00e9n\u00e9ral l\u2019avait d\u00e9j\u00e0 pourvu de la sup\u00e9riorit\u00e9 de Rome et de l\u2019office de visiteur. Il t\u00e9moigna de la r\u00e9pugnance \u00e0 accepter l\u2019emploi honorable que lui donna le pape ; mais S[a] S[aintet\u00e9] n\u2019ayant pas voulu \u00e9couter ses remontrances, il ob\u00e9it, et M. Bonnet fut oblig\u00e9 de nommer M. Gloria<span id='easy-footnote-8-151048' class='easy-footnote-margin-adjust'><\/span><span class='easy-footnote'><a href='http:\/\/vincentians.com\/fr\/histoire-generale-de-la-congregation-de-la-mission-71\/#easy-footnote-bottom-8-151048' title='Thomas Gloria, 1663-1738.'><sup>8<\/sup><\/a><\/span><a href=\"#_ftn8\" name=\"_ftnref8\"><\/a> pour le remplacer. M. de Negri s\u2019acquitta de l\u2019office de pr\u00e9dicateur apostolique pendant tout le reste du long pontificat de Cl\u00e9ment XI ; on voulait le faire archev\u00eaque d\u2019Urbin, mais il refusa. Le nouveau pape Innocent XIII a donn\u00e9 sa charge au P\u00e8re Bonaventure Barberini, capucin. Cl\u00e9ment XI t\u00e9moigna dans une autre occasion son estimepour la Congr\u00e9gation, car s\u2019\u00e9tant fait un changement dans le coll\u00e8ge de Propaganda Fide, il fit dire par le cardinal Paolucci aux dix cardinaux qui composent cette congr\u00e9gation, qu\u2019ils pouvaient faire les changements qu\u2019ils jugeraient \u00e0 propos, mais sans \u00f4ter aux Missionnaires le soin de ce coll\u00e8ge.<\/p>\n<p>M. Bonnelli<span id='easy-footnote-9-151048' class='easy-footnote-margin-adjust'><\/span><span class='easy-footnote'><a href='http:\/\/vincentians.com\/fr\/histoire-generale-de-la-congregation-de-la-mission-71\/#easy-footnote-bottom-9-151048' title='Gian Francesco Bonelli, 1671-1717\u00a0; mort avant de recevoir l\u2019ordination \u00e9piscopale.'><sup>9<\/sup><\/a><\/span><a href=\"#_ftn9\" name=\"_ftnref9\"><\/a>, autre pr\u00eatre de la Congr\u00e9gation, \u00e9tait estim\u00e9 \u00e0 Naples o\u00f9 il faisait les fonctions de th\u00e9ologien du conseil de ville. L\u2019empereur Charles VI, ma\u00eetre de ce royaume, l\u2019a nomm\u00e9 \u00e0 l\u2019\u00e9v\u00each\u00e9 de Mottola ; ce que je vous \u00e9cris, disait M. Bonnet, dans une lettre du 1<sup>er<\/sup> janvier 1716, non comme une nouvelle favorable, car nous craignons pour l\u2019Italie aussi bien que pour la Pologne et pour la France, que la folle esp\u00e9rance de parvenir aux dignit\u00e9s eccl\u00e9siastiques introduise l\u2019ambitionparmi nous et nous fasse perdre la gr\u00e2ce et l\u2019amour de la vie obscure et cach\u00e9e dont nous avons fait profession jusqu\u2019ici. Il marquait dans la m\u00eame lettre que les deux provinces d\u2019Italie travaillaient avec b\u00e9n\u00e9diction dans les villes o\u00f9 il y avait des maisons, tant pour les s\u00e9minaires que pour les Missions. Il trouva \u00e0 propos, apr\u00e8s l\u2019assembl\u00e9e sexennale de 1717, d\u2019y \u00e9tablir de nouveaux visiteurs, savoir : M. Giordanini pour la province romaine, qu\u2019il avait d\u00e9j\u00e0 conduite auparavant ainsi que nous avons vu. Il vient de mourir assez promptement en 1721, regrett\u00e9 de tout le monde, ayant eu pour successeur M. Rossi ; et M. Bolla<span id='easy-footnote-10-151048' class='easy-footnote-margin-adjust'><\/span><span class='easy-footnote'><a href='http:\/\/vincentians.com\/fr\/histoire-generale-de-la-congregation-de-la-mission-71\/#easy-footnote-bottom-10-151048' title='Jean-Louis Bolla, 1662-1738.'><sup>10<\/sup><\/a><\/span><a href=\"#_ftn10\" name=\"_ftnref10\"><\/a>, sup\u00e9rieur de Turin, pour la province de Lombardie. Il \u00e9crivit encore dans la suite : Nos confr\u00e8res d\u2019Italie sont toujours fort occup\u00e9s \u00e0 nos principales fonctions ; ils r\u00e9ussissent fort bien et sont go\u00fbt\u00e9s des pr\u00e9latset des peuples. L\u2019on en envoya quelques-uns uns pour l\u2019un et l\u2019autre emploi \u00e0 Casale, dans le Montferrat, en Lombardie, et on en a demand\u00e9 d\u2019autres pour Amelia, ancienne ville \u00e9piscopale du duch\u00e9 de Spol\u00e8te, dans l\u2019\u00c9tat du pape ; mais ces nouvelles maisons n\u2019ont pas encore pris un bon commencement, et le g\u00e9n\u00e9ral n\u2019en n\u2019a point encore donn\u00e9 d\u2019avis \u00e0 la Compagnie.<\/p>\n<p>N[otre] S[aint] P[\u00e8re] le Pape, continue M. Bonnet, veut introduire la Compagnie dans les royaumes \u00e9trangers en faisant un \u00e9tablissement \u00e0 Lisbonne, capitale du Portugal, selon le d\u00e9sir d\u2019une personne de pi\u00e9t\u00e9 de cette grande ville, \u00e0 l\u2019instar de la maison de Barcelone, c\u2019est-\u00e0-dire que l\u2019un et l\u2019autre d\u00e9pendront du visiteur d\u2019Italie, en attendant qu\u2019il y ait un nombre suffisant de maisons en Espagne. M. Gomez Costa<span id='easy-footnote-11-151048' class='easy-footnote-margin-adjust'><\/span><span class='easy-footnote'><a href='http:\/\/vincentians.com\/fr\/histoire-generale-de-la-congregation-de-la-mission-71\/#easy-footnote-bottom-11-151048' title='Joseph-Gom\u00e8s Costa, 1667-1725.'><sup>11<\/sup><\/a><\/span>,<a href=\"#_ftn11\" name=\"_ftnref11\"><\/a> sup\u00e9rieurde la maison des St. Jean et Paul, y fut envoy\u00e9 premier sup\u00e9rieur, comme le marque M. Bonnet dans sa lettre du 1<sup>er<\/sup> janvier 1718 ; il lui donna pour adjoint M. Appiani, le jeune, qui avait \u00e9t\u00e9 ci-devant dans les pays du Mongol, attendu qu\u2019il avait du talent pour les langues et pour les affaires. M. Bonnet ajoute, dans celle de 1719, que l\u2019une et l\u2019autre famille, celle de Barcelone, sous la conduite de M. Salvador Barera<span id='easy-footnote-12-151048' class='easy-footnote-margin-adjust'><\/span><span class='easy-footnote'><a href='http:\/\/vincentians.com\/fr\/histoire-generale-de-la-congregation-de-la-mission-71\/#easy-footnote-bottom-12-151048' title='Salvador Barrera, 1681-1752.'><sup>12<\/sup><\/a><\/span><a href=\"#_ftn12\" name=\"_ftnref12\"><\/a>, et celle de Lisbonne, sous celle de M. Gomez Costa, prenaient un bon train ; la premi\u00e8re \u00e9tant dans l\u2019exercice de nos principales fonctions, et la seconde paraissait second\u00e9e du ciel et des bonnes volont\u00e9s de S[a] M[ajest\u00e9] portugaise, qui l\u2019avait honor\u00e9e de sa pr\u00e9sence le jour de St.-Louis, dans les offices de l\u2019\u00e9glise, et la favorisait avec une bont\u00e9 de p\u00e8re et une lib\u00e9ralit\u00e9 royale.<\/p>\n<p>&nbsp;<\/p>\n","protected":false},"excerpt":{"rendered":"<p>LXXI. Les maisons d\u2019Italie Celle de l\u2019Italie s\u2019accrut pareillement par quelques nouveaux \u00e9tablissements et l\u2019augmentation des anciens. Mgr le cardinal Paolucci, ministre du Pape Cl\u00e9ment XI, apr\u00e8s la mort duquel il a failli d\u2019\u00eatre Pape &#8230; <a href=\"http:\/\/vincentians.com\/fr\/histoire-generale-de-la-congregation-de-la-mission-71\/\" class=\"more-link\">Read More<\/a><\/p>\n","protected":false},"author":4,"featured_media":189808,"comment_status":"open","ping_status":"open","sticky":false,"template":"","format":"standard","meta":{"jetpack_post_was_ever_published":false,"_jetpack_newsletter_access":"","_jetpack_dont_email_post_to_subs":false,"_jetpack_newsletter_tier_id":0,"_jetpack_memberships_contains_paywalled_content":false,"_jetpack_memberships_contains_paid_content":false,"footnotes":"","jetpack_publicize_message":"","jetpack_publicize_feature_enabled":true,"jetpack_social_post_already_shared":true,"jetpack_social_options":{"image_generator_settings":{"template":"highway","default_image_id":0,"font":"","enabled":false},"version":2}},"categories":[134],"tags":[],"class_list":["post-151048","post","type-post","status-publish","format-standard","has-post-thumbnail","hentry","category-histoire-de-la-congregation-de-la-mission"],"yoast_head":"<!-- This site is optimized with the Yoast SEO plugin v26.3 - https:\/\/yoast.com\/wordpress\/plugins\/seo\/ -->\n<title>Histoire g\u00e9n\u00e9rale de la Congr\u00e9gation de la Mission (71) - Nous Sommes Vincentiens<\/title>\n<meta name=\"robots\" content=\"index, follow, max-snippet:-1, max-image-preview:large, max-video-preview:-1\" \/>\n<link rel=\"canonical\" href=\"http:\/\/vincentians.com\/fr\/histoire-generale-de-la-congregation-de-la-mission-71\/\" \/>\n<meta property=\"og:locale\" content=\"fr_FR\" \/>\n<meta property=\"og:type\" content=\"article\" \/>\n<meta property=\"og:title\" content=\"Histoire g\u00e9n\u00e9rale de la Congr\u00e9gation de la Mission (71) - Nous Sommes Vincentiens\" \/>\n<meta property=\"og:description\" content=\"LXXI. Les maisons d\u2019Italie Celle de l\u2019Italie s\u2019accrut pareillement par quelques nouveaux \u00e9tablissements et l\u2019augmentation des anciens. Mgr le cardinal Paolucci, ministre du Pape Cl\u00e9ment XI, apr\u00e8s la mort duquel il a failli d\u2019\u00eatre Pape ... Read More\" \/>\n<meta property=\"og:url\" content=\"http:\/\/vincentians.com\/fr\/histoire-generale-de-la-congregation-de-la-mission-71\/\" \/>\n<meta property=\"og:site_name\" content=\"Nous Sommes Vincentiens\" \/>\n<meta property=\"article:publisher\" content=\"https:\/\/www.facebook.com\/WeAreVincentians\/\" \/>\n<meta property=\"article:author\" content=\"https:\/\/www.facebook.com\/JavierChento\" \/>\n<meta property=\"article:published_time\" content=\"2015-01-17T06:18:22+00:00\" \/>\n<meta property=\"og:image\" content=\"https:\/\/i0.wp.com\/vincentians.com\/fr\/wp-content\/uploads\/sites\/10\/2016\/07\/histoire-generale-de-la-congregation-de-la-mission.jpg?fit=1200%2C630\" \/>\n\t<meta property=\"og:image:width\" content=\"1200\" \/>\n\t<meta property=\"og:image:height\" content=\"630\" \/>\n\t<meta property=\"og:image:type\" content=\"image\/jpeg\" \/>\n<meta name=\"author\" content=\"Francisco Javier Fern\u00e1ndez Chento\" \/>\n<meta name=\"twitter:card\" content=\"summary_large_image\" \/>\n<meta name=\"twitter:creator\" content=\"@https:\/\/twitter.com\/javierchento\" \/>\n<meta name=\"twitter:site\" content=\"@WeVincentians\" \/>\n<meta name=\"twitter:label1\" content=\"\u00c9crit par\" \/>\n\t<meta name=\"twitter:data1\" content=\"Francisco Javier Fern\u00e1ndez Chento\" \/>\n\t<meta name=\"twitter:label2\" content=\"Dur\u00e9e de lecture estim\u00e9e\" \/>\n\t<meta name=\"twitter:data2\" content=\"8 minutes\" \/>\n<script type=\"application\/ld+json\" class=\"yoast-schema-graph\">{\"@context\":\"https:\/\/schema.org\",\"@graph\":[{\"@type\":\"WebPage\",\"@id\":\"http:\/\/vincentians.com\/fr\/histoire-generale-de-la-congregation-de-la-mission-71\/\",\"url\":\"http:\/\/vincentians.com\/fr\/histoire-generale-de-la-congregation-de-la-mission-71\/\",\"name\":\"Histoire g\u00e9n\u00e9rale de la Congr\u00e9gation de la Mission (71) - Nous Sommes Vincentiens\",\"isPartOf\":{\"@id\":\"https:\/\/vincentians.com\/fr\/#website\"},\"primaryImageOfPage\":{\"@id\":\"http:\/\/vincentians.com\/fr\/histoire-generale-de-la-congregation-de-la-mission-71\/#primaryimage\"},\"image\":{\"@id\":\"http:\/\/vincentians.com\/fr\/histoire-generale-de-la-congregation-de-la-mission-71\/#primaryimage\"},\"thumbnailUrl\":\"https:\/\/i0.wp.com\/vincentians.com\/fr\/wp-content\/uploads\/sites\/10\/2016\/07\/histoire-generale-de-la-congregation-de-la-mission.jpg?fit=1200%2C630\",\"datePublished\":\"2015-01-17T06:18:22+00:00\",\"author\":{\"@id\":\"https:\/\/vincentians.com\/fr\/#\/schema\/person\/9623ef4d9aa3b2dfb8c061f1499288f2\"},\"breadcrumb\":{\"@id\":\"http:\/\/vincentians.com\/fr\/histoire-generale-de-la-congregation-de-la-mission-71\/#breadcrumb\"},\"inLanguage\":\"fr-FR\",\"potentialAction\":[{\"@type\":\"ReadAction\",\"target\":[\"http:\/\/vincentians.com\/fr\/histoire-generale-de-la-congregation-de-la-mission-71\/\"]}]},{\"@type\":\"ImageObject\",\"inLanguage\":\"fr-FR\",\"@id\":\"http:\/\/vincentians.com\/fr\/histoire-generale-de-la-congregation-de-la-mission-71\/#primaryimage\",\"url\":\"https:\/\/i0.wp.com\/vincentians.com\/fr\/wp-content\/uploads\/sites\/10\/2016\/07\/histoire-generale-de-la-congregation-de-la-mission.jpg?fit=1200%2C630\",\"contentUrl\":\"https:\/\/i0.wp.com\/vincentians.com\/fr\/wp-content\/uploads\/sites\/10\/2016\/07\/histoire-generale-de-la-congregation-de-la-mission.jpg?fit=1200%2C630\",\"width\":1200,\"height\":630},{\"@type\":\"BreadcrumbList\",\"@id\":\"http:\/\/vincentians.com\/fr\/histoire-generale-de-la-congregation-de-la-mission-71\/#breadcrumb\",\"itemListElement\":[{\"@type\":\"ListItem\",\"position\":1,\"name\":\"Portada\",\"item\":\"https:\/\/vincentians.com\/fr\/\"},{\"@type\":\"ListItem\",\"position\":2,\"name\":\"Histoire g\u00e9n\u00e9rale de la Congr\u00e9gation de la Mission (71)\"}]},{\"@type\":\"WebSite\",\"@id\":\"https:\/\/vincentians.com\/fr\/#website\",\"url\":\"https:\/\/vincentians.com\/fr\/\",\"name\":\"Nous Sommes Vincentiens\",\"description\":\"Know more to serve more\",\"potentialAction\":[{\"@type\":\"SearchAction\",\"target\":{\"@type\":\"EntryPoint\",\"urlTemplate\":\"https:\/\/vincentians.com\/fr\/?s={search_term_string}\"},\"query-input\":{\"@type\":\"PropertyValueSpecification\",\"valueRequired\":true,\"valueName\":\"search_term_string\"}}],\"inLanguage\":\"fr-FR\"},{\"@type\":\"Person\",\"@id\":\"https:\/\/vincentians.com\/fr\/#\/schema\/person\/9623ef4d9aa3b2dfb8c061f1499288f2\",\"name\":\"Francisco Javier Fern\u00e1ndez Chento\",\"image\":{\"@type\":\"ImageObject\",\"inLanguage\":\"fr-FR\",\"@id\":\"https:\/\/vincentians.com\/fr\/#\/schema\/person\/image\/\",\"url\":\"https:\/\/secure.gravatar.com\/avatar\/497d5cde87b4c3d097d0315953521681ba2cd523ee66e5077c3711f7021e65de?s=96&d=mm&r=g\",\"contentUrl\":\"https:\/\/secure.gravatar.com\/avatar\/497d5cde87b4c3d097d0315953521681ba2cd523ee66e5077c3711f7021e65de?s=96&d=mm&r=g\",\"caption\":\"Francisco Javier Fern\u00e1ndez Chento\"},\"description\":\"Director General y cofundador de La Red de Formaci\u00f3n Vicenciana. Javier es laico vicenciano, afiliado a la Congregaci\u00f3n de la Misi\u00f3n y miembro del Equipo de Misiones Populares de la provincia can\u00f3nica de Zaragoza (Espa\u00f1a) de la Congregaci\u00f3n de la Misi\u00f3n. Graduado en la Universidad Oberta de Catalunya con cuatro grados (Asistente de direcci\u00f3n, Gesti\u00f3n Administrativa, Recursos Humanos y Contabilidad Avanzada). Bil\u00edng\u00fce Espa\u00f1ol\/Ingl\u00e9s. gestiona y mantiene varias p\u00e1ginas web cristianas y vicencianas, incluida including La Red de Formaci\u00f3n Vicenciana, de la que es cofundador. Actualmente es responsable del \u00e1rea de Espa\u00f1ol de .famvin, la Red de Noticias de la Familia Vicenciana. Tambi\u00e9n es m\u00fasico cat\u00f3lico y ha editado varios discos. Es Director General y cofundador de Trovador, una reconocida compa\u00f1\u00eda discogr\u00e1fica critiana de Espa\u00f1a. Trabaja en las Tecnolog\u00edas de la Informaci\u00f3n, ofreciendo servicios de alojamiento, dise\u00f1o y mantenimiento Web, as\u00ed como asesoramiento, formaci\u00f3n y soluciones inform\u00e1ticas, gesti\u00f3n documental y digitalizaci\u00f3n de textos, edici\u00f3n y maquetaci\u00f3n de libros, revistas, flyers, etc.\",\"sameAs\":[\"http:\/\/chento.org\",\"https:\/\/www.facebook.com\/JavierChento\",\"https:\/\/x.com\/https:\/\/twitter.com\/javierchento\"],\"url\":\"http:\/\/vincentians.com\/fr\/author\/chento\/\"}]}<\/script>\n<!-- \/ Yoast SEO plugin. -->","yoast_head_json":{"title":"Histoire g\u00e9n\u00e9rale de la Congr\u00e9gation de la Mission (71) - Nous Sommes Vincentiens","robots":{"index":"index","follow":"follow","max-snippet":"max-snippet:-1","max-image-preview":"max-image-preview:large","max-video-preview":"max-video-preview:-1"},"canonical":"http:\/\/vincentians.com\/fr\/histoire-generale-de-la-congregation-de-la-mission-71\/","og_locale":"fr_FR","og_type":"article","og_title":"Histoire g\u00e9n\u00e9rale de la Congr\u00e9gation de la Mission (71) - Nous Sommes Vincentiens","og_description":"LXXI. Les maisons d\u2019Italie Celle de l\u2019Italie s\u2019accrut pareillement par quelques nouveaux \u00e9tablissements et l\u2019augmentation des anciens. Mgr le cardinal Paolucci, ministre du Pape Cl\u00e9ment XI, apr\u00e8s la mort duquel il a failli d\u2019\u00eatre Pape ... Read More","og_url":"http:\/\/vincentians.com\/fr\/histoire-generale-de-la-congregation-de-la-mission-71\/","og_site_name":"Nous Sommes Vincentiens","article_publisher":"https:\/\/www.facebook.com\/WeAreVincentians\/","article_author":"https:\/\/www.facebook.com\/JavierChento","article_published_time":"2015-01-17T06:18:22+00:00","og_image":[{"width":1200,"height":630,"url":"https:\/\/i0.wp.com\/vincentians.com\/fr\/wp-content\/uploads\/sites\/10\/2016\/07\/histoire-generale-de-la-congregation-de-la-mission.jpg?fit=1200%2C630","type":"image\/jpeg"}],"author":"Francisco Javier Fern\u00e1ndez Chento","twitter_card":"summary_large_image","twitter_creator":"@https:\/\/twitter.com\/javierchento","twitter_site":"@WeVincentians","twitter_misc":{"\u00c9crit par":"Francisco Javier Fern\u00e1ndez Chento","Dur\u00e9e de lecture estim\u00e9e":"8 minutes"},"schema":{"@context":"https:\/\/schema.org","@graph":[{"@type":"WebPage","@id":"http:\/\/vincentians.com\/fr\/histoire-generale-de-la-congregation-de-la-mission-71\/","url":"http:\/\/vincentians.com\/fr\/histoire-generale-de-la-congregation-de-la-mission-71\/","name":"Histoire g\u00e9n\u00e9rale de la Congr\u00e9gation de la Mission (71) - Nous Sommes Vincentiens","isPartOf":{"@id":"https:\/\/vincentians.com\/fr\/#website"},"primaryImageOfPage":{"@id":"http:\/\/vincentians.com\/fr\/histoire-generale-de-la-congregation-de-la-mission-71\/#primaryimage"},"image":{"@id":"http:\/\/vincentians.com\/fr\/histoire-generale-de-la-congregation-de-la-mission-71\/#primaryimage"},"thumbnailUrl":"https:\/\/i0.wp.com\/vincentians.com\/fr\/wp-content\/uploads\/sites\/10\/2016\/07\/histoire-generale-de-la-congregation-de-la-mission.jpg?fit=1200%2C630","datePublished":"2015-01-17T06:18:22+00:00","author":{"@id":"https:\/\/vincentians.com\/fr\/#\/schema\/person\/9623ef4d9aa3b2dfb8c061f1499288f2"},"breadcrumb":{"@id":"http:\/\/vincentians.com\/fr\/histoire-generale-de-la-congregation-de-la-mission-71\/#breadcrumb"},"inLanguage":"fr-FR","potentialAction":[{"@type":"ReadAction","target":["http:\/\/vincentians.com\/fr\/histoire-generale-de-la-congregation-de-la-mission-71\/"]}]},{"@type":"ImageObject","inLanguage":"fr-FR","@id":"http:\/\/vincentians.com\/fr\/histoire-generale-de-la-congregation-de-la-mission-71\/#primaryimage","url":"https:\/\/i0.wp.com\/vincentians.com\/fr\/wp-content\/uploads\/sites\/10\/2016\/07\/histoire-generale-de-la-congregation-de-la-mission.jpg?fit=1200%2C630","contentUrl":"https:\/\/i0.wp.com\/vincentians.com\/fr\/wp-content\/uploads\/sites\/10\/2016\/07\/histoire-generale-de-la-congregation-de-la-mission.jpg?fit=1200%2C630","width":1200,"height":630},{"@type":"BreadcrumbList","@id":"http:\/\/vincentians.com\/fr\/histoire-generale-de-la-congregation-de-la-mission-71\/#breadcrumb","itemListElement":[{"@type":"ListItem","position":1,"name":"Portada","item":"https:\/\/vincentians.com\/fr\/"},{"@type":"ListItem","position":2,"name":"Histoire g\u00e9n\u00e9rale de la Congr\u00e9gation de la Mission (71)"}]},{"@type":"WebSite","@id":"https:\/\/vincentians.com\/fr\/#website","url":"https:\/\/vincentians.com\/fr\/","name":"Nous Sommes Vincentiens","description":"Know more to serve more","potentialAction":[{"@type":"SearchAction","target":{"@type":"EntryPoint","urlTemplate":"https:\/\/vincentians.com\/fr\/?s={search_term_string}"},"query-input":{"@type":"PropertyValueSpecification","valueRequired":true,"valueName":"search_term_string"}}],"inLanguage":"fr-FR"},{"@type":"Person","@id":"https:\/\/vincentians.com\/fr\/#\/schema\/person\/9623ef4d9aa3b2dfb8c061f1499288f2","name":"Francisco Javier Fern\u00e1ndez Chento","image":{"@type":"ImageObject","inLanguage":"fr-FR","@id":"https:\/\/vincentians.com\/fr\/#\/schema\/person\/image\/","url":"https:\/\/secure.gravatar.com\/avatar\/497d5cde87b4c3d097d0315953521681ba2cd523ee66e5077c3711f7021e65de?s=96&d=mm&r=g","contentUrl":"https:\/\/secure.gravatar.com\/avatar\/497d5cde87b4c3d097d0315953521681ba2cd523ee66e5077c3711f7021e65de?s=96&d=mm&r=g","caption":"Francisco Javier Fern\u00e1ndez Chento"},"description":"Director General y cofundador de La Red de Formaci\u00f3n Vicenciana. Javier es laico vicenciano, afiliado a la Congregaci\u00f3n de la Misi\u00f3n y miembro del Equipo de Misiones Populares de la provincia can\u00f3nica de Zaragoza (Espa\u00f1a) de la Congregaci\u00f3n de la Misi\u00f3n. Graduado en la Universidad Oberta de Catalunya con cuatro grados (Asistente de direcci\u00f3n, Gesti\u00f3n Administrativa, Recursos Humanos y Contabilidad Avanzada). Bil\u00edng\u00fce Espa\u00f1ol\/Ingl\u00e9s. gestiona y mantiene varias p\u00e1ginas web cristianas y vicencianas, incluida including La Red de Formaci\u00f3n Vicenciana, de la que es cofundador. Actualmente es responsable del \u00e1rea de Espa\u00f1ol de .famvin, la Red de Noticias de la Familia Vicenciana. Tambi\u00e9n es m\u00fasico cat\u00f3lico y ha editado varios discos. Es Director General y cofundador de Trovador, una reconocida compa\u00f1\u00eda discogr\u00e1fica critiana de Espa\u00f1a. Trabaja en las Tecnolog\u00edas de la Informaci\u00f3n, ofreciendo servicios de alojamiento, dise\u00f1o y mantenimiento Web, as\u00ed como asesoramiento, formaci\u00f3n y soluciones inform\u00e1ticas, gesti\u00f3n documental y digitalizaci\u00f3n de textos, edici\u00f3n y maquetaci\u00f3n de libros, revistas, flyers, etc.","sameAs":["http:\/\/chento.org","https:\/\/www.facebook.com\/JavierChento","https:\/\/x.com\/https:\/\/twitter.com\/javierchento"],"url":"http:\/\/vincentians.com\/fr\/author\/chento\/"}]}},"jetpack_publicize_connections":[],"jetpack_featured_media_url":"https:\/\/i0.wp.com\/vincentians.com\/fr\/wp-content\/uploads\/sites\/10\/2016\/07\/histoire-generale-de-la-congregation-de-la-mission.jpg?fit=1200%2C630","jetpack_sharing_enabled":true,"jetpack_shortlink":"https:\/\/wp.me\/p7ETMP-Dig","jetpack-related-posts":[{"id":57593,"url":"http:\/\/vincentians.com\/fr\/lexpansion-de-la-congregation-de-la-mission-pendant-la-vie-de-st-vincent\/","url_meta":{"origin":151048,"position":0},"title":"L&rsquo;expansion de la Congregation de la Mission pendant la vie de St. Vincent","author":"Francisco Javier Fern\u00e1ndez Chento","date":"20\/05\/2015","format":false,"excerpt":"Pierre Collet (\"La Vie de St. Vincent de Paul\", Nancy 1748, II, 325) a constat\u00e9 que les biographies des grands fondateurs d'ordres sont concentr\u00e9es sur la personne elle-m\u00eame du fondateur. On n'y trouve pas le r\u00e9cit des travaux de leurs premiers disciples.En suivant cet exemple Collet voulut supprimer dans sa\u2026","rel":"","context":"Dans &quot;Au temps de Vincent de Paul&quot;","block_context":{"text":"Au temps de Vincent de Paul","link":"http:\/\/vincentians.com\/fr\/category\/au-temps-de-vincent-de-paul\/"},"img":{"alt_text":"","src":"https:\/\/i0.wp.com\/vincentians.com\/fr\/wp-content\/uploads\/sites\/10\/2015\/05\/congregation-de-la-mission-lazaristes.jpg?fit=1200%2C630&resize=350%2C200","width":350,"height":200,"srcset":"https:\/\/i0.wp.com\/vincentians.com\/fr\/wp-content\/uploads\/sites\/10\/2015\/05\/congregation-de-la-mission-lazaristes.jpg?fit=1200%2C630&resize=350%2C200 1x, https:\/\/i0.wp.com\/vincentians.com\/fr\/wp-content\/uploads\/sites\/10\/2015\/05\/congregation-de-la-mission-lazaristes.jpg?fit=1200%2C630&resize=525%2C300 1.5x, https:\/\/i0.wp.com\/vincentians.com\/fr\/wp-content\/uploads\/sites\/10\/2015\/05\/congregation-de-la-mission-lazaristes.jpg?fit=1200%2C630&resize=700%2C400 2x, https:\/\/i0.wp.com\/vincentians.com\/fr\/wp-content\/uploads\/sites\/10\/2015\/05\/congregation-de-la-mission-lazaristes.jpg?fit=1200%2C630&resize=1050%2C600 3x"},"classes":[]},{"id":47822,"url":"http:\/\/vincentians.com\/fr\/les-missions-populaires-donnees-par-les-pretres-de-la-mission-dans-les-etats-pontificaux-au-xviieme-s-1640-1700\/","url_meta":{"origin":151048,"position":1},"title":"Les Missions Populaires Donn\u00e9es Par Les Pr\u00eatres De La Mission Dans Les \u00c9tats Pontificaux Au XVII\u00e9me s. 1640-1700","author":"Francisco Javier Fern\u00e1ndez Chento","date":"18\/02\/2015","format":false,"excerpt":"Les compte-rendus des missions populaires constituent une source de premi\u00e8re importance pour l'histoire de l'Eglise, dans sa dimension \u00abterre \u00e1 terre \u00bb. G. Le Bras avait d\u00e9j\u00e0 signal\u00e9 tout Inint\u00e9r\u00eat de cette source et on a commenc\u00e9 concr\u00e8tement \u00e1 l'exploiter en France et en Italie. Mais comme il arrive pour\u2026","rel":"","context":"Dans &quot;Histoire de la Congr\u00e9gation de la Mission&quot;","block_context":{"text":"Histoire de la Congr\u00e9gation de la Mission","link":"http:\/\/vincentians.com\/fr\/category\/histoire-de-la-congregation-de-la-mission\/"},"img":{"alt_text":"","src":"https:\/\/i0.wp.com\/vincentiens.org\/wp-content\/uploads\/2011\/08\/logocm-237x300.jpg?resize=350%2C200","width":350,"height":200},"classes":[]},{"id":38477,"url":"http:\/\/vincentians.com\/fr\/le-directeur-provincial-animateur-des-filles-de-la-charite\/","url_meta":{"origin":151048,"position":2},"title":"Le Directeur Provincial \u201canimateur\u201d des Filles de la Charit\u00e9","author":"Francisco Javier Fern\u00e1ndez Chento","date":"03\/10\/2012","format":false,"excerpt":"Dans les Constitutions des Filles de la Charit\u00e9, nous trouvons \u00e0 l\u2019article 3.38: le Directeur Provincial est un pr\u00eatre de la Congr\u00e9gation de la Mission, nomm\u00e9 par le Sup\u00e9rieur G\u00e9n\u00e9ral; \u201cil partage avec la Visitatrice et son Conseil la responsabilit\u00e9 de promouvoir l\u2019esprit vincentien dans la Province\u201d Missionnaire, le directeur\u2026","rel":"","context":"Dans &quot;Congr\u00e9gation de la Mission&quot;","block_context":{"text":"Congr\u00e9gation de la Mission","link":"http:\/\/vincentians.com\/fr\/category\/congregation-de-la-mission\/"},"img":{"alt_text":"","src":"https:\/\/i0.wp.com\/vincentiens.org\/wp-content\/uploads\/2011\/05\/filles_charite-228x300.jpg?resize=350%2C200","width":350,"height":200},"classes":[]},{"id":107948,"url":"http:\/\/vincentians.com\/fr\/histoire-generale-de-la-congregation-de-la-mission-30\/","url_meta":{"origin":151048,"position":3},"title":"Histoire g\u00e9n\u00e9rale de la Congr\u00e9gation de la Mission (30)","author":"Francisco Javier Fern\u00e1ndez Chento","date":"27\/01\/2014","format":false,"excerpt":"XXX. \u00c9tablissements \u00e9trangers La Congr\u00e9gation n\u2019avait encore qu\u2019une maison dans le royaume de Pologne, savoir celle de Varsovie, o\u00f9 comme on a dit ci-devant, on avait \u00e9rig\u00e9 un s\u00e9minaire interne pour y recevoir des Polonais. Il s\u2019en fit ensuite d\u2019autres accept\u00e9s par M. Jolly. Un \u00e9v\u00eaque polonais ayant eu une\u2026","rel":"","context":"Dans &quot;Histoire de la Congr\u00e9gation de la Mission&quot;","block_context":{"text":"Histoire de la Congr\u00e9gation de la Mission","link":"http:\/\/vincentians.com\/fr\/category\/histoire-de-la-congregation-de-la-mission\/"},"img":{"alt_text":"","src":"https:\/\/i0.wp.com\/vincentians.com\/fr\/wp-content\/uploads\/sites\/10\/2016\/07\/histoire-generale-de-la-congregation-de-la-mission.jpg?fit=1200%2C630&resize=350%2C200","width":350,"height":200,"srcset":"https:\/\/i0.wp.com\/vincentians.com\/fr\/wp-content\/uploads\/sites\/10\/2016\/07\/histoire-generale-de-la-congregation-de-la-mission.jpg?fit=1200%2C630&resize=350%2C200 1x, https:\/\/i0.wp.com\/vincentians.com\/fr\/wp-content\/uploads\/sites\/10\/2016\/07\/histoire-generale-de-la-congregation-de-la-mission.jpg?fit=1200%2C630&resize=525%2C300 1.5x, https:\/\/i0.wp.com\/vincentians.com\/fr\/wp-content\/uploads\/sites\/10\/2016\/07\/histoire-generale-de-la-congregation-de-la-mission.jpg?fit=1200%2C630&resize=700%2C400 2x, https:\/\/i0.wp.com\/vincentians.com\/fr\/wp-content\/uploads\/sites\/10\/2016\/07\/histoire-generale-de-la-congregation-de-la-mission.jpg?fit=1200%2C630&resize=1050%2C600 3x"},"classes":[]},{"id":45335,"url":"http:\/\/vincentians.com\/fr\/saint-vincent-et-les-missions\/","url_meta":{"origin":151048,"position":4},"title":"Saint Vincent et les Missions","author":"Francisco Javier Fern\u00e1ndez Chento","date":"14\/12\/2014","format":false,"excerpt":"Introduction A.- Lorsque nous essayons d'\u00e9tudier le travail missionnaire de Vincent de Paul et de ses premiers compagnons, nous trouvons une v\u00e9ritable mystique de la Mission; alors que nous d\u00e9sirerions que le Saint nous ait donn\u00e9 aussi une doctrine th\u00e9ologique sur ce qui constitue l'objectif de sa vie, sur ce\u2026","rel":"","context":"Dans &quot;Vincent de Paul&quot;","block_context":{"text":"Vincent de Paul","link":"http:\/\/vincentians.com\/fr\/category\/the-vincentian-family\/founders\/vincent-de-paul\/"},"img":{"alt_text":"Vincent de Paul portrait","src":"https:\/\/i0.wp.com\/vincentiens.org\/wp-content\/uploads\/2014\/12\/Vincent-de-Paul-portrait-300x300.jpg?resize=350%2C200","width":350,"height":200},"classes":[]},{"id":108239,"url":"http:\/\/vincentians.com\/fr\/histoire-generale-de-la-congregation-de-la-mission-55\/","url_meta":{"origin":151048,"position":5},"title":"Histoire g\u00e9n\u00e9rale de la Congr\u00e9gation de la Mission (55)","author":"Francisco Javier Fern\u00e1ndez Chento","date":"21\/02\/2014","format":false,"excerpt":"LV. Nouveaux \u00e9tablissem[en]ts de la Compagnie Quelque court qu\u2019ait \u00e9t\u00e9 ce g\u00e9n\u00e9ralat, on ne laissa pas d\u2019y voir de nouvelles maisons de la Congr\u00e9gation, \u00e9tablies en France et dans les pays \u00e9trangers. En France, on envoya des Missionnaires \u00e0 Fontenay-le-Comte dans le bas Poitou, et \u00e0 Vannes, en Bretagne. Il\u2026","rel":"","context":"Dans &quot;Histoire de la Congr\u00e9gation de la Mission&quot;","block_context":{"text":"Histoire de la Congr\u00e9gation de la Mission","link":"http:\/\/vincentians.com\/fr\/category\/histoire-de-la-congregation-de-la-mission\/"},"img":{"alt_text":"","src":"https:\/\/i0.wp.com\/vincentians.com\/fr\/wp-content\/uploads\/sites\/10\/2016\/07\/histoire-generale-de-la-congregation-de-la-mission.jpg?fit=1200%2C630&resize=350%2C200","width":350,"height":200,"srcset":"https:\/\/i0.wp.com\/vincentians.com\/fr\/wp-content\/uploads\/sites\/10\/2016\/07\/histoire-generale-de-la-congregation-de-la-mission.jpg?fit=1200%2C630&resize=350%2C200 1x, https:\/\/i0.wp.com\/vincentians.com\/fr\/wp-content\/uploads\/sites\/10\/2016\/07\/histoire-generale-de-la-congregation-de-la-mission.jpg?fit=1200%2C630&resize=525%2C300 1.5x, https:\/\/i0.wp.com\/vincentians.com\/fr\/wp-content\/uploads\/sites\/10\/2016\/07\/histoire-generale-de-la-congregation-de-la-mission.jpg?fit=1200%2C630&resize=700%2C400 2x, https:\/\/i0.wp.com\/vincentians.com\/fr\/wp-content\/uploads\/sites\/10\/2016\/07\/histoire-generale-de-la-congregation-de-la-mission.jpg?fit=1200%2C630&resize=1050%2C600 3x"},"classes":[]}],"_links":{"self":[{"href":"http:\/\/vincentians.com\/fr\/wp-json\/wp\/v2\/posts\/151048","targetHints":{"allow":["GET"]}}],"collection":[{"href":"http:\/\/vincentians.com\/fr\/wp-json\/wp\/v2\/posts"}],"about":[{"href":"http:\/\/vincentians.com\/fr\/wp-json\/wp\/v2\/types\/post"}],"author":[{"embeddable":true,"href":"http:\/\/vincentians.com\/fr\/wp-json\/wp\/v2\/users\/4"}],"replies":[{"embeddable":true,"href":"http:\/\/vincentians.com\/fr\/wp-json\/wp\/v2\/comments?post=151048"}],"version-history":[{"count":0,"href":"http:\/\/vincentians.com\/fr\/wp-json\/wp\/v2\/posts\/151048\/revisions"}],"wp:featuredmedia":[{"embeddable":true,"href":"http:\/\/vincentians.com\/fr\/wp-json\/wp\/v2\/media\/189808"}],"wp:attachment":[{"href":"http:\/\/vincentians.com\/fr\/wp-json\/wp\/v2\/media?parent=151048"}],"wp:term":[{"taxonomy":"category","embeddable":true,"href":"http:\/\/vincentians.com\/fr\/wp-json\/wp\/v2\/categories?post=151048"},{"taxonomy":"post_tag","embeddable":true,"href":"http:\/\/vincentians.com\/fr\/wp-json\/wp\/v2\/tags?post=151048"}],"curies":[{"name":"wp","href":"https:\/\/api.w.org\/{rel}","templated":true}]}}