{"id":108339,"date":"2017-02-17T00:01:17","date_gmt":"2017-02-16T23:01:17","guid":{"rendered":"http:\/\/vincentiens.org\/?p=108339"},"modified":"2016-08-08T18:56:15","modified_gmt":"2016-08-08T16:56:15","slug":"ephemerides-17-fevrier","status":"publish","type":"post","link":"http:\/\/vincentians.com\/fr\/ephemerides-17-fevrier\/","title":{"rendered":"Eph\u00e9m\u00e9rides: 17 f\u00e9vrier"},"content":{"rendered":"<p><strong>En 1652, <\/strong>de terribles inondations avaient ravag\u00e9 la France. Sainte Louise d&rsquo;en \u00e9crire \u00e0 Soeur C\u00e9cile Angiboust \u00e0 Angers : <em>\u00ab\u00a0La lecture de toutes les afflictions et pertes qui sont arriv\u00e9es \u00e0 Angers m&rsquo;a \u00e9t\u00e9 extr\u00eamement sensible pour la peine que les Pauvres en souffrent. Je supplie la divine bont\u00e9 les consoler et donner le secours dont ils ont besoin. Vous avez de grandes peines, mais avez-vous pens\u00e9 qu&rsquo;il \u00e9tait juste que les Servantes des Pauvres souffrissent avec leurs ma\u00eetres et que chacune de vous m\u00e9rite en son particulier de porter la part des fl\u00e9aux que Dieu envoie ? Oh ! mes ch\u00e8res Soeurs, \u00e9tonnons-nous souvent que Dieu nous ait tir\u00e9es des lieux auxquels nous aurions tant souffert avec les autres pour nous donner du pain \u00e0 notre aise et nous mettre en s\u00fbret\u00e9\u00a0\u00bb<\/em>.<\/p>\n<p><strong>En 1694 <\/strong>, \u00e0 <em>Rome <\/em>, mort de <em>Jean Martin<\/em>. Re\u00e7u dans la Compagnie par saint Vincent lui-m\u00eame, il \u00e9tablit la Mission \u00e0 G\u00eanes, \u00e0 Turin et \u00e0 P\u00e9rouse. Ses pr\u00e9dications en Corse et dans le Pi\u00e9mont connurent un plein succ\u00e8s<span id='easy-footnote-1-108339' class='easy-footnote-margin-adjust'><\/span><span class='easy-footnote'><a href='http:\/\/vincentians.com\/fr\/ephemerides-17-fevrier\/#easy-footnote-bottom-1-108339' title='&lt;em&gt;Notices &lt;\/em&gt;, I, pp. 269-372.'><sup>1<\/sup><\/a><\/span>.<\/p>\n<p><strong>En 1820 <\/strong>, \u00e0 <em>Ou-tchang-fou <\/em>, capitale de la province chinoise du Hou-Kouan, <em>Saint Francois-R\u00e9gis Clet <\/em>est tir\u00e9 de sa prison. Conduit au lieu des ex\u00e9cutions, il est attach\u00e9 \u00e0 un poteau en forme de croix. A deux reprises, pour ajouter quelques raffinements au supplice, les bourreaux serrent la corde qui entoure le cou du missionnaire ; \u00e0 deux reprises, ils la rel\u00e2chent ; la troisi\u00e8me fois, enfin, c&rsquo;est l&rsquo;\u00e9tranglement complet. Comme un signe de l&rsquo;acceptation divine de cette mort pr\u00e9cieuse, un reflet lumineux vint transfigurer le visage du martyre. Son corps resta trois jours sur la croix, avant d&rsquo;\u00eatre inhum\u00e9 dans un endoit r\u00e9serv\u00e9 aux criminels<span id='easy-footnote-2-108339' class='easy-footnote-margin-adjust'><\/span><span class='easy-footnote'><a href='http:\/\/vincentians.com\/fr\/ephemerides-17-fevrier\/#easy-footnote-bottom-2-108339' title='&lt;em&gt;&lt;\/em&gt;&lt;em&gt;Vie au Bx Clet&lt;\/em&gt;.'><sup>2<\/sup><\/a><\/span>.<\/p>\n<p><strong>En 1918 <\/strong>, \u00e0 <em>Paris <\/em>, mort de M. <em>Alfred Louwyck<\/em>, vicaire g\u00e9n\u00e9ral de la Congr\u00e9gation depuis le 8 novembre 1917. Entr\u00e9 dans la Compagnie le 16 octobre 1876, il fut successivement professeur aux grands s\u00e9minaires de La Rochelle et d&rsquo;Amiens. En 1892, il \u00e9tait directeur du s\u00e9minaire interne et des \u00e9tudes, \u00e0 Paris. Visiteur de la province de France en 1901, la vingt-septi\u00e8me Assembl\u00e9e g\u00e9n\u00e9rale le donna comme premier assistant au T.H.P. Villette. Homme d&rsquo;un bel esprit surnaturel, M. Louwyck fut aussi un travailleur inlassable et m\u00e9thodique. Il a \u00e9crit plusieurs livres tr\u00e8s utiles \u00e0 la petite Compagnie, sur les r\u00e8gles, sur les voeux, sur les privil\u00e8ges, et m\u00eame une vie de saint Joseph. Vicaire g\u00e9n\u00e9ral, il profitait encore des moindres moments pour prendre des notes, et trois mois avant sa mort, il faisait imprimer le fruit de ses derniers travaux : \u00ab <em>De conventibus tum generali tum sexennali <\/em>&#8230; \u00bb A l&rsquo;annonce de la mort de M. Louwyck, le souvenir qui affleure \u00e0 l&rsquo;esprit de nombreux confr\u00e8res, c&rsquo;est celui du directeur de s\u00e9minaire. Ils le revoient dans sa petite chambre basse, chaude en \u00e9t\u00e9, glaciale en hiver, mais accueillant chacun avec sa constante affabilit\u00e9. La froideur ext\u00e9rieure de M. Louwyck cachait une grande bont\u00e9 qui s&rsquo;ing\u00e9niait \u00e0 faire traverser avec douceur les premiers jours de la vie au s\u00e9minaire si durs pour les nouveaux venus. Par-dessus tout, M. Louwyck sut appliquer \u00e0 ses jeunes gens une m\u00e9thode de direction tout a fait vincentienne<span id='easy-footnote-3-108339' class='easy-footnote-margin-adjust'><\/span><span class='easy-footnote'><a href='http:\/\/vincentians.com\/fr\/ephemerides-17-fevrier\/#easy-footnote-bottom-3-108339' title='&lt;em&gt;&lt;\/em&gt;&lt;em&gt;Annales &lt;\/em&gt;, t. 82, p. 20 et t. 83. pp. 359 sq. et 622 sq.'><sup>3<\/sup><\/a><\/span>.<\/p>\n<p><strong>En 1931<\/strong>, \u00e0 <em>Nantchang <\/em>, M. <em>Fran\u00e7ois Pistone<\/em> : missionnaire pendant trente-deux ans en Chine, il travailla aux m\u00eames endroits que le Bienheureux Clet. Il a excell\u00e9 dans l&rsquo;art de d\u00e9couvrir des cat\u00e9chum\u00e8nes ; il fut aussi un grand recruteur de s\u00e9minaristes&#8230;<\/p>\n","protected":false},"excerpt":{"rendered":"<p>En 1652, de terribles inondations avaient ravag\u00e9 la France. Sainte Louise d&rsquo;en \u00e9crire \u00e0 Soeur C\u00e9cile Angiboust \u00e0 Angers : \u00ab\u00a0La lecture de toutes les afflictions et pertes qui sont arriv\u00e9es \u00e0 Angers m&rsquo;a \u00e9t\u00e9 &#8230; <a href=\"http:\/\/vincentians.com\/fr\/ephemerides-17-fevrier\/\" class=\"more-link\">Read More<\/a><\/p>\n","protected":false},"author":4,"featured_media":149897,"comment_status":"open","ping_status":"open","sticky":false,"template":"","format":"standard","meta":{"jetpack_post_was_ever_published":false,"_jetpack_newsletter_access":"","_jetpack_dont_email_post_to_subs":false,"_jetpack_newsletter_tier_id":0,"_jetpack_memberships_contains_paywalled_content":false,"_jetpack_memberships_contains_paid_content":false,"footnotes":"","jetpack_publicize_message":"","jetpack_publicize_feature_enabled":true,"jetpack_social_post_already_shared":true,"jetpack_social_options":{"image_generator_settings":{"template":"highway","default_image_id":0,"font":"","enabled":false},"version":2}},"categories":[119],"tags":[],"class_list":["post-108339","post","type-post","status-publish","format-standard","has-post-thumbnail","hentry","category-ephemerides-vincentiens"],"yoast_head":"<!-- This site is optimized with the Yoast SEO plugin v26.3 - https:\/\/yoast.com\/wordpress\/plugins\/seo\/ -->\n<title>Eph\u00e9m\u00e9rides: 17 f\u00e9vrier - Nous Sommes Vincentiens<\/title>\n<meta name=\"robots\" content=\"index, follow, max-snippet:-1, max-image-preview:large, max-video-preview:-1\" \/>\n<link rel=\"canonical\" href=\"http:\/\/vincentians.com\/fr\/ephemerides-17-fevrier\/\" \/>\n<meta property=\"og:locale\" content=\"fr_FR\" \/>\n<meta property=\"og:type\" content=\"article\" \/>\n<meta property=\"og:title\" content=\"Eph\u00e9m\u00e9rides: 17 f\u00e9vrier - Nous Sommes Vincentiens\" \/>\n<meta property=\"og:description\" content=\"En 1652, de terribles inondations avaient ravag\u00e9 la France. Sainte Louise d&rsquo;en \u00e9crire \u00e0 Soeur C\u00e9cile Angiboust \u00e0 Angers : \u00ab\u00a0La lecture de toutes les afflictions et pertes qui sont arriv\u00e9es \u00e0 Angers m&rsquo;a \u00e9t\u00e9 ... Read More\" \/>\n<meta property=\"og:url\" content=\"http:\/\/vincentians.com\/fr\/ephemerides-17-fevrier\/\" \/>\n<meta property=\"og:site_name\" content=\"Nous Sommes Vincentiens\" \/>\n<meta property=\"article:publisher\" content=\"https:\/\/www.facebook.com\/WeAreVincentians\/\" \/>\n<meta property=\"article:author\" content=\"https:\/\/www.facebook.com\/JavierChento\" \/>\n<meta property=\"article:published_time\" content=\"2017-02-16T23:01:17+00:00\" \/>\n<meta property=\"og:image\" content=\"https:\/\/i0.wp.com\/vincentians.com\/fr\/wp-content\/uploads\/sites\/10\/2016\/07\/ephemerides-fb.jpg?fit=1200%2C630\" \/>\n\t<meta property=\"og:image:width\" content=\"1200\" \/>\n\t<meta property=\"og:image:height\" content=\"630\" \/>\n\t<meta property=\"og:image:type\" content=\"image\/jpeg\" \/>\n<meta name=\"author\" content=\"Francisco Javier Fern\u00e1ndez Chento\" \/>\n<meta name=\"twitter:card\" content=\"summary_large_image\" \/>\n<meta name=\"twitter:creator\" content=\"@https:\/\/twitter.com\/javierchento\" \/>\n<meta name=\"twitter:site\" content=\"@WeVincentians\" \/>\n<meta name=\"twitter:label1\" content=\"\u00c9crit par\" \/>\n\t<meta name=\"twitter:data1\" content=\"Francisco Javier Fern\u00e1ndez Chento\" \/>\n\t<meta name=\"twitter:label2\" content=\"Dur\u00e9e de lecture estim\u00e9e\" \/>\n\t<meta name=\"twitter:data2\" content=\"3 minutes\" \/>\n<script type=\"application\/ld+json\" class=\"yoast-schema-graph\">{\"@context\":\"https:\/\/schema.org\",\"@graph\":[{\"@type\":\"WebPage\",\"@id\":\"http:\/\/vincentians.com\/fr\/ephemerides-17-fevrier\/\",\"url\":\"http:\/\/vincentians.com\/fr\/ephemerides-17-fevrier\/\",\"name\":\"Eph\u00e9m\u00e9rides: 17 f\u00e9vrier - Nous Sommes Vincentiens\",\"isPartOf\":{\"@id\":\"http:\/\/vincentians.com\/fr\/#website\"},\"primaryImageOfPage\":{\"@id\":\"http:\/\/vincentians.com\/fr\/ephemerides-17-fevrier\/#primaryimage\"},\"image\":{\"@id\":\"http:\/\/vincentians.com\/fr\/ephemerides-17-fevrier\/#primaryimage\"},\"thumbnailUrl\":\"https:\/\/i0.wp.com\/vincentians.com\/fr\/wp-content\/uploads\/sites\/10\/2016\/07\/ephemerides-fb.jpg?fit=1200%2C630\",\"datePublished\":\"2017-02-16T23:01:17+00:00\",\"author\":{\"@id\":\"http:\/\/vincentians.com\/fr\/#\/schema\/person\/9623ef4d9aa3b2dfb8c061f1499288f2\"},\"breadcrumb\":{\"@id\":\"http:\/\/vincentians.com\/fr\/ephemerides-17-fevrier\/#breadcrumb\"},\"inLanguage\":\"fr-FR\",\"potentialAction\":[{\"@type\":\"ReadAction\",\"target\":[\"http:\/\/vincentians.com\/fr\/ephemerides-17-fevrier\/\"]}]},{\"@type\":\"ImageObject\",\"inLanguage\":\"fr-FR\",\"@id\":\"http:\/\/vincentians.com\/fr\/ephemerides-17-fevrier\/#primaryimage\",\"url\":\"https:\/\/i0.wp.com\/vincentians.com\/fr\/wp-content\/uploads\/sites\/10\/2016\/07\/ephemerides-fb.jpg?fit=1200%2C630\",\"contentUrl\":\"https:\/\/i0.wp.com\/vincentians.com\/fr\/wp-content\/uploads\/sites\/10\/2016\/07\/ephemerides-fb.jpg?fit=1200%2C630\",\"width\":1200,\"height\":630},{\"@type\":\"BreadcrumbList\",\"@id\":\"http:\/\/vincentians.com\/fr\/ephemerides-17-fevrier\/#breadcrumb\",\"itemListElement\":[{\"@type\":\"ListItem\",\"position\":1,\"name\":\"Portada\",\"item\":\"http:\/\/vincentians.com\/fr\/\"},{\"@type\":\"ListItem\",\"position\":2,\"name\":\"Eph\u00e9m\u00e9rides: 17 f\u00e9vrier\"}]},{\"@type\":\"WebSite\",\"@id\":\"http:\/\/vincentians.com\/fr\/#website\",\"url\":\"http:\/\/vincentians.com\/fr\/\",\"name\":\"Nous Sommes Vincentiens\",\"description\":\"Know more to serve more\",\"potentialAction\":[{\"@type\":\"SearchAction\",\"target\":{\"@type\":\"EntryPoint\",\"urlTemplate\":\"http:\/\/vincentians.com\/fr\/?s={search_term_string}\"},\"query-input\":{\"@type\":\"PropertyValueSpecification\",\"valueRequired\":true,\"valueName\":\"search_term_string\"}}],\"inLanguage\":\"fr-FR\"},{\"@type\":\"Person\",\"@id\":\"http:\/\/vincentians.com\/fr\/#\/schema\/person\/9623ef4d9aa3b2dfb8c061f1499288f2\",\"name\":\"Francisco Javier Fern\u00e1ndez Chento\",\"image\":{\"@type\":\"ImageObject\",\"inLanguage\":\"fr-FR\",\"@id\":\"http:\/\/vincentians.com\/fr\/#\/schema\/person\/image\/\",\"url\":\"https:\/\/secure.gravatar.com\/avatar\/497d5cde87b4c3d097d0315953521681ba2cd523ee66e5077c3711f7021e65de?s=96&d=mm&r=g\",\"contentUrl\":\"https:\/\/secure.gravatar.com\/avatar\/497d5cde87b4c3d097d0315953521681ba2cd523ee66e5077c3711f7021e65de?s=96&d=mm&r=g\",\"caption\":\"Francisco Javier Fern\u00e1ndez Chento\"},\"description\":\"Director General y cofundador de La Red de Formaci\u00f3n Vicenciana. Javier es laico vicenciano, afiliado a la Congregaci\u00f3n de la Misi\u00f3n y miembro del Equipo de Misiones Populares de la provincia can\u00f3nica de Zaragoza (Espa\u00f1a) de la Congregaci\u00f3n de la Misi\u00f3n. Graduado en la Universidad Oberta de Catalunya con cuatro grados (Asistente de direcci\u00f3n, Gesti\u00f3n Administrativa, Recursos Humanos y Contabilidad Avanzada). Bil\u00edng\u00fce Espa\u00f1ol\/Ingl\u00e9s. gestiona y mantiene varias p\u00e1ginas web cristianas y vicencianas, incluida including La Red de Formaci\u00f3n Vicenciana, de la que es cofundador. Actualmente es responsable del \u00e1rea de Espa\u00f1ol de .famvin, la Red de Noticias de la Familia Vicenciana. Tambi\u00e9n es m\u00fasico cat\u00f3lico y ha editado varios discos. Es Director General y cofundador de Trovador, una reconocida compa\u00f1\u00eda discogr\u00e1fica critiana de Espa\u00f1a. Trabaja en las Tecnolog\u00edas de la Informaci\u00f3n, ofreciendo servicios de alojamiento, dise\u00f1o y mantenimiento Web, as\u00ed como asesoramiento, formaci\u00f3n y soluciones inform\u00e1ticas, gesti\u00f3n documental y digitalizaci\u00f3n de textos, edici\u00f3n y maquetaci\u00f3n de libros, revistas, flyers, etc.\",\"sameAs\":[\"http:\/\/chento.org\",\"https:\/\/www.facebook.com\/JavierChento\",\"https:\/\/x.com\/https:\/\/twitter.com\/javierchento\"],\"url\":\"http:\/\/vincentians.com\/fr\/author\/chento\/\"}]}<\/script>\n<!-- \/ Yoast SEO plugin. -->","yoast_head_json":{"title":"Eph\u00e9m\u00e9rides: 17 f\u00e9vrier - Nous Sommes Vincentiens","robots":{"index":"index","follow":"follow","max-snippet":"max-snippet:-1","max-image-preview":"max-image-preview:large","max-video-preview":"max-video-preview:-1"},"canonical":"http:\/\/vincentians.com\/fr\/ephemerides-17-fevrier\/","og_locale":"fr_FR","og_type":"article","og_title":"Eph\u00e9m\u00e9rides: 17 f\u00e9vrier - Nous Sommes Vincentiens","og_description":"En 1652, de terribles inondations avaient ravag\u00e9 la France. Sainte Louise d&rsquo;en \u00e9crire \u00e0 Soeur C\u00e9cile Angiboust \u00e0 Angers : \u00ab\u00a0La lecture de toutes les afflictions et pertes qui sont arriv\u00e9es \u00e0 Angers m&rsquo;a \u00e9t\u00e9 ... Read More","og_url":"http:\/\/vincentians.com\/fr\/ephemerides-17-fevrier\/","og_site_name":"Nous Sommes Vincentiens","article_publisher":"https:\/\/www.facebook.com\/WeAreVincentians\/","article_author":"https:\/\/www.facebook.com\/JavierChento","article_published_time":"2017-02-16T23:01:17+00:00","og_image":[{"width":1200,"height":630,"url":"https:\/\/i0.wp.com\/vincentians.com\/fr\/wp-content\/uploads\/sites\/10\/2016\/07\/ephemerides-fb.jpg?fit=1200%2C630","type":"image\/jpeg"}],"author":"Francisco Javier Fern\u00e1ndez Chento","twitter_card":"summary_large_image","twitter_creator":"@https:\/\/twitter.com\/javierchento","twitter_site":"@WeVincentians","twitter_misc":{"\u00c9crit par":"Francisco Javier Fern\u00e1ndez Chento","Dur\u00e9e de lecture estim\u00e9e":"3 minutes"},"schema":{"@context":"https:\/\/schema.org","@graph":[{"@type":"WebPage","@id":"http:\/\/vincentians.com\/fr\/ephemerides-17-fevrier\/","url":"http:\/\/vincentians.com\/fr\/ephemerides-17-fevrier\/","name":"Eph\u00e9m\u00e9rides: 17 f\u00e9vrier - Nous Sommes Vincentiens","isPartOf":{"@id":"http:\/\/vincentians.com\/fr\/#website"},"primaryImageOfPage":{"@id":"http:\/\/vincentians.com\/fr\/ephemerides-17-fevrier\/#primaryimage"},"image":{"@id":"http:\/\/vincentians.com\/fr\/ephemerides-17-fevrier\/#primaryimage"},"thumbnailUrl":"https:\/\/i0.wp.com\/vincentians.com\/fr\/wp-content\/uploads\/sites\/10\/2016\/07\/ephemerides-fb.jpg?fit=1200%2C630","datePublished":"2017-02-16T23:01:17+00:00","author":{"@id":"http:\/\/vincentians.com\/fr\/#\/schema\/person\/9623ef4d9aa3b2dfb8c061f1499288f2"},"breadcrumb":{"@id":"http:\/\/vincentians.com\/fr\/ephemerides-17-fevrier\/#breadcrumb"},"inLanguage":"fr-FR","potentialAction":[{"@type":"ReadAction","target":["http:\/\/vincentians.com\/fr\/ephemerides-17-fevrier\/"]}]},{"@type":"ImageObject","inLanguage":"fr-FR","@id":"http:\/\/vincentians.com\/fr\/ephemerides-17-fevrier\/#primaryimage","url":"https:\/\/i0.wp.com\/vincentians.com\/fr\/wp-content\/uploads\/sites\/10\/2016\/07\/ephemerides-fb.jpg?fit=1200%2C630","contentUrl":"https:\/\/i0.wp.com\/vincentians.com\/fr\/wp-content\/uploads\/sites\/10\/2016\/07\/ephemerides-fb.jpg?fit=1200%2C630","width":1200,"height":630},{"@type":"BreadcrumbList","@id":"http:\/\/vincentians.com\/fr\/ephemerides-17-fevrier\/#breadcrumb","itemListElement":[{"@type":"ListItem","position":1,"name":"Portada","item":"http:\/\/vincentians.com\/fr\/"},{"@type":"ListItem","position":2,"name":"Eph\u00e9m\u00e9rides: 17 f\u00e9vrier"}]},{"@type":"WebSite","@id":"http:\/\/vincentians.com\/fr\/#website","url":"http:\/\/vincentians.com\/fr\/","name":"Nous Sommes Vincentiens","description":"Know more to serve more","potentialAction":[{"@type":"SearchAction","target":{"@type":"EntryPoint","urlTemplate":"http:\/\/vincentians.com\/fr\/?s={search_term_string}"},"query-input":{"@type":"PropertyValueSpecification","valueRequired":true,"valueName":"search_term_string"}}],"inLanguage":"fr-FR"},{"@type":"Person","@id":"http:\/\/vincentians.com\/fr\/#\/schema\/person\/9623ef4d9aa3b2dfb8c061f1499288f2","name":"Francisco Javier Fern\u00e1ndez Chento","image":{"@type":"ImageObject","inLanguage":"fr-FR","@id":"http:\/\/vincentians.com\/fr\/#\/schema\/person\/image\/","url":"https:\/\/secure.gravatar.com\/avatar\/497d5cde87b4c3d097d0315953521681ba2cd523ee66e5077c3711f7021e65de?s=96&d=mm&r=g","contentUrl":"https:\/\/secure.gravatar.com\/avatar\/497d5cde87b4c3d097d0315953521681ba2cd523ee66e5077c3711f7021e65de?s=96&d=mm&r=g","caption":"Francisco Javier Fern\u00e1ndez Chento"},"description":"Director General y cofundador de La Red de Formaci\u00f3n Vicenciana. Javier es laico vicenciano, afiliado a la Congregaci\u00f3n de la Misi\u00f3n y miembro del Equipo de Misiones Populares de la provincia can\u00f3nica de Zaragoza (Espa\u00f1a) de la Congregaci\u00f3n de la Misi\u00f3n. Graduado en la Universidad Oberta de Catalunya con cuatro grados (Asistente de direcci\u00f3n, Gesti\u00f3n Administrativa, Recursos Humanos y Contabilidad Avanzada). Bil\u00edng\u00fce Espa\u00f1ol\/Ingl\u00e9s. gestiona y mantiene varias p\u00e1ginas web cristianas y vicencianas, incluida including La Red de Formaci\u00f3n Vicenciana, de la que es cofundador. Actualmente es responsable del \u00e1rea de Espa\u00f1ol de .famvin, la Red de Noticias de la Familia Vicenciana. Tambi\u00e9n es m\u00fasico cat\u00f3lico y ha editado varios discos. Es Director General y cofundador de Trovador, una reconocida compa\u00f1\u00eda discogr\u00e1fica critiana de Espa\u00f1a. Trabaja en las Tecnolog\u00edas de la Informaci\u00f3n, ofreciendo servicios de alojamiento, dise\u00f1o y mantenimiento Web, as\u00ed como asesoramiento, formaci\u00f3n y soluciones inform\u00e1ticas, gesti\u00f3n documental y digitalizaci\u00f3n de textos, edici\u00f3n y maquetaci\u00f3n de libros, revistas, flyers, etc.","sameAs":["http:\/\/chento.org","https:\/\/www.facebook.com\/JavierChento","https:\/\/x.com\/https:\/\/twitter.com\/javierchento"],"url":"http:\/\/vincentians.com\/fr\/author\/chento\/"}]}},"jetpack_publicize_connections":[],"jetpack_featured_media_url":"https:\/\/i0.wp.com\/vincentians.com\/fr\/wp-content\/uploads\/sites\/10\/2016\/07\/ephemerides-fb.jpg?fit=1200%2C630","jetpack_sharing_enabled":true,"jetpack_shortlink":"https:\/\/wp.me\/p7ETMP-sbp","jetpack-related-posts":[{"id":104526,"url":"http:\/\/vincentians.com\/fr\/louise-de-marillac-lettre-0019-a-monsieur-labbe-de-vaux\/","url_meta":{"origin":108339,"position":0},"title":"Louise de Marillac, Lettre 0019: \u00e0 Monsieur l&rsquo;abb\u00e9 de Vaux","author":"Francisco Javier Fern\u00e1ndez Chento","date":"06\/12\/2016","format":false,"excerpt":"\u00e0 Angers Ce 3 mai 1640. Monsieur, Nous avons grand sujet de louer Dieu qui adoucit ainsi par sa mis\u00e9ricorde les coups de fouet que sa justice nous fait ressentir. Voil\u00e0 notre S\u0153ur Genevi\u00e8ve mieux: que j'aurais \u00e9t\u00e9 en peine si vous vous \u00e9tiez expos\u00e9 davantage ! Je vous supplie\u2026","rel":"","context":"Dans &quot;\u00c9crits de Louise de Marillac&quot;","block_context":{"text":"\u00c9crits de Louise de Marillac","link":"http:\/\/vincentians.com\/fr\/category\/ecrits-de-louise-de-marillac\/"},"img":{"alt_text":"","src":"https:\/\/i0.wp.com\/vincentians.com\/fr\/wp-content\/uploads\/sites\/10\/2016\/07\/cartas-luisa-de-marillac.jpg?fit=1200%2C630&resize=350%2C200","width":350,"height":200,"srcset":"https:\/\/i0.wp.com\/vincentians.com\/fr\/wp-content\/uploads\/sites\/10\/2016\/07\/cartas-luisa-de-marillac.jpg?fit=1200%2C630&resize=350%2C200 1x, https:\/\/i0.wp.com\/vincentians.com\/fr\/wp-content\/uploads\/sites\/10\/2016\/07\/cartas-luisa-de-marillac.jpg?fit=1200%2C630&resize=525%2C300 1.5x, https:\/\/i0.wp.com\/vincentians.com\/fr\/wp-content\/uploads\/sites\/10\/2016\/07\/cartas-luisa-de-marillac.jpg?fit=1200%2C630&resize=700%2C400 2x, https:\/\/i0.wp.com\/vincentians.com\/fr\/wp-content\/uploads\/sites\/10\/2016\/07\/cartas-luisa-de-marillac.jpg?fit=1200%2C630&resize=1050%2C600 3x"},"classes":[]},{"id":106453,"url":"http:\/\/vincentians.com\/fr\/ephemerides-23-mai\/","url_meta":{"origin":108339,"position":1},"title":"Eph\u00e9m\u00e9rides: 23 mai","author":"Francisco Javier Fern\u00e1ndez Chento","date":"23\/05\/2017","format":false,"excerpt":"En 1615, \u00e0 Paris, Monsieur Vincent constitue Jean Morin son procureur pour prendre possession d'un canonicat \u00e0 Ecouis. C'est M. de Gondi, chez qui il est pr\u00e9cepteur depuis 1613, qui lui a fait obtenir cette charge de tr\u00e9sorier et de chanoine du chapitre coll\u00e9gial. Ecouis, qui d\u00e9pendait alors de Rouen,\u2026","rel":"","context":"Dans &quot;\u00c9ph\u00e9m\u00e9rides vincentiens&quot;","block_context":{"text":"\u00c9ph\u00e9m\u00e9rides vincentiens","link":"http:\/\/vincentians.com\/fr\/category\/ephemerides-vincentiens\/"},"img":{"alt_text":"","src":"https:\/\/i0.wp.com\/vincentians.com\/fr\/wp-content\/uploads\/sites\/10\/2016\/07\/ephemerides-fb.jpg?fit=1200%2C630&resize=350%2C200","width":350,"height":200,"srcset":"https:\/\/i0.wp.com\/vincentians.com\/fr\/wp-content\/uploads\/sites\/10\/2016\/07\/ephemerides-fb.jpg?fit=1200%2C630&resize=350%2C200 1x, https:\/\/i0.wp.com\/vincentians.com\/fr\/wp-content\/uploads\/sites\/10\/2016\/07\/ephemerides-fb.jpg?fit=1200%2C630&resize=525%2C300 1.5x, https:\/\/i0.wp.com\/vincentians.com\/fr\/wp-content\/uploads\/sites\/10\/2016\/07\/ephemerides-fb.jpg?fit=1200%2C630&resize=700%2C400 2x, https:\/\/i0.wp.com\/vincentians.com\/fr\/wp-content\/uploads\/sites\/10\/2016\/07\/ephemerides-fb.jpg?fit=1200%2C630&resize=1050%2C600 3x"},"classes":[]},{"id":107798,"url":"http:\/\/vincentians.com\/fr\/ephemerides-29-janvier\/","url_meta":{"origin":108339,"position":2},"title":"Eph\u00e9m\u00e9rides: 29 janvier","author":"Francisco Javier Fern\u00e1ndez Chento","date":"29\/01\/2017","format":false,"excerpt":"En 1666, pour la premi\u00e8re fois, l'Eglise c\u00e9l\u00e8bre la f\u00eate de saint Fran\u00e7ois de Sales, canonis\u00e9 l'ann\u00e9e pr\u00e9c\u00e9dente. La v\u00e9n\u00e9ration de saint Vincent pour l'\u00e9v\u00eaque de Gen\u00e8ve \u00e9tait telle que, quand il parlait de lui, il l'appelait toujours \u00ab n otre bienheureux P\u00e8re \u00bb. C'est au mois de d\u00e9cembre 1618\u2026","rel":"","context":"Dans &quot;\u00c9ph\u00e9m\u00e9rides vincentiens&quot;","block_context":{"text":"\u00c9ph\u00e9m\u00e9rides vincentiens","link":"http:\/\/vincentians.com\/fr\/category\/ephemerides-vincentiens\/"},"img":{"alt_text":"","src":"https:\/\/i0.wp.com\/vincentians.com\/fr\/wp-content\/uploads\/sites\/10\/2016\/07\/ephemerides-fb.jpg?fit=1200%2C630&resize=350%2C200","width":350,"height":200,"srcset":"https:\/\/i0.wp.com\/vincentians.com\/fr\/wp-content\/uploads\/sites\/10\/2016\/07\/ephemerides-fb.jpg?fit=1200%2C630&resize=350%2C200 1x, https:\/\/i0.wp.com\/vincentians.com\/fr\/wp-content\/uploads\/sites\/10\/2016\/07\/ephemerides-fb.jpg?fit=1200%2C630&resize=525%2C300 1.5x, https:\/\/i0.wp.com\/vincentians.com\/fr\/wp-content\/uploads\/sites\/10\/2016\/07\/ephemerides-fb.jpg?fit=1200%2C630&resize=700%2C400 2x, https:\/\/i0.wp.com\/vincentians.com\/fr\/wp-content\/uploads\/sites\/10\/2016\/07\/ephemerides-fb.jpg?fit=1200%2C630&resize=1050%2C600 3x"},"classes":[]},{"id":108324,"url":"http:\/\/vincentians.com\/fr\/ephemerides-1-fevrier\/","url_meta":{"origin":108339,"position":3},"title":"Eph\u00e9m\u00e9rides: 1 f\u00e9vrier","author":"Francisco Javier Fern\u00e1ndez Chento","date":"01\/02\/2017","format":false,"excerpt":"En 1640, \u00e0 Angers , est sign\u00e9 l'acte d'introduction des Filles de la Charit\u00e9 \u00e0 l'h\u00f4pital Saint-Jean. Saint Vincent tenait beaucoup \u00e0 cet \u00e9tablissement. Il y avait \u00e9t\u00e9 amen\u00e9 par la pr\u00e9sidente Goussault, tr\u00e8s \u00e9mue elle-m\u00eame de l'abandon dans lequel infirmi\u00e8res et aum\u00f4niers laissaient les malades de cet antique h\u00f4pital.\u2026","rel":"","context":"Dans &quot;\u00c9ph\u00e9m\u00e9rides vincentiens&quot;","block_context":{"text":"\u00c9ph\u00e9m\u00e9rides vincentiens","link":"http:\/\/vincentians.com\/fr\/category\/ephemerides-vincentiens\/"},"img":{"alt_text":"","src":"https:\/\/i0.wp.com\/vincentians.com\/fr\/wp-content\/uploads\/sites\/10\/2016\/07\/ephemerides-fb.jpg?fit=1200%2C630&resize=350%2C200","width":350,"height":200,"srcset":"https:\/\/i0.wp.com\/vincentians.com\/fr\/wp-content\/uploads\/sites\/10\/2016\/07\/ephemerides-fb.jpg?fit=1200%2C630&resize=350%2C200 1x, https:\/\/i0.wp.com\/vincentians.com\/fr\/wp-content\/uploads\/sites\/10\/2016\/07\/ephemerides-fb.jpg?fit=1200%2C630&resize=525%2C300 1.5x, https:\/\/i0.wp.com\/vincentians.com\/fr\/wp-content\/uploads\/sites\/10\/2016\/07\/ephemerides-fb.jpg?fit=1200%2C630&resize=700%2C400 2x, https:\/\/i0.wp.com\/vincentians.com\/fr\/wp-content\/uploads\/sites\/10\/2016\/07\/ephemerides-fb.jpg?fit=1200%2C630&resize=1050%2C600 3x"},"classes":[]},{"id":190396,"url":"http:\/\/vincentians.com\/fr\/ephemerides-17-avril\/","url_meta":{"origin":108339,"position":4},"title":"Eph\u00e9m\u00e9rides : 17 avril","author":"Francisco Javier Fern\u00e1ndez Chento","date":"17\/04\/2017","format":false,"excerpt":"1625. \u00c0 Paris , l'apr\u00e8s-midi de ce jour et dans leur h\u00f4tel de la rue Pav\u00e9e, sur la paroisse Saint-Sauveur, M. et Mme de Gondy signent, par-devant notaires, le contrat de fondation de la Congr\u00e9gation de la Mission (1). 1628. \u00c0 Paris , devant le tribunal dioc\u00e9sain, Monsieur Vincent, fait\u2026","rel":"","context":"Dans &quot;\u00c9ph\u00e9m\u00e9rides vincentiens&quot;","block_context":{"text":"\u00c9ph\u00e9m\u00e9rides vincentiens","link":"http:\/\/vincentians.com\/fr\/category\/ephemerides-vincentiens\/"},"img":{"alt_text":"","src":"https:\/\/i0.wp.com\/vincentians.com\/fr\/wp-content\/uploads\/sites\/10\/2016\/07\/ephemerides-fb.jpg?fit=1200%2C630&resize=350%2C200","width":350,"height":200,"srcset":"https:\/\/i0.wp.com\/vincentians.com\/fr\/wp-content\/uploads\/sites\/10\/2016\/07\/ephemerides-fb.jpg?fit=1200%2C630&resize=350%2C200 1x, https:\/\/i0.wp.com\/vincentians.com\/fr\/wp-content\/uploads\/sites\/10\/2016\/07\/ephemerides-fb.jpg?fit=1200%2C630&resize=525%2C300 1.5x, https:\/\/i0.wp.com\/vincentians.com\/fr\/wp-content\/uploads\/sites\/10\/2016\/07\/ephemerides-fb.jpg?fit=1200%2C630&resize=700%2C400 2x, https:\/\/i0.wp.com\/vincentians.com\/fr\/wp-content\/uploads\/sites\/10\/2016\/07\/ephemerides-fb.jpg?fit=1200%2C630&resize=1050%2C600 3x"},"classes":[]},{"id":38477,"url":"http:\/\/vincentians.com\/fr\/le-directeur-provincial-animateur-des-filles-de-la-charite\/","url_meta":{"origin":108339,"position":5},"title":"Le Directeur Provincial \u201canimateur\u201d des Filles de la Charit\u00e9","author":"Francisco Javier Fern\u00e1ndez Chento","date":"03\/10\/2012","format":false,"excerpt":"Dans les Constitutions des Filles de la Charit\u00e9, nous trouvons \u00e0 l\u2019article 3.38: le Directeur Provincial est un pr\u00eatre de la Congr\u00e9gation de la Mission, nomm\u00e9 par le Sup\u00e9rieur G\u00e9n\u00e9ral; \u201cil partage avec la Visitatrice et son Conseil la responsabilit\u00e9 de promouvoir l\u2019esprit vincentien dans la Province\u201d Missionnaire, le directeur\u2026","rel":"","context":"Dans &quot;Congr\u00e9gation de la Mission&quot;","block_context":{"text":"Congr\u00e9gation de la Mission","link":"http:\/\/vincentians.com\/fr\/category\/congregation-de-la-mission\/"},"img":{"alt_text":"","src":"https:\/\/i0.wp.com\/vincentiens.org\/wp-content\/uploads\/2011\/05\/filles_charite-228x300.jpg?resize=350%2C200","width":350,"height":200},"classes":[]}],"_links":{"self":[{"href":"http:\/\/vincentians.com\/fr\/wp-json\/wp\/v2\/posts\/108339","targetHints":{"allow":["GET"]}}],"collection":[{"href":"http:\/\/vincentians.com\/fr\/wp-json\/wp\/v2\/posts"}],"about":[{"href":"http:\/\/vincentians.com\/fr\/wp-json\/wp\/v2\/types\/post"}],"author":[{"embeddable":true,"href":"http:\/\/vincentians.com\/fr\/wp-json\/wp\/v2\/users\/4"}],"replies":[{"embeddable":true,"href":"http:\/\/vincentians.com\/fr\/wp-json\/wp\/v2\/comments?post=108339"}],"version-history":[{"count":0,"href":"http:\/\/vincentians.com\/fr\/wp-json\/wp\/v2\/posts\/108339\/revisions"}],"wp:featuredmedia":[{"embeddable":true,"href":"http:\/\/vincentians.com\/fr\/wp-json\/wp\/v2\/media\/149897"}],"wp:attachment":[{"href":"http:\/\/vincentians.com\/fr\/wp-json\/wp\/v2\/media?parent=108339"}],"wp:term":[{"taxonomy":"category","embeddable":true,"href":"http:\/\/vincentians.com\/fr\/wp-json\/wp\/v2\/categories?post=108339"},{"taxonomy":"post_tag","embeddable":true,"href":"http:\/\/vincentians.com\/fr\/wp-json\/wp\/v2\/tags?post=108339"}],"curies":[{"name":"wp","href":"https:\/\/api.w.org\/{rel}","templated":true}]}}