{"id":108208,"date":"2015-01-09T07:18:22","date_gmt":"2015-01-09T06:18:22","guid":{"rendered":"http:\/\/vincentiens.org\/?p=108208"},"modified":"2015-01-09T07:18:22","modified_gmt":"2015-01-09T06:18:22","slug":"histoire-generale-de-la-congregation-de-la-mission-63","status":"publish","type":"post","link":"http:\/\/vincentians.com\/fr\/histoire-generale-de-la-congregation-de-la-mission-63\/","title":{"rendered":"Histoire g\u00e9n\u00e9rale de la Congr\u00e9gation de la Mission (63)"},"content":{"rendered":"<h2><strong>LXIII. Mort de Mr. Watel. <\/strong><strong>M. Bonnet g\u00e9n\u00e9ral<\/strong><\/h2>\n<p><a href=\"https:\/\/i0.wp.com\/vincentiens.org\/wp-content\/uploads\/2012\/12\/logocm.png\"><img data-recalc-dims=\"1\" loading=\"lazy\" decoding=\"async\" class=\"alignright size-medium wp-image-104093\" src=\"https:\/\/i0.wp.com\/vincentiens.org\/wp-content\/uploads\/2012\/12\/logocm-245x300.png?resize=245%2C300\" alt=\"logocm\" width=\"245\" height=\"300\" \/><\/a>Il ne manqua pas de maladies en France. La guerre d\u00e9solait ce royaume depuis plusieurs ann\u00e9es, et cette couronne avait eu du dessous. En quelques occasions remarquables, une esp\u00e8ce de famine suivit encore le rude hiver qui se fit sentir en 1709 par trois diff\u00e9rentes reprises, ayant fait p\u00e9rir une bonne partie de grainsen terre, et toutes les provinces de France eurent \u00e0 souffrir de terribles extr\u00e9mit\u00e9s. On voit se suivre de pr\u00e8s des fi\u00e8vres tr\u00e8s malignes qui firent mourir une partie des meilleurs sujets de la Congr\u00e9gation, et des plus robustes.<\/p>\n<p>La maison de St.-Lazare n\u2019en fut pas exempte ; la fi\u00e8vre avait d\u00e9j\u00e0 enlev\u00e9 du monde au mois d\u2019ao\u00fbt 1708, M. Gabriel Bessi\u00e8re, second assistant du g\u00e9n\u00e9ral et son Admoniteur, lequel conduisait la Communaut\u00e9 avec b\u00e9n\u00e9diction, \u00e9tant aim\u00e9 et en m\u00eame temps craint de la jeunesse. C\u2019\u00e9tait un merveilleux soulagement pour M. Watel, qui sentit vivement cette perte, et en parla ainsi en l\u2019annon\u00e7ant \u00e0 la Congr\u00e9gation : La Compagnie vient de faire une perte consid\u00e9rable, en la personne de M. Bessi\u00e8re, et j\u2019y perds en particulier plus que je ne puis vous dire, de bon conseil, de secours et de consolation.<\/p>\n<p>Trois ans auparavant M. Watel lui avait fait faire la visite \u00e0 Lyon, tout comme il avait envoy\u00e9 M. Bonnet au Mans, visiter la maison de M. Himbert, visiteur de la province de Poitou. Je vous recommande, continue-t-il, l\u2019\u00e2me de ce cher d\u00e9funt et aussi de prier Dieu qu\u2019il nous \u00e9claire pour choisir un sujet agr\u00e9able \u00e0 ses yeux, capable de remplir sa place et de continuer dans la Compagnie les bons services qu\u2019il lui a rendus. Le g\u00e9n\u00e9ral jeta les yeux sur M. Ch\u00e8vremont, charg\u00e9 pour lors du soin des Filles de la Charit\u00e9 \u00e0 Paris, qui avait \u00e9t\u00e9 ci-devant visiteur dans les trois provinces de Poitou, de Champagne et de Guyenne, de quoi il donna avis \u00e0 la Congr\u00e9gation selon la coutume.<\/p>\n<p>La Congr\u00e9gation perdit aussi un de ses meilleurs amis, et M. Watel en \u00e9crivit aux maisons : Messire Claude-Charles de Rochechouart, abb\u00e9 de Moutier-Saint-Jean, avait affectionn\u00e9 la Compagnie d\u00e8s le temps de M. Vincent, avec M. l\u2019abb\u00e9 de Tournus son fr\u00e8re, et comme on a rapport\u00e9 dans la Vie de M. Vincent, on a cru devoir parler en cet ouvrage du d\u00e9c\u00e8s de son tr\u00e8s digne fr\u00e8re, arriv\u00e9 au printemps de 1710. Nousvenons, dit M. Watel, d\u2019apprendre avec beaucoup de douleur, la mort de M. l\u2019abb\u00e9 de Moutier-St.-Jean, un des meilleurs et des plus fid\u00e8les amis de M. Vincent et de toute notre Congr\u00e9gation, qu\u2019il a honor\u00e9e de son amiti\u00e9 et beaucoup \u00e9difi\u00e9e toutes les fois qu\u2019il nous a fait l\u2019honneur de demeurer parmi nous, selon le privil\u00e8ge tout particulier que N[otre] v\u00e9n[\u00e9rable] P\u00e8re lui avait accord\u00e9, aussi bien qu\u2019\u00e0 M. l\u2019abb\u00e9 de Tournus, son fr\u00e8re. Il est mort comme il a v\u00e9cu, c\u2019est-\u00e0-dire tr\u00e8s saintement, dans la pratique des vertus chr\u00e9tiennes. Je vous prie de lui rendre autant que vous pourrez les m\u00eames suffrages qu\u2019on rend aux d\u00e9funts de notre Congr\u00e9gation, quoi qu\u2019il n\u2019en ait \u00e9t\u00e9 que de c\u0153ur et d\u2019affection, et par toutes les marques et les bons effets d\u2019une bienveillance toute paternelle.<\/p>\n<p>M. Watel donnait l\u2019esp\u00e9rance d\u2019une longue vie, et la Congr\u00e9gation esp\u00e9rait que Dieu l\u2019aurait conserv\u00e9 plus longtempssur la terre. Mais la fi\u00e8vre maligne jointe \u00e0 la l\u00e9thargie le fit mourir en tr\u00e8s peu de jours, dans le temps qu\u2019il avait commenc\u00e9 sa retraite, incontinent apr\u00e8s l\u2019ordination du mois de 7bre. Il en fit, les premiers jours, les fonctions avec beaucoup de ferveur, et, le 4e, apr\u00e8s avoir fait la m\u00e9ditation du Paradis, \u00e9tant \u00e0 l\u2019examen particulier, il se vit saisi d\u2019un frisson qui l\u2019obligea \u00e0 se mettre au lit. Bient\u00f4t il fut attaqu\u00e9 d\u2019une l\u00e9thargie dont on ne put le faire revenir, et il mourut le second jour d\u2019octobre 1710. Incontinent apr\u00e8s son tr\u00e9pas, on alla ouvrir la cassette, pour savoir qui il avait nomm\u00e9 pour gouverner la Congr\u00e9gation durant la vacance, et on trouva qu\u2019il avait choisi pour cela M. Bonnet, son 3\u00e8me assistant d\u00e8s sa premi\u00e8re retraite apr\u00e8s son \u00e9l\u00e9vation au g\u00e9n\u00e9ralat, quoique celui-ci fut encore assez jeune et le moins \u00e2g\u00e9 de tous ceux qui \u00e9taient dans cet emploi.<\/p>\n<p>Aussit\u00f4t apr\u00e8s le Vicaire g\u00e9n\u00e9ralinforma les maisons de la Compagnie de cette triste mort demandant \u00e0 l\u2019ordinaire le secours des pri\u00e8res pour remplir bien sa charge et obtenir de Dieu les gr\u00e2ces n\u00e9cessaires pour l\u2019\u00e9lection future. L\u2019hiver \u00e9tait trop proche pour indiquer l\u2019assembl\u00e9e g\u00e9n\u00e9rale avant le printemps suivant, et d\u2019ailleurs il aurait fallu interrompre dans les maisons la plupart des fonctions pour tenir les assembl\u00e9es domestiques et provinciales ; il la fixa au commencement de mai, vers la f\u00eate de l\u2019Ascension. Les assembl\u00e9es furent convoqu\u00e9es dans les provinces. Les passages d\u2019Italie \u00e9tant encore bouch\u00e9s \u00e0 raison des guerres qui continuaient. M. Figari, qui avait quitt\u00e9 la sup\u00e9riorit\u00e9 de Rome pour venir conduire la maison de G\u00eanes, sa patrie, et \u00e9tait l\u00e0, vice-visiteur, tint son assembl\u00e9e provinciale, et vint par mer \u00e0 Paris, avec le sup\u00e9rieur de Turin et un autre missionnaire de cette derni\u00e8re maison ; mais personne ne se mit en chemin de la province Romaine. Les Polonais avaient \u00e0 leur t\u00eate M. Kownacki<span id='easy-footnote-1-108208' class='easy-footnote-margin-adjust'><\/span><span class='easy-footnote'><a href='http:\/\/vincentians.com\/fr\/histoire-generale-de-la-congregation-de-la-mission-63\/#easy-footnote-bottom-1-108208' title='Michel Kownacki, 1660-1714.'><sup>1<\/sup><\/a><\/span><a href=\"#_ftn1\" name=\"_ftnref1\"><\/a>, successeur de M. Tarlo, dans l\u2019office de visiteur de Pologne, vint avec beaucoup de peine avec ses d\u00e9put\u00e9s. Et n\u2019\u00e9tant pas arriv\u00e9s assez t\u00f4t, il fallut diff\u00e9rer de quelques jours l\u2019assembl\u00e9e g\u00e9n\u00e9rale. Les visiteurs et D\u00e9put\u00e9s des six provinces de France, s\u2019y trouv\u00e8rent. Et dans la s\u00e9ance destin\u00e9e pour l\u2019\u00e9lection du g\u00e9n\u00e9ral, M. Jean Bonnet fut \u00e9lu d\u00e8s le premier scrutin avant 9 heures du matin ; toute la maison de St.-Lazare en t\u00e9moigna une grande joie. Quelques particuliers \u00e9taient venus dans cette maison, et m\u00eame sans ordre, des provinces \u00e9loign\u00e9es, dans l\u2019esp\u00e9rance de pouvoir transf\u00e9rer celle \u00e9lection, mais ils ne purent y r\u00e9ussir. L\u2019assembl\u00e9e lui donna \u00e0 l\u2019ordinaire trois assistants fran\u00e7ais, savoir, M. Maurice Faure, qui l\u2019avait d\u00e9j\u00e0 \u00e9t\u00e9 de M. Pierron et qui fut aussi nomm\u00e9 admoniteur de M. Bonnet ; M. Pierre Himbert et M. Jean Couty. M. Figari fut choisi comme assistant italien ; mais il obtint de repasser en Italie, pour mettre ordre \u00e0 quelques affaires, et il vint ensuite en France. Cette \u00e9lection se fit le 11 de mai 1711.<\/p>\n<p>Le nouveau g\u00e9n\u00e9ral \u00e9tait n\u00e9 \u00e0 Fontainebleau, au mois d\u2019avril 1664 ; ainsi il n\u2019avait alors que 47 ans. Il entra assez jeune dans la Congr\u00e9gation, et, apr\u00e8s les ann\u00e9es d\u2019\u00e9tudes, il enseigna \u00e0 St.-Lazare, puis dans le S\u00e9minaire de Ch\u00e2lons en Champagne, d\u2019o\u00f9 M. Jolly le tira pour le faire sup\u00e9rieur de la maison d\u2019Auxerre ; n\u2019ayant encore gu\u00e8re que 30 ans. Et quand M. Pierron fut \u00e9lu g\u00e9n\u00e9ral, il crut ne pouvoir donner un meilleur sup\u00e9rieur ayant \u00e0 Mgr l\u2019\u00c9v\u00eaque de Chartres pour conduire en sa place son s\u00e9minaire, que M. Bonnet. Il y contenta fort ce savant pr\u00e9lat, qui prenait un plaisir singulier d\u2019entendre les conf\u00e9rences spirituelles et eccl\u00e9siastiques qu\u2019il faisait aux pr\u00eatres de son dioc\u00e8se. Tout le monde a reconnu en lui un talent excellent pour ces sortes d\u2019entretiens ; il \u00e9tait extr\u00eamement go\u00fbt\u00e9 du cardinal de Noailles quand il parlait dans les retraites nombreuses que Son \u00c9m[inen]ce faisait faire \u00e0 St.-Lazare. Et outre cela il faisait ais\u00e9ment les affaires, sans trop s\u2019en embarrasser, trouvant des exp\u00e9dients \u00e0 tout. Le secr\u00e9tairede l\u2019assembl\u00e9e fut M. Julien Barb\u00e9<span id='easy-footnote-2-108208' class='easy-footnote-margin-adjust'><\/span><span class='easy-footnote'><a href='http:\/\/vincentians.com\/fr\/histoire-generale-de-la-congregation-de-la-mission-63\/#easy-footnote-bottom-2-108208' title='1666-1711.'><sup>2<\/sup><\/a><\/span><a href=\"#_ftn2\" name=\"_ftnref2\"><\/a>, excellent th\u00e9ologien et sup\u00e9rieur du s\u00e9minaire des Bons-Enfants ; et fort estim\u00e9 pour sa capacit\u00e9 de Mgr le cardinal de Noailles. Mais l\u2019assembl\u00e9e eut la douleur de le voir mourir en tr\u00e8s peu de jours, ainsi que le g\u00e9n\u00e9ral en a avertit les maisons de la Compagnie en ces termes. Du 20 mai 1711 : Notre assembl\u00e9e nous a donn\u00e9 beaucoup de consolation, tout s\u2019y \u00e9tant fait avec paix et union. Mais il a plu \u00e0 Dieu de temp\u00e9rer cette joie, toute juste quelle est, par la douleur que nous ressentons de la mort de M. Barb\u00e9, secr\u00e9taire de l\u2019assembl\u00e9e, qui a \u00e9t\u00e9 emport\u00e9 en quatre ou cinq jours, par une pleur\u00e9sie avec rhumatisme sur la poitrine \u00e0 quoi on n\u2019a pu rem\u00e9dier ; c\u2019est une grande perte pour la Compagnie. Il est fort regrett\u00e9 au de dans et au dehors de la maison. Il \u00e9tait singuli\u00e8rement recommandable pour \u00eatre toujours dispos\u00e9 \u00e0 faire plaisir \u00e0 un chacun. Quelques-uns l\u2019ont cru \u00eatre tr\u00e8s attach\u00e9 au Cardinal de Noailles dans les contestations qu\u2019il a eues avec les P\u00e8res J\u00e9suites et on a ditque le P\u00e8re Le Tellier n\u2019aurait pas manqu\u00e9 de le faire sortir de son poste s\u2019il avait v\u00e9cu plus longtemps. On a imprim\u00e9 sous son nom, apr\u00e8s sa mort, deux volumes en douze de pri\u00e8res affectives pour les principales f\u00eates de l\u2019ann\u00e9e.<\/p>\n","protected":false},"excerpt":{"rendered":"<p>LXIII. Mort de Mr. Watel. M. Bonnet g\u00e9n\u00e9ral Il ne manqua pas de maladies en France. La guerre d\u00e9solait ce royaume depuis plusieurs ann\u00e9es, et cette couronne avait eu du dessous. En quelques occasions remarquables, &#8230; <a href=\"http:\/\/vincentians.com\/fr\/histoire-generale-de-la-congregation-de-la-mission-63\/\" class=\"more-link\">Read More<\/a><\/p>\n","protected":false},"author":4,"featured_media":189808,"comment_status":"open","ping_status":"open","sticky":false,"template":"","format":"standard","meta":{"jetpack_post_was_ever_published":false,"_jetpack_newsletter_access":"","_jetpack_dont_email_post_to_subs":false,"_jetpack_newsletter_tier_id":0,"_jetpack_memberships_contains_paywalled_content":false,"_jetpack_memberships_contains_paid_content":false,"footnotes":"","jetpack_publicize_message":"","jetpack_publicize_feature_enabled":true,"jetpack_social_post_already_shared":true,"jetpack_social_options":{"image_generator_settings":{"template":"highway","default_image_id":0,"font":"","enabled":false},"version":2}},"categories":[134],"tags":[],"class_list":["post-108208","post","type-post","status-publish","format-standard","has-post-thumbnail","hentry","category-histoire-de-la-congregation-de-la-mission"],"yoast_head":"<!-- This site is optimized with the Yoast SEO plugin v26.3 - https:\/\/yoast.com\/wordpress\/plugins\/seo\/ -->\n<title>Histoire g\u00e9n\u00e9rale de la Congr\u00e9gation de la Mission (63) - Nous Sommes Vincentiens<\/title>\n<meta name=\"robots\" content=\"index, follow, max-snippet:-1, max-image-preview:large, max-video-preview:-1\" \/>\n<link rel=\"canonical\" href=\"https:\/\/vincentians.com\/fr\/histoire-generale-de-la-congregation-de-la-mission-63\/\" \/>\n<meta property=\"og:locale\" content=\"fr_FR\" \/>\n<meta property=\"og:type\" content=\"article\" \/>\n<meta property=\"og:title\" content=\"Histoire g\u00e9n\u00e9rale de la Congr\u00e9gation de la Mission (63) - Nous Sommes Vincentiens\" \/>\n<meta property=\"og:description\" content=\"LXIII. Mort de Mr. Watel. M. Bonnet g\u00e9n\u00e9ral Il ne manqua pas de maladies en France. La guerre d\u00e9solait ce royaume depuis plusieurs ann\u00e9es, et cette couronne avait eu du dessous. En quelques occasions remarquables, ... Read More\" \/>\n<meta property=\"og:url\" content=\"https:\/\/vincentians.com\/fr\/histoire-generale-de-la-congregation-de-la-mission-63\/\" \/>\n<meta property=\"og:site_name\" content=\"Nous Sommes Vincentiens\" \/>\n<meta property=\"article:publisher\" content=\"https:\/\/www.facebook.com\/WeAreVincentians\/\" \/>\n<meta property=\"article:author\" content=\"https:\/\/www.facebook.com\/JavierChento\" \/>\n<meta property=\"article:published_time\" content=\"2015-01-09T06:18:22+00:00\" \/>\n<meta property=\"og:image\" content=\"https:\/\/i0.wp.com\/vincentians.com\/fr\/wp-content\/uploads\/sites\/10\/2016\/07\/histoire-generale-de-la-congregation-de-la-mission.jpg?fit=1200%2C630&ssl=1\" \/>\n\t<meta property=\"og:image:width\" content=\"1200\" \/>\n\t<meta property=\"og:image:height\" content=\"630\" \/>\n\t<meta property=\"og:image:type\" content=\"image\/jpeg\" \/>\n<meta name=\"author\" content=\"Francisco Javier Fern\u00e1ndez Chento\" \/>\n<meta name=\"twitter:card\" content=\"summary_large_image\" \/>\n<meta name=\"twitter:creator\" content=\"@https:\/\/twitter.com\/javierchento\" \/>\n<meta name=\"twitter:site\" content=\"@WeVincentians\" \/>\n<meta name=\"twitter:label1\" content=\"\u00c9crit par\" \/>\n\t<meta name=\"twitter:data1\" content=\"Francisco Javier Fern\u00e1ndez Chento\" \/>\n\t<meta name=\"twitter:label2\" content=\"Dur\u00e9e de lecture estim\u00e9e\" \/>\n\t<meta name=\"twitter:data2\" content=\"8 minutes\" \/>\n<script type=\"application\/ld+json\" class=\"yoast-schema-graph\">{\"@context\":\"https:\/\/schema.org\",\"@graph\":[{\"@type\":\"WebPage\",\"@id\":\"https:\/\/vincentians.com\/fr\/histoire-generale-de-la-congregation-de-la-mission-63\/\",\"url\":\"https:\/\/vincentians.com\/fr\/histoire-generale-de-la-congregation-de-la-mission-63\/\",\"name\":\"Histoire g\u00e9n\u00e9rale de la Congr\u00e9gation de la Mission (63) - Nous Sommes Vincentiens\",\"isPartOf\":{\"@id\":\"http:\/\/vincentians.com\/fr\/#website\"},\"primaryImageOfPage\":{\"@id\":\"https:\/\/vincentians.com\/fr\/histoire-generale-de-la-congregation-de-la-mission-63\/#primaryimage\"},\"image\":{\"@id\":\"https:\/\/vincentians.com\/fr\/histoire-generale-de-la-congregation-de-la-mission-63\/#primaryimage\"},\"thumbnailUrl\":\"https:\/\/i0.wp.com\/vincentians.com\/fr\/wp-content\/uploads\/sites\/10\/2016\/07\/histoire-generale-de-la-congregation-de-la-mission.jpg?fit=1200%2C630\",\"datePublished\":\"2015-01-09T06:18:22+00:00\",\"author\":{\"@id\":\"http:\/\/vincentians.com\/fr\/#\/schema\/person\/9623ef4d9aa3b2dfb8c061f1499288f2\"},\"breadcrumb\":{\"@id\":\"https:\/\/vincentians.com\/fr\/histoire-generale-de-la-congregation-de-la-mission-63\/#breadcrumb\"},\"inLanguage\":\"fr-FR\",\"potentialAction\":[{\"@type\":\"ReadAction\",\"target\":[\"https:\/\/vincentians.com\/fr\/histoire-generale-de-la-congregation-de-la-mission-63\/\"]}]},{\"@type\":\"ImageObject\",\"inLanguage\":\"fr-FR\",\"@id\":\"https:\/\/vincentians.com\/fr\/histoire-generale-de-la-congregation-de-la-mission-63\/#primaryimage\",\"url\":\"https:\/\/i0.wp.com\/vincentians.com\/fr\/wp-content\/uploads\/sites\/10\/2016\/07\/histoire-generale-de-la-congregation-de-la-mission.jpg?fit=1200%2C630\",\"contentUrl\":\"https:\/\/i0.wp.com\/vincentians.com\/fr\/wp-content\/uploads\/sites\/10\/2016\/07\/histoire-generale-de-la-congregation-de-la-mission.jpg?fit=1200%2C630\",\"width\":1200,\"height\":630},{\"@type\":\"BreadcrumbList\",\"@id\":\"https:\/\/vincentians.com\/fr\/histoire-generale-de-la-congregation-de-la-mission-63\/#breadcrumb\",\"itemListElement\":[{\"@type\":\"ListItem\",\"position\":1,\"name\":\"Portada\",\"item\":\"http:\/\/vincentians.com\/fr\/\"},{\"@type\":\"ListItem\",\"position\":2,\"name\":\"Histoire g\u00e9n\u00e9rale de la Congr\u00e9gation de la Mission (63)\"}]},{\"@type\":\"WebSite\",\"@id\":\"http:\/\/vincentians.com\/fr\/#website\",\"url\":\"http:\/\/vincentians.com\/fr\/\",\"name\":\"Nous Sommes Vincentiens\",\"description\":\"Know more to serve more\",\"potentialAction\":[{\"@type\":\"SearchAction\",\"target\":{\"@type\":\"EntryPoint\",\"urlTemplate\":\"http:\/\/vincentians.com\/fr\/?s={search_term_string}\"},\"query-input\":{\"@type\":\"PropertyValueSpecification\",\"valueRequired\":true,\"valueName\":\"search_term_string\"}}],\"inLanguage\":\"fr-FR\"},{\"@type\":\"Person\",\"@id\":\"http:\/\/vincentians.com\/fr\/#\/schema\/person\/9623ef4d9aa3b2dfb8c061f1499288f2\",\"name\":\"Francisco Javier Fern\u00e1ndez Chento\",\"image\":{\"@type\":\"ImageObject\",\"inLanguage\":\"fr-FR\",\"@id\":\"http:\/\/vincentians.com\/fr\/#\/schema\/person\/image\/\",\"url\":\"https:\/\/secure.gravatar.com\/avatar\/497d5cde87b4c3d097d0315953521681ba2cd523ee66e5077c3711f7021e65de?s=96&d=mm&r=g\",\"contentUrl\":\"https:\/\/secure.gravatar.com\/avatar\/497d5cde87b4c3d097d0315953521681ba2cd523ee66e5077c3711f7021e65de?s=96&d=mm&r=g\",\"caption\":\"Francisco Javier Fern\u00e1ndez Chento\"},\"description\":\"Director General y cofundador de La Red de Formaci\u00f3n Vicenciana. Javier es laico vicenciano, afiliado a la Congregaci\u00f3n de la Misi\u00f3n y miembro del Equipo de Misiones Populares de la provincia can\u00f3nica de Zaragoza (Espa\u00f1a) de la Congregaci\u00f3n de la Misi\u00f3n. Graduado en la Universidad Oberta de Catalunya con cuatro grados (Asistente de direcci\u00f3n, Gesti\u00f3n Administrativa, Recursos Humanos y Contabilidad Avanzada). Bil\u00edng\u00fce Espa\u00f1ol\/Ingl\u00e9s. gestiona y mantiene varias p\u00e1ginas web cristianas y vicencianas, incluida including La Red de Formaci\u00f3n Vicenciana, de la que es cofundador. Actualmente es responsable del \u00e1rea de Espa\u00f1ol de .famvin, la Red de Noticias de la Familia Vicenciana. Tambi\u00e9n es m\u00fasico cat\u00f3lico y ha editado varios discos. Es Director General y cofundador de Trovador, una reconocida compa\u00f1\u00eda discogr\u00e1fica critiana de Espa\u00f1a. Trabaja en las Tecnolog\u00edas de la Informaci\u00f3n, ofreciendo servicios de alojamiento, dise\u00f1o y mantenimiento Web, as\u00ed como asesoramiento, formaci\u00f3n y soluciones inform\u00e1ticas, gesti\u00f3n documental y digitalizaci\u00f3n de textos, edici\u00f3n y maquetaci\u00f3n de libros, revistas, flyers, etc.\",\"sameAs\":[\"http:\/\/chento.org\",\"https:\/\/www.facebook.com\/JavierChento\",\"https:\/\/x.com\/https:\/\/twitter.com\/javierchento\"],\"url\":\"http:\/\/vincentians.com\/fr\/author\/chento\/\"}]}<\/script>\n<!-- \/ Yoast SEO plugin. -->","yoast_head_json":{"title":"Histoire g\u00e9n\u00e9rale de la Congr\u00e9gation de la Mission (63) - Nous Sommes Vincentiens","robots":{"index":"index","follow":"follow","max-snippet":"max-snippet:-1","max-image-preview":"max-image-preview:large","max-video-preview":"max-video-preview:-1"},"canonical":"https:\/\/vincentians.com\/fr\/histoire-generale-de-la-congregation-de-la-mission-63\/","og_locale":"fr_FR","og_type":"article","og_title":"Histoire g\u00e9n\u00e9rale de la Congr\u00e9gation de la Mission (63) - Nous Sommes Vincentiens","og_description":"LXIII. Mort de Mr. Watel. M. Bonnet g\u00e9n\u00e9ral Il ne manqua pas de maladies en France. La guerre d\u00e9solait ce royaume depuis plusieurs ann\u00e9es, et cette couronne avait eu du dessous. En quelques occasions remarquables, ... Read More","og_url":"https:\/\/vincentians.com\/fr\/histoire-generale-de-la-congregation-de-la-mission-63\/","og_site_name":"Nous Sommes Vincentiens","article_publisher":"https:\/\/www.facebook.com\/WeAreVincentians\/","article_author":"https:\/\/www.facebook.com\/JavierChento","article_published_time":"2015-01-09T06:18:22+00:00","og_image":[{"width":1200,"height":630,"url":"https:\/\/i0.wp.com\/vincentians.com\/fr\/wp-content\/uploads\/sites\/10\/2016\/07\/histoire-generale-de-la-congregation-de-la-mission.jpg?fit=1200%2C630&ssl=1","type":"image\/jpeg"}],"author":"Francisco Javier Fern\u00e1ndez Chento","twitter_card":"summary_large_image","twitter_creator":"@https:\/\/twitter.com\/javierchento","twitter_site":"@WeVincentians","twitter_misc":{"\u00c9crit par":"Francisco Javier Fern\u00e1ndez Chento","Dur\u00e9e de lecture estim\u00e9e":"8 minutes"},"schema":{"@context":"https:\/\/schema.org","@graph":[{"@type":"WebPage","@id":"https:\/\/vincentians.com\/fr\/histoire-generale-de-la-congregation-de-la-mission-63\/","url":"https:\/\/vincentians.com\/fr\/histoire-generale-de-la-congregation-de-la-mission-63\/","name":"Histoire g\u00e9n\u00e9rale de la Congr\u00e9gation de la Mission (63) - Nous Sommes Vincentiens","isPartOf":{"@id":"http:\/\/vincentians.com\/fr\/#website"},"primaryImageOfPage":{"@id":"https:\/\/vincentians.com\/fr\/histoire-generale-de-la-congregation-de-la-mission-63\/#primaryimage"},"image":{"@id":"https:\/\/vincentians.com\/fr\/histoire-generale-de-la-congregation-de-la-mission-63\/#primaryimage"},"thumbnailUrl":"https:\/\/i0.wp.com\/vincentians.com\/fr\/wp-content\/uploads\/sites\/10\/2016\/07\/histoire-generale-de-la-congregation-de-la-mission.jpg?fit=1200%2C630","datePublished":"2015-01-09T06:18:22+00:00","author":{"@id":"http:\/\/vincentians.com\/fr\/#\/schema\/person\/9623ef4d9aa3b2dfb8c061f1499288f2"},"breadcrumb":{"@id":"https:\/\/vincentians.com\/fr\/histoire-generale-de-la-congregation-de-la-mission-63\/#breadcrumb"},"inLanguage":"fr-FR","potentialAction":[{"@type":"ReadAction","target":["https:\/\/vincentians.com\/fr\/histoire-generale-de-la-congregation-de-la-mission-63\/"]}]},{"@type":"ImageObject","inLanguage":"fr-FR","@id":"https:\/\/vincentians.com\/fr\/histoire-generale-de-la-congregation-de-la-mission-63\/#primaryimage","url":"https:\/\/i0.wp.com\/vincentians.com\/fr\/wp-content\/uploads\/sites\/10\/2016\/07\/histoire-generale-de-la-congregation-de-la-mission.jpg?fit=1200%2C630","contentUrl":"https:\/\/i0.wp.com\/vincentians.com\/fr\/wp-content\/uploads\/sites\/10\/2016\/07\/histoire-generale-de-la-congregation-de-la-mission.jpg?fit=1200%2C630","width":1200,"height":630},{"@type":"BreadcrumbList","@id":"https:\/\/vincentians.com\/fr\/histoire-generale-de-la-congregation-de-la-mission-63\/#breadcrumb","itemListElement":[{"@type":"ListItem","position":1,"name":"Portada","item":"http:\/\/vincentians.com\/fr\/"},{"@type":"ListItem","position":2,"name":"Histoire g\u00e9n\u00e9rale de la Congr\u00e9gation de la Mission (63)"}]},{"@type":"WebSite","@id":"http:\/\/vincentians.com\/fr\/#website","url":"http:\/\/vincentians.com\/fr\/","name":"Nous Sommes Vincentiens","description":"Know more to serve more","potentialAction":[{"@type":"SearchAction","target":{"@type":"EntryPoint","urlTemplate":"http:\/\/vincentians.com\/fr\/?s={search_term_string}"},"query-input":{"@type":"PropertyValueSpecification","valueRequired":true,"valueName":"search_term_string"}}],"inLanguage":"fr-FR"},{"@type":"Person","@id":"http:\/\/vincentians.com\/fr\/#\/schema\/person\/9623ef4d9aa3b2dfb8c061f1499288f2","name":"Francisco Javier Fern\u00e1ndez Chento","image":{"@type":"ImageObject","inLanguage":"fr-FR","@id":"http:\/\/vincentians.com\/fr\/#\/schema\/person\/image\/","url":"https:\/\/secure.gravatar.com\/avatar\/497d5cde87b4c3d097d0315953521681ba2cd523ee66e5077c3711f7021e65de?s=96&d=mm&r=g","contentUrl":"https:\/\/secure.gravatar.com\/avatar\/497d5cde87b4c3d097d0315953521681ba2cd523ee66e5077c3711f7021e65de?s=96&d=mm&r=g","caption":"Francisco Javier Fern\u00e1ndez Chento"},"description":"Director General y cofundador de La Red de Formaci\u00f3n Vicenciana. Javier es laico vicenciano, afiliado a la Congregaci\u00f3n de la Misi\u00f3n y miembro del Equipo de Misiones Populares de la provincia can\u00f3nica de Zaragoza (Espa\u00f1a) de la Congregaci\u00f3n de la Misi\u00f3n. Graduado en la Universidad Oberta de Catalunya con cuatro grados (Asistente de direcci\u00f3n, Gesti\u00f3n Administrativa, Recursos Humanos y Contabilidad Avanzada). Bil\u00edng\u00fce Espa\u00f1ol\/Ingl\u00e9s. gestiona y mantiene varias p\u00e1ginas web cristianas y vicencianas, incluida including La Red de Formaci\u00f3n Vicenciana, de la que es cofundador. Actualmente es responsable del \u00e1rea de Espa\u00f1ol de .famvin, la Red de Noticias de la Familia Vicenciana. Tambi\u00e9n es m\u00fasico cat\u00f3lico y ha editado varios discos. Es Director General y cofundador de Trovador, una reconocida compa\u00f1\u00eda discogr\u00e1fica critiana de Espa\u00f1a. Trabaja en las Tecnolog\u00edas de la Informaci\u00f3n, ofreciendo servicios de alojamiento, dise\u00f1o y mantenimiento Web, as\u00ed como asesoramiento, formaci\u00f3n y soluciones inform\u00e1ticas, gesti\u00f3n documental y digitalizaci\u00f3n de textos, edici\u00f3n y maquetaci\u00f3n de libros, revistas, flyers, etc.","sameAs":["http:\/\/chento.org","https:\/\/www.facebook.com\/JavierChento","https:\/\/x.com\/https:\/\/twitter.com\/javierchento"],"url":"http:\/\/vincentians.com\/fr\/author\/chento\/"}]}},"jetpack_publicize_connections":[],"jetpack_featured_media_url":"https:\/\/i0.wp.com\/vincentians.com\/fr\/wp-content\/uploads\/sites\/10\/2016\/07\/histoire-generale-de-la-congregation-de-la-mission.jpg?fit=1200%2C630","jetpack_sharing_enabled":true,"jetpack_shortlink":"https:\/\/wp.me\/p7ETMP-s9i","jetpack-related-posts":[{"id":38477,"url":"http:\/\/vincentians.com\/fr\/le-directeur-provincial-animateur-des-filles-de-la-charite\/","url_meta":{"origin":108208,"position":0},"title":"Le Directeur Provincial \u201canimateur\u201d des Filles de la Charit\u00e9","author":"Francisco Javier Fern\u00e1ndez Chento","date":"03\/10\/2012","format":false,"excerpt":"Dans les Constitutions des Filles de la Charit\u00e9, nous trouvons \u00e0 l\u2019article 3.38: le Directeur Provincial est un pr\u00eatre de la Congr\u00e9gation de la Mission, nomm\u00e9 par le Sup\u00e9rieur G\u00e9n\u00e9ral; \u201cil partage avec la Visitatrice et son Conseil la responsabilit\u00e9 de promouvoir l\u2019esprit vincentien dans la Province\u201d Missionnaire, le directeur\u2026","rel":"","context":"Dans &quot;Congr\u00e9gation de la Mission&quot;","block_context":{"text":"Congr\u00e9gation de la Mission","link":"http:\/\/vincentians.com\/fr\/category\/congregation-de-la-mission\/"},"img":{"alt_text":"","src":"https:\/\/i0.wp.com\/vincentiens.org\/wp-content\/uploads\/2011\/05\/filles_charite-228x300.jpg?resize=350%2C200","width":350,"height":200},"classes":[]},{"id":54379,"url":"http:\/\/vincentians.com\/fr\/les-voeux-dans-la-congregation-nature-necessite-et-utilite\/","url_meta":{"origin":108208,"position":1},"title":"Les voeux dans la Congr\u00e9gation: nature, necessit\u00e9 et utilit\u00e9","author":"Francisco Javier Fern\u00e1ndez Chento","date":"03\/11\/2012","format":false,"excerpt":"Remarque pr\u00e9liminaire: Les membres de ce Groupe, constitu\u00e9 par le Sup\u00e9rieur G\u00e9n\u00e9ral (Constitutions n. 54, D\u00e9crets Temporaires n. 2) s'acquittent d'un double devoir: chacun y repr\u00e9sente une section de la Congr\u00e9gation (un groupe linguistique ou g\u00e9ographique), y travaille avec sa propre comp\u00e9tence. En tant que repr\u00e9sentant, il doit veiller \u00e1\u2026","rel":"","context":"Dans &quot;Congr\u00e9gation de la Mission&quot;","block_context":{"text":"Congr\u00e9gation de la Mission","link":"http:\/\/vincentians.com\/fr\/category\/congregation-de-la-mission\/"},"img":{"alt_text":"","src":"https:\/\/i0.wp.com\/vincentiens.org\/wp-content\/uploads\/2011\/08\/logocm-237x300.jpg?resize=350%2C200","width":350,"height":200},"classes":[]},{"id":52068,"url":"http:\/\/vincentians.com\/fr\/saint-vincent-de-paul-et-sa-mission-sociale-vi-la-posterite-1\/","url_meta":{"origin":108208,"position":2},"title":"Saint Vincent De Paul Et Sa Mission Sociale. VI &#8211; La Post\u00e9rit\u00e9 (1)","author":"Francisco Javier Fern\u00e1ndez Chento","date":"30\/12\/2014","format":false,"excerpt":"L\u2019ACCROISSEMENT. \u2014 Extension des deux familles de saint Vincent de Paul. \u2014 Progr\u00e8s de leurs \u0153uvres. \u2014 Les missions \u00e9trang\u00e8res et les s\u00e9minaires. \u2014 Les successeurs de saint Vincent. \u2014 Congr\u00e9gations religieuses fond\u00e9es sur le mod\u00e8le de la Mission. \u2014 Les Filles de la Charit\u00e9 en France et \u00e0 l\u2019\u00e9tranger.\u2026","rel":"","context":"Dans &quot;Vincent de Paul&quot;","block_context":{"text":"Vincent de Paul","link":"http:\/\/vincentians.com\/fr\/category\/the-vincentian-family\/founders\/vincent-de-paul\/"},"img":{"alt_text":"","src":"https:\/\/i0.wp.com\/vincentians.com\/fr\/wp-content\/uploads\/sites\/10\/2016\/07\/vincent-et-sa-action-sociale.jpg?fit=1160%2C630&resize=350%2C200","width":350,"height":200,"srcset":"https:\/\/i0.wp.com\/vincentians.com\/fr\/wp-content\/uploads\/sites\/10\/2016\/07\/vincent-et-sa-action-sociale.jpg?fit=1160%2C630&resize=350%2C200 1x, https:\/\/i0.wp.com\/vincentians.com\/fr\/wp-content\/uploads\/sites\/10\/2016\/07\/vincent-et-sa-action-sociale.jpg?fit=1160%2C630&resize=525%2C300 1.5x, https:\/\/i0.wp.com\/vincentians.com\/fr\/wp-content\/uploads\/sites\/10\/2016\/07\/vincent-et-sa-action-sociale.jpg?fit=1160%2C630&resize=700%2C400 2x, https:\/\/i0.wp.com\/vincentians.com\/fr\/wp-content\/uploads\/sites\/10\/2016\/07\/vincent-et-sa-action-sociale.jpg?fit=1160%2C630&resize=1050%2C600 3x"},"classes":[]},{"id":52035,"url":"http:\/\/vincentians.com\/fr\/saint-vincent-de-paul-et-sa-mission-sociale-ii-les-oeuvres-2\/","url_meta":{"origin":108208,"position":3},"title":"Saint Vincent De Paul Et Sa Mission Sociale. II &#8211; Les \u0152uvres (2)","author":"Francisco Javier Fern\u00e1ndez Chento","date":"22\/12\/2014","format":false,"excerpt":"LA CONGR\u00c9GATION DE LA MISSION. \u2014 Fondation de la Mission. \u2014 Madame de Gondi. \u2014 Vincent de Paul est nomm\u00e9 sup\u00e9rieur du coll\u00e8ge des Bons-Enfants. \u2014 Les fondateurs d\u2019ordre. \u2014 But de la Congr\u00e9gation de la Mission. \u2014 L\u2019\u00e9vang\u00e9lisation des pauvres. \u2014 \u00c9tablissement \u00e0 Saint-Lazare. \u2014 Premiers travaux des missionnaires.\u2026","rel":"","context":"Dans &quot;Vincent de Paul&quot;","block_context":{"text":"Vincent de Paul","link":"http:\/\/vincentians.com\/fr\/category\/the-vincentian-family\/founders\/vincent-de-paul\/"},"img":{"alt_text":"","src":"https:\/\/i0.wp.com\/vincentians.com\/fr\/wp-content\/uploads\/sites\/10\/2016\/07\/vincent-et-sa-action-sociale.jpg?fit=1160%2C630&resize=350%2C200","width":350,"height":200,"srcset":"https:\/\/i0.wp.com\/vincentians.com\/fr\/wp-content\/uploads\/sites\/10\/2016\/07\/vincent-et-sa-action-sociale.jpg?fit=1160%2C630&resize=350%2C200 1x, https:\/\/i0.wp.com\/vincentians.com\/fr\/wp-content\/uploads\/sites\/10\/2016\/07\/vincent-et-sa-action-sociale.jpg?fit=1160%2C630&resize=525%2C300 1.5x, https:\/\/i0.wp.com\/vincentians.com\/fr\/wp-content\/uploads\/sites\/10\/2016\/07\/vincent-et-sa-action-sociale.jpg?fit=1160%2C630&resize=700%2C400 2x, https:\/\/i0.wp.com\/vincentians.com\/fr\/wp-content\/uploads\/sites\/10\/2016\/07\/vincent-et-sa-action-sociale.jpg?fit=1160%2C630&resize=1050%2C600 3x"},"classes":[]},{"id":57593,"url":"http:\/\/vincentians.com\/fr\/lexpansion-de-la-congregation-de-la-mission-pendant-la-vie-de-st-vincent\/","url_meta":{"origin":108208,"position":4},"title":"L&rsquo;expansion de la Congregation de la Mission pendant la vie de St. Vincent","author":"Francisco Javier Fern\u00e1ndez Chento","date":"20\/05\/2015","format":false,"excerpt":"Pierre Collet (\"La Vie de St. Vincent de Paul\", Nancy 1748, II, 325) a constat\u00e9 que les biographies des grands fondateurs d'ordres sont concentr\u00e9es sur la personne elle-m\u00eame du fondateur. On n'y trouve pas le r\u00e9cit des travaux de leurs premiers disciples.En suivant cet exemple Collet voulut supprimer dans sa\u2026","rel":"","context":"Dans &quot;Au temps de Vincent de Paul&quot;","block_context":{"text":"Au temps de Vincent de Paul","link":"http:\/\/vincentians.com\/fr\/category\/au-temps-de-vincent-de-paul\/"},"img":{"alt_text":"","src":"https:\/\/i0.wp.com\/vincentians.com\/fr\/wp-content\/uploads\/sites\/10\/2015\/05\/congregation-de-la-mission-lazaristes.jpg?fit=1200%2C630&resize=350%2C200","width":350,"height":200,"srcset":"https:\/\/i0.wp.com\/vincentians.com\/fr\/wp-content\/uploads\/sites\/10\/2015\/05\/congregation-de-la-mission-lazaristes.jpg?fit=1200%2C630&resize=350%2C200 1x, https:\/\/i0.wp.com\/vincentians.com\/fr\/wp-content\/uploads\/sites\/10\/2015\/05\/congregation-de-la-mission-lazaristes.jpg?fit=1200%2C630&resize=525%2C300 1.5x, https:\/\/i0.wp.com\/vincentians.com\/fr\/wp-content\/uploads\/sites\/10\/2015\/05\/congregation-de-la-mission-lazaristes.jpg?fit=1200%2C630&resize=700%2C400 2x, https:\/\/i0.wp.com\/vincentians.com\/fr\/wp-content\/uploads\/sites\/10\/2015\/05\/congregation-de-la-mission-lazaristes.jpg?fit=1200%2C630&resize=1050%2C600 3x"},"classes":[]},{"id":52052,"url":"http:\/\/vincentians.com\/fr\/saint-vincent-de-paul-et-sa-mission-sociale-iii-laction-1\/","url_meta":{"origin":108208,"position":5},"title":"Saint Vincent De Paul Et Sa Mission Sociale. III &#8211; L\u2019action (1)","author":"Francisco Javier Fern\u00e1ndez Chento","date":"25\/12\/2014","format":false,"excerpt":"LES MISSIONS. \u2014 Saint Vincent de Paul missionnaire. \u2014 Organisation des missions rurales. \u2014 Vertus et qualit\u00e9s des missionnaires. \u2014 La pr\u00e9dication d\u2019apr\u00e8s le saint. \u2014 Sa conduite envers les h\u00e9r\u00e9tiques et les infid\u00e8les. \u2014 Les imitateurs de Vincent de Paul. \u2014 Fruits du nouvel apostolat. \u2014 Missions \u00e0 la\u2026","rel":"","context":"Dans &quot;Vincent de Paul&quot;","block_context":{"text":"Vincent de Paul","link":"http:\/\/vincentians.com\/fr\/category\/the-vincentian-family\/founders\/vincent-de-paul\/"},"img":{"alt_text":"","src":"https:\/\/i0.wp.com\/vincentians.com\/fr\/wp-content\/uploads\/sites\/10\/2016\/07\/vincent-et-sa-action-sociale.jpg?fit=1160%2C630&resize=350%2C200","width":350,"height":200,"srcset":"https:\/\/i0.wp.com\/vincentians.com\/fr\/wp-content\/uploads\/sites\/10\/2016\/07\/vincent-et-sa-action-sociale.jpg?fit=1160%2C630&resize=350%2C200 1x, https:\/\/i0.wp.com\/vincentians.com\/fr\/wp-content\/uploads\/sites\/10\/2016\/07\/vincent-et-sa-action-sociale.jpg?fit=1160%2C630&resize=525%2C300 1.5x, https:\/\/i0.wp.com\/vincentians.com\/fr\/wp-content\/uploads\/sites\/10\/2016\/07\/vincent-et-sa-action-sociale.jpg?fit=1160%2C630&resize=700%2C400 2x, https:\/\/i0.wp.com\/vincentians.com\/fr\/wp-content\/uploads\/sites\/10\/2016\/07\/vincent-et-sa-action-sociale.jpg?fit=1160%2C630&resize=1050%2C600 3x"},"classes":[]}],"_links":{"self":[{"href":"http:\/\/vincentians.com\/fr\/wp-json\/wp\/v2\/posts\/108208","targetHints":{"allow":["GET"]}}],"collection":[{"href":"http:\/\/vincentians.com\/fr\/wp-json\/wp\/v2\/posts"}],"about":[{"href":"http:\/\/vincentians.com\/fr\/wp-json\/wp\/v2\/types\/post"}],"author":[{"embeddable":true,"href":"http:\/\/vincentians.com\/fr\/wp-json\/wp\/v2\/users\/4"}],"replies":[{"embeddable":true,"href":"http:\/\/vincentians.com\/fr\/wp-json\/wp\/v2\/comments?post=108208"}],"version-history":[{"count":0,"href":"http:\/\/vincentians.com\/fr\/wp-json\/wp\/v2\/posts\/108208\/revisions"}],"wp:featuredmedia":[{"embeddable":true,"href":"http:\/\/vincentians.com\/fr\/wp-json\/wp\/v2\/media\/189808"}],"wp:attachment":[{"href":"http:\/\/vincentians.com\/fr\/wp-json\/wp\/v2\/media?parent=108208"}],"wp:term":[{"taxonomy":"category","embeddable":true,"href":"http:\/\/vincentians.com\/fr\/wp-json\/wp\/v2\/categories?post=108208"},{"taxonomy":"post_tag","embeddable":true,"href":"http:\/\/vincentians.com\/fr\/wp-json\/wp\/v2\/tags?post=108208"}],"curies":[{"name":"wp","href":"https:\/\/api.w.org\/{rel}","templated":true}]}}