{"id":108186,"date":"2014-02-01T07:12:25","date_gmt":"2014-02-01T06:12:25","guid":{"rendered":"http:\/\/vincentiens.org\/?p=108186"},"modified":"2014-02-01T07:12:25","modified_gmt":"2014-02-01T06:12:25","slug":"presentation-du-seigneur-a-jose-antonio-pagola","status":"publish","type":"post","link":"http:\/\/vincentians.com\/fr\/presentation-du-seigneur-a-jose-antonio-pagola\/","title":{"rendered":"Pr\u00e9sentation du Seigneur (A) [Jos\u00e9 Antonio Pagola]"},"content":{"rendered":"<h2><b>Une foi simple<\/b><\/h2>\n<p><a href=\"https:\/\/i0.wp.com\/vincentiens.org\/wp-content\/uploads\/2013\/11\/jose_antonio_pagola.jpg\"><img data-recalc-dims=\"1\" loading=\"lazy\" decoding=\"async\" class=\"alignright size-full wp-image-106934\" alt=\"jose_antonio_pagola\" src=\"https:\/\/i0.wp.com\/vincentiens.org\/wp-content\/uploads\/2013\/11\/jose_antonio_pagola.jpg?resize=257%2C264\" width=\"257\" height=\"264\" \/><\/a>Le r\u00e9cit de la naissance de J\u00e9sus est d\u00e9concertant. D\u2019apr\u00e8s Luc, J\u00e9sus na\u00eet dans un village o\u00f9 il n\u2019y a pas d\u2019endroit pour l\u2019accueillir. Les bergers ont \u00e9t\u00e9 oblig\u00e9s de le chercher dans tout Bethl\u00e9em jusqu\u2019\u00e0 ce qu\u2019ils le trouvent dans un lieu \u00e9cart\u00e9, couch\u00e9 dans une mangeoire, sans autres t\u00e9moins que ses parents.<\/p>\n<p>Vraisemblablement, Luc sent le besoin de construire un deuxi\u00e8me r\u00e9cit dans lequel l\u2019enfant sera tir\u00e9 de l\u2019anonymat pour \u00eatre pr\u00e9sent\u00e9 publiquement. Quel lieu plus appropri\u00e9 que le Temple de J\u00e9rusalem pour l\u2019accueil solennel de J\u00e9sus en tant que Messie envoy\u00e9 par Dieu \u00e0 son peuple ?<\/p>\n<p>Mais le r\u00e9cit de Luc sera \u00e0 nouveau d\u00e9concertant. Lorsque les parents s\u2019approchent du Temple avec l\u2019enfant, ce ne sont ni les grands pr\u00eatres ni les autres dirigeants religieux qui sortent \u00e0 leur rencontre. Ceux-l\u00e0 m\u00eame qui, dans quelques ann\u00e9es, le livreront pour \u00eatre crucifi\u00e9. J\u00e9sus ne trouve pas d\u2019accueil dans cette religion s\u00fbre d\u2019elle-m\u00eame et qui oublie la souffrance des pauvres.<\/p>\n<p>Les ma\u00eetres de la Loi qui pr\u00eachaient leurs \u00ab traditions humaines \u00bb dans les parvis de ce Temple-l\u00e0, ne sortent pas non plus \u00e0 leur rencontre. Ceux-l\u00e0 m\u00eame qui, quelques ann\u00e9es plus tard rejetteront J\u00e9sus pour avoir gu\u00e9ri des malades en bravant la loi du sabbat. J\u00e9sus ne trouve pas d\u2019accueil dans des doctrines et dans des traditions religieuses qui n\u2019aident pas \u00e0 mener une vie plus digne et plus saine.<\/p>\n<p>Ceux qui accueillent J\u00e9sus et le reconnaissent comme l\u2019Envoy\u00e9 de Dieu, ce sont deux vieillards d\u2019une foi simple et d\u2019un c\u0153ur ouvert, qui ont pass\u00e9 leur longue vie \u00e0 attendre le salut de Dieu. Leurs noms semblent sugg\u00e9rer que ce sont des personnages symboliques. Le vieil homme s\u2019appelle Sim\u00e9on (\u00ab Le Seigneur a \u00e9cout\u00e9 \u00bb) et la vieille femme s\u2019appelle Anne (\u00ab Cadeau \u00bb). Ils repr\u00e9sentent toutes les personnes, de tous les temps et de tous les peuples, vivant leur confiance en Dieu avec une foi simple.<\/p>\n<p>Tous les deux appartiennent aux couches les plus saines d\u2019Isra\u00ebl. Ils sont connus sous le nom de \u00ab Groupe des pauvres de Yahv\u00e9 \u00bb. Des gens qui n\u2019ont rien, \u00e0 part leur foi en Dieu. Des gens qui ne pensent ni \u00e0 leur fortune ni \u00e0 leur bien-\u00eatre. Ils n\u2019attendent de Dieu que la \u00ab consolation \u00bb dont leur peuple a besoin, la \u00ab lib\u00e9ration \u00bb qu\u2019ils recherchent de g\u00e9n\u00e9ration en g\u00e9n\u00e9ration, la \u00ab lumi\u00e8re \u00bb qui \u00e9claire les t\u00e9n\u00e8bres o\u00f9 sont plong\u00e9s les peuples de la terre. Ils sentent maintenant que leurs espoirs sont en train de s\u2019accomplir en J\u00e9sus.<\/p>\n<p>Cette foi simple qui attend de Dieu le salut d\u00e9finitif c\u2019est la foi de la majorit\u00e9. Une foi peu cultiv\u00e9e, qui se manifeste tr\u00e8s souvent dans des pri\u00e8res m\u00e9diocres et distraites, formul\u00e9e dans des expressions peu orthodoxes, qui se r\u00e9veille surtout \u00e0 des moments de difficult\u00e9 et d\u2019angoisse. Une foi dont l\u2019accueil et la compr\u00e9hension ne posent \u00e0 Dieu aucun probl\u00e8me.<\/p>\n","protected":false},"excerpt":{"rendered":"<p>Une foi simple Le r\u00e9cit de la naissance de J\u00e9sus est d\u00e9concertant. D\u2019apr\u00e8s Luc, J\u00e9sus na\u00eet dans un village o\u00f9 il n\u2019y a pas d\u2019endroit pour l\u2019accueillir. Les bergers ont \u00e9t\u00e9 oblig\u00e9s de le chercher &#8230; <a href=\"http:\/\/vincentians.com\/fr\/presentation-du-seigneur-a-jose-antonio-pagola\/\" class=\"more-link\">Read More<\/a><\/p>\n","protected":false},"author":4,"featured_media":106934,"comment_status":"open","ping_status":"open","sticky":false,"template":"","format":"standard","meta":{"jetpack_post_was_ever_published":false,"_jetpack_newsletter_access":"","_jetpack_dont_email_post_to_subs":false,"_jetpack_newsletter_tier_id":0,"_jetpack_memberships_contains_paywalled_content":false,"_jetpack_memberships_contains_paid_content":false,"footnotes":"","jetpack_publicize_message":"","jetpack_publicize_feature_enabled":true,"jetpack_social_post_already_shared":true,"jetpack_social_options":{"image_generator_settings":{"template":"highway","default_image_id":0,"font":"","enabled":false},"version":2}},"categories":[141],"tags":[],"class_list":["post-108186","post","type-post","status-publish","format-standard","has-post-thumbnail","hentry","category-homelies-et-reflexions-annee-a"],"yoast_head":"<!-- This site is optimized with the Yoast SEO plugin v26.3 - https:\/\/yoast.com\/wordpress\/plugins\/seo\/ -->\n<title>Pr\u00e9sentation du Seigneur (A) [Jos\u00e9 Antonio Pagola] - Nous Sommes Vincentiens<\/title>\n<meta name=\"robots\" content=\"index, follow, max-snippet:-1, max-image-preview:large, max-video-preview:-1\" \/>\n<link rel=\"canonical\" href=\"http:\/\/vincentians.com\/fr\/presentation-du-seigneur-a-jose-antonio-pagola\/\" \/>\n<meta property=\"og:locale\" content=\"fr_FR\" \/>\n<meta property=\"og:type\" content=\"article\" \/>\n<meta property=\"og:title\" content=\"Pr\u00e9sentation du Seigneur (A) [Jos\u00e9 Antonio Pagola] - Nous Sommes Vincentiens\" \/>\n<meta property=\"og:description\" content=\"Une foi simple Le r\u00e9cit de la naissance de J\u00e9sus est d\u00e9concertant. D\u2019apr\u00e8s Luc, J\u00e9sus na\u00eet dans un village o\u00f9 il n\u2019y a pas d\u2019endroit pour l\u2019accueillir. Les bergers ont \u00e9t\u00e9 oblig\u00e9s de le chercher ... Read More\" \/>\n<meta property=\"og:url\" content=\"http:\/\/vincentians.com\/fr\/presentation-du-seigneur-a-jose-antonio-pagola\/\" \/>\n<meta property=\"og:site_name\" content=\"Nous Sommes Vincentiens\" \/>\n<meta property=\"article:publisher\" content=\"https:\/\/www.facebook.com\/WeAreVincentians\/\" \/>\n<meta property=\"article:author\" content=\"https:\/\/www.facebook.com\/JavierChento\" \/>\n<meta property=\"article:published_time\" content=\"2014-02-01T06:12:25+00:00\" \/>\n<meta name=\"author\" content=\"Francisco Javier Fern\u00e1ndez Chento\" \/>\n<meta name=\"twitter:card\" content=\"summary_large_image\" \/>\n<meta name=\"twitter:creator\" content=\"@https:\/\/twitter.com\/javierchento\" \/>\n<meta name=\"twitter:site\" content=\"@WeVincentians\" \/>\n<meta name=\"twitter:label1\" content=\"\u00c9crit par\" \/>\n\t<meta name=\"twitter:data1\" content=\"Francisco Javier Fern\u00e1ndez Chento\" \/>\n\t<meta name=\"twitter:label2\" content=\"Dur\u00e9e de lecture estim\u00e9e\" \/>\n\t<meta name=\"twitter:data2\" content=\"3 minutes\" \/>\n<script type=\"application\/ld+json\" class=\"yoast-schema-graph\">{\"@context\":\"https:\/\/schema.org\",\"@graph\":[{\"@type\":\"WebPage\",\"@id\":\"http:\/\/vincentians.com\/fr\/presentation-du-seigneur-a-jose-antonio-pagola\/\",\"url\":\"http:\/\/vincentians.com\/fr\/presentation-du-seigneur-a-jose-antonio-pagola\/\",\"name\":\"Pr\u00e9sentation du Seigneur (A) [Jos\u00e9 Antonio Pagola] - Nous Sommes Vincentiens\",\"isPartOf\":{\"@id\":\"http:\/\/vincentians.com\/fr\/#website\"},\"primaryImageOfPage\":{\"@id\":\"http:\/\/vincentians.com\/fr\/presentation-du-seigneur-a-jose-antonio-pagola\/#primaryimage\"},\"image\":{\"@id\":\"http:\/\/vincentians.com\/fr\/presentation-du-seigneur-a-jose-antonio-pagola\/#primaryimage\"},\"thumbnailUrl\":\"\",\"datePublished\":\"2014-02-01T06:12:25+00:00\",\"author\":{\"@id\":\"http:\/\/vincentians.com\/fr\/#\/schema\/person\/9623ef4d9aa3b2dfb8c061f1499288f2\"},\"breadcrumb\":{\"@id\":\"http:\/\/vincentians.com\/fr\/presentation-du-seigneur-a-jose-antonio-pagola\/#breadcrumb\"},\"inLanguage\":\"fr-FR\",\"potentialAction\":[{\"@type\":\"ReadAction\",\"target\":[\"http:\/\/vincentians.com\/fr\/presentation-du-seigneur-a-jose-antonio-pagola\/\"]}]},{\"@type\":\"ImageObject\",\"inLanguage\":\"fr-FR\",\"@id\":\"http:\/\/vincentians.com\/fr\/presentation-du-seigneur-a-jose-antonio-pagola\/#primaryimage\",\"url\":\"\",\"contentUrl\":\"\"},{\"@type\":\"BreadcrumbList\",\"@id\":\"http:\/\/vincentians.com\/fr\/presentation-du-seigneur-a-jose-antonio-pagola\/#breadcrumb\",\"itemListElement\":[{\"@type\":\"ListItem\",\"position\":1,\"name\":\"Portada\",\"item\":\"http:\/\/vincentians.com\/fr\/\"},{\"@type\":\"ListItem\",\"position\":2,\"name\":\"Pr\u00e9sentation du Seigneur (A) [Jos\u00e9 Antonio Pagola]\"}]},{\"@type\":\"WebSite\",\"@id\":\"http:\/\/vincentians.com\/fr\/#website\",\"url\":\"http:\/\/vincentians.com\/fr\/\",\"name\":\"Nous Sommes Vincentiens\",\"description\":\"Know more to serve more\",\"potentialAction\":[{\"@type\":\"SearchAction\",\"target\":{\"@type\":\"EntryPoint\",\"urlTemplate\":\"http:\/\/vincentians.com\/fr\/?s={search_term_string}\"},\"query-input\":{\"@type\":\"PropertyValueSpecification\",\"valueRequired\":true,\"valueName\":\"search_term_string\"}}],\"inLanguage\":\"fr-FR\"},{\"@type\":\"Person\",\"@id\":\"http:\/\/vincentians.com\/fr\/#\/schema\/person\/9623ef4d9aa3b2dfb8c061f1499288f2\",\"name\":\"Francisco Javier Fern\u00e1ndez Chento\",\"image\":{\"@type\":\"ImageObject\",\"inLanguage\":\"fr-FR\",\"@id\":\"http:\/\/vincentians.com\/fr\/#\/schema\/person\/image\/\",\"url\":\"https:\/\/secure.gravatar.com\/avatar\/497d5cde87b4c3d097d0315953521681ba2cd523ee66e5077c3711f7021e65de?s=96&d=mm&r=g\",\"contentUrl\":\"https:\/\/secure.gravatar.com\/avatar\/497d5cde87b4c3d097d0315953521681ba2cd523ee66e5077c3711f7021e65de?s=96&d=mm&r=g\",\"caption\":\"Francisco Javier Fern\u00e1ndez Chento\"},\"description\":\"Director General y cofundador de La Red de Formaci\u00f3n Vicenciana. Javier es laico vicenciano, afiliado a la Congregaci\u00f3n de la Misi\u00f3n y miembro del Equipo de Misiones Populares de la provincia can\u00f3nica de Zaragoza (Espa\u00f1a) de la Congregaci\u00f3n de la Misi\u00f3n. Graduado en la Universidad Oberta de Catalunya con cuatro grados (Asistente de direcci\u00f3n, Gesti\u00f3n Administrativa, Recursos Humanos y Contabilidad Avanzada). Bil\u00edng\u00fce Espa\u00f1ol\/Ingl\u00e9s. gestiona y mantiene varias p\u00e1ginas web cristianas y vicencianas, incluida including La Red de Formaci\u00f3n Vicenciana, de la que es cofundador. Actualmente es responsable del \u00e1rea de Espa\u00f1ol de .famvin, la Red de Noticias de la Familia Vicenciana. Tambi\u00e9n es m\u00fasico cat\u00f3lico y ha editado varios discos. Es Director General y cofundador de Trovador, una reconocida compa\u00f1\u00eda discogr\u00e1fica critiana de Espa\u00f1a. Trabaja en las Tecnolog\u00edas de la Informaci\u00f3n, ofreciendo servicios de alojamiento, dise\u00f1o y mantenimiento Web, as\u00ed como asesoramiento, formaci\u00f3n y soluciones inform\u00e1ticas, gesti\u00f3n documental y digitalizaci\u00f3n de textos, edici\u00f3n y maquetaci\u00f3n de libros, revistas, flyers, etc.\",\"sameAs\":[\"http:\/\/chento.org\",\"https:\/\/www.facebook.com\/JavierChento\",\"https:\/\/x.com\/https:\/\/twitter.com\/javierchento\"],\"url\":\"http:\/\/vincentians.com\/fr\/author\/chento\/\"}]}<\/script>\n<!-- \/ Yoast SEO plugin. -->","yoast_head_json":{"title":"Pr\u00e9sentation du Seigneur (A) [Jos\u00e9 Antonio Pagola] - Nous Sommes Vincentiens","robots":{"index":"index","follow":"follow","max-snippet":"max-snippet:-1","max-image-preview":"max-image-preview:large","max-video-preview":"max-video-preview:-1"},"canonical":"http:\/\/vincentians.com\/fr\/presentation-du-seigneur-a-jose-antonio-pagola\/","og_locale":"fr_FR","og_type":"article","og_title":"Pr\u00e9sentation du Seigneur (A) [Jos\u00e9 Antonio Pagola] - Nous Sommes Vincentiens","og_description":"Une foi simple Le r\u00e9cit de la naissance de J\u00e9sus est d\u00e9concertant. D\u2019apr\u00e8s Luc, J\u00e9sus na\u00eet dans un village o\u00f9 il n\u2019y a pas d\u2019endroit pour l\u2019accueillir. Les bergers ont \u00e9t\u00e9 oblig\u00e9s de le chercher ... Read More","og_url":"http:\/\/vincentians.com\/fr\/presentation-du-seigneur-a-jose-antonio-pagola\/","og_site_name":"Nous Sommes Vincentiens","article_publisher":"https:\/\/www.facebook.com\/WeAreVincentians\/","article_author":"https:\/\/www.facebook.com\/JavierChento","article_published_time":"2014-02-01T06:12:25+00:00","author":"Francisco Javier Fern\u00e1ndez Chento","twitter_card":"summary_large_image","twitter_creator":"@https:\/\/twitter.com\/javierchento","twitter_site":"@WeVincentians","twitter_misc":{"\u00c9crit par":"Francisco Javier Fern\u00e1ndez Chento","Dur\u00e9e de lecture estim\u00e9e":"3 minutes"},"schema":{"@context":"https:\/\/schema.org","@graph":[{"@type":"WebPage","@id":"http:\/\/vincentians.com\/fr\/presentation-du-seigneur-a-jose-antonio-pagola\/","url":"http:\/\/vincentians.com\/fr\/presentation-du-seigneur-a-jose-antonio-pagola\/","name":"Pr\u00e9sentation du Seigneur (A) [Jos\u00e9 Antonio Pagola] - Nous Sommes Vincentiens","isPartOf":{"@id":"http:\/\/vincentians.com\/fr\/#website"},"primaryImageOfPage":{"@id":"http:\/\/vincentians.com\/fr\/presentation-du-seigneur-a-jose-antonio-pagola\/#primaryimage"},"image":{"@id":"http:\/\/vincentians.com\/fr\/presentation-du-seigneur-a-jose-antonio-pagola\/#primaryimage"},"thumbnailUrl":"","datePublished":"2014-02-01T06:12:25+00:00","author":{"@id":"http:\/\/vincentians.com\/fr\/#\/schema\/person\/9623ef4d9aa3b2dfb8c061f1499288f2"},"breadcrumb":{"@id":"http:\/\/vincentians.com\/fr\/presentation-du-seigneur-a-jose-antonio-pagola\/#breadcrumb"},"inLanguage":"fr-FR","potentialAction":[{"@type":"ReadAction","target":["http:\/\/vincentians.com\/fr\/presentation-du-seigneur-a-jose-antonio-pagola\/"]}]},{"@type":"ImageObject","inLanguage":"fr-FR","@id":"http:\/\/vincentians.com\/fr\/presentation-du-seigneur-a-jose-antonio-pagola\/#primaryimage","url":"","contentUrl":""},{"@type":"BreadcrumbList","@id":"http:\/\/vincentians.com\/fr\/presentation-du-seigneur-a-jose-antonio-pagola\/#breadcrumb","itemListElement":[{"@type":"ListItem","position":1,"name":"Portada","item":"http:\/\/vincentians.com\/fr\/"},{"@type":"ListItem","position":2,"name":"Pr\u00e9sentation du Seigneur (A) [Jos\u00e9 Antonio Pagola]"}]},{"@type":"WebSite","@id":"http:\/\/vincentians.com\/fr\/#website","url":"http:\/\/vincentians.com\/fr\/","name":"Nous Sommes Vincentiens","description":"Know more to serve more","potentialAction":[{"@type":"SearchAction","target":{"@type":"EntryPoint","urlTemplate":"http:\/\/vincentians.com\/fr\/?s={search_term_string}"},"query-input":{"@type":"PropertyValueSpecification","valueRequired":true,"valueName":"search_term_string"}}],"inLanguage":"fr-FR"},{"@type":"Person","@id":"http:\/\/vincentians.com\/fr\/#\/schema\/person\/9623ef4d9aa3b2dfb8c061f1499288f2","name":"Francisco Javier Fern\u00e1ndez Chento","image":{"@type":"ImageObject","inLanguage":"fr-FR","@id":"http:\/\/vincentians.com\/fr\/#\/schema\/person\/image\/","url":"https:\/\/secure.gravatar.com\/avatar\/497d5cde87b4c3d097d0315953521681ba2cd523ee66e5077c3711f7021e65de?s=96&d=mm&r=g","contentUrl":"https:\/\/secure.gravatar.com\/avatar\/497d5cde87b4c3d097d0315953521681ba2cd523ee66e5077c3711f7021e65de?s=96&d=mm&r=g","caption":"Francisco Javier Fern\u00e1ndez Chento"},"description":"Director General y cofundador de La Red de Formaci\u00f3n Vicenciana. Javier es laico vicenciano, afiliado a la Congregaci\u00f3n de la Misi\u00f3n y miembro del Equipo de Misiones Populares de la provincia can\u00f3nica de Zaragoza (Espa\u00f1a) de la Congregaci\u00f3n de la Misi\u00f3n. Graduado en la Universidad Oberta de Catalunya con cuatro grados (Asistente de direcci\u00f3n, Gesti\u00f3n Administrativa, Recursos Humanos y Contabilidad Avanzada). Bil\u00edng\u00fce Espa\u00f1ol\/Ingl\u00e9s. gestiona y mantiene varias p\u00e1ginas web cristianas y vicencianas, incluida including La Red de Formaci\u00f3n Vicenciana, de la que es cofundador. Actualmente es responsable del \u00e1rea de Espa\u00f1ol de .famvin, la Red de Noticias de la Familia Vicenciana. Tambi\u00e9n es m\u00fasico cat\u00f3lico y ha editado varios discos. Es Director General y cofundador de Trovador, una reconocida compa\u00f1\u00eda discogr\u00e1fica critiana de Espa\u00f1a. Trabaja en las Tecnolog\u00edas de la Informaci\u00f3n, ofreciendo servicios de alojamiento, dise\u00f1o y mantenimiento Web, as\u00ed como asesoramiento, formaci\u00f3n y soluciones inform\u00e1ticas, gesti\u00f3n documental y digitalizaci\u00f3n de textos, edici\u00f3n y maquetaci\u00f3n de libros, revistas, flyers, etc.","sameAs":["http:\/\/chento.org","https:\/\/www.facebook.com\/JavierChento","https:\/\/x.com\/https:\/\/twitter.com\/javierchento"],"url":"http:\/\/vincentians.com\/fr\/author\/chento\/"}]}},"jetpack_publicize_connections":[],"jetpack_featured_media_url":"","jetpack_sharing_enabled":true,"jetpack_shortlink":"https:\/\/wp.me\/p7ETMP-s8W","jetpack-related-posts":[{"id":132863,"url":"http:\/\/vincentians.com\/fr\/4eme-dimanche-de-lavent-jose-antonio-pagola\/","url_meta":{"origin":108186,"position":0},"title":"4\u00e8me Dimanche de l&rsquo;Avent (Jos\u00e9 Antonio Pagola)","author":"Francisco Javier Fern\u00e1ndez Chento","date":"17\/12\/2014","format":false,"excerpt":"Une annonce surprenante Luc d\u00e9crit l\u2019annonce de la naissance de J\u00e9sus de fa\u00e7on \u00e9troitement parall\u00e8le \u00e0 celle de Jean Baptiste. Le contraste entre les deux sc\u00e8nes est tellement surprenant qu\u2019il nous permet d\u2019entrevoir, avec de nouvelles lumi\u00e8res, le Myst\u00e8re du Dieu incarn\u00e9 en J\u00e9sus. L\u2019annonce de la naissance de Jean-Baptiste\u2026","rel":"","context":"Dans &quot;Hom\u00e9lies et r\u00e9flexions, Ann\u00e9e B&quot;","block_context":{"text":"Hom\u00e9lies et r\u00e9flexions, Ann\u00e9e B","link":"http:\/\/vincentians.com\/fr\/category\/homelies-et-reflexions-annee-b\/"},"img":{"alt_text":"pagola","src":"https:\/\/i0.wp.com\/vincentiens.org\/wp-content\/uploads\/2014\/12\/pagola-300x231.jpg?resize=350%2C200","width":350,"height":200},"classes":[]},{"id":106933,"url":"http:\/\/vincentians.com\/fr\/fete-du-christ-roi-annee-c-jose-antonio-pagola\/","url_meta":{"origin":108186,"position":1},"title":"F\u00eate du Christ-Roi (ann\u00e9e C) [Jos\u00e9 Antonio Pagola]","author":"Francisco Javier Fern\u00e1ndez Chento","date":"23\/11\/2013","format":false,"excerpt":"Souviens-toi de moi D\u2019apr\u00e8s le r\u00e9cit de Luc, J\u00e9sus agonise au milieu des moqueries et du m\u00e9pris de ceux qui l\u2019entourent. Personne ne semble avoir compris le sens de sa vie. Personne ne semble avoir saisi le don qu\u2019il a fait de sa vie \u00e0 ceux qui souffrent ni le\u2026","rel":"","context":"Dans &quot;Hom\u00e9lies et r\u00e9flexions, Ann\u00e9e C&quot;","block_context":{"text":"Hom\u00e9lies et r\u00e9flexions, Ann\u00e9e C","link":"http:\/\/vincentians.com\/fr\/category\/homelies-et-reflexions-annee-c\/"},"img":{"alt_text":"jose_antonio_pagola","src":"https:\/\/i0.wp.com\/vincentiens.org\/wp-content\/uploads\/2013\/11\/jose_antonio_pagola.jpg?resize=350%2C200","width":350,"height":200},"classes":[]},{"id":105796,"url":"http:\/\/vincentians.com\/fr\/le-jesus-de-saint-vincent\/","url_meta":{"origin":108186,"position":2},"title":"Le Jesus de saint Vincent","author":"Francisco Javier Fern\u00e1ndez Chento","date":"17\/05\/2015","format":false,"excerpt":"Comme tout fondateur, Saint Vincent a fait de l'\u00c9vangile une lecture s\u00e9lective. La personnalit\u00e9 du Christ, en effet, est tellement riche que personne ne peut en saisir toutes les dimensions, et encore moins la contempler - et surtout l'imiter - dans son ensemble : \u00abIl y a eu divers \u00e9tats\u2026","rel":"","context":"Dans &quot;Formation Vincentienne&quot;","block_context":{"text":"Formation Vincentienne","link":"http:\/\/vincentians.com\/fr\/category\/formation-vincentienne\/"},"img":{"alt_text":"saint-vincent-de-paul","src":"https:\/\/i0.wp.com\/vincentiens.org\/wp-content\/uploads\/2013\/02\/saint-vincent-de-paul-265x300.jpg?resize=350%2C200","width":350,"height":200},"classes":[]},{"id":41345,"url":"http:\/\/vincentians.com\/fr\/la-spiritualite-de-la-fille-de-la-charite\/","url_meta":{"origin":108186,"position":3},"title":"La Spiritualit\u00e9 de la Fille de la Charit\u00e9","author":"Francisco Javier Fern\u00e1ndez Chento","date":"17\/11\/2013","format":false,"excerpt":"Il m\u2019a \u00e9t\u00e9 demand\u00e9 de pr\u00e9senter la spiritualit\u00e9 de la FdlC et comment vivre aujourd\u2019hui la spiritualit\u00e9 de la Compagnie? Je n\u2019ai pas la pr\u00e9tention de faire un expos\u00e9 fondamental sur la spiritualit\u00e9 de la FdlC. Je vais vous partager tout simplement ma mani\u00e8re de pr\u00e9senter notre spiritualit\u00e9 aux jeunes\u2026","rel":"","context":"Dans &quot;Filles de la Charit\u00e9&quot;","block_context":{"text":"Filles de la Charit\u00e9","link":"http:\/\/vincentians.com\/fr\/category\/filles-de-la-charite\/"},"img":{"alt_text":"","src":"https:\/\/i0.wp.com\/vincentiens.org\/wp-content\/uploads\/2011\/05\/cruz_sv-212x300.jpg?resize=350%2C200","width":350,"height":200},"classes":[]},{"id":39762,"url":"http:\/\/vincentians.com\/fr\/lidentite-de-la-fille-de-la-charite-elements-caracteristiques-et-distinctifs-comment-la-fdlc-peut-elle-la-vivre-aujourdhui\/","url_meta":{"origin":108186,"position":4},"title":"L\u2019identit\u00e9 de la Fille de la Charit\u00e9: \u00c9l\u00e9ments caract\u00e9ristiques et distinctifs. Comment la FdlC peut-elle la vivre aujourd\u2019hui?","author":"Francisco Javier Fern\u00e1ndez Chento","date":"05\/10\/2012","format":false,"excerpt":"Introduction Aujourd\u2019hui, les id\u00e9ologies rationalistes et totalitaires sont en partie tomb\u00e9es, et les grands progr\u00e8s scientifiques et techniques r\u00e9alis\u00e9s offrent sans aucun doute \u00e0 notre monde d\u2019immenses possibilit\u00e9s. Les progr\u00e8s mat\u00e9riels donnent lieu \u00e0 l\u2019am\u00e9lioration des conditions de vie de l\u2019humanit\u00e9 dans diff\u00e9rents domaines de la sant\u00e9, de l\u2019\u00e9ducation et\u2026","rel":"","context":"Dans &quot;Filles de la Charit\u00e9&quot;","block_context":{"text":"Filles de la Charit\u00e9","link":"http:\/\/vincentians.com\/fr\/category\/filles-de-la-charite\/"},"img":{"alt_text":"","src":"https:\/\/i0.wp.com\/vincentiens.org\/wp-content\/uploads\/2011\/05\/cruz_sv-212x300.jpg?resize=350%2C200","width":350,"height":200},"classes":[]},{"id":38257,"url":"http:\/\/vincentians.com\/fr\/elements-dunion-dans-la-famille-vincentienne\/","url_meta":{"origin":108186,"position":5},"title":"\u00c9l\u00e9ments d\u2019union dans la Famille Vincentienne","author":"Francisco Javier Fern\u00e1ndez Chento","date":"04\/08\/2016","format":false,"excerpt":"A. De quelle famille parlons-nous ? Lorsque nous parlons de la Famille Vincentienne nous faisons allusion \u00e0 tous ces groupes d\u2019associations ou \u00e0 des congr\u00e9gations qui, dans leur vie (style) et dans leur action (apostolat), s\u2019inspirent avec diverses nuances, de ce que nous appelons aujourd\u2019hui \u00ab charisme vincentien \u00bb. D\u2019autre\u2026","rel":"","context":"Dans &quot;La Famille Vincentienne&quot;","block_context":{"text":"La Famille Vincentienne","link":"http:\/\/vincentians.com\/fr\/category\/la-famille-vincentienne\/"},"img":{"alt_text":"","src":"https:\/\/i0.wp.com\/vincentians.com\/fr\/wp-content\/uploads\/sites\/10\/2014\/01\/Vincentian-Family-leaders-meeting-in-Paris.jpg?fit=1200%2C630&resize=350%2C200","width":350,"height":200,"srcset":"https:\/\/i0.wp.com\/vincentians.com\/fr\/wp-content\/uploads\/sites\/10\/2014\/01\/Vincentian-Family-leaders-meeting-in-Paris.jpg?fit=1200%2C630&resize=350%2C200 1x, https:\/\/i0.wp.com\/vincentians.com\/fr\/wp-content\/uploads\/sites\/10\/2014\/01\/Vincentian-Family-leaders-meeting-in-Paris.jpg?fit=1200%2C630&resize=525%2C300 1.5x, https:\/\/i0.wp.com\/vincentians.com\/fr\/wp-content\/uploads\/sites\/10\/2014\/01\/Vincentian-Family-leaders-meeting-in-Paris.jpg?fit=1200%2C630&resize=700%2C400 2x, https:\/\/i0.wp.com\/vincentians.com\/fr\/wp-content\/uploads\/sites\/10\/2014\/01\/Vincentian-Family-leaders-meeting-in-Paris.jpg?fit=1200%2C630&resize=1050%2C600 3x"},"classes":[]}],"_links":{"self":[{"href":"http:\/\/vincentians.com\/fr\/wp-json\/wp\/v2\/posts\/108186","targetHints":{"allow":["GET"]}}],"collection":[{"href":"http:\/\/vincentians.com\/fr\/wp-json\/wp\/v2\/posts"}],"about":[{"href":"http:\/\/vincentians.com\/fr\/wp-json\/wp\/v2\/types\/post"}],"author":[{"embeddable":true,"href":"http:\/\/vincentians.com\/fr\/wp-json\/wp\/v2\/users\/4"}],"replies":[{"embeddable":true,"href":"http:\/\/vincentians.com\/fr\/wp-json\/wp\/v2\/comments?post=108186"}],"version-history":[{"count":0,"href":"http:\/\/vincentians.com\/fr\/wp-json\/wp\/v2\/posts\/108186\/revisions"}],"wp:featuredmedia":[{"embeddable":true,"href":"http:\/\/vincentians.com\/fr\/wp-json\/"}],"wp:attachment":[{"href":"http:\/\/vincentians.com\/fr\/wp-json\/wp\/v2\/media?parent=108186"}],"wp:term":[{"taxonomy":"category","embeddable":true,"href":"http:\/\/vincentians.com\/fr\/wp-json\/wp\/v2\/categories?post=108186"},{"taxonomy":"post_tag","embeddable":true,"href":"http:\/\/vincentians.com\/fr\/wp-json\/wp\/v2\/tags?post=108186"}],"curies":[{"name":"wp","href":"https:\/\/api.w.org\/{rel}","templated":true}]}}