{"id":108121,"date":"2014-02-17T06:53:56","date_gmt":"2014-02-17T05:53:56","guid":{"rendered":"http:\/\/vincentiens.org\/?p=108121"},"modified":"2014-02-17T06:53:56","modified_gmt":"2014-02-17T05:53:56","slug":"la-vie-de-saint-vincent-de-paul-instituteur-de-la-congregation-de-la-mission-et-des-filles-de-la-charite-021","status":"publish","type":"post","link":"http:\/\/vincentians.com\/fr\/la-vie-de-saint-vincent-de-paul-instituteur-de-la-congregation-de-la-mission-et-des-filles-de-la-charite-021\/","title":{"rendered":"La vie de Saint Vincent de Paul, instituteur de la Congr\u00e9gation de la Mission et des Filles de la Charit\u00e9 (021)"},"content":{"rendered":"<h2>Livre Second<\/h2>\n<h3>6. Il est nomm\u00e9 par S. Fran\u00e7ois de Sales, Sup\u00e9rieur des Filles de la Visitation. Il \u00e9tablit \u00e0 Joigni une Confrairie d\u2019hommes pour le soulagement des pauvres. Le R. P. G\u00e9n\u00e9ral des Minimes l\u2019associe aux pri\u00e8res de son Ordre<\/h3>\n<p><a href=\"https:\/\/i0.wp.com\/vincentiens.org\/wp-content\/uploads\/2014\/01\/collet.jpg\"><img data-recalc-dims=\"1\" loading=\"lazy\" decoding=\"async\" class=\"alignright\" alt=\"collet\" src=\"https:\/\/i0.wp.com\/vincentiens.org\/wp-content\/uploads\/2014\/01\/collet-248x300.jpg?resize=248%2C300\" width=\"248\" height=\"300\" \/><\/a>Ce nouvel emploi, qui marquait l&rsquo;estime que Louis le juste faisait de notre pr\u00eatre, fut peu de temps apr\u00e8s suivi d&rsquo;un autre, qui fait bien conna\u00eetre le jugement, qu&rsquo;en portait S. Fran\u00e7ois de Sales. Ce grand \u00e9v\u00eaque, dont le seul nom rappelle l&rsquo;id\u00e9e d&rsquo;un des plus dignes Pontifes, que J.C. ait jamais donn\u00e9s \u00e0 son Eglise, connut Vincent, lorsqu&rsquo;apr\u00e8s son retour de Bresse, il rentra dans la maison de Gondi. Une tendre charit\u00e9 unit bient\u00f4t ces deux grandes \u00e2mes. Le don de discerner les esprits, qu&rsquo;ils poss\u00e9daient \u00e9minemment, leur dicta ce qu&rsquo;ils devaient penser l&rsquo;un de l&rsquo;autre. Vincent avoua que la douceur, la majest\u00e9, la modestie, et tout l&rsquo;ext\u00e9rieur de Fran\u00e7ois de Sales, lui retra\u00e7ait une vive image du Fils de Dieu conversant parmi les hommes. Fran\u00e7ois de Sales publiait \u00e0 son tour, que Vincent \u00e9tait un des plus saints pr\u00eatres, qu&rsquo;il e\u00fbt jamais connu, et qu&rsquo;il en savait aucun dans Paris, qui e\u00fbt plus de religion, plus de prudence, plus de ces talents rares, qui sont n\u00e9cessaires pour conduire les \u00e2mes \u00e0 une haute et solide pi\u00e9t\u00e9.<\/p>\n<p>Ces motifs le d\u00e9termin\u00e8rent \u00e0 jeter les yeux sur lui, pour en faire le premier Sup\u00e9rieur des religieuses de la Visitation, que l&rsquo;illustre Jeanne-Fran\u00e7oise Fremiot de Chantal avait \u00e9tablies depuis peu dans la Rue S. Antoine. Ce choix fait par un \u00e9v\u00eaque, qui avait pour maxime, qu&rsquo;un particulier m\u00eame doit choisir son directeur entre dix mille ; qu&rsquo;il s&rsquo;en trouve moins qu&rsquo;on ne saurait dire, qui soient capables de cet emploi ; et qu&rsquo;un homme charg\u00e9 du soin d&rsquo;une maison religieuse, doit joindre beaucoup de vertu et une charit\u00e9 rare, \u00e0 une science \u00e9tendue et \u00e0 une grande exp\u00e9rience ; ce choix dis-je, fera \u00e0 jamais chez toutes les personnes sages, l&rsquo;apologie du m\u00e9rite et de la pi\u00e9t\u00e9 de Vincent de Paul. En effet, quelques rares que fussent alors les bons pr\u00eatres, il est certain qu&rsquo;il y avait dans Paris plusieurs eccl\u00e9siastiques savants, vertueux, et plus \u00e2g\u00e9s que ne l&rsquo;\u00e9tait notre saint : il y avait des Pasteurs vigilants et sages dans plusieurs paroisses ; des Docteurs pleins de lumi\u00e8re, dans les maisons de Sorbonne et de Navarre ; des directeurs \u00e9clair\u00e9s, qui travaillaient avec fruit dans les diff\u00e9rents quartiers de cette grande ville. Ce fut cependant \u00e0 ces hommes respectables que fut pr\u00e9f\u00e9r\u00e9 Vincent de Paul ; et le saint \u00e9v\u00eaque de Gen\u00e8ve, apr\u00e8s en avoir longtemps conf\u00e9r\u00e9 avec la M\u00e8re de Chantal, et avoir par de longues et ferventes pri\u00e8res, conjur\u00e9 Dieu de l&rsquo;\u00e9clairer dans une affaire si importante, crut que c&rsquo;\u00e9tait l&rsquo;homme le plus propre \u00e0 achever son Ouvrage, et \u00e0 perp\u00e9tuer dans les nouvelles Epouses, qu&rsquo;il venait d&rsquo;enfanter \u00e0 J.C. l&rsquo;esprit d&rsquo;amour et de sacrifice, qui leur est propre, et dans lequel elles ont pendant pr\u00e8s de quarante ans, fait, sous sa conduite, des progr\u00e8s si consid\u00e9rables. Dans la juste crainte que l&rsquo;homme de Dieu ne refus\u00e2t un emploi, qui \u00e9tait une preuve parlante de l&rsquo;estime distingu\u00e9e qu&rsquo;on faisait de lui, le saint Instituteur de la Visitation s&rsquo;y prit, comme avait fait en pareil cas la G\u00e9n\u00e9rale des Gal\u00e8res. Il agit aupr\u00e8s de Henri de Gondi Cardinal de Retz (d) , dernier \u00e9v\u00eaque de Paris, il le pria de d\u00e9cider en sa faveur, et de pr\u00e9venir par des ordres pr\u00e9cis les d\u00e9lais et les remontrances. Ce pr\u00e9lat n&rsquo;eut garde de s&rsquo;opposer au bien d&rsquo;une des plus belles portions de son troupeau. Il parla, il fut ob\u00e9i. Les b\u00e9n\u00e9dictions, qui ont accompagn\u00e9 le minist\u00e8re de Vincent, et dont nous parlerons ailleurs, ont fait voir, que les hommes n&rsquo;avaient fait qu&rsquo;ex\u00e9cuter dans le temps, ce que Dieu avait arr\u00eat\u00e9 avant tous les si\u00e8cles.<\/p>\n<p>Ces emplois si glorieux pour Vincent, n&rsquo;enfl\u00e8rent point son coeur. Il n&rsquo;en eut que plus de liaison avec les pauvres. Il donna \u00e0 leur instruction tout le temps qui lui resta de libre. Il passa une grande partie de cette ann\u00e9e, et de la suivante, \u00e0 faire, comme je l&rsquo;ai dit un peu plus haut, des missions en plusieurs dioc\u00e8ses ; et il \u00e9tablit dans la ville de Joigni une Confr\u00e9rie d&rsquo;hommes pour le soulagement des pauvres qui \u00e9taient en bonne sant\u00e9, comme il y en avait d\u00e9j\u00e0 \u00e9tabli une de femmes, pour le service de ceux qui \u00e9taient malades. Mais son z\u00e8le pour le salut du prochain, ne l&rsquo;occupa pas jusqu&rsquo;\u00e0 l&#8217;emp\u00eacher de penser \u00e0 lui-m\u00eame. Pour ne se pas consumer en \u00e9clairant les autres, il ne n\u00e9gligeait aucun de ses exercices de pi\u00e9t\u00e9 ; et il y ajoutait de rudes et p\u00e9nibles mortifications. Les disciplines jusqu&rsquo;au sang, un cilice affreux, des cha\u00eenes tr\u00e8s pointues, un sommeil bien court, et toujours sur la paille ; une sobri\u00e9t\u00e9 extraordinaire dans le boire et dans le manger, et comme une foule d&rsquo;aust\u00e9rit\u00e9s semblables, entraient depuis longtemps dans le plan de sa vie, et il ne s&rsquo;en \u00e9carta jamais. Il fit cette m\u00eame ann\u00e9e les exercices spirituels \u00e0 Soissons avec beaucoup de ferveur. Ce fut l\u00e0 qu&rsquo;en se pesant lui-m\u00eame au poids du sanctuaire, qui ne trompe jamais, il reconnut en lui un d\u00e9faut, qui, comme il arrive d&rsquo;ordinaire, n&rsquo;e\u00fbt pas manqu\u00e9 de cro\u00eetre avec le temps, et de mettre quelque obstacle \u00e0 la sanctification des peuples, dont Dieu lui confiait si visiblement le salut et les int\u00e9r\u00eats.<\/p>\n<p>Son air naturellement grave, avait je ne sais quoi d&rsquo;aust\u00e8re, surtout par rapport aux personnes de condition ; et son penchant, qui le portait \u00e0 la solitude, rendait son commerce moins ais\u00e9. Les pauvres, avec lesquels il \u00e9tait dans son \u00e9l\u00e9ment, ne s&rsquo;en apercevaient pas ; mais le grand monde, qu&rsquo;il \u00e9tait oblig\u00e9 de voir, et qui veut des mani\u00e8res jusques dans la vertu, s&rsquo;en apercevait de temps en temps. Ces moments sombres, pendant lesquels Vincent, comme renferm\u00e9 en lui-m\u00eame, suivait, sans y penser, son temp\u00e9rament m\u00e9lancolique, affligeaient quelquefois la Comtesse de Joigni, qui craignant beaucoup de le perdre, craignait aussi qu&rsquo;il n&rsquo;e\u00fbt quelque m\u00e9contentement dans sa maison. Elle lui en t\u00e9moignait sa peine, avec ces mani\u00e8res pleines de bont\u00e9, qui lui \u00e9taient naturelles. Le saint homme, pendant la retraite qu&rsquo;il fit \u00e0 Soissons, s&rsquo;examina s\u00e9rieusement sur cet article ; et il en connut mieux l&rsquo;importance, qu&rsquo;il n&rsquo;avait fait jusqu&rsquo;alors. Je m&rsquo;adressai \u00e0 Notre Seigneur, c&rsquo;est lui qui parle, et qui parle avec son humilit\u00e9 ordinaire ; et je le priai instamment de me changer cette humeur s\u00e8che et rebutante, et de me donner un esprit doux et b\u00e9nin. Dieu ne lui manqua pas, mais aussi il ne manqua pas \u00e0 Dieu ; et il veilla si exactement sur lui-m\u00eame, que sa douceur et son affabilit\u00e9 pass\u00e8rent en proverbe ; et qu&rsquo;on a dit de lui, ce qu&rsquo;il disait lui-m\u00eame de S. Fran\u00e7ois de Sales, qu&rsquo;il \u00e9tait difficile de trouver un homme, dont la vertu s&rsquo;annon\u00e7\u00e2t sous des traits plus aimables, plus capables de gagner \u00e0 Dieu tous les coeurs.<\/p>\n<p>Les plus gens de bien, de concert avec Vincent, travaillaient \u00e0 lui obtenir du Ciel les gr\u00e2ces, dont il avait besoin, pour fournir dignement la grande carri\u00e8re, dans laquelle Dieu le faisait entrer. Cette m\u00eame ann\u00e9e 1621. Fran\u00e7ois de Ma\u00efda, Sup\u00e9rieur G\u00e9n\u00e9ral des RR.PP. Minimes (e) , et qui depuis fut \u00e9v\u00eaque de Lavello, lui accorda des lettres d&rsquo;Association, qui portent en subsistance, qu&rsquo;en consid\u00e9ration de son insigne pi\u00e9t\u00e9, et des services qu&rsquo;il a rendus aux enfants de S. Fran\u00e7ois de Paule, il le fait participant des pri\u00e8res, des sacrifices, des je\u00fbnes, des Indulgences, et de toutes les bonnes oeuvres, qui se font, ou qui se feront dans la suite, dans toute l&rsquo;\u00e9tendue de son Ordre ; et cela, dit-il, pour unir de plus en plus par la communion des m\u00eames gr\u00e2ces, ceux que la Divine Charit\u00e9 a d\u00e9j\u00e0 si \u00e9troitement unis. Nous ne doutons pas, que S. Vincent, aujourd&rsquo;hui qu&rsquo;il est dans la gloire, ne s&rsquo;int\u00e9resse particuli\u00e8rement pour une Communaut\u00e9, qui pendant qu&rsquo;il \u00e9tait sur la terre, lui a donn\u00e9 des marques si pr\u00e9cieuses d&rsquo;amour et de bienveillance. Mais ayant recouvr\u00e9 cette pi\u00e8ce, que M. Abelly n&rsquo;avait pas connue, les pr\u00eatres de la Mission ont cru ne pouvoir sans ingratitude laisser passer cette occasion de t\u00e9moigner publiquement leur reconnaissance, et leur estime pour ce saint Ordre. Au reste personne ne doit \u00eatre surpris, qu&rsquo;on n&rsquo;ait pu savoir quelle sorte de biens Vincent avait faits \u00e0 ces dignes Religieux. Le saint pr\u00eatre fut toujours aussi attentif \u00e0 cacher les bonnes oeuvres qu&rsquo;il pouvait faire, que les faux d\u00e9vots sont exacts \u00e0 faire sonner celles qu&rsquo;ils font de temps en temps. Des services qu&rsquo;il a rendus \u00e0 une infinit\u00e9 de Monast\u00e8res, on n&rsquo;a jamais connu que ceux qu&rsquo;il n&rsquo;a pu laisser ignorer. Ceux-ci toutefois sont en si grands nombre, que son premier Historien, qui en \u00e9tait parfaitement instruit, n&rsquo;a pas fait de difficult\u00e9 d&rsquo;\u00e9crire que si on voulait rapporter en d\u00e9tail tout ce que le serviteur de Dieu a fait en faveur de ceux et de celles qui avaient embrass\u00e9 l&rsquo;Etat Religieux, on en pourrait composer un Volume. Nous en dirons quelque chose, quand l&rsquo;occasion s&rsquo;en pr\u00e9sentera. Il est temps de suivre Vincent dans ses travaux Apostoliques.<\/p>\n","protected":false},"excerpt":{"rendered":"<p>Livre Second 6. Il est nomm\u00e9 par S. Fran\u00e7ois de Sales, Sup\u00e9rieur des Filles de la Visitation. Il \u00e9tablit \u00e0 Joigni une Confrairie d\u2019hommes pour le soulagement des pauvres. Le R. P. G\u00e9n\u00e9ral des Minimes &#8230; <a href=\"http:\/\/vincentians.com\/fr\/la-vie-de-saint-vincent-de-paul-instituteur-de-la-congregation-de-la-mission-et-des-filles-de-la-charite-021\/\" class=\"more-link\">Read More<\/a><\/p>\n","protected":false},"author":4,"featured_media":107739,"comment_status":"open","ping_status":"open","sticky":false,"template":"","format":"standard","meta":{"jetpack_post_was_ever_published":false,"_jetpack_newsletter_access":"","_jetpack_dont_email_post_to_subs":false,"_jetpack_newsletter_tier_id":0,"_jetpack_memberships_contains_paywalled_content":false,"_jetpack_memberships_contains_paid_content":false,"footnotes":"","jetpack_publicize_message":"","jetpack_publicize_feature_enabled":true,"jetpack_social_post_already_shared":true,"jetpack_social_options":{"image_generator_settings":{"template":"highway","default_image_id":0,"font":"","enabled":false},"version":2}},"categories":[5],"tags":[],"class_list":["post-108121","post","type-post","status-publish","format-standard","has-post-thumbnail","hentry","category-vincent-de-paul"],"yoast_head":"<!-- This site is optimized with the Yoast SEO plugin v26.3 - https:\/\/yoast.com\/wordpress\/plugins\/seo\/ -->\n<title>La vie de Saint Vincent de Paul, instituteur de la Congr\u00e9gation de la Mission et des Filles de la Charit\u00e9 (021) - Nous Sommes Vincentiens<\/title>\n<meta name=\"robots\" content=\"index, follow, max-snippet:-1, max-image-preview:large, max-video-preview:-1\" \/>\n<link rel=\"canonical\" href=\"http:\/\/vincentians.com\/fr\/la-vie-de-saint-vincent-de-paul-instituteur-de-la-congregation-de-la-mission-et-des-filles-de-la-charite-021\/\" \/>\n<meta property=\"og:locale\" content=\"fr_FR\" \/>\n<meta property=\"og:type\" content=\"article\" \/>\n<meta property=\"og:title\" content=\"La vie de Saint Vincent de Paul, instituteur de la Congr\u00e9gation de la Mission et des Filles de la Charit\u00e9 (021) - Nous Sommes Vincentiens\" \/>\n<meta property=\"og:description\" content=\"Livre Second 6. Il est nomm\u00e9 par S. Fran\u00e7ois de Sales, Sup\u00e9rieur des Filles de la Visitation. Il \u00e9tablit \u00e0 Joigni une Confrairie d\u2019hommes pour le soulagement des pauvres. Le R. P. G\u00e9n\u00e9ral des Minimes ... Read More\" \/>\n<meta property=\"og:url\" content=\"http:\/\/vincentians.com\/fr\/la-vie-de-saint-vincent-de-paul-instituteur-de-la-congregation-de-la-mission-et-des-filles-de-la-charite-021\/\" \/>\n<meta property=\"og:site_name\" content=\"Nous Sommes Vincentiens\" \/>\n<meta property=\"article:publisher\" content=\"https:\/\/www.facebook.com\/WeAreVincentians\/\" \/>\n<meta property=\"article:author\" content=\"https:\/\/www.facebook.com\/JavierChento\" \/>\n<meta property=\"article:published_time\" content=\"2014-02-17T05:53:56+00:00\" \/>\n<meta name=\"author\" content=\"Francisco Javier Fern\u00e1ndez Chento\" \/>\n<meta name=\"twitter:card\" content=\"summary_large_image\" \/>\n<meta name=\"twitter:creator\" content=\"@https:\/\/twitter.com\/javierchento\" \/>\n<meta name=\"twitter:site\" content=\"@WeVincentians\" \/>\n<meta name=\"twitter:label1\" content=\"\u00c9crit par\" \/>\n\t<meta name=\"twitter:data1\" content=\"Francisco Javier Fern\u00e1ndez Chento\" \/>\n\t<meta name=\"twitter:label2\" content=\"Dur\u00e9e de lecture estim\u00e9e\" \/>\n\t<meta name=\"twitter:data2\" content=\"8 minutes\" \/>\n<script type=\"application\/ld+json\" class=\"yoast-schema-graph\">{\"@context\":\"https:\/\/schema.org\",\"@graph\":[{\"@type\":\"WebPage\",\"@id\":\"http:\/\/vincentians.com\/fr\/la-vie-de-saint-vincent-de-paul-instituteur-de-la-congregation-de-la-mission-et-des-filles-de-la-charite-021\/\",\"url\":\"http:\/\/vincentians.com\/fr\/la-vie-de-saint-vincent-de-paul-instituteur-de-la-congregation-de-la-mission-et-des-filles-de-la-charite-021\/\",\"name\":\"La vie de Saint Vincent de Paul, instituteur de la Congr\u00e9gation de la Mission et des Filles de la Charit\u00e9 (021) - Nous Sommes Vincentiens\",\"isPartOf\":{\"@id\":\"https:\/\/vincentians.com\/fr\/#website\"},\"primaryImageOfPage\":{\"@id\":\"http:\/\/vincentians.com\/fr\/la-vie-de-saint-vincent-de-paul-instituteur-de-la-congregation-de-la-mission-et-des-filles-de-la-charite-021\/#primaryimage\"},\"image\":{\"@id\":\"http:\/\/vincentians.com\/fr\/la-vie-de-saint-vincent-de-paul-instituteur-de-la-congregation-de-la-mission-et-des-filles-de-la-charite-021\/#primaryimage\"},\"thumbnailUrl\":\"\",\"datePublished\":\"2014-02-17T05:53:56+00:00\",\"author\":{\"@id\":\"https:\/\/vincentians.com\/fr\/#\/schema\/person\/9623ef4d9aa3b2dfb8c061f1499288f2\"},\"breadcrumb\":{\"@id\":\"http:\/\/vincentians.com\/fr\/la-vie-de-saint-vincent-de-paul-instituteur-de-la-congregation-de-la-mission-et-des-filles-de-la-charite-021\/#breadcrumb\"},\"inLanguage\":\"fr-FR\",\"potentialAction\":[{\"@type\":\"ReadAction\",\"target\":[\"http:\/\/vincentians.com\/fr\/la-vie-de-saint-vincent-de-paul-instituteur-de-la-congregation-de-la-mission-et-des-filles-de-la-charite-021\/\"]}]},{\"@type\":\"ImageObject\",\"inLanguage\":\"fr-FR\",\"@id\":\"http:\/\/vincentians.com\/fr\/la-vie-de-saint-vincent-de-paul-instituteur-de-la-congregation-de-la-mission-et-des-filles-de-la-charite-021\/#primaryimage\",\"url\":\"\",\"contentUrl\":\"\"},{\"@type\":\"BreadcrumbList\",\"@id\":\"http:\/\/vincentians.com\/fr\/la-vie-de-saint-vincent-de-paul-instituteur-de-la-congregation-de-la-mission-et-des-filles-de-la-charite-021\/#breadcrumb\",\"itemListElement\":[{\"@type\":\"ListItem\",\"position\":1,\"name\":\"Portada\",\"item\":\"https:\/\/vincentians.com\/fr\/\"},{\"@type\":\"ListItem\",\"position\":2,\"name\":\"La vie de Saint Vincent de Paul, instituteur de la Congr\u00e9gation de la Mission et des Filles de la Charit\u00e9 (021)\"}]},{\"@type\":\"WebSite\",\"@id\":\"https:\/\/vincentians.com\/fr\/#website\",\"url\":\"https:\/\/vincentians.com\/fr\/\",\"name\":\"Nous Sommes Vincentiens\",\"description\":\"Know more to serve more\",\"potentialAction\":[{\"@type\":\"SearchAction\",\"target\":{\"@type\":\"EntryPoint\",\"urlTemplate\":\"https:\/\/vincentians.com\/fr\/?s={search_term_string}\"},\"query-input\":{\"@type\":\"PropertyValueSpecification\",\"valueRequired\":true,\"valueName\":\"search_term_string\"}}],\"inLanguage\":\"fr-FR\"},{\"@type\":\"Person\",\"@id\":\"https:\/\/vincentians.com\/fr\/#\/schema\/person\/9623ef4d9aa3b2dfb8c061f1499288f2\",\"name\":\"Francisco Javier Fern\u00e1ndez Chento\",\"image\":{\"@type\":\"ImageObject\",\"inLanguage\":\"fr-FR\",\"@id\":\"https:\/\/vincentians.com\/fr\/#\/schema\/person\/image\/\",\"url\":\"https:\/\/secure.gravatar.com\/avatar\/497d5cde87b4c3d097d0315953521681ba2cd523ee66e5077c3711f7021e65de?s=96&d=mm&r=g\",\"contentUrl\":\"https:\/\/secure.gravatar.com\/avatar\/497d5cde87b4c3d097d0315953521681ba2cd523ee66e5077c3711f7021e65de?s=96&d=mm&r=g\",\"caption\":\"Francisco Javier Fern\u00e1ndez Chento\"},\"description\":\"Director General y cofundador de La Red de Formaci\u00f3n Vicenciana. Javier es laico vicenciano, afiliado a la Congregaci\u00f3n de la Misi\u00f3n y miembro del Equipo de Misiones Populares de la provincia can\u00f3nica de Zaragoza (Espa\u00f1a) de la Congregaci\u00f3n de la Misi\u00f3n. Graduado en la Universidad Oberta de Catalunya con cuatro grados (Asistente de direcci\u00f3n, Gesti\u00f3n Administrativa, Recursos Humanos y Contabilidad Avanzada). Bil\u00edng\u00fce Espa\u00f1ol\/Ingl\u00e9s. gestiona y mantiene varias p\u00e1ginas web cristianas y vicencianas, incluida including La Red de Formaci\u00f3n Vicenciana, de la que es cofundador. Actualmente es responsable del \u00e1rea de Espa\u00f1ol de .famvin, la Red de Noticias de la Familia Vicenciana. Tambi\u00e9n es m\u00fasico cat\u00f3lico y ha editado varios discos. Es Director General y cofundador de Trovador, una reconocida compa\u00f1\u00eda discogr\u00e1fica critiana de Espa\u00f1a. Trabaja en las Tecnolog\u00edas de la Informaci\u00f3n, ofreciendo servicios de alojamiento, dise\u00f1o y mantenimiento Web, as\u00ed como asesoramiento, formaci\u00f3n y soluciones inform\u00e1ticas, gesti\u00f3n documental y digitalizaci\u00f3n de textos, edici\u00f3n y maquetaci\u00f3n de libros, revistas, flyers, etc.\",\"sameAs\":[\"http:\/\/chento.org\",\"https:\/\/www.facebook.com\/JavierChento\",\"https:\/\/x.com\/https:\/\/twitter.com\/javierchento\"],\"url\":\"http:\/\/vincentians.com\/fr\/author\/chento\/\"}]}<\/script>\n<!-- \/ Yoast SEO plugin. -->","yoast_head_json":{"title":"La vie de Saint Vincent de Paul, instituteur de la Congr\u00e9gation de la Mission et des Filles de la Charit\u00e9 (021) - Nous Sommes Vincentiens","robots":{"index":"index","follow":"follow","max-snippet":"max-snippet:-1","max-image-preview":"max-image-preview:large","max-video-preview":"max-video-preview:-1"},"canonical":"http:\/\/vincentians.com\/fr\/la-vie-de-saint-vincent-de-paul-instituteur-de-la-congregation-de-la-mission-et-des-filles-de-la-charite-021\/","og_locale":"fr_FR","og_type":"article","og_title":"La vie de Saint Vincent de Paul, instituteur de la Congr\u00e9gation de la Mission et des Filles de la Charit\u00e9 (021) - Nous Sommes Vincentiens","og_description":"Livre Second 6. Il est nomm\u00e9 par S. Fran\u00e7ois de Sales, Sup\u00e9rieur des Filles de la Visitation. Il \u00e9tablit \u00e0 Joigni une Confrairie d\u2019hommes pour le soulagement des pauvres. Le R. P. G\u00e9n\u00e9ral des Minimes ... Read More","og_url":"http:\/\/vincentians.com\/fr\/la-vie-de-saint-vincent-de-paul-instituteur-de-la-congregation-de-la-mission-et-des-filles-de-la-charite-021\/","og_site_name":"Nous Sommes Vincentiens","article_publisher":"https:\/\/www.facebook.com\/WeAreVincentians\/","article_author":"https:\/\/www.facebook.com\/JavierChento","article_published_time":"2014-02-17T05:53:56+00:00","author":"Francisco Javier Fern\u00e1ndez Chento","twitter_card":"summary_large_image","twitter_creator":"@https:\/\/twitter.com\/javierchento","twitter_site":"@WeVincentians","twitter_misc":{"\u00c9crit par":"Francisco Javier Fern\u00e1ndez Chento","Dur\u00e9e de lecture estim\u00e9e":"8 minutes"},"schema":{"@context":"https:\/\/schema.org","@graph":[{"@type":"WebPage","@id":"http:\/\/vincentians.com\/fr\/la-vie-de-saint-vincent-de-paul-instituteur-de-la-congregation-de-la-mission-et-des-filles-de-la-charite-021\/","url":"http:\/\/vincentians.com\/fr\/la-vie-de-saint-vincent-de-paul-instituteur-de-la-congregation-de-la-mission-et-des-filles-de-la-charite-021\/","name":"La vie de Saint Vincent de Paul, instituteur de la Congr\u00e9gation de la Mission et des Filles de la Charit\u00e9 (021) - Nous Sommes Vincentiens","isPartOf":{"@id":"https:\/\/vincentians.com\/fr\/#website"},"primaryImageOfPage":{"@id":"http:\/\/vincentians.com\/fr\/la-vie-de-saint-vincent-de-paul-instituteur-de-la-congregation-de-la-mission-et-des-filles-de-la-charite-021\/#primaryimage"},"image":{"@id":"http:\/\/vincentians.com\/fr\/la-vie-de-saint-vincent-de-paul-instituteur-de-la-congregation-de-la-mission-et-des-filles-de-la-charite-021\/#primaryimage"},"thumbnailUrl":"","datePublished":"2014-02-17T05:53:56+00:00","author":{"@id":"https:\/\/vincentians.com\/fr\/#\/schema\/person\/9623ef4d9aa3b2dfb8c061f1499288f2"},"breadcrumb":{"@id":"http:\/\/vincentians.com\/fr\/la-vie-de-saint-vincent-de-paul-instituteur-de-la-congregation-de-la-mission-et-des-filles-de-la-charite-021\/#breadcrumb"},"inLanguage":"fr-FR","potentialAction":[{"@type":"ReadAction","target":["http:\/\/vincentians.com\/fr\/la-vie-de-saint-vincent-de-paul-instituteur-de-la-congregation-de-la-mission-et-des-filles-de-la-charite-021\/"]}]},{"@type":"ImageObject","inLanguage":"fr-FR","@id":"http:\/\/vincentians.com\/fr\/la-vie-de-saint-vincent-de-paul-instituteur-de-la-congregation-de-la-mission-et-des-filles-de-la-charite-021\/#primaryimage","url":"","contentUrl":""},{"@type":"BreadcrumbList","@id":"http:\/\/vincentians.com\/fr\/la-vie-de-saint-vincent-de-paul-instituteur-de-la-congregation-de-la-mission-et-des-filles-de-la-charite-021\/#breadcrumb","itemListElement":[{"@type":"ListItem","position":1,"name":"Portada","item":"https:\/\/vincentians.com\/fr\/"},{"@type":"ListItem","position":2,"name":"La vie de Saint Vincent de Paul, instituteur de la Congr\u00e9gation de la Mission et des Filles de la Charit\u00e9 (021)"}]},{"@type":"WebSite","@id":"https:\/\/vincentians.com\/fr\/#website","url":"https:\/\/vincentians.com\/fr\/","name":"Nous Sommes Vincentiens","description":"Know more to serve more","potentialAction":[{"@type":"SearchAction","target":{"@type":"EntryPoint","urlTemplate":"https:\/\/vincentians.com\/fr\/?s={search_term_string}"},"query-input":{"@type":"PropertyValueSpecification","valueRequired":true,"valueName":"search_term_string"}}],"inLanguage":"fr-FR"},{"@type":"Person","@id":"https:\/\/vincentians.com\/fr\/#\/schema\/person\/9623ef4d9aa3b2dfb8c061f1499288f2","name":"Francisco Javier Fern\u00e1ndez Chento","image":{"@type":"ImageObject","inLanguage":"fr-FR","@id":"https:\/\/vincentians.com\/fr\/#\/schema\/person\/image\/","url":"https:\/\/secure.gravatar.com\/avatar\/497d5cde87b4c3d097d0315953521681ba2cd523ee66e5077c3711f7021e65de?s=96&d=mm&r=g","contentUrl":"https:\/\/secure.gravatar.com\/avatar\/497d5cde87b4c3d097d0315953521681ba2cd523ee66e5077c3711f7021e65de?s=96&d=mm&r=g","caption":"Francisco Javier Fern\u00e1ndez Chento"},"description":"Director General y cofundador de La Red de Formaci\u00f3n Vicenciana. Javier es laico vicenciano, afiliado a la Congregaci\u00f3n de la Misi\u00f3n y miembro del Equipo de Misiones Populares de la provincia can\u00f3nica de Zaragoza (Espa\u00f1a) de la Congregaci\u00f3n de la Misi\u00f3n. Graduado en la Universidad Oberta de Catalunya con cuatro grados (Asistente de direcci\u00f3n, Gesti\u00f3n Administrativa, Recursos Humanos y Contabilidad Avanzada). Bil\u00edng\u00fce Espa\u00f1ol\/Ingl\u00e9s. gestiona y mantiene varias p\u00e1ginas web cristianas y vicencianas, incluida including La Red de Formaci\u00f3n Vicenciana, de la que es cofundador. Actualmente es responsable del \u00e1rea de Espa\u00f1ol de .famvin, la Red de Noticias de la Familia Vicenciana. Tambi\u00e9n es m\u00fasico cat\u00f3lico y ha editado varios discos. Es Director General y cofundador de Trovador, una reconocida compa\u00f1\u00eda discogr\u00e1fica critiana de Espa\u00f1a. Trabaja en las Tecnolog\u00edas de la Informaci\u00f3n, ofreciendo servicios de alojamiento, dise\u00f1o y mantenimiento Web, as\u00ed como asesoramiento, formaci\u00f3n y soluciones inform\u00e1ticas, gesti\u00f3n documental y digitalizaci\u00f3n de textos, edici\u00f3n y maquetaci\u00f3n de libros, revistas, flyers, etc.","sameAs":["http:\/\/chento.org","https:\/\/www.facebook.com\/JavierChento","https:\/\/x.com\/https:\/\/twitter.com\/javierchento"],"url":"http:\/\/vincentians.com\/fr\/author\/chento\/"}]}},"jetpack_publicize_connections":[],"jetpack_featured_media_url":"","jetpack_sharing_enabled":true,"jetpack_shortlink":"https:\/\/wp.me\/p7ETMP-s7T","jetpack-related-posts":[{"id":52033,"url":"http:\/\/vincentians.com\/fr\/saint-vincent-de-paul-et-sa-mission-sociale-ii-les-oeuvres-1\/","url_meta":{"origin":108121,"position":0},"title":"Saint Vincent De Paul Et Sa Mission Sociale. II &#8211; Les \u0152uvres (1)","author":"Francisco Javier Fern\u00e1ndez Chento","date":"21\/12\/2014","format":false,"excerpt":"LES CONFR\u00c9RIES DE LA CHARIT\u00c9. Organisation et d\u00e9veloppement de la confr\u00e9rie de la Charit\u00e9. \u2014 Les domaines du seigneur de Gondi. \u2014 Premi\u00e8re id\u00e9e de la congr\u00e9gation de la Mission. \u2014 Vincent de Paul devient aum\u00f4nier royal des gal\u00e8res et sup\u00e9rieur des religieuses de la Visitation. \u2014 Saint Fran\u00e7ois de\u2026","rel":"","context":"Dans &quot;Vincent de Paul&quot;","block_context":{"text":"Vincent de Paul","link":"http:\/\/vincentians.com\/fr\/category\/the-vincentian-family\/founders\/vincent-de-paul\/"},"img":{"alt_text":"","src":"https:\/\/i0.wp.com\/vincentians.com\/fr\/wp-content\/uploads\/sites\/10\/2016\/07\/vincent-et-sa-action-sociale.jpg?fit=1160%2C630&resize=350%2C200","width":350,"height":200,"srcset":"https:\/\/i0.wp.com\/vincentians.com\/fr\/wp-content\/uploads\/sites\/10\/2016\/07\/vincent-et-sa-action-sociale.jpg?fit=1160%2C630&resize=350%2C200 1x, https:\/\/i0.wp.com\/vincentians.com\/fr\/wp-content\/uploads\/sites\/10\/2016\/07\/vincent-et-sa-action-sociale.jpg?fit=1160%2C630&resize=525%2C300 1.5x, https:\/\/i0.wp.com\/vincentians.com\/fr\/wp-content\/uploads\/sites\/10\/2016\/07\/vincent-et-sa-action-sociale.jpg?fit=1160%2C630&resize=700%2C400 2x, https:\/\/i0.wp.com\/vincentians.com\/fr\/wp-content\/uploads\/sites\/10\/2016\/07\/vincent-et-sa-action-sociale.jpg?fit=1160%2C630&resize=1050%2C600 3x"},"classes":[]},{"id":52038,"url":"http:\/\/vincentians.com\/fr\/saint-vincent-de-paul-et-sa-mission-sociale-ii-les-oeuvres-3\/","url_meta":{"origin":108121,"position":1},"title":"Saint Vincent De Paul Et Sa Mission Sociale. II &#8211; Les \u0152uvres (3)","author":"Francisco Javier Fern\u00e1ndez Chento","date":"23\/12\/2014","format":false,"excerpt":"LA S\u0152UR DE CHARIT\u00c9. \u2014 Mademoiselle Le Gras et Vincent de Paul. \u2014 Premiers rapports ; premi\u00e8res \u0153uvres. \u2014 Institution des Filles de la Charit\u00e9, servantes des pauvres. \u2014 Une nouvelle religieuse. \u2014 Conf\u00e9rences. \u2014 R\u00e8gles. \u2014 L\u2019H\u00f4tel de Rambouillet et l\u2019H\u00f4tel-Dieu. \u2014 Les Dames de la Charit\u00e9. Madame Goussault.\u2026","rel":"","context":"Dans &quot;Vincent de Paul&quot;","block_context":{"text":"Vincent de Paul","link":"http:\/\/vincentians.com\/fr\/category\/the-vincentian-family\/founders\/vincent-de-paul\/"},"img":{"alt_text":"","src":"https:\/\/i0.wp.com\/vincentians.com\/fr\/wp-content\/uploads\/sites\/10\/2016\/07\/vincent-et-sa-action-sociale.jpg?fit=1160%2C630&resize=350%2C200","width":350,"height":200,"srcset":"https:\/\/i0.wp.com\/vincentians.com\/fr\/wp-content\/uploads\/sites\/10\/2016\/07\/vincent-et-sa-action-sociale.jpg?fit=1160%2C630&resize=350%2C200 1x, https:\/\/i0.wp.com\/vincentians.com\/fr\/wp-content\/uploads\/sites\/10\/2016\/07\/vincent-et-sa-action-sociale.jpg?fit=1160%2C630&resize=525%2C300 1.5x, https:\/\/i0.wp.com\/vincentians.com\/fr\/wp-content\/uploads\/sites\/10\/2016\/07\/vincent-et-sa-action-sociale.jpg?fit=1160%2C630&resize=700%2C400 2x, https:\/\/i0.wp.com\/vincentians.com\/fr\/wp-content\/uploads\/sites\/10\/2016\/07\/vincent-et-sa-action-sociale.jpg?fit=1160%2C630&resize=1050%2C600 3x"},"classes":[]},{"id":52061,"url":"http:\/\/vincentians.com\/fr\/saint-vincent-de-paul-et-sa-mission-sociale-iv-le-saint\/","url_meta":{"origin":108121,"position":2},"title":"Saint Vincent De Paul Et Sa Mission Sociale. IV &#8211; Le Saint","author":"Francisco Javier Fern\u00e1ndez Chento","date":"28\/12\/2014","format":false,"excerpt":"La charit\u00e9 ; ses sources, ses effets. \u2014 Foi, humilit\u00e9, douceur de Vincent de Paul. \u2014 Traits de ses vertus. \u2014 Les miracles. \u2014 La vision des deux globes. \u2014 La journ\u00e9e de Vincent ; occupations et aust\u00e9rit\u00e9s. \u2014 Les derniers temps de sa vie. \u2014 Mort et canonisation. \u2014\u2026","rel":"","context":"Dans &quot;Vincent de Paul&quot;","block_context":{"text":"Vincent de Paul","link":"http:\/\/vincentians.com\/fr\/category\/the-vincentian-family\/founders\/vincent-de-paul\/"},"img":{"alt_text":"","src":"https:\/\/i0.wp.com\/vincentians.com\/fr\/wp-content\/uploads\/sites\/10\/2016\/07\/vincent-et-sa-action-sociale.jpg?fit=1160%2C630&resize=350%2C200","width":350,"height":200,"srcset":"https:\/\/i0.wp.com\/vincentians.com\/fr\/wp-content\/uploads\/sites\/10\/2016\/07\/vincent-et-sa-action-sociale.jpg?fit=1160%2C630&resize=350%2C200 1x, https:\/\/i0.wp.com\/vincentians.com\/fr\/wp-content\/uploads\/sites\/10\/2016\/07\/vincent-et-sa-action-sociale.jpg?fit=1160%2C630&resize=525%2C300 1.5x, https:\/\/i0.wp.com\/vincentians.com\/fr\/wp-content\/uploads\/sites\/10\/2016\/07\/vincent-et-sa-action-sociale.jpg?fit=1160%2C630&resize=700%2C400 2x, https:\/\/i0.wp.com\/vincentians.com\/fr\/wp-content\/uploads\/sites\/10\/2016\/07\/vincent-et-sa-action-sociale.jpg?fit=1160%2C630&resize=1050%2C600 3x"},"classes":[]},{"id":52079,"url":"http:\/\/vincentians.com\/fr\/saint-vincent-de-paul-et-sa-mission-sociale-ix-lart-et-la-charite\/","url_meta":{"origin":108121,"position":3},"title":"Saint Vincent De Paul Et Sa Mission Sociale. IX &#8211; L\u2019Art Et La Charit\u00e9","author":"Francisco Javier Fern\u00e1ndez Chento","date":"04\/01\/2015","format":false,"excerpt":"L\u2019art chr\u00e9tien est l\u2019art de la charit\u00e9, puisque la charit\u00e9 est son principe et sa fin. Une \u0153uvre d\u2019art est un acte de l\u2019intelligence et de la volont\u00e9. L\u2019intelligence con\u00e7oit un id\u00e9al que la volont\u00e9 aime et veut manifester ; c\u2019est ainsi que l\u2019homme devient artiste. Son art d\u00e9pend de\u2026","rel":"","context":"Dans &quot;Vincent de Paul&quot;","block_context":{"text":"Vincent de Paul","link":"http:\/\/vincentians.com\/fr\/category\/the-vincentian-family\/founders\/vincent-de-paul\/"},"img":{"alt_text":"","src":"https:\/\/i0.wp.com\/vincentians.com\/fr\/wp-content\/uploads\/sites\/10\/2016\/07\/vincent-et-sa-action-sociale.jpg?fit=1160%2C630&resize=350%2C200","width":350,"height":200,"srcset":"https:\/\/i0.wp.com\/vincentians.com\/fr\/wp-content\/uploads\/sites\/10\/2016\/07\/vincent-et-sa-action-sociale.jpg?fit=1160%2C630&resize=350%2C200 1x, https:\/\/i0.wp.com\/vincentians.com\/fr\/wp-content\/uploads\/sites\/10\/2016\/07\/vincent-et-sa-action-sociale.jpg?fit=1160%2C630&resize=525%2C300 1.5x, https:\/\/i0.wp.com\/vincentians.com\/fr\/wp-content\/uploads\/sites\/10\/2016\/07\/vincent-et-sa-action-sociale.jpg?fit=1160%2C630&resize=700%2C400 2x, https:\/\/i0.wp.com\/vincentians.com\/fr\/wp-content\/uploads\/sites\/10\/2016\/07\/vincent-et-sa-action-sociale.jpg?fit=1160%2C630&resize=1050%2C600 3x"},"classes":[]},{"id":38477,"url":"http:\/\/vincentians.com\/fr\/le-directeur-provincial-animateur-des-filles-de-la-charite\/","url_meta":{"origin":108121,"position":4},"title":"Le Directeur Provincial \u201canimateur\u201d des Filles de la Charit\u00e9","author":"Francisco Javier Fern\u00e1ndez Chento","date":"03\/10\/2012","format":false,"excerpt":"Dans les Constitutions des Filles de la Charit\u00e9, nous trouvons \u00e0 l\u2019article 3.38: le Directeur Provincial est un pr\u00eatre de la Congr\u00e9gation de la Mission, nomm\u00e9 par le Sup\u00e9rieur G\u00e9n\u00e9ral; \u201cil partage avec la Visitatrice et son Conseil la responsabilit\u00e9 de promouvoir l\u2019esprit vincentien dans la Province\u201d Missionnaire, le directeur\u2026","rel":"","context":"Dans &quot;Congr\u00e9gation de la Mission&quot;","block_context":{"text":"Congr\u00e9gation de la Mission","link":"http:\/\/vincentians.com\/fr\/category\/congregation-de-la-mission\/"},"img":{"alt_text":"","src":"https:\/\/i0.wp.com\/vincentiens.org\/wp-content\/uploads\/2011\/05\/filles_charite-228x300.jpg?resize=350%2C200","width":350,"height":200},"classes":[]},{"id":52020,"url":"http:\/\/vincentians.com\/fr\/saint-vincent-de-paul-et-sa-mission-sociale-i-la-vocation-1\/","url_meta":{"origin":108121,"position":5},"title":"Saint Vincent De Paul Et Sa Mission Sociale. I &#8211; La vocation (1)","author":"Francisco Javier Fern\u00e1ndez Chento","date":"18\/12\/2014","format":false,"excerpt":"L\u2019HOMME ET L\u2019\u0152UVRE \u2014 Le seizi\u00e8me si\u00e8cle et le protestantisme en France. \u2014 Ravages caus\u00e9s par les guerres de religion. \u2014 Changements dans la soci\u00e9t\u00e9. \u2014 Accroissement de la mis\u00e8re. \u2014 L\u2019\u0153uvre nouvelle de la Charit\u00e9. \u2014 Saint Vincent de Paul. \u2014 Sa mission. \u2014 Naissance et premi\u00e8res ann\u00e9es. \u2014\u2026","rel":"","context":"Dans &quot;Vincent de Paul&quot;","block_context":{"text":"Vincent de Paul","link":"http:\/\/vincentians.com\/fr\/category\/the-vincentian-family\/founders\/vincent-de-paul\/"},"img":{"alt_text":"","src":"https:\/\/i0.wp.com\/vincentians.com\/fr\/wp-content\/uploads\/sites\/10\/2016\/07\/vincent-et-sa-action-sociale.jpg?fit=1160%2C630&resize=350%2C200","width":350,"height":200,"srcset":"https:\/\/i0.wp.com\/vincentians.com\/fr\/wp-content\/uploads\/sites\/10\/2016\/07\/vincent-et-sa-action-sociale.jpg?fit=1160%2C630&resize=350%2C200 1x, https:\/\/i0.wp.com\/vincentians.com\/fr\/wp-content\/uploads\/sites\/10\/2016\/07\/vincent-et-sa-action-sociale.jpg?fit=1160%2C630&resize=525%2C300 1.5x, https:\/\/i0.wp.com\/vincentians.com\/fr\/wp-content\/uploads\/sites\/10\/2016\/07\/vincent-et-sa-action-sociale.jpg?fit=1160%2C630&resize=700%2C400 2x, https:\/\/i0.wp.com\/vincentians.com\/fr\/wp-content\/uploads\/sites\/10\/2016\/07\/vincent-et-sa-action-sociale.jpg?fit=1160%2C630&resize=1050%2C600 3x"},"classes":[]}],"_links":{"self":[{"href":"http:\/\/vincentians.com\/fr\/wp-json\/wp\/v2\/posts\/108121","targetHints":{"allow":["GET"]}}],"collection":[{"href":"http:\/\/vincentians.com\/fr\/wp-json\/wp\/v2\/posts"}],"about":[{"href":"http:\/\/vincentians.com\/fr\/wp-json\/wp\/v2\/types\/post"}],"author":[{"embeddable":true,"href":"http:\/\/vincentians.com\/fr\/wp-json\/wp\/v2\/users\/4"}],"replies":[{"embeddable":true,"href":"http:\/\/vincentians.com\/fr\/wp-json\/wp\/v2\/comments?post=108121"}],"version-history":[{"count":0,"href":"http:\/\/vincentians.com\/fr\/wp-json\/wp\/v2\/posts\/108121\/revisions"}],"wp:featuredmedia":[{"embeddable":true,"href":"http:\/\/vincentians.com\/fr\/wp-json\/"}],"wp:attachment":[{"href":"http:\/\/vincentians.com\/fr\/wp-json\/wp\/v2\/media?parent=108121"}],"wp:term":[{"taxonomy":"category","embeddable":true,"href":"http:\/\/vincentians.com\/fr\/wp-json\/wp\/v2\/categories?post=108121"},{"taxonomy":"post_tag","embeddable":true,"href":"http:\/\/vincentians.com\/fr\/wp-json\/wp\/v2\/tags?post=108121"}],"curies":[{"name":"wp","href":"https:\/\/api.w.org\/{rel}","templated":true}]}}