{"id":108091,"date":"2014-02-02T06:53:56","date_gmt":"2014-02-02T05:53:56","guid":{"rendered":"http:\/\/vincentiens.org\/?p=108091"},"modified":"2014-02-02T06:53:56","modified_gmt":"2014-02-02T05:53:56","slug":"la-vie-de-saint-vincent-de-paul-instituteur-de-la-congregation-de-la-mission-et-des-filles-de-la-charite-006","status":"publish","type":"post","link":"http:\/\/vincentians.com\/fr\/la-vie-de-saint-vincent-de-paul-instituteur-de-la-congregation-de-la-mission-et-des-filles-de-la-charite-006\/","title":{"rendered":"La vie de Saint Vincent de Paul, instituteur de la Congr\u00e9gation de la Mission et des Filles de la Charit\u00e9 (006)"},"content":{"rendered":"<h2>Livre premier<\/h2>\n<h3>6. On le pr\u00e9sente \u00e0 la Reine Marguerite ; il entre chez cette Princesse en qualit\u00e9 d\u2019Aum\u00f4nier. Sa charit\u00e9 pour un Docteur fatigu\u00e9 d\u2019une \u00e9norme tentation.<\/h3>\n<p><a href=\"https:\/\/i0.wp.com\/vincentiens.org\/wp-content\/uploads\/2014\/01\/collet.jpg\"><img data-recalc-dims=\"1\" loading=\"lazy\" decoding=\"async\" class=\"alignright\" alt=\"collet\" src=\"https:\/\/i0.wp.com\/vincentiens.org\/wp-content\/uploads\/2014\/01\/collet-248x300.jpg?resize=248%2C300\" width=\"248\" height=\"300\" \/><\/a>Du Fresne ne se borna pas \u00e0 une amiti\u00e9 st\u00e9rile, il fit ce qu&rsquo;il put pour Vincent, et il y a toute apparence que ce fut lui qui le fit conna\u00eetre \u00e0 la Reine Marguerite. Cette Princesse qui fut la derni\u00e8re de la branche des Valois, avait e\u00fbt pendant plusieurs ann\u00e9es une r\u00e9putation plus qu&rsquo;\u00e9quivoque : mais elle avait pris, depuis la dissolution de son mariage (r) le parti de la d\u00e9votion : elle vivait avec plus de douceur et de r\u00e9gularit\u00e9 qu&rsquo;elle n&rsquo;avait fait autrefois ; elle paraissait vouloir sinc\u00e8rement racheter par un grand nombre de bonnes \u0153uvres, et surtout par des aum\u00f4nes consid\u00e9rables, ces ann\u00e9es de licence et d&rsquo;\u00e9garement, qui touchent peu dans la jeunesse, mais qui frappent, malgr\u00e9 qu&rsquo;on en ait, \u00e0 mesure qu&rsquo;on s&rsquo;avance vers l&rsquo;\u00e9ternit\u00e9. La mani\u00e8re avantageuse dont on lui parla de Vincent, lui fit souhaiter de le voir ; et elle le fit mettre sur l&rsquo;\u00e9tat de sa maison en qualit\u00e9 de son Aum\u00f4nier ordinaire.<\/p>\n<p>Ce fut pendant le cours de ce nouvel emploi, que Vincent fit conna\u00eetre l&rsquo;\u00e9tendue de sa Foi, et de son amour pour le prochain. L&rsquo;\u00e9v\u00e9nement a quelque chose de si extraordinaire, que je l&rsquo;aurais supprim\u00e9, s&rsquo;il n&rsquo;\u00e9tait appuy\u00e9 sur des preuves qui ne souffrent ni exception ni r\u00e9plique.<\/p>\n<p>Il y avait \u00e0 la Cour de cette Princesse un c\u00e9l\u00e8bre Docteur qui ayant \u00e9t\u00e9 longtemps Th\u00e9ologal, avait d\u00e9fendu la Foi contre les h\u00e9r\u00e9tiques avec beaucoup de z\u00e8le et de succ\u00e8s. La Reine Marguerite qui aimait les conversations savantes, l&rsquo;avait appel\u00e9 aupr\u00e8s d&rsquo;elle, pour profiter quelquefois de ses entretiens. Le repos dont il jouissait dans ce changement d&rsquo;\u00e9tat, lui fut plus funeste, que le travail excessif dont il \u00e9tait accabl\u00e9 auparavant. Un nuage obscur, d&rsquo;\u00e9paisses t\u00e9n\u00e8bres s&rsquo;\u00e9lev\u00e8rent dans son esprit. Sa Foi jusques-l\u00e0 lumineuse et si ferme, s&rsquo;\u00e9branla peu \u00e0 peu. Son c\u0153ur se vit bient\u00f4t en butte \u00e0 tous les traits de l&rsquo;infid\u00e9lit\u00e9. La tentation croissait par les m\u00eames moyens dont se servent les autres pour la calmer. Le nom de J.C. si propre \u00e0 ranimer la confiance, \u00e9tait pour lui un sujet de peine. Il n&rsquo;y pensait qu&rsquo;avec des mouvements de fureur et de blasph\u00e8me qu&rsquo;il ne pouvait presque arr\u00eater. Une situation aussi violente engendra bient\u00f4t le d\u00e9sespoir. L&rsquo;infortun\u00e9 Docteur pensa plus d&rsquo;une fois se jeter par les fen\u00eatres, pour mettre fin \u00e0 un d\u00e9chirement si vif et si continuel. On fut oblig\u00e9 de lui d\u00e9fendre de c\u00e9l\u00e9brer la Messe, de dire son Office, et m\u00eame de faire aucune pri\u00e8re vocale. En effet, d\u00e8s qu&rsquo;il commen\u00e7ait seulement \u00e0 r\u00e9citer l&rsquo;oraison Dominicale, l&rsquo;enfer et tous ses spectres se pr\u00e9sentaient d&rsquo;une mani\u00e8re si frappante \u00e0 son imagination, qu&rsquo;il ne se connaissait plus lui-m\u00eame. Le d\u00e9saveu de ses tentations l&rsquo;\u00e9puisait ; et le m\u00e9pris qu&rsquo;il s&rsquo;effor\u00e7ait quelquefois d&rsquo;en faire, le livrait aux plus mortelles alarmes. Ses amis, du nombre desquels \u00e9tait Vincent de Paul, le pri\u00e8rent de se contenter dans l&rsquo;acc\u00e8s de son mal, de tourner la main ou le doigt du c\u00f4t\u00e9 de quelque Eglise, avec une intention g\u00e9n\u00e9rale d&rsquo;exprimer par ce mouvement, qu&rsquo;il n&rsquo;avait d&rsquo;autre cr\u00e9ance que celle de l&rsquo;Eglise universelle. Cet exp\u00e9dient lui fut aussi inutile que ceux dont il s&rsquo;\u00e9tait servi jusqu&rsquo;alors. Enfin la nature succomba. Le trouble de l&rsquo;\u00e2me produisit le d\u00e9rangement du corps. Le Th\u00e9ologal tomba malade. Plus les forces diminuaient d&rsquo;un c\u00f4t\u00e9, plus la tentation redoublait de l&rsquo;autre. L&rsquo;esprit malin l&rsquo;affaiblit avec plus de furie qu&rsquo;il n&rsquo;avait fait jusques-l\u00e0, et il ne n\u00e9gligea rien pour lui inspirer cette haine implacable qu&rsquo;il porte au Fils de Dieu. Vincent fut touch\u00e9 de voir son ami dans un \u00e9tat si pitoyable ; il craignit qu&rsquo;il ne succomb\u00e2t enfin sous les coups si multipli\u00e9s, que ses l\u00e8vres ne s&rsquo;ouvrissent au blasph\u00e8me, et son c\u0153ur \u00e0 l&rsquo;irr\u00e9ligion. Pour fl\u00e9chir la mis\u00e9ricorde de Dieu, qui punissait avec tant de rigueur, l&rsquo;oisivet\u00e9 \u00e0 laquelle ce Docteur s&rsquo;\u00e9tait un peu trop livr\u00e9, il se mit en oraison ; il conjura instamment celui qui calme, quand il lui pla\u00eet, les flots les plus irrit\u00e9s, de rendre la paix \u00e0 un homme qui l&rsquo;avait longtemps servi ; et imitant en quelque sorte la charit\u00e9 de J.C. qui a pris sur lui nos faiblesses pour nous en gu\u00e9rir, il s&rsquo;offrit \u00e0 Dieu en esprit de victime ; et il se chargea, pour d\u00e9dommager sa justice, de porter sur lui-m\u00eame, ou le m\u00eame genre d&rsquo;\u00e9preuve, ou toute autre peine dont Dieu voudrait l&rsquo;affliger.<\/p>\n<p>Une pri\u00e8re si anim\u00e9e, et qui ressemblait assez au d\u00e9sir qu&rsquo;avait S. Paul d&rsquo;\u00eatre anath\u00e8me pour ses fr\u00e8res, fut exauc\u00e9e, mais elle le fut dans toute son \u00e9tendue. Le malade fut enti\u00e8rement d\u00e9livr\u00e9 de sa tentation. Une paix profonde succ\u00e9da \u00e0 l&rsquo;orage. Les difficult\u00e9s qui obscurcissaient sa Foi, se dissip\u00e8rent. Il commen\u00e7a \u00e0 voir les Myst\u00e8res de la religion d&rsquo;une mani\u00e8re si claire et si d\u00e9velopp\u00e9e, qu&rsquo;il lui semblait les toucher au doigt. Ses sentiments de respect et de tendresse pour J.C., furent plus vifs que jamais ; et jusques \u00e0 sa mort il b\u00e9nit Dieu de ce qu&rsquo;il avait proportionn\u00e9 la consolation \u00e0 l&rsquo;amertume de sa conduite pass\u00e9e, ou plut\u00f4t de ce qui lui faisait go\u00fbter un calme, dont la douceur l&#8217;emportait sur la violence des agitations qui l&rsquo;avaient pr\u00e9c\u00e9d\u00e9.<\/p>\n<p>Mais comme la l\u00e8pre de Naaman passa \u00e0 Giezi, la tentation du th\u00e9ologal passa \u00e0 Vincent de Paul ; avec cette diff\u00e9rence, que le serviteur d&rsquo;Elis\u00e9e fut puni, parce qu&rsquo;il \u00e9tait criminel ; au lieu que Vincent fut afflig\u00e9, pr\u00e9cis\u00e9ment parce que sa charit\u00e9 l&rsquo;avait port\u00e9 \u00e0 la demander de l&rsquo;\u00eatre. Les premi\u00e8res impressions d&rsquo;un mal, qu&rsquo;on ne sent jamais mieux que lorsqu&rsquo;on est attaqu\u00e9 personnellement, l&rsquo;\u00e9tonn\u00e8rent : mais elles ne l&rsquo;abattirent pas. Il employa pour s&rsquo;en d\u00e9livrer, les pri\u00e8res et les mortifications. A la v\u00e9rit\u00e9 elles servirent \u00e0 le lui faire supporter avec bien de la patience et de la r\u00e9signation ; mais elles ne l&rsquo;arr\u00eat\u00e8rent pas. Le nouveau Job semblait abandonn\u00e9 \u00e0 toute l&rsquo;imp\u00e9tuosit\u00e9 du d\u00e9mon ; mais il ne perdit point courage, et il esp\u00e9ra toujours que Dieu aurait piti\u00e9 de lui.<\/p>\n<p>Pour se fortifier dans la foi, \u00e0 mesure qu&rsquo;il \u00e9tait plus attaqu\u00e9 de ce c\u00f4t\u00e9-l\u00e0, il fit deux choses qui lui r\u00e9ussirent, et qu&rsquo;on pourrait proposer \u00e0 ceux qui souffrent de la m\u00eame esp\u00e8ce de tentation. Il \u00e9crivit sa profession de Foi, il l&rsquo;appliqua sur son c\u0153ur ; et faisant un d\u00e9saveu g\u00e9n\u00e9ral de toutes les pens\u00e9es d&rsquo;infid\u00e9lit\u00e9, il convint avec Notre Seigneur, que toutes les fois qu&rsquo;il toucherait l&rsquo;endroit o\u00f9 il avait mis cette profession de Foi, ce qui lui arrivait souvent, il serait cens\u00e9 la renouveler, et par cons\u00e9quent renoncer \u00e0 la tentation, quoiqu&rsquo;il ne prof\u00e9r\u00e2t aucune parole ext\u00e9rieure. Par cet innocent artifice, il rendait inutiles les efforts de l&rsquo;homme ennemi : mais il sut encore se les rendre avantageux ; et pour cela, il se fit une loi de faire pr\u00e9cis\u00e9ment le contraire de ce que l&rsquo;esprit s\u00e9ducteur lui sugg\u00e9rait. Il s&rsquo;appliqua plus que jamais \u00e0 mener cette vie de Foi, qui fait le caract\u00e8re du juste. Il rendit avec une nouvelle ardeur \u00e0 J.C. tout l&rsquo;honneur qu&rsquo;il put lui rendre ; et comme il savait parfaitement que ce divin Sauveur regarde comme fait \u00e0 lui-m\u00eame, ce que l&rsquo;on fait en faveur des pauvres qui sont ses membres, il les servait dans les H\u00f4pitaux avec un z\u00e8le et un empressement, dont la Foi la plus paisible est \u00e0 peine capable. On est bien \u00e9loign\u00e9 de consentir aux sollicitations de l&rsquo;esprit malin, quand on se porte avec tant de vivacit\u00e9 vers tous les objets dont il veut nous \u00e9loigner. Aussi la tentation que Vincent \u00e9prouvait, non seulement ne fut jamais la mati\u00e8re de ses confessions, mais encore elle fut la source d&rsquo;une multitude de gr\u00e2ces dont son esprit et son c\u0153ur furent inond\u00e9s. Il est vrai qu&rsquo;elle le fatiguait prodigieusement, et que malgr\u00e9 la soumission aux ordres de Dieu, il le pria sans cesse de m\u00e9nager sa faiblesse, et de retirer la main qui l&rsquo;accablait : mais il suivit constamment la m\u00e9thode qu&rsquo;il s&rsquo;\u00e9tait prescrite ; et pendant quatre ans qu&rsquo;il eut \u00e0 g\u00e9mir sous le poids de ce rigoureux exercice, il ne s&rsquo;en \u00e9carta jamais. Enfin Dieu lui rendit la paix, et ce fut un nouvel effort de charit\u00e9 qui la lui m\u00e9rita. Un jour qu&rsquo;il \u00e9tait tout occup\u00e9 et de la violence de son mal, et des moyens de l&rsquo;arr\u00eater pour toujours, il prit une ferme et inviolable r\u00e9solution de se consacrer toute sa vie au service des pauvres, pour honorer davantage le Fils de Dieu, et pour suivre d&rsquo;une mani\u00e8re plus constante l&rsquo;exemple qu&rsquo;il nous a laiss\u00e9. A peine e\u00fbt-il form\u00e9 ce grand et g\u00e9n\u00e9reux dessein, que la tentation s&rsquo;\u00e9vanouit. Son c\u0153ur go\u00fbta une douce et parfaite libert\u00e9 ; son esprit n&rsquo;eut plus de contradictions \u00e0 essuyer ; et la paix surabonda o\u00f9 l&rsquo;inqui\u00e9tude avait si longtemps abond\u00e9. Il re\u00e7ut m\u00eame le don de calmer ceux que Dieu \u00e9prouvait comme il l&rsquo;avait \u00e9prouv\u00e9 lui-m\u00eame ; et un vertueux pr\u00eatre a rendu t\u00e9moignage , qu&rsquo;\u00e9tant une fois tr\u00e8s vivement tent\u00e9 sur un article de Foi, le saint, \u00e0 qui il d\u00e9couvrit sa peine, l&rsquo;en d\u00e9livra enti\u00e8rement ; ce que n&rsquo;avaient pu faire tous les avis et tous les \u00e9claircissements de plusieurs autres personnes d&rsquo;un grand m\u00e9rite, qu&rsquo;il avait consult\u00e9es auparavant. Tant il est vrai, que tout se tourne en bien pour les saints et les \u00e9lus de Dieu.<\/p>\n","protected":false},"excerpt":{"rendered":"<p>Livre premier 6. On le pr\u00e9sente \u00e0 la Reine Marguerite ; il entre chez cette Princesse en qualit\u00e9 d\u2019Aum\u00f4nier. Sa charit\u00e9 pour un Docteur fatigu\u00e9 d\u2019une \u00e9norme tentation. Du Fresne ne se borna pas \u00e0 &#8230; <a href=\"http:\/\/vincentians.com\/fr\/la-vie-de-saint-vincent-de-paul-instituteur-de-la-congregation-de-la-mission-et-des-filles-de-la-charite-006\/\" class=\"more-link\">Read More<\/a><\/p>\n","protected":false},"author":4,"featured_media":107739,"comment_status":"open","ping_status":"open","sticky":false,"template":"","format":"standard","meta":{"jetpack_post_was_ever_published":false,"_jetpack_newsletter_access":"","_jetpack_dont_email_post_to_subs":false,"_jetpack_newsletter_tier_id":0,"_jetpack_memberships_contains_paywalled_content":false,"_jetpack_memberships_contains_paid_content":false,"footnotes":"","jetpack_publicize_message":"","jetpack_publicize_feature_enabled":true,"jetpack_social_post_already_shared":true,"jetpack_social_options":{"image_generator_settings":{"template":"highway","default_image_id":0,"font":"","enabled":false},"version":2}},"categories":[5],"tags":[],"class_list":["post-108091","post","type-post","status-publish","format-standard","has-post-thumbnail","hentry","category-vincent-de-paul"],"yoast_head":"<!-- This site is optimized with the Yoast SEO plugin v26.3 - https:\/\/yoast.com\/wordpress\/plugins\/seo\/ -->\n<title>La vie de Saint Vincent de Paul, instituteur de la Congr\u00e9gation de la Mission et des Filles de la Charit\u00e9 (006) - Nous Sommes Vincentiens<\/title>\n<meta name=\"robots\" content=\"index, follow, max-snippet:-1, max-image-preview:large, max-video-preview:-1\" \/>\n<link rel=\"canonical\" href=\"https:\/\/vincentians.com\/fr\/la-vie-de-saint-vincent-de-paul-instituteur-de-la-congregation-de-la-mission-et-des-filles-de-la-charite-006\/\" \/>\n<meta property=\"og:locale\" content=\"fr_FR\" \/>\n<meta property=\"og:type\" content=\"article\" \/>\n<meta property=\"og:title\" content=\"La vie de Saint Vincent de Paul, instituteur de la Congr\u00e9gation de la Mission et des Filles de la Charit\u00e9 (006) - Nous Sommes Vincentiens\" \/>\n<meta property=\"og:description\" content=\"Livre premier 6. On le pr\u00e9sente \u00e0 la Reine Marguerite ; il entre chez cette Princesse en qualit\u00e9 d\u2019Aum\u00f4nier. Sa charit\u00e9 pour un Docteur fatigu\u00e9 d\u2019une \u00e9norme tentation. Du Fresne ne se borna pas \u00e0 ... Read More\" \/>\n<meta property=\"og:url\" content=\"https:\/\/vincentians.com\/fr\/la-vie-de-saint-vincent-de-paul-instituteur-de-la-congregation-de-la-mission-et-des-filles-de-la-charite-006\/\" \/>\n<meta property=\"og:site_name\" content=\"Nous Sommes Vincentiens\" \/>\n<meta property=\"article:publisher\" content=\"https:\/\/www.facebook.com\/WeAreVincentians\/\" \/>\n<meta property=\"article:author\" content=\"https:\/\/www.facebook.com\/JavierChento\" \/>\n<meta property=\"article:published_time\" content=\"2014-02-02T05:53:56+00:00\" \/>\n<meta name=\"author\" content=\"Francisco Javier Fern\u00e1ndez Chento\" \/>\n<meta name=\"twitter:card\" content=\"summary_large_image\" \/>\n<meta name=\"twitter:creator\" content=\"@https:\/\/twitter.com\/javierchento\" \/>\n<meta name=\"twitter:site\" content=\"@WeVincentians\" \/>\n<meta name=\"twitter:label1\" content=\"\u00c9crit par\" \/>\n\t<meta name=\"twitter:data1\" content=\"Francisco Javier Fern\u00e1ndez Chento\" \/>\n\t<meta name=\"twitter:label2\" content=\"Dur\u00e9e de lecture estim\u00e9e\" \/>\n\t<meta name=\"twitter:data2\" content=\"9 minutes\" \/>\n<script type=\"application\/ld+json\" class=\"yoast-schema-graph\">{\"@context\":\"https:\/\/schema.org\",\"@graph\":[{\"@type\":\"WebPage\",\"@id\":\"https:\/\/vincentians.com\/fr\/la-vie-de-saint-vincent-de-paul-instituteur-de-la-congregation-de-la-mission-et-des-filles-de-la-charite-006\/\",\"url\":\"https:\/\/vincentians.com\/fr\/la-vie-de-saint-vincent-de-paul-instituteur-de-la-congregation-de-la-mission-et-des-filles-de-la-charite-006\/\",\"name\":\"La vie de Saint Vincent de Paul, instituteur de la Congr\u00e9gation de la Mission et des Filles de la Charit\u00e9 (006) - Nous Sommes Vincentiens\",\"isPartOf\":{\"@id\":\"http:\/\/vincentians.com\/fr\/#website\"},\"primaryImageOfPage\":{\"@id\":\"https:\/\/vincentians.com\/fr\/la-vie-de-saint-vincent-de-paul-instituteur-de-la-congregation-de-la-mission-et-des-filles-de-la-charite-006\/#primaryimage\"},\"image\":{\"@id\":\"https:\/\/vincentians.com\/fr\/la-vie-de-saint-vincent-de-paul-instituteur-de-la-congregation-de-la-mission-et-des-filles-de-la-charite-006\/#primaryimage\"},\"thumbnailUrl\":\"\",\"datePublished\":\"2014-02-02T05:53:56+00:00\",\"author\":{\"@id\":\"http:\/\/vincentians.com\/fr\/#\/schema\/person\/9623ef4d9aa3b2dfb8c061f1499288f2\"},\"breadcrumb\":{\"@id\":\"https:\/\/vincentians.com\/fr\/la-vie-de-saint-vincent-de-paul-instituteur-de-la-congregation-de-la-mission-et-des-filles-de-la-charite-006\/#breadcrumb\"},\"inLanguage\":\"fr-FR\",\"potentialAction\":[{\"@type\":\"ReadAction\",\"target\":[\"https:\/\/vincentians.com\/fr\/la-vie-de-saint-vincent-de-paul-instituteur-de-la-congregation-de-la-mission-et-des-filles-de-la-charite-006\/\"]}]},{\"@type\":\"ImageObject\",\"inLanguage\":\"fr-FR\",\"@id\":\"https:\/\/vincentians.com\/fr\/la-vie-de-saint-vincent-de-paul-instituteur-de-la-congregation-de-la-mission-et-des-filles-de-la-charite-006\/#primaryimage\",\"url\":\"\",\"contentUrl\":\"\"},{\"@type\":\"BreadcrumbList\",\"@id\":\"https:\/\/vincentians.com\/fr\/la-vie-de-saint-vincent-de-paul-instituteur-de-la-congregation-de-la-mission-et-des-filles-de-la-charite-006\/#breadcrumb\",\"itemListElement\":[{\"@type\":\"ListItem\",\"position\":1,\"name\":\"Portada\",\"item\":\"http:\/\/vincentians.com\/fr\/\"},{\"@type\":\"ListItem\",\"position\":2,\"name\":\"La vie de Saint Vincent de Paul, instituteur de la Congr\u00e9gation de la Mission et des Filles de la Charit\u00e9 (006)\"}]},{\"@type\":\"WebSite\",\"@id\":\"http:\/\/vincentians.com\/fr\/#website\",\"url\":\"http:\/\/vincentians.com\/fr\/\",\"name\":\"Nous Sommes Vincentiens\",\"description\":\"Know more to serve more\",\"potentialAction\":[{\"@type\":\"SearchAction\",\"target\":{\"@type\":\"EntryPoint\",\"urlTemplate\":\"http:\/\/vincentians.com\/fr\/?s={search_term_string}\"},\"query-input\":{\"@type\":\"PropertyValueSpecification\",\"valueRequired\":true,\"valueName\":\"search_term_string\"}}],\"inLanguage\":\"fr-FR\"},{\"@type\":\"Person\",\"@id\":\"http:\/\/vincentians.com\/fr\/#\/schema\/person\/9623ef4d9aa3b2dfb8c061f1499288f2\",\"name\":\"Francisco Javier Fern\u00e1ndez Chento\",\"image\":{\"@type\":\"ImageObject\",\"inLanguage\":\"fr-FR\",\"@id\":\"http:\/\/vincentians.com\/fr\/#\/schema\/person\/image\/\",\"url\":\"https:\/\/secure.gravatar.com\/avatar\/497d5cde87b4c3d097d0315953521681ba2cd523ee66e5077c3711f7021e65de?s=96&d=mm&r=g\",\"contentUrl\":\"https:\/\/secure.gravatar.com\/avatar\/497d5cde87b4c3d097d0315953521681ba2cd523ee66e5077c3711f7021e65de?s=96&d=mm&r=g\",\"caption\":\"Francisco Javier Fern\u00e1ndez Chento\"},\"description\":\"Director General y cofundador de La Red de Formaci\u00f3n Vicenciana. Javier es laico vicenciano, afiliado a la Congregaci\u00f3n de la Misi\u00f3n y miembro del Equipo de Misiones Populares de la provincia can\u00f3nica de Zaragoza (Espa\u00f1a) de la Congregaci\u00f3n de la Misi\u00f3n. Graduado en la Universidad Oberta de Catalunya con cuatro grados (Asistente de direcci\u00f3n, Gesti\u00f3n Administrativa, Recursos Humanos y Contabilidad Avanzada). Bil\u00edng\u00fce Espa\u00f1ol\/Ingl\u00e9s. gestiona y mantiene varias p\u00e1ginas web cristianas y vicencianas, incluida including La Red de Formaci\u00f3n Vicenciana, de la que es cofundador. Actualmente es responsable del \u00e1rea de Espa\u00f1ol de .famvin, la Red de Noticias de la Familia Vicenciana. Tambi\u00e9n es m\u00fasico cat\u00f3lico y ha editado varios discos. Es Director General y cofundador de Trovador, una reconocida compa\u00f1\u00eda discogr\u00e1fica critiana de Espa\u00f1a. Trabaja en las Tecnolog\u00edas de la Informaci\u00f3n, ofreciendo servicios de alojamiento, dise\u00f1o y mantenimiento Web, as\u00ed como asesoramiento, formaci\u00f3n y soluciones inform\u00e1ticas, gesti\u00f3n documental y digitalizaci\u00f3n de textos, edici\u00f3n y maquetaci\u00f3n de libros, revistas, flyers, etc.\",\"sameAs\":[\"http:\/\/chento.org\",\"https:\/\/www.facebook.com\/JavierChento\",\"https:\/\/x.com\/https:\/\/twitter.com\/javierchento\"],\"url\":\"http:\/\/vincentians.com\/fr\/author\/chento\/\"}]}<\/script>\n<!-- \/ Yoast SEO plugin. -->","yoast_head_json":{"title":"La vie de Saint Vincent de Paul, instituteur de la Congr\u00e9gation de la Mission et des Filles de la Charit\u00e9 (006) - Nous Sommes Vincentiens","robots":{"index":"index","follow":"follow","max-snippet":"max-snippet:-1","max-image-preview":"max-image-preview:large","max-video-preview":"max-video-preview:-1"},"canonical":"https:\/\/vincentians.com\/fr\/la-vie-de-saint-vincent-de-paul-instituteur-de-la-congregation-de-la-mission-et-des-filles-de-la-charite-006\/","og_locale":"fr_FR","og_type":"article","og_title":"La vie de Saint Vincent de Paul, instituteur de la Congr\u00e9gation de la Mission et des Filles de la Charit\u00e9 (006) - Nous Sommes Vincentiens","og_description":"Livre premier 6. On le pr\u00e9sente \u00e0 la Reine Marguerite ; il entre chez cette Princesse en qualit\u00e9 d\u2019Aum\u00f4nier. Sa charit\u00e9 pour un Docteur fatigu\u00e9 d\u2019une \u00e9norme tentation. Du Fresne ne se borna pas \u00e0 ... Read More","og_url":"https:\/\/vincentians.com\/fr\/la-vie-de-saint-vincent-de-paul-instituteur-de-la-congregation-de-la-mission-et-des-filles-de-la-charite-006\/","og_site_name":"Nous Sommes Vincentiens","article_publisher":"https:\/\/www.facebook.com\/WeAreVincentians\/","article_author":"https:\/\/www.facebook.com\/JavierChento","article_published_time":"2014-02-02T05:53:56+00:00","author":"Francisco Javier Fern\u00e1ndez Chento","twitter_card":"summary_large_image","twitter_creator":"@https:\/\/twitter.com\/javierchento","twitter_site":"@WeVincentians","twitter_misc":{"\u00c9crit par":"Francisco Javier Fern\u00e1ndez Chento","Dur\u00e9e de lecture estim\u00e9e":"9 minutes"},"schema":{"@context":"https:\/\/schema.org","@graph":[{"@type":"WebPage","@id":"https:\/\/vincentians.com\/fr\/la-vie-de-saint-vincent-de-paul-instituteur-de-la-congregation-de-la-mission-et-des-filles-de-la-charite-006\/","url":"https:\/\/vincentians.com\/fr\/la-vie-de-saint-vincent-de-paul-instituteur-de-la-congregation-de-la-mission-et-des-filles-de-la-charite-006\/","name":"La vie de Saint Vincent de Paul, instituteur de la Congr\u00e9gation de la Mission et des Filles de la Charit\u00e9 (006) - Nous Sommes Vincentiens","isPartOf":{"@id":"http:\/\/vincentians.com\/fr\/#website"},"primaryImageOfPage":{"@id":"https:\/\/vincentians.com\/fr\/la-vie-de-saint-vincent-de-paul-instituteur-de-la-congregation-de-la-mission-et-des-filles-de-la-charite-006\/#primaryimage"},"image":{"@id":"https:\/\/vincentians.com\/fr\/la-vie-de-saint-vincent-de-paul-instituteur-de-la-congregation-de-la-mission-et-des-filles-de-la-charite-006\/#primaryimage"},"thumbnailUrl":"","datePublished":"2014-02-02T05:53:56+00:00","author":{"@id":"http:\/\/vincentians.com\/fr\/#\/schema\/person\/9623ef4d9aa3b2dfb8c061f1499288f2"},"breadcrumb":{"@id":"https:\/\/vincentians.com\/fr\/la-vie-de-saint-vincent-de-paul-instituteur-de-la-congregation-de-la-mission-et-des-filles-de-la-charite-006\/#breadcrumb"},"inLanguage":"fr-FR","potentialAction":[{"@type":"ReadAction","target":["https:\/\/vincentians.com\/fr\/la-vie-de-saint-vincent-de-paul-instituteur-de-la-congregation-de-la-mission-et-des-filles-de-la-charite-006\/"]}]},{"@type":"ImageObject","inLanguage":"fr-FR","@id":"https:\/\/vincentians.com\/fr\/la-vie-de-saint-vincent-de-paul-instituteur-de-la-congregation-de-la-mission-et-des-filles-de-la-charite-006\/#primaryimage","url":"","contentUrl":""},{"@type":"BreadcrumbList","@id":"https:\/\/vincentians.com\/fr\/la-vie-de-saint-vincent-de-paul-instituteur-de-la-congregation-de-la-mission-et-des-filles-de-la-charite-006\/#breadcrumb","itemListElement":[{"@type":"ListItem","position":1,"name":"Portada","item":"http:\/\/vincentians.com\/fr\/"},{"@type":"ListItem","position":2,"name":"La vie de Saint Vincent de Paul, instituteur de la Congr\u00e9gation de la Mission et des Filles de la Charit\u00e9 (006)"}]},{"@type":"WebSite","@id":"http:\/\/vincentians.com\/fr\/#website","url":"http:\/\/vincentians.com\/fr\/","name":"Nous Sommes Vincentiens","description":"Know more to serve more","potentialAction":[{"@type":"SearchAction","target":{"@type":"EntryPoint","urlTemplate":"http:\/\/vincentians.com\/fr\/?s={search_term_string}"},"query-input":{"@type":"PropertyValueSpecification","valueRequired":true,"valueName":"search_term_string"}}],"inLanguage":"fr-FR"},{"@type":"Person","@id":"http:\/\/vincentians.com\/fr\/#\/schema\/person\/9623ef4d9aa3b2dfb8c061f1499288f2","name":"Francisco Javier Fern\u00e1ndez Chento","image":{"@type":"ImageObject","inLanguage":"fr-FR","@id":"http:\/\/vincentians.com\/fr\/#\/schema\/person\/image\/","url":"https:\/\/secure.gravatar.com\/avatar\/497d5cde87b4c3d097d0315953521681ba2cd523ee66e5077c3711f7021e65de?s=96&d=mm&r=g","contentUrl":"https:\/\/secure.gravatar.com\/avatar\/497d5cde87b4c3d097d0315953521681ba2cd523ee66e5077c3711f7021e65de?s=96&d=mm&r=g","caption":"Francisco Javier Fern\u00e1ndez Chento"},"description":"Director General y cofundador de La Red de Formaci\u00f3n Vicenciana. Javier es laico vicenciano, afiliado a la Congregaci\u00f3n de la Misi\u00f3n y miembro del Equipo de Misiones Populares de la provincia can\u00f3nica de Zaragoza (Espa\u00f1a) de la Congregaci\u00f3n de la Misi\u00f3n. Graduado en la Universidad Oberta de Catalunya con cuatro grados (Asistente de direcci\u00f3n, Gesti\u00f3n Administrativa, Recursos Humanos y Contabilidad Avanzada). Bil\u00edng\u00fce Espa\u00f1ol\/Ingl\u00e9s. gestiona y mantiene varias p\u00e1ginas web cristianas y vicencianas, incluida including La Red de Formaci\u00f3n Vicenciana, de la que es cofundador. Actualmente es responsable del \u00e1rea de Espa\u00f1ol de .famvin, la Red de Noticias de la Familia Vicenciana. Tambi\u00e9n es m\u00fasico cat\u00f3lico y ha editado varios discos. Es Director General y cofundador de Trovador, una reconocida compa\u00f1\u00eda discogr\u00e1fica critiana de Espa\u00f1a. Trabaja en las Tecnolog\u00edas de la Informaci\u00f3n, ofreciendo servicios de alojamiento, dise\u00f1o y mantenimiento Web, as\u00ed como asesoramiento, formaci\u00f3n y soluciones inform\u00e1ticas, gesti\u00f3n documental y digitalizaci\u00f3n de textos, edici\u00f3n y maquetaci\u00f3n de libros, revistas, flyers, etc.","sameAs":["http:\/\/chento.org","https:\/\/www.facebook.com\/JavierChento","https:\/\/x.com\/https:\/\/twitter.com\/javierchento"],"url":"http:\/\/vincentians.com\/fr\/author\/chento\/"}]}},"jetpack_publicize_connections":[],"jetpack_featured_media_url":"","jetpack_sharing_enabled":true,"jetpack_shortlink":"https:\/\/wp.me\/p7ETMP-s7p","jetpack-related-posts":[{"id":52057,"url":"http:\/\/vincentians.com\/fr\/saint-vincent-de-paul-et-sa-mission-sociale-iii-laction-3\/","url_meta":{"origin":108091,"position":0},"title":"Saint Vincent De Paul Et Sa Mission Sociale. III &#8211; L\u2019action (3)","author":"Francisco Javier Fern\u00e1ndez Chento","date":"27\/12\/2014","format":false,"excerpt":"LA POLITIQUE ET LA CHARIT\u00c9. \u2014 La charit\u00e9 dans l\u2019\u00c9tat. \u2014 La guerre en Lorraine. \u2014 Vincent de Paul vient au secours de cette malheureuse province. \u2014 Les r\u00e9fugi\u00e9s lorrains \u00e0 Paris. \u2014 Vincent de Paul et Richelieu. \u2014 Les deux politiques. \u2014 Vincent au lit de mort de Louis\u2026","rel":"","context":"Dans &quot;Vincent de Paul&quot;","block_context":{"text":"Vincent de Paul","link":"http:\/\/vincentians.com\/fr\/category\/the-vincentian-family\/founders\/vincent-de-paul\/"},"img":{"alt_text":"","src":"https:\/\/i0.wp.com\/vincentians.com\/fr\/wp-content\/uploads\/sites\/10\/2016\/07\/vincent-et-sa-action-sociale.jpg?fit=1160%2C630&resize=350%2C200","width":350,"height":200,"srcset":"https:\/\/i0.wp.com\/vincentians.com\/fr\/wp-content\/uploads\/sites\/10\/2016\/07\/vincent-et-sa-action-sociale.jpg?fit=1160%2C630&resize=350%2C200 1x, https:\/\/i0.wp.com\/vincentians.com\/fr\/wp-content\/uploads\/sites\/10\/2016\/07\/vincent-et-sa-action-sociale.jpg?fit=1160%2C630&resize=525%2C300 1.5x, https:\/\/i0.wp.com\/vincentians.com\/fr\/wp-content\/uploads\/sites\/10\/2016\/07\/vincent-et-sa-action-sociale.jpg?fit=1160%2C630&resize=700%2C400 2x, https:\/\/i0.wp.com\/vincentians.com\/fr\/wp-content\/uploads\/sites\/10\/2016\/07\/vincent-et-sa-action-sociale.jpg?fit=1160%2C630&resize=1050%2C600 3x"},"classes":[]},{"id":52024,"url":"http:\/\/vincentians.com\/fr\/saint-vincent-de-paul-et-sa-mission-sociale-i-la-vocation-2\/","url_meta":{"origin":108091,"position":1},"title":"Saint Vincent De Paul Et Sa Mission Sociale. I &#8211; La vocation (2)","author":"Francisco Javier Fern\u00e1ndez Chento","date":"19\/12\/2014","format":false,"excerpt":"LA PR\u00c9PARATION. Vincent ach\u00e8ve ses \u00e9tudes th\u00e9ologiques et re\u00e7oit les ordres sacr\u00e9s. \u2014 Son voyage \u00e0 Bordeaux. \u2014 Sa captivit\u00e9 en Tunisie. \u2014 Il va \u00e0 Rome. \u2014 Mission aupr\u00e8s de Henri IV. \u2014 Le juge de Sore. \u2014 Vincent chez la reine Marguerite. \u2014 Commencement de sa vocation. \u2014\u2026","rel":"","context":"Dans &quot;Vincent de Paul&quot;","block_context":{"text":"Vincent de Paul","link":"http:\/\/vincentians.com\/fr\/category\/the-vincentian-family\/founders\/vincent-de-paul\/"},"img":{"alt_text":"","src":"https:\/\/i0.wp.com\/vincentians.com\/fr\/wp-content\/uploads\/sites\/10\/2016\/07\/vincent-et-sa-action-sociale.jpg?fit=1160%2C630&resize=350%2C200","width":350,"height":200,"srcset":"https:\/\/i0.wp.com\/vincentians.com\/fr\/wp-content\/uploads\/sites\/10\/2016\/07\/vincent-et-sa-action-sociale.jpg?fit=1160%2C630&resize=350%2C200 1x, https:\/\/i0.wp.com\/vincentians.com\/fr\/wp-content\/uploads\/sites\/10\/2016\/07\/vincent-et-sa-action-sociale.jpg?fit=1160%2C630&resize=525%2C300 1.5x, https:\/\/i0.wp.com\/vincentians.com\/fr\/wp-content\/uploads\/sites\/10\/2016\/07\/vincent-et-sa-action-sociale.jpg?fit=1160%2C630&resize=700%2C400 2x, https:\/\/i0.wp.com\/vincentians.com\/fr\/wp-content\/uploads\/sites\/10\/2016\/07\/vincent-et-sa-action-sociale.jpg?fit=1160%2C630&resize=1050%2C600 3x"},"classes":[]},{"id":52031,"url":"http:\/\/vincentians.com\/fr\/saint-vincent-de-paul-et-sa-mission-sociale-i-la-vocation-3\/","url_meta":{"origin":108091,"position":2},"title":"Saint Vincent De Paul Et Sa Mission Sociale. I &#8211; La vocation (3)","author":"Francisco Javier Fern\u00e1ndez Chento","date":"20\/12\/2014","format":false,"excerpt":"L\u2019APOSTOLAT DE LA CHARIT\u00c9. Les pr\u00e9mices du dix-septi\u00e8me si\u00e8cle. \u2014 Vincent de Paul et le P. de B\u00e9rulle. \u2014 Vincent est nomm\u00e9 cur\u00e9 de Clichy. \u2014 Ses premiers travaux. \u2014 Son entr\u00e9e dans la maison de Gondi. - Les pauvres gens des campagnes. \u2014 Premi\u00e8re mission \u00e0 Folleville. \u2014 Vincent\u2026","rel":"","context":"Dans &quot;Vincent de Paul&quot;","block_context":{"text":"Vincent de Paul","link":"http:\/\/vincentians.com\/fr\/category\/the-vincentian-family\/founders\/vincent-de-paul\/"},"img":{"alt_text":"","src":"https:\/\/i0.wp.com\/vincentians.com\/fr\/wp-content\/uploads\/sites\/10\/2016\/07\/vincent-et-sa-action-sociale.jpg?fit=1160%2C630&resize=350%2C200","width":350,"height":200,"srcset":"https:\/\/i0.wp.com\/vincentians.com\/fr\/wp-content\/uploads\/sites\/10\/2016\/07\/vincent-et-sa-action-sociale.jpg?fit=1160%2C630&resize=350%2C200 1x, https:\/\/i0.wp.com\/vincentians.com\/fr\/wp-content\/uploads\/sites\/10\/2016\/07\/vincent-et-sa-action-sociale.jpg?fit=1160%2C630&resize=525%2C300 1.5x, https:\/\/i0.wp.com\/vincentians.com\/fr\/wp-content\/uploads\/sites\/10\/2016\/07\/vincent-et-sa-action-sociale.jpg?fit=1160%2C630&resize=700%2C400 2x, https:\/\/i0.wp.com\/vincentians.com\/fr\/wp-content\/uploads\/sites\/10\/2016\/07\/vincent-et-sa-action-sociale.jpg?fit=1160%2C630&resize=1050%2C600 3x"},"classes":[]},{"id":52020,"url":"http:\/\/vincentians.com\/fr\/saint-vincent-de-paul-et-sa-mission-sociale-i-la-vocation-1\/","url_meta":{"origin":108091,"position":3},"title":"Saint Vincent De Paul Et Sa Mission Sociale. I &#8211; La vocation (1)","author":"Francisco Javier Fern\u00e1ndez Chento","date":"18\/12\/2014","format":false,"excerpt":"L\u2019HOMME ET L\u2019\u0152UVRE \u2014 Le seizi\u00e8me si\u00e8cle et le protestantisme en France. \u2014 Ravages caus\u00e9s par les guerres de religion. \u2014 Changements dans la soci\u00e9t\u00e9. \u2014 Accroissement de la mis\u00e8re. \u2014 L\u2019\u0153uvre nouvelle de la Charit\u00e9. \u2014 Saint Vincent de Paul. \u2014 Sa mission. \u2014 Naissance et premi\u00e8res ann\u00e9es. \u2014\u2026","rel":"","context":"Dans &quot;Vincent de Paul&quot;","block_context":{"text":"Vincent de Paul","link":"http:\/\/vincentians.com\/fr\/category\/the-vincentian-family\/founders\/vincent-de-paul\/"},"img":{"alt_text":"","src":"https:\/\/i0.wp.com\/vincentians.com\/fr\/wp-content\/uploads\/sites\/10\/2016\/07\/vincent-et-sa-action-sociale.jpg?fit=1160%2C630&resize=350%2C200","width":350,"height":200,"srcset":"https:\/\/i0.wp.com\/vincentians.com\/fr\/wp-content\/uploads\/sites\/10\/2016\/07\/vincent-et-sa-action-sociale.jpg?fit=1160%2C630&resize=350%2C200 1x, https:\/\/i0.wp.com\/vincentians.com\/fr\/wp-content\/uploads\/sites\/10\/2016\/07\/vincent-et-sa-action-sociale.jpg?fit=1160%2C630&resize=525%2C300 1.5x, https:\/\/i0.wp.com\/vincentians.com\/fr\/wp-content\/uploads\/sites\/10\/2016\/07\/vincent-et-sa-action-sociale.jpg?fit=1160%2C630&resize=700%2C400 2x, https:\/\/i0.wp.com\/vincentians.com\/fr\/wp-content\/uploads\/sites\/10\/2016\/07\/vincent-et-sa-action-sociale.jpg?fit=1160%2C630&resize=1050%2C600 3x"},"classes":[]},{"id":52038,"url":"http:\/\/vincentians.com\/fr\/saint-vincent-de-paul-et-sa-mission-sociale-ii-les-oeuvres-3\/","url_meta":{"origin":108091,"position":4},"title":"Saint Vincent De Paul Et Sa Mission Sociale. II &#8211; Les \u0152uvres (3)","author":"Francisco Javier Fern\u00e1ndez Chento","date":"23\/12\/2014","format":false,"excerpt":"LA S\u0152UR DE CHARIT\u00c9. \u2014 Mademoiselle Le Gras et Vincent de Paul. \u2014 Premiers rapports ; premi\u00e8res \u0153uvres. \u2014 Institution des Filles de la Charit\u00e9, servantes des pauvres. \u2014 Une nouvelle religieuse. \u2014 Conf\u00e9rences. \u2014 R\u00e8gles. \u2014 L\u2019H\u00f4tel de Rambouillet et l\u2019H\u00f4tel-Dieu. \u2014 Les Dames de la Charit\u00e9. Madame Goussault.\u2026","rel":"","context":"Dans &quot;Vincent de Paul&quot;","block_context":{"text":"Vincent de Paul","link":"http:\/\/vincentians.com\/fr\/category\/the-vincentian-family\/founders\/vincent-de-paul\/"},"img":{"alt_text":"","src":"https:\/\/i0.wp.com\/vincentians.com\/fr\/wp-content\/uploads\/sites\/10\/2016\/07\/vincent-et-sa-action-sociale.jpg?fit=1160%2C630&resize=350%2C200","width":350,"height":200,"srcset":"https:\/\/i0.wp.com\/vincentians.com\/fr\/wp-content\/uploads\/sites\/10\/2016\/07\/vincent-et-sa-action-sociale.jpg?fit=1160%2C630&resize=350%2C200 1x, https:\/\/i0.wp.com\/vincentians.com\/fr\/wp-content\/uploads\/sites\/10\/2016\/07\/vincent-et-sa-action-sociale.jpg?fit=1160%2C630&resize=525%2C300 1.5x, https:\/\/i0.wp.com\/vincentians.com\/fr\/wp-content\/uploads\/sites\/10\/2016\/07\/vincent-et-sa-action-sociale.jpg?fit=1160%2C630&resize=700%2C400 2x, https:\/\/i0.wp.com\/vincentians.com\/fr\/wp-content\/uploads\/sites\/10\/2016\/07\/vincent-et-sa-action-sociale.jpg?fit=1160%2C630&resize=1050%2C600 3x"},"classes":[]},{"id":52052,"url":"http:\/\/vincentians.com\/fr\/saint-vincent-de-paul-et-sa-mission-sociale-iii-laction-1\/","url_meta":{"origin":108091,"position":5},"title":"Saint Vincent De Paul Et Sa Mission Sociale. III &#8211; L\u2019action (1)","author":"Francisco Javier Fern\u00e1ndez Chento","date":"25\/12\/2014","format":false,"excerpt":"LES MISSIONS. \u2014 Saint Vincent de Paul missionnaire. \u2014 Organisation des missions rurales. \u2014 Vertus et qualit\u00e9s des missionnaires. \u2014 La pr\u00e9dication d\u2019apr\u00e8s le saint. \u2014 Sa conduite envers les h\u00e9r\u00e9tiques et les infid\u00e8les. \u2014 Les imitateurs de Vincent de Paul. \u2014 Fruits du nouvel apostolat. \u2014 Missions \u00e0 la\u2026","rel":"","context":"Dans &quot;Vincent de Paul&quot;","block_context":{"text":"Vincent de Paul","link":"http:\/\/vincentians.com\/fr\/category\/the-vincentian-family\/founders\/vincent-de-paul\/"},"img":{"alt_text":"","src":"https:\/\/i0.wp.com\/vincentians.com\/fr\/wp-content\/uploads\/sites\/10\/2016\/07\/vincent-et-sa-action-sociale.jpg?fit=1160%2C630&resize=350%2C200","width":350,"height":200,"srcset":"https:\/\/i0.wp.com\/vincentians.com\/fr\/wp-content\/uploads\/sites\/10\/2016\/07\/vincent-et-sa-action-sociale.jpg?fit=1160%2C630&resize=350%2C200 1x, https:\/\/i0.wp.com\/vincentians.com\/fr\/wp-content\/uploads\/sites\/10\/2016\/07\/vincent-et-sa-action-sociale.jpg?fit=1160%2C630&resize=525%2C300 1.5x, https:\/\/i0.wp.com\/vincentians.com\/fr\/wp-content\/uploads\/sites\/10\/2016\/07\/vincent-et-sa-action-sociale.jpg?fit=1160%2C630&resize=700%2C400 2x, https:\/\/i0.wp.com\/vincentians.com\/fr\/wp-content\/uploads\/sites\/10\/2016\/07\/vincent-et-sa-action-sociale.jpg?fit=1160%2C630&resize=1050%2C600 3x"},"classes":[]}],"_links":{"self":[{"href":"http:\/\/vincentians.com\/fr\/wp-json\/wp\/v2\/posts\/108091","targetHints":{"allow":["GET"]}}],"collection":[{"href":"http:\/\/vincentians.com\/fr\/wp-json\/wp\/v2\/posts"}],"about":[{"href":"http:\/\/vincentians.com\/fr\/wp-json\/wp\/v2\/types\/post"}],"author":[{"embeddable":true,"href":"http:\/\/vincentians.com\/fr\/wp-json\/wp\/v2\/users\/4"}],"replies":[{"embeddable":true,"href":"http:\/\/vincentians.com\/fr\/wp-json\/wp\/v2\/comments?post=108091"}],"version-history":[{"count":0,"href":"http:\/\/vincentians.com\/fr\/wp-json\/wp\/v2\/posts\/108091\/revisions"}],"wp:featuredmedia":[{"embeddable":true,"href":"http:\/\/vincentians.com\/fr\/wp-json\/"}],"wp:attachment":[{"href":"http:\/\/vincentians.com\/fr\/wp-json\/wp\/v2\/media?parent=108091"}],"wp:term":[{"taxonomy":"category","embeddable":true,"href":"http:\/\/vincentians.com\/fr\/wp-json\/wp\/v2\/categories?post=108091"},{"taxonomy":"post_tag","embeddable":true,"href":"http:\/\/vincentians.com\/fr\/wp-json\/wp\/v2\/tags?post=108091"}],"curies":[{"name":"wp","href":"https:\/\/api.w.org\/{rel}","templated":true}]}}