{"id":108089,"date":"2014-01-30T06:53:56","date_gmt":"2014-01-30T05:53:56","guid":{"rendered":"http:\/\/vincentiens.org\/?p=108089"},"modified":"2014-01-30T06:53:56","modified_gmt":"2014-01-30T05:53:56","slug":"la-vie-de-saint-vincent-de-paul-instituteur-de-la-congregation-de-la-mission-et-des-filles-de-la-charite-003","status":"publish","type":"post","link":"http:\/\/vincentians.com\/fr\/la-vie-de-saint-vincent-de-paul-instituteur-de-la-congregation-de-la-mission-et-des-filles-de-la-charite-003\/","title":{"rendered":"La vie de Saint Vincent de Paul, instituteur de la Congr\u00e9gation de la Mission et des Filles de la Charit\u00e9 (003)"},"content":{"rendered":"<h2>Livre premier<\/h2>\n<h3>3. Il re\u00e7oit la Tonsure et les Ordres mineurs. Il va \u00e0 Toulouse ; y prend le d\u00e9gr\u00e9e de Bachelier ; explique le Ma\u00eetre des Sentences ; remarques \u00e0 ce sujet. Injustice d\u2019un Ecrivain. Le Saint re\u00e7oit les Ordres sacr\u00e9s.<\/h3>\n<p><a href=\"https:\/\/i0.wp.com\/vincentiens.org\/wp-content\/uploads\/2014\/01\/collet.jpg\"><img data-recalc-dims=\"1\" loading=\"lazy\" decoding=\"async\" class=\"alignright\" alt=\"collet\" src=\"https:\/\/i0.wp.com\/vincentiens.org\/wp-content\/uploads\/2014\/01\/collet-248x300.jpg?resize=248%2C300\" width=\"248\" height=\"300\" \/><\/a>Le jeune Vincent de Paul avait environ douze ans quand son p\u00e8re r\u00e9solut de le faire \u00e9tudier. On le mit en pension chez les PP. Cordeliers d&rsquo;Acqs, qui s&rsquo;\u00e9taient charg\u00e9s de l&rsquo;\u00e9ducation d&rsquo;un nombre de jeunes gens, qu&rsquo;ils formaient \u00e0 la science et \u00e0 la pi\u00e9t\u00e9. Ses ma\u00eetres furent surpris et de l&rsquo;ardeur avec laquelle il d\u00e9vora les premi\u00e8res difficult\u00e9s de la grammaire et du succ\u00e8s que Dieu donna \u00e0 son travail. Mais il admir\u00e8rent encore plus sa pi\u00e9t\u00e9, sa sagesse, la puret\u00e9 de ses m\u0153urs. Ils le proposaient pour mod\u00e8le \u00e0 tous ses condisciples ; et dans toutes les occasions ils parlaient de lui avec tant de complaisance si naturelle aux ma\u00eetres, quand ils voient fructifier les peines qu&rsquo;ils se donnent pour avancer leurs \u00e9l\u00e8ves. En quatre ans de temps le saint jeune homme se rendit capable d&rsquo;instruire les autres. M. de Commet, c\u00e9l\u00e8bre avocat de la ville d&rsquo;Acqs et juge de Pouy, fut si touch\u00e9 du t\u00e9moignage avantageux que le gardien des Cordeliers lui en rendit, qu&rsquo;il le pria d&rsquo;entrer chez lui pour \u00eatre pr\u00e9cepteur de ses deux enfants. Vincent ne manqua pas d&rsquo;accepter ce petit poste. Il entrait dans une maison de pi\u00e9t\u00e9, il soulageait ses parents, en ne leur co\u00fbtant plus rien et il se mettait en \u00e9tat de continuer ses \u00e9tudes \u00e0 Acqs. Il les y continua en effet pendant cinq ans. Sa modestie, sa prudence, sa maturit\u00e9 bien au-dessus de son \u00e2ge, firent juger \u00e0 ceux qui \u00e9taient le plus \u00e0 port\u00e9e d&rsquo;examiner sa conduite, qu&rsquo;une lampe dont la lumi\u00e8re \u00e9tait si vive, ne devait pas rester plus longtemps cach\u00e9e sous le boisseau et qu&rsquo;elle pourrait tr\u00e8s utilement servir dans la maison du Seigneur. On d\u00e9termina donc Vincent \u00e0 se consacrer plus particuli\u00e8rement \u00e0 Dieu, en embrassant l&rsquo;\u00e9tat eccl\u00e9siastique. Il y consentit enfin et il re\u00e7ut le 20 d\u00e9cembre 1596, la tonsure et les ordres mineurs, des mains de M. l&rsquo;\u00e9v\u00eaque de Tarbes, dans l&rsquo;\u00e9glise coll\u00e9giale de Bidache, au dioc\u00e8se d&rsquo;Acqs, \u00e9tant \u00e2g\u00e9 de pr\u00e8s de vingt et un an.<\/p>\n<p>L&rsquo;engagement qu&rsquo;il prit alors avec Dieu, en s&rsquo;obligeant \u00e0 le regarder d\u00e9sormais son unique h\u00e9ritage, ne fut pas chez lui, comme chez tant d&rsquo;autres, une vaine c\u00e9r\u00e9monie o\u00f9 les expressions de la bouche sont d\u00e9menties par le langage du c\u0153ur. Il ne regarda les progr\u00e8s qu&rsquo;il avait fait jusque-l\u00e0 dans la science et dans la vertu, que comme un essai de ceux qu&rsquo;il devait faire dans la suite. Pour y r\u00e9ussir, il commen\u00e7a par quitter son pays ; avec l&rsquo;agr\u00e9ment de son p\u00e8re, qui fit un nouvel effort pour f\u00e9conder les intentions d&rsquo;un fils qui lui \u00e9tait si cher, il s&rsquo;en alla \u00e0 Toulouse afin d&rsquo;y faire son cours de th\u00e9ologie. Nous ne pouvons d\u00e9cider si le voyage qu&rsquo;il fit en Aragon, pr\u00e9c\u00e9da le commencement de ses \u00e9tudes \u00e0 Toulouse. Ce qui est s\u00fbr, c&rsquo;est qu&rsquo;il \u00e9tudia quelques temps \u00e0 Saragosse, mais n&rsquo;y fit pas un long s\u00e9jour. La division qui \u00e9tait entre les professeurs de cette fameuse universit\u00e9 au sujet de la science moyenne et des d\u00e9crets pr\u00e9d\u00e9terminants, apr\u00e8s avoir partag\u00e9 les esprits, aigrissait les c\u0153urs, comme il n&rsquo;arrive que trop souvent. Vincent qui avait une horreur naturelle pour ces fortes disputes o\u00f9 la charit\u00e9 perd beaucoup plus que la v\u00e9rit\u00e9 ne gagne, revint en France, et commen\u00e7a ou continua ses \u00e9tudes th\u00e9ologiques \u00e0 Toulouse. Il ne n\u00e9gligea rien pour r\u00e9ussir ; mais s&rsquo;il eut de grands succ\u00e8s, il faut avouer qu&rsquo;il ne les eut pas sans peine. Comme il n&rsquo;\u00e9tait pas riche, il fut oblig\u00e9, au lieu de se d\u00e9lasser un peu pendant les vacances, de se retirer dans la ville de Buset, et de s&rsquo;y charger de l&rsquo;\u00e9ducation d&rsquo;un nombre consid\u00e9rable d&rsquo;enfants de condition. Les parents les confiaient avec plaisir \u00e0 un homme dont la vertu et la capacit\u00e9 \u00e9taient publiquement reconnues. On lui en envoya de Toulouse m\u00eame ; et la nouvelle pension devint si florissante qu&rsquo;elle fut en peu de temps compos\u00e9e de tout ce que la province avait de meilleur et de plus distingu\u00e9. Vincent eut entre les autres, pour \u00e9l\u00e8ves, deux petits neveux de ce fameux Jean de la Valette, Grand Ma\u00eetre de l&rsquo;Ordre de S. Jean de J\u00e9rusalem qui, environ 40 ans auparavant, s&rsquo;\u00e9tait rendu redoutable \u00e0 l&rsquo;Empire Ottoman, et qui avait mis le comble de sa gloire en d\u00e9fendant, avec quinze mille hommes, l&rsquo;\u00eele et la ville de Malte, contre une arm\u00e9e de cent cinquante mille combattants. Le Duc d&rsquo;Epernon proche parent de ces deux jeunes seigneurs, aper\u00e7ut quelque chose de si sage et si grand dans la mani\u00e8re dont Vincent les avait \u00e9lev\u00e9s, qu&rsquo;il con\u00e7ut pour lui une estime particuli\u00e8re. Il ne s&rsquo;en tint pas l\u00e0 et, comme il \u00e9tait tout-puissant \u00e0 la Cour, il voulut quelques ann\u00e9es apr\u00e8s procurer un Ev\u00each\u00e9 au S. pr\u00eatre, dont la r\u00e9putation augmentait tous les jours. C&rsquo;est ce que M. de S. Martin, Chanoine de l&rsquo;Eglise d&rsquo;Acqs, ancien et intime ami de Vincent, et qui lui a surv\u00e9cu, a d\u00e9clar\u00e9 apr\u00e8s sa mort.<\/p>\n<p>Vincent ne perdait pas de vue son principal dessein ; il voulait, \u00e0 quelque prix que ce f\u00fbt, achever son cours, et faire une \u00e9tude solide de Th\u00e9ologie. Dans ce dessein, il retourna \u00e0 Toulouse avec ses pensionnaires. Ma\u00eetre et disciple \u00e0 la fois, il ne devait pas avoir beaucoup de temps pour lui-m\u00eame, apr\u00e8s celui qu&rsquo;il donnait \u00e0 l&rsquo;\u00e9ducation de ses \u00e9l\u00e8ves. Mais on en trouve toujours, quand on veut s\u00e9rieusement en trouver. Vincent se couchait tard, il se levait de grand matin, il ne connaissait ni l&rsquo;oisivet\u00e9, ni ces divertissements que l&rsquo;indolence regarde comme un soulagement n\u00e9cessaire : avec ce sage m\u00e9nagement il fit face \u00e0 tout, et il instruisit les autres, sans cesser de s&rsquo;instruire lui-m\u00eame. Il fit sept ann\u00e9es de th\u00e9ologie (a) apr\u00e8s quoi \u00e9tant re\u00e7u bachelier, il e\u00fbt peu de temps apr\u00e8s le pouvoir d&rsquo;expliquer, et il expliqua en effet le second livre du Ma\u00eetre des Sentences. C&rsquo;est peut-\u00eatre pour cette raison que Messieurs de Sainte-Marthe dans le catalogue des Abb\u00e9s de S. L\u00e9onard de Chaume, lui ont donn\u00e9 la qualit\u00e9 de docteur en th\u00e9ologie (b). Au moins n&rsquo;avons-nous pu jusqu&rsquo;ici recouvrer ses lettres de docteur.<\/p>\n<p>Comme ceux qui ne sont pas au fait de l&rsquo;ancien usage des universit\u00e9s, pourraient \u00eatre surpris de ce que nous attribuons ici \u00e0 un simple bachelier, une fonction qui est aujourd&rsquo;hui r\u00e9serv\u00e9e aux docteurs ; il e\u00fbt \u00e9t\u00e9 bon de leur faire remarquer que la mani\u00e8re d&rsquo;enseigner l&rsquo;\u00e9criture et la th\u00e9ologie a \u00e9t\u00e9, jusques vers le commencement du dernier si\u00e8cle, bien diff\u00e9rente de celle qui se pratique de nos jours. On n&rsquo;accordait le titre de docteur qu&rsquo;\u00e0 ceux qui avaient expliqu\u00e9 ou les saintes lettres, ou le Ma\u00eetre des sentences. C&rsquo;\u00e9taient des bacheliers d&rsquo;une capacit\u00e9 reconnue qui \u00e9taient charg\u00e9s de l&rsquo;un et de l&rsquo;autre. Les premiers s&rsquo;appelaient Baccalarii Biblici, et les seconds Baccalarii Sententiarii. Dans les premiers temps, on ne dictait point de cahiers et l&rsquo;on pronon\u00e7ait les explications, apr\u00e8s les avoir apprises de m\u00e9moire. Cette m\u00e9thode changea (c) au moins \u00e0 Paris vers le milieu du quinzi\u00e8me si\u00e8cle ; et sur les repr\u00e9sentations du cardinal d&rsquo;Estouteville, il fut permis aux bacheliers d&rsquo;avoir un cahier devant eux, lorsqu&rsquo;ils expliquaient. Comme les \u00e9coliers n&rsquo;\u00e9crivaient alors que ce qu&rsquo;ils pouvaient attraper, de ce qui s&rsquo;appelait Reportata, ou reportationes, on jugea dans la suite qu&rsquo;il \u00e9tait plus \u00e0 propos de dicter et d&rsquo;expliquer. Les dict\u00e9es s&rsquo;appelaient Postilla, parce qu&rsquo;elles allaient \u00e0 la suite d&rsquo;un texte ou de l&rsquo;\u00e9criture, ou du Livre des Sentences, et elles se donnaient, aussi bien que les explications, par des bacheliers. Il y a plus d&rsquo;un si\u00e8cle que cette m\u00e9thode n&rsquo;est plus en usage parmi nous ; et commun\u00e9ment il n&rsquo;y a plus aujourd&rsquo;hui que des docteurs qui enseignent dans les universit\u00e9s.<\/p>\n<p>A cette digression qui nous a paru convenable, nous joindrons une r\u00e9flexion qui suit naturellement des faits que nous venons de rapporter, et qui sera confirm\u00e9e par un grand nombre d&rsquo;autres que nous rapporterons dans la suite : C&rsquo;est qu&rsquo;il est donc bien faux que Vincent de Paul f\u00fbt un homme sans \u00e9tudes, sans science, et sans capacit\u00e9, comme l&rsquo;a publi\u00e9 un \u00e9crivain (d), qui presque jusqu&rsquo;\u00e0 sa mort a d\u00e9chir\u00e9 \u00e9galement et la majest\u00e9 du tr\u00f4ne, et la dignit\u00e9 de la tiare. Ce jugement injuste ne surprendra point ceux qui connaissent l&rsquo;esprit des partisans de l&rsquo;erreur. Arbitres pr\u00e9tendus du m\u00e9rite et des talents, ils les distribuent comme ils jugent \u00e0 propos. Pense-t-on comme eux, on est toujours s\u00fbr d&rsquo;une place distingu\u00e9e, et on devient quelquefois dans un instant, ou un homme plein de lumi\u00e8re, ou un saint du premier ordre. Pense-t-on diff\u00e9remment, on n&rsquo;est plus bon \u00e0 rien ; \u00e0 peine a-t-on le sens commun, on ignore les grandes maximes de la religion ; et si on conna\u00eet la gr\u00e2ce de J.-C. ce n&rsquo;est que pour la pers\u00e9cuter. Sur ce principe v\u00e9rifi\u00e9 par l&rsquo;exp\u00e9rience, Vincent de Paul devait \u00eatre bien maltrait\u00e9. Il l&rsquo;a \u00e9t\u00e9 en effet ; on ne peut lire sans indignation le r\u00e9cit des exc\u00e8s o\u00f9 on s&rsquo;est port\u00e9 contre un des plus grands hommes que Dieu ait accord\u00e9 \u00e0 son Eglise dans les derniers temps. Mais le jugement de M. de B\u00e9rulle, de l&rsquo;\u00e9v\u00eaque de Belley, de S. Fran\u00e7ois de Sales, du grand Cond\u00e9, de Messieurs de Lamoignon, ou plut\u00f4t de tout ce que son si\u00e8cle a eu de plus illustre et de plus \u00e9clair\u00e9, le d\u00e9dommage d&rsquo;une estime frivole qu&rsquo;il n&rsquo;e\u00fbt pu m\u00e9riter sans crime. Et en effet, pour peu qu&rsquo;on soit de bonne foi, on tombera d&rsquo;accord, qu&rsquo;il serait bien surprenant que notre saint n&rsquo;e\u00fbt pu acqu\u00e9rir sur les disputes du temps, des connaissances dont on fait honneur \u00e0 tant de jeunes gens, et \u00e0 des femmes m\u00eame ; lui dont l&rsquo;esprit \u00e9tait si juste, la conception si vive, le travail si continuel et si opini\u00e2tre et qui, en tout autre genre, a su ex\u00e9cuter tant de projets que les plus beaux g\u00e9nies n&rsquo;avaient pas m\u00eame os\u00e9 former. Mais renon\u00e7ons pour toujours \u00e0 ces discussions qui ne sont jamais plus d\u00e9sagr\u00e9ables, que lorsque l&rsquo;injustice les rend n\u00e9cessaires. Laissons aux grecs, disait l&rsquo;orateur romain, la coutume mess\u00e9ante de charger d&rsquo;injures ceux contre lesquels ils disputent, et de passer de la censure des sentiments \u00e0 la critique de ceux qui les soutiennent. Sit ista Grecorum&#8230;..perversitas, qui maledictis infectantur eos a quibus de veritate dissentiunt.<\/p>\n<p>Quelque ardeur qu&rsquo;eut fait para\u00eetre Vincent pour l&rsquo;\u00e9tude de la th\u00e9ologie pendant les sept ann\u00e9es dont nous venons de parler, il ne s&rsquo;y \u00e9tait pas livr\u00e9 jusqu&rsquo;\u00e0 contracter cet esprit de langueur, qui fait \u00e0 la pi\u00e9t\u00e9 des br\u00e8ches que la science la plus \u00e9tendue ne peut r\u00e9parer. Le d\u00e9sir qu&rsquo;il avait d&rsquo;apprendre, fut toujours subordonn\u00e9 au d\u00e9sir qu&rsquo;il avait de se sanctifier. Ainsi pour s&rsquo;unir plus \u00e9troitement \u00e0 Dieu, il re\u00e7ut dans l&rsquo;\u00e9glise cath\u00e9drale de Tarbes, les deux premiers ordres sacr\u00e9s. Il prit le sous-diaconat le 19 septembre de l&rsquo;ann\u00e9e 1598 et le diaconat trois mois apr\u00e8s. Le sacerdoce, apr\u00e8s lequel tant d&rsquo;autres courent avec une esp\u00e8ce de fureur, l&rsquo;effrayait ; et quoique M. Jean-Jacques du Sault (e) son \u00e9v\u00eaque, lui e\u00fbt d\u00e8s le 13 de septembre de l&rsquo;ann\u00e9e suivante, accord\u00e9 un dimissoire pour la pr\u00eatrise, il ne la re\u00e7ut qu&rsquo;une ann\u00e9e apr\u00e8s, c&rsquo;est \u00e0 dire le 23 septembre 1600 et ce fut M. Fran\u00e7ois de Bourdeils \u00e9v\u00eaque de P\u00e9rigueux, qui la lui conf\u00e9ra dans la chapelle de son Ch\u00e2teau de S. Julien. Guillaume de Paul qui fondait sur lui de si grandes esp\u00e9rances, n&rsquo;eut pas m\u00eame la consolation de le voir pr\u00eatre. Dieu disposa du p\u00e8re plus d&rsquo;un an avant l&rsquo;ordination du fils. Mais ce bon vieillard donna, avant que de mourir, de nouvelles preuves de sa tendresse pour Vincent. Il ordonna par son testament qu&rsquo;on n&rsquo;\u00e9pargn\u00e2t rien pour lui faire continuer ses \u00e9tudes ; et il le partagea, autant que la justice put le lui permettre, en fils bien-aim\u00e9. La mort d&rsquo;un p\u00e8re si cher, ne put manquer d&rsquo;\u00eatre bien sensible \u00e0 un fils dont la reconnaissance fut toujours le caract\u00e8re ; et il ne s&rsquo;en consola que dans l&rsquo;esp\u00e9rance de pouvoir bient\u00f4t offrir pour le repos de son \u00e2me, la victime adorable qui efface les p\u00e9ch\u00e9s du monde. On n&rsquo;a pu jusqu&rsquo;ici savoir bien s\u00fbrement ni le jour ni le lieu o\u00f9 il offrit pour la premi\u00e8re fois cet auguste sacrifice. Une ancienne tradition de la ville de Buset porte qu&rsquo;il d\u00eet sa premi\u00e8re messe dans une chapelle de la Sainte Vierge, qui est de l&rsquo;autre c\u00f4t\u00e9 du Tarn, sur le haut d&rsquo;une montagne et dans les bois. Ce lieu isol\u00e9 et solitaire devait au moins \u00eatre fort du go\u00fbt de notre jeune pr\u00eatre, car on lui a quelquefois entendu dire qu&rsquo;il fut si effray\u00e9 de la grandeur et de la majest\u00e9 de cette action toute divine que, n&rsquo;ayant pas le courage de c\u00e9l\u00e9brer en public, il choisit, pour le faire avec moins de trouble, une chapelle \u00e9cart\u00e9e o\u00f9 il se trouva seul avec un pr\u00eatre pour l&rsquo;assister selon la coutume, et un clerc pour le servir. Quelle le\u00e7on pour tant de nouveaux pr\u00eatres qui, moins vertueux que ne l&rsquo;\u00e9tait Vincent de Paul, ne paraissent jamais plus dissip\u00e9s que dans ce jour pr\u00e9cieux o\u00f9 ils devraient se livrer tout entiers \u00e0 l&rsquo;amour, \u00e0 la frayeur et au plus profond recueillement.<\/p>\n<p>A peine Vincent \u00e9tait-il pr\u00eatre que les personnes les plus \u00e9clair\u00e9es le jug\u00e8rent capable d&rsquo;\u00eatre pasteur ; et quoiqu&rsquo;absent, il fut nomm\u00e9 \u00e0 la cure de Tilh, qui \u00e9tait une des meilleures du dioc\u00e8se d&rsquo;Acqs. M. de Commet son illustre ami la sollicita pour lui, mais son m\u00e9rite la sollicita beaucoup mieux encore ; et messieurs les grands vicaires qui \u00e9taient, mieux que personne, inform\u00e9s de son z\u00e8le, de sa pi\u00e9t\u00e9 et de ses talents, se firent un plaisir de la lui procurer . Mais elle lui fut contest\u00e9e par un comp\u00e9titeur, qui l&rsquo;avait imp\u00e9tr\u00e9e en cour de Rome. Vincent qui savait d\u00e9j\u00e0 qu&rsquo;un serviteur de Dieu ne doit pas aimer les proc\u00e8s, sacrifia volontiers son droit et ses pr\u00e9tentions. Il n&rsquo;e\u00fbt quitt\u00e9 ses \u00e9tudes qu&rsquo;avec beaucoup de peine ; son d\u00e9sistement lui laissa la libert\u00e9 avec tout le succ\u00e8s dont nous avons d\u00e9j\u00e0 parl\u00e9.<\/p>\n<p>Quelques mois apr\u00e8s avoir fini son cours de th\u00e9ologie, il partit pour Bordeaux. Le motif de ce voyage fut, comme il l&rsquo;\u00e9crivit dans la suite, une affaire qui demandait de grandes avances et qu&rsquo;il ne pouvait d\u00e9clarer sans t\u00e9m\u00e9rit\u00e9. C&rsquo;est tout ce que nous en avons pu savoir de certain. On peut cependant croire avec l&rsquo;auteur de l&rsquo;abr\u00e9g\u00e9 italien de sa vie, qu&rsquo;il eut une entrevue avec le Duc d&rsquo;Espernon qui, comme bien d&rsquo;autres, le jugeait capable des premiers emplois et qui, pour les lui procurer, n&rsquo;avait presque besoin que de son consentement. Quoi qu&rsquo;il en soit, car nous n&rsquo;avons ici que des conjectures \u00e0 pr\u00e9senter, Vincent ne fut pas plut\u00f4t de retour \u00e0 Toulouse, qu&rsquo;il se vit oblig\u00e9 de faire un nouveau voyage, qui dura assur\u00e9ment plus longtemps qu&rsquo;il n&rsquo;avait cru et qui aurait \u00e9t\u00e9 pour lui le comble du malheur, si les serviteurs de Dieu ne savaient pas se rendre sup\u00e9rieurs aux plus f\u00e2cheuses r\u00e9volutions, et trouver leur joie et leur consolation dans l&rsquo;accomplissement des ordres les plus rigoureux de la providence. Voici comme la chose se passa.<\/p>\n<p>Une personne de pi\u00e9t\u00e9 et de condition, qui savait estimer les dons de Dieu et qui admirait depuis longtemps la vertu de Vincent de Paul, l&rsquo;institua son h\u00e9ritier. Ce fut la premi\u00e8re nouvelle qu&rsquo;il apprit en arrivant \u00e0 Toulouse et, dans l&rsquo;\u00e9tat o\u00f9 il \u00e9tait, elle ne dut pas lui \u00eatre indiff\u00e9rente. Comme il e\u00fbt reconnu qu&rsquo;en cons\u00e9quence de cette succession, il lui devait revenir douze ou quinze cents livres d&rsquo;un homme qui, pour ne les payer pas, s&rsquo;\u00e9tait retir\u00e9 \u00e0 Marseille ; il s&rsquo;y transporta et, parce qu&rsquo;il n&rsquo;\u00e9tait pas de ces c\u0153urs inflexibles qui ne connaissent point la mis\u00e9ricorde, il se contenta de trois cents \u00e9cus. Il y a bien l&rsquo;apparence qu&rsquo;il ne s&rsquo;\u00e9tait jamais vu si riche. Sa bonne fortune ne dura pas longtemps et il apprit bient\u00f4t ce que l&rsquo;exp\u00e9rience d&rsquo;un million d&rsquo;autres ne nous apprend point assez, qu&rsquo;il n&rsquo;y a souvent qu&rsquo;un pas entre l&rsquo;\u00e9tat le plus heureux et la plus accablante disgr\u00e2ce.<\/p>\n","protected":false},"excerpt":{"rendered":"<p>Livre premier 3. Il re\u00e7oit la Tonsure et les Ordres mineurs. Il va \u00e0 Toulouse ; y prend le d\u00e9gr\u00e9e de Bachelier ; explique le Ma\u00eetre des Sentences ; remarques \u00e0 ce sujet. Injustice d\u2019un &#8230; <a href=\"http:\/\/vincentians.com\/fr\/la-vie-de-saint-vincent-de-paul-instituteur-de-la-congregation-de-la-mission-et-des-filles-de-la-charite-003\/\" class=\"more-link\">Read More<\/a><\/p>\n","protected":false},"author":4,"featured_media":107739,"comment_status":"open","ping_status":"open","sticky":false,"template":"","format":"standard","meta":{"jetpack_post_was_ever_published":false,"_jetpack_newsletter_access":"","_jetpack_dont_email_post_to_subs":false,"_jetpack_newsletter_tier_id":0,"_jetpack_memberships_contains_paywalled_content":false,"_jetpack_memberships_contains_paid_content":false,"footnotes":"","jetpack_publicize_message":"","jetpack_publicize_feature_enabled":true,"jetpack_social_post_already_shared":true,"jetpack_social_options":{"image_generator_settings":{"template":"highway","default_image_id":0,"font":"","enabled":false},"version":2}},"categories":[5],"tags":[],"class_list":["post-108089","post","type-post","status-publish","format-standard","has-post-thumbnail","hentry","category-vincent-de-paul"],"yoast_head":"<!-- This site is optimized with the Yoast SEO plugin v26.3 - https:\/\/yoast.com\/wordpress\/plugins\/seo\/ -->\n<title>La vie de Saint Vincent de Paul, instituteur de la Congr\u00e9gation de la Mission et des Filles de la Charit\u00e9 (003) - Nous Sommes Vincentiens<\/title>\n<meta name=\"robots\" content=\"index, follow, max-snippet:-1, max-image-preview:large, max-video-preview:-1\" \/>\n<link rel=\"canonical\" href=\"https:\/\/vincentians.com\/fr\/la-vie-de-saint-vincent-de-paul-instituteur-de-la-congregation-de-la-mission-et-des-filles-de-la-charite-003\/\" \/>\n<meta property=\"og:locale\" content=\"fr_FR\" \/>\n<meta property=\"og:type\" content=\"article\" \/>\n<meta property=\"og:title\" content=\"La vie de Saint Vincent de Paul, instituteur de la Congr\u00e9gation de la Mission et des Filles de la Charit\u00e9 (003) - Nous Sommes Vincentiens\" \/>\n<meta property=\"og:description\" content=\"Livre premier 3. Il re\u00e7oit la Tonsure et les Ordres mineurs. Il va \u00e0 Toulouse ; y prend le d\u00e9gr\u00e9e de Bachelier ; explique le Ma\u00eetre des Sentences ; remarques \u00e0 ce sujet. Injustice d\u2019un ... Read More\" \/>\n<meta property=\"og:url\" content=\"https:\/\/vincentians.com\/fr\/la-vie-de-saint-vincent-de-paul-instituteur-de-la-congregation-de-la-mission-et-des-filles-de-la-charite-003\/\" \/>\n<meta property=\"og:site_name\" content=\"Nous Sommes Vincentiens\" \/>\n<meta property=\"article:publisher\" content=\"https:\/\/www.facebook.com\/WeAreVincentians\/\" \/>\n<meta property=\"article:author\" content=\"https:\/\/www.facebook.com\/JavierChento\" \/>\n<meta property=\"article:published_time\" content=\"2014-01-30T05:53:56+00:00\" \/>\n<meta name=\"author\" content=\"Francisco Javier Fern\u00e1ndez Chento\" \/>\n<meta name=\"twitter:card\" content=\"summary_large_image\" \/>\n<meta name=\"twitter:creator\" content=\"@https:\/\/twitter.com\/javierchento\" \/>\n<meta name=\"twitter:site\" content=\"@WeVincentians\" \/>\n<meta name=\"twitter:label1\" content=\"\u00c9crit par\" \/>\n\t<meta name=\"twitter:data1\" content=\"Francisco Javier Fern\u00e1ndez Chento\" \/>\n\t<meta name=\"twitter:label2\" content=\"Dur\u00e9e de lecture estim\u00e9e\" \/>\n\t<meta name=\"twitter:data2\" content=\"15 minutes\" \/>\n<script type=\"application\/ld+json\" class=\"yoast-schema-graph\">{\"@context\":\"https:\/\/schema.org\",\"@graph\":[{\"@type\":\"WebPage\",\"@id\":\"https:\/\/vincentians.com\/fr\/la-vie-de-saint-vincent-de-paul-instituteur-de-la-congregation-de-la-mission-et-des-filles-de-la-charite-003\/\",\"url\":\"https:\/\/vincentians.com\/fr\/la-vie-de-saint-vincent-de-paul-instituteur-de-la-congregation-de-la-mission-et-des-filles-de-la-charite-003\/\",\"name\":\"La vie de Saint Vincent de Paul, instituteur de la Congr\u00e9gation de la Mission et des Filles de la Charit\u00e9 (003) - Nous Sommes Vincentiens\",\"isPartOf\":{\"@id\":\"http:\/\/vincentians.com\/fr\/#website\"},\"primaryImageOfPage\":{\"@id\":\"https:\/\/vincentians.com\/fr\/la-vie-de-saint-vincent-de-paul-instituteur-de-la-congregation-de-la-mission-et-des-filles-de-la-charite-003\/#primaryimage\"},\"image\":{\"@id\":\"https:\/\/vincentians.com\/fr\/la-vie-de-saint-vincent-de-paul-instituteur-de-la-congregation-de-la-mission-et-des-filles-de-la-charite-003\/#primaryimage\"},\"thumbnailUrl\":\"\",\"datePublished\":\"2014-01-30T05:53:56+00:00\",\"author\":{\"@id\":\"http:\/\/vincentians.com\/fr\/#\/schema\/person\/9623ef4d9aa3b2dfb8c061f1499288f2\"},\"breadcrumb\":{\"@id\":\"https:\/\/vincentians.com\/fr\/la-vie-de-saint-vincent-de-paul-instituteur-de-la-congregation-de-la-mission-et-des-filles-de-la-charite-003\/#breadcrumb\"},\"inLanguage\":\"fr-FR\",\"potentialAction\":[{\"@type\":\"ReadAction\",\"target\":[\"https:\/\/vincentians.com\/fr\/la-vie-de-saint-vincent-de-paul-instituteur-de-la-congregation-de-la-mission-et-des-filles-de-la-charite-003\/\"]}]},{\"@type\":\"ImageObject\",\"inLanguage\":\"fr-FR\",\"@id\":\"https:\/\/vincentians.com\/fr\/la-vie-de-saint-vincent-de-paul-instituteur-de-la-congregation-de-la-mission-et-des-filles-de-la-charite-003\/#primaryimage\",\"url\":\"\",\"contentUrl\":\"\"},{\"@type\":\"BreadcrumbList\",\"@id\":\"https:\/\/vincentians.com\/fr\/la-vie-de-saint-vincent-de-paul-instituteur-de-la-congregation-de-la-mission-et-des-filles-de-la-charite-003\/#breadcrumb\",\"itemListElement\":[{\"@type\":\"ListItem\",\"position\":1,\"name\":\"Portada\",\"item\":\"http:\/\/vincentians.com\/fr\/\"},{\"@type\":\"ListItem\",\"position\":2,\"name\":\"La vie de Saint Vincent de Paul, instituteur de la Congr\u00e9gation de la Mission et des Filles de la Charit\u00e9 (003)\"}]},{\"@type\":\"WebSite\",\"@id\":\"http:\/\/vincentians.com\/fr\/#website\",\"url\":\"http:\/\/vincentians.com\/fr\/\",\"name\":\"Nous Sommes Vincentiens\",\"description\":\"Know more to serve more\",\"potentialAction\":[{\"@type\":\"SearchAction\",\"target\":{\"@type\":\"EntryPoint\",\"urlTemplate\":\"http:\/\/vincentians.com\/fr\/?s={search_term_string}\"},\"query-input\":{\"@type\":\"PropertyValueSpecification\",\"valueRequired\":true,\"valueName\":\"search_term_string\"}}],\"inLanguage\":\"fr-FR\"},{\"@type\":\"Person\",\"@id\":\"http:\/\/vincentians.com\/fr\/#\/schema\/person\/9623ef4d9aa3b2dfb8c061f1499288f2\",\"name\":\"Francisco Javier Fern\u00e1ndez Chento\",\"image\":{\"@type\":\"ImageObject\",\"inLanguage\":\"fr-FR\",\"@id\":\"http:\/\/vincentians.com\/fr\/#\/schema\/person\/image\/\",\"url\":\"https:\/\/secure.gravatar.com\/avatar\/497d5cde87b4c3d097d0315953521681ba2cd523ee66e5077c3711f7021e65de?s=96&d=mm&r=g\",\"contentUrl\":\"https:\/\/secure.gravatar.com\/avatar\/497d5cde87b4c3d097d0315953521681ba2cd523ee66e5077c3711f7021e65de?s=96&d=mm&r=g\",\"caption\":\"Francisco Javier Fern\u00e1ndez Chento\"},\"description\":\"Director General y cofundador de La Red de Formaci\u00f3n Vicenciana. Javier es laico vicenciano, afiliado a la Congregaci\u00f3n de la Misi\u00f3n y miembro del Equipo de Misiones Populares de la provincia can\u00f3nica de Zaragoza (Espa\u00f1a) de la Congregaci\u00f3n de la Misi\u00f3n. Graduado en la Universidad Oberta de Catalunya con cuatro grados (Asistente de direcci\u00f3n, Gesti\u00f3n Administrativa, Recursos Humanos y Contabilidad Avanzada). Bil\u00edng\u00fce Espa\u00f1ol\/Ingl\u00e9s. gestiona y mantiene varias p\u00e1ginas web cristianas y vicencianas, incluida including La Red de Formaci\u00f3n Vicenciana, de la que es cofundador. Actualmente es responsable del \u00e1rea de Espa\u00f1ol de .famvin, la Red de Noticias de la Familia Vicenciana. Tambi\u00e9n es m\u00fasico cat\u00f3lico y ha editado varios discos. Es Director General y cofundador de Trovador, una reconocida compa\u00f1\u00eda discogr\u00e1fica critiana de Espa\u00f1a. Trabaja en las Tecnolog\u00edas de la Informaci\u00f3n, ofreciendo servicios de alojamiento, dise\u00f1o y mantenimiento Web, as\u00ed como asesoramiento, formaci\u00f3n y soluciones inform\u00e1ticas, gesti\u00f3n documental y digitalizaci\u00f3n de textos, edici\u00f3n y maquetaci\u00f3n de libros, revistas, flyers, etc.\",\"sameAs\":[\"http:\/\/chento.org\",\"https:\/\/www.facebook.com\/JavierChento\",\"https:\/\/x.com\/https:\/\/twitter.com\/javierchento\"],\"url\":\"http:\/\/vincentians.com\/fr\/author\/chento\/\"}]}<\/script>\n<!-- \/ Yoast SEO plugin. -->","yoast_head_json":{"title":"La vie de Saint Vincent de Paul, instituteur de la Congr\u00e9gation de la Mission et des Filles de la Charit\u00e9 (003) - Nous Sommes Vincentiens","robots":{"index":"index","follow":"follow","max-snippet":"max-snippet:-1","max-image-preview":"max-image-preview:large","max-video-preview":"max-video-preview:-1"},"canonical":"https:\/\/vincentians.com\/fr\/la-vie-de-saint-vincent-de-paul-instituteur-de-la-congregation-de-la-mission-et-des-filles-de-la-charite-003\/","og_locale":"fr_FR","og_type":"article","og_title":"La vie de Saint Vincent de Paul, instituteur de la Congr\u00e9gation de la Mission et des Filles de la Charit\u00e9 (003) - Nous Sommes Vincentiens","og_description":"Livre premier 3. Il re\u00e7oit la Tonsure et les Ordres mineurs. Il va \u00e0 Toulouse ; y prend le d\u00e9gr\u00e9e de Bachelier ; explique le Ma\u00eetre des Sentences ; remarques \u00e0 ce sujet. Injustice d\u2019un ... Read More","og_url":"https:\/\/vincentians.com\/fr\/la-vie-de-saint-vincent-de-paul-instituteur-de-la-congregation-de-la-mission-et-des-filles-de-la-charite-003\/","og_site_name":"Nous Sommes Vincentiens","article_publisher":"https:\/\/www.facebook.com\/WeAreVincentians\/","article_author":"https:\/\/www.facebook.com\/JavierChento","article_published_time":"2014-01-30T05:53:56+00:00","author":"Francisco Javier Fern\u00e1ndez Chento","twitter_card":"summary_large_image","twitter_creator":"@https:\/\/twitter.com\/javierchento","twitter_site":"@WeVincentians","twitter_misc":{"\u00c9crit par":"Francisco Javier Fern\u00e1ndez Chento","Dur\u00e9e de lecture estim\u00e9e":"15 minutes"},"schema":{"@context":"https:\/\/schema.org","@graph":[{"@type":"WebPage","@id":"https:\/\/vincentians.com\/fr\/la-vie-de-saint-vincent-de-paul-instituteur-de-la-congregation-de-la-mission-et-des-filles-de-la-charite-003\/","url":"https:\/\/vincentians.com\/fr\/la-vie-de-saint-vincent-de-paul-instituteur-de-la-congregation-de-la-mission-et-des-filles-de-la-charite-003\/","name":"La vie de Saint Vincent de Paul, instituteur de la Congr\u00e9gation de la Mission et des Filles de la Charit\u00e9 (003) - Nous Sommes Vincentiens","isPartOf":{"@id":"http:\/\/vincentians.com\/fr\/#website"},"primaryImageOfPage":{"@id":"https:\/\/vincentians.com\/fr\/la-vie-de-saint-vincent-de-paul-instituteur-de-la-congregation-de-la-mission-et-des-filles-de-la-charite-003\/#primaryimage"},"image":{"@id":"https:\/\/vincentians.com\/fr\/la-vie-de-saint-vincent-de-paul-instituteur-de-la-congregation-de-la-mission-et-des-filles-de-la-charite-003\/#primaryimage"},"thumbnailUrl":"","datePublished":"2014-01-30T05:53:56+00:00","author":{"@id":"http:\/\/vincentians.com\/fr\/#\/schema\/person\/9623ef4d9aa3b2dfb8c061f1499288f2"},"breadcrumb":{"@id":"https:\/\/vincentians.com\/fr\/la-vie-de-saint-vincent-de-paul-instituteur-de-la-congregation-de-la-mission-et-des-filles-de-la-charite-003\/#breadcrumb"},"inLanguage":"fr-FR","potentialAction":[{"@type":"ReadAction","target":["https:\/\/vincentians.com\/fr\/la-vie-de-saint-vincent-de-paul-instituteur-de-la-congregation-de-la-mission-et-des-filles-de-la-charite-003\/"]}]},{"@type":"ImageObject","inLanguage":"fr-FR","@id":"https:\/\/vincentians.com\/fr\/la-vie-de-saint-vincent-de-paul-instituteur-de-la-congregation-de-la-mission-et-des-filles-de-la-charite-003\/#primaryimage","url":"","contentUrl":""},{"@type":"BreadcrumbList","@id":"https:\/\/vincentians.com\/fr\/la-vie-de-saint-vincent-de-paul-instituteur-de-la-congregation-de-la-mission-et-des-filles-de-la-charite-003\/#breadcrumb","itemListElement":[{"@type":"ListItem","position":1,"name":"Portada","item":"http:\/\/vincentians.com\/fr\/"},{"@type":"ListItem","position":2,"name":"La vie de Saint Vincent de Paul, instituteur de la Congr\u00e9gation de la Mission et des Filles de la Charit\u00e9 (003)"}]},{"@type":"WebSite","@id":"http:\/\/vincentians.com\/fr\/#website","url":"http:\/\/vincentians.com\/fr\/","name":"Nous Sommes Vincentiens","description":"Know more to serve more","potentialAction":[{"@type":"SearchAction","target":{"@type":"EntryPoint","urlTemplate":"http:\/\/vincentians.com\/fr\/?s={search_term_string}"},"query-input":{"@type":"PropertyValueSpecification","valueRequired":true,"valueName":"search_term_string"}}],"inLanguage":"fr-FR"},{"@type":"Person","@id":"http:\/\/vincentians.com\/fr\/#\/schema\/person\/9623ef4d9aa3b2dfb8c061f1499288f2","name":"Francisco Javier Fern\u00e1ndez Chento","image":{"@type":"ImageObject","inLanguage":"fr-FR","@id":"http:\/\/vincentians.com\/fr\/#\/schema\/person\/image\/","url":"https:\/\/secure.gravatar.com\/avatar\/497d5cde87b4c3d097d0315953521681ba2cd523ee66e5077c3711f7021e65de?s=96&d=mm&r=g","contentUrl":"https:\/\/secure.gravatar.com\/avatar\/497d5cde87b4c3d097d0315953521681ba2cd523ee66e5077c3711f7021e65de?s=96&d=mm&r=g","caption":"Francisco Javier Fern\u00e1ndez Chento"},"description":"Director General y cofundador de La Red de Formaci\u00f3n Vicenciana. Javier es laico vicenciano, afiliado a la Congregaci\u00f3n de la Misi\u00f3n y miembro del Equipo de Misiones Populares de la provincia can\u00f3nica de Zaragoza (Espa\u00f1a) de la Congregaci\u00f3n de la Misi\u00f3n. Graduado en la Universidad Oberta de Catalunya con cuatro grados (Asistente de direcci\u00f3n, Gesti\u00f3n Administrativa, Recursos Humanos y Contabilidad Avanzada). Bil\u00edng\u00fce Espa\u00f1ol\/Ingl\u00e9s. gestiona y mantiene varias p\u00e1ginas web cristianas y vicencianas, incluida including La Red de Formaci\u00f3n Vicenciana, de la que es cofundador. Actualmente es responsable del \u00e1rea de Espa\u00f1ol de .famvin, la Red de Noticias de la Familia Vicenciana. Tambi\u00e9n es m\u00fasico cat\u00f3lico y ha editado varios discos. Es Director General y cofundador de Trovador, una reconocida compa\u00f1\u00eda discogr\u00e1fica critiana de Espa\u00f1a. Trabaja en las Tecnolog\u00edas de la Informaci\u00f3n, ofreciendo servicios de alojamiento, dise\u00f1o y mantenimiento Web, as\u00ed como asesoramiento, formaci\u00f3n y soluciones inform\u00e1ticas, gesti\u00f3n documental y digitalizaci\u00f3n de textos, edici\u00f3n y maquetaci\u00f3n de libros, revistas, flyers, etc.","sameAs":["http:\/\/chento.org","https:\/\/www.facebook.com\/JavierChento","https:\/\/x.com\/https:\/\/twitter.com\/javierchento"],"url":"http:\/\/vincentians.com\/fr\/author\/chento\/"}]}},"jetpack_publicize_connections":[],"jetpack_featured_media_url":"","jetpack_sharing_enabled":true,"jetpack_shortlink":"https:\/\/wp.me\/p7ETMP-s7n","jetpack-related-posts":[{"id":52054,"url":"http:\/\/vincentians.com\/fr\/saint-vincent-de-paul-et-sa-mission-sociale-iii-laction-2\/","url_meta":{"origin":108089,"position":0},"title":"Saint Vincent De Paul Et Sa Mission Sociale. III &#8211; L\u2019action (2)","author":"Francisco Javier Fern\u00e1ndez Chento","date":"26\/12\/2014","format":false,"excerpt":"LA RENAISSANCE RELIGIEUSE. \u2014 Le compl\u00e9ment des missions. \u2014 \u00c9tat du clerg\u00e9 depuis le concile de Trente. \u2014 N\u00e9cessit\u00e9 d\u2019une r\u00e9forme. \u2014 Les exercices des ordinands. \u2014 Saint-Lazare. \u2014 La conf\u00e9rence du mardi. \u2014 Bossuet. \u2014 Les retraites spirituelles. \u2014 Le coll\u00e8ge des Bons-Enfants. \u2014 Vincent de Paul et Olier.\u2026","rel":"","context":"Dans &quot;Vincent de Paul&quot;","block_context":{"text":"Vincent de Paul","link":"http:\/\/vincentians.com\/fr\/category\/the-vincentian-family\/founders\/vincent-de-paul\/"},"img":{"alt_text":"","src":"https:\/\/i0.wp.com\/vincentians.com\/fr\/wp-content\/uploads\/sites\/10\/2016\/07\/vincent-et-sa-action-sociale.jpg?fit=1160%2C630&resize=350%2C200","width":350,"height":200,"srcset":"https:\/\/i0.wp.com\/vincentians.com\/fr\/wp-content\/uploads\/sites\/10\/2016\/07\/vincent-et-sa-action-sociale.jpg?fit=1160%2C630&resize=350%2C200 1x, https:\/\/i0.wp.com\/vincentians.com\/fr\/wp-content\/uploads\/sites\/10\/2016\/07\/vincent-et-sa-action-sociale.jpg?fit=1160%2C630&resize=525%2C300 1.5x, https:\/\/i0.wp.com\/vincentians.com\/fr\/wp-content\/uploads\/sites\/10\/2016\/07\/vincent-et-sa-action-sociale.jpg?fit=1160%2C630&resize=700%2C400 2x, https:\/\/i0.wp.com\/vincentians.com\/fr\/wp-content\/uploads\/sites\/10\/2016\/07\/vincent-et-sa-action-sociale.jpg?fit=1160%2C630&resize=1050%2C600 3x"},"classes":[]},{"id":52020,"url":"http:\/\/vincentians.com\/fr\/saint-vincent-de-paul-et-sa-mission-sociale-i-la-vocation-1\/","url_meta":{"origin":108089,"position":1},"title":"Saint Vincent De Paul Et Sa Mission Sociale. I &#8211; La vocation (1)","author":"Francisco Javier Fern\u00e1ndez Chento","date":"18\/12\/2014","format":false,"excerpt":"L\u2019HOMME ET L\u2019\u0152UVRE \u2014 Le seizi\u00e8me si\u00e8cle et le protestantisme en France. \u2014 Ravages caus\u00e9s par les guerres de religion. \u2014 Changements dans la soci\u00e9t\u00e9. \u2014 Accroissement de la mis\u00e8re. \u2014 L\u2019\u0153uvre nouvelle de la Charit\u00e9. \u2014 Saint Vincent de Paul. \u2014 Sa mission. \u2014 Naissance et premi\u00e8res ann\u00e9es. \u2014\u2026","rel":"","context":"Dans &quot;Vincent de Paul&quot;","block_context":{"text":"Vincent de Paul","link":"http:\/\/vincentians.com\/fr\/category\/the-vincentian-family\/founders\/vincent-de-paul\/"},"img":{"alt_text":"","src":"https:\/\/i0.wp.com\/vincentians.com\/fr\/wp-content\/uploads\/sites\/10\/2016\/07\/vincent-et-sa-action-sociale.jpg?fit=1160%2C630&resize=350%2C200","width":350,"height":200,"srcset":"https:\/\/i0.wp.com\/vincentians.com\/fr\/wp-content\/uploads\/sites\/10\/2016\/07\/vincent-et-sa-action-sociale.jpg?fit=1160%2C630&resize=350%2C200 1x, https:\/\/i0.wp.com\/vincentians.com\/fr\/wp-content\/uploads\/sites\/10\/2016\/07\/vincent-et-sa-action-sociale.jpg?fit=1160%2C630&resize=525%2C300 1.5x, https:\/\/i0.wp.com\/vincentians.com\/fr\/wp-content\/uploads\/sites\/10\/2016\/07\/vincent-et-sa-action-sociale.jpg?fit=1160%2C630&resize=700%2C400 2x, https:\/\/i0.wp.com\/vincentians.com\/fr\/wp-content\/uploads\/sites\/10\/2016\/07\/vincent-et-sa-action-sociale.jpg?fit=1160%2C630&resize=1050%2C600 3x"},"classes":[]},{"id":42756,"url":"http:\/\/vincentians.com\/fr\/saint-vincent-de-paul-maitre-doraison-lettre-preface\/","url_meta":{"origin":108089,"position":2},"title":"Saint Vincent De Paul, Ma\u00eetre d\u2019Oraison. Lettre pr\u00e9face","author":"Francisco Javier Fern\u00e1ndez Chento","date":"10\/05\/2015","format":false,"excerpt":"Paris, le 7 octobre 1928 MON CHER ABB\u00c9, Ecrivant le 8 avril 1933 \u00e0 M. Coste, pr\u00eatre de la Mission, \u00e9diteur des entretiens de saint Vincent, c'est \u00e0 savoir : les conf\u00e9rences aux missionnaires et aux Filles de la Charit\u00e9, les r\u00e9p\u00e9titions d\u2019oraison, les conseils, avis et lignes de conduite,\u2026","rel":"","context":"Dans &quot;Vincent de Paul&quot;","block_context":{"text":"Vincent de Paul","link":"http:\/\/vincentians.com\/fr\/category\/the-vincentian-family\/founders\/vincent-de-paul\/"},"img":{"alt_text":"","src":"https:\/\/i0.wp.com\/vincentians.com\/fr\/wp-content\/uploads\/sites\/10\/2016\/07\/vincent-maitre-d-oraison.jpg?fit=1200%2C630&resize=350%2C200","width":350,"height":200,"srcset":"https:\/\/i0.wp.com\/vincentians.com\/fr\/wp-content\/uploads\/sites\/10\/2016\/07\/vincent-maitre-d-oraison.jpg?fit=1200%2C630&resize=350%2C200 1x, https:\/\/i0.wp.com\/vincentians.com\/fr\/wp-content\/uploads\/sites\/10\/2016\/07\/vincent-maitre-d-oraison.jpg?fit=1200%2C630&resize=525%2C300 1.5x, https:\/\/i0.wp.com\/vincentians.com\/fr\/wp-content\/uploads\/sites\/10\/2016\/07\/vincent-maitre-d-oraison.jpg?fit=1200%2C630&resize=700%2C400 2x, https:\/\/i0.wp.com\/vincentians.com\/fr\/wp-content\/uploads\/sites\/10\/2016\/07\/vincent-maitre-d-oraison.jpg?fit=1200%2C630&resize=1050%2C600 3x"},"classes":[]},{"id":52031,"url":"http:\/\/vincentians.com\/fr\/saint-vincent-de-paul-et-sa-mission-sociale-i-la-vocation-3\/","url_meta":{"origin":108089,"position":3},"title":"Saint Vincent De Paul Et Sa Mission Sociale. I &#8211; La vocation (3)","author":"Francisco Javier Fern\u00e1ndez Chento","date":"20\/12\/2014","format":false,"excerpt":"L\u2019APOSTOLAT DE LA CHARIT\u00c9. Les pr\u00e9mices du dix-septi\u00e8me si\u00e8cle. \u2014 Vincent de Paul et le P. de B\u00e9rulle. \u2014 Vincent est nomm\u00e9 cur\u00e9 de Clichy. \u2014 Ses premiers travaux. \u2014 Son entr\u00e9e dans la maison de Gondi. - Les pauvres gens des campagnes. \u2014 Premi\u00e8re mission \u00e0 Folleville. \u2014 Vincent\u2026","rel":"","context":"Dans &quot;Vincent de Paul&quot;","block_context":{"text":"Vincent de Paul","link":"http:\/\/vincentians.com\/fr\/category\/the-vincentian-family\/founders\/vincent-de-paul\/"},"img":{"alt_text":"","src":"https:\/\/i0.wp.com\/vincentians.com\/fr\/wp-content\/uploads\/sites\/10\/2016\/07\/vincent-et-sa-action-sociale.jpg?fit=1160%2C630&resize=350%2C200","width":350,"height":200,"srcset":"https:\/\/i0.wp.com\/vincentians.com\/fr\/wp-content\/uploads\/sites\/10\/2016\/07\/vincent-et-sa-action-sociale.jpg?fit=1160%2C630&resize=350%2C200 1x, https:\/\/i0.wp.com\/vincentians.com\/fr\/wp-content\/uploads\/sites\/10\/2016\/07\/vincent-et-sa-action-sociale.jpg?fit=1160%2C630&resize=525%2C300 1.5x, https:\/\/i0.wp.com\/vincentians.com\/fr\/wp-content\/uploads\/sites\/10\/2016\/07\/vincent-et-sa-action-sociale.jpg?fit=1160%2C630&resize=700%2C400 2x, https:\/\/i0.wp.com\/vincentians.com\/fr\/wp-content\/uploads\/sites\/10\/2016\/07\/vincent-et-sa-action-sociale.jpg?fit=1160%2C630&resize=1050%2C600 3x"},"classes":[]},{"id":52052,"url":"http:\/\/vincentians.com\/fr\/saint-vincent-de-paul-et-sa-mission-sociale-iii-laction-1\/","url_meta":{"origin":108089,"position":4},"title":"Saint Vincent De Paul Et Sa Mission Sociale. III &#8211; L\u2019action (1)","author":"Francisco Javier Fern\u00e1ndez Chento","date":"25\/12\/2014","format":false,"excerpt":"LES MISSIONS. \u2014 Saint Vincent de Paul missionnaire. \u2014 Organisation des missions rurales. \u2014 Vertus et qualit\u00e9s des missionnaires. \u2014 La pr\u00e9dication d\u2019apr\u00e8s le saint. \u2014 Sa conduite envers les h\u00e9r\u00e9tiques et les infid\u00e8les. \u2014 Les imitateurs de Vincent de Paul. \u2014 Fruits du nouvel apostolat. \u2014 Missions \u00e0 la\u2026","rel":"","context":"Dans &quot;Vincent de Paul&quot;","block_context":{"text":"Vincent de Paul","link":"http:\/\/vincentians.com\/fr\/category\/the-vincentian-family\/founders\/vincent-de-paul\/"},"img":{"alt_text":"","src":"https:\/\/i0.wp.com\/vincentians.com\/fr\/wp-content\/uploads\/sites\/10\/2016\/07\/vincent-et-sa-action-sociale.jpg?fit=1160%2C630&resize=350%2C200","width":350,"height":200,"srcset":"https:\/\/i0.wp.com\/vincentians.com\/fr\/wp-content\/uploads\/sites\/10\/2016\/07\/vincent-et-sa-action-sociale.jpg?fit=1160%2C630&resize=350%2C200 1x, https:\/\/i0.wp.com\/vincentians.com\/fr\/wp-content\/uploads\/sites\/10\/2016\/07\/vincent-et-sa-action-sociale.jpg?fit=1160%2C630&resize=525%2C300 1.5x, https:\/\/i0.wp.com\/vincentians.com\/fr\/wp-content\/uploads\/sites\/10\/2016\/07\/vincent-et-sa-action-sociale.jpg?fit=1160%2C630&resize=700%2C400 2x, https:\/\/i0.wp.com\/vincentians.com\/fr\/wp-content\/uploads\/sites\/10\/2016\/07\/vincent-et-sa-action-sociale.jpg?fit=1160%2C630&resize=1050%2C600 3x"},"classes":[]},{"id":52038,"url":"http:\/\/vincentians.com\/fr\/saint-vincent-de-paul-et-sa-mission-sociale-ii-les-oeuvres-3\/","url_meta":{"origin":108089,"position":5},"title":"Saint Vincent De Paul Et Sa Mission Sociale. II &#8211; Les \u0152uvres (3)","author":"Francisco Javier Fern\u00e1ndez Chento","date":"23\/12\/2014","format":false,"excerpt":"LA S\u0152UR DE CHARIT\u00c9. \u2014 Mademoiselle Le Gras et Vincent de Paul. \u2014 Premiers rapports ; premi\u00e8res \u0153uvres. \u2014 Institution des Filles de la Charit\u00e9, servantes des pauvres. \u2014 Une nouvelle religieuse. \u2014 Conf\u00e9rences. \u2014 R\u00e8gles. \u2014 L\u2019H\u00f4tel de Rambouillet et l\u2019H\u00f4tel-Dieu. \u2014 Les Dames de la Charit\u00e9. Madame Goussault.\u2026","rel":"","context":"Dans &quot;Vincent de Paul&quot;","block_context":{"text":"Vincent de Paul","link":"http:\/\/vincentians.com\/fr\/category\/the-vincentian-family\/founders\/vincent-de-paul\/"},"img":{"alt_text":"","src":"https:\/\/i0.wp.com\/vincentians.com\/fr\/wp-content\/uploads\/sites\/10\/2016\/07\/vincent-et-sa-action-sociale.jpg?fit=1160%2C630&resize=350%2C200","width":350,"height":200,"srcset":"https:\/\/i0.wp.com\/vincentians.com\/fr\/wp-content\/uploads\/sites\/10\/2016\/07\/vincent-et-sa-action-sociale.jpg?fit=1160%2C630&resize=350%2C200 1x, https:\/\/i0.wp.com\/vincentians.com\/fr\/wp-content\/uploads\/sites\/10\/2016\/07\/vincent-et-sa-action-sociale.jpg?fit=1160%2C630&resize=525%2C300 1.5x, https:\/\/i0.wp.com\/vincentians.com\/fr\/wp-content\/uploads\/sites\/10\/2016\/07\/vincent-et-sa-action-sociale.jpg?fit=1160%2C630&resize=700%2C400 2x, https:\/\/i0.wp.com\/vincentians.com\/fr\/wp-content\/uploads\/sites\/10\/2016\/07\/vincent-et-sa-action-sociale.jpg?fit=1160%2C630&resize=1050%2C600 3x"},"classes":[]}],"_links":{"self":[{"href":"http:\/\/vincentians.com\/fr\/wp-json\/wp\/v2\/posts\/108089","targetHints":{"allow":["GET"]}}],"collection":[{"href":"http:\/\/vincentians.com\/fr\/wp-json\/wp\/v2\/posts"}],"about":[{"href":"http:\/\/vincentians.com\/fr\/wp-json\/wp\/v2\/types\/post"}],"author":[{"embeddable":true,"href":"http:\/\/vincentians.com\/fr\/wp-json\/wp\/v2\/users\/4"}],"replies":[{"embeddable":true,"href":"http:\/\/vincentians.com\/fr\/wp-json\/wp\/v2\/comments?post=108089"}],"version-history":[{"count":0,"href":"http:\/\/vincentians.com\/fr\/wp-json\/wp\/v2\/posts\/108089\/revisions"}],"wp:featuredmedia":[{"embeddable":true,"href":"http:\/\/vincentians.com\/fr\/wp-json\/"}],"wp:attachment":[{"href":"http:\/\/vincentians.com\/fr\/wp-json\/wp\/v2\/media?parent=108089"}],"wp:term":[{"taxonomy":"category","embeddable":true,"href":"http:\/\/vincentians.com\/fr\/wp-json\/wp\/v2\/categories?post=108089"},{"taxonomy":"post_tag","embeddable":true,"href":"http:\/\/vincentians.com\/fr\/wp-json\/wp\/v2\/tags?post=108089"}],"curies":[{"name":"wp","href":"https:\/\/api.w.org\/{rel}","templated":true}]}}