{"id":108088,"date":"2014-01-31T06:53:56","date_gmt":"2014-01-31T05:53:56","guid":{"rendered":"http:\/\/vincentiens.org\/?p=108088"},"modified":"2014-01-31T06:53:56","modified_gmt":"2014-01-31T05:53:56","slug":"la-vie-de-saint-vincent-de-paul-instituteur-de-la-congregation-de-la-mission-et-des-filles-de-la-charite-004","status":"publish","type":"post","link":"http:\/\/vincentians.com\/fr\/la-vie-de-saint-vincent-de-paul-instituteur-de-la-congregation-de-la-mission-et-des-filles-de-la-charite-004\/","title":{"rendered":"La vie de Saint Vincent de Paul, instituteur de la Congr\u00e9gation de la Mission et des Filles de la Charit\u00e9 (004)"},"content":{"rendered":"<h2>Livre premier<\/h2>\n<h3>4. Il est fait Esclave, vendu \u00e0 trois ma\u00eetres; le dernier est un Ren\u00e9gat ; Vincent le convertit, s\u2019embarque avec lui, et revient en Europe ; va \u00e0 Rome ; ses occupations dans cette ville. Un Ministre du Roi le charge d\u2019une affaire importante ; il revient en France.<\/h3>\n<p><a href=\"https:\/\/i0.wp.com\/vincentiens.org\/wp-content\/uploads\/2014\/01\/collet.jpg\"><img data-recalc-dims=\"1\" loading=\"lazy\" decoding=\"async\" class=\"alignright\" alt=\"collet\" src=\"https:\/\/i0.wp.com\/vincentiens.org\/wp-content\/uploads\/2014\/01\/collet-248x300.jpg?resize=248%2C300\" width=\"248\" height=\"300\" \/><\/a>Comme il \u00e9tait sur son d\u00e9part, et tout pr\u00e8s \u00e0 retourner par terre \u00e0 Toulouse, un gentilhomme de Languedoc avec lequel il \u00e9tait log\u00e9, l&rsquo;invita \u00e0 prendre avec lui la voie de la mer jusqu&rsquo;\u00e0 Narbonne. On \u00e9tait au mois de juillet, la saison ne pouvait \u00eatre plus belle ; le temps \u00e9tait propre \u00e0 la navigation, et d\u00e8s le jour m\u00eame on comptait arriver au terme. Vincent se rendit \u00e0 ces raisons et, partie par complaisance, partie pour abr\u00e9ger son voyage et en diminuer la d\u00e9pense, il s&#8217;embarqua. Un vent frais eu bient\u00f4t fait dispara\u00eetre les c\u00f4tes de Marseille et il continua \u00e0 \u00eatre si favorable que tout l&rsquo;\u00e9quipage se crut de plus en plus en \u00e9tat de faire en un jour le trajet, qui est de cinquante lieues, et d&rsquo;arriver de bonne heure \u00e0 Narbonne. Dieu avait r\u00e9gl\u00e9 les choses d&rsquo;une mani\u00e8re bien diff\u00e9rente ; et il n&rsquo;est ni conseil ni prudence qui puisse tenir contre ses desseins. Le mal vint du c\u00f4t\u00e9 contre lequel on \u00e9tait le moins en garde. La foire de Beaucaire, qui est une des plus belles du monde, ne faisait que commencer. Les richesses de l&rsquo;orient que les marchands de l&rsquo;Afrique et de l&rsquo;Asie viennent y changer contre celles de l&rsquo;Europe, font un appas pour les corsaires, et ils croisent, en ce temps plus qu&rsquo;en aucun autre, le golfe de Lion, pour se saisir de tout ce qui peut \u00eatre \u00e0 leur biens\u00e9ance. Ce f\u00fbt par eux que Dieu voulut \u00e9prouver la fid\u00e9lit\u00e9 de son serviteur. Trois brigantins Turcs attaqu\u00e8rent le petit b\u00e2timent sur lequel il \u00e9tait mont\u00e9. Quoique la partie f\u00fbt fort in\u00e9gale, les Fran\u00e7ais ne jugent pas \u00e0 propos de se rendre ; ils firent feu sur ces indignes pirates ; ils tu\u00e8rent cinq ou six for\u00e7ats et un de ceux qui \u00e9taient \u00e0 leur t\u00eate. Mais enfin la justice et le courage succomb\u00e8rent sous la multitude ; et les Turcs, apr\u00e8s avoir tu\u00e9 quelques-uns des n\u00f4tres, et bless\u00e9 tout le reste, se rendirent ma\u00eetres de la barque qui les portait. Vincent, qui avait re\u00e7u un coup de fl\u00e8che, dont il se sentait encore plusieurs ann\u00e9es apr\u00e8s, eut la douleur de voir mettre en pi\u00e8ces son pilote. Ce fut le premier acte de justice qu&rsquo;exerc\u00e8rent ses nouveaux ma\u00eetres. Ils encha\u00een\u00e8rent ensuite leurs prisonniers et, apr\u00e8s avoir pens\u00e9 tr\u00e8s l\u00e9g\u00e8rement leurs plaies, ils poursuivirent leur pointe et continu\u00e8rent leur brigandage pendant sept ou huit jours, se contentant de d\u00e9pouiller de leurs biens ceux qui se livraient \u00e0 eux sans rendre de combat ; mais \u00f4tant et les biens et la libert\u00e9 \u00e0 ceux qui s&rsquo;effor\u00e7aient de leur r\u00e9sister. Enfin charg\u00e9s de butin et de marchandises, ils prirent la route de Tunis, ville b\u00e2tie des d\u00e9bris de l&rsquo;ancienne Carthage, et fameuse par la mort de S. Louis. Ce fut l\u00e0 qu&rsquo;ils transport\u00e8rent leur prise. Pour emp\u00eacher qu&rsquo;elle ne f\u00fbt revendiqu\u00e9e par le Consul que le Roi de France a coutume d&rsquo;entretenir dans ce pays barbare, ils pr\u00e9sent\u00e8rent un proc\u00e8s-verbal de leur capture, qui portait qu&rsquo;ils l&rsquo;avaient faite sur un navire espagnol. Un mensonge ne co\u00fbte pas beaucoup \u00e0 des corsaires et on ne s&rsquo;avise gu\u00e8re \u00e0 Tunis de l&rsquo;approfondir, quand il ne fait tort qu&rsquo;\u00e0 des chr\u00e9tiens : aussi nos pirates en furent crus sur leur parole, et ils ne pens\u00e8rent qu&rsquo;\u00e0 se d\u00e9faire de leur marchandise : sous ce nom les hommes vont de pair avec les b\u00eates. La mani\u00e8re dont ils proc\u00e8dent \u00e0 la vente des esclaves, a quelque chose qui n&rsquo;annonce pas mal \u00e0 ceux-ci la rigueur de leur condition. Ils commenc\u00e8rent, ce sont les propres termes de notre saint que je vais copier, parce qu&rsquo;ils sont d&rsquo;une simplicit\u00e9 charmante ; ils commenc\u00e8rent par nous d\u00e9pouiller de nos habits, ils donn\u00e8rent ensuite \u00e0 chacun une paire de cale\u00e7ons, un hoqueton de lin, avec une bonnette, et nous promen\u00e8rent par la ville de Tunis, o\u00f9 ils \u00e9taient venus express\u00e9ment pour nous vendre. Nous ayant fait faire cinq ou six tours par la ville, la cha\u00eene au col, ils nous ramen\u00e8rent au bateau, afin que les marchands vinssent voir qui pouvait bien manger, et qui non, et pour montrer que nos plaies n&rsquo;\u00e9taient pas mortelles. Cela fait, ils nous ramen\u00e8rent \u00e0 la place, o\u00f9 les marchands vinrent nous visiter, tout de m\u00eame qu&rsquo;on fait \u00e0 l&rsquo;achat d&rsquo;un cheval ou d&rsquo;un b\u0153uf, nous faisant ouvrir la bouche pour voir nos dents, palpant nos c\u00f4tes, sondant nos plaies, et nous faisant cheminer le pas, trotter et courir, puis lever des fardeaux, et puis lutter pour voir la force d&rsquo;un chacun, et mille autres sortes de brutalit\u00e9s.<\/p>\n<p>Vincent fut d&rsquo;abord achet\u00e9 par un p\u00eacheur : mais celui-ci ayant bient\u00f4t reconnu que l&rsquo;air de la mer \u00e9tait fort contraire \u00e0 son esclave, il fut oblig\u00e9 de s&rsquo;en d\u00e9faire, et il le revendit un mois apr\u00e8s \u00e0 un vieux m\u00e9decin chimiste. Le saint passa chez ce nouveau ma\u00eetre d&rsquo;une extr\u00e9mit\u00e9 \u00e0 l&rsquo;autre ; et au lieu qu&rsquo;il \u00e9tait tous les jours sur la mer, avec son p\u00eacheur, il se trouva chez son m\u00e9decin oblig\u00e9 d&rsquo;entretenir le feu de dix ou douze fourneaux. Il y avait cinquante ans que ce vieillard travaillait \u00e0 la pierre philosophale ; et selon la m\u00e9thode de ceux qui sont fortement occup\u00e9s d&rsquo;un objet, la chimie, et la conversion des m\u00e9taux, revenaient dans tous ses entretiens. Vincent en parle comme d&rsquo;un homme, qui savait des choses surprenantes en tout genre. Il faisait \u00e0 force de ressorts parler une t\u00eate de mort, ce qui dans un pays grossier, lui donnait le relief d&rsquo;un homme qui avait d&rsquo;intimes communications avec Mahomet. Mais il savait quelque chose de meilleur et de plus avantageux, l&rsquo;important secret de gu\u00e9rir \u00e0 fond ceux qui \u00e9taient attaqu\u00e9s de la gravelle, et d&rsquo;autres maladies semblables. Il traita toujours son captif avec beaucoup d&rsquo;humanit\u00e9 : il lui offrit cent fois de partager avec lui ses biens et ses plus belles connaissances, \u00e0 cette seule condition, qu&rsquo;il renoncerait \u00e0 l&rsquo;\u00e9vangile pour embrasser la loi du proph\u00e8te des musulmans. Mais ce digne pr\u00eatre de J.-C. aima mieux porter ses cha\u00eenes que d&rsquo;en \u00eatre d\u00e9charg\u00e9 \u00e0 ce prix ; et il n&rsquo;e\u00fbt compt\u00e9 pour rien la conqu\u00eate du monde entier si, pour la faire, il e\u00fbt fallu sacrifier son \u00e2me. Il mit en Dieu sa confiance, il redoubla ses pri\u00e8res, il s&rsquo;effor\u00e7a d&rsquo;animer la tendre d\u00e9votion qu&rsquo;il avait eue d\u00e8s son enfance pour la sainte Vierge ; et plein d&rsquo;esp\u00e9rance dans celui qui retire, quand il lui pla\u00eet, des portes de la mort ceux qu&rsquo;il y a conduits, il ne se crut pas destin\u00e9 \u00e0 mourir dans une terre \u00e9trang\u00e8re.<\/p>\n<p>Il y avait d\u00e9j\u00e0 pr\u00e8s d&rsquo;un an (f) que ce second ma\u00eetre avait achet\u00e9 Vincent de Paul, lorsque Achmet I (g) , inform\u00e9 de ses talents, lui donna ordre de se rendre \u00e0 Constantinople, afin d&rsquo;y travailler pour lui. Notre saint dut en \u00eatre sensiblement afflig\u00e9. Un esclave qui n&rsquo;est pas absolument mal, ne peut gu\u00e8re gagner en changeant de ma\u00eetre. Il en perdait un qui \u00e9tait naturellement doux, mod\u00e9r\u00e9, et qui l&rsquo;aimait beaucoup. L&rsquo;infortun\u00e9 m\u00e9decin accabl\u00e9 sous le poids de sa propre r\u00e9putation, qui l&rsquo;obligeait de quitter sa patrie dans un \u00e2ge avanc\u00e9, mourut de chagrin dans son voyage. Il laissait un neveu \u00e0 Tunis et, comme les esclaves font partie du bien de celui qui les poss\u00e8de, Vincent l&rsquo;eut pour troisi\u00e8me ma\u00eetre. Mais ils ne demeur\u00e8rent pas longtemps ensemble. Il se r\u00e9pandit un bruit que M. de Br\u00e8ves, Ambassadeur du Roi tr\u00e8s chr\u00e9tien, avait demand\u00e9 au nom du Prince et obtenu du Grand Seigneur la libert\u00e9 de tous les esclaves Fran\u00e7ais. Ce bruit qui, comme nous l&rsquo;apprend un historien (h) de ce temps-l\u00e0, \u00e9tait bien fond\u00e9, mit l&rsquo;alarme chez les tunisiens. Ceux d&rsquo;entre eux qui en eurent les premi\u00e8res nouvelles, se h\u00e2t\u00e8rent de se d\u00e9faire de leurs esclaves. Vincent changea donc encore une fois de patron et la providence sembla le traiter avec plus de rigueur qu&rsquo;elle n&rsquo;avait fait jusqu&rsquo;alors. Il tomba entre les mains d&rsquo;un ren\u00e9gat originaire de Nice en Savoie : c&rsquo;est exprimer en deux mots le comble du malheur. En g\u00e9n\u00e9ral les turcs n&rsquo;aiment pas les chr\u00e9tiens mais les apostats les d\u00e9testent ; et ils sont leurs ennemis les plus cruels, parce qu&rsquo;ils trouvent dans leur fid\u00e9lit\u00e9 \u00e0 Dieu une censure perp\u00e9tuelle de leur inf\u00e2me d\u00e9sertion.<\/p>\n<p>Ce nouveau ma\u00eetre, ennemi de nature, comme l&rsquo;appelle notre saint, l&rsquo;amena en son temat ; c&rsquo;est ainsi qu&rsquo;on nomme le bien que l&rsquo;on fait valoir comme fermier du Prince. Ce temat \u00e9tait situ\u00e9 sur la montagne, dans un lieu extr\u00eamement chaud et d\u00e9sert. Vincent y travaillait \u00e0 la terre, et il devait naturellement se croire plus que jamais \u00e9loign\u00e9 de sa libert\u00e9. Elle \u00e9tait cependant plus prochaine qu&rsquo;il ne pensait ; et la route qui semblait l&rsquo;en \u00e9carter pour toujours, fut celle-l\u00e0 m\u00eame dont Dieu se servit pour l&rsquo;y conduire peu \u00e0 peu. Le ren\u00e9gat avait trois femmes : l&rsquo;une d&rsquo;entre elles \u00e9tait grecque chr\u00e9tienne, mais schismatique ; l&rsquo;autre \u00e9tait Turque de naissance et de religion : Vincent ne qualifie point la troisi\u00e8me. Ce fut la seconde qui servit d&rsquo;instrument \u00e0 la mis\u00e9ricorde de Dieu. Elle aper\u00e7ut dans la modestie et la patience de son esclave, quelque chose de grand \u00e0 quoi elle n&rsquo;\u00e9tait pas accoutum\u00e9e. Elle allait assez souvent le voir dans la campagne ou il travaillait ; et comme elle \u00e9tait au moins aussi curieuse qu&rsquo;une autre, elle lui faisait mille questions sur la loi des chr\u00e9tiens, sur leurs usages, et leurs c\u00e9r\u00e9monies. Un jour elle lui commanda de chanter.<\/p>\n<p>Les louanges du Dieu qu&rsquo;il adorait. Un homme plein de l&rsquo;esprit des psaumes, et \u00e0 qui les plus belles applications se pr\u00e9sentaient d&rsquo;abord, se souvint sans peine de ces touchantes paroles, que dictait la douleur aux enfants d&rsquo;Isra\u00ebl, lorsqu&rsquo;ils \u00e9taient captifs \u00e0 Babylone, comme il l&rsquo;\u00e9tait lui-m\u00eame en Barbarie : comment dans l&rsquo;abattement o\u00f9 nous sommes, pourrions-nous r\u00e9p\u00e9ter ici les cantiques que nous chantions \u00e0 J\u00e9rusalem ? comment chanterions-nous les louanges du Seigneur dans une r\u00e9gion \u00e9trang\u00e8re et barbare ? Quomodo cantibus canticum Domini in terra aliena ? Cette pens\u00e9e fit couler les larmes des yeux de notre saint : il commen\u00e7a n\u00e9anmoins \u00e0 chanter le psaume : Super flumina Babylonis. Il continua par le Salve Regina ; et quelques autres chants semblables, dont la mahom\u00e9tane fut extr\u00eamement frapp\u00e9e, il lui parla de la grandeur et de l&rsquo;excellence de la religion chr\u00e9tienne.<\/p>\n<p>Cette femme s&rsquo;en retourna chez elle charm\u00e9e et surprise de ce qu&rsquo;elle venait d&rsquo;entendre. Elle d\u00e9chargea son c\u0153ur \u00e0 son mari ; elle lui dit sans d\u00e9tour, qu&rsquo;il avait grand tort d&rsquo;avoir quitt\u00e9 sa religion, que sur le r\u00e9cit que Vincent lui en avait fait, elle lui paraissait extr\u00eamement bonne, et que le Dieu des chr\u00e9tiens m\u00e9ritait bien de n&rsquo;\u00eatre pas abandonn\u00e9. Votre esclave, ajouta-t-elle, m&rsquo;a chant\u00e9 aujourd&rsquo;hui les louanges de ce Dieu, et j&rsquo;ai pris tant de plaisir \u00e0 l&rsquo;entendre, que je ne crois pas que le paradis de nos P\u00e8res leur offre une joie plus sensible, que celle dont j&rsquo;ai \u00e9t\u00e9 p\u00e9n\u00e9tr\u00e9e en l&rsquo;\u00e9coutant. Ce discours n&rsquo;avait rien de flatteur pour un apostat et un d\u00e9but de cette nature ne pouvait que l&rsquo;aigrir. Mais si on est ma\u00eetre d&rsquo;abandonner sa premi\u00e8re vocation, on n&rsquo;est pas ma\u00eetre d&rsquo;\u00e9touffer les cris de sa conscience : et le p\u00e9cheur le plus corrompu entend, malgr\u00e9 qu&rsquo;il en ait, au dedans de lui-m\u00eame, une voix importune, qui parle plus haut que celle qui frappe ses oreilles. Le savoyard confus ne r\u00e9pliqua rien. Mais d\u00e8s le lendemain il s&rsquo;ouvrit \u00e0 Vincent ; il l&rsquo;assura qu&rsquo;il \u00e9tait pr\u00eat \u00e0 se sauver avec lui, qu&rsquo;il saisirait sans d\u00e9lai la premi\u00e8re occasion de s&#8217;embarquer ; et qu&rsquo;il arrangerait si bien les choses, qu&rsquo;il esp\u00e9rait la trouver en peu de jours. Ce peu de jours dura dix mois entiers : mais enfin les moments de la providence arriv\u00e8rent. Le ma\u00eetre et l&rsquo;esclave mont\u00e8rent tous deux sur un petit esquif. L&rsquo;entreprise \u00e9tait des plus hasardeuses : il fallait passer une partie consid\u00e9rable de la M\u00e9diterran\u00e9e. Ils avaient tout \u00e0 craindre sur une faible barque, \u00e9galement incapable ou de r\u00e9sister aux coups de la mer, ou de se d\u00e9fendre contre les Corsaires. Pour peu qu&rsquo;ils eussent \u00e9t\u00e9 poursuivis ou d\u00e9couverts, ils ne pouvaient \u00e9viter la mort. Le proc\u00e8s de deux hommes, dont l&rsquo;un fait adjurer le mahom\u00e9tisme \u00e0 l&rsquo;autre, est bient\u00f4t fait : ou plut\u00f4t on commence \u00e0 les empaler tous deux sans autre forme de proc\u00e8s. Tous ces dangers n&rsquo;arr\u00eat\u00e8rent pas nos voyageurs. Ils mirent leur sort entre les mains de Dieu ; ils invoqu\u00e8rent celle \u00e0 qui l&rsquo;Eglise donne le nom d&rsquo;Etoile de la mer ; ils compt\u00e8rent sur sa protection : leur esp\u00e9rance ne fut pas confondue, tout leur r\u00e9ussit ; d\u00e8s le 28 de Juin, ils arriv\u00e8rent \u00e0 Aigues-mortes, d&rsquo;o\u00f9 ils se rendirent \u00e0 Avignon.<\/p>\n<p>Le ren\u00e9gat y donna toutes les marques de la plus sinc\u00e8re conversion ; et il fut r\u00e9concili\u00e9 publiquement par le Vice-l\u00e9gat Pierre Montorio. Ce pr\u00e9lat qui n&rsquo;attendait que les ordres de sa saintet\u00e9 pour s&rsquo;en retourner \u00e0 Rome, retint aupr\u00e8s de lui jusqu&rsquo;\u00e0 son d\u00e9part et Vincent et son ancien Patron : celui-ci, parce qu&rsquo;il voulait le faire recevoir dans l&rsquo;Hopital de S. Jean de Dieu (i) , o\u00f9 il avait fait v\u0153u d&rsquo;entrer pour faire p\u00e9nitence ; et Vincent, parce qu&rsquo;il avait con\u00e7u pour lui une estime singuli\u00e8re, et qu&rsquo;il \u00e9tait bien-aise de lui en donner des marques : ils partirent quelque temps apr\u00e8s pour cette Capitale du Monde Chr\u00e9tien. Mais avant que d&rsquo;entamer ce second voyage, nous ne nous pouvons nous dispenser de faire conna\u00eetre comment on a connu le premier. Si l&rsquo;histoire de la captivit\u00e9 de Vincent de Paul, a quelque chose qui pique la curiosit\u00e9 ; l&rsquo;histoire, si je puis m&rsquo;exprimer ainsi, de la mani\u00e8re dont on a d\u00e9couvert ce triste et glorieux esclavage, est bien capable de nourrir la pi\u00e9t\u00e9 et nous ne pourrions supprimer cet important morceau, sans d\u00e9rober \u00e0 notre saint une partie de sa gloire, et nous \u00f4ter \u00e0 nous-m\u00eames la consolation de faire conna\u00eetre jusqu&rsquo;o\u00f9 il a pouss\u00e9 l&rsquo;humilit\u00e9, et combien il \u00e9tait sup\u00e9rieur \u00e0 lui-m\u00eame dans un \u00e2ge plus m\u00fbr, lui que nous voyons d\u00e9j\u00e0 si grand d\u00e8s le commencement de sa carri\u00e8re.<\/p>\n<p>Avant que Vincent de Paul part\u00eet d&rsquo;Avignon pour Rome, il \u00e9crivit \u00e0 M. de Commet le jeune, fr\u00e8re de ce c\u00e9l\u00e8bre Avocat, qui avait si tendrement aim\u00e9 notre saint d\u00e8s son enfance, et qui \u00e9tait mort quelque temps auparavant. Il le priait de lui envoyer ses lettres d&rsquo;Ordre et de degr\u00e9s ; et comme une absence aussi longue que la sienne, avait mis l&rsquo;alarme chez tous ceux dont il \u00e9tait connu, il lui fit le d\u00e9tail de ses aventures et de son esclavage, tel que nous venons de le rapporter. Sa lettre fut plus de cinquante ans apr\u00e8s trouv\u00e9e entre plusieurs autres papiers, par un Gentilhomme d&rsquo;Acqs, qui \u00e9tait neveu de M. de S. Martin. Ce gentilhomme qui connaissait l&rsquo;\u00e9troite liaison de son oncle avec Vincent, la lui remit entre les mains. M. de S. Martin envoya une copie \u00e0 son ancien ami ; bien persuad\u00e9 que, selon la m\u00e9thode de ceux qui sont dans un \u00e2ge extr\u00eamement avanc\u00e9, il rajeunirait en lisant ses anciennes aventures<\/p>\n<p>Quoique M. de S. Martin e\u00fbt une haute id\u00e9e de la vertu de Vincent, il n&rsquo;en connaissait pas toute l&rsquo;\u00e9tendue. Il y avait plus de 40 ans que ce grand serviteur de Dieu ne trouvait de consolation que dans le m\u00e9pris de lui-m\u00eame, et l&rsquo;observance rigoureuse de la plus profonde humilit\u00e9. Exact presque jusqu&rsquo;\u00e0 l&rsquo;importunit\u00e9 \u00e0 publier et \u00e0 exag\u00e9rer ses plus petits d\u00e9fauts, il ne voyait que ses propres mis\u00e8res ; il d\u00e9couvrait des taches dans des actions o\u00f9 les autres n&rsquo;apercevaient que des vertus. Tout ce qui lui rappelait le souvenir de ses travaux pour procurer la gloire de Dieu, lui \u00e9tait insupportable. Aussi d\u00e8s qu&rsquo;il re\u00e7u la copie de son ancienne lettre, il la jeta dans le feu ; et bient\u00f4t apr\u00e8s il \u00e9crivit \u00e0 M. de S. Martin, pour le supplier de lui envoyer l&rsquo;original. Ce bon Chanoine ouvrit les yeux, et ne se pressa pas de consentir aux d\u00e9sirs de son ami. Vincent r\u00e9it\u00e9ra ses instances ; six mois avant sa mort, il fit une nouvelle tentative, mais si vive et si pressante, qu&rsquo;il e\u00fbt \u00e9t\u00e9 difficile de tenir contre, si Dieu qui cherche la gloire de ses saints, \u00e0 mesure qu&rsquo;ils travaillent \u00e0 s&rsquo;obscurcir, n&rsquo;e\u00fbt d\u00e9rang\u00e9 ses mesures Je vous conjure, disait le saint dans sa lettre, par toutes les gr\u00e2ces qu&rsquo;il a plu \u00e0 Dieu de vous faire, de me faire celle de m&rsquo;envoyer cette mis\u00e9rable lettre qui fait mention de la Turquie, je parle de celle que M. Dages a trouv\u00e9e parmi les papiers de M. son p\u00e8re. Je vous prie derechef par les entrailles de J.C. Notre Seigneur, de me faire au plut\u00f4t la gr\u00e2ce que je vous demande.<\/p>\n<p>Celui qui \u00e9crivais sous Vincent, et qui connaissait parfaitement ses allures, sentit d&rsquo;abord qu&rsquo;une lettre que ce S. homme redemandait avec tant d&rsquo;ardeur, ne pouvait lui \u00eatre d\u00e9savantageuse ; il savait qu&rsquo;en ce cas, bien loin de la supprimer, il e\u00fbt plut\u00f4t travaill\u00e9 \u00e0 la r\u00e9pandre. Il jugea donc avec beaucoup de raison qu&rsquo;elle renfermait quelque chose qui tournait \u00e0 sa gloire et qu&rsquo;il ne demandait l&rsquo;original que pour le br\u00fbler, comme il avait d\u00e9j\u00e0 br\u00fbl\u00e9 la copie, afin que personne n&rsquo;en e\u00fbt connaissance. C&rsquo;est pourquoi il fit couler un billet dans la lettre m\u00eame de notre saint, et il pria M. de S. Martin, d&rsquo;adresser cette premi\u00e8re lettre que Vincent lui redemandait, \u00e0 quel qu\u2019autre qu&rsquo;\u00e0 lui, s&rsquo;il ne voulait pas qu&rsquo;elle fut perdue. M. de S. Martin, qui savait qu&rsquo;on d\u00e9sob\u00e9it que pour manifester les gr\u00e2ces et les mis\u00e9ricordes de Dieu sur eux, suivit exactement ce conseil. Il envoya cette lettre si souhait\u00e9e au Sup\u00e9rieur du S\u00e9minaire \u00e9tabli au Coll\u00e8ge des Bons-Enfants. Celui-ci se donna bien de garde d&rsquo;en avertir Vincent, qui en effet n&rsquo;en a jamais rien su. Sans ce pieux artifice, ou nous ignorerions absolument, ou nous ne saurions que d&rsquo;une mani\u00e8re tr\u00e8s vague et tr\u00e8s confuse l&rsquo;esclavage de Vincent de Paul, la constance invincible qu&rsquo;il y fit para\u00eetre, et la mani\u00e8re dont il en fut d\u00e9livr\u00e9<\/p>\n<p>Cette pr\u00e9caution du saint \u00e0 d\u00e9rober au public la connaissance d&rsquo;un \u00e9v\u00e9nement si extraordinaire, doit passer pour la preuve la plus compl\u00e8te de l&rsquo;\u00e9minent degr\u00e9 dans lequel il poss\u00e9dait la vigilance chr\u00e9tienne, et le talent de mod\u00e9rer sa langue. Mille fois il a parl\u00e9, \u00e9crit et conf\u00e9r\u00e9 des affaires et de la triste situation des Chr\u00e9tiens captifs en barbarie : il n&rsquo;a rien n\u00e9glig\u00e9 pour leur procurer tous les secours qui d\u00e9pendaient de lui ; il a port\u00e9 \u00e0 leur rendre service tous ceux qui \u00e9taient en \u00e9tat de le faire ; il a repr\u00e9sent\u00e9 avec toute l&rsquo;\u00e9nergie de son z\u00e8le l&rsquo;affreuse situation o\u00f9 se trouvent ces membres afflig\u00e9s de J.C. dans ces fortes occasions il est comme impossible de n&rsquo;ajouter pas, qu&rsquo;on n&rsquo;avance que ce que l&rsquo;on a \u00e9prouv\u00e9 soi-m\u00eame. L&rsquo;histoire de nos propres malheurs revient toujours, quand nous d\u00e9crivons des malheurs semblables. Un discours fond\u00e9 sur sa propre exp\u00e9rience, a m\u00eame quelque chose de plus vif et de plus touchant. D&rsquo;ailleurs, Vincent aurait pu donner \u00e0 son r\u00e9cit cet air de pi\u00e9t\u00e9 dont il est si susceptible. Mais tous ces motifs ne purent le porter \u00e0 rompre le silence ; et dans le proc\u00e8s-verbal de la b\u00e9atification, il ne se trouve qu&rsquo;un seul t\u00e9moin (l) qui l&rsquo;ait entendu parler de son esclavage. Il est m\u00eame moralement s\u00fbr qu&rsquo;il ne lui en avait entendu parler, que dans un temps o\u00f9 la m\u00e9moire \u00e9tait encore r\u00e9cente ; puisque M. Daulier, Secr\u00e9taire du Roi, qui savait d&rsquo;ailleurs toute cette Histoire, a d\u00e9pos\u00e9 juridiquement qu&rsquo;il avait \u00e0 dessein mis plusieurs fois Vincent sur les voies, en lui parlant ou de Tunis, ou de ceux qui y sont esclaves, sans pouvoir jamais tirer de lui une parole, qui e\u00fbt rapport \u00e0 sa captivit\u00e9, ou qui p\u00fbt m\u00eame faire entendre que ce Pays ne lui \u00e9tait pas inconnu. Il le connaissait cependant assez bien ; et on ne peut douter que la connaissance qu&rsquo;il en avait, n&rsquo;ait \u00e9t\u00e9 le principe du z\u00e8le avec lequel il s&rsquo;effor\u00e7a de secourir des malheureux qu&rsquo;il avait vus g\u00e9mir sous la pesanteur de leurs fers ; accabl\u00e9s sous le poids d&rsquo;un travail qui passe leurs forces ; expos\u00e9s aux plus cruels outrages, et ce qui est bien pis, au danger continuel de perdre la Foi, d\u00e9nu\u00e9s de toute consolation, et r\u00e9duits \u00e0 pleurer pendant la nuit l&rsquo;exc\u00e8s de leur malheur, parce que ce serait un crime que de le pleurer devant ceux qui en sont l&rsquo;unique cause.<\/p>\n<p>Mais il est temps de reprendre le fil de notre Histoire, et de retourner \u00e0 notre saint, que nous avons laiss\u00e9 \u00e0 Rome. Il s&rsquo;effor\u00e7a de sanctifier tous les moments qu&rsquo;il devait passer dans cette ville c\u00e9l\u00e8bre, qui apr\u00e8s avoir \u00e9t\u00e9 si longtemps le centre de l&rsquo;infid\u00e9lit\u00e9 et de l&rsquo;erreur, est aujourd&rsquo;hui le centre de la Foi et de l&rsquo;unit\u00e9. Il mortifia la curiosit\u00e9 naturelle ; et elle ne fut piqu\u00e9e ni par ces Monuments superbes, qu&rsquo;une longue suite de si\u00e8cles, et la fureur des barbares semblent avoir respect\u00e9s, ni par ces restes fastueux, dont les d\u00e9bris m\u00eame annoncent encore la magnificence de l&rsquo;ancienne Rome. Mais en r\u00e9compense il accorda \u00e0 sa pi\u00e9t\u00e9, tout ce qui pouvait l&rsquo;entretenir et l&rsquo;augmenter. Il visita les Eglises, les catacombes, et tous les autres lieux, qui sont plus particuli\u00e8rement l&rsquo;objet de la v\u00e9n\u00e9ration des Fid\u00e8les. Il avouait trente ans apr\u00e8s dans une lettre qu&rsquo;il \u00e9crivit \u00e0 un pr\u00eatre de sa Congr\u00e9gation, lequel demeurait \u00e0 Rome, qu&rsquo;il fut extr\u00eamement consol\u00e9, ce sont ses propres termes, de se voir en cette ville ma\u00eetresse de la chr\u00e9tient\u00e9, o\u00f9 est le chef de l&rsquo;Eglise militante, o\u00f9 sont les Corps de S. Pierre et de S. Paul, et de tant d&rsquo;autres martyrs et de saints illustres, qui ont autrefois vers\u00e9 leur sang, et employ\u00e9 leur vie pour J.C. et qu&rsquo;il s&rsquo;estimait heureux de marcher sur la terre o\u00f9 tant de grands saints avaient march\u00e9, et que cette consolation l&rsquo;avait attendri jusqu&rsquo;aux larmes.<\/p>\n<p>Quelques douces que fussent ces saintes occupations pour un c\u0153ur, dont la pi\u00e9t\u00e9 \u00e9tait si tendre, Vincent ne s&rsquo;y borna pas. Sa passion pour l&rsquo;\u00e9tude, que son esclavage avait suspendue, se r\u00e9veilla ; et comme apr\u00e8s avoir rempli ce qu&rsquo;il devait \u00e0 la religion et la biens\u00e9ance, il lui restait assez de temps libre, il recommen\u00e7a \u00e0 cultiver son esprit, et \u00e0 \u00e9tendre ses connaissances. Le vice-l\u00e9gat le logeait, lui donnait la table, et fournissait \u00e0 son entretien. Il l&rsquo;admirait de plus en plus, \u00e0 mesure qu&rsquo;il l&rsquo;approfondissait ; il en parlait avec \u00e9loge \u00e0 tous ceux \u00e0 qui il avait occasion d&rsquo;en parler : et ce fut cela m\u00eame qui le lui fit perdre plut\u00f4t qu&rsquo;il n&rsquo;aurait voulu.<\/p>\n<p>Il y avait alors \u00e0 Rome plusieurs ministres fran\u00e7ais charg\u00e9s aupr\u00e8s du Pape des affaires du Roi. Les principaux \u00e9taient le Marquis de Br\u00e8ves, celui-l\u00e0 m\u00eame qui, deux ans auparavant, avait pens\u00e9, sans le savoir, terminer l&rsquo;esclavage de Vincent de Paul ; Denis de Marquemont Auditeur de Rote, et Charles de Gonzague Duc de Nevers, envoy\u00e9 pour l&rsquo;ambassade d&rsquo;Ob\u00e9dience. Quelques-uns d&rsquo;entr&rsquo;eux, et peut-\u00eatre tous ensemble, voulurent voir un homme dont le vice-l\u00e9gat disait tant de bien. Il parut, on l&rsquo;entretint plusieurs fois, on le fonda, il fut go\u00fbt\u00e9, on crut pouvoir s&rsquo;ouvrir \u00e0 lui ; et il fut charg\u00e9 d&rsquo;une exp\u00e9dition importante, qui demandait du secret, de la sagesse, et un homme, qui \u00e9tant parfaitement instruit, p\u00fbt en conf\u00e9rer avec le Roi, toutes les fois que ce Prince le jugeait \u00e0 propos.<\/p>\n<p>Vincent partit donc de Rome, et se trouva en France vers le commencement de l&rsquo;ann\u00e9e 1609. Il eut l&rsquo;honneur d&rsquo;entretenir le Roi autant de temps qu&rsquo;en demandait l&rsquo;affaire pour laquelle on l&rsquo;avait envoy\u00e9. ce grand prince, qui savait tr\u00e8s bien juger des qualit\u00e9s de l&rsquo;esprit et du c\u0153ur, fut fort content de celles qu&rsquo;il d\u00e9couvrit en lui ; et personne ne douta que pour peu qu&rsquo;il f\u00fbt attentif \u00e0 faire sa cour, il ne f\u00fbt bient\u00f4t r\u00e9compens\u00e9. Mais Vincent avait des sentiments plus nobles et plus d\u00e9sint\u00e9ress\u00e9s ; et il aima mieux vivre pauvre entre les bras de la providence, que de s&rsquo;exposer \u00e0 l&rsquo;air contagieux de la Cour pour devenir riche. Ainsi ceux qui ont cru qu&rsquo;il fut nomm\u00e9 \u00e0 l&rsquo;Abbaye de S. L\u00e9onard de Chaume par Henri IV se sont tromp\u00e9s. Ce fut Louis XIII qui l&rsquo;y nomma (m) sur la d\u00e9mission sur la d\u00e9mission de Paul Hurault de l&rsquo;H\u00f4pital, Archev\u00eaque d&rsquo;Aix. Le saint homme se retira donc apr\u00e8s avoir fait sa commission ; et fermant les yeux aux premi\u00e8res lueurs de la fortune, il attendit en paix que Dieu manifest\u00e2t ses desseins sur lui. Il commen\u00e7a cependant \u00e0 remplir cette vocation commune \u00e0 tous les Chr\u00e9tiens, qui consiste en partie \u00e0 rendre au prochain tous les services qu&rsquo;on peut lui rendre. Il prit un logement au faubourg de S. Germain, assez pr\u00e8s de l&rsquo;h\u00f4pital de la charit\u00e9, qui y avait \u00e9t\u00e9 \u00e9tabli (n) huit ans auparavant. Il y allait exactement visiter les malades, il leur faisait des exhortations touchantes, il les servait comme ses fr\u00e8res avec tout le m\u00e9nagement possible. Cette charit\u00e9, \u00e0 laquelle on n&rsquo;\u00e9tait pas fort accoutum\u00e9 de son temps, servit dans la suite de r\u00e8gle et de mod\u00e8le \u00e0 bien des personnes, et surtout au c\u00e9l\u00e8bre M. Bernard surnomm\u00e9 le pauvre pr\u00eatre, qui en ce genre, et presque en tout autre, a fait des prodiges jusqu&rsquo;au dernier moment de sa vie.<\/p>\n","protected":false},"excerpt":{"rendered":"<p>Livre premier 4. Il est fait Esclave, vendu \u00e0 trois ma\u00eetres; le dernier est un Ren\u00e9gat ; Vincent le convertit, s\u2019embarque avec lui, et revient en Europe ; va \u00e0 Rome ; ses occupations dans &#8230; <a href=\"http:\/\/vincentians.com\/fr\/la-vie-de-saint-vincent-de-paul-instituteur-de-la-congregation-de-la-mission-et-des-filles-de-la-charite-004\/\" class=\"more-link\">Read More<\/a><\/p>\n","protected":false},"author":4,"featured_media":107739,"comment_status":"open","ping_status":"open","sticky":false,"template":"","format":"standard","meta":{"jetpack_post_was_ever_published":false,"_jetpack_newsletter_access":"","_jetpack_dont_email_post_to_subs":false,"_jetpack_newsletter_tier_id":0,"_jetpack_memberships_contains_paywalled_content":false,"_jetpack_memberships_contains_paid_content":false,"footnotes":"","jetpack_publicize_message":"","jetpack_publicize_feature_enabled":true,"jetpack_social_post_already_shared":true,"jetpack_social_options":{"image_generator_settings":{"template":"highway","default_image_id":0,"font":"","enabled":false},"version":2}},"categories":[5],"tags":[],"class_list":["post-108088","post","type-post","status-publish","format-standard","has-post-thumbnail","hentry","category-vincent-de-paul"],"yoast_head":"<!-- This site is optimized with the Yoast SEO plugin v26.3 - https:\/\/yoast.com\/wordpress\/plugins\/seo\/ -->\n<title>La vie de Saint Vincent de Paul, instituteur de la Congr\u00e9gation de la Mission et des Filles de la Charit\u00e9 (004) - Nous Sommes Vincentiens<\/title>\n<meta name=\"robots\" content=\"index, follow, max-snippet:-1, max-image-preview:large, max-video-preview:-1\" \/>\n<link rel=\"canonical\" href=\"https:\/\/vincentians.com\/fr\/la-vie-de-saint-vincent-de-paul-instituteur-de-la-congregation-de-la-mission-et-des-filles-de-la-charite-004\/\" \/>\n<meta property=\"og:locale\" content=\"fr_FR\" \/>\n<meta property=\"og:type\" content=\"article\" \/>\n<meta property=\"og:title\" content=\"La vie de Saint Vincent de Paul, instituteur de la Congr\u00e9gation de la Mission et des Filles de la Charit\u00e9 (004) - Nous Sommes Vincentiens\" \/>\n<meta property=\"og:description\" content=\"Livre premier 4. Il est fait Esclave, vendu \u00e0 trois ma\u00eetres; le dernier est un Ren\u00e9gat ; Vincent le convertit, s\u2019embarque avec lui, et revient en Europe ; va \u00e0 Rome ; ses occupations dans ... Read More\" \/>\n<meta property=\"og:url\" content=\"https:\/\/vincentians.com\/fr\/la-vie-de-saint-vincent-de-paul-instituteur-de-la-congregation-de-la-mission-et-des-filles-de-la-charite-004\/\" \/>\n<meta property=\"og:site_name\" content=\"Nous Sommes Vincentiens\" \/>\n<meta property=\"article:publisher\" content=\"https:\/\/www.facebook.com\/WeAreVincentians\/\" \/>\n<meta property=\"article:author\" content=\"https:\/\/www.facebook.com\/JavierChento\" \/>\n<meta property=\"article:published_time\" content=\"2014-01-31T05:53:56+00:00\" \/>\n<meta name=\"author\" content=\"Francisco Javier Fern\u00e1ndez Chento\" \/>\n<meta name=\"twitter:card\" content=\"summary_large_image\" \/>\n<meta name=\"twitter:creator\" content=\"@https:\/\/twitter.com\/javierchento\" \/>\n<meta name=\"twitter:site\" content=\"@WeVincentians\" \/>\n<meta name=\"twitter:label1\" content=\"\u00c9crit par\" \/>\n\t<meta name=\"twitter:data1\" content=\"Francisco Javier Fern\u00e1ndez Chento\" \/>\n\t<meta name=\"twitter:label2\" content=\"Dur\u00e9e de lecture estim\u00e9e\" \/>\n\t<meta name=\"twitter:data2\" content=\"23 minutes\" \/>\n<script type=\"application\/ld+json\" class=\"yoast-schema-graph\">{\"@context\":\"https:\/\/schema.org\",\"@graph\":[{\"@type\":\"WebPage\",\"@id\":\"https:\/\/vincentians.com\/fr\/la-vie-de-saint-vincent-de-paul-instituteur-de-la-congregation-de-la-mission-et-des-filles-de-la-charite-004\/\",\"url\":\"https:\/\/vincentians.com\/fr\/la-vie-de-saint-vincent-de-paul-instituteur-de-la-congregation-de-la-mission-et-des-filles-de-la-charite-004\/\",\"name\":\"La vie de Saint Vincent de Paul, instituteur de la Congr\u00e9gation de la Mission et des Filles de la Charit\u00e9 (004) - Nous Sommes Vincentiens\",\"isPartOf\":{\"@id\":\"http:\/\/vincentians.com\/fr\/#website\"},\"primaryImageOfPage\":{\"@id\":\"https:\/\/vincentians.com\/fr\/la-vie-de-saint-vincent-de-paul-instituteur-de-la-congregation-de-la-mission-et-des-filles-de-la-charite-004\/#primaryimage\"},\"image\":{\"@id\":\"https:\/\/vincentians.com\/fr\/la-vie-de-saint-vincent-de-paul-instituteur-de-la-congregation-de-la-mission-et-des-filles-de-la-charite-004\/#primaryimage\"},\"thumbnailUrl\":\"\",\"datePublished\":\"2014-01-31T05:53:56+00:00\",\"author\":{\"@id\":\"http:\/\/vincentians.com\/fr\/#\/schema\/person\/9623ef4d9aa3b2dfb8c061f1499288f2\"},\"breadcrumb\":{\"@id\":\"https:\/\/vincentians.com\/fr\/la-vie-de-saint-vincent-de-paul-instituteur-de-la-congregation-de-la-mission-et-des-filles-de-la-charite-004\/#breadcrumb\"},\"inLanguage\":\"fr-FR\",\"potentialAction\":[{\"@type\":\"ReadAction\",\"target\":[\"https:\/\/vincentians.com\/fr\/la-vie-de-saint-vincent-de-paul-instituteur-de-la-congregation-de-la-mission-et-des-filles-de-la-charite-004\/\"]}]},{\"@type\":\"ImageObject\",\"inLanguage\":\"fr-FR\",\"@id\":\"https:\/\/vincentians.com\/fr\/la-vie-de-saint-vincent-de-paul-instituteur-de-la-congregation-de-la-mission-et-des-filles-de-la-charite-004\/#primaryimage\",\"url\":\"\",\"contentUrl\":\"\"},{\"@type\":\"BreadcrumbList\",\"@id\":\"https:\/\/vincentians.com\/fr\/la-vie-de-saint-vincent-de-paul-instituteur-de-la-congregation-de-la-mission-et-des-filles-de-la-charite-004\/#breadcrumb\",\"itemListElement\":[{\"@type\":\"ListItem\",\"position\":1,\"name\":\"Portada\",\"item\":\"http:\/\/vincentians.com\/fr\/\"},{\"@type\":\"ListItem\",\"position\":2,\"name\":\"La vie de Saint Vincent de Paul, instituteur de la Congr\u00e9gation de la Mission et des Filles de la Charit\u00e9 (004)\"}]},{\"@type\":\"WebSite\",\"@id\":\"http:\/\/vincentians.com\/fr\/#website\",\"url\":\"http:\/\/vincentians.com\/fr\/\",\"name\":\"Nous Sommes Vincentiens\",\"description\":\"Know more to serve more\",\"potentialAction\":[{\"@type\":\"SearchAction\",\"target\":{\"@type\":\"EntryPoint\",\"urlTemplate\":\"http:\/\/vincentians.com\/fr\/?s={search_term_string}\"},\"query-input\":{\"@type\":\"PropertyValueSpecification\",\"valueRequired\":true,\"valueName\":\"search_term_string\"}}],\"inLanguage\":\"fr-FR\"},{\"@type\":\"Person\",\"@id\":\"http:\/\/vincentians.com\/fr\/#\/schema\/person\/9623ef4d9aa3b2dfb8c061f1499288f2\",\"name\":\"Francisco Javier Fern\u00e1ndez Chento\",\"image\":{\"@type\":\"ImageObject\",\"inLanguage\":\"fr-FR\",\"@id\":\"http:\/\/vincentians.com\/fr\/#\/schema\/person\/image\/\",\"url\":\"https:\/\/secure.gravatar.com\/avatar\/497d5cde87b4c3d097d0315953521681ba2cd523ee66e5077c3711f7021e65de?s=96&d=mm&r=g\",\"contentUrl\":\"https:\/\/secure.gravatar.com\/avatar\/497d5cde87b4c3d097d0315953521681ba2cd523ee66e5077c3711f7021e65de?s=96&d=mm&r=g\",\"caption\":\"Francisco Javier Fern\u00e1ndez Chento\"},\"description\":\"Director General y cofundador de La Red de Formaci\u00f3n Vicenciana. Javier es laico vicenciano, afiliado a la Congregaci\u00f3n de la Misi\u00f3n y miembro del Equipo de Misiones Populares de la provincia can\u00f3nica de Zaragoza (Espa\u00f1a) de la Congregaci\u00f3n de la Misi\u00f3n. Graduado en la Universidad Oberta de Catalunya con cuatro grados (Asistente de direcci\u00f3n, Gesti\u00f3n Administrativa, Recursos Humanos y Contabilidad Avanzada). Bil\u00edng\u00fce Espa\u00f1ol\/Ingl\u00e9s. gestiona y mantiene varias p\u00e1ginas web cristianas y vicencianas, incluida including La Red de Formaci\u00f3n Vicenciana, de la que es cofundador. Actualmente es responsable del \u00e1rea de Espa\u00f1ol de .famvin, la Red de Noticias de la Familia Vicenciana. Tambi\u00e9n es m\u00fasico cat\u00f3lico y ha editado varios discos. Es Director General y cofundador de Trovador, una reconocida compa\u00f1\u00eda discogr\u00e1fica critiana de Espa\u00f1a. Trabaja en las Tecnolog\u00edas de la Informaci\u00f3n, ofreciendo servicios de alojamiento, dise\u00f1o y mantenimiento Web, as\u00ed como asesoramiento, formaci\u00f3n y soluciones inform\u00e1ticas, gesti\u00f3n documental y digitalizaci\u00f3n de textos, edici\u00f3n y maquetaci\u00f3n de libros, revistas, flyers, etc.\",\"sameAs\":[\"http:\/\/chento.org\",\"https:\/\/www.facebook.com\/JavierChento\",\"https:\/\/x.com\/https:\/\/twitter.com\/javierchento\"],\"url\":\"http:\/\/vincentians.com\/fr\/author\/chento\/\"}]}<\/script>\n<!-- \/ Yoast SEO plugin. -->","yoast_head_json":{"title":"La vie de Saint Vincent de Paul, instituteur de la Congr\u00e9gation de la Mission et des Filles de la Charit\u00e9 (004) - Nous Sommes Vincentiens","robots":{"index":"index","follow":"follow","max-snippet":"max-snippet:-1","max-image-preview":"max-image-preview:large","max-video-preview":"max-video-preview:-1"},"canonical":"https:\/\/vincentians.com\/fr\/la-vie-de-saint-vincent-de-paul-instituteur-de-la-congregation-de-la-mission-et-des-filles-de-la-charite-004\/","og_locale":"fr_FR","og_type":"article","og_title":"La vie de Saint Vincent de Paul, instituteur de la Congr\u00e9gation de la Mission et des Filles de la Charit\u00e9 (004) - Nous Sommes Vincentiens","og_description":"Livre premier 4. Il est fait Esclave, vendu \u00e0 trois ma\u00eetres; le dernier est un Ren\u00e9gat ; Vincent le convertit, s\u2019embarque avec lui, et revient en Europe ; va \u00e0 Rome ; ses occupations dans ... Read More","og_url":"https:\/\/vincentians.com\/fr\/la-vie-de-saint-vincent-de-paul-instituteur-de-la-congregation-de-la-mission-et-des-filles-de-la-charite-004\/","og_site_name":"Nous Sommes Vincentiens","article_publisher":"https:\/\/www.facebook.com\/WeAreVincentians\/","article_author":"https:\/\/www.facebook.com\/JavierChento","article_published_time":"2014-01-31T05:53:56+00:00","author":"Francisco Javier Fern\u00e1ndez Chento","twitter_card":"summary_large_image","twitter_creator":"@https:\/\/twitter.com\/javierchento","twitter_site":"@WeVincentians","twitter_misc":{"\u00c9crit par":"Francisco Javier Fern\u00e1ndez Chento","Dur\u00e9e de lecture estim\u00e9e":"23 minutes"},"schema":{"@context":"https:\/\/schema.org","@graph":[{"@type":"WebPage","@id":"https:\/\/vincentians.com\/fr\/la-vie-de-saint-vincent-de-paul-instituteur-de-la-congregation-de-la-mission-et-des-filles-de-la-charite-004\/","url":"https:\/\/vincentians.com\/fr\/la-vie-de-saint-vincent-de-paul-instituteur-de-la-congregation-de-la-mission-et-des-filles-de-la-charite-004\/","name":"La vie de Saint Vincent de Paul, instituteur de la Congr\u00e9gation de la Mission et des Filles de la Charit\u00e9 (004) - Nous Sommes Vincentiens","isPartOf":{"@id":"http:\/\/vincentians.com\/fr\/#website"},"primaryImageOfPage":{"@id":"https:\/\/vincentians.com\/fr\/la-vie-de-saint-vincent-de-paul-instituteur-de-la-congregation-de-la-mission-et-des-filles-de-la-charite-004\/#primaryimage"},"image":{"@id":"https:\/\/vincentians.com\/fr\/la-vie-de-saint-vincent-de-paul-instituteur-de-la-congregation-de-la-mission-et-des-filles-de-la-charite-004\/#primaryimage"},"thumbnailUrl":"","datePublished":"2014-01-31T05:53:56+00:00","author":{"@id":"http:\/\/vincentians.com\/fr\/#\/schema\/person\/9623ef4d9aa3b2dfb8c061f1499288f2"},"breadcrumb":{"@id":"https:\/\/vincentians.com\/fr\/la-vie-de-saint-vincent-de-paul-instituteur-de-la-congregation-de-la-mission-et-des-filles-de-la-charite-004\/#breadcrumb"},"inLanguage":"fr-FR","potentialAction":[{"@type":"ReadAction","target":["https:\/\/vincentians.com\/fr\/la-vie-de-saint-vincent-de-paul-instituteur-de-la-congregation-de-la-mission-et-des-filles-de-la-charite-004\/"]}]},{"@type":"ImageObject","inLanguage":"fr-FR","@id":"https:\/\/vincentians.com\/fr\/la-vie-de-saint-vincent-de-paul-instituteur-de-la-congregation-de-la-mission-et-des-filles-de-la-charite-004\/#primaryimage","url":"","contentUrl":""},{"@type":"BreadcrumbList","@id":"https:\/\/vincentians.com\/fr\/la-vie-de-saint-vincent-de-paul-instituteur-de-la-congregation-de-la-mission-et-des-filles-de-la-charite-004\/#breadcrumb","itemListElement":[{"@type":"ListItem","position":1,"name":"Portada","item":"http:\/\/vincentians.com\/fr\/"},{"@type":"ListItem","position":2,"name":"La vie de Saint Vincent de Paul, instituteur de la Congr\u00e9gation de la Mission et des Filles de la Charit\u00e9 (004)"}]},{"@type":"WebSite","@id":"http:\/\/vincentians.com\/fr\/#website","url":"http:\/\/vincentians.com\/fr\/","name":"Nous Sommes Vincentiens","description":"Know more to serve more","potentialAction":[{"@type":"SearchAction","target":{"@type":"EntryPoint","urlTemplate":"http:\/\/vincentians.com\/fr\/?s={search_term_string}"},"query-input":{"@type":"PropertyValueSpecification","valueRequired":true,"valueName":"search_term_string"}}],"inLanguage":"fr-FR"},{"@type":"Person","@id":"http:\/\/vincentians.com\/fr\/#\/schema\/person\/9623ef4d9aa3b2dfb8c061f1499288f2","name":"Francisco Javier Fern\u00e1ndez Chento","image":{"@type":"ImageObject","inLanguage":"fr-FR","@id":"http:\/\/vincentians.com\/fr\/#\/schema\/person\/image\/","url":"https:\/\/secure.gravatar.com\/avatar\/497d5cde87b4c3d097d0315953521681ba2cd523ee66e5077c3711f7021e65de?s=96&d=mm&r=g","contentUrl":"https:\/\/secure.gravatar.com\/avatar\/497d5cde87b4c3d097d0315953521681ba2cd523ee66e5077c3711f7021e65de?s=96&d=mm&r=g","caption":"Francisco Javier Fern\u00e1ndez Chento"},"description":"Director General y cofundador de La Red de Formaci\u00f3n Vicenciana. Javier es laico vicenciano, afiliado a la Congregaci\u00f3n de la Misi\u00f3n y miembro del Equipo de Misiones Populares de la provincia can\u00f3nica de Zaragoza (Espa\u00f1a) de la Congregaci\u00f3n de la Misi\u00f3n. Graduado en la Universidad Oberta de Catalunya con cuatro grados (Asistente de direcci\u00f3n, Gesti\u00f3n Administrativa, Recursos Humanos y Contabilidad Avanzada). Bil\u00edng\u00fce Espa\u00f1ol\/Ingl\u00e9s. gestiona y mantiene varias p\u00e1ginas web cristianas y vicencianas, incluida including La Red de Formaci\u00f3n Vicenciana, de la que es cofundador. Actualmente es responsable del \u00e1rea de Espa\u00f1ol de .famvin, la Red de Noticias de la Familia Vicenciana. Tambi\u00e9n es m\u00fasico cat\u00f3lico y ha editado varios discos. Es Director General y cofundador de Trovador, una reconocida compa\u00f1\u00eda discogr\u00e1fica critiana de Espa\u00f1a. Trabaja en las Tecnolog\u00edas de la Informaci\u00f3n, ofreciendo servicios de alojamiento, dise\u00f1o y mantenimiento Web, as\u00ed como asesoramiento, formaci\u00f3n y soluciones inform\u00e1ticas, gesti\u00f3n documental y digitalizaci\u00f3n de textos, edici\u00f3n y maquetaci\u00f3n de libros, revistas, flyers, etc.","sameAs":["http:\/\/chento.org","https:\/\/www.facebook.com\/JavierChento","https:\/\/x.com\/https:\/\/twitter.com\/javierchento"],"url":"http:\/\/vincentians.com\/fr\/author\/chento\/"}]}},"jetpack_publicize_connections":[],"jetpack_featured_media_url":"","jetpack_sharing_enabled":true,"jetpack_shortlink":"https:\/\/wp.me\/p7ETMP-s7m","jetpack-related-posts":[{"id":52020,"url":"http:\/\/vincentians.com\/fr\/saint-vincent-de-paul-et-sa-mission-sociale-i-la-vocation-1\/","url_meta":{"origin":108088,"position":0},"title":"Saint Vincent De Paul Et Sa Mission Sociale. I &#8211; La vocation (1)","author":"Francisco Javier Fern\u00e1ndez Chento","date":"18\/12\/2014","format":false,"excerpt":"L\u2019HOMME ET L\u2019\u0152UVRE \u2014 Le seizi\u00e8me si\u00e8cle et le protestantisme en France. \u2014 Ravages caus\u00e9s par les guerres de religion. \u2014 Changements dans la soci\u00e9t\u00e9. \u2014 Accroissement de la mis\u00e8re. \u2014 L\u2019\u0153uvre nouvelle de la Charit\u00e9. \u2014 Saint Vincent de Paul. \u2014 Sa mission. \u2014 Naissance et premi\u00e8res ann\u00e9es. \u2014\u2026","rel":"","context":"Dans &quot;Vincent de Paul&quot;","block_context":{"text":"Vincent de Paul","link":"http:\/\/vincentians.com\/fr\/category\/the-vincentian-family\/founders\/vincent-de-paul\/"},"img":{"alt_text":"","src":"https:\/\/i0.wp.com\/vincentians.com\/fr\/wp-content\/uploads\/sites\/10\/2016\/07\/vincent-et-sa-action-sociale.jpg?fit=1160%2C630&resize=350%2C200","width":350,"height":200,"srcset":"https:\/\/i0.wp.com\/vincentians.com\/fr\/wp-content\/uploads\/sites\/10\/2016\/07\/vincent-et-sa-action-sociale.jpg?fit=1160%2C630&resize=350%2C200 1x, https:\/\/i0.wp.com\/vincentians.com\/fr\/wp-content\/uploads\/sites\/10\/2016\/07\/vincent-et-sa-action-sociale.jpg?fit=1160%2C630&resize=525%2C300 1.5x, https:\/\/i0.wp.com\/vincentians.com\/fr\/wp-content\/uploads\/sites\/10\/2016\/07\/vincent-et-sa-action-sociale.jpg?fit=1160%2C630&resize=700%2C400 2x, https:\/\/i0.wp.com\/vincentians.com\/fr\/wp-content\/uploads\/sites\/10\/2016\/07\/vincent-et-sa-action-sociale.jpg?fit=1160%2C630&resize=1050%2C600 3x"},"classes":[]},{"id":56718,"url":"http:\/\/vincentians.com\/fr\/louis-abelly\/","url_meta":{"origin":108088,"position":1},"title":"Louis Abelly","author":"Francisco Javier Fern\u00e1ndez Chento","date":"06\/11\/2012","format":false,"excerpt":"Luis AbellyVoici une anecdote historique d'un spectateur de cirque qui, chaque soir, venait voir le num\u00e9ro du dompteur de lions. Et, comme on l'interrogeait sur cette inutile r\u00e9p\u00e9tition, il r\u00e9pondit: \u00abJ'attends le moment o\u00f9 le lion va d\u00e9vorer le dompteur. Ceci arrivera bien un jour\u00bb. Si vous &es dans cette\u2026","rel":"","context":"Dans &quot;Au temps de Vincent de Paul&quot;","block_context":{"text":"Au temps de Vincent de Paul","link":"http:\/\/vincentians.com\/fr\/category\/au-temps-de-vincent-de-paul\/"},"img":{"alt_text":"Luis Abelly","src":"https:\/\/i0.wp.com\/vincentiens.org\/wp-content\/uploads\/2011\/12\/abelly-198x300.jpg?resize=350%2C200","width":350,"height":200},"classes":[]},{"id":52054,"url":"http:\/\/vincentians.com\/fr\/saint-vincent-de-paul-et-sa-mission-sociale-iii-laction-2\/","url_meta":{"origin":108088,"position":2},"title":"Saint Vincent De Paul Et Sa Mission Sociale. III &#8211; L\u2019action (2)","author":"Francisco Javier Fern\u00e1ndez Chento","date":"26\/12\/2014","format":false,"excerpt":"LA RENAISSANCE RELIGIEUSE. \u2014 Le compl\u00e9ment des missions. \u2014 \u00c9tat du clerg\u00e9 depuis le concile de Trente. \u2014 N\u00e9cessit\u00e9 d\u2019une r\u00e9forme. \u2014 Les exercices des ordinands. \u2014 Saint-Lazare. \u2014 La conf\u00e9rence du mardi. \u2014 Bossuet. \u2014 Les retraites spirituelles. \u2014 Le coll\u00e8ge des Bons-Enfants. \u2014 Vincent de Paul et Olier.\u2026","rel":"","context":"Dans &quot;Vincent de Paul&quot;","block_context":{"text":"Vincent de Paul","link":"http:\/\/vincentians.com\/fr\/category\/the-vincentian-family\/founders\/vincent-de-paul\/"},"img":{"alt_text":"","src":"https:\/\/i0.wp.com\/vincentians.com\/fr\/wp-content\/uploads\/sites\/10\/2016\/07\/vincent-et-sa-action-sociale.jpg?fit=1160%2C630&resize=350%2C200","width":350,"height":200,"srcset":"https:\/\/i0.wp.com\/vincentians.com\/fr\/wp-content\/uploads\/sites\/10\/2016\/07\/vincent-et-sa-action-sociale.jpg?fit=1160%2C630&resize=350%2C200 1x, https:\/\/i0.wp.com\/vincentians.com\/fr\/wp-content\/uploads\/sites\/10\/2016\/07\/vincent-et-sa-action-sociale.jpg?fit=1160%2C630&resize=525%2C300 1.5x, https:\/\/i0.wp.com\/vincentians.com\/fr\/wp-content\/uploads\/sites\/10\/2016\/07\/vincent-et-sa-action-sociale.jpg?fit=1160%2C630&resize=700%2C400 2x, https:\/\/i0.wp.com\/vincentians.com\/fr\/wp-content\/uploads\/sites\/10\/2016\/07\/vincent-et-sa-action-sociale.jpg?fit=1160%2C630&resize=1050%2C600 3x"},"classes":[]},{"id":52057,"url":"http:\/\/vincentians.com\/fr\/saint-vincent-de-paul-et-sa-mission-sociale-iii-laction-3\/","url_meta":{"origin":108088,"position":3},"title":"Saint Vincent De Paul Et Sa Mission Sociale. III &#8211; L\u2019action (3)","author":"Francisco Javier Fern\u00e1ndez Chento","date":"27\/12\/2014","format":false,"excerpt":"LA POLITIQUE ET LA CHARIT\u00c9. \u2014 La charit\u00e9 dans l\u2019\u00c9tat. \u2014 La guerre en Lorraine. \u2014 Vincent de Paul vient au secours de cette malheureuse province. \u2014 Les r\u00e9fugi\u00e9s lorrains \u00e0 Paris. \u2014 Vincent de Paul et Richelieu. \u2014 Les deux politiques. \u2014 Vincent au lit de mort de Louis\u2026","rel":"","context":"Dans &quot;Vincent de Paul&quot;","block_context":{"text":"Vincent de Paul","link":"http:\/\/vincentians.com\/fr\/category\/the-vincentian-family\/founders\/vincent-de-paul\/"},"img":{"alt_text":"","src":"https:\/\/i0.wp.com\/vincentians.com\/fr\/wp-content\/uploads\/sites\/10\/2016\/07\/vincent-et-sa-action-sociale.jpg?fit=1160%2C630&resize=350%2C200","width":350,"height":200,"srcset":"https:\/\/i0.wp.com\/vincentians.com\/fr\/wp-content\/uploads\/sites\/10\/2016\/07\/vincent-et-sa-action-sociale.jpg?fit=1160%2C630&resize=350%2C200 1x, https:\/\/i0.wp.com\/vincentians.com\/fr\/wp-content\/uploads\/sites\/10\/2016\/07\/vincent-et-sa-action-sociale.jpg?fit=1160%2C630&resize=525%2C300 1.5x, https:\/\/i0.wp.com\/vincentians.com\/fr\/wp-content\/uploads\/sites\/10\/2016\/07\/vincent-et-sa-action-sociale.jpg?fit=1160%2C630&resize=700%2C400 2x, https:\/\/i0.wp.com\/vincentians.com\/fr\/wp-content\/uploads\/sites\/10\/2016\/07\/vincent-et-sa-action-sociale.jpg?fit=1160%2C630&resize=1050%2C600 3x"},"classes":[]},{"id":52031,"url":"http:\/\/vincentians.com\/fr\/saint-vincent-de-paul-et-sa-mission-sociale-i-la-vocation-3\/","url_meta":{"origin":108088,"position":4},"title":"Saint Vincent De Paul Et Sa Mission Sociale. I &#8211; La vocation (3)","author":"Francisco Javier Fern\u00e1ndez Chento","date":"20\/12\/2014","format":false,"excerpt":"L\u2019APOSTOLAT DE LA CHARIT\u00c9. Les pr\u00e9mices du dix-septi\u00e8me si\u00e8cle. \u2014 Vincent de Paul et le P. de B\u00e9rulle. \u2014 Vincent est nomm\u00e9 cur\u00e9 de Clichy. \u2014 Ses premiers travaux. \u2014 Son entr\u00e9e dans la maison de Gondi. - Les pauvres gens des campagnes. \u2014 Premi\u00e8re mission \u00e0 Folleville. \u2014 Vincent\u2026","rel":"","context":"Dans &quot;Vincent de Paul&quot;","block_context":{"text":"Vincent de Paul","link":"http:\/\/vincentians.com\/fr\/category\/the-vincentian-family\/founders\/vincent-de-paul\/"},"img":{"alt_text":"","src":"https:\/\/i0.wp.com\/vincentians.com\/fr\/wp-content\/uploads\/sites\/10\/2016\/07\/vincent-et-sa-action-sociale.jpg?fit=1160%2C630&resize=350%2C200","width":350,"height":200,"srcset":"https:\/\/i0.wp.com\/vincentians.com\/fr\/wp-content\/uploads\/sites\/10\/2016\/07\/vincent-et-sa-action-sociale.jpg?fit=1160%2C630&resize=350%2C200 1x, https:\/\/i0.wp.com\/vincentians.com\/fr\/wp-content\/uploads\/sites\/10\/2016\/07\/vincent-et-sa-action-sociale.jpg?fit=1160%2C630&resize=525%2C300 1.5x, https:\/\/i0.wp.com\/vincentians.com\/fr\/wp-content\/uploads\/sites\/10\/2016\/07\/vincent-et-sa-action-sociale.jpg?fit=1160%2C630&resize=700%2C400 2x, https:\/\/i0.wp.com\/vincentians.com\/fr\/wp-content\/uploads\/sites\/10\/2016\/07\/vincent-et-sa-action-sociale.jpg?fit=1160%2C630&resize=1050%2C600 3x"},"classes":[]},{"id":52052,"url":"http:\/\/vincentians.com\/fr\/saint-vincent-de-paul-et-sa-mission-sociale-iii-laction-1\/","url_meta":{"origin":108088,"position":5},"title":"Saint Vincent De Paul Et Sa Mission Sociale. III &#8211; L\u2019action (1)","author":"Francisco Javier Fern\u00e1ndez Chento","date":"25\/12\/2014","format":false,"excerpt":"LES MISSIONS. \u2014 Saint Vincent de Paul missionnaire. \u2014 Organisation des missions rurales. \u2014 Vertus et qualit\u00e9s des missionnaires. \u2014 La pr\u00e9dication d\u2019apr\u00e8s le saint. \u2014 Sa conduite envers les h\u00e9r\u00e9tiques et les infid\u00e8les. \u2014 Les imitateurs de Vincent de Paul. \u2014 Fruits du nouvel apostolat. \u2014 Missions \u00e0 la\u2026","rel":"","context":"Dans &quot;Vincent de Paul&quot;","block_context":{"text":"Vincent de Paul","link":"http:\/\/vincentians.com\/fr\/category\/the-vincentian-family\/founders\/vincent-de-paul\/"},"img":{"alt_text":"","src":"https:\/\/i0.wp.com\/vincentians.com\/fr\/wp-content\/uploads\/sites\/10\/2016\/07\/vincent-et-sa-action-sociale.jpg?fit=1160%2C630&resize=350%2C200","width":350,"height":200,"srcset":"https:\/\/i0.wp.com\/vincentians.com\/fr\/wp-content\/uploads\/sites\/10\/2016\/07\/vincent-et-sa-action-sociale.jpg?fit=1160%2C630&resize=350%2C200 1x, https:\/\/i0.wp.com\/vincentians.com\/fr\/wp-content\/uploads\/sites\/10\/2016\/07\/vincent-et-sa-action-sociale.jpg?fit=1160%2C630&resize=525%2C300 1.5x, https:\/\/i0.wp.com\/vincentians.com\/fr\/wp-content\/uploads\/sites\/10\/2016\/07\/vincent-et-sa-action-sociale.jpg?fit=1160%2C630&resize=700%2C400 2x, https:\/\/i0.wp.com\/vincentians.com\/fr\/wp-content\/uploads\/sites\/10\/2016\/07\/vincent-et-sa-action-sociale.jpg?fit=1160%2C630&resize=1050%2C600 3x"},"classes":[]}],"_links":{"self":[{"href":"http:\/\/vincentians.com\/fr\/wp-json\/wp\/v2\/posts\/108088","targetHints":{"allow":["GET"]}}],"collection":[{"href":"http:\/\/vincentians.com\/fr\/wp-json\/wp\/v2\/posts"}],"about":[{"href":"http:\/\/vincentians.com\/fr\/wp-json\/wp\/v2\/types\/post"}],"author":[{"embeddable":true,"href":"http:\/\/vincentians.com\/fr\/wp-json\/wp\/v2\/users\/4"}],"replies":[{"embeddable":true,"href":"http:\/\/vincentians.com\/fr\/wp-json\/wp\/v2\/comments?post=108088"}],"version-history":[{"count":0,"href":"http:\/\/vincentians.com\/fr\/wp-json\/wp\/v2\/posts\/108088\/revisions"}],"wp:featuredmedia":[{"embeddable":true,"href":"http:\/\/vincentians.com\/fr\/wp-json\/"}],"wp:attachment":[{"href":"http:\/\/vincentians.com\/fr\/wp-json\/wp\/v2\/media?parent=108088"}],"wp:term":[{"taxonomy":"category","embeddable":true,"href":"http:\/\/vincentians.com\/fr\/wp-json\/wp\/v2\/categories?post=108088"},{"taxonomy":"post_tag","embeddable":true,"href":"http:\/\/vincentians.com\/fr\/wp-json\/wp\/v2\/tags?post=108088"}],"curies":[{"name":"wp","href":"https:\/\/api.w.org\/{rel}","templated":true}]}}