{"id":108087,"date":"2014-02-01T06:53:56","date_gmt":"2014-02-01T05:53:56","guid":{"rendered":"http:\/\/vincentiens.org\/?p=108087"},"modified":"2014-02-01T06:53:56","modified_gmt":"2014-02-01T05:53:56","slug":"la-vie-de-saint-vincent-de-paul-instituteur-de-la-congregation-de-la-mission-et-des-filles-de-la-charite-005","status":"publish","type":"post","link":"http:\/\/vincentians.com\/fr\/la-vie-de-saint-vincent-de-paul-instituteur-de-la-congregation-de-la-mission-et-des-filles-de-la-charite-005\/","title":{"rendered":"La vie de Saint Vincent de Paul, instituteur de la Congr\u00e9gation de la Mission et des Filles de la Charit\u00e9 (005)"},"content":{"rendered":"<h2>Livre premier<\/h2>\n<h3>5. Ses liaisons avec M. de B\u00e9rulle. Calomnie atroce contre Saint Vincent ; son innocence est r\u00e9connue<\/h3>\n<p><a href=\"https:\/\/i0.wp.com\/vincentiens.org\/wp-content\/uploads\/2014\/01\/collet.jpg\"><img data-recalc-dims=\"1\" loading=\"lazy\" decoding=\"async\" class=\"alignright\" alt=\"collet\" src=\"https:\/\/i0.wp.com\/vincentiens.org\/wp-content\/uploads\/2014\/01\/collet-248x300.jpg?resize=248%2C300\" width=\"248\" height=\"300\" \/><\/a>Une des premi\u00e8res connaissances que Vincent de Paul fit \u00e0 Paris, fut celle de M. de B\u00e9rulle. Il y avait d\u00e9j\u00e0 longtemps que ce grand homme passait pour un mod\u00e8le de perfection sacerdotale. Son z\u00e8le pour la gloire de Dieu, son exp\u00e9rience dans la direction des \u00e2mes, son opposition \u00e0 tout ce qui portait le caract\u00e8re de la nouveaut\u00e9, ses succ\u00e8s dans la conversion des h\u00e9r\u00e9tiques, le rendaient en tous lieu la bonne odeur de J\u00e9sus-Christ. Vincent jugea que le commerce d&rsquo;un homme si accompli, ne pouvait que lui \u00eatre avantageux. Il le visita, il l&rsquo;estima autant qu&rsquo;il m\u00e9ritait de l&rsquo;\u00eatre, et il se conduisit par ses conseils. M. de B\u00e9rulle connut bient\u00f4t tout le prix de ce nouvel ami. La charit\u00e9 forma entre ces deux saints pr\u00eatres des n\u0153uds qui ne furent jamais rompus. Ils \u00e9taient \u00e0 peu pr\u00e8s de m\u00eame \u00e2ge (o), les inclinations \u00e9taient les m\u00eames, et ils n&rsquo;avaient pour but que leur propre sanctification et celle du prochain. Chacun d&rsquo;eux avait d\u00e9j\u00e0 pass\u00e9 par le feu de la tribulation : ainsi ils \u00e9taient tous deux en \u00e9tat de se soutenir, et de s&rsquo;affermir mutuellement. Vincent fut le premier depuis cette pr\u00e9cieuse connaissance, qui eut besoin de consolation. Il n&rsquo;y avait pas un an qu&rsquo;il \u00e9tait \u00e0 Paris, lorsque sa patience fut mise \u00e0 une \u00e9preuve capable de lui faire regretter les cha\u00eenes qu&rsquo;il avait port\u00e9es \u00e0 Tunis.<\/p>\n<p>Il \u00e9tait log\u00e9 avec un Juge d&rsquo;un petit lieu nomm\u00e9 Sore, situ\u00e9 dans les landes, et dans le district du Parlement de Bordeaux. Comme Vincent \u00e9tait du m\u00eame canton, ils agirent l&rsquo;un et l&rsquo;autre avec plus de libert\u00e9, et ils prirent une chambre commune. Le juge de Sore s&rsquo;\u00e9tant un jour lev\u00e9 de grand matin, s&rsquo;en alla en ville pour quelque affaire, et oublia de fermer une armoire o\u00f9 il avait mis son argent. Vincent qui \u00e9tait un peu indispos\u00e9, resta au lit en attendant une m\u00e9decine qu&rsquo;on devait lui apporter. Le gar\u00e7on de l&rsquo;Apothicaire \u00e9tant arriv\u00e9 quelque temps apr\u00e8s pour la lui faire prendre, cherchant un verre dans l&rsquo;armoire du juge qu&rsquo;il vit ouverte, trouva cet argent, s&rsquo;en saisit adroitement et l&#8217;emporta avec un grand air de tranquillit\u00e9. La somme \u00e9tait de quatre cens \u00e9cus.<\/p>\n<p>Le juge \u00e0 son retour, fut fort surpris, et encore plus afflig\u00e9 de ne trouver plus sa bourse. Il la demanda avec chagrin, et bient\u00f4t avec emportement \u00e0 Vincent de Paul. Celui-ci qui n&rsquo;avait rien aper\u00e7u de ce qui s&rsquo;\u00e9tait pass\u00e9, et qui aurait eu de la peine \u00e0 croire le mal qu&rsquo;il aurait vu, bien loin de soup\u00e7onner celui dont il n&rsquo;avait pas \u00e9t\u00e9 t\u00e9moin, r\u00e9pondit qu&rsquo;il ne l&rsquo;avait ni prise ni vu prendre. C&rsquo;en fut assez pour redoubler la mauvaise humeur du juge. Il \u00e9clata sans m\u00e9nagement ; l&rsquo;\u00e9tat pauvre de Vincent, son silence m\u00eame et sa patience lui tinrent lieu de preuve. Il commen\u00e7a par le chasser de sa compagnie ; et ce traitement indigne ne fut que le pr\u00e9lude d&rsquo;une vengeance plus compl\u00e8te. Il prit toutes les mesures possibles, pour conna\u00eetre ceux avec lesquels Vincent avait de la liaison. Il se transporta chez eux, et il y peignit le S. homme avec les plus noires couleurs. A l&rsquo;entendre, Vincent n&rsquo;\u00e9tait pas moins qu&rsquo;un hypocrite et un voleur. Comme l&rsquo;abondance du c\u0153ur de ce juge \u00e9tait grande sa bouche en parlait sans cesse et il ne tarissait point, quand il \u00e9tait question d&rsquo;invectiver contre le pr\u00e9tendu sc\u00e9l\u00e9rat qui avait vol\u00e9 son argent. Un jour, entre autre, il fut le trouver dans la maison de M. de B\u00e9rulle, o\u00f9 il \u00e9tait avec d&rsquo;autres personnes d&rsquo;honneur et de pi\u00e9t\u00e9, et il y renouvela ses plaintes dans les termes les plus offensants. On dit m\u00eame qu&rsquo;il poussa l&rsquo;exc\u00e8s et le scandale jusqu&rsquo;\u00e0 lui faire signifier un Monitoire. Ce fait, s&rsquo;il \u00e9tait vrai, prouverait seul, que dans cette affaire on foula aux pieds et les lois Divines, et les lois Humaines. Quoiqu&rsquo;il en soit, le serviteur de Dieu ne perdit point la paix du c\u0153ur. La calomnie, qui au jugement du S. Esprit (p), trouble l&rsquo;homme sage, et affaiblit son courage et sa fermet\u00e9, ne produisit point en Vincent de Paul ces tristes effets. Il mit sa confiance en Dieu ; il se contenta de dire, que celui qui le devait juger un jour, connaissait la v\u00e9rit\u00e9 ; et pendant le cours de cette affaire, qui dura longtemps, et qui fit un bruit effroyable, il se poss\u00e9da si bien, il conserva une si parfaite \u00e9galit\u00e9 d&rsquo;esprit, qu&rsquo;il n&rsquo;y eut de tromp\u00e9s sur son compte, que ceux qui voulurent l&rsquo;\u00eatre. Les personnes sages, et tous ceux qui le suivirent de pr\u00e8s, furent si \u00e9difi\u00e9s de sa mod\u00e9ration et de son humilit\u00e9, que non seulement ils ne dout\u00e8rent pas de son innocence, mais qu&rsquo;ils estim\u00e8rent plus que jamais sa vertu, et le talent singulier qu&rsquo;il avait d\u00e9j\u00e0 de poss\u00e9der son \u00e2me dans le calme et la patience.<\/p>\n<p>Celui de tous qui l&rsquo;admira davantage quoiqu&rsquo;un peu trop tard, fut le juge m\u00eame qui l&rsquo;avait si cruellement trait\u00e9. Le voleur, qui \u00e9tait comme lui du c\u00f4t\u00e9 de Bordeaux, \u00e9tant retourn\u00e9 dans cette ville, y fut arr\u00eat\u00e9 et mis en prison pour quelque nouveau crime, vrai ou faux dont il fut charg\u00e9. Il connaissait parfaitement le Juge de Sore, et il en \u00e9tait connu. Il savait aussi que la bourse dont il s&rsquo;\u00e9tait saisi, lui appartenait. Press\u00e9 des remords de la conscience, qui d&rsquo;ordinaire se fait mieux entendre dans le temps de la tribulation qu&rsquo;en tout autre, il le fit prier de le venir trouver en prison ; et, soit qu&rsquo;il ne fit pas attention aux cons\u00e9quences de la d\u00e9marche qu&rsquo;il voulait faire, soit qu&rsquo;il cr\u00fbt n&rsquo;avoir rien \u00e0 craindre en la faisant, il lui d\u00e9clara que c&rsquo;\u00e9tait lui-m\u00eame qui avait fait le vol, dont il avait accus\u00e9 Vincent, et il lui promit une prompte et enti\u00e8re restitution. Le Juge de Sore sentit alors toute l&rsquo;indignit\u00e9 de sa conduite, et l&rsquo;injustice des poursuites qu&rsquo;il avait faites six ans (q) auparavant contre Vincent de Paul. La joie de se voir \u00e0 port\u00e9e de recouvrer son argent, le toucha bien moins, que la douleur d&rsquo;avoir noirci la r\u00e9putation d&rsquo;un des plus vertueux eccl\u00e9siastiques qu&rsquo;il n&rsquo;e\u00fbt jamais connu. Il opposait sans cesse la patience de ce saint homme \u00e0 ses propres exc\u00e8s, sa mod\u00e9ration \u00e0 ses emportements, sa douceur confiante \u00e0 ses invectives continuelles ; et il \u00e9tait inconsolable. Pour soulager sa peine, il la fit conna\u00eetre \u00e0 celui qui en \u00e9tait l&rsquo;occasion. Il \u00e9crivit \u00e0 Vincent une grande lettre pour lui demander pardon ; il le conjura de lui donner ce pardon par \u00e9crit, et il protesta que s&rsquo;il le lui refusait, il viendrait en personne \u00e0 Paris se jeter \u00e0 ses pieds, et le lui demander la corde au cou. Ce sont ses propres expressions que j&rsquo;ai cru devoir conserver. Le S. pr\u00eatre lui \u00e9pargna les frais et la peine du voyage ; il lui avait pardonn\u00e9 dans le m\u00eame temps qu&rsquo;il en \u00e9tait poursuivi \u00e0 toute outrance, eut-il pu ne lui pardonner pas, quand il le vit donner des preuves si positives de douleur et de repentir ?<\/p>\n<p>Le bon usage que fit Vincent de la fl\u00e9trissante et injurieuse accusation du juge de Sore, ne l&#8217;emp\u00eacha pas de reconna\u00eetre, que le commerce des s\u00e9culiers est dangereux \u00e0 un ministre du Fils de Dieu, et qu&rsquo;il ne peut gu\u00e8re vivre avec eux sans y perdre. C&rsquo;est ce qui le d\u00e9termina \u00e0 chercher un lieu de retraite, o\u00f9 il p\u00fbt et travailler plus ais\u00e9ment \u00e0 son salut, et se disposer \u00e0 travailler \u00e0 celui des autres. Pendant qu&rsquo;il \u00e9tait occup\u00e9 de ce dessein, il se pr\u00e9senta \u00e0 sa vertu une nouvelle occasion, qui quoique dans une esp\u00e8ce bien diff\u00e9rente de celle dont nous venons de parler, ne fit pas moins \u00e9clater l&rsquo;ardeur de sa Foi et de sa charit\u00e9. Pour la faire mieux conna\u00eetre, il faut reprendre les choses de plus haut, et rapporter certains faits que nous placerons ici plus commod\u00e9ment, que nous n&rsquo;aurions fait ailleurs.<\/p>\n<p>Lorsque Vincent arriva \u00e0 Paris, il prit toutes les mesures possibles pour rester dans le m\u00e9pris et l&rsquo;obscurit\u00e9. Jusques-l\u00e0 on l&rsquo;avait appel\u00e9 M. de Paul ; c&rsquo;\u00e9tait son nom de famille, et il e\u00fbt pu sans d&rsquo;orgueil continuer \u00e0 le porter : mais la crainte qu&rsquo;il eut de passer pour un homme de condition, le lui fit quitter. Humble devant Dieu et devant les hommes, comme un valet l&rsquo;est dans la maison de son ma\u00eetre, il ne prit d&rsquo;autre nom que celui de son Bapt\u00eame ; il se fit appeler M. Vincent, et ce n&rsquo;est presque sous ce nom qu&rsquo;il a \u00e9t\u00e9 connu pendant sa vie. Il passait \u00e0 Toulouse pour un de ceux qui \u00e9taient le plus capables de faire honneur \u00e0 l&rsquo;Universit\u00e9, et il \u00e9tait le seul qui n&rsquo;aper\u00e7\u00fbt pas ses propres talents : il s&rsquo;effor\u00e7a \u00e0 Paris de faire penser aux autres sur son compte, ce qu&rsquo;il en pensait lui-m\u00eame ; il n&rsquo;y parla de lui que comme un pauvre Ecolier, qui savait \u00e0 peine les \u00e9l\u00e9ments de la Grammaire. Enfin il avait d\u00e9j\u00e0 beaucoup de vertu, et cependant il ne craignit rien tant que de passer pour un homme vertueux.<\/p>\n<p>Cette nouvelle mani\u00e8re de se produire dans le monde, n&#8217;emp\u00eacha pas ceux qui l&rsquo;examin\u00e8rent de plus pr\u00e8s, de lui rendre une parfaite justice. Ce ne furent pas seulement des eccl\u00e9siastiques, qui perc\u00e8rent les nuages dans lesquels il t\u00e2chait de s\u2019envelopper ; des s\u00e9culiers reconnurent aussi les artifices de son humilit\u00e9, et l&rsquo;estim\u00e8rent plus, parce qu&rsquo;il voulait \u00eatre moins estim\u00e9. Du Fresne Secr\u00e9taire de la Reine Marguerite, fut de ce nombre. C&rsquo;\u00e9tait un homme plein de vertu et de probit\u00e9, il s&rsquo;attacha \u00e0 Vincent que la seule liaison de voisinage lui fit conna\u00eetre. Il connut tout ce qu&rsquo;il valait, et c&rsquo;est lui qui a rendu ce t\u00e9moignage, que d\u00e8s ce temps-l\u00e0 M. Vincent paraissait fort humble, charitable et prudent ; qu&rsquo;il faisait du bien \u00e0 chacun ; qu&rsquo;il n&rsquo;\u00e9tait \u00e0 charge \u00e0 personne ; qu&rsquo;il \u00e9tait circonspect en ses paroles ; qu&rsquo;il \u00e9coutait paisiblement les autres sans jamais les interrompre ; et que d\u00e8s lors il allait soigneusement visiter, servir et exhorter les pauvres malades de la charit\u00e9.<\/p>\n","protected":false},"excerpt":{"rendered":"<p>Livre premier 5. Ses liaisons avec M. de B\u00e9rulle. Calomnie atroce contre Saint Vincent ; son innocence est r\u00e9connue Une des premi\u00e8res connaissances que Vincent de Paul fit \u00e0 Paris, fut celle de M. de &#8230; <a href=\"http:\/\/vincentians.com\/fr\/la-vie-de-saint-vincent-de-paul-instituteur-de-la-congregation-de-la-mission-et-des-filles-de-la-charite-005\/\" class=\"more-link\">Read More<\/a><\/p>\n","protected":false},"author":4,"featured_media":107739,"comment_status":"open","ping_status":"open","sticky":false,"template":"","format":"standard","meta":{"jetpack_post_was_ever_published":false,"_jetpack_newsletter_access":"","_jetpack_dont_email_post_to_subs":false,"_jetpack_newsletter_tier_id":0,"_jetpack_memberships_contains_paywalled_content":false,"_jetpack_memberships_contains_paid_content":false,"footnotes":"","jetpack_publicize_message":"","jetpack_publicize_feature_enabled":true,"jetpack_social_post_already_shared":true,"jetpack_social_options":{"image_generator_settings":{"template":"highway","default_image_id":0,"font":"","enabled":false},"version":2}},"categories":[5],"tags":[],"class_list":["post-108087","post","type-post","status-publish","format-standard","has-post-thumbnail","hentry","category-vincent-de-paul"],"yoast_head":"<!-- This site is optimized with the Yoast SEO plugin v26.3 - https:\/\/yoast.com\/wordpress\/plugins\/seo\/ -->\n<title>La vie de Saint Vincent de Paul, instituteur de la Congr\u00e9gation de la Mission et des Filles de la Charit\u00e9 (005) - Nous Sommes Vincentiens<\/title>\n<meta name=\"robots\" content=\"index, follow, max-snippet:-1, max-image-preview:large, max-video-preview:-1\" \/>\n<link rel=\"canonical\" href=\"https:\/\/vincentians.com\/fr\/la-vie-de-saint-vincent-de-paul-instituteur-de-la-congregation-de-la-mission-et-des-filles-de-la-charite-005\/\" \/>\n<meta property=\"og:locale\" content=\"fr_FR\" \/>\n<meta property=\"og:type\" content=\"article\" \/>\n<meta property=\"og:title\" content=\"La vie de Saint Vincent de Paul, instituteur de la Congr\u00e9gation de la Mission et des Filles de la Charit\u00e9 (005) - Nous Sommes Vincentiens\" \/>\n<meta property=\"og:description\" content=\"Livre premier 5. Ses liaisons avec M. de B\u00e9rulle. Calomnie atroce contre Saint Vincent ; son innocence est r\u00e9connue Une des premi\u00e8res connaissances que Vincent de Paul fit \u00e0 Paris, fut celle de M. de ... Read More\" \/>\n<meta property=\"og:url\" content=\"https:\/\/vincentians.com\/fr\/la-vie-de-saint-vincent-de-paul-instituteur-de-la-congregation-de-la-mission-et-des-filles-de-la-charite-005\/\" \/>\n<meta property=\"og:site_name\" content=\"Nous Sommes Vincentiens\" \/>\n<meta property=\"article:publisher\" content=\"https:\/\/www.facebook.com\/WeAreVincentians\/\" \/>\n<meta property=\"article:author\" content=\"https:\/\/www.facebook.com\/JavierChento\" \/>\n<meta property=\"article:published_time\" content=\"2014-02-01T05:53:56+00:00\" \/>\n<meta name=\"author\" content=\"Francisco Javier Fern\u00e1ndez Chento\" \/>\n<meta name=\"twitter:card\" content=\"summary_large_image\" \/>\n<meta name=\"twitter:creator\" content=\"@https:\/\/twitter.com\/javierchento\" \/>\n<meta name=\"twitter:site\" content=\"@WeVincentians\" \/>\n<meta name=\"twitter:label1\" content=\"\u00c9crit par\" \/>\n\t<meta name=\"twitter:data1\" content=\"Francisco Javier Fern\u00e1ndez Chento\" \/>\n\t<meta name=\"twitter:label2\" content=\"Dur\u00e9e de lecture estim\u00e9e\" \/>\n\t<meta name=\"twitter:data2\" content=\"9 minutes\" \/>\n<script type=\"application\/ld+json\" class=\"yoast-schema-graph\">{\"@context\":\"https:\/\/schema.org\",\"@graph\":[{\"@type\":\"WebPage\",\"@id\":\"https:\/\/vincentians.com\/fr\/la-vie-de-saint-vincent-de-paul-instituteur-de-la-congregation-de-la-mission-et-des-filles-de-la-charite-005\/\",\"url\":\"https:\/\/vincentians.com\/fr\/la-vie-de-saint-vincent-de-paul-instituteur-de-la-congregation-de-la-mission-et-des-filles-de-la-charite-005\/\",\"name\":\"La vie de Saint Vincent de Paul, instituteur de la Congr\u00e9gation de la Mission et des Filles de la Charit\u00e9 (005) - Nous Sommes Vincentiens\",\"isPartOf\":{\"@id\":\"http:\/\/vincentians.com\/fr\/#website\"},\"primaryImageOfPage\":{\"@id\":\"https:\/\/vincentians.com\/fr\/la-vie-de-saint-vincent-de-paul-instituteur-de-la-congregation-de-la-mission-et-des-filles-de-la-charite-005\/#primaryimage\"},\"image\":{\"@id\":\"https:\/\/vincentians.com\/fr\/la-vie-de-saint-vincent-de-paul-instituteur-de-la-congregation-de-la-mission-et-des-filles-de-la-charite-005\/#primaryimage\"},\"thumbnailUrl\":\"\",\"datePublished\":\"2014-02-01T05:53:56+00:00\",\"author\":{\"@id\":\"http:\/\/vincentians.com\/fr\/#\/schema\/person\/9623ef4d9aa3b2dfb8c061f1499288f2\"},\"breadcrumb\":{\"@id\":\"https:\/\/vincentians.com\/fr\/la-vie-de-saint-vincent-de-paul-instituteur-de-la-congregation-de-la-mission-et-des-filles-de-la-charite-005\/#breadcrumb\"},\"inLanguage\":\"fr-FR\",\"potentialAction\":[{\"@type\":\"ReadAction\",\"target\":[\"https:\/\/vincentians.com\/fr\/la-vie-de-saint-vincent-de-paul-instituteur-de-la-congregation-de-la-mission-et-des-filles-de-la-charite-005\/\"]}]},{\"@type\":\"ImageObject\",\"inLanguage\":\"fr-FR\",\"@id\":\"https:\/\/vincentians.com\/fr\/la-vie-de-saint-vincent-de-paul-instituteur-de-la-congregation-de-la-mission-et-des-filles-de-la-charite-005\/#primaryimage\",\"url\":\"\",\"contentUrl\":\"\"},{\"@type\":\"BreadcrumbList\",\"@id\":\"https:\/\/vincentians.com\/fr\/la-vie-de-saint-vincent-de-paul-instituteur-de-la-congregation-de-la-mission-et-des-filles-de-la-charite-005\/#breadcrumb\",\"itemListElement\":[{\"@type\":\"ListItem\",\"position\":1,\"name\":\"Portada\",\"item\":\"http:\/\/vincentians.com\/fr\/\"},{\"@type\":\"ListItem\",\"position\":2,\"name\":\"La vie de Saint Vincent de Paul, instituteur de la Congr\u00e9gation de la Mission et des Filles de la Charit\u00e9 (005)\"}]},{\"@type\":\"WebSite\",\"@id\":\"http:\/\/vincentians.com\/fr\/#website\",\"url\":\"http:\/\/vincentians.com\/fr\/\",\"name\":\"Nous Sommes Vincentiens\",\"description\":\"Know more to serve more\",\"potentialAction\":[{\"@type\":\"SearchAction\",\"target\":{\"@type\":\"EntryPoint\",\"urlTemplate\":\"http:\/\/vincentians.com\/fr\/?s={search_term_string}\"},\"query-input\":{\"@type\":\"PropertyValueSpecification\",\"valueRequired\":true,\"valueName\":\"search_term_string\"}}],\"inLanguage\":\"fr-FR\"},{\"@type\":\"Person\",\"@id\":\"http:\/\/vincentians.com\/fr\/#\/schema\/person\/9623ef4d9aa3b2dfb8c061f1499288f2\",\"name\":\"Francisco Javier Fern\u00e1ndez Chento\",\"image\":{\"@type\":\"ImageObject\",\"inLanguage\":\"fr-FR\",\"@id\":\"http:\/\/vincentians.com\/fr\/#\/schema\/person\/image\/\",\"url\":\"https:\/\/secure.gravatar.com\/avatar\/497d5cde87b4c3d097d0315953521681ba2cd523ee66e5077c3711f7021e65de?s=96&d=mm&r=g\",\"contentUrl\":\"https:\/\/secure.gravatar.com\/avatar\/497d5cde87b4c3d097d0315953521681ba2cd523ee66e5077c3711f7021e65de?s=96&d=mm&r=g\",\"caption\":\"Francisco Javier Fern\u00e1ndez Chento\"},\"description\":\"Director General y cofundador de La Red de Formaci\u00f3n Vicenciana. Javier es laico vicenciano, afiliado a la Congregaci\u00f3n de la Misi\u00f3n y miembro del Equipo de Misiones Populares de la provincia can\u00f3nica de Zaragoza (Espa\u00f1a) de la Congregaci\u00f3n de la Misi\u00f3n. Graduado en la Universidad Oberta de Catalunya con cuatro grados (Asistente de direcci\u00f3n, Gesti\u00f3n Administrativa, Recursos Humanos y Contabilidad Avanzada). Bil\u00edng\u00fce Espa\u00f1ol\/Ingl\u00e9s. gestiona y mantiene varias p\u00e1ginas web cristianas y vicencianas, incluida including La Red de Formaci\u00f3n Vicenciana, de la que es cofundador. Actualmente es responsable del \u00e1rea de Espa\u00f1ol de .famvin, la Red de Noticias de la Familia Vicenciana. Tambi\u00e9n es m\u00fasico cat\u00f3lico y ha editado varios discos. Es Director General y cofundador de Trovador, una reconocida compa\u00f1\u00eda discogr\u00e1fica critiana de Espa\u00f1a. Trabaja en las Tecnolog\u00edas de la Informaci\u00f3n, ofreciendo servicios de alojamiento, dise\u00f1o y mantenimiento Web, as\u00ed como asesoramiento, formaci\u00f3n y soluciones inform\u00e1ticas, gesti\u00f3n documental y digitalizaci\u00f3n de textos, edici\u00f3n y maquetaci\u00f3n de libros, revistas, flyers, etc.\",\"sameAs\":[\"http:\/\/chento.org\",\"https:\/\/www.facebook.com\/JavierChento\",\"https:\/\/x.com\/https:\/\/twitter.com\/javierchento\"],\"url\":\"http:\/\/vincentians.com\/fr\/author\/chento\/\"}]}<\/script>\n<!-- \/ Yoast SEO plugin. -->","yoast_head_json":{"title":"La vie de Saint Vincent de Paul, instituteur de la Congr\u00e9gation de la Mission et des Filles de la Charit\u00e9 (005) - Nous Sommes Vincentiens","robots":{"index":"index","follow":"follow","max-snippet":"max-snippet:-1","max-image-preview":"max-image-preview:large","max-video-preview":"max-video-preview:-1"},"canonical":"https:\/\/vincentians.com\/fr\/la-vie-de-saint-vincent-de-paul-instituteur-de-la-congregation-de-la-mission-et-des-filles-de-la-charite-005\/","og_locale":"fr_FR","og_type":"article","og_title":"La vie de Saint Vincent de Paul, instituteur de la Congr\u00e9gation de la Mission et des Filles de la Charit\u00e9 (005) - Nous Sommes Vincentiens","og_description":"Livre premier 5. Ses liaisons avec M. de B\u00e9rulle. Calomnie atroce contre Saint Vincent ; son innocence est r\u00e9connue Une des premi\u00e8res connaissances que Vincent de Paul fit \u00e0 Paris, fut celle de M. de ... Read More","og_url":"https:\/\/vincentians.com\/fr\/la-vie-de-saint-vincent-de-paul-instituteur-de-la-congregation-de-la-mission-et-des-filles-de-la-charite-005\/","og_site_name":"Nous Sommes Vincentiens","article_publisher":"https:\/\/www.facebook.com\/WeAreVincentians\/","article_author":"https:\/\/www.facebook.com\/JavierChento","article_published_time":"2014-02-01T05:53:56+00:00","author":"Francisco Javier Fern\u00e1ndez Chento","twitter_card":"summary_large_image","twitter_creator":"@https:\/\/twitter.com\/javierchento","twitter_site":"@WeVincentians","twitter_misc":{"\u00c9crit par":"Francisco Javier Fern\u00e1ndez Chento","Dur\u00e9e de lecture estim\u00e9e":"9 minutes"},"schema":{"@context":"https:\/\/schema.org","@graph":[{"@type":"WebPage","@id":"https:\/\/vincentians.com\/fr\/la-vie-de-saint-vincent-de-paul-instituteur-de-la-congregation-de-la-mission-et-des-filles-de-la-charite-005\/","url":"https:\/\/vincentians.com\/fr\/la-vie-de-saint-vincent-de-paul-instituteur-de-la-congregation-de-la-mission-et-des-filles-de-la-charite-005\/","name":"La vie de Saint Vincent de Paul, instituteur de la Congr\u00e9gation de la Mission et des Filles de la Charit\u00e9 (005) - Nous Sommes Vincentiens","isPartOf":{"@id":"http:\/\/vincentians.com\/fr\/#website"},"primaryImageOfPage":{"@id":"https:\/\/vincentians.com\/fr\/la-vie-de-saint-vincent-de-paul-instituteur-de-la-congregation-de-la-mission-et-des-filles-de-la-charite-005\/#primaryimage"},"image":{"@id":"https:\/\/vincentians.com\/fr\/la-vie-de-saint-vincent-de-paul-instituteur-de-la-congregation-de-la-mission-et-des-filles-de-la-charite-005\/#primaryimage"},"thumbnailUrl":"","datePublished":"2014-02-01T05:53:56+00:00","author":{"@id":"http:\/\/vincentians.com\/fr\/#\/schema\/person\/9623ef4d9aa3b2dfb8c061f1499288f2"},"breadcrumb":{"@id":"https:\/\/vincentians.com\/fr\/la-vie-de-saint-vincent-de-paul-instituteur-de-la-congregation-de-la-mission-et-des-filles-de-la-charite-005\/#breadcrumb"},"inLanguage":"fr-FR","potentialAction":[{"@type":"ReadAction","target":["https:\/\/vincentians.com\/fr\/la-vie-de-saint-vincent-de-paul-instituteur-de-la-congregation-de-la-mission-et-des-filles-de-la-charite-005\/"]}]},{"@type":"ImageObject","inLanguage":"fr-FR","@id":"https:\/\/vincentians.com\/fr\/la-vie-de-saint-vincent-de-paul-instituteur-de-la-congregation-de-la-mission-et-des-filles-de-la-charite-005\/#primaryimage","url":"","contentUrl":""},{"@type":"BreadcrumbList","@id":"https:\/\/vincentians.com\/fr\/la-vie-de-saint-vincent-de-paul-instituteur-de-la-congregation-de-la-mission-et-des-filles-de-la-charite-005\/#breadcrumb","itemListElement":[{"@type":"ListItem","position":1,"name":"Portada","item":"http:\/\/vincentians.com\/fr\/"},{"@type":"ListItem","position":2,"name":"La vie de Saint Vincent de Paul, instituteur de la Congr\u00e9gation de la Mission et des Filles de la Charit\u00e9 (005)"}]},{"@type":"WebSite","@id":"http:\/\/vincentians.com\/fr\/#website","url":"http:\/\/vincentians.com\/fr\/","name":"Nous Sommes Vincentiens","description":"Know more to serve more","potentialAction":[{"@type":"SearchAction","target":{"@type":"EntryPoint","urlTemplate":"http:\/\/vincentians.com\/fr\/?s={search_term_string}"},"query-input":{"@type":"PropertyValueSpecification","valueRequired":true,"valueName":"search_term_string"}}],"inLanguage":"fr-FR"},{"@type":"Person","@id":"http:\/\/vincentians.com\/fr\/#\/schema\/person\/9623ef4d9aa3b2dfb8c061f1499288f2","name":"Francisco Javier Fern\u00e1ndez Chento","image":{"@type":"ImageObject","inLanguage":"fr-FR","@id":"http:\/\/vincentians.com\/fr\/#\/schema\/person\/image\/","url":"https:\/\/secure.gravatar.com\/avatar\/497d5cde87b4c3d097d0315953521681ba2cd523ee66e5077c3711f7021e65de?s=96&d=mm&r=g","contentUrl":"https:\/\/secure.gravatar.com\/avatar\/497d5cde87b4c3d097d0315953521681ba2cd523ee66e5077c3711f7021e65de?s=96&d=mm&r=g","caption":"Francisco Javier Fern\u00e1ndez Chento"},"description":"Director General y cofundador de La Red de Formaci\u00f3n Vicenciana. Javier es laico vicenciano, afiliado a la Congregaci\u00f3n de la Misi\u00f3n y miembro del Equipo de Misiones Populares de la provincia can\u00f3nica de Zaragoza (Espa\u00f1a) de la Congregaci\u00f3n de la Misi\u00f3n. Graduado en la Universidad Oberta de Catalunya con cuatro grados (Asistente de direcci\u00f3n, Gesti\u00f3n Administrativa, Recursos Humanos y Contabilidad Avanzada). Bil\u00edng\u00fce Espa\u00f1ol\/Ingl\u00e9s. gestiona y mantiene varias p\u00e1ginas web cristianas y vicencianas, incluida including La Red de Formaci\u00f3n Vicenciana, de la que es cofundador. Actualmente es responsable del \u00e1rea de Espa\u00f1ol de .famvin, la Red de Noticias de la Familia Vicenciana. Tambi\u00e9n es m\u00fasico cat\u00f3lico y ha editado varios discos. Es Director General y cofundador de Trovador, una reconocida compa\u00f1\u00eda discogr\u00e1fica critiana de Espa\u00f1a. Trabaja en las Tecnolog\u00edas de la Informaci\u00f3n, ofreciendo servicios de alojamiento, dise\u00f1o y mantenimiento Web, as\u00ed como asesoramiento, formaci\u00f3n y soluciones inform\u00e1ticas, gesti\u00f3n documental y digitalizaci\u00f3n de textos, edici\u00f3n y maquetaci\u00f3n de libros, revistas, flyers, etc.","sameAs":["http:\/\/chento.org","https:\/\/www.facebook.com\/JavierChento","https:\/\/x.com\/https:\/\/twitter.com\/javierchento"],"url":"http:\/\/vincentians.com\/fr\/author\/chento\/"}]}},"jetpack_publicize_connections":[],"jetpack_featured_media_url":"","jetpack_sharing_enabled":true,"jetpack_shortlink":"https:\/\/wp.me\/p7ETMP-s7l","jetpack-related-posts":[{"id":52031,"url":"http:\/\/vincentians.com\/fr\/saint-vincent-de-paul-et-sa-mission-sociale-i-la-vocation-3\/","url_meta":{"origin":108087,"position":0},"title":"Saint Vincent De Paul Et Sa Mission Sociale. I &#8211; La vocation (3)","author":"Francisco Javier Fern\u00e1ndez Chento","date":"20\/12\/2014","format":false,"excerpt":"L\u2019APOSTOLAT DE LA CHARIT\u00c9. Les pr\u00e9mices du dix-septi\u00e8me si\u00e8cle. \u2014 Vincent de Paul et le P. de B\u00e9rulle. \u2014 Vincent est nomm\u00e9 cur\u00e9 de Clichy. \u2014 Ses premiers travaux. \u2014 Son entr\u00e9e dans la maison de Gondi. - Les pauvres gens des campagnes. \u2014 Premi\u00e8re mission \u00e0 Folleville. \u2014 Vincent\u2026","rel":"","context":"Dans &quot;Vincent de Paul&quot;","block_context":{"text":"Vincent de Paul","link":"http:\/\/vincentians.com\/fr\/category\/the-vincentian-family\/founders\/vincent-de-paul\/"},"img":{"alt_text":"","src":"https:\/\/i0.wp.com\/vincentians.com\/fr\/wp-content\/uploads\/sites\/10\/2016\/07\/vincent-et-sa-action-sociale.jpg?fit=1160%2C630&resize=350%2C200","width":350,"height":200,"srcset":"https:\/\/i0.wp.com\/vincentians.com\/fr\/wp-content\/uploads\/sites\/10\/2016\/07\/vincent-et-sa-action-sociale.jpg?fit=1160%2C630&resize=350%2C200 1x, https:\/\/i0.wp.com\/vincentians.com\/fr\/wp-content\/uploads\/sites\/10\/2016\/07\/vincent-et-sa-action-sociale.jpg?fit=1160%2C630&resize=525%2C300 1.5x, https:\/\/i0.wp.com\/vincentians.com\/fr\/wp-content\/uploads\/sites\/10\/2016\/07\/vincent-et-sa-action-sociale.jpg?fit=1160%2C630&resize=700%2C400 2x, https:\/\/i0.wp.com\/vincentians.com\/fr\/wp-content\/uploads\/sites\/10\/2016\/07\/vincent-et-sa-action-sociale.jpg?fit=1160%2C630&resize=1050%2C600 3x"},"classes":[]},{"id":57182,"url":"http:\/\/vincentians.com\/fr\/lhistoriographie-vincentienne-selon-les-epoques-culturelles\/","url_meta":{"origin":108087,"position":1},"title":"L&rsquo;historiographie vincentienne selon les epoques culturelles","author":"Francisco Javier Fern\u00e1ndez Chento","date":"16\/05\/2015","format":false,"excerpt":"Dans \"Les nouvelles consid\u00e9rations sur l'histoire\" (1744) Vol\u00adtaire affirmait que l'histoire n'est pas un genre immuable. Elle d\u00e9pend du progr\u00e8s scientifique g\u00e9n\u00e9ral. C'\u00e9tait \u00e0 une intuition trop en avance sur son temps. Et pourtant, cette intuition se trouve amplement con\u00adfirm\u00e9e, par la suite. Nous en trouvons une preuve \u00e9vidente dans\u2026","rel":"","context":"Dans &quot;Formation Vincentienne&quot;","block_context":{"text":"Formation Vincentienne","link":"http:\/\/vincentians.com\/fr\/category\/formation-vincentienne\/"},"img":{"alt_text":"","src":"https:\/\/i0.wp.com\/vincentiens.org\/wp-content\/uploads\/2012\/12\/sanvicentemosaico-213x300.jpg?resize=350%2C200","width":350,"height":200},"classes":[]},{"id":56718,"url":"http:\/\/vincentians.com\/fr\/louis-abelly\/","url_meta":{"origin":108087,"position":2},"title":"Louis Abelly","author":"Francisco Javier Fern\u00e1ndez Chento","date":"06\/11\/2012","format":false,"excerpt":"Luis AbellyVoici une anecdote historique d'un spectateur de cirque qui, chaque soir, venait voir le num\u00e9ro du dompteur de lions. Et, comme on l'interrogeait sur cette inutile r\u00e9p\u00e9tition, il r\u00e9pondit: \u00abJ'attends le moment o\u00f9 le lion va d\u00e9vorer le dompteur. Ceci arrivera bien un jour\u00bb. Si vous &es dans cette\u2026","rel":"","context":"Dans &quot;Au temps de Vincent de Paul&quot;","block_context":{"text":"Au temps de Vincent de Paul","link":"http:\/\/vincentians.com\/fr\/category\/au-temps-de-vincent-de-paul\/"},"img":{"alt_text":"Luis Abelly","src":"https:\/\/i0.wp.com\/vincentiens.org\/wp-content\/uploads\/2011\/12\/abelly-198x300.jpg?resize=350%2C200","width":350,"height":200},"classes":[]},{"id":105905,"url":"http:\/\/vincentians.com\/fr\/les-sources-de-lenseignement-de-monsieur-vincent-de-paul-iii\/","url_meta":{"origin":108087,"position":3},"title":"Les sources de l&rsquo;enseignement de monsieur Vincent de Paul (III)","author":"Francisco Javier Fern\u00e1ndez Chento","date":"24\/03\/2013","format":false,"excerpt":"III. - Apr\u00e8s les quelques explications sur la difficult\u00e9 de rep\u00e9\u00adrer; de d\u00e9tecter, de caract\u00e9riser les sources, je vais m'efforcer de vous donner quelques titres qui sont effectivement des titres majeurs. Et tout premier lieu, vous avez l'Ecriture. L'\u00e9tude de l'Ecriture, dans l'oeuvre de Vincent de Paul, doit \u00eatre faite\u2026","rel":"","context":"Dans &quot;Formation Vincentienne&quot;","block_context":{"text":"Formation Vincentienne","link":"http:\/\/vincentians.com\/fr\/category\/formation-vincentienne\/"},"img":{"alt_text":"vincent1","src":"https:\/\/i0.wp.com\/vincentiens.org\/wp-content\/uploads\/2012\/11\/vincent1.jpg?resize=350%2C200","width":350,"height":200},"classes":[]},{"id":52033,"url":"http:\/\/vincentians.com\/fr\/saint-vincent-de-paul-et-sa-mission-sociale-ii-les-oeuvres-1\/","url_meta":{"origin":108087,"position":4},"title":"Saint Vincent De Paul Et Sa Mission Sociale. II &#8211; Les \u0152uvres (1)","author":"Francisco Javier Fern\u00e1ndez Chento","date":"21\/12\/2014","format":false,"excerpt":"LES CONFR\u00c9RIES DE LA CHARIT\u00c9. Organisation et d\u00e9veloppement de la confr\u00e9rie de la Charit\u00e9. \u2014 Les domaines du seigneur de Gondi. \u2014 Premi\u00e8re id\u00e9e de la congr\u00e9gation de la Mission. \u2014 Vincent de Paul devient aum\u00f4nier royal des gal\u00e8res et sup\u00e9rieur des religieuses de la Visitation. \u2014 Saint Fran\u00e7ois de\u2026","rel":"","context":"Dans &quot;Vincent de Paul&quot;","block_context":{"text":"Vincent de Paul","link":"http:\/\/vincentians.com\/fr\/category\/the-vincentian-family\/founders\/vincent-de-paul\/"},"img":{"alt_text":"","src":"https:\/\/i0.wp.com\/vincentians.com\/fr\/wp-content\/uploads\/sites\/10\/2016\/07\/vincent-et-sa-action-sociale.jpg?fit=1160%2C630&resize=350%2C200","width":350,"height":200,"srcset":"https:\/\/i0.wp.com\/vincentians.com\/fr\/wp-content\/uploads\/sites\/10\/2016\/07\/vincent-et-sa-action-sociale.jpg?fit=1160%2C630&resize=350%2C200 1x, https:\/\/i0.wp.com\/vincentians.com\/fr\/wp-content\/uploads\/sites\/10\/2016\/07\/vincent-et-sa-action-sociale.jpg?fit=1160%2C630&resize=525%2C300 1.5x, https:\/\/i0.wp.com\/vincentians.com\/fr\/wp-content\/uploads\/sites\/10\/2016\/07\/vincent-et-sa-action-sociale.jpg?fit=1160%2C630&resize=700%2C400 2x, https:\/\/i0.wp.com\/vincentians.com\/fr\/wp-content\/uploads\/sites\/10\/2016\/07\/vincent-et-sa-action-sociale.jpg?fit=1160%2C630&resize=1050%2C600 3x"},"classes":[]},{"id":107721,"url":"http:\/\/vincentians.com\/fr\/vincent-de-paul-lettre-0008-a-madame-de-gondi\/","url_meta":{"origin":108087,"position":5},"title":"Vincent de Paul, Lettre 0008. A Madame De Gondi","author":"Francisco Javier Fern\u00e1ndez Chento","date":"22\/08\/2016","format":false,"excerpt":"Septembre ou octobre 1617. Vincent de Paul console et encourage Mme de Gondi, tout en l'invitant \u00e0 se soumettre au bon plaisir de Dieu.","rel":"","context":"Dans &quot;\u00c9crits de Vincent de Paul&quot;","block_context":{"text":"\u00c9crits de Vincent de Paul","link":"http:\/\/vincentians.com\/fr\/category\/ecrits-de-vincent-de-paul\/"},"img":{"alt_text":"","src":"https:\/\/i0.wp.com\/vincentians.com\/fr\/wp-content\/uploads\/sites\/10\/2016\/07\/cartas-vicente-de-paul.jpg?fit=1200%2C630&resize=350%2C200","width":350,"height":200,"srcset":"https:\/\/i0.wp.com\/vincentians.com\/fr\/wp-content\/uploads\/sites\/10\/2016\/07\/cartas-vicente-de-paul.jpg?fit=1200%2C630&resize=350%2C200 1x, https:\/\/i0.wp.com\/vincentians.com\/fr\/wp-content\/uploads\/sites\/10\/2016\/07\/cartas-vicente-de-paul.jpg?fit=1200%2C630&resize=525%2C300 1.5x, https:\/\/i0.wp.com\/vincentians.com\/fr\/wp-content\/uploads\/sites\/10\/2016\/07\/cartas-vicente-de-paul.jpg?fit=1200%2C630&resize=700%2C400 2x, https:\/\/i0.wp.com\/vincentians.com\/fr\/wp-content\/uploads\/sites\/10\/2016\/07\/cartas-vicente-de-paul.jpg?fit=1200%2C630&resize=1050%2C600 3x"},"classes":[]}],"_links":{"self":[{"href":"http:\/\/vincentians.com\/fr\/wp-json\/wp\/v2\/posts\/108087","targetHints":{"allow":["GET"]}}],"collection":[{"href":"http:\/\/vincentians.com\/fr\/wp-json\/wp\/v2\/posts"}],"about":[{"href":"http:\/\/vincentians.com\/fr\/wp-json\/wp\/v2\/types\/post"}],"author":[{"embeddable":true,"href":"http:\/\/vincentians.com\/fr\/wp-json\/wp\/v2\/users\/4"}],"replies":[{"embeddable":true,"href":"http:\/\/vincentians.com\/fr\/wp-json\/wp\/v2\/comments?post=108087"}],"version-history":[{"count":0,"href":"http:\/\/vincentians.com\/fr\/wp-json\/wp\/v2\/posts\/108087\/revisions"}],"wp:featuredmedia":[{"embeddable":true,"href":"http:\/\/vincentians.com\/fr\/wp-json\/"}],"wp:attachment":[{"href":"http:\/\/vincentians.com\/fr\/wp-json\/wp\/v2\/media?parent=108087"}],"wp:term":[{"taxonomy":"category","embeddable":true,"href":"http:\/\/vincentians.com\/fr\/wp-json\/wp\/v2\/categories?post=108087"},{"taxonomy":"post_tag","embeddable":true,"href":"http:\/\/vincentians.com\/fr\/wp-json\/wp\/v2\/tags?post=108087"}],"curies":[{"name":"wp","href":"https:\/\/api.w.org\/{rel}","templated":true}]}}