{"id":108085,"date":"2014-02-05T06:53:56","date_gmt":"2014-02-05T05:53:56","guid":{"rendered":"http:\/\/vincentiens.org\/?p=108085"},"modified":"2014-02-05T06:53:56","modified_gmt":"2014-02-05T05:53:56","slug":"la-vie-de-saint-vincent-de-paul-instituteur-de-la-congregation-de-la-mission-et-des-filles-de-la-charite-009","status":"publish","type":"post","link":"http:\/\/vincentians.com\/fr\/la-vie-de-saint-vincent-de-paul-instituteur-de-la-congregation-de-la-mission-et-des-filles-de-la-charite-009\/","title":{"rendered":"La vie de Saint Vincent de Paul, instituteur de la Congr\u00e9gation de la Mission et des Filles de la Charit\u00e9 (009)"},"content":{"rendered":"<h2>Livre premier<\/h2>\n<h3>9. Confession d\u2019un paysan de Ganne, et ses suites. Premi\u00e8re Mission \u00e0 Folleville.<\/h3>\n<p><a href=\"https:\/\/i0.wp.com\/vincentiens.org\/wp-content\/uploads\/2014\/01\/collet.jpg\"><img data-recalc-dims=\"1\" loading=\"lazy\" decoding=\"async\" class=\"alignright  wp-image-107739\" alt=\"collet\" src=\"https:\/\/i0.wp.com\/vincentiens.org\/wp-content\/uploads\/2014\/01\/collet-248x300.jpg?resize=248%2C300\" width=\"248\" height=\"300\" \/><\/a>Un jour qu&rsquo;il \u00e9tait avec Madame la G\u00e9n\u00e9rale au ch\u00e2teau de Folleville, dioc\u00e8se d&rsquo;Amiens, on le vint prier d&rsquo;aller \u00e0 Gannes, petit village \u00e9loign\u00e9 de Folleville d&rsquo;environ deux lieues. Il s&rsquo;agissait de confesser un paysan dangereusement malade et qui avait t\u00e9moign\u00e9 qu&rsquo;il mourrait content, s&rsquo;il avait l&rsquo;avantage de s&rsquo;ouvrir \u00e0 notre saint pr\u00eatre. Vincent ne diff\u00e9ra pas \u00e0 s&rsquo;y transporter. Les voisins du moribond lui en firent un portrait avantageux ; en effet il avait toujours v\u00e9cu dans la r\u00e9putation d&rsquo;un fort homme de bien. Dieu qui voit les c\u0153urs, n&rsquo;en jugeait pas comme les hommes qui ne voient que les apparences. Le malheureux paysan avait la conscience charg\u00e9e de plusieurs p\u00e9ch\u00e9s mortels, qu&rsquo;une fausse honte l&rsquo;avait toujours emp\u00each\u00e9 de d\u00e9couvrir. Le saint ayant commenc\u00e9 \u00e0 l&rsquo;entendre, eut la pens\u00e9e de le porter \u00e0 faire une confession g\u00e9n\u00e9rale. Cette pens\u00e9e venait de Dieu. Le malade encourag\u00e9 par la douceur avec laquelle son nouveau directeur le traitait, fit un effort ; il lui d\u00e9couvrit ces mis\u00e8res secr\u00e8tes qu&rsquo;il n&rsquo;avait jamais eu la force de d\u00e9couvrir \u00e0 personne. Cette droiture si n\u00e9cessaire \u00e0 un homme qui \u00e9tait pr\u00eat \u00e0 tomber entre les mains de Dieu, fut suivie d&rsquo;une consolation qu&rsquo;on ne peut exprimer. Le p\u00e9nitent se trouva d\u00e9charg\u00e9 d&rsquo;un poids \u00e9norme, qui l&rsquo;accablait depuis plusieurs ann\u00e9es. Ce qu&rsquo;il y eut de particulier, c&rsquo;est qu&rsquo;il passa d&rsquo;une extr\u00e9mit\u00e9 \u00e0 l&rsquo;autre et que, pendant trois jours qu&rsquo;il v\u00e9cut encore, il fit plusieurs fois une esp\u00e8ce de confession publique de ces d\u00e9sordres qu&rsquo;il avait si longtemps supprim\u00e9s dans le tribunal m\u00eame de la p\u00e9nitence. La Comtesse de Joigni l&rsquo;\u00e9tant all\u00e9 voir selon sa coutume : Ah, Madame ! s&rsquo;\u00e9cria-t-il d\u00e8s qu&rsquo;il l&rsquo;aper\u00e7ut, j&rsquo;\u00e9tais damn\u00e9, si je n&rsquo;eusse fait une confession g\u00e9n\u00e9rale, \u00e0 cause de plusieurs gros p\u00e9ch\u00e9s dont je n&rsquo;avais pas os\u00e9 me confesser. Ce g\u00e9n\u00e9reux aveu, qui \u00e9tait une preuve bien sensible et du changement de celui qui le faisait, et de la sinc\u00e9rit\u00e9 de sa contrition, \u00e9difia beaucoup ceux qui en furent t\u00e9moins. Mais Madame de Gondi, qui \u00e9tait une femme \u00e9minemment chr\u00e9tienne et qui avait, par rapport aux affaires du salut, des lumi\u00e8res bien sup\u00e9rieures \u00e0 celles de la multitude, en fut tout effray\u00e9e et elle en tira une cons\u00e9quence digne de son z\u00e8le et de sa charit\u00e9. Qu&rsquo;est-ce que cela, Monsieur, dit-elle, en adressant la parole \u00e0 Vincent de Paul ? Qu&rsquo;est-ce que nous venons d&rsquo;entendre ? Qu&rsquo;il est \u00e0 craindre qu&rsquo;il n&rsquo;en soit ainsi de la plupart de ces pauvres gens. Ah ! Si cet homme qui passait pour homme de bien, \u00e9tait en \u00e9tat de damnation, que sera-ce des autres qui vivent plus mal ? Ah, Monsieur Vincent, que d&rsquo;\u00e2mes se perdent ! Quel rem\u00e8de \u00e0 cela ?<\/p>\n<p>Ces pens\u00e9es occupaient nuit et jour la pieuse g\u00e9n\u00e9rale ; et elle roulait avec une sainte inqui\u00e9tude dans son esprit, les moyens d&rsquo;arr\u00eater le cours d&rsquo;un si grand mal. Comme elle n&rsquo;ignorait pas qu&rsquo;en mati\u00e8re de r\u00e9conciliation avec Dieu, les d\u00e9lais ne peuvent \u00eatre que funestes : elle pria Vincent, quelques jours apr\u00e8s, c&rsquo;est \u00e0 dire le 25 de Janvier, jour o\u00f9 l&rsquo;Eglise honore la conversion de S. Paul, de pr\u00eacher en l&rsquo;\u00e9glise de Folleville, pour exhorter les habitants \u00e0 la confession g\u00e9n\u00e9rale. Il le fit ce jour-l\u00e0 m\u00eame et Dieu donna une si grande b\u00e9n\u00e9diction \u00e0 son discours, que tout le peuple en fut touch\u00e9, et que chacun commen\u00e7a \u00e0 repasser toutes ses mis\u00e8res dans l&rsquo;amertume de son c\u0153ur, pour r\u00e9parer par une nouvelle confession, ce que les pr\u00e9c\u00e9dentes pouvaient avoir de d\u00e9fectueux. Le saint continua \u00e0 les instruire, et \u00e0 les entretenir des dispositions n\u00e9cessaires \u00e0 la p\u00e9nitence, avant que de se pr\u00e9senter au sacr\u00e9 tribunal. Il commen\u00e7a enfin \u00e0 les entendre lorsqu&rsquo;il les crut assez pr\u00e9par\u00e9s. Mais la foule fut si grande, que n&rsquo;y pouvant suffire avec un autre pr\u00eatre qui l&rsquo;aidait, on fut oblig\u00e9 de chercher du secours dans les villes voisines. La G\u00e9n\u00e9rale en \u00e9crivit au R.P. Recteur des J\u00e9suites d&rsquo;Amiens, qui y vint lui-m\u00eame. Ses occupations, qui le demandaient ailleurs, ne lui ayant pas permis d&rsquo;y rester plus longtemps, il envoya, pour travailler \u00e0 sa place, le P. Fourch\u00e9 de la m\u00eame Compagnie. Son z\u00e8le eut de quoi s&rsquo;occuper. La moisson \u00e9tait si abondante, que ces trois ouvriers qui la voulaient recueillir toute enti\u00e8re, avaient \u00e0 peine le loisir de respirer. D\u00e8s qu&rsquo;ils eurent fini \u00e0 Folleville, ils recommenc\u00e8rent dans les autres villages du m\u00eame canton, qui appartenaient \u00e0 la maison de Gondi. Le concours des peuples y fut \u00e9gal, et la main de Dieu y r\u00e9pandit les m\u00eames b\u00e9n\u00e9dictions. Vincent, qui se regardait comme le plus grand p\u00eacheur qui f\u00fbt au monde, attribuait tous les succ\u00e8s \u00e0 la pi\u00e9t\u00e9 de son illustre p\u00e9nitente : Madame de Gondi les regardait comme l&rsquo;effet des rares vertus de son directeur : et il y a bien de l&rsquo;apparence qu&rsquo;ils \u00e9taient une r\u00e9compense anticip\u00e9e de la charit\u00e9 ardente dont ils \u00e9taient tous deux consum\u00e9s.<\/p>\n<p>Cette mission de Folleville et des environs est la premi\u00e8re qu&rsquo;ait faite Vincent de Paul ; et il l&rsquo;a toujours regard\u00e9e comme la semence de ce grand nombre d&rsquo;autres qu&rsquo;il a faites ou fait faire jusqu&rsquo;\u00e0 sa mort. Chaque ann\u00e9e le 25 de janvier, il en c\u00e9l\u00e9brait la m\u00e9moire avec les sentiments de la plus vive reconnaissance. Il voulait que ses enfants la c\u00e9l\u00e9brassent comme lui et quoiqu&rsquo;il f\u00fbt persuad\u00e9 que tous les jours sont saints, parce qu&rsquo;ils appartiennent tous au Seigneur, il rendait cependant \u00e0 Dieu de tr\u00e8s humbles actions de gr\u00e2ces, de ce qu&rsquo;il avait voulu que le jour de la conversion de S. Paul, f\u00fbt celui o\u00f9 sa Congr\u00e9gation avait en quelque sorte \u00e9t\u00e9 con\u00e7ue ; ce n&rsquo;est pas qu&rsquo;il y pens\u00e2t alors, ni m\u00eame plus de huit ans apr\u00e8s. Il n&rsquo;y avait point d&rsquo;apparence, que cette premi\u00e8re tentative d\u00fbt enfanter ce grand \u00e9tablissement. Elle en fut cependant le principe et la source. Madame de Gondi fut si charm\u00e9e de cet heureux essai, et des fruits abondants qu&rsquo;elle vit na\u00eetre, que d\u00e8s lors elle forma le dessein de donner \u00e0 quelque communaut\u00e9 un fond de seize mille livres, au moyen duquel on se charge\u00e2t de faire par toutes ses terres, des missions de cinq en cinq ans. Nous verrons un peu plus bas \u00e0 quel usage ce fond fut employ\u00e9.<\/p>\n","protected":false},"excerpt":{"rendered":"<p>Livre premier 9. Confession d\u2019un paysan de Ganne, et ses suites. Premi\u00e8re Mission \u00e0 Folleville. Un jour qu&rsquo;il \u00e9tait avec Madame la G\u00e9n\u00e9rale au ch\u00e2teau de Folleville, dioc\u00e8se d&rsquo;Amiens, on le vint prier d&rsquo;aller \u00e0 &#8230; <a href=\"http:\/\/vincentians.com\/fr\/la-vie-de-saint-vincent-de-paul-instituteur-de-la-congregation-de-la-mission-et-des-filles-de-la-charite-009\/\" class=\"more-link\">Read More<\/a><\/p>\n","protected":false},"author":4,"featured_media":107739,"comment_status":"open","ping_status":"open","sticky":false,"template":"","format":"standard","meta":{"jetpack_post_was_ever_published":false,"_jetpack_newsletter_access":"","_jetpack_dont_email_post_to_subs":false,"_jetpack_newsletter_tier_id":0,"_jetpack_memberships_contains_paywalled_content":false,"_jetpack_memberships_contains_paid_content":false,"footnotes":"","jetpack_publicize_message":"","jetpack_publicize_feature_enabled":true,"jetpack_social_post_already_shared":true,"jetpack_social_options":{"image_generator_settings":{"template":"highway","default_image_id":0,"font":"","enabled":false},"version":2}},"categories":[5],"tags":[],"class_list":["post-108085","post","type-post","status-publish","format-standard","has-post-thumbnail","hentry","category-vincent-de-paul"],"yoast_head":"<!-- This site is optimized with the Yoast SEO plugin v26.3 - https:\/\/yoast.com\/wordpress\/plugins\/seo\/ -->\n<title>La vie de Saint Vincent de Paul, instituteur de la Congr\u00e9gation de la Mission et des Filles de la Charit\u00e9 (009) - Nous Sommes Vincentiens<\/title>\n<meta name=\"robots\" content=\"index, follow, max-snippet:-1, max-image-preview:large, max-video-preview:-1\" \/>\n<link rel=\"canonical\" href=\"https:\/\/vincentians.com\/fr\/la-vie-de-saint-vincent-de-paul-instituteur-de-la-congregation-de-la-mission-et-des-filles-de-la-charite-009\/\" \/>\n<meta property=\"og:locale\" content=\"fr_FR\" \/>\n<meta property=\"og:type\" content=\"article\" \/>\n<meta property=\"og:title\" content=\"La vie de Saint Vincent de Paul, instituteur de la Congr\u00e9gation de la Mission et des Filles de la Charit\u00e9 (009) - Nous Sommes Vincentiens\" \/>\n<meta property=\"og:description\" content=\"Livre premier 9. Confession d\u2019un paysan de Ganne, et ses suites. Premi\u00e8re Mission \u00e0 Folleville. Un jour qu&rsquo;il \u00e9tait avec Madame la G\u00e9n\u00e9rale au ch\u00e2teau de Folleville, dioc\u00e8se d&rsquo;Amiens, on le vint prier d&rsquo;aller \u00e0 ... Read More\" \/>\n<meta property=\"og:url\" content=\"https:\/\/vincentians.com\/fr\/la-vie-de-saint-vincent-de-paul-instituteur-de-la-congregation-de-la-mission-et-des-filles-de-la-charite-009\/\" \/>\n<meta property=\"og:site_name\" content=\"Nous Sommes Vincentiens\" \/>\n<meta property=\"article:publisher\" content=\"https:\/\/www.facebook.com\/WeAreVincentians\/\" \/>\n<meta property=\"article:author\" content=\"https:\/\/www.facebook.com\/JavierChento\" \/>\n<meta property=\"article:published_time\" content=\"2014-02-05T05:53:56+00:00\" \/>\n<meta name=\"author\" content=\"Francisco Javier Fern\u00e1ndez Chento\" \/>\n<meta name=\"twitter:card\" content=\"summary_large_image\" \/>\n<meta name=\"twitter:creator\" content=\"@https:\/\/twitter.com\/javierchento\" \/>\n<meta name=\"twitter:site\" content=\"@WeVincentians\" \/>\n<meta name=\"twitter:label1\" content=\"\u00c9crit par\" \/>\n\t<meta name=\"twitter:data1\" content=\"Francisco Javier Fern\u00e1ndez Chento\" \/>\n\t<meta name=\"twitter:label2\" content=\"Dur\u00e9e de lecture estim\u00e9e\" \/>\n\t<meta name=\"twitter:data2\" content=\"6 minutes\" \/>\n<script type=\"application\/ld+json\" class=\"yoast-schema-graph\">{\"@context\":\"https:\/\/schema.org\",\"@graph\":[{\"@type\":\"WebPage\",\"@id\":\"https:\/\/vincentians.com\/fr\/la-vie-de-saint-vincent-de-paul-instituteur-de-la-congregation-de-la-mission-et-des-filles-de-la-charite-009\/\",\"url\":\"https:\/\/vincentians.com\/fr\/la-vie-de-saint-vincent-de-paul-instituteur-de-la-congregation-de-la-mission-et-des-filles-de-la-charite-009\/\",\"name\":\"La vie de Saint Vincent de Paul, instituteur de la Congr\u00e9gation de la Mission et des Filles de la Charit\u00e9 (009) - Nous Sommes Vincentiens\",\"isPartOf\":{\"@id\":\"http:\/\/vincentians.com\/fr\/#website\"},\"primaryImageOfPage\":{\"@id\":\"https:\/\/vincentians.com\/fr\/la-vie-de-saint-vincent-de-paul-instituteur-de-la-congregation-de-la-mission-et-des-filles-de-la-charite-009\/#primaryimage\"},\"image\":{\"@id\":\"https:\/\/vincentians.com\/fr\/la-vie-de-saint-vincent-de-paul-instituteur-de-la-congregation-de-la-mission-et-des-filles-de-la-charite-009\/#primaryimage\"},\"thumbnailUrl\":\"\",\"datePublished\":\"2014-02-05T05:53:56+00:00\",\"author\":{\"@id\":\"http:\/\/vincentians.com\/fr\/#\/schema\/person\/9623ef4d9aa3b2dfb8c061f1499288f2\"},\"breadcrumb\":{\"@id\":\"https:\/\/vincentians.com\/fr\/la-vie-de-saint-vincent-de-paul-instituteur-de-la-congregation-de-la-mission-et-des-filles-de-la-charite-009\/#breadcrumb\"},\"inLanguage\":\"fr-FR\",\"potentialAction\":[{\"@type\":\"ReadAction\",\"target\":[\"https:\/\/vincentians.com\/fr\/la-vie-de-saint-vincent-de-paul-instituteur-de-la-congregation-de-la-mission-et-des-filles-de-la-charite-009\/\"]}]},{\"@type\":\"ImageObject\",\"inLanguage\":\"fr-FR\",\"@id\":\"https:\/\/vincentians.com\/fr\/la-vie-de-saint-vincent-de-paul-instituteur-de-la-congregation-de-la-mission-et-des-filles-de-la-charite-009\/#primaryimage\",\"url\":\"\",\"contentUrl\":\"\"},{\"@type\":\"BreadcrumbList\",\"@id\":\"https:\/\/vincentians.com\/fr\/la-vie-de-saint-vincent-de-paul-instituteur-de-la-congregation-de-la-mission-et-des-filles-de-la-charite-009\/#breadcrumb\",\"itemListElement\":[{\"@type\":\"ListItem\",\"position\":1,\"name\":\"Portada\",\"item\":\"http:\/\/vincentians.com\/fr\/\"},{\"@type\":\"ListItem\",\"position\":2,\"name\":\"La vie de Saint Vincent de Paul, instituteur de la Congr\u00e9gation de la Mission et des Filles de la Charit\u00e9 (009)\"}]},{\"@type\":\"WebSite\",\"@id\":\"http:\/\/vincentians.com\/fr\/#website\",\"url\":\"http:\/\/vincentians.com\/fr\/\",\"name\":\"Nous Sommes Vincentiens\",\"description\":\"Know more to serve more\",\"potentialAction\":[{\"@type\":\"SearchAction\",\"target\":{\"@type\":\"EntryPoint\",\"urlTemplate\":\"http:\/\/vincentians.com\/fr\/?s={search_term_string}\"},\"query-input\":{\"@type\":\"PropertyValueSpecification\",\"valueRequired\":true,\"valueName\":\"search_term_string\"}}],\"inLanguage\":\"fr-FR\"},{\"@type\":\"Person\",\"@id\":\"http:\/\/vincentians.com\/fr\/#\/schema\/person\/9623ef4d9aa3b2dfb8c061f1499288f2\",\"name\":\"Francisco Javier Fern\u00e1ndez Chento\",\"image\":{\"@type\":\"ImageObject\",\"inLanguage\":\"fr-FR\",\"@id\":\"http:\/\/vincentians.com\/fr\/#\/schema\/person\/image\/\",\"url\":\"https:\/\/secure.gravatar.com\/avatar\/497d5cde87b4c3d097d0315953521681ba2cd523ee66e5077c3711f7021e65de?s=96&d=mm&r=g\",\"contentUrl\":\"https:\/\/secure.gravatar.com\/avatar\/497d5cde87b4c3d097d0315953521681ba2cd523ee66e5077c3711f7021e65de?s=96&d=mm&r=g\",\"caption\":\"Francisco Javier Fern\u00e1ndez Chento\"},\"description\":\"Director General y cofundador de La Red de Formaci\u00f3n Vicenciana. Javier es laico vicenciano, afiliado a la Congregaci\u00f3n de la Misi\u00f3n y miembro del Equipo de Misiones Populares de la provincia can\u00f3nica de Zaragoza (Espa\u00f1a) de la Congregaci\u00f3n de la Misi\u00f3n. Graduado en la Universidad Oberta de Catalunya con cuatro grados (Asistente de direcci\u00f3n, Gesti\u00f3n Administrativa, Recursos Humanos y Contabilidad Avanzada). Bil\u00edng\u00fce Espa\u00f1ol\/Ingl\u00e9s. gestiona y mantiene varias p\u00e1ginas web cristianas y vicencianas, incluida including La Red de Formaci\u00f3n Vicenciana, de la que es cofundador. Actualmente es responsable del \u00e1rea de Espa\u00f1ol de .famvin, la Red de Noticias de la Familia Vicenciana. Tambi\u00e9n es m\u00fasico cat\u00f3lico y ha editado varios discos. Es Director General y cofundador de Trovador, una reconocida compa\u00f1\u00eda discogr\u00e1fica critiana de Espa\u00f1a. Trabaja en las Tecnolog\u00edas de la Informaci\u00f3n, ofreciendo servicios de alojamiento, dise\u00f1o y mantenimiento Web, as\u00ed como asesoramiento, formaci\u00f3n y soluciones inform\u00e1ticas, gesti\u00f3n documental y digitalizaci\u00f3n de textos, edici\u00f3n y maquetaci\u00f3n de libros, revistas, flyers, etc.\",\"sameAs\":[\"http:\/\/chento.org\",\"https:\/\/www.facebook.com\/JavierChento\",\"https:\/\/x.com\/https:\/\/twitter.com\/javierchento\"],\"url\":\"http:\/\/vincentians.com\/fr\/author\/chento\/\"}]}<\/script>\n<!-- \/ Yoast SEO plugin. -->","yoast_head_json":{"title":"La vie de Saint Vincent de Paul, instituteur de la Congr\u00e9gation de la Mission et des Filles de la Charit\u00e9 (009) - Nous Sommes Vincentiens","robots":{"index":"index","follow":"follow","max-snippet":"max-snippet:-1","max-image-preview":"max-image-preview:large","max-video-preview":"max-video-preview:-1"},"canonical":"https:\/\/vincentians.com\/fr\/la-vie-de-saint-vincent-de-paul-instituteur-de-la-congregation-de-la-mission-et-des-filles-de-la-charite-009\/","og_locale":"fr_FR","og_type":"article","og_title":"La vie de Saint Vincent de Paul, instituteur de la Congr\u00e9gation de la Mission et des Filles de la Charit\u00e9 (009) - Nous Sommes Vincentiens","og_description":"Livre premier 9. Confession d\u2019un paysan de Ganne, et ses suites. Premi\u00e8re Mission \u00e0 Folleville. Un jour qu&rsquo;il \u00e9tait avec Madame la G\u00e9n\u00e9rale au ch\u00e2teau de Folleville, dioc\u00e8se d&rsquo;Amiens, on le vint prier d&rsquo;aller \u00e0 ... Read More","og_url":"https:\/\/vincentians.com\/fr\/la-vie-de-saint-vincent-de-paul-instituteur-de-la-congregation-de-la-mission-et-des-filles-de-la-charite-009\/","og_site_name":"Nous Sommes Vincentiens","article_publisher":"https:\/\/www.facebook.com\/WeAreVincentians\/","article_author":"https:\/\/www.facebook.com\/JavierChento","article_published_time":"2014-02-05T05:53:56+00:00","author":"Francisco Javier Fern\u00e1ndez Chento","twitter_card":"summary_large_image","twitter_creator":"@https:\/\/twitter.com\/javierchento","twitter_site":"@WeVincentians","twitter_misc":{"\u00c9crit par":"Francisco Javier Fern\u00e1ndez Chento","Dur\u00e9e de lecture estim\u00e9e":"6 minutes"},"schema":{"@context":"https:\/\/schema.org","@graph":[{"@type":"WebPage","@id":"https:\/\/vincentians.com\/fr\/la-vie-de-saint-vincent-de-paul-instituteur-de-la-congregation-de-la-mission-et-des-filles-de-la-charite-009\/","url":"https:\/\/vincentians.com\/fr\/la-vie-de-saint-vincent-de-paul-instituteur-de-la-congregation-de-la-mission-et-des-filles-de-la-charite-009\/","name":"La vie de Saint Vincent de Paul, instituteur de la Congr\u00e9gation de la Mission et des Filles de la Charit\u00e9 (009) - Nous Sommes Vincentiens","isPartOf":{"@id":"http:\/\/vincentians.com\/fr\/#website"},"primaryImageOfPage":{"@id":"https:\/\/vincentians.com\/fr\/la-vie-de-saint-vincent-de-paul-instituteur-de-la-congregation-de-la-mission-et-des-filles-de-la-charite-009\/#primaryimage"},"image":{"@id":"https:\/\/vincentians.com\/fr\/la-vie-de-saint-vincent-de-paul-instituteur-de-la-congregation-de-la-mission-et-des-filles-de-la-charite-009\/#primaryimage"},"thumbnailUrl":"","datePublished":"2014-02-05T05:53:56+00:00","author":{"@id":"http:\/\/vincentians.com\/fr\/#\/schema\/person\/9623ef4d9aa3b2dfb8c061f1499288f2"},"breadcrumb":{"@id":"https:\/\/vincentians.com\/fr\/la-vie-de-saint-vincent-de-paul-instituteur-de-la-congregation-de-la-mission-et-des-filles-de-la-charite-009\/#breadcrumb"},"inLanguage":"fr-FR","potentialAction":[{"@type":"ReadAction","target":["https:\/\/vincentians.com\/fr\/la-vie-de-saint-vincent-de-paul-instituteur-de-la-congregation-de-la-mission-et-des-filles-de-la-charite-009\/"]}]},{"@type":"ImageObject","inLanguage":"fr-FR","@id":"https:\/\/vincentians.com\/fr\/la-vie-de-saint-vincent-de-paul-instituteur-de-la-congregation-de-la-mission-et-des-filles-de-la-charite-009\/#primaryimage","url":"","contentUrl":""},{"@type":"BreadcrumbList","@id":"https:\/\/vincentians.com\/fr\/la-vie-de-saint-vincent-de-paul-instituteur-de-la-congregation-de-la-mission-et-des-filles-de-la-charite-009\/#breadcrumb","itemListElement":[{"@type":"ListItem","position":1,"name":"Portada","item":"http:\/\/vincentians.com\/fr\/"},{"@type":"ListItem","position":2,"name":"La vie de Saint Vincent de Paul, instituteur de la Congr\u00e9gation de la Mission et des Filles de la Charit\u00e9 (009)"}]},{"@type":"WebSite","@id":"http:\/\/vincentians.com\/fr\/#website","url":"http:\/\/vincentians.com\/fr\/","name":"Nous Sommes Vincentiens","description":"Know more to serve more","potentialAction":[{"@type":"SearchAction","target":{"@type":"EntryPoint","urlTemplate":"http:\/\/vincentians.com\/fr\/?s={search_term_string}"},"query-input":{"@type":"PropertyValueSpecification","valueRequired":true,"valueName":"search_term_string"}}],"inLanguage":"fr-FR"},{"@type":"Person","@id":"http:\/\/vincentians.com\/fr\/#\/schema\/person\/9623ef4d9aa3b2dfb8c061f1499288f2","name":"Francisco Javier Fern\u00e1ndez Chento","image":{"@type":"ImageObject","inLanguage":"fr-FR","@id":"http:\/\/vincentians.com\/fr\/#\/schema\/person\/image\/","url":"https:\/\/secure.gravatar.com\/avatar\/497d5cde87b4c3d097d0315953521681ba2cd523ee66e5077c3711f7021e65de?s=96&d=mm&r=g","contentUrl":"https:\/\/secure.gravatar.com\/avatar\/497d5cde87b4c3d097d0315953521681ba2cd523ee66e5077c3711f7021e65de?s=96&d=mm&r=g","caption":"Francisco Javier Fern\u00e1ndez Chento"},"description":"Director General y cofundador de La Red de Formaci\u00f3n Vicenciana. Javier es laico vicenciano, afiliado a la Congregaci\u00f3n de la Misi\u00f3n y miembro del Equipo de Misiones Populares de la provincia can\u00f3nica de Zaragoza (Espa\u00f1a) de la Congregaci\u00f3n de la Misi\u00f3n. Graduado en la Universidad Oberta de Catalunya con cuatro grados (Asistente de direcci\u00f3n, Gesti\u00f3n Administrativa, Recursos Humanos y Contabilidad Avanzada). Bil\u00edng\u00fce Espa\u00f1ol\/Ingl\u00e9s. gestiona y mantiene varias p\u00e1ginas web cristianas y vicencianas, incluida including La Red de Formaci\u00f3n Vicenciana, de la que es cofundador. Actualmente es responsable del \u00e1rea de Espa\u00f1ol de .famvin, la Red de Noticias de la Familia Vicenciana. Tambi\u00e9n es m\u00fasico cat\u00f3lico y ha editado varios discos. Es Director General y cofundador de Trovador, una reconocida compa\u00f1\u00eda discogr\u00e1fica critiana de Espa\u00f1a. Trabaja en las Tecnolog\u00edas de la Informaci\u00f3n, ofreciendo servicios de alojamiento, dise\u00f1o y mantenimiento Web, as\u00ed como asesoramiento, formaci\u00f3n y soluciones inform\u00e1ticas, gesti\u00f3n documental y digitalizaci\u00f3n de textos, edici\u00f3n y maquetaci\u00f3n de libros, revistas, flyers, etc.","sameAs":["http:\/\/chento.org","https:\/\/www.facebook.com\/JavierChento","https:\/\/x.com\/https:\/\/twitter.com\/javierchento"],"url":"http:\/\/vincentians.com\/fr\/author\/chento\/"}]}},"jetpack_publicize_connections":[],"jetpack_featured_media_url":"","jetpack_sharing_enabled":true,"jetpack_shortlink":"https:\/\/wp.me\/p7ETMP-s7j","jetpack-related-posts":[{"id":38477,"url":"http:\/\/vincentians.com\/fr\/le-directeur-provincial-animateur-des-filles-de-la-charite\/","url_meta":{"origin":108085,"position":0},"title":"Le Directeur Provincial \u201canimateur\u201d des Filles de la Charit\u00e9","author":"Francisco Javier Fern\u00e1ndez Chento","date":"03\/10\/2012","format":false,"excerpt":"Dans les Constitutions des Filles de la Charit\u00e9, nous trouvons \u00e0 l\u2019article 3.38: le Directeur Provincial est un pr\u00eatre de la Congr\u00e9gation de la Mission, nomm\u00e9 par le Sup\u00e9rieur G\u00e9n\u00e9ral; \u201cil partage avec la Visitatrice et son Conseil la responsabilit\u00e9 de promouvoir l\u2019esprit vincentien dans la Province\u201d Missionnaire, le directeur\u2026","rel":"","context":"Dans &quot;Congr\u00e9gation de la Mission&quot;","block_context":{"text":"Congr\u00e9gation de la Mission","link":"http:\/\/vincentians.com\/fr\/category\/congregation-de-la-mission\/"},"img":{"alt_text":"","src":"https:\/\/i0.wp.com\/vincentiens.org\/wp-content\/uploads\/2011\/05\/filles_charite-228x300.jpg?resize=350%2C200","width":350,"height":200},"classes":[]},{"id":104725,"url":"http:\/\/vincentians.com\/fr\/la-vie-du-venerable-serviteur-de-dieu-vincent-de-paul-livre-premier-chapitre-viii\/","url_meta":{"origin":108085,"position":1},"title":"La vie du v\u00e9n\u00e9rable serviteur de Dieu Vincent de Paul, Livre premier, Chapitre VIII","author":"Francisco Javier Fern\u00e1ndez Chento","date":"29\/11\/2012","format":false,"excerpt":"Une confession g\u00e9n\u00e9rale qu'il fit faire \u00e0 un paysan donna lieu \u00e0 sa premi\u00e8re Mission, et le succ\u00e8s de cette Mission lui en fit entreprendre d'autres. Madame la G\u00e9n\u00e9rale des gal\u00e8res ressentait une joie et une consolation indicible d'avoir en sa maison M. Vincent, qu'elle regardait comme un second ange\u2026","rel":"","context":"Dans &quot;Vincent de Paul&quot;","block_context":{"text":"Vincent de Paul","link":"http:\/\/vincentians.com\/fr\/category\/the-vincentian-family\/founders\/vincent-de-paul\/"},"img":{"alt_text":"","src":"https:\/\/i0.wp.com\/vincentians.com\/fr\/wp-content\/uploads\/sites\/10\/2016\/07\/abelly-feat.jpg?fit=1200%2C630&resize=350%2C200","width":350,"height":200,"srcset":"https:\/\/i0.wp.com\/vincentians.com\/fr\/wp-content\/uploads\/sites\/10\/2016\/07\/abelly-feat.jpg?fit=1200%2C630&resize=350%2C200 1x, https:\/\/i0.wp.com\/vincentians.com\/fr\/wp-content\/uploads\/sites\/10\/2016\/07\/abelly-feat.jpg?fit=1200%2C630&resize=525%2C300 1.5x, https:\/\/i0.wp.com\/vincentians.com\/fr\/wp-content\/uploads\/sites\/10\/2016\/07\/abelly-feat.jpg?fit=1200%2C630&resize=700%2C400 2x, https:\/\/i0.wp.com\/vincentians.com\/fr\/wp-content\/uploads\/sites\/10\/2016\/07\/abelly-feat.jpg?fit=1200%2C630&resize=1050%2C600 3x"},"classes":[]},{"id":107459,"url":"http:\/\/vincentians.com\/fr\/histoire-dun-regard-sur-le-pauvre-2\/","url_meta":{"origin":108085,"position":2},"title":"Histoire d&rsquo;un regard sur le pauvre (2)","author":"Francisco Javier Fern\u00e1ndez Chento","date":"26\/12\/2013","format":false,"excerpt":"2. Un regard qui se centre, un regard qui se fixe (1617) En janvier 1617, M. Vincent est donc pr\u00e9cepteur dans la famille des de Gondi. Il peut estimer avoir atteint cette situation enviable \u00e0 laquelle il aspire depuis des ann\u00e9es. Mais il conna\u00eet alors une grave crise spirituelle et\u2026","rel":"","context":"Dans &quot;Au temps de Vincent de Paul&quot;","block_context":{"text":"Au temps de Vincent de Paul","link":"http:\/\/vincentians.com\/fr\/category\/au-temps-de-vincent-de-paul\/"},"img":{"alt_text":"Un_infini_regard_","src":"https:\/\/i0.wp.com\/vincentiens.org\/wp-content\/uploads\/2013\/12\/Un_infini_regard_-225x300.jpg?resize=350%2C200","width":350,"height":200},"classes":[]},{"id":52031,"url":"http:\/\/vincentians.com\/fr\/saint-vincent-de-paul-et-sa-mission-sociale-i-la-vocation-3\/","url_meta":{"origin":108085,"position":3},"title":"Saint Vincent De Paul Et Sa Mission Sociale. I &#8211; La vocation (3)","author":"Francisco Javier Fern\u00e1ndez Chento","date":"20\/12\/2014","format":false,"excerpt":"L\u2019APOSTOLAT DE LA CHARIT\u00c9. Les pr\u00e9mices du dix-septi\u00e8me si\u00e8cle. \u2014 Vincent de Paul et le P. de B\u00e9rulle. \u2014 Vincent est nomm\u00e9 cur\u00e9 de Clichy. \u2014 Ses premiers travaux. \u2014 Son entr\u00e9e dans la maison de Gondi. - Les pauvres gens des campagnes. \u2014 Premi\u00e8re mission \u00e0 Folleville. \u2014 Vincent\u2026","rel":"","context":"Dans &quot;Vincent de Paul&quot;","block_context":{"text":"Vincent de Paul","link":"http:\/\/vincentians.com\/fr\/category\/the-vincentian-family\/founders\/vincent-de-paul\/"},"img":{"alt_text":"","src":"https:\/\/i0.wp.com\/vincentians.com\/fr\/wp-content\/uploads\/sites\/10\/2016\/07\/vincent-et-sa-action-sociale.jpg?fit=1160%2C630&resize=350%2C200","width":350,"height":200,"srcset":"https:\/\/i0.wp.com\/vincentians.com\/fr\/wp-content\/uploads\/sites\/10\/2016\/07\/vincent-et-sa-action-sociale.jpg?fit=1160%2C630&resize=350%2C200 1x, https:\/\/i0.wp.com\/vincentians.com\/fr\/wp-content\/uploads\/sites\/10\/2016\/07\/vincent-et-sa-action-sociale.jpg?fit=1160%2C630&resize=525%2C300 1.5x, https:\/\/i0.wp.com\/vincentians.com\/fr\/wp-content\/uploads\/sites\/10\/2016\/07\/vincent-et-sa-action-sociale.jpg?fit=1160%2C630&resize=700%2C400 2x, https:\/\/i0.wp.com\/vincentians.com\/fr\/wp-content\/uploads\/sites\/10\/2016\/07\/vincent-et-sa-action-sociale.jpg?fit=1160%2C630&resize=1050%2C600 3x"},"classes":[]},{"id":45335,"url":"http:\/\/vincentians.com\/fr\/saint-vincent-et-les-missions\/","url_meta":{"origin":108085,"position":4},"title":"Saint Vincent et les Missions","author":"Francisco Javier Fern\u00e1ndez Chento","date":"14\/12\/2014","format":false,"excerpt":"Introduction A.- Lorsque nous essayons d'\u00e9tudier le travail missionnaire de Vincent de Paul et de ses premiers compagnons, nous trouvons une v\u00e9ritable mystique de la Mission; alors que nous d\u00e9sirerions que le Saint nous ait donn\u00e9 aussi une doctrine th\u00e9ologique sur ce qui constitue l'objectif de sa vie, sur ce\u2026","rel":"","context":"Dans &quot;Vincent de Paul&quot;","block_context":{"text":"Vincent de Paul","link":"http:\/\/vincentians.com\/fr\/category\/the-vincentian-family\/founders\/vincent-de-paul\/"},"img":{"alt_text":"Vincent de Paul portrait","src":"https:\/\/i0.wp.com\/vincentiens.org\/wp-content\/uploads\/2014\/12\/Vincent-de-Paul-portrait-300x300.jpg?resize=350%2C200","width":350,"height":200},"classes":[]},{"id":104791,"url":"http:\/\/vincentians.com\/fr\/saint-vincent-de-paul\/","url_meta":{"origin":108085,"position":5},"title":"Saint Vincent de Paul","author":"Francisco Javier Fern\u00e1ndez Chento","date":"24\/11\/2012","format":false,"excerpt":"Le Berceau, c'est la maison dans laquelle naquit Vincent de Paul le 24 avril1581. C'est une simple ferme landaise situ\u00e9e dans le village de Pouy (qui a pris le nom de Saint Vincent de Paul) \u00e0 5 km de Dax. Il est le troisi\u00e8me enfant des Depaul, m\u00e9tayers du village.\u2026","rel":"","context":"Dans &quot;Vincent de Paul&quot;","block_context":{"text":"Vincent de Paul","link":"http:\/\/vincentians.com\/fr\/category\/the-vincentian-family\/founders\/vincent-de-paul\/"},"img":{"alt_text":"","src":"https:\/\/i0.wp.com\/vincentiens.org\/wp-content\/uploads\/2012\/12\/sanvicentemosaico-213x300.jpg?resize=350%2C200","width":350,"height":200},"classes":[]}],"_links":{"self":[{"href":"http:\/\/vincentians.com\/fr\/wp-json\/wp\/v2\/posts\/108085","targetHints":{"allow":["GET"]}}],"collection":[{"href":"http:\/\/vincentians.com\/fr\/wp-json\/wp\/v2\/posts"}],"about":[{"href":"http:\/\/vincentians.com\/fr\/wp-json\/wp\/v2\/types\/post"}],"author":[{"embeddable":true,"href":"http:\/\/vincentians.com\/fr\/wp-json\/wp\/v2\/users\/4"}],"replies":[{"embeddable":true,"href":"http:\/\/vincentians.com\/fr\/wp-json\/wp\/v2\/comments?post=108085"}],"version-history":[{"count":0,"href":"http:\/\/vincentians.com\/fr\/wp-json\/wp\/v2\/posts\/108085\/revisions"}],"wp:featuredmedia":[{"embeddable":true,"href":"http:\/\/vincentians.com\/fr\/wp-json\/"}],"wp:attachment":[{"href":"http:\/\/vincentians.com\/fr\/wp-json\/wp\/v2\/media?parent=108085"}],"wp:term":[{"taxonomy":"category","embeddable":true,"href":"http:\/\/vincentians.com\/fr\/wp-json\/wp\/v2\/categories?post=108085"},{"taxonomy":"post_tag","embeddable":true,"href":"http:\/\/vincentians.com\/fr\/wp-json\/wp\/v2\/tags?post=108085"}],"curies":[{"name":"wp","href":"https:\/\/api.w.org\/{rel}","templated":true}]}}