{"id":108084,"date":"2014-02-04T06:53:56","date_gmt":"2014-02-04T05:53:56","guid":{"rendered":"http:\/\/vincentiens.org\/?p=108084"},"modified":"2014-02-04T06:53:56","modified_gmt":"2014-02-04T05:53:56","slug":"la-vie-de-saint-vincent-de-paul-instituteur-de-la-congregation-de-la-mission-et-des-filles-de-la-charite-008","status":"publish","type":"post","link":"http:\/\/vincentians.com\/fr\/la-vie-de-saint-vincent-de-paul-instituteur-de-la-congregation-de-la-mission-et-des-filles-de-la-charite-008\/","title":{"rendered":"La vie de Saint Vincent de Paul, instituteur de la Congr\u00e9gation de la Mission et des Filles de la Charit\u00e9 (008)"},"content":{"rendered":"<h2>Livre premier<\/h2>\n<h3>8. Il en sort pour entrer dans la Maison de Gondi ; sa conduite dans cette Maison ; il emp\u00eache M. de Gondi de se battre en duel. Estime universelle qu\u2019on fait de lui.<\/h3>\n<p><a href=\"https:\/\/i0.wp.com\/vincentiens.org\/wp-content\/uploads\/2014\/01\/collet.jpg\"><img data-recalc-dims=\"1\" loading=\"lazy\" decoding=\"async\" class=\"alignright\" alt=\"collet\" src=\"https:\/\/i0.wp.com\/vincentiens.org\/wp-content\/uploads\/2014\/01\/collet-248x300.jpg?resize=248%2C300\" width=\"248\" height=\"300\" \/><\/a>Quoique la pi\u00e9t\u00e9 f\u00fbt assez rare \u00e0 la Cour pendant la minorit\u00e9 de Louis XIII, il s&rsquo;y trouvait cependant des personnes, qui, par la r\u00e9gularit\u00e9 de leur conduite, eussent pu servir de r\u00e8gle et de mod\u00e8le dans des temps plus heureux. On peut mettre de ce nombre Philippe-Emmanuel de Gondi ; Comte de Joigni, G\u00e9n\u00e9ral des Gal\u00e8res de France, et Commandeur des Ordres du Roi, issu de l&rsquo;ancienne maison des Philippi, fameuse d\u00e8s le temps de Charlemagne. Ce Seigneur avait \u00e9pous\u00e9 Fran\u00e7oise-Marguerite de Silly, Demoiselle de Commercy, fille a\u00een\u00e9e du Comte de Rochepot Gouverneur d&rsquo;Anjou. C&rsquo;\u00e9tait une des femmes les plus accomplies de son si\u00e8cle : mais sa plus grande gloire venait, comme celle de la fille du Roi, de la beaut\u00e9 de son \u00e2me. Pieuse, compatissante, g\u00e9n\u00e9reuse, attentive au vrai bien de sa famille, elle ne s&rsquo;occupait que du d\u00e9sir d&rsquo;honorer Dieu, et de le faire honorer par tous ceux du soin desquels elle se trouvait charg\u00e9e. Comme rien ne doit plus int\u00e9resser une m\u00e8re vraiment chr\u00e9tienne, que l&rsquo;\u00e9ducation de ses enfants ; Madame de Gondi s&rsquo;en fit un point capital ; et parce qu&rsquo;elle souhaitait bien plus, faire de ceux que Dieu lui avait donn\u00e9, et qu&rsquo;il pouvait encore lui donner dans la suite, des saints dans le ciel, que des grands Seigneurs sur la terre ; d\u00e8s qu&rsquo;ils furent en \u00e9tat d&rsquo;\u00eatre mis sous la conduite d&rsquo;un pr\u00e9cepteur, elle travailla de concert avec son \u00e9poux, \u00e0 leur procurer le plus saint et le plus vertueux qu&rsquo;il fut possible de trouver. Pour ne se tromper pas dans un choix si important, ils s&rsquo;adress\u00e8rent l&rsquo;un et l&rsquo;autre au R.P. de B\u00e9rulle ; et ils le pri\u00e8rent de leur donner quelque saint pr\u00eatre de sa Congr\u00e9gation, qui p\u00fbt former \u00e0 la pi\u00e9t\u00e9 et \u00e0 la science, trois (x) de leurs enfants, qui avaient, plus que personne, besoin de l&rsquo;une et de l&rsquo;autre, parce qu&rsquo;ils \u00e9taient destin\u00e9s par leur naissance \u00e0 poss\u00e9der les premi\u00e8res dignit\u00e9s de l&rsquo;Etat et de l&rsquo;Eglise. Ils les poss\u00e9d\u00e8rent en effet. L&rsquo;a\u00een\u00e9 fut Duc de Rets, Pair de France, et g\u00e9n\u00e9ral des gal\u00e8res par la d\u00e9mission de son p\u00e8re. Le second (y) fut comme son oncle, et apr\u00e8s lui, Archev\u00eaque de Paris, cardinal de la Sainte Eglise ; et ne fit que trop conna\u00eetre la f\u00e9condit\u00e9 et l&rsquo;ardeur de son esprit dans les troubles de Paris, o\u00f9 sous le nom du coadjuteur, il figura beaucoup plus qu&rsquo;il n&rsquo;e\u00fbt fallu pour l&rsquo;Etat et pour lui. A l&rsquo;\u00e9gard du troisi\u00e8me, on ne le connut qu&rsquo;autant qu&rsquo;il \u00e9tait n\u00e9cessaire, pour le regretter beaucoup. Il promettait infiniment par les belles qualit\u00e9s de corps et d&rsquo;esprit, dont il \u00e9tait orn\u00e9. Mais il fut dans un \u00e2ge encore tendre, moissonn\u00e9 par ce jugement de mis\u00e9ricorde, dont parle l&rsquo;\u00e9criture. A peine avait-il dix ou onze ans, que Dieu l&rsquo;enleva \u00e0 la corruption du si\u00e8cle, pour lui donner dans le Ciel un partage plus avantageux que celui qu&rsquo;il e\u00fbt trouv\u00e9 sur la terre.<\/p>\n<p>M. de B\u00e9rulle, au lieu de donner un pr\u00eatre de sa Congr\u00e9gation, comme on le lui demandait, jeta les yeux sur Vincent de Paul, et le d\u00e9termina, au moins par mani\u00e8re d&rsquo;essai, dans la maison de Gondi. Le choix qu&rsquo;il fit de notre saint dans cette occasion, est bien une preuve de la haute id\u00e9e qu&rsquo;il avait de son esprit et de sa vertu ; mais il est assez surprenant qu&rsquo;un homme si z\u00e9l\u00e9 pour le salut des \u00e2mes, et qui assur\u00e9ment n&rsquo;estimait pas moins celle d&rsquo;un paysan, que celle d&rsquo;un homme de condition, enlev\u00e2t \u00e0 une paroisse enti\u00e8re un Cur\u00e9 qui y faisait des prodiges, pour le mettre dans une maison, o\u00f9 son z\u00e8le devait naturellement \u00eatre resserr\u00e9. C&rsquo;est une nouvelle \u00e9preuve de la n\u00e9cessit\u00e9 de suspendre son jugement par rapport \u00e0 la conduite des saints ; et de reconna\u00eetre qu&rsquo;ils voient souvent d&rsquo;une mani\u00e8re plus ou moins confuse, ce que les \u00e2mes ordinaires ne voient que dans les temps m\u00eame de l&rsquo;\u00e9v\u00e9nement. Vincent, en restant \u00e0 Clichy, se fut n\u00e9cessairement born\u00e9 au salut de son peuple : en entrant dans la maison de Gondi, il s&rsquo;est vu \u00e0 port\u00e9e de travailler au salut d&rsquo;un monde entier, et de faire plus pour la gloire de Dieu, dans le cours d&rsquo;une seule ann\u00e9e, qu&rsquo;il n&rsquo;e\u00fbt pu faire pendant un si\u00e8cle, quand il e\u00fbt \u00e9t\u00e9 charg\u00e9 du plus grand dioc\u00e8se du Royaume.<\/p>\n<p>Ce fut, autant que nous pouvons le conjecturer, vers la fin de l&rsquo;ann\u00e9e 1613 que notre saint pr\u00eatre commen\u00e7a \u00e0 travailler \u00e0 l&rsquo;\u00e9ducation de Messieurs de Gondi. La conduite qu&rsquo;il garda dans ce nouvel emploi, peut servir de r\u00e8gle \u00e0 ceux que Dieu appelle au m\u00eame genre de travail ; car il semble que Dieu n&rsquo;ait fait passer Vincent de Paul par tant de conditions diff\u00e9rentes, qu&rsquo;afin d&rsquo;apprendre \u00e0 un plus grand nombre de personnes, qui ont les m\u00eames engagements, la mani\u00e8re dont ils s&rsquo;y peuvent sanctifier.<\/p>\n<p>Il se proposa d&rsquo;abord d&rsquo;honorer J.C. en la personne de M. de Gondi, la sainte Vierge en celle de son illustre \u00e9pouse, et les Disciples du Sauveur en celle des Officiers et des domestiques inf\u00e9rieurs. Cette mani\u00e8re d&rsquo;agir, qui para\u00eet la simplicit\u00e9 m\u00eame, renferme cependant une pratique exacte et continuelle des premiers devoirs du christianisme : et c&rsquo;est elle que l&rsquo;Ecriture nous prescrit, quand elle veut que nous ob\u00e9issions aux puissances comme \u00e0 Dieu, et que nous honorions les pauvres comme les membres de J.C. Vincent avouait de bonne foi, qu&rsquo;elle lui avait beaucoup servi, et qu&rsquo;en envisageant Dieu m\u00eame sous diff\u00e9rents rapports, dans toutes les personnes avec lesquelles il avait \u00e0 traiter, il s&rsquo;\u00e9tait efforc\u00e9 de r\u00e9gler ses d\u00e9marches devant les hommes, comme il les e\u00fbt r\u00e9gl\u00e9es devant le Fils de Dieu, s&rsquo;il avait e\u00fbt le bonheur de converser avec lui pendant les jours de sa vie mortelle. Il conseillait la m\u00eame pratique \u00e0 ceux qui se trouvaient dans une condition semblable \u00e0 la sienne : il la proposa surtout plusieurs ann\u00e9es apr\u00e8s \u00e0 un jeune Avocat de Paris tr\u00e8s pieux et tr\u00e8s sage, qu&rsquo;il avait d\u00e9termin\u00e9 \u00e0 entrer dans la maison de Rets, pour en avoir l&rsquo;intendance. Ce jeune homme l&rsquo;ayant pri\u00e9 de lui dire, comment il pourrait garder l&rsquo;esprit de d\u00e9votion et de recueillement au milieu des distractions, qui sont in\u00e9vitables dans une multitude d&rsquo;affaires, de la nature de celles dont il allait \u00eatre accabl\u00e9 ; le saint lui d\u00e9couvrit la mani\u00e8re dont il s&rsquo;\u00e9tait conduit dans la m\u00eame famille, pendant environ douze ans qu&rsquo;il y avait pass\u00e9s. Il l&rsquo;exhorta \u00e0 la mettre en pratique ; et l&rsquo;assura qu&rsquo;elle ne pourrait que lui \u00eatre tr\u00e8s avantageuse. C&rsquo;est par elle en effet que notre saint, constamment uni au Sauveur qu&rsquo;il d\u00e9couvrait jusques dans les plus petits ouvrages, non seulement ne s&rsquo;\u00e9carta pas des sentiers de la vertu ; mais y marcha avec une nouvelle ferveur, et y fit marcher les autres.<\/p>\n<p>Quoiqu&rsquo;une maison comme celle du G\u00e9n\u00e9ral des gal\u00e8res, o\u00f9 il se trouvait un monde infini, f\u00fbt n\u00e9cessairement tumultueuse, Vincent y vivait en partie, comme il e\u00fbt v\u00e9cu dans les d\u00e9serts de la Th\u00e9ba\u00efde. Il passait dans une grande solitude tout le temps qu&rsquo;il n&rsquo;\u00e9tait pas oblig\u00e9 de donner \u00e0 ses \u00e9l\u00e8ves. Il ne paraissait devant leurs parents, que lorsqu&rsquo;il y \u00e9tait appel\u00e9. Il avait grand soin de ne se m\u00ealer que de ce qui regardait son emploi. Il avait pour maxime, qu&rsquo;on n&rsquo;est pas longtemps ferme contre les dangers, dont les maisons des Grands sont remplies, quand on ne se pr\u00e9pare pas par le silence et le recueillement, \u00e0 y r\u00e9sister. Cependant, d\u00e8s qu&rsquo;il se pr\u00e9sentait occasion de rendre service au prochain, il trouvait autant de plaisir \u00e0 quitter sa retraite, qu&rsquo;il en prenait \u00e0 s&rsquo;y enfermer, lorsque rien ne l&rsquo;obligeait d&rsquo;en sortir. Ainsi il \u00e9tait attentif \u00e0 bannir les dissensions, et \u00e0 entretenir la paix et la concorde parmi les domestiques. Il les visitait dans leurs chambres, lorsqu&rsquo;ils \u00e9taient malades ; et apr\u00e8s les avoir consol\u00e9s, il leur rendait les services les plus bas. Quelques jours avant les F\u00eates solennelles, il les assemblait tous ; il les instruisait de la grandeur du Myst\u00e8re, dont l&rsquo;Eglise devait s&rsquo;occuper ; il les disposait \u00e0 la r\u00e9ception des sacrements, et il leur apprenait \u00e0 sanctifier ces jours pr\u00e9cieux, qui par un malheur qu&rsquo;on ne peut trop d\u00e9plorer, sont pour la plupart des Ma\u00eetres et des serviteurs, des jours ou de libertinage, ou au moins d&rsquo;oisivet\u00e9. Il gardait la m\u00eame m\u00e9thode \u00e0 la campagne ; mais il y donnait plus d&rsquo;\u00e9tendue \u00e0 son z\u00e8le. Il regardait comme appartenant \u00e0 la maison de Gondi, cette nombreuse multitude de peuple, qui en faisait valoir les biens. C&rsquo;est pourquoi, lorsque le G\u00e9n\u00e9ral des Gal\u00e8res le menait avec sa famille \u00e0 Joigni, \u00e0 Montmirel, \u00e0 Villepreux, et autres terres semblables, tout son plaisir \u00e9tait d&#8217;employer le temps qui lui restait libre, \u00e0 l&rsquo;instruction de ces pauvres gens, qui d&rsquo;ordinaire en avaient grand besoin. Il faisait, avec l&rsquo;approbation des \u00e9v\u00eaques et l&rsquo;agr\u00e9ment des cur\u00e9s, des pr\u00e9dications et des cat\u00e9chismes. Il administrait les sacrements, et surtout celui de la p\u00e9nitence ; en un mot, il faisait pour eux tout ce que le pasteur le plus tendre, le plus actif, le plus vigilant peut faire pour son troupeau.<\/p>\n<p>On peut ais\u00e9ment juger qu&rsquo;un homme si z\u00e9l\u00e9 pour le salut de tout ce qui appartenait \u00e0 la maison de Gondi, ne n\u00e9gligeait pas ceux qui en \u00e9taient les Chefs. Il ne laissait passer aucune occasion d&rsquo;entretenir et d&rsquo;animer les grandes dispositions qu&rsquo;ils avaient \u00e0 la vertu. Son respect pour eux n&rsquo;\u00e9tait point m\u00eal\u00e9 de cette complaisance basse et timide, qui fait approuver ou dissimuler le mal, qu&rsquo;une fermet\u00e9 pleine de douceur, et temp\u00e9r\u00e9e par des justes m\u00e9nagements pourrait arr\u00eater. En voici un exemple bien glorieux pour Vincent et pour M. de Gondi. Celui-ci re\u00e7ut, ou crut avoir re\u00e7u un insigne affront d&rsquo;un Seigneur de la Cour. Sa vertu et sa d\u00e9licatesse de conscience se bris\u00e8rent contre cet \u00e9cueil si funeste \u00e0 tant d&rsquo;autres. La gloire de sa maison, le courage invincible du Mar\u00e9chal de Rets son p\u00e8re le haut rang qu&rsquo;il tenait lui-m\u00eame dans le Royaume ; tous ces motifs se pr\u00e9sent\u00e8rent \u00e0 son imagination et le d\u00e9termin\u00e8rent \u00e0 laver dans le sang de son ennemi, l&rsquo;outrage qu&rsquo;il pr\u00e9tendait en avoir re\u00e7u. Les duels, quoique d\u00e9fendus r\u00e9cemment encore par Henri IV sous peine de crime de l\u00e8se-majest\u00e9, \u00e9taient alors si communs, qu&rsquo;\u00e0 peine s&rsquo;en faisait-on du scrupule. On serait m\u00eame tent\u00e9 de croire que quelques personnes les regardaient comme un acte de vertu. Commun\u00e9ment on allait \u00e0 l&rsquo;Eglise avant de s&rsquo;y engager ; et on recommandait s\u00e9rieusement \u00e0 Dieu une affaire, dont le seul projet est un crime abominable \u00e0 ses yeux. M. de Gondi suivit la m\u00e9thode ordinaire ; il entendit la Messe avec toute la d\u00e9votion d&rsquo;un homme, qui \u00e9tait r\u00e9solu de s&rsquo;aller battre un moment apr\u00e8s. Il resta m\u00eame en pri\u00e8re dans la Chapelle plus longtemps qu&rsquo;\u00e0 l&rsquo;ordinaire. Il y a bien de l&rsquo;apparence, que Vincent qui \u00e9tait instruit de son dessein, avait conjur\u00e9 Dieu pendant la c\u00e9l\u00e9bration des saints myst\u00e8res, de lui fournir cette occasion de l&rsquo;en d\u00e9tourner. Il ne la manqua pas : d\u00e8s que tout le monde se fut retir\u00e9, il s&rsquo;approcha de M. de Gondi ; et se jetant \u00e0 ses pieds : souffrez, monsieur, lui dit-il, sans lui donner le loisir de respirer ; souffrez que je vous dise un mot en toute humilit\u00e9. Je sais de bonne part que vous avez dessein de vous aller battre en duel. Mais je vous d\u00e9clare de la part de mon Sauveur, que je viens de vous montrer, et que vous venez d&rsquo;adorer, que si vous ne quittez pas ce mauvais dessein, il exercera sa justice sur vous et sur toute votre post\u00e9rit\u00e9. Apr\u00e8s ce peu de paroles \u00e9galement vives et tendres, Vincent se retira comme un homme accabl\u00e9 tout \u00e0 la fois de tristesse et d&rsquo;horreur ; bien r\u00e9solu, sans doute, de faire quelque chose de plus, si ce qu&rsquo;il venait de faire, ne suffisait pas. Mais il n&rsquo;en fallut pas davantage. La conscience parla, ses remords se m\u00eal\u00e8rent aux paroles de Vincent. M. de Gondi reconnut le pi\u00e8ge du tentateur ; il prit le bon parti, et il laissa la vengeance \u00e0 celui qui s&rsquo;est r\u00e9serv\u00e9 le droit de la faire.<\/p>\n<p>Cette action, que M. de Gondi a r\u00e9p\u00e9t\u00e9 plusieurs fois, fit beaucoup d&rsquo;honneur \u00e0 notre saint ; mais la totalit\u00e9 de sa conduite ne lui en faisait pas moins. Sa r\u00e9gularit\u00e9, sa modestie, son application \u00e0 joindre la prudence du serpent \u00e0 la simplicit\u00e9 de la colombe, son adresse \u00e0 bannir m\u00eame de la table, les discours inutiles, et \u00e0 leur en substituer sans g\u00eane et sans affectation, de plus saints et de plus \u00e9difiants ; en un mot, ses vertus lui gagn\u00e8rent le c\u0153ur et l&rsquo;affection de tous ceux avec qui il vivait. Il n&rsquo;y avait qu&rsquo;une voix sur son compte, non seulement dans la maison, mais m\u00eame dans toute la famille ; et jamais Aum\u00f4nier de grand Seigneur n&rsquo;a \u00e9t\u00e9 plus universellement respect\u00e9.<\/p>\n<p>Madame de Gondi connut mieux que personne ce que valait Vincent de Paul et il n&rsquo;y avait peut-\u00eatre pas un an qu&rsquo;il \u00e9tait dans sa maison, lorsqu&rsquo;elle r\u00e9solut de le prendre pour son directeur. Elle pensa sagement qu&rsquo;un homme qui faisait tant de bien partout, pourrait lui \u00eatre fort utile ; mais elle ne crut pas devoir lui en faire la proposition directement, parce que la connaissance qu&rsquo;elle avait d\u00e9j\u00e0 de sa profonde humilit\u00e9, lui fit juger qu&rsquo;il trouverait mille exp\u00e9dients pour ne l&rsquo;accepter pas. Elle s&rsquo;adressa donc \u00e0 M. de B\u00e9rulle, et le pria instamment d&rsquo;obliger ce sage et vertueux pr\u00eatre qui \u00e9tait son p\u00e9nitent, de se charger du soin de sa conscience. Elle ne pouvait prendre de moyen plus s\u00fbr et plus efficace : jamais enfant ne fut plus soumis \u00e0 son p\u00e8re que notre saint l&rsquo;\u00e9tait \u00e0 ce pieux directeur : il \u00e9tait son oracle ; d\u00e8s qu&rsquo;il avait parl\u00e9, toutes les difficult\u00e9s s&rsquo;\u00e9vanouissaient et Vincent ne savait plus qu&rsquo;ob\u00e9ir. Sa d\u00e9cision fut dans cette occasion, comme en toute autre, regard\u00e9e comme l&rsquo;expression de la volont\u00e9 de Dieu et, quoiqu&rsquo;un choix si glorieux f\u00eet beaucoup souffrir notre saint pr\u00eatre, il ne r\u00e9sista plus, quand on lui eut d\u00e9fendu de r\u00e9sister.<\/p>\n<p>Quelque vertueuse que f\u00fbt la G\u00e9n\u00e9rale des gal\u00e8res quand elle se mit sous la conduite de Vincent de Paul, on vit bient\u00f4t ce que peut, en mati\u00e8re de direction, un homme rempli de l&rsquo;Esprit de Dieu et br\u00fbl\u00e9 de l&rsquo;amour de sa gloire. Madame de Gondi se porta avec une nouvelle ardeur \u00e0 la pratique des plus sublimes vertus. Elle faisait de grandes aum\u00f4nes pour soulager les pauvres, et particuli\u00e8rement ceux de ses terres. Elle visitait exactement les malades, et elle se faisait un plaisir et un honneur de les servir, comme s&rsquo;ils eussent \u00e9t\u00e9 ses ma\u00eetres. Elle donnait aux officiers de ses domaines des ordres si pr\u00e9cis, pour rendre une bonne et prompte justice, qu&rsquo;on ne les voyait jamais accabler par des d\u00e9lais sans fin, des parties incapables de les soutenir. Elle ne mettait en place que des personnes d&rsquo;une probit\u00e9 reconnue et dont la droiture ne p\u00fbt \u00eatre entam\u00e9e par les pr\u00e9sents ou le respect humain. Elle t\u00e2chait, autant qu&rsquo;il lui \u00e9tait possible, de terminer \u00e0 l&rsquo;amiable les proc\u00e8s et les diff\u00e9rends, qui naissaient parmi les vassaux. Elle pr\u00e9venait leurs dissensions, ou au moins elle les apaisait, quand elle n&rsquo;avait pu les pr\u00e9venir. Z\u00e9l\u00e9e protectrice des orphelins et des veuves, elle emp\u00eachait avec soin qu&rsquo;on ne les opprim\u00e2t. Enfin elle n&rsquo;\u00e9pargnait ni peine ni d\u00e9pense, pour faire que Dieu f\u00fbt servi et honor\u00e9 dans tous les lieux qui d\u00e9pendaient d&rsquo;elle. M. de Gondi entrait en tous ses desseins ; et quoiqu&rsquo;il e\u00fbt souhait\u00e9 que son \u00e9pouse se m\u00e9nage\u00e2t davantage, il \u00e9tait toujours dispos\u00e9 \u00e0 concourir \u00e0 ses saintes entreprises. Mais comme son rang et ses emplois l&rsquo;appelaient tant\u00f4t \u00e0 la cour, tant\u00f4t aux extr\u00e9mit\u00e9s du royaume, Vincent le rempla\u00e7ait dans une infinit\u00e9 de bonnes \u0153uvres. Il \u00e9tait l&rsquo;\u00e2me et le conseil de toutes les actions de madame de Gondi. Il travaillait de son c\u00f4t\u00e9, pendant qu&rsquo;elle \u00e9tait occup\u00e9e du sien ; et il volait au secours du prochain, d\u00e8s qu&rsquo;il se pr\u00e9sentait quelque occasion de lui rendre service. On e\u00fbt dit qu&rsquo;il avait le talent de se multiplier, tant il se trouvait \u00e0 propos dans tous les endroits o\u00f9 sa pr\u00e9sence \u00e9tait n\u00e9cessaire.<\/p>\n<p>La nature succomba enfin, la continuit\u00e9 du travail l&rsquo;\u00e9puisa. Le saint fut attaqu\u00e9 d&rsquo;une maladie consid\u00e9rable et on peut la regarder comme l&rsquo;\u00e9poque de la faiblesse et des douleurs qu&rsquo;il a ressenties dans les jambes pendant 45 ans, c&rsquo;est \u00e0 dire jusqu&rsquo;au dernier moment de sa vie. Je sais qu&rsquo;on attribue ces cruelles douleurs, ou aux cha\u00eenes dont il fut charg\u00e9 \u00e0 Tunis, ou m\u00eame \u00e0 celles qu&rsquo;on pr\u00e9tend que sa charit\u00e9 lui fit porter \u00e0 Marseille, comme nous le dirons plus bas ; mais personne ne doute qu&rsquo;un m\u00eame mal ne puisse na\u00eetre de plusieurs principes diff\u00e9rents. Tout se retrouve \u00e0 la fin et les fatigues continuelles d&rsquo;un homme qui ne se m\u00e9nage pas, rouvrent souvent des traces qui paraissaient enti\u00e8rement effac\u00e9es. Quoiqu&rsquo;il en soit, Vincent fut rendu aux v\u0153ux de la maison de Gondi, et son temp\u00e9rament assez robuste le tira d&rsquo;affaire. Il reprit son train ordinaire, et il crut que Dieu ne lui avait rendu la sant\u00e9 que pour la sacrifier sans r\u00e9serve au salut de tous ceux qui pouvaient en avoir besoin.<\/p>\n","protected":false},"excerpt":{"rendered":"<p>Livre premier 8. Il en sort pour entrer dans la Maison de Gondi ; sa conduite dans cette Maison ; il emp\u00eache M. de Gondi de se battre en duel. Estime universelle qu\u2019on fait de &#8230; <a href=\"http:\/\/vincentians.com\/fr\/la-vie-de-saint-vincent-de-paul-instituteur-de-la-congregation-de-la-mission-et-des-filles-de-la-charite-008\/\" class=\"more-link\">Read More<\/a><\/p>\n","protected":false},"author":4,"featured_media":107739,"comment_status":"open","ping_status":"open","sticky":false,"template":"","format":"standard","meta":{"jetpack_post_was_ever_published":false,"_jetpack_newsletter_access":"","_jetpack_dont_email_post_to_subs":false,"_jetpack_newsletter_tier_id":0,"_jetpack_memberships_contains_paywalled_content":false,"_jetpack_memberships_contains_paid_content":false,"footnotes":"","jetpack_publicize_message":"","jetpack_publicize_feature_enabled":true,"jetpack_social_post_already_shared":true,"jetpack_social_options":{"image_generator_settings":{"template":"highway","default_image_id":0,"font":"","enabled":false},"version":2}},"categories":[5],"tags":[],"class_list":["post-108084","post","type-post","status-publish","format-standard","has-post-thumbnail","hentry","category-vincent-de-paul"],"yoast_head":"<!-- This site is optimized with the Yoast SEO plugin v26.3 - https:\/\/yoast.com\/wordpress\/plugins\/seo\/ -->\n<title>La vie de Saint Vincent de Paul, instituteur de la Congr\u00e9gation de la Mission et des Filles de la Charit\u00e9 (008) - Nous Sommes Vincentiens<\/title>\n<meta name=\"robots\" content=\"index, follow, max-snippet:-1, max-image-preview:large, max-video-preview:-1\" \/>\n<link rel=\"canonical\" href=\"https:\/\/vincentians.com\/fr\/la-vie-de-saint-vincent-de-paul-instituteur-de-la-congregation-de-la-mission-et-des-filles-de-la-charite-008\/\" \/>\n<meta property=\"og:locale\" content=\"fr_FR\" \/>\n<meta property=\"og:type\" content=\"article\" \/>\n<meta property=\"og:title\" content=\"La vie de Saint Vincent de Paul, instituteur de la Congr\u00e9gation de la Mission et des Filles de la Charit\u00e9 (008) - Nous Sommes Vincentiens\" \/>\n<meta property=\"og:description\" content=\"Livre premier 8. Il en sort pour entrer dans la Maison de Gondi ; sa conduite dans cette Maison ; il emp\u00eache M. de Gondi de se battre en duel. Estime universelle qu\u2019on fait de ... Read More\" \/>\n<meta property=\"og:url\" content=\"https:\/\/vincentians.com\/fr\/la-vie-de-saint-vincent-de-paul-instituteur-de-la-congregation-de-la-mission-et-des-filles-de-la-charite-008\/\" \/>\n<meta property=\"og:site_name\" content=\"Nous Sommes Vincentiens\" \/>\n<meta property=\"article:publisher\" content=\"https:\/\/www.facebook.com\/WeAreVincentians\/\" \/>\n<meta property=\"article:author\" content=\"https:\/\/www.facebook.com\/JavierChento\" \/>\n<meta property=\"article:published_time\" content=\"2014-02-04T05:53:56+00:00\" \/>\n<meta name=\"author\" content=\"Francisco Javier Fern\u00e1ndez Chento\" \/>\n<meta name=\"twitter:card\" content=\"summary_large_image\" \/>\n<meta name=\"twitter:creator\" content=\"@https:\/\/twitter.com\/javierchento\" \/>\n<meta name=\"twitter:site\" content=\"@WeVincentians\" \/>\n<meta name=\"twitter:label1\" content=\"\u00c9crit par\" \/>\n\t<meta name=\"twitter:data1\" content=\"Francisco Javier Fern\u00e1ndez Chento\" \/>\n\t<meta name=\"twitter:label2\" content=\"Dur\u00e9e de lecture estim\u00e9e\" \/>\n\t<meta name=\"twitter:data2\" content=\"16 minutes\" \/>\n<script type=\"application\/ld+json\" class=\"yoast-schema-graph\">{\"@context\":\"https:\/\/schema.org\",\"@graph\":[{\"@type\":\"WebPage\",\"@id\":\"https:\/\/vincentians.com\/fr\/la-vie-de-saint-vincent-de-paul-instituteur-de-la-congregation-de-la-mission-et-des-filles-de-la-charite-008\/\",\"url\":\"https:\/\/vincentians.com\/fr\/la-vie-de-saint-vincent-de-paul-instituteur-de-la-congregation-de-la-mission-et-des-filles-de-la-charite-008\/\",\"name\":\"La vie de Saint Vincent de Paul, instituteur de la Congr\u00e9gation de la Mission et des Filles de la Charit\u00e9 (008) - Nous Sommes Vincentiens\",\"isPartOf\":{\"@id\":\"http:\/\/vincentians.com\/fr\/#website\"},\"primaryImageOfPage\":{\"@id\":\"https:\/\/vincentians.com\/fr\/la-vie-de-saint-vincent-de-paul-instituteur-de-la-congregation-de-la-mission-et-des-filles-de-la-charite-008\/#primaryimage\"},\"image\":{\"@id\":\"https:\/\/vincentians.com\/fr\/la-vie-de-saint-vincent-de-paul-instituteur-de-la-congregation-de-la-mission-et-des-filles-de-la-charite-008\/#primaryimage\"},\"thumbnailUrl\":\"\",\"datePublished\":\"2014-02-04T05:53:56+00:00\",\"author\":{\"@id\":\"http:\/\/vincentians.com\/fr\/#\/schema\/person\/9623ef4d9aa3b2dfb8c061f1499288f2\"},\"breadcrumb\":{\"@id\":\"https:\/\/vincentians.com\/fr\/la-vie-de-saint-vincent-de-paul-instituteur-de-la-congregation-de-la-mission-et-des-filles-de-la-charite-008\/#breadcrumb\"},\"inLanguage\":\"fr-FR\",\"potentialAction\":[{\"@type\":\"ReadAction\",\"target\":[\"https:\/\/vincentians.com\/fr\/la-vie-de-saint-vincent-de-paul-instituteur-de-la-congregation-de-la-mission-et-des-filles-de-la-charite-008\/\"]}]},{\"@type\":\"ImageObject\",\"inLanguage\":\"fr-FR\",\"@id\":\"https:\/\/vincentians.com\/fr\/la-vie-de-saint-vincent-de-paul-instituteur-de-la-congregation-de-la-mission-et-des-filles-de-la-charite-008\/#primaryimage\",\"url\":\"\",\"contentUrl\":\"\"},{\"@type\":\"BreadcrumbList\",\"@id\":\"https:\/\/vincentians.com\/fr\/la-vie-de-saint-vincent-de-paul-instituteur-de-la-congregation-de-la-mission-et-des-filles-de-la-charite-008\/#breadcrumb\",\"itemListElement\":[{\"@type\":\"ListItem\",\"position\":1,\"name\":\"Portada\",\"item\":\"http:\/\/vincentians.com\/fr\/\"},{\"@type\":\"ListItem\",\"position\":2,\"name\":\"La vie de Saint Vincent de Paul, instituteur de la Congr\u00e9gation de la Mission et des Filles de la Charit\u00e9 (008)\"}]},{\"@type\":\"WebSite\",\"@id\":\"http:\/\/vincentians.com\/fr\/#website\",\"url\":\"http:\/\/vincentians.com\/fr\/\",\"name\":\"Nous Sommes Vincentiens\",\"description\":\"Know more to serve more\",\"potentialAction\":[{\"@type\":\"SearchAction\",\"target\":{\"@type\":\"EntryPoint\",\"urlTemplate\":\"http:\/\/vincentians.com\/fr\/?s={search_term_string}\"},\"query-input\":{\"@type\":\"PropertyValueSpecification\",\"valueRequired\":true,\"valueName\":\"search_term_string\"}}],\"inLanguage\":\"fr-FR\"},{\"@type\":\"Person\",\"@id\":\"http:\/\/vincentians.com\/fr\/#\/schema\/person\/9623ef4d9aa3b2dfb8c061f1499288f2\",\"name\":\"Francisco Javier Fern\u00e1ndez Chento\",\"image\":{\"@type\":\"ImageObject\",\"inLanguage\":\"fr-FR\",\"@id\":\"http:\/\/vincentians.com\/fr\/#\/schema\/person\/image\/\",\"url\":\"https:\/\/secure.gravatar.com\/avatar\/497d5cde87b4c3d097d0315953521681ba2cd523ee66e5077c3711f7021e65de?s=96&d=mm&r=g\",\"contentUrl\":\"https:\/\/secure.gravatar.com\/avatar\/497d5cde87b4c3d097d0315953521681ba2cd523ee66e5077c3711f7021e65de?s=96&d=mm&r=g\",\"caption\":\"Francisco Javier Fern\u00e1ndez Chento\"},\"description\":\"Director General y cofundador de La Red de Formaci\u00f3n Vicenciana. Javier es laico vicenciano, afiliado a la Congregaci\u00f3n de la Misi\u00f3n y miembro del Equipo de Misiones Populares de la provincia can\u00f3nica de Zaragoza (Espa\u00f1a) de la Congregaci\u00f3n de la Misi\u00f3n. Graduado en la Universidad Oberta de Catalunya con cuatro grados (Asistente de direcci\u00f3n, Gesti\u00f3n Administrativa, Recursos Humanos y Contabilidad Avanzada). Bil\u00edng\u00fce Espa\u00f1ol\/Ingl\u00e9s. gestiona y mantiene varias p\u00e1ginas web cristianas y vicencianas, incluida including La Red de Formaci\u00f3n Vicenciana, de la que es cofundador. Actualmente es responsable del \u00e1rea de Espa\u00f1ol de .famvin, la Red de Noticias de la Familia Vicenciana. Tambi\u00e9n es m\u00fasico cat\u00f3lico y ha editado varios discos. Es Director General y cofundador de Trovador, una reconocida compa\u00f1\u00eda discogr\u00e1fica critiana de Espa\u00f1a. Trabaja en las Tecnolog\u00edas de la Informaci\u00f3n, ofreciendo servicios de alojamiento, dise\u00f1o y mantenimiento Web, as\u00ed como asesoramiento, formaci\u00f3n y soluciones inform\u00e1ticas, gesti\u00f3n documental y digitalizaci\u00f3n de textos, edici\u00f3n y maquetaci\u00f3n de libros, revistas, flyers, etc.\",\"sameAs\":[\"http:\/\/chento.org\",\"https:\/\/www.facebook.com\/JavierChento\",\"https:\/\/x.com\/https:\/\/twitter.com\/javierchento\"],\"url\":\"http:\/\/vincentians.com\/fr\/author\/chento\/\"}]}<\/script>\n<!-- \/ Yoast SEO plugin. -->","yoast_head_json":{"title":"La vie de Saint Vincent de Paul, instituteur de la Congr\u00e9gation de la Mission et des Filles de la Charit\u00e9 (008) - Nous Sommes Vincentiens","robots":{"index":"index","follow":"follow","max-snippet":"max-snippet:-1","max-image-preview":"max-image-preview:large","max-video-preview":"max-video-preview:-1"},"canonical":"https:\/\/vincentians.com\/fr\/la-vie-de-saint-vincent-de-paul-instituteur-de-la-congregation-de-la-mission-et-des-filles-de-la-charite-008\/","og_locale":"fr_FR","og_type":"article","og_title":"La vie de Saint Vincent de Paul, instituteur de la Congr\u00e9gation de la Mission et des Filles de la Charit\u00e9 (008) - Nous Sommes Vincentiens","og_description":"Livre premier 8. Il en sort pour entrer dans la Maison de Gondi ; sa conduite dans cette Maison ; il emp\u00eache M. de Gondi de se battre en duel. Estime universelle qu\u2019on fait de ... Read More","og_url":"https:\/\/vincentians.com\/fr\/la-vie-de-saint-vincent-de-paul-instituteur-de-la-congregation-de-la-mission-et-des-filles-de-la-charite-008\/","og_site_name":"Nous Sommes Vincentiens","article_publisher":"https:\/\/www.facebook.com\/WeAreVincentians\/","article_author":"https:\/\/www.facebook.com\/JavierChento","article_published_time":"2014-02-04T05:53:56+00:00","author":"Francisco Javier Fern\u00e1ndez Chento","twitter_card":"summary_large_image","twitter_creator":"@https:\/\/twitter.com\/javierchento","twitter_site":"@WeVincentians","twitter_misc":{"\u00c9crit par":"Francisco Javier Fern\u00e1ndez Chento","Dur\u00e9e de lecture estim\u00e9e":"16 minutes"},"schema":{"@context":"https:\/\/schema.org","@graph":[{"@type":"WebPage","@id":"https:\/\/vincentians.com\/fr\/la-vie-de-saint-vincent-de-paul-instituteur-de-la-congregation-de-la-mission-et-des-filles-de-la-charite-008\/","url":"https:\/\/vincentians.com\/fr\/la-vie-de-saint-vincent-de-paul-instituteur-de-la-congregation-de-la-mission-et-des-filles-de-la-charite-008\/","name":"La vie de Saint Vincent de Paul, instituteur de la Congr\u00e9gation de la Mission et des Filles de la Charit\u00e9 (008) - Nous Sommes Vincentiens","isPartOf":{"@id":"http:\/\/vincentians.com\/fr\/#website"},"primaryImageOfPage":{"@id":"https:\/\/vincentians.com\/fr\/la-vie-de-saint-vincent-de-paul-instituteur-de-la-congregation-de-la-mission-et-des-filles-de-la-charite-008\/#primaryimage"},"image":{"@id":"https:\/\/vincentians.com\/fr\/la-vie-de-saint-vincent-de-paul-instituteur-de-la-congregation-de-la-mission-et-des-filles-de-la-charite-008\/#primaryimage"},"thumbnailUrl":"","datePublished":"2014-02-04T05:53:56+00:00","author":{"@id":"http:\/\/vincentians.com\/fr\/#\/schema\/person\/9623ef4d9aa3b2dfb8c061f1499288f2"},"breadcrumb":{"@id":"https:\/\/vincentians.com\/fr\/la-vie-de-saint-vincent-de-paul-instituteur-de-la-congregation-de-la-mission-et-des-filles-de-la-charite-008\/#breadcrumb"},"inLanguage":"fr-FR","potentialAction":[{"@type":"ReadAction","target":["https:\/\/vincentians.com\/fr\/la-vie-de-saint-vincent-de-paul-instituteur-de-la-congregation-de-la-mission-et-des-filles-de-la-charite-008\/"]}]},{"@type":"ImageObject","inLanguage":"fr-FR","@id":"https:\/\/vincentians.com\/fr\/la-vie-de-saint-vincent-de-paul-instituteur-de-la-congregation-de-la-mission-et-des-filles-de-la-charite-008\/#primaryimage","url":"","contentUrl":""},{"@type":"BreadcrumbList","@id":"https:\/\/vincentians.com\/fr\/la-vie-de-saint-vincent-de-paul-instituteur-de-la-congregation-de-la-mission-et-des-filles-de-la-charite-008\/#breadcrumb","itemListElement":[{"@type":"ListItem","position":1,"name":"Portada","item":"http:\/\/vincentians.com\/fr\/"},{"@type":"ListItem","position":2,"name":"La vie de Saint Vincent de Paul, instituteur de la Congr\u00e9gation de la Mission et des Filles de la Charit\u00e9 (008)"}]},{"@type":"WebSite","@id":"http:\/\/vincentians.com\/fr\/#website","url":"http:\/\/vincentians.com\/fr\/","name":"Nous Sommes Vincentiens","description":"Know more to serve more","potentialAction":[{"@type":"SearchAction","target":{"@type":"EntryPoint","urlTemplate":"http:\/\/vincentians.com\/fr\/?s={search_term_string}"},"query-input":{"@type":"PropertyValueSpecification","valueRequired":true,"valueName":"search_term_string"}}],"inLanguage":"fr-FR"},{"@type":"Person","@id":"http:\/\/vincentians.com\/fr\/#\/schema\/person\/9623ef4d9aa3b2dfb8c061f1499288f2","name":"Francisco Javier Fern\u00e1ndez Chento","image":{"@type":"ImageObject","inLanguage":"fr-FR","@id":"http:\/\/vincentians.com\/fr\/#\/schema\/person\/image\/","url":"https:\/\/secure.gravatar.com\/avatar\/497d5cde87b4c3d097d0315953521681ba2cd523ee66e5077c3711f7021e65de?s=96&d=mm&r=g","contentUrl":"https:\/\/secure.gravatar.com\/avatar\/497d5cde87b4c3d097d0315953521681ba2cd523ee66e5077c3711f7021e65de?s=96&d=mm&r=g","caption":"Francisco Javier Fern\u00e1ndez Chento"},"description":"Director General y cofundador de La Red de Formaci\u00f3n Vicenciana. Javier es laico vicenciano, afiliado a la Congregaci\u00f3n de la Misi\u00f3n y miembro del Equipo de Misiones Populares de la provincia can\u00f3nica de Zaragoza (Espa\u00f1a) de la Congregaci\u00f3n de la Misi\u00f3n. Graduado en la Universidad Oberta de Catalunya con cuatro grados (Asistente de direcci\u00f3n, Gesti\u00f3n Administrativa, Recursos Humanos y Contabilidad Avanzada). Bil\u00edng\u00fce Espa\u00f1ol\/Ingl\u00e9s. gestiona y mantiene varias p\u00e1ginas web cristianas y vicencianas, incluida including La Red de Formaci\u00f3n Vicenciana, de la que es cofundador. Actualmente es responsable del \u00e1rea de Espa\u00f1ol de .famvin, la Red de Noticias de la Familia Vicenciana. Tambi\u00e9n es m\u00fasico cat\u00f3lico y ha editado varios discos. Es Director General y cofundador de Trovador, una reconocida compa\u00f1\u00eda discogr\u00e1fica critiana de Espa\u00f1a. Trabaja en las Tecnolog\u00edas de la Informaci\u00f3n, ofreciendo servicios de alojamiento, dise\u00f1o y mantenimiento Web, as\u00ed como asesoramiento, formaci\u00f3n y soluciones inform\u00e1ticas, gesti\u00f3n documental y digitalizaci\u00f3n de textos, edici\u00f3n y maquetaci\u00f3n de libros, revistas, flyers, etc.","sameAs":["http:\/\/chento.org","https:\/\/www.facebook.com\/JavierChento","https:\/\/x.com\/https:\/\/twitter.com\/javierchento"],"url":"http:\/\/vincentians.com\/fr\/author\/chento\/"}]}},"jetpack_publicize_connections":[],"jetpack_featured_media_url":"","jetpack_sharing_enabled":true,"jetpack_shortlink":"https:\/\/wp.me\/p7ETMP-s7i","jetpack-related-posts":[{"id":52031,"url":"http:\/\/vincentians.com\/fr\/saint-vincent-de-paul-et-sa-mission-sociale-i-la-vocation-3\/","url_meta":{"origin":108084,"position":0},"title":"Saint Vincent De Paul Et Sa Mission Sociale. I &#8211; La vocation (3)","author":"Francisco Javier Fern\u00e1ndez Chento","date":"20\/12\/2014","format":false,"excerpt":"L\u2019APOSTOLAT DE LA CHARIT\u00c9. Les pr\u00e9mices du dix-septi\u00e8me si\u00e8cle. \u2014 Vincent de Paul et le P. de B\u00e9rulle. \u2014 Vincent est nomm\u00e9 cur\u00e9 de Clichy. \u2014 Ses premiers travaux. \u2014 Son entr\u00e9e dans la maison de Gondi. - Les pauvres gens des campagnes. \u2014 Premi\u00e8re mission \u00e0 Folleville. \u2014 Vincent\u2026","rel":"","context":"Dans &quot;Vincent de Paul&quot;","block_context":{"text":"Vincent de Paul","link":"http:\/\/vincentians.com\/fr\/category\/the-vincentian-family\/founders\/vincent-de-paul\/"},"img":{"alt_text":"","src":"https:\/\/i0.wp.com\/vincentians.com\/fr\/wp-content\/uploads\/sites\/10\/2016\/07\/vincent-et-sa-action-sociale.jpg?fit=1160%2C630&resize=350%2C200","width":350,"height":200,"srcset":"https:\/\/i0.wp.com\/vincentians.com\/fr\/wp-content\/uploads\/sites\/10\/2016\/07\/vincent-et-sa-action-sociale.jpg?fit=1160%2C630&resize=350%2C200 1x, https:\/\/i0.wp.com\/vincentians.com\/fr\/wp-content\/uploads\/sites\/10\/2016\/07\/vincent-et-sa-action-sociale.jpg?fit=1160%2C630&resize=525%2C300 1.5x, https:\/\/i0.wp.com\/vincentians.com\/fr\/wp-content\/uploads\/sites\/10\/2016\/07\/vincent-et-sa-action-sociale.jpg?fit=1160%2C630&resize=700%2C400 2x, https:\/\/i0.wp.com\/vincentians.com\/fr\/wp-content\/uploads\/sites\/10\/2016\/07\/vincent-et-sa-action-sociale.jpg?fit=1160%2C630&resize=1050%2C600 3x"},"classes":[]},{"id":107722,"url":"http:\/\/vincentians.com\/fr\/vincent-de-paul-lettre-0010-a-charles-du-fresne-secretaire-de-philippe-emmanuel-de-gondi\/","url_meta":{"origin":108084,"position":1},"title":"Vincent de Paul, Lettre 0010. A Charles Du Fresne Secr\u00e9taire De Philippe-Emmanuel De Gondi","author":"Francisco Javier Fern\u00e1ndez Chento","date":"05\/09\/2016","format":false,"excerpt":"Octobre 1617. Saint Vincent informe son ami qu'il esp\u00e8re faire un voyage \u00e0 Paris dans deux mois ; l\u00e0, suivant les lumi\u00e8res que Dieu lui donnera, il prendra une d\u00e9cision d\u00e9finitive sur son retour \u00e0 Ch\u00e2tillon-les-Dombes ou sa rentr\u00e9e dans la famille des Gondi.","rel":"","context":"Dans &quot;\u00c9crits de Vincent de Paul&quot;","block_context":{"text":"\u00c9crits de Vincent de Paul","link":"http:\/\/vincentians.com\/fr\/category\/ecrits-de-vincent-de-paul\/"},"img":{"alt_text":"","src":"https:\/\/i0.wp.com\/vincentians.com\/fr\/wp-content\/uploads\/sites\/10\/2016\/07\/cartas-vicente-de-paul.jpg?fit=1200%2C630&resize=350%2C200","width":350,"height":200,"srcset":"https:\/\/i0.wp.com\/vincentians.com\/fr\/wp-content\/uploads\/sites\/10\/2016\/07\/cartas-vicente-de-paul.jpg?fit=1200%2C630&resize=350%2C200 1x, https:\/\/i0.wp.com\/vincentians.com\/fr\/wp-content\/uploads\/sites\/10\/2016\/07\/cartas-vicente-de-paul.jpg?fit=1200%2C630&resize=525%2C300 1.5x, https:\/\/i0.wp.com\/vincentians.com\/fr\/wp-content\/uploads\/sites\/10\/2016\/07\/cartas-vicente-de-paul.jpg?fit=1200%2C630&resize=700%2C400 2x, https:\/\/i0.wp.com\/vincentians.com\/fr\/wp-content\/uploads\/sites\/10\/2016\/07\/cartas-vicente-de-paul.jpg?fit=1200%2C630&resize=1050%2C600 3x"},"classes":[]},{"id":108078,"url":"http:\/\/vincentians.com\/fr\/la-vie-de-saint-vincent-de-paul-instituteur-de-la-congregation-de-la-mission-et-des-filles-de-la-charite-016\/","url_meta":{"origin":108084,"position":2},"title":"La vie de Saint Vincent de Paul, instituteur de la Congr\u00e9gation de la Mission et des Filles de la Charit\u00e9 (016)","author":"Francisco Javier Fern\u00e1ndez Chento","date":"12\/02\/2014","format":false,"excerpt":"Livre Second 1. Nouvelles tentatives de la Maison de Gondi, pour y faire rentrer Saint Vincent Vincent \u00e9tait tout occup\u00e9 du soin de son troupeau, et il recueillait d\u00e9j\u00e0 abondamment les fruits de ses travaux, lorsque Madame de Gondi, qui n'avait pas un seul instant perdu de vue le dessein\u2026","rel":"","context":"Dans &quot;Vincent de Paul&quot;","block_context":{"text":"Vincent de Paul","link":"http:\/\/vincentians.com\/fr\/category\/the-vincentian-family\/founders\/vincent-de-paul\/"},"img":{"alt_text":"collet","src":"https:\/\/i0.wp.com\/vincentiens.org\/wp-content\/uploads\/2014\/01\/collet-248x300.jpg?resize=350%2C200","width":350,"height":200},"classes":[]},{"id":107718,"url":"http:\/\/vincentians.com\/fr\/vincent-de-paul-lettre-0009-philippe-emmanuel-de-gondi-a-saint-vincent\/","url_meta":{"origin":108084,"position":3},"title":"Vincent de Paul, Lettre 0009. Philippe-Emmanuel De Gondi A Saint Vincent","author":"Francisco Javier Fern\u00e1ndez Chento","date":"29\/08\/2016","format":false,"excerpt":"5 octobre 1617. J'ai re\u00e7u depuis deux jours celle que vous m'avez \u00e9crite de Lyon, o\u00f9 je vois la r\u00e9solution que vous avez prise de faire un petit voyage \u00e0 Paris sur la fin de novembre, dont je me r\u00e9jouis extr\u00eamement, esp\u00e9rant de vous y voir en ce temps-l\u00e0, et\u2026","rel":"","context":"Dans &quot;\u00c9crits de Vincent de Paul&quot;","block_context":{"text":"\u00c9crits de Vincent de Paul","link":"http:\/\/vincentians.com\/fr\/category\/ecrits-de-vincent-de-paul\/"},"img":{"alt_text":"","src":"https:\/\/i0.wp.com\/vincentians.com\/fr\/wp-content\/uploads\/sites\/10\/2016\/07\/cartas-vicente-de-paul.jpg?fit=1200%2C630&resize=350%2C200","width":350,"height":200,"srcset":"https:\/\/i0.wp.com\/vincentians.com\/fr\/wp-content\/uploads\/sites\/10\/2016\/07\/cartas-vicente-de-paul.jpg?fit=1200%2C630&resize=350%2C200 1x, https:\/\/i0.wp.com\/vincentians.com\/fr\/wp-content\/uploads\/sites\/10\/2016\/07\/cartas-vicente-de-paul.jpg?fit=1200%2C630&resize=525%2C300 1.5x, https:\/\/i0.wp.com\/vincentians.com\/fr\/wp-content\/uploads\/sites\/10\/2016\/07\/cartas-vicente-de-paul.jpg?fit=1200%2C630&resize=700%2C400 2x, https:\/\/i0.wp.com\/vincentians.com\/fr\/wp-content\/uploads\/sites\/10\/2016\/07\/cartas-vicente-de-paul.jpg?fit=1200%2C630&resize=1050%2C600 3x"},"classes":[]},{"id":42756,"url":"http:\/\/vincentians.com\/fr\/saint-vincent-de-paul-maitre-doraison-lettre-preface\/","url_meta":{"origin":108084,"position":4},"title":"Saint Vincent De Paul, Ma\u00eetre d\u2019Oraison. Lettre pr\u00e9face","author":"Francisco Javier Fern\u00e1ndez Chento","date":"10\/05\/2015","format":false,"excerpt":"Paris, le 7 octobre 1928 MON CHER ABB\u00c9, Ecrivant le 8 avril 1933 \u00e0 M. Coste, pr\u00eatre de la Mission, \u00e9diteur des entretiens de saint Vincent, c'est \u00e0 savoir : les conf\u00e9rences aux missionnaires et aux Filles de la Charit\u00e9, les r\u00e9p\u00e9titions d\u2019oraison, les conseils, avis et lignes de conduite,\u2026","rel":"","context":"Dans &quot;Vincent de Paul&quot;","block_context":{"text":"Vincent de Paul","link":"http:\/\/vincentians.com\/fr\/category\/the-vincentian-family\/founders\/vincent-de-paul\/"},"img":{"alt_text":"","src":"https:\/\/i0.wp.com\/vincentians.com\/fr\/wp-content\/uploads\/sites\/10\/2016\/07\/vincent-maitre-d-oraison.jpg?fit=1200%2C630&resize=350%2C200","width":350,"height":200,"srcset":"https:\/\/i0.wp.com\/vincentians.com\/fr\/wp-content\/uploads\/sites\/10\/2016\/07\/vincent-maitre-d-oraison.jpg?fit=1200%2C630&resize=350%2C200 1x, https:\/\/i0.wp.com\/vincentians.com\/fr\/wp-content\/uploads\/sites\/10\/2016\/07\/vincent-maitre-d-oraison.jpg?fit=1200%2C630&resize=525%2C300 1.5x, https:\/\/i0.wp.com\/vincentians.com\/fr\/wp-content\/uploads\/sites\/10\/2016\/07\/vincent-maitre-d-oraison.jpg?fit=1200%2C630&resize=700%2C400 2x, https:\/\/i0.wp.com\/vincentians.com\/fr\/wp-content\/uploads\/sites\/10\/2016\/07\/vincent-maitre-d-oraison.jpg?fit=1200%2C630&resize=1050%2C600 3x"},"classes":[]},{"id":52033,"url":"http:\/\/vincentians.com\/fr\/saint-vincent-de-paul-et-sa-mission-sociale-ii-les-oeuvres-1\/","url_meta":{"origin":108084,"position":5},"title":"Saint Vincent De Paul Et Sa Mission Sociale. II &#8211; Les \u0152uvres (1)","author":"Francisco Javier Fern\u00e1ndez Chento","date":"21\/12\/2014","format":false,"excerpt":"LES CONFR\u00c9RIES DE LA CHARIT\u00c9. Organisation et d\u00e9veloppement de la confr\u00e9rie de la Charit\u00e9. \u2014 Les domaines du seigneur de Gondi. \u2014 Premi\u00e8re id\u00e9e de la congr\u00e9gation de la Mission. \u2014 Vincent de Paul devient aum\u00f4nier royal des gal\u00e8res et sup\u00e9rieur des religieuses de la Visitation. \u2014 Saint Fran\u00e7ois de\u2026","rel":"","context":"Dans &quot;Vincent de Paul&quot;","block_context":{"text":"Vincent de Paul","link":"http:\/\/vincentians.com\/fr\/category\/the-vincentian-family\/founders\/vincent-de-paul\/"},"img":{"alt_text":"","src":"https:\/\/i0.wp.com\/vincentians.com\/fr\/wp-content\/uploads\/sites\/10\/2016\/07\/vincent-et-sa-action-sociale.jpg?fit=1160%2C630&resize=350%2C200","width":350,"height":200,"srcset":"https:\/\/i0.wp.com\/vincentians.com\/fr\/wp-content\/uploads\/sites\/10\/2016\/07\/vincent-et-sa-action-sociale.jpg?fit=1160%2C630&resize=350%2C200 1x, https:\/\/i0.wp.com\/vincentians.com\/fr\/wp-content\/uploads\/sites\/10\/2016\/07\/vincent-et-sa-action-sociale.jpg?fit=1160%2C630&resize=525%2C300 1.5x, https:\/\/i0.wp.com\/vincentians.com\/fr\/wp-content\/uploads\/sites\/10\/2016\/07\/vincent-et-sa-action-sociale.jpg?fit=1160%2C630&resize=700%2C400 2x, https:\/\/i0.wp.com\/vincentians.com\/fr\/wp-content\/uploads\/sites\/10\/2016\/07\/vincent-et-sa-action-sociale.jpg?fit=1160%2C630&resize=1050%2C600 3x"},"classes":[]}],"_links":{"self":[{"href":"http:\/\/vincentians.com\/fr\/wp-json\/wp\/v2\/posts\/108084","targetHints":{"allow":["GET"]}}],"collection":[{"href":"http:\/\/vincentians.com\/fr\/wp-json\/wp\/v2\/posts"}],"about":[{"href":"http:\/\/vincentians.com\/fr\/wp-json\/wp\/v2\/types\/post"}],"author":[{"embeddable":true,"href":"http:\/\/vincentians.com\/fr\/wp-json\/wp\/v2\/users\/4"}],"replies":[{"embeddable":true,"href":"http:\/\/vincentians.com\/fr\/wp-json\/wp\/v2\/comments?post=108084"}],"version-history":[{"count":0,"href":"http:\/\/vincentians.com\/fr\/wp-json\/wp\/v2\/posts\/108084\/revisions"}],"wp:featuredmedia":[{"embeddable":true,"href":"http:\/\/vincentians.com\/fr\/wp-json\/"}],"wp:attachment":[{"href":"http:\/\/vincentians.com\/fr\/wp-json\/wp\/v2\/media?parent=108084"}],"wp:term":[{"taxonomy":"category","embeddable":true,"href":"http:\/\/vincentians.com\/fr\/wp-json\/wp\/v2\/categories?post=108084"},{"taxonomy":"post_tag","embeddable":true,"href":"http:\/\/vincentians.com\/fr\/wp-json\/wp\/v2\/tags?post=108084"}],"curies":[{"name":"wp","href":"https:\/\/api.w.org\/{rel}","templated":true}]}}