{"id":107984,"date":"2014-02-04T19:18:22","date_gmt":"2014-02-04T18:18:22","guid":{"rendered":"http:\/\/vincentiens.org\/?p=107984"},"modified":"2014-02-04T19:18:22","modified_gmt":"2014-02-04T18:18:22","slug":"histoire-generale-de-la-congregation-de-la-mission-38","status":"publish","type":"post","link":"http:\/\/vincentians.com\/fr\/histoire-generale-de-la-congregation-de-la-mission-38\/","title":{"rendered":"Histoire g\u00e9n\u00e9rale de la Congr\u00e9gation de la Mission (38)"},"content":{"rendered":"<h2><b><b><b><b>XXXVIII. Soins de la Compagnie pour \u00e9loigner le qui\u00e9tisme<\/b><\/b><\/b><\/b><\/h2>\n<p><a href=\"https:\/\/i0.wp.com\/vincentiens.org\/wp-content\/uploads\/2012\/12\/logocm.png\"><img data-recalc-dims=\"1\" loading=\"lazy\" decoding=\"async\" class=\"alignright size-medium wp-image-104093\" alt=\"logocm\" src=\"https:\/\/i0.wp.com\/vincentiens.org\/wp-content\/uploads\/2012\/12\/logocm-245x300.png?resize=245%2C300\" width=\"245\" height=\"300\" \/><\/a>Il envoya quelque temps apr\u00e8s une lettre circulaire aux maisons, pour les pr\u00e9munir contre les qui\u00e9tistes qui troublaient pour lors l\u2019\u00c9glise, en introduisant une nouvelle mani\u00e8re de faire l\u2019oraison mentale ; cette lettre est dat\u00e9e du 18 8bre 1684. Il y est dit qu\u2019ayant appris de quelques Missionnaires que certains particuliers s\u2019affectionnaient \u00e0 cette m\u00e9thode d\u2019oraison qui n\u2019est du tout point conforme<b> <\/b>\u00e0 celle qu\u2019a enseign\u00e9e M. Vincent, et qui est m\u00eame oppos\u00e9e \u00e0 quelques-uns de nos exercices, comme \u00e0 la r\u00e9p\u00e9tition d\u2019oraison ; \u00e0 quoi on ajoute bien d\u2019autres inconv\u00e9nients. M\u2019\u00e9tant inform\u00e9, et reconnu la v\u00e9rit\u00e9 de ce fait, que plusieurs personnes, entre autres des jeunes gens, s\u2019y sont appliqu\u00e9es, sans avoir les dispositions n\u00e9cessaires, de quoi ayant d\u00e9lib\u00e9r\u00e9 avec les assistants, on avait r\u00e9solu de donner les avis suivants \u00e0 toute la Compagnie : savoir que quoiqu\u2019il faille reconna\u00eetre avec les saints et les ma\u00eetres de la vie spirituelle une oraison sublime, bonne, et un tr\u00e8s grand don de Dieu quand il vient de lui, toutefois elle peut \u00eatre \u00e0 bien des gens un sujet d\u2019illusion, d\u00e8s qu\u2019on veut s\u2019y introduire soi-m\u00eame, sans s\u2019\u00eatre auparavant exerc\u00e9 dans la mortification de ses passions et de sa propre volont\u00e9. Les saints disent commun\u00e9ment que c\u2019est se tromper<b> <\/b>que de croire pouvoir arriver \u00e0 cette oraison sublime par ses propres forces et son industrie. <i>Ecclesia, <\/i>(dit saint Bernard), <i>non est scrutatrix majestatis, sed voluntatis, et si aliquando per excessum rapi in illam contingat, digitus Dei est dignantis levare hominem, non temeritas hominis insolentis Dei alta pervadens ; cum enim Apostolus raptum se commemoret, ut ausum excusat, quisnam alter pr\u00e6sumat huic se et divin\u00e6 majestatis horrendo scrutinio propriis intricare conatibus.<\/i><\/p>\n<p>Ce n\u2019est donc pas une oraison o\u00f9 il faille s\u2019ing\u00e9rer de soi-m\u00eame, et sur laquelle il soit ais\u00e9 de donner des r\u00e8gles. Dieu s\u2019\u00e9tant r\u00e9serv\u00e9 de la communiquer \u00e0 qui bon lui semble et d\u2019\u00eatre le ma\u00eetre de ceux qu\u2019il conduit par cette voie, ceux-ci, selon les saints sont en fort petit nombre, et l\u2019exp\u00e9rience fait voir, ainsi que nous l\u2019a dit bien des fois<b> <\/b>notre v\u00e9n[\u00e9rable] P\u00e8re en parlant de l\u2019oraison que plusieurs avaient \u00e9t\u00e9 s\u00e9duits en aspirant d\u2019eux-m\u00eames \u00e0 cette oraison sublime et s\u2019\u00e9taient trouv\u00e9s d\u00e9pourvus des vertus chr\u00e9tiennes qui est pourtant ce que nous devons chercher et \u00e0 quoi l\u2019oraison nous doit servir. Elle est bonne \u00e0 proportion qu\u2019elle nous fait vivre dans la pratique de l\u2019humilit\u00e9 de l\u2019ob\u00e9issance et des autres vertus, chose bien expliqu\u00e9e dans la Vie de M. Vincent, au chap[itre] de son oraison.<\/p>\n<p>D\u2019ailleurs, poursuit M. Jolly, nos r\u00e8gles nous prescrivent de garder en toutes choses l\u2019uniformit\u00e9, surtout dans la mani\u00e8re de diriger, enseigner, gouverner et \u00e0 l\u2019\u00e9gard des pratiques spirituelles, \u00e9viter la singularit\u00e9 comme la racine de l\u2019envie et de la division. Il ne faut pas introduire dans la Compagnie une nouvelle mani\u00e8re d\u2019oraison, mais s\u2019en tenir<b> <\/b>\u00e0 celle qu\u2019a enseign\u00e9e M. Vincent, par laquelle il s\u2019est sanctifi\u00e9 et [a] fait par la gr\u00e2ce de Dieu les grands biens que l\u2019on admire encore. Il l\u2019a apprise des saints et du Saint des saints, Notre-Seigneur, avec qui il a eu toujours tant de communications ; elle est s\u00fbre, hors de crainte, et d\u2019illusion. Elle est conforme \u00e0 nos usages, elle nous porte \u00e0 la pratique des v\u00e9ritables vertus, et mettra ceux qui la pratiquent fid\u00e8lement en \u00e9tat d\u2019\u00eatre \u00e9lev\u00e9s plus haut quand il plaira \u00e0 Dieu. Je crois qu\u2019on fera bien, \u00e0 l\u2019exemple du m\u00eame M. Vincent, de s\u2019asseoir, ici comme partout ailleurs, \u00e0 la derni\u00e8re place, attendant que celui qui a invit\u00e9 dise lui-m\u00eame : Montez plus haut. On ne veut pas bl\u00e2mer la contemplation, mais seulement recommander qu\u2019on \u00e9vite de s\u2019ing\u00e9rer de soi m\u00eame l\u00e0 o\u00f9 on doit \u00eatre appel\u00e9 de Dieu imm\u00e9diatement et qu\u2019on n\u2019introduise pas dans la Compagnie<b> <\/b>une singularit\u00e9 qui pourrait lui \u00eatre pr\u00e9judiciable.<\/p>\n<p>M. Jolly ordonne de lire cette lettre \u00e0 tous les pr\u00eatres et clercs des maisons, pour qu\u2019ils sachent quelle est en ceci l\u2019intention de la Compagnie, laquelle ne d\u00e9sire pas qu\u2019aucun de ses sujets enseigne d\u2019autre m\u00e9thode d\u2019oraison que celle qui y est pratiqu\u00e9e, et qui lui a \u00e9t\u00e9 inspir\u00e9e par son v\u00e9n\u00e9rable Instituteur, conforme \u00e0 la simplicit\u00e9 et uniformit\u00e9 dont elle fait profession ; et si quelqu\u2019un pense \u00e0 \u00eatre appel\u00e9 de Dieu \u00e0 une oraison plus sublime, qu\u2019il se contente d\u2019en parler \u00e0 son directeur dans la communication.<\/p>\n<p>Cette lettre est belle et bien solide, et c\u2019est la premi\u00e8re lettre dogmatique que les G\u00e9n\u00e9raux ont \u00e9crite \u00e0 la Compagnie. C\u2019\u00e9tait le nouveau livre de M. Malaval, fameux aveugle et contemplatif de Marseille qui avait donn\u00e9 lieu \u00e0 cette m\u00e9thode d\u2019oraison.<b> <\/b>Le g\u00e9n\u00e9ral ne veut pas qu\u2019on permette aux jeunes pr\u00eatres et encore moins aux clercs de le lire.<\/p>\n<p>Deux ou trois ans apr\u00e8s, un pr\u00eatre espagnol, nomm\u00e9 Michel Molinos, qui passait pour un tr\u00e8s homme de bien, fit encore plus de bruit \u00e0 Rome. Mgr le cardinal Cibo<span id='easy-footnote-1-107984' class='easy-footnote-margin-adjust'><\/span><span class='easy-footnote'><a href='http:\/\/vincentians.com\/fr\/histoire-generale-de-la-congregation-de-la-mission-38\/#easy-footnote-bottom-1-107984' title='Camillo Cibo (Cyb\u00f2), \u2020 1743.'><sup>1<\/sup><\/a><\/span>, pr\u00e9fet de l\u2019Inquisition g\u00e9n\u00e9rale, en \u00e9crivit d\u00e8s le commencement de l\u2019ann\u00e9e 1687 \u00e0 tous les \u00e9v\u00eaques d\u2019Italie, en cons\u00e9quence de l\u2019avis qu\u2019avait eu de toutes parts la Congr\u00e9gation du Saint-Office, qu\u2019on \u00e9rigeait certaines assembl\u00e9es, soit d\u2019hommes, soit de femmes, sous le nom d\u2019\u00e9cole de compagnie de confr\u00e9rie, par lesquelles peut \u00eatre m\u00eame par malice, sous pr\u00e9texte d\u2019\u00e9lever les \u00e2mes \u00e0 une oraison de qui\u00e9tude, certains directeurs spirituels insinuent insensiblement dans l\u2019esprit des simples des erreurs pernicieuses, ou du moins par d\u00e9faut d\u2019exp\u00e9rience,<b> <\/b>de la v\u00e9ritable voie spirituelle fray\u00e9e par les saints. Bien qu\u2019ils semblent au commencement d\u00e9biter des maximes d\u2019une haute perfection, mais par de certains principes mal entendus ou appliqu\u00e9s encore plus mal, lesquelles erreurs se terminent ensuite \u00e0 des h\u00e9r\u00e9sies manifestes, ou \u00e0 des crimes honteux. Aussi les cardinaux du St.-Office avaient jug\u00e9 \u00e0 propos de charger les \u00e9v\u00eaques de veiller sur les assembl\u00e9es nouvelles, de les abolir enti\u00e8rement s\u2019ils en trouvaient de telles et recommander aux directeurs de marcher par la voie battue de la perfection chr\u00e9tienne sans affecter aucune singularit\u00e9, et d\u2019emp\u00eacher qui que ce soit, suspect de ces nouveaut\u00e9s, de s\u2019ing\u00e9rer chez des religieuses.<\/p>\n<p>Le Saint-Office, par un d\u00e9cret fait en pr\u00e9sence de N[otre] S[aint] P[\u00e8re] le Pape, Innocent XI, le jeudi 28 ao\u00fbt 1687, o\u00f9 Molinos est appel\u00e9 fils de perdition, condamna, pour obvier \u00e0 ces dangereuses erreurs,<b> <\/b>soixante-huit propositions de cet auteur, toutes tendantes \u00e0 un \u00eatre purement passif, sans se mettre en peine d\u2019actes de vertu et d\u2019ob\u00e9issance \u00e0 la loi, de r\u00e9sistance \u00e0 la convoitise ; ainsi du reste. Molinos abjura en public toutes ces erreurs, le 3 7bre, comme les ayant enseign\u00e9es de bouche et par \u00e9crit.<\/p>\n<p>Le d\u00e9cret ayant \u00e9t\u00e9 envoy\u00e9 en France, M. Jolly l\u2019adressa \u00e0 toute la Compagnie avec une lettre dat\u00e9e du 7 8bre 1687, o\u00f9 il dit : Ceci nous apprend combien il nous importe de nous garder de toute nouveaut\u00e9, quoiqu\u2019elle se pr\u00e9sente sous de belles apparences, si elle n\u2019a \u00e9t\u00e9 soigneusement auparavant examin\u00e9e et approuv\u00e9e par ceux que Dieu a \u00e9tablis pour emp\u00eacher qu\u2019aucune doctrine ne soit pr\u00e9sent\u00e9e aux fid\u00e8les, qui ne soit pure et enti\u00e8rement conforme au sentiment et \u00e0 l\u2019usage de l\u2019\u00c9glise. On a traduit en fran\u00e7ais ces propositions, afin que tous les puissent entendre et se garder<b> <\/b>de l\u2019erreur, du scandale et de la t\u00e9m\u00e9rit\u00e9 qu\u2019elles contiennent, comme le porte le d\u00e9cret, et qu\u2019on \u00e9vite de les croire, enseigner et r\u00e9duire en pratique, ce qui est express\u00e9ment d\u00e9fendu sous peine d\u2019excommunication. Ces erreurs, quoique grossi\u00e8res et si justement censur\u00e9es par le St.-Si\u00e8ge, ne laiss\u00e8rent pas de se renouveler dans la suite en France, par le moyen du P\u00e8re Lacombe et de Madame Guyon, soutenues m\u00eame par Mgr l\u2019Archev\u00eaque de Cambrai. Et le pape Innocent XII fit un second d\u00e9cret touchant ces erreurs duquel on parlera en son lieu.<\/p>\n","protected":false},"excerpt":{"rendered":"<p>XXXVIII. Soins de la Compagnie pour \u00e9loigner le qui\u00e9tisme Il envoya quelque temps apr\u00e8s une lettre circulaire aux maisons, pour les pr\u00e9munir contre les qui\u00e9tistes qui troublaient pour lors l\u2019\u00c9glise, en introduisant une nouvelle mani\u00e8re &#8230; <a href=\"http:\/\/vincentians.com\/fr\/histoire-generale-de-la-congregation-de-la-mission-38\/\" class=\"more-link\">Read More<\/a><\/p>\n","protected":false},"author":4,"featured_media":189808,"comment_status":"open","ping_status":"open","sticky":false,"template":"","format":"standard","meta":{"jetpack_post_was_ever_published":false,"_jetpack_newsletter_access":"","_jetpack_dont_email_post_to_subs":false,"_jetpack_newsletter_tier_id":0,"_jetpack_memberships_contains_paywalled_content":false,"_jetpack_memberships_contains_paid_content":false,"footnotes":"","jetpack_publicize_message":"","jetpack_publicize_feature_enabled":true,"jetpack_social_post_already_shared":true,"jetpack_social_options":{"image_generator_settings":{"template":"highway","default_image_id":0,"font":"","enabled":false},"version":2}},"categories":[134],"tags":[],"class_list":["post-107984","post","type-post","status-publish","format-standard","has-post-thumbnail","hentry","category-histoire-de-la-congregation-de-la-mission"],"yoast_head":"<!-- This site is optimized with the Yoast SEO plugin v26.3 - https:\/\/yoast.com\/wordpress\/plugins\/seo\/ -->\n<title>Histoire g\u00e9n\u00e9rale de la Congr\u00e9gation de la Mission (38) - Nous Sommes Vincentiens<\/title>\n<meta name=\"robots\" content=\"index, follow, max-snippet:-1, max-image-preview:large, max-video-preview:-1\" \/>\n<link rel=\"canonical\" href=\"http:\/\/vincentians.com\/fr\/histoire-generale-de-la-congregation-de-la-mission-38\/\" \/>\n<meta property=\"og:locale\" content=\"fr_FR\" \/>\n<meta property=\"og:type\" content=\"article\" \/>\n<meta property=\"og:title\" content=\"Histoire g\u00e9n\u00e9rale de la Congr\u00e9gation de la Mission (38) - Nous Sommes Vincentiens\" \/>\n<meta property=\"og:description\" content=\"XXXVIII. Soins de la Compagnie pour \u00e9loigner le qui\u00e9tisme Il envoya quelque temps apr\u00e8s une lettre circulaire aux maisons, pour les pr\u00e9munir contre les qui\u00e9tistes qui troublaient pour lors l\u2019\u00c9glise, en introduisant une nouvelle mani\u00e8re ... Read More\" \/>\n<meta property=\"og:url\" content=\"http:\/\/vincentians.com\/fr\/histoire-generale-de-la-congregation-de-la-mission-38\/\" \/>\n<meta property=\"og:site_name\" content=\"Nous Sommes Vincentiens\" \/>\n<meta property=\"article:publisher\" content=\"https:\/\/www.facebook.com\/WeAreVincentians\/\" \/>\n<meta property=\"article:author\" content=\"https:\/\/www.facebook.com\/JavierChento\" \/>\n<meta property=\"article:published_time\" content=\"2014-02-04T18:18:22+00:00\" \/>\n<meta property=\"og:image\" content=\"https:\/\/i0.wp.com\/vincentians.com\/fr\/wp-content\/uploads\/sites\/10\/2016\/07\/histoire-generale-de-la-congregation-de-la-mission.jpg?fit=1200%2C630\" \/>\n\t<meta property=\"og:image:width\" content=\"1200\" \/>\n\t<meta property=\"og:image:height\" content=\"630\" \/>\n\t<meta property=\"og:image:type\" content=\"image\/jpeg\" \/>\n<meta name=\"author\" content=\"Francisco Javier Fern\u00e1ndez Chento\" \/>\n<meta name=\"twitter:card\" content=\"summary_large_image\" \/>\n<meta name=\"twitter:creator\" content=\"@https:\/\/twitter.com\/javierchento\" \/>\n<meta name=\"twitter:site\" content=\"@WeVincentians\" \/>\n<meta name=\"twitter:label1\" content=\"\u00c9crit par\" \/>\n\t<meta name=\"twitter:data1\" content=\"Francisco Javier Fern\u00e1ndez Chento\" \/>\n\t<meta name=\"twitter:label2\" content=\"Dur\u00e9e de lecture estim\u00e9e\" \/>\n\t<meta name=\"twitter:data2\" content=\"7 minutes\" \/>\n<script type=\"application\/ld+json\" class=\"yoast-schema-graph\">{\"@context\":\"https:\/\/schema.org\",\"@graph\":[{\"@type\":\"WebPage\",\"@id\":\"http:\/\/vincentians.com\/fr\/histoire-generale-de-la-congregation-de-la-mission-38\/\",\"url\":\"http:\/\/vincentians.com\/fr\/histoire-generale-de-la-congregation-de-la-mission-38\/\",\"name\":\"Histoire g\u00e9n\u00e9rale de la Congr\u00e9gation de la Mission (38) - Nous Sommes Vincentiens\",\"isPartOf\":{\"@id\":\"http:\/\/vincentians.com\/fr\/#website\"},\"primaryImageOfPage\":{\"@id\":\"http:\/\/vincentians.com\/fr\/histoire-generale-de-la-congregation-de-la-mission-38\/#primaryimage\"},\"image\":{\"@id\":\"http:\/\/vincentians.com\/fr\/histoire-generale-de-la-congregation-de-la-mission-38\/#primaryimage\"},\"thumbnailUrl\":\"https:\/\/i0.wp.com\/vincentians.com\/fr\/wp-content\/uploads\/sites\/10\/2016\/07\/histoire-generale-de-la-congregation-de-la-mission.jpg?fit=1200%2C630\",\"datePublished\":\"2014-02-04T18:18:22+00:00\",\"author\":{\"@id\":\"http:\/\/vincentians.com\/fr\/#\/schema\/person\/9623ef4d9aa3b2dfb8c061f1499288f2\"},\"breadcrumb\":{\"@id\":\"http:\/\/vincentians.com\/fr\/histoire-generale-de-la-congregation-de-la-mission-38\/#breadcrumb\"},\"inLanguage\":\"fr-FR\",\"potentialAction\":[{\"@type\":\"ReadAction\",\"target\":[\"http:\/\/vincentians.com\/fr\/histoire-generale-de-la-congregation-de-la-mission-38\/\"]}]},{\"@type\":\"ImageObject\",\"inLanguage\":\"fr-FR\",\"@id\":\"http:\/\/vincentians.com\/fr\/histoire-generale-de-la-congregation-de-la-mission-38\/#primaryimage\",\"url\":\"https:\/\/i0.wp.com\/vincentians.com\/fr\/wp-content\/uploads\/sites\/10\/2016\/07\/histoire-generale-de-la-congregation-de-la-mission.jpg?fit=1200%2C630\",\"contentUrl\":\"https:\/\/i0.wp.com\/vincentians.com\/fr\/wp-content\/uploads\/sites\/10\/2016\/07\/histoire-generale-de-la-congregation-de-la-mission.jpg?fit=1200%2C630\",\"width\":1200,\"height\":630},{\"@type\":\"BreadcrumbList\",\"@id\":\"http:\/\/vincentians.com\/fr\/histoire-generale-de-la-congregation-de-la-mission-38\/#breadcrumb\",\"itemListElement\":[{\"@type\":\"ListItem\",\"position\":1,\"name\":\"Portada\",\"item\":\"http:\/\/vincentians.com\/fr\/\"},{\"@type\":\"ListItem\",\"position\":2,\"name\":\"Histoire g\u00e9n\u00e9rale de la Congr\u00e9gation de la Mission (38)\"}]},{\"@type\":\"WebSite\",\"@id\":\"http:\/\/vincentians.com\/fr\/#website\",\"url\":\"http:\/\/vincentians.com\/fr\/\",\"name\":\"Nous Sommes Vincentiens\",\"description\":\"Know more to serve more\",\"potentialAction\":[{\"@type\":\"SearchAction\",\"target\":{\"@type\":\"EntryPoint\",\"urlTemplate\":\"http:\/\/vincentians.com\/fr\/?s={search_term_string}\"},\"query-input\":{\"@type\":\"PropertyValueSpecification\",\"valueRequired\":true,\"valueName\":\"search_term_string\"}}],\"inLanguage\":\"fr-FR\"},{\"@type\":\"Person\",\"@id\":\"http:\/\/vincentians.com\/fr\/#\/schema\/person\/9623ef4d9aa3b2dfb8c061f1499288f2\",\"name\":\"Francisco Javier Fern\u00e1ndez Chento\",\"image\":{\"@type\":\"ImageObject\",\"inLanguage\":\"fr-FR\",\"@id\":\"http:\/\/vincentians.com\/fr\/#\/schema\/person\/image\/\",\"url\":\"https:\/\/secure.gravatar.com\/avatar\/497d5cde87b4c3d097d0315953521681ba2cd523ee66e5077c3711f7021e65de?s=96&d=mm&r=g\",\"contentUrl\":\"https:\/\/secure.gravatar.com\/avatar\/497d5cde87b4c3d097d0315953521681ba2cd523ee66e5077c3711f7021e65de?s=96&d=mm&r=g\",\"caption\":\"Francisco Javier Fern\u00e1ndez Chento\"},\"description\":\"Director General y cofundador de La Red de Formaci\u00f3n Vicenciana. Javier es laico vicenciano, afiliado a la Congregaci\u00f3n de la Misi\u00f3n y miembro del Equipo de Misiones Populares de la provincia can\u00f3nica de Zaragoza (Espa\u00f1a) de la Congregaci\u00f3n de la Misi\u00f3n. Graduado en la Universidad Oberta de Catalunya con cuatro grados (Asistente de direcci\u00f3n, Gesti\u00f3n Administrativa, Recursos Humanos y Contabilidad Avanzada). Bil\u00edng\u00fce Espa\u00f1ol\/Ingl\u00e9s. gestiona y mantiene varias p\u00e1ginas web cristianas y vicencianas, incluida including La Red de Formaci\u00f3n Vicenciana, de la que es cofundador. Actualmente es responsable del \u00e1rea de Espa\u00f1ol de .famvin, la Red de Noticias de la Familia Vicenciana. Tambi\u00e9n es m\u00fasico cat\u00f3lico y ha editado varios discos. Es Director General y cofundador de Trovador, una reconocida compa\u00f1\u00eda discogr\u00e1fica critiana de Espa\u00f1a. Trabaja en las Tecnolog\u00edas de la Informaci\u00f3n, ofreciendo servicios de alojamiento, dise\u00f1o y mantenimiento Web, as\u00ed como asesoramiento, formaci\u00f3n y soluciones inform\u00e1ticas, gesti\u00f3n documental y digitalizaci\u00f3n de textos, edici\u00f3n y maquetaci\u00f3n de libros, revistas, flyers, etc.\",\"sameAs\":[\"http:\/\/chento.org\",\"https:\/\/www.facebook.com\/JavierChento\",\"https:\/\/x.com\/https:\/\/twitter.com\/javierchento\"],\"url\":\"http:\/\/vincentians.com\/fr\/author\/chento\/\"}]}<\/script>\n<!-- \/ Yoast SEO plugin. -->","yoast_head_json":{"title":"Histoire g\u00e9n\u00e9rale de la Congr\u00e9gation de la Mission (38) - Nous Sommes Vincentiens","robots":{"index":"index","follow":"follow","max-snippet":"max-snippet:-1","max-image-preview":"max-image-preview:large","max-video-preview":"max-video-preview:-1"},"canonical":"http:\/\/vincentians.com\/fr\/histoire-generale-de-la-congregation-de-la-mission-38\/","og_locale":"fr_FR","og_type":"article","og_title":"Histoire g\u00e9n\u00e9rale de la Congr\u00e9gation de la Mission (38) - Nous Sommes Vincentiens","og_description":"XXXVIII. Soins de la Compagnie pour \u00e9loigner le qui\u00e9tisme Il envoya quelque temps apr\u00e8s une lettre circulaire aux maisons, pour les pr\u00e9munir contre les qui\u00e9tistes qui troublaient pour lors l\u2019\u00c9glise, en introduisant une nouvelle mani\u00e8re ... Read More","og_url":"http:\/\/vincentians.com\/fr\/histoire-generale-de-la-congregation-de-la-mission-38\/","og_site_name":"Nous Sommes Vincentiens","article_publisher":"https:\/\/www.facebook.com\/WeAreVincentians\/","article_author":"https:\/\/www.facebook.com\/JavierChento","article_published_time":"2014-02-04T18:18:22+00:00","og_image":[{"width":1200,"height":630,"url":"https:\/\/i0.wp.com\/vincentians.com\/fr\/wp-content\/uploads\/sites\/10\/2016\/07\/histoire-generale-de-la-congregation-de-la-mission.jpg?fit=1200%2C630","type":"image\/jpeg"}],"author":"Francisco Javier Fern\u00e1ndez Chento","twitter_card":"summary_large_image","twitter_creator":"@https:\/\/twitter.com\/javierchento","twitter_site":"@WeVincentians","twitter_misc":{"\u00c9crit par":"Francisco Javier Fern\u00e1ndez Chento","Dur\u00e9e de lecture estim\u00e9e":"7 minutes"},"schema":{"@context":"https:\/\/schema.org","@graph":[{"@type":"WebPage","@id":"http:\/\/vincentians.com\/fr\/histoire-generale-de-la-congregation-de-la-mission-38\/","url":"http:\/\/vincentians.com\/fr\/histoire-generale-de-la-congregation-de-la-mission-38\/","name":"Histoire g\u00e9n\u00e9rale de la Congr\u00e9gation de la Mission (38) - Nous Sommes Vincentiens","isPartOf":{"@id":"http:\/\/vincentians.com\/fr\/#website"},"primaryImageOfPage":{"@id":"http:\/\/vincentians.com\/fr\/histoire-generale-de-la-congregation-de-la-mission-38\/#primaryimage"},"image":{"@id":"http:\/\/vincentians.com\/fr\/histoire-generale-de-la-congregation-de-la-mission-38\/#primaryimage"},"thumbnailUrl":"https:\/\/i0.wp.com\/vincentians.com\/fr\/wp-content\/uploads\/sites\/10\/2016\/07\/histoire-generale-de-la-congregation-de-la-mission.jpg?fit=1200%2C630","datePublished":"2014-02-04T18:18:22+00:00","author":{"@id":"http:\/\/vincentians.com\/fr\/#\/schema\/person\/9623ef4d9aa3b2dfb8c061f1499288f2"},"breadcrumb":{"@id":"http:\/\/vincentians.com\/fr\/histoire-generale-de-la-congregation-de-la-mission-38\/#breadcrumb"},"inLanguage":"fr-FR","potentialAction":[{"@type":"ReadAction","target":["http:\/\/vincentians.com\/fr\/histoire-generale-de-la-congregation-de-la-mission-38\/"]}]},{"@type":"ImageObject","inLanguage":"fr-FR","@id":"http:\/\/vincentians.com\/fr\/histoire-generale-de-la-congregation-de-la-mission-38\/#primaryimage","url":"https:\/\/i0.wp.com\/vincentians.com\/fr\/wp-content\/uploads\/sites\/10\/2016\/07\/histoire-generale-de-la-congregation-de-la-mission.jpg?fit=1200%2C630","contentUrl":"https:\/\/i0.wp.com\/vincentians.com\/fr\/wp-content\/uploads\/sites\/10\/2016\/07\/histoire-generale-de-la-congregation-de-la-mission.jpg?fit=1200%2C630","width":1200,"height":630},{"@type":"BreadcrumbList","@id":"http:\/\/vincentians.com\/fr\/histoire-generale-de-la-congregation-de-la-mission-38\/#breadcrumb","itemListElement":[{"@type":"ListItem","position":1,"name":"Portada","item":"http:\/\/vincentians.com\/fr\/"},{"@type":"ListItem","position":2,"name":"Histoire g\u00e9n\u00e9rale de la Congr\u00e9gation de la Mission (38)"}]},{"@type":"WebSite","@id":"http:\/\/vincentians.com\/fr\/#website","url":"http:\/\/vincentians.com\/fr\/","name":"Nous Sommes Vincentiens","description":"Know more to serve more","potentialAction":[{"@type":"SearchAction","target":{"@type":"EntryPoint","urlTemplate":"http:\/\/vincentians.com\/fr\/?s={search_term_string}"},"query-input":{"@type":"PropertyValueSpecification","valueRequired":true,"valueName":"search_term_string"}}],"inLanguage":"fr-FR"},{"@type":"Person","@id":"http:\/\/vincentians.com\/fr\/#\/schema\/person\/9623ef4d9aa3b2dfb8c061f1499288f2","name":"Francisco Javier Fern\u00e1ndez Chento","image":{"@type":"ImageObject","inLanguage":"fr-FR","@id":"http:\/\/vincentians.com\/fr\/#\/schema\/person\/image\/","url":"https:\/\/secure.gravatar.com\/avatar\/497d5cde87b4c3d097d0315953521681ba2cd523ee66e5077c3711f7021e65de?s=96&d=mm&r=g","contentUrl":"https:\/\/secure.gravatar.com\/avatar\/497d5cde87b4c3d097d0315953521681ba2cd523ee66e5077c3711f7021e65de?s=96&d=mm&r=g","caption":"Francisco Javier Fern\u00e1ndez Chento"},"description":"Director General y cofundador de La Red de Formaci\u00f3n Vicenciana. Javier es laico vicenciano, afiliado a la Congregaci\u00f3n de la Misi\u00f3n y miembro del Equipo de Misiones Populares de la provincia can\u00f3nica de Zaragoza (Espa\u00f1a) de la Congregaci\u00f3n de la Misi\u00f3n. Graduado en la Universidad Oberta de Catalunya con cuatro grados (Asistente de direcci\u00f3n, Gesti\u00f3n Administrativa, Recursos Humanos y Contabilidad Avanzada). Bil\u00edng\u00fce Espa\u00f1ol\/Ingl\u00e9s. gestiona y mantiene varias p\u00e1ginas web cristianas y vicencianas, incluida including La Red de Formaci\u00f3n Vicenciana, de la que es cofundador. Actualmente es responsable del \u00e1rea de Espa\u00f1ol de .famvin, la Red de Noticias de la Familia Vicenciana. Tambi\u00e9n es m\u00fasico cat\u00f3lico y ha editado varios discos. Es Director General y cofundador de Trovador, una reconocida compa\u00f1\u00eda discogr\u00e1fica critiana de Espa\u00f1a. Trabaja en las Tecnolog\u00edas de la Informaci\u00f3n, ofreciendo servicios de alojamiento, dise\u00f1o y mantenimiento Web, as\u00ed como asesoramiento, formaci\u00f3n y soluciones inform\u00e1ticas, gesti\u00f3n documental y digitalizaci\u00f3n de textos, edici\u00f3n y maquetaci\u00f3n de libros, revistas, flyers, etc.","sameAs":["http:\/\/chento.org","https:\/\/www.facebook.com\/JavierChento","https:\/\/x.com\/https:\/\/twitter.com\/javierchento"],"url":"http:\/\/vincentians.com\/fr\/author\/chento\/"}]}},"jetpack_publicize_connections":[],"jetpack_featured_media_url":"https:\/\/i0.wp.com\/vincentians.com\/fr\/wp-content\/uploads\/sites\/10\/2016\/07\/histoire-generale-de-la-congregation-de-la-mission.jpg?fit=1200%2C630","jetpack_sharing_enabled":true,"jetpack_shortlink":"https:\/\/wp.me\/p7ETMP-s5G","jetpack-related-posts":[{"id":42756,"url":"http:\/\/vincentians.com\/fr\/saint-vincent-de-paul-maitre-doraison-lettre-preface\/","url_meta":{"origin":107984,"position":0},"title":"Saint Vincent De Paul, Ma\u00eetre d\u2019Oraison. Lettre pr\u00e9face","author":"Francisco Javier Fern\u00e1ndez Chento","date":"10\/05\/2015","format":false,"excerpt":"Paris, le 7 octobre 1928 MON CHER ABB\u00c9, Ecrivant le 8 avril 1933 \u00e0 M. Coste, pr\u00eatre de la Mission, \u00e9diteur des entretiens de saint Vincent, c'est \u00e0 savoir : les conf\u00e9rences aux missionnaires et aux Filles de la Charit\u00e9, les r\u00e9p\u00e9titions d\u2019oraison, les conseils, avis et lignes de conduite,\u2026","rel":"","context":"Dans &quot;Vincent de Paul&quot;","block_context":{"text":"Vincent de Paul","link":"http:\/\/vincentians.com\/fr\/category\/the-vincentian-family\/founders\/vincent-de-paul\/"},"img":{"alt_text":"","src":"https:\/\/i0.wp.com\/vincentians.com\/fr\/wp-content\/uploads\/sites\/10\/2016\/07\/vincent-maitre-d-oraison.jpg?fit=1200%2C630&resize=350%2C200","width":350,"height":200,"srcset":"https:\/\/i0.wp.com\/vincentians.com\/fr\/wp-content\/uploads\/sites\/10\/2016\/07\/vincent-maitre-d-oraison.jpg?fit=1200%2C630&resize=350%2C200 1x, https:\/\/i0.wp.com\/vincentians.com\/fr\/wp-content\/uploads\/sites\/10\/2016\/07\/vincent-maitre-d-oraison.jpg?fit=1200%2C630&resize=525%2C300 1.5x, https:\/\/i0.wp.com\/vincentians.com\/fr\/wp-content\/uploads\/sites\/10\/2016\/07\/vincent-maitre-d-oraison.jpg?fit=1200%2C630&resize=700%2C400 2x, https:\/\/i0.wp.com\/vincentians.com\/fr\/wp-content\/uploads\/sites\/10\/2016\/07\/vincent-maitre-d-oraison.jpg?fit=1200%2C630&resize=1050%2C600 3x"},"classes":[]},{"id":43087,"url":"http:\/\/vincentians.com\/fr\/saint-vincent-de-paul-maitre-doraison-chapitre-iii\/","url_meta":{"origin":107984,"position":1},"title":"Saint Vincent De Paul, Ma\u00eetre d\u2019Oraison. Chapitre III","author":"Francisco Javier Fern\u00e1ndez Chento","date":"14\/05\/2015","format":false,"excerpt":"Chaptire III Necessite morale de l\u2019Oraison Homme pratique s\u2019il en fut, M. Vincent n\u2019 \u00e9tudie pas l\u2019oraison en th\u00e9oricien absorb\u00e9 par de savantes recherches et des discutions sans fin. Qu\u2019il traite de cet exercice dans ses conf\u00e9rences et entretiens ou dans ses lettres de direction, son but est toujours d\u2019y\u2026","rel":"","context":"Dans &quot;Vincent de Paul&quot;","block_context":{"text":"Vincent de Paul","link":"http:\/\/vincentians.com\/fr\/category\/the-vincentian-family\/founders\/vincent-de-paul\/"},"img":{"alt_text":"","src":"https:\/\/i0.wp.com\/vincentians.com\/fr\/wp-content\/uploads\/sites\/10\/2016\/07\/vincent-maitre-d-oraison.jpg?fit=1200%2C630&resize=350%2C200","width":350,"height":200,"srcset":"https:\/\/i0.wp.com\/vincentians.com\/fr\/wp-content\/uploads\/sites\/10\/2016\/07\/vincent-maitre-d-oraison.jpg?fit=1200%2C630&resize=350%2C200 1x, https:\/\/i0.wp.com\/vincentians.com\/fr\/wp-content\/uploads\/sites\/10\/2016\/07\/vincent-maitre-d-oraison.jpg?fit=1200%2C630&resize=525%2C300 1.5x, https:\/\/i0.wp.com\/vincentians.com\/fr\/wp-content\/uploads\/sites\/10\/2016\/07\/vincent-maitre-d-oraison.jpg?fit=1200%2C630&resize=700%2C400 2x, https:\/\/i0.wp.com\/vincentians.com\/fr\/wp-content\/uploads\/sites\/10\/2016\/07\/vincent-maitre-d-oraison.jpg?fit=1200%2C630&resize=1050%2C600 3x"},"classes":[]},{"id":43995,"url":"http:\/\/vincentians.com\/fr\/saint-vincent-de-paul-maitre-doraison-chapitre-ix\/","url_meta":{"origin":107984,"position":2},"title":"Saint Vincent De Paul, Ma\u00eetre d\u2019Oraison. Chapitre IX","author":"Francisco Javier Fern\u00e1ndez Chento","date":"20\/05\/2015","format":false,"excerpt":"Chapitre IX Consid\u00e9rations et r\u00e9flexions : chois des sujets d\u2019oraison, Mani\u00e8res diverses de m\u00e9diter. Le c\u00f4t\u00e9 proprement psychique du r\u00f4le de l\u2019intelligence dans l\u2019oraison a t\u00e9t l\u2019objet du premier chapitre. Il est inutile de revenir sur ce qu\u2019est la concentration et sur ce qui la distingue d\u2019une connaissance superficielle. Les\u2026","rel":"","context":"Dans &quot;Vincent de Paul&quot;","block_context":{"text":"Vincent de Paul","link":"http:\/\/vincentians.com\/fr\/category\/the-vincentian-family\/founders\/vincent-de-paul\/"},"img":{"alt_text":"","src":"https:\/\/i0.wp.com\/vincentians.com\/fr\/wp-content\/uploads\/sites\/10\/2016\/07\/vincent-maitre-d-oraison.jpg?fit=1200%2C630&resize=350%2C200","width":350,"height":200,"srcset":"https:\/\/i0.wp.com\/vincentians.com\/fr\/wp-content\/uploads\/sites\/10\/2016\/07\/vincent-maitre-d-oraison.jpg?fit=1200%2C630&resize=350%2C200 1x, https:\/\/i0.wp.com\/vincentians.com\/fr\/wp-content\/uploads\/sites\/10\/2016\/07\/vincent-maitre-d-oraison.jpg?fit=1200%2C630&resize=525%2C300 1.5x, https:\/\/i0.wp.com\/vincentians.com\/fr\/wp-content\/uploads\/sites\/10\/2016\/07\/vincent-maitre-d-oraison.jpg?fit=1200%2C630&resize=700%2C400 2x, https:\/\/i0.wp.com\/vincentians.com\/fr\/wp-content\/uploads\/sites\/10\/2016\/07\/vincent-maitre-d-oraison.jpg?fit=1200%2C630&resize=1050%2C600 3x"},"classes":[]},{"id":43341,"url":"http:\/\/vincentians.com\/fr\/saint-vincent-de-paul-maitre-doraison-chapitre-vi\/","url_meta":{"origin":107984,"position":3},"title":"Saint Vincent De Paul, Ma\u00eetre d\u2019Oraison. Chapitre VI","author":"Francisco Javier Fern\u00e1ndez Chento","date":"17\/05\/2015","format":false,"excerpt":"Chapitre VI L\u2019oraison mentale et les oeuvres ext\u00e9rieures Homme d\u2019 action, s\u2019il en fut, Vincent de Paul est un des saints qui, dans son action sur les \u00e2mes, se pr\u00e9occupe davantage de la vie int\u00e9rieure. C\u2019est elle dont il se constitue l\u2019avocat en toutes circonstances : plus ses fils et\u2026","rel":"","context":"Dans &quot;Vincent de Paul&quot;","block_context":{"text":"Vincent de Paul","link":"http:\/\/vincentians.com\/fr\/category\/the-vincentian-family\/founders\/vincent-de-paul\/"},"img":{"alt_text":"","src":"https:\/\/i0.wp.com\/vincentians.com\/fr\/wp-content\/uploads\/sites\/10\/2016\/07\/vincent-maitre-d-oraison.jpg?fit=1200%2C630&resize=350%2C200","width":350,"height":200,"srcset":"https:\/\/i0.wp.com\/vincentians.com\/fr\/wp-content\/uploads\/sites\/10\/2016\/07\/vincent-maitre-d-oraison.jpg?fit=1200%2C630&resize=350%2C200 1x, https:\/\/i0.wp.com\/vincentians.com\/fr\/wp-content\/uploads\/sites\/10\/2016\/07\/vincent-maitre-d-oraison.jpg?fit=1200%2C630&resize=525%2C300 1.5x, https:\/\/i0.wp.com\/vincentians.com\/fr\/wp-content\/uploads\/sites\/10\/2016\/07\/vincent-maitre-d-oraison.jpg?fit=1200%2C630&resize=700%2C400 2x, https:\/\/i0.wp.com\/vincentians.com\/fr\/wp-content\/uploads\/sites\/10\/2016\/07\/vincent-maitre-d-oraison.jpg?fit=1200%2C630&resize=1050%2C600 3x"},"classes":[]},{"id":38477,"url":"http:\/\/vincentians.com\/fr\/le-directeur-provincial-animateur-des-filles-de-la-charite\/","url_meta":{"origin":107984,"position":4},"title":"Le Directeur Provincial \u201canimateur\u201d des Filles de la Charit\u00e9","author":"Francisco Javier Fern\u00e1ndez Chento","date":"03\/10\/2012","format":false,"excerpt":"Dans les Constitutions des Filles de la Charit\u00e9, nous trouvons \u00e0 l\u2019article 3.38: le Directeur Provincial est un pr\u00eatre de la Congr\u00e9gation de la Mission, nomm\u00e9 par le Sup\u00e9rieur G\u00e9n\u00e9ral; \u201cil partage avec la Visitatrice et son Conseil la responsabilit\u00e9 de promouvoir l\u2019esprit vincentien dans la Province\u201d Missionnaire, le directeur\u2026","rel":"","context":"Dans &quot;Congr\u00e9gation de la Mission&quot;","block_context":{"text":"Congr\u00e9gation de la Mission","link":"http:\/\/vincentians.com\/fr\/category\/congregation-de-la-mission\/"},"img":{"alt_text":"","src":"https:\/\/i0.wp.com\/vincentiens.org\/wp-content\/uploads\/2011\/05\/filles_charite-228x300.jpg?resize=350%2C200","width":350,"height":200},"classes":[]},{"id":42759,"url":"http:\/\/vincentians.com\/fr\/saint-vincent-de-paul-maitre-doraison-chapitre-premier\/","url_meta":{"origin":107984,"position":5},"title":"Saint Vincent De Paul, Ma\u00eetre d\u2019Oraison. Chapitre I","author":"Francisco Javier Fern\u00e1ndez Chento","date":"11\/05\/2015","format":false,"excerpt":"Chapitre premier Ce qu\u2019est L\u2019oraison au point de vue psychique Psychologue de premier ordre, comme son contemporain et ami Fran\u00e7ois de Sales, saint Vincent de Paul ne se m\u00e9prend sur la nature psychique de l\u2019oraison mentale. Sous ses formes multiples et \u00e0 ses divers degr\u00e9s, cette derni\u00e8re est \u00e0 ses\u2026","rel":"","context":"Dans &quot;Vincent de Paul&quot;","block_context":{"text":"Vincent de Paul","link":"http:\/\/vincentians.com\/fr\/category\/the-vincentian-family\/founders\/vincent-de-paul\/"},"img":{"alt_text":"","src":"https:\/\/i0.wp.com\/vincentians.com\/fr\/wp-content\/uploads\/sites\/10\/2016\/07\/vincent-maitre-d-oraison.jpg?fit=1200%2C630&resize=350%2C200","width":350,"height":200,"srcset":"https:\/\/i0.wp.com\/vincentians.com\/fr\/wp-content\/uploads\/sites\/10\/2016\/07\/vincent-maitre-d-oraison.jpg?fit=1200%2C630&resize=350%2C200 1x, https:\/\/i0.wp.com\/vincentians.com\/fr\/wp-content\/uploads\/sites\/10\/2016\/07\/vincent-maitre-d-oraison.jpg?fit=1200%2C630&resize=525%2C300 1.5x, https:\/\/i0.wp.com\/vincentians.com\/fr\/wp-content\/uploads\/sites\/10\/2016\/07\/vincent-maitre-d-oraison.jpg?fit=1200%2C630&resize=700%2C400 2x, https:\/\/i0.wp.com\/vincentians.com\/fr\/wp-content\/uploads\/sites\/10\/2016\/07\/vincent-maitre-d-oraison.jpg?fit=1200%2C630&resize=1050%2C600 3x"},"classes":[]}],"_links":{"self":[{"href":"http:\/\/vincentians.com\/fr\/wp-json\/wp\/v2\/posts\/107984","targetHints":{"allow":["GET"]}}],"collection":[{"href":"http:\/\/vincentians.com\/fr\/wp-json\/wp\/v2\/posts"}],"about":[{"href":"http:\/\/vincentians.com\/fr\/wp-json\/wp\/v2\/types\/post"}],"author":[{"embeddable":true,"href":"http:\/\/vincentians.com\/fr\/wp-json\/wp\/v2\/users\/4"}],"replies":[{"embeddable":true,"href":"http:\/\/vincentians.com\/fr\/wp-json\/wp\/v2\/comments?post=107984"}],"version-history":[{"count":0,"href":"http:\/\/vincentians.com\/fr\/wp-json\/wp\/v2\/posts\/107984\/revisions"}],"wp:featuredmedia":[{"embeddable":true,"href":"http:\/\/vincentians.com\/fr\/wp-json\/wp\/v2\/media\/189808"}],"wp:attachment":[{"href":"http:\/\/vincentians.com\/fr\/wp-json\/wp\/v2\/media?parent=107984"}],"wp:term":[{"taxonomy":"category","embeddable":true,"href":"http:\/\/vincentians.com\/fr\/wp-json\/wp\/v2\/categories?post=107984"},{"taxonomy":"post_tag","embeddable":true,"href":"http:\/\/vincentians.com\/fr\/wp-json\/wp\/v2\/tags?post=107984"}],"curies":[{"name":"wp","href":"https:\/\/api.w.org\/{rel}","templated":true}]}}