{"id":107981,"date":"2014-02-02T19:18:22","date_gmt":"2014-02-02T18:18:22","guid":{"rendered":"http:\/\/vincentiens.org\/?p=107981"},"modified":"2014-02-02T19:18:22","modified_gmt":"2014-02-02T18:18:22","slug":"histoire-generale-de-la-congregation-de-la-mission-36","status":"publish","type":"post","link":"http:\/\/vincentians.com\/fr\/histoire-generale-de-la-congregation-de-la-mission-36\/","title":{"rendered":"Histoire g\u00e9n\u00e9rale de la Congr\u00e9gation de la Mission (36)"},"content":{"rendered":"<h2><b><b><b><b>XXXVI. Missionnaires d\u2019Alger, et de Madagascar<\/b><\/b><\/b><\/b><\/h2>\n<p><a href=\"https:\/\/i0.wp.com\/vincentiens.org\/wp-content\/uploads\/2012\/12\/logocm.png\"><img data-recalc-dims=\"1\" loading=\"lazy\" decoding=\"async\" class=\"alignright size-medium wp-image-104093\" alt=\"logocm\" src=\"https:\/\/i0.wp.com\/vincentiens.org\/wp-content\/uploads\/2012\/12\/logocm-245x300.png?resize=245%2C300\" width=\"245\" height=\"300\" \/><\/a>On recevait de temps en temps des nouvelles de M. Levacher<span id='easy-footnote-1-107981' class='easy-footnote-margin-adjust'><\/span><span class='easy-footnote'><a href='http:\/\/vincentians.com\/fr\/histoire-generale-de-la-congregation-de-la-mission-36\/#easy-footnote-bottom-1-107981' title='Jean Levacher, 1619-1683.'><sup>1<\/sup><\/a><\/span> qui, depuis la mort de M. Vincent, continuait de travailler \u00e0 Alger, en Barbarie, au service et soulagement des pauvres esclaves chr\u00e9tiens, comme avaient fait M. Julien Gu\u00e9rin<span id='easy-footnote-2-107981' class='easy-footnote-margin-adjust'><\/span><span class='easy-footnote'><a href='http:\/\/vincentians.com\/fr\/histoire-generale-de-la-congregation-de-la-mission-36\/#easy-footnote-bottom-2-107981' title='1605-1648.'><sup>2<\/sup><\/a><\/span> et autres ses pr\u00e9d\u00e9cesseurs. Nous avons re\u00e7u, \u00e9crit M. Jolly, le 9 mars 1673, des lettres de M. Levacher, qui mande que Dieu conserve sa pauvre \u00e9glise souffrante en paix ; et ce qui est bien consolant, c\u2019est qu\u2019il se sert de l\u2019esclavage du corps pour retirer quantit\u00e9 d\u2019\u00e2mes de la servitude spirituelle du d\u00e9mon, non seulement par la conversion des p\u00e9cheurs catholiques, mais encore par la r\u00e9duction de<b> <\/b>quantit\u00e9 d\u2019h\u00e9r\u00e9tiques de toutes nations \u00e0 notre sainte religion. Nous avons c\u00e9ans, depuis quelques mois, notre fr\u00e8re Dubourdieu<span id='easy-footnote-3-107981' class='easy-footnote-margin-adjust'><\/span><span class='easy-footnote'><a href='http:\/\/vincentians.com\/fr\/histoire-generale-de-la-congregation-de-la-mission-36\/#easy-footnote-bottom-3-107981' title='Jean-Arnoult Dubourdieu, n\u00e9 1626\u00a0; mort 1677.'><sup>3<\/sup><\/a><\/span> ; consul de la nation fran\u00e7aise \u00e0 Alger, il fut renvoy\u00e9 en France par le bey et son gendre, parce qu\u2019il s\u2019opposait avec courage aux infractions du trait\u00e9 de paix fait avec le Roi ; et comme, pour les contenter, les ministres d\u2019\u00c9tat n\u2019ont pas jug\u00e9 \u00e0 propos d\u2019y renvoyer notre dit fr\u00e8re, nous en avons pr\u00e9sent\u00e9 un autre pour lui succ\u00e9der. La cour avait laiss\u00e9 \u00e0 M. Vincent la disposition du consulat d\u2019Alger pour que les pr\u00eatres fussent plus en \u00e9tat de soulager les esclaves ; dans la suite on n\u2019envoya plus de fr\u00e8res, et il se trouva des marchands qui ont exerc\u00e9 cet emploi. M. Jolly continue : Nous voyons, de m\u00eame quelque disposition pour recouvrer le consulat de Tunis qu\u2019on nous avait \u00f4t\u00e9 par surprise, ce qui serait<b> <\/b>une occasion pour \u00e9tendre nos services au profit des pauvres esclaves qui sont l\u00e0 en tr\u00e8s grand nombre. Toutefois, cela ne r\u00e9ussit pas.<\/p>\n<p>M. Levacher, ayant trop de travail s\u2019en trouva incommod\u00e9 comme il l\u2019\u00e9crivit au g\u00e9n\u00e9ral en 1677, en demandant avec instance du secours. M. Jolly mande sur cela qu\u2019il esp\u00e9rait lui envoyer bient\u00f4t ; un pr\u00eatre pour le soulager, et, qu\u2019en attendant, il avait fait partir le fr\u00e8re Guillaume Tardif<span id='easy-footnote-4-107981' class='easy-footnote-margin-adjust'><\/span><span class='easy-footnote'><a href='http:\/\/vincentians.com\/fr\/histoire-generale-de-la-congregation-de-la-mission-36\/#easy-footnote-bottom-4-107981' title='1641-1721.'><sup>4<\/sup><\/a><\/span>, qu\u2019il connaissait pour avoir d\u00e9j\u00e0 demeur\u00e9 avec lui avant qu\u2019il f\u00fbt de la Congr\u00e9gation et en \u00e9tait content. On ne put faire partir ce pr\u00eatre et M. Levacher \u00e9tait encore en 1681. M. Jolly \u00e9crivant pour lors aux maisons, entre autres nouvelles : M. Levacher est toujours \u00e0 Alger, fort infirme. Nous avons destin\u00e9 du secours pour lui ; mais il s\u2019est rencontr\u00e9 jusqu\u2019\u00e0 pr\u00e9sent quelques difficult\u00e9s pour le faire<b> <\/b>partir que nous esp\u00e9rons \u00eatre bient\u00f4t lev\u00e9es. Il rend toujours de tr\u00e8s grands services aux pauvres esclaves chr\u00e9tiens.<\/p>\n<p>Il s\u2019en fallut bien qu\u2019on p\u00fbt envoyer sit\u00f4t ce secours \u00e0 M. Levacher, les choses se brouill\u00e8rent tout \u00e0 fait entre la France et les Alg\u00e9riens, qui faisant des pirateries continuelles contre les Fran\u00e7ais, oblig\u00e8rent le roi tr\u00e8s chr\u00e9tien \u00e0 y envoyer une flotte, command\u00e9e par M. Duquesne, c\u00e9l\u00e8bre marin, pour bombarder leur ville ; et ces infid\u00e8les firent p\u00e9rir tragiquement M. Levacher en l682, en le mettant la bouche du canon. Quelque temps apr\u00e8s on convint d\u2019un trait\u00e9, et M. Jolly envoya \u00e0 Alger M. Montmasson<span id='easy-footnote-5-107981' class='easy-footnote-margin-adjust'><\/span><span class='easy-footnote'><a href='http:\/\/vincentians.com\/fr\/histoire-generale-de-la-congregation-de-la-mission-36\/#easy-footnote-bottom-5-107981' title='Michel Montmasson, 1639-1688.'><sup>5<\/sup><\/a><\/span>, revenu devant de Madagascar, apr\u00e8s la retraite des Fran\u00e7ais de cette \u00eele. Il y alla avec deux fr\u00e8res, le f[r\u00e8re] Fran\u00e7ois Francillon<span id='easy-footnote-6-107981' class='easy-footnote-margin-adjust'><\/span><span class='easy-footnote'><a href='http:\/\/vincentians.com\/fr\/histoire-generale-de-la-congregation-de-la-mission-36\/#easy-footnote-bottom-6-107981' title='1621-1688.'><sup>6<\/sup><\/a><\/span> et le f[r\u00e8re] Jacques Leclerc<span id='easy-footnote-7-107981' class='easy-footnote-margin-adjust'><\/span><span class='easy-footnote'><a href='http:\/\/vincentians.com\/fr\/histoire-generale-de-la-congregation-de-la-mission-36\/#easy-footnote-bottom-7-107981' title='N\u00e9 1658.'><sup>7<\/sup><\/a><\/span>. Mais la paix ne dura pas : les Alg\u00e9riens recommenc\u00e8rent leur premier train, et, en 1688, le Roi<b> <\/b>envoya une autre flotte devant Alger, command\u00e9e par le mar\u00e9chal d\u2019Etr\u00e9es qui, par un nouveau bombardement, r\u00e9duisit une partie de la ville en cendres. Ces malheureux, enrag\u00e9s de se voir ainsi trait\u00e9s, prirent ce qu\u2019il y avait de Fran\u00e7ais dans leur ville pour les mettre \u00e0 la bouche du canon et envoy\u00e8rent ainsi leurs membres dispers\u00e9s contre ceux qui bombardaient la ville. Ils trait\u00e8rent de la sorte le pauvre M. Montmasson, \u00e0 qui m\u00eame le peuple fit insulte et des outrages sanglants quand on le conduisait au supplice. Quelques-uns lui propos\u00e8rent de sauver sa vie en renon\u00e7ant \u00e0 sa religion pour suivre la loi de Mahomet ; mais il eut horreur, comme il devait, de cette dangereuse proposition. Ce qui fait qu\u2019on doit regarder sa mort comme une esp\u00e8ce de martyre.<\/p>\n<p>Le f[r\u00e8re] Fran\u00e7ois Francillon mourut avec lui. L\u2019autre fut d\u00e9livr\u00e9, parce que quelqu\u2019un alla dire qu\u2019il \u00e9tait savoyard,<b> <\/b>ce que ce fr\u00e8re ne confirma pourtant pas, cela n\u2019\u00e9tant pas vrai. C\u2019\u00e9tait M. Montmasson qui \u00e9tait originaire de Savoie ; les travaux que ce bon Missionnaire avait accomplis dans l\u2019\u00eele de Madagascar et dans les voyages pour y aller et revenir, et encore davantage la vie tr\u00e8s vertueuse qu\u2019il avait men\u00e9e engag\u00e8rent la divine Providence \u00e0 ne le pas priver en cette rencontre de la couronne du martyre et de la gloire d\u2019une mort aussi pr\u00e9cieuse que celle qu\u2019il souffrit.<\/p>\n<p>Il revient un autre de Madagascar, mais qui se trouva si affaibli de ses fatigues qu\u2019il en mourut bient\u00f4t apr\u00e8s \u00e0 St.-Lazare. On avait d\u00e9j\u00e0 appris le triste sort des colons fran\u00e7ais dans cette \u00eele qu\u2019ils furent oblig\u00e9s d\u2019abandonner. En 1673, M. Jolly \u00e9crivait aux maisons : Quant aux Missionnaires de Madagascar, il y a bient\u00f4t un an que nous n\u2019en<b> <\/b>n\u2019avons re\u00e7u aucunes nouvelles, et, selon ce qu\u2019ils nous mandaient par leur derni\u00e8re lettre, il y a sujet de croire que les habitants du pays les auront massacr\u00e9s ; d\u2019autant plus que le peu de Fran\u00e7ais qui y restaient \u00e9taient d\u00e9pourvus d\u2019armes et de munitions, par-l\u00e0 expos\u00e9s en proie \u00e0 leurs ennemis. Les vaisseaux des Fran\u00e7ais n\u2019y passent plus depuis que Mrs. de la Compagnie des Indes ont abandonn\u00e9 cette \u00eele. Nous n\u2019avons pu leur donner aucun secours, et ils n\u2019ont pas m\u00eame eu la consolation, comme ils nous \u00e9crivent, de recevoir aucunes de nos lettres, quoique nous leur ayons \u00e9crit par tous les embarquements qui se sont faits ; de sorte qu\u2019\u00e9tant d\u00e9pourvus de tous secours humains, ils ne peuvent attendre assistance que de Dieu seul, qui ne manque pas de pourvoir aux besoins de ceux qui se confient en lui. C\u2019est ce que je vous prie, avec votre famille, de lui demander pour eux d\u2019une<b> <\/b>fa\u00e7on particuli\u00e8re. Il r\u00e9p\u00e9tait la m\u00eame chose dans une autre lettre du 23 7bre : Nous ne recevons aucunes nouvelles de nos pauvres confr\u00e8res de Madagascar ; je continue \u00e0 les recommander \u00e0 vos pri\u00e8res.<\/p>\n<p>On voit ensuite revenir M. Montmasson avec son compagnon, les autres \u00e9tant d\u00e9c\u00e9d\u00e9s en diverses fa\u00e7ons dans cette \u00eele. On n\u2019y envoya plus personne.<\/p>\n<p>Divers Fran\u00e7ais s\u2019\u00e9taient retir\u00e9s de Madagascar dans l\u2019\u00eele de Mascareignes ou \u00eele Bourbon, qui en est voisine, o\u00f9 m\u00eame on envoyait des forts de l\u2019\u00eele de Madagascar, les fain\u00e9ants et autres dont on voulait \u00e9loigner se d\u00e9faire, en punition de leur mauvaise vie. Y ayant trouv\u00e9 un bon air et fait quelques habitations, Mrs. de la Compagnie des Indes s\u2019en accommod\u00e8rent, et ont perfectionn\u00e9 cette nouvelle colonie comme un lieu propre pour rafra\u00eechir les vaisseaux allant aux Indes orientales. Ils ont demand\u00e9<b> <\/b>des Missionnaires qui y sont all\u00e9s prendre soin du spirituel en ces derniers temps ; ainsi cette nouvelle mission peut tenir lieu de celle de Madagascar. Pour ce qui est d\u2019Alger, on demeura quelques ann\u00e9es \u00e0 convenir d\u2019une paix avec ces infid\u00e8les ; laquelle \u00e9tant faite on y envoya de nouveaux missionnaires. Mais on parlera de tout ceci dans la suite.<\/p>\n","protected":false},"excerpt":{"rendered":"<p>XXXVI. Missionnaires d\u2019Alger, et de Madagascar On recevait de temps en temps des nouvelles de M. Levacher qui, depuis la mort de M. Vincent, continuait de travailler \u00e0 Alger, en Barbarie, au service et soulagement &#8230; <a href=\"http:\/\/vincentians.com\/fr\/histoire-generale-de-la-congregation-de-la-mission-36\/\" class=\"more-link\">Read More<\/a><\/p>\n","protected":false},"author":4,"featured_media":189808,"comment_status":"open","ping_status":"open","sticky":false,"template":"","format":"standard","meta":{"jetpack_post_was_ever_published":false,"_jetpack_newsletter_access":"","_jetpack_dont_email_post_to_subs":false,"_jetpack_newsletter_tier_id":0,"_jetpack_memberships_contains_paywalled_content":false,"_jetpack_memberships_contains_paid_content":false,"footnotes":"","jetpack_publicize_message":"","jetpack_publicize_feature_enabled":true,"jetpack_social_post_already_shared":true,"jetpack_social_options":{"image_generator_settings":{"template":"highway","default_image_id":0,"font":"","enabled":false},"version":2}},"categories":[134],"tags":[],"class_list":["post-107981","post","type-post","status-publish","format-standard","has-post-thumbnail","hentry","category-histoire-de-la-congregation-de-la-mission"],"yoast_head":"<!-- This site is optimized with the Yoast SEO plugin v26.3 - https:\/\/yoast.com\/wordpress\/plugins\/seo\/ -->\n<title>Histoire g\u00e9n\u00e9rale de la Congr\u00e9gation de la Mission (36) - Nous Sommes Vincentiens<\/title>\n<meta name=\"robots\" content=\"index, follow, max-snippet:-1, max-image-preview:large, max-video-preview:-1\" \/>\n<link rel=\"canonical\" href=\"http:\/\/vincentians.com\/fr\/histoire-generale-de-la-congregation-de-la-mission-36\/\" \/>\n<meta property=\"og:locale\" content=\"fr_FR\" \/>\n<meta property=\"og:type\" content=\"article\" \/>\n<meta property=\"og:title\" content=\"Histoire g\u00e9n\u00e9rale de la Congr\u00e9gation de la Mission (36) - Nous Sommes Vincentiens\" \/>\n<meta property=\"og:description\" content=\"XXXVI. Missionnaires d\u2019Alger, et de Madagascar On recevait de temps en temps des nouvelles de M. Levacher qui, depuis la mort de M. Vincent, continuait de travailler \u00e0 Alger, en Barbarie, au service et soulagement ... Read More\" \/>\n<meta property=\"og:url\" content=\"http:\/\/vincentians.com\/fr\/histoire-generale-de-la-congregation-de-la-mission-36\/\" \/>\n<meta property=\"og:site_name\" content=\"Nous Sommes Vincentiens\" \/>\n<meta property=\"article:publisher\" content=\"https:\/\/www.facebook.com\/WeAreVincentians\/\" \/>\n<meta property=\"article:author\" content=\"https:\/\/www.facebook.com\/JavierChento\" \/>\n<meta property=\"article:published_time\" content=\"2014-02-02T18:18:22+00:00\" \/>\n<meta property=\"og:image\" content=\"https:\/\/i0.wp.com\/vincentians.com\/fr\/wp-content\/uploads\/sites\/10\/2016\/07\/histoire-generale-de-la-congregation-de-la-mission.jpg?fit=1200%2C630\" \/>\n\t<meta property=\"og:image:width\" content=\"1200\" \/>\n\t<meta property=\"og:image:height\" content=\"630\" \/>\n\t<meta property=\"og:image:type\" content=\"image\/jpeg\" \/>\n<meta name=\"author\" content=\"Francisco Javier Fern\u00e1ndez Chento\" \/>\n<meta name=\"twitter:card\" content=\"summary_large_image\" \/>\n<meta name=\"twitter:creator\" content=\"@https:\/\/twitter.com\/javierchento\" \/>\n<meta name=\"twitter:site\" content=\"@WeVincentians\" \/>\n<meta name=\"twitter:label1\" content=\"\u00c9crit par\" \/>\n\t<meta name=\"twitter:data1\" content=\"Francisco Javier Fern\u00e1ndez Chento\" \/>\n\t<meta name=\"twitter:label2\" content=\"Dur\u00e9e de lecture estim\u00e9e\" \/>\n\t<meta name=\"twitter:data2\" content=\"7 minutes\" \/>\n<script type=\"application\/ld+json\" class=\"yoast-schema-graph\">{\"@context\":\"https:\/\/schema.org\",\"@graph\":[{\"@type\":\"WebPage\",\"@id\":\"http:\/\/vincentians.com\/fr\/histoire-generale-de-la-congregation-de-la-mission-36\/\",\"url\":\"http:\/\/vincentians.com\/fr\/histoire-generale-de-la-congregation-de-la-mission-36\/\",\"name\":\"Histoire g\u00e9n\u00e9rale de la Congr\u00e9gation de la Mission (36) - Nous Sommes Vincentiens\",\"isPartOf\":{\"@id\":\"http:\/\/vincentians.com\/fr\/#website\"},\"primaryImageOfPage\":{\"@id\":\"http:\/\/vincentians.com\/fr\/histoire-generale-de-la-congregation-de-la-mission-36\/#primaryimage\"},\"image\":{\"@id\":\"http:\/\/vincentians.com\/fr\/histoire-generale-de-la-congregation-de-la-mission-36\/#primaryimage\"},\"thumbnailUrl\":\"https:\/\/i0.wp.com\/vincentians.com\/fr\/wp-content\/uploads\/sites\/10\/2016\/07\/histoire-generale-de-la-congregation-de-la-mission.jpg?fit=1200%2C630\",\"datePublished\":\"2014-02-02T18:18:22+00:00\",\"author\":{\"@id\":\"http:\/\/vincentians.com\/fr\/#\/schema\/person\/9623ef4d9aa3b2dfb8c061f1499288f2\"},\"breadcrumb\":{\"@id\":\"http:\/\/vincentians.com\/fr\/histoire-generale-de-la-congregation-de-la-mission-36\/#breadcrumb\"},\"inLanguage\":\"fr-FR\",\"potentialAction\":[{\"@type\":\"ReadAction\",\"target\":[\"http:\/\/vincentians.com\/fr\/histoire-generale-de-la-congregation-de-la-mission-36\/\"]}]},{\"@type\":\"ImageObject\",\"inLanguage\":\"fr-FR\",\"@id\":\"http:\/\/vincentians.com\/fr\/histoire-generale-de-la-congregation-de-la-mission-36\/#primaryimage\",\"url\":\"https:\/\/i0.wp.com\/vincentians.com\/fr\/wp-content\/uploads\/sites\/10\/2016\/07\/histoire-generale-de-la-congregation-de-la-mission.jpg?fit=1200%2C630\",\"contentUrl\":\"https:\/\/i0.wp.com\/vincentians.com\/fr\/wp-content\/uploads\/sites\/10\/2016\/07\/histoire-generale-de-la-congregation-de-la-mission.jpg?fit=1200%2C630\",\"width\":1200,\"height\":630},{\"@type\":\"BreadcrumbList\",\"@id\":\"http:\/\/vincentians.com\/fr\/histoire-generale-de-la-congregation-de-la-mission-36\/#breadcrumb\",\"itemListElement\":[{\"@type\":\"ListItem\",\"position\":1,\"name\":\"Portada\",\"item\":\"http:\/\/vincentians.com\/fr\/\"},{\"@type\":\"ListItem\",\"position\":2,\"name\":\"Histoire g\u00e9n\u00e9rale de la Congr\u00e9gation de la Mission (36)\"}]},{\"@type\":\"WebSite\",\"@id\":\"http:\/\/vincentians.com\/fr\/#website\",\"url\":\"http:\/\/vincentians.com\/fr\/\",\"name\":\"Nous Sommes Vincentiens\",\"description\":\"Know more to serve more\",\"potentialAction\":[{\"@type\":\"SearchAction\",\"target\":{\"@type\":\"EntryPoint\",\"urlTemplate\":\"http:\/\/vincentians.com\/fr\/?s={search_term_string}\"},\"query-input\":{\"@type\":\"PropertyValueSpecification\",\"valueRequired\":true,\"valueName\":\"search_term_string\"}}],\"inLanguage\":\"fr-FR\"},{\"@type\":\"Person\",\"@id\":\"http:\/\/vincentians.com\/fr\/#\/schema\/person\/9623ef4d9aa3b2dfb8c061f1499288f2\",\"name\":\"Francisco Javier Fern\u00e1ndez Chento\",\"image\":{\"@type\":\"ImageObject\",\"inLanguage\":\"fr-FR\",\"@id\":\"http:\/\/vincentians.com\/fr\/#\/schema\/person\/image\/\",\"url\":\"https:\/\/secure.gravatar.com\/avatar\/497d5cde87b4c3d097d0315953521681ba2cd523ee66e5077c3711f7021e65de?s=96&d=mm&r=g\",\"contentUrl\":\"https:\/\/secure.gravatar.com\/avatar\/497d5cde87b4c3d097d0315953521681ba2cd523ee66e5077c3711f7021e65de?s=96&d=mm&r=g\",\"caption\":\"Francisco Javier Fern\u00e1ndez Chento\"},\"description\":\"Director General y cofundador de La Red de Formaci\u00f3n Vicenciana. Javier es laico vicenciano, afiliado a la Congregaci\u00f3n de la Misi\u00f3n y miembro del Equipo de Misiones Populares de la provincia can\u00f3nica de Zaragoza (Espa\u00f1a) de la Congregaci\u00f3n de la Misi\u00f3n. Graduado en la Universidad Oberta de Catalunya con cuatro grados (Asistente de direcci\u00f3n, Gesti\u00f3n Administrativa, Recursos Humanos y Contabilidad Avanzada). Bil\u00edng\u00fce Espa\u00f1ol\/Ingl\u00e9s. gestiona y mantiene varias p\u00e1ginas web cristianas y vicencianas, incluida including La Red de Formaci\u00f3n Vicenciana, de la que es cofundador. Actualmente es responsable del \u00e1rea de Espa\u00f1ol de .famvin, la Red de Noticias de la Familia Vicenciana. Tambi\u00e9n es m\u00fasico cat\u00f3lico y ha editado varios discos. Es Director General y cofundador de Trovador, una reconocida compa\u00f1\u00eda discogr\u00e1fica critiana de Espa\u00f1a. Trabaja en las Tecnolog\u00edas de la Informaci\u00f3n, ofreciendo servicios de alojamiento, dise\u00f1o y mantenimiento Web, as\u00ed como asesoramiento, formaci\u00f3n y soluciones inform\u00e1ticas, gesti\u00f3n documental y digitalizaci\u00f3n de textos, edici\u00f3n y maquetaci\u00f3n de libros, revistas, flyers, etc.\",\"sameAs\":[\"http:\/\/chento.org\",\"https:\/\/www.facebook.com\/JavierChento\",\"https:\/\/x.com\/https:\/\/twitter.com\/javierchento\"],\"url\":\"http:\/\/vincentians.com\/fr\/author\/chento\/\"}]}<\/script>\n<!-- \/ Yoast SEO plugin. -->","yoast_head_json":{"title":"Histoire g\u00e9n\u00e9rale de la Congr\u00e9gation de la Mission (36) - Nous Sommes Vincentiens","robots":{"index":"index","follow":"follow","max-snippet":"max-snippet:-1","max-image-preview":"max-image-preview:large","max-video-preview":"max-video-preview:-1"},"canonical":"http:\/\/vincentians.com\/fr\/histoire-generale-de-la-congregation-de-la-mission-36\/","og_locale":"fr_FR","og_type":"article","og_title":"Histoire g\u00e9n\u00e9rale de la Congr\u00e9gation de la Mission (36) - Nous Sommes Vincentiens","og_description":"XXXVI. Missionnaires d\u2019Alger, et de Madagascar On recevait de temps en temps des nouvelles de M. Levacher qui, depuis la mort de M. Vincent, continuait de travailler \u00e0 Alger, en Barbarie, au service et soulagement ... Read More","og_url":"http:\/\/vincentians.com\/fr\/histoire-generale-de-la-congregation-de-la-mission-36\/","og_site_name":"Nous Sommes Vincentiens","article_publisher":"https:\/\/www.facebook.com\/WeAreVincentians\/","article_author":"https:\/\/www.facebook.com\/JavierChento","article_published_time":"2014-02-02T18:18:22+00:00","og_image":[{"width":1200,"height":630,"url":"https:\/\/i0.wp.com\/vincentians.com\/fr\/wp-content\/uploads\/sites\/10\/2016\/07\/histoire-generale-de-la-congregation-de-la-mission.jpg?fit=1200%2C630","type":"image\/jpeg"}],"author":"Francisco Javier Fern\u00e1ndez Chento","twitter_card":"summary_large_image","twitter_creator":"@https:\/\/twitter.com\/javierchento","twitter_site":"@WeVincentians","twitter_misc":{"\u00c9crit par":"Francisco Javier Fern\u00e1ndez Chento","Dur\u00e9e de lecture estim\u00e9e":"7 minutes"},"schema":{"@context":"https:\/\/schema.org","@graph":[{"@type":"WebPage","@id":"http:\/\/vincentians.com\/fr\/histoire-generale-de-la-congregation-de-la-mission-36\/","url":"http:\/\/vincentians.com\/fr\/histoire-generale-de-la-congregation-de-la-mission-36\/","name":"Histoire g\u00e9n\u00e9rale de la Congr\u00e9gation de la Mission (36) - Nous Sommes Vincentiens","isPartOf":{"@id":"http:\/\/vincentians.com\/fr\/#website"},"primaryImageOfPage":{"@id":"http:\/\/vincentians.com\/fr\/histoire-generale-de-la-congregation-de-la-mission-36\/#primaryimage"},"image":{"@id":"http:\/\/vincentians.com\/fr\/histoire-generale-de-la-congregation-de-la-mission-36\/#primaryimage"},"thumbnailUrl":"https:\/\/i0.wp.com\/vincentians.com\/fr\/wp-content\/uploads\/sites\/10\/2016\/07\/histoire-generale-de-la-congregation-de-la-mission.jpg?fit=1200%2C630","datePublished":"2014-02-02T18:18:22+00:00","author":{"@id":"http:\/\/vincentians.com\/fr\/#\/schema\/person\/9623ef4d9aa3b2dfb8c061f1499288f2"},"breadcrumb":{"@id":"http:\/\/vincentians.com\/fr\/histoire-generale-de-la-congregation-de-la-mission-36\/#breadcrumb"},"inLanguage":"fr-FR","potentialAction":[{"@type":"ReadAction","target":["http:\/\/vincentians.com\/fr\/histoire-generale-de-la-congregation-de-la-mission-36\/"]}]},{"@type":"ImageObject","inLanguage":"fr-FR","@id":"http:\/\/vincentians.com\/fr\/histoire-generale-de-la-congregation-de-la-mission-36\/#primaryimage","url":"https:\/\/i0.wp.com\/vincentians.com\/fr\/wp-content\/uploads\/sites\/10\/2016\/07\/histoire-generale-de-la-congregation-de-la-mission.jpg?fit=1200%2C630","contentUrl":"https:\/\/i0.wp.com\/vincentians.com\/fr\/wp-content\/uploads\/sites\/10\/2016\/07\/histoire-generale-de-la-congregation-de-la-mission.jpg?fit=1200%2C630","width":1200,"height":630},{"@type":"BreadcrumbList","@id":"http:\/\/vincentians.com\/fr\/histoire-generale-de-la-congregation-de-la-mission-36\/#breadcrumb","itemListElement":[{"@type":"ListItem","position":1,"name":"Portada","item":"http:\/\/vincentians.com\/fr\/"},{"@type":"ListItem","position":2,"name":"Histoire g\u00e9n\u00e9rale de la Congr\u00e9gation de la Mission (36)"}]},{"@type":"WebSite","@id":"http:\/\/vincentians.com\/fr\/#website","url":"http:\/\/vincentians.com\/fr\/","name":"Nous Sommes Vincentiens","description":"Know more to serve more","potentialAction":[{"@type":"SearchAction","target":{"@type":"EntryPoint","urlTemplate":"http:\/\/vincentians.com\/fr\/?s={search_term_string}"},"query-input":{"@type":"PropertyValueSpecification","valueRequired":true,"valueName":"search_term_string"}}],"inLanguage":"fr-FR"},{"@type":"Person","@id":"http:\/\/vincentians.com\/fr\/#\/schema\/person\/9623ef4d9aa3b2dfb8c061f1499288f2","name":"Francisco Javier Fern\u00e1ndez Chento","image":{"@type":"ImageObject","inLanguage":"fr-FR","@id":"http:\/\/vincentians.com\/fr\/#\/schema\/person\/image\/","url":"https:\/\/secure.gravatar.com\/avatar\/497d5cde87b4c3d097d0315953521681ba2cd523ee66e5077c3711f7021e65de?s=96&d=mm&r=g","contentUrl":"https:\/\/secure.gravatar.com\/avatar\/497d5cde87b4c3d097d0315953521681ba2cd523ee66e5077c3711f7021e65de?s=96&d=mm&r=g","caption":"Francisco Javier Fern\u00e1ndez Chento"},"description":"Director General y cofundador de La Red de Formaci\u00f3n Vicenciana. Javier es laico vicenciano, afiliado a la Congregaci\u00f3n de la Misi\u00f3n y miembro del Equipo de Misiones Populares de la provincia can\u00f3nica de Zaragoza (Espa\u00f1a) de la Congregaci\u00f3n de la Misi\u00f3n. Graduado en la Universidad Oberta de Catalunya con cuatro grados (Asistente de direcci\u00f3n, Gesti\u00f3n Administrativa, Recursos Humanos y Contabilidad Avanzada). Bil\u00edng\u00fce Espa\u00f1ol\/Ingl\u00e9s. gestiona y mantiene varias p\u00e1ginas web cristianas y vicencianas, incluida including La Red de Formaci\u00f3n Vicenciana, de la que es cofundador. Actualmente es responsable del \u00e1rea de Espa\u00f1ol de .famvin, la Red de Noticias de la Familia Vicenciana. Tambi\u00e9n es m\u00fasico cat\u00f3lico y ha editado varios discos. Es Director General y cofundador de Trovador, una reconocida compa\u00f1\u00eda discogr\u00e1fica critiana de Espa\u00f1a. Trabaja en las Tecnolog\u00edas de la Informaci\u00f3n, ofreciendo servicios de alojamiento, dise\u00f1o y mantenimiento Web, as\u00ed como asesoramiento, formaci\u00f3n y soluciones inform\u00e1ticas, gesti\u00f3n documental y digitalizaci\u00f3n de textos, edici\u00f3n y maquetaci\u00f3n de libros, revistas, flyers, etc.","sameAs":["http:\/\/chento.org","https:\/\/www.facebook.com\/JavierChento","https:\/\/x.com\/https:\/\/twitter.com\/javierchento"],"url":"http:\/\/vincentians.com\/fr\/author\/chento\/"}]}},"jetpack_publicize_connections":[],"jetpack_featured_media_url":"https:\/\/i0.wp.com\/vincentians.com\/fr\/wp-content\/uploads\/sites\/10\/2016\/07\/histoire-generale-de-la-congregation-de-la-mission.jpg?fit=1200%2C630","jetpack_sharing_enabled":true,"jetpack_shortlink":"https:\/\/wp.me\/p7ETMP-s5D","jetpack-related-posts":[{"id":38477,"url":"http:\/\/vincentians.com\/fr\/le-directeur-provincial-animateur-des-filles-de-la-charite\/","url_meta":{"origin":107981,"position":0},"title":"Le Directeur Provincial \u201canimateur\u201d des Filles de la Charit\u00e9","author":"Francisco Javier Fern\u00e1ndez Chento","date":"03\/10\/2012","format":false,"excerpt":"Dans les Constitutions des Filles de la Charit\u00e9, nous trouvons \u00e0 l\u2019article 3.38: le Directeur Provincial est un pr\u00eatre de la Congr\u00e9gation de la Mission, nomm\u00e9 par le Sup\u00e9rieur G\u00e9n\u00e9ral; \u201cil partage avec la Visitatrice et son Conseil la responsabilit\u00e9 de promouvoir l\u2019esprit vincentien dans la Province\u201d Missionnaire, le directeur\u2026","rel":"","context":"Dans &quot;Congr\u00e9gation de la Mission&quot;","block_context":{"text":"Congr\u00e9gation de la Mission","link":"http:\/\/vincentians.com\/fr\/category\/congregation-de-la-mission\/"},"img":{"alt_text":"","src":"https:\/\/i0.wp.com\/vincentiens.org\/wp-content\/uploads\/2011\/05\/filles_charite-228x300.jpg?resize=350%2C200","width":350,"height":200},"classes":[]},{"id":108238,"url":"http:\/\/vincentians.com\/fr\/histoire-generale-de-la-congregation-de-la-mission-56\/","url_meta":{"origin":107981,"position":1},"title":"Histoire g\u00e9n\u00e9rale de la Congr\u00e9gation de la Mission (56)","author":"Francisco Javier Fern\u00e1ndez Chento","date":"22\/02\/2014","format":false,"excerpt":"LVI. Missionnaires envoy\u00e9s \u00e0 Alger d\u2019autres \u00e0 la Chine La Congr\u00e9gation ne se rebuta pas d\u2019envoyer de nouveaux ouvriers \u00e0 Alger pour procurer les soulagements accoutum\u00e9s aux pauvres esclaves chr\u00e9tiens, quoiqu\u2019elle e\u00fbt vu la mani\u00e8re barbare dont on y avait \u00f4t\u00e9 la vie \u00e0 M. Montmasson et \u00e0 un fr\u00e8re.\u2026","rel":"","context":"Dans &quot;Histoire de la Congr\u00e9gation de la Mission&quot;","block_context":{"text":"Histoire de la Congr\u00e9gation de la Mission","link":"http:\/\/vincentians.com\/fr\/category\/histoire-de-la-congregation-de-la-mission\/"},"img":{"alt_text":"","src":"https:\/\/i0.wp.com\/vincentians.com\/fr\/wp-content\/uploads\/sites\/10\/2016\/07\/histoire-generale-de-la-congregation-de-la-mission.jpg?fit=1200%2C630&resize=350%2C200","width":350,"height":200,"srcset":"https:\/\/i0.wp.com\/vincentians.com\/fr\/wp-content\/uploads\/sites\/10\/2016\/07\/histoire-generale-de-la-congregation-de-la-mission.jpg?fit=1200%2C630&resize=350%2C200 1x, https:\/\/i0.wp.com\/vincentians.com\/fr\/wp-content\/uploads\/sites\/10\/2016\/07\/histoire-generale-de-la-congregation-de-la-mission.jpg?fit=1200%2C630&resize=525%2C300 1.5x, https:\/\/i0.wp.com\/vincentians.com\/fr\/wp-content\/uploads\/sites\/10\/2016\/07\/histoire-generale-de-la-congregation-de-la-mission.jpg?fit=1200%2C630&resize=700%2C400 2x, https:\/\/i0.wp.com\/vincentians.com\/fr\/wp-content\/uploads\/sites\/10\/2016\/07\/histoire-generale-de-la-congregation-de-la-mission.jpg?fit=1200%2C630&resize=1050%2C600 3x"},"classes":[]},{"id":151062,"url":"http:\/\/vincentians.com\/fr\/histoire-generale-de-la-congregation-de-la-mission-74\/","url_meta":{"origin":107981,"position":2},"title":"Histoire g\u00e9n\u00e9rale de la Congr\u00e9gation de la Mission (74)","author":"Francisco Javier Fern\u00e1ndez Chento","date":"20\/01\/2015","format":false,"excerpt":"LXXIV. Les Missionnaires d\u2019Alger De la Chine nous reviendrons en Barbarie, pour faire le r\u00e9cit de ce que les Missionnaires ont fait \u00e0 Alger. On a vu ci-devant comment M. Lorance y \u00e9tait install\u00e9 avec le fr\u00e8re Jacques Leclerc, en qualit\u00e9 de vicaire de l\u2019archev\u00eaque de Carthage, et comment on\u2026","rel":"","context":"Dans &quot;Histoire de la Congr\u00e9gation de la Mission&quot;","block_context":{"text":"Histoire de la Congr\u00e9gation de la Mission","link":"http:\/\/vincentians.com\/fr\/category\/histoire-de-la-congregation-de-la-mission\/"},"img":{"alt_text":"","src":"https:\/\/i0.wp.com\/vincentians.com\/fr\/wp-content\/uploads\/sites\/10\/2016\/07\/histoire-generale-de-la-congregation-de-la-mission.jpg?fit=1200%2C630&resize=350%2C200","width":350,"height":200,"srcset":"https:\/\/i0.wp.com\/vincentians.com\/fr\/wp-content\/uploads\/sites\/10\/2016\/07\/histoire-generale-de-la-congregation-de-la-mission.jpg?fit=1200%2C630&resize=350%2C200 1x, https:\/\/i0.wp.com\/vincentians.com\/fr\/wp-content\/uploads\/sites\/10\/2016\/07\/histoire-generale-de-la-congregation-de-la-mission.jpg?fit=1200%2C630&resize=525%2C300 1.5x, https:\/\/i0.wp.com\/vincentians.com\/fr\/wp-content\/uploads\/sites\/10\/2016\/07\/histoire-generale-de-la-congregation-de-la-mission.jpg?fit=1200%2C630&resize=700%2C400 2x, https:\/\/i0.wp.com\/vincentians.com\/fr\/wp-content\/uploads\/sites\/10\/2016\/07\/histoire-generale-de-la-congregation-de-la-mission.jpg?fit=1200%2C630&resize=1050%2C600 3x"},"classes":[]},{"id":52068,"url":"http:\/\/vincentians.com\/fr\/saint-vincent-de-paul-et-sa-mission-sociale-vi-la-posterite-1\/","url_meta":{"origin":107981,"position":3},"title":"Saint Vincent De Paul Et Sa Mission Sociale. VI &#8211; La Post\u00e9rit\u00e9 (1)","author":"Francisco Javier Fern\u00e1ndez Chento","date":"30\/12\/2014","format":false,"excerpt":"L\u2019ACCROISSEMENT. \u2014 Extension des deux familles de saint Vincent de Paul. \u2014 Progr\u00e8s de leurs \u0153uvres. \u2014 Les missions \u00e9trang\u00e8res et les s\u00e9minaires. \u2014 Les successeurs de saint Vincent. \u2014 Congr\u00e9gations religieuses fond\u00e9es sur le mod\u00e8le de la Mission. \u2014 Les Filles de la Charit\u00e9 en France et \u00e0 l\u2019\u00e9tranger.\u2026","rel":"","context":"Dans &quot;Vincent de Paul&quot;","block_context":{"text":"Vincent de Paul","link":"http:\/\/vincentians.com\/fr\/category\/the-vincentian-family\/founders\/vincent-de-paul\/"},"img":{"alt_text":"","src":"https:\/\/i0.wp.com\/vincentians.com\/fr\/wp-content\/uploads\/sites\/10\/2016\/07\/vincent-et-sa-action-sociale.jpg?fit=1160%2C630&resize=350%2C200","width":350,"height":200,"srcset":"https:\/\/i0.wp.com\/vincentians.com\/fr\/wp-content\/uploads\/sites\/10\/2016\/07\/vincent-et-sa-action-sociale.jpg?fit=1160%2C630&resize=350%2C200 1x, https:\/\/i0.wp.com\/vincentians.com\/fr\/wp-content\/uploads\/sites\/10\/2016\/07\/vincent-et-sa-action-sociale.jpg?fit=1160%2C630&resize=525%2C300 1.5x, https:\/\/i0.wp.com\/vincentians.com\/fr\/wp-content\/uploads\/sites\/10\/2016\/07\/vincent-et-sa-action-sociale.jpg?fit=1160%2C630&resize=700%2C400 2x, https:\/\/i0.wp.com\/vincentians.com\/fr\/wp-content\/uploads\/sites\/10\/2016\/07\/vincent-et-sa-action-sociale.jpg?fit=1160%2C630&resize=1050%2C600 3x"},"classes":[]},{"id":52035,"url":"http:\/\/vincentians.com\/fr\/saint-vincent-de-paul-et-sa-mission-sociale-ii-les-oeuvres-2\/","url_meta":{"origin":107981,"position":4},"title":"Saint Vincent De Paul Et Sa Mission Sociale. II &#8211; Les \u0152uvres (2)","author":"Francisco Javier Fern\u00e1ndez Chento","date":"22\/12\/2014","format":false,"excerpt":"LA CONGR\u00c9GATION DE LA MISSION. \u2014 Fondation de la Mission. \u2014 Madame de Gondi. \u2014 Vincent de Paul est nomm\u00e9 sup\u00e9rieur du coll\u00e8ge des Bons-Enfants. \u2014 Les fondateurs d\u2019ordre. \u2014 But de la Congr\u00e9gation de la Mission. \u2014 L\u2019\u00e9vang\u00e9lisation des pauvres. \u2014 \u00c9tablissement \u00e0 Saint-Lazare. \u2014 Premiers travaux des missionnaires.\u2026","rel":"","context":"Dans &quot;Vincent de Paul&quot;","block_context":{"text":"Vincent de Paul","link":"http:\/\/vincentians.com\/fr\/category\/the-vincentian-family\/founders\/vincent-de-paul\/"},"img":{"alt_text":"","src":"https:\/\/i0.wp.com\/vincentians.com\/fr\/wp-content\/uploads\/sites\/10\/2016\/07\/vincent-et-sa-action-sociale.jpg?fit=1160%2C630&resize=350%2C200","width":350,"height":200,"srcset":"https:\/\/i0.wp.com\/vincentians.com\/fr\/wp-content\/uploads\/sites\/10\/2016\/07\/vincent-et-sa-action-sociale.jpg?fit=1160%2C630&resize=350%2C200 1x, https:\/\/i0.wp.com\/vincentians.com\/fr\/wp-content\/uploads\/sites\/10\/2016\/07\/vincent-et-sa-action-sociale.jpg?fit=1160%2C630&resize=525%2C300 1.5x, https:\/\/i0.wp.com\/vincentians.com\/fr\/wp-content\/uploads\/sites\/10\/2016\/07\/vincent-et-sa-action-sociale.jpg?fit=1160%2C630&resize=700%2C400 2x, https:\/\/i0.wp.com\/vincentians.com\/fr\/wp-content\/uploads\/sites\/10\/2016\/07\/vincent-et-sa-action-sociale.jpg?fit=1160%2C630&resize=1050%2C600 3x"},"classes":[]},{"id":190341,"url":"http:\/\/vincentians.com\/fr\/ephemerides-18-mars\/","url_meta":{"origin":107981,"position":5},"title":"Eph\u00e9m\u00e9rides : 18 mars","author":"Francisco Javier Fern\u00e1ndez Chento","date":"18\/03\/2017","format":false,"excerpt":"1654. Sainte Louise se r\u00e9jouit de la bonne sant\u00e9 des Soeurs d'Angers et leur \u00e9crit\u00a0: \"Comme vous tenez vos forces de la main de Dieu, je vous prie de les employer aussi avec plaisir et joie pour son amour dans le Service des autres. Encouragez-vous l'une l'autre et que les\u2026","rel":"","context":"Dans &quot;\u00c9ph\u00e9m\u00e9rides vincentiens&quot;","block_context":{"text":"\u00c9ph\u00e9m\u00e9rides vincentiens","link":"http:\/\/vincentians.com\/fr\/category\/ephemerides-vincentiens\/"},"img":{"alt_text":"","src":"https:\/\/i0.wp.com\/vincentians.com\/fr\/wp-content\/uploads\/sites\/10\/2016\/07\/ephemerides-fb.jpg?fit=1200%2C630&resize=350%2C200","width":350,"height":200,"srcset":"https:\/\/i0.wp.com\/vincentians.com\/fr\/wp-content\/uploads\/sites\/10\/2016\/07\/ephemerides-fb.jpg?fit=1200%2C630&resize=350%2C200 1x, https:\/\/i0.wp.com\/vincentians.com\/fr\/wp-content\/uploads\/sites\/10\/2016\/07\/ephemerides-fb.jpg?fit=1200%2C630&resize=525%2C300 1.5x, https:\/\/i0.wp.com\/vincentians.com\/fr\/wp-content\/uploads\/sites\/10\/2016\/07\/ephemerides-fb.jpg?fit=1200%2C630&resize=700%2C400 2x, https:\/\/i0.wp.com\/vincentians.com\/fr\/wp-content\/uploads\/sites\/10\/2016\/07\/ephemerides-fb.jpg?fit=1200%2C630&resize=1050%2C600 3x"},"classes":[]}],"_links":{"self":[{"href":"http:\/\/vincentians.com\/fr\/wp-json\/wp\/v2\/posts\/107981","targetHints":{"allow":["GET"]}}],"collection":[{"href":"http:\/\/vincentians.com\/fr\/wp-json\/wp\/v2\/posts"}],"about":[{"href":"http:\/\/vincentians.com\/fr\/wp-json\/wp\/v2\/types\/post"}],"author":[{"embeddable":true,"href":"http:\/\/vincentians.com\/fr\/wp-json\/wp\/v2\/users\/4"}],"replies":[{"embeddable":true,"href":"http:\/\/vincentians.com\/fr\/wp-json\/wp\/v2\/comments?post=107981"}],"version-history":[{"count":0,"href":"http:\/\/vincentians.com\/fr\/wp-json\/wp\/v2\/posts\/107981\/revisions"}],"wp:featuredmedia":[{"embeddable":true,"href":"http:\/\/vincentians.com\/fr\/wp-json\/wp\/v2\/media\/189808"}],"wp:attachment":[{"href":"http:\/\/vincentians.com\/fr\/wp-json\/wp\/v2\/media?parent=107981"}],"wp:term":[{"taxonomy":"category","embeddable":true,"href":"http:\/\/vincentians.com\/fr\/wp-json\/wp\/v2\/categories?post=107981"},{"taxonomy":"post_tag","embeddable":true,"href":"http:\/\/vincentians.com\/fr\/wp-json\/wp\/v2\/tags?post=107981"}],"curies":[{"name":"wp","href":"https:\/\/api.w.org\/{rel}","templated":true}]}}