{"id":107979,"date":"2014-01-31T19:18:22","date_gmt":"2014-01-31T18:18:22","guid":{"rendered":"http:\/\/vincentiens.org\/?p=107979"},"modified":"2014-01-31T19:18:22","modified_gmt":"2014-01-31T18:18:22","slug":"histoire-generale-de-la-congregation-de-la-mission-34","status":"publish","type":"post","link":"http:\/\/vincentians.com\/fr\/histoire-generale-de-la-congregation-de-la-mission-34\/","title":{"rendered":"Histoire g\u00e9n\u00e9rale de la Congr\u00e9gation de la Mission (34)"},"content":{"rendered":"<h2><b><b><b><b>XXXIV. Fruits des missions et s\u00e9minaires d\u2019Italie<\/b><\/b><\/b><\/b><\/h2>\n<p><a href=\"https:\/\/i0.wp.com\/vincentiens.org\/wp-content\/uploads\/2012\/12\/logocm.png\"><img data-recalc-dims=\"1\" loading=\"lazy\" decoding=\"async\" class=\"alignright size-medium wp-image-104093\" alt=\"logocm\" src=\"https:\/\/i0.wp.com\/vincentiens.org\/wp-content\/uploads\/2012\/12\/logocm-245x300.png?resize=245%2C300\" width=\"245\" height=\"300\" \/><\/a>M. Jolly ne s\u2019explique ainsi qu\u2019en g\u00e9n\u00e9ral dans ses diff\u00e9rentes lettres sur le bon succ\u00e8s des fonctions de la Compagnie en France. Il entre un peu plus en d\u00e9tail pour ce qui regarde les pays \u00e9trangers, que les Missionnaires fran\u00e7ais savent<b> <\/b>commun\u00e9ment moins, et par cons\u00e9quent sont plus curieux d\u2019apprendre. Il particularise donc les biens qui se faisaient en Italie dans la premi\u00e8re lettre qu\u2019on a cit\u00e9e : M. Simon m\u2019\u00e9crit de Rome que, Dieu merci, son s\u00e9minaire externe va de mieux en mieux ; que les exercices de l\u2019ordination sont presque continuels en cette maison, \u00e0 cause des <i>extra tempora<\/i>. N[otre] S[aint] P[\u00e8re] le Pape et le cardinal vicaire \u00e9tant si z\u00e9l\u00e9s pour ces exercices qu\u2019ils n\u2019en dispensent presque personne, ni pour le lieu, ni pour le temps. C\u2019\u00e9tait ce qui avait rendu la maison principalement recommandable ; les \u00e9v\u00eaques et les cardinaux en faisant un grand cas, surtout depuis le bref d\u2019Alexandre VII en 1662, qui obligeait, sous peine de suspense, tous ceux qui aspireraient \u00e0 quelque ordre sacr\u00e9 \u00e0 Rome ou dans les<b> <\/b>\u00e9v\u00each\u00e9s suffragants, de passer 8 jours dans les exercices, se r\u00e9servant \u00e0 lui et \u00e0 ses successeurs le pouvoir d\u2019en dispenser ; pratique que son successeur Cl\u00e9ment IX continua avec la m\u00eame affection, en montrant pour cela une estime particuli\u00e8re de la Congr\u00e9gation, ainsi qu\u2019il est rapport\u00e9 dans la vie italienne de M. Vincent. Tout de m\u00eame le pape Cl\u00e9ment X et Innocent XI, son successeur, qui avait dit : depuis peu, ajoute M. Jolly, \u00e0 un pr\u00e9lat de condition, officier de sa chancellerie, qui avait demand\u00e9 permission d\u2019aller dans une autre communaut\u00e9 pour se disposer aux ordres, aux Quatre-temps de Car\u00eame. Non, je ne le veux pas ; allez \u00e0 la Mission, et vous en serez consol\u00e9. Le pape leur a t\u00e9moign\u00e9 beaucoup de bont\u00e9 et leur a accord\u00e9 ais\u00e9ment plusieurs gr\u00e2ces en consid\u00e9ration de l\u2019utilit\u00e9 de leurs fonctions, qui s\u2019exercent plus dans<b> <\/b>cette maison que dans pas une autre de la Congr\u00e9gation, avec beaucoup de b\u00e9n\u00e9diction et d\u2019\u00e9dification du prochain.<\/p>\n<p>Et dans la lettre suivante : Nos maisons d\u2019Italie s\u2019accommodent de plus en plus et multiplient en ouvriers par le moyen des s\u00e9minaires \u00e9tablis \u00e0 Rome et \u00e0 G\u00eanes. La maison de Naples r\u00e9ussit tr\u00e8s bien ; on y travaille continuellement aux missions, que Dieu b\u00e9nit, et on y fait les exercices de l\u2019ordination deux fois l\u2019ann\u00e9e avec succ\u00e8s ; elle a eu tous les affermissements n\u00e9cessaires de la part des ministres royaux. Celle de Rome est dans l\u2019approbation du pape et de la cour romaine, continuant de r\u00e9pandre de plus en plus une bonne odeur de pi\u00e9t\u00e9 et de charit\u00e9 ; les ordinations y sont fr\u00e9quentes, les retraites presque continuelles ; la conf\u00e9rence des eccl\u00e9siastiques y produit bien du fruit,<b> <\/b>et un s\u00e9minaire externe qu\u2019on y a commenc\u00e9 depuis quelques mois prend un bon train. Il y a ordinairement trois bandes d\u2019ouvriers en mission, et, outre tous ces emplois, on y est encore charg\u00e9 de la direction spirituelle des s\u00e9minaristes du coll\u00e8ge <i>De propaganda fide<\/i>. Cette maison, ayant tant d\u2019emplois, n\u2019avait pas assez de logement. La Providence y a pourvu en disposant quelques voisins \u00e0 vendre leurs maisons \u00e0 un prix raisonnable, et nous y avons envoy\u00e9 de quoi les payer, au moins en bonne partie. On l\u2019aurait bien pu trouver en Italie ; mais le premier emplacement ayant \u00e9t\u00e9 achet\u00e9 de l\u2019argent des Fran\u00e7ais, on voulut s\u2019assurer la libert\u00e9 d\u2019y tenir les Missionnaires originaires de ce royaume, pr\u00e9voyant peut-\u00eatre des difficult\u00e9s qu\u2019on pourrait former dans la suite du c\u00f4t\u00e9 des Italiens. Voil\u00e0 les n\u00f4tres<b> <\/b>log\u00e9s assez largement, poursuit M. Jolly ; ils ont de la place pour s\u2019accommoder encore davantage quand ils en auront besoin.<\/p>\n<p>Il fait dans sa lettre du 20 9bre 1680, M. Jolly fait une ample relation des biens que faisait la maison de Bastia, dans l\u2019\u00eele de Corse, suivant ce que lui en avait mand\u00e9 M. Sappia<span id='easy-footnote-1-107979' class='easy-footnote-margin-adjust'><\/span><span class='easy-footnote'><a href='http:\/\/vincentians.com\/fr\/histoire-generale-de-la-congregation-de-la-mission-34\/#easy-footnote-bottom-1-107979' title='Jacques Sappia, n\u00e9 1633.'><sup>1<\/sup><\/a><\/span>, qui en \u00e9tait sup\u00e9rieur. Le fruit de ces missions, dit-il, n\u2019a pas \u00e9t\u00e9 moindre cette ann\u00e9e que les pr\u00e9c\u00e9dentes. Divers meurtres s\u2019y seraient commis si Dieu ne les avait emp\u00each\u00e9s par ce moyen, de m\u00eame que plusieurs haines et inimiti\u00e9s auraient continu\u00e9 dans les familles. On a fait cette ann\u00e9e environ quatre cents r\u00e9conciliations ; en sorte qu\u2019il y a seulement quatre personnes qui ont refus\u00e9 de se r\u00e9concilier, et deux d\u2019entre elles ayant \u00e9t\u00e9 touch\u00e9es de Dieu par des accidents impr\u00e9vus, l\u2019ont fait ensuite, malgr\u00e9<b> <\/b>mille jurements par lesquels elles s\u2019\u00e9taient auparavant oblig\u00e9es de n\u2019en rien faire. La derni\u00e8re mission s\u2019est faite dans un lieu o\u00f9 \u00e9tait l\u2019assembl\u00e9e de tous les d\u00e9sordres qu\u2019on peut commettre. On y trouva plus de deux cents incestueux, habitant tous ensemble depuis plusieurs ann\u00e9es, tous excommuni\u00e9s ; plus de deux cents inimiti\u00e9s. Presque tous avaient pris le bien d\u2019autrui. Et on appelait les habitants de ce lieu-l\u00e0 les majorquins de la c\u00f4te. C\u2019est que les majorquins sont de grands pirates sur mer. Ils ne lassent point de d\u00e9rober, sans honte d\u2019\u00eatre reconnus pour voleurs ; et il n\u2019est pas ais\u00e9 de punir leurs crimes, parce que, demeurant dans un pays environn\u00e9 de montagnes presque inaccessibles, les officiers de justice n\u2019y entrent que malais\u00e9ment, et pour lors les habitants, quoique divis\u00e9s entre eux, se r\u00e9unissent pour tuer les sergents et soldats assez hardis pour les approcher et ex\u00e9cuter quelque chose contre eux ; en sorte que les<b> <\/b>bandits sont l\u00e0 avec autant d\u2019assurance qu\u2019ils le seraient \u00e0 Saint-Pierre de Rome : on y vend ce qui a \u00e9t\u00e9 vol\u00e9 aussi librement que le pain dans le march\u00e9. On a travaill\u00e9 l\u00e0 presque tout le mois de juillet. Tous les incestueux se sont s\u00e9par\u00e9s les uns des autres, les ennemis se sont r\u00e9concili\u00e9s, les larrons ont rendu ce qu\u2019ils avaient pris ; et pour les restitutions incertaines, ils ont donn\u00e9 aux \u00e9glises et autres lieux de pi\u00e9t\u00e9, qui des chevaux, qui des b\u0153ufs, qui des moutons, qui une partie de leurs terres.<\/p>\n<p>Comme ils se sont fait plusieurs torts les uns aux autres, les principaux du lieu, qui avaient le plus souffert, pri\u00e8rent instamment les Missionnaires de demander au peuple, pour l\u2019amour de Dieu et le pardon de leurs p\u00e9ch\u00e9s, qu\u2019ils se remissent les dommages qu\u2019ils s\u2019\u00e9taient faits les uns aux autres ; ce qu\u2019ils firent si volontiers, qu\u2019ils interrompirent le pr\u00e9dicateur et<b> <\/b>dirent des paroles tr\u00e8s tendres, jusqu\u2019\u00e0 tirer des larmes des plus endurcis. Un des principaux du lieu, qui avait depuis 14 ans v\u00e9cu en haine avec le neveu et les parents du cur\u00e9, avait d\u00e9j\u00e0 tu\u00e9 treize personnes d\u2019entre eux ; et ceux-ci, bien que puissants, d\u00e9siraient se r\u00e9concilier, jugeant qu\u2019on avait assez r\u00e9pandu de sang et d\u00e9pens\u00e9 de bien, y ayant des bestiaux tu\u00e9s pour la valeur de dix mille livres de part et d\u2019autre. Il ne voulait absolument point entendre \u00e0 se r\u00e9concilier. Mais la parole de Dieu le toucha et il y consentit, \u00e0 condition toutefois d\u2019\u00eatre d\u00e9dommag\u00e9 des pertes qu\u2019il avait faites. On le lui accorda, et \u00e0 ce coup, il se jeta au cou de ses ennemis, il les embrassa les uns apr\u00e8s les autres et leur remit tout ce qu\u2019ils lui devaient, disant qu\u2019il ne voulait autre chose, sinon de vivre en fr\u00e8re avec eux. Toute cette relation est belle et ne m\u00e9rite pas moins d\u2019attention que celle, qui se trouve dans la Vie de M. Vincent, des premi\u00e8res missions faites en cette \u00eele.<\/p>\n<p>Dans la lettre d\u2019apr\u00e8s, dat\u00e9e du 29 ao\u00fbt 1681, M. Jolly parle du fruit des missions faites dans le dioc\u00e8se de Reggio, en Lombardie, sur les montagnes de l\u2019Apennin. Il y a eu, dit-il, quelque chose d\u2019extraordinaire ; le peuple y est venu en foule, de deux ou trois lieues, quoiqu\u2019il fall\u00fbt passer des rivi\u00e8res grosses et rapides, en danger de se noyer. On fut oblig\u00e9 de faire les fonctions dans la campagne, hors des \u00e9glises qui ne pouvaient contenir les auditeurs ; on y a fait des conf\u00e9rences spirituelles aux pr\u00eatres qui venaient en grand nombre. Ils se sont trouv\u00e9s quelquefois plus de cinquante, de 20 ou 25 villages des environs. M. Chaussinon<span id='easy-footnote-2-107979' class='easy-footnote-margin-adjust'><\/span><span class='easy-footnote'><a href='http:\/\/vincentians.com\/fr\/histoire-generale-de-la-congregation-de-la-mission-34\/#easy-footnote-bottom-2-107979' title='Fran\u00e7ois Chosinnon, n\u00e9 1642.'><sup>2<\/sup><\/a><\/span>, qui est sup\u00e9rieur de cette maison, il est le dernier Missionnaire fran\u00e7ais qui est mort en Italie depuis quelque temps. Il mande qu\u2019on \u00e9tait \u00e9difi\u00e9 de voir<b> <\/b>un si grand nombre de cur\u00e9s venir tous les jours, d\u2019une ou deux lieues, entendre le cat\u00e9chisme et les sermons ; ils se trouv\u00e8rent, dans la derni\u00e8re mission, jusqu\u2019\u00e0 80 et davantage. Les besoins spirituels sont tr\u00e8s grands en ce pays-l\u00e0, et il y a de grands abus ; mais on y trouve beaucoup de docilit\u00e9 dans les pr\u00e9lats et le peuple. On a \u00f4t\u00e9 les occasions du p\u00e9ch\u00e9, fait cesser les scandales publics ; ceux qui avaient de mauvais commerces depuis 15 ou 20 ans, les ont rompus ; les autres se sont mari\u00e9s. Les ennemis se sont r\u00e9concili\u00e9s, et tous g\u00e9n\u00e9ralement ont tir\u00e9 un fruit extraordinaire de ces missions, surtout Mrs. les cur\u00e9s et autres eccl\u00e9siastiques. Un d\u2019eux a demeur\u00e9 tout le temps de la mission dans le lieu o\u00f9 elle s\u2019est faite, sans vouloir dire la messe ; il disait avoir eu le c\u0153ur touch\u00e9 de Dieu et \u00eatre r\u00e9solu de mener une meilleure vie \u00e0 l\u2019avenir ; il avait<b> <\/b>entendu une voix int\u00e9rieure qui lui disait : Va \u00e0 la mission, Dieu ne te touchera peut-\u00eatre jamais le c\u0153ur dans une autre occasion. Il vint chercher la mission \u00e0 sept ou huit lieues loin de sa r\u00e9sidence. Le pr\u00e9lat, ajoute M. Jolly, est extr\u00eamement content de ces bons succ\u00e8s ; il fait travailler \u00e0 la construction de la maison, de la chapelle et de la sacristie.<\/p>\n<p>Il parle encore des missions de Corse faites en 1681, et il dit que Dieu avait abondamment vers\u00e9 ses gr\u00e2ces par beaucoup de r\u00e9conciliations, et une entre autres tr\u00e8s notable. Laquelle tenait toute une paroisse en division, et les partis ne voulaient \u00e9couter aucune proposition de paix, jusqu\u2019\u00e0 la veille du d\u00e9part des Missionnaires. Pour lors on se r\u00e9concilia, au grand contentement de tout le monde. L\u00e0<b> <\/b>m\u00eame, un pr\u00eatre, qui avait v\u00e9cu avec scandale, arr\u00eata le pr\u00e9dicateur pendant le sermon et ayant pris le crucifix en main, demanda pardon publiquement de sa vie. Dans une autre paroisse, un homme qui voulait faire un faux serment, ayant \u00e9t\u00e9 averti par un Missionnaire de n\u2019en rien faire, sans vouloir suivre son conseil, il y ajouta cette impr\u00e9cation : Si je ne dis pas vrai que je meure dans une heure de mort subite. Le jour suivant, il fut mordu par un poisson venimeux et saisi incontinent de telles douleurs qu\u2019on croyait qu\u2019il allait mourir. Un Missionnaire vint le confesser, et sit\u00f4t qu\u2019il eut commenc\u00e9 sa confession ses douleurs diminu\u00e8rent. Il promit, apr\u00e8s sa confession, de restituer ce qu\u2019il avait jur\u00e9 n\u2019avoir pas pris, et son mal cessa sur-le-champ : ce qu\u2019on prit pour un miracle.<\/p>\n<p>Dans un autre lieu, le seigneur<b> <\/b>avait tenu chez soi une concubine durant plusieurs ann\u00e9es, et l\u2019\u00e9v\u00eaque et divers religieux s\u2019\u00e9taient employ\u00e9s en vain pour la lui faire quitter. On n\u2019avait rien pu gagner par les excommunications dont on l\u2019avait frapp\u00e9. Il vint aux sermons de la mission, o\u00f9 il versa beaucoup de larmes ; il chassa sa concubine, et a depuis autant \u00e9difi\u00e9 ses sujets qu\u2019il les avait scandalis\u00e9s auparavant. Il alla plusieurs fois nu-pieds en un lieu de d\u00e9votion o\u00f9 il entendait la messe, et il protesta que jamais plus il ne tomberait dans son p\u00e9ch\u00e9 ; ce qu\u2019il a ex\u00e9cut\u00e9.<\/p>\n<p>On ajoute \u00e0 tout cela que quoique les travaux et les fatigues de ces missions fussent tr\u00e8s grands, la b\u00e9n\u00e9diction que Dieu y donnait les rendait tr\u00e8s doux.<\/p>\n<p>Puis M. Jolly, parlant d\u2019une autre maison d\u2019Italie, dit : M. Martin, qui est \u00e0 P\u00e9rouse,<b> <\/b>\u00e0 \u00e9t\u00e9 invit\u00e9 par Mgr l\u2019\u00c9v\u00eaque de Citt\u00e0 della Pieve<span id='easy-footnote-3-107979' class='easy-footnote-margin-adjust'><\/span><span class='easy-footnote'><a href='http:\/\/vincentians.com\/fr\/histoire-generale-de-la-congregation-de-la-mission-34\/#easy-footnote-bottom-3-107979' title='Carlo Francesco Muti, \u2020 1710.'><sup>3<\/sup><\/a><\/span> d\u2019aller faire des missions dans son dioc\u00e8se, ce qu\u2019il a accompli avec la permission de Mgr l\u2019\u00c9v\u00eaque de P\u00e9rouse, et il s\u2019y est fait beaucoup de bien. Mgr l\u2019\u00c9v\u00eaque alla en procession \u00e0 la mission \u00e9loign\u00e9e de deux lieues de la ville \u00e9piscopale, accompagn\u00e9 de beaucoup de noblesse. Il assista \u00e0 la messe, donna la communion et se trouva l\u2019apr\u00e8s-d\u00eener \u00e0 la procession, t\u00e9moignant \u00eatre fort consol\u00e9 de tout cela. Le m\u00eame M. Martin, excellent missionnaire, ensuite sup\u00e9rieur \u00e0 Turin, o\u00f9 depuis il a r\u00e9sid\u00e9 longtemps, fit pareillement des missions tr\u00e8s fructueuses en diverses villes de Pi\u00e9mont. Il avait un talent merveilleux pour toucher les c\u0153urs et faire verser des larmes. Souvent des libertins, qui paraissaient enrag\u00e9s et confirm\u00e9s dans leur endurcissement, se rendaient \u00e0 la force de ses<b> <\/b>exhortations. Il est encore parl\u00e9 dans la m\u00eame lettre en peu de mots de la maison de Rome. On y continuait de faire des missions, \u00e0 la campagne et de travailler beaucoup \u00e0 la ville pour les ordinations, les retraites, le s\u00e9minaire externe, et les conf\u00e9rences, toujours une grande b\u00e9n\u00e9diction de Dieu. Et de m\u00eame \u00e0 G\u00eanes.<\/p>\n<p>Dans une lettre post\u00e9rieure dat\u00e9e du 15 9bre 1682, M. Jolly revient encore aux missions de l\u2019\u00eele de Corse : Il s\u2019y est fait, dit-il, des accommodements fort importants, et un grand nombre d\u2019\u00e2mes ont \u00e9t\u00e9 tir\u00e9es du mauvais \u00e9tat o\u00f9 elles \u00e9taient. En un lieu, le peuple vivait sans J.-C., sans parole de Dieu et sans sacrements, parce qu\u2019un pr\u00eatre emp\u00eachait que l\u2019\u00e9v\u00eaque n\u2019y p\u00fbt mettre un cur\u00e9. Les Missionnaires en firent l\u2019office par ordre du pr\u00e9lat,<b> <\/b>administrant les sacrements de bapt\u00eame, de p\u00e9nitence, d\u2019eucharistie, &amp;c., en sorte qu\u2019il semblait \u00e0 ce peuple de commencer \u00e0 \u00eatre chr\u00e9tien. En un autre endroit, la mission emp\u00eacha que les habitants de deux villages ne se massacrassent les uns les autres. Un homme ayant \u00e9t\u00e9 estropi\u00e9 par un autre ne voulut jamais lui pardonner, durant cinq ans, malgr\u00e9 toutes les pri\u00e8res qu\u2019on lui en avait fait et l\u2019intervention m\u00eame de l\u2019autorit\u00e9 des sup\u00e9rieurs. Toutefois, \u00e9tant touch\u00e9 de Dieu dans la mission, il embrassa son ennemi et le mena souper chez lui. Un autre, qui durant douze ans n\u2019avait pas voulu pardonner le meurtre de son p\u00e8re et de deux de ses fr\u00e8res, le fit dans la m\u00eame mission. Un autre encore baisa la main de celui qui avait tu\u00e9 son p\u00e8re. On a rem\u00e9di\u00e9 \u00e0 quantit\u00e9 d\u2019incestes et autres scandales publics ; on a fait reb\u00e2tir plusieurs \u00e9glises et je serais trop long<b> <\/b>\u00e0 vous dire les autres particularit\u00e9s. Demandons \u00e0 Dieu qu\u2019il lui plaise de conserver les fruits de sa gr\u00e2ce et envoyer bon nombre d\u2019ouvriers dans la moisson qui est ici grande comme elle est partout.<\/p>\n","protected":false},"excerpt":{"rendered":"<p>XXXIV. Fruits des missions et s\u00e9minaires d\u2019Italie M. Jolly ne s\u2019explique ainsi qu\u2019en g\u00e9n\u00e9ral dans ses diff\u00e9rentes lettres sur le bon succ\u00e8s des fonctions de la Compagnie en France. Il entre un peu plus en &#8230; <a href=\"http:\/\/vincentians.com\/fr\/histoire-generale-de-la-congregation-de-la-mission-34\/\" class=\"more-link\">Read More<\/a><\/p>\n","protected":false},"author":4,"featured_media":189808,"comment_status":"open","ping_status":"open","sticky":false,"template":"","format":"standard","meta":{"jetpack_post_was_ever_published":false,"_jetpack_newsletter_access":"","_jetpack_dont_email_post_to_subs":false,"_jetpack_newsletter_tier_id":0,"_jetpack_memberships_contains_paywalled_content":false,"_jetpack_memberships_contains_paid_content":false,"footnotes":"","jetpack_publicize_message":"","jetpack_publicize_feature_enabled":true,"jetpack_social_post_already_shared":true,"jetpack_social_options":{"image_generator_settings":{"template":"highway","default_image_id":0,"font":"","enabled":false},"version":2}},"categories":[134],"tags":[],"class_list":["post-107979","post","type-post","status-publish","format-standard","has-post-thumbnail","hentry","category-histoire-de-la-congregation-de-la-mission"],"yoast_head":"<!-- This site is optimized with the Yoast SEO plugin v26.3 - https:\/\/yoast.com\/wordpress\/plugins\/seo\/ -->\n<title>Histoire g\u00e9n\u00e9rale de la Congr\u00e9gation de la Mission (34) - Nous Sommes Vincentiens<\/title>\n<meta name=\"robots\" content=\"index, follow, max-snippet:-1, max-image-preview:large, max-video-preview:-1\" \/>\n<link rel=\"canonical\" href=\"https:\/\/vincentians.com\/fr\/histoire-generale-de-la-congregation-de-la-mission-34\/\" \/>\n<meta property=\"og:locale\" content=\"fr_FR\" \/>\n<meta property=\"og:type\" content=\"article\" \/>\n<meta property=\"og:title\" content=\"Histoire g\u00e9n\u00e9rale de la Congr\u00e9gation de la Mission (34) - Nous Sommes Vincentiens\" \/>\n<meta property=\"og:description\" content=\"XXXIV. Fruits des missions et s\u00e9minaires d\u2019Italie M. Jolly ne s\u2019explique ainsi qu\u2019en g\u00e9n\u00e9ral dans ses diff\u00e9rentes lettres sur le bon succ\u00e8s des fonctions de la Compagnie en France. Il entre un peu plus en ... Read More\" \/>\n<meta property=\"og:url\" content=\"https:\/\/vincentians.com\/fr\/histoire-generale-de-la-congregation-de-la-mission-34\/\" \/>\n<meta property=\"og:site_name\" content=\"Nous Sommes Vincentiens\" \/>\n<meta property=\"article:publisher\" content=\"https:\/\/www.facebook.com\/WeAreVincentians\/\" \/>\n<meta property=\"article:author\" content=\"https:\/\/www.facebook.com\/JavierChento\" \/>\n<meta property=\"article:published_time\" content=\"2014-01-31T18:18:22+00:00\" \/>\n<meta property=\"og:image\" content=\"https:\/\/i0.wp.com\/vincentians.com\/fr\/wp-content\/uploads\/sites\/10\/2016\/07\/histoire-generale-de-la-congregation-de-la-mission.jpg?fit=1200%2C630&ssl=1\" \/>\n\t<meta property=\"og:image:width\" content=\"1200\" \/>\n\t<meta property=\"og:image:height\" content=\"630\" \/>\n\t<meta property=\"og:image:type\" content=\"image\/jpeg\" \/>\n<meta name=\"author\" content=\"Francisco Javier Fern\u00e1ndez Chento\" \/>\n<meta name=\"twitter:card\" content=\"summary_large_image\" \/>\n<meta name=\"twitter:creator\" content=\"@https:\/\/twitter.com\/javierchento\" \/>\n<meta name=\"twitter:site\" content=\"@WeVincentians\" \/>\n<meta name=\"twitter:label1\" content=\"\u00c9crit par\" \/>\n\t<meta name=\"twitter:data1\" content=\"Francisco Javier Fern\u00e1ndez Chento\" \/>\n\t<meta name=\"twitter:label2\" content=\"Dur\u00e9e de lecture estim\u00e9e\" \/>\n\t<meta name=\"twitter:data2\" content=\"13 minutes\" \/>\n<script type=\"application\/ld+json\" class=\"yoast-schema-graph\">{\"@context\":\"https:\/\/schema.org\",\"@graph\":[{\"@type\":\"WebPage\",\"@id\":\"https:\/\/vincentians.com\/fr\/histoire-generale-de-la-congregation-de-la-mission-34\/\",\"url\":\"https:\/\/vincentians.com\/fr\/histoire-generale-de-la-congregation-de-la-mission-34\/\",\"name\":\"Histoire g\u00e9n\u00e9rale de la Congr\u00e9gation de la Mission (34) - Nous Sommes Vincentiens\",\"isPartOf\":{\"@id\":\"http:\/\/vincentians.com\/fr\/#website\"},\"primaryImageOfPage\":{\"@id\":\"https:\/\/vincentians.com\/fr\/histoire-generale-de-la-congregation-de-la-mission-34\/#primaryimage\"},\"image\":{\"@id\":\"https:\/\/vincentians.com\/fr\/histoire-generale-de-la-congregation-de-la-mission-34\/#primaryimage\"},\"thumbnailUrl\":\"https:\/\/i0.wp.com\/vincentians.com\/fr\/wp-content\/uploads\/sites\/10\/2016\/07\/histoire-generale-de-la-congregation-de-la-mission.jpg?fit=1200%2C630\",\"datePublished\":\"2014-01-31T18:18:22+00:00\",\"author\":{\"@id\":\"http:\/\/vincentians.com\/fr\/#\/schema\/person\/9623ef4d9aa3b2dfb8c061f1499288f2\"},\"breadcrumb\":{\"@id\":\"https:\/\/vincentians.com\/fr\/histoire-generale-de-la-congregation-de-la-mission-34\/#breadcrumb\"},\"inLanguage\":\"fr-FR\",\"potentialAction\":[{\"@type\":\"ReadAction\",\"target\":[\"https:\/\/vincentians.com\/fr\/histoire-generale-de-la-congregation-de-la-mission-34\/\"]}]},{\"@type\":\"ImageObject\",\"inLanguage\":\"fr-FR\",\"@id\":\"https:\/\/vincentians.com\/fr\/histoire-generale-de-la-congregation-de-la-mission-34\/#primaryimage\",\"url\":\"https:\/\/i0.wp.com\/vincentians.com\/fr\/wp-content\/uploads\/sites\/10\/2016\/07\/histoire-generale-de-la-congregation-de-la-mission.jpg?fit=1200%2C630\",\"contentUrl\":\"https:\/\/i0.wp.com\/vincentians.com\/fr\/wp-content\/uploads\/sites\/10\/2016\/07\/histoire-generale-de-la-congregation-de-la-mission.jpg?fit=1200%2C630\",\"width\":1200,\"height\":630},{\"@type\":\"BreadcrumbList\",\"@id\":\"https:\/\/vincentians.com\/fr\/histoire-generale-de-la-congregation-de-la-mission-34\/#breadcrumb\",\"itemListElement\":[{\"@type\":\"ListItem\",\"position\":1,\"name\":\"Portada\",\"item\":\"http:\/\/vincentians.com\/fr\/\"},{\"@type\":\"ListItem\",\"position\":2,\"name\":\"Histoire g\u00e9n\u00e9rale de la Congr\u00e9gation de la Mission (34)\"}]},{\"@type\":\"WebSite\",\"@id\":\"http:\/\/vincentians.com\/fr\/#website\",\"url\":\"http:\/\/vincentians.com\/fr\/\",\"name\":\"Nous Sommes Vincentiens\",\"description\":\"Know more to serve more\",\"potentialAction\":[{\"@type\":\"SearchAction\",\"target\":{\"@type\":\"EntryPoint\",\"urlTemplate\":\"http:\/\/vincentians.com\/fr\/?s={search_term_string}\"},\"query-input\":{\"@type\":\"PropertyValueSpecification\",\"valueRequired\":true,\"valueName\":\"search_term_string\"}}],\"inLanguage\":\"fr-FR\"},{\"@type\":\"Person\",\"@id\":\"http:\/\/vincentians.com\/fr\/#\/schema\/person\/9623ef4d9aa3b2dfb8c061f1499288f2\",\"name\":\"Francisco Javier Fern\u00e1ndez Chento\",\"image\":{\"@type\":\"ImageObject\",\"inLanguage\":\"fr-FR\",\"@id\":\"http:\/\/vincentians.com\/fr\/#\/schema\/person\/image\/\",\"url\":\"https:\/\/secure.gravatar.com\/avatar\/497d5cde87b4c3d097d0315953521681ba2cd523ee66e5077c3711f7021e65de?s=96&d=mm&r=g\",\"contentUrl\":\"https:\/\/secure.gravatar.com\/avatar\/497d5cde87b4c3d097d0315953521681ba2cd523ee66e5077c3711f7021e65de?s=96&d=mm&r=g\",\"caption\":\"Francisco Javier Fern\u00e1ndez Chento\"},\"description\":\"Director General y cofundador de La Red de Formaci\u00f3n Vicenciana. Javier es laico vicenciano, afiliado a la Congregaci\u00f3n de la Misi\u00f3n y miembro del Equipo de Misiones Populares de la provincia can\u00f3nica de Zaragoza (Espa\u00f1a) de la Congregaci\u00f3n de la Misi\u00f3n. Graduado en la Universidad Oberta de Catalunya con cuatro grados (Asistente de direcci\u00f3n, Gesti\u00f3n Administrativa, Recursos Humanos y Contabilidad Avanzada). Bil\u00edng\u00fce Espa\u00f1ol\/Ingl\u00e9s. gestiona y mantiene varias p\u00e1ginas web cristianas y vicencianas, incluida including La Red de Formaci\u00f3n Vicenciana, de la que es cofundador. Actualmente es responsable del \u00e1rea de Espa\u00f1ol de .famvin, la Red de Noticias de la Familia Vicenciana. Tambi\u00e9n es m\u00fasico cat\u00f3lico y ha editado varios discos. Es Director General y cofundador de Trovador, una reconocida compa\u00f1\u00eda discogr\u00e1fica critiana de Espa\u00f1a. Trabaja en las Tecnolog\u00edas de la Informaci\u00f3n, ofreciendo servicios de alojamiento, dise\u00f1o y mantenimiento Web, as\u00ed como asesoramiento, formaci\u00f3n y soluciones inform\u00e1ticas, gesti\u00f3n documental y digitalizaci\u00f3n de textos, edici\u00f3n y maquetaci\u00f3n de libros, revistas, flyers, etc.\",\"sameAs\":[\"http:\/\/chento.org\",\"https:\/\/www.facebook.com\/JavierChento\",\"https:\/\/x.com\/https:\/\/twitter.com\/javierchento\"],\"url\":\"http:\/\/vincentians.com\/fr\/author\/chento\/\"}]}<\/script>\n<!-- \/ Yoast SEO plugin. -->","yoast_head_json":{"title":"Histoire g\u00e9n\u00e9rale de la Congr\u00e9gation de la Mission (34) - Nous Sommes Vincentiens","robots":{"index":"index","follow":"follow","max-snippet":"max-snippet:-1","max-image-preview":"max-image-preview:large","max-video-preview":"max-video-preview:-1"},"canonical":"https:\/\/vincentians.com\/fr\/histoire-generale-de-la-congregation-de-la-mission-34\/","og_locale":"fr_FR","og_type":"article","og_title":"Histoire g\u00e9n\u00e9rale de la Congr\u00e9gation de la Mission (34) - Nous Sommes Vincentiens","og_description":"XXXIV. Fruits des missions et s\u00e9minaires d\u2019Italie M. Jolly ne s\u2019explique ainsi qu\u2019en g\u00e9n\u00e9ral dans ses diff\u00e9rentes lettres sur le bon succ\u00e8s des fonctions de la Compagnie en France. Il entre un peu plus en ... Read More","og_url":"https:\/\/vincentians.com\/fr\/histoire-generale-de-la-congregation-de-la-mission-34\/","og_site_name":"Nous Sommes Vincentiens","article_publisher":"https:\/\/www.facebook.com\/WeAreVincentians\/","article_author":"https:\/\/www.facebook.com\/JavierChento","article_published_time":"2014-01-31T18:18:22+00:00","og_image":[{"width":1200,"height":630,"url":"https:\/\/i0.wp.com\/vincentians.com\/fr\/wp-content\/uploads\/sites\/10\/2016\/07\/histoire-generale-de-la-congregation-de-la-mission.jpg?fit=1200%2C630&ssl=1","type":"image\/jpeg"}],"author":"Francisco Javier Fern\u00e1ndez Chento","twitter_card":"summary_large_image","twitter_creator":"@https:\/\/twitter.com\/javierchento","twitter_site":"@WeVincentians","twitter_misc":{"\u00c9crit par":"Francisco Javier Fern\u00e1ndez Chento","Dur\u00e9e de lecture estim\u00e9e":"13 minutes"},"schema":{"@context":"https:\/\/schema.org","@graph":[{"@type":"WebPage","@id":"https:\/\/vincentians.com\/fr\/histoire-generale-de-la-congregation-de-la-mission-34\/","url":"https:\/\/vincentians.com\/fr\/histoire-generale-de-la-congregation-de-la-mission-34\/","name":"Histoire g\u00e9n\u00e9rale de la Congr\u00e9gation de la Mission (34) - Nous Sommes Vincentiens","isPartOf":{"@id":"http:\/\/vincentians.com\/fr\/#website"},"primaryImageOfPage":{"@id":"https:\/\/vincentians.com\/fr\/histoire-generale-de-la-congregation-de-la-mission-34\/#primaryimage"},"image":{"@id":"https:\/\/vincentians.com\/fr\/histoire-generale-de-la-congregation-de-la-mission-34\/#primaryimage"},"thumbnailUrl":"https:\/\/i0.wp.com\/vincentians.com\/fr\/wp-content\/uploads\/sites\/10\/2016\/07\/histoire-generale-de-la-congregation-de-la-mission.jpg?fit=1200%2C630","datePublished":"2014-01-31T18:18:22+00:00","author":{"@id":"http:\/\/vincentians.com\/fr\/#\/schema\/person\/9623ef4d9aa3b2dfb8c061f1499288f2"},"breadcrumb":{"@id":"https:\/\/vincentians.com\/fr\/histoire-generale-de-la-congregation-de-la-mission-34\/#breadcrumb"},"inLanguage":"fr-FR","potentialAction":[{"@type":"ReadAction","target":["https:\/\/vincentians.com\/fr\/histoire-generale-de-la-congregation-de-la-mission-34\/"]}]},{"@type":"ImageObject","inLanguage":"fr-FR","@id":"https:\/\/vincentians.com\/fr\/histoire-generale-de-la-congregation-de-la-mission-34\/#primaryimage","url":"https:\/\/i0.wp.com\/vincentians.com\/fr\/wp-content\/uploads\/sites\/10\/2016\/07\/histoire-generale-de-la-congregation-de-la-mission.jpg?fit=1200%2C630","contentUrl":"https:\/\/i0.wp.com\/vincentians.com\/fr\/wp-content\/uploads\/sites\/10\/2016\/07\/histoire-generale-de-la-congregation-de-la-mission.jpg?fit=1200%2C630","width":1200,"height":630},{"@type":"BreadcrumbList","@id":"https:\/\/vincentians.com\/fr\/histoire-generale-de-la-congregation-de-la-mission-34\/#breadcrumb","itemListElement":[{"@type":"ListItem","position":1,"name":"Portada","item":"http:\/\/vincentians.com\/fr\/"},{"@type":"ListItem","position":2,"name":"Histoire g\u00e9n\u00e9rale de la Congr\u00e9gation de la Mission (34)"}]},{"@type":"WebSite","@id":"http:\/\/vincentians.com\/fr\/#website","url":"http:\/\/vincentians.com\/fr\/","name":"Nous Sommes Vincentiens","description":"Know more to serve more","potentialAction":[{"@type":"SearchAction","target":{"@type":"EntryPoint","urlTemplate":"http:\/\/vincentians.com\/fr\/?s={search_term_string}"},"query-input":{"@type":"PropertyValueSpecification","valueRequired":true,"valueName":"search_term_string"}}],"inLanguage":"fr-FR"},{"@type":"Person","@id":"http:\/\/vincentians.com\/fr\/#\/schema\/person\/9623ef4d9aa3b2dfb8c061f1499288f2","name":"Francisco Javier Fern\u00e1ndez Chento","image":{"@type":"ImageObject","inLanguage":"fr-FR","@id":"http:\/\/vincentians.com\/fr\/#\/schema\/person\/image\/","url":"https:\/\/secure.gravatar.com\/avatar\/497d5cde87b4c3d097d0315953521681ba2cd523ee66e5077c3711f7021e65de?s=96&d=mm&r=g","contentUrl":"https:\/\/secure.gravatar.com\/avatar\/497d5cde87b4c3d097d0315953521681ba2cd523ee66e5077c3711f7021e65de?s=96&d=mm&r=g","caption":"Francisco Javier Fern\u00e1ndez Chento"},"description":"Director General y cofundador de La Red de Formaci\u00f3n Vicenciana. Javier es laico vicenciano, afiliado a la Congregaci\u00f3n de la Misi\u00f3n y miembro del Equipo de Misiones Populares de la provincia can\u00f3nica de Zaragoza (Espa\u00f1a) de la Congregaci\u00f3n de la Misi\u00f3n. Graduado en la Universidad Oberta de Catalunya con cuatro grados (Asistente de direcci\u00f3n, Gesti\u00f3n Administrativa, Recursos Humanos y Contabilidad Avanzada). Bil\u00edng\u00fce Espa\u00f1ol\/Ingl\u00e9s. gestiona y mantiene varias p\u00e1ginas web cristianas y vicencianas, incluida including La Red de Formaci\u00f3n Vicenciana, de la que es cofundador. Actualmente es responsable del \u00e1rea de Espa\u00f1ol de .famvin, la Red de Noticias de la Familia Vicenciana. Tambi\u00e9n es m\u00fasico cat\u00f3lico y ha editado varios discos. Es Director General y cofundador de Trovador, una reconocida compa\u00f1\u00eda discogr\u00e1fica critiana de Espa\u00f1a. Trabaja en las Tecnolog\u00edas de la Informaci\u00f3n, ofreciendo servicios de alojamiento, dise\u00f1o y mantenimiento Web, as\u00ed como asesoramiento, formaci\u00f3n y soluciones inform\u00e1ticas, gesti\u00f3n documental y digitalizaci\u00f3n de textos, edici\u00f3n y maquetaci\u00f3n de libros, revistas, flyers, etc.","sameAs":["http:\/\/chento.org","https:\/\/www.facebook.com\/JavierChento","https:\/\/x.com\/https:\/\/twitter.com\/javierchento"],"url":"http:\/\/vincentians.com\/fr\/author\/chento\/"}]}},"jetpack_publicize_connections":[],"jetpack_featured_media_url":"https:\/\/i0.wp.com\/vincentians.com\/fr\/wp-content\/uploads\/sites\/10\/2016\/07\/histoire-generale-de-la-congregation-de-la-mission.jpg?fit=1200%2C630","jetpack_sharing_enabled":true,"jetpack_shortlink":"https:\/\/wp.me\/p7ETMP-s5B","jetpack-related-posts":[{"id":107948,"url":"http:\/\/vincentians.com\/fr\/histoire-generale-de-la-congregation-de-la-mission-30\/","url_meta":{"origin":107979,"position":0},"title":"Histoire g\u00e9n\u00e9rale de la Congr\u00e9gation de la Mission (30)","author":"Francisco Javier Fern\u00e1ndez Chento","date":"27\/01\/2014","format":false,"excerpt":"XXX. \u00c9tablissements \u00e9trangers La Congr\u00e9gation n\u2019avait encore qu\u2019une maison dans le royaume de Pologne, savoir celle de Varsovie, o\u00f9 comme on a dit ci-devant, on avait \u00e9rig\u00e9 un s\u00e9minaire interne pour y recevoir des Polonais. Il s\u2019en fit ensuite d\u2019autres accept\u00e9s par M. Jolly. Un \u00e9v\u00eaque polonais ayant eu une\u2026","rel":"","context":"Dans &quot;Histoire de la Congr\u00e9gation de la Mission&quot;","block_context":{"text":"Histoire de la Congr\u00e9gation de la Mission","link":"http:\/\/vincentians.com\/fr\/category\/histoire-de-la-congregation-de-la-mission\/"},"img":{"alt_text":"","src":"https:\/\/i0.wp.com\/vincentians.com\/fr\/wp-content\/uploads\/sites\/10\/2016\/07\/histoire-generale-de-la-congregation-de-la-mission.jpg?fit=1200%2C630&resize=350%2C200","width":350,"height":200,"srcset":"https:\/\/i0.wp.com\/vincentians.com\/fr\/wp-content\/uploads\/sites\/10\/2016\/07\/histoire-generale-de-la-congregation-de-la-mission.jpg?fit=1200%2C630&resize=350%2C200 1x, https:\/\/i0.wp.com\/vincentians.com\/fr\/wp-content\/uploads\/sites\/10\/2016\/07\/histoire-generale-de-la-congregation-de-la-mission.jpg?fit=1200%2C630&resize=525%2C300 1.5x, https:\/\/i0.wp.com\/vincentians.com\/fr\/wp-content\/uploads\/sites\/10\/2016\/07\/histoire-generale-de-la-congregation-de-la-mission.jpg?fit=1200%2C630&resize=700%2C400 2x, https:\/\/i0.wp.com\/vincentians.com\/fr\/wp-content\/uploads\/sites\/10\/2016\/07\/histoire-generale-de-la-congregation-de-la-mission.jpg?fit=1200%2C630&resize=1050%2C600 3x"},"classes":[]},{"id":52068,"url":"http:\/\/vincentians.com\/fr\/saint-vincent-de-paul-et-sa-mission-sociale-vi-la-posterite-1\/","url_meta":{"origin":107979,"position":1},"title":"Saint Vincent De Paul Et Sa Mission Sociale. VI &#8211; La Post\u00e9rit\u00e9 (1)","author":"Francisco Javier Fern\u00e1ndez Chento","date":"30\/12\/2014","format":false,"excerpt":"L\u2019ACCROISSEMENT. \u2014 Extension des deux familles de saint Vincent de Paul. \u2014 Progr\u00e8s de leurs \u0153uvres. \u2014 Les missions \u00e9trang\u00e8res et les s\u00e9minaires. \u2014 Les successeurs de saint Vincent. \u2014 Congr\u00e9gations religieuses fond\u00e9es sur le mod\u00e8le de la Mission. \u2014 Les Filles de la Charit\u00e9 en France et \u00e0 l\u2019\u00e9tranger.\u2026","rel":"","context":"Dans &quot;Vincent de Paul&quot;","block_context":{"text":"Vincent de Paul","link":"http:\/\/vincentians.com\/fr\/category\/the-vincentian-family\/founders\/vincent-de-paul\/"},"img":{"alt_text":"","src":"https:\/\/i0.wp.com\/vincentians.com\/fr\/wp-content\/uploads\/sites\/10\/2016\/07\/vincent-et-sa-action-sociale.jpg?fit=1160%2C630&resize=350%2C200","width":350,"height":200,"srcset":"https:\/\/i0.wp.com\/vincentians.com\/fr\/wp-content\/uploads\/sites\/10\/2016\/07\/vincent-et-sa-action-sociale.jpg?fit=1160%2C630&resize=350%2C200 1x, https:\/\/i0.wp.com\/vincentians.com\/fr\/wp-content\/uploads\/sites\/10\/2016\/07\/vincent-et-sa-action-sociale.jpg?fit=1160%2C630&resize=525%2C300 1.5x, https:\/\/i0.wp.com\/vincentians.com\/fr\/wp-content\/uploads\/sites\/10\/2016\/07\/vincent-et-sa-action-sociale.jpg?fit=1160%2C630&resize=700%2C400 2x, https:\/\/i0.wp.com\/vincentians.com\/fr\/wp-content\/uploads\/sites\/10\/2016\/07\/vincent-et-sa-action-sociale.jpg?fit=1160%2C630&resize=1050%2C600 3x"},"classes":[]},{"id":107951,"url":"http:\/\/vincentians.com\/fr\/histoire-generale-de-la-congregation-de-la-mission-33\/","url_meta":{"origin":107979,"position":2},"title":"Histoire g\u00e9n\u00e9rale de la Congr\u00e9gation de la Mission (33)","author":"Francisco Javier Fern\u00e1ndez Chento","date":"30\/01\/2014","format":false,"excerpt":"XXXIII. Plusieurs biens faits dans la Congr\u00e9gation Voil\u00e0 quelques \u00e9chantillons de la conduite de M. Jolly qu\u2019on a cru devoir rassembler ici, pour faire conna\u00eetre d\u2019un seul coup d\u2019\u0153il son esprit et son gouvernement. On n\u2019aura pas la peine \u00e0 croire qu\u2019une Congr\u00e9gation conduite par un tel g\u00e9n\u00e9ral ne f\u00fbt\u2026","rel":"","context":"Dans &quot;Histoire de la Congr\u00e9gation de la Mission&quot;","block_context":{"text":"Histoire de la Congr\u00e9gation de la Mission","link":"http:\/\/vincentians.com\/fr\/category\/histoire-de-la-congregation-de-la-mission\/"},"img":{"alt_text":"","src":"https:\/\/i0.wp.com\/vincentians.com\/fr\/wp-content\/uploads\/sites\/10\/2016\/07\/histoire-generale-de-la-congregation-de-la-mission.jpg?fit=1200%2C630&resize=350%2C200","width":350,"height":200,"srcset":"https:\/\/i0.wp.com\/vincentians.com\/fr\/wp-content\/uploads\/sites\/10\/2016\/07\/histoire-generale-de-la-congregation-de-la-mission.jpg?fit=1200%2C630&resize=350%2C200 1x, https:\/\/i0.wp.com\/vincentians.com\/fr\/wp-content\/uploads\/sites\/10\/2016\/07\/histoire-generale-de-la-congregation-de-la-mission.jpg?fit=1200%2C630&resize=525%2C300 1.5x, https:\/\/i0.wp.com\/vincentians.com\/fr\/wp-content\/uploads\/sites\/10\/2016\/07\/histoire-generale-de-la-congregation-de-la-mission.jpg?fit=1200%2C630&resize=700%2C400 2x, https:\/\/i0.wp.com\/vincentians.com\/fr\/wp-content\/uploads\/sites\/10\/2016\/07\/histoire-generale-de-la-congregation-de-la-mission.jpg?fit=1200%2C630&resize=1050%2C600 3x"},"classes":[]},{"id":74152,"url":"http:\/\/vincentians.com\/fr\/fernand-portal-fils-de-saint-vincent-de-paul\/","url_meta":{"origin":107979,"position":3},"title":"Fernand Portal, Fils de Saint Vincent de Paul","author":"Francisco Javier Fern\u00e1ndez Chento","date":"20\/02\/2015","format":false,"excerpt":"\u00abCelui que vous voyez devant vous est un pr\u00eatre fran\u00e7ais, humble fils de saint Vincent de Paul\u00bb. C'est ainsi que Fernand Portal se pr\u00e9sentait, le 13 juillet 1896, \u00e0 Londres, devant une assembl\u00e9e compos\u00e9e en majeure partie de pr\u00eatres anglicans. En mettant ainsi en avant sa carte d'identit\u00e9 vincentienne, recourait-il\u2026","rel":"","context":"Dans &quot;Biographies Lazaristes&quot;","block_context":{"text":"Biographies Lazaristes","link":"http:\/\/vincentians.com\/fr\/category\/biographies-lazaristes\/"},"img":{"alt_text":"","src":"https:\/\/i0.wp.com\/vincentians.com\/fr\/wp-content\/uploads\/sites\/10\/2016\/08\/bio-congregation-of-the-mission.jpg?fit=1200%2C630&resize=350%2C200","width":350,"height":200,"srcset":"https:\/\/i0.wp.com\/vincentians.com\/fr\/wp-content\/uploads\/sites\/10\/2016\/08\/bio-congregation-of-the-mission.jpg?fit=1200%2C630&resize=350%2C200 1x, https:\/\/i0.wp.com\/vincentians.com\/fr\/wp-content\/uploads\/sites\/10\/2016\/08\/bio-congregation-of-the-mission.jpg?fit=1200%2C630&resize=525%2C300 1.5x, https:\/\/i0.wp.com\/vincentians.com\/fr\/wp-content\/uploads\/sites\/10\/2016\/08\/bio-congregation-of-the-mission.jpg?fit=1200%2C630&resize=700%2C400 2x, https:\/\/i0.wp.com\/vincentians.com\/fr\/wp-content\/uploads\/sites\/10\/2016\/08\/bio-congregation-of-the-mission.jpg?fit=1200%2C630&resize=1050%2C600 3x"},"classes":[]},{"id":57593,"url":"http:\/\/vincentians.com\/fr\/lexpansion-de-la-congregation-de-la-mission-pendant-la-vie-de-st-vincent\/","url_meta":{"origin":107979,"position":4},"title":"L&rsquo;expansion de la Congregation de la Mission pendant la vie de St. Vincent","author":"Francisco Javier Fern\u00e1ndez Chento","date":"20\/05\/2015","format":false,"excerpt":"Pierre Collet (\"La Vie de St. Vincent de Paul\", Nancy 1748, II, 325) a constat\u00e9 que les biographies des grands fondateurs d'ordres sont concentr\u00e9es sur la personne elle-m\u00eame du fondateur. On n'y trouve pas le r\u00e9cit des travaux de leurs premiers disciples.En suivant cet exemple Collet voulut supprimer dans sa\u2026","rel":"","context":"Dans &quot;Au temps de Vincent de Paul&quot;","block_context":{"text":"Au temps de Vincent de Paul","link":"http:\/\/vincentians.com\/fr\/category\/au-temps-de-vincent-de-paul\/"},"img":{"alt_text":"","src":"https:\/\/i0.wp.com\/vincentians.com\/fr\/wp-content\/uploads\/sites\/10\/2015\/05\/congregation-de-la-mission-lazaristes.jpg?fit=1200%2C630&resize=350%2C200","width":350,"height":200,"srcset":"https:\/\/i0.wp.com\/vincentians.com\/fr\/wp-content\/uploads\/sites\/10\/2015\/05\/congregation-de-la-mission-lazaristes.jpg?fit=1200%2C630&resize=350%2C200 1x, https:\/\/i0.wp.com\/vincentians.com\/fr\/wp-content\/uploads\/sites\/10\/2015\/05\/congregation-de-la-mission-lazaristes.jpg?fit=1200%2C630&resize=525%2C300 1.5x, https:\/\/i0.wp.com\/vincentians.com\/fr\/wp-content\/uploads\/sites\/10\/2015\/05\/congregation-de-la-mission-lazaristes.jpg?fit=1200%2C630&resize=700%2C400 2x, https:\/\/i0.wp.com\/vincentians.com\/fr\/wp-content\/uploads\/sites\/10\/2015\/05\/congregation-de-la-mission-lazaristes.jpg?fit=1200%2C630&resize=1050%2C600 3x"},"classes":[]},{"id":151048,"url":"http:\/\/vincentians.com\/fr\/histoire-generale-de-la-congregation-de-la-mission-71\/","url_meta":{"origin":107979,"position":5},"title":"Histoire g\u00e9n\u00e9rale de la Congr\u00e9gation de la Mission (71)","author":"Francisco Javier Fern\u00e1ndez Chento","date":"17\/01\/2015","format":false,"excerpt":"LXXI. Les maisons d\u2019Italie Celle de l\u2019Italie s\u2019accrut pareillement par quelques nouveaux \u00e9tablissements et l\u2019augmentation des anciens. Mgr le cardinal Paolucci, ministre du Pape Cl\u00e9ment XI, apr\u00e8s la mort duquel il a failli d\u2019\u00eatre Pape lui-m\u00eame, originaire de Forli, petite ville dans l\u2019\u00c9tat eccl\u00e9siastique, \u00e9tablit d\u00e8s l\u2019ann\u00e9e 1710 une maison\u2026","rel":"","context":"Dans &quot;Histoire de la Congr\u00e9gation de la Mission&quot;","block_context":{"text":"Histoire de la Congr\u00e9gation de la Mission","link":"http:\/\/vincentians.com\/fr\/category\/histoire-de-la-congregation-de-la-mission\/"},"img":{"alt_text":"","src":"https:\/\/i0.wp.com\/vincentians.com\/fr\/wp-content\/uploads\/sites\/10\/2016\/07\/histoire-generale-de-la-congregation-de-la-mission.jpg?fit=1200%2C630&resize=350%2C200","width":350,"height":200,"srcset":"https:\/\/i0.wp.com\/vincentians.com\/fr\/wp-content\/uploads\/sites\/10\/2016\/07\/histoire-generale-de-la-congregation-de-la-mission.jpg?fit=1200%2C630&resize=350%2C200 1x, https:\/\/i0.wp.com\/vincentians.com\/fr\/wp-content\/uploads\/sites\/10\/2016\/07\/histoire-generale-de-la-congregation-de-la-mission.jpg?fit=1200%2C630&resize=525%2C300 1.5x, https:\/\/i0.wp.com\/vincentians.com\/fr\/wp-content\/uploads\/sites\/10\/2016\/07\/histoire-generale-de-la-congregation-de-la-mission.jpg?fit=1200%2C630&resize=700%2C400 2x, https:\/\/i0.wp.com\/vincentians.com\/fr\/wp-content\/uploads\/sites\/10\/2016\/07\/histoire-generale-de-la-congregation-de-la-mission.jpg?fit=1200%2C630&resize=1050%2C600 3x"},"classes":[]}],"_links":{"self":[{"href":"http:\/\/vincentians.com\/fr\/wp-json\/wp\/v2\/posts\/107979","targetHints":{"allow":["GET"]}}],"collection":[{"href":"http:\/\/vincentians.com\/fr\/wp-json\/wp\/v2\/posts"}],"about":[{"href":"http:\/\/vincentians.com\/fr\/wp-json\/wp\/v2\/types\/post"}],"author":[{"embeddable":true,"href":"http:\/\/vincentians.com\/fr\/wp-json\/wp\/v2\/users\/4"}],"replies":[{"embeddable":true,"href":"http:\/\/vincentians.com\/fr\/wp-json\/wp\/v2\/comments?post=107979"}],"version-history":[{"count":0,"href":"http:\/\/vincentians.com\/fr\/wp-json\/wp\/v2\/posts\/107979\/revisions"}],"wp:featuredmedia":[{"embeddable":true,"href":"http:\/\/vincentians.com\/fr\/wp-json\/wp\/v2\/media\/189808"}],"wp:attachment":[{"href":"http:\/\/vincentians.com\/fr\/wp-json\/wp\/v2\/media?parent=107979"}],"wp:term":[{"taxonomy":"category","embeddable":true,"href":"http:\/\/vincentians.com\/fr\/wp-json\/wp\/v2\/categories?post=107979"},{"taxonomy":"post_tag","embeddable":true,"href":"http:\/\/vincentians.com\/fr\/wp-json\/wp\/v2\/tags?post=107979"}],"curies":[{"name":"wp","href":"https:\/\/api.w.org\/{rel}","templated":true}]}}