{"id":107950,"date":"2014-01-29T19:18:22","date_gmt":"2014-01-29T18:18:22","guid":{"rendered":"http:\/\/vincentiens.org\/?p=107950"},"modified":"2014-01-29T19:18:22","modified_gmt":"2014-01-29T18:18:22","slug":"histoire-generale-de-la-congregation-de-la-mission-32","status":"publish","type":"post","link":"http:\/\/vincentians.com\/fr\/histoire-generale-de-la-congregation-de-la-mission-32\/","title":{"rendered":"Histoire g\u00e9n\u00e9rale de la Congr\u00e9gation de la Mission (32)"},"content":{"rendered":"<h2><b><b><b><b>XXXII. Conduite de M. Jolly<\/b><\/b><\/b><\/b><\/h2>\n<p><a href=\"https:\/\/i0.wp.com\/vincentiens.org\/wp-content\/uploads\/2012\/12\/logocm.png\"><img data-recalc-dims=\"1\" loading=\"lazy\" decoding=\"async\" class=\"alignright size-medium wp-image-104093\" alt=\"logocm\" src=\"https:\/\/i0.wp.com\/vincentiens.org\/wp-content\/uploads\/2012\/12\/logocm-245x300.png?resize=245%2C300\" width=\"245\" height=\"300\" \/><\/a>Sa conduite a \u00e9t\u00e9 g\u00e9n\u00e9ralement estim\u00e9e dans tous les postes o\u00f9 il s\u2019est trouv\u00e9. Mgr le cardinal de Retz, \u00e9l\u00e8ve de M. Vincent, et si fameux par la figure qu\u2019il a faite sous le nom de coadjuteur de Paris, du temps de la minorit\u00e9 du feu roi, et ensuite par sa disgr\u00e2ce, a dit souvent qu\u2019\u00e0 Rome, o\u00f9 il se retira, on faisait grand cas de la prudence de M. Jolly. Il fut tr\u00e8s attentif qu\u2019en fait de doctrine on n\u2019avan\u00e7ait rien qui donn\u00e2t dans quelque nouveaut\u00e9. Il vit avant sa mort la Compagnie augment\u00e9e de deux tiers. Il prit soin de perfectionner les \u00e9tudes. Il fut tr\u00e8s fid\u00e8le \u00e0 maintenir les usages de la Compagnie et la r\u00e9gularit\u00e9 ;<b> <\/b>l\u2019informant souvent de ceux qui \u00e9taient rest\u00e9s quelque temps dans les maisons, si en revenant \u00e0 St.-Lazare ils ne remarquaient point quelque d\u00e9chet dans l\u2019observance. Il demandait de m\u00eame aux directeurs et aux particuliers judicieux quel \u00e9tait l\u2019\u00e9tat des maisons. Il disait, apr\u00e8s M. Vincent : Ferme et immobile pour la fin, doux et humble pour les moyens ; ne pardonner point des d\u00e9sob\u00e9issances formelles et les fautes scandaleuses ; ne jamais s\u2019\u00e9tonner des difficult\u00e9s et ne pas se livrer \u00e0 la peur ; ne mettre jamais en place ceux qui t\u00e9moignent tant soit peu le d\u00e9sirer. Il voulait qu\u2019on entend\u00eet toujours \u00e0 un accommodement dans les proc\u00e8s pour donner exemple, et parce que la paix vaut mieux que tout ce qu\u2019on peut perdre dans un accommodement d\u00e9savantageux. Il disait que ceux d\u2019entre les Missionnaires qui sont fort estim\u00e9s des s\u00e9culiers ne le sont ordinairement gu\u00e8re de ceux de la Compagnie.<b> <\/b><\/p>\n<p>On a remarqu\u00e9 qu\u2019il fut toujours fid\u00e8le, comme Mrs. Vincent et Alm\u00e9ras, ses pr\u00e9d\u00e9cesseurs, \u00e0 porter le chapelet \u00e0 la ceinture, m\u00eame \u00e0 la cour, reprenant les \u00e9tudiants qui d\u00e9go\u00fbtaient leurs confr\u00e8res de cette pratique. La Compagnie n\u2019a pas fait de cette pratique une r\u00e8gle, si de bonnes raisons d\u2019en avaient emp\u00each\u00e9, et cela a \u00e9t\u00e9 laiss\u00e9 <i>ad libitum. <\/i>Il recommandait souvent \u00e0 la s[ain]te. Vierge la Congr\u00e9gation, surtout quand il pr\u00e9voyait quelque danger consid\u00e9rable. Il se transportait aussi fr\u00e9quemment sur la tombe de M. Vincent, et quelquefois avec ses assistants, pour prier Dieu en faveur de la Compagnie. Le roi tr\u00e8s chr\u00e9tien et les ministres d\u2019\u00c9tat qui ont connu ce digne sup\u00e9rieur ont observ\u00e9 qu\u2019il avait r\u00e9uni dans sa conduite tout ce qu\u2019il y a de bon et de solide dans la politique de France et d\u2019Italie. Il se cachait dans les salles d\u2019audience, et d\u00e8s lors que le roi le remarquait,<b> <\/b>il le faisait toujours avancer. Le cardinal de Bouillon, \u00e0 son retour de Rome, \u00e9tant compliment\u00e9 par plusieurs personnes de distinction, sut que M. Jolly \u00e9tait dans la salle ; Son \u00c9m[inen]ce dit tout haut : O\u00f9 est M. Jolly ? S\u2019\u00e9tant avanc\u00e9, il lui parla ainsi : monsieur, vous vous cachez toujours ! M. le marquis de Louvois admirait sa conduite ; il en parlait \u00e0 la cour et partout comme d\u2019un homme excellent pour le gouvernement, disant n\u2019en avoir pas connu de plus judicieux. Il assistait \u00e0 la mort de Mme. la duchesse d\u2019Aiguillon, si li\u00e9e autrefois pour les bonnes \u0153uvres avec M. Vincent, et elle en fut tr\u00e8s satisfaite. M. Jolly, en s\u2019en revenant, dit \u00e0 son compagnon : Voil\u00e0 o\u00f9 aboutissent toutes les grandeurs humaines ! Il dirigea Mme. de Miramion et lui donna de bons avis pour sa communaut\u00e9 naissante.<\/p>\n<p>Ses lettres ont paru \u00e0 ceux du dedans<b> <\/b>et du dehors des chefs-d\u2019\u0153uvre de prudence ; rien ne lui \u00e9chappait, pas m\u00eame de l\u00e9g\u00e8res circonstances, et en vingt ou trente lignes il r\u00e9pondait \u00e0 plusieurs affaires \u00e0 la fois. Il s\u2019entendait fort bien \u00e0 faire le portrait d\u2019un homme en peu de mots, sachant r\u00e9duire \u00e0 un principe ses diff\u00e9rents d\u00e9fauts. Il connaissait parfaitement qui il fallait mettre dans les emplois ; il conf\u00e9rait souvent avec le pr\u00e9fet des \u00e9tudiants pour les conna\u00eetre et se faire une id\u00e9e de leurs talents. Quand il fut \u00e9lu g\u00e9n\u00e9ral, il s\u2019appliqua d\u2019abord \u00e0 la lecture des constitutions, r\u00e8gles, &amp;c., \u00e9tudiant avec soin le recueil des avis et les lettres de ses deux pr\u00e9d\u00e9cesseurs, pour s\u2019y conformer dans toutes les permissions qu\u2019il donnait. Un clerc lui ayant un jour demand\u00e9 de faire le reste de son oraison durant la messe de sept heures, il lui r\u00e9pondit qu\u2019il verrait si M. Vincent n\u2019avait rien r\u00e9gl\u00e9 l\u00e0-dessus ; et, plus tard, il dit que M. Vincent avait r\u00e9pondu<b> <\/b>\u00e0 une semblable demande : Il y a du temps pour tout, pour l\u2019oraison, l\u2019\u00e9tude, &amp;c.<\/p>\n<p>Outre cela, M. Jolly fut un tr\u00e8s bon \u00e9conome, quoiqu\u2019il voulut qu\u2019on accord\u00e2t abondamment tout ce qui \u00e9tait n\u00e9cessaire pour la vie, l\u2019entretien, les voyages, &amp;c. Son talent \u00e0 ce point de vue parut d\u00e8s le temps o\u00f9 il fut \u00e0 Rome. \u00c9tant devenu g\u00e9n\u00e9ral, il ne souffrait pas qu\u2019on retranch\u00e2t rien du n\u00e9cessaire, qui est, dit-il, requis pour les fonctions. Il a rembours\u00e9 \u00e0 diverses maisons de la Compagnie et pay\u00e9 des dettes, fait faire \u00e0 St.-Lazare pour plus de trois cent mille livres de b\u00e2timents ; presque tout ce qu\u2019il y a de b\u00e2ti s\u2019est fait de son temps, solidement et en pierres de taille, mais sans ornement et avec simplicit\u00e9. Il n\u2019y a que le portail qui est beau et orn\u00e9. Quelques anciens y trouvaient<b> <\/b>des choses \u00e0 redire, contraire \u00e0 la simplicit\u00e9 qu\u2019avait recommand\u00e9e M. Vincent, et M. Jolly prit presque la r\u00e9solution de le faire abattre ; et il l\u2019aurait fait, s\u2019il n\u2019en avait \u00e9t\u00e9 d\u00e9tourn\u00e9 pour de bonnes raisons. Les chambres et les offices sont commod\u00e9ment distribu\u00e9s dans ces b\u00e2timents. Il y a une belle cour carr\u00e9e devant la porte ; le r\u00e9fectoire est spacieux ; mais on a bl\u00e2m\u00e9 de ce que, pour m\u00e9nager des chambres au-dessus, on ne l\u2019avait pas fait vo\u00fbter. On fut oblig\u00e9 de faire dans le milieu une esp\u00e8ce de parapet de s\u00e9paration pour appuyer par de colonnes les poutres ; encore fallut-il les changer ensuite, parce que n\u2019ayant pas \u00e9t\u00e9 bien choisies, elles mena\u00e7aient ruine. M. Jolly a de plus liquid\u00e9 des biens et acquis des rentes en assez grand nombre. Il n\u2019importuna pas le roi pour le d\u00e9charger d\u2019une partie des amortissements qui durant les guerres<b> <\/b>ruin\u00e8rent un grand nombre de communaut\u00e9s ; toutefois on n\u2019avait jamais mieux \u00e9t\u00e9 \u00e0 St.-Lazare que de son temps ; le pain et la viande \u00e9taient toujours bons, avec le vin qu\u2019on prenait en Bourgogne, et les jours o\u00f9 l\u2019on faisait extraordinaire, on servait du vin de Reims. Chacun, pour les habits et tout le reste, du n\u00e9cessaire.<\/p>\n<p>M. Jolly ne prit jamais de parti contre le pape ou contre le roi dans les f\u00e2cheuses brouilleries qui arriv\u00e8rent entre ces deux cours, sous le pontificat d\u2019Innocent XI, \u00e0 l\u2019occasion des franchises de Rome, o\u00f9 M. le marquis de Lavardin \u00e9tait ambassadeur. Et un pr\u00e9lat de distinction l\u2019ayant press\u00e9 l\u00e0-dessus, il r\u00e9pondit : Je n\u2019entends rien en toutes ces brouilleries ;<b> <\/b>nos p\u00e9ch\u00e9s en sont la cause, car nous avons un bon pape et un bon roi plein de religion. L\u2019un et l\u2019autre furent contents de lui. Dans le s\u00e9jour que Son Excellence Mgr le nonce Raynucci<span id='easy-footnote-1-107950' class='easy-footnote-margin-adjust'><\/span><span class='easy-footnote'><a href='http:\/\/vincentians.com\/fr\/histoire-generale-de-la-congregation-de-la-mission-32\/#easy-footnote-bottom-1-107950' title='Angelo Maria Ranuzzi, \u2020 1689.'><sup>1<\/sup><\/a><\/span> fit \u00e0 St.-Lazare, o\u00f9 il se retira pour y rester, M. Jolly y consentit pourvu que le roi l\u2019agr\u00e9\u00e2t ; ce qu\u2019il fit, S[a] M[ajest\u00e9] ayant grande confiance en ce digne sup\u00e9rieur. Il ne voulait pas que ceux des maisons voisines allassent des unes aux autres sans permission, comme de Sens \u00e0 Fontainebleau, de Versailles \u00e0 Paris. Et ayant trouv\u00e9 un jour \u00e0 Saint-Germain le sup\u00e9rieur des Invalides, qui \u00e9tait le c\u00e9l\u00e8bre M. de Mauroy<span id='easy-footnote-2-107950' class='easy-footnote-margin-adjust'><\/span><span class='easy-footnote'><a href='http:\/\/vincentians.com\/fr\/histoire-generale-de-la-congregation-de-la-mission-32\/#easy-footnote-bottom-2-107950' title='Nicolas-Ren\u00e9-Alexis de Mauroy, n\u00e9 1656.'><sup>2<\/sup><\/a><\/span>, il le corrigea si vertement qu\u2019il le fit pleurer. S\u2019ils ne se corrigeaient pas, ils les changeaient d\u2019abord. Il a refus\u00e9 constamment \u00e0 des personnes de la premi\u00e8re qualit\u00e9 de demeurer dans les maisons de la Compagnie, comme elles le souhaitaient, s\u2019exposant ainsi \u00e0 leur ressentiment ;<b> <\/b>mais il craignait que l\u2019esprit du monde ne s\u2019y gliss\u00e2t. Il ne permettait pas qu\u2019on mange\u00e2t en ville, et un sup\u00e9rieur cur\u00e9 l\u2019ayant fait, il l\u2019\u00f4ta de cette cure pour l\u2019envoyer dans un s\u00e9minaire. Il en renvoya au s\u00e9minaire interne un autre qui avait assist\u00e9 \u00e0 un acte public de son fr\u00e8re, puis d\u00een\u00e9 chez lui. On voulut lui repr\u00e9senter sa trop grande fermet\u00e9, et il r\u00e9pondit : En cela je n\u2019ai rien \u00e0 me reprocher, mais seulement mes diverses faiblesses.<\/p>\n","protected":false},"excerpt":{"rendered":"<p>XXXII. Conduite de M. Jolly Sa conduite a \u00e9t\u00e9 g\u00e9n\u00e9ralement estim\u00e9e dans tous les postes o\u00f9 il s\u2019est trouv\u00e9. Mgr le cardinal de Retz, \u00e9l\u00e8ve de M. Vincent, et si fameux par la figure qu\u2019il &#8230; <a href=\"http:\/\/vincentians.com\/fr\/histoire-generale-de-la-congregation-de-la-mission-32\/\" class=\"more-link\">Read More<\/a><\/p>\n","protected":false},"author":4,"featured_media":189808,"comment_status":"open","ping_status":"open","sticky":false,"template":"","format":"standard","meta":{"jetpack_post_was_ever_published":false,"_jetpack_newsletter_access":"","_jetpack_dont_email_post_to_subs":false,"_jetpack_newsletter_tier_id":0,"_jetpack_memberships_contains_paywalled_content":false,"_jetpack_memberships_contains_paid_content":false,"footnotes":"","jetpack_publicize_message":"","jetpack_publicize_feature_enabled":true,"jetpack_social_post_already_shared":true,"jetpack_social_options":{"image_generator_settings":{"template":"highway","default_image_id":0,"font":"","enabled":false},"version":2}},"categories":[134],"tags":[],"class_list":["post-107950","post","type-post","status-publish","format-standard","has-post-thumbnail","hentry","category-histoire-de-la-congregation-de-la-mission"],"yoast_head":"<!-- This site is optimized with the Yoast SEO plugin v26.3 - https:\/\/yoast.com\/wordpress\/plugins\/seo\/ -->\n<title>Histoire g\u00e9n\u00e9rale de la Congr\u00e9gation de la Mission (32) - Nous Sommes Vincentiens<\/title>\n<meta name=\"robots\" content=\"index, follow, max-snippet:-1, max-image-preview:large, max-video-preview:-1\" \/>\n<link rel=\"canonical\" href=\"https:\/\/vincentians.com\/fr\/histoire-generale-de-la-congregation-de-la-mission-32\/\" \/>\n<meta property=\"og:locale\" content=\"fr_FR\" \/>\n<meta property=\"og:type\" content=\"article\" \/>\n<meta property=\"og:title\" content=\"Histoire g\u00e9n\u00e9rale de la Congr\u00e9gation de la Mission (32) - Nous Sommes Vincentiens\" \/>\n<meta property=\"og:description\" content=\"XXXII. Conduite de M. Jolly Sa conduite a \u00e9t\u00e9 g\u00e9n\u00e9ralement estim\u00e9e dans tous les postes o\u00f9 il s\u2019est trouv\u00e9. Mgr le cardinal de Retz, \u00e9l\u00e8ve de M. Vincent, et si fameux par la figure qu\u2019il ... Read More\" \/>\n<meta property=\"og:url\" content=\"https:\/\/vincentians.com\/fr\/histoire-generale-de-la-congregation-de-la-mission-32\/\" \/>\n<meta property=\"og:site_name\" content=\"Nous Sommes Vincentiens\" \/>\n<meta property=\"article:publisher\" content=\"https:\/\/www.facebook.com\/WeAreVincentians\/\" \/>\n<meta property=\"article:author\" content=\"https:\/\/www.facebook.com\/JavierChento\" \/>\n<meta property=\"article:published_time\" content=\"2014-01-29T18:18:22+00:00\" \/>\n<meta property=\"og:image\" content=\"https:\/\/i0.wp.com\/vincentians.com\/fr\/wp-content\/uploads\/sites\/10\/2016\/07\/histoire-generale-de-la-congregation-de-la-mission.jpg?fit=1200%2C630&ssl=1\" \/>\n\t<meta property=\"og:image:width\" content=\"1200\" \/>\n\t<meta property=\"og:image:height\" content=\"630\" \/>\n\t<meta property=\"og:image:type\" content=\"image\/jpeg\" \/>\n<meta name=\"author\" content=\"Francisco Javier Fern\u00e1ndez Chento\" \/>\n<meta name=\"twitter:card\" content=\"summary_large_image\" \/>\n<meta name=\"twitter:creator\" content=\"@https:\/\/twitter.com\/javierchento\" \/>\n<meta name=\"twitter:site\" content=\"@WeVincentians\" \/>\n<meta name=\"twitter:label1\" content=\"\u00c9crit par\" \/>\n\t<meta name=\"twitter:data1\" content=\"Francisco Javier Fern\u00e1ndez Chento\" \/>\n\t<meta name=\"twitter:label2\" content=\"Dur\u00e9e de lecture estim\u00e9e\" \/>\n\t<meta name=\"twitter:data2\" content=\"8 minutes\" \/>\n<script type=\"application\/ld+json\" class=\"yoast-schema-graph\">{\"@context\":\"https:\/\/schema.org\",\"@graph\":[{\"@type\":\"WebPage\",\"@id\":\"https:\/\/vincentians.com\/fr\/histoire-generale-de-la-congregation-de-la-mission-32\/\",\"url\":\"https:\/\/vincentians.com\/fr\/histoire-generale-de-la-congregation-de-la-mission-32\/\",\"name\":\"Histoire g\u00e9n\u00e9rale de la Congr\u00e9gation de la Mission (32) - Nous Sommes Vincentiens\",\"isPartOf\":{\"@id\":\"http:\/\/vincentians.com\/fr\/#website\"},\"primaryImageOfPage\":{\"@id\":\"https:\/\/vincentians.com\/fr\/histoire-generale-de-la-congregation-de-la-mission-32\/#primaryimage\"},\"image\":{\"@id\":\"https:\/\/vincentians.com\/fr\/histoire-generale-de-la-congregation-de-la-mission-32\/#primaryimage\"},\"thumbnailUrl\":\"https:\/\/i0.wp.com\/vincentians.com\/fr\/wp-content\/uploads\/sites\/10\/2016\/07\/histoire-generale-de-la-congregation-de-la-mission.jpg?fit=1200%2C630\",\"datePublished\":\"2014-01-29T18:18:22+00:00\",\"author\":{\"@id\":\"http:\/\/vincentians.com\/fr\/#\/schema\/person\/9623ef4d9aa3b2dfb8c061f1499288f2\"},\"breadcrumb\":{\"@id\":\"https:\/\/vincentians.com\/fr\/histoire-generale-de-la-congregation-de-la-mission-32\/#breadcrumb\"},\"inLanguage\":\"fr-FR\",\"potentialAction\":[{\"@type\":\"ReadAction\",\"target\":[\"https:\/\/vincentians.com\/fr\/histoire-generale-de-la-congregation-de-la-mission-32\/\"]}]},{\"@type\":\"ImageObject\",\"inLanguage\":\"fr-FR\",\"@id\":\"https:\/\/vincentians.com\/fr\/histoire-generale-de-la-congregation-de-la-mission-32\/#primaryimage\",\"url\":\"https:\/\/i0.wp.com\/vincentians.com\/fr\/wp-content\/uploads\/sites\/10\/2016\/07\/histoire-generale-de-la-congregation-de-la-mission.jpg?fit=1200%2C630\",\"contentUrl\":\"https:\/\/i0.wp.com\/vincentians.com\/fr\/wp-content\/uploads\/sites\/10\/2016\/07\/histoire-generale-de-la-congregation-de-la-mission.jpg?fit=1200%2C630\",\"width\":1200,\"height\":630},{\"@type\":\"BreadcrumbList\",\"@id\":\"https:\/\/vincentians.com\/fr\/histoire-generale-de-la-congregation-de-la-mission-32\/#breadcrumb\",\"itemListElement\":[{\"@type\":\"ListItem\",\"position\":1,\"name\":\"Portada\",\"item\":\"http:\/\/vincentians.com\/fr\/\"},{\"@type\":\"ListItem\",\"position\":2,\"name\":\"Histoire g\u00e9n\u00e9rale de la Congr\u00e9gation de la Mission (32)\"}]},{\"@type\":\"WebSite\",\"@id\":\"http:\/\/vincentians.com\/fr\/#website\",\"url\":\"http:\/\/vincentians.com\/fr\/\",\"name\":\"Nous Sommes Vincentiens\",\"description\":\"Know more to serve more\",\"potentialAction\":[{\"@type\":\"SearchAction\",\"target\":{\"@type\":\"EntryPoint\",\"urlTemplate\":\"http:\/\/vincentians.com\/fr\/?s={search_term_string}\"},\"query-input\":{\"@type\":\"PropertyValueSpecification\",\"valueRequired\":true,\"valueName\":\"search_term_string\"}}],\"inLanguage\":\"fr-FR\"},{\"@type\":\"Person\",\"@id\":\"http:\/\/vincentians.com\/fr\/#\/schema\/person\/9623ef4d9aa3b2dfb8c061f1499288f2\",\"name\":\"Francisco Javier Fern\u00e1ndez Chento\",\"image\":{\"@type\":\"ImageObject\",\"inLanguage\":\"fr-FR\",\"@id\":\"http:\/\/vincentians.com\/fr\/#\/schema\/person\/image\/\",\"url\":\"https:\/\/secure.gravatar.com\/avatar\/497d5cde87b4c3d097d0315953521681ba2cd523ee66e5077c3711f7021e65de?s=96&d=mm&r=g\",\"contentUrl\":\"https:\/\/secure.gravatar.com\/avatar\/497d5cde87b4c3d097d0315953521681ba2cd523ee66e5077c3711f7021e65de?s=96&d=mm&r=g\",\"caption\":\"Francisco Javier Fern\u00e1ndez Chento\"},\"description\":\"Director General y cofundador de La Red de Formaci\u00f3n Vicenciana. Javier es laico vicenciano, afiliado a la Congregaci\u00f3n de la Misi\u00f3n y miembro del Equipo de Misiones Populares de la provincia can\u00f3nica de Zaragoza (Espa\u00f1a) de la Congregaci\u00f3n de la Misi\u00f3n. Graduado en la Universidad Oberta de Catalunya con cuatro grados (Asistente de direcci\u00f3n, Gesti\u00f3n Administrativa, Recursos Humanos y Contabilidad Avanzada). Bil\u00edng\u00fce Espa\u00f1ol\/Ingl\u00e9s. gestiona y mantiene varias p\u00e1ginas web cristianas y vicencianas, incluida including La Red de Formaci\u00f3n Vicenciana, de la que es cofundador. Actualmente es responsable del \u00e1rea de Espa\u00f1ol de .famvin, la Red de Noticias de la Familia Vicenciana. Tambi\u00e9n es m\u00fasico cat\u00f3lico y ha editado varios discos. Es Director General y cofundador de Trovador, una reconocida compa\u00f1\u00eda discogr\u00e1fica critiana de Espa\u00f1a. Trabaja en las Tecnolog\u00edas de la Informaci\u00f3n, ofreciendo servicios de alojamiento, dise\u00f1o y mantenimiento Web, as\u00ed como asesoramiento, formaci\u00f3n y soluciones inform\u00e1ticas, gesti\u00f3n documental y digitalizaci\u00f3n de textos, edici\u00f3n y maquetaci\u00f3n de libros, revistas, flyers, etc.\",\"sameAs\":[\"http:\/\/chento.org\",\"https:\/\/www.facebook.com\/JavierChento\",\"https:\/\/x.com\/https:\/\/twitter.com\/javierchento\"],\"url\":\"http:\/\/vincentians.com\/fr\/author\/chento\/\"}]}<\/script>\n<!-- \/ Yoast SEO plugin. -->","yoast_head_json":{"title":"Histoire g\u00e9n\u00e9rale de la Congr\u00e9gation de la Mission (32) - Nous Sommes Vincentiens","robots":{"index":"index","follow":"follow","max-snippet":"max-snippet:-1","max-image-preview":"max-image-preview:large","max-video-preview":"max-video-preview:-1"},"canonical":"https:\/\/vincentians.com\/fr\/histoire-generale-de-la-congregation-de-la-mission-32\/","og_locale":"fr_FR","og_type":"article","og_title":"Histoire g\u00e9n\u00e9rale de la Congr\u00e9gation de la Mission (32) - Nous Sommes Vincentiens","og_description":"XXXII. Conduite de M. Jolly Sa conduite a \u00e9t\u00e9 g\u00e9n\u00e9ralement estim\u00e9e dans tous les postes o\u00f9 il s\u2019est trouv\u00e9. Mgr le cardinal de Retz, \u00e9l\u00e8ve de M. Vincent, et si fameux par la figure qu\u2019il ... Read More","og_url":"https:\/\/vincentians.com\/fr\/histoire-generale-de-la-congregation-de-la-mission-32\/","og_site_name":"Nous Sommes Vincentiens","article_publisher":"https:\/\/www.facebook.com\/WeAreVincentians\/","article_author":"https:\/\/www.facebook.com\/JavierChento","article_published_time":"2014-01-29T18:18:22+00:00","og_image":[{"width":1200,"height":630,"url":"https:\/\/i0.wp.com\/vincentians.com\/fr\/wp-content\/uploads\/sites\/10\/2016\/07\/histoire-generale-de-la-congregation-de-la-mission.jpg?fit=1200%2C630&ssl=1","type":"image\/jpeg"}],"author":"Francisco Javier Fern\u00e1ndez Chento","twitter_card":"summary_large_image","twitter_creator":"@https:\/\/twitter.com\/javierchento","twitter_site":"@WeVincentians","twitter_misc":{"\u00c9crit par":"Francisco Javier Fern\u00e1ndez Chento","Dur\u00e9e de lecture estim\u00e9e":"8 minutes"},"schema":{"@context":"https:\/\/schema.org","@graph":[{"@type":"WebPage","@id":"https:\/\/vincentians.com\/fr\/histoire-generale-de-la-congregation-de-la-mission-32\/","url":"https:\/\/vincentians.com\/fr\/histoire-generale-de-la-congregation-de-la-mission-32\/","name":"Histoire g\u00e9n\u00e9rale de la Congr\u00e9gation de la Mission (32) - Nous Sommes Vincentiens","isPartOf":{"@id":"http:\/\/vincentians.com\/fr\/#website"},"primaryImageOfPage":{"@id":"https:\/\/vincentians.com\/fr\/histoire-generale-de-la-congregation-de-la-mission-32\/#primaryimage"},"image":{"@id":"https:\/\/vincentians.com\/fr\/histoire-generale-de-la-congregation-de-la-mission-32\/#primaryimage"},"thumbnailUrl":"https:\/\/i0.wp.com\/vincentians.com\/fr\/wp-content\/uploads\/sites\/10\/2016\/07\/histoire-generale-de-la-congregation-de-la-mission.jpg?fit=1200%2C630","datePublished":"2014-01-29T18:18:22+00:00","author":{"@id":"http:\/\/vincentians.com\/fr\/#\/schema\/person\/9623ef4d9aa3b2dfb8c061f1499288f2"},"breadcrumb":{"@id":"https:\/\/vincentians.com\/fr\/histoire-generale-de-la-congregation-de-la-mission-32\/#breadcrumb"},"inLanguage":"fr-FR","potentialAction":[{"@type":"ReadAction","target":["https:\/\/vincentians.com\/fr\/histoire-generale-de-la-congregation-de-la-mission-32\/"]}]},{"@type":"ImageObject","inLanguage":"fr-FR","@id":"https:\/\/vincentians.com\/fr\/histoire-generale-de-la-congregation-de-la-mission-32\/#primaryimage","url":"https:\/\/i0.wp.com\/vincentians.com\/fr\/wp-content\/uploads\/sites\/10\/2016\/07\/histoire-generale-de-la-congregation-de-la-mission.jpg?fit=1200%2C630","contentUrl":"https:\/\/i0.wp.com\/vincentians.com\/fr\/wp-content\/uploads\/sites\/10\/2016\/07\/histoire-generale-de-la-congregation-de-la-mission.jpg?fit=1200%2C630","width":1200,"height":630},{"@type":"BreadcrumbList","@id":"https:\/\/vincentians.com\/fr\/histoire-generale-de-la-congregation-de-la-mission-32\/#breadcrumb","itemListElement":[{"@type":"ListItem","position":1,"name":"Portada","item":"http:\/\/vincentians.com\/fr\/"},{"@type":"ListItem","position":2,"name":"Histoire g\u00e9n\u00e9rale de la Congr\u00e9gation de la Mission (32)"}]},{"@type":"WebSite","@id":"http:\/\/vincentians.com\/fr\/#website","url":"http:\/\/vincentians.com\/fr\/","name":"Nous Sommes Vincentiens","description":"Know more to serve more","potentialAction":[{"@type":"SearchAction","target":{"@type":"EntryPoint","urlTemplate":"http:\/\/vincentians.com\/fr\/?s={search_term_string}"},"query-input":{"@type":"PropertyValueSpecification","valueRequired":true,"valueName":"search_term_string"}}],"inLanguage":"fr-FR"},{"@type":"Person","@id":"http:\/\/vincentians.com\/fr\/#\/schema\/person\/9623ef4d9aa3b2dfb8c061f1499288f2","name":"Francisco Javier Fern\u00e1ndez Chento","image":{"@type":"ImageObject","inLanguage":"fr-FR","@id":"http:\/\/vincentians.com\/fr\/#\/schema\/person\/image\/","url":"https:\/\/secure.gravatar.com\/avatar\/497d5cde87b4c3d097d0315953521681ba2cd523ee66e5077c3711f7021e65de?s=96&d=mm&r=g","contentUrl":"https:\/\/secure.gravatar.com\/avatar\/497d5cde87b4c3d097d0315953521681ba2cd523ee66e5077c3711f7021e65de?s=96&d=mm&r=g","caption":"Francisco Javier Fern\u00e1ndez Chento"},"description":"Director General y cofundador de La Red de Formaci\u00f3n Vicenciana. Javier es laico vicenciano, afiliado a la Congregaci\u00f3n de la Misi\u00f3n y miembro del Equipo de Misiones Populares de la provincia can\u00f3nica de Zaragoza (Espa\u00f1a) de la Congregaci\u00f3n de la Misi\u00f3n. Graduado en la Universidad Oberta de Catalunya con cuatro grados (Asistente de direcci\u00f3n, Gesti\u00f3n Administrativa, Recursos Humanos y Contabilidad Avanzada). Bil\u00edng\u00fce Espa\u00f1ol\/Ingl\u00e9s. gestiona y mantiene varias p\u00e1ginas web cristianas y vicencianas, incluida including La Red de Formaci\u00f3n Vicenciana, de la que es cofundador. Actualmente es responsable del \u00e1rea de Espa\u00f1ol de .famvin, la Red de Noticias de la Familia Vicenciana. Tambi\u00e9n es m\u00fasico cat\u00f3lico y ha editado varios discos. Es Director General y cofundador de Trovador, una reconocida compa\u00f1\u00eda discogr\u00e1fica critiana de Espa\u00f1a. Trabaja en las Tecnolog\u00edas de la Informaci\u00f3n, ofreciendo servicios de alojamiento, dise\u00f1o y mantenimiento Web, as\u00ed como asesoramiento, formaci\u00f3n y soluciones inform\u00e1ticas, gesti\u00f3n documental y digitalizaci\u00f3n de textos, edici\u00f3n y maquetaci\u00f3n de libros, revistas, flyers, etc.","sameAs":["http:\/\/chento.org","https:\/\/www.facebook.com\/JavierChento","https:\/\/x.com\/https:\/\/twitter.com\/javierchento"],"url":"http:\/\/vincentians.com\/fr\/author\/chento\/"}]}},"jetpack_publicize_connections":[],"jetpack_featured_media_url":"https:\/\/i0.wp.com\/vincentians.com\/fr\/wp-content\/uploads\/sites\/10\/2016\/07\/histoire-generale-de-la-congregation-de-la-mission.jpg?fit=1200%2C630","jetpack_sharing_enabled":true,"jetpack_shortlink":"https:\/\/wp.me\/p7ETMP-s58","jetpack-related-posts":[{"id":107986,"url":"http:\/\/vincentians.com\/fr\/histoire-generale-de-la-congregation-de-la-mission-42\/","url_meta":{"origin":107950,"position":0},"title":"Histoire g\u00e9n\u00e9rale de la Congr\u00e9gation de la Mission (42)","author":"Francisco Javier Fern\u00e1ndez Chento","date":"08\/02\/2014","format":false,"excerpt":"XLII. M. Jolly mortifi\u00e9 au sujet du sup\u00e9rieur des Invalides. Son attache pour la saine doctrine M. Jolly, tout bon sup\u00e9rieur qu\u2019il f\u00fbt, ne manqua pas de peines dans l\u2019exercice de son gouvernement ; il lui en arriva une des plus sensibles en l\u2019ann\u00e9e 1690. On a vu assez souvent\u2026","rel":"","context":"Dans &quot;Histoire de la Congr\u00e9gation de la Mission&quot;","block_context":{"text":"Histoire de la Congr\u00e9gation de la Mission","link":"http:\/\/vincentians.com\/fr\/category\/histoire-de-la-congregation-de-la-mission\/"},"img":{"alt_text":"","src":"https:\/\/i0.wp.com\/vincentians.com\/fr\/wp-content\/uploads\/sites\/10\/2016\/07\/histoire-generale-de-la-congregation-de-la-mission.jpg?fit=1200%2C630&resize=350%2C200","width":350,"height":200,"srcset":"https:\/\/i0.wp.com\/vincentians.com\/fr\/wp-content\/uploads\/sites\/10\/2016\/07\/histoire-generale-de-la-congregation-de-la-mission.jpg?fit=1200%2C630&resize=350%2C200 1x, https:\/\/i0.wp.com\/vincentians.com\/fr\/wp-content\/uploads\/sites\/10\/2016\/07\/histoire-generale-de-la-congregation-de-la-mission.jpg?fit=1200%2C630&resize=525%2C300 1.5x, https:\/\/i0.wp.com\/vincentians.com\/fr\/wp-content\/uploads\/sites\/10\/2016\/07\/histoire-generale-de-la-congregation-de-la-mission.jpg?fit=1200%2C630&resize=700%2C400 2x, https:\/\/i0.wp.com\/vincentians.com\/fr\/wp-content\/uploads\/sites\/10\/2016\/07\/histoire-generale-de-la-congregation-de-la-mission.jpg?fit=1200%2C630&resize=1050%2C600 3x"},"classes":[]},{"id":107944,"url":"http:\/\/vincentians.com\/fr\/histoire-generale-de-la-congregation-de-la-mission-27\/","url_meta":{"origin":107950,"position":1},"title":"Histoire g\u00e9n\u00e9rale de la Congr\u00e9gation de la Mission (27)","author":"Francisco Javier Fern\u00e1ndez Chento","date":"24\/01\/2014","format":false,"excerpt":"XXVII. Vexation des chevaliers de St.-Lazare, Bref du St. Si\u00e8ge On a pu remarquer, par tout ce qu\u2019on vient de dire, qu\u2019apr\u00e8s la retraite des d\u00e9put\u00e9s de l\u2019assembl\u00e9e, M. Jolly, nouveau g\u00e9n\u00e9ral, ne fut pas sans occupations, \u00e9tant charg\u00e9 de faire dresser tous ces m\u00e9moires, et de r\u00e9pondre \u00e0 ces\u2026","rel":"","context":"Dans &quot;Histoire de la Congr\u00e9gation de la Mission&quot;","block_context":{"text":"Histoire de la Congr\u00e9gation de la Mission","link":"http:\/\/vincentians.com\/fr\/category\/histoire-de-la-congregation-de-la-mission\/"},"img":{"alt_text":"","src":"https:\/\/i0.wp.com\/vincentians.com\/fr\/wp-content\/uploads\/sites\/10\/2016\/07\/histoire-generale-de-la-congregation-de-la-mission.jpg?fit=1200%2C630&resize=350%2C200","width":350,"height":200,"srcset":"https:\/\/i0.wp.com\/vincentians.com\/fr\/wp-content\/uploads\/sites\/10\/2016\/07\/histoire-generale-de-la-congregation-de-la-mission.jpg?fit=1200%2C630&resize=350%2C200 1x, https:\/\/i0.wp.com\/vincentians.com\/fr\/wp-content\/uploads\/sites\/10\/2016\/07\/histoire-generale-de-la-congregation-de-la-mission.jpg?fit=1200%2C630&resize=525%2C300 1.5x, https:\/\/i0.wp.com\/vincentians.com\/fr\/wp-content\/uploads\/sites\/10\/2016\/07\/histoire-generale-de-la-congregation-de-la-mission.jpg?fit=1200%2C630&resize=700%2C400 2x, https:\/\/i0.wp.com\/vincentians.com\/fr\/wp-content\/uploads\/sites\/10\/2016\/07\/histoire-generale-de-la-congregation-de-la-mission.jpg?fit=1200%2C630&resize=1050%2C600 3x"},"classes":[]},{"id":38477,"url":"http:\/\/vincentians.com\/fr\/le-directeur-provincial-animateur-des-filles-de-la-charite\/","url_meta":{"origin":107950,"position":2},"title":"Le Directeur Provincial \u201canimateur\u201d des Filles de la Charit\u00e9","author":"Francisco Javier Fern\u00e1ndez Chento","date":"03\/10\/2012","format":false,"excerpt":"Dans les Constitutions des Filles de la Charit\u00e9, nous trouvons \u00e0 l\u2019article 3.38: le Directeur Provincial est un pr\u00eatre de la Congr\u00e9gation de la Mission, nomm\u00e9 par le Sup\u00e9rieur G\u00e9n\u00e9ral; \u201cil partage avec la Visitatrice et son Conseil la responsabilit\u00e9 de promouvoir l\u2019esprit vincentien dans la Province\u201d Missionnaire, le directeur\u2026","rel":"","context":"Dans &quot;Congr\u00e9gation de la Mission&quot;","block_context":{"text":"Congr\u00e9gation de la Mission","link":"http:\/\/vincentians.com\/fr\/category\/congregation-de-la-mission\/"},"img":{"alt_text":"","src":"https:\/\/i0.wp.com\/vincentiens.org\/wp-content\/uploads\/2011\/05\/filles_charite-228x300.jpg?resize=350%2C200","width":350,"height":200},"classes":[]},{"id":108221,"url":"http:\/\/vincentians.com\/fr\/histoire-generale-de-la-congregation-de-la-mission-48\/","url_meta":{"origin":107950,"position":3},"title":"Histoire g\u00e9n\u00e9rale de la Congr\u00e9gation de la Mission (48)","author":"Francisco Javier Fern\u00e1ndez Chento","date":"14\/02\/2014","format":false,"excerpt":"XLVIII. Caducit\u00e9 de M. Jolly. Sa mort La sant\u00e9 de M. Jolly \u00e9tait devenue fort chancelante ; il ne pouvait plus \u00e0 raison de l\u2019incommodit\u00e9 de ses jambes et encore plus \u00e0 cause de son grand \u00e2ge et de sa caducit\u00e9, sortir en ville, pour assister aux conf\u00e9rences des eccl\u00e9siastiques\u2026","rel":"","context":"Dans &quot;Histoire de la Congr\u00e9gation de la Mission&quot;","block_context":{"text":"Histoire de la Congr\u00e9gation de la Mission","link":"http:\/\/vincentians.com\/fr\/category\/histoire-de-la-congregation-de-la-mission\/"},"img":{"alt_text":"","src":"https:\/\/i0.wp.com\/vincentians.com\/fr\/wp-content\/uploads\/sites\/10\/2016\/07\/histoire-generale-de-la-congregation-de-la-mission.jpg?fit=1200%2C630&resize=350%2C200","width":350,"height":200,"srcset":"https:\/\/i0.wp.com\/vincentians.com\/fr\/wp-content\/uploads\/sites\/10\/2016\/07\/histoire-generale-de-la-congregation-de-la-mission.jpg?fit=1200%2C630&resize=350%2C200 1x, https:\/\/i0.wp.com\/vincentians.com\/fr\/wp-content\/uploads\/sites\/10\/2016\/07\/histoire-generale-de-la-congregation-de-la-mission.jpg?fit=1200%2C630&resize=525%2C300 1.5x, https:\/\/i0.wp.com\/vincentians.com\/fr\/wp-content\/uploads\/sites\/10\/2016\/07\/histoire-generale-de-la-congregation-de-la-mission.jpg?fit=1200%2C630&resize=700%2C400 2x, https:\/\/i0.wp.com\/vincentians.com\/fr\/wp-content\/uploads\/sites\/10\/2016\/07\/histoire-generale-de-la-congregation-de-la-mission.jpg?fit=1200%2C630&resize=1050%2C600 3x"},"classes":[]},{"id":107500,"url":"http:\/\/vincentians.com\/fr\/histoire-generale-de-la-congregation-de-la-mission-02\/","url_meta":{"origin":107950,"position":4},"title":"Histoire g\u00e9n\u00e9rale de la Congr\u00e9gation de la Mission (02)","author":"Francisco Javier Fern\u00e1ndez Chento","date":"28\/12\/2013","format":false,"excerpt":"II. [El]ection de [M.] Alm\u00e9ras [\u00e9]lu 2e [g\u00e9]n\u00e9ral de [la] Congr\u00e9gation. 1661. M. Vincent eut donn\u00e9 la consolation de voir, avant sa mort, la Congr\u00e9gation assez bien affermie et il avait lieu d\u2019esp\u00e9rer que cette Compagnie dont il s\u2019\u00e9tait trouv\u00e9 l\u2019Instituteur, sans penser au commencement d\u2019en former aucune dans l\u2019\u00e9glise,\u2026","rel":"","context":"Dans &quot;Histoire de la Congr\u00e9gation de la Mission&quot;","block_context":{"text":"Histoire de la Congr\u00e9gation de la Mission","link":"http:\/\/vincentians.com\/fr\/category\/histoire-de-la-congregation-de-la-mission\/"},"img":{"alt_text":"","src":"https:\/\/i0.wp.com\/vincentians.com\/fr\/wp-content\/uploads\/sites\/10\/2016\/07\/histoire-generale-de-la-congregation-de-la-mission.jpg?fit=1200%2C630&resize=350%2C200","width":350,"height":200,"srcset":"https:\/\/i0.wp.com\/vincentians.com\/fr\/wp-content\/uploads\/sites\/10\/2016\/07\/histoire-generale-de-la-congregation-de-la-mission.jpg?fit=1200%2C630&resize=350%2C200 1x, https:\/\/i0.wp.com\/vincentians.com\/fr\/wp-content\/uploads\/sites\/10\/2016\/07\/histoire-generale-de-la-congregation-de-la-mission.jpg?fit=1200%2C630&resize=525%2C300 1.5x, https:\/\/i0.wp.com\/vincentians.com\/fr\/wp-content\/uploads\/sites\/10\/2016\/07\/histoire-generale-de-la-congregation-de-la-mission.jpg?fit=1200%2C630&resize=700%2C400 2x, https:\/\/i0.wp.com\/vincentians.com\/fr\/wp-content\/uploads\/sites\/10\/2016\/07\/histoire-generale-de-la-congregation-de-la-mission.jpg?fit=1200%2C630&resize=1050%2C600 3x"},"classes":[]},{"id":107949,"url":"http:\/\/vincentians.com\/fr\/histoire-generale-de-la-congregation-de-la-mission-31\/","url_meta":{"origin":107950,"position":5},"title":"Histoire g\u00e9n\u00e9rale de la Congr\u00e9gation de la Mission (31)","author":"Francisco Javier Fern\u00e1ndez Chento","date":"28\/01\/2014","format":false,"excerpt":"XXXI. Fermet\u00e9 de M. Jolly Il se trouve par le d\u00e9nombrement qu\u2019on vient de faire de tous ces \u00e9tablissements de la Congr\u00e9gation sous le g\u00e9n\u00e9ralat de M. Jolly, qu\u2019il en a accept\u00e9, au nombre de 38. C\u2019est \u00e0 dire une fois plus qu\u2019il n\u2019y en avait dans la Compagnie ces\u2026","rel":"","context":"Dans &quot;Histoire de la Congr\u00e9gation de la Mission&quot;","block_context":{"text":"Histoire de la Congr\u00e9gation de la Mission","link":"http:\/\/vincentians.com\/fr\/category\/histoire-de-la-congregation-de-la-mission\/"},"img":{"alt_text":"","src":"https:\/\/i0.wp.com\/vincentians.com\/fr\/wp-content\/uploads\/sites\/10\/2016\/07\/histoire-generale-de-la-congregation-de-la-mission.jpg?fit=1200%2C630&resize=350%2C200","width":350,"height":200,"srcset":"https:\/\/i0.wp.com\/vincentians.com\/fr\/wp-content\/uploads\/sites\/10\/2016\/07\/histoire-generale-de-la-congregation-de-la-mission.jpg?fit=1200%2C630&resize=350%2C200 1x, https:\/\/i0.wp.com\/vincentians.com\/fr\/wp-content\/uploads\/sites\/10\/2016\/07\/histoire-generale-de-la-congregation-de-la-mission.jpg?fit=1200%2C630&resize=525%2C300 1.5x, https:\/\/i0.wp.com\/vincentians.com\/fr\/wp-content\/uploads\/sites\/10\/2016\/07\/histoire-generale-de-la-congregation-de-la-mission.jpg?fit=1200%2C630&resize=700%2C400 2x, https:\/\/i0.wp.com\/vincentians.com\/fr\/wp-content\/uploads\/sites\/10\/2016\/07\/histoire-generale-de-la-congregation-de-la-mission.jpg?fit=1200%2C630&resize=1050%2C600 3x"},"classes":[]}],"_links":{"self":[{"href":"http:\/\/vincentians.com\/fr\/wp-json\/wp\/v2\/posts\/107950","targetHints":{"allow":["GET"]}}],"collection":[{"href":"http:\/\/vincentians.com\/fr\/wp-json\/wp\/v2\/posts"}],"about":[{"href":"http:\/\/vincentians.com\/fr\/wp-json\/wp\/v2\/types\/post"}],"author":[{"embeddable":true,"href":"http:\/\/vincentians.com\/fr\/wp-json\/wp\/v2\/users\/4"}],"replies":[{"embeddable":true,"href":"http:\/\/vincentians.com\/fr\/wp-json\/wp\/v2\/comments?post=107950"}],"version-history":[{"count":0,"href":"http:\/\/vincentians.com\/fr\/wp-json\/wp\/v2\/posts\/107950\/revisions"}],"wp:featuredmedia":[{"embeddable":true,"href":"http:\/\/vincentians.com\/fr\/wp-json\/wp\/v2\/media\/189808"}],"wp:attachment":[{"href":"http:\/\/vincentians.com\/fr\/wp-json\/wp\/v2\/media?parent=107950"}],"wp:term":[{"taxonomy":"category","embeddable":true,"href":"http:\/\/vincentians.com\/fr\/wp-json\/wp\/v2\/categories?post=107950"},{"taxonomy":"post_tag","embeddable":true,"href":"http:\/\/vincentians.com\/fr\/wp-json\/wp\/v2\/tags?post=107950"}],"curies":[{"name":"wp","href":"https:\/\/api.w.org\/{rel}","templated":true}]}}