{"id":107949,"date":"2014-01-28T19:18:22","date_gmt":"2014-01-28T18:18:22","guid":{"rendered":"http:\/\/vincentiens.org\/?p=107949"},"modified":"2014-01-28T19:18:22","modified_gmt":"2014-01-28T18:18:22","slug":"histoire-generale-de-la-congregation-de-la-mission-31","status":"publish","type":"post","link":"http:\/\/vincentians.com\/fr\/histoire-generale-de-la-congregation-de-la-mission-31\/","title":{"rendered":"Histoire g\u00e9n\u00e9rale de la Congr\u00e9gation de la Mission (31)"},"content":{"rendered":"<h2><b><b><b><b>XXXI. Fermet\u00e9 de M. Jolly<\/b><\/b><\/b><\/b><\/h2>\n<p><a href=\"https:\/\/i0.wp.com\/vincentiens.org\/wp-content\/uploads\/2012\/12\/logocm.png\"><img data-recalc-dims=\"1\" loading=\"lazy\" decoding=\"async\" class=\"alignright size-medium wp-image-104093\" alt=\"logocm\" src=\"https:\/\/i0.wp.com\/vincentiens.org\/wp-content\/uploads\/2012\/12\/logocm-245x300.png?resize=245%2C300\" width=\"245\" height=\"300\" \/><\/a>Il se trouve par le d\u00e9nombrement qu\u2019on vient de faire de tous ces \u00e9tablissements de la Congr\u00e9gation sous le g\u00e9n\u00e9ralat de M. Jolly, qu\u2019il en a accept\u00e9, au nombre de 38. C\u2019est \u00e0 dire une fois plus qu\u2019il n\u2019y en avait dans la Compagnie ces \u00e9tablissements si fr\u00e9quents l\u2019\u00e9puisaient en peu en sujets, et le g\u00e9n\u00e9ral se plaignait souvent de manquer d\u2019ouvriers pour satisfaire tous ceux qui en demandaient. Il ne laissa pas, malgr\u00e9 cela, d\u2019\u00eatre ferme, sans rien rel\u00e2cher, quand il jugeait cette conduite n\u00e9cessaire pour le bien spirituel des Missionnaires et pour<b> <\/b>l\u2019utilit\u00e9 g\u00e9n\u00e9rale de la Congr\u00e9gation. Il n\u2019accordait jamais des permissions propres \u00e0 affaiblir la r\u00e9gularit\u00e9 de l\u2019institut ; comme d\u2019aller dans son pays, visiter des parents, &amp;c, qu\u2019on n\u2019osait pas m\u00eame les lui demander.<\/p>\n<p>Il punissait s\u00e9v\u00e8rement les moindres fautes de d\u00e9sob\u00e9issance. Il jugea \u00e0 propos, en 1682, de changer une grande partie des visiteurs, en mettant \u00e0 leurs places d\u2019autres pr\u00eatres assez jeunes comme M. Ch\u00e8vremont ; qu\u2019il fit visiteur de la province de Poitou, n\u2019ayant gu\u00e8re trente ans, \u00e0 la place de M. Dupuich, d\u00e9j\u00e0 avanc\u00e9 en \u00e2ge. Quelques-uns ont cru que M. Berthe, son premier assistant, ne s\u2019accommodait pas tout \u00e0 fait de sa fermet\u00e9. Quoi qu\u2019il en soit, il s\u2019\u00e9loigna de St.-Lazare, et en avertit la Compagnie par une lettre du 2 janvier 1683, o\u00f9 il suppose que cet assistant se trouvant incommod\u00e9 \u00e0 Paris, il avait d\u00e9sir\u00e9 d\u2019en sortir ;<b> <\/b>qu\u2019ainsi il l\u2019envoyait \u00e0 Richelieu, et que, devant, selon les constitutions, substituer quelqu\u2019un en la place d\u2019un assistant qui s\u2019absente quelque temps, il avait propos\u00e9 aux autres assistants M. Dupuicht, nouvellement sup\u00e9rieur \u00e0 Saint-Charles, reconnu pour vertueux, affectionn\u00e9 \u00e0 sa vocation et de bonne conduite. On sait que la maison de Saint-Charles est attenante au clos de St.-Lazare, et que du temps de feu M. Vincent, on y \u00e9levait des jeunes gens pour leur apprendre les humanit\u00e9s, dans l\u2019esp\u00e9rance de les rendre bons sujets pour l\u2019\u00c9glise. On y a vu des \u00e9coliers de distinction, qui m\u00eame dans la suite ont \u00e9t\u00e9 \u00e9v\u00eaques. M. Le Jumeau<span id='easy-footnote-1-107949' class='easy-footnote-margin-adjust'><\/span><span class='easy-footnote'><a href='http:\/\/vincentians.com\/fr\/histoire-generale-de-la-congregation-de-la-mission-31\/#easy-footnote-bottom-1-107949' title='Michel Lejumeau, n\u00e9 1630.'><sup>1<\/sup><\/a><\/span> \u00e9tait un homme habile dans les humanit\u00e9s ; qui les a enseign\u00e9es longtemps dans cette maison avec applaudissement. Toutefois, on n\u2019avait pas tout le contentement qu\u2019on aurait souhait\u00e9 de ces jeunes gens, et souvent il y avait des plaintes ; ce qui<b> <\/b>fit prendre la r\u00e9solution de quitter cet emploi, et M. Dupuicht a \u00e9t\u00e9 le dernier sup\u00e9rieur de cette maison, qui demeura ainsi vacante. On y tenait seulement un fr\u00e8re qui sonnait les exercices tout comme s\u2019il y avait eu une communaut\u00e9, parce que l\u2019on voulait conserver quelques droits d\u2019entr\u00e9e dans Paris attach\u00e9s \u00e0 cette famille. La maison a servi depuis pour y \u00e9tablir un s\u00e9minaire de r\u00e9novation, durant six mois de l\u2019ann\u00e9e, en faveur des pr\u00eatres qui avaient d\u00e9j\u00e0 travaill\u00e9 quelque temps.<\/p>\n<p>Pour revenir \u00e0 la fermet\u00e9 de M. Jolly, il \u00e9tait craint, et en m\u00eame temps aim\u00e9, tant dans la maison de St.-Lazare que dans toute la Compagnie. Il \u00e9coutait les plaintes des inf\u00e9rieurs, en les invitant \u00e0 s\u2019adresser \u00e0 lui. Il retirait assez souvent des sup\u00e9rieurs et les faisait rester un temps notable dans la maison de St.<b> <\/b>-Lazare pour se r\u00e9accoutumer \u00e0 la d\u00e9pendance, ou quelquefois il les renvoyait inf\u00e9rieurs dans diverses maisons sans vouloir leur donner d\u2019autre sup\u00e9riorit\u00e9. Personne n\u2019osait remuer le moins du monde dans la famille de St.-Lazare. Chacun se tenait dans sa chambre, et rien n\u2019\u00e9tait mieux r\u00e9gl\u00e9 que cette maison, du moins dans les premi\u00e8res ann\u00e9es de son gouvernement.<\/p>\n<p>Il n\u2019avait pas moins de fermet\u00e9 \u00e0 l\u2019\u00e9gard des externes sans excepter les plus puissants, pour maintenir les usages de la Compagnie, et en particulier la mutabilit\u00e9 des sup\u00e9rieurs selon le bon plaisir du g\u00e9n\u00e9ral. Il crut que M. \u00c9veillard, en Pologne, de la conduite duquel les inf\u00e9rieurs n\u2019\u00e9taient pas tout \u00e0 fait contents, voulait s\u2019y maintenir par le cr\u00e9dit des grands. M. le marquis de B\u00e9thune, pour lors ambassadeur de France, qui \u00e9tait proche parent de la reine, \u00e9pouse du roi Jean Sobieski, troisi\u00e8me du nom, le soutenait. M. Jolly r\u00e9solut pourtant<b> <\/b>de le retirer en 1679. Il proposa \u00e0 M. Dupuicht, qui \u00e9tait encore \u00e0 Richelieu, un second voyage en Pologne, laissant toutefois cela en sa disposition. Ce vertueux Missionnaire pr\u00e9vit bien les difficult\u00e9s qu\u2019il trouverait en cette occasion ; il ne laissa pas d\u2019ob\u00e9ir et partit de Paris au mois de mai. En passant, il visita la maison de Culm, o\u00f9 M. Godquin, missionnaire fran\u00e7ais, \u00e9tait sup\u00e9rieur, pr\u00e9pos\u00e9 de l\u2019\u00e9glise paroissiale et cur\u00e9 primitif du bourg de Sirkow, pr\u00e8s de Dantzig, o\u00f9 il nommait un vicaire, de l\u2019agr\u00e9ment de l\u2019\u00e9v\u00eaque ; il resta visiteur jusqu\u2019en 1680. M. \u00c9veillard, \u00e9tant homme d\u2019esprit, ne manqua pas de soup\u00e7onner quelque chose sur son compte, voyant le long s\u00e9jour d\u2019un visiteur en Pologne ; il voulut tenter d\u2019adoucir M. Jolly, lui \u00e9crivant plusieurs lettres pour revenir en France et quitter la Pologne. Le g\u00e9n\u00e9ral le prit au mot, lui marquant de venir \u00e0 Metz, o\u00f9 il<b> <\/b>trouverait des lettres qui lui apprendraient o\u00f9 il devrait se rendre. Cet ordre ne lui plut pas, et tout ce qu\u2019il en avait fait n\u2019\u00e9tait que dissimulation. Il int\u00e9ressa, pour se conserver dans son poste, toutes les puissances eccl\u00e9siastiques et s\u00e9culi\u00e8res, m\u00eame le roi<span id='easy-footnote-2-107949' class='easy-footnote-margin-adjust'><\/span><span class='easy-footnote'><a href='http:\/\/vincentians.com\/fr\/histoire-generale-de-la-congregation-de-la-mission-31\/#easy-footnote-bottom-2-107949' title='&lt;i&gt;Annales&lt;\/i&gt; ajoute \u201c de Pologne\u00a0\u201d pour expliquer le sens.'><sup>2<\/sup><\/a><\/span>, qui \u00e9crivit, et \u00e0 M. Jolly, lui demandant de laisser \u00e0 Varsovie M. \u00c9veillard, et encore au roi de France Louis 14.<\/p>\n<p>Le g\u00e9n\u00e9ral supplia le roi qu\u2019on e\u00fbt la libert\u00e9 de conduire la Congr\u00e9gation selon ses usages. La reine envoya \u00e0 des \u00e9v\u00eaques \u00e0 M. Dupuicht afin qu\u2019il \u00e9criv\u00eet \u00e0 Paris de ne point \u00f4ter M. \u00c9veillard de son emploi. M. Jolly, toujours ferme, apr\u00e8s avoir d\u00e9lib\u00e9r\u00e9 avec son Conseil, r\u00e9pondit \u00e0 M. Dupuicht et lui adressa des patentes pour \u00e9tablir un autre sup\u00e9rieur, avec une pr\u00e9sentation \u00e0 Mgr l\u2019\u00c9v\u00eaque de Posnanie, pr\u00e9lat dioc\u00e9sain, pour substituer un autre cur\u00e9 ; on craignait qu\u2019il ne donn\u00e2t pas ais\u00e9ment son visa. M. Dupuicht, par malheur, se vit atteint d\u2019une grosse<b> <\/b>fi\u00e8vre, et dans l\u2019appr\u00e9hension que ses papiers ne tombassent entre les mains de M. \u00c9veillard, il \u00e9crivit \u00e0 M. Godquin, sup\u00e9rieur de Culm, de le venir trouver incessamment \u00e0 Varsovie. Le jour m\u00eame qu\u2019il y arriva, on re\u00e7ut les lettres de M. Jolly qui le nommaient sup\u00e9rieur ; quelques jours apr\u00e8s, M. Dupuicht \u00e9tant gu\u00e9ri, ils all\u00e8rent ensemble trouver Mgr l\u2019\u00c9v\u00eaque dans une maison de campagne, et l\u2019affaire se conclut. M. \u00c9veillard, outr\u00e9 de tout ceci, souhaita qu\u2019on lui donn\u00e2t son cong\u00e9 ; il \u00e9tait tout pr\u00eat, et il lui fut signifi\u00e9. On lui accorda livres, habits, linge, argent ; tout se fit avec satisfaction r\u00e9ciproque. Il se retira chez M. l\u2019abb\u00e9 Denhoff<span id='easy-footnote-3-107949' class='easy-footnote-margin-adjust'><\/span><span class='easy-footnote'><a href='http:\/\/vincentians.com\/fr\/histoire-generale-de-la-congregation-de-la-mission-31\/#easy-footnote-bottom-3-107949' title='Jan Casimir D\u00f6nhoff, \u2020 1697.'><sup>3<\/sup><\/a><\/span>, son intime ami, depuis cardinal. Quelque temps apr\u00e8s, M. Dupuicht revint \u00e0 Richelieu, conduire sa communaut\u00e9. Il fit son voyage par mer, ne trouvant pas de commodit\u00e9s par terre dans la<b> <\/b>ville de Dantzig. Mais le vaisseau o\u00f9 il \u00e9tait essuya, dans le Sund, une rude temp\u00eate qui le jeta sur les c\u00f4tes de Norv\u00e8ge o\u00f9 il faillit p\u00e9rir ; il avait d\u00e9j\u00e0 manqu\u00e9 de le faire en se rendant de Varsovie \u00e0 Culm, dans une cal\u00e8che qui versa le long de la Vistule. Il revint par Amsterdam et par Bruxelles. M. Jolly, par sa fermet\u00e9, \u00e9tait venu \u00e0 bout de changer le sup\u00e9rieur ; il avait m\u00eame marqu\u00e9 plusieurs fois \u00e0 M. Dupuy<span id='easy-footnote-4-107949' class='easy-footnote-margin-adjust'><\/span><span class='easy-footnote'><a href='http:\/\/vincentians.com\/fr\/histoire-generale-de-la-congregation-de-la-mission-31\/#easy-footnote-bottom-4-107949' title='&lt;i&gt;Annales&lt;\/i&gt; : \u201c\u00a0Dupuicht.\u00a0\u201d'><sup>4<\/sup><\/a><\/span> qu\u2019il aimait mieux que la Congr\u00e9gation perd\u00eet tous ses \u00e9tablissements en Pologne, que de souffrir que les sup\u00e9rieurs se rendissent ainsi ind\u00e9pendants.<\/p>\n<p>Il en fit presque autant dans une autre rencontre, mais \u00e0 l\u2019\u00e9gard d\u2019un sup\u00e9rieur, et cur\u00e9 soumis, qui n\u2019avait aucune part dans la brigue qu\u2019on fit pour le maintenir dans son poste ; c\u2019\u00e9tait M. Durand<span id='easy-footnote-5-107949' class='easy-footnote-margin-adjust'><\/span><span class='easy-footnote'><a href='http:\/\/vincentians.com\/fr\/histoire-generale-de-la-congregation-de-la-mission-31\/#easy-footnote-bottom-5-107949' title='Antoine Durand, 1629-1703.'><sup>5<\/sup><\/a><\/span>, cur\u00e9 de Fontainebleau, celui-l\u00e0 m\u00eame \u00e0 qui M. Vincent donna ces beaux avis, pour la conduite,<b> <\/b>en le faisant nouveau sup\u00e9rieur, tels qu\u2019ils sont rapport\u00e9s dans la Vie, lui-m\u00eame \u00e9tant all\u00e9 sur-le-champ les \u00e9crire au sortir de la chambre de M. Vincent. M. Jolly voulut l\u2019\u00f4ter de Fontainebleau. Il ob\u00e9it aussit\u00f4t qu\u2019il re\u00e7ut son ordre, et d\u00e8s quatre heures du matin, apr\u00e8s avoir dit la messe, il partit pour se rendre \u00e0 St.-Lazare, ayant averti seulement son assistant. Les paroissiens chagrins de son d\u00e9part, pr\u00e9sent\u00e8rent une requ\u00eate au roi, pour ravoir leur cur\u00e9, mais S[a] M[ajest\u00e9] dit \u00e0 M. Jolly qu\u2019il agr\u00e9ait ce changement. Il fallait gagner la reine ; elle se rendit aussi. M. [Denis] Laudin<span id='easy-footnote-6-107949' class='easy-footnote-margin-adjust'><\/span><span class='easy-footnote'><a href='http:\/\/vincentians.com\/fr\/histoire-generale-de-la-congregation-de-la-mission-31\/#easy-footnote-bottom-6-107949' title='1622-1693.'><sup>6<\/sup><\/a><\/span> fut install\u00e9 cur\u00e9 et fit beaucoup de bien, au contentement de tout le monde.<\/p>\n<p>Il \u00f4ta de m\u00eame M. de Jouh\u00e9<span id='easy-footnote-7-107949' class='easy-footnote-margin-adjust'><\/span><span class='easy-footnote'><a href='http:\/\/vincentians.com\/fr\/histoire-generale-de-la-congregation-de-la-mission-31\/#easy-footnote-bottom-7-107949' title='Charles-Turpin de Jou\u00e9, n\u00e9 1644.'><sup>7<\/sup><\/a><\/span> de Versailles, o\u00f9 il \u00e9tait demeur\u00e9 18 mois en qualit\u00e9 de cur\u00e9, gagnant l\u2019affection d\u2019un chacun, du roi et des courtisans. Il y eut surtout un de ces courtisans<b> <\/b>qui \u00e9tait malade, fut visit\u00e9 par le cur\u00e9 qui lui dit ces mots : Les uns viennent vous voir en courtisans pour vous flatter, d\u2019autres en int\u00e9ress\u00e9s ; pour moi, je vous rends visite en cur\u00e9 pour vous dire qu\u2019il ne suffit pas d\u2019avoir gagn\u00e9 les bonnes gr\u00e2ces du roi : il faut encore gagner le ciel. Et que faire pour cela ? Quelques jours d\u2019audience pour moi sans parler aux autres, et vous disposer \u00e0 faire une bonne confession g\u00e9n\u00e9rale. Ce seigneur revint en sant\u00e9, et fut depuis intime ami du cur\u00e9. Il ne voulait pas consentir \u00e0 son rappel, mais M. Jolly tint ferme.<\/p>\n<p>\u00c0 Rochefort encore, ayant r\u00e9solu, \u00e9tant d\u00e9j\u00e0 sur la fin de sa vie, de changer M. Piron<span id='easy-footnote-8-107949' class='easy-footnote-margin-adjust'><\/span><span class='easy-footnote'><a href='http:\/\/vincentians.com\/fr\/histoire-generale-de-la-congregation-de-la-mission-31\/#easy-footnote-bottom-8-107949' title='Ren\u00e9 Piron, n\u00e9 1644.'><sup>8<\/sup><\/a><\/span>, qui y \u00e9tait cur\u00e9. Mgr l\u2019\u00c9v\u00eaque de La Rochelle, ne go\u00fbtant pas ce changement, refusa le visa \u00e0 celui qu\u2019on mettait \u00e0 la place de l\u2019autre. M. Jolly ne pouvait plus aller \u00e0 Versailles \u00e0 cause de sa caducit\u00e9 ; il fit parler au roi par M. H\u00e9bert, auquel S[a] M[ajest\u00e9] r\u00e9pondit<b> <\/b>qu\u2019elle se souvenait tr\u00e8s bien, en effet, que les Missionnaires, seuls, avec Mrs. de Sainte-Genevi\u00e8ve, avaient \u00e9t\u00e9 except\u00e9s de l\u2019\u00e9dit sur l\u2019inamovibilit\u00e9 des cur\u00e9s ; que dans l\u2019acceptation des cures de Versailles, Fontainebleau et Rochefort, la condition de changer les sup\u00e9rieurs avait \u00e9t\u00e9 stipul\u00e9e ; et que les \u00e9v\u00eaques de Paris, de Sens et de La Rochelle, savaient assez les canons de l\u2019\u00c9glise pour juger si de telles conditions \u00e9taient licites ; que, les ayant accept\u00e9es, il fallait s\u2019y tenir.<\/p>\n<p>Enfin M. le marquis de Louvois<span id='easy-footnote-9-107949' class='easy-footnote-margin-adjust'><\/span><span class='easy-footnote'><a href='http:\/\/vincentians.com\/fr\/histoire-generale-de-la-congregation-de-la-mission-31\/#easy-footnote-bottom-9-107949' title='Fran\u00e7ois-Michel Le Tellier, marquis de Louvois, 1641-1691; ministre et secr\u00e9taire d\u2019\u00e9tat.'><sup>9<\/sup><\/a><\/span>, tout puissant qu\u2019il \u00e9tait et accoutum\u00e9 \u00e0 se faire ob\u00e9ir, ne voulait pas consentir au changement du sup\u00e9rieur des Invalides ; et il avait, pour l\u2019emp\u00eacher, envoy\u00e9 des ordres du roi, qui \u00e9tait pr\u00e9venu. S[a] M[ajest\u00e9] refusa d\u2019abord son agr\u00e9ment. M. Jolly demanda qu\u2019il lui f\u00fbt donc permis de se d\u00e9mettre de sa charge, \u00e0 quoi le roi eut la bont\u00e9 de r\u00e9pliquer :<b> <\/b>Continuez dans votre emploi ; je donne les mains. M. le marquis de Louvois y consentit aussi, disant au g\u00e9n\u00e9ral : Monsieur, vous \u00eates l\u2019homme du monde le plus insinuant et le plus ferme.<\/p>\n","protected":false},"excerpt":{"rendered":"<p>XXXI. Fermet\u00e9 de M. Jolly Il se trouve par le d\u00e9nombrement qu\u2019on vient de faire de tous ces \u00e9tablissements de la Congr\u00e9gation sous le g\u00e9n\u00e9ralat de M. Jolly, qu\u2019il en a accept\u00e9, au nombre de &#8230; <a href=\"http:\/\/vincentians.com\/fr\/histoire-generale-de-la-congregation-de-la-mission-31\/\" class=\"more-link\">Read More<\/a><\/p>\n","protected":false},"author":4,"featured_media":189808,"comment_status":"open","ping_status":"open","sticky":false,"template":"","format":"standard","meta":{"jetpack_post_was_ever_published":false,"_jetpack_newsletter_access":"","_jetpack_dont_email_post_to_subs":false,"_jetpack_newsletter_tier_id":0,"_jetpack_memberships_contains_paywalled_content":false,"_jetpack_memberships_contains_paid_content":false,"footnotes":"","jetpack_publicize_message":"","jetpack_publicize_feature_enabled":true,"jetpack_social_post_already_shared":true,"jetpack_social_options":{"image_generator_settings":{"template":"highway","default_image_id":0,"font":"","enabled":false},"version":2}},"categories":[134],"tags":[],"class_list":["post-107949","post","type-post","status-publish","format-standard","has-post-thumbnail","hentry","category-histoire-de-la-congregation-de-la-mission"],"yoast_head":"<!-- This site is optimized with the Yoast SEO plugin v26.3 - https:\/\/yoast.com\/wordpress\/plugins\/seo\/ -->\n<title>Histoire g\u00e9n\u00e9rale de la Congr\u00e9gation de la Mission (31) - Nous Sommes Vincentiens<\/title>\n<meta name=\"robots\" content=\"index, follow, max-snippet:-1, max-image-preview:large, max-video-preview:-1\" \/>\n<link rel=\"canonical\" href=\"https:\/\/vincentians.com\/fr\/histoire-generale-de-la-congregation-de-la-mission-31\/\" \/>\n<meta property=\"og:locale\" content=\"fr_FR\" \/>\n<meta property=\"og:type\" content=\"article\" \/>\n<meta property=\"og:title\" content=\"Histoire g\u00e9n\u00e9rale de la Congr\u00e9gation de la Mission (31) - Nous Sommes Vincentiens\" \/>\n<meta property=\"og:description\" content=\"XXXI. Fermet\u00e9 de M. Jolly Il se trouve par le d\u00e9nombrement qu\u2019on vient de faire de tous ces \u00e9tablissements de la Congr\u00e9gation sous le g\u00e9n\u00e9ralat de M. Jolly, qu\u2019il en a accept\u00e9, au nombre de ... Read More\" \/>\n<meta property=\"og:url\" content=\"https:\/\/vincentians.com\/fr\/histoire-generale-de-la-congregation-de-la-mission-31\/\" \/>\n<meta property=\"og:site_name\" content=\"Nous Sommes Vincentiens\" \/>\n<meta property=\"article:publisher\" content=\"https:\/\/www.facebook.com\/WeAreVincentians\/\" \/>\n<meta property=\"article:author\" content=\"https:\/\/www.facebook.com\/JavierChento\" \/>\n<meta property=\"article:published_time\" content=\"2014-01-28T18:18:22+00:00\" \/>\n<meta property=\"og:image\" content=\"https:\/\/i0.wp.com\/vincentians.com\/fr\/wp-content\/uploads\/sites\/10\/2016\/07\/histoire-generale-de-la-congregation-de-la-mission.jpg?fit=1200%2C630&ssl=1\" \/>\n\t<meta property=\"og:image:width\" content=\"1200\" \/>\n\t<meta property=\"og:image:height\" content=\"630\" \/>\n\t<meta property=\"og:image:type\" content=\"image\/jpeg\" \/>\n<meta name=\"author\" content=\"Francisco Javier Fern\u00e1ndez Chento\" \/>\n<meta name=\"twitter:card\" content=\"summary_large_image\" \/>\n<meta name=\"twitter:creator\" content=\"@https:\/\/twitter.com\/javierchento\" \/>\n<meta name=\"twitter:site\" content=\"@WeVincentians\" \/>\n<meta name=\"twitter:label1\" content=\"\u00c9crit par\" \/>\n\t<meta name=\"twitter:data1\" content=\"Francisco Javier Fern\u00e1ndez Chento\" \/>\n\t<meta name=\"twitter:label2\" content=\"Dur\u00e9e de lecture estim\u00e9e\" \/>\n\t<meta name=\"twitter:data2\" content=\"10 minutes\" \/>\n<script type=\"application\/ld+json\" class=\"yoast-schema-graph\">{\"@context\":\"https:\/\/schema.org\",\"@graph\":[{\"@type\":\"WebPage\",\"@id\":\"https:\/\/vincentians.com\/fr\/histoire-generale-de-la-congregation-de-la-mission-31\/\",\"url\":\"https:\/\/vincentians.com\/fr\/histoire-generale-de-la-congregation-de-la-mission-31\/\",\"name\":\"Histoire g\u00e9n\u00e9rale de la Congr\u00e9gation de la Mission (31) - Nous Sommes Vincentiens\",\"isPartOf\":{\"@id\":\"http:\/\/vincentians.com\/fr\/#website\"},\"primaryImageOfPage\":{\"@id\":\"https:\/\/vincentians.com\/fr\/histoire-generale-de-la-congregation-de-la-mission-31\/#primaryimage\"},\"image\":{\"@id\":\"https:\/\/vincentians.com\/fr\/histoire-generale-de-la-congregation-de-la-mission-31\/#primaryimage\"},\"thumbnailUrl\":\"https:\/\/i0.wp.com\/vincentians.com\/fr\/wp-content\/uploads\/sites\/10\/2016\/07\/histoire-generale-de-la-congregation-de-la-mission.jpg?fit=1200%2C630\",\"datePublished\":\"2014-01-28T18:18:22+00:00\",\"author\":{\"@id\":\"http:\/\/vincentians.com\/fr\/#\/schema\/person\/9623ef4d9aa3b2dfb8c061f1499288f2\"},\"breadcrumb\":{\"@id\":\"https:\/\/vincentians.com\/fr\/histoire-generale-de-la-congregation-de-la-mission-31\/#breadcrumb\"},\"inLanguage\":\"fr-FR\",\"potentialAction\":[{\"@type\":\"ReadAction\",\"target\":[\"https:\/\/vincentians.com\/fr\/histoire-generale-de-la-congregation-de-la-mission-31\/\"]}]},{\"@type\":\"ImageObject\",\"inLanguage\":\"fr-FR\",\"@id\":\"https:\/\/vincentians.com\/fr\/histoire-generale-de-la-congregation-de-la-mission-31\/#primaryimage\",\"url\":\"https:\/\/i0.wp.com\/vincentians.com\/fr\/wp-content\/uploads\/sites\/10\/2016\/07\/histoire-generale-de-la-congregation-de-la-mission.jpg?fit=1200%2C630\",\"contentUrl\":\"https:\/\/i0.wp.com\/vincentians.com\/fr\/wp-content\/uploads\/sites\/10\/2016\/07\/histoire-generale-de-la-congregation-de-la-mission.jpg?fit=1200%2C630\",\"width\":1200,\"height\":630},{\"@type\":\"BreadcrumbList\",\"@id\":\"https:\/\/vincentians.com\/fr\/histoire-generale-de-la-congregation-de-la-mission-31\/#breadcrumb\",\"itemListElement\":[{\"@type\":\"ListItem\",\"position\":1,\"name\":\"Portada\",\"item\":\"http:\/\/vincentians.com\/fr\/\"},{\"@type\":\"ListItem\",\"position\":2,\"name\":\"Histoire g\u00e9n\u00e9rale de la Congr\u00e9gation de la Mission (31)\"}]},{\"@type\":\"WebSite\",\"@id\":\"http:\/\/vincentians.com\/fr\/#website\",\"url\":\"http:\/\/vincentians.com\/fr\/\",\"name\":\"Nous Sommes Vincentiens\",\"description\":\"Know more to serve more\",\"potentialAction\":[{\"@type\":\"SearchAction\",\"target\":{\"@type\":\"EntryPoint\",\"urlTemplate\":\"http:\/\/vincentians.com\/fr\/?s={search_term_string}\"},\"query-input\":{\"@type\":\"PropertyValueSpecification\",\"valueRequired\":true,\"valueName\":\"search_term_string\"}}],\"inLanguage\":\"fr-FR\"},{\"@type\":\"Person\",\"@id\":\"http:\/\/vincentians.com\/fr\/#\/schema\/person\/9623ef4d9aa3b2dfb8c061f1499288f2\",\"name\":\"Francisco Javier Fern\u00e1ndez Chento\",\"image\":{\"@type\":\"ImageObject\",\"inLanguage\":\"fr-FR\",\"@id\":\"http:\/\/vincentians.com\/fr\/#\/schema\/person\/image\/\",\"url\":\"https:\/\/secure.gravatar.com\/avatar\/497d5cde87b4c3d097d0315953521681ba2cd523ee66e5077c3711f7021e65de?s=96&d=mm&r=g\",\"contentUrl\":\"https:\/\/secure.gravatar.com\/avatar\/497d5cde87b4c3d097d0315953521681ba2cd523ee66e5077c3711f7021e65de?s=96&d=mm&r=g\",\"caption\":\"Francisco Javier Fern\u00e1ndez Chento\"},\"description\":\"Director General y cofundador de La Red de Formaci\u00f3n Vicenciana. Javier es laico vicenciano, afiliado a la Congregaci\u00f3n de la Misi\u00f3n y miembro del Equipo de Misiones Populares de la provincia can\u00f3nica de Zaragoza (Espa\u00f1a) de la Congregaci\u00f3n de la Misi\u00f3n. Graduado en la Universidad Oberta de Catalunya con cuatro grados (Asistente de direcci\u00f3n, Gesti\u00f3n Administrativa, Recursos Humanos y Contabilidad Avanzada). Bil\u00edng\u00fce Espa\u00f1ol\/Ingl\u00e9s. gestiona y mantiene varias p\u00e1ginas web cristianas y vicencianas, incluida including La Red de Formaci\u00f3n Vicenciana, de la que es cofundador. Actualmente es responsable del \u00e1rea de Espa\u00f1ol de .famvin, la Red de Noticias de la Familia Vicenciana. Tambi\u00e9n es m\u00fasico cat\u00f3lico y ha editado varios discos. Es Director General y cofundador de Trovador, una reconocida compa\u00f1\u00eda discogr\u00e1fica critiana de Espa\u00f1a. Trabaja en las Tecnolog\u00edas de la Informaci\u00f3n, ofreciendo servicios de alojamiento, dise\u00f1o y mantenimiento Web, as\u00ed como asesoramiento, formaci\u00f3n y soluciones inform\u00e1ticas, gesti\u00f3n documental y digitalizaci\u00f3n de textos, edici\u00f3n y maquetaci\u00f3n de libros, revistas, flyers, etc.\",\"sameAs\":[\"http:\/\/chento.org\",\"https:\/\/www.facebook.com\/JavierChento\",\"https:\/\/x.com\/https:\/\/twitter.com\/javierchento\"],\"url\":\"http:\/\/vincentians.com\/fr\/author\/chento\/\"}]}<\/script>\n<!-- \/ Yoast SEO plugin. -->","yoast_head_json":{"title":"Histoire g\u00e9n\u00e9rale de la Congr\u00e9gation de la Mission (31) - Nous Sommes Vincentiens","robots":{"index":"index","follow":"follow","max-snippet":"max-snippet:-1","max-image-preview":"max-image-preview:large","max-video-preview":"max-video-preview:-1"},"canonical":"https:\/\/vincentians.com\/fr\/histoire-generale-de-la-congregation-de-la-mission-31\/","og_locale":"fr_FR","og_type":"article","og_title":"Histoire g\u00e9n\u00e9rale de la Congr\u00e9gation de la Mission (31) - Nous Sommes Vincentiens","og_description":"XXXI. Fermet\u00e9 de M. Jolly Il se trouve par le d\u00e9nombrement qu\u2019on vient de faire de tous ces \u00e9tablissements de la Congr\u00e9gation sous le g\u00e9n\u00e9ralat de M. Jolly, qu\u2019il en a accept\u00e9, au nombre de ... Read More","og_url":"https:\/\/vincentians.com\/fr\/histoire-generale-de-la-congregation-de-la-mission-31\/","og_site_name":"Nous Sommes Vincentiens","article_publisher":"https:\/\/www.facebook.com\/WeAreVincentians\/","article_author":"https:\/\/www.facebook.com\/JavierChento","article_published_time":"2014-01-28T18:18:22+00:00","og_image":[{"width":1200,"height":630,"url":"https:\/\/i0.wp.com\/vincentians.com\/fr\/wp-content\/uploads\/sites\/10\/2016\/07\/histoire-generale-de-la-congregation-de-la-mission.jpg?fit=1200%2C630&ssl=1","type":"image\/jpeg"}],"author":"Francisco Javier Fern\u00e1ndez Chento","twitter_card":"summary_large_image","twitter_creator":"@https:\/\/twitter.com\/javierchento","twitter_site":"@WeVincentians","twitter_misc":{"\u00c9crit par":"Francisco Javier Fern\u00e1ndez Chento","Dur\u00e9e de lecture estim\u00e9e":"10 minutes"},"schema":{"@context":"https:\/\/schema.org","@graph":[{"@type":"WebPage","@id":"https:\/\/vincentians.com\/fr\/histoire-generale-de-la-congregation-de-la-mission-31\/","url":"https:\/\/vincentians.com\/fr\/histoire-generale-de-la-congregation-de-la-mission-31\/","name":"Histoire g\u00e9n\u00e9rale de la Congr\u00e9gation de la Mission (31) - Nous Sommes Vincentiens","isPartOf":{"@id":"http:\/\/vincentians.com\/fr\/#website"},"primaryImageOfPage":{"@id":"https:\/\/vincentians.com\/fr\/histoire-generale-de-la-congregation-de-la-mission-31\/#primaryimage"},"image":{"@id":"https:\/\/vincentians.com\/fr\/histoire-generale-de-la-congregation-de-la-mission-31\/#primaryimage"},"thumbnailUrl":"https:\/\/i0.wp.com\/vincentians.com\/fr\/wp-content\/uploads\/sites\/10\/2016\/07\/histoire-generale-de-la-congregation-de-la-mission.jpg?fit=1200%2C630","datePublished":"2014-01-28T18:18:22+00:00","author":{"@id":"http:\/\/vincentians.com\/fr\/#\/schema\/person\/9623ef4d9aa3b2dfb8c061f1499288f2"},"breadcrumb":{"@id":"https:\/\/vincentians.com\/fr\/histoire-generale-de-la-congregation-de-la-mission-31\/#breadcrumb"},"inLanguage":"fr-FR","potentialAction":[{"@type":"ReadAction","target":["https:\/\/vincentians.com\/fr\/histoire-generale-de-la-congregation-de-la-mission-31\/"]}]},{"@type":"ImageObject","inLanguage":"fr-FR","@id":"https:\/\/vincentians.com\/fr\/histoire-generale-de-la-congregation-de-la-mission-31\/#primaryimage","url":"https:\/\/i0.wp.com\/vincentians.com\/fr\/wp-content\/uploads\/sites\/10\/2016\/07\/histoire-generale-de-la-congregation-de-la-mission.jpg?fit=1200%2C630","contentUrl":"https:\/\/i0.wp.com\/vincentians.com\/fr\/wp-content\/uploads\/sites\/10\/2016\/07\/histoire-generale-de-la-congregation-de-la-mission.jpg?fit=1200%2C630","width":1200,"height":630},{"@type":"BreadcrumbList","@id":"https:\/\/vincentians.com\/fr\/histoire-generale-de-la-congregation-de-la-mission-31\/#breadcrumb","itemListElement":[{"@type":"ListItem","position":1,"name":"Portada","item":"http:\/\/vincentians.com\/fr\/"},{"@type":"ListItem","position":2,"name":"Histoire g\u00e9n\u00e9rale de la Congr\u00e9gation de la Mission (31)"}]},{"@type":"WebSite","@id":"http:\/\/vincentians.com\/fr\/#website","url":"http:\/\/vincentians.com\/fr\/","name":"Nous Sommes Vincentiens","description":"Know more to serve more","potentialAction":[{"@type":"SearchAction","target":{"@type":"EntryPoint","urlTemplate":"http:\/\/vincentians.com\/fr\/?s={search_term_string}"},"query-input":{"@type":"PropertyValueSpecification","valueRequired":true,"valueName":"search_term_string"}}],"inLanguage":"fr-FR"},{"@type":"Person","@id":"http:\/\/vincentians.com\/fr\/#\/schema\/person\/9623ef4d9aa3b2dfb8c061f1499288f2","name":"Francisco Javier Fern\u00e1ndez Chento","image":{"@type":"ImageObject","inLanguage":"fr-FR","@id":"http:\/\/vincentians.com\/fr\/#\/schema\/person\/image\/","url":"https:\/\/secure.gravatar.com\/avatar\/497d5cde87b4c3d097d0315953521681ba2cd523ee66e5077c3711f7021e65de?s=96&d=mm&r=g","contentUrl":"https:\/\/secure.gravatar.com\/avatar\/497d5cde87b4c3d097d0315953521681ba2cd523ee66e5077c3711f7021e65de?s=96&d=mm&r=g","caption":"Francisco Javier Fern\u00e1ndez Chento"},"description":"Director General y cofundador de La Red de Formaci\u00f3n Vicenciana. Javier es laico vicenciano, afiliado a la Congregaci\u00f3n de la Misi\u00f3n y miembro del Equipo de Misiones Populares de la provincia can\u00f3nica de Zaragoza (Espa\u00f1a) de la Congregaci\u00f3n de la Misi\u00f3n. Graduado en la Universidad Oberta de Catalunya con cuatro grados (Asistente de direcci\u00f3n, Gesti\u00f3n Administrativa, Recursos Humanos y Contabilidad Avanzada). Bil\u00edng\u00fce Espa\u00f1ol\/Ingl\u00e9s. gestiona y mantiene varias p\u00e1ginas web cristianas y vicencianas, incluida including La Red de Formaci\u00f3n Vicenciana, de la que es cofundador. Actualmente es responsable del \u00e1rea de Espa\u00f1ol de .famvin, la Red de Noticias de la Familia Vicenciana. Tambi\u00e9n es m\u00fasico cat\u00f3lico y ha editado varios discos. Es Director General y cofundador de Trovador, una reconocida compa\u00f1\u00eda discogr\u00e1fica critiana de Espa\u00f1a. Trabaja en las Tecnolog\u00edas de la Informaci\u00f3n, ofreciendo servicios de alojamiento, dise\u00f1o y mantenimiento Web, as\u00ed como asesoramiento, formaci\u00f3n y soluciones inform\u00e1ticas, gesti\u00f3n documental y digitalizaci\u00f3n de textos, edici\u00f3n y maquetaci\u00f3n de libros, revistas, flyers, etc.","sameAs":["http:\/\/chento.org","https:\/\/www.facebook.com\/JavierChento","https:\/\/x.com\/https:\/\/twitter.com\/javierchento"],"url":"http:\/\/vincentians.com\/fr\/author\/chento\/"}]}},"jetpack_publicize_connections":[],"jetpack_featured_media_url":"https:\/\/i0.wp.com\/vincentians.com\/fr\/wp-content\/uploads\/sites\/10\/2016\/07\/histoire-generale-de-la-congregation-de-la-mission.jpg?fit=1200%2C630","jetpack_sharing_enabled":true,"jetpack_shortlink":"https:\/\/wp.me\/p7ETMP-s57","jetpack-related-posts":[{"id":54379,"url":"http:\/\/vincentians.com\/fr\/les-voeux-dans-la-congregation-nature-necessite-et-utilite\/","url_meta":{"origin":107949,"position":0},"title":"Les voeux dans la Congr\u00e9gation: nature, necessit\u00e9 et utilit\u00e9","author":"Francisco Javier Fern\u00e1ndez Chento","date":"03\/11\/2012","format":false,"excerpt":"Remarque pr\u00e9liminaire: Les membres de ce Groupe, constitu\u00e9 par le Sup\u00e9rieur G\u00e9n\u00e9ral (Constitutions n. 54, D\u00e9crets Temporaires n. 2) s'acquittent d'un double devoir: chacun y repr\u00e9sente une section de la Congr\u00e9gation (un groupe linguistique ou g\u00e9ographique), y travaille avec sa propre comp\u00e9tence. En tant que repr\u00e9sentant, il doit veiller \u00e1\u2026","rel":"","context":"Dans &quot;Congr\u00e9gation de la Mission&quot;","block_context":{"text":"Congr\u00e9gation de la Mission","link":"http:\/\/vincentians.com\/fr\/category\/congregation-de-la-mission\/"},"img":{"alt_text":"","src":"https:\/\/i0.wp.com\/vincentiens.org\/wp-content\/uploads\/2011\/08\/logocm-237x300.jpg?resize=350%2C200","width":350,"height":200},"classes":[]},{"id":38477,"url":"http:\/\/vincentians.com\/fr\/le-directeur-provincial-animateur-des-filles-de-la-charite\/","url_meta":{"origin":107949,"position":1},"title":"Le Directeur Provincial \u201canimateur\u201d des Filles de la Charit\u00e9","author":"Francisco Javier Fern\u00e1ndez Chento","date":"03\/10\/2012","format":false,"excerpt":"Dans les Constitutions des Filles de la Charit\u00e9, nous trouvons \u00e0 l\u2019article 3.38: le Directeur Provincial est un pr\u00eatre de la Congr\u00e9gation de la Mission, nomm\u00e9 par le Sup\u00e9rieur G\u00e9n\u00e9ral; \u201cil partage avec la Visitatrice et son Conseil la responsabilit\u00e9 de promouvoir l\u2019esprit vincentien dans la Province\u201d Missionnaire, le directeur\u2026","rel":"","context":"Dans &quot;Congr\u00e9gation de la Mission&quot;","block_context":{"text":"Congr\u00e9gation de la Mission","link":"http:\/\/vincentians.com\/fr\/category\/congregation-de-la-mission\/"},"img":{"alt_text":"","src":"https:\/\/i0.wp.com\/vincentiens.org\/wp-content\/uploads\/2011\/05\/filles_charite-228x300.jpg?resize=350%2C200","width":350,"height":200},"classes":[]},{"id":57593,"url":"http:\/\/vincentians.com\/fr\/lexpansion-de-la-congregation-de-la-mission-pendant-la-vie-de-st-vincent\/","url_meta":{"origin":107949,"position":2},"title":"L&rsquo;expansion de la Congregation de la Mission pendant la vie de St. Vincent","author":"Francisco Javier Fern\u00e1ndez Chento","date":"20\/05\/2015","format":false,"excerpt":"Pierre Collet (\"La Vie de St. Vincent de Paul\", Nancy 1748, II, 325) a constat\u00e9 que les biographies des grands fondateurs d'ordres sont concentr\u00e9es sur la personne elle-m\u00eame du fondateur. On n'y trouve pas le r\u00e9cit des travaux de leurs premiers disciples.En suivant cet exemple Collet voulut supprimer dans sa\u2026","rel":"","context":"Dans &quot;Au temps de Vincent de Paul&quot;","block_context":{"text":"Au temps de Vincent de Paul","link":"http:\/\/vincentians.com\/fr\/category\/au-temps-de-vincent-de-paul\/"},"img":{"alt_text":"","src":"https:\/\/i0.wp.com\/vincentians.com\/fr\/wp-content\/uploads\/sites\/10\/2015\/05\/congregation-de-la-mission-lazaristes.jpg?fit=1200%2C630&resize=350%2C200","width":350,"height":200,"srcset":"https:\/\/i0.wp.com\/vincentians.com\/fr\/wp-content\/uploads\/sites\/10\/2015\/05\/congregation-de-la-mission-lazaristes.jpg?fit=1200%2C630&resize=350%2C200 1x, https:\/\/i0.wp.com\/vincentians.com\/fr\/wp-content\/uploads\/sites\/10\/2015\/05\/congregation-de-la-mission-lazaristes.jpg?fit=1200%2C630&resize=525%2C300 1.5x, https:\/\/i0.wp.com\/vincentians.com\/fr\/wp-content\/uploads\/sites\/10\/2015\/05\/congregation-de-la-mission-lazaristes.jpg?fit=1200%2C630&resize=700%2C400 2x, https:\/\/i0.wp.com\/vincentians.com\/fr\/wp-content\/uploads\/sites\/10\/2015\/05\/congregation-de-la-mission-lazaristes.jpg?fit=1200%2C630&resize=1050%2C600 3x"},"classes":[]},{"id":107948,"url":"http:\/\/vincentians.com\/fr\/histoire-generale-de-la-congregation-de-la-mission-30\/","url_meta":{"origin":107949,"position":3},"title":"Histoire g\u00e9n\u00e9rale de la Congr\u00e9gation de la Mission (30)","author":"Francisco Javier Fern\u00e1ndez Chento","date":"27\/01\/2014","format":false,"excerpt":"XXX. \u00c9tablissements \u00e9trangers La Congr\u00e9gation n\u2019avait encore qu\u2019une maison dans le royaume de Pologne, savoir celle de Varsovie, o\u00f9 comme on a dit ci-devant, on avait \u00e9rig\u00e9 un s\u00e9minaire interne pour y recevoir des Polonais. Il s\u2019en fit ensuite d\u2019autres accept\u00e9s par M. Jolly. Un \u00e9v\u00eaque polonais ayant eu une\u2026","rel":"","context":"Dans &quot;Histoire de la Congr\u00e9gation de la Mission&quot;","block_context":{"text":"Histoire de la Congr\u00e9gation de la Mission","link":"http:\/\/vincentians.com\/fr\/category\/histoire-de-la-congregation-de-la-mission\/"},"img":{"alt_text":"","src":"https:\/\/i0.wp.com\/vincentians.com\/fr\/wp-content\/uploads\/sites\/10\/2016\/07\/histoire-generale-de-la-congregation-de-la-mission.jpg?fit=1200%2C630&resize=350%2C200","width":350,"height":200,"srcset":"https:\/\/i0.wp.com\/vincentians.com\/fr\/wp-content\/uploads\/sites\/10\/2016\/07\/histoire-generale-de-la-congregation-de-la-mission.jpg?fit=1200%2C630&resize=350%2C200 1x, https:\/\/i0.wp.com\/vincentians.com\/fr\/wp-content\/uploads\/sites\/10\/2016\/07\/histoire-generale-de-la-congregation-de-la-mission.jpg?fit=1200%2C630&resize=525%2C300 1.5x, https:\/\/i0.wp.com\/vincentians.com\/fr\/wp-content\/uploads\/sites\/10\/2016\/07\/histoire-generale-de-la-congregation-de-la-mission.jpg?fit=1200%2C630&resize=700%2C400 2x, https:\/\/i0.wp.com\/vincentians.com\/fr\/wp-content\/uploads\/sites\/10\/2016\/07\/histoire-generale-de-la-congregation-de-la-mission.jpg?fit=1200%2C630&resize=1050%2C600 3x"},"classes":[]},{"id":54380,"url":"http:\/\/vincentians.com\/fr\/levolution-du-voeu-de-pauvrete-des-pretres-de-la-mission-jusquen-1659\/","url_meta":{"origin":107949,"position":4},"title":"L&rsquo;\u00e9volution Du Voeu De Pauvret\u00e9 Des Pr\u00e9tres De La Mission Jusqu&rsquo;en 1659","author":"Francisco Javier Fern\u00e1ndez Chento","date":"04\/11\/2012","format":false,"excerpt":"Le r\u00e9gime actuel du v\u0153u de pauvret\u00e9 dans la Congr\u00e9gation de la Mission est r\u00e9gl\u00e9 par le bref Alias Nos, promulgu\u00e9 per le pape Alexandre VII, le 12 ao\u00fbt 1659. C'\u00e9tait l\u00e0 un point d'arriv\u00e9e, apr\u00e8s une longue \u00e9laboration de la mati\u00e8re pendant plusieurs ann\u00e9es, et non sans difficult\u00e9s et\u2026","rel":"","context":"Dans &quot;Congr\u00e9gation de la Mission&quot;","block_context":{"text":"Congr\u00e9gation de la Mission","link":"http:\/\/vincentians.com\/fr\/category\/congregation-de-la-mission\/"},"img":{"alt_text":"","src":"https:\/\/i0.wp.com\/vincentiens.org\/wp-content\/uploads\/2011\/11\/logocmotro-216x300.jpg?resize=350%2C200","width":350,"height":200},"classes":[]},{"id":107500,"url":"http:\/\/vincentians.com\/fr\/histoire-generale-de-la-congregation-de-la-mission-02\/","url_meta":{"origin":107949,"position":5},"title":"Histoire g\u00e9n\u00e9rale de la Congr\u00e9gation de la Mission (02)","author":"Francisco Javier Fern\u00e1ndez Chento","date":"28\/12\/2013","format":false,"excerpt":"II. [El]ection de [M.] Alm\u00e9ras [\u00e9]lu 2e [g\u00e9]n\u00e9ral de [la] Congr\u00e9gation. 1661. M. Vincent eut donn\u00e9 la consolation de voir, avant sa mort, la Congr\u00e9gation assez bien affermie et il avait lieu d\u2019esp\u00e9rer que cette Compagnie dont il s\u2019\u00e9tait trouv\u00e9 l\u2019Instituteur, sans penser au commencement d\u2019en former aucune dans l\u2019\u00e9glise,\u2026","rel":"","context":"Dans &quot;Histoire de la Congr\u00e9gation de la Mission&quot;","block_context":{"text":"Histoire de la Congr\u00e9gation de la Mission","link":"http:\/\/vincentians.com\/fr\/category\/histoire-de-la-congregation-de-la-mission\/"},"img":{"alt_text":"","src":"https:\/\/i0.wp.com\/vincentians.com\/fr\/wp-content\/uploads\/sites\/10\/2016\/07\/histoire-generale-de-la-congregation-de-la-mission.jpg?fit=1200%2C630&resize=350%2C200","width":350,"height":200,"srcset":"https:\/\/i0.wp.com\/vincentians.com\/fr\/wp-content\/uploads\/sites\/10\/2016\/07\/histoire-generale-de-la-congregation-de-la-mission.jpg?fit=1200%2C630&resize=350%2C200 1x, https:\/\/i0.wp.com\/vincentians.com\/fr\/wp-content\/uploads\/sites\/10\/2016\/07\/histoire-generale-de-la-congregation-de-la-mission.jpg?fit=1200%2C630&resize=525%2C300 1.5x, https:\/\/i0.wp.com\/vincentians.com\/fr\/wp-content\/uploads\/sites\/10\/2016\/07\/histoire-generale-de-la-congregation-de-la-mission.jpg?fit=1200%2C630&resize=700%2C400 2x, https:\/\/i0.wp.com\/vincentians.com\/fr\/wp-content\/uploads\/sites\/10\/2016\/07\/histoire-generale-de-la-congregation-de-la-mission.jpg?fit=1200%2C630&resize=1050%2C600 3x"},"classes":[]}],"_links":{"self":[{"href":"http:\/\/vincentians.com\/fr\/wp-json\/wp\/v2\/posts\/107949","targetHints":{"allow":["GET"]}}],"collection":[{"href":"http:\/\/vincentians.com\/fr\/wp-json\/wp\/v2\/posts"}],"about":[{"href":"http:\/\/vincentians.com\/fr\/wp-json\/wp\/v2\/types\/post"}],"author":[{"embeddable":true,"href":"http:\/\/vincentians.com\/fr\/wp-json\/wp\/v2\/users\/4"}],"replies":[{"embeddable":true,"href":"http:\/\/vincentians.com\/fr\/wp-json\/wp\/v2\/comments?post=107949"}],"version-history":[{"count":0,"href":"http:\/\/vincentians.com\/fr\/wp-json\/wp\/v2\/posts\/107949\/revisions"}],"wp:featuredmedia":[{"embeddable":true,"href":"http:\/\/vincentians.com\/fr\/wp-json\/wp\/v2\/media\/189808"}],"wp:attachment":[{"href":"http:\/\/vincentians.com\/fr\/wp-json\/wp\/v2\/media?parent=107949"}],"wp:term":[{"taxonomy":"category","embeddable":true,"href":"http:\/\/vincentians.com\/fr\/wp-json\/wp\/v2\/categories?post=107949"},{"taxonomy":"post_tag","embeddable":true,"href":"http:\/\/vincentians.com\/fr\/wp-json\/wp\/v2\/tags?post=107949"}],"curies":[{"name":"wp","href":"https:\/\/api.w.org\/{rel}","templated":true}]}}