{"id":107947,"date":"2014-01-26T19:18:22","date_gmt":"2014-01-26T18:18:22","guid":{"rendered":"http:\/\/vincentiens.org\/?p=107947"},"modified":"2014-01-26T19:18:22","modified_gmt":"2014-01-26T18:18:22","slug":"histoire-generale-de-la-congregation-de-la-mission-29","status":"publish","type":"post","link":"http:\/\/vincentians.com\/fr\/histoire-generale-de-la-congregation-de-la-mission-29\/","title":{"rendered":"Histoire g\u00e9n\u00e9rale de la Congr\u00e9gation de la Mission (29)"},"content":{"rendered":"<h2><b><b><b><b>XXIX. Autres \u00e9tablissem[ents] en France<\/b><\/b><\/b><\/b><\/h2>\n<p><a href=\"https:\/\/i0.wp.com\/vincentiens.org\/wp-content\/uploads\/2012\/12\/logocm.png\"><img data-recalc-dims=\"1\" loading=\"lazy\" decoding=\"async\" class=\"alignright size-medium wp-image-104093\" alt=\"logocm\" src=\"https:\/\/i0.wp.com\/vincentiens.org\/wp-content\/uploads\/2012\/12\/logocm-245x300.png?resize=245%2C300\" width=\"245\" height=\"300\" \/><\/a>Nous avons ainsi r\u00e9uni dans un sel endroit tous les \u00e9tablissements de s\u00e9minaires faits sous le g\u00e9n\u00e9ralat de M. Jolly, au nombre de 19 pour n\u2019en faire qu\u2019un seul article, qu\u2019on lise de suite sans \u00eatre oblig\u00e9 de les chercher dans les endroits dispers\u00e9s quand on en<b> <\/b>voudrait avoir connaissance. Il s\u2019en fit encore d\u2019autres en France durant cet intervalle de temps, quoiqu\u2019en moindres nombres pour des missions.<\/p>\n<p>1\u00ba D\u00e8s l\u2019ann\u00e9e de 1675, on appela les Missionnaires \u00e0 Angers, capitale d\u2019Anjou. Une dame de cette ville ayant donn\u00e9 du bien pour cette fondation qui fut accept\u00e9e et autoris\u00e9 par Messire Henri Arnauld<span id='easy-footnote-1-107947' class='easy-footnote-margin-adjust'><\/span><span class='easy-footnote'><a href='http:\/\/vincentians.com\/fr\/histoire-generale-de-la-congregation-de-la-mission-29\/#easy-footnote-bottom-1-107947' title='\u2020 1692.'><sup>1<\/sup><\/a><\/span>, \u00e9v\u00eaque d\u2019Angers. On y est assez bien, on y a fait b\u00e2tir une jolie chapelle. Les missions ont fait de grands biens dans le dioc\u00e8se, qui est spacieux, et le peuple y courrait des tous parts, comme marquait M. Jolly dans une lettre \u00e9crite en 1680.<\/p>\n<p>2\u00ba M. Claude Jolly, tr\u00e9sorier de la Ste. Chapelle de Dijon, qui est mort en odeur de saintet\u00e9, et dont on a \u00e9crit la vie, r\u00e9solut d\u2019\u00e9tablir les pr\u00eatres de la Mission dans cette ville, capitale du duch\u00e9 de Bourgogne, pour faire des missions dans le dioc\u00e8se de Langres. Ils y vinrent en 1682, et se sont log\u00e9s dans une petite maison pr\u00e8s de la porte de St.-Pierre, assez agr\u00e9ablement. Outre les pr\u00eatres<b> <\/b>destin\u00e9s pour les missions, le sup\u00e9rieur reste ordinairement \u00e0 la maison avec un autre pr\u00eatre pour diriger des exercitants en retraite qui y viennent en assez grand nombre. Et m\u00eame des personnes distingu\u00e9es dans le parlement. Mr. le premier pr\u00e9sident de Berbize, entre autres fait l\u2019honneur \u00e0 cette petite communaut\u00e9 de l\u2019estimer. Et feue Mad[am].e son \u00e9pouse lui a fait un legs de dix mille livres par son testament dont on a achet\u00e9 quelque fonds.<\/p>\n<p>3\u00ba Monsieur Philippe de France, duc d\u2019Orl\u00e9ans, fr\u00e8re unique de S[a] M[ajest\u00e9] Tr\u00e8s Chr\u00e9tienne voulut imiter le roi, en donnant aux Missionnaires la direction de sa chapelle dans le ch\u00e2teau de St.-Cloud o\u00f9 il fonda cinq Mission[nai]res qui outre cela confesseraient les f\u00eates, et dimanches. Ils en prirent possession en 1688. Et ce grand prince en mourant voulut faire<b> <\/b>mention des Missionnaires dans son testament pour leur assurer cette fondation.<\/p>\n<p>4\u00ba Le roi Tr\u00e8s Chr\u00e9tien satisfait des \u00e9tablissements des Missionnaires dans les fondations royales qu\u2019il avait faites, obligea encore M. Jolly d\u2019accepter le soin de la cure de Rochefort, on y envoya ensuite 14 pr\u00eatres pour le service, et pour premier cur\u00e9 M. Jean Le Halle<span id='easy-footnote-2-107947' class='easy-footnote-margin-adjust'><\/span><span class='easy-footnote'><a href='http:\/\/vincentians.com\/fr\/histoire-generale-de-la-congregation-de-la-mission-29\/#easy-footnote-bottom-2-107947' title='1631-1690.'><sup>2<\/sup><\/a><\/span>, breton, homme de poids, et de savoir qui y fut estim\u00e9. Chaque Missionnaire \u00e9tait fond\u00e9 un peu grassement \u00e0 prendre sur le tr\u00e9sor royal, et quand les finances de France se trouv\u00e8rent \u00e9puis\u00e9es pendant les premi\u00e8res guerres au sujet de la succession d\u2019Espagne, ce qui emp\u00eacha de payer les pensions promises, on fit en sorte d\u2019obtenir du roi l\u2019agr\u00e9ment pour unir \u00e0 cette cure l\u2019abbaye voisine de St.-Jean d\u2019Ang\u00e9ly, dont Mgr l\u2019archev\u00eaque de Tours se d\u00e9mettait, mais les B\u00e9n\u00e9dictins ont trouv\u00e9 les moyens apr\u00e8s la mort du roi Louis XIV de<b> <\/b>l\u2019emp\u00eacher. Au reste M. Jolly en se chargeant de la cure de Rochefort stipula dans le contrat entre autres conditions, que le sup\u00e9rieur ou cur\u00e9 serait amovible au gr\u00e9 du g\u00e9n\u00e9ral. Ce qu\u2019il avait pareillement demand\u00e9 pour toutes les autres cures. Et Mgr l\u2019\u00e9v\u00eaque de La Rochelle y donna son consentement.<\/p>\n<p>Cette maison fit d\u2019abord p\u00e9rir plusieurs bons ouvriers \u00e0 cause du mauvais air, qu\u2019entretenait le reniement des terres, et le curement des bassins du port. Mais les travaux y ayant cess\u00e9s l\u2019air est devenu meilleur. Le roi avait eu la bont\u00e9 d\u2019assigner un bon terrain pour b\u00e2tir l\u2019\u00e9glise et une maison pour les missionnaires. Ce terrain s\u2019est trouv\u00e9 \u00e0 la bien s\u00e9ance de M. l\u2019intendant de Begon avec lequel on n\u2019a pu s\u2019accommoder, ainsi l\u2019\u00e9glise et le<b> <\/b>b\u00e2timent sont rest\u00e9s \u00e0 faire et par cons\u00e9quent on n\u2019est pas bien log\u00e9.<\/p>\n<p>5\u00ba Mr. Jolly eut beaucoup de peine d\u2019accepter la direction des demoiselles de St.-Louis \u00e9tablies nouvellement au bout du parc de Versailles \u00e0 St.-Cyr par Mad[am].e de Maintenon dans un b\u00e2timent vraiment royal, o\u00f9 ces jeunes demoiselles sont merveilleusement bien \u00e9lev\u00e9es en assez grand nombre sans qu\u2019il on conte rien aux parents pour \u00eatre ensuite plac\u00e9es et dot\u00e9es pour le monde, ou pour la religion, \u00e9tablissement v\u00e9ritablement digne de la pi\u00e9t\u00e9 de Louis le Grand, et de la dame qui s\u2019y engagea. Un tel emploi n\u2019\u00e9tait gu\u00e8re conforme \u00e0 l\u2019institution des Missionnaires, le g\u00e9n\u00e9ral fit tout ce qu\u2019il put pour s\u2019excuser de s\u2019en charger. Il ne voulut absolument le faire qu\u2019\u00e0 condition qu\u2019on serait<b> <\/b>oblig\u00e9 de faire des missions, surtout dans les terres de l\u2019abbaye de St.-Denis, unies \u00e0 cette illustre communaut\u00e9 afin de rapprocher cette maison, tant que faire se pourrait de l\u2019esprit et des fonctions de l\u2019institut, on y envoya six pr\u00eatres en 1690.<\/p>\n<p>6\u00ba En 1692, on accepta aussi une chapelle de d\u00e9votion situ\u00e9e sur la mer au-del\u00e0 de Caen en Normandie, dans un lieu agr\u00e9able, nomm\u00e9 N[otre]. Dame de la D\u00e9livrande. Cet endroit \u00e9tait fameux par la d\u00e9votion \u00e0 la Ste. Vierge, et le concours des p\u00e8lerins, toutefois les Missionnaires ne desserviraient pas la principale chapelle qui d\u00e9pend du chapitre de la cath\u00e9drale de Bayeux, mais il y en avait une autre avec quelques d\u00e9pendances, qu\u2019on leur donna. Et Mgr l\u2019\u00e9v\u00eaque de Bayeux<span id='easy-footnote-3-107947' class='easy-footnote-margin-adjust'><\/span><span class='easy-footnote'><a href='http:\/\/vincentians.com\/fr\/histoire-generale-de-la-congregation-de-la-mission-29\/#easy-footnote-bottom-3-107947' title='Fran\u00e7ois de Nesmond, \u2020 1715.'><sup>3<\/sup><\/a><\/span> y envoyait quelques jeunes pr\u00eatres pour s\u2019y former aux fonctions<b> <\/b>sous la conduite des Missionnaires qui y sont trois de r\u00e9sidence.<\/p>\n","protected":false},"excerpt":{"rendered":"<p>XXIX. Autres \u00e9tablissem[ents] en France Nous avons ainsi r\u00e9uni dans un sel endroit tous les \u00e9tablissements de s\u00e9minaires faits sous le g\u00e9n\u00e9ralat de M. Jolly, au nombre de 19 pour n\u2019en faire qu\u2019un seul article, &#8230; <a href=\"http:\/\/vincentians.com\/fr\/histoire-generale-de-la-congregation-de-la-mission-29\/\" class=\"more-link\">Read More<\/a><\/p>\n","protected":false},"author":4,"featured_media":189808,"comment_status":"open","ping_status":"open","sticky":false,"template":"","format":"standard","meta":{"jetpack_post_was_ever_published":false,"_jetpack_newsletter_access":"","_jetpack_dont_email_post_to_subs":false,"_jetpack_newsletter_tier_id":0,"_jetpack_memberships_contains_paywalled_content":false,"_jetpack_memberships_contains_paid_content":false,"footnotes":"","jetpack_publicize_message":"","jetpack_publicize_feature_enabled":true,"jetpack_social_post_already_shared":true,"jetpack_social_options":{"image_generator_settings":{"template":"highway","default_image_id":0,"font":"","enabled":false},"version":2}},"categories":[134],"tags":[],"class_list":["post-107947","post","type-post","status-publish","format-standard","has-post-thumbnail","hentry","category-histoire-de-la-congregation-de-la-mission"],"yoast_head":"<!-- This site is optimized with the Yoast SEO plugin v26.3 - https:\/\/yoast.com\/wordpress\/plugins\/seo\/ -->\n<title>Histoire g\u00e9n\u00e9rale de la Congr\u00e9gation de la Mission (29) - Nous Sommes Vincentiens<\/title>\n<meta name=\"robots\" content=\"index, follow, max-snippet:-1, max-image-preview:large, max-video-preview:-1\" \/>\n<link rel=\"canonical\" href=\"https:\/\/vincentians.com\/fr\/histoire-generale-de-la-congregation-de-la-mission-29\/\" \/>\n<meta property=\"og:locale\" content=\"fr_FR\" \/>\n<meta property=\"og:type\" content=\"article\" \/>\n<meta property=\"og:title\" content=\"Histoire g\u00e9n\u00e9rale de la Congr\u00e9gation de la Mission (29) - Nous Sommes Vincentiens\" \/>\n<meta property=\"og:description\" content=\"XXIX. Autres \u00e9tablissem[ents] en France Nous avons ainsi r\u00e9uni dans un sel endroit tous les \u00e9tablissements de s\u00e9minaires faits sous le g\u00e9n\u00e9ralat de M. Jolly, au nombre de 19 pour n\u2019en faire qu\u2019un seul article, ... Read More\" \/>\n<meta property=\"og:url\" content=\"https:\/\/vincentians.com\/fr\/histoire-generale-de-la-congregation-de-la-mission-29\/\" \/>\n<meta property=\"og:site_name\" content=\"Nous Sommes Vincentiens\" \/>\n<meta property=\"article:publisher\" content=\"https:\/\/www.facebook.com\/WeAreVincentians\/\" \/>\n<meta property=\"article:author\" content=\"https:\/\/www.facebook.com\/JavierChento\" \/>\n<meta property=\"article:published_time\" content=\"2014-01-26T18:18:22+00:00\" \/>\n<meta property=\"og:image\" content=\"https:\/\/i0.wp.com\/vincentians.com\/fr\/wp-content\/uploads\/sites\/10\/2016\/07\/histoire-generale-de-la-congregation-de-la-mission.jpg?fit=1200%2C630&ssl=1\" \/>\n\t<meta property=\"og:image:width\" content=\"1200\" \/>\n\t<meta property=\"og:image:height\" content=\"630\" \/>\n\t<meta property=\"og:image:type\" content=\"image\/jpeg\" \/>\n<meta name=\"author\" content=\"Francisco Javier Fern\u00e1ndez Chento\" \/>\n<meta name=\"twitter:card\" content=\"summary_large_image\" \/>\n<meta name=\"twitter:creator\" content=\"@https:\/\/twitter.com\/javierchento\" \/>\n<meta name=\"twitter:site\" content=\"@WeVincentians\" \/>\n<meta name=\"twitter:label1\" content=\"\u00c9crit par\" \/>\n\t<meta name=\"twitter:data1\" content=\"Francisco Javier Fern\u00e1ndez Chento\" \/>\n\t<meta name=\"twitter:label2\" content=\"Dur\u00e9e de lecture estim\u00e9e\" \/>\n\t<meta name=\"twitter:data2\" content=\"5 minutes\" \/>\n<script type=\"application\/ld+json\" class=\"yoast-schema-graph\">{\"@context\":\"https:\/\/schema.org\",\"@graph\":[{\"@type\":\"WebPage\",\"@id\":\"https:\/\/vincentians.com\/fr\/histoire-generale-de-la-congregation-de-la-mission-29\/\",\"url\":\"https:\/\/vincentians.com\/fr\/histoire-generale-de-la-congregation-de-la-mission-29\/\",\"name\":\"Histoire g\u00e9n\u00e9rale de la Congr\u00e9gation de la Mission (29) - Nous Sommes Vincentiens\",\"isPartOf\":{\"@id\":\"http:\/\/vincentians.com\/fr\/#website\"},\"primaryImageOfPage\":{\"@id\":\"https:\/\/vincentians.com\/fr\/histoire-generale-de-la-congregation-de-la-mission-29\/#primaryimage\"},\"image\":{\"@id\":\"https:\/\/vincentians.com\/fr\/histoire-generale-de-la-congregation-de-la-mission-29\/#primaryimage\"},\"thumbnailUrl\":\"https:\/\/i0.wp.com\/vincentians.com\/fr\/wp-content\/uploads\/sites\/10\/2016\/07\/histoire-generale-de-la-congregation-de-la-mission.jpg?fit=1200%2C630\",\"datePublished\":\"2014-01-26T18:18:22+00:00\",\"author\":{\"@id\":\"http:\/\/vincentians.com\/fr\/#\/schema\/person\/9623ef4d9aa3b2dfb8c061f1499288f2\"},\"breadcrumb\":{\"@id\":\"https:\/\/vincentians.com\/fr\/histoire-generale-de-la-congregation-de-la-mission-29\/#breadcrumb\"},\"inLanguage\":\"fr-FR\",\"potentialAction\":[{\"@type\":\"ReadAction\",\"target\":[\"https:\/\/vincentians.com\/fr\/histoire-generale-de-la-congregation-de-la-mission-29\/\"]}]},{\"@type\":\"ImageObject\",\"inLanguage\":\"fr-FR\",\"@id\":\"https:\/\/vincentians.com\/fr\/histoire-generale-de-la-congregation-de-la-mission-29\/#primaryimage\",\"url\":\"https:\/\/i0.wp.com\/vincentians.com\/fr\/wp-content\/uploads\/sites\/10\/2016\/07\/histoire-generale-de-la-congregation-de-la-mission.jpg?fit=1200%2C630\",\"contentUrl\":\"https:\/\/i0.wp.com\/vincentians.com\/fr\/wp-content\/uploads\/sites\/10\/2016\/07\/histoire-generale-de-la-congregation-de-la-mission.jpg?fit=1200%2C630\",\"width\":1200,\"height\":630},{\"@type\":\"BreadcrumbList\",\"@id\":\"https:\/\/vincentians.com\/fr\/histoire-generale-de-la-congregation-de-la-mission-29\/#breadcrumb\",\"itemListElement\":[{\"@type\":\"ListItem\",\"position\":1,\"name\":\"Portada\",\"item\":\"http:\/\/vincentians.com\/fr\/\"},{\"@type\":\"ListItem\",\"position\":2,\"name\":\"Histoire g\u00e9n\u00e9rale de la Congr\u00e9gation de la Mission (29)\"}]},{\"@type\":\"WebSite\",\"@id\":\"http:\/\/vincentians.com\/fr\/#website\",\"url\":\"http:\/\/vincentians.com\/fr\/\",\"name\":\"Nous Sommes Vincentiens\",\"description\":\"Know more to serve more\",\"potentialAction\":[{\"@type\":\"SearchAction\",\"target\":{\"@type\":\"EntryPoint\",\"urlTemplate\":\"http:\/\/vincentians.com\/fr\/?s={search_term_string}\"},\"query-input\":{\"@type\":\"PropertyValueSpecification\",\"valueRequired\":true,\"valueName\":\"search_term_string\"}}],\"inLanguage\":\"fr-FR\"},{\"@type\":\"Person\",\"@id\":\"http:\/\/vincentians.com\/fr\/#\/schema\/person\/9623ef4d9aa3b2dfb8c061f1499288f2\",\"name\":\"Francisco Javier Fern\u00e1ndez Chento\",\"image\":{\"@type\":\"ImageObject\",\"inLanguage\":\"fr-FR\",\"@id\":\"http:\/\/vincentians.com\/fr\/#\/schema\/person\/image\/\",\"url\":\"https:\/\/secure.gravatar.com\/avatar\/497d5cde87b4c3d097d0315953521681ba2cd523ee66e5077c3711f7021e65de?s=96&d=mm&r=g\",\"contentUrl\":\"https:\/\/secure.gravatar.com\/avatar\/497d5cde87b4c3d097d0315953521681ba2cd523ee66e5077c3711f7021e65de?s=96&d=mm&r=g\",\"caption\":\"Francisco Javier Fern\u00e1ndez Chento\"},\"description\":\"Director General y cofundador de La Red de Formaci\u00f3n Vicenciana. Javier es laico vicenciano, afiliado a la Congregaci\u00f3n de la Misi\u00f3n y miembro del Equipo de Misiones Populares de la provincia can\u00f3nica de Zaragoza (Espa\u00f1a) de la Congregaci\u00f3n de la Misi\u00f3n. Graduado en la Universidad Oberta de Catalunya con cuatro grados (Asistente de direcci\u00f3n, Gesti\u00f3n Administrativa, Recursos Humanos y Contabilidad Avanzada). Bil\u00edng\u00fce Espa\u00f1ol\/Ingl\u00e9s. gestiona y mantiene varias p\u00e1ginas web cristianas y vicencianas, incluida including La Red de Formaci\u00f3n Vicenciana, de la que es cofundador. Actualmente es responsable del \u00e1rea de Espa\u00f1ol de .famvin, la Red de Noticias de la Familia Vicenciana. Tambi\u00e9n es m\u00fasico cat\u00f3lico y ha editado varios discos. Es Director General y cofundador de Trovador, una reconocida compa\u00f1\u00eda discogr\u00e1fica critiana de Espa\u00f1a. Trabaja en las Tecnolog\u00edas de la Informaci\u00f3n, ofreciendo servicios de alojamiento, dise\u00f1o y mantenimiento Web, as\u00ed como asesoramiento, formaci\u00f3n y soluciones inform\u00e1ticas, gesti\u00f3n documental y digitalizaci\u00f3n de textos, edici\u00f3n y maquetaci\u00f3n de libros, revistas, flyers, etc.\",\"sameAs\":[\"http:\/\/chento.org\",\"https:\/\/www.facebook.com\/JavierChento\",\"https:\/\/x.com\/https:\/\/twitter.com\/javierchento\"],\"url\":\"http:\/\/vincentians.com\/fr\/author\/chento\/\"}]}<\/script>\n<!-- \/ Yoast SEO plugin. -->","yoast_head_json":{"title":"Histoire g\u00e9n\u00e9rale de la Congr\u00e9gation de la Mission (29) - Nous Sommes Vincentiens","robots":{"index":"index","follow":"follow","max-snippet":"max-snippet:-1","max-image-preview":"max-image-preview:large","max-video-preview":"max-video-preview:-1"},"canonical":"https:\/\/vincentians.com\/fr\/histoire-generale-de-la-congregation-de-la-mission-29\/","og_locale":"fr_FR","og_type":"article","og_title":"Histoire g\u00e9n\u00e9rale de la Congr\u00e9gation de la Mission (29) - Nous Sommes Vincentiens","og_description":"XXIX. Autres \u00e9tablissem[ents] en France Nous avons ainsi r\u00e9uni dans un sel endroit tous les \u00e9tablissements de s\u00e9minaires faits sous le g\u00e9n\u00e9ralat de M. Jolly, au nombre de 19 pour n\u2019en faire qu\u2019un seul article, ... Read More","og_url":"https:\/\/vincentians.com\/fr\/histoire-generale-de-la-congregation-de-la-mission-29\/","og_site_name":"Nous Sommes Vincentiens","article_publisher":"https:\/\/www.facebook.com\/WeAreVincentians\/","article_author":"https:\/\/www.facebook.com\/JavierChento","article_published_time":"2014-01-26T18:18:22+00:00","og_image":[{"width":1200,"height":630,"url":"https:\/\/i0.wp.com\/vincentians.com\/fr\/wp-content\/uploads\/sites\/10\/2016\/07\/histoire-generale-de-la-congregation-de-la-mission.jpg?fit=1200%2C630&ssl=1","type":"image\/jpeg"}],"author":"Francisco Javier Fern\u00e1ndez Chento","twitter_card":"summary_large_image","twitter_creator":"@https:\/\/twitter.com\/javierchento","twitter_site":"@WeVincentians","twitter_misc":{"\u00c9crit par":"Francisco Javier Fern\u00e1ndez Chento","Dur\u00e9e de lecture estim\u00e9e":"5 minutes"},"schema":{"@context":"https:\/\/schema.org","@graph":[{"@type":"WebPage","@id":"https:\/\/vincentians.com\/fr\/histoire-generale-de-la-congregation-de-la-mission-29\/","url":"https:\/\/vincentians.com\/fr\/histoire-generale-de-la-congregation-de-la-mission-29\/","name":"Histoire g\u00e9n\u00e9rale de la Congr\u00e9gation de la Mission (29) - Nous Sommes Vincentiens","isPartOf":{"@id":"http:\/\/vincentians.com\/fr\/#website"},"primaryImageOfPage":{"@id":"https:\/\/vincentians.com\/fr\/histoire-generale-de-la-congregation-de-la-mission-29\/#primaryimage"},"image":{"@id":"https:\/\/vincentians.com\/fr\/histoire-generale-de-la-congregation-de-la-mission-29\/#primaryimage"},"thumbnailUrl":"https:\/\/i0.wp.com\/vincentians.com\/fr\/wp-content\/uploads\/sites\/10\/2016\/07\/histoire-generale-de-la-congregation-de-la-mission.jpg?fit=1200%2C630","datePublished":"2014-01-26T18:18:22+00:00","author":{"@id":"http:\/\/vincentians.com\/fr\/#\/schema\/person\/9623ef4d9aa3b2dfb8c061f1499288f2"},"breadcrumb":{"@id":"https:\/\/vincentians.com\/fr\/histoire-generale-de-la-congregation-de-la-mission-29\/#breadcrumb"},"inLanguage":"fr-FR","potentialAction":[{"@type":"ReadAction","target":["https:\/\/vincentians.com\/fr\/histoire-generale-de-la-congregation-de-la-mission-29\/"]}]},{"@type":"ImageObject","inLanguage":"fr-FR","@id":"https:\/\/vincentians.com\/fr\/histoire-generale-de-la-congregation-de-la-mission-29\/#primaryimage","url":"https:\/\/i0.wp.com\/vincentians.com\/fr\/wp-content\/uploads\/sites\/10\/2016\/07\/histoire-generale-de-la-congregation-de-la-mission.jpg?fit=1200%2C630","contentUrl":"https:\/\/i0.wp.com\/vincentians.com\/fr\/wp-content\/uploads\/sites\/10\/2016\/07\/histoire-generale-de-la-congregation-de-la-mission.jpg?fit=1200%2C630","width":1200,"height":630},{"@type":"BreadcrumbList","@id":"https:\/\/vincentians.com\/fr\/histoire-generale-de-la-congregation-de-la-mission-29\/#breadcrumb","itemListElement":[{"@type":"ListItem","position":1,"name":"Portada","item":"http:\/\/vincentians.com\/fr\/"},{"@type":"ListItem","position":2,"name":"Histoire g\u00e9n\u00e9rale de la Congr\u00e9gation de la Mission (29)"}]},{"@type":"WebSite","@id":"http:\/\/vincentians.com\/fr\/#website","url":"http:\/\/vincentians.com\/fr\/","name":"Nous Sommes Vincentiens","description":"Know more to serve more","potentialAction":[{"@type":"SearchAction","target":{"@type":"EntryPoint","urlTemplate":"http:\/\/vincentians.com\/fr\/?s={search_term_string}"},"query-input":{"@type":"PropertyValueSpecification","valueRequired":true,"valueName":"search_term_string"}}],"inLanguage":"fr-FR"},{"@type":"Person","@id":"http:\/\/vincentians.com\/fr\/#\/schema\/person\/9623ef4d9aa3b2dfb8c061f1499288f2","name":"Francisco Javier Fern\u00e1ndez Chento","image":{"@type":"ImageObject","inLanguage":"fr-FR","@id":"http:\/\/vincentians.com\/fr\/#\/schema\/person\/image\/","url":"https:\/\/secure.gravatar.com\/avatar\/497d5cde87b4c3d097d0315953521681ba2cd523ee66e5077c3711f7021e65de?s=96&d=mm&r=g","contentUrl":"https:\/\/secure.gravatar.com\/avatar\/497d5cde87b4c3d097d0315953521681ba2cd523ee66e5077c3711f7021e65de?s=96&d=mm&r=g","caption":"Francisco Javier Fern\u00e1ndez Chento"},"description":"Director General y cofundador de La Red de Formaci\u00f3n Vicenciana. Javier es laico vicenciano, afiliado a la Congregaci\u00f3n de la Misi\u00f3n y miembro del Equipo de Misiones Populares de la provincia can\u00f3nica de Zaragoza (Espa\u00f1a) de la Congregaci\u00f3n de la Misi\u00f3n. Graduado en la Universidad Oberta de Catalunya con cuatro grados (Asistente de direcci\u00f3n, Gesti\u00f3n Administrativa, Recursos Humanos y Contabilidad Avanzada). Bil\u00edng\u00fce Espa\u00f1ol\/Ingl\u00e9s. gestiona y mantiene varias p\u00e1ginas web cristianas y vicencianas, incluida including La Red de Formaci\u00f3n Vicenciana, de la que es cofundador. Actualmente es responsable del \u00e1rea de Espa\u00f1ol de .famvin, la Red de Noticias de la Familia Vicenciana. Tambi\u00e9n es m\u00fasico cat\u00f3lico y ha editado varios discos. Es Director General y cofundador de Trovador, una reconocida compa\u00f1\u00eda discogr\u00e1fica critiana de Espa\u00f1a. Trabaja en las Tecnolog\u00edas de la Informaci\u00f3n, ofreciendo servicios de alojamiento, dise\u00f1o y mantenimiento Web, as\u00ed como asesoramiento, formaci\u00f3n y soluciones inform\u00e1ticas, gesti\u00f3n documental y digitalizaci\u00f3n de textos, edici\u00f3n y maquetaci\u00f3n de libros, revistas, flyers, etc.","sameAs":["http:\/\/chento.org","https:\/\/www.facebook.com\/JavierChento","https:\/\/x.com\/https:\/\/twitter.com\/javierchento"],"url":"http:\/\/vincentians.com\/fr\/author\/chento\/"}]}},"jetpack_publicize_connections":[],"jetpack_featured_media_url":"https:\/\/i0.wp.com\/vincentians.com\/fr\/wp-content\/uploads\/sites\/10\/2016\/07\/histoire-generale-de-la-congregation-de-la-mission.jpg?fit=1200%2C630","jetpack_sharing_enabled":true,"jetpack_shortlink":"https:\/\/wp.me\/p7ETMP-s55","jetpack-related-posts":[{"id":107951,"url":"http:\/\/vincentians.com\/fr\/histoire-generale-de-la-congregation-de-la-mission-33\/","url_meta":{"origin":107947,"position":0},"title":"Histoire g\u00e9n\u00e9rale de la Congr\u00e9gation de la Mission (33)","author":"Francisco Javier Fern\u00e1ndez Chento","date":"30\/01\/2014","format":false,"excerpt":"XXXIII. Plusieurs biens faits dans la Congr\u00e9gation Voil\u00e0 quelques \u00e9chantillons de la conduite de M. Jolly qu\u2019on a cru devoir rassembler ici, pour faire conna\u00eetre d\u2019un seul coup d\u2019\u0153il son esprit et son gouvernement. On n\u2019aura pas la peine \u00e0 croire qu\u2019une Congr\u00e9gation conduite par un tel g\u00e9n\u00e9ral ne f\u00fbt\u2026","rel":"","context":"Dans &quot;Histoire de la Congr\u00e9gation de la Mission&quot;","block_context":{"text":"Histoire de la Congr\u00e9gation de la Mission","link":"http:\/\/vincentians.com\/fr\/category\/histoire-de-la-congregation-de-la-mission\/"},"img":{"alt_text":"","src":"https:\/\/i0.wp.com\/vincentians.com\/fr\/wp-content\/uploads\/sites\/10\/2016\/07\/histoire-generale-de-la-congregation-de-la-mission.jpg?fit=1200%2C630&resize=350%2C200","width":350,"height":200,"srcset":"https:\/\/i0.wp.com\/vincentians.com\/fr\/wp-content\/uploads\/sites\/10\/2016\/07\/histoire-generale-de-la-congregation-de-la-mission.jpg?fit=1200%2C630&resize=350%2C200 1x, https:\/\/i0.wp.com\/vincentians.com\/fr\/wp-content\/uploads\/sites\/10\/2016\/07\/histoire-generale-de-la-congregation-de-la-mission.jpg?fit=1200%2C630&resize=525%2C300 1.5x, https:\/\/i0.wp.com\/vincentians.com\/fr\/wp-content\/uploads\/sites\/10\/2016\/07\/histoire-generale-de-la-congregation-de-la-mission.jpg?fit=1200%2C630&resize=700%2C400 2x, https:\/\/i0.wp.com\/vincentians.com\/fr\/wp-content\/uploads\/sites\/10\/2016\/07\/histoire-generale-de-la-congregation-de-la-mission.jpg?fit=1200%2C630&resize=1050%2C600 3x"},"classes":[]},{"id":38477,"url":"http:\/\/vincentians.com\/fr\/le-directeur-provincial-animateur-des-filles-de-la-charite\/","url_meta":{"origin":107947,"position":1},"title":"Le Directeur Provincial \u201canimateur\u201d des Filles de la Charit\u00e9","author":"Francisco Javier Fern\u00e1ndez Chento","date":"03\/10\/2012","format":false,"excerpt":"Dans les Constitutions des Filles de la Charit\u00e9, nous trouvons \u00e0 l\u2019article 3.38: le Directeur Provincial est un pr\u00eatre de la Congr\u00e9gation de la Mission, nomm\u00e9 par le Sup\u00e9rieur G\u00e9n\u00e9ral; \u201cil partage avec la Visitatrice et son Conseil la responsabilit\u00e9 de promouvoir l\u2019esprit vincentien dans la Province\u201d Missionnaire, le directeur\u2026","rel":"","context":"Dans &quot;Congr\u00e9gation de la Mission&quot;","block_context":{"text":"Congr\u00e9gation de la Mission","link":"http:\/\/vincentians.com\/fr\/category\/congregation-de-la-mission\/"},"img":{"alt_text":"","src":"https:\/\/i0.wp.com\/vincentiens.org\/wp-content\/uploads\/2011\/05\/filles_charite-228x300.jpg?resize=350%2C200","width":350,"height":200},"classes":[]},{"id":107948,"url":"http:\/\/vincentians.com\/fr\/histoire-generale-de-la-congregation-de-la-mission-30\/","url_meta":{"origin":107947,"position":2},"title":"Histoire g\u00e9n\u00e9rale de la Congr\u00e9gation de la Mission (30)","author":"Francisco Javier Fern\u00e1ndez Chento","date":"27\/01\/2014","format":false,"excerpt":"XXX. \u00c9tablissements \u00e9trangers La Congr\u00e9gation n\u2019avait encore qu\u2019une maison dans le royaume de Pologne, savoir celle de Varsovie, o\u00f9 comme on a dit ci-devant, on avait \u00e9rig\u00e9 un s\u00e9minaire interne pour y recevoir des Polonais. Il s\u2019en fit ensuite d\u2019autres accept\u00e9s par M. Jolly. Un \u00e9v\u00eaque polonais ayant eu une\u2026","rel":"","context":"Dans &quot;Histoire de la Congr\u00e9gation de la Mission&quot;","block_context":{"text":"Histoire de la Congr\u00e9gation de la Mission","link":"http:\/\/vincentians.com\/fr\/category\/histoire-de-la-congregation-de-la-mission\/"},"img":{"alt_text":"","src":"https:\/\/i0.wp.com\/vincentians.com\/fr\/wp-content\/uploads\/sites\/10\/2016\/07\/histoire-generale-de-la-congregation-de-la-mission.jpg?fit=1200%2C630&resize=350%2C200","width":350,"height":200,"srcset":"https:\/\/i0.wp.com\/vincentians.com\/fr\/wp-content\/uploads\/sites\/10\/2016\/07\/histoire-generale-de-la-congregation-de-la-mission.jpg?fit=1200%2C630&resize=350%2C200 1x, https:\/\/i0.wp.com\/vincentians.com\/fr\/wp-content\/uploads\/sites\/10\/2016\/07\/histoire-generale-de-la-congregation-de-la-mission.jpg?fit=1200%2C630&resize=525%2C300 1.5x, https:\/\/i0.wp.com\/vincentians.com\/fr\/wp-content\/uploads\/sites\/10\/2016\/07\/histoire-generale-de-la-congregation-de-la-mission.jpg?fit=1200%2C630&resize=700%2C400 2x, https:\/\/i0.wp.com\/vincentians.com\/fr\/wp-content\/uploads\/sites\/10\/2016\/07\/histoire-generale-de-la-congregation-de-la-mission.jpg?fit=1200%2C630&resize=1050%2C600 3x"},"classes":[]},{"id":52068,"url":"http:\/\/vincentians.com\/fr\/saint-vincent-de-paul-et-sa-mission-sociale-vi-la-posterite-1\/","url_meta":{"origin":107947,"position":3},"title":"Saint Vincent De Paul Et Sa Mission Sociale. VI &#8211; La Post\u00e9rit\u00e9 (1)","author":"Francisco Javier Fern\u00e1ndez Chento","date":"30\/12\/2014","format":false,"excerpt":"L\u2019ACCROISSEMENT. \u2014 Extension des deux familles de saint Vincent de Paul. \u2014 Progr\u00e8s de leurs \u0153uvres. \u2014 Les missions \u00e9trang\u00e8res et les s\u00e9minaires. \u2014 Les successeurs de saint Vincent. \u2014 Congr\u00e9gations religieuses fond\u00e9es sur le mod\u00e8le de la Mission. \u2014 Les Filles de la Charit\u00e9 en France et \u00e0 l\u2019\u00e9tranger.\u2026","rel":"","context":"Dans &quot;Vincent de Paul&quot;","block_context":{"text":"Vincent de Paul","link":"http:\/\/vincentians.com\/fr\/category\/the-vincentian-family\/founders\/vincent-de-paul\/"},"img":{"alt_text":"","src":"https:\/\/i0.wp.com\/vincentians.com\/fr\/wp-content\/uploads\/sites\/10\/2016\/07\/vincent-et-sa-action-sociale.jpg?fit=1160%2C630&resize=350%2C200","width":350,"height":200,"srcset":"https:\/\/i0.wp.com\/vincentians.com\/fr\/wp-content\/uploads\/sites\/10\/2016\/07\/vincent-et-sa-action-sociale.jpg?fit=1160%2C630&resize=350%2C200 1x, https:\/\/i0.wp.com\/vincentians.com\/fr\/wp-content\/uploads\/sites\/10\/2016\/07\/vincent-et-sa-action-sociale.jpg?fit=1160%2C630&resize=525%2C300 1.5x, https:\/\/i0.wp.com\/vincentians.com\/fr\/wp-content\/uploads\/sites\/10\/2016\/07\/vincent-et-sa-action-sociale.jpg?fit=1160%2C630&resize=700%2C400 2x, https:\/\/i0.wp.com\/vincentians.com\/fr\/wp-content\/uploads\/sites\/10\/2016\/07\/vincent-et-sa-action-sociale.jpg?fit=1160%2C630&resize=1050%2C600 3x"},"classes":[]},{"id":107865,"url":"http:\/\/vincentians.com\/fr\/histoire-generale-de-la-congregation-de-la-mission-19\/","url_meta":{"origin":107947,"position":4},"title":"Histoire g\u00e9n\u00e9rale de la Congr\u00e9gation de la Mission (19)","author":"Francisco Javier Fern\u00e1ndez Chento","date":"16\/01\/2014","format":false,"excerpt":"XIX. Bon succ\u00e8s des fonctions Les infirmit\u00e9s continuelles de ce digne sup\u00e9rieur g\u00e9n\u00e9ral qui n\u2019\u00e9tait pas encore fort \u00e2g\u00e9, et la d\u00e9faillance visible de ses forces faisaient craindre avec raison \u00e0 toute la Compagnie de s\u2019en voir bient\u00f4t priv\u00e9e, et il n\u2019y a personne qui ne d\u00e9sira de tout son\u2026","rel":"","context":"Dans &quot;Histoire de la Congr\u00e9gation de la Mission&quot;","block_context":{"text":"Histoire de la Congr\u00e9gation de la Mission","link":"http:\/\/vincentians.com\/fr\/category\/histoire-de-la-congregation-de-la-mission\/"},"img":{"alt_text":"","src":"https:\/\/i0.wp.com\/vincentians.com\/fr\/wp-content\/uploads\/sites\/10\/2016\/07\/histoire-generale-de-la-congregation-de-la-mission.jpg?fit=1200%2C630&resize=350%2C200","width":350,"height":200,"srcset":"https:\/\/i0.wp.com\/vincentians.com\/fr\/wp-content\/uploads\/sites\/10\/2016\/07\/histoire-generale-de-la-congregation-de-la-mission.jpg?fit=1200%2C630&resize=350%2C200 1x, https:\/\/i0.wp.com\/vincentians.com\/fr\/wp-content\/uploads\/sites\/10\/2016\/07\/histoire-generale-de-la-congregation-de-la-mission.jpg?fit=1200%2C630&resize=525%2C300 1.5x, https:\/\/i0.wp.com\/vincentians.com\/fr\/wp-content\/uploads\/sites\/10\/2016\/07\/histoire-generale-de-la-congregation-de-la-mission.jpg?fit=1200%2C630&resize=700%2C400 2x, https:\/\/i0.wp.com\/vincentians.com\/fr\/wp-content\/uploads\/sites\/10\/2016\/07\/histoire-generale-de-la-congregation-de-la-mission.jpg?fit=1200%2C630&resize=1050%2C600 3x"},"classes":[]},{"id":107783,"url":"http:\/\/vincentians.com\/fr\/histoire-generale-de-la-congregation-de-la-mission-06\/","url_meta":{"origin":107947,"position":5},"title":"Histoire g\u00e9n\u00e9rale de la Congr\u00e9gation de la Mission (06)","author":"Francisco Javier Fern\u00e1ndez Chento","date":"01\/01\/2014","format":false,"excerpt":"VI. [Su]cc\u00e8s des fonctions de la Congr\u00e9gation en particulier les missions \u00e9trang\u00e8res. La Compagnie \u00e9tant gouvern\u00e9e par un excellent sup\u00e9rieur g\u00e9n\u00e9ral pour lors de tr\u00e8s bons sujets, et elle ne pouvait manquer de faire bien de bien dans ses diff\u00e9rents emplois. M. Alm\u00e9ras crut que pour encourager les missionnaires \u00e0\u2026","rel":"","context":"Dans &quot;Histoire de la Congr\u00e9gation de la Mission&quot;","block_context":{"text":"Histoire de la Congr\u00e9gation de la Mission","link":"http:\/\/vincentians.com\/fr\/category\/histoire-de-la-congregation-de-la-mission\/"},"img":{"alt_text":"","src":"https:\/\/i0.wp.com\/vincentians.com\/fr\/wp-content\/uploads\/sites\/10\/2016\/07\/histoire-generale-de-la-congregation-de-la-mission.jpg?fit=1200%2C630&resize=350%2C200","width":350,"height":200,"srcset":"https:\/\/i0.wp.com\/vincentians.com\/fr\/wp-content\/uploads\/sites\/10\/2016\/07\/histoire-generale-de-la-congregation-de-la-mission.jpg?fit=1200%2C630&resize=350%2C200 1x, https:\/\/i0.wp.com\/vincentians.com\/fr\/wp-content\/uploads\/sites\/10\/2016\/07\/histoire-generale-de-la-congregation-de-la-mission.jpg?fit=1200%2C630&resize=525%2C300 1.5x, https:\/\/i0.wp.com\/vincentians.com\/fr\/wp-content\/uploads\/sites\/10\/2016\/07\/histoire-generale-de-la-congregation-de-la-mission.jpg?fit=1200%2C630&resize=700%2C400 2x, https:\/\/i0.wp.com\/vincentians.com\/fr\/wp-content\/uploads\/sites\/10\/2016\/07\/histoire-generale-de-la-congregation-de-la-mission.jpg?fit=1200%2C630&resize=1050%2C600 3x"},"classes":[]}],"_links":{"self":[{"href":"http:\/\/vincentians.com\/fr\/wp-json\/wp\/v2\/posts\/107947","targetHints":{"allow":["GET"]}}],"collection":[{"href":"http:\/\/vincentians.com\/fr\/wp-json\/wp\/v2\/posts"}],"about":[{"href":"http:\/\/vincentians.com\/fr\/wp-json\/wp\/v2\/types\/post"}],"author":[{"embeddable":true,"href":"http:\/\/vincentians.com\/fr\/wp-json\/wp\/v2\/users\/4"}],"replies":[{"embeddable":true,"href":"http:\/\/vincentians.com\/fr\/wp-json\/wp\/v2\/comments?post=107947"}],"version-history":[{"count":0,"href":"http:\/\/vincentians.com\/fr\/wp-json\/wp\/v2\/posts\/107947\/revisions"}],"wp:featuredmedia":[{"embeddable":true,"href":"http:\/\/vincentians.com\/fr\/wp-json\/wp\/v2\/media\/189808"}],"wp:attachment":[{"href":"http:\/\/vincentians.com\/fr\/wp-json\/wp\/v2\/media?parent=107947"}],"wp:term":[{"taxonomy":"category","embeddable":true,"href":"http:\/\/vincentians.com\/fr\/wp-json\/wp\/v2\/categories?post=107947"},{"taxonomy":"post_tag","embeddable":true,"href":"http:\/\/vincentians.com\/fr\/wp-json\/wp\/v2\/tags?post=107947"}],"curies":[{"name":"wp","href":"https:\/\/api.w.org\/{rel}","templated":true}]}}