{"id":107946,"date":"2014-01-25T19:18:22","date_gmt":"2014-01-25T18:18:22","guid":{"rendered":"http:\/\/vincentiens.org\/?p=107946"},"modified":"2014-01-25T19:18:22","modified_gmt":"2014-01-25T18:18:22","slug":"histoire-generale-de-la-congregation-de-la-mission-28","status":"publish","type":"post","link":"http:\/\/vincentians.com\/fr\/histoire-generale-de-la-congregation-de-la-mission-28\/","title":{"rendered":"Histoire g\u00e9n\u00e9rale de la Congr\u00e9gation de la Mission (28)"},"content":{"rendered":"<h2><b><b><b><b>XXVIII. Nouveaux \u00e9tablissements de s\u00e9minaire en France<\/b><\/b><\/b><\/b><\/h2>\n<p><a href=\"https:\/\/i0.wp.com\/vincentiens.org\/wp-content\/uploads\/2012\/12\/logocm.png\"><img data-recalc-dims=\"1\" loading=\"lazy\" decoding=\"async\" class=\"alignright size-medium wp-image-104093\" alt=\"logocm\" src=\"https:\/\/i0.wp.com\/vincentiens.org\/wp-content\/uploads\/2012\/12\/logocm-245x300.png?resize=245%2C300\" width=\"245\" height=\"300\" \/><\/a>La Congr\u00e9gation se trouvait florissante apr\u00e8s l\u2019\u00e9lection de M. Jolly au g\u00e9n\u00e9ralat, on en estimait partout<b> <\/b>l\u2019esprit et les emplois, ce qui engagea en diverses villes de France d\u2019en demander avec instance de nouveaux \u00e9tablissements. M. Jolly n\u2019\u00e9tait pas facile \u00e0 en accepter, soit qu\u2019il eut de la peine \u00e0 fournir \u00e0 tous les endroits o\u00f9 on lui demandait des sujets de la Congr\u00e9gation, soit que sciant les traces de feu M. Vincent, il ne voulut pas faire \u00e9clat. Quand les propositions qu\u2019on faisait \u00e9taient vues peu embarrass\u00e9es pour le revenu assign\u00e9 \u00e0 la subsistance des ouvriers, ou quelles ne s\u2019accommodaient pas avec les usages de la Compagnie, il les refusait absolument. Il refusa le s\u00e9minaire de Reims par la m\u00eame raison que M. Alm\u00e9ras avait ci-devant refus\u00e9 celui de Grenoble. Les \u00e9v\u00eaques voulant g\u00eaner le g\u00e9n\u00e9ral pour ne pas retirer et envoyer les sujets selon qu\u2019il jugerait \u00e0 propos de le faire. De m\u00eame d\u2019autres<b> <\/b>\u00e9tablissements consid\u00e9rables pour des semblables raisons. Toutefois il se vit oblig\u00e9 d\u2019en accepter quantit\u00e9 presque coup sur coup, tant en France qu\u2019en Italie, et en Pologne. Et m\u00eame quelques-uns qui faisaient beaucoup d\u2019honneur \u00e0 la Compagnie, quoique M. Jolly y e\u00fbt grande r\u00e9pugnance.<\/p>\n<p>Le roi tr\u00e8s chr\u00e9tien l\u2019obligea \u00e0 se charger de la cure de Versailles. S[a] M[ajest\u00e9] qui y faisait sa r\u00e9sidence ordinaire, avait fort embelli et augment\u00e9 cet endroit, de plus de la direction spirituelle des Invalides, pour qui il avait fait b\u00e2tir et doter un magnifique h\u00f4tel \u00e0 Paris. M. Joly fit ce qu\u2019il put pour \u00e9luder ces grands \u00e9tablissements. En particulier il ordonna des pri\u00e8res pour d\u00e9tourner le coup, et \u00e9tant forc\u00e9 de plier sous l\u2019autorit\u00e9 royale, il annon\u00e7a ainsi cette nouvelle \u00e0 la Compagnie. Bon Dieu quel emploi, et quel danger pour de pauvres pr\u00eatres, destin\u00e9s pour le village\u00a0! La suite fit voir qu\u2019il ne craignait pas sans raison, quelques missionnaires prirent l\u00e0 l\u2019air du monde, se d\u00e9go\u00fbt\u00e8rent de leur vocation, et la quitt\u00e8rent. D\u2019autres apr\u00e8s avoir demeur\u00e9 quelque temps dans ces maisons, n\u2019\u00e9tant plus propres \u00e0 \u00eatre envoy\u00e9s dans les s\u00e9minaires, et dans les missions ; ce qui est pourtant la fin de l\u2019institut. Le g\u00e9n\u00e9ral repr\u00e9senta longtemps au roi non ces inconv\u00e9nients sur lesquels il n\u2019osait pas s\u2019expliquer, mais la disette d\u2019ouvriers, et bien d\u2019autres raisons. Voici ce qu\u2019il en \u00e9crivit \u00e0 la Comp[agn]ie par sa lettre du 23 9bre 1674 :<b> <\/b>Je vous ai d\u00e9j\u00e0 inform\u00e9 de notre \u00e9tablissement de Versailles, mais non pas de la fa\u00e7on qu\u2019il s\u2019est fait. Il y a environ trois ans que le roi, ayant dessein de nous mettre l\u00e0 en fit parler \u00e0 M. Alm\u00e9ras par Mgr l\u2019archev\u00eaque de Paris, pour lors Messire Fran\u00e7ois de Harlay. Ce cher d\u00e9funt repr\u00e9senta \u00e0 S[a] M[ajest\u00e9] diverses raisons pour l\u2019en d\u00e9tourner, entre autres que la Congr\u00e9gation se chargeait tr\u00e8s difficilement de cures, lesquelles la d\u00e9tournaient trop de ses fonctions. Toutefois le roi persista dans sa r\u00e9solution sans en avoir parl\u00e9 depuis ce temps-l\u00e0, et nous ne pensions plus \u00e0 cette affaire. Croyant que S[a] M[ajest\u00e9] pouvait avoir chang\u00e9 d\u2019avis, elle nous fit savoir sur la fin du mois de 7bre pass\u00e9 que son intention \u00e9tait d\u2019ex\u00e9cuter<b> <\/b>au plut\u00f4t ce dessein, et qu\u2019elle avait destin\u00e9 l\u2019abbaye de Sens vacante par la mort de Mgr l\u2019Archev\u00eaque de Sens, de 4000 F. de rentes pour la fondation de nos pr\u00eatres de Versailles, apr\u00e8s \u00eatre convenu des conditions. Mgr l\u2019Archev\u00eaque de Paris a fait l\u2019union de la dite cure \u00e0 la Congr\u00e9gation, dont on a pris possession le 23 8bre. \u00c9tant envoy\u00e9 six pr\u00eatres avec un fr\u00e8re, et quelques jours apr\u00e8s Mrs. le Bas<span id='easy-footnote-1-107946' class='easy-footnote-margin-adjust'><\/span><span class='easy-footnote'><a href='http:\/\/vincentians.com\/fr\/histoire-generale-de-la-congregation-de-la-mission-28\/#easy-footnote-bottom-1-107946' title='Toussaint Lebas, n\u00e9 1625.'><sup>1<\/sup><\/a><\/span>, et de Marte<span id='easy-footnote-2-107946' class='easy-footnote-margin-adjust'><\/span><span class='easy-footnote'><a href='http:\/\/vincentians.com\/fr\/histoire-generale-de-la-congregation-de-la-mission-28\/#easy-footnote-bottom-2-107946' title='Jean-Joseph de Marthe, n\u00e9 1637.'><sup>2<\/sup><\/a><\/span>, qui y ont commenc\u00e9 la mission, et l\u2019ont continu\u00e9 avec les autres jusqu\u2019au dimanche 18 de ce mois. C\u2019est ainsi qu\u2019il s\u2019approchait tant qu\u2019il pouvait de la fin de l\u2019institut. Cette nouvelle maison en en commencement les exercices par une mission, il retire de Richelieu M. Thibaut<span id='easy-footnote-3-107946' class='easy-footnote-margin-adjust'><\/span><span class='easy-footnote'><a href='http:\/\/vincentians.com\/fr\/histoire-generale-de-la-congregation-de-la-mission-28\/#easy-footnote-bottom-3-107946' title='Nicolas Thibault, 1633-1686.'><sup>3<\/sup><\/a><\/span> pour en<b> <\/b>\u00eatre le premier cur\u00e9. Lequel parla pour la p[remi\u00e8]re fois \u00e0 son nouveau troupeau bien diff\u00e9rent du premier, le jour de St.-Martin. C\u2019\u00e9tait un homme fort populaire, peu vers\u00e9 dans les mani\u00e8res du monde o\u00f9 les autres ouvriers, savoir Mrs. Fardel<span id='easy-footnote-4-107946' class='easy-footnote-margin-adjust'><\/span><span class='easy-footnote'><a href='http:\/\/vincentians.com\/fr\/histoire-generale-de-la-congregation-de-la-mission-28\/#easy-footnote-bottom-4-107946' title='Philibert Fardel, n\u00e9 1633.'><sup>4<\/sup><\/a><\/span>, L\u00e9scuyer<span id='easy-footnote-5-107946' class='easy-footnote-margin-adjust'><\/span><span class='easy-footnote'><a href='http:\/\/vincentians.com\/fr\/histoire-generale-de-la-congregation-de-la-mission-28\/#easy-footnote-bottom-5-107946' title='Andr\u00e9 Lescuyer, 1640-1723.'><sup>5<\/sup><\/a><\/span>, B\u00e2ton<span id='easy-footnote-6-107946' class='easy-footnote-margin-adjust'><\/span><span class='easy-footnote'><a href='http:\/\/vincentians.com\/fr\/histoire-generale-de-la-congregation-de-la-mission-28\/#easy-footnote-bottom-6-107946' title='El\u00e9onor Baston, n\u00e9 1637 ; Versailles, Notre-Dame, 1674-1686.'><sup>6<\/sup><\/a><\/span>, Ch\u00e8vremont<span id='easy-footnote-7-107946' class='easy-footnote-margin-adjust'><\/span><span class='easy-footnote'><a href='http:\/\/vincentians.com\/fr\/histoire-generale-de-la-congregation-de-la-mission-28\/#easy-footnote-bottom-7-107946' title='Fran\u00e7ois Ch\u00e8vremont, 1647-1716.'><sup>7<\/sup><\/a><\/span>, Cr\u00e9pel<span id='easy-footnote-8-107946' class='easy-footnote-margin-adjust'><\/span><span class='easy-footnote'><a href='http:\/\/vincentians.com\/fr\/histoire-generale-de-la-congregation-de-la-mission-28\/#easy-footnote-bottom-8-107946' title='Michel Crespel, n\u00e9 1644.'><sup>8<\/sup><\/a><\/span>, et Duval<span id='easy-footnote-9-107946' class='easy-footnote-margin-adjust'><\/span><span class='easy-footnote'><a href='http:\/\/vincentians.com\/fr\/histoire-generale-de-la-congregation-de-la-mission-28\/#easy-footnote-bottom-9-107946' title='Nicolas Duval, n\u00e9 1625.'><sup>9<\/sup><\/a><\/span> n\u2019entendaient gu\u00e8re mieux. Et simple comme un enfant, que M. Jolly, loua lui-m\u00eame apr\u00e8s sa mort, d\u2019avoir conserv\u00e9 dans la cour cette simplicit\u00e9. Le g\u00e9n\u00e9ral se vit donc ainsi oblig\u00e9 d\u2019accepter ces \u00e9tablissements, et il en usa de la fa\u00e7on que nous venons de rapporter dans ce commencement, que Dieu a b\u00e9ni visiblement dans la suite. Il n\u2019y a gu\u00e8re de lieu o\u00f9 on aie gagn\u00e9 l\u2019affection du monde, quoique accoutum\u00e9 \u00e0 la cour comme \u00e0 Versailles, et aux Invalides, tant il est vrai<b> <\/b>qu\u2019au milieu m\u00eame des grandeurs humaines, on aime toujours la simplicit\u00e9 \u00e9vang\u00e9lique. S[a] M[ajest\u00e9] Tr\u00e8s Chr\u00e9tienne ajouta aussi \u00e0 la cure la direction de sa chapelle, augmentant l\u2019entretien des pr\u00eatres et des clercs. Il y a pour les deux emplois vingt-cinq pr\u00eatres avec huit clercs, que l\u2019on tire du s\u00e9minaire de St.-Lazare. Et il y a une quinzaine de pr\u00eatres avec quelques clercs aux Invalides.<\/p>\n<p>Outre ces deux \u00e9tablissements, M. Jolly en re\u00e7ut d\u2019autres pour des s\u00e9minaires \u00e9loign\u00e9s, en diverses villes \u00e9piscopales de France, 1\u00ba \u00e0 St.-Flour en Auvergne. Le contrat en fut pass\u00e9 d\u00e8s l\u2019ann\u00e9e 1673. Mgr de Montrouge<span id='easy-footnote-10-107946' class='easy-footnote-margin-adjust'><\/span><span class='easy-footnote'><a href='http:\/\/vincentians.com\/fr\/histoire-generale-de-la-congregation-de-la-mission-28\/#easy-footnote-bottom-10-107946' title='Jacques de Montrouge, 1612-1664.'><sup>10<\/sup><\/a><\/span>, \u00e9v\u00eaque de St.-Flour l\u2019ayant demand\u00e9 avec instance, et M. Chomel dont on<b> <\/b>a parl\u00e9 ci-dessus \u00e0 l\u2019occasion de la nouvelle maison de Lyon, consentant d\u2019aller travailler en ce dioc\u00e8se en qualit\u00e9 du Grand Vicaire, il fit l\u00e0 du bien \u00e0 cette maison, lui donnant une partie de sa biblioth\u00e8que. On unit le prieur\u00e9 de la Taliza, que voisin de la ville pour la subsistance des ouvriers, outre quelques contributions sur le clerg\u00e9, autoris\u00e9 par lettres patentes du roi. Le premier sup\u00e9rieur fut M. Pierron, depuis sup\u00e9rieur g\u00e9n\u00e9ral qu\u2019on y envoya avec M. Michaud<span id='easy-footnote-11-107946' class='easy-footnote-margin-adjust'><\/span><span class='easy-footnote'><a href='http:\/\/vincentians.com\/fr\/histoire-generale-de-la-congregation-de-la-mission-28\/#easy-footnote-bottom-11-107946' title='No\u00ebl Michau, n\u00e9 1642.'><sup>11<\/sup><\/a><\/span>. Dieu y b\u00e9nit d\u2019abord leurs travaux, ainsi que marque M. Jolly dans une lettre le 9 mars 1673, en ces termes. J\u2019apprends de M. Pierron qu\u2019il prit possession du s\u00e9minaire le lendemain des Cendres. Mgr l\u2019\u00e9v\u00eaque se voulut trouver \u00e0 cette action, avec plusieurs chanoines de sa cath\u00e9drale, et quantit\u00e9 d\u2019autres<b> <\/b>eccl\u00e9siastiques. M. Michaud y fit un discours qui contenta fort S[a] G[randeur], les vicaires g\u00e9n\u00e9raux, et toute l\u2019assembl\u00e9e. Le pr\u00e9lat leur t\u00e9moigna beaucoup de bienveillance aussi bien que les dioc\u00e9sains, ce qui donne lieu de croire que Dieu aidant ce s\u00e9minaire fera de grands biens non seulement pour ce dioc\u00e8se, mais encore pour les autres des environs. On s\u2019accorda en cette ville mal rang\u00e9e, o\u00f9 il faut monter et descendre du mieux qu\u2019on put ainsi qu\u2019on fait ailleurs. Dans les commencements de quelque maison de diff\u00e9rents particuliers. Et on y loge encore aujourd\u2019hui. Il s\u2019y fait quantit\u00e9 de pr\u00eatres dont plusieurs vont servir dans les dioc\u00e8ses voisins, mais je ne sais si un tel usage est bien \u00e0 approuver.<b> <\/b><\/p>\n<p>2\u00ba \u00c0 Sens autrefois m\u00e9tropole de Paris, grand dioc\u00e8se, ou Monseig[neu]r l\u2019Archev\u00eaque<span id='easy-footnote-12-107946' class='easy-footnote-margin-adjust'><\/span><span class='easy-footnote'><a href='http:\/\/vincentians.com\/fr\/histoire-generale-de-la-congregation-de-la-mission-28\/#easy-footnote-bottom-12-107946' title='Jean de Montpezat de Carbon, \u2020 1685; archev\u00eaque de Sens 1674-1685.'><sup>12<\/sup><\/a><\/span> que les souhaita pour la direction de son s\u00e9minaire au nombre de 4 pr\u00eatres avec trois fr\u00e8res, on y est encore aujourd\u2019hui fort \u00e0 l\u2019\u00e9troit, assez pr\u00eat de l\u2019archev\u00each\u00e9. Cet \u00e9tablissement se fit en l\u2019ann\u00e9e 1675.<\/p>\n<p>3\u00ba Deux ans apr\u00e8s \u00e0 Arras par les soins de Messire Guy de S\u00e8ve de Rochechouart<span id='easy-footnote-13-107946' class='easy-footnote-margin-adjust'><\/span><span class='easy-footnote'><a href='http:\/\/vincentians.com\/fr\/histoire-generale-de-la-congregation-de-la-mission-28\/#easy-footnote-bottom-13-107946' title='\u2020 1724.'><sup>13<\/sup><\/a><\/span>, \u00e0 pr\u00e9sent un des plus anciens pr\u00e9lats de France, si connu et estim\u00e9 raison de son z\u00e8le pour la discipline eccl\u00e9siastique. Il les logea pr\u00e8s de son palais au nombre de 4 pr\u00eatres, 4 fr\u00e8res. Et ce s\u00e9minaire a fait beaucoup de bien.<\/p>\n<p>4\u00ba L\u2019ann\u00e9e suivante Messire Fran\u00e7ois de Rotondy de Biscaras<span id='easy-footnote-14-107946' class='easy-footnote-margin-adjust'><\/span><span class='easy-footnote'><a href='http:\/\/vincentians.com\/fr\/histoire-generale-de-la-congregation-de-la-mission-28\/#easy-footnote-bottom-14-107946' title='\u2020 1702.'><sup>14<\/sup><\/a><\/span>, \u00e9v\u00eaque de B\u00e9ziers, appela les pr\u00eatres<b> <\/b>de la Mission et leur conf\u00e8re de son s\u00e9minaire. Ils sont plac\u00e9s hors de la ville dans un endroit commode. Et on a depuis fait \u00e0 construire un b\u00e2timent assez propre, mais qui n\u2019est pas encore achev\u00e9 outre le s\u00e9minaire. Il y a une bande de mission, et six pr\u00eatres en tout avec trois fr\u00e8res.<\/p>\n<p>5\u00ba La m\u00eame ann\u00e9e Messire Alphonse de Valbelle<span id='easy-footnote-15-107946' class='easy-footnote-margin-adjust'><\/span><span class='easy-footnote'><a href='http:\/\/vincentians.com\/fr\/histoire-generale-de-la-congregation-de-la-mission-28\/#easy-footnote-bottom-15-107946' title='\u2020 1708. \u00c9v\u00eaque d\u2019Alet, 1678-1693; \u00e9v\u00eaque de Saint-Omer, 1693-1708.'><sup>15<\/sup><\/a><\/span> pour lors \u00e9v\u00eaque d\u2019Alet et depuis de St.-Omer, les \u00e9tablit \u00e0 Alet pour le s\u00e9minaire au nombre de trois pr\u00eatres. M. H\u00e9bert connu davantage depuis quand il devient cur\u00e9 de Versailles et enfin \u00e9v\u00eaque d\u2019Agen, fut le premier sup\u00e9rieur. Le dioc\u00e8se est petit, et la ville peu consid\u00e9rable, n\u2019y ayant presque que la cath\u00e9drale et les chanoines, la maison est pourtant commode, et assez bien rent\u00e9e.<\/p>\n<p>6\u00ba En 1679, Mgr Toussaint de Forbin de Janson<span id='easy-footnote-16-107946' class='easy-footnote-margin-adjust'><\/span><span class='easy-footnote'><a href='http:\/\/vincentians.com\/fr\/histoire-generale-de-la-congregation-de-la-mission-28\/#easy-footnote-bottom-16-107946' title='\u2020 1713.'><sup>16<\/sup><\/a><\/span> qui \u00e9tant \u00e9v\u00eaque de Marseille o\u00f9 la maison de la Compagnie \u00e9tait d\u00e9j\u00e0 \u00e9tablie pour prendre soin des for\u00e7ats, faire des missions sur les gal\u00e8res, et autres dans les terres de la marquise de Vins, dame des plus qualifi\u00e9es de Provence, lui avait donn\u00e9 la direction du s\u00e9minaire qui est petit, le dioc\u00e8se ne comprenant que 25 paroisses, devenu ensuite \u00e9v\u00eaque de Beauvais, Cardinal de la Ste. Eglise Romaine, et Grand aum\u00f4nier de France, confia de m\u00eame la direction du S\u00e9minaire de ce nouvel \u00e9v\u00each\u00e9 aux pr\u00eatres de la Mission, qui sont 4 pr\u00eatres , et 4 fr\u00e8res bien rent\u00e9s.<\/p>\n<p>7\u00ba Il y avait d\u00e9j\u00e0 un s\u00e9minaire \u00e9tabli \u00e0 Tours, gouvern\u00e9 par les pr\u00eatres avec une assez jolie maison pr\u00e8s de St. Julien, qui est la cath\u00e9drale. L\u2019official, un de ces messieurs nomm\u00e9 Saint,<b> <\/b>fit des instances pour le faire remettre \u00e0 la Congr\u00e9gation, et il eut la d\u00e9votion de rester dans la maison. Mr. Pierron en vint prendre possession en qualit\u00e9 de premier sup\u00e9rieur en 1681. Mgr Victor<b> <\/b>le Bouthillier<span id='easy-footnote-17-107946' class='easy-footnote-margin-adjust'><\/span><span class='easy-footnote'><a href='http:\/\/vincentians.com\/fr\/histoire-generale-de-la-congregation-de-la-mission-28\/#easy-footnote-bottom-17-107946' title='\u2020 1670.'><sup>17<\/sup><\/a><\/span> en \u00e9tant archev\u00eaque, et Mgr Matthieu Por\u00e9 d\u2019Ervaut<span id='easy-footnote-18-107946' class='easy-footnote-margin-adjust'><\/span><span class='easy-footnote'><a href='http:\/\/vincentians.com\/fr\/histoire-generale-de-la-congregation-de-la-mission-28\/#easy-footnote-bottom-18-107946' title='Matthieu Ysor\u00e9 d\u2019Hervault, archev\u00eaque de Tours, 1693-1716, l\u2019an de sa mort.'><sup>18<\/sup><\/a><\/span> ci-devant auditeur de Rote, et depuis archev\u00eaque de Tours y a ajout\u00e9 sur la fin de sa vie une fondation d\u2019une bande de Mission. En tout qu\u2019on y est pr\u00e9sentement sept pr\u00eatres et trois fr\u00e8res.<\/p>\n<p>8\u00ba Messire Andr\u00e9 Colbert<span id='easy-footnote-19-107946' class='easy-footnote-margin-adjust'><\/span><span class='easy-footnote'><a href='http:\/\/vincentians.com\/fr\/histoire-generale-de-la-congregation-de-la-mission-28\/#easy-footnote-bottom-19-107946' title='\u2020 1704.'><sup>19<\/sup><\/a><\/span> \u00e9v\u00eaque d\u2019Auxerre y appela la m\u00eame ann\u00e9e 1680 quatre pr\u00eatres mission[nai]res pour diriger son s\u00e9minaire. La maison est pr\u00e8s de la cath\u00e9drale, g\u00ean\u00e9e par des rues, et peu spacieuse.<b> <\/b>On y a fait b\u00e2tir depuis une assez jolie chapelle.<\/p>\n<p>9\u00ba Messire Ferdinand de Neuville de Villeroy<span id='easy-footnote-20-107946' class='easy-footnote-margin-adjust'><\/span><span class='easy-footnote'><a href='http:\/\/vincentians.com\/fr\/histoire-generale-de-la-congregation-de-la-mission-28\/#easy-footnote-bottom-20-107946' title='\u2020 1690.'><sup>20<\/sup><\/a><\/span>, \u00e9v\u00eaque de Chartres, demanda la m\u00eame ann\u00e9e, et obtint six pr\u00eatres de la Mission pour conduire son s\u00e9minaire. On l\u2019\u00e9tablit dans un joli endroit hors de la ville. Les chevaliers de St.-Lazare firent encore quelques peines \u00e0 ce nouvel \u00e9tablissement, mais ils n\u2019y r\u00e9ussirent pas, et c\u2019est aujourd\u2019hui une maison des mieux situ\u00e9es, et des plus commodes de la Congr\u00e9gation. Messire Paul Godet des Marais<span id='easy-footnote-21-107946' class='easy-footnote-margin-adjust'><\/span><span class='easy-footnote'><a href='http:\/\/vincentians.com\/fr\/histoire-generale-de-la-congregation-de-la-mission-28\/#easy-footnote-bottom-21-107946' title='\u00c9v\u00eaque de Chartes, 1692-1709.'><sup>21<\/sup><\/a><\/span>, \u00e9v\u00eaque de Chartres y a ajout\u00e9 une bande de mission, et encore depuis Mgr de M\u00e9rinville<span id='easy-footnote-22-107946' class='easy-footnote-margin-adjust'><\/span><span class='easy-footnote'><a href='http:\/\/vincentians.com\/fr\/histoire-generale-de-la-congregation-de-la-mission-28\/#easy-footnote-bottom-22-107946' title='Charles-Fran\u00e7ois des Monstiers de M\u00e9rinville, \u2020 1746.'><sup>22<\/sup><\/a><\/span> son digne neveu et illustre successeur l\u2019a conduite d\u2019un petit s\u00e9minaire destin\u00e9 \u00e0 \u00e9lever des jeunes clercs selon l\u2019esprit du Concile de Trente. C\u2019est une maison distingu\u00e9e de l\u2019autre, dans l\u2019enceinte de la ville.<b> <\/b><\/p>\n<p>10\u00ba L\u2019ann\u00e9e suivante 1681, d\u2019autres \u00e9v\u00eaques obtinrent encore de M. Jolly des missionnaires pour leurs s\u00e9minaires, savoir Messire Hardouin Fortin de la Hoguette<span id='easy-footnote-23-107946' class='easy-footnote-margin-adjust'><\/span><span class='easy-footnote'><a href='http:\/\/vincentians.com\/fr\/histoire-generale-de-la-congregation-de-la-mission-28\/#easy-footnote-bottom-23-107946' title='\u2020 1715.'><sup>23<\/sup><\/a><\/span>, pour lors \u00e9v\u00eaque de Poitiers, puis archev\u00eaque de Sens, pour Poitiers. S[a] G[randeur] s\u2019accorda avec M. de B\u00e2ville pour lors intendant de Poitiers de prendre pour le s\u00e9minaire la belle maison o\u00f9 il logeait confisqu\u00e9e au profit du roi sur un partisan qui apr\u00e8s s\u2019\u00eatre enrichi voulut inqui\u00e9ter la noblesse. Elle le poursuivit si vivement qu\u2019on le fit d\u00e9clarer concussionnaire, et puis ex\u00e9cuter en pleine place. On conclue le march\u00e9 \u00e0 10.000 mil livres avec cette clause, que le roi se rendit fondateur dudit s\u00e9minaire pour le reste, clause qui a rendu inutiles toutes les poursuites qu\u2019on fait les<b> <\/b>intendants suivants pour avoir cette maison, comme plus commode pour y loger. Elle est en effet tr\u00e8s belle, mais logeable pour une grosse communaut\u00e9, compos\u00e9e ordinairement de 60 ou 80 s\u00e9minaristes. Il y avait une grande quantit\u00e9 de lucarnes de plomb qu\u2019on a d\u00e9fait et vendu. Le clos de cette maison est grand et r\u00e9gulier. On l\u2019a agrandi depuis par l\u2019acquisition d\u2019un clos voisin, appel\u00e9 la Capettette, o\u00f9 \u00e9taient auparavant des filles de communaut\u00e9 assembl\u00e9es par Made. de Pardaillan, qui n\u2019ont pu subsister. Il n\u2019y eut d\u2019abord \u00e0 Poitiers que quatre pr\u00eatres comme dans les autres s\u00e9minaires. Mgr Antoine Girard<span id='easy-footnote-24-107946' class='easy-footnote-margin-adjust'><\/span><span class='easy-footnote'><a href='http:\/\/vincentians.com\/fr\/histoire-generale-de-la-congregation-de-la-mission-28\/#easy-footnote-bottom-24-107946' title='\u2020 1702.'><sup>24<\/sup><\/a><\/span> en entretenait un cinqui\u00e8me pour instruire des nouveaux pr\u00eatres qu\u2019on retenait au s\u00e9minaire pendant trois mois apr\u00e8s l\u2019ordination, mais son successeur Mgr Jean-Claude [de] la Poype<b> <\/b>de Vertrieu<span id='easy-footnote-25-107946' class='easy-footnote-margin-adjust'><\/span><span class='easy-footnote'><a href='http:\/\/vincentians.com\/fr\/histoire-generale-de-la-congregation-de-la-mission-28\/#easy-footnote-bottom-25-107946' title='\u00c9v\u00eaque de Poitiers, 1702-1732.'><sup>25<\/sup><\/a><\/span> n\u2019a pas apparemment continu\u00e9 cette augmentation. Il ne laiss\u00e9 pas d\u2019estimer la Compagnie. Il lui a confi\u00e9 la direction d\u2019un petit s\u00e9minaire qui \u00e9tait d\u00e9j\u00e0 \u00e9tabli dans la ville de Poitiers.<\/p>\n<p>11\u00ba Messire Le Tournelier de Breteuil<span id='easy-footnote-26-107946' class='easy-footnote-margin-adjust'><\/span><span class='easy-footnote'><a href='http:\/\/vincentians.com\/fr\/histoire-generale-de-la-congregation-de-la-mission-28\/#easy-footnote-bottom-26-107946' title='\u2020 1698.'><sup>26<\/sup><\/a><\/span>, \u00e9v\u00eaque de Boulogne-sur-Mer<b>\u00a0<\/b>y donna semblablement son s\u00e9minaire \u00e0 conduire aux Missionnaires qui sont log\u00e9s assez commod\u00e9ment dans la nouvelle ville, et fonda encore une bande de Mission pour l\u2019instruction de la campagne de son dioc\u00e8se. Le nombre des ouvriers de cette maison est de huit pr\u00eatres et trois fr\u00e8res.<\/p>\n<p>12\u00ba \u00c0 Ch\u00e2lons sur Marne o\u00f9 les R.P. de l\u2019Oratoire avaient \u00e9t\u00e9 \u00e9tablis pour la direction du s\u00e9minaire par Messire F\u00e9lix Vialart, ils furent oblig\u00e9s de le quitter \u00e0 raison de<b> <\/b>certaines difficult\u00e9s qui n\u2019avaient rien de commun avec les pr\u00eatres de la Mission. Ce s\u00e9minaire \u00e9tant vacant, Messire Louis-Antoine de Noailles<span id='easy-footnote-27-107946' class='easy-footnote-margin-adjust'><\/span><span class='easy-footnote'><a href='http:\/\/vincentians.com\/fr\/histoire-generale-de-la-congregation-de-la-mission-28\/#easy-footnote-bottom-27-107946' title='\u2020 1729.'><sup>27<\/sup><\/a><\/span>, nouvel \u00e9v\u00eaque de Ch\u00e2lons, auparavant de Cahors, et depuis archev\u00eaque de Paris et cardinal, y \u00e9tablit ces derniers qui ont continu\u00e9 et continuent \u00e0 le conduire depuis l\u2019ann\u00e9e 1681.<\/p>\n<p>13\u00ba L\u2019ann\u00e9e suivante Messire Henri de Nesmond<span id='easy-footnote-28-107946' class='easy-footnote-margin-adjust'><\/span><span class='easy-footnote'><a href='http:\/\/vincentians.com\/fr\/histoire-generale-de-la-congregation-de-la-mission-28\/#easy-footnote-bottom-28-107946' title='\u2020 1715.'><sup>28<\/sup><\/a><\/span>, \u00e9v\u00eaque de Bayeux, le plus grand dioc\u00e8se de Normandie, apr\u00e8s Rouen, quoiqu\u2019il eut d\u00e9j\u00e0 un beau s\u00e9minaire a Caen dirig\u00e9 par Mrs. de la Communaut\u00e9 du P. Eudes, ayant en envie d\u2019en avoir un autre pr\u00e8s de lui dans la ville de Bayeux, il le confia aux Missionnaires, et a laiss\u00e9 en mourant une somme consid\u00e9rable pour le b\u00e2tir.<\/p>\n<p>14\u00ba Dame Anne Boyer, veuve<b> <\/b>de Mr. le Duc de Noailles, m\u00e8re du mar\u00e9chal et du Cardinal de ce nom, voulut fonder des Missionnaires \u00e0 Sarlat, ville voisine de la terre de Noailles pour des missions. Et Mgr l\u2019\u00e9v\u00eaque<span id='easy-footnote-29-107946' class='easy-footnote-margin-adjust'><\/span><span class='easy-footnote'><a href='http:\/\/vincentians.com\/fr\/histoire-generale-de-la-congregation-de-la-mission-28\/#easy-footnote-bottom-29-107946' title='Fran\u00e7ois de Salignac de la Mothe-F\u00e9n\u00e9lon, \u00e9v\u00eaque de Sarlat 1659-1688.'><sup>29<\/sup><\/a><\/span> leur donna aussi son s\u00e9minaire, dont M. Faure depuis vicaire g\u00e9n\u00e9ral fut fait premier sup\u00e9rieur. Mg. l\u2019\u00e9v\u00eaque le mit d\u2019abord dans la maison de Tignac, hors la ville, o\u00f9 ils ont log\u00e9 quelque temps, mais ils ont achet\u00e9 depuis un assez joli terrain dans la ville et on y a fait construire un b\u00e2timent. Cet \u00e9tablissement qui est de six pr\u00eatres et trois fr\u00e8res ne se fit qu\u2019en 1683.<\/p>\n<p>15\u00ba L\u2019ann\u00e9e de devant on appela les Missionnaires dans la m\u00e9tropole de Bordeaux pour leur confier la direction du s\u00e9minaire d\u00e9j\u00e0 \u00e9tabli ci-devant, et gouvern\u00e9 par des pr\u00eatres du clerg\u00e9 qui le c\u00e9d\u00e8rent aux pr\u00eatres de la Mission. En transigeant avec eux, sous l\u2019autorit\u00e9 de Mgr Louis d\u2019Angleure de Bourlemont<span id='easy-footnote-30-107946' class='easy-footnote-margin-adjust'><\/span><span class='easy-footnote'><a href='http:\/\/vincentians.com\/fr\/histoire-generale-de-la-congregation-de-la-mission-28\/#easy-footnote-bottom-30-107946' title='\u2020 1697.'><sup>30<\/sup><\/a><\/span><b> <\/b>archev\u00eaque de Bordeaux. \u00c0 ce s\u00e9minaire \u00e9tait d\u00e9j\u00e0 uni la chapelle et maison de Notre Dame de Montuzet, situ\u00e9e sur une \u00e9l\u00e9vation, et fr\u00e9quent\u00e9e par un grand concours de monde qui y va en d\u00e9votion pour honorer la sainte vierge sur la Gironde entre le Bec d\u2019Amb\u00e8s et Blaye. On y a depuis \u00e9tabli un sup\u00e9rieur particulier, et cela sert de lieu de repos aux Missionnaires qui ne sont plus en \u00e9tat de travailler. Il y a dans cette maison de Bordeaux une bande de mission pour travailler dans le dioc\u00e8se, et les missionnaires all\u00e8rent souvent se reposer en \u00e9t\u00e9 \u00e0 Montuzet. Les s\u00e9minaristes assistant dans cette ville aux offices dans l\u2019\u00e9glise de St.-Sim\u00e9on. Le b\u00e2timent qu\u2019on a l\u00e0 est \u00e9troit et renferm\u00e9. On cherche \u00e0 se placer ailleurs.<\/p>\n<p>16\u00ba M. le Mar\u00e9chal de Grammont assigna une somme de 40 mille livres pour \u00e9tablir un s\u00e9minaire \u00e0 Pau en B\u00e9arn dans le dioc\u00e8se de Lescar, dont les \u00e9v\u00each\u00e9s voisines, d\u2019Aire, Bayonne, &amp;c., qui n\u2019ont pas de s\u00e9minaire pourraient<b> <\/b>profiter, et cela en faveur des Missionnaires. Les R.P. J\u00e9suites essay\u00e8rent de s\u2019attirer au moins une partie de cette somme offrant de recevoir chez eux dans leur beau coll\u00e8ge, que le roi Henri le Grand leur a donn\u00e9 \u00e0 Pau. Les s\u00e9minaristes sans qu\u2019il fut besoin de b\u00e2tir une autre maison, Mgr Dominique Desclaux de Mespl\u00e9<span id='easy-footnote-31-107946' class='easy-footnote-margin-adjust'><\/span><span class='easy-footnote'><a href='http:\/\/vincentians.com\/fr\/histoire-generale-de-la-congregation-de-la-mission-28\/#easy-footnote-bottom-31-107946' title='Desclaux de Mespl\u00e8s, \u2020 1716.'><sup>31<\/sup><\/a><\/span> pour lors \u00e9v\u00eaque de Lescar, qui avant sa promotion avait \u00e9t\u00e9 mari\u00e9, et avait un fils J\u00e9suite y consentait. Mais Mad[am].e la Mar\u00e9chale voulut qu\u2019on ex\u00e9cut\u00e2t \u00e0 la lettre la volont\u00e9 de M. le Mar\u00e9chal, et les Missionnaires vinrent \u00e0 Pau au nombre de quatre pr\u00eatres, qui se sont plac\u00e9s dans la maison assez spacieuse du pr\u00e9sident De la Vie, et y tiennent le s\u00e9minaire, o\u00f9 vont non seulement les jeunes clercs du dioc\u00e8se de Lescar, mais encore de plusieurs autres dioc\u00e8ses voisins.<\/p>\n<p>17\u00ba La m\u00eame ann\u00e9e 1683 on confia \u00e0 la Compagnie le soin des aum\u00f4niers de vaisseaux dans le port de Rochefort<b> <\/b>dioc\u00e8se de La Rochelle, avec la direction de l\u2019h\u00f4pital. Le roi le voulant ainsi. Et on demandait m\u00eame que quelques-uns des Missionnaires s\u2019embarquassent au moins un par escadre pour prendre soin des aum\u00f4niers, mais on refusa d\u2019accepter cette condition. Et on eut bien de la peine \u00e0 se charger de la direction de ces messieurs. On avait pens\u00e9 de la confier pareillement aux Missionnaires dans les ports de Brest, et de Toulon en Provence. Et M. Jolly t\u00e9moignant trop de r\u00e9pugnance, les R.P. J\u00e9suites s\u2019en sont charg\u00e9s, et s\u2019y sont bien \u00e9tablis, ayant par leur cr\u00e9dit procur\u00e9 \u00e0 ces maisons l\u2019union de bons b\u00e9n\u00e9fices.<\/p>\n<p>18\u00ba La m\u00eame ann\u00e9e 1683, M. l\u2019abb\u00e9 Thomassin, cur\u00e9 de Manosque appela dans cette ville les Missionnaires, leur donnant une maison et du bien pour subsister. M. Bourgeois<span id='easy-footnote-32-107946' class='easy-footnote-margin-adjust'><\/span><span class='easy-footnote'><a href='http:\/\/vincentians.com\/fr\/histoire-generale-de-la-congregation-de-la-mission-28\/#easy-footnote-bottom-32-107946' title='Jean Le Bourgois, n\u00e9 1641.'><sup>32<\/sup><\/a><\/span>, directeur du s\u00e9minaire interne de Lyon en fut nomm\u00e9 premier sup\u00e9rieur, et Mgr Louis [de] Thomassin<span id='easy-footnote-33-107946' class='easy-footnote-margin-adjust'><\/span><span class='easy-footnote'><a href='http:\/\/vincentians.com\/fr\/histoire-generale-de-la-congregation-de-la-mission-28\/#easy-footnote-bottom-33-107946' title='\u2020 1718.'><sup>33<\/sup><\/a><\/span> ci-devant coadjuteur de Vence,<b> <\/b>puis \u00e9v\u00eaque \u00e0 Sisteron, qui faisait sa r\u00e9sidence ordinaire au ch\u00e2teau de lieu, \u00e0 trois lieues de Manosque, leur donna son s\u00e9minaire. Cette maison est petite, compos\u00e9e seulement de trois pr\u00eatres qui ont l\u00e0 un vieux et mauvais b\u00e2timent. On y a eu au commencement des difficult\u00e9s, et on le trouvait assez \u00e0 l\u2019\u00e9troit, mais depuis la maison est devenue assez commode.<\/p>\n<p>19\u00ba En 1689, Messire Pierre de Bro\u00efx<span id='easy-footnote-34-107946' class='easy-footnote-margin-adjust'><\/span><span class='easy-footnote'><a href='http:\/\/vincentians.com\/fr\/histoire-generale-de-la-congregation-de-la-mission-28\/#easy-footnote-bottom-34-107946' title='Pierre le Neboux de la Brousse, \u2020 1701.'><sup>34<\/sup><\/a><\/span>, \u00e9v\u00eaque de St.-Pol de L\u00e9on en Basse Bretagne, appela les Missionnaires pour diriger son s\u00e9minaire au nombre seulement de trois pr\u00eatres, et deux fr\u00e8res. Le contrat en fut pass\u00e9, et ils sont assez bien log\u00e9s pour ce pays pr\u00e8s de la mer.<\/p>\n","protected":false},"excerpt":{"rendered":"<p>XXVIII. Nouveaux \u00e9tablissements de s\u00e9minaire en France La Congr\u00e9gation se trouvait florissante apr\u00e8s l\u2019\u00e9lection de M. Jolly au g\u00e9n\u00e9ralat, on en estimait partout l\u2019esprit et les emplois, ce qui engagea en diverses villes de France &#8230; <a href=\"http:\/\/vincentians.com\/fr\/histoire-generale-de-la-congregation-de-la-mission-28\/\" class=\"more-link\">Read More<\/a><\/p>\n","protected":false},"author":4,"featured_media":189808,"comment_status":"open","ping_status":"open","sticky":false,"template":"","format":"standard","meta":{"jetpack_post_was_ever_published":false,"_jetpack_newsletter_access":"","_jetpack_dont_email_post_to_subs":false,"_jetpack_newsletter_tier_id":0,"_jetpack_memberships_contains_paywalled_content":false,"_jetpack_memberships_contains_paid_content":false,"footnotes":"","jetpack_publicize_message":"","jetpack_publicize_feature_enabled":true,"jetpack_social_post_already_shared":true,"jetpack_social_options":{"image_generator_settings":{"template":"highway","default_image_id":0,"font":"","enabled":false},"version":2}},"categories":[134],"tags":[],"class_list":["post-107946","post","type-post","status-publish","format-standard","has-post-thumbnail","hentry","category-histoire-de-la-congregation-de-la-mission"],"yoast_head":"<!-- This site is optimized with the Yoast SEO plugin v26.3 - https:\/\/yoast.com\/wordpress\/plugins\/seo\/ -->\n<title>Histoire g\u00e9n\u00e9rale de la Congr\u00e9gation de la Mission (28) - Nous Sommes Vincentiens<\/title>\n<meta name=\"robots\" content=\"index, follow, max-snippet:-1, max-image-preview:large, max-video-preview:-1\" \/>\n<link rel=\"canonical\" href=\"https:\/\/vincentians.com\/fr\/histoire-generale-de-la-congregation-de-la-mission-28\/\" \/>\n<meta property=\"og:locale\" content=\"fr_FR\" \/>\n<meta property=\"og:type\" content=\"article\" \/>\n<meta property=\"og:title\" content=\"Histoire g\u00e9n\u00e9rale de la Congr\u00e9gation de la Mission (28) - Nous Sommes Vincentiens\" \/>\n<meta property=\"og:description\" content=\"XXVIII. Nouveaux \u00e9tablissements de s\u00e9minaire en France La Congr\u00e9gation se trouvait florissante apr\u00e8s l\u2019\u00e9lection de M. Jolly au g\u00e9n\u00e9ralat, on en estimait partout l\u2019esprit et les emplois, ce qui engagea en diverses villes de France ... Read More\" \/>\n<meta property=\"og:url\" content=\"https:\/\/vincentians.com\/fr\/histoire-generale-de-la-congregation-de-la-mission-28\/\" \/>\n<meta property=\"og:site_name\" content=\"Nous Sommes Vincentiens\" \/>\n<meta property=\"article:publisher\" content=\"https:\/\/www.facebook.com\/WeAreVincentians\/\" \/>\n<meta property=\"article:author\" content=\"https:\/\/www.facebook.com\/JavierChento\" \/>\n<meta property=\"article:published_time\" content=\"2014-01-25T18:18:22+00:00\" \/>\n<meta property=\"og:image\" content=\"https:\/\/i0.wp.com\/vincentians.com\/fr\/wp-content\/uploads\/sites\/10\/2016\/07\/histoire-generale-de-la-congregation-de-la-mission.jpg?fit=1200%2C630&ssl=1\" \/>\n\t<meta property=\"og:image:width\" content=\"1200\" \/>\n\t<meta property=\"og:image:height\" content=\"630\" \/>\n\t<meta property=\"og:image:type\" content=\"image\/jpeg\" \/>\n<meta name=\"author\" content=\"Francisco Javier Fern\u00e1ndez Chento\" \/>\n<meta name=\"twitter:card\" content=\"summary_large_image\" \/>\n<meta name=\"twitter:creator\" content=\"@https:\/\/twitter.com\/javierchento\" \/>\n<meta name=\"twitter:site\" content=\"@WeVincentians\" \/>\n<meta name=\"twitter:label1\" content=\"\u00c9crit par\" \/>\n\t<meta name=\"twitter:data1\" content=\"Francisco Javier Fern\u00e1ndez Chento\" \/>\n\t<meta name=\"twitter:label2\" content=\"Dur\u00e9e de lecture estim\u00e9e\" \/>\n\t<meta name=\"twitter:data2\" content=\"18 minutes\" \/>\n<script type=\"application\/ld+json\" class=\"yoast-schema-graph\">{\"@context\":\"https:\/\/schema.org\",\"@graph\":[{\"@type\":\"WebPage\",\"@id\":\"https:\/\/vincentians.com\/fr\/histoire-generale-de-la-congregation-de-la-mission-28\/\",\"url\":\"https:\/\/vincentians.com\/fr\/histoire-generale-de-la-congregation-de-la-mission-28\/\",\"name\":\"Histoire g\u00e9n\u00e9rale de la Congr\u00e9gation de la Mission (28) - Nous Sommes Vincentiens\",\"isPartOf\":{\"@id\":\"http:\/\/vincentians.com\/fr\/#website\"},\"primaryImageOfPage\":{\"@id\":\"https:\/\/vincentians.com\/fr\/histoire-generale-de-la-congregation-de-la-mission-28\/#primaryimage\"},\"image\":{\"@id\":\"https:\/\/vincentians.com\/fr\/histoire-generale-de-la-congregation-de-la-mission-28\/#primaryimage\"},\"thumbnailUrl\":\"https:\/\/i0.wp.com\/vincentians.com\/fr\/wp-content\/uploads\/sites\/10\/2016\/07\/histoire-generale-de-la-congregation-de-la-mission.jpg?fit=1200%2C630\",\"datePublished\":\"2014-01-25T18:18:22+00:00\",\"author\":{\"@id\":\"http:\/\/vincentians.com\/fr\/#\/schema\/person\/9623ef4d9aa3b2dfb8c061f1499288f2\"},\"breadcrumb\":{\"@id\":\"https:\/\/vincentians.com\/fr\/histoire-generale-de-la-congregation-de-la-mission-28\/#breadcrumb\"},\"inLanguage\":\"fr-FR\",\"potentialAction\":[{\"@type\":\"ReadAction\",\"target\":[\"https:\/\/vincentians.com\/fr\/histoire-generale-de-la-congregation-de-la-mission-28\/\"]}]},{\"@type\":\"ImageObject\",\"inLanguage\":\"fr-FR\",\"@id\":\"https:\/\/vincentians.com\/fr\/histoire-generale-de-la-congregation-de-la-mission-28\/#primaryimage\",\"url\":\"https:\/\/i0.wp.com\/vincentians.com\/fr\/wp-content\/uploads\/sites\/10\/2016\/07\/histoire-generale-de-la-congregation-de-la-mission.jpg?fit=1200%2C630\",\"contentUrl\":\"https:\/\/i0.wp.com\/vincentians.com\/fr\/wp-content\/uploads\/sites\/10\/2016\/07\/histoire-generale-de-la-congregation-de-la-mission.jpg?fit=1200%2C630\",\"width\":1200,\"height\":630},{\"@type\":\"BreadcrumbList\",\"@id\":\"https:\/\/vincentians.com\/fr\/histoire-generale-de-la-congregation-de-la-mission-28\/#breadcrumb\",\"itemListElement\":[{\"@type\":\"ListItem\",\"position\":1,\"name\":\"Portada\",\"item\":\"http:\/\/vincentians.com\/fr\/\"},{\"@type\":\"ListItem\",\"position\":2,\"name\":\"Histoire g\u00e9n\u00e9rale de la Congr\u00e9gation de la Mission (28)\"}]},{\"@type\":\"WebSite\",\"@id\":\"http:\/\/vincentians.com\/fr\/#website\",\"url\":\"http:\/\/vincentians.com\/fr\/\",\"name\":\"Nous Sommes Vincentiens\",\"description\":\"Know more to serve more\",\"potentialAction\":[{\"@type\":\"SearchAction\",\"target\":{\"@type\":\"EntryPoint\",\"urlTemplate\":\"http:\/\/vincentians.com\/fr\/?s={search_term_string}\"},\"query-input\":{\"@type\":\"PropertyValueSpecification\",\"valueRequired\":true,\"valueName\":\"search_term_string\"}}],\"inLanguage\":\"fr-FR\"},{\"@type\":\"Person\",\"@id\":\"http:\/\/vincentians.com\/fr\/#\/schema\/person\/9623ef4d9aa3b2dfb8c061f1499288f2\",\"name\":\"Francisco Javier Fern\u00e1ndez Chento\",\"image\":{\"@type\":\"ImageObject\",\"inLanguage\":\"fr-FR\",\"@id\":\"http:\/\/vincentians.com\/fr\/#\/schema\/person\/image\/\",\"url\":\"https:\/\/secure.gravatar.com\/avatar\/497d5cde87b4c3d097d0315953521681ba2cd523ee66e5077c3711f7021e65de?s=96&d=mm&r=g\",\"contentUrl\":\"https:\/\/secure.gravatar.com\/avatar\/497d5cde87b4c3d097d0315953521681ba2cd523ee66e5077c3711f7021e65de?s=96&d=mm&r=g\",\"caption\":\"Francisco Javier Fern\u00e1ndez Chento\"},\"description\":\"Director General y cofundador de La Red de Formaci\u00f3n Vicenciana. Javier es laico vicenciano, afiliado a la Congregaci\u00f3n de la Misi\u00f3n y miembro del Equipo de Misiones Populares de la provincia can\u00f3nica de Zaragoza (Espa\u00f1a) de la Congregaci\u00f3n de la Misi\u00f3n. Graduado en la Universidad Oberta de Catalunya con cuatro grados (Asistente de direcci\u00f3n, Gesti\u00f3n Administrativa, Recursos Humanos y Contabilidad Avanzada). Bil\u00edng\u00fce Espa\u00f1ol\/Ingl\u00e9s. gestiona y mantiene varias p\u00e1ginas web cristianas y vicencianas, incluida including La Red de Formaci\u00f3n Vicenciana, de la que es cofundador. Actualmente es responsable del \u00e1rea de Espa\u00f1ol de .famvin, la Red de Noticias de la Familia Vicenciana. Tambi\u00e9n es m\u00fasico cat\u00f3lico y ha editado varios discos. Es Director General y cofundador de Trovador, una reconocida compa\u00f1\u00eda discogr\u00e1fica critiana de Espa\u00f1a. Trabaja en las Tecnolog\u00edas de la Informaci\u00f3n, ofreciendo servicios de alojamiento, dise\u00f1o y mantenimiento Web, as\u00ed como asesoramiento, formaci\u00f3n y soluciones inform\u00e1ticas, gesti\u00f3n documental y digitalizaci\u00f3n de textos, edici\u00f3n y maquetaci\u00f3n de libros, revistas, flyers, etc.\",\"sameAs\":[\"http:\/\/chento.org\",\"https:\/\/www.facebook.com\/JavierChento\",\"https:\/\/x.com\/https:\/\/twitter.com\/javierchento\"],\"url\":\"http:\/\/vincentians.com\/fr\/author\/chento\/\"}]}<\/script>\n<!-- \/ Yoast SEO plugin. -->","yoast_head_json":{"title":"Histoire g\u00e9n\u00e9rale de la Congr\u00e9gation de la Mission (28) - Nous Sommes Vincentiens","robots":{"index":"index","follow":"follow","max-snippet":"max-snippet:-1","max-image-preview":"max-image-preview:large","max-video-preview":"max-video-preview:-1"},"canonical":"https:\/\/vincentians.com\/fr\/histoire-generale-de-la-congregation-de-la-mission-28\/","og_locale":"fr_FR","og_type":"article","og_title":"Histoire g\u00e9n\u00e9rale de la Congr\u00e9gation de la Mission (28) - Nous Sommes Vincentiens","og_description":"XXVIII. Nouveaux \u00e9tablissements de s\u00e9minaire en France La Congr\u00e9gation se trouvait florissante apr\u00e8s l\u2019\u00e9lection de M. Jolly au g\u00e9n\u00e9ralat, on en estimait partout l\u2019esprit et les emplois, ce qui engagea en diverses villes de France ... Read More","og_url":"https:\/\/vincentians.com\/fr\/histoire-generale-de-la-congregation-de-la-mission-28\/","og_site_name":"Nous Sommes Vincentiens","article_publisher":"https:\/\/www.facebook.com\/WeAreVincentians\/","article_author":"https:\/\/www.facebook.com\/JavierChento","article_published_time":"2014-01-25T18:18:22+00:00","og_image":[{"width":1200,"height":630,"url":"https:\/\/i0.wp.com\/vincentians.com\/fr\/wp-content\/uploads\/sites\/10\/2016\/07\/histoire-generale-de-la-congregation-de-la-mission.jpg?fit=1200%2C630&ssl=1","type":"image\/jpeg"}],"author":"Francisco Javier Fern\u00e1ndez Chento","twitter_card":"summary_large_image","twitter_creator":"@https:\/\/twitter.com\/javierchento","twitter_site":"@WeVincentians","twitter_misc":{"\u00c9crit par":"Francisco Javier Fern\u00e1ndez Chento","Dur\u00e9e de lecture estim\u00e9e":"18 minutes"},"schema":{"@context":"https:\/\/schema.org","@graph":[{"@type":"WebPage","@id":"https:\/\/vincentians.com\/fr\/histoire-generale-de-la-congregation-de-la-mission-28\/","url":"https:\/\/vincentians.com\/fr\/histoire-generale-de-la-congregation-de-la-mission-28\/","name":"Histoire g\u00e9n\u00e9rale de la Congr\u00e9gation de la Mission (28) - Nous Sommes Vincentiens","isPartOf":{"@id":"http:\/\/vincentians.com\/fr\/#website"},"primaryImageOfPage":{"@id":"https:\/\/vincentians.com\/fr\/histoire-generale-de-la-congregation-de-la-mission-28\/#primaryimage"},"image":{"@id":"https:\/\/vincentians.com\/fr\/histoire-generale-de-la-congregation-de-la-mission-28\/#primaryimage"},"thumbnailUrl":"https:\/\/i0.wp.com\/vincentians.com\/fr\/wp-content\/uploads\/sites\/10\/2016\/07\/histoire-generale-de-la-congregation-de-la-mission.jpg?fit=1200%2C630","datePublished":"2014-01-25T18:18:22+00:00","author":{"@id":"http:\/\/vincentians.com\/fr\/#\/schema\/person\/9623ef4d9aa3b2dfb8c061f1499288f2"},"breadcrumb":{"@id":"https:\/\/vincentians.com\/fr\/histoire-generale-de-la-congregation-de-la-mission-28\/#breadcrumb"},"inLanguage":"fr-FR","potentialAction":[{"@type":"ReadAction","target":["https:\/\/vincentians.com\/fr\/histoire-generale-de-la-congregation-de-la-mission-28\/"]}]},{"@type":"ImageObject","inLanguage":"fr-FR","@id":"https:\/\/vincentians.com\/fr\/histoire-generale-de-la-congregation-de-la-mission-28\/#primaryimage","url":"https:\/\/i0.wp.com\/vincentians.com\/fr\/wp-content\/uploads\/sites\/10\/2016\/07\/histoire-generale-de-la-congregation-de-la-mission.jpg?fit=1200%2C630","contentUrl":"https:\/\/i0.wp.com\/vincentians.com\/fr\/wp-content\/uploads\/sites\/10\/2016\/07\/histoire-generale-de-la-congregation-de-la-mission.jpg?fit=1200%2C630","width":1200,"height":630},{"@type":"BreadcrumbList","@id":"https:\/\/vincentians.com\/fr\/histoire-generale-de-la-congregation-de-la-mission-28\/#breadcrumb","itemListElement":[{"@type":"ListItem","position":1,"name":"Portada","item":"http:\/\/vincentians.com\/fr\/"},{"@type":"ListItem","position":2,"name":"Histoire g\u00e9n\u00e9rale de la Congr\u00e9gation de la Mission (28)"}]},{"@type":"WebSite","@id":"http:\/\/vincentians.com\/fr\/#website","url":"http:\/\/vincentians.com\/fr\/","name":"Nous Sommes Vincentiens","description":"Know more to serve more","potentialAction":[{"@type":"SearchAction","target":{"@type":"EntryPoint","urlTemplate":"http:\/\/vincentians.com\/fr\/?s={search_term_string}"},"query-input":{"@type":"PropertyValueSpecification","valueRequired":true,"valueName":"search_term_string"}}],"inLanguage":"fr-FR"},{"@type":"Person","@id":"http:\/\/vincentians.com\/fr\/#\/schema\/person\/9623ef4d9aa3b2dfb8c061f1499288f2","name":"Francisco Javier Fern\u00e1ndez Chento","image":{"@type":"ImageObject","inLanguage":"fr-FR","@id":"http:\/\/vincentians.com\/fr\/#\/schema\/person\/image\/","url":"https:\/\/secure.gravatar.com\/avatar\/497d5cde87b4c3d097d0315953521681ba2cd523ee66e5077c3711f7021e65de?s=96&d=mm&r=g","contentUrl":"https:\/\/secure.gravatar.com\/avatar\/497d5cde87b4c3d097d0315953521681ba2cd523ee66e5077c3711f7021e65de?s=96&d=mm&r=g","caption":"Francisco Javier Fern\u00e1ndez Chento"},"description":"Director General y cofundador de La Red de Formaci\u00f3n Vicenciana. Javier es laico vicenciano, afiliado a la Congregaci\u00f3n de la Misi\u00f3n y miembro del Equipo de Misiones Populares de la provincia can\u00f3nica de Zaragoza (Espa\u00f1a) de la Congregaci\u00f3n de la Misi\u00f3n. Graduado en la Universidad Oberta de Catalunya con cuatro grados (Asistente de direcci\u00f3n, Gesti\u00f3n Administrativa, Recursos Humanos y Contabilidad Avanzada). Bil\u00edng\u00fce Espa\u00f1ol\/Ingl\u00e9s. gestiona y mantiene varias p\u00e1ginas web cristianas y vicencianas, incluida including La Red de Formaci\u00f3n Vicenciana, de la que es cofundador. Actualmente es responsable del \u00e1rea de Espa\u00f1ol de .famvin, la Red de Noticias de la Familia Vicenciana. Tambi\u00e9n es m\u00fasico cat\u00f3lico y ha editado varios discos. Es Director General y cofundador de Trovador, una reconocida compa\u00f1\u00eda discogr\u00e1fica critiana de Espa\u00f1a. Trabaja en las Tecnolog\u00edas de la Informaci\u00f3n, ofreciendo servicios de alojamiento, dise\u00f1o y mantenimiento Web, as\u00ed como asesoramiento, formaci\u00f3n y soluciones inform\u00e1ticas, gesti\u00f3n documental y digitalizaci\u00f3n de textos, edici\u00f3n y maquetaci\u00f3n de libros, revistas, flyers, etc.","sameAs":["http:\/\/chento.org","https:\/\/www.facebook.com\/JavierChento","https:\/\/x.com\/https:\/\/twitter.com\/javierchento"],"url":"http:\/\/vincentians.com\/fr\/author\/chento\/"}]}},"jetpack_publicize_connections":[],"jetpack_featured_media_url":"https:\/\/i0.wp.com\/vincentians.com\/fr\/wp-content\/uploads\/sites\/10\/2016\/07\/histoire-generale-de-la-congregation-de-la-mission.jpg?fit=1200%2C630","jetpack_sharing_enabled":true,"jetpack_shortlink":"https:\/\/wp.me\/p7ETMP-s54","jetpack-related-posts":[{"id":107948,"url":"http:\/\/vincentians.com\/fr\/histoire-generale-de-la-congregation-de-la-mission-30\/","url_meta":{"origin":107946,"position":0},"title":"Histoire g\u00e9n\u00e9rale de la Congr\u00e9gation de la Mission (30)","author":"Francisco Javier Fern\u00e1ndez Chento","date":"27\/01\/2014","format":false,"excerpt":"XXX. \u00c9tablissements \u00e9trangers La Congr\u00e9gation n\u2019avait encore qu\u2019une maison dans le royaume de Pologne, savoir celle de Varsovie, o\u00f9 comme on a dit ci-devant, on avait \u00e9rig\u00e9 un s\u00e9minaire interne pour y recevoir des Polonais. Il s\u2019en fit ensuite d\u2019autres accept\u00e9s par M. Jolly. Un \u00e9v\u00eaque polonais ayant eu une\u2026","rel":"","context":"Dans &quot;Histoire de la Congr\u00e9gation de la Mission&quot;","block_context":{"text":"Histoire de la Congr\u00e9gation de la Mission","link":"http:\/\/vincentians.com\/fr\/category\/histoire-de-la-congregation-de-la-mission\/"},"img":{"alt_text":"","src":"https:\/\/i0.wp.com\/vincentians.com\/fr\/wp-content\/uploads\/sites\/10\/2016\/07\/histoire-generale-de-la-congregation-de-la-mission.jpg?fit=1200%2C630&resize=350%2C200","width":350,"height":200,"srcset":"https:\/\/i0.wp.com\/vincentians.com\/fr\/wp-content\/uploads\/sites\/10\/2016\/07\/histoire-generale-de-la-congregation-de-la-mission.jpg?fit=1200%2C630&resize=350%2C200 1x, https:\/\/i0.wp.com\/vincentians.com\/fr\/wp-content\/uploads\/sites\/10\/2016\/07\/histoire-generale-de-la-congregation-de-la-mission.jpg?fit=1200%2C630&resize=525%2C300 1.5x, https:\/\/i0.wp.com\/vincentians.com\/fr\/wp-content\/uploads\/sites\/10\/2016\/07\/histoire-generale-de-la-congregation-de-la-mission.jpg?fit=1200%2C630&resize=700%2C400 2x, https:\/\/i0.wp.com\/vincentians.com\/fr\/wp-content\/uploads\/sites\/10\/2016\/07\/histoire-generale-de-la-congregation-de-la-mission.jpg?fit=1200%2C630&resize=1050%2C600 3x"},"classes":[]},{"id":107951,"url":"http:\/\/vincentians.com\/fr\/histoire-generale-de-la-congregation-de-la-mission-33\/","url_meta":{"origin":107946,"position":1},"title":"Histoire g\u00e9n\u00e9rale de la Congr\u00e9gation de la Mission (33)","author":"Francisco Javier Fern\u00e1ndez Chento","date":"30\/01\/2014","format":false,"excerpt":"XXXIII. Plusieurs biens faits dans la Congr\u00e9gation Voil\u00e0 quelques \u00e9chantillons de la conduite de M. Jolly qu\u2019on a cru devoir rassembler ici, pour faire conna\u00eetre d\u2019un seul coup d\u2019\u0153il son esprit et son gouvernement. On n\u2019aura pas la peine \u00e0 croire qu\u2019une Congr\u00e9gation conduite par un tel g\u00e9n\u00e9ral ne f\u00fbt\u2026","rel":"","context":"Dans &quot;Histoire de la Congr\u00e9gation de la Mission&quot;","block_context":{"text":"Histoire de la Congr\u00e9gation de la Mission","link":"http:\/\/vincentians.com\/fr\/category\/histoire-de-la-congregation-de-la-mission\/"},"img":{"alt_text":"","src":"https:\/\/i0.wp.com\/vincentians.com\/fr\/wp-content\/uploads\/sites\/10\/2016\/07\/histoire-generale-de-la-congregation-de-la-mission.jpg?fit=1200%2C630&resize=350%2C200","width":350,"height":200,"srcset":"https:\/\/i0.wp.com\/vincentians.com\/fr\/wp-content\/uploads\/sites\/10\/2016\/07\/histoire-generale-de-la-congregation-de-la-mission.jpg?fit=1200%2C630&resize=350%2C200 1x, https:\/\/i0.wp.com\/vincentians.com\/fr\/wp-content\/uploads\/sites\/10\/2016\/07\/histoire-generale-de-la-congregation-de-la-mission.jpg?fit=1200%2C630&resize=525%2C300 1.5x, https:\/\/i0.wp.com\/vincentians.com\/fr\/wp-content\/uploads\/sites\/10\/2016\/07\/histoire-generale-de-la-congregation-de-la-mission.jpg?fit=1200%2C630&resize=700%2C400 2x, https:\/\/i0.wp.com\/vincentians.com\/fr\/wp-content\/uploads\/sites\/10\/2016\/07\/histoire-generale-de-la-congregation-de-la-mission.jpg?fit=1200%2C630&resize=1050%2C600 3x"},"classes":[]},{"id":52068,"url":"http:\/\/vincentians.com\/fr\/saint-vincent-de-paul-et-sa-mission-sociale-vi-la-posterite-1\/","url_meta":{"origin":107946,"position":2},"title":"Saint Vincent De Paul Et Sa Mission Sociale. VI &#8211; La Post\u00e9rit\u00e9 (1)","author":"Francisco Javier Fern\u00e1ndez Chento","date":"30\/12\/2014","format":false,"excerpt":"L\u2019ACCROISSEMENT. \u2014 Extension des deux familles de saint Vincent de Paul. \u2014 Progr\u00e8s de leurs \u0153uvres. \u2014 Les missions \u00e9trang\u00e8res et les s\u00e9minaires. \u2014 Les successeurs de saint Vincent. \u2014 Congr\u00e9gations religieuses fond\u00e9es sur le mod\u00e8le de la Mission. \u2014 Les Filles de la Charit\u00e9 en France et \u00e0 l\u2019\u00e9tranger.\u2026","rel":"","context":"Dans &quot;Vincent de Paul&quot;","block_context":{"text":"Vincent de Paul","link":"http:\/\/vincentians.com\/fr\/category\/the-vincentian-family\/founders\/vincent-de-paul\/"},"img":{"alt_text":"","src":"https:\/\/i0.wp.com\/vincentians.com\/fr\/wp-content\/uploads\/sites\/10\/2016\/07\/vincent-et-sa-action-sociale.jpg?fit=1160%2C630&resize=350%2C200","width":350,"height":200,"srcset":"https:\/\/i0.wp.com\/vincentians.com\/fr\/wp-content\/uploads\/sites\/10\/2016\/07\/vincent-et-sa-action-sociale.jpg?fit=1160%2C630&resize=350%2C200 1x, https:\/\/i0.wp.com\/vincentians.com\/fr\/wp-content\/uploads\/sites\/10\/2016\/07\/vincent-et-sa-action-sociale.jpg?fit=1160%2C630&resize=525%2C300 1.5x, https:\/\/i0.wp.com\/vincentians.com\/fr\/wp-content\/uploads\/sites\/10\/2016\/07\/vincent-et-sa-action-sociale.jpg?fit=1160%2C630&resize=700%2C400 2x, https:\/\/i0.wp.com\/vincentians.com\/fr\/wp-content\/uploads\/sites\/10\/2016\/07\/vincent-et-sa-action-sociale.jpg?fit=1160%2C630&resize=1050%2C600 3x"},"classes":[]},{"id":107866,"url":"http:\/\/vincentians.com\/fr\/histoire-generale-de-la-congregation-de-la-mission-20\/","url_meta":{"origin":107946,"position":3},"title":"Histoire g\u00e9n\u00e9rale de la Congr\u00e9gation de la Mission (20)","author":"Francisco Javier Fern\u00e1ndez Chento","date":"17\/01\/2014","format":false,"excerpt":"XX. Mort de M. Alm\u00e9ras M. Jolly son successeur Dieu retira du monde M. Alm\u00e9ras apr\u00e8s avoir \u00e9prouv\u00e9 sa patience par un long \u00e9puisement, accompagn\u00e9 d\u2019hydropisie. Son d\u00e9c\u00e8s arriva le deuxi\u00e8me septembre, f\u00eate de St.-Lazare, 1672. Il fut enterr\u00e9 \u00e0 c\u00f4t\u00e9 droit de M. Vincent \u00e0 milieu du ch\u0153ur, et\u2026","rel":"","context":"Dans &quot;Histoire de la Congr\u00e9gation de la Mission&quot;","block_context":{"text":"Histoire de la Congr\u00e9gation de la Mission","link":"http:\/\/vincentians.com\/fr\/category\/histoire-de-la-congregation-de-la-mission\/"},"img":{"alt_text":"","src":"https:\/\/i0.wp.com\/vincentians.com\/fr\/wp-content\/uploads\/sites\/10\/2016\/07\/histoire-generale-de-la-congregation-de-la-mission.jpg?fit=1200%2C630&resize=350%2C200","width":350,"height":200,"srcset":"https:\/\/i0.wp.com\/vincentians.com\/fr\/wp-content\/uploads\/sites\/10\/2016\/07\/histoire-generale-de-la-congregation-de-la-mission.jpg?fit=1200%2C630&resize=350%2C200 1x, https:\/\/i0.wp.com\/vincentians.com\/fr\/wp-content\/uploads\/sites\/10\/2016\/07\/histoire-generale-de-la-congregation-de-la-mission.jpg?fit=1200%2C630&resize=525%2C300 1.5x, https:\/\/i0.wp.com\/vincentians.com\/fr\/wp-content\/uploads\/sites\/10\/2016\/07\/histoire-generale-de-la-congregation-de-la-mission.jpg?fit=1200%2C630&resize=700%2C400 2x, https:\/\/i0.wp.com\/vincentians.com\/fr\/wp-content\/uploads\/sites\/10\/2016\/07\/histoire-generale-de-la-congregation-de-la-mission.jpg?fit=1200%2C630&resize=1050%2C600 3x"},"classes":[]},{"id":57593,"url":"http:\/\/vincentians.com\/fr\/lexpansion-de-la-congregation-de-la-mission-pendant-la-vie-de-st-vincent\/","url_meta":{"origin":107946,"position":4},"title":"L&rsquo;expansion de la Congregation de la Mission pendant la vie de St. Vincent","author":"Francisco Javier Fern\u00e1ndez Chento","date":"20\/05\/2015","format":false,"excerpt":"Pierre Collet (\"La Vie de St. Vincent de Paul\", Nancy 1748, II, 325) a constat\u00e9 que les biographies des grands fondateurs d'ordres sont concentr\u00e9es sur la personne elle-m\u00eame du fondateur. On n'y trouve pas le r\u00e9cit des travaux de leurs premiers disciples.En suivant cet exemple Collet voulut supprimer dans sa\u2026","rel":"","context":"Dans &quot;Au temps de Vincent de Paul&quot;","block_context":{"text":"Au temps de Vincent de Paul","link":"http:\/\/vincentians.com\/fr\/category\/au-temps-de-vincent-de-paul\/"},"img":{"alt_text":"","src":"https:\/\/i0.wp.com\/vincentians.com\/fr\/wp-content\/uploads\/sites\/10\/2015\/05\/congregation-de-la-mission-lazaristes.jpg?fit=1200%2C630&resize=350%2C200","width":350,"height":200,"srcset":"https:\/\/i0.wp.com\/vincentians.com\/fr\/wp-content\/uploads\/sites\/10\/2015\/05\/congregation-de-la-mission-lazaristes.jpg?fit=1200%2C630&resize=350%2C200 1x, https:\/\/i0.wp.com\/vincentians.com\/fr\/wp-content\/uploads\/sites\/10\/2015\/05\/congregation-de-la-mission-lazaristes.jpg?fit=1200%2C630&resize=525%2C300 1.5x, https:\/\/i0.wp.com\/vincentians.com\/fr\/wp-content\/uploads\/sites\/10\/2015\/05\/congregation-de-la-mission-lazaristes.jpg?fit=1200%2C630&resize=700%2C400 2x, https:\/\/i0.wp.com\/vincentians.com\/fr\/wp-content\/uploads\/sites\/10\/2015\/05\/congregation-de-la-mission-lazaristes.jpg?fit=1200%2C630&resize=1050%2C600 3x"},"classes":[]},{"id":108239,"url":"http:\/\/vincentians.com\/fr\/histoire-generale-de-la-congregation-de-la-mission-55\/","url_meta":{"origin":107946,"position":5},"title":"Histoire g\u00e9n\u00e9rale de la Congr\u00e9gation de la Mission (55)","author":"Francisco Javier Fern\u00e1ndez Chento","date":"21\/02\/2014","format":false,"excerpt":"LV. Nouveaux \u00e9tablissem[en]ts de la Compagnie Quelque court qu\u2019ait \u00e9t\u00e9 ce g\u00e9n\u00e9ralat, on ne laissa pas d\u2019y voir de nouvelles maisons de la Congr\u00e9gation, \u00e9tablies en France et dans les pays \u00e9trangers. En France, on envoya des Missionnaires \u00e0 Fontenay-le-Comte dans le bas Poitou, et \u00e0 Vannes, en Bretagne. Il\u2026","rel":"","context":"Dans &quot;Histoire de la Congr\u00e9gation de la Mission&quot;","block_context":{"text":"Histoire de la Congr\u00e9gation de la Mission","link":"http:\/\/vincentians.com\/fr\/category\/histoire-de-la-congregation-de-la-mission\/"},"img":{"alt_text":"","src":"https:\/\/i0.wp.com\/vincentians.com\/fr\/wp-content\/uploads\/sites\/10\/2016\/07\/histoire-generale-de-la-congregation-de-la-mission.jpg?fit=1200%2C630&resize=350%2C200","width":350,"height":200,"srcset":"https:\/\/i0.wp.com\/vincentians.com\/fr\/wp-content\/uploads\/sites\/10\/2016\/07\/histoire-generale-de-la-congregation-de-la-mission.jpg?fit=1200%2C630&resize=350%2C200 1x, https:\/\/i0.wp.com\/vincentians.com\/fr\/wp-content\/uploads\/sites\/10\/2016\/07\/histoire-generale-de-la-congregation-de-la-mission.jpg?fit=1200%2C630&resize=525%2C300 1.5x, https:\/\/i0.wp.com\/vincentians.com\/fr\/wp-content\/uploads\/sites\/10\/2016\/07\/histoire-generale-de-la-congregation-de-la-mission.jpg?fit=1200%2C630&resize=700%2C400 2x, https:\/\/i0.wp.com\/vincentians.com\/fr\/wp-content\/uploads\/sites\/10\/2016\/07\/histoire-generale-de-la-congregation-de-la-mission.jpg?fit=1200%2C630&resize=1050%2C600 3x"},"classes":[]}],"_links":{"self":[{"href":"http:\/\/vincentians.com\/fr\/wp-json\/wp\/v2\/posts\/107946","targetHints":{"allow":["GET"]}}],"collection":[{"href":"http:\/\/vincentians.com\/fr\/wp-json\/wp\/v2\/posts"}],"about":[{"href":"http:\/\/vincentians.com\/fr\/wp-json\/wp\/v2\/types\/post"}],"author":[{"embeddable":true,"href":"http:\/\/vincentians.com\/fr\/wp-json\/wp\/v2\/users\/4"}],"replies":[{"embeddable":true,"href":"http:\/\/vincentians.com\/fr\/wp-json\/wp\/v2\/comments?post=107946"}],"version-history":[{"count":0,"href":"http:\/\/vincentians.com\/fr\/wp-json\/wp\/v2\/posts\/107946\/revisions"}],"wp:featuredmedia":[{"embeddable":true,"href":"http:\/\/vincentians.com\/fr\/wp-json\/wp\/v2\/media\/189808"}],"wp:attachment":[{"href":"http:\/\/vincentians.com\/fr\/wp-json\/wp\/v2\/media?parent=107946"}],"wp:term":[{"taxonomy":"category","embeddable":true,"href":"http:\/\/vincentians.com\/fr\/wp-json\/wp\/v2\/categories?post=107946"},{"taxonomy":"post_tag","embeddable":true,"href":"http:\/\/vincentians.com\/fr\/wp-json\/wp\/v2\/tags?post=107946"}],"curies":[{"name":"wp","href":"https:\/\/api.w.org\/{rel}","templated":true}]}}