{"id":107944,"date":"2014-01-24T19:18:22","date_gmt":"2014-01-24T18:18:22","guid":{"rendered":"http:\/\/vincentiens.org\/?p=107944"},"modified":"2014-01-24T19:18:22","modified_gmt":"2014-01-24T18:18:22","slug":"histoire-generale-de-la-congregation-de-la-mission-27","status":"publish","type":"post","link":"http:\/\/vincentians.com\/fr\/histoire-generale-de-la-congregation-de-la-mission-27\/","title":{"rendered":"Histoire g\u00e9n\u00e9rale de la Congr\u00e9gation de la Mission (27)"},"content":{"rendered":"<h2><b><b><b>XXVII. <b>Vexation des chevaliers de St.-Lazare, Bref du St. Si\u00e8ge<\/b><br \/>\n<\/b><\/b><\/b><\/h2>\n<p><a href=\"https:\/\/i0.wp.com\/vincentiens.org\/wp-content\/uploads\/2012\/12\/logocm.png\"><img data-recalc-dims=\"1\" loading=\"lazy\" decoding=\"async\" class=\"alignright size-medium wp-image-104093\" alt=\"logocm\" src=\"https:\/\/i0.wp.com\/vincentiens.org\/wp-content\/uploads\/2012\/12\/logocm-245x300.png?resize=245%2C300\" width=\"245\" height=\"300\" \/><\/a>On a pu remarquer, par tout ce qu\u2019on vient de dire, qu\u2019apr\u00e8s la retraite des d\u00e9put\u00e9s de l\u2019assembl\u00e9e, M. Jolly, nouveau g\u00e9n\u00e9ral, ne fut pas sans occupations, \u00e9tant charg\u00e9 de faire dresser tous ces m\u00e9moires, et de r\u00e9pondre \u00e0 ces doutes diff\u00e9rents. Il rencontra, presque aussit\u00f4t apr\u00e8s son \u00e9lection, une difficult\u00e9<b> <\/b>beaucoup plus \u00e9pineuse au sujet de Mrs. les Chevaliers de St.-Lazare, qui voulurent faire valoir des droits sur la maison et les biens de St.-Lazare. Ce qui alarma toute la Compagnie ; et il fallait un homme aussi habile et aussi prudent dans les affaires que l\u2019\u00e9tait M. Jolly, pour rendre inutiles, comme il fit, les pr\u00e9tentions et les poursuites de ces messieurs. Elles \u00e9taient des plus vives, du temps m\u00eame de l\u2019assembl\u00e9e, et M. Jolly disait aux d\u00e9put\u00e9s, par humilit\u00e9, que c\u2019\u00e9tait la le fruit de leur belle \u00e9lection. Il ne se d\u00e9couragea pourtant pas ; il prit soin de dresser un placet, qu\u2019il fit recommander par Mr. le premier pr\u00e9sident de Lamoignon, en pr\u00e9sence de Mr. de Harlay, son gendre, procureur g\u00e9n\u00e9ral et depuis premier pr\u00e9sident, de l\u2019abb\u00e9 Bonjamin, grand vicaire de<b> <\/b>l\u2019Archev\u00eaque de Paris, et de Mme de Miramion ; puis il le fit pr\u00e9senter au Roi, qui avait \u00e9t\u00e9 pr\u00e9venu en faveur de la Congr\u00e9gation par la Reine et par Mgr le duc d\u2019Orl\u00e9ans. S[on] Em[inen]ce Mgr le cardinal de Bouillon<span id='easy-footnote-1-107944' class='easy-footnote-margin-adjust'><\/span><span class='easy-footnote'><a href='http:\/\/vincentians.com\/fr\/histoire-generale-de-la-congregation-de-la-mission-27\/#easy-footnote-bottom-1-107944' title='Emmanuel-Th\u00e9odore de la Tour d\u2019Auvergne de Bouillon, peut \u00eatre homologue, archev\u00eaque de Vienne. Contr\u00f4ler les dates. . . . Henri de la t d\u2019A de B.'><sup>1<\/sup><\/a><\/span>, grand aum\u00f4nier de France, et pour lors en faveur, se joignit \u00e0 eux ; \u00e9tant \u00e0 genou pr\u00e8s du prie-Dieu du Roi, selon l\u2019usage et le droit de sa charge quand il entendait la messe, il pr\u00e9senta ce placet, en lui disant tr\u00e8s obligeamment que S[a] M[ajest\u00e9] ferait une chose aussi agr\u00e9able \u00e0 Dieu de lire pour lors ce papier que de r\u00e9citer son chapelet ou prier dans ses heures. Le Roi dit qu\u2019il avait \u00e9t\u00e9 tr\u00e8s \u00e9difi\u00e9 de l\u2019humilit\u00e9 et de la modestie de M. Jolly, et il con\u00e7ut des lors une haute estime de sa sagesse et de sa conduite.<\/p>\n<p>Il<span id='easy-footnote-2-107944' class='easy-footnote-margin-adjust'><\/span><span class='easy-footnote'><a href='http:\/\/vincentians.com\/fr\/histoire-generale-de-la-congregation-de-la-mission-27\/#easy-footnote-bottom-2-107944' title='Mr. Jolly.'><sup>2<\/sup><\/a><\/span> informa lui-m\u00eame toutes les maisons de la Compagnie de cette affaire,<b> <\/b>par une lettre du 9 mars 1673, o\u00f9 il dit, au sujet des pr\u00e9tentions des Chevaliers de St.-Lazare : Ils nous ont inqui\u00e9t\u00e9s par trois diff\u00e9rentes fois pour une petite ferme qui appartient \u00e0 cette maison, voulant d\u2019abord commencer par peu de chose, pour avoir ensuite, peut-\u00eatre, le reste s\u2019ils pouvaient. Mais le Roi a eu la bont\u00e9 de faire cesser ces poursuites ; il l\u2019a fait encore plus express\u00e9ment il y a un mois, d\u00e9fendant de nous inqui\u00e9ter ; ce qui ne nous met pas tout \u00e0 fait en assurance, parce que nous n\u2019avons point d\u2019arr\u00eat de d\u00e9charge, et les choses ne sont pas dans un \u00e9tat o\u00f9 l\u2019on puisse l\u2019esp\u00e9rer sit\u00f4t. Toutefois, nous avons sujet d\u2019attendre la continuation de la protection du Roi. S[a] M[ajest\u00e9] ayant demand\u00e9 au Pape la confirmation de son \u00e9dit, c\u2019\u00e9tait en faveur de ces Messieurs les Chevaliers,<b> <\/b>pour la r\u00e9union de leurs biens ali\u00e9n\u00e9s, et l\u2019opinion \u00e9tant qu\u2019il se fera quelques exceptions dans la Bulle, nous esp\u00e9rons de nous y trouver compris. Cela est effectivement arriv\u00e9, et on jouit maintenant en paix des biens et de la maison de St.-Lazare. Nous parlons, ajoute Mr. Jolly, de cette affaire aux externes seulement dans la n\u00e9cessit\u00e9, et fort sobrement. C\u2019est que les parties \u00e9taient soutenues, et qu\u2019ainsi il \u00e9tait n\u00e9cessaire de prendre bien des mesures. Ils inqui\u00e9t\u00e8rent aussi la maison de Toul, d\u2019o\u00f9 M. Jolly fit venir \u00e0 Paris M. de Monchy<span id='easy-footnote-3-107944' class='easy-footnote-margin-adjust'><\/span><span class='easy-footnote'><a href='http:\/\/vincentians.com\/fr\/histoire-generale-de-la-congregation-de-la-mission-27\/#easy-footnote-bottom-3-107944' title='Jean-Louis-Joseph Demonchy, 1716-1778.'><sup>3<\/sup><\/a><\/span>, qui en \u00e9tait sup\u00e9rieur ; mais en mettant M. Luchet<span id='easy-footnote-4-107944' class='easy-footnote-margin-adjust'><\/span><span class='easy-footnote'><a href='http:\/\/vincentians.com\/fr\/histoire-generale-de-la-congregation-de-la-mission-27\/#easy-footnote-bottom-4-107944' title='Claude de Luchet, 1633-1688.'><sup>4<\/sup><\/a><\/span> \u00e0 sa place pour suivre l\u2019usage de la Compagnie et la r\u00e9solution prise dans l\u2019assembl\u00e9e g\u00e9n\u00e9rale, de changer plus souvent les sup\u00e9rieurs, dit M. Jolly, dans une autre lettre du 23 9bre 1674.<b> <\/b><\/p>\n<p>Les Missionnaires avaient depuis longtemps, par le Bref du pape Alexandre VII, le pouvoir d\u2019absoudre en mission des cas r\u00e9serv\u00e9s aux Papes. Remarquant en avoir encore besoin dans les autres occasions o\u00f9 ils avaient des confessions \u00e0 entendre ; c\u2019est pourquoi on fit solliciter cette gr\u00e2ce aupr\u00e8s du St.-Si\u00e8ge. Le pape Clement X l\u2019accorda en ajoutant quelques autres, par un nouveau Bref que M. Jolly envoya aux maisons avec une lettre. Le Bref est dat\u00e9 de Rome du 26 9bre 1674. Et il y est dit que, voulant faire des faveurs sp\u00e9ciales au g\u00e9n\u00e9ral et aux pr\u00eatres de la Congr\u00e9gation de la Mission, en vue des fruits que procurent leurs fonctions, selon la coutume du St.-Si\u00e8ge de favoriser de tels Instituts, il accorde auxdits pr\u00eatres d\u00e9j\u00e0 approuv\u00e9s par l\u2019Ordinaire, la facult\u00e9 d\u2019entendre les confessions des fid\u00e8les, m\u00eame des malades, et de les absoudre de tous cas r\u00e9serv\u00e9s<b> <\/b>au Si\u00e8ge apostolique, \u00e0 l\u2019exception de tous ceux qui sont \u00e9nonc\u00e9s dans la Bulle <i>In cena Domini<\/i> ; de m\u00eame de toutes censures eccl\u00e9siastiques, sans restreindre cela aux missions ; de commuer toutes sortes de v\u0153ux, except\u00e9 les cinq commun\u00e9ment r\u00e9serv\u00e9s ; de dire la messe une demi-heure avant l\u2019aurore et demi-heure apr\u00e8s midi. Voil\u00e0, dit M. Jolly, dans sa lettre, un nouveau moyen de servir les \u00e2mes et une nouvelle obligation de prier Dieu pour la conservation de N[otre]. S[aint]. P[\u00e8re]. le Pape. On se servira de ce Bref dans l\u2019occasion mais il n\u2019est ni \u00e0 propos de publier ceci au dehors, ni n\u00e9cessaire de demander le visa aux ordinaires des lieux. C\u2019est que les \u00e9v\u00eaques trouvent souvent \u00e0 redire quand les communaut\u00e9s s\u2019adressent au St. Si\u00e8ge pour avoir des privil\u00e8ges.<\/p>\n","protected":false},"excerpt":{"rendered":"<p>XXVII. Vexation des chevaliers de St.-Lazare, Bref du St. Si\u00e8ge On a pu remarquer, par tout ce qu\u2019on vient de dire, qu\u2019apr\u00e8s la retraite des d\u00e9put\u00e9s de l\u2019assembl\u00e9e, M. Jolly, nouveau g\u00e9n\u00e9ral, ne fut pas &#8230; <a href=\"http:\/\/vincentians.com\/fr\/histoire-generale-de-la-congregation-de-la-mission-27\/\" class=\"more-link\">Read More<\/a><\/p>\n","protected":false},"author":4,"featured_media":189808,"comment_status":"open","ping_status":"open","sticky":false,"template":"","format":"standard","meta":{"jetpack_post_was_ever_published":false,"_jetpack_newsletter_access":"","_jetpack_dont_email_post_to_subs":false,"_jetpack_newsletter_tier_id":0,"_jetpack_memberships_contains_paywalled_content":false,"_jetpack_memberships_contains_paid_content":false,"footnotes":"","jetpack_publicize_message":"","jetpack_publicize_feature_enabled":true,"jetpack_social_post_already_shared":true,"jetpack_social_options":{"image_generator_settings":{"template":"highway","default_image_id":0,"font":"","enabled":false},"version":2}},"categories":[134],"tags":[],"class_list":["post-107944","post","type-post","status-publish","format-standard","has-post-thumbnail","hentry","category-histoire-de-la-congregation-de-la-mission"],"yoast_head":"<!-- This site is optimized with the Yoast SEO plugin v26.3 - https:\/\/yoast.com\/wordpress\/plugins\/seo\/ -->\n<title>Histoire g\u00e9n\u00e9rale de la Congr\u00e9gation de la Mission (27) - Nous Sommes Vincentiens<\/title>\n<meta name=\"robots\" content=\"index, follow, max-snippet:-1, max-image-preview:large, max-video-preview:-1\" \/>\n<link rel=\"canonical\" href=\"http:\/\/vincentians.com\/fr\/histoire-generale-de-la-congregation-de-la-mission-27\/\" \/>\n<meta property=\"og:locale\" content=\"fr_FR\" \/>\n<meta property=\"og:type\" content=\"article\" \/>\n<meta property=\"og:title\" content=\"Histoire g\u00e9n\u00e9rale de la Congr\u00e9gation de la Mission (27) - Nous Sommes Vincentiens\" \/>\n<meta property=\"og:description\" content=\"XXVII. Vexation des chevaliers de St.-Lazare, Bref du St. Si\u00e8ge On a pu remarquer, par tout ce qu\u2019on vient de dire, qu\u2019apr\u00e8s la retraite des d\u00e9put\u00e9s de l\u2019assembl\u00e9e, M. Jolly, nouveau g\u00e9n\u00e9ral, ne fut pas ... Read More\" \/>\n<meta property=\"og:url\" content=\"http:\/\/vincentians.com\/fr\/histoire-generale-de-la-congregation-de-la-mission-27\/\" \/>\n<meta property=\"og:site_name\" content=\"Nous Sommes Vincentiens\" \/>\n<meta property=\"article:publisher\" content=\"https:\/\/www.facebook.com\/WeAreVincentians\/\" \/>\n<meta property=\"article:author\" content=\"https:\/\/www.facebook.com\/JavierChento\" \/>\n<meta property=\"article:published_time\" content=\"2014-01-24T18:18:22+00:00\" \/>\n<meta property=\"og:image\" content=\"https:\/\/i0.wp.com\/vincentians.com\/fr\/wp-content\/uploads\/sites\/10\/2016\/07\/histoire-generale-de-la-congregation-de-la-mission.jpg?fit=1200%2C630\" \/>\n\t<meta property=\"og:image:width\" content=\"1200\" \/>\n\t<meta property=\"og:image:height\" content=\"630\" \/>\n\t<meta property=\"og:image:type\" content=\"image\/jpeg\" \/>\n<meta name=\"author\" content=\"Francisco Javier Fern\u00e1ndez Chento\" \/>\n<meta name=\"twitter:card\" content=\"summary_large_image\" \/>\n<meta name=\"twitter:creator\" content=\"@https:\/\/twitter.com\/javierchento\" \/>\n<meta name=\"twitter:site\" content=\"@WeVincentians\" \/>\n<meta name=\"twitter:label1\" content=\"\u00c9crit par\" \/>\n\t<meta name=\"twitter:data1\" content=\"Francisco Javier Fern\u00e1ndez Chento\" \/>\n\t<meta name=\"twitter:label2\" content=\"Dur\u00e9e de lecture estim\u00e9e\" \/>\n\t<meta name=\"twitter:data2\" content=\"5 minutes\" \/>\n<script type=\"application\/ld+json\" class=\"yoast-schema-graph\">{\"@context\":\"https:\/\/schema.org\",\"@graph\":[{\"@type\":\"WebPage\",\"@id\":\"http:\/\/vincentians.com\/fr\/histoire-generale-de-la-congregation-de-la-mission-27\/\",\"url\":\"http:\/\/vincentians.com\/fr\/histoire-generale-de-la-congregation-de-la-mission-27\/\",\"name\":\"Histoire g\u00e9n\u00e9rale de la Congr\u00e9gation de la Mission (27) - Nous Sommes Vincentiens\",\"isPartOf\":{\"@id\":\"https:\/\/vincentians.com\/fr\/#website\"},\"primaryImageOfPage\":{\"@id\":\"http:\/\/vincentians.com\/fr\/histoire-generale-de-la-congregation-de-la-mission-27\/#primaryimage\"},\"image\":{\"@id\":\"http:\/\/vincentians.com\/fr\/histoire-generale-de-la-congregation-de-la-mission-27\/#primaryimage\"},\"thumbnailUrl\":\"https:\/\/i0.wp.com\/vincentians.com\/fr\/wp-content\/uploads\/sites\/10\/2016\/07\/histoire-generale-de-la-congregation-de-la-mission.jpg?fit=1200%2C630\",\"datePublished\":\"2014-01-24T18:18:22+00:00\",\"author\":{\"@id\":\"https:\/\/vincentians.com\/fr\/#\/schema\/person\/9623ef4d9aa3b2dfb8c061f1499288f2\"},\"breadcrumb\":{\"@id\":\"http:\/\/vincentians.com\/fr\/histoire-generale-de-la-congregation-de-la-mission-27\/#breadcrumb\"},\"inLanguage\":\"fr-FR\",\"potentialAction\":[{\"@type\":\"ReadAction\",\"target\":[\"http:\/\/vincentians.com\/fr\/histoire-generale-de-la-congregation-de-la-mission-27\/\"]}]},{\"@type\":\"ImageObject\",\"inLanguage\":\"fr-FR\",\"@id\":\"http:\/\/vincentians.com\/fr\/histoire-generale-de-la-congregation-de-la-mission-27\/#primaryimage\",\"url\":\"https:\/\/i0.wp.com\/vincentians.com\/fr\/wp-content\/uploads\/sites\/10\/2016\/07\/histoire-generale-de-la-congregation-de-la-mission.jpg?fit=1200%2C630\",\"contentUrl\":\"https:\/\/i0.wp.com\/vincentians.com\/fr\/wp-content\/uploads\/sites\/10\/2016\/07\/histoire-generale-de-la-congregation-de-la-mission.jpg?fit=1200%2C630\",\"width\":1200,\"height\":630},{\"@type\":\"BreadcrumbList\",\"@id\":\"http:\/\/vincentians.com\/fr\/histoire-generale-de-la-congregation-de-la-mission-27\/#breadcrumb\",\"itemListElement\":[{\"@type\":\"ListItem\",\"position\":1,\"name\":\"Portada\",\"item\":\"https:\/\/vincentians.com\/fr\/\"},{\"@type\":\"ListItem\",\"position\":2,\"name\":\"Histoire g\u00e9n\u00e9rale de la Congr\u00e9gation de la Mission (27)\"}]},{\"@type\":\"WebSite\",\"@id\":\"https:\/\/vincentians.com\/fr\/#website\",\"url\":\"https:\/\/vincentians.com\/fr\/\",\"name\":\"Nous Sommes Vincentiens\",\"description\":\"Know more to serve more\",\"potentialAction\":[{\"@type\":\"SearchAction\",\"target\":{\"@type\":\"EntryPoint\",\"urlTemplate\":\"https:\/\/vincentians.com\/fr\/?s={search_term_string}\"},\"query-input\":{\"@type\":\"PropertyValueSpecification\",\"valueRequired\":true,\"valueName\":\"search_term_string\"}}],\"inLanguage\":\"fr-FR\"},{\"@type\":\"Person\",\"@id\":\"https:\/\/vincentians.com\/fr\/#\/schema\/person\/9623ef4d9aa3b2dfb8c061f1499288f2\",\"name\":\"Francisco Javier Fern\u00e1ndez Chento\",\"image\":{\"@type\":\"ImageObject\",\"inLanguage\":\"fr-FR\",\"@id\":\"https:\/\/vincentians.com\/fr\/#\/schema\/person\/image\/\",\"url\":\"https:\/\/secure.gravatar.com\/avatar\/497d5cde87b4c3d097d0315953521681ba2cd523ee66e5077c3711f7021e65de?s=96&d=mm&r=g\",\"contentUrl\":\"https:\/\/secure.gravatar.com\/avatar\/497d5cde87b4c3d097d0315953521681ba2cd523ee66e5077c3711f7021e65de?s=96&d=mm&r=g\",\"caption\":\"Francisco Javier Fern\u00e1ndez Chento\"},\"description\":\"Director General y cofundador de La Red de Formaci\u00f3n Vicenciana. Javier es laico vicenciano, afiliado a la Congregaci\u00f3n de la Misi\u00f3n y miembro del Equipo de Misiones Populares de la provincia can\u00f3nica de Zaragoza (Espa\u00f1a) de la Congregaci\u00f3n de la Misi\u00f3n. Graduado en la Universidad Oberta de Catalunya con cuatro grados (Asistente de direcci\u00f3n, Gesti\u00f3n Administrativa, Recursos Humanos y Contabilidad Avanzada). Bil\u00edng\u00fce Espa\u00f1ol\/Ingl\u00e9s. gestiona y mantiene varias p\u00e1ginas web cristianas y vicencianas, incluida including La Red de Formaci\u00f3n Vicenciana, de la que es cofundador. Actualmente es responsable del \u00e1rea de Espa\u00f1ol de .famvin, la Red de Noticias de la Familia Vicenciana. Tambi\u00e9n es m\u00fasico cat\u00f3lico y ha editado varios discos. Es Director General y cofundador de Trovador, una reconocida compa\u00f1\u00eda discogr\u00e1fica critiana de Espa\u00f1a. Trabaja en las Tecnolog\u00edas de la Informaci\u00f3n, ofreciendo servicios de alojamiento, dise\u00f1o y mantenimiento Web, as\u00ed como asesoramiento, formaci\u00f3n y soluciones inform\u00e1ticas, gesti\u00f3n documental y digitalizaci\u00f3n de textos, edici\u00f3n y maquetaci\u00f3n de libros, revistas, flyers, etc.\",\"sameAs\":[\"http:\/\/chento.org\",\"https:\/\/www.facebook.com\/JavierChento\",\"https:\/\/x.com\/https:\/\/twitter.com\/javierchento\"],\"url\":\"http:\/\/vincentians.com\/fr\/author\/chento\/\"}]}<\/script>\n<!-- \/ Yoast SEO plugin. -->","yoast_head_json":{"title":"Histoire g\u00e9n\u00e9rale de la Congr\u00e9gation de la Mission (27) - Nous Sommes Vincentiens","robots":{"index":"index","follow":"follow","max-snippet":"max-snippet:-1","max-image-preview":"max-image-preview:large","max-video-preview":"max-video-preview:-1"},"canonical":"http:\/\/vincentians.com\/fr\/histoire-generale-de-la-congregation-de-la-mission-27\/","og_locale":"fr_FR","og_type":"article","og_title":"Histoire g\u00e9n\u00e9rale de la Congr\u00e9gation de la Mission (27) - Nous Sommes Vincentiens","og_description":"XXVII. Vexation des chevaliers de St.-Lazare, Bref du St. Si\u00e8ge On a pu remarquer, par tout ce qu\u2019on vient de dire, qu\u2019apr\u00e8s la retraite des d\u00e9put\u00e9s de l\u2019assembl\u00e9e, M. Jolly, nouveau g\u00e9n\u00e9ral, ne fut pas ... Read More","og_url":"http:\/\/vincentians.com\/fr\/histoire-generale-de-la-congregation-de-la-mission-27\/","og_site_name":"Nous Sommes Vincentiens","article_publisher":"https:\/\/www.facebook.com\/WeAreVincentians\/","article_author":"https:\/\/www.facebook.com\/JavierChento","article_published_time":"2014-01-24T18:18:22+00:00","og_image":[{"width":1200,"height":630,"url":"https:\/\/i0.wp.com\/vincentians.com\/fr\/wp-content\/uploads\/sites\/10\/2016\/07\/histoire-generale-de-la-congregation-de-la-mission.jpg?fit=1200%2C630","type":"image\/jpeg"}],"author":"Francisco Javier Fern\u00e1ndez Chento","twitter_card":"summary_large_image","twitter_creator":"@https:\/\/twitter.com\/javierchento","twitter_site":"@WeVincentians","twitter_misc":{"\u00c9crit par":"Francisco Javier Fern\u00e1ndez Chento","Dur\u00e9e de lecture estim\u00e9e":"5 minutes"},"schema":{"@context":"https:\/\/schema.org","@graph":[{"@type":"WebPage","@id":"http:\/\/vincentians.com\/fr\/histoire-generale-de-la-congregation-de-la-mission-27\/","url":"http:\/\/vincentians.com\/fr\/histoire-generale-de-la-congregation-de-la-mission-27\/","name":"Histoire g\u00e9n\u00e9rale de la Congr\u00e9gation de la Mission (27) - Nous Sommes Vincentiens","isPartOf":{"@id":"https:\/\/vincentians.com\/fr\/#website"},"primaryImageOfPage":{"@id":"http:\/\/vincentians.com\/fr\/histoire-generale-de-la-congregation-de-la-mission-27\/#primaryimage"},"image":{"@id":"http:\/\/vincentians.com\/fr\/histoire-generale-de-la-congregation-de-la-mission-27\/#primaryimage"},"thumbnailUrl":"https:\/\/i0.wp.com\/vincentians.com\/fr\/wp-content\/uploads\/sites\/10\/2016\/07\/histoire-generale-de-la-congregation-de-la-mission.jpg?fit=1200%2C630","datePublished":"2014-01-24T18:18:22+00:00","author":{"@id":"https:\/\/vincentians.com\/fr\/#\/schema\/person\/9623ef4d9aa3b2dfb8c061f1499288f2"},"breadcrumb":{"@id":"http:\/\/vincentians.com\/fr\/histoire-generale-de-la-congregation-de-la-mission-27\/#breadcrumb"},"inLanguage":"fr-FR","potentialAction":[{"@type":"ReadAction","target":["http:\/\/vincentians.com\/fr\/histoire-generale-de-la-congregation-de-la-mission-27\/"]}]},{"@type":"ImageObject","inLanguage":"fr-FR","@id":"http:\/\/vincentians.com\/fr\/histoire-generale-de-la-congregation-de-la-mission-27\/#primaryimage","url":"https:\/\/i0.wp.com\/vincentians.com\/fr\/wp-content\/uploads\/sites\/10\/2016\/07\/histoire-generale-de-la-congregation-de-la-mission.jpg?fit=1200%2C630","contentUrl":"https:\/\/i0.wp.com\/vincentians.com\/fr\/wp-content\/uploads\/sites\/10\/2016\/07\/histoire-generale-de-la-congregation-de-la-mission.jpg?fit=1200%2C630","width":1200,"height":630},{"@type":"BreadcrumbList","@id":"http:\/\/vincentians.com\/fr\/histoire-generale-de-la-congregation-de-la-mission-27\/#breadcrumb","itemListElement":[{"@type":"ListItem","position":1,"name":"Portada","item":"https:\/\/vincentians.com\/fr\/"},{"@type":"ListItem","position":2,"name":"Histoire g\u00e9n\u00e9rale de la Congr\u00e9gation de la Mission (27)"}]},{"@type":"WebSite","@id":"https:\/\/vincentians.com\/fr\/#website","url":"https:\/\/vincentians.com\/fr\/","name":"Nous Sommes Vincentiens","description":"Know more to serve more","potentialAction":[{"@type":"SearchAction","target":{"@type":"EntryPoint","urlTemplate":"https:\/\/vincentians.com\/fr\/?s={search_term_string}"},"query-input":{"@type":"PropertyValueSpecification","valueRequired":true,"valueName":"search_term_string"}}],"inLanguage":"fr-FR"},{"@type":"Person","@id":"https:\/\/vincentians.com\/fr\/#\/schema\/person\/9623ef4d9aa3b2dfb8c061f1499288f2","name":"Francisco Javier Fern\u00e1ndez Chento","image":{"@type":"ImageObject","inLanguage":"fr-FR","@id":"https:\/\/vincentians.com\/fr\/#\/schema\/person\/image\/","url":"https:\/\/secure.gravatar.com\/avatar\/497d5cde87b4c3d097d0315953521681ba2cd523ee66e5077c3711f7021e65de?s=96&d=mm&r=g","contentUrl":"https:\/\/secure.gravatar.com\/avatar\/497d5cde87b4c3d097d0315953521681ba2cd523ee66e5077c3711f7021e65de?s=96&d=mm&r=g","caption":"Francisco Javier Fern\u00e1ndez Chento"},"description":"Director General y cofundador de La Red de Formaci\u00f3n Vicenciana. Javier es laico vicenciano, afiliado a la Congregaci\u00f3n de la Misi\u00f3n y miembro del Equipo de Misiones Populares de la provincia can\u00f3nica de Zaragoza (Espa\u00f1a) de la Congregaci\u00f3n de la Misi\u00f3n. Graduado en la Universidad Oberta de Catalunya con cuatro grados (Asistente de direcci\u00f3n, Gesti\u00f3n Administrativa, Recursos Humanos y Contabilidad Avanzada). Bil\u00edng\u00fce Espa\u00f1ol\/Ingl\u00e9s. gestiona y mantiene varias p\u00e1ginas web cristianas y vicencianas, incluida including La Red de Formaci\u00f3n Vicenciana, de la que es cofundador. Actualmente es responsable del \u00e1rea de Espa\u00f1ol de .famvin, la Red de Noticias de la Familia Vicenciana. Tambi\u00e9n es m\u00fasico cat\u00f3lico y ha editado varios discos. Es Director General y cofundador de Trovador, una reconocida compa\u00f1\u00eda discogr\u00e1fica critiana de Espa\u00f1a. Trabaja en las Tecnolog\u00edas de la Informaci\u00f3n, ofreciendo servicios de alojamiento, dise\u00f1o y mantenimiento Web, as\u00ed como asesoramiento, formaci\u00f3n y soluciones inform\u00e1ticas, gesti\u00f3n documental y digitalizaci\u00f3n de textos, edici\u00f3n y maquetaci\u00f3n de libros, revistas, flyers, etc.","sameAs":["http:\/\/chento.org","https:\/\/www.facebook.com\/JavierChento","https:\/\/x.com\/https:\/\/twitter.com\/javierchento"],"url":"http:\/\/vincentians.com\/fr\/author\/chento\/"}]}},"jetpack_publicize_connections":[],"jetpack_featured_media_url":"https:\/\/i0.wp.com\/vincentians.com\/fr\/wp-content\/uploads\/sites\/10\/2016\/07\/histoire-generale-de-la-congregation-de-la-mission.jpg?fit=1200%2C630","jetpack_sharing_enabled":true,"jetpack_shortlink":"https:\/\/wp.me\/p7ETMP-s52","jetpack-related-posts":[{"id":57593,"url":"http:\/\/vincentians.com\/fr\/lexpansion-de-la-congregation-de-la-mission-pendant-la-vie-de-st-vincent\/","url_meta":{"origin":107944,"position":0},"title":"L&rsquo;expansion de la Congregation de la Mission pendant la vie de St. Vincent","author":"Francisco Javier Fern\u00e1ndez Chento","date":"20\/05\/2015","format":false,"excerpt":"Pierre Collet (\"La Vie de St. Vincent de Paul\", Nancy 1748, II, 325) a constat\u00e9 que les biographies des grands fondateurs d'ordres sont concentr\u00e9es sur la personne elle-m\u00eame du fondateur. On n'y trouve pas le r\u00e9cit des travaux de leurs premiers disciples.En suivant cet exemple Collet voulut supprimer dans sa\u2026","rel":"","context":"Dans &quot;Au temps de Vincent de Paul&quot;","block_context":{"text":"Au temps de Vincent de Paul","link":"http:\/\/vincentians.com\/fr\/category\/au-temps-de-vincent-de-paul\/"},"img":{"alt_text":"","src":"https:\/\/i0.wp.com\/vincentians.com\/fr\/wp-content\/uploads\/sites\/10\/2015\/05\/congregation-de-la-mission-lazaristes.jpg?fit=1200%2C630&resize=350%2C200","width":350,"height":200,"srcset":"https:\/\/i0.wp.com\/vincentians.com\/fr\/wp-content\/uploads\/sites\/10\/2015\/05\/congregation-de-la-mission-lazaristes.jpg?fit=1200%2C630&resize=350%2C200 1x, https:\/\/i0.wp.com\/vincentians.com\/fr\/wp-content\/uploads\/sites\/10\/2015\/05\/congregation-de-la-mission-lazaristes.jpg?fit=1200%2C630&resize=525%2C300 1.5x, https:\/\/i0.wp.com\/vincentians.com\/fr\/wp-content\/uploads\/sites\/10\/2015\/05\/congregation-de-la-mission-lazaristes.jpg?fit=1200%2C630&resize=700%2C400 2x, https:\/\/i0.wp.com\/vincentians.com\/fr\/wp-content\/uploads\/sites\/10\/2015\/05\/congregation-de-la-mission-lazaristes.jpg?fit=1200%2C630&resize=1050%2C600 3x"},"classes":[]},{"id":108221,"url":"http:\/\/vincentians.com\/fr\/histoire-generale-de-la-congregation-de-la-mission-48\/","url_meta":{"origin":107944,"position":1},"title":"Histoire g\u00e9n\u00e9rale de la Congr\u00e9gation de la Mission (48)","author":"Francisco Javier Fern\u00e1ndez Chento","date":"14\/02\/2014","format":false,"excerpt":"XLVIII. Caducit\u00e9 de M. Jolly. Sa mort La sant\u00e9 de M. Jolly \u00e9tait devenue fort chancelante ; il ne pouvait plus \u00e0 raison de l\u2019incommodit\u00e9 de ses jambes et encore plus \u00e0 cause de son grand \u00e2ge et de sa caducit\u00e9, sortir en ville, pour assister aux conf\u00e9rences des eccl\u00e9siastiques\u2026","rel":"","context":"Dans &quot;Histoire de la Congr\u00e9gation de la Mission&quot;","block_context":{"text":"Histoire de la Congr\u00e9gation de la Mission","link":"http:\/\/vincentians.com\/fr\/category\/histoire-de-la-congregation-de-la-mission\/"},"img":{"alt_text":"","src":"https:\/\/i0.wp.com\/vincentians.com\/fr\/wp-content\/uploads\/sites\/10\/2016\/07\/histoire-generale-de-la-congregation-de-la-mission.jpg?fit=1200%2C630&resize=350%2C200","width":350,"height":200,"srcset":"https:\/\/i0.wp.com\/vincentians.com\/fr\/wp-content\/uploads\/sites\/10\/2016\/07\/histoire-generale-de-la-congregation-de-la-mission.jpg?fit=1200%2C630&resize=350%2C200 1x, https:\/\/i0.wp.com\/vincentians.com\/fr\/wp-content\/uploads\/sites\/10\/2016\/07\/histoire-generale-de-la-congregation-de-la-mission.jpg?fit=1200%2C630&resize=525%2C300 1.5x, https:\/\/i0.wp.com\/vincentians.com\/fr\/wp-content\/uploads\/sites\/10\/2016\/07\/histoire-generale-de-la-congregation-de-la-mission.jpg?fit=1200%2C630&resize=700%2C400 2x, https:\/\/i0.wp.com\/vincentians.com\/fr\/wp-content\/uploads\/sites\/10\/2016\/07\/histoire-generale-de-la-congregation-de-la-mission.jpg?fit=1200%2C630&resize=1050%2C600 3x"},"classes":[]},{"id":107866,"url":"http:\/\/vincentians.com\/fr\/histoire-generale-de-la-congregation-de-la-mission-20\/","url_meta":{"origin":107944,"position":2},"title":"Histoire g\u00e9n\u00e9rale de la Congr\u00e9gation de la Mission (20)","author":"Francisco Javier Fern\u00e1ndez Chento","date":"17\/01\/2014","format":false,"excerpt":"XX. Mort de M. Alm\u00e9ras M. Jolly son successeur Dieu retira du monde M. Alm\u00e9ras apr\u00e8s avoir \u00e9prouv\u00e9 sa patience par un long \u00e9puisement, accompagn\u00e9 d\u2019hydropisie. Son d\u00e9c\u00e8s arriva le deuxi\u00e8me septembre, f\u00eate de St.-Lazare, 1672. Il fut enterr\u00e9 \u00e0 c\u00f4t\u00e9 droit de M. Vincent \u00e0 milieu du ch\u0153ur, et\u2026","rel":"","context":"Dans &quot;Histoire de la Congr\u00e9gation de la Mission&quot;","block_context":{"text":"Histoire de la Congr\u00e9gation de la Mission","link":"http:\/\/vincentians.com\/fr\/category\/histoire-de-la-congregation-de-la-mission\/"},"img":{"alt_text":"","src":"https:\/\/i0.wp.com\/vincentians.com\/fr\/wp-content\/uploads\/sites\/10\/2016\/07\/histoire-generale-de-la-congregation-de-la-mission.jpg?fit=1200%2C630&resize=350%2C200","width":350,"height":200,"srcset":"https:\/\/i0.wp.com\/vincentians.com\/fr\/wp-content\/uploads\/sites\/10\/2016\/07\/histoire-generale-de-la-congregation-de-la-mission.jpg?fit=1200%2C630&resize=350%2C200 1x, https:\/\/i0.wp.com\/vincentians.com\/fr\/wp-content\/uploads\/sites\/10\/2016\/07\/histoire-generale-de-la-congregation-de-la-mission.jpg?fit=1200%2C630&resize=525%2C300 1.5x, https:\/\/i0.wp.com\/vincentians.com\/fr\/wp-content\/uploads\/sites\/10\/2016\/07\/histoire-generale-de-la-congregation-de-la-mission.jpg?fit=1200%2C630&resize=700%2C400 2x, https:\/\/i0.wp.com\/vincentians.com\/fr\/wp-content\/uploads\/sites\/10\/2016\/07\/histoire-generale-de-la-congregation-de-la-mission.jpg?fit=1200%2C630&resize=1050%2C600 3x"},"classes":[]},{"id":107949,"url":"http:\/\/vincentians.com\/fr\/histoire-generale-de-la-congregation-de-la-mission-31\/","url_meta":{"origin":107944,"position":3},"title":"Histoire g\u00e9n\u00e9rale de la Congr\u00e9gation de la Mission (31)","author":"Francisco Javier Fern\u00e1ndez Chento","date":"28\/01\/2014","format":false,"excerpt":"XXXI. Fermet\u00e9 de M. Jolly Il se trouve par le d\u00e9nombrement qu\u2019on vient de faire de tous ces \u00e9tablissements de la Congr\u00e9gation sous le g\u00e9n\u00e9ralat de M. Jolly, qu\u2019il en a accept\u00e9, au nombre de 38. C\u2019est \u00e0 dire une fois plus qu\u2019il n\u2019y en avait dans la Compagnie ces\u2026","rel":"","context":"Dans &quot;Histoire de la Congr\u00e9gation de la Mission&quot;","block_context":{"text":"Histoire de la Congr\u00e9gation de la Mission","link":"http:\/\/vincentians.com\/fr\/category\/histoire-de-la-congregation-de-la-mission\/"},"img":{"alt_text":"","src":"https:\/\/i0.wp.com\/vincentians.com\/fr\/wp-content\/uploads\/sites\/10\/2016\/07\/histoire-generale-de-la-congregation-de-la-mission.jpg?fit=1200%2C630&resize=350%2C200","width":350,"height":200,"srcset":"https:\/\/i0.wp.com\/vincentians.com\/fr\/wp-content\/uploads\/sites\/10\/2016\/07\/histoire-generale-de-la-congregation-de-la-mission.jpg?fit=1200%2C630&resize=350%2C200 1x, https:\/\/i0.wp.com\/vincentians.com\/fr\/wp-content\/uploads\/sites\/10\/2016\/07\/histoire-generale-de-la-congregation-de-la-mission.jpg?fit=1200%2C630&resize=525%2C300 1.5x, https:\/\/i0.wp.com\/vincentians.com\/fr\/wp-content\/uploads\/sites\/10\/2016\/07\/histoire-generale-de-la-congregation-de-la-mission.jpg?fit=1200%2C630&resize=700%2C400 2x, https:\/\/i0.wp.com\/vincentians.com\/fr\/wp-content\/uploads\/sites\/10\/2016\/07\/histoire-generale-de-la-congregation-de-la-mission.jpg?fit=1200%2C630&resize=1050%2C600 3x"},"classes":[]},{"id":89763,"url":"http:\/\/vincentians.com\/fr\/au-pays-de-m-pouget\/","url_meta":{"origin":107944,"position":4},"title":"Au Pays de M. Pouget","author":"Francisco Javier Fern\u00e1ndez Chento","date":"31\/12\/2012","format":false,"excerpt":"Avec quelques pr\u00eatres de Nimes, anciens du s\u00e9minaire de Viviers, nous nous \u00e9tions donn\u00e9 rendez-vous pour passer 3 jours ensemble au s\u00e9minaire de St. Flour. On arrive de Rodez ou d'Aurillac en ville haute sur une vaste esplanade ombrag\u00e9e. Un lacis de petites rues lui fait suite, qui d\u00e9bouche sur\u2026","rel":"","context":"Dans &quot;Histoire de la Congr\u00e9gation de la Mission&quot;","block_context":{"text":"Histoire de la Congr\u00e9gation de la Mission","link":"http:\/\/vincentians.com\/fr\/category\/histoire-de-la-congregation-de-la-mission\/"},"img":{"alt_text":"","src":"https:\/\/i0.wp.com\/vincentiens.org\/wp-content\/uploads\/2012\/12\/pouget.jpg?resize=350%2C200","width":350,"height":200},"classes":[]},{"id":107950,"url":"http:\/\/vincentians.com\/fr\/histoire-generale-de-la-congregation-de-la-mission-32\/","url_meta":{"origin":107944,"position":5},"title":"Histoire g\u00e9n\u00e9rale de la Congr\u00e9gation de la Mission (32)","author":"Francisco Javier Fern\u00e1ndez Chento","date":"29\/01\/2014","format":false,"excerpt":"XXXII. Conduite de M. Jolly Sa conduite a \u00e9t\u00e9 g\u00e9n\u00e9ralement estim\u00e9e dans tous les postes o\u00f9 il s\u2019est trouv\u00e9. Mgr le cardinal de Retz, \u00e9l\u00e8ve de M. Vincent, et si fameux par la figure qu\u2019il a faite sous le nom de coadjuteur de Paris, du temps de la minorit\u00e9 du\u2026","rel":"","context":"Dans &quot;Histoire de la Congr\u00e9gation de la Mission&quot;","block_context":{"text":"Histoire de la Congr\u00e9gation de la Mission","link":"http:\/\/vincentians.com\/fr\/category\/histoire-de-la-congregation-de-la-mission\/"},"img":{"alt_text":"","src":"https:\/\/i0.wp.com\/vincentians.com\/fr\/wp-content\/uploads\/sites\/10\/2016\/07\/histoire-generale-de-la-congregation-de-la-mission.jpg?fit=1200%2C630&resize=350%2C200","width":350,"height":200,"srcset":"https:\/\/i0.wp.com\/vincentians.com\/fr\/wp-content\/uploads\/sites\/10\/2016\/07\/histoire-generale-de-la-congregation-de-la-mission.jpg?fit=1200%2C630&resize=350%2C200 1x, https:\/\/i0.wp.com\/vincentians.com\/fr\/wp-content\/uploads\/sites\/10\/2016\/07\/histoire-generale-de-la-congregation-de-la-mission.jpg?fit=1200%2C630&resize=525%2C300 1.5x, https:\/\/i0.wp.com\/vincentians.com\/fr\/wp-content\/uploads\/sites\/10\/2016\/07\/histoire-generale-de-la-congregation-de-la-mission.jpg?fit=1200%2C630&resize=700%2C400 2x, https:\/\/i0.wp.com\/vincentians.com\/fr\/wp-content\/uploads\/sites\/10\/2016\/07\/histoire-generale-de-la-congregation-de-la-mission.jpg?fit=1200%2C630&resize=1050%2C600 3x"},"classes":[]}],"_links":{"self":[{"href":"http:\/\/vincentians.com\/fr\/wp-json\/wp\/v2\/posts\/107944","targetHints":{"allow":["GET"]}}],"collection":[{"href":"http:\/\/vincentians.com\/fr\/wp-json\/wp\/v2\/posts"}],"about":[{"href":"http:\/\/vincentians.com\/fr\/wp-json\/wp\/v2\/types\/post"}],"author":[{"embeddable":true,"href":"http:\/\/vincentians.com\/fr\/wp-json\/wp\/v2\/users\/4"}],"replies":[{"embeddable":true,"href":"http:\/\/vincentians.com\/fr\/wp-json\/wp\/v2\/comments?post=107944"}],"version-history":[{"count":0,"href":"http:\/\/vincentians.com\/fr\/wp-json\/wp\/v2\/posts\/107944\/revisions"}],"wp:featuredmedia":[{"embeddable":true,"href":"http:\/\/vincentians.com\/fr\/wp-json\/wp\/v2\/media\/189808"}],"wp:attachment":[{"href":"http:\/\/vincentians.com\/fr\/wp-json\/wp\/v2\/media?parent=107944"}],"wp:term":[{"taxonomy":"category","embeddable":true,"href":"http:\/\/vincentians.com\/fr\/wp-json\/wp\/v2\/categories?post=107944"},{"taxonomy":"post_tag","embeddable":true,"href":"http:\/\/vincentians.com\/fr\/wp-json\/wp\/v2\/tags?post=107944"}],"curies":[{"name":"wp","href":"https:\/\/api.w.org\/{rel}","templated":true}]}}