{"id":107864,"date":"2014-01-15T19:18:22","date_gmt":"2014-01-15T18:18:22","guid":{"rendered":"http:\/\/vincentiens.org\/?p=107864"},"modified":"2014-01-15T19:18:22","modified_gmt":"2014-01-15T18:18:22","slug":"histoire-generale-de-la-congregation-de-la-mission-18","status":"publish","type":"post","link":"http:\/\/vincentians.com\/fr\/histoire-generale-de-la-congregation-de-la-mission-18\/","title":{"rendered":"Histoire g\u00e9n\u00e9rale de la Congr\u00e9gation de la Mission (18)"},"content":{"rendered":"<h2><b><b><b>XVIII. Nouveaux soins de M. [A]lm\u00e9ras pour [les] c\u00e9r\u00e9monies [d]e l\u2019\u00c9glise<\/b><\/b><\/b><\/h2>\n<p><a href=\"https:\/\/i0.wp.com\/vincentiens.org\/wp-content\/uploads\/2012\/12\/logocm.png\"><img data-recalc-dims=\"1\" loading=\"lazy\" decoding=\"async\" class=\"alignright size-medium wp-image-104093\" alt=\"logocm\" src=\"https:\/\/i0.wp.com\/vincentiens.org\/wp-content\/uploads\/2012\/12\/logocm-245x300.png?resize=245%2C300\" width=\"245\" height=\"300\" \/><\/a>Le sup\u00e9rieur g\u00e9n\u00e9ral avait un tel z\u00e8le pour maintenir dans la Compagnie la r\u00e9gularit\u00e9 et l\u2019exactitude dans toutes les c\u00e9r\u00e9monies de l\u2019\u00c9glise, que non content d\u2019avoir fait imprimer un manuel il envoya encore ci-devant une lettre circulaire pour en recommander l\u2019observation. Il en \u00e9crivit une autre dat\u00e9 du 27 mars 1670 o\u00f9 il dit : le manuel des c\u00e9r\u00e9monies romaines ayant \u00e9t\u00e9 enti\u00e8rement d\u00e9bit\u00e9 en peu d\u2019ann\u00e9es, l\u2019imprimeur nous a depuis fort souvent sollicit\u00e9 de le r\u00e9imprimer, suivant le d\u00e9sir de plusieurs eccl\u00e9siastiques, ce que nous avons fait faire avec beaucoup de soin, quoique diverses occupations nous aient oblig\u00e9s d\u2019interrompre souvent ce travail et apr\u00e8s plusieurs conf\u00e9rences sur ce sujet, o\u00f9 on a m\u00fbrement pes\u00e9 tous les avis re\u00e7us des maisons de la Congr\u00e9gation, d\u2019autres personnes<b> <\/b>intelligents, et surtout les principaux c\u00e9r\u00e9moniaires de Rome et de Paris, on a enfin r\u00e9solu de l\u2019imprimer pour en faire une seconde \u00e9dition, de laquelle je vous envoie un exemplaire, on y trouve peu de changement de ce qui est dans le premier pour ce qui est de la substance des choses, et seulement en quelques endroits, o\u00f9 il a fallu le faire, tant pour se conformer aux r\u00e8gles du missel et du c\u00e9r\u00e9monial des \u00e9v\u00eaques et \u00e0 la pratique g\u00e9n\u00e9rale des principales \u00e9glises de Rome, que pour ne pas s\u2019opposer sans raison aux sentiments des bons auteurs, outre une plus grande exactitude qu\u2019on a apport\u00e9e en diff\u00e9rents points. Dans cette seconde \u00e9dition, on a encore perfectionn\u00e9 ce manuel en plusieurs autres fa\u00e7ons, 1\u00b0 on y a mis un ordre plus clair et plus net aux mati\u00e8res qu\u2019on a trait\u00e9es, 2\u00b0<b> <\/b>on a donn\u00e9 une explication plus exacte des moindres actions, et de plus petites c\u00e9r\u00e9monies, ainsi qu\u2019on peut ais\u00e9ment remarquer, 3\u00b0 on y ajoute plusieurs difficult\u00e9s avec leur r\u00e9solution et<span id='easy-footnote-1-107864' class='easy-footnote-margin-adjust'><\/span><span class='easy-footnote'><a href='http:\/\/vincentians.com\/fr\/histoire-generale-de-la-congregation-de-la-mission-18\/#easy-footnote-bottom-1-107864' title='Un second \u201c\u00a0leurs\u00a0\u201d semble rat\u00e9.'><sup>1<\/sup><\/a><\/span> quelque fonction consid\u00e9rable omise ou pass\u00e9e l\u00e9g\u00e8rement dans la premi\u00e8re \u00e9dition \u00e0 cause de la bri\u00e8vet\u00e9 qu\u2019on s\u2019y \u00e9tait propos\u00e9, on esp\u00e9rait, poursuit M. Alm\u00e9ras, de donner en m\u00eame temps un second tome, o\u00f9 les c\u00e9r\u00e9monies des ministres de l\u2019autel et du ch\u0153ur fussent s\u00e9par\u00e9ment expliqu\u00e9es, avec celles des solennit\u00e9s particuli\u00e8res qui arrivent dans le cours de l\u2019ann\u00e9e, pour avoir ainsi en deux petits volumes, un corps accompli des c\u00e9r\u00e9monies qu\u2019on exerce dans l\u2019\u00c9glise, mais diverses occupations ayant retard\u00e9 ce travail, nous avons cru devoir donner le premier tome, qui comprend tous les offices ordinaires, dont la connaissance est d\u2019autant plus n\u00e9cessaire que l\u2019usage<b> <\/b>en est plus fr\u00e9quent. Je prie un chacun de lire attentivement ce manuel et de l\u2019observer et garder ainsi comme membres du m\u00eame corps, une enti\u00e8re uniformit\u00e9 dans cet exercice important de la vertu de religion, et donner en cela, suivant le devoir de notre \u00e9tat, \u00e0 tous les autres pr\u00eatres, l\u2019exemple du z\u00e8le de l\u2019honneur de Dieu qu\u2019il attend de nous.<\/p>\n<p>Celui qui a donn\u00e9 au public l\u2019\u00e9tat de la ville de Paris et des fonctions auxquelles s\u2019appliquent les diverses communaut\u00e9s \u00e9tablies dans cette grande ville a cru peut-\u00eatre de dire quelque chose de m\u00e9prisant sur le compte de St.-Lazare, en marquant qu\u2019on y apprend aux jeunes clercs \u00e0 faire les c\u00e9r\u00e9monies de l\u2019\u00c9glise, il aurait pu all\u00e9guer d\u2019autres fonctions aussi importantes ; mais on a toujours mis celle-l\u00e0 au nombre des plus consid\u00e9rables et on ne n\u00e9glige rien dans cette<b> <\/b>nombreuse communaut\u00e9 pour r\u00e9gler les choses les plus l\u00e9g\u00e8res sur cette mati\u00e8re, les autres maisons de la Compagnie s\u2019y adressent pour \u00eatre \u00e9claircies de leurs doutes. On a \u00e9tabli pour principe qu\u2019il fallait garder en chaque maison de la Compagnie, quoique fond\u00e9es en divers dioc\u00e8ses, les c\u00e9r\u00e9monies romaines quant \u00e0 la substance et aux principales mani\u00e8res de les pratiquer, except\u00e9e seulement celles qui sont si universellement re\u00e7ues par la coutume des lieux, ou si absolument ordonn\u00e9es par les pr\u00e9lats, qu\u2019il y aurait quelque sorte de scandale ou murmures de ne pas s\u2019y conformer, ce qui doit \u00eatre d\u00e9cid\u00e9 par la prudence de ceux qui sont sur les lieux, apr\u00e8s avoir pris conseil des personnes intelligentes et propos\u00e9 la difficult\u00e9 aux visiteurs. Maxime qu\u2019on remarque est selon l\u2019intention de N[otre] S[aint] P[\u00e8re] le Pape, qui s\u2019expliquant sur son<b> <\/b>d\u00e9sir de faire recevoir son c\u00e9r\u00e9monial partout, toutefois ne d\u00e9sapprouve pas les c\u00e9r\u00e9monies re\u00e7ues, comme on voit par ces termes : <i>Pro more locorum secundum laudabilem consuetudinem,<\/i> &amp;c. Si les Missionnaires n\u2019en agissaient pas ainsi, ils para\u00eetraient singuliers ou pour le moins peu utiles au clerg\u00e9 en fait de c\u00e9r\u00e9monies.<\/p>\n<p>On fit une liste des endroits du c\u00e9r\u00e9monial des \u00e9v\u00eaques qu\u2019on avait r\u00e9solu de ne pas suivre dans la Congr\u00e9gation et qui ne cadraient pas effectivement avec des usages re\u00e7us par toute la France ; on y d\u00e9signe d\u2019abord trois ou quatre sortes de c\u00e9r\u00e9monies, les unes toutes propres aux \u00e9v\u00eaques ou autres pr\u00e9lats qualifi\u00e9s ; d\u2019autres encore propres, mais non pas si certainement annex\u00e9es aux offices pontificaux, comme d\u2019\u00eatre \u00e0 genoux quand l\u2019\u00e9v\u00eaque b\u00e9nit le diacre<b> <\/b>pour aller chanter l\u2019\u00e9vangile, de recevoir la paix en parlant des ministres sacr\u00e9s apr\u00e8s avoir communi\u00e9, apr\u00e8s quoi le diacre dit le <i>confiteor<\/i> pour ceux qui doivent communier, et tienne durant la communion le St. Ciboire, autres encore propres aux chanoines comme s\u2019incliner seulement \u00e0 l\u2019\u00e9v\u00eaque, et \u00e0 la croix de l\u2019autel avant les offices, de ne pas baiser la main de l\u2019officiant, de porter le si\u00e8ge de l\u2019officiant tant\u00f4t d\u2019un c\u00f4t\u00e9 du ch\u0153ur, tant\u00f4t de l\u2019autre, en fin d\u2019autres communes \u00e0 tous ceux qui font les offices selon le Romain, et de celles-ci on en laisse quelques-unes parce que l\u2019usage y est contraire en France, ou dans les dioc\u00e8ses<b> <\/b>o\u00f9 l\u2019on se trouve.<\/p>\n<p>Telles sont ce que marque le c\u00e9r\u00e9monial des \u00e9v\u00eaques que les plus dignes entrent les premiers au ch\u0153ur quand l\u2019office n\u2019est pas solennel, qu\u2019un pr\u00eatre entrant quand l\u2019office commence tous except\u00e9s<b> <\/b>le c\u00e9l\u00e9brant, le sup\u00e9rieur, et les chapiers<span id='easy-footnote-2-107864' class='easy-footnote-margin-adjust'><\/span><span class='easy-footnote'><a href='http:\/\/vincentians.com\/fr\/histoire-generale-de-la-congregation-de-la-mission-18\/#easy-footnote-bottom-2-107864' title='Ce que s\u2019habillent en &lt;i&gt;chapes &lt;\/i&gt;liturgiques.'><sup>2<\/sup><\/a><\/span> se l\u00e8vent pour le saluer, ils se d\u00e9couvrent seulement en France except\u00e9 que ce ne fut un cardinal, ou un pr\u00e9lat, de faire le signe de la croix sur soi quand on entonne le <i>magnificat<\/i>, de s\u2019inviter<span id='easy-footnote-3-107864' class='easy-footnote-margin-adjust'><\/span><span class='easy-footnote'><a href='http:\/\/vincentians.com\/fr\/histoire-generale-de-la-congregation-de-la-mission-18\/#easy-footnote-bottom-3-107864' title='Conjecture.'><sup>3<\/sup><\/a><\/span> par une inclination avant que de recevoir l\u2019encensement. Cela l\u2019observe seulement par le c\u00e9l\u00e9brant qui office devant un \u00e9v\u00eaque, car les chapiers et autres sont encens\u00e9s en particulier. Et pour le reste on encense le ch\u0153ur indistinctement de l\u2019encensoir pris des mains du thurif\u00e9raire par le c\u00e9r\u00e9moniaire \u00e0 la droite du diacre pour encenser le livre pour les messes pontificales. Cela se fait de m\u00eame dans les autres messes solennelles. Des simples acolytes donnent \u00e0 l\u2019\u00e9v\u00eaque \u00e0 laver les mains aux messes de mort, comme aux autres messes, et non pas les ministres, ils se font en France n\u2019\u00e9tant pas occup\u00e9s pour lors, qu\u2019il<b> <\/b>n\u2019y a que les dignit\u00e9s d\u2019une cath\u00e9drale qui portent des chapes aux grandes messes, et qu\u2019on ne sonne pas les cloches pour l\u2019office des morts, et des f\u00e9ri\u00e9s ; le contraire est en usage en France, les pr\u00e9lats pourraient peut-\u00eatre s\u2019en formaliser, quoique les tapis que l\u2019on pose devant eux soient de diff\u00e9rente couleur ; de donner la purification aux communiants, on ne le fait pas \u00e0 St.-Lazare.<\/p>\n<p>On fait pareillement entonner le premier verset de chaque psaume tout entier aux deux chantres contre la disposition de m\u00eame c\u00e9r\u00e9monial, et m\u00eame l\u2019usage assez commun de France, attendu qu\u2019autrement il serait ais\u00e9 de brouiller la finale de la psalmodie, quant au chant on se r\u00e8gle par toutes les maisons pour l\u2019\u00e9p\u00eetre, \u00e9vangile, v\u00eapres, oraisons, et le\u00e7ons, selon l\u2019usage des dioc\u00e8ses, mais pour les pr\u00e9faces, antiennes, et le reste<b> <\/b>selon les livres romains ; toutefois dans les cures on peut prendre tout le chant du dioc\u00e8se si l\u2019\u00e9v\u00eaque le souhaite, le c\u00e9r\u00e9monial des \u00e9v\u00eaques marque le chant du <i>confiteor<\/i> avant la communion, en France on ne le chante pas, les r\u00e8gles ainsi dress\u00e9es par les soins de M. Alm\u00e9ras pour l\u2019uniformit\u00e9 des c\u00e9r\u00e9monies entre les missionnaires furent envoy\u00e9es \u00e0 toutes les maisons.<\/p>\n","protected":false},"excerpt":{"rendered":"<p>XVIII. Nouveaux soins de M. [A]lm\u00e9ras pour [les] c\u00e9r\u00e9monies [d]e l\u2019\u00c9glise Le sup\u00e9rieur g\u00e9n\u00e9ral avait un tel z\u00e8le pour maintenir dans la Compagnie la r\u00e9gularit\u00e9 et l\u2019exactitude dans toutes les c\u00e9r\u00e9monies de l\u2019\u00c9glise, que non &#8230; <a href=\"http:\/\/vincentians.com\/fr\/histoire-generale-de-la-congregation-de-la-mission-18\/\" class=\"more-link\">Read More<\/a><\/p>\n","protected":false},"author":4,"featured_media":189808,"comment_status":"open","ping_status":"open","sticky":false,"template":"","format":"standard","meta":{"jetpack_post_was_ever_published":false,"_jetpack_newsletter_access":"","_jetpack_dont_email_post_to_subs":false,"_jetpack_newsletter_tier_id":0,"_jetpack_memberships_contains_paywalled_content":false,"_jetpack_memberships_contains_paid_content":false,"footnotes":"","jetpack_publicize_message":"","jetpack_publicize_feature_enabled":true,"jetpack_social_post_already_shared":true,"jetpack_social_options":{"image_generator_settings":{"template":"highway","default_image_id":0,"font":"","enabled":false},"version":2}},"categories":[134],"tags":[],"class_list":["post-107864","post","type-post","status-publish","format-standard","has-post-thumbnail","hentry","category-histoire-de-la-congregation-de-la-mission"],"yoast_head":"<!-- This site is optimized with the Yoast SEO plugin v26.3 - https:\/\/yoast.com\/wordpress\/plugins\/seo\/ -->\n<title>Histoire g\u00e9n\u00e9rale de la Congr\u00e9gation de la Mission (18) - Nous Sommes Vincentiens<\/title>\n<meta name=\"robots\" content=\"index, follow, max-snippet:-1, max-image-preview:large, max-video-preview:-1\" \/>\n<link rel=\"canonical\" href=\"http:\/\/vincentians.com\/fr\/histoire-generale-de-la-congregation-de-la-mission-18\/\" \/>\n<meta property=\"og:locale\" content=\"fr_FR\" \/>\n<meta property=\"og:type\" content=\"article\" \/>\n<meta property=\"og:title\" content=\"Histoire g\u00e9n\u00e9rale de la Congr\u00e9gation de la Mission (18) - Nous Sommes Vincentiens\" \/>\n<meta property=\"og:description\" content=\"XVIII. Nouveaux soins de M. [A]lm\u00e9ras pour [les] c\u00e9r\u00e9monies [d]e l\u2019\u00c9glise Le sup\u00e9rieur g\u00e9n\u00e9ral avait un tel z\u00e8le pour maintenir dans la Compagnie la r\u00e9gularit\u00e9 et l\u2019exactitude dans toutes les c\u00e9r\u00e9monies de l\u2019\u00c9glise, que non ... Read More\" \/>\n<meta property=\"og:url\" content=\"http:\/\/vincentians.com\/fr\/histoire-generale-de-la-congregation-de-la-mission-18\/\" \/>\n<meta property=\"og:site_name\" content=\"Nous Sommes Vincentiens\" \/>\n<meta property=\"article:publisher\" content=\"https:\/\/www.facebook.com\/WeAreVincentians\/\" \/>\n<meta property=\"article:author\" content=\"https:\/\/www.facebook.com\/JavierChento\" \/>\n<meta property=\"article:published_time\" content=\"2014-01-15T18:18:22+00:00\" \/>\n<meta property=\"og:image\" content=\"https:\/\/i0.wp.com\/vincentians.com\/fr\/wp-content\/uploads\/sites\/10\/2016\/07\/histoire-generale-de-la-congregation-de-la-mission.jpg?fit=1200%2C630\" \/>\n\t<meta property=\"og:image:width\" content=\"1200\" \/>\n\t<meta property=\"og:image:height\" content=\"630\" \/>\n\t<meta property=\"og:image:type\" content=\"image\/jpeg\" \/>\n<meta name=\"author\" content=\"Francisco Javier Fern\u00e1ndez Chento\" \/>\n<meta name=\"twitter:card\" content=\"summary_large_image\" \/>\n<meta name=\"twitter:creator\" content=\"@https:\/\/twitter.com\/javierchento\" \/>\n<meta name=\"twitter:site\" content=\"@WeVincentians\" \/>\n<meta name=\"twitter:label1\" content=\"\u00c9crit par\" \/>\n\t<meta name=\"twitter:data1\" content=\"Francisco Javier Fern\u00e1ndez Chento\" \/>\n\t<meta name=\"twitter:label2\" content=\"Dur\u00e9e de lecture estim\u00e9e\" \/>\n\t<meta name=\"twitter:data2\" content=\"8 minutes\" \/>\n<script type=\"application\/ld+json\" class=\"yoast-schema-graph\">{\"@context\":\"https:\/\/schema.org\",\"@graph\":[{\"@type\":\"WebPage\",\"@id\":\"http:\/\/vincentians.com\/fr\/histoire-generale-de-la-congregation-de-la-mission-18\/\",\"url\":\"http:\/\/vincentians.com\/fr\/histoire-generale-de-la-congregation-de-la-mission-18\/\",\"name\":\"Histoire g\u00e9n\u00e9rale de la Congr\u00e9gation de la Mission (18) - Nous Sommes Vincentiens\",\"isPartOf\":{\"@id\":\"https:\/\/vincentians.com\/fr\/#website\"},\"primaryImageOfPage\":{\"@id\":\"http:\/\/vincentians.com\/fr\/histoire-generale-de-la-congregation-de-la-mission-18\/#primaryimage\"},\"image\":{\"@id\":\"http:\/\/vincentians.com\/fr\/histoire-generale-de-la-congregation-de-la-mission-18\/#primaryimage\"},\"thumbnailUrl\":\"https:\/\/i0.wp.com\/vincentians.com\/fr\/wp-content\/uploads\/sites\/10\/2016\/07\/histoire-generale-de-la-congregation-de-la-mission.jpg?fit=1200%2C630\",\"datePublished\":\"2014-01-15T18:18:22+00:00\",\"author\":{\"@id\":\"https:\/\/vincentians.com\/fr\/#\/schema\/person\/9623ef4d9aa3b2dfb8c061f1499288f2\"},\"breadcrumb\":{\"@id\":\"http:\/\/vincentians.com\/fr\/histoire-generale-de-la-congregation-de-la-mission-18\/#breadcrumb\"},\"inLanguage\":\"fr-FR\",\"potentialAction\":[{\"@type\":\"ReadAction\",\"target\":[\"http:\/\/vincentians.com\/fr\/histoire-generale-de-la-congregation-de-la-mission-18\/\"]}]},{\"@type\":\"ImageObject\",\"inLanguage\":\"fr-FR\",\"@id\":\"http:\/\/vincentians.com\/fr\/histoire-generale-de-la-congregation-de-la-mission-18\/#primaryimage\",\"url\":\"https:\/\/i0.wp.com\/vincentians.com\/fr\/wp-content\/uploads\/sites\/10\/2016\/07\/histoire-generale-de-la-congregation-de-la-mission.jpg?fit=1200%2C630\",\"contentUrl\":\"https:\/\/i0.wp.com\/vincentians.com\/fr\/wp-content\/uploads\/sites\/10\/2016\/07\/histoire-generale-de-la-congregation-de-la-mission.jpg?fit=1200%2C630\",\"width\":1200,\"height\":630},{\"@type\":\"BreadcrumbList\",\"@id\":\"http:\/\/vincentians.com\/fr\/histoire-generale-de-la-congregation-de-la-mission-18\/#breadcrumb\",\"itemListElement\":[{\"@type\":\"ListItem\",\"position\":1,\"name\":\"Portada\",\"item\":\"https:\/\/vincentians.com\/fr\/\"},{\"@type\":\"ListItem\",\"position\":2,\"name\":\"Histoire g\u00e9n\u00e9rale de la Congr\u00e9gation de la Mission (18)\"}]},{\"@type\":\"WebSite\",\"@id\":\"https:\/\/vincentians.com\/fr\/#website\",\"url\":\"https:\/\/vincentians.com\/fr\/\",\"name\":\"Nous Sommes Vincentiens\",\"description\":\"Know more to serve more\",\"potentialAction\":[{\"@type\":\"SearchAction\",\"target\":{\"@type\":\"EntryPoint\",\"urlTemplate\":\"https:\/\/vincentians.com\/fr\/?s={search_term_string}\"},\"query-input\":{\"@type\":\"PropertyValueSpecification\",\"valueRequired\":true,\"valueName\":\"search_term_string\"}}],\"inLanguage\":\"fr-FR\"},{\"@type\":\"Person\",\"@id\":\"https:\/\/vincentians.com\/fr\/#\/schema\/person\/9623ef4d9aa3b2dfb8c061f1499288f2\",\"name\":\"Francisco Javier Fern\u00e1ndez Chento\",\"image\":{\"@type\":\"ImageObject\",\"inLanguage\":\"fr-FR\",\"@id\":\"https:\/\/vincentians.com\/fr\/#\/schema\/person\/image\/\",\"url\":\"https:\/\/secure.gravatar.com\/avatar\/497d5cde87b4c3d097d0315953521681ba2cd523ee66e5077c3711f7021e65de?s=96&d=mm&r=g\",\"contentUrl\":\"https:\/\/secure.gravatar.com\/avatar\/497d5cde87b4c3d097d0315953521681ba2cd523ee66e5077c3711f7021e65de?s=96&d=mm&r=g\",\"caption\":\"Francisco Javier Fern\u00e1ndez Chento\"},\"description\":\"Director General y cofundador de La Red de Formaci\u00f3n Vicenciana. Javier es laico vicenciano, afiliado a la Congregaci\u00f3n de la Misi\u00f3n y miembro del Equipo de Misiones Populares de la provincia can\u00f3nica de Zaragoza (Espa\u00f1a) de la Congregaci\u00f3n de la Misi\u00f3n. Graduado en la Universidad Oberta de Catalunya con cuatro grados (Asistente de direcci\u00f3n, Gesti\u00f3n Administrativa, Recursos Humanos y Contabilidad Avanzada). Bil\u00edng\u00fce Espa\u00f1ol\/Ingl\u00e9s. gestiona y mantiene varias p\u00e1ginas web cristianas y vicencianas, incluida including La Red de Formaci\u00f3n Vicenciana, de la que es cofundador. Actualmente es responsable del \u00e1rea de Espa\u00f1ol de .famvin, la Red de Noticias de la Familia Vicenciana. Tambi\u00e9n es m\u00fasico cat\u00f3lico y ha editado varios discos. Es Director General y cofundador de Trovador, una reconocida compa\u00f1\u00eda discogr\u00e1fica critiana de Espa\u00f1a. Trabaja en las Tecnolog\u00edas de la Informaci\u00f3n, ofreciendo servicios de alojamiento, dise\u00f1o y mantenimiento Web, as\u00ed como asesoramiento, formaci\u00f3n y soluciones inform\u00e1ticas, gesti\u00f3n documental y digitalizaci\u00f3n de textos, edici\u00f3n y maquetaci\u00f3n de libros, revistas, flyers, etc.\",\"sameAs\":[\"http:\/\/chento.org\",\"https:\/\/www.facebook.com\/JavierChento\",\"https:\/\/x.com\/https:\/\/twitter.com\/javierchento\"],\"url\":\"http:\/\/vincentians.com\/fr\/author\/chento\/\"}]}<\/script>\n<!-- \/ Yoast SEO plugin. -->","yoast_head_json":{"title":"Histoire g\u00e9n\u00e9rale de la Congr\u00e9gation de la Mission (18) - Nous Sommes Vincentiens","robots":{"index":"index","follow":"follow","max-snippet":"max-snippet:-1","max-image-preview":"max-image-preview:large","max-video-preview":"max-video-preview:-1"},"canonical":"http:\/\/vincentians.com\/fr\/histoire-generale-de-la-congregation-de-la-mission-18\/","og_locale":"fr_FR","og_type":"article","og_title":"Histoire g\u00e9n\u00e9rale de la Congr\u00e9gation de la Mission (18) - Nous Sommes Vincentiens","og_description":"XVIII. Nouveaux soins de M. [A]lm\u00e9ras pour [les] c\u00e9r\u00e9monies [d]e l\u2019\u00c9glise Le sup\u00e9rieur g\u00e9n\u00e9ral avait un tel z\u00e8le pour maintenir dans la Compagnie la r\u00e9gularit\u00e9 et l\u2019exactitude dans toutes les c\u00e9r\u00e9monies de l\u2019\u00c9glise, que non ... Read More","og_url":"http:\/\/vincentians.com\/fr\/histoire-generale-de-la-congregation-de-la-mission-18\/","og_site_name":"Nous Sommes Vincentiens","article_publisher":"https:\/\/www.facebook.com\/WeAreVincentians\/","article_author":"https:\/\/www.facebook.com\/JavierChento","article_published_time":"2014-01-15T18:18:22+00:00","og_image":[{"width":1200,"height":630,"url":"https:\/\/i0.wp.com\/vincentians.com\/fr\/wp-content\/uploads\/sites\/10\/2016\/07\/histoire-generale-de-la-congregation-de-la-mission.jpg?fit=1200%2C630","type":"image\/jpeg"}],"author":"Francisco Javier Fern\u00e1ndez Chento","twitter_card":"summary_large_image","twitter_creator":"@https:\/\/twitter.com\/javierchento","twitter_site":"@WeVincentians","twitter_misc":{"\u00c9crit par":"Francisco Javier Fern\u00e1ndez Chento","Dur\u00e9e de lecture estim\u00e9e":"8 minutes"},"schema":{"@context":"https:\/\/schema.org","@graph":[{"@type":"WebPage","@id":"http:\/\/vincentians.com\/fr\/histoire-generale-de-la-congregation-de-la-mission-18\/","url":"http:\/\/vincentians.com\/fr\/histoire-generale-de-la-congregation-de-la-mission-18\/","name":"Histoire g\u00e9n\u00e9rale de la Congr\u00e9gation de la Mission (18) - Nous Sommes Vincentiens","isPartOf":{"@id":"https:\/\/vincentians.com\/fr\/#website"},"primaryImageOfPage":{"@id":"http:\/\/vincentians.com\/fr\/histoire-generale-de-la-congregation-de-la-mission-18\/#primaryimage"},"image":{"@id":"http:\/\/vincentians.com\/fr\/histoire-generale-de-la-congregation-de-la-mission-18\/#primaryimage"},"thumbnailUrl":"https:\/\/i0.wp.com\/vincentians.com\/fr\/wp-content\/uploads\/sites\/10\/2016\/07\/histoire-generale-de-la-congregation-de-la-mission.jpg?fit=1200%2C630","datePublished":"2014-01-15T18:18:22+00:00","author":{"@id":"https:\/\/vincentians.com\/fr\/#\/schema\/person\/9623ef4d9aa3b2dfb8c061f1499288f2"},"breadcrumb":{"@id":"http:\/\/vincentians.com\/fr\/histoire-generale-de-la-congregation-de-la-mission-18\/#breadcrumb"},"inLanguage":"fr-FR","potentialAction":[{"@type":"ReadAction","target":["http:\/\/vincentians.com\/fr\/histoire-generale-de-la-congregation-de-la-mission-18\/"]}]},{"@type":"ImageObject","inLanguage":"fr-FR","@id":"http:\/\/vincentians.com\/fr\/histoire-generale-de-la-congregation-de-la-mission-18\/#primaryimage","url":"https:\/\/i0.wp.com\/vincentians.com\/fr\/wp-content\/uploads\/sites\/10\/2016\/07\/histoire-generale-de-la-congregation-de-la-mission.jpg?fit=1200%2C630","contentUrl":"https:\/\/i0.wp.com\/vincentians.com\/fr\/wp-content\/uploads\/sites\/10\/2016\/07\/histoire-generale-de-la-congregation-de-la-mission.jpg?fit=1200%2C630","width":1200,"height":630},{"@type":"BreadcrumbList","@id":"http:\/\/vincentians.com\/fr\/histoire-generale-de-la-congregation-de-la-mission-18\/#breadcrumb","itemListElement":[{"@type":"ListItem","position":1,"name":"Portada","item":"https:\/\/vincentians.com\/fr\/"},{"@type":"ListItem","position":2,"name":"Histoire g\u00e9n\u00e9rale de la Congr\u00e9gation de la Mission (18)"}]},{"@type":"WebSite","@id":"https:\/\/vincentians.com\/fr\/#website","url":"https:\/\/vincentians.com\/fr\/","name":"Nous Sommes Vincentiens","description":"Know more to serve more","potentialAction":[{"@type":"SearchAction","target":{"@type":"EntryPoint","urlTemplate":"https:\/\/vincentians.com\/fr\/?s={search_term_string}"},"query-input":{"@type":"PropertyValueSpecification","valueRequired":true,"valueName":"search_term_string"}}],"inLanguage":"fr-FR"},{"@type":"Person","@id":"https:\/\/vincentians.com\/fr\/#\/schema\/person\/9623ef4d9aa3b2dfb8c061f1499288f2","name":"Francisco Javier Fern\u00e1ndez Chento","image":{"@type":"ImageObject","inLanguage":"fr-FR","@id":"https:\/\/vincentians.com\/fr\/#\/schema\/person\/image\/","url":"https:\/\/secure.gravatar.com\/avatar\/497d5cde87b4c3d097d0315953521681ba2cd523ee66e5077c3711f7021e65de?s=96&d=mm&r=g","contentUrl":"https:\/\/secure.gravatar.com\/avatar\/497d5cde87b4c3d097d0315953521681ba2cd523ee66e5077c3711f7021e65de?s=96&d=mm&r=g","caption":"Francisco Javier Fern\u00e1ndez Chento"},"description":"Director General y cofundador de La Red de Formaci\u00f3n Vicenciana. Javier es laico vicenciano, afiliado a la Congregaci\u00f3n de la Misi\u00f3n y miembro del Equipo de Misiones Populares de la provincia can\u00f3nica de Zaragoza (Espa\u00f1a) de la Congregaci\u00f3n de la Misi\u00f3n. Graduado en la Universidad Oberta de Catalunya con cuatro grados (Asistente de direcci\u00f3n, Gesti\u00f3n Administrativa, Recursos Humanos y Contabilidad Avanzada). Bil\u00edng\u00fce Espa\u00f1ol\/Ingl\u00e9s. gestiona y mantiene varias p\u00e1ginas web cristianas y vicencianas, incluida including La Red de Formaci\u00f3n Vicenciana, de la que es cofundador. Actualmente es responsable del \u00e1rea de Espa\u00f1ol de .famvin, la Red de Noticias de la Familia Vicenciana. Tambi\u00e9n es m\u00fasico cat\u00f3lico y ha editado varios discos. Es Director General y cofundador de Trovador, una reconocida compa\u00f1\u00eda discogr\u00e1fica critiana de Espa\u00f1a. Trabaja en las Tecnolog\u00edas de la Informaci\u00f3n, ofreciendo servicios de alojamiento, dise\u00f1o y mantenimiento Web, as\u00ed como asesoramiento, formaci\u00f3n y soluciones inform\u00e1ticas, gesti\u00f3n documental y digitalizaci\u00f3n de textos, edici\u00f3n y maquetaci\u00f3n de libros, revistas, flyers, etc.","sameAs":["http:\/\/chento.org","https:\/\/www.facebook.com\/JavierChento","https:\/\/x.com\/https:\/\/twitter.com\/javierchento"],"url":"http:\/\/vincentians.com\/fr\/author\/chento\/"}]}},"jetpack_publicize_connections":[],"jetpack_featured_media_url":"https:\/\/i0.wp.com\/vincentians.com\/fr\/wp-content\/uploads\/sites\/10\/2016\/07\/histoire-generale-de-la-congregation-de-la-mission.jpg?fit=1200%2C630","jetpack_sharing_enabled":true,"jetpack_shortlink":"https:\/\/wp.me\/p7ETMP-s3K","jetpack-related-posts":[{"id":107499,"url":"http:\/\/vincentians.com\/fr\/histoire-generale-de-la-congregation-de-la-mission-05\/","url_meta":{"origin":107864,"position":0},"title":"Histoire g\u00e9n\u00e9rale de la Congr\u00e9gation de la Mission (05)","author":"Francisco Javier Fern\u00e1ndez Chento","date":"31\/12\/2013","format":false,"excerpt":"V. Z\u00e8le de M. Alm\u00e9ras pour les c\u00e9r\u00e9monies d\u00e9votion \u00e0 la Ste Vierge. Ce digne sup\u00e9rieur g\u00e9n\u00e9ral n\u2019\u00e9tait pas seulement tr\u00e8s z\u00e9l\u00e9 pour la r\u00e9gularit\u00e9 des maisons de la Compagnie, il avait aussi fort \u00e0 c\u0153ur que comme elle est une congr\u00e9gation eccl\u00e9siastique, on s\u2019y appliqu\u00e2t de son mieux \u00e0\u2026","rel":"","context":"Dans &quot;Histoire de la Congr\u00e9gation de la Mission&quot;","block_context":{"text":"Histoire de la Congr\u00e9gation de la Mission","link":"http:\/\/vincentians.com\/fr\/category\/histoire-de-la-congregation-de-la-mission\/"},"img":{"alt_text":"","src":"https:\/\/i0.wp.com\/vincentians.com\/fr\/wp-content\/uploads\/sites\/10\/2016\/07\/histoire-generale-de-la-congregation-de-la-mission.jpg?fit=1200%2C630&resize=350%2C200","width":350,"height":200,"srcset":"https:\/\/i0.wp.com\/vincentians.com\/fr\/wp-content\/uploads\/sites\/10\/2016\/07\/histoire-generale-de-la-congregation-de-la-mission.jpg?fit=1200%2C630&resize=350%2C200 1x, https:\/\/i0.wp.com\/vincentians.com\/fr\/wp-content\/uploads\/sites\/10\/2016\/07\/histoire-generale-de-la-congregation-de-la-mission.jpg?fit=1200%2C630&resize=525%2C300 1.5x, https:\/\/i0.wp.com\/vincentians.com\/fr\/wp-content\/uploads\/sites\/10\/2016\/07\/histoire-generale-de-la-congregation-de-la-mission.jpg?fit=1200%2C630&resize=700%2C400 2x, https:\/\/i0.wp.com\/vincentians.com\/fr\/wp-content\/uploads\/sites\/10\/2016\/07\/histoire-generale-de-la-congregation-de-la-mission.jpg?fit=1200%2C630&resize=1050%2C600 3x"},"classes":[]},{"id":38477,"url":"http:\/\/vincentians.com\/fr\/le-directeur-provincial-animateur-des-filles-de-la-charite\/","url_meta":{"origin":107864,"position":1},"title":"Le Directeur Provincial \u201canimateur\u201d des Filles de la Charit\u00e9","author":"Francisco Javier Fern\u00e1ndez Chento","date":"03\/10\/2012","format":false,"excerpt":"Dans les Constitutions des Filles de la Charit\u00e9, nous trouvons \u00e0 l\u2019article 3.38: le Directeur Provincial est un pr\u00eatre de la Congr\u00e9gation de la Mission, nomm\u00e9 par le Sup\u00e9rieur G\u00e9n\u00e9ral; \u201cil partage avec la Visitatrice et son Conseil la responsabilit\u00e9 de promouvoir l\u2019esprit vincentien dans la Province\u201d Missionnaire, le directeur\u2026","rel":"","context":"Dans &quot;Congr\u00e9gation de la Mission&quot;","block_context":{"text":"Congr\u00e9gation de la Mission","link":"http:\/\/vincentians.com\/fr\/category\/congregation-de-la-mission\/"},"img":{"alt_text":"","src":"https:\/\/i0.wp.com\/vincentiens.org\/wp-content\/uploads\/2011\/05\/filles_charite-228x300.jpg?resize=350%2C200","width":350,"height":200},"classes":[]},{"id":54375,"url":"http:\/\/vincentians.com\/fr\/de-la-vie-commune\/","url_meta":{"origin":107864,"position":2},"title":"De La Vie Commune","author":"Francisco Javier Fern\u00e1ndez Chento","date":"24\/11\/2012","format":false,"excerpt":"1) Etat actuel de la vie communautaire Les multiples et profondes nouveaut\u00e9s et mutations, d\u00e9clen\u00adch\u00e9es dans l'Eglise par le Concile Vatican II, ont entrain\u00e9 de nom\u00adbreux changements dans les communaut\u00e9s religieuses et dans notre Congr\u00e9gation. La simplicit\u00e9 et l'uniformit\u00e9 de notre vie d'avant le Concile, prot\u00e9g\u00e9es par la ferme autorit\u00e9\u2026","rel":"","context":"Dans &quot;Congr\u00e9gation de la Mission&quot;","block_context":{"text":"Congr\u00e9gation de la Mission","link":"http:\/\/vincentians.com\/fr\/category\/congregation-de-la-mission\/"},"img":{"alt_text":"","src":"https:\/\/i0.wp.com\/vincentiens.org\/wp-content\/uploads\/2011\/11\/logocmotro-216x300.jpg?resize=350%2C200","width":350,"height":200},"classes":[]},{"id":47822,"url":"http:\/\/vincentians.com\/fr\/les-missions-populaires-donnees-par-les-pretres-de-la-mission-dans-les-etats-pontificaux-au-xviieme-s-1640-1700\/","url_meta":{"origin":107864,"position":3},"title":"Les Missions Populaires Donn\u00e9es Par Les Pr\u00eatres De La Mission Dans Les \u00c9tats Pontificaux Au XVII\u00e9me s. 1640-1700","author":"Francisco Javier Fern\u00e1ndez Chento","date":"18\/02\/2015","format":false,"excerpt":"Les compte-rendus des missions populaires constituent une source de premi\u00e8re importance pour l'histoire de l'Eglise, dans sa dimension \u00abterre \u00e1 terre \u00bb. G. Le Bras avait d\u00e9j\u00e0 signal\u00e9 tout Inint\u00e9r\u00eat de cette source et on a commenc\u00e9 concr\u00e8tement \u00e1 l'exploiter en France et en Italie. Mais comme il arrive pour\u2026","rel":"","context":"Dans &quot;Histoire de la Congr\u00e9gation de la Mission&quot;","block_context":{"text":"Histoire de la Congr\u00e9gation de la Mission","link":"http:\/\/vincentians.com\/fr\/category\/histoire-de-la-congregation-de-la-mission\/"},"img":{"alt_text":"","src":"https:\/\/i0.wp.com\/vincentiens.org\/wp-content\/uploads\/2011\/08\/logocm-237x300.jpg?resize=350%2C200","width":350,"height":200},"classes":[]},{"id":52068,"url":"http:\/\/vincentians.com\/fr\/saint-vincent-de-paul-et-sa-mission-sociale-vi-la-posterite-1\/","url_meta":{"origin":107864,"position":4},"title":"Saint Vincent De Paul Et Sa Mission Sociale. VI &#8211; La Post\u00e9rit\u00e9 (1)","author":"Francisco Javier Fern\u00e1ndez Chento","date":"30\/12\/2014","format":false,"excerpt":"L\u2019ACCROISSEMENT. \u2014 Extension des deux familles de saint Vincent de Paul. \u2014 Progr\u00e8s de leurs \u0153uvres. \u2014 Les missions \u00e9trang\u00e8res et les s\u00e9minaires. \u2014 Les successeurs de saint Vincent. \u2014 Congr\u00e9gations religieuses fond\u00e9es sur le mod\u00e8le de la Mission. \u2014 Les Filles de la Charit\u00e9 en France et \u00e0 l\u2019\u00e9tranger.\u2026","rel":"","context":"Dans &quot;Vincent de Paul&quot;","block_context":{"text":"Vincent de Paul","link":"http:\/\/vincentians.com\/fr\/category\/the-vincentian-family\/founders\/vincent-de-paul\/"},"img":{"alt_text":"","src":"https:\/\/i0.wp.com\/vincentians.com\/fr\/wp-content\/uploads\/sites\/10\/2016\/07\/vincent-et-sa-action-sociale.jpg?fit=1160%2C630&resize=350%2C200","width":350,"height":200,"srcset":"https:\/\/i0.wp.com\/vincentians.com\/fr\/wp-content\/uploads\/sites\/10\/2016\/07\/vincent-et-sa-action-sociale.jpg?fit=1160%2C630&resize=350%2C200 1x, https:\/\/i0.wp.com\/vincentians.com\/fr\/wp-content\/uploads\/sites\/10\/2016\/07\/vincent-et-sa-action-sociale.jpg?fit=1160%2C630&resize=525%2C300 1.5x, https:\/\/i0.wp.com\/vincentians.com\/fr\/wp-content\/uploads\/sites\/10\/2016\/07\/vincent-et-sa-action-sociale.jpg?fit=1160%2C630&resize=700%2C400 2x, https:\/\/i0.wp.com\/vincentians.com\/fr\/wp-content\/uploads\/sites\/10\/2016\/07\/vincent-et-sa-action-sociale.jpg?fit=1160%2C630&resize=1050%2C600 3x"},"classes":[]},{"id":54379,"url":"http:\/\/vincentians.com\/fr\/les-voeux-dans-la-congregation-nature-necessite-et-utilite\/","url_meta":{"origin":107864,"position":5},"title":"Les voeux dans la Congr\u00e9gation: nature, necessit\u00e9 et utilit\u00e9","author":"Francisco Javier Fern\u00e1ndez Chento","date":"03\/11\/2012","format":false,"excerpt":"Remarque pr\u00e9liminaire: Les membres de ce Groupe, constitu\u00e9 par le Sup\u00e9rieur G\u00e9n\u00e9ral (Constitutions n. 54, D\u00e9crets Temporaires n. 2) s'acquittent d'un double devoir: chacun y repr\u00e9sente une section de la Congr\u00e9gation (un groupe linguistique ou g\u00e9ographique), y travaille avec sa propre comp\u00e9tence. En tant que repr\u00e9sentant, il doit veiller \u00e1\u2026","rel":"","context":"Dans &quot;Congr\u00e9gation de la Mission&quot;","block_context":{"text":"Congr\u00e9gation de la Mission","link":"http:\/\/vincentians.com\/fr\/category\/congregation-de-la-mission\/"},"img":{"alt_text":"","src":"https:\/\/i0.wp.com\/vincentiens.org\/wp-content\/uploads\/2011\/08\/logocm-237x300.jpg?resize=350%2C200","width":350,"height":200},"classes":[]}],"_links":{"self":[{"href":"http:\/\/vincentians.com\/fr\/wp-json\/wp\/v2\/posts\/107864","targetHints":{"allow":["GET"]}}],"collection":[{"href":"http:\/\/vincentians.com\/fr\/wp-json\/wp\/v2\/posts"}],"about":[{"href":"http:\/\/vincentians.com\/fr\/wp-json\/wp\/v2\/types\/post"}],"author":[{"embeddable":true,"href":"http:\/\/vincentians.com\/fr\/wp-json\/wp\/v2\/users\/4"}],"replies":[{"embeddable":true,"href":"http:\/\/vincentians.com\/fr\/wp-json\/wp\/v2\/comments?post=107864"}],"version-history":[{"count":0,"href":"http:\/\/vincentians.com\/fr\/wp-json\/wp\/v2\/posts\/107864\/revisions"}],"wp:featuredmedia":[{"embeddable":true,"href":"http:\/\/vincentians.com\/fr\/wp-json\/wp\/v2\/media\/189808"}],"wp:attachment":[{"href":"http:\/\/vincentians.com\/fr\/wp-json\/wp\/v2\/media?parent=107864"}],"wp:term":[{"taxonomy":"category","embeddable":true,"href":"http:\/\/vincentians.com\/fr\/wp-json\/wp\/v2\/categories?post=107864"},{"taxonomy":"post_tag","embeddable":true,"href":"http:\/\/vincentians.com\/fr\/wp-json\/wp\/v2\/tags?post=107864"}],"curies":[{"name":"wp","href":"https:\/\/api.w.org\/{rel}","templated":true}]}}