{"id":107861,"date":"2014-01-14T19:18:22","date_gmt":"2014-01-14T18:18:22","guid":{"rendered":"http:\/\/vincentiens.org\/?p=107861"},"modified":"2014-01-14T19:18:22","modified_gmt":"2014-01-14T18:18:22","slug":"histoire-generale-de-la-congregation-de-la-mission-17","status":"publish","type":"post","link":"http:\/\/vincentians.com\/fr\/histoire-generale-de-la-congregation-de-la-mission-17\/","title":{"rendered":"Histoire g\u00e9n\u00e9rale de la Congr\u00e9gation de la Mission (17)"},"content":{"rendered":"<h2><b><b><b>XVII. Vaines pr\u00e9tentions de gens sortis de la Compagnie<\/b><\/b><\/b><\/h2>\n<p><a href=\"https:\/\/i0.wp.com\/vincentiens.org\/wp-content\/uploads\/2012\/12\/logocm.png\"><img data-recalc-dims=\"1\" loading=\"lazy\" decoding=\"async\" class=\"alignright size-medium wp-image-104093\" alt=\"logocm\" src=\"https:\/\/i0.wp.com\/vincentiens.org\/wp-content\/uploads\/2012\/12\/logocm-245x300.png?resize=245%2C300\" width=\"245\" height=\"300\" \/><\/a>Divers particuliers sortis de la Compagnie non seulement engageaient leur conscience et exposaient leur salut, comme nous venons de voir, mais<b> <\/b>encore voulurent faire de peine \u00e0 la Congr\u00e9gation en s\u2019adressant au roi pour en obtenir une pension viag\u00e8re ; sur quoi, le Conseil d\u2019\u00c9tat de S[a] M[ajest\u00e9] rendit un arr\u00eat solennel qui les d\u00e9bouta de leurs pr\u00e9tentions. M. Alm\u00e9ras en envoya une copie \u00e0 chaque maison avec une lettre dat\u00e9e du 21 f\u00e9vrier 1670 o\u00f9 il dit : Dieu qui sait tirer le bien du mal et arrive souvent \u00e0 ses fins par les moyens qui lui paraissent les plus oppos\u00e9s, avait permis que la Congr\u00e9gation ait depuis peu souffert une vexation nouvelle et jusqu\u2019ici inou\u00efe de la part de quelques-uns qui \u00e9taient sortis, c\u2019\u00e9tait surtout quelques fr\u00e8res brouillons, qui avaient eu la hardiesse de recourir au roi, il a enfin arr\u00eat\u00e9 leur mauvais dessein par un arr\u00eat du Conseil d\u2019\u00c9tat, et a mis ainsi la Compagnie \u00e0 couvert non seulement de leurs pr\u00e9tentions injustes mais de tout autre qui aurait pu dans la suite troubler sa tranquillit\u00e9.<b> <\/b>Comme la chose a \u00e9t\u00e9 connue dans cette maison et dehors par un grand nombre de gens, regardant d\u2019ailleurs toute la Compagnie, en sorte qu\u2019il est convenable d\u2019en rendre tous gr\u00e2ces \u00e0 Dieu, nous avons jug\u00e9 \u00e0 propos d\u2019en donner connaissance aux maisons, en leur communiquant l\u2019arr\u00eat o\u00f9 se trouve le v\u00e9ritable r\u00e9cit du fait dont il est question qui confirme la Compagnie dans une paisible possession d\u2019un pouvoir l\u00e9gitime qui lui appartenait. Ces fr\u00e8res, qu\u2019on avait \u00e9t\u00e9 contraint de mettre dehors \u00e0 raison de leur incorrigibilit\u00e9 all\u00e9guaient au Conseil qu\u2019ils avaient travaill\u00e9 longues ann\u00e9es dans la Congr\u00e9gation.<\/p>\n<p>La Compagnie, continue M. Alm\u00e9ras, d\u00e8s le commencement de son \u00e9rection, a eu le pouvoir de renvoyer les incorrigibles et scandaleux, afin de se conserver dans sa vigueur et puret\u00e9, ceux qui sont ainsi renvoy\u00e9s n\u2019ont aucun sujet de s\u2019en plaindre<b> <\/b>attendu qu\u2019elle a toujours \u00e9t\u00e9 dans cet usage. M. Vincent en divers temps a renvoy\u00e9 des pr\u00eatres des clercs et des fr\u00e8res, lorsqu\u2019il y a \u00e9t\u00e9 oblig\u00e9 par leur d\u00e9r\u00e8glement ; nous avons \u00e9t\u00e9 contraints de faire quelquefois de m\u00eame en pareilles occasions. Toutefois, chacun sait qu\u2019on ne renvoie jamais personne pour cause de vieillesse ou infirmit\u00e9, et qu\u2019il n\u2019y a que des mauvais d\u00e9portements qui puissent \u00eatre la cause de ce renvoi ; et ce non pour des fautes l\u00e9g\u00e8res, mais pour celles qui seraient beaucoup pr\u00e9judiciables au bien de la Congr\u00e9gation, et m\u00eame, en ces cas, le g\u00e9n\u00e9ral ne renvoie pas de son seul mouvement, mais il doit pour cela avoir assembl\u00e9 ses consulteurs et demand\u00e9 leur avis, pesant m\u00fbrement les raisons pour et contre, et ne concluant au renvoi qu\u2019a la pluralit\u00e9 des voix. Cela est n\u00e9cessaire pour<b> <\/b>rem\u00e9dier aux d\u00e9sordres, et il faut retrancher un membre gangren\u00e9 qui que soit, pr\u00eatre, clerc ou fr\u00e8re, crainte d\u2019infecter les autres. Cet usage, dit encore M. Alm\u00e9ras, est fond\u00e9 en bonnes raisons et justice. Quand la Congr\u00e9gation re\u00e7oit quelqu\u2019un, elle lui fait part de ses biens spirituels et temporels, elle le fait entrer en participation particuli\u00e8re des bonnes \u0153uvres et des suffrages de tout le corps durant sa vie et apr\u00e8s sa mort. Elle prend un soin sp\u00e9cial de son salut et de sa perfection par le moyen des r\u00e8gles, exhortations, conf\u00e9rences et autres secours spirituels qu\u2019elle donne \u00e0 un chacun pour son avancement en la vertu. Elle lui fournit tous les besoins du corps en sant\u00e9 et en maladie, et dans le temps de la caducit\u00e9, pour la nourriture, v\u00eatements, &amp;c., en un mot elle<b> <\/b>le traite et le consid\u00e8re comme son enfant, ou plut\u00f4t comme un membre de son corps ; elle communique tous ces avantages aux siens avec grande fid\u00e9lit\u00e9, mais, avant que d\u2019admettre quelqu\u2019un \u00e0 la participation de tous ces biens, elle lui propose certaines conditions auxquelles il s\u2019engage volontairement, apr\u00e8s y avoir bien pens\u00e9 devant Dieu, dans l\u2019\u00e9preuve de deux ans, et dans plusieurs retraites faites pour ce sujet.<\/p>\n<p>Toutes ces conditions se r\u00e9duisent \u00e0 l\u2019observance des r\u00e8gles qui renferment la pratique des vertus propres \u00e0 l\u2019institut, la fid\u00e9lit\u00e9 au travail et aux emplois de sa vocation, et l\u2019ob\u00e9issance aux sup\u00e9rieurs de laquelle on fait un v\u0153u particulier. On n\u2019admettrait jamais dans la Compagnie celui qui t\u00e9moignerait n\u2019\u00eatre pas dispos\u00e9 \u00e0 s\u2019acquitter de quelques-unes de ces choses<b> <\/b>et par cons\u00e9quent, si dans la suite quelqu\u2019un vient tellement \u00e0 se rel\u00e2cher, ou qu\u2019il ne veuille plus accomplir quelqu\u2019une des susdites conditions, n\u2019est-il pas \u00e9vident que la Congr\u00e9gation n\u2019est plus oblig\u00e9e de lui faire part de ses biens ni de le retenir au nombre de ses enfants au pr\u00e9judice de toute la famille, n\u2019\u00e9tant pas juste qu\u2019elle soit tenue de retenir celui qui ne travaille qu\u2019\u00e0 la d\u00e9truire ; il serait \u00e9trange qu\u2019un tel homme ainsi renvoy\u00e9 pr\u00e9tend\u00eet contre toutes sortes de raisons obtenir pour r\u00e9compense de sa mauvaise conduite des salaires ou une pension viag\u00e8re, tandis que la Congr\u00e9gation aurait droit de lui demander par toutes sortes de raisons la r\u00e9paration des dommages spirituels et m\u00eame temporels qu\u2019il lui aurait caus\u00e9.<\/p>\n<p>Nous n\u2019avions pas pens\u00e9, dit encore M. Alm\u00e9ras, \u00e0 faire confirmer ce droit<b> <\/b>si clair de la Compagnie par une autorit\u00e9 souveraine, mais la Providence de Dieu nous a donn\u00e9 \u00e0 cette occasion ce que nous ne cherchions pas, se servant de ceux-l\u00e0 m\u00eames qui ont voulu sans aucune raison lui contester ce pouvoir pour l\u2019affermir d\u2019avantage. Nous vous prions au reste de croire que notre intention n\u2019est pas de prendre occasion de cet arr\u00eat, pour changer en aucune fa\u00e7on de conduite sur ce point ; et vous pouvez \u00eatre assur\u00e9 que comme nous n\u2019avons renvoy\u00e9 personne par le pass\u00e9 que quand la n\u00e9cessit\u00e9 nous y a forc\u00e9, nous ne le ferons jamais autrement \u00e0 l\u2019avenir, et cela avec les pr\u00e9cautions ci-dessus marqu\u00e9es. Il est ais\u00e9 avec la gr\u00e2ce de Dieu d\u2019\u00e9viter les fautes pour lesquelles seulement on renvoie, ainsi il d\u00e9pend d\u2019un chacun de pers\u00e9v\u00e9rer toute sa vie dans la Congr\u00e9gation sans crainte d\u2019\u00eatre renvoy\u00e9 ; de l\u00e0 vient que<b> <\/b>les bons qui ont une droite intention de servir Dieu en s\u2019acquittant des devoirs de leur \u00e9tat vivent sans aucune inqui\u00e9tude et dorment en repos, sachant bien qu\u2019on ne renvoie personne qui soit dans cette disposition, et au contraire les d\u00e9r\u00e9gl\u00e9s ressentent de la peine sur ce sujet, &amp;c. Je conclue par ces paroles de l\u2019Ap\u00f4tre : <i>Satagite ut per bona opera<\/i>, &amp;c.<span id='easy-footnote-1-107861' class='easy-footnote-margin-adjust'><\/span><span class='easy-footnote'><a href='http:\/\/vincentians.com\/fr\/histoire-generale-de-la-congregation-de-la-mission-17\/#easy-footnote-bottom-1-107861' title='. . . &lt;i&gt;certam vestram vocationem faciatis&lt;\/i&gt;. 2 Pierre 1\u00a0: 10.'><sup>1<\/sup><\/a><\/span>\n<p>Tous les raisonnements que M. Alm\u00e9ras d\u00e9veloppe sur cette question sont tr\u00e8s solides et prouvent \u00e9videmment la justice du pouvoir que pr\u00e9tend la Congr\u00e9gation \u00e0 cet \u00e9gard, et on n\u2019a pas vu depuis que personne se soit adress\u00e9 aux tribunaux s\u00e9culiers pour infirmer en quelque fa\u00e7on son droit sur cet article, il n\u2019en a pas \u00e9t\u00e9 tout \u00e0 fait de m\u00eame du droit que les particuliers retiennent sur les biens<b> <\/b>de leur patrimoine, l\u2019hoirie de leurs parents, &amp;c., comme on compte assez ordinairement dans les familles que ceux qui entrent dans la Congr\u00e9gation sont morts au monde de mesure que les religieux quoique cela ne soit pas, les v\u0153ux simples qu\u2019on y fait laissant \u00e0 un chacun la propri\u00e9t\u00e9 des biens, et il est arriv\u00e9 de fois \u00e0 autre que plusieurs missionnaires ont voulu r\u00e9p\u00e9ter de leurs fr\u00e8res et de leurs autres parents les biens qui leur revenaient du d\u00e9c\u00e8s de leurs anc\u00eatres ; les parlements ne sont pas favorables \u00e0 de telles pr\u00e9tentions qui troublent les familles, comme on a vu par l\u2019exemple des P\u00e8res J\u00e9suites qui apr\u00e8s un certain temps de s\u00e9jour dans leur Compagnie ont \u00e9t\u00e9s d\u00e9clar\u00e9s inhabiles \u00e0 toutes successions des parents morts ; les magistrats de Paris ont conseill\u00e9 \u00e0 ce qu\u2019on a ou\u00ef<b> <\/b>dire aux sup\u00e9rieurs de faire en sorte que ces particuliers se d\u00e9sistassent de leur poursuite, qu\u2019autrement la cour pourrait rendre quelque arr\u00eat qui ne s\u2019accommoderait pas avec la nature de nos v\u0153ux, c\u2019est ce que la Compagnie a continu de conseiller \u00e0 tous les sujets \u00e0 qui elle permet de prendre ce que leur offrent leurs parents de gr\u00e9 \u00e0 gr\u00e9 en s\u2019accommodant avec eux, pour s\u2019en servir conform\u00e9ment \u00e0 la bulle de l\u2019\u00e9rection de la Congr\u00e9gation, et au bref d\u2019Alexandre VII ci-dessus mentionn\u00e9, et elle ne voit pas m\u00eame de fort bon \u0153il qu\u2019on s\u2019inqui\u00e8te trop des biens du monde, lesquels attirent toujours des affaires et des embarras, ce qui porte \u00e0 aller en sa patrie, et engage \u00e0 perdre beaucoup de temps comme aussi \u00e0 n\u00e9gliger les emploies de sa vocation.<\/p>\n","protected":false},"excerpt":{"rendered":"<p>XVII. Vaines pr\u00e9tentions de gens sortis de la Compagnie Divers particuliers sortis de la Compagnie non seulement engageaient leur conscience et exposaient leur salut, comme nous venons de voir, mais encore voulurent faire de peine &#8230; <a href=\"http:\/\/vincentians.com\/fr\/histoire-generale-de-la-congregation-de-la-mission-17\/\" class=\"more-link\">Read More<\/a><\/p>\n","protected":false},"author":4,"featured_media":189808,"comment_status":"open","ping_status":"open","sticky":false,"template":"","format":"standard","meta":{"jetpack_post_was_ever_published":false,"_jetpack_newsletter_access":"","_jetpack_dont_email_post_to_subs":false,"_jetpack_newsletter_tier_id":0,"_jetpack_memberships_contains_paywalled_content":false,"_jetpack_memberships_contains_paid_content":false,"footnotes":"","jetpack_publicize_message":"","jetpack_publicize_feature_enabled":true,"jetpack_social_post_already_shared":true,"jetpack_social_options":{"image_generator_settings":{"template":"highway","default_image_id":0,"font":"","enabled":false},"version":2}},"categories":[134],"tags":[],"class_list":["post-107861","post","type-post","status-publish","format-standard","has-post-thumbnail","hentry","category-histoire-de-la-congregation-de-la-mission"],"yoast_head":"<!-- This site is optimized with the Yoast SEO plugin v26.3 - https:\/\/yoast.com\/wordpress\/plugins\/seo\/ -->\n<title>Histoire g\u00e9n\u00e9rale de la Congr\u00e9gation de la Mission (17) - Nous Sommes Vincentiens<\/title>\n<meta name=\"robots\" content=\"index, follow, max-snippet:-1, max-image-preview:large, max-video-preview:-1\" \/>\n<link rel=\"canonical\" href=\"http:\/\/vincentians.com\/fr\/histoire-generale-de-la-congregation-de-la-mission-17\/\" \/>\n<meta property=\"og:locale\" content=\"fr_FR\" \/>\n<meta property=\"og:type\" content=\"article\" \/>\n<meta property=\"og:title\" content=\"Histoire g\u00e9n\u00e9rale de la Congr\u00e9gation de la Mission (17) - Nous Sommes Vincentiens\" \/>\n<meta property=\"og:description\" content=\"XVII. Vaines pr\u00e9tentions de gens sortis de la Compagnie Divers particuliers sortis de la Compagnie non seulement engageaient leur conscience et exposaient leur salut, comme nous venons de voir, mais encore voulurent faire de peine ... Read More\" \/>\n<meta property=\"og:url\" content=\"http:\/\/vincentians.com\/fr\/histoire-generale-de-la-congregation-de-la-mission-17\/\" \/>\n<meta property=\"og:site_name\" content=\"Nous Sommes Vincentiens\" \/>\n<meta property=\"article:publisher\" content=\"https:\/\/www.facebook.com\/WeAreVincentians\/\" \/>\n<meta property=\"article:author\" content=\"https:\/\/www.facebook.com\/JavierChento\" \/>\n<meta property=\"article:published_time\" content=\"2014-01-14T18:18:22+00:00\" \/>\n<meta property=\"og:image\" content=\"https:\/\/i0.wp.com\/vincentians.com\/fr\/wp-content\/uploads\/sites\/10\/2016\/07\/histoire-generale-de-la-congregation-de-la-mission.jpg?fit=1200%2C630\" \/>\n\t<meta property=\"og:image:width\" content=\"1200\" \/>\n\t<meta property=\"og:image:height\" content=\"630\" \/>\n\t<meta property=\"og:image:type\" content=\"image\/jpeg\" \/>\n<meta name=\"author\" content=\"Francisco Javier Fern\u00e1ndez Chento\" \/>\n<meta name=\"twitter:card\" content=\"summary_large_image\" \/>\n<meta name=\"twitter:creator\" content=\"@https:\/\/twitter.com\/javierchento\" \/>\n<meta name=\"twitter:site\" content=\"@WeVincentians\" \/>\n<meta name=\"twitter:label1\" content=\"\u00c9crit par\" \/>\n\t<meta name=\"twitter:data1\" content=\"Francisco Javier Fern\u00e1ndez Chento\" \/>\n\t<meta name=\"twitter:label2\" content=\"Dur\u00e9e de lecture estim\u00e9e\" \/>\n\t<meta name=\"twitter:data2\" content=\"8 minutes\" \/>\n<script type=\"application\/ld+json\" class=\"yoast-schema-graph\">{\"@context\":\"https:\/\/schema.org\",\"@graph\":[{\"@type\":\"WebPage\",\"@id\":\"http:\/\/vincentians.com\/fr\/histoire-generale-de-la-congregation-de-la-mission-17\/\",\"url\":\"http:\/\/vincentians.com\/fr\/histoire-generale-de-la-congregation-de-la-mission-17\/\",\"name\":\"Histoire g\u00e9n\u00e9rale de la Congr\u00e9gation de la Mission (17) - Nous Sommes Vincentiens\",\"isPartOf\":{\"@id\":\"https:\/\/vincentians.com\/fr\/#website\"},\"primaryImageOfPage\":{\"@id\":\"http:\/\/vincentians.com\/fr\/histoire-generale-de-la-congregation-de-la-mission-17\/#primaryimage\"},\"image\":{\"@id\":\"http:\/\/vincentians.com\/fr\/histoire-generale-de-la-congregation-de-la-mission-17\/#primaryimage\"},\"thumbnailUrl\":\"https:\/\/i0.wp.com\/vincentians.com\/fr\/wp-content\/uploads\/sites\/10\/2016\/07\/histoire-generale-de-la-congregation-de-la-mission.jpg?fit=1200%2C630\",\"datePublished\":\"2014-01-14T18:18:22+00:00\",\"author\":{\"@id\":\"https:\/\/vincentians.com\/fr\/#\/schema\/person\/9623ef4d9aa3b2dfb8c061f1499288f2\"},\"breadcrumb\":{\"@id\":\"http:\/\/vincentians.com\/fr\/histoire-generale-de-la-congregation-de-la-mission-17\/#breadcrumb\"},\"inLanguage\":\"fr-FR\",\"potentialAction\":[{\"@type\":\"ReadAction\",\"target\":[\"http:\/\/vincentians.com\/fr\/histoire-generale-de-la-congregation-de-la-mission-17\/\"]}]},{\"@type\":\"ImageObject\",\"inLanguage\":\"fr-FR\",\"@id\":\"http:\/\/vincentians.com\/fr\/histoire-generale-de-la-congregation-de-la-mission-17\/#primaryimage\",\"url\":\"https:\/\/i0.wp.com\/vincentians.com\/fr\/wp-content\/uploads\/sites\/10\/2016\/07\/histoire-generale-de-la-congregation-de-la-mission.jpg?fit=1200%2C630\",\"contentUrl\":\"https:\/\/i0.wp.com\/vincentians.com\/fr\/wp-content\/uploads\/sites\/10\/2016\/07\/histoire-generale-de-la-congregation-de-la-mission.jpg?fit=1200%2C630\",\"width\":1200,\"height\":630},{\"@type\":\"BreadcrumbList\",\"@id\":\"http:\/\/vincentians.com\/fr\/histoire-generale-de-la-congregation-de-la-mission-17\/#breadcrumb\",\"itemListElement\":[{\"@type\":\"ListItem\",\"position\":1,\"name\":\"Portada\",\"item\":\"https:\/\/vincentians.com\/fr\/\"},{\"@type\":\"ListItem\",\"position\":2,\"name\":\"Histoire g\u00e9n\u00e9rale de la Congr\u00e9gation de la Mission (17)\"}]},{\"@type\":\"WebSite\",\"@id\":\"https:\/\/vincentians.com\/fr\/#website\",\"url\":\"https:\/\/vincentians.com\/fr\/\",\"name\":\"Nous Sommes Vincentiens\",\"description\":\"Know more to serve more\",\"potentialAction\":[{\"@type\":\"SearchAction\",\"target\":{\"@type\":\"EntryPoint\",\"urlTemplate\":\"https:\/\/vincentians.com\/fr\/?s={search_term_string}\"},\"query-input\":{\"@type\":\"PropertyValueSpecification\",\"valueRequired\":true,\"valueName\":\"search_term_string\"}}],\"inLanguage\":\"fr-FR\"},{\"@type\":\"Person\",\"@id\":\"https:\/\/vincentians.com\/fr\/#\/schema\/person\/9623ef4d9aa3b2dfb8c061f1499288f2\",\"name\":\"Francisco Javier Fern\u00e1ndez Chento\",\"image\":{\"@type\":\"ImageObject\",\"inLanguage\":\"fr-FR\",\"@id\":\"https:\/\/vincentians.com\/fr\/#\/schema\/person\/image\/\",\"url\":\"https:\/\/secure.gravatar.com\/avatar\/497d5cde87b4c3d097d0315953521681ba2cd523ee66e5077c3711f7021e65de?s=96&d=mm&r=g\",\"contentUrl\":\"https:\/\/secure.gravatar.com\/avatar\/497d5cde87b4c3d097d0315953521681ba2cd523ee66e5077c3711f7021e65de?s=96&d=mm&r=g\",\"caption\":\"Francisco Javier Fern\u00e1ndez Chento\"},\"description\":\"Director General y cofundador de La Red de Formaci\u00f3n Vicenciana. Javier es laico vicenciano, afiliado a la Congregaci\u00f3n de la Misi\u00f3n y miembro del Equipo de Misiones Populares de la provincia can\u00f3nica de Zaragoza (Espa\u00f1a) de la Congregaci\u00f3n de la Misi\u00f3n. Graduado en la Universidad Oberta de Catalunya con cuatro grados (Asistente de direcci\u00f3n, Gesti\u00f3n Administrativa, Recursos Humanos y Contabilidad Avanzada). Bil\u00edng\u00fce Espa\u00f1ol\/Ingl\u00e9s. gestiona y mantiene varias p\u00e1ginas web cristianas y vicencianas, incluida including La Red de Formaci\u00f3n Vicenciana, de la que es cofundador. Actualmente es responsable del \u00e1rea de Espa\u00f1ol de .famvin, la Red de Noticias de la Familia Vicenciana. Tambi\u00e9n es m\u00fasico cat\u00f3lico y ha editado varios discos. Es Director General y cofundador de Trovador, una reconocida compa\u00f1\u00eda discogr\u00e1fica critiana de Espa\u00f1a. Trabaja en las Tecnolog\u00edas de la Informaci\u00f3n, ofreciendo servicios de alojamiento, dise\u00f1o y mantenimiento Web, as\u00ed como asesoramiento, formaci\u00f3n y soluciones inform\u00e1ticas, gesti\u00f3n documental y digitalizaci\u00f3n de textos, edici\u00f3n y maquetaci\u00f3n de libros, revistas, flyers, etc.\",\"sameAs\":[\"http:\/\/chento.org\",\"https:\/\/www.facebook.com\/JavierChento\",\"https:\/\/x.com\/https:\/\/twitter.com\/javierchento\"],\"url\":\"http:\/\/vincentians.com\/fr\/author\/chento\/\"}]}<\/script>\n<!-- \/ Yoast SEO plugin. -->","yoast_head_json":{"title":"Histoire g\u00e9n\u00e9rale de la Congr\u00e9gation de la Mission (17) - Nous Sommes Vincentiens","robots":{"index":"index","follow":"follow","max-snippet":"max-snippet:-1","max-image-preview":"max-image-preview:large","max-video-preview":"max-video-preview:-1"},"canonical":"http:\/\/vincentians.com\/fr\/histoire-generale-de-la-congregation-de-la-mission-17\/","og_locale":"fr_FR","og_type":"article","og_title":"Histoire g\u00e9n\u00e9rale de la Congr\u00e9gation de la Mission (17) - Nous Sommes Vincentiens","og_description":"XVII. Vaines pr\u00e9tentions de gens sortis de la Compagnie Divers particuliers sortis de la Compagnie non seulement engageaient leur conscience et exposaient leur salut, comme nous venons de voir, mais encore voulurent faire de peine ... Read More","og_url":"http:\/\/vincentians.com\/fr\/histoire-generale-de-la-congregation-de-la-mission-17\/","og_site_name":"Nous Sommes Vincentiens","article_publisher":"https:\/\/www.facebook.com\/WeAreVincentians\/","article_author":"https:\/\/www.facebook.com\/JavierChento","article_published_time":"2014-01-14T18:18:22+00:00","og_image":[{"width":1200,"height":630,"url":"https:\/\/i0.wp.com\/vincentians.com\/fr\/wp-content\/uploads\/sites\/10\/2016\/07\/histoire-generale-de-la-congregation-de-la-mission.jpg?fit=1200%2C630","type":"image\/jpeg"}],"author":"Francisco Javier Fern\u00e1ndez Chento","twitter_card":"summary_large_image","twitter_creator":"@https:\/\/twitter.com\/javierchento","twitter_site":"@WeVincentians","twitter_misc":{"\u00c9crit par":"Francisco Javier Fern\u00e1ndez Chento","Dur\u00e9e de lecture estim\u00e9e":"8 minutes"},"schema":{"@context":"https:\/\/schema.org","@graph":[{"@type":"WebPage","@id":"http:\/\/vincentians.com\/fr\/histoire-generale-de-la-congregation-de-la-mission-17\/","url":"http:\/\/vincentians.com\/fr\/histoire-generale-de-la-congregation-de-la-mission-17\/","name":"Histoire g\u00e9n\u00e9rale de la Congr\u00e9gation de la Mission (17) - Nous Sommes Vincentiens","isPartOf":{"@id":"https:\/\/vincentians.com\/fr\/#website"},"primaryImageOfPage":{"@id":"http:\/\/vincentians.com\/fr\/histoire-generale-de-la-congregation-de-la-mission-17\/#primaryimage"},"image":{"@id":"http:\/\/vincentians.com\/fr\/histoire-generale-de-la-congregation-de-la-mission-17\/#primaryimage"},"thumbnailUrl":"https:\/\/i0.wp.com\/vincentians.com\/fr\/wp-content\/uploads\/sites\/10\/2016\/07\/histoire-generale-de-la-congregation-de-la-mission.jpg?fit=1200%2C630","datePublished":"2014-01-14T18:18:22+00:00","author":{"@id":"https:\/\/vincentians.com\/fr\/#\/schema\/person\/9623ef4d9aa3b2dfb8c061f1499288f2"},"breadcrumb":{"@id":"http:\/\/vincentians.com\/fr\/histoire-generale-de-la-congregation-de-la-mission-17\/#breadcrumb"},"inLanguage":"fr-FR","potentialAction":[{"@type":"ReadAction","target":["http:\/\/vincentians.com\/fr\/histoire-generale-de-la-congregation-de-la-mission-17\/"]}]},{"@type":"ImageObject","inLanguage":"fr-FR","@id":"http:\/\/vincentians.com\/fr\/histoire-generale-de-la-congregation-de-la-mission-17\/#primaryimage","url":"https:\/\/i0.wp.com\/vincentians.com\/fr\/wp-content\/uploads\/sites\/10\/2016\/07\/histoire-generale-de-la-congregation-de-la-mission.jpg?fit=1200%2C630","contentUrl":"https:\/\/i0.wp.com\/vincentians.com\/fr\/wp-content\/uploads\/sites\/10\/2016\/07\/histoire-generale-de-la-congregation-de-la-mission.jpg?fit=1200%2C630","width":1200,"height":630},{"@type":"BreadcrumbList","@id":"http:\/\/vincentians.com\/fr\/histoire-generale-de-la-congregation-de-la-mission-17\/#breadcrumb","itemListElement":[{"@type":"ListItem","position":1,"name":"Portada","item":"https:\/\/vincentians.com\/fr\/"},{"@type":"ListItem","position":2,"name":"Histoire g\u00e9n\u00e9rale de la Congr\u00e9gation de la Mission (17)"}]},{"@type":"WebSite","@id":"https:\/\/vincentians.com\/fr\/#website","url":"https:\/\/vincentians.com\/fr\/","name":"Nous Sommes Vincentiens","description":"Know more to serve more","potentialAction":[{"@type":"SearchAction","target":{"@type":"EntryPoint","urlTemplate":"https:\/\/vincentians.com\/fr\/?s={search_term_string}"},"query-input":{"@type":"PropertyValueSpecification","valueRequired":true,"valueName":"search_term_string"}}],"inLanguage":"fr-FR"},{"@type":"Person","@id":"https:\/\/vincentians.com\/fr\/#\/schema\/person\/9623ef4d9aa3b2dfb8c061f1499288f2","name":"Francisco Javier Fern\u00e1ndez Chento","image":{"@type":"ImageObject","inLanguage":"fr-FR","@id":"https:\/\/vincentians.com\/fr\/#\/schema\/person\/image\/","url":"https:\/\/secure.gravatar.com\/avatar\/497d5cde87b4c3d097d0315953521681ba2cd523ee66e5077c3711f7021e65de?s=96&d=mm&r=g","contentUrl":"https:\/\/secure.gravatar.com\/avatar\/497d5cde87b4c3d097d0315953521681ba2cd523ee66e5077c3711f7021e65de?s=96&d=mm&r=g","caption":"Francisco Javier Fern\u00e1ndez Chento"},"description":"Director General y cofundador de La Red de Formaci\u00f3n Vicenciana. Javier es laico vicenciano, afiliado a la Congregaci\u00f3n de la Misi\u00f3n y miembro del Equipo de Misiones Populares de la provincia can\u00f3nica de Zaragoza (Espa\u00f1a) de la Congregaci\u00f3n de la Misi\u00f3n. Graduado en la Universidad Oberta de Catalunya con cuatro grados (Asistente de direcci\u00f3n, Gesti\u00f3n Administrativa, Recursos Humanos y Contabilidad Avanzada). Bil\u00edng\u00fce Espa\u00f1ol\/Ingl\u00e9s. gestiona y mantiene varias p\u00e1ginas web cristianas y vicencianas, incluida including La Red de Formaci\u00f3n Vicenciana, de la que es cofundador. Actualmente es responsable del \u00e1rea de Espa\u00f1ol de .famvin, la Red de Noticias de la Familia Vicenciana. Tambi\u00e9n es m\u00fasico cat\u00f3lico y ha editado varios discos. Es Director General y cofundador de Trovador, una reconocida compa\u00f1\u00eda discogr\u00e1fica critiana de Espa\u00f1a. Trabaja en las Tecnolog\u00edas de la Informaci\u00f3n, ofreciendo servicios de alojamiento, dise\u00f1o y mantenimiento Web, as\u00ed como asesoramiento, formaci\u00f3n y soluciones inform\u00e1ticas, gesti\u00f3n documental y digitalizaci\u00f3n de textos, edici\u00f3n y maquetaci\u00f3n de libros, revistas, flyers, etc.","sameAs":["http:\/\/chento.org","https:\/\/www.facebook.com\/JavierChento","https:\/\/x.com\/https:\/\/twitter.com\/javierchento"],"url":"http:\/\/vincentians.com\/fr\/author\/chento\/"}]}},"jetpack_publicize_connections":[],"jetpack_featured_media_url":"https:\/\/i0.wp.com\/vincentians.com\/fr\/wp-content\/uploads\/sites\/10\/2016\/07\/histoire-generale-de-la-congregation-de-la-mission.jpg?fit=1200%2C630","jetpack_sharing_enabled":true,"jetpack_shortlink":"https:\/\/wp.me\/p7ETMP-s3H","jetpack-related-posts":[{"id":38477,"url":"http:\/\/vincentians.com\/fr\/le-directeur-provincial-animateur-des-filles-de-la-charite\/","url_meta":{"origin":107861,"position":0},"title":"Le Directeur Provincial \u201canimateur\u201d des Filles de la Charit\u00e9","author":"Francisco Javier Fern\u00e1ndez Chento","date":"03\/10\/2012","format":false,"excerpt":"Dans les Constitutions des Filles de la Charit\u00e9, nous trouvons \u00e0 l\u2019article 3.38: le Directeur Provincial est un pr\u00eatre de la Congr\u00e9gation de la Mission, nomm\u00e9 par le Sup\u00e9rieur G\u00e9n\u00e9ral; \u201cil partage avec la Visitatrice et son Conseil la responsabilit\u00e9 de promouvoir l\u2019esprit vincentien dans la Province\u201d Missionnaire, le directeur\u2026","rel":"","context":"Dans &quot;Congr\u00e9gation de la Mission&quot;","block_context":{"text":"Congr\u00e9gation de la Mission","link":"http:\/\/vincentians.com\/fr\/category\/congregation-de-la-mission\/"},"img":{"alt_text":"","src":"https:\/\/i0.wp.com\/vincentiens.org\/wp-content\/uploads\/2011\/05\/filles_charite-228x300.jpg?resize=350%2C200","width":350,"height":200},"classes":[]},{"id":108223,"url":"http:\/\/vincentians.com\/fr\/histoire-generale-de-la-congregation-de-la-mission-46\/","url_meta":{"origin":107861,"position":1},"title":"Histoire g\u00e9n\u00e9rale de la Congr\u00e9gation de la Mission (46)","author":"Francisco Javier Fern\u00e1ndez Chento","date":"12\/02\/2014","format":false,"excerpt":"XLVI. Vaines pr\u00e9tentions des sujets sortis de la Congr\u00e9gation touchant les v\u0153ux Des personnes m\u00e9contentes de leur vocation et qui sortaient de la Compagnie, pour calmer leur conscience au sujet des v\u0153ux qu\u2019ils y avaient faits, avaient toujours recours ou \u00e0 l\u2019autorit\u00e9 des \u00e9v\u00eaques, lesquels, apr\u00e8s les avoir dispens\u00e9s, les\u2026","rel":"","context":"Dans &quot;Histoire de la Congr\u00e9gation de la Mission&quot;","block_context":{"text":"Histoire de la Congr\u00e9gation de la Mission","link":"http:\/\/vincentians.com\/fr\/category\/histoire-de-la-congregation-de-la-mission\/"},"img":{"alt_text":"","src":"https:\/\/i0.wp.com\/vincentians.com\/fr\/wp-content\/uploads\/sites\/10\/2016\/07\/histoire-generale-de-la-congregation-de-la-mission.jpg?fit=1200%2C630&resize=350%2C200","width":350,"height":200,"srcset":"https:\/\/i0.wp.com\/vincentians.com\/fr\/wp-content\/uploads\/sites\/10\/2016\/07\/histoire-generale-de-la-congregation-de-la-mission.jpg?fit=1200%2C630&resize=350%2C200 1x, https:\/\/i0.wp.com\/vincentians.com\/fr\/wp-content\/uploads\/sites\/10\/2016\/07\/histoire-generale-de-la-congregation-de-la-mission.jpg?fit=1200%2C630&resize=525%2C300 1.5x, https:\/\/i0.wp.com\/vincentians.com\/fr\/wp-content\/uploads\/sites\/10\/2016\/07\/histoire-generale-de-la-congregation-de-la-mission.jpg?fit=1200%2C630&resize=700%2C400 2x, https:\/\/i0.wp.com\/vincentians.com\/fr\/wp-content\/uploads\/sites\/10\/2016\/07\/histoire-generale-de-la-congregation-de-la-mission.jpg?fit=1200%2C630&resize=1050%2C600 3x"},"classes":[]},{"id":54380,"url":"http:\/\/vincentians.com\/fr\/levolution-du-voeu-de-pauvrete-des-pretres-de-la-mission-jusquen-1659\/","url_meta":{"origin":107861,"position":2},"title":"L&rsquo;\u00e9volution Du Voeu De Pauvret\u00e9 Des Pr\u00e9tres De La Mission Jusqu&rsquo;en 1659","author":"Francisco Javier Fern\u00e1ndez Chento","date":"04\/11\/2012","format":false,"excerpt":"Le r\u00e9gime actuel du v\u0153u de pauvret\u00e9 dans la Congr\u00e9gation de la Mission est r\u00e9gl\u00e9 par le bref Alias Nos, promulgu\u00e9 per le pape Alexandre VII, le 12 ao\u00fbt 1659. C'\u00e9tait l\u00e0 un point d'arriv\u00e9e, apr\u00e8s une longue \u00e9laboration de la mati\u00e8re pendant plusieurs ann\u00e9es, et non sans difficult\u00e9s et\u2026","rel":"","context":"Dans &quot;Congr\u00e9gation de la Mission&quot;","block_context":{"text":"Congr\u00e9gation de la Mission","link":"http:\/\/vincentians.com\/fr\/category\/congregation-de-la-mission\/"},"img":{"alt_text":"","src":"https:\/\/i0.wp.com\/vincentiens.org\/wp-content\/uploads\/2011\/11\/logocmotro-216x300.jpg?resize=350%2C200","width":350,"height":200},"classes":[]},{"id":52035,"url":"http:\/\/vincentians.com\/fr\/saint-vincent-de-paul-et-sa-mission-sociale-ii-les-oeuvres-2\/","url_meta":{"origin":107861,"position":3},"title":"Saint Vincent De Paul Et Sa Mission Sociale. II &#8211; Les \u0152uvres (2)","author":"Francisco Javier Fern\u00e1ndez Chento","date":"22\/12\/2014","format":false,"excerpt":"LA CONGR\u00c9GATION DE LA MISSION. \u2014 Fondation de la Mission. \u2014 Madame de Gondi. \u2014 Vincent de Paul est nomm\u00e9 sup\u00e9rieur du coll\u00e8ge des Bons-Enfants. \u2014 Les fondateurs d\u2019ordre. \u2014 But de la Congr\u00e9gation de la Mission. \u2014 L\u2019\u00e9vang\u00e9lisation des pauvres. \u2014 \u00c9tablissement \u00e0 Saint-Lazare. \u2014 Premiers travaux des missionnaires.\u2026","rel":"","context":"Dans &quot;Vincent de Paul&quot;","block_context":{"text":"Vincent de Paul","link":"http:\/\/vincentians.com\/fr\/category\/the-vincentian-family\/founders\/vincent-de-paul\/"},"img":{"alt_text":"","src":"https:\/\/i0.wp.com\/vincentians.com\/fr\/wp-content\/uploads\/sites\/10\/2016\/07\/vincent-et-sa-action-sociale.jpg?fit=1160%2C630&resize=350%2C200","width":350,"height":200,"srcset":"https:\/\/i0.wp.com\/vincentians.com\/fr\/wp-content\/uploads\/sites\/10\/2016\/07\/vincent-et-sa-action-sociale.jpg?fit=1160%2C630&resize=350%2C200 1x, https:\/\/i0.wp.com\/vincentians.com\/fr\/wp-content\/uploads\/sites\/10\/2016\/07\/vincent-et-sa-action-sociale.jpg?fit=1160%2C630&resize=525%2C300 1.5x, https:\/\/i0.wp.com\/vincentians.com\/fr\/wp-content\/uploads\/sites\/10\/2016\/07\/vincent-et-sa-action-sociale.jpg?fit=1160%2C630&resize=700%2C400 2x, https:\/\/i0.wp.com\/vincentians.com\/fr\/wp-content\/uploads\/sites\/10\/2016\/07\/vincent-et-sa-action-sociale.jpg?fit=1160%2C630&resize=1050%2C600 3x"},"classes":[]},{"id":54379,"url":"http:\/\/vincentians.com\/fr\/les-voeux-dans-la-congregation-nature-necessite-et-utilite\/","url_meta":{"origin":107861,"position":4},"title":"Les voeux dans la Congr\u00e9gation: nature, necessit\u00e9 et utilit\u00e9","author":"Francisco Javier Fern\u00e1ndez Chento","date":"03\/11\/2012","format":false,"excerpt":"Remarque pr\u00e9liminaire: Les membres de ce Groupe, constitu\u00e9 par le Sup\u00e9rieur G\u00e9n\u00e9ral (Constitutions n. 54, D\u00e9crets Temporaires n. 2) s'acquittent d'un double devoir: chacun y repr\u00e9sente une section de la Congr\u00e9gation (un groupe linguistique ou g\u00e9ographique), y travaille avec sa propre comp\u00e9tence. En tant que repr\u00e9sentant, il doit veiller \u00e1\u2026","rel":"","context":"Dans &quot;Congr\u00e9gation de la Mission&quot;","block_context":{"text":"Congr\u00e9gation de la Mission","link":"http:\/\/vincentians.com\/fr\/category\/congregation-de-la-mission\/"},"img":{"alt_text":"","src":"https:\/\/i0.wp.com\/vincentiens.org\/wp-content\/uploads\/2011\/08\/logocm-237x300.jpg?resize=350%2C200","width":350,"height":200},"classes":[]},{"id":52068,"url":"http:\/\/vincentians.com\/fr\/saint-vincent-de-paul-et-sa-mission-sociale-vi-la-posterite-1\/","url_meta":{"origin":107861,"position":5},"title":"Saint Vincent De Paul Et Sa Mission Sociale. VI &#8211; La Post\u00e9rit\u00e9 (1)","author":"Francisco Javier Fern\u00e1ndez Chento","date":"30\/12\/2014","format":false,"excerpt":"L\u2019ACCROISSEMENT. \u2014 Extension des deux familles de saint Vincent de Paul. \u2014 Progr\u00e8s de leurs \u0153uvres. \u2014 Les missions \u00e9trang\u00e8res et les s\u00e9minaires. \u2014 Les successeurs de saint Vincent. \u2014 Congr\u00e9gations religieuses fond\u00e9es sur le mod\u00e8le de la Mission. \u2014 Les Filles de la Charit\u00e9 en France et \u00e0 l\u2019\u00e9tranger.\u2026","rel":"","context":"Dans &quot;Vincent de Paul&quot;","block_context":{"text":"Vincent de Paul","link":"http:\/\/vincentians.com\/fr\/category\/the-vincentian-family\/founders\/vincent-de-paul\/"},"img":{"alt_text":"","src":"https:\/\/i0.wp.com\/vincentians.com\/fr\/wp-content\/uploads\/sites\/10\/2016\/07\/vincent-et-sa-action-sociale.jpg?fit=1160%2C630&resize=350%2C200","width":350,"height":200,"srcset":"https:\/\/i0.wp.com\/vincentians.com\/fr\/wp-content\/uploads\/sites\/10\/2016\/07\/vincent-et-sa-action-sociale.jpg?fit=1160%2C630&resize=350%2C200 1x, https:\/\/i0.wp.com\/vincentians.com\/fr\/wp-content\/uploads\/sites\/10\/2016\/07\/vincent-et-sa-action-sociale.jpg?fit=1160%2C630&resize=525%2C300 1.5x, https:\/\/i0.wp.com\/vincentians.com\/fr\/wp-content\/uploads\/sites\/10\/2016\/07\/vincent-et-sa-action-sociale.jpg?fit=1160%2C630&resize=700%2C400 2x, https:\/\/i0.wp.com\/vincentians.com\/fr\/wp-content\/uploads\/sites\/10\/2016\/07\/vincent-et-sa-action-sociale.jpg?fit=1160%2C630&resize=1050%2C600 3x"},"classes":[]}],"_links":{"self":[{"href":"http:\/\/vincentians.com\/fr\/wp-json\/wp\/v2\/posts\/107861","targetHints":{"allow":["GET"]}}],"collection":[{"href":"http:\/\/vincentians.com\/fr\/wp-json\/wp\/v2\/posts"}],"about":[{"href":"http:\/\/vincentians.com\/fr\/wp-json\/wp\/v2\/types\/post"}],"author":[{"embeddable":true,"href":"http:\/\/vincentians.com\/fr\/wp-json\/wp\/v2\/users\/4"}],"replies":[{"embeddable":true,"href":"http:\/\/vincentians.com\/fr\/wp-json\/wp\/v2\/comments?post=107861"}],"version-history":[{"count":0,"href":"http:\/\/vincentians.com\/fr\/wp-json\/wp\/v2\/posts\/107861\/revisions"}],"wp:featuredmedia":[{"embeddable":true,"href":"http:\/\/vincentians.com\/fr\/wp-json\/wp\/v2\/media\/189808"}],"wp:attachment":[{"href":"http:\/\/vincentians.com\/fr\/wp-json\/wp\/v2\/media?parent=107861"}],"wp:term":[{"taxonomy":"category","embeddable":true,"href":"http:\/\/vincentians.com\/fr\/wp-json\/wp\/v2\/categories?post=107861"},{"taxonomy":"post_tag","embeddable":true,"href":"http:\/\/vincentians.com\/fr\/wp-json\/wp\/v2\/tags?post=107861"}],"curies":[{"name":"wp","href":"https:\/\/api.w.org\/{rel}","templated":true}]}}