{"id":107849,"date":"2016-10-31T04:00:57","date_gmt":"2016-10-31T03:00:57","guid":{"rendered":"http:\/\/vincentiens.org\/?p=107849"},"modified":"2016-10-31T04:00:57","modified_gmt":"2016-10-31T03:00:57","slug":"vincent-de-paul-lettre-0018-a-louise-de-marillac","status":"publish","type":"post","link":"http:\/\/vincentians.com\/fr\/vincent-de-paul-lettre-0018-a-louise-de-marillac\/","title":{"rendered":"Vincent de Paul, Lettre 0018. A Louise De Marillac"},"content":{"rendered":"<p>B\u00e9ni soit Dieu, Mademoiselle, de ce que vous vous portez mieux ! Vous serez la bien venue demain pour communier \u00e0 la messe de Monsieur de la Salle<span id='easy-footnote-1-107849' class='easy-footnote-margin-adjust'><\/span><span class='easy-footnote'><a href='http:\/\/vincentians.com\/fr\/vincent-de-paul-lettre-0018-a-louise-de-marillac\/#easy-footnote-bottom-1-107849' title='Jean de la Salle, que saint Vincent appelle un \u00abgrand missionnaire\u00bb et que l&amp;rsquo;\u00e9v\u00eaque de Beauvais estimait le \u00abplus fort en raisonnement\u00bb qu&amp;rsquo;il e\u00fbt jamais connu (Conf\u00e9rence de saint Vincent, 5 ao\u00fbt 1659), \u00e9tait n\u00e9 \u00e0 Seux (Somme) le 10 septembre 1598 et avait offert ses services \u00e0 saint Vincent en avril 1626. En 1631, il pr\u00eachait en Champagne ; en 1634, 1635 et 1636, il travaillait dans la Gironde et les r\u00e9gions environnantes. Quand s&amp;rsquo;ouvrit, en juin 1637, le s\u00e9minaire interne de Saint-Lazare, on lui en confia la direction. L&amp;rsquo;ann\u00e9e suivante, il reprenait ses missions Les exercices des ordinands l&amp;rsquo;occup\u00e8rent ensuite jusqu&amp;rsquo;\u00e0 la fin de sa vie. Il mourut le 9 octobre 1639, tr\u00e8s regrett\u00e9 de saint Vincent, qui perdait en lui un de ses meilleurs ouvriers.'><sup>1<\/sup><\/a><\/span>, car pour moi, je suis oblig\u00e9 de la dire de matin, ce \u00e0 cause d&rsquo;une assembl\u00e9e d&rsquo;eccl\u00e9siastiques qui se doit faire demain au matin c\u00e9ans, qui tiendra jusques \u00e0 midi<span id='easy-footnote-2-107849' class='easy-footnote-margin-adjust'><\/span><span class='easy-footnote'><a href='http:\/\/vincentians.com\/fr\/vincent-de-paul-lettre-0018-a-louise-de-marillac\/#easy-footnote-bottom-2-107849' title='L&amp;rsquo;oeuvre des conf\u00e9rences spirituelles ne fut d\u00e9finitivement organis\u00e9e que plus tard, en 1633. Il est permis de croire toutefois que des conf\u00e9rences se donnaient de temps \u00e0 autre avant cette date au coll\u00e8ge des Bons-Enfants. Nous savons que de nombreux eccl\u00e9siastiques, attir\u00e9s par Bourdoise et Le F\u00e9ron, se r\u00e9unissaient en ce lieu pour conf\u00e9rer ensemble, avant m\u00eame que saint Vincent e\u00fbt pris possession de l&amp;rsquo;immeuble. (Histoire du S\u00e9minaire de Saint-Nicolas-du-Chadordonnet, par P. Schoenher, 1909-1911, 2 vol. in-8\u00b0, t. I, p. 97.)'><sup>2<\/sup><\/a><\/span>, Je ne crains pas maintenant tant la chapelle qu&rsquo;en \u00e9t\u00e9. S&rsquo;il pla\u00eet \u00e0 Mademoiselle Gu\u00e9rin<span id='easy-footnote-3-107849' class='easy-footnote-margin-adjust'><\/span><span class='easy-footnote'><a href='http:\/\/vincentians.com\/fr\/vincent-de-paul-lettre-0018-a-louise-de-marillac\/#easy-footnote-bottom-3-107849' title='\u00c9pouse de Gilles Gu\u00e9rin, conseiller du roi et correcteur des comptes. Elle habitait rue Saint-Victor, tout pr\u00e8s du coll\u00e8ge des Bons-Enfants.'><sup>3<\/sup><\/a><\/span> de venir, elle sera la bien venue, avant que je parte, dont je vous donnerai avis.<\/p>\n<p>Et pour l&rsquo;argent de la Charit\u00e9 de Mademoiselle du Fay, tr\u00e8s volontiers j&rsquo;approuve l&rsquo;usage que vous en d\u00e9sirez faire, \u00e9tant au reste bien aise de la r\u00e9solution que ces bonnes filles<span id='easy-footnote-4-107849' class='easy-footnote-margin-adjust'><\/span><span class='easy-footnote'><a href='http:\/\/vincentians.com\/fr\/vincent-de-paul-lettre-0018-a-louise-de-marillac\/#easy-footnote-bottom-4-107849' title='Probablement les membres de la Charit\u00e9.'><sup>4<\/sup><\/a><\/span> ont prise de mettre tout en commun, et ne manquerai demain \u00e0 la messe, tout mis\u00e9rable p\u00e9cheur que je suis, de les offrir \u00e0 Notre-Seigneur, en l&rsquo;amour duquel je suis votre tr\u00e8s humble serviteur.<\/p>\n<p align=\"right\">VINCENT DEPAUL.<\/p>\n<p><i>Suscription : <\/i>A Mademoiselle Mademoiselle Le Gras.<\/p>\n","protected":false},"excerpt":{"rendered":"<p>B\u00e9ni soit Dieu, Mademoiselle, de ce que vous vous portez mieux ! Vous serez la bien venue demain pour communier \u00e0 la messe de Monsieur de la Salle, car pour moi, je suis oblig\u00e9 de &#8230; <a href=\"http:\/\/vincentians.com\/fr\/vincent-de-paul-lettre-0018-a-louise-de-marillac\/\" class=\"more-link\">Read More<\/a><\/p>\n","protected":false},"author":4,"featured_media":189779,"comment_status":"open","ping_status":"open","sticky":false,"template":"","format":"standard","meta":{"jetpack_post_was_ever_published":false,"_jetpack_newsletter_access":"","_jetpack_dont_email_post_to_subs":false,"_jetpack_newsletter_tier_id":0,"_jetpack_memberships_contains_paywalled_content":false,"_jetpack_memberships_contains_paid_content":false,"footnotes":"","jetpack_publicize_message":"","jetpack_publicize_feature_enabled":true,"jetpack_social_post_already_shared":true,"jetpack_social_options":{"image_generator_settings":{"template":"highway","default_image_id":0,"font":"","enabled":false},"version":2}},"categories":[116],"tags":[],"class_list":["post-107849","post","type-post","status-publish","format-standard","has-post-thumbnail","hentry","category-ecrits-de-vincent-de-paul"],"yoast_head":"<!-- This site is optimized with the Yoast SEO plugin v26.3 - https:\/\/yoast.com\/wordpress\/plugins\/seo\/ -->\n<title>Vincent de Paul, Lettre 0018. A Louise De Marillac - Nous Sommes Vincentiens<\/title>\n<meta name=\"robots\" content=\"index, follow, max-snippet:-1, max-image-preview:large, max-video-preview:-1\" \/>\n<link rel=\"canonical\" href=\"http:\/\/vincentians.com\/fr\/vincent-de-paul-lettre-0018-a-louise-de-marillac\/\" \/>\n<meta property=\"og:locale\" content=\"fr_FR\" \/>\n<meta property=\"og:type\" content=\"article\" \/>\n<meta property=\"og:title\" content=\"Vincent de Paul, Lettre 0018. A Louise De Marillac - Nous Sommes Vincentiens\" \/>\n<meta property=\"og:description\" content=\"B\u00e9ni soit Dieu, Mademoiselle, de ce que vous vous portez mieux ! Vous serez la bien venue demain pour communier \u00e0 la messe de Monsieur de la Salle, car pour moi, je suis oblig\u00e9 de ... Read More\" \/>\n<meta property=\"og:url\" content=\"http:\/\/vincentians.com\/fr\/vincent-de-paul-lettre-0018-a-louise-de-marillac\/\" \/>\n<meta property=\"og:site_name\" content=\"Nous Sommes Vincentiens\" \/>\n<meta property=\"article:publisher\" content=\"https:\/\/www.facebook.com\/WeAreVincentians\/\" \/>\n<meta property=\"article:author\" content=\"https:\/\/www.facebook.com\/JavierChento\" \/>\n<meta property=\"article:published_time\" content=\"2016-10-31T03:00:57+00:00\" \/>\n<meta property=\"og:image\" content=\"https:\/\/i0.wp.com\/vincentians.com\/fr\/wp-content\/uploads\/sites\/10\/2016\/07\/cartas-vicente-de-paul.jpg?fit=1200%2C630\" \/>\n\t<meta property=\"og:image:width\" content=\"1200\" \/>\n\t<meta property=\"og:image:height\" content=\"630\" \/>\n\t<meta property=\"og:image:type\" content=\"image\/jpeg\" \/>\n<meta name=\"author\" content=\"Francisco Javier Fern\u00e1ndez Chento\" \/>\n<meta name=\"twitter:card\" content=\"summary_large_image\" \/>\n<meta name=\"twitter:creator\" content=\"@https:\/\/twitter.com\/javierchento\" \/>\n<meta name=\"twitter:site\" content=\"@WeVincentians\" \/>\n<meta name=\"twitter:label1\" content=\"\u00c9crit par\" \/>\n\t<meta name=\"twitter:data1\" content=\"Francisco Javier Fern\u00e1ndez Chento\" \/>\n\t<meta name=\"twitter:label2\" content=\"Dur\u00e9e de lecture estim\u00e9e\" \/>\n\t<meta name=\"twitter:data2\" content=\"2 minutes\" \/>\n<script type=\"application\/ld+json\" class=\"yoast-schema-graph\">{\"@context\":\"https:\/\/schema.org\",\"@graph\":[{\"@type\":\"WebPage\",\"@id\":\"http:\/\/vincentians.com\/fr\/vincent-de-paul-lettre-0018-a-louise-de-marillac\/\",\"url\":\"http:\/\/vincentians.com\/fr\/vincent-de-paul-lettre-0018-a-louise-de-marillac\/\",\"name\":\"Vincent de Paul, Lettre 0018. A Louise De Marillac - Nous Sommes Vincentiens\",\"isPartOf\":{\"@id\":\"https:\/\/vincentians.com\/fr\/#website\"},\"primaryImageOfPage\":{\"@id\":\"http:\/\/vincentians.com\/fr\/vincent-de-paul-lettre-0018-a-louise-de-marillac\/#primaryimage\"},\"image\":{\"@id\":\"http:\/\/vincentians.com\/fr\/vincent-de-paul-lettre-0018-a-louise-de-marillac\/#primaryimage\"},\"thumbnailUrl\":\"https:\/\/i0.wp.com\/vincentians.com\/fr\/wp-content\/uploads\/sites\/10\/2016\/07\/cartas-vicente-de-paul.jpg?fit=1200%2C630\",\"datePublished\":\"2016-10-31T03:00:57+00:00\",\"author\":{\"@id\":\"https:\/\/vincentians.com\/fr\/#\/schema\/person\/9623ef4d9aa3b2dfb8c061f1499288f2\"},\"breadcrumb\":{\"@id\":\"http:\/\/vincentians.com\/fr\/vincent-de-paul-lettre-0018-a-louise-de-marillac\/#breadcrumb\"},\"inLanguage\":\"fr-FR\",\"potentialAction\":[{\"@type\":\"ReadAction\",\"target\":[\"http:\/\/vincentians.com\/fr\/vincent-de-paul-lettre-0018-a-louise-de-marillac\/\"]}]},{\"@type\":\"ImageObject\",\"inLanguage\":\"fr-FR\",\"@id\":\"http:\/\/vincentians.com\/fr\/vincent-de-paul-lettre-0018-a-louise-de-marillac\/#primaryimage\",\"url\":\"https:\/\/i0.wp.com\/vincentians.com\/fr\/wp-content\/uploads\/sites\/10\/2016\/07\/cartas-vicente-de-paul.jpg?fit=1200%2C630\",\"contentUrl\":\"https:\/\/i0.wp.com\/vincentians.com\/fr\/wp-content\/uploads\/sites\/10\/2016\/07\/cartas-vicente-de-paul.jpg?fit=1200%2C630\",\"width\":1200,\"height\":630},{\"@type\":\"BreadcrumbList\",\"@id\":\"http:\/\/vincentians.com\/fr\/vincent-de-paul-lettre-0018-a-louise-de-marillac\/#breadcrumb\",\"itemListElement\":[{\"@type\":\"ListItem\",\"position\":1,\"name\":\"Portada\",\"item\":\"https:\/\/vincentians.com\/fr\/\"},{\"@type\":\"ListItem\",\"position\":2,\"name\":\"Vincent de Paul, Lettre 0018. A Louise De Marillac\"}]},{\"@type\":\"WebSite\",\"@id\":\"https:\/\/vincentians.com\/fr\/#website\",\"url\":\"https:\/\/vincentians.com\/fr\/\",\"name\":\"Nous Sommes Vincentiens\",\"description\":\"Know more to serve more\",\"potentialAction\":[{\"@type\":\"SearchAction\",\"target\":{\"@type\":\"EntryPoint\",\"urlTemplate\":\"https:\/\/vincentians.com\/fr\/?s={search_term_string}\"},\"query-input\":{\"@type\":\"PropertyValueSpecification\",\"valueRequired\":true,\"valueName\":\"search_term_string\"}}],\"inLanguage\":\"fr-FR\"},{\"@type\":\"Person\",\"@id\":\"https:\/\/vincentians.com\/fr\/#\/schema\/person\/9623ef4d9aa3b2dfb8c061f1499288f2\",\"name\":\"Francisco Javier Fern\u00e1ndez Chento\",\"image\":{\"@type\":\"ImageObject\",\"inLanguage\":\"fr-FR\",\"@id\":\"https:\/\/vincentians.com\/fr\/#\/schema\/person\/image\/\",\"url\":\"https:\/\/secure.gravatar.com\/avatar\/497d5cde87b4c3d097d0315953521681ba2cd523ee66e5077c3711f7021e65de?s=96&d=mm&r=g\",\"contentUrl\":\"https:\/\/secure.gravatar.com\/avatar\/497d5cde87b4c3d097d0315953521681ba2cd523ee66e5077c3711f7021e65de?s=96&d=mm&r=g\",\"caption\":\"Francisco Javier Fern\u00e1ndez Chento\"},\"description\":\"Director General y cofundador de La Red de Formaci\u00f3n Vicenciana. Javier es laico vicenciano, afiliado a la Congregaci\u00f3n de la Misi\u00f3n y miembro del Equipo de Misiones Populares de la provincia can\u00f3nica de Zaragoza (Espa\u00f1a) de la Congregaci\u00f3n de la Misi\u00f3n. Graduado en la Universidad Oberta de Catalunya con cuatro grados (Asistente de direcci\u00f3n, Gesti\u00f3n Administrativa, Recursos Humanos y Contabilidad Avanzada). Bil\u00edng\u00fce Espa\u00f1ol\/Ingl\u00e9s. gestiona y mantiene varias p\u00e1ginas web cristianas y vicencianas, incluida including La Red de Formaci\u00f3n Vicenciana, de la que es cofundador. Actualmente es responsable del \u00e1rea de Espa\u00f1ol de .famvin, la Red de Noticias de la Familia Vicenciana. Tambi\u00e9n es m\u00fasico cat\u00f3lico y ha editado varios discos. Es Director General y cofundador de Trovador, una reconocida compa\u00f1\u00eda discogr\u00e1fica critiana de Espa\u00f1a. Trabaja en las Tecnolog\u00edas de la Informaci\u00f3n, ofreciendo servicios de alojamiento, dise\u00f1o y mantenimiento Web, as\u00ed como asesoramiento, formaci\u00f3n y soluciones inform\u00e1ticas, gesti\u00f3n documental y digitalizaci\u00f3n de textos, edici\u00f3n y maquetaci\u00f3n de libros, revistas, flyers, etc.\",\"sameAs\":[\"http:\/\/chento.org\",\"https:\/\/www.facebook.com\/JavierChento\",\"https:\/\/x.com\/https:\/\/twitter.com\/javierchento\"],\"url\":\"http:\/\/vincentians.com\/fr\/author\/chento\/\"}]}<\/script>\n<!-- \/ Yoast SEO plugin. -->","yoast_head_json":{"title":"Vincent de Paul, Lettre 0018. A Louise De Marillac - Nous Sommes Vincentiens","robots":{"index":"index","follow":"follow","max-snippet":"max-snippet:-1","max-image-preview":"max-image-preview:large","max-video-preview":"max-video-preview:-1"},"canonical":"http:\/\/vincentians.com\/fr\/vincent-de-paul-lettre-0018-a-louise-de-marillac\/","og_locale":"fr_FR","og_type":"article","og_title":"Vincent de Paul, Lettre 0018. A Louise De Marillac - Nous Sommes Vincentiens","og_description":"B\u00e9ni soit Dieu, Mademoiselle, de ce que vous vous portez mieux ! Vous serez la bien venue demain pour communier \u00e0 la messe de Monsieur de la Salle, car pour moi, je suis oblig\u00e9 de ... Read More","og_url":"http:\/\/vincentians.com\/fr\/vincent-de-paul-lettre-0018-a-louise-de-marillac\/","og_site_name":"Nous Sommes Vincentiens","article_publisher":"https:\/\/www.facebook.com\/WeAreVincentians\/","article_author":"https:\/\/www.facebook.com\/JavierChento","article_published_time":"2016-10-31T03:00:57+00:00","og_image":[{"width":1200,"height":630,"url":"https:\/\/i0.wp.com\/vincentians.com\/fr\/wp-content\/uploads\/sites\/10\/2016\/07\/cartas-vicente-de-paul.jpg?fit=1200%2C630","type":"image\/jpeg"}],"author":"Francisco Javier Fern\u00e1ndez Chento","twitter_card":"summary_large_image","twitter_creator":"@https:\/\/twitter.com\/javierchento","twitter_site":"@WeVincentians","twitter_misc":{"\u00c9crit par":"Francisco Javier Fern\u00e1ndez Chento","Dur\u00e9e de lecture estim\u00e9e":"2 minutes"},"schema":{"@context":"https:\/\/schema.org","@graph":[{"@type":"WebPage","@id":"http:\/\/vincentians.com\/fr\/vincent-de-paul-lettre-0018-a-louise-de-marillac\/","url":"http:\/\/vincentians.com\/fr\/vincent-de-paul-lettre-0018-a-louise-de-marillac\/","name":"Vincent de Paul, Lettre 0018. A Louise De Marillac - Nous Sommes Vincentiens","isPartOf":{"@id":"https:\/\/vincentians.com\/fr\/#website"},"primaryImageOfPage":{"@id":"http:\/\/vincentians.com\/fr\/vincent-de-paul-lettre-0018-a-louise-de-marillac\/#primaryimage"},"image":{"@id":"http:\/\/vincentians.com\/fr\/vincent-de-paul-lettre-0018-a-louise-de-marillac\/#primaryimage"},"thumbnailUrl":"https:\/\/i0.wp.com\/vincentians.com\/fr\/wp-content\/uploads\/sites\/10\/2016\/07\/cartas-vicente-de-paul.jpg?fit=1200%2C630","datePublished":"2016-10-31T03:00:57+00:00","author":{"@id":"https:\/\/vincentians.com\/fr\/#\/schema\/person\/9623ef4d9aa3b2dfb8c061f1499288f2"},"breadcrumb":{"@id":"http:\/\/vincentians.com\/fr\/vincent-de-paul-lettre-0018-a-louise-de-marillac\/#breadcrumb"},"inLanguage":"fr-FR","potentialAction":[{"@type":"ReadAction","target":["http:\/\/vincentians.com\/fr\/vincent-de-paul-lettre-0018-a-louise-de-marillac\/"]}]},{"@type":"ImageObject","inLanguage":"fr-FR","@id":"http:\/\/vincentians.com\/fr\/vincent-de-paul-lettre-0018-a-louise-de-marillac\/#primaryimage","url":"https:\/\/i0.wp.com\/vincentians.com\/fr\/wp-content\/uploads\/sites\/10\/2016\/07\/cartas-vicente-de-paul.jpg?fit=1200%2C630","contentUrl":"https:\/\/i0.wp.com\/vincentians.com\/fr\/wp-content\/uploads\/sites\/10\/2016\/07\/cartas-vicente-de-paul.jpg?fit=1200%2C630","width":1200,"height":630},{"@type":"BreadcrumbList","@id":"http:\/\/vincentians.com\/fr\/vincent-de-paul-lettre-0018-a-louise-de-marillac\/#breadcrumb","itemListElement":[{"@type":"ListItem","position":1,"name":"Portada","item":"https:\/\/vincentians.com\/fr\/"},{"@type":"ListItem","position":2,"name":"Vincent de Paul, Lettre 0018. A Louise De Marillac"}]},{"@type":"WebSite","@id":"https:\/\/vincentians.com\/fr\/#website","url":"https:\/\/vincentians.com\/fr\/","name":"Nous Sommes Vincentiens","description":"Know more to serve more","potentialAction":[{"@type":"SearchAction","target":{"@type":"EntryPoint","urlTemplate":"https:\/\/vincentians.com\/fr\/?s={search_term_string}"},"query-input":{"@type":"PropertyValueSpecification","valueRequired":true,"valueName":"search_term_string"}}],"inLanguage":"fr-FR"},{"@type":"Person","@id":"https:\/\/vincentians.com\/fr\/#\/schema\/person\/9623ef4d9aa3b2dfb8c061f1499288f2","name":"Francisco Javier Fern\u00e1ndez Chento","image":{"@type":"ImageObject","inLanguage":"fr-FR","@id":"https:\/\/vincentians.com\/fr\/#\/schema\/person\/image\/","url":"https:\/\/secure.gravatar.com\/avatar\/497d5cde87b4c3d097d0315953521681ba2cd523ee66e5077c3711f7021e65de?s=96&d=mm&r=g","contentUrl":"https:\/\/secure.gravatar.com\/avatar\/497d5cde87b4c3d097d0315953521681ba2cd523ee66e5077c3711f7021e65de?s=96&d=mm&r=g","caption":"Francisco Javier Fern\u00e1ndez Chento"},"description":"Director General y cofundador de La Red de Formaci\u00f3n Vicenciana. Javier es laico vicenciano, afiliado a la Congregaci\u00f3n de la Misi\u00f3n y miembro del Equipo de Misiones Populares de la provincia can\u00f3nica de Zaragoza (Espa\u00f1a) de la Congregaci\u00f3n de la Misi\u00f3n. Graduado en la Universidad Oberta de Catalunya con cuatro grados (Asistente de direcci\u00f3n, Gesti\u00f3n Administrativa, Recursos Humanos y Contabilidad Avanzada). Bil\u00edng\u00fce Espa\u00f1ol\/Ingl\u00e9s. gestiona y mantiene varias p\u00e1ginas web cristianas y vicencianas, incluida including La Red de Formaci\u00f3n Vicenciana, de la que es cofundador. Actualmente es responsable del \u00e1rea de Espa\u00f1ol de .famvin, la Red de Noticias de la Familia Vicenciana. Tambi\u00e9n es m\u00fasico cat\u00f3lico y ha editado varios discos. Es Director General y cofundador de Trovador, una reconocida compa\u00f1\u00eda discogr\u00e1fica critiana de Espa\u00f1a. Trabaja en las Tecnolog\u00edas de la Informaci\u00f3n, ofreciendo servicios de alojamiento, dise\u00f1o y mantenimiento Web, as\u00ed como asesoramiento, formaci\u00f3n y soluciones inform\u00e1ticas, gesti\u00f3n documental y digitalizaci\u00f3n de textos, edici\u00f3n y maquetaci\u00f3n de libros, revistas, flyers, etc.","sameAs":["http:\/\/chento.org","https:\/\/www.facebook.com\/JavierChento","https:\/\/x.com\/https:\/\/twitter.com\/javierchento"],"url":"http:\/\/vincentians.com\/fr\/author\/chento\/"}]}},"jetpack_publicize_connections":[],"jetpack_featured_media_url":"https:\/\/i0.wp.com\/vincentians.com\/fr\/wp-content\/uploads\/sites\/10\/2016\/07\/cartas-vicente-de-paul.jpg?fit=1200%2C630","jetpack_sharing_enabled":true,"jetpack_shortlink":"https:\/\/wp.me\/p7ETMP-s3v","jetpack-related-posts":[{"id":42756,"url":"http:\/\/vincentians.com\/fr\/saint-vincent-de-paul-maitre-doraison-lettre-preface\/","url_meta":{"origin":107849,"position":0},"title":"Saint Vincent De Paul, Ma\u00eetre d\u2019Oraison. Lettre pr\u00e9face","author":"Francisco Javier Fern\u00e1ndez Chento","date":"10\/05\/2015","format":false,"excerpt":"Paris, le 7 octobre 1928 MON CHER ABB\u00c9, Ecrivant le 8 avril 1933 \u00e0 M. Coste, pr\u00eatre de la Mission, \u00e9diteur des entretiens de saint Vincent, c'est \u00e0 savoir : les conf\u00e9rences aux missionnaires et aux Filles de la Charit\u00e9, les r\u00e9p\u00e9titions d\u2019oraison, les conseils, avis et lignes de conduite,\u2026","rel":"","context":"Dans &quot;Vincent de Paul&quot;","block_context":{"text":"Vincent de Paul","link":"http:\/\/vincentians.com\/fr\/category\/the-vincentian-family\/founders\/vincent-de-paul\/"},"img":{"alt_text":"","src":"https:\/\/i0.wp.com\/vincentians.com\/fr\/wp-content\/uploads\/sites\/10\/2016\/07\/vincent-maitre-d-oraison.jpg?fit=1200%2C630&resize=350%2C200","width":350,"height":200,"srcset":"https:\/\/i0.wp.com\/vincentians.com\/fr\/wp-content\/uploads\/sites\/10\/2016\/07\/vincent-maitre-d-oraison.jpg?fit=1200%2C630&resize=350%2C200 1x, https:\/\/i0.wp.com\/vincentians.com\/fr\/wp-content\/uploads\/sites\/10\/2016\/07\/vincent-maitre-d-oraison.jpg?fit=1200%2C630&resize=525%2C300 1.5x, https:\/\/i0.wp.com\/vincentians.com\/fr\/wp-content\/uploads\/sites\/10\/2016\/07\/vincent-maitre-d-oraison.jpg?fit=1200%2C630&resize=700%2C400 2x, https:\/\/i0.wp.com\/vincentians.com\/fr\/wp-content\/uploads\/sites\/10\/2016\/07\/vincent-maitre-d-oraison.jpg?fit=1200%2C630&resize=1050%2C600 3x"},"classes":[]},{"id":52020,"url":"http:\/\/vincentians.com\/fr\/saint-vincent-de-paul-et-sa-mission-sociale-i-la-vocation-1\/","url_meta":{"origin":107849,"position":1},"title":"Saint Vincent De Paul Et Sa Mission Sociale. I &#8211; La vocation (1)","author":"Francisco Javier Fern\u00e1ndez Chento","date":"18\/12\/2014","format":false,"excerpt":"L\u2019HOMME ET L\u2019\u0152UVRE \u2014 Le seizi\u00e8me si\u00e8cle et le protestantisme en France. \u2014 Ravages caus\u00e9s par les guerres de religion. \u2014 Changements dans la soci\u00e9t\u00e9. \u2014 Accroissement de la mis\u00e8re. \u2014 L\u2019\u0153uvre nouvelle de la Charit\u00e9. \u2014 Saint Vincent de Paul. \u2014 Sa mission. \u2014 Naissance et premi\u00e8res ann\u00e9es. \u2014\u2026","rel":"","context":"Dans &quot;Vincent de Paul&quot;","block_context":{"text":"Vincent de Paul","link":"http:\/\/vincentians.com\/fr\/category\/the-vincentian-family\/founders\/vincent-de-paul\/"},"img":{"alt_text":"","src":"https:\/\/i0.wp.com\/vincentians.com\/fr\/wp-content\/uploads\/sites\/10\/2016\/07\/vincent-et-sa-action-sociale.jpg?fit=1160%2C630&resize=350%2C200","width":350,"height":200,"srcset":"https:\/\/i0.wp.com\/vincentians.com\/fr\/wp-content\/uploads\/sites\/10\/2016\/07\/vincent-et-sa-action-sociale.jpg?fit=1160%2C630&resize=350%2C200 1x, https:\/\/i0.wp.com\/vincentians.com\/fr\/wp-content\/uploads\/sites\/10\/2016\/07\/vincent-et-sa-action-sociale.jpg?fit=1160%2C630&resize=525%2C300 1.5x, https:\/\/i0.wp.com\/vincentians.com\/fr\/wp-content\/uploads\/sites\/10\/2016\/07\/vincent-et-sa-action-sociale.jpg?fit=1160%2C630&resize=700%2C400 2x, https:\/\/i0.wp.com\/vincentians.com\/fr\/wp-content\/uploads\/sites\/10\/2016\/07\/vincent-et-sa-action-sociale.jpg?fit=1160%2C630&resize=1050%2C600 3x"},"classes":[]},{"id":52072,"url":"http:\/\/vincentians.com\/fr\/saint-vincent-de-paul-et-sa-mission-sociale-vi-la-posterite-3\/","url_meta":{"origin":107849,"position":2},"title":"Saint Vincent De Paul Et Sa Mission Sociale. VI &#8211; La Post\u00e9rit\u00e9 (3)","author":"Francisco Javier Fern\u00e1ndez Chento","date":"01\/01\/2015","format":false,"excerpt":"LA RESTAURATION. \u2014 R\u00e9sultats de la R\u00e9volution. \u2014 Le retour des Filles de la Charit\u00e9. \u2014 R\u00e9tablissement de la Congr\u00e9gation de la Mission. \u2014 \u00c9preuves et progr\u00e8s. \u2014 La translation du corps de saint Vincent de Paul. \u2014 Une \u00e8re nouvelle de charit\u00e9. \u2014 La Soci\u00e9t\u00e9 de Saint-Vincent-de-Paul. \u2014 \u0152uvres\u2026","rel":"","context":"Dans &quot;Vincent de Paul&quot;","block_context":{"text":"Vincent de Paul","link":"http:\/\/vincentians.com\/fr\/category\/the-vincentian-family\/founders\/vincent-de-paul\/"},"img":{"alt_text":"","src":"https:\/\/i0.wp.com\/vincentians.com\/fr\/wp-content\/uploads\/sites\/10\/2016\/07\/vincent-et-sa-action-sociale.jpg?fit=1160%2C630&resize=350%2C200","width":350,"height":200,"srcset":"https:\/\/i0.wp.com\/vincentians.com\/fr\/wp-content\/uploads\/sites\/10\/2016\/07\/vincent-et-sa-action-sociale.jpg?fit=1160%2C630&resize=350%2C200 1x, https:\/\/i0.wp.com\/vincentians.com\/fr\/wp-content\/uploads\/sites\/10\/2016\/07\/vincent-et-sa-action-sociale.jpg?fit=1160%2C630&resize=525%2C300 1.5x, https:\/\/i0.wp.com\/vincentians.com\/fr\/wp-content\/uploads\/sites\/10\/2016\/07\/vincent-et-sa-action-sociale.jpg?fit=1160%2C630&resize=700%2C400 2x, https:\/\/i0.wp.com\/vincentians.com\/fr\/wp-content\/uploads\/sites\/10\/2016\/07\/vincent-et-sa-action-sociale.jpg?fit=1160%2C630&resize=1050%2C600 3x"},"classes":[]},{"id":52054,"url":"http:\/\/vincentians.com\/fr\/saint-vincent-de-paul-et-sa-mission-sociale-iii-laction-2\/","url_meta":{"origin":107849,"position":3},"title":"Saint Vincent De Paul Et Sa Mission Sociale. III &#8211; L\u2019action (2)","author":"Francisco Javier Fern\u00e1ndez Chento","date":"26\/12\/2014","format":false,"excerpt":"LA RENAISSANCE RELIGIEUSE. \u2014 Le compl\u00e9ment des missions. \u2014 \u00c9tat du clerg\u00e9 depuis le concile de Trente. \u2014 N\u00e9cessit\u00e9 d\u2019une r\u00e9forme. \u2014 Les exercices des ordinands. \u2014 Saint-Lazare. \u2014 La conf\u00e9rence du mardi. \u2014 Bossuet. \u2014 Les retraites spirituelles. \u2014 Le coll\u00e8ge des Bons-Enfants. \u2014 Vincent de Paul et Olier.\u2026","rel":"","context":"Dans &quot;Vincent de Paul&quot;","block_context":{"text":"Vincent de Paul","link":"http:\/\/vincentians.com\/fr\/category\/the-vincentian-family\/founders\/vincent-de-paul\/"},"img":{"alt_text":"","src":"https:\/\/i0.wp.com\/vincentians.com\/fr\/wp-content\/uploads\/sites\/10\/2016\/07\/vincent-et-sa-action-sociale.jpg?fit=1160%2C630&resize=350%2C200","width":350,"height":200,"srcset":"https:\/\/i0.wp.com\/vincentians.com\/fr\/wp-content\/uploads\/sites\/10\/2016\/07\/vincent-et-sa-action-sociale.jpg?fit=1160%2C630&resize=350%2C200 1x, https:\/\/i0.wp.com\/vincentians.com\/fr\/wp-content\/uploads\/sites\/10\/2016\/07\/vincent-et-sa-action-sociale.jpg?fit=1160%2C630&resize=525%2C300 1.5x, https:\/\/i0.wp.com\/vincentians.com\/fr\/wp-content\/uploads\/sites\/10\/2016\/07\/vincent-et-sa-action-sociale.jpg?fit=1160%2C630&resize=700%2C400 2x, https:\/\/i0.wp.com\/vincentians.com\/fr\/wp-content\/uploads\/sites\/10\/2016\/07\/vincent-et-sa-action-sociale.jpg?fit=1160%2C630&resize=1050%2C600 3x"},"classes":[]},{"id":52068,"url":"http:\/\/vincentians.com\/fr\/saint-vincent-de-paul-et-sa-mission-sociale-vi-la-posterite-1\/","url_meta":{"origin":107849,"position":4},"title":"Saint Vincent De Paul Et Sa Mission Sociale. VI &#8211; La Post\u00e9rit\u00e9 (1)","author":"Francisco Javier Fern\u00e1ndez Chento","date":"30\/12\/2014","format":false,"excerpt":"L\u2019ACCROISSEMENT. \u2014 Extension des deux familles de saint Vincent de Paul. \u2014 Progr\u00e8s de leurs \u0153uvres. \u2014 Les missions \u00e9trang\u00e8res et les s\u00e9minaires. \u2014 Les successeurs de saint Vincent. \u2014 Congr\u00e9gations religieuses fond\u00e9es sur le mod\u00e8le de la Mission. \u2014 Les Filles de la Charit\u00e9 en France et \u00e0 l\u2019\u00e9tranger.\u2026","rel":"","context":"Dans &quot;Vincent de Paul&quot;","block_context":{"text":"Vincent de Paul","link":"http:\/\/vincentians.com\/fr\/category\/the-vincentian-family\/founders\/vincent-de-paul\/"},"img":{"alt_text":"","src":"https:\/\/i0.wp.com\/vincentians.com\/fr\/wp-content\/uploads\/sites\/10\/2016\/07\/vincent-et-sa-action-sociale.jpg?fit=1160%2C630&resize=350%2C200","width":350,"height":200,"srcset":"https:\/\/i0.wp.com\/vincentians.com\/fr\/wp-content\/uploads\/sites\/10\/2016\/07\/vincent-et-sa-action-sociale.jpg?fit=1160%2C630&resize=350%2C200 1x, https:\/\/i0.wp.com\/vincentians.com\/fr\/wp-content\/uploads\/sites\/10\/2016\/07\/vincent-et-sa-action-sociale.jpg?fit=1160%2C630&resize=525%2C300 1.5x, https:\/\/i0.wp.com\/vincentians.com\/fr\/wp-content\/uploads\/sites\/10\/2016\/07\/vincent-et-sa-action-sociale.jpg?fit=1160%2C630&resize=700%2C400 2x, https:\/\/i0.wp.com\/vincentians.com\/fr\/wp-content\/uploads\/sites\/10\/2016\/07\/vincent-et-sa-action-sociale.jpg?fit=1160%2C630&resize=1050%2C600 3x"},"classes":[]},{"id":52033,"url":"http:\/\/vincentians.com\/fr\/saint-vincent-de-paul-et-sa-mission-sociale-ii-les-oeuvres-1\/","url_meta":{"origin":107849,"position":5},"title":"Saint Vincent De Paul Et Sa Mission Sociale. II &#8211; Les \u0152uvres (1)","author":"Francisco Javier Fern\u00e1ndez Chento","date":"21\/12\/2014","format":false,"excerpt":"LES CONFR\u00c9RIES DE LA CHARIT\u00c9. Organisation et d\u00e9veloppement de la confr\u00e9rie de la Charit\u00e9. \u2014 Les domaines du seigneur de Gondi. \u2014 Premi\u00e8re id\u00e9e de la congr\u00e9gation de la Mission. \u2014 Vincent de Paul devient aum\u00f4nier royal des gal\u00e8res et sup\u00e9rieur des religieuses de la Visitation. \u2014 Saint Fran\u00e7ois de\u2026","rel":"","context":"Dans &quot;Vincent de Paul&quot;","block_context":{"text":"Vincent de Paul","link":"http:\/\/vincentians.com\/fr\/category\/the-vincentian-family\/founders\/vincent-de-paul\/"},"img":{"alt_text":"","src":"https:\/\/i0.wp.com\/vincentians.com\/fr\/wp-content\/uploads\/sites\/10\/2016\/07\/vincent-et-sa-action-sociale.jpg?fit=1160%2C630&resize=350%2C200","width":350,"height":200,"srcset":"https:\/\/i0.wp.com\/vincentians.com\/fr\/wp-content\/uploads\/sites\/10\/2016\/07\/vincent-et-sa-action-sociale.jpg?fit=1160%2C630&resize=350%2C200 1x, https:\/\/i0.wp.com\/vincentians.com\/fr\/wp-content\/uploads\/sites\/10\/2016\/07\/vincent-et-sa-action-sociale.jpg?fit=1160%2C630&resize=525%2C300 1.5x, https:\/\/i0.wp.com\/vincentians.com\/fr\/wp-content\/uploads\/sites\/10\/2016\/07\/vincent-et-sa-action-sociale.jpg?fit=1160%2C630&resize=700%2C400 2x, https:\/\/i0.wp.com\/vincentians.com\/fr\/wp-content\/uploads\/sites\/10\/2016\/07\/vincent-et-sa-action-sociale.jpg?fit=1160%2C630&resize=1050%2C600 3x"},"classes":[]}],"_links":{"self":[{"href":"http:\/\/vincentians.com\/fr\/wp-json\/wp\/v2\/posts\/107849","targetHints":{"allow":["GET"]}}],"collection":[{"href":"http:\/\/vincentians.com\/fr\/wp-json\/wp\/v2\/posts"}],"about":[{"href":"http:\/\/vincentians.com\/fr\/wp-json\/wp\/v2\/types\/post"}],"author":[{"embeddable":true,"href":"http:\/\/vincentians.com\/fr\/wp-json\/wp\/v2\/users\/4"}],"replies":[{"embeddable":true,"href":"http:\/\/vincentians.com\/fr\/wp-json\/wp\/v2\/comments?post=107849"}],"version-history":[{"count":0,"href":"http:\/\/vincentians.com\/fr\/wp-json\/wp\/v2\/posts\/107849\/revisions"}],"wp:featuredmedia":[{"embeddable":true,"href":"http:\/\/vincentians.com\/fr\/wp-json\/wp\/v2\/media\/189779"}],"wp:attachment":[{"href":"http:\/\/vincentians.com\/fr\/wp-json\/wp\/v2\/media?parent=107849"}],"wp:term":[{"taxonomy":"category","embeddable":true,"href":"http:\/\/vincentians.com\/fr\/wp-json\/wp\/v2\/categories?post=107849"},{"taxonomy":"post_tag","embeddable":true,"href":"http:\/\/vincentians.com\/fr\/wp-json\/wp\/v2\/tags?post=107849"}],"curies":[{"name":"wp","href":"https:\/\/api.w.org\/{rel}","templated":true}]}}