{"id":107818,"date":"2014-01-10T11:12:25","date_gmt":"2014-01-10T10:12:25","guid":{"rendered":"http:\/\/vincentiens.org\/?p=107818"},"modified":"2014-01-10T11:12:25","modified_gmt":"2014-01-10T10:12:25","slug":"bapteme-du-seigneur-a-jose-antonio-pagola","status":"publish","type":"post","link":"http:\/\/vincentians.com\/fr\/bapteme-du-seigneur-a-jose-antonio-pagola\/","title":{"rendered":"Bapt\u00eame du Seigneur (A) [Jos\u00e9 Antonio Pagola]"},"content":{"rendered":"<h2><b>Une nouvelle \u00e9tape<\/b><\/h2>\n<p><a href=\"https:\/\/i0.wp.com\/vincentiens.org\/wp-content\/uploads\/2013\/11\/jose_antonio_pagola.jpg\"><img data-recalc-dims=\"1\" loading=\"lazy\" decoding=\"async\" class=\"alignright size-full wp-image-106934\" alt=\"jose_antonio_pagola\" src=\"https:\/\/i0.wp.com\/vincentiens.org\/wp-content\/uploads\/2013\/11\/jose_antonio_pagola.jpg?resize=257%2C264\" width=\"257\" height=\"264\" \/><\/a>Avant d\u2019\u00e9crire sur l\u2019activit\u00e9 proph\u00e9tique de J\u00e9sus, les \u00e9vang\u00e9listes nous parlent d\u2019une exp\u00e9rience qui va transformer radicalement sa vie. Apr\u00e8s avoir re\u00e7u le bapt\u00eame de Jean, J\u00e9sus se sent le Fils aim\u00e9 de Dieu, habit\u00e9 pleinement par son Esprit. Pouss\u00e9 par cet Esprit, il se met en marche pour annoncer \u00e0 tous, \u00e0 travers sa vie et son message, la Bonne Nouvelle d\u2019un Dieu ami et sauveur de l\u2019\u00eatre humain.<\/p>\n<p>Il n\u2019est pas \u00e9tonnant que le Pape Fran\u00e7ois, en nous invitant \u00e0 vivre lors des prochaines ann\u00e9es \u00ab une nouvelle \u00e9tape d\u2019\u00e9vang\u00e9lisation \u00bb, nous rappelle que l\u2019Eglise a plus que jamais besoin d\u2019 \u00ab \u00e9vang\u00e9lisateurs avec Esprit \u00bb. Il sait tr\u00e8s bien que seul l\u2019Esprit de J\u00e9sus peut nous\u00a0 donner la force\u00a0 de mettre en marche la conversion radicale dont l\u2019Eglise a besoin.\u00a0 Mais, par quels chemins ?<\/p>\n<p>Ce renouveau de l\u2019Eglise ne peut na\u00eetre que de la nouveaut\u00e9 de l\u2019Evangile. Le Pape veut que les gens d\u2019aujourd\u2019hui entendent le m\u00eame message que J\u00e9sus proclamait \u00e0 travers les chemins de Galil\u00e9e et\u00a0 pas un autre diff\u00e9rent. Il nous faut \u00ab revenir \u00e0 la source\u00a0 et r\u00e9cup\u00e9rer la fra\u00eecheur originale de\u00a0 l\u2019Evangile \u00bb. C\u2019est seulement de cette fa\u00e7on, que nous \u00ab pourrons rompre les sch\u00e9mas ennuyants o\u00f9 nous pr\u00e9tendons enfermer J\u00e9sus-Christ \u00bb.<\/p>\n<p>Le Pape est en train de penser \u00e0 un renouveau radical, \u00ab qui ne peut pas laisser les choses tel quel : une simple administration n\u2019est plus suffisante. \u00bb C\u2019est pourquoi, il nous demande \u00ab d\u2019abandonner le confortable crit\u00e8re pastoral de l\u2019on a toujours fait pareil \u00bb. Il insiste\u00a0 mille et une fois : \u00ab J\u2019invite tous \u00e0 \u00eatre audacieux et cr\u00e9atifs dans cette t\u00e2che de repenser les objectifs, les structures, le style et les m\u00e9thodes d\u2019\u00e9vang\u00e9lisation de nos\u00a0 propres communaut\u00e9s.\u00bb<\/p>\n<p>Fran\u00e7ois cherche une Eglise o\u00f9 nous n\u2019aurons d\u2019autre souci que de communiquer la Bonne Nouvelle de J\u00e9sus au monde actuel. \u00ab Plut\u00f4t que la crainte de nous tromper, j\u2019esp\u00e8re que nous serons motiv\u00e9s\u00a0 par la crainte de ne pas nous enfermer dans des structures\u00a0 qui nous donnent une fausse assurance dans des normes qui font des nous des juges implacables, dans des coutumes o\u00f9 nous\u00a0 nous sentons tranquilles, alors qu\u2019il y a dehors une multitude affam\u00e9e et J\u00e9sus nous r\u00e9p\u00e8te sans se lasser : \u00ab Donnez leur vous-m\u00eames \u00e0 manger.\u00bb<\/p>\n<p>Le Pape veut que nous construisions \u00ab une Eglise aux portes ouvertes \u00bb, car la joie de l\u2019Evangile appartient \u00e0 tous et personne n\u2019en doit \u00eatre exclu.\u00a0 Quelle joie que de pouvoir \u00e9couter de ses l\u00e8vres une vision de l\u2019Eglise qui r\u00e9cup\u00e8re l\u2019esprit le plus\u00a0 authentique de J\u00e9sus\u00a0 en brisant des attitudes tr\u00e8s enracin\u00e9es\u00a0 durant des si\u00e8cles !\u00a0 \u00ab Nous nous comportons souvent comme des contr\u00f4leurs de la gr\u00e2ce et non pas comme des facilitateurs. Car l\u2019Eglise n\u2019est pas une douane, c\u2019est la maison du P\u00e8re o\u00f9 il y a\u00a0 de la place pour chacun avec le fardeau de sa vie.\u00bb<\/p>\n","protected":false},"excerpt":{"rendered":"<p>Une nouvelle \u00e9tape Avant d\u2019\u00e9crire sur l\u2019activit\u00e9 proph\u00e9tique de J\u00e9sus, les \u00e9vang\u00e9listes nous parlent d\u2019une exp\u00e9rience qui va transformer radicalement sa vie. Apr\u00e8s avoir re\u00e7u le bapt\u00eame de Jean, J\u00e9sus se sent le Fils aim\u00e9 &#8230; <a href=\"http:\/\/vincentians.com\/fr\/bapteme-du-seigneur-a-jose-antonio-pagola\/\" class=\"more-link\">Read More<\/a><\/p>\n","protected":false},"author":4,"featured_media":106934,"comment_status":"open","ping_status":"open","sticky":false,"template":"","format":"standard","meta":{"jetpack_post_was_ever_published":false,"_jetpack_newsletter_access":"","_jetpack_dont_email_post_to_subs":false,"_jetpack_newsletter_tier_id":0,"_jetpack_memberships_contains_paywalled_content":false,"_jetpack_memberships_contains_paid_content":false,"footnotes":"","jetpack_publicize_message":"","jetpack_publicize_feature_enabled":true,"jetpack_social_post_already_shared":true,"jetpack_social_options":{"image_generator_settings":{"template":"highway","default_image_id":0,"font":"","enabled":false},"version":2}},"categories":[141],"tags":[],"class_list":["post-107818","post","type-post","status-publish","format-standard","has-post-thumbnail","hentry","category-homelies-et-reflexions-annee-a"],"yoast_head":"<!-- This site is optimized with the Yoast SEO plugin v26.3 - https:\/\/yoast.com\/wordpress\/plugins\/seo\/ -->\n<title>Bapt\u00eame du Seigneur (A) [Jos\u00e9 Antonio Pagola] - Nous Sommes Vincentiens<\/title>\n<meta name=\"robots\" content=\"index, follow, max-snippet:-1, max-image-preview:large, max-video-preview:-1\" \/>\n<link rel=\"canonical\" href=\"https:\/\/vincentians.com\/fr\/bapteme-du-seigneur-a-jose-antonio-pagola\/\" \/>\n<meta property=\"og:locale\" content=\"fr_FR\" \/>\n<meta property=\"og:type\" content=\"article\" \/>\n<meta property=\"og:title\" content=\"Bapt\u00eame du Seigneur (A) [Jos\u00e9 Antonio Pagola] - Nous Sommes Vincentiens\" \/>\n<meta property=\"og:description\" content=\"Une nouvelle \u00e9tape Avant d\u2019\u00e9crire sur l\u2019activit\u00e9 proph\u00e9tique de J\u00e9sus, les \u00e9vang\u00e9listes nous parlent d\u2019une exp\u00e9rience qui va transformer radicalement sa vie. Apr\u00e8s avoir re\u00e7u le bapt\u00eame de Jean, J\u00e9sus se sent le Fils aim\u00e9 ... Read More\" \/>\n<meta property=\"og:url\" content=\"https:\/\/vincentians.com\/fr\/bapteme-du-seigneur-a-jose-antonio-pagola\/\" \/>\n<meta property=\"og:site_name\" content=\"Nous Sommes Vincentiens\" \/>\n<meta property=\"article:publisher\" content=\"https:\/\/www.facebook.com\/WeAreVincentians\/\" \/>\n<meta property=\"article:author\" content=\"https:\/\/www.facebook.com\/JavierChento\" \/>\n<meta property=\"article:published_time\" content=\"2014-01-10T10:12:25+00:00\" \/>\n<meta name=\"author\" content=\"Francisco Javier Fern\u00e1ndez Chento\" \/>\n<meta name=\"twitter:card\" content=\"summary_large_image\" \/>\n<meta name=\"twitter:creator\" content=\"@https:\/\/twitter.com\/javierchento\" \/>\n<meta name=\"twitter:site\" content=\"@WeVincentians\" \/>\n<meta name=\"twitter:label1\" content=\"\u00c9crit par\" \/>\n\t<meta name=\"twitter:data1\" content=\"Francisco Javier Fern\u00e1ndez Chento\" \/>\n\t<meta name=\"twitter:label2\" content=\"Dur\u00e9e de lecture estim\u00e9e\" \/>\n\t<meta name=\"twitter:data2\" content=\"3 minutes\" \/>\n<script type=\"application\/ld+json\" class=\"yoast-schema-graph\">{\"@context\":\"https:\/\/schema.org\",\"@graph\":[{\"@type\":\"WebPage\",\"@id\":\"https:\/\/vincentians.com\/fr\/bapteme-du-seigneur-a-jose-antonio-pagola\/\",\"url\":\"https:\/\/vincentians.com\/fr\/bapteme-du-seigneur-a-jose-antonio-pagola\/\",\"name\":\"Bapt\u00eame du Seigneur (A) [Jos\u00e9 Antonio Pagola] - Nous Sommes Vincentiens\",\"isPartOf\":{\"@id\":\"http:\/\/vincentians.com\/fr\/#website\"},\"primaryImageOfPage\":{\"@id\":\"https:\/\/vincentians.com\/fr\/bapteme-du-seigneur-a-jose-antonio-pagola\/#primaryimage\"},\"image\":{\"@id\":\"https:\/\/vincentians.com\/fr\/bapteme-du-seigneur-a-jose-antonio-pagola\/#primaryimage\"},\"thumbnailUrl\":\"\",\"datePublished\":\"2014-01-10T10:12:25+00:00\",\"author\":{\"@id\":\"http:\/\/vincentians.com\/fr\/#\/schema\/person\/9623ef4d9aa3b2dfb8c061f1499288f2\"},\"breadcrumb\":{\"@id\":\"https:\/\/vincentians.com\/fr\/bapteme-du-seigneur-a-jose-antonio-pagola\/#breadcrumb\"},\"inLanguage\":\"fr-FR\",\"potentialAction\":[{\"@type\":\"ReadAction\",\"target\":[\"https:\/\/vincentians.com\/fr\/bapteme-du-seigneur-a-jose-antonio-pagola\/\"]}]},{\"@type\":\"ImageObject\",\"inLanguage\":\"fr-FR\",\"@id\":\"https:\/\/vincentians.com\/fr\/bapteme-du-seigneur-a-jose-antonio-pagola\/#primaryimage\",\"url\":\"\",\"contentUrl\":\"\"},{\"@type\":\"BreadcrumbList\",\"@id\":\"https:\/\/vincentians.com\/fr\/bapteme-du-seigneur-a-jose-antonio-pagola\/#breadcrumb\",\"itemListElement\":[{\"@type\":\"ListItem\",\"position\":1,\"name\":\"Portada\",\"item\":\"http:\/\/vincentians.com\/fr\/\"},{\"@type\":\"ListItem\",\"position\":2,\"name\":\"Bapt\u00eame du Seigneur (A) [Jos\u00e9 Antonio Pagola]\"}]},{\"@type\":\"WebSite\",\"@id\":\"http:\/\/vincentians.com\/fr\/#website\",\"url\":\"http:\/\/vincentians.com\/fr\/\",\"name\":\"Nous Sommes Vincentiens\",\"description\":\"Know more to serve more\",\"potentialAction\":[{\"@type\":\"SearchAction\",\"target\":{\"@type\":\"EntryPoint\",\"urlTemplate\":\"http:\/\/vincentians.com\/fr\/?s={search_term_string}\"},\"query-input\":{\"@type\":\"PropertyValueSpecification\",\"valueRequired\":true,\"valueName\":\"search_term_string\"}}],\"inLanguage\":\"fr-FR\"},{\"@type\":\"Person\",\"@id\":\"http:\/\/vincentians.com\/fr\/#\/schema\/person\/9623ef4d9aa3b2dfb8c061f1499288f2\",\"name\":\"Francisco Javier Fern\u00e1ndez Chento\",\"image\":{\"@type\":\"ImageObject\",\"inLanguage\":\"fr-FR\",\"@id\":\"http:\/\/vincentians.com\/fr\/#\/schema\/person\/image\/\",\"url\":\"https:\/\/secure.gravatar.com\/avatar\/497d5cde87b4c3d097d0315953521681ba2cd523ee66e5077c3711f7021e65de?s=96&d=mm&r=g\",\"contentUrl\":\"https:\/\/secure.gravatar.com\/avatar\/497d5cde87b4c3d097d0315953521681ba2cd523ee66e5077c3711f7021e65de?s=96&d=mm&r=g\",\"caption\":\"Francisco Javier Fern\u00e1ndez Chento\"},\"description\":\"Director General y cofundador de La Red de Formaci\u00f3n Vicenciana. Javier es laico vicenciano, afiliado a la Congregaci\u00f3n de la Misi\u00f3n y miembro del Equipo de Misiones Populares de la provincia can\u00f3nica de Zaragoza (Espa\u00f1a) de la Congregaci\u00f3n de la Misi\u00f3n. Graduado en la Universidad Oberta de Catalunya con cuatro grados (Asistente de direcci\u00f3n, Gesti\u00f3n Administrativa, Recursos Humanos y Contabilidad Avanzada). Bil\u00edng\u00fce Espa\u00f1ol\/Ingl\u00e9s. gestiona y mantiene varias p\u00e1ginas web cristianas y vicencianas, incluida including La Red de Formaci\u00f3n Vicenciana, de la que es cofundador. Actualmente es responsable del \u00e1rea de Espa\u00f1ol de .famvin, la Red de Noticias de la Familia Vicenciana. Tambi\u00e9n es m\u00fasico cat\u00f3lico y ha editado varios discos. Es Director General y cofundador de Trovador, una reconocida compa\u00f1\u00eda discogr\u00e1fica critiana de Espa\u00f1a. Trabaja en las Tecnolog\u00edas de la Informaci\u00f3n, ofreciendo servicios de alojamiento, dise\u00f1o y mantenimiento Web, as\u00ed como asesoramiento, formaci\u00f3n y soluciones inform\u00e1ticas, gesti\u00f3n documental y digitalizaci\u00f3n de textos, edici\u00f3n y maquetaci\u00f3n de libros, revistas, flyers, etc.\",\"sameAs\":[\"http:\/\/chento.org\",\"https:\/\/www.facebook.com\/JavierChento\",\"https:\/\/x.com\/https:\/\/twitter.com\/javierchento\"],\"url\":\"http:\/\/vincentians.com\/fr\/author\/chento\/\"}]}<\/script>\n<!-- \/ Yoast SEO plugin. -->","yoast_head_json":{"title":"Bapt\u00eame du Seigneur (A) [Jos\u00e9 Antonio Pagola] - Nous Sommes Vincentiens","robots":{"index":"index","follow":"follow","max-snippet":"max-snippet:-1","max-image-preview":"max-image-preview:large","max-video-preview":"max-video-preview:-1"},"canonical":"https:\/\/vincentians.com\/fr\/bapteme-du-seigneur-a-jose-antonio-pagola\/","og_locale":"fr_FR","og_type":"article","og_title":"Bapt\u00eame du Seigneur (A) [Jos\u00e9 Antonio Pagola] - Nous Sommes Vincentiens","og_description":"Une nouvelle \u00e9tape Avant d\u2019\u00e9crire sur l\u2019activit\u00e9 proph\u00e9tique de J\u00e9sus, les \u00e9vang\u00e9listes nous parlent d\u2019une exp\u00e9rience qui va transformer radicalement sa vie. Apr\u00e8s avoir re\u00e7u le bapt\u00eame de Jean, J\u00e9sus se sent le Fils aim\u00e9 ... Read More","og_url":"https:\/\/vincentians.com\/fr\/bapteme-du-seigneur-a-jose-antonio-pagola\/","og_site_name":"Nous Sommes Vincentiens","article_publisher":"https:\/\/www.facebook.com\/WeAreVincentians\/","article_author":"https:\/\/www.facebook.com\/JavierChento","article_published_time":"2014-01-10T10:12:25+00:00","author":"Francisco Javier Fern\u00e1ndez Chento","twitter_card":"summary_large_image","twitter_creator":"@https:\/\/twitter.com\/javierchento","twitter_site":"@WeVincentians","twitter_misc":{"\u00c9crit par":"Francisco Javier Fern\u00e1ndez Chento","Dur\u00e9e de lecture estim\u00e9e":"3 minutes"},"schema":{"@context":"https:\/\/schema.org","@graph":[{"@type":"WebPage","@id":"https:\/\/vincentians.com\/fr\/bapteme-du-seigneur-a-jose-antonio-pagola\/","url":"https:\/\/vincentians.com\/fr\/bapteme-du-seigneur-a-jose-antonio-pagola\/","name":"Bapt\u00eame du Seigneur (A) [Jos\u00e9 Antonio Pagola] - Nous Sommes Vincentiens","isPartOf":{"@id":"http:\/\/vincentians.com\/fr\/#website"},"primaryImageOfPage":{"@id":"https:\/\/vincentians.com\/fr\/bapteme-du-seigneur-a-jose-antonio-pagola\/#primaryimage"},"image":{"@id":"https:\/\/vincentians.com\/fr\/bapteme-du-seigneur-a-jose-antonio-pagola\/#primaryimage"},"thumbnailUrl":"","datePublished":"2014-01-10T10:12:25+00:00","author":{"@id":"http:\/\/vincentians.com\/fr\/#\/schema\/person\/9623ef4d9aa3b2dfb8c061f1499288f2"},"breadcrumb":{"@id":"https:\/\/vincentians.com\/fr\/bapteme-du-seigneur-a-jose-antonio-pagola\/#breadcrumb"},"inLanguage":"fr-FR","potentialAction":[{"@type":"ReadAction","target":["https:\/\/vincentians.com\/fr\/bapteme-du-seigneur-a-jose-antonio-pagola\/"]}]},{"@type":"ImageObject","inLanguage":"fr-FR","@id":"https:\/\/vincentians.com\/fr\/bapteme-du-seigneur-a-jose-antonio-pagola\/#primaryimage","url":"","contentUrl":""},{"@type":"BreadcrumbList","@id":"https:\/\/vincentians.com\/fr\/bapteme-du-seigneur-a-jose-antonio-pagola\/#breadcrumb","itemListElement":[{"@type":"ListItem","position":1,"name":"Portada","item":"http:\/\/vincentians.com\/fr\/"},{"@type":"ListItem","position":2,"name":"Bapt\u00eame du Seigneur (A) [Jos\u00e9 Antonio Pagola]"}]},{"@type":"WebSite","@id":"http:\/\/vincentians.com\/fr\/#website","url":"http:\/\/vincentians.com\/fr\/","name":"Nous Sommes Vincentiens","description":"Know more to serve more","potentialAction":[{"@type":"SearchAction","target":{"@type":"EntryPoint","urlTemplate":"http:\/\/vincentians.com\/fr\/?s={search_term_string}"},"query-input":{"@type":"PropertyValueSpecification","valueRequired":true,"valueName":"search_term_string"}}],"inLanguage":"fr-FR"},{"@type":"Person","@id":"http:\/\/vincentians.com\/fr\/#\/schema\/person\/9623ef4d9aa3b2dfb8c061f1499288f2","name":"Francisco Javier Fern\u00e1ndez Chento","image":{"@type":"ImageObject","inLanguage":"fr-FR","@id":"http:\/\/vincentians.com\/fr\/#\/schema\/person\/image\/","url":"https:\/\/secure.gravatar.com\/avatar\/497d5cde87b4c3d097d0315953521681ba2cd523ee66e5077c3711f7021e65de?s=96&d=mm&r=g","contentUrl":"https:\/\/secure.gravatar.com\/avatar\/497d5cde87b4c3d097d0315953521681ba2cd523ee66e5077c3711f7021e65de?s=96&d=mm&r=g","caption":"Francisco Javier Fern\u00e1ndez Chento"},"description":"Director General y cofundador de La Red de Formaci\u00f3n Vicenciana. Javier es laico vicenciano, afiliado a la Congregaci\u00f3n de la Misi\u00f3n y miembro del Equipo de Misiones Populares de la provincia can\u00f3nica de Zaragoza (Espa\u00f1a) de la Congregaci\u00f3n de la Misi\u00f3n. Graduado en la Universidad Oberta de Catalunya con cuatro grados (Asistente de direcci\u00f3n, Gesti\u00f3n Administrativa, Recursos Humanos y Contabilidad Avanzada). Bil\u00edng\u00fce Espa\u00f1ol\/Ingl\u00e9s. gestiona y mantiene varias p\u00e1ginas web cristianas y vicencianas, incluida including La Red de Formaci\u00f3n Vicenciana, de la que es cofundador. Actualmente es responsable del \u00e1rea de Espa\u00f1ol de .famvin, la Red de Noticias de la Familia Vicenciana. Tambi\u00e9n es m\u00fasico cat\u00f3lico y ha editado varios discos. Es Director General y cofundador de Trovador, una reconocida compa\u00f1\u00eda discogr\u00e1fica critiana de Espa\u00f1a. Trabaja en las Tecnolog\u00edas de la Informaci\u00f3n, ofreciendo servicios de alojamiento, dise\u00f1o y mantenimiento Web, as\u00ed como asesoramiento, formaci\u00f3n y soluciones inform\u00e1ticas, gesti\u00f3n documental y digitalizaci\u00f3n de textos, edici\u00f3n y maquetaci\u00f3n de libros, revistas, flyers, etc.","sameAs":["http:\/\/chento.org","https:\/\/www.facebook.com\/JavierChento","https:\/\/x.com\/https:\/\/twitter.com\/javierchento"],"url":"http:\/\/vincentians.com\/fr\/author\/chento\/"}]}},"jetpack_publicize_connections":[],"jetpack_featured_media_url":"","jetpack_sharing_enabled":true,"jetpack_shortlink":"https:\/\/wp.me\/p7ETMP-s30","jetpack-related-posts":[{"id":107902,"url":"http:\/\/vincentians.com\/fr\/deuxieme-dimanche-du-temps-ordinaire-a-jose-antonio-pagola\/","url_meta":{"origin":107818,"position":0},"title":"Deuxi\u00e8me dimanche du temps ordinaire (A) [Jos\u00e9 Antonio Pagola]","author":"Francisco Javier Fern\u00e1ndez Chento","date":"18\/01\/2014","format":false,"excerpt":"Avec le feu de l\u2019Esprit Les premi\u00e8res communaut\u00e9s chr\u00e9tiennes ont fait tr\u00e8s attention \u00e0 bien distinguer le bapt\u00eame de Jean, qui immergeait les gens dans les eaux du Jourdain et le bapt\u00eame de J\u00e9sus, qui communiquait son Esprit pour purifier,\u00a0 renouveler et transformer le c\u0153ur de ses disciples. Sans cet\u2026","rel":"","context":"Dans &quot;Hom\u00e9lies et r\u00e9flexions, Ann\u00e9e A&quot;","block_context":{"text":"Hom\u00e9lies et r\u00e9flexions, Ann\u00e9e A","link":"http:\/\/vincentians.com\/fr\/category\/homelies-et-reflexions-annee-a\/"},"img":{"alt_text":"jose_antonio_pagola","src":"https:\/\/i0.wp.com\/vincentiens.org\/wp-content\/uploads\/2013\/11\/jose_antonio_pagola.jpg?resize=350%2C200","width":350,"height":200},"classes":[]},{"id":41345,"url":"http:\/\/vincentians.com\/fr\/la-spiritualite-de-la-fille-de-la-charite\/","url_meta":{"origin":107818,"position":1},"title":"La Spiritualit\u00e9 de la Fille de la Charit\u00e9","author":"Francisco Javier Fern\u00e1ndez Chento","date":"17\/11\/2013","format":false,"excerpt":"Il m\u2019a \u00e9t\u00e9 demand\u00e9 de pr\u00e9senter la spiritualit\u00e9 de la FdlC et comment vivre aujourd\u2019hui la spiritualit\u00e9 de la Compagnie? Je n\u2019ai pas la pr\u00e9tention de faire un expos\u00e9 fondamental sur la spiritualit\u00e9 de la FdlC. Je vais vous partager tout simplement ma mani\u00e8re de pr\u00e9senter notre spiritualit\u00e9 aux jeunes\u2026","rel":"","context":"Dans &quot;Filles de la Charit\u00e9&quot;","block_context":{"text":"Filles de la Charit\u00e9","link":"http:\/\/vincentians.com\/fr\/category\/filles-de-la-charite\/"},"img":{"alt_text":"","src":"https:\/\/i0.wp.com\/vincentiens.org\/wp-content\/uploads\/2011\/05\/cruz_sv-212x300.jpg?resize=350%2C200","width":350,"height":200},"classes":[]},{"id":150901,"url":"http:\/\/vincentians.com\/fr\/bapteme-du-seigneur-jose-antonio-pagola\/","url_meta":{"origin":107818,"position":2},"title":"Bapt\u00eame du Seigneur (Jos\u00e9 Antonio Pagola)","author":"Francisco Javier Fern\u00e1ndez Chento","date":"09\/01\/2015","format":false,"excerpt":"\u00c9couter ce que dit l'Esprit Bapt\u00eame du Seigneur \u2013 B Marc 1,7-11 Les premiers chr\u00e9tiens vivaient convaincus que pour suivre J\u00e9sus il ne suffit pas d\u2019un bapt\u00eame d\u2019eau ou d\u2019un rite semblable. Il faut vivre impr\u00e9gn\u00e9 de son Esprit Saint. C\u2019est pourquoi, on trouve dans les \u00e9vangiles, \u00e0 plusieurs reprises,\u2026","rel":"","context":"Dans &quot;Hom\u00e9lies et r\u00e9flexions, Ann\u00e9e B&quot;","block_context":{"text":"Hom\u00e9lies et r\u00e9flexions, Ann\u00e9e B","link":"http:\/\/vincentians.com\/fr\/category\/homelies-et-reflexions-annee-b\/"},"img":{"alt_text":"pagola","src":"https:\/\/i0.wp.com\/vincentiens.org\/wp-content\/uploads\/2014\/12\/pagola-300x231.jpg?resize=350%2C200","width":350,"height":200},"classes":[]},{"id":39762,"url":"http:\/\/vincentians.com\/fr\/lidentite-de-la-fille-de-la-charite-elements-caracteristiques-et-distinctifs-comment-la-fdlc-peut-elle-la-vivre-aujourdhui\/","url_meta":{"origin":107818,"position":3},"title":"L\u2019identit\u00e9 de la Fille de la Charit\u00e9: \u00c9l\u00e9ments caract\u00e9ristiques et distinctifs. Comment la FdlC peut-elle la vivre aujourd\u2019hui?","author":"Francisco Javier Fern\u00e1ndez Chento","date":"05\/10\/2012","format":false,"excerpt":"Introduction Aujourd\u2019hui, les id\u00e9ologies rationalistes et totalitaires sont en partie tomb\u00e9es, et les grands progr\u00e8s scientifiques et techniques r\u00e9alis\u00e9s offrent sans aucun doute \u00e0 notre monde d\u2019immenses possibilit\u00e9s. Les progr\u00e8s mat\u00e9riels donnent lieu \u00e0 l\u2019am\u00e9lioration des conditions de vie de l\u2019humanit\u00e9 dans diff\u00e9rents domaines de la sant\u00e9, de l\u2019\u00e9ducation et\u2026","rel":"","context":"Dans &quot;Filles de la Charit\u00e9&quot;","block_context":{"text":"Filles de la Charit\u00e9","link":"http:\/\/vincentians.com\/fr\/category\/filles-de-la-charite\/"},"img":{"alt_text":"","src":"https:\/\/i0.wp.com\/vincentiens.org\/wp-content\/uploads\/2011\/05\/cruz_sv-212x300.jpg?resize=350%2C200","width":350,"height":200},"classes":[]},{"id":38477,"url":"http:\/\/vincentians.com\/fr\/le-directeur-provincial-animateur-des-filles-de-la-charite\/","url_meta":{"origin":107818,"position":4},"title":"Le Directeur Provincial \u201canimateur\u201d des Filles de la Charit\u00e9","author":"Francisco Javier Fern\u00e1ndez Chento","date":"03\/10\/2012","format":false,"excerpt":"Dans les Constitutions des Filles de la Charit\u00e9, nous trouvons \u00e0 l\u2019article 3.38: le Directeur Provincial est un pr\u00eatre de la Congr\u00e9gation de la Mission, nomm\u00e9 par le Sup\u00e9rieur G\u00e9n\u00e9ral; \u201cil partage avec la Visitatrice et son Conseil la responsabilit\u00e9 de promouvoir l\u2019esprit vincentien dans la Province\u201d Missionnaire, le directeur\u2026","rel":"","context":"Dans &quot;Congr\u00e9gation de la Mission&quot;","block_context":{"text":"Congr\u00e9gation de la Mission","link":"http:\/\/vincentians.com\/fr\/category\/congregation-de-la-mission\/"},"img":{"alt_text":"","src":"https:\/\/i0.wp.com\/vincentiens.org\/wp-content\/uploads\/2011\/05\/filles_charite-228x300.jpg?resize=350%2C200","width":350,"height":200},"classes":[]},{"id":38257,"url":"http:\/\/vincentians.com\/fr\/elements-dunion-dans-la-famille-vincentienne\/","url_meta":{"origin":107818,"position":5},"title":"\u00c9l\u00e9ments d\u2019union dans la Famille Vincentienne","author":"Francisco Javier Fern\u00e1ndez Chento","date":"04\/08\/2016","format":false,"excerpt":"A. De quelle famille parlons-nous ? Lorsque nous parlons de la Famille Vincentienne nous faisons allusion \u00e0 tous ces groupes d\u2019associations ou \u00e0 des congr\u00e9gations qui, dans leur vie (style) et dans leur action (apostolat), s\u2019inspirent avec diverses nuances, de ce que nous appelons aujourd\u2019hui \u00ab charisme vincentien \u00bb. D\u2019autre\u2026","rel":"","context":"Dans &quot;La Famille Vincentienne&quot;","block_context":{"text":"La Famille Vincentienne","link":"http:\/\/vincentians.com\/fr\/category\/la-famille-vincentienne\/"},"img":{"alt_text":"","src":"https:\/\/i0.wp.com\/vincentians.com\/fr\/wp-content\/uploads\/sites\/10\/2014\/01\/Vincentian-Family-leaders-meeting-in-Paris.jpg?fit=1200%2C630&resize=350%2C200","width":350,"height":200,"srcset":"https:\/\/i0.wp.com\/vincentians.com\/fr\/wp-content\/uploads\/sites\/10\/2014\/01\/Vincentian-Family-leaders-meeting-in-Paris.jpg?fit=1200%2C630&resize=350%2C200 1x, https:\/\/i0.wp.com\/vincentians.com\/fr\/wp-content\/uploads\/sites\/10\/2014\/01\/Vincentian-Family-leaders-meeting-in-Paris.jpg?fit=1200%2C630&resize=525%2C300 1.5x, https:\/\/i0.wp.com\/vincentians.com\/fr\/wp-content\/uploads\/sites\/10\/2014\/01\/Vincentian-Family-leaders-meeting-in-Paris.jpg?fit=1200%2C630&resize=700%2C400 2x, https:\/\/i0.wp.com\/vincentians.com\/fr\/wp-content\/uploads\/sites\/10\/2014\/01\/Vincentian-Family-leaders-meeting-in-Paris.jpg?fit=1200%2C630&resize=1050%2C600 3x"},"classes":[]}],"_links":{"self":[{"href":"http:\/\/vincentians.com\/fr\/wp-json\/wp\/v2\/posts\/107818","targetHints":{"allow":["GET"]}}],"collection":[{"href":"http:\/\/vincentians.com\/fr\/wp-json\/wp\/v2\/posts"}],"about":[{"href":"http:\/\/vincentians.com\/fr\/wp-json\/wp\/v2\/types\/post"}],"author":[{"embeddable":true,"href":"http:\/\/vincentians.com\/fr\/wp-json\/wp\/v2\/users\/4"}],"replies":[{"embeddable":true,"href":"http:\/\/vincentians.com\/fr\/wp-json\/wp\/v2\/comments?post=107818"}],"version-history":[{"count":0,"href":"http:\/\/vincentians.com\/fr\/wp-json\/wp\/v2\/posts\/107818\/revisions"}],"wp:featuredmedia":[{"embeddable":true,"href":"http:\/\/vincentians.com\/fr\/wp-json\/"}],"wp:attachment":[{"href":"http:\/\/vincentians.com\/fr\/wp-json\/wp\/v2\/media?parent=107818"}],"wp:term":[{"taxonomy":"category","embeddable":true,"href":"http:\/\/vincentians.com\/fr\/wp-json\/wp\/v2\/categories?post=107818"},{"taxonomy":"post_tag","embeddable":true,"href":"http:\/\/vincentians.com\/fr\/wp-json\/wp\/v2\/tags?post=107818"}],"curies":[{"name":"wp","href":"https:\/\/api.w.org\/{rel}","templated":true}]}}