{"id":107800,"date":"2017-01-27T00:01:17","date_gmt":"2017-01-26T23:01:17","guid":{"rendered":"http:\/\/vincentiens.org\/?p=107800"},"modified":"2016-08-08T18:33:02","modified_gmt":"2016-08-08T16:33:02","slug":"ephemerides-27-janvier","status":"publish","type":"post","link":"http:\/\/vincentians.com\/fr\/ephemerides-27-janvier\/","title":{"rendered":"Eph\u00e9m\u00e9rides: 27 janvier"},"content":{"rendered":"<p align=\"justify\"><strong>En 1645<\/strong>, \u00e0 <em>Marseille <\/em>, mort de M. Louis Robiche. N\u00e9 en 1610 \u00e0 Mareuil-la-Fert\u00e9, au dioc\u00e8se de Meaux, il fut re\u00e7u dans la Congr\u00e9gation le 31 octobre 1643. Aussit\u00f4t apr\u00e8s son s\u00e9minaire, il fut plac\u00e9 \u00e0 Marseille et charg\u00e9 de s&rsquo;occuper des for\u00e7ats. Il avait trente-cinq ans, lorsqu&rsquo;il mourut de la variole. Dans sa lettre du 3 mai 1645, Monsieur Vincent fait de lui un tr\u00e8s bel \u00e9loge<span id='easy-footnote-1-107800' class='easy-footnote-margin-adjust'><\/span><span class='easy-footnote'><a href='http:\/\/vincentians.com\/fr\/ephemerides-27-janvier\/#easy-footnote-bottom-1-107800' title='Annales, t. 52, p. 191 ; t. 61, p. 10.'><sup>1<\/sup><\/a><\/span>.<\/p>\n<p align=\"justify\"><strong>1916<\/strong>, inauguration de l&rsquo;<em>H\u00f4pital g\u00e9n\u00e9ral de P\u00e9kin<\/em> dont l&rsquo;administration chinoise voulut les Filles de la Charit\u00e9 comme infirmi\u00e8res\u00a0: h\u00f4pital presque exclusivement chinois puisque les malades europ\u00e9ens allaient \u00e0 l&rsquo;H\u00f4pital Saint-Michel, H\u00f4pital des L\u00e9gations. La premi\u00e8re Sup\u00e9rieure conquit son monde par son humilit\u00e9 et sa patience. Elle-m\u00eame allait visiter l&rsquo;Asile des mendiants, pauvres entre les pauvres, pour essayer d&rsquo;am\u00e9liorer leur sort ou tout au moins les consoler. (R)<\/p>\n<p align=\"justify\"><strong>En 1933<\/strong>, \u00e0 <em>P\u00e9kin <\/em>, le vicariat apostolique est en deuil : son chef, <em>Mgr Jarlin<\/em>, meurt vers les trois heures de l&rsquo;apr\u00e8s-midi. Stanislas Jarlin est n\u00e9 \u00e0 S\u00e8te, dans l&rsquo;H\u00e9rault, le 20 janvier 1856. L&rsquo;appel de Dieu vient le tirer d&rsquo;une vie banale de commer\u00e7ant, et le 7 mai 1884, il entre dans la petite Compagnie. Apr\u00e8s ses voeux, il est donn\u00e9 \u00e0 la Chine o\u00f9 il d\u00e9barque le 17 novembre 1886. A trente-trois ans, le 20 janvier 1889, il est ordonn\u00e9 pr\u00eatre et envoy\u00e9 dans le district de Paotingfu comme vicaire, en attendant d&rsquo;en \u00eatre le directeur. D\u00e8s ses d\u00e9buts missionnaires, une grande id\u00e9e s&rsquo;impose \u00e0 l&rsquo;esprit du P\u00e8re Jarlin : pour planter solidement l&rsquo;Eglise sur le sol de Chine, il faut faire des cat\u00e9chum\u00e8nes. Cette id\u00e9e va devenir chez lui une v\u00e9ritable passion. En, 1897, Mgr Favier, coadjuteur de Mgr Sarthou, choisit ce z\u00e9l\u00e9 missionnaire comme vicaire g\u00e9n\u00e9ral presque en m\u00eame temps, M. Jarlin est nomm\u00e9 visiteur des Lazaristes, directeur des Filles de la Charit\u00e9 et procureur \u00e0 Shanghai. A peine a-t-il le temps de s&rsquo;acclimater \u00e0 cette avalanche de charges et d&rsquo;honneurs, que, le 28 d\u00e9cembre 1899, il est nomm\u00e9 \u00e9v\u00eaque titulaire de <em>Pharboetus <\/em> et coadjuteur de Mgr Favier. Il est sacr\u00e9 \u00e0 P\u00e9kin le 29 avril 1900. D\u00e8s le 13 avril de cette m\u00eame ann\u00e9e, les Boxers commencent le si\u00e8ge du P\u00e9tang, qui va se prolonger jusqu&rsquo;au 16 ao\u00fbt. Aux c\u00f4t\u00e9s de Mgr Favier, Mgr Jarlin donne toute sa mesure dans l&rsquo;organisation de la d\u00e9fense m\u00e9morable et historique du P\u00e9tang.<br \/>\nA la mort de Mgr Favier, le 4 avril 1905, Mgr Jarlin devient vicaire apostolique de P\u00e9kin et se consacre \u00e0 la grande id\u00e9e de toute sa vie : la conversion des infid\u00e8les. En face de cette oeuvre, l&rsquo;Histoire ne peut qu&rsquo;enregistrer, avec justice et fiert\u00e9, un t\u00e9moignage d&rsquo;une valeur inestimable : en juin 1932, \u00e0 Mgr Montaigne, alors coadjuteur de P\u00e9kin, Pie XI d\u00e9clarait : \u00abVous direz \u00e0 Mgr Jarlin qu&rsquo;il a eu mille fois raison de faire ce qu&rsquo;il a fait.\u00bb Et les statistiques sont \u00e9loquentes : l\u00e0 o\u00f9, en 1900, il n&rsquo;y avait que le seul vicariat de P\u00e9kin, on comptait, \u00e0 la mort de Mgr Jarlin, cinq vicariats apostoliques, et le chiffre des chr\u00e9tiens \u00e9tait, de quarante mille, pass\u00e9 \u00e0 quatre cent mille. De plus, Mgr Jarlin a consacr\u00e9 six \u00e9v\u00eaques et ordonn\u00e9 cent vingt pr\u00eatres chinois. A la riche couronne de ce pr\u00e9lat conqu\u00e9rant, le peuple de P\u00e9kin a ajout\u00e9 un beau fleuron en d\u00e9cernant \u00e0 Mgr Jarlin un titre tout \u00e0 fait dans la ligne vincentienne : il l&rsquo;a appel\u00e9 l&rsquo; <em>Ev\u00eaque des Pauvres<\/em><span id='easy-footnote-2-107800' class='easy-footnote-margin-adjust'><\/span><span class='easy-footnote'><a href='http:\/\/vincentians.com\/fr\/ephemerides-27-janvier\/#easy-footnote-bottom-2-107800' title='Annales , t. 98, pp. 544-558. Jarlin , par Henri Garnier, 1941.'><sup>2<\/sup><\/a><\/span>.<\/p>\n","protected":false},"excerpt":{"rendered":"<p>En 1645, \u00e0 Marseille , mort de M. Louis Robiche. N\u00e9 en 1610 \u00e0 Mareuil-la-Fert\u00e9, au dioc\u00e8se de Meaux, il fut re\u00e7u dans la Congr\u00e9gation le 31 octobre 1643. Aussit\u00f4t apr\u00e8s son s\u00e9minaire, il fut &#8230; <a href=\"http:\/\/vincentians.com\/fr\/ephemerides-27-janvier\/\" class=\"more-link\">Read More<\/a><\/p>\n","protected":false},"author":4,"featured_media":149897,"comment_status":"open","ping_status":"open","sticky":false,"template":"","format":"standard","meta":{"jetpack_post_was_ever_published":false,"_jetpack_newsletter_access":"","_jetpack_dont_email_post_to_subs":false,"_jetpack_newsletter_tier_id":0,"_jetpack_memberships_contains_paywalled_content":false,"_jetpack_memberships_contains_paid_content":false,"footnotes":"","jetpack_publicize_message":"","jetpack_publicize_feature_enabled":true,"jetpack_social_post_already_shared":true,"jetpack_social_options":{"image_generator_settings":{"template":"highway","default_image_id":0,"font":"","enabled":false},"version":2}},"categories":[119],"tags":[],"class_list":["post-107800","post","type-post","status-publish","format-standard","has-post-thumbnail","hentry","category-ephemerides-vincentiens"],"yoast_head":"<!-- This site is optimized with the Yoast SEO plugin v26.3 - https:\/\/yoast.com\/wordpress\/plugins\/seo\/ -->\n<title>Eph\u00e9m\u00e9rides: 27 janvier - Nous Sommes Vincentiens<\/title>\n<meta name=\"robots\" content=\"index, follow, max-snippet:-1, max-image-preview:large, max-video-preview:-1\" \/>\n<link rel=\"canonical\" href=\"http:\/\/vincentians.com\/fr\/ephemerides-27-janvier\/\" \/>\n<meta property=\"og:locale\" content=\"fr_FR\" \/>\n<meta property=\"og:type\" content=\"article\" \/>\n<meta property=\"og:title\" content=\"Eph\u00e9m\u00e9rides: 27 janvier - Nous Sommes Vincentiens\" \/>\n<meta property=\"og:description\" content=\"En 1645, \u00e0 Marseille , mort de M. Louis Robiche. N\u00e9 en 1610 \u00e0 Mareuil-la-Fert\u00e9, au dioc\u00e8se de Meaux, il fut re\u00e7u dans la Congr\u00e9gation le 31 octobre 1643. Aussit\u00f4t apr\u00e8s son s\u00e9minaire, il fut ... Read More\" \/>\n<meta property=\"og:url\" content=\"http:\/\/vincentians.com\/fr\/ephemerides-27-janvier\/\" \/>\n<meta property=\"og:site_name\" content=\"Nous Sommes Vincentiens\" \/>\n<meta property=\"article:publisher\" content=\"https:\/\/www.facebook.com\/WeAreVincentians\/\" \/>\n<meta property=\"article:author\" content=\"https:\/\/www.facebook.com\/JavierChento\" \/>\n<meta property=\"article:published_time\" content=\"2017-01-26T23:01:17+00:00\" \/>\n<meta property=\"og:image\" content=\"https:\/\/i0.wp.com\/vincentians.com\/fr\/wp-content\/uploads\/sites\/10\/2016\/07\/ephemerides-fb.jpg?fit=1200%2C630\" \/>\n\t<meta property=\"og:image:width\" content=\"1200\" \/>\n\t<meta property=\"og:image:height\" content=\"630\" \/>\n\t<meta property=\"og:image:type\" content=\"image\/jpeg\" \/>\n<meta name=\"author\" content=\"Francisco Javier Fern\u00e1ndez Chento\" \/>\n<meta name=\"twitter:card\" content=\"summary_large_image\" \/>\n<meta name=\"twitter:creator\" content=\"@https:\/\/twitter.com\/javierchento\" \/>\n<meta name=\"twitter:site\" content=\"@WeVincentians\" \/>\n<meta name=\"twitter:label1\" content=\"\u00c9crit par\" \/>\n\t<meta name=\"twitter:data1\" content=\"Francisco Javier Fern\u00e1ndez Chento\" \/>\n\t<meta name=\"twitter:label2\" content=\"Dur\u00e9e de lecture estim\u00e9e\" \/>\n\t<meta name=\"twitter:data2\" content=\"3 minutes\" \/>\n<script type=\"application\/ld+json\" class=\"yoast-schema-graph\">{\"@context\":\"https:\/\/schema.org\",\"@graph\":[{\"@type\":\"WebPage\",\"@id\":\"http:\/\/vincentians.com\/fr\/ephemerides-27-janvier\/\",\"url\":\"http:\/\/vincentians.com\/fr\/ephemerides-27-janvier\/\",\"name\":\"Eph\u00e9m\u00e9rides: 27 janvier - Nous Sommes Vincentiens\",\"isPartOf\":{\"@id\":\"http:\/\/vincentians.com\/fr\/#website\"},\"primaryImageOfPage\":{\"@id\":\"http:\/\/vincentians.com\/fr\/ephemerides-27-janvier\/#primaryimage\"},\"image\":{\"@id\":\"http:\/\/vincentians.com\/fr\/ephemerides-27-janvier\/#primaryimage\"},\"thumbnailUrl\":\"https:\/\/i0.wp.com\/vincentians.com\/fr\/wp-content\/uploads\/sites\/10\/2016\/07\/ephemerides-fb.jpg?fit=1200%2C630\",\"datePublished\":\"2017-01-26T23:01:17+00:00\",\"author\":{\"@id\":\"http:\/\/vincentians.com\/fr\/#\/schema\/person\/9623ef4d9aa3b2dfb8c061f1499288f2\"},\"breadcrumb\":{\"@id\":\"http:\/\/vincentians.com\/fr\/ephemerides-27-janvier\/#breadcrumb\"},\"inLanguage\":\"fr-FR\",\"potentialAction\":[{\"@type\":\"ReadAction\",\"target\":[\"http:\/\/vincentians.com\/fr\/ephemerides-27-janvier\/\"]}]},{\"@type\":\"ImageObject\",\"inLanguage\":\"fr-FR\",\"@id\":\"http:\/\/vincentians.com\/fr\/ephemerides-27-janvier\/#primaryimage\",\"url\":\"https:\/\/i0.wp.com\/vincentians.com\/fr\/wp-content\/uploads\/sites\/10\/2016\/07\/ephemerides-fb.jpg?fit=1200%2C630\",\"contentUrl\":\"https:\/\/i0.wp.com\/vincentians.com\/fr\/wp-content\/uploads\/sites\/10\/2016\/07\/ephemerides-fb.jpg?fit=1200%2C630\",\"width\":1200,\"height\":630},{\"@type\":\"BreadcrumbList\",\"@id\":\"http:\/\/vincentians.com\/fr\/ephemerides-27-janvier\/#breadcrumb\",\"itemListElement\":[{\"@type\":\"ListItem\",\"position\":1,\"name\":\"Portada\",\"item\":\"http:\/\/vincentians.com\/fr\/\"},{\"@type\":\"ListItem\",\"position\":2,\"name\":\"Eph\u00e9m\u00e9rides: 27 janvier\"}]},{\"@type\":\"WebSite\",\"@id\":\"http:\/\/vincentians.com\/fr\/#website\",\"url\":\"http:\/\/vincentians.com\/fr\/\",\"name\":\"Nous Sommes Vincentiens\",\"description\":\"Know more to serve more\",\"potentialAction\":[{\"@type\":\"SearchAction\",\"target\":{\"@type\":\"EntryPoint\",\"urlTemplate\":\"http:\/\/vincentians.com\/fr\/?s={search_term_string}\"},\"query-input\":{\"@type\":\"PropertyValueSpecification\",\"valueRequired\":true,\"valueName\":\"search_term_string\"}}],\"inLanguage\":\"fr-FR\"},{\"@type\":\"Person\",\"@id\":\"http:\/\/vincentians.com\/fr\/#\/schema\/person\/9623ef4d9aa3b2dfb8c061f1499288f2\",\"name\":\"Francisco Javier Fern\u00e1ndez Chento\",\"image\":{\"@type\":\"ImageObject\",\"inLanguage\":\"fr-FR\",\"@id\":\"http:\/\/vincentians.com\/fr\/#\/schema\/person\/image\/\",\"url\":\"https:\/\/secure.gravatar.com\/avatar\/497d5cde87b4c3d097d0315953521681ba2cd523ee66e5077c3711f7021e65de?s=96&d=mm&r=g\",\"contentUrl\":\"https:\/\/secure.gravatar.com\/avatar\/497d5cde87b4c3d097d0315953521681ba2cd523ee66e5077c3711f7021e65de?s=96&d=mm&r=g\",\"caption\":\"Francisco Javier Fern\u00e1ndez Chento\"},\"description\":\"Director General y cofundador de La Red de Formaci\u00f3n Vicenciana. Javier es laico vicenciano, afiliado a la Congregaci\u00f3n de la Misi\u00f3n y miembro del Equipo de Misiones Populares de la provincia can\u00f3nica de Zaragoza (Espa\u00f1a) de la Congregaci\u00f3n de la Misi\u00f3n. Graduado en la Universidad Oberta de Catalunya con cuatro grados (Asistente de direcci\u00f3n, Gesti\u00f3n Administrativa, Recursos Humanos y Contabilidad Avanzada). Bil\u00edng\u00fce Espa\u00f1ol\/Ingl\u00e9s. gestiona y mantiene varias p\u00e1ginas web cristianas y vicencianas, incluida including La Red de Formaci\u00f3n Vicenciana, de la que es cofundador. Actualmente es responsable del \u00e1rea de Espa\u00f1ol de .famvin, la Red de Noticias de la Familia Vicenciana. Tambi\u00e9n es m\u00fasico cat\u00f3lico y ha editado varios discos. Es Director General y cofundador de Trovador, una reconocida compa\u00f1\u00eda discogr\u00e1fica critiana de Espa\u00f1a. Trabaja en las Tecnolog\u00edas de la Informaci\u00f3n, ofreciendo servicios de alojamiento, dise\u00f1o y mantenimiento Web, as\u00ed como asesoramiento, formaci\u00f3n y soluciones inform\u00e1ticas, gesti\u00f3n documental y digitalizaci\u00f3n de textos, edici\u00f3n y maquetaci\u00f3n de libros, revistas, flyers, etc.\",\"sameAs\":[\"http:\/\/chento.org\",\"https:\/\/www.facebook.com\/JavierChento\",\"https:\/\/x.com\/https:\/\/twitter.com\/javierchento\"],\"url\":\"http:\/\/vincentians.com\/fr\/author\/chento\/\"}]}<\/script>\n<!-- \/ Yoast SEO plugin. -->","yoast_head_json":{"title":"Eph\u00e9m\u00e9rides: 27 janvier - Nous Sommes Vincentiens","robots":{"index":"index","follow":"follow","max-snippet":"max-snippet:-1","max-image-preview":"max-image-preview:large","max-video-preview":"max-video-preview:-1"},"canonical":"http:\/\/vincentians.com\/fr\/ephemerides-27-janvier\/","og_locale":"fr_FR","og_type":"article","og_title":"Eph\u00e9m\u00e9rides: 27 janvier - Nous Sommes Vincentiens","og_description":"En 1645, \u00e0 Marseille , mort de M. Louis Robiche. N\u00e9 en 1610 \u00e0 Mareuil-la-Fert\u00e9, au dioc\u00e8se de Meaux, il fut re\u00e7u dans la Congr\u00e9gation le 31 octobre 1643. Aussit\u00f4t apr\u00e8s son s\u00e9minaire, il fut ... Read More","og_url":"http:\/\/vincentians.com\/fr\/ephemerides-27-janvier\/","og_site_name":"Nous Sommes Vincentiens","article_publisher":"https:\/\/www.facebook.com\/WeAreVincentians\/","article_author":"https:\/\/www.facebook.com\/JavierChento","article_published_time":"2017-01-26T23:01:17+00:00","og_image":[{"width":1200,"height":630,"url":"https:\/\/i0.wp.com\/vincentians.com\/fr\/wp-content\/uploads\/sites\/10\/2016\/07\/ephemerides-fb.jpg?fit=1200%2C630","type":"image\/jpeg"}],"author":"Francisco Javier Fern\u00e1ndez Chento","twitter_card":"summary_large_image","twitter_creator":"@https:\/\/twitter.com\/javierchento","twitter_site":"@WeVincentians","twitter_misc":{"\u00c9crit par":"Francisco Javier Fern\u00e1ndez Chento","Dur\u00e9e de lecture estim\u00e9e":"3 minutes"},"schema":{"@context":"https:\/\/schema.org","@graph":[{"@type":"WebPage","@id":"http:\/\/vincentians.com\/fr\/ephemerides-27-janvier\/","url":"http:\/\/vincentians.com\/fr\/ephemerides-27-janvier\/","name":"Eph\u00e9m\u00e9rides: 27 janvier - Nous Sommes Vincentiens","isPartOf":{"@id":"http:\/\/vincentians.com\/fr\/#website"},"primaryImageOfPage":{"@id":"http:\/\/vincentians.com\/fr\/ephemerides-27-janvier\/#primaryimage"},"image":{"@id":"http:\/\/vincentians.com\/fr\/ephemerides-27-janvier\/#primaryimage"},"thumbnailUrl":"https:\/\/i0.wp.com\/vincentians.com\/fr\/wp-content\/uploads\/sites\/10\/2016\/07\/ephemerides-fb.jpg?fit=1200%2C630","datePublished":"2017-01-26T23:01:17+00:00","author":{"@id":"http:\/\/vincentians.com\/fr\/#\/schema\/person\/9623ef4d9aa3b2dfb8c061f1499288f2"},"breadcrumb":{"@id":"http:\/\/vincentians.com\/fr\/ephemerides-27-janvier\/#breadcrumb"},"inLanguage":"fr-FR","potentialAction":[{"@type":"ReadAction","target":["http:\/\/vincentians.com\/fr\/ephemerides-27-janvier\/"]}]},{"@type":"ImageObject","inLanguage":"fr-FR","@id":"http:\/\/vincentians.com\/fr\/ephemerides-27-janvier\/#primaryimage","url":"https:\/\/i0.wp.com\/vincentians.com\/fr\/wp-content\/uploads\/sites\/10\/2016\/07\/ephemerides-fb.jpg?fit=1200%2C630","contentUrl":"https:\/\/i0.wp.com\/vincentians.com\/fr\/wp-content\/uploads\/sites\/10\/2016\/07\/ephemerides-fb.jpg?fit=1200%2C630","width":1200,"height":630},{"@type":"BreadcrumbList","@id":"http:\/\/vincentians.com\/fr\/ephemerides-27-janvier\/#breadcrumb","itemListElement":[{"@type":"ListItem","position":1,"name":"Portada","item":"http:\/\/vincentians.com\/fr\/"},{"@type":"ListItem","position":2,"name":"Eph\u00e9m\u00e9rides: 27 janvier"}]},{"@type":"WebSite","@id":"http:\/\/vincentians.com\/fr\/#website","url":"http:\/\/vincentians.com\/fr\/","name":"Nous Sommes Vincentiens","description":"Know more to serve more","potentialAction":[{"@type":"SearchAction","target":{"@type":"EntryPoint","urlTemplate":"http:\/\/vincentians.com\/fr\/?s={search_term_string}"},"query-input":{"@type":"PropertyValueSpecification","valueRequired":true,"valueName":"search_term_string"}}],"inLanguage":"fr-FR"},{"@type":"Person","@id":"http:\/\/vincentians.com\/fr\/#\/schema\/person\/9623ef4d9aa3b2dfb8c061f1499288f2","name":"Francisco Javier Fern\u00e1ndez Chento","image":{"@type":"ImageObject","inLanguage":"fr-FR","@id":"http:\/\/vincentians.com\/fr\/#\/schema\/person\/image\/","url":"https:\/\/secure.gravatar.com\/avatar\/497d5cde87b4c3d097d0315953521681ba2cd523ee66e5077c3711f7021e65de?s=96&d=mm&r=g","contentUrl":"https:\/\/secure.gravatar.com\/avatar\/497d5cde87b4c3d097d0315953521681ba2cd523ee66e5077c3711f7021e65de?s=96&d=mm&r=g","caption":"Francisco Javier Fern\u00e1ndez Chento"},"description":"Director General y cofundador de La Red de Formaci\u00f3n Vicenciana. Javier es laico vicenciano, afiliado a la Congregaci\u00f3n de la Misi\u00f3n y miembro del Equipo de Misiones Populares de la provincia can\u00f3nica de Zaragoza (Espa\u00f1a) de la Congregaci\u00f3n de la Misi\u00f3n. Graduado en la Universidad Oberta de Catalunya con cuatro grados (Asistente de direcci\u00f3n, Gesti\u00f3n Administrativa, Recursos Humanos y Contabilidad Avanzada). Bil\u00edng\u00fce Espa\u00f1ol\/Ingl\u00e9s. gestiona y mantiene varias p\u00e1ginas web cristianas y vicencianas, incluida including La Red de Formaci\u00f3n Vicenciana, de la que es cofundador. Actualmente es responsable del \u00e1rea de Espa\u00f1ol de .famvin, la Red de Noticias de la Familia Vicenciana. Tambi\u00e9n es m\u00fasico cat\u00f3lico y ha editado varios discos. Es Director General y cofundador de Trovador, una reconocida compa\u00f1\u00eda discogr\u00e1fica critiana de Espa\u00f1a. Trabaja en las Tecnolog\u00edas de la Informaci\u00f3n, ofreciendo servicios de alojamiento, dise\u00f1o y mantenimiento Web, as\u00ed como asesoramiento, formaci\u00f3n y soluciones inform\u00e1ticas, gesti\u00f3n documental y digitalizaci\u00f3n de textos, edici\u00f3n y maquetaci\u00f3n de libros, revistas, flyers, etc.","sameAs":["http:\/\/chento.org","https:\/\/www.facebook.com\/JavierChento","https:\/\/x.com\/https:\/\/twitter.com\/javierchento"],"url":"http:\/\/vincentians.com\/fr\/author\/chento\/"}]}},"jetpack_publicize_connections":[],"jetpack_featured_media_url":"https:\/\/i0.wp.com\/vincentians.com\/fr\/wp-content\/uploads\/sites\/10\/2016\/07\/ephemerides-fb.jpg?fit=1200%2C630","jetpack_sharing_enabled":true,"jetpack_shortlink":"https:\/\/wp.me\/p7ETMP-s2I","jetpack-related-posts":[{"id":105625,"url":"http:\/\/vincentians.com\/fr\/la-vie-du-venerable-serviteur-de-dieu-vincent-de-paul-livre-premier-chapitre-xxviii\/","url_meta":{"origin":107800,"position":0},"title":"La vie du v\u00e9n\u00e9rable serviteur de Dieu Vincent de Paul, Livre premier, Chapitre XXVIII","author":"Francisco Javier Fern\u00e1ndez Chento","date":"04\/01\/2013","format":false,"excerpt":"L'\u00e9tablissement des H\u00f4pitaux de Paris et de Marseille pour les pauvres gal\u00e9riens. La mis\u00e9ricorde, dont M. Vincent \u00e9tait touch\u00e9 envers les pauvres for\u00e7ats des gal\u00e8res tirait son origine de la connaissance qu'il avait eue de leur mis\u00e8re par sa propre exp\u00e9rience, comme il a \u00e9t\u00e9 dit, et la charit\u00e9 qui\u2026","rel":"","context":"Dans &quot;Vincent de Paul&quot;","block_context":{"text":"Vincent de Paul","link":"http:\/\/vincentians.com\/fr\/category\/the-vincentian-family\/founders\/vincent-de-paul\/"},"img":{"alt_text":"","src":"https:\/\/i0.wp.com\/vincentians.com\/fr\/wp-content\/uploads\/sites\/10\/2016\/07\/abelly-feat.jpg?fit=1200%2C630&resize=350%2C200","width":350,"height":200,"srcset":"https:\/\/i0.wp.com\/vincentians.com\/fr\/wp-content\/uploads\/sites\/10\/2016\/07\/abelly-feat.jpg?fit=1200%2C630&resize=350%2C200 1x, https:\/\/i0.wp.com\/vincentians.com\/fr\/wp-content\/uploads\/sites\/10\/2016\/07\/abelly-feat.jpg?fit=1200%2C630&resize=525%2C300 1.5x, https:\/\/i0.wp.com\/vincentians.com\/fr\/wp-content\/uploads\/sites\/10\/2016\/07\/abelly-feat.jpg?fit=1200%2C630&resize=700%2C400 2x, https:\/\/i0.wp.com\/vincentians.com\/fr\/wp-content\/uploads\/sites\/10\/2016\/07\/abelly-feat.jpg?fit=1200%2C630&resize=1050%2C600 3x"},"classes":[]},{"id":105526,"url":"http:\/\/vincentians.com\/fr\/ephemerides-2-janvier\/","url_meta":{"origin":107800,"position":1},"title":"Eph\u00e9m\u00e9rides: 2 janvier","author":"Francisco Javier Fern\u00e1ndez Chento","date":"02\/01\/2017","format":false,"excerpt":"1640. Les premi\u00e8res S\u0153urs sont envoy\u00e9es par saint Vincent soigner les Gal\u00e9riens malades, pour lesquels il a obtenu la Tour Saint-Bernard qui leur servira d\u2019h\u00f4pital\u00a0: \u201cEn assistant ces pauvres gens, \u00e9crit sainte Louise, elles lui rendront un service qui agr\u00e9e \u00e0 Dieu autant que s\u2019il \u00e9tait fait \u00e0 la personne\u2026","rel":"","context":"Dans &quot;\u00c9ph\u00e9m\u00e9rides vincentiens&quot;","block_context":{"text":"\u00c9ph\u00e9m\u00e9rides vincentiens","link":"http:\/\/vincentians.com\/fr\/category\/ephemerides-vincentiens\/"},"img":{"alt_text":"","src":"https:\/\/i0.wp.com\/vincentians.com\/fr\/wp-content\/uploads\/sites\/10\/2016\/07\/ephemerides-fb.jpg?fit=1200%2C630&resize=350%2C200","width":350,"height":200,"srcset":"https:\/\/i0.wp.com\/vincentians.com\/fr\/wp-content\/uploads\/sites\/10\/2016\/07\/ephemerides-fb.jpg?fit=1200%2C630&resize=350%2C200 1x, https:\/\/i0.wp.com\/vincentians.com\/fr\/wp-content\/uploads\/sites\/10\/2016\/07\/ephemerides-fb.jpg?fit=1200%2C630&resize=525%2C300 1.5x, https:\/\/i0.wp.com\/vincentians.com\/fr\/wp-content\/uploads\/sites\/10\/2016\/07\/ephemerides-fb.jpg?fit=1200%2C630&resize=700%2C400 2x, https:\/\/i0.wp.com\/vincentians.com\/fr\/wp-content\/uploads\/sites\/10\/2016\/07\/ephemerides-fb.jpg?fit=1200%2C630&resize=1050%2C600 3x"},"classes":[]},{"id":105267,"url":"http:\/\/vincentians.com\/fr\/ephemerides-21-decembre\/","url_meta":{"origin":107800,"position":2},"title":"Eph\u00e9m\u00e9rides: 21 d\u00e9cembre","author":"Francisco Javier Fern\u00e1ndez Chento","date":"21\/12\/2016","format":false,"excerpt":"1625. \u00c0 Paris, rue Courteau-Villain, Antoine Le Gras, \u00e9poux de Louise de Marillac, meurt, apr\u00e8s des mois d\u2019une longue souffrance support\u00e9e avec une admirable patience. \u201cPriez pour moi\u00a0; je n\u2019en puis plus\u201d, furent les derniers mots adress\u00e9s par lui \u00e0 son \u00e9pouse qui ne les oubliera jamais. La peine de\u2026","rel":"","context":"Dans &quot;\u00c9ph\u00e9m\u00e9rides vincentiens&quot;","block_context":{"text":"\u00c9ph\u00e9m\u00e9rides vincentiens","link":"http:\/\/vincentians.com\/fr\/category\/ephemerides-vincentiens\/"},"img":{"alt_text":"","src":"https:\/\/i0.wp.com\/vincentians.com\/fr\/wp-content\/uploads\/sites\/10\/2016\/07\/ephemerides-fb.jpg?fit=1200%2C630&resize=350%2C200","width":350,"height":200,"srcset":"https:\/\/i0.wp.com\/vincentians.com\/fr\/wp-content\/uploads\/sites\/10\/2016\/07\/ephemerides-fb.jpg?fit=1200%2C630&resize=350%2C200 1x, https:\/\/i0.wp.com\/vincentians.com\/fr\/wp-content\/uploads\/sites\/10\/2016\/07\/ephemerides-fb.jpg?fit=1200%2C630&resize=525%2C300 1.5x, https:\/\/i0.wp.com\/vincentians.com\/fr\/wp-content\/uploads\/sites\/10\/2016\/07\/ephemerides-fb.jpg?fit=1200%2C630&resize=700%2C400 2x, https:\/\/i0.wp.com\/vincentians.com\/fr\/wp-content\/uploads\/sites\/10\/2016\/07\/ephemerides-fb.jpg?fit=1200%2C630&resize=1050%2C600 3x"},"classes":[]},{"id":104747,"url":"http:\/\/vincentians.com\/fr\/louise-de-marillac-lettre-0018-a-monsieur-labbe-de-vaux\/","url_meta":{"origin":107800,"position":3},"title":"Louise de Marillac, Lettre 0018: \u00e0 Monsieur l&rsquo;abb\u00e9 de Vaux","author":"Francisco Javier Fern\u00e1ndez Chento","date":"29\/11\/2016","format":false,"excerpt":"Ce 27 avril (1640). Monsieur, Je vous demande pardon de ce que mon impatience \u00e0 vous \u00e9crire le dernier voyage * fut cause que je fis demander \u00e0 Monsieur Vincent des Missionnaires pour les lieux o\u00f9 vous les vouliez employer. Sa r\u00e9ponse n'\u00e9tant que verbale, je ne l'entendis pas, ce\u2026","rel":"","context":"Dans &quot;\u00c9crits de Louise de Marillac&quot;","block_context":{"text":"\u00c9crits de Louise de Marillac","link":"http:\/\/vincentians.com\/fr\/category\/ecrits-de-louise-de-marillac\/"},"img":{"alt_text":"","src":"https:\/\/i0.wp.com\/vincentians.com\/fr\/wp-content\/uploads\/sites\/10\/2016\/07\/cartas-luisa-de-marillac.jpg?fit=1200%2C630&resize=350%2C200","width":350,"height":200,"srcset":"https:\/\/i0.wp.com\/vincentians.com\/fr\/wp-content\/uploads\/sites\/10\/2016\/07\/cartas-luisa-de-marillac.jpg?fit=1200%2C630&resize=350%2C200 1x, https:\/\/i0.wp.com\/vincentians.com\/fr\/wp-content\/uploads\/sites\/10\/2016\/07\/cartas-luisa-de-marillac.jpg?fit=1200%2C630&resize=525%2C300 1.5x, https:\/\/i0.wp.com\/vincentians.com\/fr\/wp-content\/uploads\/sites\/10\/2016\/07\/cartas-luisa-de-marillac.jpg?fit=1200%2C630&resize=700%2C400 2x, https:\/\/i0.wp.com\/vincentians.com\/fr\/wp-content\/uploads\/sites\/10\/2016\/07\/cartas-luisa-de-marillac.jpg?fit=1200%2C630&resize=1050%2C600 3x"},"classes":[]},{"id":104526,"url":"http:\/\/vincentians.com\/fr\/louise-de-marillac-lettre-0019-a-monsieur-labbe-de-vaux\/","url_meta":{"origin":107800,"position":4},"title":"Louise de Marillac, Lettre 0019: \u00e0 Monsieur l&rsquo;abb\u00e9 de Vaux","author":"Francisco Javier Fern\u00e1ndez Chento","date":"06\/12\/2016","format":false,"excerpt":"\u00e0 Angers Ce 3 mai 1640. Monsieur, Nous avons grand sujet de louer Dieu qui adoucit ainsi par sa mis\u00e9ricorde les coups de fouet que sa justice nous fait ressentir. Voil\u00e0 notre S\u0153ur Genevi\u00e8ve mieux: que j'aurais \u00e9t\u00e9 en peine si vous vous \u00e9tiez expos\u00e9 davantage ! Je vous supplie\u2026","rel":"","context":"Dans &quot;\u00c9crits de Louise de Marillac&quot;","block_context":{"text":"\u00c9crits de Louise de Marillac","link":"http:\/\/vincentians.com\/fr\/category\/ecrits-de-louise-de-marillac\/"},"img":{"alt_text":"","src":"https:\/\/i0.wp.com\/vincentians.com\/fr\/wp-content\/uploads\/sites\/10\/2016\/07\/cartas-luisa-de-marillac.jpg?fit=1200%2C630&resize=350%2C200","width":350,"height":200,"srcset":"https:\/\/i0.wp.com\/vincentians.com\/fr\/wp-content\/uploads\/sites\/10\/2016\/07\/cartas-luisa-de-marillac.jpg?fit=1200%2C630&resize=350%2C200 1x, https:\/\/i0.wp.com\/vincentians.com\/fr\/wp-content\/uploads\/sites\/10\/2016\/07\/cartas-luisa-de-marillac.jpg?fit=1200%2C630&resize=525%2C300 1.5x, https:\/\/i0.wp.com\/vincentians.com\/fr\/wp-content\/uploads\/sites\/10\/2016\/07\/cartas-luisa-de-marillac.jpg?fit=1200%2C630&resize=700%2C400 2x, https:\/\/i0.wp.com\/vincentians.com\/fr\/wp-content\/uploads\/sites\/10\/2016\/07\/cartas-luisa-de-marillac.jpg?fit=1200%2C630&resize=1050%2C600 3x"},"classes":[]},{"id":108324,"url":"http:\/\/vincentians.com\/fr\/ephemerides-1-fevrier\/","url_meta":{"origin":107800,"position":5},"title":"Eph\u00e9m\u00e9rides: 1 f\u00e9vrier","author":"Francisco Javier Fern\u00e1ndez Chento","date":"01\/02\/2017","format":false,"excerpt":"En 1640, \u00e0 Angers , est sign\u00e9 l'acte d'introduction des Filles de la Charit\u00e9 \u00e0 l'h\u00f4pital Saint-Jean. Saint Vincent tenait beaucoup \u00e0 cet \u00e9tablissement. Il y avait \u00e9t\u00e9 amen\u00e9 par la pr\u00e9sidente Goussault, tr\u00e8s \u00e9mue elle-m\u00eame de l'abandon dans lequel infirmi\u00e8res et aum\u00f4niers laissaient les malades de cet antique h\u00f4pital.\u2026","rel":"","context":"Dans &quot;\u00c9ph\u00e9m\u00e9rides vincentiens&quot;","block_context":{"text":"\u00c9ph\u00e9m\u00e9rides vincentiens","link":"http:\/\/vincentians.com\/fr\/category\/ephemerides-vincentiens\/"},"img":{"alt_text":"","src":"https:\/\/i0.wp.com\/vincentians.com\/fr\/wp-content\/uploads\/sites\/10\/2016\/07\/ephemerides-fb.jpg?fit=1200%2C630&resize=350%2C200","width":350,"height":200,"srcset":"https:\/\/i0.wp.com\/vincentians.com\/fr\/wp-content\/uploads\/sites\/10\/2016\/07\/ephemerides-fb.jpg?fit=1200%2C630&resize=350%2C200 1x, https:\/\/i0.wp.com\/vincentians.com\/fr\/wp-content\/uploads\/sites\/10\/2016\/07\/ephemerides-fb.jpg?fit=1200%2C630&resize=525%2C300 1.5x, https:\/\/i0.wp.com\/vincentians.com\/fr\/wp-content\/uploads\/sites\/10\/2016\/07\/ephemerides-fb.jpg?fit=1200%2C630&resize=700%2C400 2x, https:\/\/i0.wp.com\/vincentians.com\/fr\/wp-content\/uploads\/sites\/10\/2016\/07\/ephemerides-fb.jpg?fit=1200%2C630&resize=1050%2C600 3x"},"classes":[]}],"_links":{"self":[{"href":"http:\/\/vincentians.com\/fr\/wp-json\/wp\/v2\/posts\/107800","targetHints":{"allow":["GET"]}}],"collection":[{"href":"http:\/\/vincentians.com\/fr\/wp-json\/wp\/v2\/posts"}],"about":[{"href":"http:\/\/vincentians.com\/fr\/wp-json\/wp\/v2\/types\/post"}],"author":[{"embeddable":true,"href":"http:\/\/vincentians.com\/fr\/wp-json\/wp\/v2\/users\/4"}],"replies":[{"embeddable":true,"href":"http:\/\/vincentians.com\/fr\/wp-json\/wp\/v2\/comments?post=107800"}],"version-history":[{"count":0,"href":"http:\/\/vincentians.com\/fr\/wp-json\/wp\/v2\/posts\/107800\/revisions"}],"wp:featuredmedia":[{"embeddable":true,"href":"http:\/\/vincentians.com\/fr\/wp-json\/wp\/v2\/media\/149897"}],"wp:attachment":[{"href":"http:\/\/vincentians.com\/fr\/wp-json\/wp\/v2\/media?parent=107800"}],"wp:term":[{"taxonomy":"category","embeddable":true,"href":"http:\/\/vincentians.com\/fr\/wp-json\/wp\/v2\/categories?post=107800"},{"taxonomy":"post_tag","embeddable":true,"href":"http:\/\/vincentians.com\/fr\/wp-json\/wp\/v2\/tags?post=107800"}],"curies":[{"name":"wp","href":"https:\/\/api.w.org\/{rel}","templated":true}]}}