{"id":107736,"date":"2014-01-28T06:53:56","date_gmt":"2014-01-28T05:53:56","guid":{"rendered":"http:\/\/vincentiens.org\/?p=107736"},"modified":"2014-01-28T06:53:56","modified_gmt":"2014-01-28T05:53:56","slug":"la-vie-de-saint-vincent-de-paul-instituteur-de-la-congregation-de-la-mission-et-des-filles-de-la-charite-001","status":"publish","type":"post","link":"http:\/\/vincentians.com\/fr\/la-vie-de-saint-vincent-de-paul-instituteur-de-la-congregation-de-la-mission-et-des-filles-de-la-charite-001\/","title":{"rendered":"La vie de Saint Vincent de Paul, instituteur de la Congr\u00e9gation de la Mission et des Filles de la Charit\u00e9 (001)"},"content":{"rendered":"<h2 style=\"text-align: center\">Volume I<\/h2>\n<h2>Livre premier<\/h2>\n<h3>1. \u00c9tat de la France sur la fin du seizi\u00e8me si\u00e8cle. Ignorance et corruption du Clerg\u00e9.<\/h3>\n<p><a href=\"https:\/\/i0.wp.com\/vincentiens.org\/wp-content\/uploads\/2014\/01\/collet.jpg\"><img data-recalc-dims=\"1\" loading=\"lazy\" decoding=\"async\" class=\"alignright size-medium wp-image-107739\" alt=\"collet\" src=\"https:\/\/i0.wp.com\/vincentiens.org\/wp-content\/uploads\/2014\/01\/collet-248x300.jpg?resize=248%2C300\" width=\"248\" height=\"300\" \/><\/a>La France \u00e9tait dans un \u00e9tat d\u00e9plorable, quand elle vit na\u00eetre le saint, dont j&rsquo;entreprends l&rsquo;histoire. Ce Royaume qui avait si longtemps anim\u00e9 la jalousie de ses voisins \u00e9tait, sous Henri III, tout propre \u00e0 leur donner de la compassion, s&rsquo;ils en eussent \u00e9t\u00e9 susceptibles : d\u00e9sol\u00e9 par la faction des Grands, ravag\u00e9 par six ou sept arm\u00e9es diff\u00e9rentes, livr\u00e9 \u00e0 d&rsquo;indignes favoris, il semblait \u00eatre \u00e0 la veille d&rsquo;une ruine universelle. Si l&rsquo;h\u00e9r\u00e9sie, source funeste de la plupart de ces affreux d\u00e9sordres, demandait quelquefois la paix, elle la demandait les armes \u00e0 la main ; elle en r\u00e9glait elle-m\u00eame les conditions, elle se flattait de persuader \u00e0 toute l&rsquo;Europe, que c&rsquo;\u00e9tait par amour et par respect pour son Souverain, laquelle lui donnait la loi, qu&rsquo;elle lui prescrivait des r\u00e8gles de conduite. Il e\u00fbt fallu, pour \u00eatre tromp\u00e9, conna\u00eetre bien peu le g\u00e9nie des novateurs ; dans le temps m\u00eame qu&rsquo;ils entamaient des n\u00e9gociations, ils livraient des combats, formaient des si\u00e8ges, prenaient des places, d\u00e9solaient tour \u00e0 tour la capitale et les provinces. En peu d&rsquo;ann\u00e9es le royaume ne fut qu&rsquo;un th\u00e9\u00e2tre d&rsquo;horreur, la loi du plus fort la seule observ\u00e9e ; ou plut\u00f4t on n&rsquo;en reconn\u00fbt presque point d&rsquo;autre que celle de la violence, du libertinage, de l&rsquo;impi\u00e9t\u00e9. Les temples \u00e9taient renvers\u00e9s de fond en comble, les autels abattus, les choses saintes profan\u00e9es, les pasteurs ou massacr\u00e9s ou r\u00e9duits \u00e0 quitter leur troupeau pour chercher un asile dans les places fortifi\u00e9es. La Ligue form\u00e9e contre les Edits de pacification, loin de rem\u00e9dier au mal, ne servit qu&rsquo;\u00e0 l&rsquo;augmenter. Elle arma les p\u00e8res contre les enfants ; elle inonda du sang des citoyens les villes et les campagnes ; elle acheva d&rsquo;\u00e9puiser un peuple que la profusion du Prince, et les fureurs de l&rsquo;h\u00e9r\u00e9sie, avaient d\u00e9j\u00e0 r\u00e9duit \u00e0 l&rsquo;extr\u00e9mit\u00e9 ; pour comble d&rsquo;horreur, elle osa concevoir et ex\u00e9cuter l&rsquo;ex\u00e9crable attentat qui fit p\u00e9rir le Souverain m\u00eame.<\/p>\n<p>Comme l&rsquo;\u00e9troite liaison qui est entre le sacerdoce et l&#8217;empire fait que les coups qui tombent sur l&rsquo;un ne peuvent \u00eatre que funestes \u00e0 l&rsquo;autre, on peut juger de l&rsquo;\u00e9tat o\u00f9 \u00e9taient les peuples par rapport \u00e0 la religion et au salut. Aux uns on pr\u00eachait la s\u00e9dition au lieu de leur pr\u00eacher l&rsquo;\u00e9vangile ; les autres n&rsquo;avaient ni \u00e9glises ni pasteurs : la plupart de ceux qui restaient \u00e9taient si corrompus ou si peu \u00e9clair\u00e9s qu&rsquo;ils ne pouvaient que faire tomber dans la fosse ceux qui marchaient sur leurs pas. Il est vrai que les grands mouvements de l&rsquo;Etat s&rsquo;\u00e9tant apais\u00e9s sous le r\u00e8gne d\u2019Henri-le-Grand, les \u00e9v\u00eaques appuy\u00e9s de son autorit\u00e9 prirent les mesures les plus propres pour arr\u00eater le mal et rendre \u00e0 l&rsquo;Eglise son ancienne splendeur. On assembla des Conciles Provinciaux ; on tint des synodes ; on fit des statuts et des r\u00e8glements pleins de sagesse et de lumi\u00e8re. Mais ces rem\u00e8des si souvent employ\u00e9s avec succ\u00e8s, ne produisirent alors que tr\u00e8s peu d&rsquo;effet, soit parce que le mal avait jet\u00e9 des racines trop profondes, soit parce que ceux qu&rsquo;on voulait gu\u00e9rir p\u00e9chaient par les principes ; et que des hommes qui sans \u00e9preuve et sans examen de leur vocation passaient, dans l&rsquo;espace de peu de mois, du tumulte et de la licence des coll\u00e8ges \u00e0 l&rsquo;\u00e9minent degr\u00e9 du sacerdoce ; n&rsquo;\u00e9taient gu\u00e8re capables de r\u00e9fl\u00e9chir sur la grandeur de leur \u00e9tat, et de se bien convaincre que ce qui n&rsquo;est qu&rsquo;une faute l\u00e9g\u00e8re dans un s\u00e9culier, est quelque chose de tr\u00e8s consid\u00e9rable dans un eccl\u00e9siastique. Ainsi malgr\u00e9 les tentatives et les efforts d&rsquo;un grand nombre de pr\u00e9lats, le sacerdoce de J.C. \u00e9tait sans honneur ; les pr\u00eatres \u00e9taient tr\u00e8s m\u00e9prisables et tr\u00e8s m\u00e9pris\u00e9s ; et ce minist\u00e8re glorieux qui est le chef-d\u2019\u0153uvre de l&rsquo;amour et de la puissance d&rsquo;un Dieu, \u00e9tait tomb\u00e9 dans un d\u00e9cri si g\u00e9n\u00e9ral que traiter de pr\u00eatre un homme de condition, c&rsquo;\u00e9tait lui faire une insulte : ce nom si grand, si respectable emportait avec lui une esp\u00e8ce de fl\u00e9trissure, et il ne s&#8217;employait presque plus dans le monde que pour exprimer un ignorant ou un d\u00e9bauch\u00e9.<\/p>\n<p>Mais comme la famine qui ravage les provinces se fait toujours mieux sentir aux pauvres et aux habitants des campagnes, ce furent eux aussi qui eurent plus de part \u00e0 l&rsquo;humiliante st\u00e9rilit\u00e9 qui affligeait l&rsquo;Eglise de France dans le malheureux temps dont nous parlons. Leurs besoins \u00e9taient extr\u00eames, et personne ne pensait \u00e0 les soulager. Les pr\u00e9dications et les cat\u00e9chismes si utiles, quand on les fait bien, n&rsquo;\u00e9taient presque plus en usage. Les cur\u00e9s des bourgs et des villages, attentifs \u00e0 se faire payer la d\u00eeme, semblaient pour la plupart avoir oubli\u00e9 que ceux qui leur fournissent la nourriture du corps, ont droit d&rsquo;attendre d&rsquo;eux la nourriture spirituelle. L&rsquo;ignorance des choses du salut \u00e9tait si profonde qu&rsquo;un grand nombre de chr\u00e9tiens savaient \u00e0 peine qu&rsquo;il y avait un Dieu. Quand aux myst\u00e8res de la Sainte Trinit\u00e9 et de l&rsquo;Incarnation dont la foi explicite est absolument n\u00e9cessaire \u00e0 tous les fid\u00e8les, on ne les leur expliquait presque jamais : ils n&rsquo;\u00e9taient pas mieux instruits de ce qui regarde les sacrements, ni des dispositions avec lesquelles il s&rsquo;en faut approcher. Ainsi le christianisme n&rsquo;\u00e9tait chez la plupart de ceux qui en faisaient profession qu&rsquo;un titre sans r\u00e9alit\u00e9. La foi s&rsquo;\u00e9teignait de jour en jour ; et quoiqu&rsquo;elle f\u00fbt plus \u00e9clair\u00e9e dans les villes qui, d&rsquo;ordinaire, trouvent dans la multitude et les lumi\u00e8res des ministres de l&rsquo;\u00e9vangile des ressources plus abondantes, elle y \u00e9tait si st\u00e9rile qu&rsquo;on n&rsquo;y voyait presqu&rsquo;aucune marque de cette charit\u00e9 tendre et g\u00e9n\u00e9reuse qui se fait conna\u00eetre par les \u0153uvres. Les devoirs des riches \u00e0 l&rsquo;\u00e9gard des pauvres \u00e9taient ignor\u00e9s dans la pratique. L&rsquo;aum\u00f4ne de la veuve de l&rsquo;\u00e9vangile, tenait lieu de toute aum\u00f4ne \u00e0 ceux m\u00eame des s\u00e9culiers dont la fortune \u00e9tait le plus commode. Si de temps en temps quelqu&rsquo;un allait au-del\u00e0, son action passait pour extraordinaire.<\/p>\n<p>Telle et plus f\u00e2cheuse encore \u00e9tait la situation des choses, lorsque Dieu qui dans sa col\u00e8re rappelle le souvenir de ses mis\u00e9ricordes, fit na\u00eetre dans un coin des Landes de Bordeaux, un homme qui, malgr\u00e9 la bassesse de sa condition, devait un jour rendre \u00e0 l&rsquo;Eglise et \u00e0 l&rsquo;Etat des services signal\u00e9s, r\u00e9parer les d\u00e9bris du sanctuaire, peupler la maison du Seigneur de ministres fid\u00e8les, \u00e9carter des dignit\u00e9s eccl\u00e9siastiques ceux \u00e0 qui l&rsquo;ambition et la naissance tenaient lieu de m\u00e9rite, former de saintes acad\u00e9mies o\u00f9, sur un plus beau plan que celui des guerriers, ceux que le z\u00e8le de la gloire de Dieu consume, apprissent le difficile m\u00e9tier de sauver les peuples en se sauvant eux-m\u00eames ; \u00e9tablir une nouvelle Compagnie d&rsquo;hommes z\u00e9l\u00e9s et infatigables qui, consacr\u00e9s principalement au service des pauvres et des mis\u00e9rables, n&rsquo;eussent en partage que les fonctions les plus dures et les plus rebutantes du minist\u00e8re ; enflammer ces dignes ouvriers du feu dont il \u00e9tait lui-m\u00eame d\u00e9vor\u00e9 et leur apprendre \u00e0 courir avec joie, comme ils firent sous ses ordres, non seulement aux extr\u00e9mit\u00e9s du Royaume, mais encore dans l&rsquo;Irlande, l&rsquo;Ecosse, les Iles H\u00e9brides, l&rsquo;Italie, la Pologne, la Barbarie, et jusques sous la zone torride dans l\u2019Isle de Madagascar, o\u00f9 la plupart de ces hommes apostoliques, martyrs de la charit\u00e9 due \u00e0 Dieu et au prochain, ont termin\u00e9 leur course sous le poids du travail et des pers\u00e9cutions. Ces grandes actions que nous allons d\u00e9tailler dans l&rsquo;histoire de S. Vincent de Paul, seraient plus que suffisantes pour immortaliser sa m\u00e9moire, et rendre son nom pr\u00e9cieux \u00e0 tous ceux qui ont quelque amour pour l&rsquo;Eglise de J.C. mais il ne s&rsquo;en est pas tenu l\u00e0. Si les besoins spirituels des pauvres furent le premier objet de son z\u00e8le et de sa charit\u00e9, il ne n\u00e9gligea pas leurs besoins temporels : et le lecteur chr\u00e9tien verra avec une joie m\u00eal\u00e9e de surprise et d&rsquo;\u00e9tonnement la Lorraine, la Picardie, la Champagne, ou plut\u00f4t la France toute enti\u00e8re, trouver dans les soins et l&rsquo;activit\u00e9 d&rsquo;un homme pauvre, par \u00e9tat et par choix, des ressources qu&rsquo;elles n&rsquo;avaient trouv\u00e9es ni dans l&rsquo;abondance des riches ni dans les tr\u00e9sors des Rois. Il reconna\u00eetra le doigt de Dieu dans les secours qu&rsquo;un simple pr\u00eatre a procur\u00e9s aux orphelins, aux for\u00e7ats, aux malades, aux vieillards, et \u00e0 un monde de pauvres de tout \u00e2ge, de tout sexe, de toute nation, de toute condition, de toute religion m\u00eame. Il admirera la b\u00e9n\u00e9diction singuli\u00e8re que le p\u00e8re de famille a r\u00e9pandue sur les grandes entreprises d&rsquo;un serviteur fid\u00e8le, non seulement en leur donnant pendant sa vie un succ\u00e8s qui a pass\u00e9 ses esp\u00e9rances, mais encore en les continuant apr\u00e8s sa mort, soit par l&rsquo;entremise d&rsquo;une assembl\u00e9e de dames illustres qui se transmettent d&rsquo;\u00e2ge en \u00e2ge, l&rsquo;esprit de mis\u00e9ricorde et de compassion que Vincent leur a communiqu\u00e9 ; soit par le moyen de cette nouvelle et nombreuse compagnie de vierges qu&rsquo;il a enfant\u00e9es \u00e0 J.C. et qui pr\u00e9f\u00e8rent l&rsquo;humble nom de servantes des pauvres \u00e0 tous ces titres glorieux qui flattent l&rsquo;ambition et que la vanit\u00e9 adore. Mais il est temps d&rsquo;entrer dans ce d\u00e9tail si glorieux \u00e0 notre saint, si consolant pour l&rsquo;Eglise, et si capable d&rsquo;\u00e9difier ceux qui le liront dans la droiture et la simplicit\u00e9 du c\u0153ur.<\/p>\n","protected":false},"excerpt":{"rendered":"<p>Volume I Livre premier 1. \u00c9tat de la France sur la fin du seizi\u00e8me si\u00e8cle. Ignorance et corruption du Clerg\u00e9. La France \u00e9tait dans un \u00e9tat d\u00e9plorable, quand elle vit na\u00eetre le saint, dont j&rsquo;entreprends &#8230; <a href=\"http:\/\/vincentians.com\/fr\/la-vie-de-saint-vincent-de-paul-instituteur-de-la-congregation-de-la-mission-et-des-filles-de-la-charite-001\/\" class=\"more-link\">Read More<\/a><\/p>\n","protected":false},"author":4,"featured_media":107739,"comment_status":"open","ping_status":"open","sticky":false,"template":"","format":"standard","meta":{"jetpack_post_was_ever_published":false,"_jetpack_newsletter_access":"","_jetpack_dont_email_post_to_subs":false,"_jetpack_newsletter_tier_id":0,"_jetpack_memberships_contains_paywalled_content":false,"_jetpack_memberships_contains_paid_content":false,"footnotes":"","jetpack_publicize_message":"","jetpack_publicize_feature_enabled":true,"jetpack_social_post_already_shared":true,"jetpack_social_options":{"image_generator_settings":{"template":"highway","default_image_id":0,"font":"","enabled":false},"version":2}},"categories":[5],"tags":[],"class_list":["post-107736","post","type-post","status-publish","format-standard","has-post-thumbnail","hentry","category-vincent-de-paul"],"yoast_head":"<!-- This site is optimized with the Yoast SEO plugin v26.3 - https:\/\/yoast.com\/wordpress\/plugins\/seo\/ -->\n<title>La vie de Saint Vincent de Paul, instituteur de la Congr\u00e9gation de la Mission et des Filles de la Charit\u00e9 (001) - Nous Sommes Vincentiens<\/title>\n<meta name=\"robots\" content=\"index, follow, max-snippet:-1, max-image-preview:large, max-video-preview:-1\" \/>\n<link rel=\"canonical\" href=\"https:\/\/vincentians.com\/fr\/la-vie-de-saint-vincent-de-paul-instituteur-de-la-congregation-de-la-mission-et-des-filles-de-la-charite-001\/\" \/>\n<meta property=\"og:locale\" content=\"fr_FR\" \/>\n<meta property=\"og:type\" content=\"article\" \/>\n<meta property=\"og:title\" content=\"La vie de Saint Vincent de Paul, instituteur de la Congr\u00e9gation de la Mission et des Filles de la Charit\u00e9 (001) - Nous Sommes Vincentiens\" \/>\n<meta property=\"og:description\" content=\"Volume I Livre premier 1. \u00c9tat de la France sur la fin du seizi\u00e8me si\u00e8cle. Ignorance et corruption du Clerg\u00e9. La France \u00e9tait dans un \u00e9tat d\u00e9plorable, quand elle vit na\u00eetre le saint, dont j&rsquo;entreprends ... Read More\" \/>\n<meta property=\"og:url\" content=\"https:\/\/vincentians.com\/fr\/la-vie-de-saint-vincent-de-paul-instituteur-de-la-congregation-de-la-mission-et-des-filles-de-la-charite-001\/\" \/>\n<meta property=\"og:site_name\" content=\"Nous Sommes Vincentiens\" \/>\n<meta property=\"article:publisher\" content=\"https:\/\/www.facebook.com\/WeAreVincentians\/\" \/>\n<meta property=\"article:author\" content=\"https:\/\/www.facebook.com\/JavierChento\" \/>\n<meta property=\"article:published_time\" content=\"2014-01-28T05:53:56+00:00\" \/>\n<meta name=\"author\" content=\"Francisco Javier Fern\u00e1ndez Chento\" \/>\n<meta name=\"twitter:card\" content=\"summary_large_image\" \/>\n<meta name=\"twitter:creator\" content=\"@https:\/\/twitter.com\/javierchento\" \/>\n<meta name=\"twitter:site\" content=\"@WeVincentians\" \/>\n<meta name=\"twitter:label1\" content=\"\u00c9crit par\" \/>\n\t<meta name=\"twitter:data1\" content=\"Francisco Javier Fern\u00e1ndez Chento\" \/>\n\t<meta name=\"twitter:label2\" content=\"Dur\u00e9e de lecture estim\u00e9e\" \/>\n\t<meta name=\"twitter:data2\" content=\"8 minutes\" \/>\n<script type=\"application\/ld+json\" class=\"yoast-schema-graph\">{\"@context\":\"https:\/\/schema.org\",\"@graph\":[{\"@type\":\"WebPage\",\"@id\":\"https:\/\/vincentians.com\/fr\/la-vie-de-saint-vincent-de-paul-instituteur-de-la-congregation-de-la-mission-et-des-filles-de-la-charite-001\/\",\"url\":\"https:\/\/vincentians.com\/fr\/la-vie-de-saint-vincent-de-paul-instituteur-de-la-congregation-de-la-mission-et-des-filles-de-la-charite-001\/\",\"name\":\"La vie de Saint Vincent de Paul, instituteur de la Congr\u00e9gation de la Mission et des Filles de la Charit\u00e9 (001) - Nous Sommes Vincentiens\",\"isPartOf\":{\"@id\":\"http:\/\/vincentians.com\/fr\/#website\"},\"primaryImageOfPage\":{\"@id\":\"https:\/\/vincentians.com\/fr\/la-vie-de-saint-vincent-de-paul-instituteur-de-la-congregation-de-la-mission-et-des-filles-de-la-charite-001\/#primaryimage\"},\"image\":{\"@id\":\"https:\/\/vincentians.com\/fr\/la-vie-de-saint-vincent-de-paul-instituteur-de-la-congregation-de-la-mission-et-des-filles-de-la-charite-001\/#primaryimage\"},\"thumbnailUrl\":\"\",\"datePublished\":\"2014-01-28T05:53:56+00:00\",\"author\":{\"@id\":\"http:\/\/vincentians.com\/fr\/#\/schema\/person\/9623ef4d9aa3b2dfb8c061f1499288f2\"},\"breadcrumb\":{\"@id\":\"https:\/\/vincentians.com\/fr\/la-vie-de-saint-vincent-de-paul-instituteur-de-la-congregation-de-la-mission-et-des-filles-de-la-charite-001\/#breadcrumb\"},\"inLanguage\":\"fr-FR\",\"potentialAction\":[{\"@type\":\"ReadAction\",\"target\":[\"https:\/\/vincentians.com\/fr\/la-vie-de-saint-vincent-de-paul-instituteur-de-la-congregation-de-la-mission-et-des-filles-de-la-charite-001\/\"]}]},{\"@type\":\"ImageObject\",\"inLanguage\":\"fr-FR\",\"@id\":\"https:\/\/vincentians.com\/fr\/la-vie-de-saint-vincent-de-paul-instituteur-de-la-congregation-de-la-mission-et-des-filles-de-la-charite-001\/#primaryimage\",\"url\":\"\",\"contentUrl\":\"\"},{\"@type\":\"BreadcrumbList\",\"@id\":\"https:\/\/vincentians.com\/fr\/la-vie-de-saint-vincent-de-paul-instituteur-de-la-congregation-de-la-mission-et-des-filles-de-la-charite-001\/#breadcrumb\",\"itemListElement\":[{\"@type\":\"ListItem\",\"position\":1,\"name\":\"Portada\",\"item\":\"http:\/\/vincentians.com\/fr\/\"},{\"@type\":\"ListItem\",\"position\":2,\"name\":\"La vie de Saint Vincent de Paul, instituteur de la Congr\u00e9gation de la Mission et des Filles de la Charit\u00e9 (001)\"}]},{\"@type\":\"WebSite\",\"@id\":\"http:\/\/vincentians.com\/fr\/#website\",\"url\":\"http:\/\/vincentians.com\/fr\/\",\"name\":\"Nous Sommes Vincentiens\",\"description\":\"Know more to serve more\",\"potentialAction\":[{\"@type\":\"SearchAction\",\"target\":{\"@type\":\"EntryPoint\",\"urlTemplate\":\"http:\/\/vincentians.com\/fr\/?s={search_term_string}\"},\"query-input\":{\"@type\":\"PropertyValueSpecification\",\"valueRequired\":true,\"valueName\":\"search_term_string\"}}],\"inLanguage\":\"fr-FR\"},{\"@type\":\"Person\",\"@id\":\"http:\/\/vincentians.com\/fr\/#\/schema\/person\/9623ef4d9aa3b2dfb8c061f1499288f2\",\"name\":\"Francisco Javier Fern\u00e1ndez Chento\",\"image\":{\"@type\":\"ImageObject\",\"inLanguage\":\"fr-FR\",\"@id\":\"http:\/\/vincentians.com\/fr\/#\/schema\/person\/image\/\",\"url\":\"https:\/\/secure.gravatar.com\/avatar\/497d5cde87b4c3d097d0315953521681ba2cd523ee66e5077c3711f7021e65de?s=96&d=mm&r=g\",\"contentUrl\":\"https:\/\/secure.gravatar.com\/avatar\/497d5cde87b4c3d097d0315953521681ba2cd523ee66e5077c3711f7021e65de?s=96&d=mm&r=g\",\"caption\":\"Francisco Javier Fern\u00e1ndez Chento\"},\"description\":\"Director General y cofundador de La Red de Formaci\u00f3n Vicenciana. Javier es laico vicenciano, afiliado a la Congregaci\u00f3n de la Misi\u00f3n y miembro del Equipo de Misiones Populares de la provincia can\u00f3nica de Zaragoza (Espa\u00f1a) de la Congregaci\u00f3n de la Misi\u00f3n. Graduado en la Universidad Oberta de Catalunya con cuatro grados (Asistente de direcci\u00f3n, Gesti\u00f3n Administrativa, Recursos Humanos y Contabilidad Avanzada). Bil\u00edng\u00fce Espa\u00f1ol\/Ingl\u00e9s. gestiona y mantiene varias p\u00e1ginas web cristianas y vicencianas, incluida including La Red de Formaci\u00f3n Vicenciana, de la que es cofundador. Actualmente es responsable del \u00e1rea de Espa\u00f1ol de .famvin, la Red de Noticias de la Familia Vicenciana. Tambi\u00e9n es m\u00fasico cat\u00f3lico y ha editado varios discos. Es Director General y cofundador de Trovador, una reconocida compa\u00f1\u00eda discogr\u00e1fica critiana de Espa\u00f1a. Trabaja en las Tecnolog\u00edas de la Informaci\u00f3n, ofreciendo servicios de alojamiento, dise\u00f1o y mantenimiento Web, as\u00ed como asesoramiento, formaci\u00f3n y soluciones inform\u00e1ticas, gesti\u00f3n documental y digitalizaci\u00f3n de textos, edici\u00f3n y maquetaci\u00f3n de libros, revistas, flyers, etc.\",\"sameAs\":[\"http:\/\/chento.org\",\"https:\/\/www.facebook.com\/JavierChento\",\"https:\/\/x.com\/https:\/\/twitter.com\/javierchento\"],\"url\":\"http:\/\/vincentians.com\/fr\/author\/chento\/\"}]}<\/script>\n<!-- \/ Yoast SEO plugin. -->","yoast_head_json":{"title":"La vie de Saint Vincent de Paul, instituteur de la Congr\u00e9gation de la Mission et des Filles de la Charit\u00e9 (001) - Nous Sommes Vincentiens","robots":{"index":"index","follow":"follow","max-snippet":"max-snippet:-1","max-image-preview":"max-image-preview:large","max-video-preview":"max-video-preview:-1"},"canonical":"https:\/\/vincentians.com\/fr\/la-vie-de-saint-vincent-de-paul-instituteur-de-la-congregation-de-la-mission-et-des-filles-de-la-charite-001\/","og_locale":"fr_FR","og_type":"article","og_title":"La vie de Saint Vincent de Paul, instituteur de la Congr\u00e9gation de la Mission et des Filles de la Charit\u00e9 (001) - Nous Sommes Vincentiens","og_description":"Volume I Livre premier 1. \u00c9tat de la France sur la fin du seizi\u00e8me si\u00e8cle. Ignorance et corruption du Clerg\u00e9. La France \u00e9tait dans un \u00e9tat d\u00e9plorable, quand elle vit na\u00eetre le saint, dont j&rsquo;entreprends ... Read More","og_url":"https:\/\/vincentians.com\/fr\/la-vie-de-saint-vincent-de-paul-instituteur-de-la-congregation-de-la-mission-et-des-filles-de-la-charite-001\/","og_site_name":"Nous Sommes Vincentiens","article_publisher":"https:\/\/www.facebook.com\/WeAreVincentians\/","article_author":"https:\/\/www.facebook.com\/JavierChento","article_published_time":"2014-01-28T05:53:56+00:00","author":"Francisco Javier Fern\u00e1ndez Chento","twitter_card":"summary_large_image","twitter_creator":"@https:\/\/twitter.com\/javierchento","twitter_site":"@WeVincentians","twitter_misc":{"\u00c9crit par":"Francisco Javier Fern\u00e1ndez Chento","Dur\u00e9e de lecture estim\u00e9e":"8 minutes"},"schema":{"@context":"https:\/\/schema.org","@graph":[{"@type":"WebPage","@id":"https:\/\/vincentians.com\/fr\/la-vie-de-saint-vincent-de-paul-instituteur-de-la-congregation-de-la-mission-et-des-filles-de-la-charite-001\/","url":"https:\/\/vincentians.com\/fr\/la-vie-de-saint-vincent-de-paul-instituteur-de-la-congregation-de-la-mission-et-des-filles-de-la-charite-001\/","name":"La vie de Saint Vincent de Paul, instituteur de la Congr\u00e9gation de la Mission et des Filles de la Charit\u00e9 (001) - Nous Sommes Vincentiens","isPartOf":{"@id":"http:\/\/vincentians.com\/fr\/#website"},"primaryImageOfPage":{"@id":"https:\/\/vincentians.com\/fr\/la-vie-de-saint-vincent-de-paul-instituteur-de-la-congregation-de-la-mission-et-des-filles-de-la-charite-001\/#primaryimage"},"image":{"@id":"https:\/\/vincentians.com\/fr\/la-vie-de-saint-vincent-de-paul-instituteur-de-la-congregation-de-la-mission-et-des-filles-de-la-charite-001\/#primaryimage"},"thumbnailUrl":"","datePublished":"2014-01-28T05:53:56+00:00","author":{"@id":"http:\/\/vincentians.com\/fr\/#\/schema\/person\/9623ef4d9aa3b2dfb8c061f1499288f2"},"breadcrumb":{"@id":"https:\/\/vincentians.com\/fr\/la-vie-de-saint-vincent-de-paul-instituteur-de-la-congregation-de-la-mission-et-des-filles-de-la-charite-001\/#breadcrumb"},"inLanguage":"fr-FR","potentialAction":[{"@type":"ReadAction","target":["https:\/\/vincentians.com\/fr\/la-vie-de-saint-vincent-de-paul-instituteur-de-la-congregation-de-la-mission-et-des-filles-de-la-charite-001\/"]}]},{"@type":"ImageObject","inLanguage":"fr-FR","@id":"https:\/\/vincentians.com\/fr\/la-vie-de-saint-vincent-de-paul-instituteur-de-la-congregation-de-la-mission-et-des-filles-de-la-charite-001\/#primaryimage","url":"","contentUrl":""},{"@type":"BreadcrumbList","@id":"https:\/\/vincentians.com\/fr\/la-vie-de-saint-vincent-de-paul-instituteur-de-la-congregation-de-la-mission-et-des-filles-de-la-charite-001\/#breadcrumb","itemListElement":[{"@type":"ListItem","position":1,"name":"Portada","item":"http:\/\/vincentians.com\/fr\/"},{"@type":"ListItem","position":2,"name":"La vie de Saint Vincent de Paul, instituteur de la Congr\u00e9gation de la Mission et des Filles de la Charit\u00e9 (001)"}]},{"@type":"WebSite","@id":"http:\/\/vincentians.com\/fr\/#website","url":"http:\/\/vincentians.com\/fr\/","name":"Nous Sommes Vincentiens","description":"Know more to serve more","potentialAction":[{"@type":"SearchAction","target":{"@type":"EntryPoint","urlTemplate":"http:\/\/vincentians.com\/fr\/?s={search_term_string}"},"query-input":{"@type":"PropertyValueSpecification","valueRequired":true,"valueName":"search_term_string"}}],"inLanguage":"fr-FR"},{"@type":"Person","@id":"http:\/\/vincentians.com\/fr\/#\/schema\/person\/9623ef4d9aa3b2dfb8c061f1499288f2","name":"Francisco Javier Fern\u00e1ndez Chento","image":{"@type":"ImageObject","inLanguage":"fr-FR","@id":"http:\/\/vincentians.com\/fr\/#\/schema\/person\/image\/","url":"https:\/\/secure.gravatar.com\/avatar\/497d5cde87b4c3d097d0315953521681ba2cd523ee66e5077c3711f7021e65de?s=96&d=mm&r=g","contentUrl":"https:\/\/secure.gravatar.com\/avatar\/497d5cde87b4c3d097d0315953521681ba2cd523ee66e5077c3711f7021e65de?s=96&d=mm&r=g","caption":"Francisco Javier Fern\u00e1ndez Chento"},"description":"Director General y cofundador de La Red de Formaci\u00f3n Vicenciana. Javier es laico vicenciano, afiliado a la Congregaci\u00f3n de la Misi\u00f3n y miembro del Equipo de Misiones Populares de la provincia can\u00f3nica de Zaragoza (Espa\u00f1a) de la Congregaci\u00f3n de la Misi\u00f3n. Graduado en la Universidad Oberta de Catalunya con cuatro grados (Asistente de direcci\u00f3n, Gesti\u00f3n Administrativa, Recursos Humanos y Contabilidad Avanzada). Bil\u00edng\u00fce Espa\u00f1ol\/Ingl\u00e9s. gestiona y mantiene varias p\u00e1ginas web cristianas y vicencianas, incluida including La Red de Formaci\u00f3n Vicenciana, de la que es cofundador. Actualmente es responsable del \u00e1rea de Espa\u00f1ol de .famvin, la Red de Noticias de la Familia Vicenciana. Tambi\u00e9n es m\u00fasico cat\u00f3lico y ha editado varios discos. Es Director General y cofundador de Trovador, una reconocida compa\u00f1\u00eda discogr\u00e1fica critiana de Espa\u00f1a. Trabaja en las Tecnolog\u00edas de la Informaci\u00f3n, ofreciendo servicios de alojamiento, dise\u00f1o y mantenimiento Web, as\u00ed como asesoramiento, formaci\u00f3n y soluciones inform\u00e1ticas, gesti\u00f3n documental y digitalizaci\u00f3n de textos, edici\u00f3n y maquetaci\u00f3n de libros, revistas, flyers, etc.","sameAs":["http:\/\/chento.org","https:\/\/www.facebook.com\/JavierChento","https:\/\/x.com\/https:\/\/twitter.com\/javierchento"],"url":"http:\/\/vincentians.com\/fr\/author\/chento\/"}]}},"jetpack_publicize_connections":[],"jetpack_featured_media_url":"","jetpack_sharing_enabled":true,"jetpack_shortlink":"https:\/\/wp.me\/p7ETMP-s1G","jetpack-related-posts":[{"id":52052,"url":"http:\/\/vincentians.com\/fr\/saint-vincent-de-paul-et-sa-mission-sociale-iii-laction-1\/","url_meta":{"origin":107736,"position":0},"title":"Saint Vincent De Paul Et Sa Mission Sociale. III &#8211; L\u2019action (1)","author":"Francisco Javier Fern\u00e1ndez Chento","date":"25\/12\/2014","format":false,"excerpt":"LES MISSIONS. \u2014 Saint Vincent de Paul missionnaire. \u2014 Organisation des missions rurales. \u2014 Vertus et qualit\u00e9s des missionnaires. \u2014 La pr\u00e9dication d\u2019apr\u00e8s le saint. \u2014 Sa conduite envers les h\u00e9r\u00e9tiques et les infid\u00e8les. \u2014 Les imitateurs de Vincent de Paul. \u2014 Fruits du nouvel apostolat. \u2014 Missions \u00e0 la\u2026","rel":"","context":"Dans &quot;Vincent de Paul&quot;","block_context":{"text":"Vincent de Paul","link":"http:\/\/vincentians.com\/fr\/category\/the-vincentian-family\/founders\/vincent-de-paul\/"},"img":{"alt_text":"","src":"https:\/\/i0.wp.com\/vincentians.com\/fr\/wp-content\/uploads\/sites\/10\/2016\/07\/vincent-et-sa-action-sociale.jpg?fit=1160%2C630&resize=350%2C200","width":350,"height":200,"srcset":"https:\/\/i0.wp.com\/vincentians.com\/fr\/wp-content\/uploads\/sites\/10\/2016\/07\/vincent-et-sa-action-sociale.jpg?fit=1160%2C630&resize=350%2C200 1x, https:\/\/i0.wp.com\/vincentians.com\/fr\/wp-content\/uploads\/sites\/10\/2016\/07\/vincent-et-sa-action-sociale.jpg?fit=1160%2C630&resize=525%2C300 1.5x, https:\/\/i0.wp.com\/vincentians.com\/fr\/wp-content\/uploads\/sites\/10\/2016\/07\/vincent-et-sa-action-sociale.jpg?fit=1160%2C630&resize=700%2C400 2x, https:\/\/i0.wp.com\/vincentians.com\/fr\/wp-content\/uploads\/sites\/10\/2016\/07\/vincent-et-sa-action-sociale.jpg?fit=1160%2C630&resize=1050%2C600 3x"},"classes":[]},{"id":52057,"url":"http:\/\/vincentians.com\/fr\/saint-vincent-de-paul-et-sa-mission-sociale-iii-laction-3\/","url_meta":{"origin":107736,"position":1},"title":"Saint Vincent De Paul Et Sa Mission Sociale. III &#8211; L\u2019action (3)","author":"Francisco Javier Fern\u00e1ndez Chento","date":"27\/12\/2014","format":false,"excerpt":"LA POLITIQUE ET LA CHARIT\u00c9. \u2014 La charit\u00e9 dans l\u2019\u00c9tat. \u2014 La guerre en Lorraine. \u2014 Vincent de Paul vient au secours de cette malheureuse province. \u2014 Les r\u00e9fugi\u00e9s lorrains \u00e0 Paris. \u2014 Vincent de Paul et Richelieu. \u2014 Les deux politiques. \u2014 Vincent au lit de mort de Louis\u2026","rel":"","context":"Dans &quot;Vincent de Paul&quot;","block_context":{"text":"Vincent de Paul","link":"http:\/\/vincentians.com\/fr\/category\/the-vincentian-family\/founders\/vincent-de-paul\/"},"img":{"alt_text":"","src":"https:\/\/i0.wp.com\/vincentians.com\/fr\/wp-content\/uploads\/sites\/10\/2016\/07\/vincent-et-sa-action-sociale.jpg?fit=1160%2C630&resize=350%2C200","width":350,"height":200,"srcset":"https:\/\/i0.wp.com\/vincentians.com\/fr\/wp-content\/uploads\/sites\/10\/2016\/07\/vincent-et-sa-action-sociale.jpg?fit=1160%2C630&resize=350%2C200 1x, https:\/\/i0.wp.com\/vincentians.com\/fr\/wp-content\/uploads\/sites\/10\/2016\/07\/vincent-et-sa-action-sociale.jpg?fit=1160%2C630&resize=525%2C300 1.5x, https:\/\/i0.wp.com\/vincentians.com\/fr\/wp-content\/uploads\/sites\/10\/2016\/07\/vincent-et-sa-action-sociale.jpg?fit=1160%2C630&resize=700%2C400 2x, https:\/\/i0.wp.com\/vincentians.com\/fr\/wp-content\/uploads\/sites\/10\/2016\/07\/vincent-et-sa-action-sociale.jpg?fit=1160%2C630&resize=1050%2C600 3x"},"classes":[]},{"id":52020,"url":"http:\/\/vincentians.com\/fr\/saint-vincent-de-paul-et-sa-mission-sociale-i-la-vocation-1\/","url_meta":{"origin":107736,"position":2},"title":"Saint Vincent De Paul Et Sa Mission Sociale. I &#8211; La vocation (1)","author":"Francisco Javier Fern\u00e1ndez Chento","date":"18\/12\/2014","format":false,"excerpt":"L\u2019HOMME ET L\u2019\u0152UVRE \u2014 Le seizi\u00e8me si\u00e8cle et le protestantisme en France. \u2014 Ravages caus\u00e9s par les guerres de religion. \u2014 Changements dans la soci\u00e9t\u00e9. \u2014 Accroissement de la mis\u00e8re. \u2014 L\u2019\u0153uvre nouvelle de la Charit\u00e9. \u2014 Saint Vincent de Paul. \u2014 Sa mission. \u2014 Naissance et premi\u00e8res ann\u00e9es. \u2014\u2026","rel":"","context":"Dans &quot;Vincent de Paul&quot;","block_context":{"text":"Vincent de Paul","link":"http:\/\/vincentians.com\/fr\/category\/the-vincentian-family\/founders\/vincent-de-paul\/"},"img":{"alt_text":"","src":"https:\/\/i0.wp.com\/vincentians.com\/fr\/wp-content\/uploads\/sites\/10\/2016\/07\/vincent-et-sa-action-sociale.jpg?fit=1160%2C630&resize=350%2C200","width":350,"height":200,"srcset":"https:\/\/i0.wp.com\/vincentians.com\/fr\/wp-content\/uploads\/sites\/10\/2016\/07\/vincent-et-sa-action-sociale.jpg?fit=1160%2C630&resize=350%2C200 1x, https:\/\/i0.wp.com\/vincentians.com\/fr\/wp-content\/uploads\/sites\/10\/2016\/07\/vincent-et-sa-action-sociale.jpg?fit=1160%2C630&resize=525%2C300 1.5x, https:\/\/i0.wp.com\/vincentians.com\/fr\/wp-content\/uploads\/sites\/10\/2016\/07\/vincent-et-sa-action-sociale.jpg?fit=1160%2C630&resize=700%2C400 2x, https:\/\/i0.wp.com\/vincentians.com\/fr\/wp-content\/uploads\/sites\/10\/2016\/07\/vincent-et-sa-action-sociale.jpg?fit=1160%2C630&resize=1050%2C600 3x"},"classes":[]},{"id":52016,"url":"http:\/\/vincentians.com\/fr\/saint-vincent-de-paul-et-sa-mission-sociale-introduction\/","url_meta":{"origin":107736,"position":3},"title":"Saint Vincent De Paul Et Sa Mission Sociale. Introduction","author":"Francisco Javier Fern\u00e1ndez Chento","date":"17\/12\/2014","format":false,"excerpt":"Les antiennes que l\u2019on chante aux premi\u00e8res v\u00eapres de saint Vincent de Paul sont le portrait et l\u2019\u00e9loge le plus exact que l\u2019on puisse faire de ce h\u00e9ros de la charit\u00e9 : Les indigents et les pauvres cherchent de l\u2019eau et n\u2019en trouvent pas ; moi, dit le Seigneur, je\u2026","rel":"","context":"Dans &quot;Vincent de Paul&quot;","block_context":{"text":"Vincent de Paul","link":"http:\/\/vincentians.com\/fr\/category\/the-vincentian-family\/founders\/vincent-de-paul\/"},"img":{"alt_text":"","src":"https:\/\/i0.wp.com\/vincentians.com\/fr\/wp-content\/uploads\/sites\/10\/2016\/07\/vincent-et-sa-action-sociale.jpg?fit=1160%2C630&resize=350%2C200","width":350,"height":200,"srcset":"https:\/\/i0.wp.com\/vincentians.com\/fr\/wp-content\/uploads\/sites\/10\/2016\/07\/vincent-et-sa-action-sociale.jpg?fit=1160%2C630&resize=350%2C200 1x, https:\/\/i0.wp.com\/vincentians.com\/fr\/wp-content\/uploads\/sites\/10\/2016\/07\/vincent-et-sa-action-sociale.jpg?fit=1160%2C630&resize=525%2C300 1.5x, https:\/\/i0.wp.com\/vincentians.com\/fr\/wp-content\/uploads\/sites\/10\/2016\/07\/vincent-et-sa-action-sociale.jpg?fit=1160%2C630&resize=700%2C400 2x, https:\/\/i0.wp.com\/vincentians.com\/fr\/wp-content\/uploads\/sites\/10\/2016\/07\/vincent-et-sa-action-sociale.jpg?fit=1160%2C630&resize=1050%2C600 3x"},"classes":[]},{"id":57182,"url":"http:\/\/vincentians.com\/fr\/lhistoriographie-vincentienne-selon-les-epoques-culturelles\/","url_meta":{"origin":107736,"position":4},"title":"L&rsquo;historiographie vincentienne selon les epoques culturelles","author":"Francisco Javier Fern\u00e1ndez Chento","date":"16\/05\/2015","format":false,"excerpt":"Dans \"Les nouvelles consid\u00e9rations sur l'histoire\" (1744) Vol\u00adtaire affirmait que l'histoire n'est pas un genre immuable. Elle d\u00e9pend du progr\u00e8s scientifique g\u00e9n\u00e9ral. C'\u00e9tait \u00e0 une intuition trop en avance sur son temps. Et pourtant, cette intuition se trouve amplement con\u00adfirm\u00e9e, par la suite. Nous en trouvons une preuve \u00e9vidente dans\u2026","rel":"","context":"Dans &quot;Formation Vincentienne&quot;","block_context":{"text":"Formation Vincentienne","link":"http:\/\/vincentians.com\/fr\/category\/formation-vincentienne\/"},"img":{"alt_text":"","src":"https:\/\/i0.wp.com\/vincentiens.org\/wp-content\/uploads\/2012\/12\/sanvicentemosaico-213x300.jpg?resize=350%2C200","width":350,"height":200},"classes":[]},{"id":52054,"url":"http:\/\/vincentians.com\/fr\/saint-vincent-de-paul-et-sa-mission-sociale-iii-laction-2\/","url_meta":{"origin":107736,"position":5},"title":"Saint Vincent De Paul Et Sa Mission Sociale. III &#8211; L\u2019action (2)","author":"Francisco Javier Fern\u00e1ndez Chento","date":"26\/12\/2014","format":false,"excerpt":"LA RENAISSANCE RELIGIEUSE. \u2014 Le compl\u00e9ment des missions. \u2014 \u00c9tat du clerg\u00e9 depuis le concile de Trente. \u2014 N\u00e9cessit\u00e9 d\u2019une r\u00e9forme. \u2014 Les exercices des ordinands. \u2014 Saint-Lazare. \u2014 La conf\u00e9rence du mardi. \u2014 Bossuet. \u2014 Les retraites spirituelles. \u2014 Le coll\u00e8ge des Bons-Enfants. \u2014 Vincent de Paul et Olier.\u2026","rel":"","context":"Dans &quot;Vincent de Paul&quot;","block_context":{"text":"Vincent de Paul","link":"http:\/\/vincentians.com\/fr\/category\/the-vincentian-family\/founders\/vincent-de-paul\/"},"img":{"alt_text":"","src":"https:\/\/i0.wp.com\/vincentians.com\/fr\/wp-content\/uploads\/sites\/10\/2016\/07\/vincent-et-sa-action-sociale.jpg?fit=1160%2C630&resize=350%2C200","width":350,"height":200,"srcset":"https:\/\/i0.wp.com\/vincentians.com\/fr\/wp-content\/uploads\/sites\/10\/2016\/07\/vincent-et-sa-action-sociale.jpg?fit=1160%2C630&resize=350%2C200 1x, https:\/\/i0.wp.com\/vincentians.com\/fr\/wp-content\/uploads\/sites\/10\/2016\/07\/vincent-et-sa-action-sociale.jpg?fit=1160%2C630&resize=525%2C300 1.5x, https:\/\/i0.wp.com\/vincentians.com\/fr\/wp-content\/uploads\/sites\/10\/2016\/07\/vincent-et-sa-action-sociale.jpg?fit=1160%2C630&resize=700%2C400 2x, https:\/\/i0.wp.com\/vincentians.com\/fr\/wp-content\/uploads\/sites\/10\/2016\/07\/vincent-et-sa-action-sociale.jpg?fit=1160%2C630&resize=1050%2C600 3x"},"classes":[]}],"_links":{"self":[{"href":"http:\/\/vincentians.com\/fr\/wp-json\/wp\/v2\/posts\/107736","targetHints":{"allow":["GET"]}}],"collection":[{"href":"http:\/\/vincentians.com\/fr\/wp-json\/wp\/v2\/posts"}],"about":[{"href":"http:\/\/vincentians.com\/fr\/wp-json\/wp\/v2\/types\/post"}],"author":[{"embeddable":true,"href":"http:\/\/vincentians.com\/fr\/wp-json\/wp\/v2\/users\/4"}],"replies":[{"embeddable":true,"href":"http:\/\/vincentians.com\/fr\/wp-json\/wp\/v2\/comments?post=107736"}],"version-history":[{"count":0,"href":"http:\/\/vincentians.com\/fr\/wp-json\/wp\/v2\/posts\/107736\/revisions"}],"wp:featuredmedia":[{"embeddable":true,"href":"http:\/\/vincentians.com\/fr\/wp-json\/"}],"wp:attachment":[{"href":"http:\/\/vincentians.com\/fr\/wp-json\/wp\/v2\/media?parent=107736"}],"wp:term":[{"taxonomy":"category","embeddable":true,"href":"http:\/\/vincentians.com\/fr\/wp-json\/wp\/v2\/categories?post=107736"},{"taxonomy":"post_tag","embeddable":true,"href":"http:\/\/vincentians.com\/fr\/wp-json\/wp\/v2\/tags?post=107736"}],"curies":[{"name":"wp","href":"https:\/\/api.w.org\/{rel}","templated":true}]}}