{"id":107671,"date":"2014-01-18T06:10:44","date_gmt":"2014-01-18T05:10:44","guid":{"rendered":"http:\/\/vincentiens.org\/?p=107671"},"modified":"2014-01-18T06:10:44","modified_gmt":"2014-01-18T05:10:44","slug":"francois-regis-clet-pretre-de-la-mission-martyr-en-chine-1748-1820-18","status":"publish","type":"post","link":"http:\/\/vincentians.com\/fr\/francois-regis-clet-pretre-de-la-mission-martyr-en-chine-1748-1820-18\/","title":{"rendered":"Fran\u00e7ois-R\u00e9gis Clet : pr\u00eatre de la Mission, martyr en Chine, 1748-1820 (18)"},"content":{"rendered":"<h2>Annexe V : Sur les Rites chinois<\/h2>\n<p>Dans le livre Histoire de la Mission de P\u00e9kin, tome I, p.75-76 et 157-158, le P. Thomas, parlant du P. Matteo Ricci \u00e9crit :<\/p>\n<p>\u00a0\u00bb Ricci fut vraiment un homme apostolique. Vingt fois contrari\u00e9 dans son hardi projet de s&rsquo;\u00e9tablir dans la capitale de la Chine, vingt fois il revint \u00e0 la charge jusqu&rsquo;\u00e0 ce que son in\u00e9branlable \u00e9nergie eut m\u00e9rit\u00e9 de voir son g\u00e9n\u00e9reux dessein couronn\u00e9 de succ\u00e8s &#8230;. Il fut un ouvrier de l&rsquo;Evangile habile et infatigable qui sut tirer un merveilleux parti des connaissances et des sciences, alors vulgaris\u00e9es en Europe, pour le profit de la foi.<\/p>\n<p>Une seule chose a terni sa gloire ce fut le sens orthodoxe qu&rsquo;il voulut donner aux superstitions chinoises. Car c&rsquo;est bien lui qui, impatient de voir les chinois embrasser en foule la vraie religion, a \u00e9t\u00e9 le v\u00e9ritable fauteur de la Question des Rites. Ses grandes qualit\u00e9s et ses vertus en impos\u00e8rent \u00e0 ses confr\u00e8res, lesquels en majorit\u00e9 embrass\u00e8rent sa mani\u00e8re de voir. Son \u00e9cole mettra le nom de Ricci en avant pendant plus d&rsquo;un si\u00e8cle pour lutter contre les ordres de Rome et pour justifier son point de vue. Certes, il n&rsquo;y a pas lieu d&rsquo;en douter, sa bonne foi fut compl\u00e8te et il n&rsquo;a \u00e9t\u00e9 victime que de son z\u00e8le et d&rsquo;une formation probablement incompl\u00e8te au point de vue th\u00e9ologique. C&rsquo;\u00e9tait l&rsquo;avis de Mgr. Maigrot (Missions \u00e9trang\u00e8res de Paris) qui \u00e9tudia \u00e0 fond la question, et publia en 1693 un mandement condamnant les Rites, que Rome approuva.<\/p>\n<p>Peut-\u00eatre aussi faut-il chercher l&rsquo;origine du syst\u00e8me dans son s\u00e9jour aux Indes o\u00f9 les J\u00e9suites avaient adopt\u00e9, pour leurs n\u00e9ophytes, des pratiques si nettement superstitieuses qu&rsquo;on n&rsquo;oserait y ajouter foi, si les faits n&rsquo;\u00e9taient rapport\u00e9s dans les bulles pontificales. Ainsi ils tol\u00e9raient que les chr\u00e9tiens attachassent au cou des jeunes mari\u00e9es une m\u00e9daille ind\u00e9cente, nomm\u00e9e Tally, repr\u00e9sentant le membre sexuel d&rsquo;une idole inf\u00e2me, qui est cens\u00e9e pr\u00e9sider aux \u00e9pousailles. Les hindous se font de la fiente de vache une cendre sacr\u00e9e en l&rsquo;honneur du dieu Boutren, et s&rsquo;en enduisent le front. Les confr\u00e8res du P. Ricci se permettaient de b\u00e9nir cette cendre superstitieuse et d&rsquo;en mettre sur le front des chr\u00e9tiens&#8230;<\/p>\n<p>Le P. Longobardi, sup\u00e9rieur des J\u00e9suites de Chine de 1625 \u00e0 sa mort en 1654, suspendit son jugement sur les Rites chinois \u00e0 cause de l&rsquo;estime qu&rsquo;il avait pour le P. Ricci.. Mais il approfondit lui-m\u00eame la question en \u00e9tudiant Confucius et en consultant des lettr\u00e9s. Il en conclut que les usages chinois lui paraissaient entach\u00e9s d&rsquo;une idol\u00e2trie caract\u00e9ris\u00e9e, ne pouvant s&rsquo;allier avec la saintet\u00e9 du christianisme. Il fallait en faire sentir l&rsquo;impi\u00e9t\u00e9 aux chinois touch\u00e9s par la gr\u00e2ce de l&rsquo;Evangile, et interdire absolument ces pratiques aux chr\u00e9tiens, quelles que fussent leur condition &#8230;<\/p>\n<p>La rigoureuse orthodoxie du P. Longobardi s&rsquo;\u00e9loignait beaucoup de l&rsquo;excessive tol\u00e9rance du P. Ricci. Tel fut le commencement de cet antagonisme qui devint plus funeste \u00e0 la prosp\u00e9rit\u00e9 des missions que les pers\u00e9cutions violentes des mandarins. Il naquit, au sein m\u00eame de la Compagnie de J\u00e9sus, et avant l&rsquo;arriv\u00e9e en Chine de missionnaires appartenant \u00e0 d&rsquo;autres Instituts. Ces divisions int\u00e9rieures sauvent d&rsquo;ailleurs la Soci\u00e9t\u00e9 de J\u00e9sus du reproche excessif d&rsquo;avoir adh\u00e9r\u00e9 en corps aux superstitions chinoises. M\u00eame dans son sein il s&rsquo;est trouv\u00e9 des partisans convaincus de l&rsquo;opinion orthodoxe. Le P. Longobardi successeur du P. Ricci n&rsquo;en est pas le seul exemple. Plus tard, un autre non moins illustre fut Mgr. de Visdelou&#8230;<\/p>\n<p>Le r\u00eave du P. Ricci \u00e9tait sans doute une utopie, mais enfin c&rsquo;\u00e9tait une utopie g\u00e9n\u00e9reuse qui provisoirement n&rsquo;aurait pas entrav\u00e9 la propagation de l&rsquo;Evangile en Chine, si ses confr\u00e8res et ses successeurs n&rsquo;avaient fait de l&#8217;emploi de cette m\u00e9thode une question d&rsquo;honneur, et mis autant d&rsquo;acharnement \u00e0 soutenir l&rsquo;erreur qu&rsquo;elle renfermait.<\/p>\n<p>Si en effet, \u00e0 un instant quelconque de cette discussion, \u00e9tait venu un ordre du G\u00e9n\u00e9ral des J\u00e9suites prescrivant l&rsquo;ob\u00e9issance pure et simple aux directives puis aux ordres de la Chaire de Pierre, la querelle serait tomb\u00e9e imm\u00e9diatement. Malheureusement ce fut le contraire qui arriva. La Soci\u00e9t\u00e9 de J\u00e9sus tout enti\u00e8re se crut solidaire des opinions \u00e9mises par un de ses plus illustres membres. Elle s&rsquo;en fit le d\u00e9fenseur aussi bien \u00e0 Rome que devant toute l&rsquo;Europe. La doctrine de Ricci fut appel\u00e9e la doctrine de la Compagnie, et ce fut de l\u00e0 que vint tout le mal. Une fois engag\u00e9s dans cette voie, les J\u00e9suites ne crurent pas pouvoir honorablement revenir sur leurs pas. Pour se dispenser d&rsquo;ob\u00e9ir et amener le St. Si\u00e8ge, \u00e0 r\u00e9voquer ses d\u00e9cisions, ils \u00e9puis\u00e8rent le r\u00e9pertoire des sophismes, comme on peut en avoir une faible id\u00e9e en parcourant la Bulle de Beno\u00eet XIV.<\/p>\n<p>On a dit que cette dispute fut plus nuisible \u00e0 l&rsquo;Eglise de Chine qu&rsquo;une pers\u00e9cution sanglante. Il faut dire que cette discussion se transforma en une v\u00e9ritable pers\u00e9cution religieuse contre les seuls d\u00e9fenseurs du dogme catholique. De nombreux Vicaires apostoliques (7) et missionnaires furent chass\u00e9s de leur mission ou emprisonn\u00e9s, leurs chr\u00e9tient\u00e9s abandonn\u00e9es. Des deux l\u00e9gats envoy\u00e9s par le St. Si\u00e8ge pour terminer cette discussion, l&rsquo;un mourut dans les fers, le second ne dut son salut qu&rsquo;aux concessions qui lui furent extorqu\u00e9es. \u00ab\u00a0<\/p>\n","protected":false},"excerpt":{"rendered":"<p>Annexe V : Sur les Rites chinois Dans le livre Histoire de la Mission de P\u00e9kin, tome I, p.75-76 et 157-158, le P. Thomas, parlant du P. Matteo Ricci \u00e9crit : \u00a0\u00bb Ricci fut vraiment &#8230; <a href=\"http:\/\/vincentians.com\/fr\/francois-regis-clet-pretre-de-la-mission-martyr-en-chine-1748-1820-18\/\" class=\"more-link\">Read More<\/a><\/p>\n","protected":false},"author":4,"featured_media":107633,"comment_status":"open","ping_status":"open","sticky":false,"template":"","format":"standard","meta":{"jetpack_post_was_ever_published":false,"_jetpack_newsletter_access":"","_jetpack_dont_email_post_to_subs":false,"_jetpack_newsletter_tier_id":0,"_jetpack_memberships_contains_paywalled_content":false,"_jetpack_memberships_contains_paid_content":false,"footnotes":"","jetpack_publicize_message":"","jetpack_publicize_feature_enabled":true,"jetpack_social_post_already_shared":true,"jetpack_social_options":{"image_generator_settings":{"template":"highway","default_image_id":0,"font":"","enabled":false},"version":2}},"categories":[133],"tags":[],"class_list":["post-107671","post","type-post","status-publish","format-standard","has-post-thumbnail","hentry","category-francois-regis-clet"],"yoast_head":"<!-- This site is optimized with the Yoast SEO plugin v26.3 - https:\/\/yoast.com\/wordpress\/plugins\/seo\/ -->\n<title>Fran\u00e7ois-R\u00e9gis Clet : pr\u00eatre de la Mission, martyr en Chine, 1748-1820 (18) - Nous Sommes Vincentiens<\/title>\n<meta name=\"robots\" content=\"index, follow, max-snippet:-1, max-image-preview:large, max-video-preview:-1\" \/>\n<link rel=\"canonical\" href=\"http:\/\/vincentians.com\/fr\/francois-regis-clet-pretre-de-la-mission-martyr-en-chine-1748-1820-18\/\" \/>\n<meta property=\"og:locale\" content=\"fr_FR\" \/>\n<meta property=\"og:type\" content=\"article\" \/>\n<meta property=\"og:title\" content=\"Fran\u00e7ois-R\u00e9gis Clet : pr\u00eatre de la Mission, martyr en Chine, 1748-1820 (18) - Nous Sommes Vincentiens\" \/>\n<meta property=\"og:description\" content=\"Annexe V : Sur les Rites chinois Dans le livre Histoire de la Mission de P\u00e9kin, tome I, p.75-76 et 157-158, le P. Thomas, parlant du P. Matteo Ricci \u00e9crit : \u00a0\u00bb Ricci fut vraiment ... Read More\" \/>\n<meta property=\"og:url\" content=\"http:\/\/vincentians.com\/fr\/francois-regis-clet-pretre-de-la-mission-martyr-en-chine-1748-1820-18\/\" \/>\n<meta property=\"og:site_name\" content=\"Nous Sommes Vincentiens\" \/>\n<meta property=\"article:publisher\" content=\"https:\/\/www.facebook.com\/WeAreVincentians\/\" \/>\n<meta property=\"article:author\" content=\"https:\/\/www.facebook.com\/JavierChento\" \/>\n<meta property=\"article:published_time\" content=\"2014-01-18T05:10:44+00:00\" \/>\n<meta name=\"author\" content=\"Francisco Javier Fern\u00e1ndez Chento\" \/>\n<meta name=\"twitter:card\" content=\"summary_large_image\" \/>\n<meta name=\"twitter:creator\" content=\"@https:\/\/twitter.com\/javierchento\" \/>\n<meta name=\"twitter:site\" content=\"@WeVincentians\" \/>\n<meta name=\"twitter:label1\" content=\"\u00c9crit par\" \/>\n\t<meta name=\"twitter:data1\" content=\"Francisco Javier Fern\u00e1ndez Chento\" \/>\n\t<meta name=\"twitter:label2\" content=\"Dur\u00e9e de lecture estim\u00e9e\" \/>\n\t<meta name=\"twitter:data2\" content=\"5 minutes\" \/>\n<script type=\"application\/ld+json\" class=\"yoast-schema-graph\">{\"@context\":\"https:\/\/schema.org\",\"@graph\":[{\"@type\":\"WebPage\",\"@id\":\"http:\/\/vincentians.com\/fr\/francois-regis-clet-pretre-de-la-mission-martyr-en-chine-1748-1820-18\/\",\"url\":\"http:\/\/vincentians.com\/fr\/francois-regis-clet-pretre-de-la-mission-martyr-en-chine-1748-1820-18\/\",\"name\":\"Fran\u00e7ois-R\u00e9gis Clet : pr\u00eatre de la Mission, martyr en Chine, 1748-1820 (18) - Nous Sommes Vincentiens\",\"isPartOf\":{\"@id\":\"https:\/\/vincentians.com\/fr\/#website\"},\"primaryImageOfPage\":{\"@id\":\"http:\/\/vincentians.com\/fr\/francois-regis-clet-pretre-de-la-mission-martyr-en-chine-1748-1820-18\/#primaryimage\"},\"image\":{\"@id\":\"http:\/\/vincentians.com\/fr\/francois-regis-clet-pretre-de-la-mission-martyr-en-chine-1748-1820-18\/#primaryimage\"},\"thumbnailUrl\":\"\",\"datePublished\":\"2014-01-18T05:10:44+00:00\",\"author\":{\"@id\":\"https:\/\/vincentians.com\/fr\/#\/schema\/person\/9623ef4d9aa3b2dfb8c061f1499288f2\"},\"breadcrumb\":{\"@id\":\"http:\/\/vincentians.com\/fr\/francois-regis-clet-pretre-de-la-mission-martyr-en-chine-1748-1820-18\/#breadcrumb\"},\"inLanguage\":\"fr-FR\",\"potentialAction\":[{\"@type\":\"ReadAction\",\"target\":[\"http:\/\/vincentians.com\/fr\/francois-regis-clet-pretre-de-la-mission-martyr-en-chine-1748-1820-18\/\"]}]},{\"@type\":\"ImageObject\",\"inLanguage\":\"fr-FR\",\"@id\":\"http:\/\/vincentians.com\/fr\/francois-regis-clet-pretre-de-la-mission-martyr-en-chine-1748-1820-18\/#primaryimage\",\"url\":\"\",\"contentUrl\":\"\"},{\"@type\":\"BreadcrumbList\",\"@id\":\"http:\/\/vincentians.com\/fr\/francois-regis-clet-pretre-de-la-mission-martyr-en-chine-1748-1820-18\/#breadcrumb\",\"itemListElement\":[{\"@type\":\"ListItem\",\"position\":1,\"name\":\"Portada\",\"item\":\"https:\/\/vincentians.com\/fr\/\"},{\"@type\":\"ListItem\",\"position\":2,\"name\":\"Fran\u00e7ois-R\u00e9gis Clet : pr\u00eatre de la Mission, martyr en Chine, 1748-1820 (18)\"}]},{\"@type\":\"WebSite\",\"@id\":\"https:\/\/vincentians.com\/fr\/#website\",\"url\":\"https:\/\/vincentians.com\/fr\/\",\"name\":\"Nous Sommes Vincentiens\",\"description\":\"Know more to serve more\",\"potentialAction\":[{\"@type\":\"SearchAction\",\"target\":{\"@type\":\"EntryPoint\",\"urlTemplate\":\"https:\/\/vincentians.com\/fr\/?s={search_term_string}\"},\"query-input\":{\"@type\":\"PropertyValueSpecification\",\"valueRequired\":true,\"valueName\":\"search_term_string\"}}],\"inLanguage\":\"fr-FR\"},{\"@type\":\"Person\",\"@id\":\"https:\/\/vincentians.com\/fr\/#\/schema\/person\/9623ef4d9aa3b2dfb8c061f1499288f2\",\"name\":\"Francisco Javier Fern\u00e1ndez Chento\",\"image\":{\"@type\":\"ImageObject\",\"inLanguage\":\"fr-FR\",\"@id\":\"https:\/\/vincentians.com\/fr\/#\/schema\/person\/image\/\",\"url\":\"https:\/\/secure.gravatar.com\/avatar\/497d5cde87b4c3d097d0315953521681ba2cd523ee66e5077c3711f7021e65de?s=96&d=mm&r=g\",\"contentUrl\":\"https:\/\/secure.gravatar.com\/avatar\/497d5cde87b4c3d097d0315953521681ba2cd523ee66e5077c3711f7021e65de?s=96&d=mm&r=g\",\"caption\":\"Francisco Javier Fern\u00e1ndez Chento\"},\"description\":\"Director General y cofundador de La Red de Formaci\u00f3n Vicenciana. Javier es laico vicenciano, afiliado a la Congregaci\u00f3n de la Misi\u00f3n y miembro del Equipo de Misiones Populares de la provincia can\u00f3nica de Zaragoza (Espa\u00f1a) de la Congregaci\u00f3n de la Misi\u00f3n. Graduado en la Universidad Oberta de Catalunya con cuatro grados (Asistente de direcci\u00f3n, Gesti\u00f3n Administrativa, Recursos Humanos y Contabilidad Avanzada). Bil\u00edng\u00fce Espa\u00f1ol\/Ingl\u00e9s. gestiona y mantiene varias p\u00e1ginas web cristianas y vicencianas, incluida including La Red de Formaci\u00f3n Vicenciana, de la que es cofundador. Actualmente es responsable del \u00e1rea de Espa\u00f1ol de .famvin, la Red de Noticias de la Familia Vicenciana. Tambi\u00e9n es m\u00fasico cat\u00f3lico y ha editado varios discos. Es Director General y cofundador de Trovador, una reconocida compa\u00f1\u00eda discogr\u00e1fica critiana de Espa\u00f1a. Trabaja en las Tecnolog\u00edas de la Informaci\u00f3n, ofreciendo servicios de alojamiento, dise\u00f1o y mantenimiento Web, as\u00ed como asesoramiento, formaci\u00f3n y soluciones inform\u00e1ticas, gesti\u00f3n documental y digitalizaci\u00f3n de textos, edici\u00f3n y maquetaci\u00f3n de libros, revistas, flyers, etc.\",\"sameAs\":[\"http:\/\/chento.org\",\"https:\/\/www.facebook.com\/JavierChento\",\"https:\/\/x.com\/https:\/\/twitter.com\/javierchento\"],\"url\":\"http:\/\/vincentians.com\/fr\/author\/chento\/\"}]}<\/script>\n<!-- \/ Yoast SEO plugin. -->","yoast_head_json":{"title":"Fran\u00e7ois-R\u00e9gis Clet : pr\u00eatre de la Mission, martyr en Chine, 1748-1820 (18) - Nous Sommes Vincentiens","robots":{"index":"index","follow":"follow","max-snippet":"max-snippet:-1","max-image-preview":"max-image-preview:large","max-video-preview":"max-video-preview:-1"},"canonical":"http:\/\/vincentians.com\/fr\/francois-regis-clet-pretre-de-la-mission-martyr-en-chine-1748-1820-18\/","og_locale":"fr_FR","og_type":"article","og_title":"Fran\u00e7ois-R\u00e9gis Clet : pr\u00eatre de la Mission, martyr en Chine, 1748-1820 (18) - Nous Sommes Vincentiens","og_description":"Annexe V : Sur les Rites chinois Dans le livre Histoire de la Mission de P\u00e9kin, tome I, p.75-76 et 157-158, le P. Thomas, parlant du P. Matteo Ricci \u00e9crit : \u00a0\u00bb Ricci fut vraiment ... Read More","og_url":"http:\/\/vincentians.com\/fr\/francois-regis-clet-pretre-de-la-mission-martyr-en-chine-1748-1820-18\/","og_site_name":"Nous Sommes Vincentiens","article_publisher":"https:\/\/www.facebook.com\/WeAreVincentians\/","article_author":"https:\/\/www.facebook.com\/JavierChento","article_published_time":"2014-01-18T05:10:44+00:00","author":"Francisco Javier Fern\u00e1ndez Chento","twitter_card":"summary_large_image","twitter_creator":"@https:\/\/twitter.com\/javierchento","twitter_site":"@WeVincentians","twitter_misc":{"\u00c9crit par":"Francisco Javier Fern\u00e1ndez Chento","Dur\u00e9e de lecture estim\u00e9e":"5 minutes"},"schema":{"@context":"https:\/\/schema.org","@graph":[{"@type":"WebPage","@id":"http:\/\/vincentians.com\/fr\/francois-regis-clet-pretre-de-la-mission-martyr-en-chine-1748-1820-18\/","url":"http:\/\/vincentians.com\/fr\/francois-regis-clet-pretre-de-la-mission-martyr-en-chine-1748-1820-18\/","name":"Fran\u00e7ois-R\u00e9gis Clet : pr\u00eatre de la Mission, martyr en Chine, 1748-1820 (18) - Nous Sommes Vincentiens","isPartOf":{"@id":"https:\/\/vincentians.com\/fr\/#website"},"primaryImageOfPage":{"@id":"http:\/\/vincentians.com\/fr\/francois-regis-clet-pretre-de-la-mission-martyr-en-chine-1748-1820-18\/#primaryimage"},"image":{"@id":"http:\/\/vincentians.com\/fr\/francois-regis-clet-pretre-de-la-mission-martyr-en-chine-1748-1820-18\/#primaryimage"},"thumbnailUrl":"","datePublished":"2014-01-18T05:10:44+00:00","author":{"@id":"https:\/\/vincentians.com\/fr\/#\/schema\/person\/9623ef4d9aa3b2dfb8c061f1499288f2"},"breadcrumb":{"@id":"http:\/\/vincentians.com\/fr\/francois-regis-clet-pretre-de-la-mission-martyr-en-chine-1748-1820-18\/#breadcrumb"},"inLanguage":"fr-FR","potentialAction":[{"@type":"ReadAction","target":["http:\/\/vincentians.com\/fr\/francois-regis-clet-pretre-de-la-mission-martyr-en-chine-1748-1820-18\/"]}]},{"@type":"ImageObject","inLanguage":"fr-FR","@id":"http:\/\/vincentians.com\/fr\/francois-regis-clet-pretre-de-la-mission-martyr-en-chine-1748-1820-18\/#primaryimage","url":"","contentUrl":""},{"@type":"BreadcrumbList","@id":"http:\/\/vincentians.com\/fr\/francois-regis-clet-pretre-de-la-mission-martyr-en-chine-1748-1820-18\/#breadcrumb","itemListElement":[{"@type":"ListItem","position":1,"name":"Portada","item":"https:\/\/vincentians.com\/fr\/"},{"@type":"ListItem","position":2,"name":"Fran\u00e7ois-R\u00e9gis Clet : pr\u00eatre de la Mission, martyr en Chine, 1748-1820 (18)"}]},{"@type":"WebSite","@id":"https:\/\/vincentians.com\/fr\/#website","url":"https:\/\/vincentians.com\/fr\/","name":"Nous Sommes Vincentiens","description":"Know more to serve more","potentialAction":[{"@type":"SearchAction","target":{"@type":"EntryPoint","urlTemplate":"https:\/\/vincentians.com\/fr\/?s={search_term_string}"},"query-input":{"@type":"PropertyValueSpecification","valueRequired":true,"valueName":"search_term_string"}}],"inLanguage":"fr-FR"},{"@type":"Person","@id":"https:\/\/vincentians.com\/fr\/#\/schema\/person\/9623ef4d9aa3b2dfb8c061f1499288f2","name":"Francisco Javier Fern\u00e1ndez Chento","image":{"@type":"ImageObject","inLanguage":"fr-FR","@id":"https:\/\/vincentians.com\/fr\/#\/schema\/person\/image\/","url":"https:\/\/secure.gravatar.com\/avatar\/497d5cde87b4c3d097d0315953521681ba2cd523ee66e5077c3711f7021e65de?s=96&d=mm&r=g","contentUrl":"https:\/\/secure.gravatar.com\/avatar\/497d5cde87b4c3d097d0315953521681ba2cd523ee66e5077c3711f7021e65de?s=96&d=mm&r=g","caption":"Francisco Javier Fern\u00e1ndez Chento"},"description":"Director General y cofundador de La Red de Formaci\u00f3n Vicenciana. Javier es laico vicenciano, afiliado a la Congregaci\u00f3n de la Misi\u00f3n y miembro del Equipo de Misiones Populares de la provincia can\u00f3nica de Zaragoza (Espa\u00f1a) de la Congregaci\u00f3n de la Misi\u00f3n. Graduado en la Universidad Oberta de Catalunya con cuatro grados (Asistente de direcci\u00f3n, Gesti\u00f3n Administrativa, Recursos Humanos y Contabilidad Avanzada). Bil\u00edng\u00fce Espa\u00f1ol\/Ingl\u00e9s. gestiona y mantiene varias p\u00e1ginas web cristianas y vicencianas, incluida including La Red de Formaci\u00f3n Vicenciana, de la que es cofundador. Actualmente es responsable del \u00e1rea de Espa\u00f1ol de .famvin, la Red de Noticias de la Familia Vicenciana. Tambi\u00e9n es m\u00fasico cat\u00f3lico y ha editado varios discos. Es Director General y cofundador de Trovador, una reconocida compa\u00f1\u00eda discogr\u00e1fica critiana de Espa\u00f1a. Trabaja en las Tecnolog\u00edas de la Informaci\u00f3n, ofreciendo servicios de alojamiento, dise\u00f1o y mantenimiento Web, as\u00ed como asesoramiento, formaci\u00f3n y soluciones inform\u00e1ticas, gesti\u00f3n documental y digitalizaci\u00f3n de textos, edici\u00f3n y maquetaci\u00f3n de libros, revistas, flyers, etc.","sameAs":["http:\/\/chento.org","https:\/\/www.facebook.com\/JavierChento","https:\/\/x.com\/https:\/\/twitter.com\/javierchento"],"url":"http:\/\/vincentians.com\/fr\/author\/chento\/"}]}},"jetpack_publicize_connections":[],"jetpack_featured_media_url":"","jetpack_sharing_enabled":true,"jetpack_shortlink":"https:\/\/wp.me\/p7ETMP-s0D","jetpack-related-posts":[{"id":107653,"url":"http:\/\/vincentians.com\/fr\/francois-regis-clet-pretre-de-la-mission-martyr-en-chine-1748-1820-14\/","url_meta":{"origin":107671,"position":0},"title":"Fran\u00e7ois-R\u00e9gis Clet : pr\u00eatre de la Mission, martyr en Chine, 1748-1820 (14)","author":"Francisco Javier Fern\u00e1ndez Chento","date":"14\/01\/2014","format":false,"excerpt":"Annexe I : Les grandes dates de l'histoire chr\u00e9tienne de la Chine 645 Introduction du bouddhisme en Chine par un p\u00e8lerin chinois de retour d'un p\u00e8lerinage en Inde aux sources du bouddhisme. 627-549 R\u00e8gne de l'empereur Taitsong le Grand 635 Arriv\u00e9e \u00e0 la capitale Tchan-Ngan du moine nestorien Alopen venant\u2026","rel":"","context":"Dans &quot;Fran\u00e7ois-R\u00e9gis Clet&quot;","block_context":{"text":"Fran\u00e7ois-R\u00e9gis Clet","link":"http:\/\/vincentians.com\/fr\/category\/francois-regis-clet\/"},"img":{"alt_text":"","src":"","width":0,"height":0},"classes":[]},{"id":107672,"url":"http:\/\/vincentians.com\/fr\/francois-regis-clet-pretre-de-la-mission-martyr-en-chine-1748-1820-19\/","url_meta":{"origin":107671,"position":1},"title":"Fran\u00e7ois-R\u00e9gis Clet : pr\u00eatre de la Mission, martyr en Chine, 1748-1820 (19)","author":"Francisco Javier Fern\u00e1ndez Chento","date":"19\/01\/2014","format":false,"excerpt":"Annexe VI : Le r\u00e9gime p\u00e9nitentiaire chinois propos\u00e9 en exemple Le P. Clet envoie \u00e0 son correspondant \u00e0 Paris, son confr\u00e8re M. Richenet, une description d\u00e9taill\u00e9e des prisons de Chine, souhaitant qu'avec l'agr\u00e9ment du Sup\u00e9rieur g\u00e9n\u00e9ral, elle soit publi\u00e9e et transmise aux pouvoirs publics de la France, mais ne veut\u2026","rel":"","context":"Dans &quot;Fran\u00e7ois-R\u00e9gis Clet&quot;","block_context":{"text":"Fran\u00e7ois-R\u00e9gis Clet","link":"http:\/\/vincentians.com\/fr\/category\/francois-regis-clet\/"},"img":{"alt_text":"","src":"","width":0,"height":0},"classes":[]},{"id":107639,"url":"http:\/\/vincentians.com\/fr\/francois-regis-clet-pretre-de-la-mission-martyr-en-chine-1748-1820-05\/","url_meta":{"origin":107671,"position":2},"title":"Fran\u00e7ois-R\u00e9gis Clet : pr\u00eatre de la Mission, martyr en Chine, 1748-1820 (05)","author":"Francisco Javier Fern\u00e1ndez Chento","date":"05\/01\/2014","format":false,"excerpt":"IV - Les debuts en Chine Le s\u00e9jour \u00e0 Macao Les Portugais avaient \u00e9t\u00e9 autoris\u00e9s \u00e0 s'\u00e9tablir sur la presqu'\u00eele rocheuse de Macao , apr\u00e8s qu'une de leurs escadres eut d\u00e9barrass\u00e9 en 1557 la c\u00f4te chinoise des pirates qui l'infestaient. C'est par Macao que les missionnaires passaient pour entrer en\u2026","rel":"","context":"Dans &quot;Fran\u00e7ois-R\u00e9gis Clet&quot;","block_context":{"text":"Fran\u00e7ois-R\u00e9gis Clet","link":"http:\/\/vincentians.com\/fr\/category\/francois-regis-clet\/"},"img":{"alt_text":"Vie du Bienheureux Fran\u00e7ois-R\u00e9gis Clet : pr\u00eatre de la Congr\u00e9","src":"https:\/\/i0.wp.com\/vincentiens.org\/wp-content\/uploads\/2014\/01\/regis_clet-210x300.jpg?resize=350%2C200","width":350,"height":200},"classes":[]},{"id":107640,"url":"http:\/\/vincentians.com\/fr\/francois-regis-clet-pretre-de-la-mission-martyr-en-chine-1748-1820-06\/","url_meta":{"origin":107671,"position":3},"title":"Fran\u00e7ois-R\u00e9gis Clet : pr\u00eatre de la Mission, martyr en Chine, 1748-1820 (06)","author":"Francisco Javier Fern\u00e1ndez Chento","date":"06\/01\/2014","format":false,"excerpt":"V - La Mission au Hou-Kouang La vie de la Mission Transfert au Houkouang Au bout d'un an de travail apostolique au Kiang-si, M. Raux, le sup\u00e9rieur des Lazaristes en Chine, demande \u00e0 M. Clet d'aller dans la province voisine, le Hou-kouang, o\u00f9 se trouvent M.M. Aubin et Pesn\u00e9 dont\u2026","rel":"","context":"Dans &quot;Fran\u00e7ois-R\u00e9gis Clet&quot;","block_context":{"text":"Fran\u00e7ois-R\u00e9gis Clet","link":"http:\/\/vincentians.com\/fr\/category\/francois-regis-clet\/"},"img":{"alt_text":"Vie du Bienheureux Fran\u00e7ois-R\u00e9gis Clet : pr\u00eatre de la Congr\u00e9","src":"https:\/\/i0.wp.com\/vincentiens.org\/wp-content\/uploads\/2014\/01\/regis_clet-210x300.jpg?resize=350%2C200","width":350,"height":200},"classes":[]},{"id":107652,"url":"http:\/\/vincentians.com\/fr\/francois-regis-clet-pretre-de-la-mission-martyr-en-chine-1748-1820-15\/","url_meta":{"origin":107671,"position":4},"title":"Fran\u00e7ois-R\u00e9gis Clet : pr\u00eatre de la Mission, martyr en Chine, 1748-1820 (15)","author":"Francisco Javier Fern\u00e1ndez Chento","date":"15\/01\/2014","format":false,"excerpt":"Annexe II : Les principales dates de la vie du P. Fran\u00e7ois-R\u00e9gis Clet 1748 19 ao\u00fbt Naissance de Fran\u00e7ois R\u00e9gis \u00e0 Grenoble au n\u00b0 14 de la rue Porte-Traine 1748 23 ao\u00fbt Bapt\u00eame \u00e0 l'\u00e9glise St. Louis 1769 6 mars Entr\u00e9e dans la Congr\u00e9gation de la Mission \u00e0 Lyon 1771\u2026","rel":"","context":"Dans &quot;Fran\u00e7ois-R\u00e9gis Clet&quot;","block_context":{"text":"Fran\u00e7ois-R\u00e9gis Clet","link":"http:\/\/vincentians.com\/fr\/category\/francois-regis-clet\/"},"img":{"alt_text":"","src":"","width":0,"height":0},"classes":[]},{"id":107638,"url":"http:\/\/vincentians.com\/fr\/francois-regis-clet-pretre-de-la-mission-martyr-en-chine-1748-1820-04\/","url_meta":{"origin":107671,"position":5},"title":"Fran\u00e7ois-R\u00e9gis Clet : pr\u00eatre de la Mission, martyr en Chine, 1748-1820 (04)","author":"Francisco Javier Fern\u00e1ndez Chento","date":"04\/01\/2014","format":false,"excerpt":"III - Vers la Chine L'appel de la Chine En 1783 le Roi de France et le Pape avaient demand\u00e9 au P\u00e8re g\u00e9n\u00e9ral des Lazaristes M. Jacquier d'envoyer des missionnaires en Chine pour remplacer les J\u00e9suites, un premier d\u00e9part de trois missionnaires avait eu lieu en 1784, un autre de\u2026","rel":"","context":"Dans &quot;Fran\u00e7ois-R\u00e9gis Clet&quot;","block_context":{"text":"Fran\u00e7ois-R\u00e9gis Clet","link":"http:\/\/vincentians.com\/fr\/category\/francois-regis-clet\/"},"img":{"alt_text":"Vie du Bienheureux Fran\u00e7ois-R\u00e9gis Clet : pr\u00eatre de la Congr\u00e9","src":"https:\/\/i0.wp.com\/vincentiens.org\/wp-content\/uploads\/2014\/01\/regis_clet-210x300.jpg?resize=350%2C200","width":350,"height":200},"classes":[]}],"_links":{"self":[{"href":"http:\/\/vincentians.com\/fr\/wp-json\/wp\/v2\/posts\/107671","targetHints":{"allow":["GET"]}}],"collection":[{"href":"http:\/\/vincentians.com\/fr\/wp-json\/wp\/v2\/posts"}],"about":[{"href":"http:\/\/vincentians.com\/fr\/wp-json\/wp\/v2\/types\/post"}],"author":[{"embeddable":true,"href":"http:\/\/vincentians.com\/fr\/wp-json\/wp\/v2\/users\/4"}],"replies":[{"embeddable":true,"href":"http:\/\/vincentians.com\/fr\/wp-json\/wp\/v2\/comments?post=107671"}],"version-history":[{"count":0,"href":"http:\/\/vincentians.com\/fr\/wp-json\/wp\/v2\/posts\/107671\/revisions"}],"wp:featuredmedia":[{"embeddable":true,"href":"http:\/\/vincentians.com\/fr\/wp-json\/"}],"wp:attachment":[{"href":"http:\/\/vincentians.com\/fr\/wp-json\/wp\/v2\/media?parent=107671"}],"wp:term":[{"taxonomy":"category","embeddable":true,"href":"http:\/\/vincentians.com\/fr\/wp-json\/wp\/v2\/categories?post=107671"},{"taxonomy":"post_tag","embeddable":true,"href":"http:\/\/vincentians.com\/fr\/wp-json\/wp\/v2\/tags?post=107671"}],"curies":[{"name":"wp","href":"https:\/\/api.w.org\/{rel}","templated":true}]}}