{"id":107656,"date":"2014-01-11T12:10:44","date_gmt":"2014-01-11T11:10:44","guid":{"rendered":"http:\/\/vincentiens.org\/?p=107656"},"modified":"2014-01-11T12:10:44","modified_gmt":"2014-01-11T11:10:44","slug":"francois-regis-clet-pretre-de-la-mission-martyr-en-chine-1748-1820-11","status":"publish","type":"post","link":"http:\/\/vincentians.com\/fr\/francois-regis-clet-pretre-de-la-mission-martyr-en-chine-1748-1820-11\/","title":{"rendered":"Fran\u00e7ois-R\u00e9gis Clet : pr\u00eatre de la Mission, martyr en Chine, 1748-1820 (11)"},"content":{"rendered":"<h2>X &#8211; Les derniers mois<\/h2>\n<p><a href=\"https:\/\/i0.wp.com\/vincentiens.org\/wp-content\/uploads\/2014\/01\/regis_clet.jpg\"><img data-recalc-dims=\"1\" loading=\"lazy\" decoding=\"async\" class=\"alignright size-medium wp-image-107633\" alt=\"Vie du Bienheureux Fran\u00e7ois-R\u00e9gis Clet : pr\u00eatre de la Congr\u00e9\" src=\"https:\/\/i0.wp.com\/vincentiens.org\/wp-content\/uploads\/2014\/01\/regis_clet-210x300.jpg?resize=210%2C300\" width=\"210\" height=\"300\" \/><\/a>Le P. Clet \u00e9crivant le 14 janvier 1820 au P. Marchini procureur de la Congr\u00e9gation de la Propagande \u00e0 Macao, lui d\u00e9crit les conditions de sa d\u00e9tention : \u00ab\u00a0Il faut avouer que nous jouissons ici d&rsquo;une telle libert\u00e9 que je me persuaderais \u00e0 peine que je suis en prison, si les portes n&rsquo;en \u00e9taient ferm\u00e9es. Nous prions matin et soir et faisons les f\u00eates en commun, sans \u00eatre troubl\u00e9s par une cinquantaine de prisonniers pa\u00efens qui, sous un m\u00eame couvert, occupent d&rsquo;autres cages que nous. Bien plus nous sommes peut-\u00eatre les seuls dans le Houp\u00e9 qui fassent les f\u00eates aussi hardiment et aussi paisiblement que nous. Admirez ici la divine Providence, qui contre la premi\u00e8re intention du mandarin, a r\u00e9uni deux pr\u00eatres dans une m\u00eame prison avec dix bons chr\u00e9tiens que j&rsquo;ai confess\u00e9s plusieurs fois, et qui ont re\u00e7u avec nous la communion de la main d&rsquo;un de nos confr\u00e8res. C&rsquo;est peut-\u00eatre inou\u00ef dans les prisons de Chine&#8230;\u00a0\u00bb (Lettre n\u00b0 67)<\/p>\n<p>Cependant la marche de la justice chinoise va suivre son cours. Le P. Clet signale que certains chr\u00e9tiens se sont laiss\u00e9 \u00e9branler et ont apostasi\u00e9, mais qu&rsquo;ils n&rsquo;en sont pas plus heureux pour autant, car ils ont \u00e9t\u00e9 transf\u00e9r\u00e9s dans des prisons o\u00f9 ils manquent de tout.<\/p>\n<p>Il y a eu une comparution g\u00e9n\u00e9rale le 1er janvier 1820. \u00ab\u00a0Le 1er janvier, bons ou mauvais, nous avons tous \u00e9t\u00e9 conduits au grand mandarin qui a pr\u00e9sent\u00e9 aux apostats, dans un lieu s\u00e9par\u00e9 de nous, de la viande de porc dont ils ont tous mang\u00e9 , ce qui est un signe d&rsquo;apostasie, apr\u00e8s quoi, on les a tous renvoy\u00e9s chez eux. Mas ils eussent \u00e9t\u00e9 r\u00e9duits \u00e0 mendier leur pain, si par compassion pour eux, malgr\u00e9 leur pr\u00e9varication, nous ne leur avions donn\u00e9 des sap\u00e8ques pour le voyage.\u00a0\u00bb<\/p>\n<p>Mais vient le tour de tous les autres qui sont rest\u00e9s fermes dans leur foi.<\/p>\n<p>\u00ab\u00a0Ensuite le grand mandarin a fait compara\u00eetre tous les chr\u00e9tiens, qui ont tous refus\u00e9 de manger de la viande et en cons\u00e9quence ont \u00e9t\u00e9 renvoy\u00e9s en prison. Enfin M.M. Lamiot, Chen et moi avons comparu. Apr\u00e8s une ou deux interrogations faites \u00e0 chacun de nous, M. Lamiot a \u00e9t\u00e9 d\u00e9clar\u00e9 innocent et a re\u00e7u l&rsquo;ordre de se lever. Ensuite M. Chen et moi demeurant \u00e0 genoux, M. Chen a \u00e9t\u00e9 interrog\u00e9 s&rsquo;il ne voulait pas manger de la viande ; sur sa n\u00e9gative, il a \u00e9t\u00e9 d\u00e9clar\u00e9 en g\u00e9n\u00e9ral soumis \u00e0 la peine. La m\u00eame interrogation ne m&rsquo;a pas \u00e9t\u00e9 faite. Bien plus ce grand mandarin a dit quelques mots qui tendaient \u00e0 ma d\u00e9charge et annon\u00e7aient le d\u00e9sir qu&rsquo;il avait de me conserver la vie, et en a \u00e9crit sur ce ton \u00e0 l&rsquo;Empereur. Au reste je ne me pr\u00e9pare pas moins \u00e0 mourir apr\u00e8s 15 ou 20 jours. J&rsquo;attends, gr\u00e2ce \u00e0 Dieu, cet arr\u00eat et son ex\u00e9cution avec paix patience et tranquillit\u00e9, disant avec St. Paul : Pour moi vivre c&rsquo;est J\u00e9sus-Christ, et la mort m&rsquo;est un gain.\u00a0\u00bb<\/p>\n<p>M. Lamiot innocent\u00e9, fut reconduit en chaise \u00e0 porteurs \u00e0 son h\u00f4tel, mais il fut banni de Chine et dut se r\u00e9fugier \u00e0 Macao o\u00f9 il se chargea de la Procure des Missions.<\/p>\n<p>M. Chen fut condamn\u00e9 \u00e0 l&rsquo;exil dans l&rsquo;ouest chinois \u00e0 Ili en Tartarie , o\u00f9 il fut massacr\u00e9 en 1825 lors d&rsquo;une \u00e9meute foment\u00e9e par des rebelles musulmans. Quant au P. Clet, il \u00e9crivait \u00e0 ses confr\u00e8res portugais de P\u00e9kin : \u00ab\u00a0Je ne compte pas sur la cl\u00e9mence de l&rsquo;Empereur, je me pr\u00e9pare \u00e0 mourir. J&rsquo;attends gr\u00e2ce \u00e0 Dieu cet arr\u00eat avec patience et tranquillit\u00e9.\u00a0\u00bb<\/p>\n<p>Malgr\u00e9 la bienveillance du grand mandarin, son cas devait \u00eatre soumis au jugement de l&rsquo;Empereur qui devait appliquer la sanction pr\u00e9vue par les \u00e9dits, contre les missionnaires entr\u00e9s clandestinement en Chine pour y pr\u00eacher l&rsquo;Evangile. Le rapport favorable fait par le grand mandarin n&rsquo;avait pas suffi, l&rsquo;Empereur se devait d&rsquo;appliquer les lois et prononcer la condamnation \u00e0 mort. Le P. Clet ne se fait aucune illusion sur son sort. Il \u00e9crit apr\u00e8s la derni\u00e8re comparution : \u00ab\u00a0Nous attendons \u00e0 pr\u00e9sent la d\u00e9cision de l&rsquo;Empereur que l&rsquo;on conjecture devoir arriver dans cinq ou six jours. Quoique le Gouverneur ait \u00e9crit quelques mots \u00e0 ma d\u00e9charge, on doute fort que l&rsquo;Empereur consente me laisser vivre, je me pr\u00e9pare donc \u00e0 la mort disant souvent avec St. Paul : \u00a0\u00bb Ma vie c&rsquo;est J\u00e9sus-Christ et la mort m&rsquo;est un gain \u00ab\u00a0.\u00a0\u00bb<\/p>\n<h3>La bienveillance des mandarins<\/h3>\n<p>Le grand mandarin avait \u00e9t\u00e9 frapp\u00e9 par le rayonnement qui \u00e9manait du P. Clet. Il en avait m\u00eame eu les larmes aux yeux et revenu chez lui, il dit \u00e0 sa famille : \u00a0\u00bb Si je nuisais \u00e0 un tel homme, je serais un malheureux. \u00a0\u00bb (La C.M. en Chine, t. II, p. 550)<\/p>\n<p>Quant aux autres mandarins de ce tribunal, ils avaient manifest\u00e9 plusieurs fois leur sympathie aux pr\u00e9venus en adoucissant leur prison ou en prenant soin de leur \u00e9viter trop de fatigues pendant les s\u00e9ances au tribunal, les faisant asseoir ou leur faisant apporter \u00e0 manger. Une fois ils leur ont donn\u00e9 mille sap\u00e8ques.<\/p>\n<p>Dans une lettre \u00e0 ses confr\u00e8res portugais, le P. Clet estime qu&rsquo;il faut manifester \u00e0 ces mandarins une reconnaissance qui pourra \u00eatre utile plus tard. \u00ab\u00a0J&rsquo;ai fortement insist\u00e9 aupr\u00e8s de M. Lamiot qui est de mon avis, sur la n\u00e9cessit\u00e9 de leur exprimer notre reconnaissance. J&rsquo;en ai m\u00eame parl\u00e9 de la m\u00eame mani\u00e8re \u00e0 M. Chang afin qu&rsquo;il leur offrit des pr\u00e9sents et de l&rsquo;argent et qu&rsquo;il ne montr\u00e2t pas de l\u00e9sinerie en cette circonstance. Il est tr\u00e8s convenable, je dirai m\u00eame indispensable de manifester ainsi notre gratitude. Bien plus cela peut \u00eatre utile pour l&rsquo;avenir. Qui sait s&rsquo;il ne se pr\u00e9sentera pas quelque occasion o\u00f9 les chr\u00e9tiens auront besoin de la protection du mandarin sup\u00e9rieur qui sera d&rsquo;autant plus dispos\u00e9 \u00e0 leur venir en aide, qu&rsquo;il sera plus certain qu&rsquo;ils savent reconna\u00eetre les services qu&rsquo;on leur rend\u00a0\u00bb. (Lettre n\u00b0 68)<\/p>\n<p>Cependant la marche de la proc\u00e9dure suivait son cours selon les lois et d\u00e9crets imp\u00e9riaux en vigueur. En effet l&rsquo;Empereur allait appliquer dans toute sa rigueur les d\u00e9crets et comme le P. Clet s&rsquo;y attendait, il allait \u00eatre condamn\u00e9 \u00e0 mort.<\/p>\n<p>Mais \u00e0 un cat\u00e9chiste qui venait le visiter dans sa prison le P. Clet avait dit en parlant de l&rsquo;Empereur : \u00ab\u00a0Je suis jug\u00e9, mais l&rsquo;Empereur qui m&rsquo;a mis en jugement p\u00e9rira bient\u00f4t, car la mesure de ses p\u00e9ch\u00e9s est comble\u00a0\u00bb.<\/p>\n<p>Depuis la fin du long r\u00e8gne de Kien-Long en 1796, c&rsquo;est son fils Kia-king qui gouvernait la Chine. A la suite d&rsquo;un rapport violent et calomnieux, il avait pris, en 1811, des dispositions s\u00e9v\u00e8res contre le christianisme, disant en parlant des missionnaires, \u00a0\u00bb qu&rsquo;il fallait couper l&rsquo;arbre \u00e0 sa racine \u00ab\u00a0.<\/p>\n<p>Sous son r\u00e8gne il y eut un \u00e9tat de pers\u00e9cution larv\u00e9e mais parfois violente. La mort tragique que lui pr\u00e9disait le P. Clet survint dans des conditions qui frapp\u00e8rent les imaginations. Il fut atteint de la foudre \u00e0 J\u00e9hol le 2 septembre 1820, en revenant de Tartarie. Son cadavre fut si d\u00e9figur\u00e9 que sa mort fut regard\u00e9e comme un ch\u00e2timent du ciel pour son inconduite. Enfin M. Torrette, qui fut par la suite procureur \u00e0 Macao et sup\u00e9rieur des missionnaires lazaristes, rapporte ce propos tenu par les pa\u00efens \u00a0\u00bb Voyez comment ont p\u00e9ri tous ceux qui ont pers\u00e9cut\u00e9 cette religion. Depuis qu&rsquo;on a fait mourir le vieux Li\u00e9ou (nom chinois du P. Clet) nous n&rsquo;avons jamais eu de bonnes r\u00e9coltes, mais toujours malheurs sur malheurs \u00ab\u00a0.<\/p>\n<h3>Le P. Clet dans le r\u00f4le d&rsquo;arbitre<\/h3>\n<p>Depuis sa prison d&rsquo;Ou-tchang-fou en attendant que revienne de P\u00e9kin la sentence imp\u00e9riale, le P. Clet s&#8217;employa \u00e0 n\u00e9gocier un arrangement entre ses confr\u00e8res fran\u00e7ais et portugais de P\u00e9kin, qui avaient des sujets de m\u00e9sentente. Le r\u00e9gime de la prison \u00e9tant comme nous l&rsquo;avons dit relativement lib\u00e9ral, le P. Clet vu aussi l&rsquo;estime dont il \u00e9tait entour\u00e9 par le personnel, ge\u00f4liers et policiers, pouvait \u00e9crire \u00e0 qui il voulait et recevoir tous ceux qui d\u00e9siraient le voir et lui parler.<\/p>\n<p>Parmi les missionnaires lazaristes, il \u00e9tait le plus ancien et son jugement \u00e9tait consid\u00e9r\u00e9 comme absolument impartial, aussi il estima de son devoir d&rsquo;user de son autorit\u00e9 pour essayer de r\u00e9tablir la paix entre ses confr\u00e8res.<\/p>\n<p>Les Lazaristes portugais avaient un \u00e9tablissement \u00e0 Macao et un autre \u00e0 P\u00e9kin, l&rsquo;\u00e9glise du Nantang. Ce qui compliquait encore la situation, c&rsquo;est que l&rsquo;\u00e9v\u00eaque ou vicaire apostolique de P\u00e9kin, un portugais, Mgr. de Souza, r\u00e9sidait \u00e0 Macao et que celui de Nankin un autre portugais Mgr. Pir\u00e8s r\u00e9sidait \u00e0 P\u00e9kin. Les Lazaristes fran\u00e7ais avaient eux aussi un \u00e9tablissement \u00e0 Macao et un autre \u00e0 P\u00e9kin, l&rsquo;\u00e9glise du P\u00e9tang . M. Lamiot \u00e9tait le seul lazariste fran\u00e7ais r\u00e9sidant \u00e0 P\u00e9kin, mais, \u00e9tant banni, il devait partir pour Macao. Il avait d\u00e9l\u00e9gu\u00e9 ses pouvoirs de sup\u00e9rieur \u00e0 son confr\u00e8re chinois M. Su\u00e9. Pour \u00e9viter que le gouvernement chinois ne s&#8217;empare du P\u00e9tang, deux lazaristes portugais, M. Serra et Mgr. Pir\u00e8s vinrent s&rsquo;y installer. Ce fut l\u00e0 l&rsquo;origine de m\u00e9sentente et de soup\u00e7ons entre les deux communaut\u00e9s.<\/p>\n<p>Le P. Clet voudrait clarifier la situation. Il constate que le P. Lamiot a l&rsquo;impression que les lazaristes portugais man\u0153uvrent pour s&rsquo;installer d\u00e9finitivement au P\u00e9tang. Il \u00e9crit donc \u00e0 M. Ribeiro le sup\u00e9rieur des portugais : \u00ab\u00a0J&rsquo;ai appris avec un grand serrement de c\u0153ur que M. Lamiot ne s&rsquo;accorde plus aussi bien avec vous et avec nos confr\u00e8res, c&rsquo;est pourquoi moi qui suis bien vieux et m&rsquo;en vais \u00e0 la mort, je lui \u00e9cris pour l&rsquo;engager \u00e0 faire dispara\u00eetre toute semence de discorde et conserver avec vous cette paix qui surpasse tout sentiment. Je vous prie d&rsquo;user de votre prudence qui m&rsquo;est bien connue, pour faire revivre entre les deux \u00e9glises s\u0153urs du Nantang et du P\u00e9tang, cette concorde qui est fond\u00e9e sur la charit\u00e9 et qui les unissait sous M.M. Raux et Ghislain.\u00a0\u00bb (Lettre n\u00b0 70)<\/p>\n<p>Il \u00e9crit aussi au P. Lamiot, qui en janvier 1820 est encore \u00e0 Ou-tchang-fou \u00e0 la disposition de la justice et devrait, au moins provisoirement, rejoindre P\u00e9kin. Le P. Lamiot croit que le P. Clet peut arranger les choses, mais celui-ci en doute : \u00ab\u00a0Je n&rsquo;ai pas assez de pr\u00e9somption de moi-m\u00eame pour croire que je puisse op\u00e9rer une bonne r\u00e9union entre les deux \u00e9glises. Je ne croyais pas que les choses fussent port\u00e9es si loin. J&rsquo;ai \u00e9crit (aux confr\u00e8res portugais) des lettres d&rsquo;amiti\u00e9 et d&rsquo;exhortation \u00e0 la paix entre deux s\u0153urs dont l&rsquo;\u00e9glise portugaise est l&rsquo;a\u00een\u00e9e&#8230; Plut\u00f4t que de d\u00e9f\u00e9rer \u00e0 Rome ou \u00e0 Paris, il serait bien mieux de pouvoir la conclure sans autorit\u00e9 majeure mais par nous seuls. La voie d&rsquo;autorit\u00e9 divise souvent les c\u0153urs en divisant les biens.\u00a0\u00bb (Lettre n\u00b0 70)<\/p>\n<p>Le P. Clet \u00e9crit donc une longue lettre aux confr\u00e8res portugais. \u00ab\u00a0Lorsque je vous ai \u00e9crit pour la premi\u00e8re fois, je savais seulement de mani\u00e8re confuse qu&rsquo;il existait quelque m\u00e9sintelligence entre les deux \u00e9glises du Nantang et du P\u00e9tang.. c&rsquo;est pourquoi dans ces lettres, je me pr\u00e9valais de mon \u00e2ge, moi qui suis de beaucoup votre a\u00een\u00e9 pour vous exhorter \u00e0 \u00e9carter de part et d&rsquo;autre les obstacles qui pourraient nuire au maintien de la charit\u00e9 parmi vous&#8230; J&rsquo;ai \u00e9t\u00e9 touch\u00e9 des anxi\u00e9t\u00e9s de M. Lamiot et quoique \u00e0 la veille de ma mort, j&rsquo;ai pens\u00e9 qu&rsquo;il serait bon d&#8217;employer, pour ainsi dire, mon dernier souffle de vie \u00e0 r\u00e9tablir solidement, si je le pouvais, la paix parmi vous&#8230; Comme la charit\u00e9 seule, c&rsquo;est \u00e0 dire l&rsquo;amour de Dieu et du prochain, me porte \u00e0 vous \u00e9crire, je vous prie de me lire avec la m\u00eame charit\u00e9. Sur le point de compara\u00eetre devant le redoutable juge, comment pourrais-je ob\u00e9ir \u00e0 un autre esprit qu&rsquo;\u00e0 l&rsquo;esprit de charit\u00e9 ?\u00a0\u00bb (Lettre n\u00b0 72)<\/p>\n<p>Le vieux missionnaire qui aurait besoin de paix pour se recueillir et se pr\u00e9parer \u00e0 la mort qui ne saurait tarder, prend sur lui de se m\u00ealer de litiges compliqu\u00e9s pour essayer de les d\u00e9brouiller et r\u00e9tablir la concorde entre ses confr\u00e8res. Mais la paix ne peut \u00eatre \u00e9tablie sur des quiproquos, il faut d&rsquo;abord faire la v\u00e9rit\u00e9 sur les faits et sur les droits. Le P. Clet sait quels sont les points litigieux et il ne craint pas de les exposer clairement.<\/p>\n<p>Les sujets de m\u00e9sentente ne sont pas de simples d\u00e9tails et le P. Clet les rappelle clairement, mais nous ne faisons que les \u00e9num\u00e9rer.<\/p>\n<p>\u00ab\u00a01\u00b0 Vous n&rsquo;avez aucun droit sur l&rsquo;\u00e9glise et la maison du P\u00e9tang, dont nous avons h\u00e9rit\u00e9 des J\u00e9suites par la volont\u00e9 du St. P\u00e8re, et dont M. Lamiot est toujours sup\u00e9rieur. Nous autres ne pr\u00e9tendons \u00e0 rien sur la maison du Nantang qui est v\u00f4tre.<\/p>\n<p>2\u00b0 M. Villa (confr\u00e8re d&rsquo;origine italienne) a dispos\u00e9 par testament de ses biens personnels en faveur du P\u00e9tang, comment se fait-il que vous les ayez retenus jusqu&rsquo;\u00e0 pr\u00e9sent ?<\/p>\n<p>3\u00b0 M. Ly, brouill\u00e9 avec son sup\u00e9rieur du P\u00e9tang, s&rsquo;est retir\u00e9 chez vous au Nantang en emportant des biens consid\u00e9rables de la maison. Comment se fait-il que vous ne l&rsquo;ayez pas renvoy\u00e9 chez nous avec les objets enlev\u00e9s ?<\/p>\n<p>4\u00b0 M. Richenet, notre procureur \u00e0 Macao, a envoy\u00e9 pour le P\u00e9tang une s\u00e9rie d&rsquo;objets et de fournitures. Comment avez-vous pu garder pour vous tout cet envoi, sans nous en parler ?<\/p>\n<p>5\u00b0 M. Lamiot avait confi\u00e9 \u00e0 M. Su\u00e9 (confr\u00e8re chinois) la direction du P\u00e9tang. Or sans les consulter, vous avez agi dans la maison du P\u00e9tang comme si le sup\u00e9riorat vous avait \u00e9t\u00e9 confi\u00e9 ipso facto. Apr\u00e8s avoir pris les clefs, vous avez tout visit\u00e9 et enlev\u00e9 l&rsquo;argent et ce qui \u00e9tait \u00e0 votre convenance. Quand M. Lamiot sera de retour, rendez-lui, comme il est juste, un compte exact de tout ce que vous avez fait au P\u00e9tang durant son absence. Si M. Lamiot vous a fait tort en quelque chose, il est pr\u00eat \u00e0 vous rendre le tout. Quoiqu&rsquo;il arrive \u00e0 M. Lamiot&#8230; n&rsquo;oubliez pas que les biens de l&rsquo;\u00e9glise du P\u00e9tang ne sont pas abandonn\u00e9s, et que donc il ne vous est pas permis d&rsquo;en disposer \u00e0 votre gr\u00e9, mais qu&rsquo;ils appartiennent malgr\u00e9 tout \u00e0 la mission fran\u00e7aise.<\/p>\n<p>Le Seigneur m&rsquo;est t\u00e9moin que ce que je viens de vous \u00e9crire, le c\u0153ur navr\u00e9 de tristesse, ne diminue en rien le profond respect et l&rsquo;entier d\u00e9vouement dans lesquels je suis, Messieurs, votre tr\u00e8s humble et tr\u00e8s ob\u00e9issant serviteur.\u00a0\u00bb (Lettre n\u00b0 73)<\/p>\n<p>La lettre est tr\u00e8s charitable, tr\u00e8s humble et tr\u00e8s polie, mais cela n&rsquo;a pas emp\u00each\u00e9 le P. Clet de dire en toute franchise ce qui n&rsquo;allait pas dans les relations entre les deux maisons.<\/p>\n<p>Le P. Clet avec son exp\u00e9rience conclut : \u00ab\u00a0De m\u00eame qu&rsquo;il n&rsquo;y a qu&rsquo;un Dieu, une foi, un bapt\u00eame, les deux \u00e9glises n&rsquo;en feront qu&rsquo;une par un \u00e9change de bienveillance, de bons offices et de charit\u00e9 r\u00e9ciproque. Si vous n&rsquo;\u00e9coutez pas ma pri\u00e8re, vos maisons n&rsquo;auront point de fondement en Notre Seigneur J\u00e9sus-Christ, elles tomberont l&rsquo;une sur l&rsquo;autre, et seront toutes deux d\u00e9truites au grand d\u00e9triment de notre sainte religion.\u00a0\u00bb<\/p>\n<p>Malheureusement la pr\u00e9diction du P. Clet se r\u00e9alisa. Apr\u00e8s le d\u00e9part de M. Lamiot, le P. Su\u00e9 transf\u00e9ra les \u0153uvres du P\u00e9tang \u00e0 Sywantse, en Mongolie, et laissa la maison aux Lazaristes portugais, mais elle fut confisqu\u00e9e par l&rsquo;Etat chinois et d\u00e9molie ainsi que l&rsquo;\u00e9glise en 1827. Le Nantang fut \u00e0 son tour confisqu\u00e9 et d\u00e9truit apr\u00e8s la mort de Mgr. Pir\u00e8s en 1838.<\/p>\n<p>Cette histoire de m\u00e9sentente, le P. Clet l&rsquo;a sur le c\u0153ur. Il en parle encore au P. Lamiot dans une lettre \u00e9crite vers le 10 f\u00e9vrier, quelques jours \u00e0 peine avant sa mort. \u00ab\u00a0Tenez ferme pour nos droits l\u00e9gitimes sur le P\u00e9tang. S&rsquo;ils s&rsquo;obstinent l\u00e0-dessus, usez du canal de notre bon ami M. Marchini pour exposer \u00e0 la Sacr\u00e9e Congr\u00e9gation la folle pr\u00e9tention des portugais sur le P\u00e9tang et les choses qui lui appartiennent. Il serait, je crois, possible par M. Richenet de recourir au roi de France&#8230; j&rsquo;ai peine \u00e0 croire que Louis XVIII tol\u00e9r\u00e2t que les portugais s&#8217;emparassent d&rsquo;une \u00e9glise pour laquelle Louis XIV a fait tant de frais.\u00a0\u00bb (Lettre n\u00b0 74)<\/p>\n<p>Il continue en donnant une appr\u00e9ciation sur l&#8217;empereur : \u00ab\u00a0Kia-King est d\u00e9j\u00e0 vieux, il est, dit-on, toujours malade et le chagrin le ronge. A vue de pays il ne peut vivre longtemps. Quand il mourra, il ne sera je crois, pleur\u00e9 de personne. Je suis fort \u00e9loign\u00e9 de d\u00e9sirer sa mort, qu&rsquo;il vive et se convertisse, c&rsquo;est l\u00e0 tout mon souhait&#8230;\u00a0\u00bb<\/p>\n<p>Dans une derni\u00e8re lettre, vers le 16 f\u00e9vrier, il \u00e9crit encore au P. Lamiot :<\/p>\n<p>\u00ab\u00a0Monsieur et tr\u00e8s cher Sup\u00e9rieur<\/p>\n<p>Bien ou mal, je crois avoir rempli la t\u00e2che dont vous m&rsquo;avez charg\u00e9. Il ne me reste donc plus qu&rsquo;\u00e0 me pr\u00e9parer \u00e0 mourir, ce que je d\u00e9sire plut\u00f4t que de vivre&#8230; Ayez confiance&#8230; Au reste sachez que vivant ou mourant, je ne vous oublierai jamais.. Voici peut-\u00eatre mon dernier signe de vie aupr\u00e8s de vous.\u00a0\u00bb (Lettre n\u00b0 75)<\/p>\n<p>Le fait que le P. Clet s&rsquo;estimait \u00e0 tort responsable des graves ennuis que le P. Lamiot avait subis avec son arrestation, son voyage forc\u00e9 \u00e0 Ou-tchang-fou et sa comparution, avait cr\u00e9\u00e9 entre eux une amiti\u00e9 profonde, empreinte \u00e0 la fois de confiance et de familiarit\u00e9. M. Lamiot \u00e9crivait \u00e0 son fr\u00e8re : \u00a0\u00bb Le P. Clet seul confr\u00e8re fran\u00e7ais qui me rest\u00e2t, septuag\u00e9naire v\u00e9n\u00e9rable, avait d\u00e9termin\u00e9 ma vocation pour la Chine \u00a0\u00bb (Demimuid p. 327.)<\/p>\n<p>Le P. Clet sait qu&rsquo;il n&rsquo;en a plus que pour quelques jours, aussi il voit l&rsquo;avenir de la mission d\u00e9sormais enti\u00e8rement entre les mains du P. Lamiot et l&rsquo;assure donc de son assistance une fois mort, autant qu&rsquo;il a pu le faire de son vivant. Il s&rsquo;est cr\u00e9\u00e9 entre leurs \u00e2mes une profonde intimit\u00e9.<\/p>\n","protected":false},"excerpt":{"rendered":"<p>X &#8211; Les derniers mois Le P. Clet \u00e9crivant le 14 janvier 1820 au P. Marchini procureur de la Congr\u00e9gation de la Propagande \u00e0 Macao, lui d\u00e9crit les conditions de sa d\u00e9tention : \u00ab\u00a0Il faut &#8230; <a href=\"http:\/\/vincentians.com\/fr\/francois-regis-clet-pretre-de-la-mission-martyr-en-chine-1748-1820-11\/\" class=\"more-link\">Read More<\/a><\/p>\n","protected":false},"author":4,"featured_media":107633,"comment_status":"open","ping_status":"open","sticky":false,"template":"","format":"standard","meta":{"jetpack_post_was_ever_published":false,"_jetpack_newsletter_access":"","_jetpack_dont_email_post_to_subs":false,"_jetpack_newsletter_tier_id":0,"_jetpack_memberships_contains_paywalled_content":false,"_jetpack_memberships_contains_paid_content":false,"footnotes":"","jetpack_publicize_message":"","jetpack_publicize_feature_enabled":true,"jetpack_social_post_already_shared":true,"jetpack_social_options":{"image_generator_settings":{"template":"highway","default_image_id":0,"font":"","enabled":false},"version":2}},"categories":[133],"tags":[],"class_list":["post-107656","post","type-post","status-publish","format-standard","has-post-thumbnail","hentry","category-francois-regis-clet"],"yoast_head":"<!-- This site is optimized with the Yoast SEO plugin v26.3 - https:\/\/yoast.com\/wordpress\/plugins\/seo\/ -->\n<title>Fran\u00e7ois-R\u00e9gis Clet : pr\u00eatre de la Mission, martyr en Chine, 1748-1820 (11) - Nous Sommes Vincentiens<\/title>\n<meta name=\"robots\" content=\"index, follow, max-snippet:-1, max-image-preview:large, max-video-preview:-1\" \/>\n<link rel=\"canonical\" href=\"https:\/\/vincentians.com\/fr\/francois-regis-clet-pretre-de-la-mission-martyr-en-chine-1748-1820-11\/\" \/>\n<meta property=\"og:locale\" content=\"fr_FR\" \/>\n<meta property=\"og:type\" content=\"article\" \/>\n<meta property=\"og:title\" content=\"Fran\u00e7ois-R\u00e9gis Clet : pr\u00eatre de la Mission, martyr en Chine, 1748-1820 (11) - Nous Sommes Vincentiens\" \/>\n<meta property=\"og:description\" content=\"X &#8211; Les derniers mois Le P. Clet \u00e9crivant le 14 janvier 1820 au P. Marchini procureur de la Congr\u00e9gation de la Propagande \u00e0 Macao, lui d\u00e9crit les conditions de sa d\u00e9tention : \u00ab\u00a0Il faut ... Read More\" \/>\n<meta property=\"og:url\" content=\"https:\/\/vincentians.com\/fr\/francois-regis-clet-pretre-de-la-mission-martyr-en-chine-1748-1820-11\/\" \/>\n<meta property=\"og:site_name\" content=\"Nous Sommes Vincentiens\" \/>\n<meta property=\"article:publisher\" content=\"https:\/\/www.facebook.com\/WeAreVincentians\/\" \/>\n<meta property=\"article:author\" content=\"https:\/\/www.facebook.com\/JavierChento\" \/>\n<meta property=\"article:published_time\" content=\"2014-01-11T11:10:44+00:00\" \/>\n<meta name=\"author\" content=\"Francisco Javier Fern\u00e1ndez Chento\" \/>\n<meta name=\"twitter:card\" content=\"summary_large_image\" \/>\n<meta name=\"twitter:creator\" content=\"@https:\/\/twitter.com\/javierchento\" \/>\n<meta name=\"twitter:site\" content=\"@WeVincentians\" \/>\n<meta name=\"twitter:label1\" content=\"\u00c9crit par\" \/>\n\t<meta name=\"twitter:data1\" content=\"Francisco Javier Fern\u00e1ndez Chento\" \/>\n\t<meta name=\"twitter:label2\" content=\"Dur\u00e9e de lecture estim\u00e9e\" \/>\n\t<meta name=\"twitter:data2\" content=\"15 minutes\" \/>\n<script type=\"application\/ld+json\" class=\"yoast-schema-graph\">{\"@context\":\"https:\/\/schema.org\",\"@graph\":[{\"@type\":\"WebPage\",\"@id\":\"https:\/\/vincentians.com\/fr\/francois-regis-clet-pretre-de-la-mission-martyr-en-chine-1748-1820-11\/\",\"url\":\"https:\/\/vincentians.com\/fr\/francois-regis-clet-pretre-de-la-mission-martyr-en-chine-1748-1820-11\/\",\"name\":\"Fran\u00e7ois-R\u00e9gis Clet : pr\u00eatre de la Mission, martyr en Chine, 1748-1820 (11) - Nous Sommes Vincentiens\",\"isPartOf\":{\"@id\":\"http:\/\/vincentians.com\/fr\/#website\"},\"primaryImageOfPage\":{\"@id\":\"https:\/\/vincentians.com\/fr\/francois-regis-clet-pretre-de-la-mission-martyr-en-chine-1748-1820-11\/#primaryimage\"},\"image\":{\"@id\":\"https:\/\/vincentians.com\/fr\/francois-regis-clet-pretre-de-la-mission-martyr-en-chine-1748-1820-11\/#primaryimage\"},\"thumbnailUrl\":\"\",\"datePublished\":\"2014-01-11T11:10:44+00:00\",\"author\":{\"@id\":\"http:\/\/vincentians.com\/fr\/#\/schema\/person\/9623ef4d9aa3b2dfb8c061f1499288f2\"},\"breadcrumb\":{\"@id\":\"https:\/\/vincentians.com\/fr\/francois-regis-clet-pretre-de-la-mission-martyr-en-chine-1748-1820-11\/#breadcrumb\"},\"inLanguage\":\"fr-FR\",\"potentialAction\":[{\"@type\":\"ReadAction\",\"target\":[\"https:\/\/vincentians.com\/fr\/francois-regis-clet-pretre-de-la-mission-martyr-en-chine-1748-1820-11\/\"]}]},{\"@type\":\"ImageObject\",\"inLanguage\":\"fr-FR\",\"@id\":\"https:\/\/vincentians.com\/fr\/francois-regis-clet-pretre-de-la-mission-martyr-en-chine-1748-1820-11\/#primaryimage\",\"url\":\"\",\"contentUrl\":\"\"},{\"@type\":\"BreadcrumbList\",\"@id\":\"https:\/\/vincentians.com\/fr\/francois-regis-clet-pretre-de-la-mission-martyr-en-chine-1748-1820-11\/#breadcrumb\",\"itemListElement\":[{\"@type\":\"ListItem\",\"position\":1,\"name\":\"Portada\",\"item\":\"http:\/\/vincentians.com\/fr\/\"},{\"@type\":\"ListItem\",\"position\":2,\"name\":\"Fran\u00e7ois-R\u00e9gis Clet : pr\u00eatre de la Mission, martyr en Chine, 1748-1820 (11)\"}]},{\"@type\":\"WebSite\",\"@id\":\"http:\/\/vincentians.com\/fr\/#website\",\"url\":\"http:\/\/vincentians.com\/fr\/\",\"name\":\"Nous Sommes Vincentiens\",\"description\":\"Know more to serve more\",\"potentialAction\":[{\"@type\":\"SearchAction\",\"target\":{\"@type\":\"EntryPoint\",\"urlTemplate\":\"http:\/\/vincentians.com\/fr\/?s={search_term_string}\"},\"query-input\":{\"@type\":\"PropertyValueSpecification\",\"valueRequired\":true,\"valueName\":\"search_term_string\"}}],\"inLanguage\":\"fr-FR\"},{\"@type\":\"Person\",\"@id\":\"http:\/\/vincentians.com\/fr\/#\/schema\/person\/9623ef4d9aa3b2dfb8c061f1499288f2\",\"name\":\"Francisco Javier Fern\u00e1ndez Chento\",\"image\":{\"@type\":\"ImageObject\",\"inLanguage\":\"fr-FR\",\"@id\":\"http:\/\/vincentians.com\/fr\/#\/schema\/person\/image\/\",\"url\":\"https:\/\/secure.gravatar.com\/avatar\/497d5cde87b4c3d097d0315953521681ba2cd523ee66e5077c3711f7021e65de?s=96&d=mm&r=g\",\"contentUrl\":\"https:\/\/secure.gravatar.com\/avatar\/497d5cde87b4c3d097d0315953521681ba2cd523ee66e5077c3711f7021e65de?s=96&d=mm&r=g\",\"caption\":\"Francisco Javier Fern\u00e1ndez Chento\"},\"description\":\"Director General y cofundador de La Red de Formaci\u00f3n Vicenciana. Javier es laico vicenciano, afiliado a la Congregaci\u00f3n de la Misi\u00f3n y miembro del Equipo de Misiones Populares de la provincia can\u00f3nica de Zaragoza (Espa\u00f1a) de la Congregaci\u00f3n de la Misi\u00f3n. Graduado en la Universidad Oberta de Catalunya con cuatro grados (Asistente de direcci\u00f3n, Gesti\u00f3n Administrativa, Recursos Humanos y Contabilidad Avanzada). Bil\u00edng\u00fce Espa\u00f1ol\/Ingl\u00e9s. gestiona y mantiene varias p\u00e1ginas web cristianas y vicencianas, incluida including La Red de Formaci\u00f3n Vicenciana, de la que es cofundador. Actualmente es responsable del \u00e1rea de Espa\u00f1ol de .famvin, la Red de Noticias de la Familia Vicenciana. Tambi\u00e9n es m\u00fasico cat\u00f3lico y ha editado varios discos. Es Director General y cofundador de Trovador, una reconocida compa\u00f1\u00eda discogr\u00e1fica critiana de Espa\u00f1a. Trabaja en las Tecnolog\u00edas de la Informaci\u00f3n, ofreciendo servicios de alojamiento, dise\u00f1o y mantenimiento Web, as\u00ed como asesoramiento, formaci\u00f3n y soluciones inform\u00e1ticas, gesti\u00f3n documental y digitalizaci\u00f3n de textos, edici\u00f3n y maquetaci\u00f3n de libros, revistas, flyers, etc.\",\"sameAs\":[\"http:\/\/chento.org\",\"https:\/\/www.facebook.com\/JavierChento\",\"https:\/\/x.com\/https:\/\/twitter.com\/javierchento\"],\"url\":\"http:\/\/vincentians.com\/fr\/author\/chento\/\"}]}<\/script>\n<!-- \/ Yoast SEO plugin. -->","yoast_head_json":{"title":"Fran\u00e7ois-R\u00e9gis Clet : pr\u00eatre de la Mission, martyr en Chine, 1748-1820 (11) - Nous Sommes Vincentiens","robots":{"index":"index","follow":"follow","max-snippet":"max-snippet:-1","max-image-preview":"max-image-preview:large","max-video-preview":"max-video-preview:-1"},"canonical":"https:\/\/vincentians.com\/fr\/francois-regis-clet-pretre-de-la-mission-martyr-en-chine-1748-1820-11\/","og_locale":"fr_FR","og_type":"article","og_title":"Fran\u00e7ois-R\u00e9gis Clet : pr\u00eatre de la Mission, martyr en Chine, 1748-1820 (11) - Nous Sommes Vincentiens","og_description":"X &#8211; Les derniers mois Le P. Clet \u00e9crivant le 14 janvier 1820 au P. Marchini procureur de la Congr\u00e9gation de la Propagande \u00e0 Macao, lui d\u00e9crit les conditions de sa d\u00e9tention : \u00ab\u00a0Il faut ... Read More","og_url":"https:\/\/vincentians.com\/fr\/francois-regis-clet-pretre-de-la-mission-martyr-en-chine-1748-1820-11\/","og_site_name":"Nous Sommes Vincentiens","article_publisher":"https:\/\/www.facebook.com\/WeAreVincentians\/","article_author":"https:\/\/www.facebook.com\/JavierChento","article_published_time":"2014-01-11T11:10:44+00:00","author":"Francisco Javier Fern\u00e1ndez Chento","twitter_card":"summary_large_image","twitter_creator":"@https:\/\/twitter.com\/javierchento","twitter_site":"@WeVincentians","twitter_misc":{"\u00c9crit par":"Francisco Javier Fern\u00e1ndez Chento","Dur\u00e9e de lecture estim\u00e9e":"15 minutes"},"schema":{"@context":"https:\/\/schema.org","@graph":[{"@type":"WebPage","@id":"https:\/\/vincentians.com\/fr\/francois-regis-clet-pretre-de-la-mission-martyr-en-chine-1748-1820-11\/","url":"https:\/\/vincentians.com\/fr\/francois-regis-clet-pretre-de-la-mission-martyr-en-chine-1748-1820-11\/","name":"Fran\u00e7ois-R\u00e9gis Clet : pr\u00eatre de la Mission, martyr en Chine, 1748-1820 (11) - Nous Sommes Vincentiens","isPartOf":{"@id":"http:\/\/vincentians.com\/fr\/#website"},"primaryImageOfPage":{"@id":"https:\/\/vincentians.com\/fr\/francois-regis-clet-pretre-de-la-mission-martyr-en-chine-1748-1820-11\/#primaryimage"},"image":{"@id":"https:\/\/vincentians.com\/fr\/francois-regis-clet-pretre-de-la-mission-martyr-en-chine-1748-1820-11\/#primaryimage"},"thumbnailUrl":"","datePublished":"2014-01-11T11:10:44+00:00","author":{"@id":"http:\/\/vincentians.com\/fr\/#\/schema\/person\/9623ef4d9aa3b2dfb8c061f1499288f2"},"breadcrumb":{"@id":"https:\/\/vincentians.com\/fr\/francois-regis-clet-pretre-de-la-mission-martyr-en-chine-1748-1820-11\/#breadcrumb"},"inLanguage":"fr-FR","potentialAction":[{"@type":"ReadAction","target":["https:\/\/vincentians.com\/fr\/francois-regis-clet-pretre-de-la-mission-martyr-en-chine-1748-1820-11\/"]}]},{"@type":"ImageObject","inLanguage":"fr-FR","@id":"https:\/\/vincentians.com\/fr\/francois-regis-clet-pretre-de-la-mission-martyr-en-chine-1748-1820-11\/#primaryimage","url":"","contentUrl":""},{"@type":"BreadcrumbList","@id":"https:\/\/vincentians.com\/fr\/francois-regis-clet-pretre-de-la-mission-martyr-en-chine-1748-1820-11\/#breadcrumb","itemListElement":[{"@type":"ListItem","position":1,"name":"Portada","item":"http:\/\/vincentians.com\/fr\/"},{"@type":"ListItem","position":2,"name":"Fran\u00e7ois-R\u00e9gis Clet : pr\u00eatre de la Mission, martyr en Chine, 1748-1820 (11)"}]},{"@type":"WebSite","@id":"http:\/\/vincentians.com\/fr\/#website","url":"http:\/\/vincentians.com\/fr\/","name":"Nous Sommes Vincentiens","description":"Know more to serve more","potentialAction":[{"@type":"SearchAction","target":{"@type":"EntryPoint","urlTemplate":"http:\/\/vincentians.com\/fr\/?s={search_term_string}"},"query-input":{"@type":"PropertyValueSpecification","valueRequired":true,"valueName":"search_term_string"}}],"inLanguage":"fr-FR"},{"@type":"Person","@id":"http:\/\/vincentians.com\/fr\/#\/schema\/person\/9623ef4d9aa3b2dfb8c061f1499288f2","name":"Francisco Javier Fern\u00e1ndez Chento","image":{"@type":"ImageObject","inLanguage":"fr-FR","@id":"http:\/\/vincentians.com\/fr\/#\/schema\/person\/image\/","url":"https:\/\/secure.gravatar.com\/avatar\/497d5cde87b4c3d097d0315953521681ba2cd523ee66e5077c3711f7021e65de?s=96&d=mm&r=g","contentUrl":"https:\/\/secure.gravatar.com\/avatar\/497d5cde87b4c3d097d0315953521681ba2cd523ee66e5077c3711f7021e65de?s=96&d=mm&r=g","caption":"Francisco Javier Fern\u00e1ndez Chento"},"description":"Director General y cofundador de La Red de Formaci\u00f3n Vicenciana. Javier es laico vicenciano, afiliado a la Congregaci\u00f3n de la Misi\u00f3n y miembro del Equipo de Misiones Populares de la provincia can\u00f3nica de Zaragoza (Espa\u00f1a) de la Congregaci\u00f3n de la Misi\u00f3n. Graduado en la Universidad Oberta de Catalunya con cuatro grados (Asistente de direcci\u00f3n, Gesti\u00f3n Administrativa, Recursos Humanos y Contabilidad Avanzada). Bil\u00edng\u00fce Espa\u00f1ol\/Ingl\u00e9s. gestiona y mantiene varias p\u00e1ginas web cristianas y vicencianas, incluida including La Red de Formaci\u00f3n Vicenciana, de la que es cofundador. Actualmente es responsable del \u00e1rea de Espa\u00f1ol de .famvin, la Red de Noticias de la Familia Vicenciana. Tambi\u00e9n es m\u00fasico cat\u00f3lico y ha editado varios discos. Es Director General y cofundador de Trovador, una reconocida compa\u00f1\u00eda discogr\u00e1fica critiana de Espa\u00f1a. Trabaja en las Tecnolog\u00edas de la Informaci\u00f3n, ofreciendo servicios de alojamiento, dise\u00f1o y mantenimiento Web, as\u00ed como asesoramiento, formaci\u00f3n y soluciones inform\u00e1ticas, gesti\u00f3n documental y digitalizaci\u00f3n de textos, edici\u00f3n y maquetaci\u00f3n de libros, revistas, flyers, etc.","sameAs":["http:\/\/chento.org","https:\/\/www.facebook.com\/JavierChento","https:\/\/x.com\/https:\/\/twitter.com\/javierchento"],"url":"http:\/\/vincentians.com\/fr\/author\/chento\/"}]}},"jetpack_publicize_connections":[],"jetpack_featured_media_url":"","jetpack_sharing_enabled":true,"jetpack_shortlink":"https:\/\/wp.me\/p7ETMP-s0o","jetpack-related-posts":[{"id":107652,"url":"http:\/\/vincentians.com\/fr\/francois-regis-clet-pretre-de-la-mission-martyr-en-chine-1748-1820-15\/","url_meta":{"origin":107656,"position":0},"title":"Fran\u00e7ois-R\u00e9gis Clet : pr\u00eatre de la Mission, martyr en Chine, 1748-1820 (15)","author":"Francisco Javier Fern\u00e1ndez Chento","date":"15\/01\/2014","format":false,"excerpt":"Annexe II : Les principales dates de la vie du P. Fran\u00e7ois-R\u00e9gis Clet 1748 19 ao\u00fbt Naissance de Fran\u00e7ois R\u00e9gis \u00e0 Grenoble au n\u00b0 14 de la rue Porte-Traine 1748 23 ao\u00fbt Bapt\u00eame \u00e0 l'\u00e9glise St. Louis 1769 6 mars Entr\u00e9e dans la Congr\u00e9gation de la Mission \u00e0 Lyon 1771\u2026","rel":"","context":"Dans &quot;Fran\u00e7ois-R\u00e9gis Clet&quot;","block_context":{"text":"Fran\u00e7ois-R\u00e9gis Clet","link":"http:\/\/vincentians.com\/fr\/category\/francois-regis-clet\/"},"img":{"alt_text":"","src":"","width":0,"height":0},"classes":[]},{"id":107672,"url":"http:\/\/vincentians.com\/fr\/francois-regis-clet-pretre-de-la-mission-martyr-en-chine-1748-1820-19\/","url_meta":{"origin":107656,"position":1},"title":"Fran\u00e7ois-R\u00e9gis Clet : pr\u00eatre de la Mission, martyr en Chine, 1748-1820 (19)","author":"Francisco Javier Fern\u00e1ndez Chento","date":"19\/01\/2014","format":false,"excerpt":"Annexe VI : Le r\u00e9gime p\u00e9nitentiaire chinois propos\u00e9 en exemple Le P. Clet envoie \u00e0 son correspondant \u00e0 Paris, son confr\u00e8re M. Richenet, une description d\u00e9taill\u00e9e des prisons de Chine, souhaitant qu'avec l'agr\u00e9ment du Sup\u00e9rieur g\u00e9n\u00e9ral, elle soit publi\u00e9e et transmise aux pouvoirs publics de la France, mais ne veut\u2026","rel":"","context":"Dans &quot;Fran\u00e7ois-R\u00e9gis Clet&quot;","block_context":{"text":"Fran\u00e7ois-R\u00e9gis Clet","link":"http:\/\/vincentians.com\/fr\/category\/francois-regis-clet\/"},"img":{"alt_text":"","src":"","width":0,"height":0},"classes":[]},{"id":107631,"url":"http:\/\/vincentians.com\/fr\/francois-regis-clet-pretre-de-la-mission-martyr-en-chine-1748-1820-01\/","url_meta":{"origin":107656,"position":2},"title":"Fran\u00e7ois-R\u00e9gis Clet : pr\u00eatre de la Mission, martyr en Chine, 1748-1820 (01)","author":"Francisco Javier Fern\u00e1ndez Chento","date":"01\/01\/2014","format":false,"excerpt":"Avant Propos Le 2 juin 1997 sur la grande place Saint Pierre de Rome se d\u00e9roul\u00e8rent les fastes de la canonisation de saint Jean-Gabriel Perboyre. Un soleil \u00e9clatant mettait en valeur les couleurs rouge ou amarante des soutanes cardinalices ou \u00e9piscopales, les uniformes aux rayures de bleu et d'orange des\u2026","rel":"","context":"Dans &quot;Fran\u00e7ois-R\u00e9gis Clet&quot;","block_context":{"text":"Fran\u00e7ois-R\u00e9gis Clet","link":"http:\/\/vincentians.com\/fr\/category\/francois-regis-clet\/"},"img":{"alt_text":"Vie du Bienheureux Fran\u00e7ois-R\u00e9gis Clet : pr\u00eatre de la Congr\u00e9","src":"https:\/\/i0.wp.com\/vincentiens.org\/wp-content\/uploads\/2014\/01\/regis_clet-210x300.jpg?resize=350%2C200","width":350,"height":200},"classes":[]},{"id":107655,"url":"http:\/\/vincentians.com\/fr\/francois-regis-clet-pretre-de-la-mission-martyr-en-chine-1748-1820-12\/","url_meta":{"origin":107656,"position":3},"title":"Fran\u00e7ois-R\u00e9gis Clet : pr\u00eatre de la Mission, martyr en Chine, 1748-1820 (12)","author":"Francisco Javier Fern\u00e1ndez Chento","date":"12\/01\/2014","format":false,"excerpt":"XI - L'\u00c9preuve supr\u00e9me On dit que pour les condamn\u00e9s \u00e0 mort, l'incertitude sur le jour de leur ex\u00e9cution et les d\u00e9lais d'attente sont une \u00e9preuve aussi cruelle que la mort elle-m\u00eame. Cela ne semble pas avoir \u00e9t\u00e9 le cas pour Fran\u00e7ois-R\u00e9gis. Il \u00e9tait \u00e0 peu pr\u00e8s certain de la\u2026","rel":"","context":"Dans &quot;Fran\u00e7ois-R\u00e9gis Clet&quot;","block_context":{"text":"Fran\u00e7ois-R\u00e9gis Clet","link":"http:\/\/vincentians.com\/fr\/category\/francois-regis-clet\/"},"img":{"alt_text":"Vie du Bienheureux Fran\u00e7ois-R\u00e9gis Clet : pr\u00eatre de la Congr\u00e9","src":"https:\/\/i0.wp.com\/vincentiens.org\/wp-content\/uploads\/2014\/01\/regis_clet-210x300.jpg?resize=350%2C200","width":350,"height":200},"classes":[]},{"id":107640,"url":"http:\/\/vincentians.com\/fr\/francois-regis-clet-pretre-de-la-mission-martyr-en-chine-1748-1820-06\/","url_meta":{"origin":107656,"position":4},"title":"Fran\u00e7ois-R\u00e9gis Clet : pr\u00eatre de la Mission, martyr en Chine, 1748-1820 (06)","author":"Francisco Javier Fern\u00e1ndez Chento","date":"06\/01\/2014","format":false,"excerpt":"V - La Mission au Hou-Kouang La vie de la Mission Transfert au Houkouang Au bout d'un an de travail apostolique au Kiang-si, M. Raux, le sup\u00e9rieur des Lazaristes en Chine, demande \u00e0 M. Clet d'aller dans la province voisine, le Hou-kouang, o\u00f9 se trouvent M.M. Aubin et Pesn\u00e9 dont\u2026","rel":"","context":"Dans &quot;Fran\u00e7ois-R\u00e9gis Clet&quot;","block_context":{"text":"Fran\u00e7ois-R\u00e9gis Clet","link":"http:\/\/vincentians.com\/fr\/category\/francois-regis-clet\/"},"img":{"alt_text":"Vie du Bienheureux Fran\u00e7ois-R\u00e9gis Clet : pr\u00eatre de la Congr\u00e9","src":"https:\/\/i0.wp.com\/vincentiens.org\/wp-content\/uploads\/2014\/01\/regis_clet-210x300.jpg?resize=350%2C200","width":350,"height":200},"classes":[]},{"id":105225,"url":"http:\/\/vincentians.com\/fr\/bx-jean-francois-regis-clet\/","url_meta":{"origin":107656,"position":5},"title":"Bx Jean-Fran\u00e7ois-R\u00e9gis Clet","author":"Francisco Javier Fern\u00e1ndez Chento","date":"20\/12\/2012","format":false,"excerpt":"\u5218\u65b9\u6d4e LIEOU FANG-TSI Pr\u00eatre. N\u00e9 \u00e0 Grenoble, Is\u00e8re (France), le 19 ao\u00fbt 1748 ; re\u00e7u au s\u00e9minaire \u00e0 Lyon le 6 mars 1769 ; il y fit les v\u0153ux le 18 mars 1771 et fut ordonn\u00e9 pr\u00eatre le 27 mars 1773. Nomm\u00e9 la m\u00eame ann\u00e9e professeur de morale au grand\u2026","rel":"","context":"Dans &quot;Biographies Lazaristes&quot;","block_context":{"text":"Biographies Lazaristes","link":"http:\/\/vincentians.com\/fr\/category\/biographies-lazaristes\/"},"img":{"alt_text":"","src":"https:\/\/i0.wp.com\/vincentians.com\/fr\/wp-content\/uploads\/sites\/10\/2016\/08\/bio-congregation-of-the-mission.jpg?fit=1200%2C630&resize=350%2C200","width":350,"height":200,"srcset":"https:\/\/i0.wp.com\/vincentians.com\/fr\/wp-content\/uploads\/sites\/10\/2016\/08\/bio-congregation-of-the-mission.jpg?fit=1200%2C630&resize=350%2C200 1x, https:\/\/i0.wp.com\/vincentians.com\/fr\/wp-content\/uploads\/sites\/10\/2016\/08\/bio-congregation-of-the-mission.jpg?fit=1200%2C630&resize=525%2C300 1.5x, https:\/\/i0.wp.com\/vincentians.com\/fr\/wp-content\/uploads\/sites\/10\/2016\/08\/bio-congregation-of-the-mission.jpg?fit=1200%2C630&resize=700%2C400 2x, https:\/\/i0.wp.com\/vincentians.com\/fr\/wp-content\/uploads\/sites\/10\/2016\/08\/bio-congregation-of-the-mission.jpg?fit=1200%2C630&resize=1050%2C600 3x"},"classes":[]}],"_links":{"self":[{"href":"http:\/\/vincentians.com\/fr\/wp-json\/wp\/v2\/posts\/107656","targetHints":{"allow":["GET"]}}],"collection":[{"href":"http:\/\/vincentians.com\/fr\/wp-json\/wp\/v2\/posts"}],"about":[{"href":"http:\/\/vincentians.com\/fr\/wp-json\/wp\/v2\/types\/post"}],"author":[{"embeddable":true,"href":"http:\/\/vincentians.com\/fr\/wp-json\/wp\/v2\/users\/4"}],"replies":[{"embeddable":true,"href":"http:\/\/vincentians.com\/fr\/wp-json\/wp\/v2\/comments?post=107656"}],"version-history":[{"count":0,"href":"http:\/\/vincentians.com\/fr\/wp-json\/wp\/v2\/posts\/107656\/revisions"}],"wp:featuredmedia":[{"embeddable":true,"href":"http:\/\/vincentians.com\/fr\/wp-json\/"}],"wp:attachment":[{"href":"http:\/\/vincentians.com\/fr\/wp-json\/wp\/v2\/media?parent=107656"}],"wp:term":[{"taxonomy":"category","embeddable":true,"href":"http:\/\/vincentians.com\/fr\/wp-json\/wp\/v2\/categories?post=107656"},{"taxonomy":"post_tag","embeddable":true,"href":"http:\/\/vincentians.com\/fr\/wp-json\/wp\/v2\/tags?post=107656"}],"curies":[{"name":"wp","href":"https:\/\/api.w.org\/{rel}","templated":true}]}}