{"id":107653,"date":"2014-01-14T12:10:44","date_gmt":"2014-01-14T11:10:44","guid":{"rendered":"http:\/\/vincentiens.org\/?p=107653"},"modified":"2014-01-14T12:10:44","modified_gmt":"2014-01-14T11:10:44","slug":"francois-regis-clet-pretre-de-la-mission-martyr-en-chine-1748-1820-14","status":"publish","type":"post","link":"http:\/\/vincentians.com\/fr\/francois-regis-clet-pretre-de-la-mission-martyr-en-chine-1748-1820-14\/","title":{"rendered":"Fran\u00e7ois-R\u00e9gis Clet : pr\u00eatre de la Mission, martyr en Chine, 1748-1820 (14)"},"content":{"rendered":"<h2>Annexe I : Les grandes dates de l&rsquo;histoire chr\u00e9tienne de la Chine<\/h2>\n<ul>\n<li>645 Introduction du bouddhisme en Chine par un p\u00e8lerin chinois de retour d&rsquo;un p\u00e8lerinage en Inde aux sources du bouddhisme.<\/li>\n<li>627-549 R\u00e8gne de l&#8217;empereur Taitsong le Grand<\/li>\n<li>635 Arriv\u00e9e \u00e0 la capitale Tchan-Ngan du moine nestorien Alopen venant de Syrie par la route de la Soie. Il apporte des livres sacr\u00e9s et des ic\u00f4nes. Construction d&rsquo;un 1er monast\u00e8re et diffusion de la \u00a0\u00bb religion lumineuse \u00ab\u00a0.<\/li>\n<li>781 \u00c9rection de la st\u00e8le de Xian qui raconte l&rsquo;introduction et les progr\u00e8s de la foi chr\u00e9tienne en Chine et donne un r\u00e9sum\u00e9 de la doctrine. Les \u00c9critures sont traduites en Chinois. Sous le r\u00e8gne des Mongols le christianisme nestorien se maintient<\/li>\n<li>1245 Le pape envoie en ambassade aupr\u00e8s du Grand Khan un franciscain Jean de Plan Carpin.<\/li>\n<li>1251 Le roi St. Louis envoie \u00e0 son tour en ambassade un dominicain Andr\u00e9 de Longjumeau, puis en<\/li>\n<li>1253 Guillaume de Rubrouck, qui \u00e9tablissent des liens avec la Cour du Grand Khan.<\/li>\n<li>1280 Un moine nestorien Rabban Sauma avec un jeune compagnon Marc part pour l&rsquo;Occident . Ils saluent le Patriarche nestorien de S\u00e9leucie Ct\u00e9siphon, le catholicos MarDenha Celui-ci consacre Marc comme m\u00e9tropolite des chr\u00e9tiens de Chine sous le nom de Mar Jabalaha.<\/li>\n<li>1281 A la mort du patriarche, Mar Jabalaha est \u00e9lu patriarche de S\u00e9leucie. Rabban Sauma est envoy\u00e9 en Occident pour obtenir des alliances. Il est \u00e0 Constantinople en 1287 puis \u00e0 Naples et \u00e0 Rome o\u00f9 le pape est mort. Il va ensuite \u00e0 Paris voir le roi de France Philippe le Bel et \u00e0 Bordeaux le roi d&rsquo;Angleterre Edouard 1er, qui lui font de belles promesses. De retour \u00e0 Rome il est re\u00e7u par le pape Nicolas IV. Il \u00e9tablit des liens de communion avec le pape, il c\u00e9l\u00e8bre la messe devant le pape et re\u00e7oit ensuite la communion de la main du pape. Le pape envoie des cadeaux \u00e0 Mar Jabalaha, et un expos\u00e9 de la foi auquel celui-ci souscrit.<\/li>\n<li>1294 Rabban Sauma meurt \u00e0 Bagdad, \u00e0 son retour de Rome.<\/li>\n<li>1289 Le pape Nicolas IV envoie en Chine un franciscain Jean de Montcorvin. Celui-ci fait des conversions et b\u00e2tit des \u00e9glises.<\/li>\n<li>1307 Le pape envoie en renfort 7 franciscains qu&rsquo;il sacre \u00e9v\u00eaques et qu&rsquo;il charge de sacrer Jean de Montcorvin comme archev\u00eaque de P\u00e9kin. La chr\u00e9tient\u00e9 latine se d\u00e9veloppe. L&rsquo;homme d&rsquo;affaires italien Marco Polo en est le t\u00e9moin admiratif.<\/li>\n<li>1338 L&#8217;empereur envoie une d\u00e9l\u00e9gation au pape pour demander l&rsquo;envoi de Missionnaires. Beno\u00eet XII envoie 32 religieux et la\u00efcs qui arrivent \u00e0 P\u00e9kin en 1342. Ils sont re\u00e7us avec honneur.<\/li>\n<li>1368 Effondrement de la dynastie mongole et d\u00e9p\u00e9rissement des chr\u00e9tient\u00e9s.<\/li>\n<li>1452 Institution du Padroado par accord entre le St. Si\u00e8ge et le Portugal.<\/li>\n<li>1552 Mort de St. Fran\u00e7ois Xavier sur l&rsquo;\u00eelot de Sancian devant l&#8217;emplacement de la future Macao, sans pouvoir entrer en Chine<\/li>\n<li>1557 Fondation de Macao par les Portugais<\/li>\n<li>1582 Deux J\u00e9suites italiens Matteo Ricci et Michel Ruggieri arrivent \u00e0 Canton et y s\u00e9journent. Ils obtiennent du gouverneur de Canton l&rsquo;autorisation de s&rsquo;\u00e9tablir dans la r\u00e9gion. Ricci \u00e9tablit des relations d&rsquo;amiti\u00e9 avec des lettr\u00e9s. Il s&rsquo;habille en docteur confuc\u00e9en.<\/li>\n<li>1601 Ricci obtient l&rsquo;autorisation de s&rsquo;\u00e9tablir \u00e0 P\u00e9kin avec quelques confr\u00e8res.<\/li>\n<li>1610 Ricci meurt \u00e0 P\u00e9kin, mais les J\u00e9suites se sont rendus indispensables dans des r\u00f4les scientifiques \u00e0 la Cour. Ainsi Adam Schall j\u00e9suite allemand et Fernand Verbiest j\u00e9suite belge.<\/li>\n<li>1684 Arriv\u00e9e en Chine de Mgr. Pallu des Missions \u00e9trang\u00e8res de Paris<\/li>\n<li>1685 Arriv\u00e9e en Chine des Franciscains avec Della Chiesa<\/li>\n<li>1697 D\u00e9part des premiers Lazaristes pour la Chine. M. Appiani (+ en 1732) et M\u00fcllener (+1742) vicaire apostolique du Setchouen. Ils s&rsquo;\u00e9tablissent au Setchouen \u00e0 Tchongking.<\/li>\n<li>1703 D\u00e9part pour la Chine de M. Th\u00e9odoric Pedrini, lazariste, futur Musicien de l&rsquo;Empereur. Ces trois premiers sont envoy\u00e9s \u00e0 titre individuel par la Congr\u00e9gation de la Propagande<\/li>\n<li>1773 Suppression des J\u00e9suites par le Bref pontifical Dominus ac R\u00e9demptor.<\/li>\n<li>1775 Elle est notifi\u00e9e \u00e0 P\u00e9kin<\/li>\n<li>1783 D\u00e9signation par le Pape sur proposition du Roi de France, des Lazaristes pour remplacer les J\u00e9suites.<\/li>\n<li>1784 Arriv\u00e9e des trois premiers Lazaristes \u00e0 Canton : M.M. Raux, Ghislain et le fr\u00e8re Paris<\/li>\n<li>1788 Arriv\u00e9e de M.M. Hanna et Aubin lazaristes.<\/li>\n<li>1791 Arriv\u00e9e en fin d&rsquo;ann\u00e9e de M.M. Clet, Pesn\u00e9 et Lamiot<\/li>\n<li>1819 Arrestation du P. Clet<\/li>\n<li>1820 18 f\u00e9vrier : Ex\u00e9cution du P. Clet<\/li>\n<li>1835 Arriv\u00e9e de St. Jean-Gabriel Perboyre en Chine<\/li>\n<li>1839 Arrestation de Jean-Gabriel Perboyre, 16 septembre<\/li>\n<li>1840 15 juillet : Condamnation \u00e0 mort<\/li>\n<li>1840 11 septembre : Ex\u00e9cution de Jean-Gabriel Perboyre<\/li>\n<li>1840 Guerre de l&rsquo;opium<\/li>\n<li>1844-46 Voyage en Tartarie et au Tibet des P\u00e8res Huc et Gabet<\/li>\n<li>1869 D\u00e9couverte du Panda par le P. David, naturaliste et missionnaire<\/li>\n<li>1868 Mort de Mgr Mouly, Vicaire apostolique de P\u00e9kin<\/li>\n<li>1889 B\u00e9atification de Jean-Gabriel Perboyre<\/li>\n<li>1900 B\u00e9atification de Fran\u00e7ois-R\u00e9gis Clet<\/li>\n<li>1906-1940 action du P. Lebbe en Chine et en Europe pour un clerg\u00e9 chinois<\/li>\n<li>1926 Cons\u00e9cration \u00e0 Rome des six premiers \u00e9v\u00eaques chinois<\/li>\n<li>1949 Proclamation de la R\u00e9publique populaire de Chine<\/li>\n<li>1976 Mort de Mao<\/li>\n<li>1983-1986 Ouverture d&rsquo;un grand s\u00e9minaire national \u00e0 P\u00e9kin et de grands s\u00e9minaires r\u00e9gionaux<\/li>\n<\/ul>\n","protected":false},"excerpt":{"rendered":"<p>Annexe I : Les grandes dates de l&rsquo;histoire chr\u00e9tienne de la Chine 645 Introduction du bouddhisme en Chine par un p\u00e8lerin chinois de retour d&rsquo;un p\u00e8lerinage en Inde aux sources du bouddhisme. 627-549 R\u00e8gne de &#8230; <a href=\"http:\/\/vincentians.com\/fr\/francois-regis-clet-pretre-de-la-mission-martyr-en-chine-1748-1820-14\/\" class=\"more-link\">Read More<\/a><\/p>\n","protected":false},"author":4,"featured_media":107633,"comment_status":"open","ping_status":"open","sticky":false,"template":"","format":"standard","meta":{"jetpack_post_was_ever_published":false,"_jetpack_newsletter_access":"","_jetpack_dont_email_post_to_subs":false,"_jetpack_newsletter_tier_id":0,"_jetpack_memberships_contains_paywalled_content":false,"_jetpack_memberships_contains_paid_content":false,"footnotes":"","jetpack_publicize_message":"","jetpack_publicize_feature_enabled":true,"jetpack_social_post_already_shared":true,"jetpack_social_options":{"image_generator_settings":{"template":"highway","default_image_id":0,"font":"","enabled":false},"version":2}},"categories":[133],"tags":[],"class_list":["post-107653","post","type-post","status-publish","format-standard","has-post-thumbnail","hentry","category-francois-regis-clet"],"yoast_head":"<!-- This site is optimized with the Yoast SEO plugin v26.3 - https:\/\/yoast.com\/wordpress\/plugins\/seo\/ -->\n<title>Fran\u00e7ois-R\u00e9gis Clet : pr\u00eatre de la Mission, martyr en Chine, 1748-1820 (14) - Nous Sommes Vincentiens<\/title>\n<meta name=\"robots\" content=\"index, follow, max-snippet:-1, max-image-preview:large, max-video-preview:-1\" \/>\n<link rel=\"canonical\" href=\"http:\/\/vincentians.com\/fr\/francois-regis-clet-pretre-de-la-mission-martyr-en-chine-1748-1820-14\/\" \/>\n<meta property=\"og:locale\" content=\"fr_FR\" \/>\n<meta property=\"og:type\" content=\"article\" \/>\n<meta property=\"og:title\" content=\"Fran\u00e7ois-R\u00e9gis Clet : pr\u00eatre de la Mission, martyr en Chine, 1748-1820 (14) - Nous Sommes Vincentiens\" \/>\n<meta property=\"og:description\" content=\"Annexe I : Les grandes dates de l&rsquo;histoire chr\u00e9tienne de la Chine 645 Introduction du bouddhisme en Chine par un p\u00e8lerin chinois de retour d&rsquo;un p\u00e8lerinage en Inde aux sources du bouddhisme. 627-549 R\u00e8gne de ... Read More\" \/>\n<meta property=\"og:url\" content=\"http:\/\/vincentians.com\/fr\/francois-regis-clet-pretre-de-la-mission-martyr-en-chine-1748-1820-14\/\" \/>\n<meta property=\"og:site_name\" content=\"Nous Sommes Vincentiens\" \/>\n<meta property=\"article:publisher\" content=\"https:\/\/www.facebook.com\/WeAreVincentians\/\" \/>\n<meta property=\"article:author\" content=\"https:\/\/www.facebook.com\/JavierChento\" \/>\n<meta property=\"article:published_time\" content=\"2014-01-14T11:10:44+00:00\" \/>\n<meta name=\"author\" content=\"Francisco Javier Fern\u00e1ndez Chento\" \/>\n<meta name=\"twitter:card\" content=\"summary_large_image\" \/>\n<meta name=\"twitter:creator\" content=\"@https:\/\/twitter.com\/javierchento\" \/>\n<meta name=\"twitter:site\" content=\"@WeVincentians\" \/>\n<meta name=\"twitter:label1\" content=\"\u00c9crit par\" \/>\n\t<meta name=\"twitter:data1\" content=\"Francisco Javier Fern\u00e1ndez Chento\" \/>\n\t<meta name=\"twitter:label2\" content=\"Dur\u00e9e de lecture estim\u00e9e\" \/>\n\t<meta name=\"twitter:data2\" content=\"4 minutes\" \/>\n<script type=\"application\/ld+json\" class=\"yoast-schema-graph\">{\"@context\":\"https:\/\/schema.org\",\"@graph\":[{\"@type\":\"WebPage\",\"@id\":\"http:\/\/vincentians.com\/fr\/francois-regis-clet-pretre-de-la-mission-martyr-en-chine-1748-1820-14\/\",\"url\":\"http:\/\/vincentians.com\/fr\/francois-regis-clet-pretre-de-la-mission-martyr-en-chine-1748-1820-14\/\",\"name\":\"Fran\u00e7ois-R\u00e9gis Clet : pr\u00eatre de la Mission, martyr en Chine, 1748-1820 (14) - Nous Sommes Vincentiens\",\"isPartOf\":{\"@id\":\"https:\/\/vincentians.com\/fr\/#website\"},\"primaryImageOfPage\":{\"@id\":\"http:\/\/vincentians.com\/fr\/francois-regis-clet-pretre-de-la-mission-martyr-en-chine-1748-1820-14\/#primaryimage\"},\"image\":{\"@id\":\"http:\/\/vincentians.com\/fr\/francois-regis-clet-pretre-de-la-mission-martyr-en-chine-1748-1820-14\/#primaryimage\"},\"thumbnailUrl\":\"\",\"datePublished\":\"2014-01-14T11:10:44+00:00\",\"author\":{\"@id\":\"https:\/\/vincentians.com\/fr\/#\/schema\/person\/9623ef4d9aa3b2dfb8c061f1499288f2\"},\"breadcrumb\":{\"@id\":\"http:\/\/vincentians.com\/fr\/francois-regis-clet-pretre-de-la-mission-martyr-en-chine-1748-1820-14\/#breadcrumb\"},\"inLanguage\":\"fr-FR\",\"potentialAction\":[{\"@type\":\"ReadAction\",\"target\":[\"http:\/\/vincentians.com\/fr\/francois-regis-clet-pretre-de-la-mission-martyr-en-chine-1748-1820-14\/\"]}]},{\"@type\":\"ImageObject\",\"inLanguage\":\"fr-FR\",\"@id\":\"http:\/\/vincentians.com\/fr\/francois-regis-clet-pretre-de-la-mission-martyr-en-chine-1748-1820-14\/#primaryimage\",\"url\":\"\",\"contentUrl\":\"\"},{\"@type\":\"BreadcrumbList\",\"@id\":\"http:\/\/vincentians.com\/fr\/francois-regis-clet-pretre-de-la-mission-martyr-en-chine-1748-1820-14\/#breadcrumb\",\"itemListElement\":[{\"@type\":\"ListItem\",\"position\":1,\"name\":\"Portada\",\"item\":\"https:\/\/vincentians.com\/fr\/\"},{\"@type\":\"ListItem\",\"position\":2,\"name\":\"Fran\u00e7ois-R\u00e9gis Clet : pr\u00eatre de la Mission, martyr en Chine, 1748-1820 (14)\"}]},{\"@type\":\"WebSite\",\"@id\":\"https:\/\/vincentians.com\/fr\/#website\",\"url\":\"https:\/\/vincentians.com\/fr\/\",\"name\":\"Nous Sommes Vincentiens\",\"description\":\"Know more to serve more\",\"potentialAction\":[{\"@type\":\"SearchAction\",\"target\":{\"@type\":\"EntryPoint\",\"urlTemplate\":\"https:\/\/vincentians.com\/fr\/?s={search_term_string}\"},\"query-input\":{\"@type\":\"PropertyValueSpecification\",\"valueRequired\":true,\"valueName\":\"search_term_string\"}}],\"inLanguage\":\"fr-FR\"},{\"@type\":\"Person\",\"@id\":\"https:\/\/vincentians.com\/fr\/#\/schema\/person\/9623ef4d9aa3b2dfb8c061f1499288f2\",\"name\":\"Francisco Javier Fern\u00e1ndez Chento\",\"image\":{\"@type\":\"ImageObject\",\"inLanguage\":\"fr-FR\",\"@id\":\"https:\/\/vincentians.com\/fr\/#\/schema\/person\/image\/\",\"url\":\"https:\/\/secure.gravatar.com\/avatar\/497d5cde87b4c3d097d0315953521681ba2cd523ee66e5077c3711f7021e65de?s=96&d=mm&r=g\",\"contentUrl\":\"https:\/\/secure.gravatar.com\/avatar\/497d5cde87b4c3d097d0315953521681ba2cd523ee66e5077c3711f7021e65de?s=96&d=mm&r=g\",\"caption\":\"Francisco Javier Fern\u00e1ndez Chento\"},\"description\":\"Director General y cofundador de La Red de Formaci\u00f3n Vicenciana. Javier es laico vicenciano, afiliado a la Congregaci\u00f3n de la Misi\u00f3n y miembro del Equipo de Misiones Populares de la provincia can\u00f3nica de Zaragoza (Espa\u00f1a) de la Congregaci\u00f3n de la Misi\u00f3n. Graduado en la Universidad Oberta de Catalunya con cuatro grados (Asistente de direcci\u00f3n, Gesti\u00f3n Administrativa, Recursos Humanos y Contabilidad Avanzada). Bil\u00edng\u00fce Espa\u00f1ol\/Ingl\u00e9s. gestiona y mantiene varias p\u00e1ginas web cristianas y vicencianas, incluida including La Red de Formaci\u00f3n Vicenciana, de la que es cofundador. Actualmente es responsable del \u00e1rea de Espa\u00f1ol de .famvin, la Red de Noticias de la Familia Vicenciana. Tambi\u00e9n es m\u00fasico cat\u00f3lico y ha editado varios discos. Es Director General y cofundador de Trovador, una reconocida compa\u00f1\u00eda discogr\u00e1fica critiana de Espa\u00f1a. Trabaja en las Tecnolog\u00edas de la Informaci\u00f3n, ofreciendo servicios de alojamiento, dise\u00f1o y mantenimiento Web, as\u00ed como asesoramiento, formaci\u00f3n y soluciones inform\u00e1ticas, gesti\u00f3n documental y digitalizaci\u00f3n de textos, edici\u00f3n y maquetaci\u00f3n de libros, revistas, flyers, etc.\",\"sameAs\":[\"http:\/\/chento.org\",\"https:\/\/www.facebook.com\/JavierChento\",\"https:\/\/x.com\/https:\/\/twitter.com\/javierchento\"],\"url\":\"http:\/\/vincentians.com\/fr\/author\/chento\/\"}]}<\/script>\n<!-- \/ Yoast SEO plugin. -->","yoast_head_json":{"title":"Fran\u00e7ois-R\u00e9gis Clet : pr\u00eatre de la Mission, martyr en Chine, 1748-1820 (14) - Nous Sommes Vincentiens","robots":{"index":"index","follow":"follow","max-snippet":"max-snippet:-1","max-image-preview":"max-image-preview:large","max-video-preview":"max-video-preview:-1"},"canonical":"http:\/\/vincentians.com\/fr\/francois-regis-clet-pretre-de-la-mission-martyr-en-chine-1748-1820-14\/","og_locale":"fr_FR","og_type":"article","og_title":"Fran\u00e7ois-R\u00e9gis Clet : pr\u00eatre de la Mission, martyr en Chine, 1748-1820 (14) - Nous Sommes Vincentiens","og_description":"Annexe I : Les grandes dates de l&rsquo;histoire chr\u00e9tienne de la Chine 645 Introduction du bouddhisme en Chine par un p\u00e8lerin chinois de retour d&rsquo;un p\u00e8lerinage en Inde aux sources du bouddhisme. 627-549 R\u00e8gne de ... Read More","og_url":"http:\/\/vincentians.com\/fr\/francois-regis-clet-pretre-de-la-mission-martyr-en-chine-1748-1820-14\/","og_site_name":"Nous Sommes Vincentiens","article_publisher":"https:\/\/www.facebook.com\/WeAreVincentians\/","article_author":"https:\/\/www.facebook.com\/JavierChento","article_published_time":"2014-01-14T11:10:44+00:00","author":"Francisco Javier Fern\u00e1ndez Chento","twitter_card":"summary_large_image","twitter_creator":"@https:\/\/twitter.com\/javierchento","twitter_site":"@WeVincentians","twitter_misc":{"\u00c9crit par":"Francisco Javier Fern\u00e1ndez Chento","Dur\u00e9e de lecture estim\u00e9e":"4 minutes"},"schema":{"@context":"https:\/\/schema.org","@graph":[{"@type":"WebPage","@id":"http:\/\/vincentians.com\/fr\/francois-regis-clet-pretre-de-la-mission-martyr-en-chine-1748-1820-14\/","url":"http:\/\/vincentians.com\/fr\/francois-regis-clet-pretre-de-la-mission-martyr-en-chine-1748-1820-14\/","name":"Fran\u00e7ois-R\u00e9gis Clet : pr\u00eatre de la Mission, martyr en Chine, 1748-1820 (14) - Nous Sommes Vincentiens","isPartOf":{"@id":"https:\/\/vincentians.com\/fr\/#website"},"primaryImageOfPage":{"@id":"http:\/\/vincentians.com\/fr\/francois-regis-clet-pretre-de-la-mission-martyr-en-chine-1748-1820-14\/#primaryimage"},"image":{"@id":"http:\/\/vincentians.com\/fr\/francois-regis-clet-pretre-de-la-mission-martyr-en-chine-1748-1820-14\/#primaryimage"},"thumbnailUrl":"","datePublished":"2014-01-14T11:10:44+00:00","author":{"@id":"https:\/\/vincentians.com\/fr\/#\/schema\/person\/9623ef4d9aa3b2dfb8c061f1499288f2"},"breadcrumb":{"@id":"http:\/\/vincentians.com\/fr\/francois-regis-clet-pretre-de-la-mission-martyr-en-chine-1748-1820-14\/#breadcrumb"},"inLanguage":"fr-FR","potentialAction":[{"@type":"ReadAction","target":["http:\/\/vincentians.com\/fr\/francois-regis-clet-pretre-de-la-mission-martyr-en-chine-1748-1820-14\/"]}]},{"@type":"ImageObject","inLanguage":"fr-FR","@id":"http:\/\/vincentians.com\/fr\/francois-regis-clet-pretre-de-la-mission-martyr-en-chine-1748-1820-14\/#primaryimage","url":"","contentUrl":""},{"@type":"BreadcrumbList","@id":"http:\/\/vincentians.com\/fr\/francois-regis-clet-pretre-de-la-mission-martyr-en-chine-1748-1820-14\/#breadcrumb","itemListElement":[{"@type":"ListItem","position":1,"name":"Portada","item":"https:\/\/vincentians.com\/fr\/"},{"@type":"ListItem","position":2,"name":"Fran\u00e7ois-R\u00e9gis Clet : pr\u00eatre de la Mission, martyr en Chine, 1748-1820 (14)"}]},{"@type":"WebSite","@id":"https:\/\/vincentians.com\/fr\/#website","url":"https:\/\/vincentians.com\/fr\/","name":"Nous Sommes Vincentiens","description":"Know more to serve more","potentialAction":[{"@type":"SearchAction","target":{"@type":"EntryPoint","urlTemplate":"https:\/\/vincentians.com\/fr\/?s={search_term_string}"},"query-input":{"@type":"PropertyValueSpecification","valueRequired":true,"valueName":"search_term_string"}}],"inLanguage":"fr-FR"},{"@type":"Person","@id":"https:\/\/vincentians.com\/fr\/#\/schema\/person\/9623ef4d9aa3b2dfb8c061f1499288f2","name":"Francisco Javier Fern\u00e1ndez Chento","image":{"@type":"ImageObject","inLanguage":"fr-FR","@id":"https:\/\/vincentians.com\/fr\/#\/schema\/person\/image\/","url":"https:\/\/secure.gravatar.com\/avatar\/497d5cde87b4c3d097d0315953521681ba2cd523ee66e5077c3711f7021e65de?s=96&d=mm&r=g","contentUrl":"https:\/\/secure.gravatar.com\/avatar\/497d5cde87b4c3d097d0315953521681ba2cd523ee66e5077c3711f7021e65de?s=96&d=mm&r=g","caption":"Francisco Javier Fern\u00e1ndez Chento"},"description":"Director General y cofundador de La Red de Formaci\u00f3n Vicenciana. Javier es laico vicenciano, afiliado a la Congregaci\u00f3n de la Misi\u00f3n y miembro del Equipo de Misiones Populares de la provincia can\u00f3nica de Zaragoza (Espa\u00f1a) de la Congregaci\u00f3n de la Misi\u00f3n. Graduado en la Universidad Oberta de Catalunya con cuatro grados (Asistente de direcci\u00f3n, Gesti\u00f3n Administrativa, Recursos Humanos y Contabilidad Avanzada). Bil\u00edng\u00fce Espa\u00f1ol\/Ingl\u00e9s. gestiona y mantiene varias p\u00e1ginas web cristianas y vicencianas, incluida including La Red de Formaci\u00f3n Vicenciana, de la que es cofundador. Actualmente es responsable del \u00e1rea de Espa\u00f1ol de .famvin, la Red de Noticias de la Familia Vicenciana. Tambi\u00e9n es m\u00fasico cat\u00f3lico y ha editado varios discos. Es Director General y cofundador de Trovador, una reconocida compa\u00f1\u00eda discogr\u00e1fica critiana de Espa\u00f1a. Trabaja en las Tecnolog\u00edas de la Informaci\u00f3n, ofreciendo servicios de alojamiento, dise\u00f1o y mantenimiento Web, as\u00ed como asesoramiento, formaci\u00f3n y soluciones inform\u00e1ticas, gesti\u00f3n documental y digitalizaci\u00f3n de textos, edici\u00f3n y maquetaci\u00f3n de libros, revistas, flyers, etc.","sameAs":["http:\/\/chento.org","https:\/\/www.facebook.com\/JavierChento","https:\/\/x.com\/https:\/\/twitter.com\/javierchento"],"url":"http:\/\/vincentians.com\/fr\/author\/chento\/"}]}},"jetpack_publicize_connections":[],"jetpack_featured_media_url":"","jetpack_sharing_enabled":true,"jetpack_shortlink":"https:\/\/wp.me\/p7ETMP-s0l","jetpack-related-posts":[{"id":107672,"url":"http:\/\/vincentians.com\/fr\/francois-regis-clet-pretre-de-la-mission-martyr-en-chine-1748-1820-19\/","url_meta":{"origin":107653,"position":0},"title":"Fran\u00e7ois-R\u00e9gis Clet : pr\u00eatre de la Mission, martyr en Chine, 1748-1820 (19)","author":"Francisco Javier Fern\u00e1ndez Chento","date":"19\/01\/2014","format":false,"excerpt":"Annexe VI : Le r\u00e9gime p\u00e9nitentiaire chinois propos\u00e9 en exemple Le P. Clet envoie \u00e0 son correspondant \u00e0 Paris, son confr\u00e8re M. Richenet, une description d\u00e9taill\u00e9e des prisons de Chine, souhaitant qu'avec l'agr\u00e9ment du Sup\u00e9rieur g\u00e9n\u00e9ral, elle soit publi\u00e9e et transmise aux pouvoirs publics de la France, mais ne veut\u2026","rel":"","context":"Dans &quot;Fran\u00e7ois-R\u00e9gis Clet&quot;","block_context":{"text":"Fran\u00e7ois-R\u00e9gis Clet","link":"http:\/\/vincentians.com\/fr\/category\/francois-regis-clet\/"},"img":{"alt_text":"","src":"","width":0,"height":0},"classes":[]},{"id":107639,"url":"http:\/\/vincentians.com\/fr\/francois-regis-clet-pretre-de-la-mission-martyr-en-chine-1748-1820-05\/","url_meta":{"origin":107653,"position":1},"title":"Fran\u00e7ois-R\u00e9gis Clet : pr\u00eatre de la Mission, martyr en Chine, 1748-1820 (05)","author":"Francisco Javier Fern\u00e1ndez Chento","date":"05\/01\/2014","format":false,"excerpt":"IV - Les debuts en Chine Le s\u00e9jour \u00e0 Macao Les Portugais avaient \u00e9t\u00e9 autoris\u00e9s \u00e0 s'\u00e9tablir sur la presqu'\u00eele rocheuse de Macao , apr\u00e8s qu'une de leurs escadres eut d\u00e9barrass\u00e9 en 1557 la c\u00f4te chinoise des pirates qui l'infestaient. C'est par Macao que les missionnaires passaient pour entrer en\u2026","rel":"","context":"Dans &quot;Fran\u00e7ois-R\u00e9gis Clet&quot;","block_context":{"text":"Fran\u00e7ois-R\u00e9gis Clet","link":"http:\/\/vincentians.com\/fr\/category\/francois-regis-clet\/"},"img":{"alt_text":"Vie du Bienheureux Fran\u00e7ois-R\u00e9gis Clet : pr\u00eatre de la Congr\u00e9","src":"https:\/\/i0.wp.com\/vincentiens.org\/wp-content\/uploads\/2014\/01\/regis_clet-210x300.jpg?resize=350%2C200","width":350,"height":200},"classes":[]},{"id":107652,"url":"http:\/\/vincentians.com\/fr\/francois-regis-clet-pretre-de-la-mission-martyr-en-chine-1748-1820-15\/","url_meta":{"origin":107653,"position":2},"title":"Fran\u00e7ois-R\u00e9gis Clet : pr\u00eatre de la Mission, martyr en Chine, 1748-1820 (15)","author":"Francisco Javier Fern\u00e1ndez Chento","date":"15\/01\/2014","format":false,"excerpt":"Annexe II : Les principales dates de la vie du P. Fran\u00e7ois-R\u00e9gis Clet 1748 19 ao\u00fbt Naissance de Fran\u00e7ois R\u00e9gis \u00e0 Grenoble au n\u00b0 14 de la rue Porte-Traine 1748 23 ao\u00fbt Bapt\u00eame \u00e0 l'\u00e9glise St. Louis 1769 6 mars Entr\u00e9e dans la Congr\u00e9gation de la Mission \u00e0 Lyon 1771\u2026","rel":"","context":"Dans &quot;Fran\u00e7ois-R\u00e9gis Clet&quot;","block_context":{"text":"Fran\u00e7ois-R\u00e9gis Clet","link":"http:\/\/vincentians.com\/fr\/category\/francois-regis-clet\/"},"img":{"alt_text":"","src":"","width":0,"height":0},"classes":[]},{"id":107654,"url":"http:\/\/vincentians.com\/fr\/francois-regis-clet-pretre-de-la-mission-martyr-en-chine-1748-1820-13\/","url_meta":{"origin":107653,"position":3},"title":"Fran\u00e7ois-R\u00e9gis Clet : pr\u00eatre de la Mission, martyr en Chine, 1748-1820 (13)","author":"Francisco Javier Fern\u00e1ndez Chento","date":"13\/01\/2014","format":false,"excerpt":"XII - La V\u00e9n\u00e9ration \u00e0 l'\u00e9gard du martyr Le P. Clet \u00e9tait entour\u00e9 d'une telle r\u00e9putation de saintet\u00e9 que sa tombe devint l'objet d'un v\u00e9ritable p\u00e8lerinage. Les chr\u00e9tiens et les pa\u00efens allaient, avec une totale confiance, demander au saint martyr la d\u00e9livrance de leurs maux. Ils allaient jusqu'\u00e0 arracher les\u2026","rel":"","context":"Dans &quot;Fran\u00e7ois-R\u00e9gis Clet&quot;","block_context":{"text":"Fran\u00e7ois-R\u00e9gis Clet","link":"http:\/\/vincentians.com\/fr\/category\/francois-regis-clet\/"},"img":{"alt_text":"Vie du Bienheureux Fran\u00e7ois-R\u00e9gis Clet : pr\u00eatre de la Congr\u00e9","src":"https:\/\/i0.wp.com\/vincentiens.org\/wp-content\/uploads\/2014\/01\/regis_clet-210x300.jpg?resize=350%2C200","width":350,"height":200},"classes":[]},{"id":107640,"url":"http:\/\/vincentians.com\/fr\/francois-regis-clet-pretre-de-la-mission-martyr-en-chine-1748-1820-06\/","url_meta":{"origin":107653,"position":4},"title":"Fran\u00e7ois-R\u00e9gis Clet : pr\u00eatre de la Mission, martyr en Chine, 1748-1820 (06)","author":"Francisco Javier Fern\u00e1ndez Chento","date":"06\/01\/2014","format":false,"excerpt":"V - La Mission au Hou-Kouang La vie de la Mission Transfert au Houkouang Au bout d'un an de travail apostolique au Kiang-si, M. Raux, le sup\u00e9rieur des Lazaristes en Chine, demande \u00e0 M. Clet d'aller dans la province voisine, le Hou-kouang, o\u00f9 se trouvent M.M. Aubin et Pesn\u00e9 dont\u2026","rel":"","context":"Dans &quot;Fran\u00e7ois-R\u00e9gis Clet&quot;","block_context":{"text":"Fran\u00e7ois-R\u00e9gis Clet","link":"http:\/\/vincentians.com\/fr\/category\/francois-regis-clet\/"},"img":{"alt_text":"Vie du Bienheureux Fran\u00e7ois-R\u00e9gis Clet : pr\u00eatre de la Congr\u00e9","src":"https:\/\/i0.wp.com\/vincentiens.org\/wp-content\/uploads\/2014\/01\/regis_clet-210x300.jpg?resize=350%2C200","width":350,"height":200},"classes":[]},{"id":107671,"url":"http:\/\/vincentians.com\/fr\/francois-regis-clet-pretre-de-la-mission-martyr-en-chine-1748-1820-18\/","url_meta":{"origin":107653,"position":5},"title":"Fran\u00e7ois-R\u00e9gis Clet : pr\u00eatre de la Mission, martyr en Chine, 1748-1820 (18)","author":"Francisco Javier Fern\u00e1ndez Chento","date":"18\/01\/2014","format":false,"excerpt":"Annexe V : Sur les Rites chinois Dans le livre Histoire de la Mission de P\u00e9kin, tome I, p.75-76 et 157-158, le P. Thomas, parlant du P. Matteo Ricci \u00e9crit : \" Ricci fut vraiment un homme apostolique. Vingt fois contrari\u00e9 dans son hardi projet de s'\u00e9tablir dans la capitale\u2026","rel":"","context":"Dans &quot;Fran\u00e7ois-R\u00e9gis Clet&quot;","block_context":{"text":"Fran\u00e7ois-R\u00e9gis Clet","link":"http:\/\/vincentians.com\/fr\/category\/francois-regis-clet\/"},"img":{"alt_text":"","src":"","width":0,"height":0},"classes":[]}],"_links":{"self":[{"href":"http:\/\/vincentians.com\/fr\/wp-json\/wp\/v2\/posts\/107653","targetHints":{"allow":["GET"]}}],"collection":[{"href":"http:\/\/vincentians.com\/fr\/wp-json\/wp\/v2\/posts"}],"about":[{"href":"http:\/\/vincentians.com\/fr\/wp-json\/wp\/v2\/types\/post"}],"author":[{"embeddable":true,"href":"http:\/\/vincentians.com\/fr\/wp-json\/wp\/v2\/users\/4"}],"replies":[{"embeddable":true,"href":"http:\/\/vincentians.com\/fr\/wp-json\/wp\/v2\/comments?post=107653"}],"version-history":[{"count":0,"href":"http:\/\/vincentians.com\/fr\/wp-json\/wp\/v2\/posts\/107653\/revisions"}],"wp:featuredmedia":[{"embeddable":true,"href":"http:\/\/vincentians.com\/fr\/wp-json\/"}],"wp:attachment":[{"href":"http:\/\/vincentians.com\/fr\/wp-json\/wp\/v2\/media?parent=107653"}],"wp:term":[{"taxonomy":"category","embeddable":true,"href":"http:\/\/vincentians.com\/fr\/wp-json\/wp\/v2\/categories?post=107653"},{"taxonomy":"post_tag","embeddable":true,"href":"http:\/\/vincentians.com\/fr\/wp-json\/wp\/v2\/tags?post=107653"}],"curies":[{"name":"wp","href":"https:\/\/api.w.org\/{rel}","templated":true}]}}