{"id":107650,"date":"2014-01-17T12:10:44","date_gmt":"2014-01-17T11:10:44","guid":{"rendered":"http:\/\/vincentiens.org\/?p=107650"},"modified":"2014-01-17T12:10:44","modified_gmt":"2014-01-17T11:10:44","slug":"francois-regis-clet-pretre-de-la-mission-martyr-en-chine-1748-1820-17","status":"publish","type":"post","link":"http:\/\/vincentians.com\/fr\/francois-regis-clet-pretre-de-la-mission-martyr-en-chine-1748-1820-17\/","title":{"rendered":"Fran\u00e7ois-R\u00e9gis Clet : pr\u00eatre de la Mission, martyr en Chine, 1748-1820 (17)"},"content":{"rendered":"<h2>Annexe IV : Le Sac de St. Lazare du 13 juillet 1789<\/h2>\n<p>Dans un long rapport envoy\u00e9 \u00e0 un gentilhomme retir\u00e9 \u00e0 la campagne, le Comte de T., M. Lamourette, pr\u00eatre de la Mission, rappelle ce qu&rsquo;est la maison de St. Lazare et quel est son r\u00f4le \u00e0 Paris et dans l&rsquo;Eglise de France. Il d\u00e9crit ensuite, en t\u00e9moin oculaire, ce qui s&rsquo;y est pass\u00e9. Il le fait dans les termes grandiloquents de la phras\u00e9ologie de cette \u00e9poque.<\/p>\n<p>\u00a0\u00bb Dans l&rsquo;apr\u00e8s-midi de ce dimanche 12 juillet dernier, \u00e9poque terrible et m\u00e9morable de la plus t\u00e9n\u00e9breuse man\u0153uvre que l&rsquo;esprit de trouble et de discorde ait jamais con\u00e7us&#8230; il se formait une horde de vils malheureux qui ne voient l&rsquo;espoir d&rsquo;une meilleure destin\u00e9e que dans le sang et le pillage, et dont la basse grossi\u00e8ret\u00e9 tend toujours \u00e0 se consoler de son n\u00e9ant par l&rsquo;audace et \u00e0 distraire de sa honte et de ses crimes en s&rsquo;agitant sur des d\u00e9bris.<\/p>\n<p>Tels furent les ex\u00e9crables supp\u00f4ts dont l&rsquo;enfer se servit pour porter la d\u00e9solation et l&rsquo;horreur dans l&rsquo;asile de la vertu et de la paix&#8230;.<\/p>\n<p>Tout \u00e0 coup ces brigands furieux s&rsquo;arment de poignards, de fusils, de haches, de b\u00e2tons, se transportent tumultuairement devant la principale porte de la maison de St. Lazare. Voil\u00e0 que les longues et silencieuse vo\u00fbtes de cette grande enceinte retentissent d&rsquo;une mani\u00e8re horrible des coups dont on \u00e9branle ce portique sacr\u00e9 et des clameurs dont la rage accompagne cette infernale man\u0153uvre.<\/p>\n<p>Voil\u00e0 ces forts et antiques linteaux abattus et mis en pi\u00e8ces, et le sanctuaire de la vertu livr\u00e9 \u00e0 la d\u00e9flagration des sc\u00e9l\u00e9rats.<\/p>\n<p>Ils s&rsquo;\u00e9lanc\u00e8rent d&rsquo;abord vers la maison de renfermerie. Apr\u00e8s avoir fracass\u00e9 les barri\u00e8res de fer qui r\u00e9sistaient \u00e0 leur passage, ils chass\u00e8rent devant eux environ vingt prisonniers dans l&rsquo;\u00e9tat de d\u00e9mence, et quatre ou cinq autres, enfants de familles respectables, d\u00e9tenus pour inconduite par l&rsquo;autorit\u00e9 publique, et \u00e0 la sollicitation de leurs proches. Les uns et les autres se dispers\u00e8rent au milieu de la confusion qui r\u00e9gnait dans la capitale, sans qu&rsquo;on ait pu savoir ce que sont devenus ces infortun\u00e9s.<\/p>\n<p>Ce premier attentat consomm\u00e9, la troupe hideuse revint au b\u00e2timent de la communaut\u00e9, se fit conduire au r\u00e9fectoire, ordonna qu&rsquo;on lui servit \u00e0 manger et \u00e0 boire, et, qu&rsquo;on se pr\u00e9par\u00e2t \u00e0 lui livrer l&rsquo;argent de la maison. On concevait quelque espoir de tranquillit\u00e9, en voyant que ces hommes pressaient si peu les moments, qu&rsquo;ils se rassasiaient assez \u00e0 loisir de ce qui leur \u00e9tait pr\u00e9sent\u00e9, et qu&rsquo;ils acceptaient l&rsquo;argent qu&rsquo;on leur distribuait.<\/p>\n<p>Mais toutes les avenues \u00e9tant rest\u00e9es ouvertes, une populace innombrable vint grossir ce troupeau destructeur et m\u00e9chant, et le brigandage ne connut plus de bornes. On a m\u00eame \u00e9t\u00e9 fond\u00e9 \u00e0 croire que cette seconde irruption avait \u00e9t\u00e9 combin\u00e9e. On y entrevit une sorte de commandement et de pr\u00e9sidence. On a aper\u00e7u des ordonnateurs et des chefs. Une tresse noire les distinguait \u00e0 la t\u00eate des bandits. Il importe de remarquer cette circonstance, M. le Comte, ainsi que celle o\u00f9 commen\u00e7a le pillage des bl\u00e9s et des farines. On n&rsquo;y songea qu&rsquo;\u00e0 dix heures du matin, le lundi 13 ; et la maison \u00e9tait \u00e0 la discr\u00e9tion de ses destructeurs depuis environ deux heures et demie apr\u00e8s minuit.<\/p>\n<p>Aussit\u00f4t apr\u00e8s l&rsquo;arriv\u00e9e de ce renfort de m\u00e9chancet\u00e9, on entendit de toutes parts le fracas d&rsquo;une destruction g\u00e9n\u00e9rale. Vitres, crois\u00e9es, portes, armoires, tables, chaises, lits, manteaux de chemin\u00e9e, on voyait tout se r\u00e9soudre en \u00e9clats sous le fer implacable de ces forcen\u00e9s. En m\u00eame temps un flux et reflux de voleurs de tout \u00e2ge et de tout sexe d\u00e9garnissait toutes les chambres, et exportait avec une incroyable avidit\u00e9 tous les meubles et effets qui s&rsquo;offraient \u00e0 leur vue, p\u00e9n\u00e9trait partout, pillait tout, jusqu&rsquo;aux objets de la derni\u00e8re valeur. Pas la moindre parcelle d&rsquo;habillement, de linge de corps, de lit et de table, pas un seul des ustensiles de cuisine et des autres offices domestiques, n&rsquo;a \u00e9chapp\u00e9 \u00e0 l&rsquo;insatiable rapacit\u00e9 de cet essaim f\u00e9roce.<\/p>\n<p>C&rsquo;\u00e9tait peu pour ces pervers de s&rsquo;approprier ce qui \u00e9tait portatif ; il fallait que leur rage de nuire s&rsquo;exer\u00e7\u00e2t sur le reste, et que cette demeure devint inhabitable. Ils ont arrach\u00e9, bris\u00e9, mis en lambeaux, dispers\u00e9 dans les cours, les bois de lit, les tables, les chaises, mis hors de service toutes les paillasses et tous les matelas, d\u00e9grad\u00e9 tous les lambris, \u00e9corn\u00e9 jusqu&rsquo;aux angles et cordons des murs. De plus de mille portes qui fermaient les cellules des dortoirs, de plus de quinze cents fen\u00eatres qui en \u00e9clairaient l&rsquo;int\u00e9rieur, rien n&rsquo;est rest\u00e9 entier ; tout a subi les derniers traitements de la fureur.<\/p>\n<p>Le r\u00e9fectoire, ce vaisseau immense et superbe, si connu dans Paris pour l&rsquo;ordonnance de son enceinte, et surtout pour la beaut\u00e9 des peintures qui en d\u00e9coraient les murs, n&rsquo;offrit plus \u00e0 l&rsquo;instant, \u00e0 l&rsquo;\u0153il du spectateur que des tables renvers\u00e9es, des vases bris\u00e9s, des bancs en \u00e9clat, des tableaux en lambeaux et toute la nudit\u00e9 d&rsquo;un lieu o\u00f9 le fer et la guerre ont d\u00e9ploy\u00e9 toutes leurs horreurs.<\/p>\n<p>M\u00eames d\u00e9vastations dans les salles destin\u00e9es aux exercices de la communaut\u00e9 et aux retraites des \u00e9trangers. Il en existait une remarquable et tr\u00e8s connue de la capitale, pour la collection qu&rsquo;elle renfermait de cent soixante portraits de Papes, de Cardinaux, et autres personnages illustres, dont la m\u00e9moire est pr\u00e9cieuse \u00e0 la congr\u00e9gation de la Mission. Toute cette collection pr\u00e9cieuse a \u00e9t\u00e9 la proie des haches et des lances, et chang\u00e9e en un monceau de toiles lac\u00e9r\u00e9es, froiss\u00e9es, et salies sous les pieds de ces furies d\u00e9cha\u00een\u00e9es.<\/p>\n<p>La grande biblioth\u00e8que de la Communaut\u00e9, compos\u00e9e de pr\u00e8s de cinquante mille volumes, la biblioth\u00e8que particuli\u00e8re des Clercs \u00e9tudiants, celles des Sup\u00e9rieurs et des Professeurs, les deux biblioth\u00e8ques affect\u00e9es aux deux pensions \u00e9tablies dans cette maison, ont \u00e9t\u00e9, avec leurs trumeaux et leurs treillages, boulevers\u00e9es, d\u00e9chir\u00e9es, foul\u00e9es aux pieds, jet\u00e9es par les fen\u00eatres, mutil\u00e9es et dispers\u00e9es dans les jardins et dans les cours, r\u00e9duites enfin \u00e0 un \u00e9tat de d\u00e9gradation qui ne laisse pas m\u00eame l&rsquo;espoir d&rsquo;extraire de tant de ruines le plus modique assortiment.<\/p>\n<p>On a d\u00e9truit jusqu&rsquo;aux derni\u00e8res traces d&rsquo;un cabinet de physique que la maison avait organis\u00e9 du produit de ses \u00e9pargnes graduelles, pour l&rsquo;institution scolastique de ses \u00e9l\u00e8ves, et qui servait surtout \u00e0 ceux qu&rsquo;on pr\u00e9pare pour les missions de la Chine, o\u00f9 ils ne sont re\u00e7us qu&rsquo;\u00e0 la faveur de l&rsquo;appareil de g\u00e9om\u00e9trie, de dioptrique et d&rsquo;astronomie, dont il faut qu&rsquo;ils s&rsquo;environnent en abordant ces contr\u00e9es idol\u00e2tres.<\/p>\n<p>La salle de l&rsquo;apothicairerie, qui renfermait un fonds tr\u00e8s riche et des parties tr\u00e8s pr\u00e9cieuses, n&rsquo;est plus visible que dans les ruines qui l&rsquo;enveloppent. Tous les ateliers domestiques ont \u00e9t\u00e9 sap\u00e9es et d\u00e9pouill\u00e9s ; et toute cette maison ne pr\u00e9sente plus \u00e0 l&rsquo;\u0153il de ceux qui la visitent, que des murs et des d\u00e9combres.<\/p>\n<p>H\u00e9las ! mon cher Comte, je suis all\u00e9 moi-m\u00eame arroser de mes larmes tous ces d\u00e9plorables d\u00e9bris. Mais parmi tous ces affreux troph\u00e9es du brigandage et de la d\u00e9solation, il en est un dont toute mon \u00e2me se sentit suffoqu\u00e9e : c&rsquo;est le ravage sacril\u00e8ge port\u00e9 dans la chambre de Saint Vincent de Paul, dans ce temple d\u00e9positaire de tous les monuments sacr\u00e9s et ch\u00e9ris de sa pauvret\u00e9 et de son aust\u00e9rit\u00e9&#8230; \u00c2mes farouches et impitoyables ! comment n&rsquo;avez-vous pas \u00e9t\u00e9 saisies d&rsquo;une terreur religieuse, au moment o\u00f9 vos yeux impurs se sont arr\u00eat\u00e9s sur cet asile, o\u00f9 tout est plein de Dieu ? Qu&rsquo;y-a-t-il de commun entre la d\u00e9pouille d&rsquo;un saint, d&rsquo;un pauvre, et vos vues de d\u00e9pr\u00e9dation et de rapine ?&#8230; Une natte de chaume, sur laquelle il est mort, un mis\u00e9rable chandelier rong\u00e9 par la rouille, portant le reste de suif qui \u00e9claira son dernier soupir, une seule chaise de paille, un chapeau grossier, des v\u00eatements tissus de ce qui se travaille pour la derni\u00e8re classe des indigents, le b\u00e2ton agreste dont il appuyait, \u00e0 l&rsquo;\u00e2ge de quatre-vingt-cinq ans son corps \u00e9puis\u00e9 par les veilles et les aust\u00e9rit\u00e9s, des bas de serge les seuls dont il connut l&rsquo;usage ; des linges encore empreints des plaies v\u00e9n\u00e9rables de ses jambes crevass\u00e9es par la continuit\u00e9 des courses que lui imposait son z\u00e8le pour les malheureux, un chapelet, un br\u00e9viaire&#8230; Voil\u00e0, M. le Comte, ce que des mains indignes et barbares on os\u00e9 souiller de toute leur corruption, lac\u00e9rer sans pudeur&#8230; Non, je n&rsquo;ai pu voir, sans fr\u00e9mir, ces restes augustes du mobilier d&rsquo;un Saint, et d&rsquo;un Saint qui doit \u00eatre si cher \u00e0 tout ce qui poss\u00e8de une \u00e2me humaine, \u00e9pars et confondus avec les haillons de la sc\u00e9l\u00e9ratesse. Car, dans son aveugle fureur, elle grossissait partout de ses propres lambeaux, les odieux vestiges de ses ravages.<\/p>\n<p>Mais le tableau de cet attentat impie n&rsquo;est pas achev\u00e9. Le d\u00e9lire conduisit ces hommes effr\u00e9n\u00e9s vers un vestibule o\u00f9 l&rsquo;on venait de placer le mod\u00e8le d&rsquo;une statue que la sculpture, par ordre de notre juste et religieux Monarque, se pr\u00e9pare \u00e0 porter au Louvre, pour immortaliser les vertus d&rsquo;un Saint qui fut le meilleur des hommes. Ils ont fracass\u00e9 les mains de cette image sacr\u00e9e; ils en ont mutil\u00e9 le corps, ils ont eu la basse cruaut\u00e9 d&rsquo;en d\u00e9tacher la t\u00eate, et de la promener dans les places publiques, comme l&rsquo;ombre d&rsquo;un homme qui aurait \u00e9t\u00e9 funeste \u00e0 son si\u00e8cle, et qui aurait \u00e9t\u00e9 l&rsquo;oppresseur de ses contemporains.<\/p>\n<p>Enfin, M. le Comte, ces malheureux ne trouvent plus rien en dedans de la maison, dont la destruction ne f\u00fbt achev\u00e9e, ils se port\u00e8rent dans les jardins et les parterres ; ils en ont ravag\u00e9 les fruits et hach\u00e9 les arbres. Ils se sont r\u00e9pandus dans l&rsquo;enclos, y ont \u00e9gorg\u00e9 les moutons qui y paissaient, et d\u00e9grad\u00e9 tout ce qui s&rsquo;est trouv\u00e9 sur leur passage. Et pour d\u00e9nouement de tant de sc\u00e8nes atroces, ils mirent le feu aux engrangements. Une partie de ces constructions fut d\u00e9vor\u00e9e par les flammes ; et tout le corps de la maison e\u00fbt \u00e9t\u00e9 r\u00e9duit en cendres, si l&rsquo;incendie n&rsquo;e\u00fbt \u00e9t\u00e9 arr\u00eat\u00e9 par la promptitude des secours, par l&rsquo;activit\u00e9 et l&rsquo;intelligence des pompiers, et surtout l&rsquo;invincible r\u00e9sistance de la milice bourgeoise, qui se cr\u00e9a et s&rsquo;organisa avec une inconcevable vitesse.<\/p>\n<p>Je passe, M. le Comte, sur bien des d\u00e9tails ; mais vous concevez ais\u00e9ment quel d\u00fbt \u00eatre l&rsquo;\u00e9tat d&rsquo;une maison dont une multitude de plus de quatre mille mis\u00e9rables alt\u00e9r\u00e9s de pillage, de ruines, et de malheurs, s&rsquo;est vu ma\u00eetre pendant quatorze heures.<\/p>\n<p>Tandis que ces ph\u00e9nom\u00e8nes d&rsquo;iniquit\u00e9 souillaient la saintet\u00e9 de cette demeure, que devenait le respectable troupeau d&rsquo;hommes justes qui l&rsquo;habitaient ? Il avait fui, il \u00e9tait dispers\u00e9, il errait dans les plaines. Le Sup\u00e9rieur g\u00e9n\u00e9ral et deux de ses Assistants s&rsquo;\u00e9chapp\u00e8rent par-dessus les murs de l&rsquo;enclos ; un troisi\u00e8me qui osa passer au travers de la foule des malfaiteurs, pour aller demander du secours, en fut violemment battu et dangereusement bless\u00e9. Les deux Procureurs ne purent se sauver qu&rsquo;en se roulant p\u00e9rilleusement le long des goutti\u00e8res de l&rsquo;\u00e9glise, pour gagner les maisons voisines. Heureusement la Providence fit trouver un moyen pour transporter \u00e0 l&rsquo;H\u00f4tel-Dieu un vieillard octog\u00e9naire qui s&rsquo;\u00e9tait cass\u00e9 la jambe peu de jours avant ce d\u00e9sastre. Un pr\u00eatre paralys\u00e9 fut port\u00e9 dans une maison voisine par les brigands eux-m\u00eames, que le garde-malade salaria pour ce travail ; et deux autres infirmes furent conduits chez les RR. PP. R\u00e9collets, qui les re\u00e7urent avec tout l&#8217;empressement de la plus tendre charit\u00e9.<\/p>\n<p>Les autres Pr\u00eatres, Clercs, et fr\u00e8res se dispers\u00e8rent de tous c\u00f4t\u00e9s, \u00e0 demi-nus, r\u00e9duits \u00e0 manquer de tout, \u00e0 se travestir sous des formes s\u00e9culi\u00e8res, pour se d\u00e9rober aux outrages, \u00e0 ne trouver leur subsistance que dans l&rsquo;humiliation de la mendicit\u00e9, \u00e0 demander les secours de l&rsquo;hospitalit\u00e9 \u00e0 MM. les cur\u00e9s et Vicaires de la campagne, qui donn\u00e8rent tous, en cette calamiteuse circonstance, des preuves bien touchantes de leur humanit\u00e9, et qui pourvurent, avec une lib\u00e9ralit\u00e9 vraiment fraternelle, \u00e0 tous les besoins de ces fugitifs innocents et malheureux.<\/p>\n<p>Ceux qui s&rsquo;\u00e9taient r\u00e9fugi\u00e9s dans quelques maisons de la capitale, revinrent les uns le lendemain de la d\u00e9vastation, les autres les jours suivants, s&rsquo;\u00e9tablirent sur leurs ruines, dans les chambres qui n&rsquo;avaient ni portes ni fen\u00eatres, et se nourrissant dans l&rsquo;amertume, au milieu d&rsquo;\u00e9normes monceaux de d\u00e9combres, sans table, sans couvert, et sans linge, des secours de la bienfaisance publique.<\/p>\n<p>Cette communaut\u00e9 voit repara\u00eetre successivement dans son sein ses habitants dispers\u00e9s ; elle a recouvr\u00e9 d\u00e9j\u00e0 un bon nombre de Pr\u00eatres et de Clercs qui trouvent dans leur r\u00e9union et dans la restauration de leurs religieux exercices, l&rsquo;adoucissement de leurs malheurs. Mais quelle force pourra jamais relever cette maison d&rsquo;un coup si destructeur ?<\/p>\n<p>Depuis que ce myst\u00e8re de malice s&rsquo;est accompli, chacun demande quel a pu \u00eatre le motif qui a fait choisir la maison de St. Lazare, plut\u00f4t que tant d&rsquo;autres objets de la haine des m\u00e9chants, pour \u00eatre un th\u00e9\u00e2tre de dilapidation et de brigandage. La malveillance, la mauvaise foi, l&rsquo;impi\u00e9t\u00e9 qui calomnie tous les \u00e9tablissements qui tiennent \u00e0 la religion n&rsquo;ont pas manqu\u00e9 d&rsquo;accuser cette maison d&rsquo;avoir cach\u00e9, au milieu de la disette g\u00e9n\u00e9rale, des amas de bl\u00e9, d&rsquo;avoir ferm\u00e9 son c\u0153ur et ses greniers aux besoins pressants d&rsquo;un peuple menac\u00e9 de la famine&#8230; Mais les gens de bien ont \u00e9t\u00e9 r\u00e9volt\u00e9s de l&rsquo;iniquit\u00e9 de cette inculpation ; et les Officiers publics, instruits des contributions de cette communaut\u00e9 pour l&rsquo;approvisionnement de la ville, ont rendu t\u00e9moignage \u00e0 la v\u00e9rit\u00e9 de son z\u00e8le et \u00e0 la g\u00e9n\u00e9rosit\u00e9 d\u00e9 ses proc\u00e9d\u00e9s.<\/p>\n<p>1\u00b0 Il \u00e9tait consign\u00e9 dans les registres de la halle, que dans les mois de d\u00e9cembre et de janvier, les Pr\u00eatres de S. Lazare y avaient fait porter trois cents setiers de bl\u00e9.<\/p>\n<p>2\u00b0 Qu&rsquo;ils en firent porter encore cent setiers dans le courant de juin et au commencement de juillet.<\/p>\n<p>3\u00b0 Que dans le m\u00eame temps, sur la demande des Magistrats charg\u00e9s de l&rsquo;approvisionnement de Paris, on d\u00e9livra cinq cents setiers de bl\u00e9 \u00e0 douze livres au-dessous du taux courant.<\/p>\n<p>4\u00b0 Toute la paroisse de Saint Laurent est instruite que depuis la mi-d\u00e9cembre jusqu&rsquo;\u00e0 P\u00e2ques, on a donn\u00e9 tous les jours, \u00e0 des heures r\u00e9gl\u00e9es, du pain et de la soupe \u00e0 plus de huit cents pauvres, et que le m\u00eame secours a \u00e9t\u00e9 fourni avec la m\u00eame r\u00e9gularit\u00e9 \u00e0 plus de deux cents, depuis P\u00e2ques jusqu&rsquo;au milieu de juillet.<\/p>\n<p>M. le Comte de Vonshire adressa aux R\u00e9dacteurs du journal de Paris, en sa qualit\u00e9 de Commandant du district des R\u00e9collets la lettre suivante :<\/p>\n<p>\u00a0\u00bb Personne ne conna\u00eet mieux que moi, Messieurs, l&rsquo;\u00e9tat de la maison de Saint-Lazare. Au moment de son d\u00e9sastre du 13 juillet, les districts de Saint-Lazare, de Saint Laurent, et des R\u00e9collets, r\u00e9unis alors dans l&rsquo;\u00e9glise des R\u00e9collets, m&rsquo;ayant nomm\u00e9 Commandant de la milice bourgeoise, je me suis transport\u00e9 \u00e0 ladite maison de Saint-Lazare, \u00e0 la t\u00eate de la nouvelle l\u00e9gion, o\u00f9, apr\u00e8s \u00eatre parvenu \u00e0 faire chasser un nombre consid\u00e9rable de sc\u00e9l\u00e9rats, et \u00e0 \u00e9tablir un peu d&rsquo;ordre, j&rsquo;ai fait emporter une quantit\u00e9 effrayante de cadavres, m\u00eame des femmes enceintes, noy\u00e9s dans le vin et empoisonn\u00e9s par les liqueurs de l&rsquo;apothicairerie ; et ensuite, sur le bruit public, j&rsquo;ai visit\u00e9 g\u00e9n\u00e9ralement toute la maison ; et c&rsquo;est pour satisfaire aux principes de la plus rigoureuse justice, que j&rsquo;atteste,<\/p>\n<p>1\u00b0 qu&rsquo;il ne s&rsquo;est trouv\u00e9 aucune arme \u00e0 feu chez les MM. De Saint-Lazare, except\u00e9 un fusil rouill\u00e9, et le fusil \u00e0 vent de leur cabinet de physique ;<\/p>\n<p>2\u00b0 qu&rsquo;il n&rsquo;y a chez eux aucun souterrain o\u00f9 ils puissent cacher du bl\u00e9 ou autres choses ;<\/p>\n<p>3\u00b0 que la quantit\u00e9 de bl\u00e9 et de farine trouv\u00e9e \u00e0 Saint-Lazare suffisait tout au plus pour leurs besoins personnels pendant trois mois, selon l&rsquo;\u00e9tat constat\u00e9 par cinq de MM. Les \u00c9lecteurs, d\u00e9put\u00e9s de la ville et commissaires au Ch\u00e2telet, et la note que j&rsquo;ai gard\u00e9e de tout ce que j&rsquo;ai fait transporter, sans laisser m\u00eame un seul sac de farine \u00e0 la maison&#8230; \u00a0\u00bb<\/p>\n<p>Mais toutes ces apologies, mon cher Comte, sont inutiles pour tous ceux qui savent remonter \u00e0 la vraie source des maux dont les fermentations et les attroupements de la population ont afflig\u00e9 la capitale.<\/p>\n<p>Pour vous, Pr\u00eatres incorruptibles, hommes adorables, qui re\u00e7\u00fbtes autrefois mon enfance dans votre sein, dont j&rsquo;ai longtemps partag\u00e9 les saints travaux, et \u00e0 qui je dois le bonheur d&rsquo;aimer mes devoirs et de ch\u00e9rir la vertu, puissiez-vous \u00eatre appr\u00e9ci\u00e9s et connus de toute la France, comme vous \u00eates chers et respectables \u00e0 tous les c\u0153urs qui ont go\u00fbt\u00e9 la douceur de votre commerce, comme vous \u00eates pr\u00e9cieux \u00e0 tous les yeux qui ont pu contempler la saintet\u00e9 de vos m\u0153urs et l&rsquo;in\u00e9puisable effusion de votre charit\u00e9 et de votre z\u00e8le ! Tristement assis sur vos ruines vous n&rsquo;\u00eates inconsolables que de l&rsquo;interruption de votre influence sur le sort des malheureux&#8230; Vertueux habitants de la grande cit\u00e9 ! G\u00e9n\u00e9reux et invincibles Compatriotes ! Votre estime sera aussi puissante pour ressusciter de ses cendres la maison de la paix et de la bienfaisance, que l&rsquo;a \u00e9t\u00e9 votre indignation pour renverser les forteresses de la cruaut\u00e9 et de la tyrannie.<\/p>\n<p>Je suis, M. le Comte&#8230;<\/p>\n<p>Votre tr\u00e8s humble et tr\u00e8s ob\u00e9issant serviteur,<\/p>\n<p>L&rsquo;Abb\u00e9 Lamourette,<\/p>\n","protected":false},"excerpt":{"rendered":"<p>Annexe IV : Le Sac de St. Lazare du 13 juillet 1789 Dans un long rapport envoy\u00e9 \u00e0 un gentilhomme retir\u00e9 \u00e0 la campagne, le Comte de T., M. Lamourette, pr\u00eatre de la Mission, rappelle &#8230; <a href=\"http:\/\/vincentians.com\/fr\/francois-regis-clet-pretre-de-la-mission-martyr-en-chine-1748-1820-17\/\" class=\"more-link\">Read More<\/a><\/p>\n","protected":false},"author":4,"featured_media":107633,"comment_status":"open","ping_status":"open","sticky":false,"template":"","format":"standard","meta":{"jetpack_post_was_ever_published":false,"_jetpack_newsletter_access":"","_jetpack_dont_email_post_to_subs":false,"_jetpack_newsletter_tier_id":0,"_jetpack_memberships_contains_paywalled_content":false,"_jetpack_memberships_contains_paid_content":false,"footnotes":"","jetpack_publicize_message":"","jetpack_publicize_feature_enabled":true,"jetpack_social_post_already_shared":true,"jetpack_social_options":{"image_generator_settings":{"template":"highway","default_image_id":0,"font":"","enabled":false},"version":2}},"categories":[133],"tags":[],"class_list":["post-107650","post","type-post","status-publish","format-standard","has-post-thumbnail","hentry","category-francois-regis-clet"],"yoast_head":"<!-- This site is optimized with the Yoast SEO plugin v26.3 - https:\/\/yoast.com\/wordpress\/plugins\/seo\/ -->\n<title>Fran\u00e7ois-R\u00e9gis Clet : pr\u00eatre de la Mission, martyr en Chine, 1748-1820 (17) - Nous Sommes Vincentiens<\/title>\n<meta name=\"robots\" content=\"index, follow, max-snippet:-1, max-image-preview:large, max-video-preview:-1\" \/>\n<link rel=\"canonical\" href=\"http:\/\/vincentians.com\/fr\/francois-regis-clet-pretre-de-la-mission-martyr-en-chine-1748-1820-17\/\" \/>\n<meta property=\"og:locale\" content=\"fr_FR\" \/>\n<meta property=\"og:type\" content=\"article\" \/>\n<meta property=\"og:title\" content=\"Fran\u00e7ois-R\u00e9gis Clet : pr\u00eatre de la Mission, martyr en Chine, 1748-1820 (17) - Nous Sommes Vincentiens\" \/>\n<meta property=\"og:description\" content=\"Annexe IV : Le Sac de St. Lazare du 13 juillet 1789 Dans un long rapport envoy\u00e9 \u00e0 un gentilhomme retir\u00e9 \u00e0 la campagne, le Comte de T., M. Lamourette, pr\u00eatre de la Mission, rappelle ... Read More\" \/>\n<meta property=\"og:url\" content=\"http:\/\/vincentians.com\/fr\/francois-regis-clet-pretre-de-la-mission-martyr-en-chine-1748-1820-17\/\" \/>\n<meta property=\"og:site_name\" content=\"Nous Sommes Vincentiens\" \/>\n<meta property=\"article:publisher\" content=\"https:\/\/www.facebook.com\/WeAreVincentians\/\" \/>\n<meta property=\"article:author\" content=\"https:\/\/www.facebook.com\/JavierChento\" \/>\n<meta property=\"article:published_time\" content=\"2014-01-17T11:10:44+00:00\" \/>\n<meta name=\"author\" content=\"Francisco Javier Fern\u00e1ndez Chento\" \/>\n<meta name=\"twitter:card\" content=\"summary_large_image\" \/>\n<meta name=\"twitter:creator\" content=\"@https:\/\/twitter.com\/javierchento\" \/>\n<meta name=\"twitter:site\" content=\"@WeVincentians\" \/>\n<meta name=\"twitter:label1\" content=\"\u00c9crit par\" \/>\n\t<meta name=\"twitter:data1\" content=\"Francisco Javier Fern\u00e1ndez Chento\" \/>\n\t<meta name=\"twitter:label2\" content=\"Dur\u00e9e de lecture estim\u00e9e\" \/>\n\t<meta name=\"twitter:data2\" content=\"15 minutes\" \/>\n<script type=\"application\/ld+json\" class=\"yoast-schema-graph\">{\"@context\":\"https:\/\/schema.org\",\"@graph\":[{\"@type\":\"WebPage\",\"@id\":\"http:\/\/vincentians.com\/fr\/francois-regis-clet-pretre-de-la-mission-martyr-en-chine-1748-1820-17\/\",\"url\":\"http:\/\/vincentians.com\/fr\/francois-regis-clet-pretre-de-la-mission-martyr-en-chine-1748-1820-17\/\",\"name\":\"Fran\u00e7ois-R\u00e9gis Clet : pr\u00eatre de la Mission, martyr en Chine, 1748-1820 (17) - Nous Sommes Vincentiens\",\"isPartOf\":{\"@id\":\"https:\/\/vincentians.com\/fr\/#website\"},\"primaryImageOfPage\":{\"@id\":\"http:\/\/vincentians.com\/fr\/francois-regis-clet-pretre-de-la-mission-martyr-en-chine-1748-1820-17\/#primaryimage\"},\"image\":{\"@id\":\"http:\/\/vincentians.com\/fr\/francois-regis-clet-pretre-de-la-mission-martyr-en-chine-1748-1820-17\/#primaryimage\"},\"thumbnailUrl\":\"\",\"datePublished\":\"2014-01-17T11:10:44+00:00\",\"author\":{\"@id\":\"https:\/\/vincentians.com\/fr\/#\/schema\/person\/9623ef4d9aa3b2dfb8c061f1499288f2\"},\"breadcrumb\":{\"@id\":\"http:\/\/vincentians.com\/fr\/francois-regis-clet-pretre-de-la-mission-martyr-en-chine-1748-1820-17\/#breadcrumb\"},\"inLanguage\":\"fr-FR\",\"potentialAction\":[{\"@type\":\"ReadAction\",\"target\":[\"http:\/\/vincentians.com\/fr\/francois-regis-clet-pretre-de-la-mission-martyr-en-chine-1748-1820-17\/\"]}]},{\"@type\":\"ImageObject\",\"inLanguage\":\"fr-FR\",\"@id\":\"http:\/\/vincentians.com\/fr\/francois-regis-clet-pretre-de-la-mission-martyr-en-chine-1748-1820-17\/#primaryimage\",\"url\":\"\",\"contentUrl\":\"\"},{\"@type\":\"BreadcrumbList\",\"@id\":\"http:\/\/vincentians.com\/fr\/francois-regis-clet-pretre-de-la-mission-martyr-en-chine-1748-1820-17\/#breadcrumb\",\"itemListElement\":[{\"@type\":\"ListItem\",\"position\":1,\"name\":\"Portada\",\"item\":\"https:\/\/vincentians.com\/fr\/\"},{\"@type\":\"ListItem\",\"position\":2,\"name\":\"Fran\u00e7ois-R\u00e9gis Clet : pr\u00eatre de la Mission, martyr en Chine, 1748-1820 (17)\"}]},{\"@type\":\"WebSite\",\"@id\":\"https:\/\/vincentians.com\/fr\/#website\",\"url\":\"https:\/\/vincentians.com\/fr\/\",\"name\":\"Nous Sommes Vincentiens\",\"description\":\"Know more to serve more\",\"potentialAction\":[{\"@type\":\"SearchAction\",\"target\":{\"@type\":\"EntryPoint\",\"urlTemplate\":\"https:\/\/vincentians.com\/fr\/?s={search_term_string}\"},\"query-input\":{\"@type\":\"PropertyValueSpecification\",\"valueRequired\":true,\"valueName\":\"search_term_string\"}}],\"inLanguage\":\"fr-FR\"},{\"@type\":\"Person\",\"@id\":\"https:\/\/vincentians.com\/fr\/#\/schema\/person\/9623ef4d9aa3b2dfb8c061f1499288f2\",\"name\":\"Francisco Javier Fern\u00e1ndez Chento\",\"image\":{\"@type\":\"ImageObject\",\"inLanguage\":\"fr-FR\",\"@id\":\"https:\/\/vincentians.com\/fr\/#\/schema\/person\/image\/\",\"url\":\"https:\/\/secure.gravatar.com\/avatar\/497d5cde87b4c3d097d0315953521681ba2cd523ee66e5077c3711f7021e65de?s=96&d=mm&r=g\",\"contentUrl\":\"https:\/\/secure.gravatar.com\/avatar\/497d5cde87b4c3d097d0315953521681ba2cd523ee66e5077c3711f7021e65de?s=96&d=mm&r=g\",\"caption\":\"Francisco Javier Fern\u00e1ndez Chento\"},\"description\":\"Director General y cofundador de La Red de Formaci\u00f3n Vicenciana. Javier es laico vicenciano, afiliado a la Congregaci\u00f3n de la Misi\u00f3n y miembro del Equipo de Misiones Populares de la provincia can\u00f3nica de Zaragoza (Espa\u00f1a) de la Congregaci\u00f3n de la Misi\u00f3n. Graduado en la Universidad Oberta de Catalunya con cuatro grados (Asistente de direcci\u00f3n, Gesti\u00f3n Administrativa, Recursos Humanos y Contabilidad Avanzada). Bil\u00edng\u00fce Espa\u00f1ol\/Ingl\u00e9s. gestiona y mantiene varias p\u00e1ginas web cristianas y vicencianas, incluida including La Red de Formaci\u00f3n Vicenciana, de la que es cofundador. Actualmente es responsable del \u00e1rea de Espa\u00f1ol de .famvin, la Red de Noticias de la Familia Vicenciana. Tambi\u00e9n es m\u00fasico cat\u00f3lico y ha editado varios discos. Es Director General y cofundador de Trovador, una reconocida compa\u00f1\u00eda discogr\u00e1fica critiana de Espa\u00f1a. Trabaja en las Tecnolog\u00edas de la Informaci\u00f3n, ofreciendo servicios de alojamiento, dise\u00f1o y mantenimiento Web, as\u00ed como asesoramiento, formaci\u00f3n y soluciones inform\u00e1ticas, gesti\u00f3n documental y digitalizaci\u00f3n de textos, edici\u00f3n y maquetaci\u00f3n de libros, revistas, flyers, etc.\",\"sameAs\":[\"http:\/\/chento.org\",\"https:\/\/www.facebook.com\/JavierChento\",\"https:\/\/x.com\/https:\/\/twitter.com\/javierchento\"],\"url\":\"http:\/\/vincentians.com\/fr\/author\/chento\/\"}]}<\/script>\n<!-- \/ Yoast SEO plugin. -->","yoast_head_json":{"title":"Fran\u00e7ois-R\u00e9gis Clet : pr\u00eatre de la Mission, martyr en Chine, 1748-1820 (17) - Nous Sommes Vincentiens","robots":{"index":"index","follow":"follow","max-snippet":"max-snippet:-1","max-image-preview":"max-image-preview:large","max-video-preview":"max-video-preview:-1"},"canonical":"http:\/\/vincentians.com\/fr\/francois-regis-clet-pretre-de-la-mission-martyr-en-chine-1748-1820-17\/","og_locale":"fr_FR","og_type":"article","og_title":"Fran\u00e7ois-R\u00e9gis Clet : pr\u00eatre de la Mission, martyr en Chine, 1748-1820 (17) - Nous Sommes Vincentiens","og_description":"Annexe IV : Le Sac de St. Lazare du 13 juillet 1789 Dans un long rapport envoy\u00e9 \u00e0 un gentilhomme retir\u00e9 \u00e0 la campagne, le Comte de T., M. Lamourette, pr\u00eatre de la Mission, rappelle ... Read More","og_url":"http:\/\/vincentians.com\/fr\/francois-regis-clet-pretre-de-la-mission-martyr-en-chine-1748-1820-17\/","og_site_name":"Nous Sommes Vincentiens","article_publisher":"https:\/\/www.facebook.com\/WeAreVincentians\/","article_author":"https:\/\/www.facebook.com\/JavierChento","article_published_time":"2014-01-17T11:10:44+00:00","author":"Francisco Javier Fern\u00e1ndez Chento","twitter_card":"summary_large_image","twitter_creator":"@https:\/\/twitter.com\/javierchento","twitter_site":"@WeVincentians","twitter_misc":{"\u00c9crit par":"Francisco Javier Fern\u00e1ndez Chento","Dur\u00e9e de lecture estim\u00e9e":"15 minutes"},"schema":{"@context":"https:\/\/schema.org","@graph":[{"@type":"WebPage","@id":"http:\/\/vincentians.com\/fr\/francois-regis-clet-pretre-de-la-mission-martyr-en-chine-1748-1820-17\/","url":"http:\/\/vincentians.com\/fr\/francois-regis-clet-pretre-de-la-mission-martyr-en-chine-1748-1820-17\/","name":"Fran\u00e7ois-R\u00e9gis Clet : pr\u00eatre de la Mission, martyr en Chine, 1748-1820 (17) - Nous Sommes Vincentiens","isPartOf":{"@id":"https:\/\/vincentians.com\/fr\/#website"},"primaryImageOfPage":{"@id":"http:\/\/vincentians.com\/fr\/francois-regis-clet-pretre-de-la-mission-martyr-en-chine-1748-1820-17\/#primaryimage"},"image":{"@id":"http:\/\/vincentians.com\/fr\/francois-regis-clet-pretre-de-la-mission-martyr-en-chine-1748-1820-17\/#primaryimage"},"thumbnailUrl":"","datePublished":"2014-01-17T11:10:44+00:00","author":{"@id":"https:\/\/vincentians.com\/fr\/#\/schema\/person\/9623ef4d9aa3b2dfb8c061f1499288f2"},"breadcrumb":{"@id":"http:\/\/vincentians.com\/fr\/francois-regis-clet-pretre-de-la-mission-martyr-en-chine-1748-1820-17\/#breadcrumb"},"inLanguage":"fr-FR","potentialAction":[{"@type":"ReadAction","target":["http:\/\/vincentians.com\/fr\/francois-regis-clet-pretre-de-la-mission-martyr-en-chine-1748-1820-17\/"]}]},{"@type":"ImageObject","inLanguage":"fr-FR","@id":"http:\/\/vincentians.com\/fr\/francois-regis-clet-pretre-de-la-mission-martyr-en-chine-1748-1820-17\/#primaryimage","url":"","contentUrl":""},{"@type":"BreadcrumbList","@id":"http:\/\/vincentians.com\/fr\/francois-regis-clet-pretre-de-la-mission-martyr-en-chine-1748-1820-17\/#breadcrumb","itemListElement":[{"@type":"ListItem","position":1,"name":"Portada","item":"https:\/\/vincentians.com\/fr\/"},{"@type":"ListItem","position":2,"name":"Fran\u00e7ois-R\u00e9gis Clet : pr\u00eatre de la Mission, martyr en Chine, 1748-1820 (17)"}]},{"@type":"WebSite","@id":"https:\/\/vincentians.com\/fr\/#website","url":"https:\/\/vincentians.com\/fr\/","name":"Nous Sommes Vincentiens","description":"Know more to serve more","potentialAction":[{"@type":"SearchAction","target":{"@type":"EntryPoint","urlTemplate":"https:\/\/vincentians.com\/fr\/?s={search_term_string}"},"query-input":{"@type":"PropertyValueSpecification","valueRequired":true,"valueName":"search_term_string"}}],"inLanguage":"fr-FR"},{"@type":"Person","@id":"https:\/\/vincentians.com\/fr\/#\/schema\/person\/9623ef4d9aa3b2dfb8c061f1499288f2","name":"Francisco Javier Fern\u00e1ndez Chento","image":{"@type":"ImageObject","inLanguage":"fr-FR","@id":"https:\/\/vincentians.com\/fr\/#\/schema\/person\/image\/","url":"https:\/\/secure.gravatar.com\/avatar\/497d5cde87b4c3d097d0315953521681ba2cd523ee66e5077c3711f7021e65de?s=96&d=mm&r=g","contentUrl":"https:\/\/secure.gravatar.com\/avatar\/497d5cde87b4c3d097d0315953521681ba2cd523ee66e5077c3711f7021e65de?s=96&d=mm&r=g","caption":"Francisco Javier Fern\u00e1ndez Chento"},"description":"Director General y cofundador de La Red de Formaci\u00f3n Vicenciana. Javier es laico vicenciano, afiliado a la Congregaci\u00f3n de la Misi\u00f3n y miembro del Equipo de Misiones Populares de la provincia can\u00f3nica de Zaragoza (Espa\u00f1a) de la Congregaci\u00f3n de la Misi\u00f3n. Graduado en la Universidad Oberta de Catalunya con cuatro grados (Asistente de direcci\u00f3n, Gesti\u00f3n Administrativa, Recursos Humanos y Contabilidad Avanzada). Bil\u00edng\u00fce Espa\u00f1ol\/Ingl\u00e9s. gestiona y mantiene varias p\u00e1ginas web cristianas y vicencianas, incluida including La Red de Formaci\u00f3n Vicenciana, de la que es cofundador. Actualmente es responsable del \u00e1rea de Espa\u00f1ol de .famvin, la Red de Noticias de la Familia Vicenciana. Tambi\u00e9n es m\u00fasico cat\u00f3lico y ha editado varios discos. Es Director General y cofundador de Trovador, una reconocida compa\u00f1\u00eda discogr\u00e1fica critiana de Espa\u00f1a. Trabaja en las Tecnolog\u00edas de la Informaci\u00f3n, ofreciendo servicios de alojamiento, dise\u00f1o y mantenimiento Web, as\u00ed como asesoramiento, formaci\u00f3n y soluciones inform\u00e1ticas, gesti\u00f3n documental y digitalizaci\u00f3n de textos, edici\u00f3n y maquetaci\u00f3n de libros, revistas, flyers, etc.","sameAs":["http:\/\/chento.org","https:\/\/www.facebook.com\/JavierChento","https:\/\/x.com\/https:\/\/twitter.com\/javierchento"],"url":"http:\/\/vincentians.com\/fr\/author\/chento\/"}]}},"jetpack_publicize_connections":[],"jetpack_featured_media_url":"","jetpack_sharing_enabled":true,"jetpack_shortlink":"https:\/\/wp.me\/p7ETMP-s0i","jetpack-related-posts":[{"id":107652,"url":"http:\/\/vincentians.com\/fr\/francois-regis-clet-pretre-de-la-mission-martyr-en-chine-1748-1820-15\/","url_meta":{"origin":107650,"position":0},"title":"Fran\u00e7ois-R\u00e9gis Clet : pr\u00eatre de la Mission, martyr en Chine, 1748-1820 (15)","author":"Francisco Javier Fern\u00e1ndez Chento","date":"15\/01\/2014","format":false,"excerpt":"Annexe II : Les principales dates de la vie du P. Fran\u00e7ois-R\u00e9gis Clet 1748 19 ao\u00fbt Naissance de Fran\u00e7ois R\u00e9gis \u00e0 Grenoble au n\u00b0 14 de la rue Porte-Traine 1748 23 ao\u00fbt Bapt\u00eame \u00e0 l'\u00e9glise St. Louis 1769 6 mars Entr\u00e9e dans la Congr\u00e9gation de la Mission \u00e0 Lyon 1771\u2026","rel":"","context":"Dans &quot;Fran\u00e7ois-R\u00e9gis Clet&quot;","block_context":{"text":"Fran\u00e7ois-R\u00e9gis Clet","link":"http:\/\/vincentians.com\/fr\/category\/francois-regis-clet\/"},"img":{"alt_text":"","src":"","width":0,"height":0},"classes":[]},{"id":37777,"url":"http:\/\/vincentians.com\/fr\/jusquau-bout-de-lamour-francois-regis-clet-1748-1820\/","url_meta":{"origin":107650,"position":1},"title":"\u00abJusqu\u2019au Bout De L\u2019amour&#8230;\u00bb: Fran\u00e7ois-R\u00e9gis Clet (1748-1820)","author":"Francisco Javier Fern\u00e1ndez Chento","date":"30\/12\/2012","format":false,"excerpt":"\u00c0 la decouverte de l\u2019amour 1) L\u2019enfance d\u2019une vie Grenoble \u00abla rebelle: compte pr\u00e8s de 30 000 habitants en cette ann\u00e9e 1748. La famille Clet habite la rue Porte Traine, au num\u00e9ro 14, pr\u00e8s de l\u2019atelier du n\u00e9gociant en toiles qui emploie le p\u00e8re. C\u00e9saire Clet est mari\u00e9 \u00e0 Claudine\u2026","rel":"","context":"Dans &quot;Fran\u00e7ois-R\u00e9gis Clet&quot;","block_context":{"text":"Fran\u00e7ois-R\u00e9gis Clet","link":"http:\/\/vincentians.com\/fr\/category\/francois-regis-clet\/"},"img":{"alt_text":"Fran\u00e7ois-R\u00e9gis Clet","src":"https:\/\/i0.wp.com\/vincentiens.org\/wp-content\/uploads\/2012\/12\/Fco_Regis_Clet-163x300.jpg?resize=350%2C200","width":350,"height":200},"classes":[]},{"id":107653,"url":"http:\/\/vincentians.com\/fr\/francois-regis-clet-pretre-de-la-mission-martyr-en-chine-1748-1820-14\/","url_meta":{"origin":107650,"position":2},"title":"Fran\u00e7ois-R\u00e9gis Clet : pr\u00eatre de la Mission, martyr en Chine, 1748-1820 (14)","author":"Francisco Javier Fern\u00e1ndez Chento","date":"14\/01\/2014","format":false,"excerpt":"Annexe I : Les grandes dates de l'histoire chr\u00e9tienne de la Chine 645 Introduction du bouddhisme en Chine par un p\u00e8lerin chinois de retour d'un p\u00e8lerinage en Inde aux sources du bouddhisme. 627-549 R\u00e8gne de l'empereur Taitsong le Grand 635 Arriv\u00e9e \u00e0 la capitale Tchan-Ngan du moine nestorien Alopen venant\u2026","rel":"","context":"Dans &quot;Fran\u00e7ois-R\u00e9gis Clet&quot;","block_context":{"text":"Fran\u00e7ois-R\u00e9gis Clet","link":"http:\/\/vincentians.com\/fr\/category\/francois-regis-clet\/"},"img":{"alt_text":"","src":"","width":0,"height":0},"classes":[]},{"id":107631,"url":"http:\/\/vincentians.com\/fr\/francois-regis-clet-pretre-de-la-mission-martyr-en-chine-1748-1820-01\/","url_meta":{"origin":107650,"position":3},"title":"Fran\u00e7ois-R\u00e9gis Clet : pr\u00eatre de la Mission, martyr en Chine, 1748-1820 (01)","author":"Francisco Javier Fern\u00e1ndez Chento","date":"01\/01\/2014","format":false,"excerpt":"Avant Propos Le 2 juin 1997 sur la grande place Saint Pierre de Rome se d\u00e9roul\u00e8rent les fastes de la canonisation de saint Jean-Gabriel Perboyre. Un soleil \u00e9clatant mettait en valeur les couleurs rouge ou amarante des soutanes cardinalices ou \u00e9piscopales, les uniformes aux rayures de bleu et d'orange des\u2026","rel":"","context":"Dans &quot;Fran\u00e7ois-R\u00e9gis Clet&quot;","block_context":{"text":"Fran\u00e7ois-R\u00e9gis Clet","link":"http:\/\/vincentians.com\/fr\/category\/francois-regis-clet\/"},"img":{"alt_text":"Vie du Bienheureux Fran\u00e7ois-R\u00e9gis Clet : pr\u00eatre de la Congr\u00e9","src":"https:\/\/i0.wp.com\/vincentiens.org\/wp-content\/uploads\/2014\/01\/regis_clet-210x300.jpg?resize=350%2C200","width":350,"height":200},"classes":[]},{"id":107649,"url":"http:\/\/vincentians.com\/fr\/francois-regis-clet-pretre-de-la-mission-martyr-en-chine-1748-1820-16\/","url_meta":{"origin":107650,"position":4},"title":"Fran\u00e7ois-R\u00e9gis Clet : pr\u00eatre de la Mission, martyr en Chine, 1748-1820 (16)","author":"Francisco Javier Fern\u00e1ndez Chento","date":"16\/01\/2014","format":false,"excerpt":"Annexe III : Pierre Vigne - 1670-1740 Il na\u00eet le 20 ao\u00fbt 1670, \u00e0 Privas, de parents protestants, mais il est baptis\u00e9 \u00e0 l'\u00e9glise St. Thomas, car il n'y avait pas de lieu de culte protestant. Il est \u00e9lev\u00e9 dans la foi calviniste bien qu'il fr\u00e9quente parfois les c\u00e9r\u00e9monies catholiques.\u2026","rel":"","context":"Dans &quot;Fran\u00e7ois-R\u00e9gis Clet&quot;","block_context":{"text":"Fran\u00e7ois-R\u00e9gis Clet","link":"http:\/\/vincentians.com\/fr\/category\/francois-regis-clet\/"},"img":{"alt_text":"","src":"","width":0,"height":0},"classes":[]},{"id":105225,"url":"http:\/\/vincentians.com\/fr\/bx-jean-francois-regis-clet\/","url_meta":{"origin":107650,"position":5},"title":"Bx Jean-Fran\u00e7ois-R\u00e9gis Clet","author":"Francisco Javier Fern\u00e1ndez Chento","date":"20\/12\/2012","format":false,"excerpt":"\u5218\u65b9\u6d4e LIEOU FANG-TSI Pr\u00eatre. N\u00e9 \u00e0 Grenoble, Is\u00e8re (France), le 19 ao\u00fbt 1748 ; re\u00e7u au s\u00e9minaire \u00e0 Lyon le 6 mars 1769 ; il y fit les v\u0153ux le 18 mars 1771 et fut ordonn\u00e9 pr\u00eatre le 27 mars 1773. Nomm\u00e9 la m\u00eame ann\u00e9e professeur de morale au grand\u2026","rel":"","context":"Dans &quot;Biographies Lazaristes&quot;","block_context":{"text":"Biographies Lazaristes","link":"http:\/\/vincentians.com\/fr\/category\/biographies-lazaristes\/"},"img":{"alt_text":"","src":"https:\/\/i0.wp.com\/vincentians.com\/fr\/wp-content\/uploads\/sites\/10\/2016\/08\/bio-congregation-of-the-mission.jpg?fit=1200%2C630&resize=350%2C200","width":350,"height":200,"srcset":"https:\/\/i0.wp.com\/vincentians.com\/fr\/wp-content\/uploads\/sites\/10\/2016\/08\/bio-congregation-of-the-mission.jpg?fit=1200%2C630&resize=350%2C200 1x, https:\/\/i0.wp.com\/vincentians.com\/fr\/wp-content\/uploads\/sites\/10\/2016\/08\/bio-congregation-of-the-mission.jpg?fit=1200%2C630&resize=525%2C300 1.5x, https:\/\/i0.wp.com\/vincentians.com\/fr\/wp-content\/uploads\/sites\/10\/2016\/08\/bio-congregation-of-the-mission.jpg?fit=1200%2C630&resize=700%2C400 2x, https:\/\/i0.wp.com\/vincentians.com\/fr\/wp-content\/uploads\/sites\/10\/2016\/08\/bio-congregation-of-the-mission.jpg?fit=1200%2C630&resize=1050%2C600 3x"},"classes":[]}],"_links":{"self":[{"href":"http:\/\/vincentians.com\/fr\/wp-json\/wp\/v2\/posts\/107650","targetHints":{"allow":["GET"]}}],"collection":[{"href":"http:\/\/vincentians.com\/fr\/wp-json\/wp\/v2\/posts"}],"about":[{"href":"http:\/\/vincentians.com\/fr\/wp-json\/wp\/v2\/types\/post"}],"author":[{"embeddable":true,"href":"http:\/\/vincentians.com\/fr\/wp-json\/wp\/v2\/users\/4"}],"replies":[{"embeddable":true,"href":"http:\/\/vincentians.com\/fr\/wp-json\/wp\/v2\/comments?post=107650"}],"version-history":[{"count":0,"href":"http:\/\/vincentians.com\/fr\/wp-json\/wp\/v2\/posts\/107650\/revisions"}],"wp:featuredmedia":[{"embeddable":true,"href":"http:\/\/vincentians.com\/fr\/wp-json\/"}],"wp:attachment":[{"href":"http:\/\/vincentians.com\/fr\/wp-json\/wp\/v2\/media?parent=107650"}],"wp:term":[{"taxonomy":"category","embeddable":true,"href":"http:\/\/vincentians.com\/fr\/wp-json\/wp\/v2\/categories?post=107650"},{"taxonomy":"post_tag","embeddable":true,"href":"http:\/\/vincentians.com\/fr\/wp-json\/wp\/v2\/tags?post=107650"}],"curies":[{"name":"wp","href":"https:\/\/api.w.org\/{rel}","templated":true}]}}