{"id":107649,"date":"2014-01-16T12:10:44","date_gmt":"2014-01-16T11:10:44","guid":{"rendered":"http:\/\/vincentiens.org\/?p=107649"},"modified":"2014-01-16T12:10:44","modified_gmt":"2014-01-16T11:10:44","slug":"francois-regis-clet-pretre-de-la-mission-martyr-en-chine-1748-1820-16","status":"publish","type":"post","link":"http:\/\/vincentians.com\/fr\/francois-regis-clet-pretre-de-la-mission-martyr-en-chine-1748-1820-16\/","title":{"rendered":"Fran\u00e7ois-R\u00e9gis Clet : pr\u00eatre de la Mission, martyr en Chine, 1748-1820 (16)"},"content":{"rendered":"<h2>Annexe III : Pierre Vigne &#8211; 1670-1740<\/h2>\n<p>Il na\u00eet le 20 ao\u00fbt 1670, \u00e0 Privas, de parents protestants, mais il est baptis\u00e9 \u00e0 l&rsquo;\u00e9glise St. Thomas, car il n&rsquo;y avait pas de lieu de culte protestant. Il est \u00e9lev\u00e9 dans la foi calviniste bien qu&rsquo;il fr\u00e9quente parfois les c\u00e9r\u00e9monies catholiques.<\/p>\n<p>En 1689 plein de ferveur calviniste il part pour Gen\u00e8ve pour faire des \u00e9tudes en vue de devenir pasteur. Il est \u00e0 cheval et rencontre en route un pr\u00eatre portant le St. Sacrement \u00e0 un malade. Il ne veut ni ne d\u00e9tourner ni s&rsquo;arr\u00eater, mais son cheval, de lui-m\u00eame, se met \u00e0 genoux, et le force \u00e0 s&rsquo;arr\u00eater et \u00e0 honorer le St. Sacrement.<\/p>\n<p>Retourn\u00e9 par ce prodige, il se convertit \u00e0 la foi catholique et malgr\u00e9 l&rsquo;opposition de ses parents, il veut se faire pr\u00eatre et entre au s\u00e9minaire de VIVIERS que les Sulpiciens viennent de fonder.<\/p>\n<p>Entr\u00e9 au s\u00e9minaire en 1690, il est ordonn\u00e9 pr\u00eatre \u00e0 Bourg-Saint-And\u00e9ol, le 18 septembre 1694 par l&rsquo;\u00e9v\u00eaque de Viviers, Mgr. de Chambonas. Il est vicaire \u00e0 St. Agr\u00e8ve de 1694 \u00e0 1700<\/p>\n<p>Il demande son admission dans la Congr\u00e9gation de la Mission en 1700, et fait son s\u00e9minaire interne, probablement \u00e0 Lyon, puis fait les v\u0153ux le 28 mai 1702. Affect\u00e9 \u00e0 la maison de missions de Valfleury, il pr\u00eache de nombreuses missions avec ses confr\u00e8res : dans la Loire, en Haute Savoie, dans l&rsquo;H\u00e9rault et \u00e0 Toulouse o\u00f9 il est en 1706.<\/p>\n<p>Il est tr\u00e8s entreprenant et organise des manifestations ext\u00e9rieures extraordinaires pour marquer la fin des missions : construction de calvaires, de chemins de croix monumentaux. Pour \u00eatre plus libre de suivre sa voie, il quitte la C.M. en 1706, avec l&rsquo;accord des sup\u00e9rieurs, mais il en conserve l&rsquo;esprit.<\/p>\n<p>Il continue sa vie de missionnaire ; il interviendra dans 180 paroisses dont les 3\/4 dans l&rsquo;Ard\u00e8che. Il voyage \u00e0 pied ou \u00e0 cheval et porte avec lui son confessionnal ainsi que des objets de culte et quelques livres. Il a laiss\u00e9 une trentaine de calvaires et de chemins de croix. Ainsi il b\u00e2tit \u00e0 Boucieu-le-Roi, les 39 myst\u00e8res du chemin de la Croix con\u00e7us comme autant de petites chapelles et il enthousiasme les paroisses voisines.<\/p>\n<p>Il installe, en mai 1714, \u00e0 Boucieu une jeune fille qui veut se consacrer \u00e0 Dieu. Elle est charg\u00e9e d&rsquo;apprendre \u00e0 lire aux enfants. Avant la fin de l&rsquo;ann\u00e9e 3 autres filles viennent rejoindre Marguerite de Nozi\u00e8res. L&rsquo;ann\u00e9e suivante 4 veuves viennent les rejoindre.<\/p>\n<p>Marguerite de Nozi\u00e8res se retire dans la solitude mais les 7 autres sont constitu\u00e9es en communaut\u00e9 le 30 novembre 1715. On les appelle d&rsquo;abord : \u00a0\u00bb S\u0153urs du Calvaire \u00ab\u00a0, puis comme elles donnent une grande place \u00e0 l&rsquo;adoration eucharistique, \u00a0\u00bb S\u0153urs du St. Sacrement \u00ab\u00a0.<\/p>\n<p>Le P. Vigne communique \u00e0 ses Filles la v\u00e9n\u00e9ration qu&rsquo;il a con\u00e7ue pour l&rsquo;eucharistie d\u00e8s l&rsquo;\u00e9v\u00e9nement qui a marqu\u00e9 sa conversion au catholicisme<\/p>\n<p>Son activit\u00e9 missionnaire ; il est tent\u00e9 d&rsquo;entrer dans la communaut\u00e9 des Missionnaires du St. Sacrement fond\u00e9e au XVIIe par Mgr. D&rsquo;Authier de Sisgaud en Avignon en 1632. Il se fait affilier \u00e0 la communaut\u00e9. Pr\u00eachant \u00e0 Burzet pendant 4 mois, il y \u00e9tablit un chemin de croix de 33 stations, toujours suivi, maintenant encore, par la population le vendredi saint, les gens costum\u00e9s se r\u00e9partissant les r\u00f4les.<\/p>\n<p>Il \u00e9tablit plusieurs confr\u00e9ries de P\u00e9nitents blancs en l&rsquo;honneur du St. Sacrement puis une Confr\u00e9rie du Rosaire. Il b\u00e2tit un couvent, inaugur\u00e9 en 1722, o\u00f9 les s\u0153urs font leurs grands v\u0153ux. Sa ni\u00e8ce Antoinette, entr\u00e9e dans la communaut\u00e9, en est secr\u00e9taire.<\/p>\n<p>Il va parfois \u00e0 Lyon o\u00f9 il fait imprimer divers ouvrages : M\u00e9ditations, R\u00e8glement de vie du chr\u00e9tien, Consid\u00e9rations sur les souffrances et la mort de J\u00e9sus.<\/p>\n<p>En 1740, \u00e0 la mort du P\u00e8re, les s\u0153urs seront une centaine en 18 paroisses. Une autre petite communaut\u00e9 s&rsquo;agr\u00e8ge \u00e0 la sienne en 1722, les s\u0153urs de Rochepaule. Il donna sa derni\u00e8re mission \u00e0 Rencurel dans l&rsquo;Is\u00e8re o\u00f9 il tomba d&rsquo;\u00e9puisement et mourut le 8 juillet 1740. Son corps fut ramen\u00e9 triomphalement \u00e0 Boucieu.<\/p>\n","protected":false},"excerpt":{"rendered":"<p>Annexe III : Pierre Vigne &#8211; 1670-1740 Il na\u00eet le 20 ao\u00fbt 1670, \u00e0 Privas, de parents protestants, mais il est baptis\u00e9 \u00e0 l&rsquo;\u00e9glise St. Thomas, car il n&rsquo;y avait pas de lieu de culte &#8230; <a href=\"http:\/\/vincentians.com\/fr\/francois-regis-clet-pretre-de-la-mission-martyr-en-chine-1748-1820-16\/\" class=\"more-link\">Read More<\/a><\/p>\n","protected":false},"author":4,"featured_media":107633,"comment_status":"open","ping_status":"open","sticky":false,"template":"","format":"standard","meta":{"jetpack_post_was_ever_published":false,"_jetpack_newsletter_access":"","_jetpack_dont_email_post_to_subs":false,"_jetpack_newsletter_tier_id":0,"_jetpack_memberships_contains_paywalled_content":false,"_jetpack_memberships_contains_paid_content":false,"footnotes":"","jetpack_publicize_message":"","jetpack_publicize_feature_enabled":true,"jetpack_social_post_already_shared":true,"jetpack_social_options":{"image_generator_settings":{"template":"highway","default_image_id":0,"font":"","enabled":false},"version":2}},"categories":[133],"tags":[],"class_list":["post-107649","post","type-post","status-publish","format-standard","has-post-thumbnail","hentry","category-francois-regis-clet"],"yoast_head":"<!-- This site is optimized with the Yoast SEO plugin v26.3 - https:\/\/yoast.com\/wordpress\/plugins\/seo\/ -->\n<title>Fran\u00e7ois-R\u00e9gis Clet : pr\u00eatre de la Mission, martyr en Chine, 1748-1820 (16) - Nous Sommes Vincentiens<\/title>\n<meta name=\"robots\" content=\"index, follow, max-snippet:-1, max-image-preview:large, max-video-preview:-1\" \/>\n<link rel=\"canonical\" href=\"http:\/\/vincentians.com\/fr\/francois-regis-clet-pretre-de-la-mission-martyr-en-chine-1748-1820-16\/\" \/>\n<meta property=\"og:locale\" content=\"fr_FR\" \/>\n<meta property=\"og:type\" content=\"article\" \/>\n<meta property=\"og:title\" content=\"Fran\u00e7ois-R\u00e9gis Clet : pr\u00eatre de la Mission, martyr en Chine, 1748-1820 (16) - Nous Sommes Vincentiens\" \/>\n<meta property=\"og:description\" content=\"Annexe III : Pierre Vigne &#8211; 1670-1740 Il na\u00eet le 20 ao\u00fbt 1670, \u00e0 Privas, de parents protestants, mais il est baptis\u00e9 \u00e0 l&rsquo;\u00e9glise St. Thomas, car il n&rsquo;y avait pas de lieu de culte ... Read More\" \/>\n<meta property=\"og:url\" content=\"http:\/\/vincentians.com\/fr\/francois-regis-clet-pretre-de-la-mission-martyr-en-chine-1748-1820-16\/\" \/>\n<meta property=\"og:site_name\" content=\"Nous Sommes Vincentiens\" \/>\n<meta property=\"article:publisher\" content=\"https:\/\/www.facebook.com\/WeAreVincentians\/\" \/>\n<meta property=\"article:author\" content=\"https:\/\/www.facebook.com\/JavierChento\" \/>\n<meta property=\"article:published_time\" content=\"2014-01-16T11:10:44+00:00\" \/>\n<meta name=\"author\" content=\"Francisco Javier Fern\u00e1ndez Chento\" \/>\n<meta name=\"twitter:card\" content=\"summary_large_image\" \/>\n<meta name=\"twitter:creator\" content=\"@https:\/\/twitter.com\/javierchento\" \/>\n<meta name=\"twitter:site\" content=\"@WeVincentians\" \/>\n<meta name=\"twitter:label1\" content=\"\u00c9crit par\" \/>\n\t<meta name=\"twitter:data1\" content=\"Francisco Javier Fern\u00e1ndez Chento\" \/>\n\t<meta name=\"twitter:label2\" content=\"Dur\u00e9e de lecture estim\u00e9e\" \/>\n\t<meta name=\"twitter:data2\" content=\"3 minutes\" \/>\n<script type=\"application\/ld+json\" class=\"yoast-schema-graph\">{\"@context\":\"https:\/\/schema.org\",\"@graph\":[{\"@type\":\"WebPage\",\"@id\":\"http:\/\/vincentians.com\/fr\/francois-regis-clet-pretre-de-la-mission-martyr-en-chine-1748-1820-16\/\",\"url\":\"http:\/\/vincentians.com\/fr\/francois-regis-clet-pretre-de-la-mission-martyr-en-chine-1748-1820-16\/\",\"name\":\"Fran\u00e7ois-R\u00e9gis Clet : pr\u00eatre de la Mission, martyr en Chine, 1748-1820 (16) - Nous Sommes Vincentiens\",\"isPartOf\":{\"@id\":\"https:\/\/vincentians.com\/fr\/#website\"},\"primaryImageOfPage\":{\"@id\":\"http:\/\/vincentians.com\/fr\/francois-regis-clet-pretre-de-la-mission-martyr-en-chine-1748-1820-16\/#primaryimage\"},\"image\":{\"@id\":\"http:\/\/vincentians.com\/fr\/francois-regis-clet-pretre-de-la-mission-martyr-en-chine-1748-1820-16\/#primaryimage\"},\"thumbnailUrl\":\"\",\"datePublished\":\"2014-01-16T11:10:44+00:00\",\"author\":{\"@id\":\"https:\/\/vincentians.com\/fr\/#\/schema\/person\/9623ef4d9aa3b2dfb8c061f1499288f2\"},\"breadcrumb\":{\"@id\":\"http:\/\/vincentians.com\/fr\/francois-regis-clet-pretre-de-la-mission-martyr-en-chine-1748-1820-16\/#breadcrumb\"},\"inLanguage\":\"fr-FR\",\"potentialAction\":[{\"@type\":\"ReadAction\",\"target\":[\"http:\/\/vincentians.com\/fr\/francois-regis-clet-pretre-de-la-mission-martyr-en-chine-1748-1820-16\/\"]}]},{\"@type\":\"ImageObject\",\"inLanguage\":\"fr-FR\",\"@id\":\"http:\/\/vincentians.com\/fr\/francois-regis-clet-pretre-de-la-mission-martyr-en-chine-1748-1820-16\/#primaryimage\",\"url\":\"\",\"contentUrl\":\"\"},{\"@type\":\"BreadcrumbList\",\"@id\":\"http:\/\/vincentians.com\/fr\/francois-regis-clet-pretre-de-la-mission-martyr-en-chine-1748-1820-16\/#breadcrumb\",\"itemListElement\":[{\"@type\":\"ListItem\",\"position\":1,\"name\":\"Portada\",\"item\":\"https:\/\/vincentians.com\/fr\/\"},{\"@type\":\"ListItem\",\"position\":2,\"name\":\"Fran\u00e7ois-R\u00e9gis Clet : pr\u00eatre de la Mission, martyr en Chine, 1748-1820 (16)\"}]},{\"@type\":\"WebSite\",\"@id\":\"https:\/\/vincentians.com\/fr\/#website\",\"url\":\"https:\/\/vincentians.com\/fr\/\",\"name\":\"Nous Sommes Vincentiens\",\"description\":\"Know more to serve more\",\"potentialAction\":[{\"@type\":\"SearchAction\",\"target\":{\"@type\":\"EntryPoint\",\"urlTemplate\":\"https:\/\/vincentians.com\/fr\/?s={search_term_string}\"},\"query-input\":{\"@type\":\"PropertyValueSpecification\",\"valueRequired\":true,\"valueName\":\"search_term_string\"}}],\"inLanguage\":\"fr-FR\"},{\"@type\":\"Person\",\"@id\":\"https:\/\/vincentians.com\/fr\/#\/schema\/person\/9623ef4d9aa3b2dfb8c061f1499288f2\",\"name\":\"Francisco Javier Fern\u00e1ndez Chento\",\"image\":{\"@type\":\"ImageObject\",\"inLanguage\":\"fr-FR\",\"@id\":\"https:\/\/vincentians.com\/fr\/#\/schema\/person\/image\/\",\"url\":\"https:\/\/secure.gravatar.com\/avatar\/497d5cde87b4c3d097d0315953521681ba2cd523ee66e5077c3711f7021e65de?s=96&d=mm&r=g\",\"contentUrl\":\"https:\/\/secure.gravatar.com\/avatar\/497d5cde87b4c3d097d0315953521681ba2cd523ee66e5077c3711f7021e65de?s=96&d=mm&r=g\",\"caption\":\"Francisco Javier Fern\u00e1ndez Chento\"},\"description\":\"Director General y cofundador de La Red de Formaci\u00f3n Vicenciana. Javier es laico vicenciano, afiliado a la Congregaci\u00f3n de la Misi\u00f3n y miembro del Equipo de Misiones Populares de la provincia can\u00f3nica de Zaragoza (Espa\u00f1a) de la Congregaci\u00f3n de la Misi\u00f3n. Graduado en la Universidad Oberta de Catalunya con cuatro grados (Asistente de direcci\u00f3n, Gesti\u00f3n Administrativa, Recursos Humanos y Contabilidad Avanzada). Bil\u00edng\u00fce Espa\u00f1ol\/Ingl\u00e9s. gestiona y mantiene varias p\u00e1ginas web cristianas y vicencianas, incluida including La Red de Formaci\u00f3n Vicenciana, de la que es cofundador. Actualmente es responsable del \u00e1rea de Espa\u00f1ol de .famvin, la Red de Noticias de la Familia Vicenciana. Tambi\u00e9n es m\u00fasico cat\u00f3lico y ha editado varios discos. Es Director General y cofundador de Trovador, una reconocida compa\u00f1\u00eda discogr\u00e1fica critiana de Espa\u00f1a. Trabaja en las Tecnolog\u00edas de la Informaci\u00f3n, ofreciendo servicios de alojamiento, dise\u00f1o y mantenimiento Web, as\u00ed como asesoramiento, formaci\u00f3n y soluciones inform\u00e1ticas, gesti\u00f3n documental y digitalizaci\u00f3n de textos, edici\u00f3n y maquetaci\u00f3n de libros, revistas, flyers, etc.\",\"sameAs\":[\"http:\/\/chento.org\",\"https:\/\/www.facebook.com\/JavierChento\",\"https:\/\/x.com\/https:\/\/twitter.com\/javierchento\"],\"url\":\"http:\/\/vincentians.com\/fr\/author\/chento\/\"}]}<\/script>\n<!-- \/ Yoast SEO plugin. -->","yoast_head_json":{"title":"Fran\u00e7ois-R\u00e9gis Clet : pr\u00eatre de la Mission, martyr en Chine, 1748-1820 (16) - Nous Sommes Vincentiens","robots":{"index":"index","follow":"follow","max-snippet":"max-snippet:-1","max-image-preview":"max-image-preview:large","max-video-preview":"max-video-preview:-1"},"canonical":"http:\/\/vincentians.com\/fr\/francois-regis-clet-pretre-de-la-mission-martyr-en-chine-1748-1820-16\/","og_locale":"fr_FR","og_type":"article","og_title":"Fran\u00e7ois-R\u00e9gis Clet : pr\u00eatre de la Mission, martyr en Chine, 1748-1820 (16) - Nous Sommes Vincentiens","og_description":"Annexe III : Pierre Vigne &#8211; 1670-1740 Il na\u00eet le 20 ao\u00fbt 1670, \u00e0 Privas, de parents protestants, mais il est baptis\u00e9 \u00e0 l&rsquo;\u00e9glise St. Thomas, car il n&rsquo;y avait pas de lieu de culte ... Read More","og_url":"http:\/\/vincentians.com\/fr\/francois-regis-clet-pretre-de-la-mission-martyr-en-chine-1748-1820-16\/","og_site_name":"Nous Sommes Vincentiens","article_publisher":"https:\/\/www.facebook.com\/WeAreVincentians\/","article_author":"https:\/\/www.facebook.com\/JavierChento","article_published_time":"2014-01-16T11:10:44+00:00","author":"Francisco Javier Fern\u00e1ndez Chento","twitter_card":"summary_large_image","twitter_creator":"@https:\/\/twitter.com\/javierchento","twitter_site":"@WeVincentians","twitter_misc":{"\u00c9crit par":"Francisco Javier Fern\u00e1ndez Chento","Dur\u00e9e de lecture estim\u00e9e":"3 minutes"},"schema":{"@context":"https:\/\/schema.org","@graph":[{"@type":"WebPage","@id":"http:\/\/vincentians.com\/fr\/francois-regis-clet-pretre-de-la-mission-martyr-en-chine-1748-1820-16\/","url":"http:\/\/vincentians.com\/fr\/francois-regis-clet-pretre-de-la-mission-martyr-en-chine-1748-1820-16\/","name":"Fran\u00e7ois-R\u00e9gis Clet : pr\u00eatre de la Mission, martyr en Chine, 1748-1820 (16) - Nous Sommes Vincentiens","isPartOf":{"@id":"https:\/\/vincentians.com\/fr\/#website"},"primaryImageOfPage":{"@id":"http:\/\/vincentians.com\/fr\/francois-regis-clet-pretre-de-la-mission-martyr-en-chine-1748-1820-16\/#primaryimage"},"image":{"@id":"http:\/\/vincentians.com\/fr\/francois-regis-clet-pretre-de-la-mission-martyr-en-chine-1748-1820-16\/#primaryimage"},"thumbnailUrl":"","datePublished":"2014-01-16T11:10:44+00:00","author":{"@id":"https:\/\/vincentians.com\/fr\/#\/schema\/person\/9623ef4d9aa3b2dfb8c061f1499288f2"},"breadcrumb":{"@id":"http:\/\/vincentians.com\/fr\/francois-regis-clet-pretre-de-la-mission-martyr-en-chine-1748-1820-16\/#breadcrumb"},"inLanguage":"fr-FR","potentialAction":[{"@type":"ReadAction","target":["http:\/\/vincentians.com\/fr\/francois-regis-clet-pretre-de-la-mission-martyr-en-chine-1748-1820-16\/"]}]},{"@type":"ImageObject","inLanguage":"fr-FR","@id":"http:\/\/vincentians.com\/fr\/francois-regis-clet-pretre-de-la-mission-martyr-en-chine-1748-1820-16\/#primaryimage","url":"","contentUrl":""},{"@type":"BreadcrumbList","@id":"http:\/\/vincentians.com\/fr\/francois-regis-clet-pretre-de-la-mission-martyr-en-chine-1748-1820-16\/#breadcrumb","itemListElement":[{"@type":"ListItem","position":1,"name":"Portada","item":"https:\/\/vincentians.com\/fr\/"},{"@type":"ListItem","position":2,"name":"Fran\u00e7ois-R\u00e9gis Clet : pr\u00eatre de la Mission, martyr en Chine, 1748-1820 (16)"}]},{"@type":"WebSite","@id":"https:\/\/vincentians.com\/fr\/#website","url":"https:\/\/vincentians.com\/fr\/","name":"Nous Sommes Vincentiens","description":"Know more to serve more","potentialAction":[{"@type":"SearchAction","target":{"@type":"EntryPoint","urlTemplate":"https:\/\/vincentians.com\/fr\/?s={search_term_string}"},"query-input":{"@type":"PropertyValueSpecification","valueRequired":true,"valueName":"search_term_string"}}],"inLanguage":"fr-FR"},{"@type":"Person","@id":"https:\/\/vincentians.com\/fr\/#\/schema\/person\/9623ef4d9aa3b2dfb8c061f1499288f2","name":"Francisco Javier Fern\u00e1ndez Chento","image":{"@type":"ImageObject","inLanguage":"fr-FR","@id":"https:\/\/vincentians.com\/fr\/#\/schema\/person\/image\/","url":"https:\/\/secure.gravatar.com\/avatar\/497d5cde87b4c3d097d0315953521681ba2cd523ee66e5077c3711f7021e65de?s=96&d=mm&r=g","contentUrl":"https:\/\/secure.gravatar.com\/avatar\/497d5cde87b4c3d097d0315953521681ba2cd523ee66e5077c3711f7021e65de?s=96&d=mm&r=g","caption":"Francisco Javier Fern\u00e1ndez Chento"},"description":"Director General y cofundador de La Red de Formaci\u00f3n Vicenciana. Javier es laico vicenciano, afiliado a la Congregaci\u00f3n de la Misi\u00f3n y miembro del Equipo de Misiones Populares de la provincia can\u00f3nica de Zaragoza (Espa\u00f1a) de la Congregaci\u00f3n de la Misi\u00f3n. Graduado en la Universidad Oberta de Catalunya con cuatro grados (Asistente de direcci\u00f3n, Gesti\u00f3n Administrativa, Recursos Humanos y Contabilidad Avanzada). Bil\u00edng\u00fce Espa\u00f1ol\/Ingl\u00e9s. gestiona y mantiene varias p\u00e1ginas web cristianas y vicencianas, incluida including La Red de Formaci\u00f3n Vicenciana, de la que es cofundador. Actualmente es responsable del \u00e1rea de Espa\u00f1ol de .famvin, la Red de Noticias de la Familia Vicenciana. Tambi\u00e9n es m\u00fasico cat\u00f3lico y ha editado varios discos. Es Director General y cofundador de Trovador, una reconocida compa\u00f1\u00eda discogr\u00e1fica critiana de Espa\u00f1a. Trabaja en las Tecnolog\u00edas de la Informaci\u00f3n, ofreciendo servicios de alojamiento, dise\u00f1o y mantenimiento Web, as\u00ed como asesoramiento, formaci\u00f3n y soluciones inform\u00e1ticas, gesti\u00f3n documental y digitalizaci\u00f3n de textos, edici\u00f3n y maquetaci\u00f3n de libros, revistas, flyers, etc.","sameAs":["http:\/\/chento.org","https:\/\/www.facebook.com\/JavierChento","https:\/\/x.com\/https:\/\/twitter.com\/javierchento"],"url":"http:\/\/vincentians.com\/fr\/author\/chento\/"}]}},"jetpack_publicize_connections":[],"jetpack_featured_media_url":"","jetpack_sharing_enabled":true,"jetpack_shortlink":"https:\/\/wp.me\/p7ETMP-s0h","jetpack-related-posts":[{"id":107652,"url":"http:\/\/vincentians.com\/fr\/francois-regis-clet-pretre-de-la-mission-martyr-en-chine-1748-1820-15\/","url_meta":{"origin":107649,"position":0},"title":"Fran\u00e7ois-R\u00e9gis Clet : pr\u00eatre de la Mission, martyr en Chine, 1748-1820 (15)","author":"Francisco Javier Fern\u00e1ndez Chento","date":"15\/01\/2014","format":false,"excerpt":"Annexe II : Les principales dates de la vie du P. Fran\u00e7ois-R\u00e9gis Clet 1748 19 ao\u00fbt Naissance de Fran\u00e7ois R\u00e9gis \u00e0 Grenoble au n\u00b0 14 de la rue Porte-Traine 1748 23 ao\u00fbt Bapt\u00eame \u00e0 l'\u00e9glise St. Louis 1769 6 mars Entr\u00e9e dans la Congr\u00e9gation de la Mission \u00e0 Lyon 1771\u2026","rel":"","context":"Dans &quot;Fran\u00e7ois-R\u00e9gis Clet&quot;","block_context":{"text":"Fran\u00e7ois-R\u00e9gis Clet","link":"http:\/\/vincentians.com\/fr\/category\/francois-regis-clet\/"},"img":{"alt_text":"","src":"","width":0,"height":0},"classes":[]},{"id":107653,"url":"http:\/\/vincentians.com\/fr\/francois-regis-clet-pretre-de-la-mission-martyr-en-chine-1748-1820-14\/","url_meta":{"origin":107649,"position":1},"title":"Fran\u00e7ois-R\u00e9gis Clet : pr\u00eatre de la Mission, martyr en Chine, 1748-1820 (14)","author":"Francisco Javier Fern\u00e1ndez Chento","date":"14\/01\/2014","format":false,"excerpt":"Annexe I : Les grandes dates de l'histoire chr\u00e9tienne de la Chine 645 Introduction du bouddhisme en Chine par un p\u00e8lerin chinois de retour d'un p\u00e8lerinage en Inde aux sources du bouddhisme. 627-549 R\u00e8gne de l'empereur Taitsong le Grand 635 Arriv\u00e9e \u00e0 la capitale Tchan-Ngan du moine nestorien Alopen venant\u2026","rel":"","context":"Dans &quot;Fran\u00e7ois-R\u00e9gis Clet&quot;","block_context":{"text":"Fran\u00e7ois-R\u00e9gis Clet","link":"http:\/\/vincentians.com\/fr\/category\/francois-regis-clet\/"},"img":{"alt_text":"","src":"","width":0,"height":0},"classes":[]},{"id":107654,"url":"http:\/\/vincentians.com\/fr\/francois-regis-clet-pretre-de-la-mission-martyr-en-chine-1748-1820-13\/","url_meta":{"origin":107649,"position":2},"title":"Fran\u00e7ois-R\u00e9gis Clet : pr\u00eatre de la Mission, martyr en Chine, 1748-1820 (13)","author":"Francisco Javier Fern\u00e1ndez Chento","date":"13\/01\/2014","format":false,"excerpt":"XII - La V\u00e9n\u00e9ration \u00e0 l'\u00e9gard du martyr Le P. Clet \u00e9tait entour\u00e9 d'une telle r\u00e9putation de saintet\u00e9 que sa tombe devint l'objet d'un v\u00e9ritable p\u00e8lerinage. Les chr\u00e9tiens et les pa\u00efens allaient, avec une totale confiance, demander au saint martyr la d\u00e9livrance de leurs maux. Ils allaient jusqu'\u00e0 arracher les\u2026","rel":"","context":"Dans &quot;Fran\u00e7ois-R\u00e9gis Clet&quot;","block_context":{"text":"Fran\u00e7ois-R\u00e9gis Clet","link":"http:\/\/vincentians.com\/fr\/category\/francois-regis-clet\/"},"img":{"alt_text":"Vie du Bienheureux Fran\u00e7ois-R\u00e9gis Clet : pr\u00eatre de la Congr\u00e9","src":"https:\/\/i0.wp.com\/vincentiens.org\/wp-content\/uploads\/2014\/01\/regis_clet-210x300.jpg?resize=350%2C200","width":350,"height":200},"classes":[]},{"id":37777,"url":"http:\/\/vincentians.com\/fr\/jusquau-bout-de-lamour-francois-regis-clet-1748-1820\/","url_meta":{"origin":107649,"position":3},"title":"\u00abJusqu\u2019au Bout De L\u2019amour&#8230;\u00bb: Fran\u00e7ois-R\u00e9gis Clet (1748-1820)","author":"Francisco Javier Fern\u00e1ndez Chento","date":"30\/12\/2012","format":false,"excerpt":"\u00c0 la decouverte de l\u2019amour 1) L\u2019enfance d\u2019une vie Grenoble \u00abla rebelle: compte pr\u00e8s de 30 000 habitants en cette ann\u00e9e 1748. La famille Clet habite la rue Porte Traine, au num\u00e9ro 14, pr\u00e8s de l\u2019atelier du n\u00e9gociant en toiles qui emploie le p\u00e8re. C\u00e9saire Clet est mari\u00e9 \u00e0 Claudine\u2026","rel":"","context":"Dans &quot;Fran\u00e7ois-R\u00e9gis Clet&quot;","block_context":{"text":"Fran\u00e7ois-R\u00e9gis Clet","link":"http:\/\/vincentians.com\/fr\/category\/francois-regis-clet\/"},"img":{"alt_text":"Fran\u00e7ois-R\u00e9gis Clet","src":"https:\/\/i0.wp.com\/vincentiens.org\/wp-content\/uploads\/2012\/12\/Fco_Regis_Clet-163x300.jpg?resize=350%2C200","width":350,"height":200},"classes":[]},{"id":107636,"url":"http:\/\/vincentians.com\/fr\/francois-regis-clet-pretre-de-la-mission-martyr-en-chine-1748-1820-02\/","url_meta":{"origin":107649,"position":4},"title":"Fran\u00e7ois-R\u00e9gis Clet : pr\u00eatre de la Mission, martyr en Chine, 1748-1820 (02)","author":"Francisco Javier Fern\u00e1ndez Chento","date":"02\/01\/2014","format":false,"excerpt":"I - Les origines Le Pays Le caract\u00e8re d'un homme est marqu\u00e9 par ses origines, son pays, sa famille, sa formation premi\u00e8re, son si\u00e8cle. Il n'y a que Melchis\u00e9dech dont l'\u00c9criture dit qu'il n'avait ni p\u00e8re ni m\u00e8re, ni g\u00e9n\u00e9alogie (H\u00e9br. 7, 3). Le saint missionnaire dont nous allons essayer\u2026","rel":"","context":"Dans &quot;Fran\u00e7ois-R\u00e9gis Clet&quot;","block_context":{"text":"Fran\u00e7ois-R\u00e9gis Clet","link":"http:\/\/vincentians.com\/fr\/category\/francois-regis-clet\/"},"img":{"alt_text":"Vie du Bienheureux Fran\u00e7ois-R\u00e9gis Clet : pr\u00eatre de la Congr\u00e9","src":"https:\/\/i0.wp.com\/vincentiens.org\/wp-content\/uploads\/2014\/01\/regis_clet-210x300.jpg?resize=350%2C200","width":350,"height":200},"classes":[]},{"id":107672,"url":"http:\/\/vincentians.com\/fr\/francois-regis-clet-pretre-de-la-mission-martyr-en-chine-1748-1820-19\/","url_meta":{"origin":107649,"position":5},"title":"Fran\u00e7ois-R\u00e9gis Clet : pr\u00eatre de la Mission, martyr en Chine, 1748-1820 (19)","author":"Francisco Javier Fern\u00e1ndez Chento","date":"19\/01\/2014","format":false,"excerpt":"Annexe VI : Le r\u00e9gime p\u00e9nitentiaire chinois propos\u00e9 en exemple Le P. Clet envoie \u00e0 son correspondant \u00e0 Paris, son confr\u00e8re M. Richenet, une description d\u00e9taill\u00e9e des prisons de Chine, souhaitant qu'avec l'agr\u00e9ment du Sup\u00e9rieur g\u00e9n\u00e9ral, elle soit publi\u00e9e et transmise aux pouvoirs publics de la France, mais ne veut\u2026","rel":"","context":"Dans &quot;Fran\u00e7ois-R\u00e9gis Clet&quot;","block_context":{"text":"Fran\u00e7ois-R\u00e9gis Clet","link":"http:\/\/vincentians.com\/fr\/category\/francois-regis-clet\/"},"img":{"alt_text":"","src":"","width":0,"height":0},"classes":[]}],"_links":{"self":[{"href":"http:\/\/vincentians.com\/fr\/wp-json\/wp\/v2\/posts\/107649","targetHints":{"allow":["GET"]}}],"collection":[{"href":"http:\/\/vincentians.com\/fr\/wp-json\/wp\/v2\/posts"}],"about":[{"href":"http:\/\/vincentians.com\/fr\/wp-json\/wp\/v2\/types\/post"}],"author":[{"embeddable":true,"href":"http:\/\/vincentians.com\/fr\/wp-json\/wp\/v2\/users\/4"}],"replies":[{"embeddable":true,"href":"http:\/\/vincentians.com\/fr\/wp-json\/wp\/v2\/comments?post=107649"}],"version-history":[{"count":0,"href":"http:\/\/vincentians.com\/fr\/wp-json\/wp\/v2\/posts\/107649\/revisions"}],"wp:featuredmedia":[{"embeddable":true,"href":"http:\/\/vincentians.com\/fr\/wp-json\/"}],"wp:attachment":[{"href":"http:\/\/vincentians.com\/fr\/wp-json\/wp\/v2\/media?parent=107649"}],"wp:term":[{"taxonomy":"category","embeddable":true,"href":"http:\/\/vincentians.com\/fr\/wp-json\/wp\/v2\/categories?post=107649"},{"taxonomy":"post_tag","embeddable":true,"href":"http:\/\/vincentians.com\/fr\/wp-json\/wp\/v2\/tags?post=107649"}],"curies":[{"name":"wp","href":"https:\/\/api.w.org\/{rel}","templated":true}]}}