{"id":107622,"date":"2014-01-01T11:08:31","date_gmt":"2014-01-01T10:08:31","guid":{"rendered":"http:\/\/vincentiens.org\/?p=107622"},"modified":"2014-01-01T11:08:31","modified_gmt":"2014-01-01T10:08:31","slug":"la-devotion-mariale-chez-saint-vincent-de-paul-et-les-pretres-de-la-mission-premiere-periode","status":"publish","type":"post","link":"http:\/\/vincentians.com\/fr\/la-devotion-mariale-chez-saint-vincent-de-paul-et-les-pretres-de-la-mission-premiere-periode\/","title":{"rendered":"La d\u00e9votion mariale chez Saint Vincent de Paul et les Pr\u00eatres de la Mission. Premi\u00e8re p\u00e9riode"},"content":{"rendered":"<p><a href=\"https:\/\/i0.wp.com\/vincentiens.org\/wp-content\/uploads\/2014\/01\/crapez.jpg\"><img data-recalc-dims=\"1\" loading=\"lazy\" decoding=\"async\" class=\"alignright size-full wp-image-107623\" alt=\"crapez\" src=\"https:\/\/i0.wp.com\/vincentiens.org\/wp-content\/uploads\/2014\/01\/crapez.jpg?resize=162%2C200\" width=\"162\" height=\"200\" \/><\/a>La vie mariale de M.\u00a0Vincent se r\u00e9v\u00e8le \u00e0 quiconque, refusant de se laisser \u00e9blouir par l\u2019\u00e9clat de ses \u0153uvres, cherche \u00e0 p\u00e9n\u00e9trer l\u2019un des secrets de sa spiritualit\u00e9, l\u2019esprit de ses fondations apostoliques. La doctrine mariale qu\u2019il professe, la d\u00e9votion qu\u2019il pratique envers la Sainte Vierge, qu\u2019il enseigne \u00e0 ses missionnaires, qu\u2019il propage par toutes les initiatives issues de sa charit\u00e9, sont \u00e0 souligner d\u2019apr\u00e8s les documents authentiques.<\/p>\n<p>On peut distinguer deux p\u00e9riodes dans cette histoire de la vie mariale vincentienne\u00a0: 1\u00b0 de saint Vincent de Paul \u00e0 la R\u00e9volution fran\u00e7aise\u00a0; 2\u00b0 depuis la manifestation de Notre-Dame de la M\u00e9daille Miraculeuse, en 1830, jusqu\u2019\u00e0 nos jours.<\/p>\n<h2><strong>Premi\u00e8re p\u00e9riode de Saint Vincent de Paul (1581-1660) \u00e0 la R\u00e9volution Fran\u00e7aise (1789)<\/strong><\/h2>\n<h3>1\u00b0 Saint Vincet de Paul : le\u00e7ons et exemples<\/h3>\n<p>Le premier historien de Saint Vincent a \u00e9crit en 1664 : <em>\u00abIl y a grande raison de croire que M.\u00a0Vincent, qui avait une telle affection de se conformer \u00e0 toutes les volont\u00e9s de Dieu et de suivre fid\u00e8lement la conduite de son \u00c9glise et les exemples des saints, se sera dignement acquitt\u00e9 de tous les devoirs de d\u00e9votion et de pi\u00e9t\u00e9 envers cette tr\u00e8s sainte M\u00e8re de Dieu. Aussi en a-t-il donn\u00e9 des preuves et laiss\u00e9 des marques consid\u00e9rables. Car, en premier lieu, parmi les r\u00e8glements qu\u2019il a donn\u00e9s \u00e0 sa Congr\u00e9gation, il a mis celui-ci comme l\u2019un des principaux, et dont il recommandait fort particuli\u00e8rement l\u2019observance aux siens\u00bb<\/em><span id='easy-footnote-1-107622' class='easy-footnote-margin-adjust'><\/span><span class='easy-footnote'><a href='http:\/\/vincentians.com\/fr\/la-devotion-mariale-chez-saint-vincent-de-paul-et-les-pretres-de-la-mission-premiere-periode\/#easy-footnote-bottom-1-107622' title='Louis ABELLY, \u00e9v\u00eaque de Rodez, &lt;em&gt;Vie de saint Vincent de Paul&lt;\/em&gt; (\u00e9dition Gaume, 1891), t. III, p. 129.'><sup>1<\/sup><\/a><\/span> . Et Abelly cite le paragraphe des R\u00e8gles communes de la Mission, concernant la d\u00e9votion envers la Sainte Vierge.<\/p>\n<p>Voici le texte de cette r\u00e8gle\u00a0: <em>\u00abParce que la bulle<\/em> (d\u2019\u00e9rection de la Congr\u00e9gation) <em>nous recommande en termes expr\u00e8s d\u2019honorer d\u2019un culte particulier la Bienheureuse Vierge Marie, et que nous sommes d\u2019ailleurs et \u00e0 divers titres oblig\u00e9s \u00e0 cela, nous t\u00e2cherons tous et un chacun de nous acquitter parfaitement, Dieu aidant, de ce devoir\u00a0: 1\u00b0 en rendant tous les jours, et avec une d\u00e9votion particuli\u00e8re, quelque service \u00e0 cette tr\u00e8s digne M\u00e8re de Dieu et la n\u00f4tre\u00a0; 2\u00b0 en imitant, autant que nous le pourrons, ses vertus, particuli\u00e8rement son humilit\u00e9 et sa chastet\u00e9\u00a0; 3\u00b0 en exhortant ardemment les autres, toutes les fois que nous en aurons la commodit\u00e9 et le pouvoir, \u00e0 ce qu\u2019ils lui rendent toujours un grand honneur et le service qu\u2019elle m\u00e9rite\u00bb<\/em>.<span id='easy-footnote-2-107622' class='easy-footnote-margin-adjust'><\/span><span class='easy-footnote'><a href='http:\/\/vincentians.com\/fr\/la-devotion-mariale-chez-saint-vincent-de-paul-et-les-pretres-de-la-mission-premiere-periode\/#easy-footnote-bottom-2-107622' title='&lt;em&gt;R\u00e8gles communes de la Congr\u00e9gation de la Mission&lt;\/em&gt;. Chapitres X, \u00a7 4'><sup>2<\/sup><\/a><\/span>\n<p>Au t\u00e9moignage d\u2019un bon juge, <em>\u00abla r\u00e8gle des Lazaristes constitue, avec son commentaire, recueilli dans le second volume des Entretiens, le document le plus authentique et le plus r\u00e9fl\u00e9chi sur la spiritualit\u00e9 de saint Vincent de Paul\u00bb<\/em><span id='easy-footnote-3-107622' class='easy-footnote-margin-adjust'><\/span><span class='easy-footnote'><a href='http:\/\/vincentians.com\/fr\/la-devotion-mariale-chez-saint-vincent-de-paul-et-les-pretres-de-la-mission-premiere-periode\/#easy-footnote-bottom-3-107622' title='Pierre DEFFRENNES, S.J., &lt;em&gt;La vocation de saint Vincent de Paul: \u00e9tude de psychologie surnaturelle&lt;\/em&gt;. (Revue d&amp;rsquo;asc\u00e9tique et de mystique, XIIIe ann\u00e9e, n\u00b0 49, janvier 1932, p. 65). Les &lt;em&gt;Entretiens&lt;\/em&gt; aux Missionnaires, dont il s&amp;rsquo;agit, sont les tomes XI et XII de la Collection de \u00abSaint Vincent de Paul\u00bb par Pierre COSTE, pr\u00eatre de la Mission.'><sup>3<\/sup><\/a><\/span>.<\/p>\n<p>Or le chapitre\u00a0X de la r\u00e8gle, remise aux missionnaires le 17\u00a0mai 1658, parmi les Exercices de pi\u00e9t\u00e9 ou pratiques spirituelles \u00e0 observer dans la Congr\u00e9gation, recommande en premi\u00e8re ligne le culte des grands myst\u00e8res de la Trinit\u00e9 et de l\u2019Incarnation, au moyen surtout de la Sainte Eucharistie, consid\u00e9r\u00e9e comme sacrement et comme sacrifice, et aussit\u00f4t apr\u00e8s, la d\u00e9votion envers la Bienheureuse Vierge Marie, m\u00e8re de Dieu et des hommes.<\/p>\n<p>La bulle d\u2019\u00e9rection de la Congr\u00e9gation de la Mission, par Urbain VIII, du 12\u00a0janvier 1632, \u00e0 laquelle la R\u00e8gle se r\u00e9f\u00e8re, dit explicitement\u00a0: <em>\u00abCultus peculiaris sit Sanctissimam Trinitatem, sacrum Incarnationis mysterium et Beatissimam Virginem Dei Matrem Mariam venerari\u00bb<\/em><span id='easy-footnote-4-107622' class='easy-footnote-margin-adjust'><\/span><span class='easy-footnote'><a href='http:\/\/vincentians.com\/fr\/la-devotion-mariale-chez-saint-vincent-de-paul-et-les-pretres-de-la-mission-premiere-periode\/#easy-footnote-bottom-4-107622' title='Pierre COSTE, C.M., &lt;em&gt;Saint Vincent de Paul : correspondance, entretiens, documents&lt;\/em&gt;. Paris, Gabalda, 1920-1925, t. XIII, p. 260.'><sup>4<\/sup><\/a><\/span>.<\/p>\n<p>M.\u00a0Vincent <em>\u00aba toujours recommand\u00e9 et conseill\u00e9 \u00e0 un chacun d\u2019avoir une sp\u00e9ciale d\u00e9votion \u00e0 cette Reine du Ciel\u00bb<\/em><span id='easy-footnote-5-107622' class='easy-footnote-margin-adjust'><\/span><span class='easy-footnote'><a href='http:\/\/vincentians.com\/fr\/la-devotion-mariale-chez-saint-vincent-de-paul-et-les-pretres-de-la-mission-premiere-periode\/#easy-footnote-bottom-5-107622' title='ABELLY, loco citato, p. 130.'><sup>5<\/sup><\/a><\/span>.<\/p>\n<p>Il suffit pour s\u2019en convaincre d\u2019ouvrir les <em>Sermons de saint Vincent de Paul<\/em>, de ses coop\u00e9rateurs et successeurs imm\u00e9diats pour les missions des campagnes, publi\u00e9s pour la premi\u00e8re fois avec l\u2019autorisation de Mgr\u00a0l\u2019\u00c9v\u00eaque de Saint-Di\u00e9, par les soins de l\u2019abb\u00e9 Jeanmarie, professeur au S\u00e9minaire de Ch\u00e2tel (Vosges), en 1859<span id='easy-footnote-6-107622' class='easy-footnote-margin-adjust'><\/span><span class='easy-footnote'><a href='http:\/\/vincentians.com\/fr\/la-devotion-mariale-chez-saint-vincent-de-paul-et-les-pretres-de-la-mission-premiere-periode\/#easy-footnote-bottom-6-107622' title='Paris, BALDEVECK, rue Madame'><sup>6<\/sup><\/a><\/span>. L\u2019auteur d\u00e9clare poss\u00e9der la collection manuscrite et in\u00e9dite des instructions donn\u00e9es aux campagnes d\u00e8s 1625. De longues et patientes recherches n\u2019ont pu lui faire acqu\u00e9rir la certitude que saint Vincent de Paul a lui-m\u00eame compos\u00e9 ces discours, mais l\u2019on peut affirmer qu\u2019il en a au moins donn\u00e9 le canevas, travaill\u00e9 et dispos\u00e9 les mat\u00e9riaux avec MM.\u00a0Portail, Alm\u00e9ras, du Coudray et de la Salle, ses amis et coop\u00e9rateurs.<\/p>\n<p>Le 48e Sermon a pour objet\u00a0: la d\u00e9votion \u00e0 la Sainte Vierge et prend pour texte ce mot des Proverbes\u00a0: <em>Ego diligentes me diligo<\/em> (VIII, 17). <em>\u00abVoil\u00e0 des paroles qui conviennent premi\u00e8rement \u00e0 la Sagesse incr\u00e9\u00e9e, et qui sont ensuite appliqu\u00e9es par le Saint Esprit m\u00eame \u00e0 Marie, m\u00e8re de J\u00e9sus. C\u2019est aussi par l\u2019instinct de cet Esprit divin que l\u2019\u00c9glise les fait chanter aux t\u00eates principales de cette Vierge immacul\u00e9e<\/em><span id='easy-footnote-7-107622' class='easy-footnote-margin-adjust'><\/span><span class='easy-footnote'><a href='http:\/\/vincentians.com\/fr\/la-devotion-mariale-chez-saint-vincent-de-paul-et-les-pretres-de-la-mission-premiere-periode\/#easy-footnote-bottom-7-107622' title='Ibid., t. II, p. 367'><sup>7<\/sup><\/a><\/span>.\u00bb<\/p>\n<p>Remarquons, d\u00e8s le d\u00e9but de l\u2019instruction mariale, le titre d\u2019Immacul\u00e9e donn\u00e9 \u00e0 la Vierge. L\u2019\u00c9glise a pu dire, dans l\u2019office de la Manifestation de Notre-Dame de la M\u00e9daille Miraculeuse (1894) que la Soci\u00e9t\u00e9 des Pr\u00eatres de la Mission est toujours rest\u00e9e fid\u00e8le, pour la profession et le culte de l\u2019Immacul\u00e9e Conception, aux traditions de son saint Fondateur.<\/p>\n<p>Le discours des premiers missionnaires emprunte \u00e0 une pens\u00e9e de saint Bernard la division suivante\u00a0: Marie est la m\u00e8re de Dieu, tel est le premier motif de se d\u00e9vouer \u00e0 son service\u00a0; Marie est notre m\u00e8re, tel est le second. Ces deux motifs reproduisent exactement l\u2019id\u00e9e centrale de la r\u00e8gle des Lazaristes. Le d\u00e9veloppement de ces pens\u00e9es est d\u2019une nettet\u00e9 et d\u2019un charme qui \u00e9voquent la mani\u00e8re du Grand Si\u00e8cle (p.\u00a0367-383).<\/p>\n<p>C\u2019est au cours d\u2019une retraite donn\u00e9e par les missionnaires Lazaristes, dans la chapelle du ch\u00e2teau de Saint-Germain-en-Laye, que fut d\u00e9cid\u00e9e, sign\u00e9e, le dixi\u00e8me jour de f\u00e9vrier de l\u2019an de gr\u00e2ce mil six cent trente-huit, la d\u00e9claration officielle du V\u0153u de Louis XIII, la cons\u00e9cration du royaume \u00e0 la Tr\u00e8s Sainte Vierge avec la procession du 15\u00a0ao\u00fbt.<\/p>\n<p>Abelly pouvait, en toute v\u00e9rit\u00e9, affirmer de M.\u00a0Vincent\u00a0: <em>\u00abLa d\u00e9votion de ce saint homme envers la M\u00e8re de Dieu a paru grandement par les pr\u00e9dications qu\u2019il a faites en son honneur dans les missions o\u00f9 il a travaill\u00e9, et par la pratique qu\u2019il a introduite parmi les siens de faire de m\u00eame, et d\u2019instruire soigneusement le peuple des obligations particuli\u00e8res que les chr\u00e9tiens ont d\u2019honorer, servir et invoquer cette tr\u00e8s sainte M\u00e8re de Dieu et de recourir \u00e0 Elle en leurs besoins et n\u00e9cessit\u00e9s<\/em><span id='easy-footnote-8-107622' class='easy-footnote-margin-adjust'><\/span><span class='easy-footnote'><a href='http:\/\/vincentians.com\/fr\/la-devotion-mariale-chez-saint-vincent-de-paul-et-les-pretres-de-la-mission-premiere-periode\/#easy-footnote-bottom-8-107622' title='ABELLY, loco citato, p. 131.'><sup>8<\/sup><\/a><\/span>.\u00bb<\/p>\n<p>Saint Vincent de Paul a pr\u00each\u00e9 la d\u00e9votion mariale par son exemple autant que par ses \u00e9crits. Parlant de sa captivit\u00e9 en Barbarie, il \u00e9crivait \u00e0 M.\u00a0de Comet, le 24\u00a0juillet 1607\u00a0: \u00abDieu op\u00e9ra toujours en moi une croyance de d\u00e9livrance par les assidues pri\u00e8res que je lui faisais et <em>\u00e0 la Sainte Vierge Marie, par la seule intercession de laquelle je crois fermement avoir \u00e9t\u00e9 d\u00e9livr\u00e9<\/em>.\u00bb Et le chant qui lui revient \u00e0 la m\u00e9moire, en ces jours d\u2019exil, en son apostolat de prisonnier, se trouve \u00eatre, avec le psaume <em>Super flumina Babylonis<\/em>, l\u2019antienne <em>Salve Regina<\/em><span id='easy-footnote-9-107622' class='easy-footnote-margin-adjust'><\/span><span class='easy-footnote'><a href='http:\/\/vincentians.com\/fr\/la-devotion-mariale-chez-saint-vincent-de-paul-et-les-pretres-de-la-mission-premiere-periode\/#easy-footnote-bottom-9-107622' title='COSTE, &lt;em&gt;Saint Vincent-de-Paul&lt;\/em&gt;, t. I , p. 7 et p. 10.'><sup>9<\/sup><\/a><\/span> <em>\u00bb<\/em>.<\/p>\n<p>Ainsi le premier document \u00e9crit que nous poss\u00e9dions de saint Vincent de Paul mentionne sa d\u00e9votion personnelle envers la Tr\u00e8s Sainte Vierge, sa premi\u00e8re exp\u00e9rience mariale.<\/p>\n<p>Selon le mot de l\u2019abb\u00e9 Maynard, Marie a \u00e9t\u00e9 la premi\u00e8re institutrice de saint Vincent. Fervent de la liturgie mariale, le fondateur de la Mission, dit Abelly, <em>\u00abje\u00fbnait exactement les veilles de f\u00eates (de la Sainte Vierge) et se pr\u00e9parait \u00e0 les c\u00e9l\u00e9brer par plusieurs autres mortifications et bonnes \u0153uvres\u00a0; et, par son exemple, il a introduit cette sainte pratique parmi les siens. Il ne manquait pas d\u2019officier solennellement les jours de ses f\u00eates et il le faisait avec de tels sentiments de d\u00e9votion que l\u2019on pouvait ais\u00e9ment conna\u00eetre quel \u00e9tait son c\u0153ur \u00e0 l\u2019\u00e9gard de cette tr\u00e8s Sainte Vierge. Il avait aussi une d\u00e9votion particuli\u00e8re de c\u00e9l\u00e9brer la sainte messe dans ses chapelles et aux autels qui \u00e9taient d\u00e9di\u00e9s en son honneur.<\/em><i><br \/>\n<em>Comme il faisait l\u2019ouverture des conf\u00e9rences et des assembl\u00e9es o\u00f9 il se trouvait par l\u2019invocation du Saint Esprit, il les terminait toujours par quelque antienne et oraison en l\u2019honneur de cette tr\u00e8s sainte M\u00e8re de Dieu.<\/em><br \/>\n<em>Il portait toujours un chapelet \u00e0 sa ceinture, tant pour le dire souvent, comme il faisait, que pour faire par cette marque ext\u00e9rieure une profession ouverte de sa d\u00e9votion et v\u00e9n\u00e9ration envers la Reine du Ciel et se d\u00e9clarer publiquement pour l\u2019un de ses tr\u00e8s fid\u00e8les et d\u00e9vots serviteurs.<\/em><br \/>\n<em>En quelque lieu qu\u2019il se trouv\u00e2t, soit \u00e0 la maison, soit en d\u2019autres endroits de la ville, quoi que ce f\u00fbt en la compagnie de personnes consid\u00e9rables, aussit\u00f4t qu\u2019il entendait sonner la Salutation Ang\u00e9lique, il se mettait \u00e0 genoux \u2014 hors le temps pascal et les dimanches qu\u2019on la dit debout \u2014 pour lui offrir cette pri\u00e8re avec le respect convenable\u00a0; et son exemple obligeait les autres \u00e0 faire de m\u00eame.<\/em><br \/>\n<em>Il allait tr\u00e8s souvent visiter par d\u00e9votion les \u00e9glises d\u00e9di\u00e9es \u00e0 Dieu sous l\u2019invocation de cette bienheureuse Vierge<\/em><\/i><span id='easy-footnote-10-107622' class='easy-footnote-margin-adjust'><\/span><span class='easy-footnote'><a href='http:\/\/vincentians.com\/fr\/la-devotion-mariale-chez-saint-vincent-de-paul-et-les-pretres-de-la-mission-premiere-periode\/#easy-footnote-bottom-10-107622' title='ABELLY, p. 130.'><sup>10<\/sup><\/a><\/span>.\u00bb<\/p>\n<p>Dans le courant d\u2019octobre 1636, la peste s\u2019\u00e9tait d\u00e9clar\u00e9e \u00e0 Saint-Lazare. M.\u00a0Vincent \u00e9crit en novembre \u00e0 M.\u00a0Robert de Sergis, pr\u00eatre de la Mission, \u00e0 Amiens\u00a0: <em>\u00abIl y a apparence que Notre Seigneur aura piti\u00e9 de cette petite compagnie, par l\u2019intercession de la Sainte Vierge que nous avons envoy\u00e9 visiter \u00e0 cet effet par M.\u00a0Bodet, \u00e0 Chartres<\/em><span id='easy-footnote-11-107622' class='easy-footnote-margin-adjust'><\/span><span class='easy-footnote'><a href='http:\/\/vincentians.com\/fr\/la-devotion-mariale-chez-saint-vincent-de-paul-et-les-pretres-de-la-mission-premiere-periode\/#easy-footnote-bottom-11-107622' title='COSTE, &lt;em&gt;S. V. de P&lt;\/em&gt;., l , p. 30.'><sup>11<\/sup><\/a><\/span>.\u00bb<\/p>\n<p>Saint Vincent se rendit plusieurs fois, personnellement, en p\u00e8lerinage \u00e0 Notre-Dame de Chartres. Il y alla une fois, notamment, <em>\u00abafin d\u2019obtenir, par l\u2019intercession de cette puissante avocate, les lumi\u00e8res n\u00e9cessaires \u00e0 un eccl\u00e9siastique nomm\u00e9 \u00e0 un \u00e9v\u00each\u00e9, pour conna\u00eetre la vocation de Dieu sur lui \u00e0 ce sublime \u00e9tat, estimant que ce vertueux eccl\u00e9siastique pourrait rendre de tr\u00e8s grands services \u00e0 l\u2019\u00c9glise, quoiqu\u2019il e\u00fbt grande peine \u00e0 s\u2019y r\u00e9soudre, par des sentiments d\u2019une tr\u00e8s rare humilit\u00e9<\/em><span id='easy-footnote-12-107622' class='easy-footnote-margin-adjust'><\/span><span class='easy-footnote'><a href='http:\/\/vincentians.com\/fr\/la-devotion-mariale-chez-saint-vincent-de-paul-et-les-pretres-de-la-mission-premiere-periode\/#easy-footnote-bottom-12-107622' title='ABELLY, p. 131.'><sup>12<\/sup><\/a><\/span>.\u00bb<\/p>\n<p>Il s\u2019agit sans doute d\u2019un cousin de M.\u00a0Olier, Fran\u00e7ois Perrochel, l\u2019un des pr\u00eatres distingu\u00e9s de la <em>\u00abConf\u00e9rence des Mardis\u00bb<\/em> qui se groupaient autour de saint Vincent pour s\u2019animer de son esprit et agir sous sa direction. Perrochel fut consacr\u00e9 dans l\u2019\u00e9glise de Saint-Lazare le 11\u00a0juin 1645 et gouverna le dioc\u00e8se de Boulogne jusqu\u2019en 1675. Et l\u2019on sait, au t\u00e9moignage unanime des historiens de cette ville, que M.\u00a0Vincent avait \u00e9t\u00e9 propos\u00e9 par la reine Anne d\u2019Autriche, en 1643, comme \u00e9v\u00eaque de Boulogne<span id='easy-footnote-13-107622' class='easy-footnote-margin-adjust'><\/span><span class='easy-footnote'><a href='http:\/\/vincentians.com\/fr\/la-devotion-mariale-chez-saint-vincent-de-paul-et-les-pretres-de-la-mission-premiere-periode\/#easy-footnote-bottom-13-107622' title='Mgr LEJEUNE, Messager de Notre-Dame de Boulogne, Ann\u00e9e 1932, p. 31.'><sup>13<\/sup><\/a><\/span>. L\u2019humble pr\u00eatre qui aurait repouss\u00e9 l\u2019honneur du sacerdoce <em>\u00abs\u2019il avait su ce que c\u2019\u00e9tait\u00bb<\/em>, avait d\u00e9clin\u00e9 l\u2019offre royale de l\u2019\u00e9piscopat boulonnais et fait retomber la gloire sur l\u2019un de ses plus intimes amis.<\/p>\n<p>D\u2019autre part, \u00abpendant les guerres et les troubles de ce royaume \u2014 dit encore son premier biographe \u2014 M.\u00a0Vincent portait les <em>eccl\u00e9siastiques de la Conf\u00e9rence de Saint-Lazare<\/em> \u00e0 faire divers p\u00e8lerinages en ces m\u00eames \u00e9glises (d\u00e9di\u00e9es \u00e0 la Sainte Vierge) pour demander \u00e0 Dieu, par l\u2019entremise de la M\u00e8re de mis\u00e9ricorde, la paix et tranquillit\u00e9 publique\u2026 Il conviait aussi les <em>dames de la Compagnie de la Charit\u00e9<\/em> \u00e0 faire de semblables p\u00e8lerinages en divers lieux d\u00e9di\u00e9s en l\u2019honneur de la m\u00eame Sainte Vierge, pour implorer par son moyen le secours de la divine bont\u00e9 dans les calamit\u00e9s publiques\u00a0; et lui-m\u00eame allait en ces lieux-l\u00e0 pour y offrir le tr\u00e8s saint sacrifice de la messe et les communier de sa main<span id='easy-footnote-14-107622' class='easy-footnote-margin-adjust'><\/span><span class='easy-footnote'><a href='http:\/\/vincentians.com\/fr\/la-devotion-mariale-chez-saint-vincent-de-paul-et-les-pretres-de-la-mission-premiere-periode\/#easy-footnote-bottom-14-107622' title='ABELLY, p. 131'><sup>14<\/sup><\/a><\/span> \u00bb.<\/p>\n<h3>2\u00b0 Les Confr\u00e9ries de la Charit\u00e9<\/h3>\n<p>Les diverses \u0153uvres ou fondations de saint Vincent s\u2019inspirent du m\u00eame esprit marial.<\/p>\n<p><em>\u00abLe grand nombre des confr\u00e9ries qu\u2019il a \u00e9tablies et fait \u00e9tablir de tous c\u00f4t\u00e9s pour honorer Notre Seigneur par l\u2019exercice de la charit\u00e9 envers les pauvres et qu\u2019il a mises sous la protection sp\u00e9ciale de sa tr\u00e8s Sainte M\u00e8re, aussi bien que toutes les autres compagnies <\/em><em>et assembl\u00e9es de pi\u00e9t\u00e9 dont il a \u00e9t\u00e9 l\u2019auteur, sont des marques bien expresses, non seulement de sa d\u00e9votion envers la tr\u00e8s Sainte Vierge, mais aussi de l\u2019affection et du z\u00e8le qu\u2019il avait de la r\u00e9pandre dans tous les c\u0153urs<\/em><span id='easy-footnote-15-107622' class='easy-footnote-margin-adjust'><\/span><span class='easy-footnote'><a href='http:\/\/vincentians.com\/fr\/la-devotion-mariale-chez-saint-vincent-de-paul-et-les-pretres-de-la-mission-premiere-periode\/#easy-footnote-bottom-15-107622' title='Ibid. p. 132.'><sup>15<\/sup><\/a><\/span>.\u00bb Ce dernier t\u00e9moignage d\u2019Abelly r\u00e9sume \u00e0 merveille toute l\u2019histoire des <em>Confr\u00e9ries de la Charit\u00e9<\/em>. Dans les divers r\u00e8glements ou actes d\u2019\u00e9tablissement de ces confr\u00e9ries de dames, d\u2019hommes, ou mixtes, une place d\u2019honneur est donn\u00e9e \u00e0 la Vierge Immacul\u00e9e.<\/p>\n<p>Le premier sermon de la <em>Mission<\/em> fut pr\u00each\u00e9 \u00e0 Folleville, au dioc\u00e8se d\u2019Amiens, le 25\u00a0janvier 1617. La premi\u00e8re Charit\u00e9 de femmes fut \u00e9rig\u00e9e \u00e0 Ch\u00e2tillon-les-Dombes, alors au dioc\u00e8se de Lyon, aujourd\u2019hui de Belley, <em>le huiti\u00e8me de d\u00e9cembre, jour de l\u2019Immacul\u00e9e Conception de la Vierge M\u00e8re de Dieu, l\u2019an mil six cent dix-sept<\/em><span id='easy-footnote-16-107622' class='easy-footnote-margin-adjust'><\/span><span class='easy-footnote'><a href='http:\/\/vincentians.com\/fr\/la-devotion-mariale-chez-saint-vincent-de-paul-et-les-pretres-de-la-mission-premiere-periode\/#easy-footnote-bottom-16-107622' title='Coste, S. V. de P., XIII, 437.'><sup>16<\/sup><\/a><\/span>.<\/p>\n<p>Les d\u00e9buts de cette confr\u00e9rie remontent au 23\u00a0ao\u00fbt de cette m\u00eame ann\u00e9e 1617, d\u2019apr\u00e8s un document, tout entier de l\u2019\u00e9criture de saint Vincent, d\u00e9couvert en 1839 dans les archives de la mairie de Ch\u00e2tillon. Ce r\u00e8glement provisoire indique la double fin que se proposent les dames, \u00e0 savoir d\u2019aider le corps et l\u2019\u00e2me, et ajoute\u00a0: <em>\u00abPour ce que la M\u00e8re de Dieu \u00e9tant invoqu\u00e9e et prise pour patronne aux choses d\u2019importance, il ne se peut que tout n\u2019aille \u00e0 bien et ne redonde \u00e0 la gloire du bon J\u00e9sus son Fils, lesdites dames la prennent pour patronne et protectrice de l\u2019\u0153uvre et la supplient tr\u00e8s humblement d\u2019en prendre un soin sp\u00e9cial<\/em><span id='easy-footnote-17-107622' class='easy-footnote-margin-adjust'><\/span><span class='easy-footnote'><a href='http:\/\/vincentians.com\/fr\/la-devotion-mariale-chez-saint-vincent-de-paul-et-les-pretres-de-la-mission-premiere-periode\/#easy-footnote-bottom-17-107622' title='&lt;em&gt;Ibid&lt;\/em&gt;., XIV, p. 125, note 1.'><sup>17<\/sup><\/a><\/span>.\u00bb<\/p>\n<p>Le r\u00e8glement d\u00e9finitif, de novembre, parle de la mani\u00e8re d\u2019assister et nourrir les malades. La servante des pauvres <em>\u00abfera laver les mains aux malades et dira le <\/em>Benedicite<em>\u2026, puis conviera le malade charitablement \u00e0 manger, pour l\u2019amour de J\u00e9sus et de sa sainte M\u00e8re\u00bb<\/em><span id='easy-footnote-18-107622' class='easy-footnote-margin-adjust'><\/span><span class='easy-footnote'><a href='http:\/\/vincentians.com\/fr\/la-devotion-mariale-chez-saint-vincent-de-paul-et-les-pretres-de-la-mission-premiere-periode\/#easy-footnote-bottom-18-107622' title='&lt;em&gt;Ibid&lt;\/em&gt;. XIII, 428.'><sup>18<\/sup><\/a><\/span>.<\/p>\n<p><em>Le r\u00e8glement g\u00e9n\u00e9ral des Charit\u00e9s de femmes<\/em> d\u00e9bute ainsi\u00a0: \u00ab\u00a0La Confr\u00e9rie de la Charit\u00e9 a \u00e9t\u00e9 institu\u00e9e pour honorer Notre Seigneur J\u00e9sus-Christ, patron d\u2019icelle, et <em>sa sainte M\u00e8re<\/em>, et pour assister les pauvres malades des lieux o\u00f9 elle est \u00e9tablie, corporellement et spirituellement<span id='easy-footnote-19-107622' class='easy-footnote-margin-adjust'><\/span><span class='easy-footnote'><a href='http:\/\/vincentians.com\/fr\/la-devotion-mariale-chez-saint-vincent-de-paul-et-les-pretres-de-la-mission-premiere-periode\/#easy-footnote-bottom-19-107622' title='&lt;em&gt;Ibid&lt;\/em&gt;. XIII, 419.'><sup>19<\/sup><\/a><\/span>.\u00bb<\/p>\n<p>Les <em>femmes<\/em> de la Charit\u00e9 de Folleville (1620) \u00absont admonest\u00e9es de porter en l\u2019int\u00e9rieur un grand honneur et r\u00e9v\u00e9rence \u00e0 Notre Seigneur et \u00e0 sa sainte M\u00e8re, comme \u00e9tant l\u2019un des principaux points que requiert l\u2019association, et dire \u00e0 cet effet chaque jour cinq <em>Pater noster<\/em> et cinq <em>Ave Maria<\/em>\u00bb<span id='easy-footnote-20-107622' class='easy-footnote-margin-adjust'><\/span><span class='easy-footnote'><a href='http:\/\/vincentians.com\/fr\/la-devotion-mariale-chez-saint-vincent-de-paul-et-les-pretres-de-la-mission-premiere-periode\/#easy-footnote-bottom-20-107622' title='&lt;em&gt;Ibid&lt;\/em&gt;. 480'><sup>20<\/sup><\/a><\/span>.<\/p>\n<p>Les <em>hommes<\/em> seront admis \u00e0 la Charit\u00e9 de Folleville \u00e0 la condition de pratiquer et faire pratiquer les exercices accoutum\u00e9s <em>\u00abpour honorer Notre Seigneur J\u00e9sus, patron d\u2019icelle, et sa sainte M\u00e8re <\/em><span id='easy-footnote-21-107622' class='easy-footnote-margin-adjust'><\/span><span class='easy-footnote'><a href='http:\/\/vincentians.com\/fr\/la-devotion-mariale-chez-saint-vincent-de-paul-et-les-pretres-de-la-mission-premiere-periode\/#easy-footnote-bottom-21-107622' title='&lt;em&gt;Ibid&lt;\/em&gt;. 484.'><sup>21<\/sup><\/a><\/span> \u00bb. Ces <em>\u00abCharit\u00e9s\u00bb<\/em> d\u2019hommes seront la lointaine origine des soci\u00e9t\u00e9s actuelles de saint Vincent de Paul.<\/p>\n<p>La Charit\u00e9 <em>mixte<\/em> de Joigny (mai\u00a01621) comporte les m\u00eames recommandations<span id='easy-footnote-22-107622' class='easy-footnote-margin-adjust'><\/span><span class='easy-footnote'><a href='http:\/\/vincentians.com\/fr\/la-devotion-mariale-chez-saint-vincent-de-paul-et-les-pretres-de-la-mission-premiere-periode\/#easy-footnote-bottom-22-107622' title='&lt;em&gt;Ibid&lt;\/em&gt;. 446.'><sup>22<\/sup><\/a><\/span>.<\/p>\n<h3>3\u00b0 Les Filles de la Charit\u00e9<\/h3>\n<p>Aux Confr\u00e9ries de la Charit\u00e9 vient s\u2019adjoindre bient\u00f4t la Compagnie des Filles de la Charit\u00e9, dont Louise de Marillac fut la fondatrice avec M.\u00a0Vincent.<\/p>\n<p>D\u00e8s 1629, alors qu\u2019elle n\u2019\u00e9tait encore que la visitatrice des confr\u00e9ries naissantes, sainte Louise avait eu la joie de saluer, \u00e0 Montmirail, la statue de la Sainte Vierge que saint Vincent avait fait placer au-dessus des quatre portes de la ville, solennellement consacr\u00e9e en 1618 \u00e0 la M\u00e8re de Dieu.<\/p>\n<p>Sous la conduite du saint Fondateur, Louise va d\u00e9velopper en elle et r\u00e9pandre chez les Filles de la Charit\u00e9 une profonde culture mariale.<\/p>\n<p>Mgr\u00a0Baunard a pu \u00e9crire au sujet de sa doctrine mariale\u00a0: <em>\u00abChacune des pr\u00e9rogatives, attributions et vertus (de la Sainte Vierge) est expos\u00e9e, exalt\u00e9e, dans les termes d\u2019une th\u00e9ologie dont la science profonde, exacte, \u00e9tonne sous la plume d\u2019une femme.<\/em><span id='easy-footnote-23-107622' class='easy-footnote-margin-adjust'><\/span><span class='easy-footnote'><a href='http:\/\/vincentians.com\/fr\/la-devotion-mariale-chez-saint-vincent-de-paul-et-les-pretres-de-la-mission-premiere-periode\/#easy-footnote-bottom-23-107622' title='&lt;em&gt;Louise de Marillac&lt;\/em&gt;, par Mgr BAUNARD, p. 50\u00a0; \u00e9dition 1898, Paris, Poussielgue'><sup>23<\/sup><\/a><\/span> \u00bb<\/p>\n<p>\u00c0 propos de l\u2019Immacul\u00e9e Conception, Louise de Marillac s\u2019\u00e9crie\u00a0: <em>\u00abPl\u00fbt \u00e0 Dieu que je puisse \u00e9crire enti\u00e8rement les pens\u00e9es que sa bont\u00e9 m\u2019a fait la gr\u00e2ce d\u2019avoir au sujet de la Conception immacul\u00e9e de la Sainte Vierge, afin que la v\u00e9ritable connaissance que j\u2019ai eue de ses m\u00e9rites et la volont\u00e9 de lui rendre ce que je lui dois ne partent jamais de mon c\u0153ur. Toute ma vie, au temps et en l\u2019\u00e9ternit\u00e9, je la veux aimer et honorer tant que je pourrai<\/em><span id='easy-footnote-24-107622' class='easy-footnote-margin-adjust'><\/span><span class='easy-footnote'><a href='http:\/\/vincentians.com\/fr\/la-devotion-mariale-chez-saint-vincent-de-paul-et-les-pretres-de-la-mission-premiere-periode\/#easy-footnote-bottom-24-107622' title='&lt;em&gt;Louise de Marillac&lt;\/em&gt;, &lt;em&gt;veuve de M. Le Gras, sa vie, ses vertus, son esprit&lt;\/em&gt;. Paris, 1886, tome II, p. 133-137; sous ce titre: &lt;em&gt;Sur les privil\u00e8ges singuliers de la Conception immacul\u00e9e de la Sainte Vierge.&lt;\/em&gt;&lt;i&gt;'><sup>24<\/sup><\/a><\/span><\/i>.\u00bb<\/p>\n<p>Une pri\u00e8re \u00e0 la Vierge contient cet \u00e9lan et cette pr\u00e9cision\u00a0: <em>\u00abO mon Dieu, que la perfection de cette \u00e2me sainte unie \u00e0 son corps soit, je vous prie, manifest\u00e9e \u00e0 toutes les cr\u00e9atures, afin qu\u2019elles admirent et adorent votre toute-puissance et qu\u2019elles vous glorifient \u00e9ternellement de sa toute pure et immacul\u00e9e Conception\u00a0! Il est vrai, sainte Vierge, que vous avez toujours \u00e9t\u00e9 pr\u00e9serv\u00e9e du p\u00e9ch\u00e9 par les m\u00e9rites de l\u2019Incarnation et de la mort et passion du Fils de Dieu et le v\u00f4tre\u00a0; et partant que vous \u00eates la v\u00e9ritable fille a\u00een\u00e9e de la Croix<\/em><span id='easy-footnote-25-107622' class='easy-footnote-margin-adjust'><\/span><span class='easy-footnote'><a href='http:\/\/vincentians.com\/fr\/la-devotion-mariale-chez-saint-vincent-de-paul-et-les-pretres-de-la-mission-premiere-periode\/#easy-footnote-bottom-25-107622' title='&lt;em&gt;Ibid&lt;\/em&gt;. tome II, p. 59 n.'><sup>25<\/sup><\/a><\/span>.\u00bb<\/p>\n<p>L\u2019abb\u00e9 Les\u00eatre conclut, avec raison\u00a0: <em>\u00abOn voit avec quelle pr\u00e9cision th\u00e9ologique Louise de Marillac donnait pour base \u00e0 la Conception immacul\u00e9e de Marie les m\u00e9rites de la passion et de la mort du Fils de Dieu. L\u2019\u00c9glise a express\u00e9ment consacr\u00e9 cette doctrine dans l\u2019oraison de l\u2019Immacul\u00e9e Conception, o\u00f9 elle dit que c\u2019est en pr\u00e9vision de la mort de son Fils que Dieu l\u2019a pr\u00e9serv\u00e9e de toute souillure, afin de pr\u00e9parer \u00e0 ce Fils une digne demeure en Marie<\/em><span id='easy-footnote-26-107622' class='easy-footnote-margin-adjust'><\/span><span class='easy-footnote'><a href='http:\/\/vincentians.com\/fr\/la-devotion-mariale-chez-saint-vincent-de-paul-et-les-pretres-de-la-mission-premiere-periode\/#easy-footnote-bottom-26-107622' title='&lt;em&gt;L&amp;rsquo;Immacul\u00e9e Conception et le dioc\u00e8se de Paris&lt;\/em&gt;, p. 121.'><sup>26<\/sup><\/a><\/span>.\u00bb<\/p>\n<p>Voici comment Marie est salu\u00e9e dans le myst\u00e8re de son Assomption\u00a0: <em>\u00abOh\u00a0! que bienheureux fut votre cher c\u0153ur, divine M\u00e8re, lorsqu\u2019\u00e9tant rempli du saint amour, il donna la mort \u00e0 votre corps, s\u00e9parant par ce moyen votre \u00e2me toute combl\u00e9e de gr\u00e2ces et de m\u00e9rites. Qu\u2019\u00e0 jamais cette belle \u00e2me soit triomphante, \u00e9lue entre des milliers et \u00e0 pr\u00e9sent r\u00e9unie \u00e0 son sacr\u00e9 corps, par l\u2019adh\u00e9rence qu\u2019elle a donn\u00e9e au dessein que Dieu avait sur elle de toute \u00e9ternit\u00e9<\/em><span id='easy-footnote-27-107622' class='easy-footnote-margin-adjust'><\/span><span class='easy-footnote'><a href='http:\/\/vincentians.com\/fr\/la-devotion-mariale-chez-saint-vincent-de-paul-et-les-pretres-de-la-mission-premiere-periode\/#easy-footnote-bottom-27-107622' title='&lt;em&gt;Louise de Marillac&lt;\/em&gt;, t. II, p. 62-63.\u00a0 (Les r\u00e9f\u00e9rences \u00e0 Louise de Marillac renvoient \u00e0 l&amp;rsquo;\u00c9dition en 4 volumes &lt;em&gt;\u00ab\u00a0Louise de Marillac, veuve de M. Le Gras : Sa vie, ses vertus, son esprit,&lt;\/em&gt; Bruges 1886)'><sup>27<\/sup><\/a><\/span>.\u00bb<\/p>\n<p>Le fait de la m\u00e9diation de Marie, m\u00e8re de gr\u00e2ce et de mis\u00e9ricorde, est ainsi affirm\u00e9\u00a0: <em>\u00abRegardons la sainte Vierge comme le canal par lequel tout ce bien (l\u2019Incarnation et les exemples de la vie de J\u00e9sus-Christ) nous a \u00e9t\u00e9 communiqu\u00e9<\/em><span id='easy-footnote-28-107622' class='easy-footnote-margin-adjust'><\/span><span class='easy-footnote'><a href='http:\/\/vincentians.com\/fr\/la-devotion-mariale-chez-saint-vincent-de-paul-et-les-pretres-de-la-mission-premiere-periode\/#easy-footnote-bottom-28-107622' title='&lt;em&gt;Ibid&lt;\/em&gt;., t. II, p. 58 : &lt;em&gt;D\u00e9votion \u00e0 la Vierge.&lt;\/em&gt;'><sup>28<\/sup><\/a><\/span>.\u00a0\u00bb \u2013 <em>\u00abQue les \u00e2mes qui aspirent au saint amour soient aid\u00e9es de votre toute-puissante intercession, pour l\u2019accomplissement des desseins de Dieu sur elles\u00a0!<\/em><span id='easy-footnote-29-107622' class='easy-footnote-margin-adjust'><\/span><span class='easy-footnote'><a href='http:\/\/vincentians.com\/fr\/la-devotion-mariale-chez-saint-vincent-de-paul-et-les-pretres-de-la-mission-premiere-periode\/#easy-footnote-bottom-29-107622' title='&lt;em&gt;Ibid&lt;\/em&gt;., t. II, p. 61 : &lt;em&gt;Pri\u00e8re \u00e0 la Vierge.&lt;\/em&gt;'><sup>29<\/sup><\/a><\/span>\u00a0 \u00bb<\/p>\n<p>Fille a\u00een\u00e9e de la Croix, Marie est en m\u00eame temps Cor\u00e9demptrice\u00a0: <em>\u00abVous avez voulu vous servir d\u2019Elle dans la r\u00e9demption du genre humain et comme dans votre Incarnation vous avez demand\u00e9 son consentement et vous avez voulu qu\u2019elle acquies\u00e7\u00e2t \u00e0 votre tr\u00e8s sainte volont\u00e9 signifi\u00e9e par l\u2019Ange\u00a0; vous avez voulu aussi, pour plus grande perfection de son \u00e2me, qu\u2019elle f\u00fbt pr\u00e9sente \u00e0 votre mort et qu\u2019elle y acquies\u00e7\u00e2t \u00e0 votre volont\u00e9<\/em><span id='easy-footnote-30-107622' class='easy-footnote-margin-adjust'><\/span><span class='easy-footnote'><a href='http:\/\/vincentians.com\/fr\/la-devotion-mariale-chez-saint-vincent-de-paul-et-les-pretres-de-la-mission-premiere-periode\/#easy-footnote-bottom-30-107622' title='&lt;em&gt;Ibid&lt;\/em&gt;., t. II, p. 30-31 : &lt;em&gt;D&amp;rsquo;une m\u00e9ditation sur la Passion.&lt;\/em&gt;'><sup>30<\/sup><\/a><\/span>.\u00bb<\/p>\n<p>La d\u00e9votion mariale de Louise de Marillac n\u2019est pas moins solide que sa doctrine. Aussi soumet-elle toutes ses pratiques de pi\u00e9t\u00e9 envers la Tr\u00e8s Sainte Vierge \u00e0 son directeur, M.\u00a0Vincent.<\/p>\n<p>Elle a un culte sp\u00e9cial pour la r\u00e9citation du chapelet, ce rosaire que\u00b7ses Filles portent toujours \u00e0 la ceinture, \u00e0 l\u2019imitation de saint Vincent. Elle demanda m\u00eame, en mai\u00a01646, la permission de pratiquer un exercice, un petit chapelet, <em>\u00abpour honorer la vie cach\u00e9e de Notre Seigneur dans son \u00e9tat d\u2019emprisonnement <\/em><em>aux entrailles de la Sainte Vierge\u00bb<\/em>, exercice que son directeur ne crut pas devoir autoriser.<\/p>\n<p>Son r\u00e8glement de vie dans le monde portait\u00a0: <em>\u00abTous les premiers samedis du mois, je renouvellerai mes v\u0153ux et bonnes r\u00e9solutions, faisant lecture de ma protestation avant ou apr\u00e8s la communion, et ce, le samedi, en t\u00e9moignage que j\u2019ai pris la Sainte Vierge, \u00e0 cause de ma faiblesse et inconstance, pour \u00eatre ma protectrice\u00a0; afin aussi que, par son intercession, je puisse, le reste de mes jours, honorer en elle l\u2019estime que Dieu a faite de la virginit\u00e9 par-dessus le mariage<\/em><span id='easy-footnote-31-107622' class='easy-footnote-margin-adjust'><\/span><span class='easy-footnote'><a href='http:\/\/vincentians.com\/fr\/la-devotion-mariale-chez-saint-vincent-de-paul-et-les-pretres-de-la-mission-premiere-periode\/#easy-footnote-bottom-31-107622' title='&lt;em&gt;Ibid&lt;\/em&gt;., t. II, p. 150-151.'><sup>31<\/sup><\/a><\/span>.\u00a0\u00bb<\/p>\n<p>En octobre\u00a01644, elle demande \u00e0 saint Vincent la permission de faire le voyage de Chartres, <em>\u00abpour recommander \u00e0 la Sainte Vierge tous nos besoins et les propositions que je vous ai faites<\/em><span id='easy-footnote-32-107622' class='easy-footnote-margin-adjust'><\/span><span class='easy-footnote'><a href='http:\/\/vincentians.com\/fr\/la-devotion-mariale-chez-saint-vincent-de-paul-et-les-pretres-de-la-mission-premiere-periode\/#easy-footnote-bottom-32-107622' title='COSTE, II, 478\u00a0; &lt;em&gt;Louise de Marillac&lt;\/em&gt;, III, 98. Lettre 48.'><sup>32<\/sup><\/a><\/span>\u00a0 \u00bb. Elle rend compte de son p\u00e8lerinage. <em>\u00abLa d\u00e9votion du samedi (15\u00a0octobre) fut de rendre \u00e0 Dieu, en la chapelle de la Sainte Vierge, ce que je lui devais pour plusieurs gr\u00e2ces re\u00e7ues de sa bont\u00e9.\u00bb<\/em> Le lundi, jour de la d\u00e9dicace de l\u2019\u00e9glise de Chartres, elle demande \u00e0 Dieu, par les pri\u00e8res de la Sainte Vierge, M\u00e8re et Gardienne de la Compagnie des Filles de la Charit\u00e9, la puret\u00e9 dont elle a besoin et la fid\u00e9lit\u00e9<span id='easy-footnote-33-107622' class='easy-footnote-margin-adjust'><\/span><span class='easy-footnote'><a href='http:\/\/vincentians.com\/fr\/la-devotion-mariale-chez-saint-vincent-de-paul-et-les-pretres-de-la-mission-premiere-periode\/#easy-footnote-bottom-33-107622' title='&lt;em&gt;Louise de Marillac&lt;\/em&gt;, t. III, p. 99-100. Lettre 49.'><sup>33<\/sup><\/a><\/span>.<\/p>\n<p>Une oblation, sans date, de Louise de Marillac, dit express\u00e9ment\u00a0: <em>\u00abVous nous avez, Seigneur, inspir\u00e9 de faire le choix de votre sainte M\u00e8re pour unique M\u00e8re de votre petite Compagnie\u2026 Souffrez donc que nous ayons recours \u00e0 vous avec confiance, respect, humilit\u00e9 et enti\u00e8re soumission<\/em><span id='easy-footnote-34-107622' class='easy-footnote-margin-adjust'><\/span><span class='easy-footnote'><a href='http:\/\/vincentians.com\/fr\/la-devotion-mariale-chez-saint-vincent-de-paul-et-les-pretres-de-la-mission-premiere-periode\/#easy-footnote-bottom-34-107622' title='&lt;em&gt;Ibid&lt;\/em&gt;., t. II, p. 64-67.'><sup>34<\/sup><\/a><\/span>.\u00a0\u00bb<\/p>\n<p>Le dimanche, 7\u00a0d\u00e9cembre\u00a01658, elle \u00e9crit \u00e0 saint Vincent\u00a0: <em>\u00abMon Tr\u00e8s Honor\u00e9 P\u00e8re, je n\u2019ai pas os\u00e9 t\u00e9moigner \u00e0 votre charit\u00e9, au nom de toute la Compagnie de nos s\u0153urs, que nous nous estimerions bien heureuses que vous nous unissiez demain au saint autel, sous la protection de la Sainte Vierge, ni supplier votre charit\u00e9 de nous obtenir la gr\u00e2ce que nous puissions \u00e0 toujours la reconna\u00eetre pour notre unique M\u00e8re\u2026 Je vous demande cette approbation pour l\u2019amour de Dieu, et la gr\u00e2ce de faire pour nous ce qu\u2019il faudrait que nous fissions et ferons, si votre charit\u00e9 l\u2019agr\u00e9e<\/em><span id='easy-footnote-35-107622' class='easy-footnote-margin-adjust'><\/span><span class='easy-footnote'><a href='http:\/\/vincentians.com\/fr\/la-devotion-mariale-chez-saint-vincent-de-paul-et-les-pretres-de-la-mission-premiere-periode\/#easy-footnote-bottom-35-107622' title='&lt;em&gt;Ibid&lt;\/em&gt;., t. IV, p. 266. Lettre 330.'><sup>35<\/sup><\/a><\/span>.\u00bb<\/p>\n<p>La r\u00e9ponse de saint Vincent fut imm\u00e9diate et l\u2019approbation totale. C\u2019est lui qui autorisa et mit au point l\u2019acte de cons\u00e9cration \u00e0 la Sainte Vierge que les filles de la Charit\u00e9 n\u2019ont cess\u00e9 de renouveler, depuis cette \u00e9poque, le jour de l\u2019Immacul\u00e9e Conception, 8\u00a0d\u00e9cembre.<\/p>\n<p>Cette formule magnifique dit notamment\u00a0: <em>\u00abTr\u00e8s sainte et glorieuse Vierge Marie, nous avons recours \u00e0 vous comme \u00e0 la M\u00e8re <\/em><em>de mis\u00e9ricorde\u2026 Nous vous supplions tr\u00e8s humblement d\u2019agr\u00e9er l\u2019oblation irr\u00e9vocable de nos \u00e2mes et de nos personnes que nous d\u00e9dions et consacrons, en cette f\u00eate, \u00e0 votre service et \u00e0 votre amour pour tout le cours de notre vie et pour toute l\u2019\u00e9ternit\u00e9\u00a0; nous proposant de convier les autres \u00e0 vous honorer, servir, imiter et invoquer, pour trouver gr\u00e2ce devant Dieu. Qu\u2019il vous plaise de nous recevoir, toutes en g\u00e9n\u00e9ral et chacune en particulier, sous votre sainte protection, vous prenant pour notre Dame et ma\u00eetresse, pour notre Patronne et Avocate\u2026 Que la petite Compagnie des Filles de la Charit\u00e9, de qui nous sommes les membres, vous tienne toujours pour sa vraie et unique M\u00e8re.\u00bb<\/em><\/p>\n<p>Et l\u2019acte s\u2019ach\u00e8ve en une pri\u00e8re pour obtenir la puret\u00e9, la fid\u00e9lit\u00e9 aux divers emplois, la pers\u00e9v\u00e9rance dans la vocation.<\/p>\n<h3>4\u00b0 Les premiers Missionnaires<\/h3>\n<h4><i>I. Un acte de Cons\u00e9cration \u00e0 la Sainte Vierge <\/i><\/h4>\n<p>Au mois d\u2019ao\u00fbt 1661, quelques mois apr\u00e8s la mort de saint Vincent de Paul, son successeur imm\u00e9diat, M.\u00a0Alm\u00e9ras, un Parisien, fit faire deux conf\u00e9rences \u00e0 Saint-Lazare sur l\u2019Assomption de la Tr\u00e8s Sainte Vierge. Quelqu\u2019un dit que quantit\u00e9 de communaut\u00e9s se mettaient sous la protection de Notre-Dame, \u00abce qui donna occasion de penser et de dire qu\u2019il \u00e9tait peut-\u00eatre \u00e0 souhaiter que nous fissions le semblable.\u00bb (Lettre du Sup\u00e9rieur G\u00e9n\u00e9ral, aux Missionnaires, 15\u00a0avril 1662). Une conf\u00e9rence devait se faire sur ce sujet, avant la fin de juin, dans toutes les maisons de la Compagnie.<\/p>\n<p>Le 27\u00a0juillet 1662, M.\u00a0Alm\u00e9ras exprimait \u00e0 ses confr\u00e8res le r\u00e9sultat de ces conf\u00e9rences. \u00c0 l\u2019unanimit\u00e9, tous les missionnaires d\u00e9claraient exp\u00e9dient que la Compagnie se m\u00eet sous la conduite et protection de la Tr\u00e8s Sainte Vierge. Parmi les raisons indiqu\u00e9es, il \u00e9tait dit notamment <em>\u00abque notre petite Congr\u00e9gation est plus oblig\u00e9e que les autres de la prendre pour la sienne, parce qu\u2019elle n\u2019a encore aucun patron qui soit d\u00e9clar\u00e9 saint sur la terre, pour l\u2019invoquer publiquement au ciel.\u00bb <\/em><\/p>\n<p>Voici les passages essentiels de cet acte par lequel la Congr\u00e9gation de la Mission prend tous les ans la Sainte Vierge pour protectrice le jour de sa glorieuse Assomption au ciel. Cet acte n\u2019a jamais cess\u00e9 depuis lors d\u2019\u00eatre prononc\u00e9 le 15\u00a0ao\u00fbt par les missionnaires. Les termes en sont emprunt\u00e9s en grande partie \u00e0 l\u2019acte des Filles de la Charit\u00e9, du 8\u00a0d\u00e9cembre 1858, inspir\u00e9, sinon r\u00e9dig\u00e9, par saint Vincent lui-m\u00eame.<\/p>\n<p><em>\u00abNous, tr\u00e8s indignes pr\u00eatres, clercs et fr\u00e8res de la Congr\u00e9gation de la Mission,\u2026 sachant, \u00f4 tr\u00e8s sainte, \u00f4 glorieuse <\/em><em>Vierge Marie, votre grande puissance aupr\u00e8s de Notre Seigneur votre Fils et votre incomparable bont\u00e9 envers les hommes pour lui obtenir ses gr\u00e2ces, nous avons recours \u00e0 vous comme \u00e0 la M\u00e8re de mis\u00e9ricorde\u00a0; c\u2019est pour cela, \u00f4 tr\u00e8s mis\u00e9ricordieuse Vierge que, prostern\u00e9s de corps et d\u2019esprit aux pieds de Votre Majest\u00e9, nous vous supplions tr\u00e8s humblement d\u2019agr\u00e9er l\u2019oblation commune, cordiale et irr\u00e9vocable de nos \u00e2mes et de nos personnes, que nous d\u00e9dions et consacrons en ce jour solennel \u00e0 votre service et \u00e0 votre amour pour tout le cours de notre vie et pour toute l\u2019\u00e9ternit\u00e9, nous proposant, moyennant l\u2019assistance du Saint-Esprit, de vous porter \u00e0 jamais un singulier respect et une v\u00e9n\u00e9ration toute particuli\u00e8re, de publier votre nom par tout le monde, y annon\u00e7ant les merveilles de votre pouvoir et de votre bont\u00e9, et conviant tous les hommes \u00e0 vous honorer, servir, imiter, invoquer, pour trouver gr\u00e2ce devant Dieu.\u00bb<\/em><\/p>\n<p>Les Pr\u00eatres de la Mission ont r\u00e9alis\u00e9 cet id\u00e9al marial, depuis lors.<\/p>\n<h4><strong><i>II. Sanctuaires et P\u00e9lerinages marials ant\u00e9rieurs \u00e0 la R\u00e9volution fran\u00e7aise <\/i><\/strong><\/h4>\n<p>L\u2019on sait que saint Vincent de Paul voulut dire sa premi\u00e8re messe, tremblant \u00e0 la pens\u00e9e de son indignit\u00e9, dans une chapelle isol\u00e9e, avec un seul pr\u00eatre pour l\u2019assister et un clerc pour le servir. Il choisit, d\u2019apr\u00e8s une ancienne tradition, une chapelle de la Sainte Vierge, sur la montagne et au milieu des bois, \u00e0 Buzet, de l\u2019autre c\u00f4t\u00e9 du Tarn<span id='easy-footnote-36-107622' class='easy-footnote-margin-adjust'><\/span><span class='easy-footnote'><a href='http:\/\/vincentians.com\/fr\/la-devotion-mariale-chez-saint-vincent-de-paul-et-les-pretres-de-la-mission-premiere-periode\/#easy-footnote-bottom-36-107622' title='Coste, &lt;em&gt;M. Vincent&lt;\/em&gt; I, 40.'><sup>36<\/sup><\/a><\/span>.<\/p>\n<p>Voici la liste des sanctuaires et p\u00e8lerinages qui furent confi\u00e9s aux Pr\u00eatres de la Mission, en France seulement, depuis M.\u00a0Vincent jusqu\u2019en 1789 :<\/p>\n<p>1. <em>Notre-Dame de la Rose<\/em>, au dioc\u00e8se d\u2019Agen, \u00e0 Sainte-Livrade-sur-Lot (1637 \u00e0 la R\u00e9volution), fondation de la duchesse d\u2019Aiguillon<span id='easy-footnote-37-107622' class='easy-footnote-margin-adjust'><\/span><span class='easy-footnote'><a href='http:\/\/vincentians.com\/fr\/la-devotion-mariale-chez-saint-vincent-de-paul-et-les-pretres-de-la-mission-premiere-periode\/#easy-footnote-bottom-37-107622' title='&lt;em&gt;Ibid&lt;\/em&gt;., 1, 374\u00a0; &lt;em&gt;S. V. de P&lt;\/em&gt;., XIV, p. 308 : La Rose (p\u00e8lerinage de).'><sup>37<\/sup><\/a><\/span>.<br \/>\n2. <em>Notre-Dame de Lorm<\/em> (ou de l\u2019Orme), \u00e0 Castelferrus, village de Tarn-et-Garonne (1652 \u00e0 la R\u00e9volution)<span id='easy-footnote-38-107622' class='easy-footnote-margin-adjust'><\/span><span class='easy-footnote'><a href='http:\/\/vincentians.com\/fr\/la-devotion-mariale-chez-saint-vincent-de-paul-et-les-pretres-de-la-mission-premiere-periode\/#easy-footnote-bottom-38-107622' title='&lt;em&gt;Ibid., Saint Vincent de Paul&lt;\/em&gt;, IV, 380\u00a0; &lt;em&gt;Saint Vincent de Paul&lt;\/em&gt;, t. XIV, p. 351 : Lorm.'><sup>38<\/sup><\/a><\/span>.<br \/>\n3. <em>Notre-Dame de Versailles<\/em> (1674 \u00e0 la R\u00e9volution)<span id='easy-footnote-39-107622' class='easy-footnote-margin-adjust'><\/span><span class='easy-footnote'><a href='http:\/\/vincentians.com\/fr\/la-devotion-mariale-chez-saint-vincent-de-paul-et-les-pretres-de-la-mission-premiere-periode\/#easy-footnote-bottom-39-107622' title='LACOUR, &lt;em&gt;Histoire de la Congr\u00e9gation de la Mission. Annales&lt;\/em&gt;, t. 63 (1900), p. 620-621.'><sup>39<\/sup><\/a><\/span>.<br \/>\n4. <em>Notre-Dame de Montuzet<\/em>, Bordeaux (1682 \u00e0 la R\u00e9volution)<span id='easy-footnote-40-107622' class='easy-footnote-margin-adjust'><\/span><span class='easy-footnote'><a href='http:\/\/vincentians.com\/fr\/la-devotion-mariale-chez-saint-vincent-de-paul-et-les-pretres-de-la-mission-premiere-periode\/#easy-footnote-bottom-40-107622' title='&lt;em&gt;Ibid&lt;\/em&gt;., p. 628.'><sup>40<\/sup><\/a><\/span>.<br \/>\n5. <em>Notre-Dame de la D\u00e9livrande<\/em>, dioc\u00e8se de Bayeux (1682 \u00e0 la R\u00e9volution)<span id='easy-footnote-41-107622' class='easy-footnote-margin-adjust'><\/span><span class='easy-footnote'><a href='http:\/\/vincentians.com\/fr\/la-devotion-mariale-chez-saint-vincent-de-paul-et-les-pretres-de-la-mission-premiere-periode\/#easy-footnote-bottom-41-107622' title='&lt;em&gt;Biblioth\u00e8que du chapitre de Bayeux&lt;\/em&gt;, manuscrit 181.'><sup>41<\/sup><\/a><\/span>.<br \/>\n6. <em>Notre-Dame de Valfleury<\/em>, de 1687 \u00e0 1903, et de 1918 \u00e0 nos jours. L\u2019histoire du p\u00e8lerinage de Valfleury est particuli\u00e8rement \u00e9mouvante. Le s\u00e9jour des Lazaristes en cet antique sanctuaire, au XVIIIe\u00a0si\u00e8cle, pendant la R\u00e9volution, au XIXe\u00a0si\u00e8cle, puis leur retour, apr\u00e8s 15 ans d\u2019exil, en 1918, ont \u00e9t\u00e9 parfaitement d\u00e9crits par M.\u00a0le chanoine Verjat, en 1931<span id='easy-footnote-42-107622' class='easy-footnote-margin-adjust'><\/span><span class='easy-footnote'><a href='http:\/\/vincentians.com\/fr\/la-devotion-mariale-chez-saint-vincent-de-paul-et-les-pretres-de-la-mission-premiere-periode\/#easy-footnote-bottom-42-107622' title='A. BERJAT, vice-recteur de Notre-Dame de Fourvi\u00e8re, &lt;em&gt;Notre-Dame de Valfleury, l&amp;rsquo;histoire, le p\u00e8lerinage, essai d&amp;rsquo;iconographie mariale&lt;\/em&gt;, Lyon, Audin, 1931. Cf. &lt;em&gt;Annales de la Mission&lt;\/em&gt;, 1938, p. 660-669\u00a0; 1940, p. 375-403.'><sup>42<\/sup><\/a><\/span>.<br \/>\n7. <em>Notre-Dame de Buglose<\/em>, \u00e0 Pouy, aujourd\u2019hui Saint Vincent de Paul (1706 \u00e0 la R\u00e9volution). Saint Vincent de Paul, en 1622, alla prier devant la Madone des Landes et c\u00e9l\u00e9bra la messe dans le modeste sanctuaire primitif. Les Pr\u00eatres de la Mission ne devaient s\u2019\u00e9tablir \u00e0 Buglose qu\u2019en 1706<span id='easy-footnote-43-107622' class='easy-footnote-margin-adjust'><\/span><span class='easy-footnote'><a href='http:\/\/vincentians.com\/fr\/la-devotion-mariale-chez-saint-vincent-de-paul-et-les-pretres-de-la-mission-premiere-periode\/#easy-footnote-bottom-43-107622' title='&lt;em&gt;Saint Vincent de Paul&lt;\/em&gt;, t. III, p. 243, note 9 avec pr\u00e9cieuses indications bibliographiques sur ce sujet.'><sup>43<\/sup><\/a><\/span>.<br \/>\n8. <em>Notre-Dame d\u2019Obezine<\/em>, au dioc\u00e8se d\u2019Angoul\u00eame (1721 \u00e0 la R\u00e9volution).<br \/>\nLa chapelle fut unie \u00e0 la cure de Saint-Martial dont le Sup\u00e9rieur du Grand S\u00e9minaire \u00e9tait cur\u00e9. C\u2019est l\u2019un des rares p\u00e8lerinages \u00e0 la Sainte Vierge du dioc\u00e8se<span id='easy-footnote-44-107622' class='easy-footnote-margin-adjust'><\/span><span class='easy-footnote'><a href='http:\/\/vincentians.com\/fr\/la-devotion-mariale-chez-saint-vincent-de-paul-et-les-pretres-de-la-mission-premiere-periode\/#easy-footnote-bottom-44-107622' title='&lt;em&gt;&lt;\/em&gt;E. ROSSET, C.M., &lt;em&gt;M\u00e9moire historique sur le Grand S\u00e9minaire d&amp;rsquo;Angoul\u00eame&lt;\/em&gt;, p. 27 ; Angoul\u00eame, 1869.'><sup>44<\/sup><\/a><\/span>.<br \/>\n9. <em>Notre-Dame de l\u2019\u00c9pine<\/em>, \u00e0 Ch\u00e2lons-sur-Marne (1725 \u00e0 la R\u00e9volution).<\/p>\n<p>Nota. \u2014 Qu\u2019on nous permette d\u2019ajouter \u00e0 cette liste deux sanctuaires \u00e0 la Mission, apr\u00e8s la R\u00e9volution\u00a0:<br \/>\n<em>Notre-Dame de Marceille<\/em>, Limoux (dioc\u00e8se de Carcassonne), 1873.<br \/>\n<em>Notre-Dame de Prime-Combe<\/em>, au dioc\u00e8se de N\u00eemes, 1875. Le premier Sup\u00e9rieur, M.\u00a0Tourn\u00e9, construisit une \u00e9cole et fonda une ma\u00eetrise\u00a0; mais ce fut son successeur, M.\u00a0Louis Dillies, qui donna un magnifique essor au p\u00e8lerinage.<\/p>\n","protected":false},"excerpt":{"rendered":"<p>La vie mariale de M.\u00a0Vincent se r\u00e9v\u00e8le \u00e0 quiconque, refusant de se laisser \u00e9blouir par l\u2019\u00e9clat de ses \u0153uvres, cherche \u00e0 p\u00e9n\u00e9trer l\u2019un des secrets de sa spiritualit\u00e9, l\u2019esprit de ses fondations apostoliques. La doctrine &#8230; <a href=\"http:\/\/vincentians.com\/fr\/la-devotion-mariale-chez-saint-vincent-de-paul-et-les-pretres-de-la-mission-premiere-periode\/\" class=\"more-link\">Read More<\/a><\/p>\n","protected":false},"author":4,"featured_media":107623,"comment_status":"open","ping_status":"open","sticky":false,"template":"","format":"standard","meta":{"jetpack_post_was_ever_published":false,"_jetpack_newsletter_access":"","_jetpack_dont_email_post_to_subs":false,"_jetpack_newsletter_tier_id":0,"_jetpack_memberships_contains_paywalled_content":false,"_jetpack_memberships_contains_paid_content":false,"footnotes":"","jetpack_publicize_message":"","jetpack_publicize_feature_enabled":true,"jetpack_social_post_already_shared":true,"jetpack_social_options":{"image_generator_settings":{"template":"highway","default_image_id":0,"font":"","enabled":false},"version":2}},"categories":[130],"tags":[],"class_list":["post-107622","post","type-post","status-publish","format-standard","has-post-thumbnail","hentry","category-medaille-miraculeuse-et-devotion-mariale"],"yoast_head":"<!-- This site is optimized with the Yoast SEO plugin v26.3 - https:\/\/yoast.com\/wordpress\/plugins\/seo\/ -->\n<title>La d\u00e9votion mariale chez Saint Vincent de Paul et les Pr\u00eatres de la Mission. Premi\u00e8re p\u00e9riode - Nous Sommes Vincentiens<\/title>\n<meta name=\"robots\" content=\"index, follow, max-snippet:-1, max-image-preview:large, max-video-preview:-1\" \/>\n<link rel=\"canonical\" href=\"https:\/\/vincentians.com\/fr\/la-devotion-mariale-chez-saint-vincent-de-paul-et-les-pretres-de-la-mission-premiere-periode\/\" \/>\n<meta property=\"og:locale\" content=\"fr_FR\" \/>\n<meta property=\"og:type\" content=\"article\" \/>\n<meta property=\"og:title\" content=\"La d\u00e9votion mariale chez Saint Vincent de Paul et les Pr\u00eatres de la Mission. Premi\u00e8re p\u00e9riode - Nous Sommes Vincentiens\" \/>\n<meta property=\"og:description\" content=\"La vie mariale de M.\u00a0Vincent se r\u00e9v\u00e8le \u00e0 quiconque, refusant de se laisser \u00e9blouir par l\u2019\u00e9clat de ses \u0153uvres, cherche \u00e0 p\u00e9n\u00e9trer l\u2019un des secrets de sa spiritualit\u00e9, l\u2019esprit de ses fondations apostoliques. La doctrine ... Read More\" \/>\n<meta property=\"og:url\" content=\"https:\/\/vincentians.com\/fr\/la-devotion-mariale-chez-saint-vincent-de-paul-et-les-pretres-de-la-mission-premiere-periode\/\" \/>\n<meta property=\"og:site_name\" content=\"Nous Sommes Vincentiens\" \/>\n<meta property=\"article:publisher\" content=\"https:\/\/www.facebook.com\/WeAreVincentians\/\" \/>\n<meta property=\"article:author\" content=\"https:\/\/www.facebook.com\/JavierChento\" \/>\n<meta property=\"article:published_time\" content=\"2014-01-01T10:08:31+00:00\" \/>\n<meta name=\"author\" content=\"Francisco Javier Fern\u00e1ndez Chento\" \/>\n<meta name=\"twitter:card\" content=\"summary_large_image\" \/>\n<meta name=\"twitter:creator\" content=\"@https:\/\/twitter.com\/javierchento\" \/>\n<meta name=\"twitter:site\" content=\"@WeVincentians\" \/>\n<meta name=\"twitter:label1\" content=\"\u00c9crit par\" \/>\n\t<meta name=\"twitter:data1\" content=\"Francisco Javier Fern\u00e1ndez Chento\" \/>\n\t<meta name=\"twitter:label2\" content=\"Dur\u00e9e de lecture estim\u00e9e\" \/>\n\t<meta name=\"twitter:data2\" content=\"27 minutes\" \/>\n<script type=\"application\/ld+json\" class=\"yoast-schema-graph\">{\"@context\":\"https:\/\/schema.org\",\"@graph\":[{\"@type\":\"WebPage\",\"@id\":\"https:\/\/vincentians.com\/fr\/la-devotion-mariale-chez-saint-vincent-de-paul-et-les-pretres-de-la-mission-premiere-periode\/\",\"url\":\"https:\/\/vincentians.com\/fr\/la-devotion-mariale-chez-saint-vincent-de-paul-et-les-pretres-de-la-mission-premiere-periode\/\",\"name\":\"La d\u00e9votion mariale chez Saint Vincent de Paul et les Pr\u00eatres de la Mission. Premi\u00e8re p\u00e9riode - Nous Sommes Vincentiens\",\"isPartOf\":{\"@id\":\"http:\/\/vincentians.com\/fr\/#website\"},\"primaryImageOfPage\":{\"@id\":\"https:\/\/vincentians.com\/fr\/la-devotion-mariale-chez-saint-vincent-de-paul-et-les-pretres-de-la-mission-premiere-periode\/#primaryimage\"},\"image\":{\"@id\":\"https:\/\/vincentians.com\/fr\/la-devotion-mariale-chez-saint-vincent-de-paul-et-les-pretres-de-la-mission-premiere-periode\/#primaryimage\"},\"thumbnailUrl\":\"\",\"datePublished\":\"2014-01-01T10:08:31+00:00\",\"author\":{\"@id\":\"http:\/\/vincentians.com\/fr\/#\/schema\/person\/9623ef4d9aa3b2dfb8c061f1499288f2\"},\"breadcrumb\":{\"@id\":\"https:\/\/vincentians.com\/fr\/la-devotion-mariale-chez-saint-vincent-de-paul-et-les-pretres-de-la-mission-premiere-periode\/#breadcrumb\"},\"inLanguage\":\"fr-FR\",\"potentialAction\":[{\"@type\":\"ReadAction\",\"target\":[\"https:\/\/vincentians.com\/fr\/la-devotion-mariale-chez-saint-vincent-de-paul-et-les-pretres-de-la-mission-premiere-periode\/\"]}]},{\"@type\":\"ImageObject\",\"inLanguage\":\"fr-FR\",\"@id\":\"https:\/\/vincentians.com\/fr\/la-devotion-mariale-chez-saint-vincent-de-paul-et-les-pretres-de-la-mission-premiere-periode\/#primaryimage\",\"url\":\"\",\"contentUrl\":\"\"},{\"@type\":\"BreadcrumbList\",\"@id\":\"https:\/\/vincentians.com\/fr\/la-devotion-mariale-chez-saint-vincent-de-paul-et-les-pretres-de-la-mission-premiere-periode\/#breadcrumb\",\"itemListElement\":[{\"@type\":\"ListItem\",\"position\":1,\"name\":\"Portada\",\"item\":\"http:\/\/vincentians.com\/fr\/\"},{\"@type\":\"ListItem\",\"position\":2,\"name\":\"La d\u00e9votion mariale chez Saint Vincent de Paul et les Pr\u00eatres de la Mission. Premi\u00e8re p\u00e9riode\"}]},{\"@type\":\"WebSite\",\"@id\":\"http:\/\/vincentians.com\/fr\/#website\",\"url\":\"http:\/\/vincentians.com\/fr\/\",\"name\":\"Nous Sommes Vincentiens\",\"description\":\"Know more to serve more\",\"potentialAction\":[{\"@type\":\"SearchAction\",\"target\":{\"@type\":\"EntryPoint\",\"urlTemplate\":\"http:\/\/vincentians.com\/fr\/?s={search_term_string}\"},\"query-input\":{\"@type\":\"PropertyValueSpecification\",\"valueRequired\":true,\"valueName\":\"search_term_string\"}}],\"inLanguage\":\"fr-FR\"},{\"@type\":\"Person\",\"@id\":\"http:\/\/vincentians.com\/fr\/#\/schema\/person\/9623ef4d9aa3b2dfb8c061f1499288f2\",\"name\":\"Francisco Javier Fern\u00e1ndez Chento\",\"image\":{\"@type\":\"ImageObject\",\"inLanguage\":\"fr-FR\",\"@id\":\"http:\/\/vincentians.com\/fr\/#\/schema\/person\/image\/\",\"url\":\"https:\/\/secure.gravatar.com\/avatar\/497d5cde87b4c3d097d0315953521681ba2cd523ee66e5077c3711f7021e65de?s=96&d=mm&r=g\",\"contentUrl\":\"https:\/\/secure.gravatar.com\/avatar\/497d5cde87b4c3d097d0315953521681ba2cd523ee66e5077c3711f7021e65de?s=96&d=mm&r=g\",\"caption\":\"Francisco Javier Fern\u00e1ndez Chento\"},\"description\":\"Director General y cofundador de La Red de Formaci\u00f3n Vicenciana. Javier es laico vicenciano, afiliado a la Congregaci\u00f3n de la Misi\u00f3n y miembro del Equipo de Misiones Populares de la provincia can\u00f3nica de Zaragoza (Espa\u00f1a) de la Congregaci\u00f3n de la Misi\u00f3n. Graduado en la Universidad Oberta de Catalunya con cuatro grados (Asistente de direcci\u00f3n, Gesti\u00f3n Administrativa, Recursos Humanos y Contabilidad Avanzada). Bil\u00edng\u00fce Espa\u00f1ol\/Ingl\u00e9s. gestiona y mantiene varias p\u00e1ginas web cristianas y vicencianas, incluida including La Red de Formaci\u00f3n Vicenciana, de la que es cofundador. Actualmente es responsable del \u00e1rea de Espa\u00f1ol de .famvin, la Red de Noticias de la Familia Vicenciana. Tambi\u00e9n es m\u00fasico cat\u00f3lico y ha editado varios discos. Es Director General y cofundador de Trovador, una reconocida compa\u00f1\u00eda discogr\u00e1fica critiana de Espa\u00f1a. Trabaja en las Tecnolog\u00edas de la Informaci\u00f3n, ofreciendo servicios de alojamiento, dise\u00f1o y mantenimiento Web, as\u00ed como asesoramiento, formaci\u00f3n y soluciones inform\u00e1ticas, gesti\u00f3n documental y digitalizaci\u00f3n de textos, edici\u00f3n y maquetaci\u00f3n de libros, revistas, flyers, etc.\",\"sameAs\":[\"http:\/\/chento.org\",\"https:\/\/www.facebook.com\/JavierChento\",\"https:\/\/x.com\/https:\/\/twitter.com\/javierchento\"],\"url\":\"http:\/\/vincentians.com\/fr\/author\/chento\/\"}]}<\/script>\n<!-- \/ Yoast SEO plugin. -->","yoast_head_json":{"title":"La d\u00e9votion mariale chez Saint Vincent de Paul et les Pr\u00eatres de la Mission. Premi\u00e8re p\u00e9riode - Nous Sommes Vincentiens","robots":{"index":"index","follow":"follow","max-snippet":"max-snippet:-1","max-image-preview":"max-image-preview:large","max-video-preview":"max-video-preview:-1"},"canonical":"https:\/\/vincentians.com\/fr\/la-devotion-mariale-chez-saint-vincent-de-paul-et-les-pretres-de-la-mission-premiere-periode\/","og_locale":"fr_FR","og_type":"article","og_title":"La d\u00e9votion mariale chez Saint Vincent de Paul et les Pr\u00eatres de la Mission. Premi\u00e8re p\u00e9riode - Nous Sommes Vincentiens","og_description":"La vie mariale de M.\u00a0Vincent se r\u00e9v\u00e8le \u00e0 quiconque, refusant de se laisser \u00e9blouir par l\u2019\u00e9clat de ses \u0153uvres, cherche \u00e0 p\u00e9n\u00e9trer l\u2019un des secrets de sa spiritualit\u00e9, l\u2019esprit de ses fondations apostoliques. La doctrine ... Read More","og_url":"https:\/\/vincentians.com\/fr\/la-devotion-mariale-chez-saint-vincent-de-paul-et-les-pretres-de-la-mission-premiere-periode\/","og_site_name":"Nous Sommes Vincentiens","article_publisher":"https:\/\/www.facebook.com\/WeAreVincentians\/","article_author":"https:\/\/www.facebook.com\/JavierChento","article_published_time":"2014-01-01T10:08:31+00:00","author":"Francisco Javier Fern\u00e1ndez Chento","twitter_card":"summary_large_image","twitter_creator":"@https:\/\/twitter.com\/javierchento","twitter_site":"@WeVincentians","twitter_misc":{"\u00c9crit par":"Francisco Javier Fern\u00e1ndez Chento","Dur\u00e9e de lecture estim\u00e9e":"27 minutes"},"schema":{"@context":"https:\/\/schema.org","@graph":[{"@type":"WebPage","@id":"https:\/\/vincentians.com\/fr\/la-devotion-mariale-chez-saint-vincent-de-paul-et-les-pretres-de-la-mission-premiere-periode\/","url":"https:\/\/vincentians.com\/fr\/la-devotion-mariale-chez-saint-vincent-de-paul-et-les-pretres-de-la-mission-premiere-periode\/","name":"La d\u00e9votion mariale chez Saint Vincent de Paul et les Pr\u00eatres de la Mission. Premi\u00e8re p\u00e9riode - Nous Sommes Vincentiens","isPartOf":{"@id":"http:\/\/vincentians.com\/fr\/#website"},"primaryImageOfPage":{"@id":"https:\/\/vincentians.com\/fr\/la-devotion-mariale-chez-saint-vincent-de-paul-et-les-pretres-de-la-mission-premiere-periode\/#primaryimage"},"image":{"@id":"https:\/\/vincentians.com\/fr\/la-devotion-mariale-chez-saint-vincent-de-paul-et-les-pretres-de-la-mission-premiere-periode\/#primaryimage"},"thumbnailUrl":"","datePublished":"2014-01-01T10:08:31+00:00","author":{"@id":"http:\/\/vincentians.com\/fr\/#\/schema\/person\/9623ef4d9aa3b2dfb8c061f1499288f2"},"breadcrumb":{"@id":"https:\/\/vincentians.com\/fr\/la-devotion-mariale-chez-saint-vincent-de-paul-et-les-pretres-de-la-mission-premiere-periode\/#breadcrumb"},"inLanguage":"fr-FR","potentialAction":[{"@type":"ReadAction","target":["https:\/\/vincentians.com\/fr\/la-devotion-mariale-chez-saint-vincent-de-paul-et-les-pretres-de-la-mission-premiere-periode\/"]}]},{"@type":"ImageObject","inLanguage":"fr-FR","@id":"https:\/\/vincentians.com\/fr\/la-devotion-mariale-chez-saint-vincent-de-paul-et-les-pretres-de-la-mission-premiere-periode\/#primaryimage","url":"","contentUrl":""},{"@type":"BreadcrumbList","@id":"https:\/\/vincentians.com\/fr\/la-devotion-mariale-chez-saint-vincent-de-paul-et-les-pretres-de-la-mission-premiere-periode\/#breadcrumb","itemListElement":[{"@type":"ListItem","position":1,"name":"Portada","item":"http:\/\/vincentians.com\/fr\/"},{"@type":"ListItem","position":2,"name":"La d\u00e9votion mariale chez Saint Vincent de Paul et les Pr\u00eatres de la Mission. Premi\u00e8re p\u00e9riode"}]},{"@type":"WebSite","@id":"http:\/\/vincentians.com\/fr\/#website","url":"http:\/\/vincentians.com\/fr\/","name":"Nous Sommes Vincentiens","description":"Know more to serve more","potentialAction":[{"@type":"SearchAction","target":{"@type":"EntryPoint","urlTemplate":"http:\/\/vincentians.com\/fr\/?s={search_term_string}"},"query-input":{"@type":"PropertyValueSpecification","valueRequired":true,"valueName":"search_term_string"}}],"inLanguage":"fr-FR"},{"@type":"Person","@id":"http:\/\/vincentians.com\/fr\/#\/schema\/person\/9623ef4d9aa3b2dfb8c061f1499288f2","name":"Francisco Javier Fern\u00e1ndez Chento","image":{"@type":"ImageObject","inLanguage":"fr-FR","@id":"http:\/\/vincentians.com\/fr\/#\/schema\/person\/image\/","url":"https:\/\/secure.gravatar.com\/avatar\/497d5cde87b4c3d097d0315953521681ba2cd523ee66e5077c3711f7021e65de?s=96&d=mm&r=g","contentUrl":"https:\/\/secure.gravatar.com\/avatar\/497d5cde87b4c3d097d0315953521681ba2cd523ee66e5077c3711f7021e65de?s=96&d=mm&r=g","caption":"Francisco Javier Fern\u00e1ndez Chento"},"description":"Director General y cofundador de La Red de Formaci\u00f3n Vicenciana. Javier es laico vicenciano, afiliado a la Congregaci\u00f3n de la Misi\u00f3n y miembro del Equipo de Misiones Populares de la provincia can\u00f3nica de Zaragoza (Espa\u00f1a) de la Congregaci\u00f3n de la Misi\u00f3n. Graduado en la Universidad Oberta de Catalunya con cuatro grados (Asistente de direcci\u00f3n, Gesti\u00f3n Administrativa, Recursos Humanos y Contabilidad Avanzada). Bil\u00edng\u00fce Espa\u00f1ol\/Ingl\u00e9s. gestiona y mantiene varias p\u00e1ginas web cristianas y vicencianas, incluida including La Red de Formaci\u00f3n Vicenciana, de la que es cofundador. Actualmente es responsable del \u00e1rea de Espa\u00f1ol de .famvin, la Red de Noticias de la Familia Vicenciana. Tambi\u00e9n es m\u00fasico cat\u00f3lico y ha editado varios discos. Es Director General y cofundador de Trovador, una reconocida compa\u00f1\u00eda discogr\u00e1fica critiana de Espa\u00f1a. Trabaja en las Tecnolog\u00edas de la Informaci\u00f3n, ofreciendo servicios de alojamiento, dise\u00f1o y mantenimiento Web, as\u00ed como asesoramiento, formaci\u00f3n y soluciones inform\u00e1ticas, gesti\u00f3n documental y digitalizaci\u00f3n de textos, edici\u00f3n y maquetaci\u00f3n de libros, revistas, flyers, etc.","sameAs":["http:\/\/chento.org","https:\/\/www.facebook.com\/JavierChento","https:\/\/x.com\/https:\/\/twitter.com\/javierchento"],"url":"http:\/\/vincentians.com\/fr\/author\/chento\/"}]}},"jetpack_publicize_connections":[],"jetpack_featured_media_url":"","jetpack_sharing_enabled":true,"jetpack_shortlink":"https:\/\/wp.me\/p7ETMP-rZQ","jetpack-related-posts":[{"id":54289,"url":"http:\/\/vincentians.com\/fr\/le-culte-de-marie-et-lexperience-religieuse-de-m-vincent-de-paul\/","url_meta":{"origin":107622,"position":0},"title":"Le culte de Marie et l&rsquo;experience religieuse de M. Vincent de Paul","author":"Francisco Javier Fern\u00e1ndez Chento","date":"19\/02\/2015","format":false,"excerpt":"\u00abBien s\u00fbr, il est de la famille, pouvaient penser les spirituels du grand si\u00e8cle en regardant passer M. Vincent de Paul: mais c'est un parent pauvre! \u00bb. Plac\u00e9s \u00e1 trois si\u00e8cles de distance, nous sommes tout pr\u00eats \u00e1 reprendre sur un ton majeur cette antienne plaintivement modul\u00e9e. C'est un fait:\u2026","rel":"","context":"Dans &quot;Vincent de Paul&quot;","block_context":{"text":"Vincent de Paul","link":"http:\/\/vincentians.com\/fr\/category\/the-vincentian-family\/founders\/vincent-de-paul\/"},"img":{"alt_text":"","src":"https:\/\/i0.wp.com\/vincentiens.org\/wp-content\/uploads\/2011\/10\/Vincent_de_Paul_and_Virgin_Mary-300x179.jpg?resize=350%2C200","width":350,"height":200},"classes":[]},{"id":107625,"url":"http:\/\/vincentians.com\/fr\/la-devotion-mariale-chez-saint-vincent-de-paul-et-les-pretres-de-la-mission-deuxieme-periode\/","url_meta":{"origin":107622,"position":1},"title":"La d\u00e9votion mariale chez Saint Vincent de Paul et les Pr\u00eatres de la Mission. Deuxi\u00e8me p\u00e9riode","author":"Francisco Javier Fern\u00e1ndez Chento","date":"02\/01\/2014","format":false,"excerpt":"Deuxi\u00e8me p\u00e9riode : De la manifestation de la M\u00e9dalle Miraculeuse (1830) jusqu'\u00e0 nos jours 1\u00b0 La manifestation du 27\u00a0Novembre 1830 \u00e0 S\u0153eur Catherine Labour\u00e9 Cet \u00e9v\u00e9nement est d\u2019une importance capitale dans l\u2019histoire de la d\u00e9votion mariale des fils et des filles de saint Vincent de Paul. Cette faveur c\u00e9leste fut\u2026","rel":"","context":"Dans &quot;M\u00e9daille Miraculeuse et d\u00e9votion mariale&quot;","block_context":{"text":"M\u00e9daille Miraculeuse et d\u00e9votion mariale","link":"http:\/\/vincentians.com\/fr\/category\/medaille-miraculeuse-et-devotion-mariale\/"},"img":{"alt_text":"crapez","src":"https:\/\/i0.wp.com\/vincentiens.org\/wp-content\/uploads\/2014\/01\/crapez.jpg?resize=350%2C200","width":350,"height":200},"classes":[]},{"id":104613,"url":"http:\/\/vincentians.com\/fr\/video-medaille-miraculeuse-le-message-de-la-rue-du-bac\/","url_meta":{"origin":107622,"position":2},"title":"Vid\u00e9o: M\u00e9daille Miraculeuse &#8211; Le message de la Rue du Bac","author":"Francisco Javier Fern\u00e1ndez Chento","date":"02\/11\/2012","format":false,"excerpt":"","rel":"","context":"Dans &quot;M\u00e9daille Miraculeuse et d\u00e9votion mariale&quot;","block_context":{"text":"M\u00e9daille Miraculeuse et d\u00e9votion mariale","link":"http:\/\/vincentians.com\/fr\/category\/medaille-miraculeuse-et-devotion-mariale\/"},"img":{"alt_text":"","src":"","width":0,"height":0},"classes":[]},{"id":104777,"url":"http:\/\/vincentians.com\/fr\/fete-de-notre-dame-de-la-medaille-miraculeuse\/","url_meta":{"origin":107622,"position":3},"title":"F\u00eate de Notre Dame de la M\u00e9daille Miraculeuse","author":"Francisco Javier Fern\u00e1ndez Chento","date":"24\/11\/2012","format":false,"excerpt":"Pour inviter la Famille Vincentienne \u00e0 une plus grande d\u00e9votion \u00e0 Notre-Dame de la M\u00e9daille Miraculeuse. Chers Fr\u00e8res et S\u0153urs en Saint Vincent, La gr\u00e2ce et la paix de Notre Seigneur J\u00e9sus Christ soit toujours avec nous\u00a0! Tandis que l\u2019Eglise se r\u00e9jouit en ce d\u00e9but de l\u2019\u00ab\u00a0Ann\u00e9e de la foi\u00a0\u00bb,\u2026","rel":"","context":"Dans &quot;M\u00e9daille Miraculeuse et d\u00e9votion mariale&quot;","block_context":{"text":"M\u00e9daille Miraculeuse et d\u00e9votion mariale","link":"http:\/\/vincentians.com\/fr\/category\/medaille-miraculeuse-et-devotion-mariale\/"},"img":{"alt_text":"P. Gregory Gay, C.M.","src":"https:\/\/i0.wp.com\/somos.vicencianos.org\/files\/2009\/12\/gregory_felicita_la_navidad11-300x300.jpg?resize=350%2C200","width":350,"height":200},"classes":[]},{"id":104783,"url":"http:\/\/vincentians.com\/fr\/message-de-la-medaille-miraculeuse\/","url_meta":{"origin":107622,"position":4},"title":"Message de la M\u00e9daille Miraculeuse","author":"Francisco Javier Fern\u00e1ndez Chento","date":"24\/11\/2012","format":false,"excerpt":"\u00ab Faites, faites frapper une m\u00e9daille sur ce mod\u00e8le. Les personnes qui la porteront recevront de grandes gr\u00e2ces. Les gr\u00e2ces seront abondantes sur les personnes qui auront confiance. \u00bb Il est difficile de pr\u00e9ciser la signification et la port\u00e9e des Apparitions de la rue du Bac, premi\u00e8re de toutes les\u2026","rel":"","context":"Dans &quot;M\u00e9daille Miraculeuse et d\u00e9votion mariale&quot;","block_context":{"text":"M\u00e9daille Miraculeuse et d\u00e9votion mariale","link":"http:\/\/vincentians.com\/fr\/category\/medaille-miraculeuse-et-devotion-mariale\/"},"img":{"alt_text":"","src":"https:\/\/i0.wp.com\/vincentiens.org\/wp-content\/uploads\/2012\/11\/Medaglia_Miracolosa-300x300.jpg?resize=350%2C200","width":350,"height":200},"classes":[]},{"id":38257,"url":"http:\/\/vincentians.com\/fr\/elements-dunion-dans-la-famille-vincentienne\/","url_meta":{"origin":107622,"position":5},"title":"\u00c9l\u00e9ments d\u2019union dans la Famille Vincentienne","author":"Francisco Javier Fern\u00e1ndez Chento","date":"04\/08\/2016","format":false,"excerpt":"A. De quelle famille parlons-nous ? Lorsque nous parlons de la Famille Vincentienne nous faisons allusion \u00e0 tous ces groupes d\u2019associations ou \u00e0 des congr\u00e9gations qui, dans leur vie (style) et dans leur action (apostolat), s\u2019inspirent avec diverses nuances, de ce que nous appelons aujourd\u2019hui \u00ab charisme vincentien \u00bb. D\u2019autre\u2026","rel":"","context":"Dans &quot;La Famille Vincentienne&quot;","block_context":{"text":"La Famille Vincentienne","link":"http:\/\/vincentians.com\/fr\/category\/la-famille-vincentienne\/"},"img":{"alt_text":"","src":"https:\/\/i0.wp.com\/vincentians.com\/fr\/wp-content\/uploads\/sites\/10\/2014\/01\/Vincentian-Family-leaders-meeting-in-Paris.jpg?fit=1200%2C630&resize=350%2C200","width":350,"height":200,"srcset":"https:\/\/i0.wp.com\/vincentians.com\/fr\/wp-content\/uploads\/sites\/10\/2014\/01\/Vincentian-Family-leaders-meeting-in-Paris.jpg?fit=1200%2C630&resize=350%2C200 1x, https:\/\/i0.wp.com\/vincentians.com\/fr\/wp-content\/uploads\/sites\/10\/2014\/01\/Vincentian-Family-leaders-meeting-in-Paris.jpg?fit=1200%2C630&resize=525%2C300 1.5x, https:\/\/i0.wp.com\/vincentians.com\/fr\/wp-content\/uploads\/sites\/10\/2014\/01\/Vincentian-Family-leaders-meeting-in-Paris.jpg?fit=1200%2C630&resize=700%2C400 2x, https:\/\/i0.wp.com\/vincentians.com\/fr\/wp-content\/uploads\/sites\/10\/2014\/01\/Vincentian-Family-leaders-meeting-in-Paris.jpg?fit=1200%2C630&resize=1050%2C600 3x"},"classes":[]}],"_links":{"self":[{"href":"http:\/\/vincentians.com\/fr\/wp-json\/wp\/v2\/posts\/107622","targetHints":{"allow":["GET"]}}],"collection":[{"href":"http:\/\/vincentians.com\/fr\/wp-json\/wp\/v2\/posts"}],"about":[{"href":"http:\/\/vincentians.com\/fr\/wp-json\/wp\/v2\/types\/post"}],"author":[{"embeddable":true,"href":"http:\/\/vincentians.com\/fr\/wp-json\/wp\/v2\/users\/4"}],"replies":[{"embeddable":true,"href":"http:\/\/vincentians.com\/fr\/wp-json\/wp\/v2\/comments?post=107622"}],"version-history":[{"count":0,"href":"http:\/\/vincentians.com\/fr\/wp-json\/wp\/v2\/posts\/107622\/revisions"}],"wp:featuredmedia":[{"embeddable":true,"href":"http:\/\/vincentians.com\/fr\/wp-json\/"}],"wp:attachment":[{"href":"http:\/\/vincentians.com\/fr\/wp-json\/wp\/v2\/media?parent=107622"}],"wp:term":[{"taxonomy":"category","embeddable":true,"href":"http:\/\/vincentians.com\/fr\/wp-json\/wp\/v2\/categories?post=107622"},{"taxonomy":"post_tag","embeddable":true,"href":"http:\/\/vincentians.com\/fr\/wp-json\/wp\/v2\/tags?post=107622"}],"curies":[{"name":"wp","href":"https:\/\/api.w.org\/{rel}","templated":true}]}}