{"id":107517,"date":"2013-12-28T04:19:50","date_gmt":"2013-12-28T03:19:50","guid":{"rendered":"http:\/\/vincentiens.org\/?p=107517"},"modified":"2013-12-28T04:19:50","modified_gmt":"2013-12-28T03:19:50","slug":"homelie-pour-la-fete-de-la-sainte-famille","status":"publish","type":"post","link":"http:\/\/vincentians.com\/fr\/homelie-pour-la-fete-de-la-sainte-famille\/","title":{"rendered":"Hom\u00e9lie pour la F\u00eate de la Sainte Famille"},"content":{"rendered":"<h2><i>\u00ab\u00a0<i>L\u00e8ve-toi, Joseph et va\u00a0!!!<\/i>\u00a0\u00bb<\/i><\/h2>\n<p><a href=\"https:\/\/i0.wp.com\/vincentiens.org\/wp-content\/uploads\/2013\/12\/parole-dieu-parole-vie-2.jpg\"><img data-recalc-dims=\"1\" loading=\"lazy\" decoding=\"async\" class=\"alignright size-medium wp-image-107416\" alt=\"parole-dieu-parole-vie-2\" src=\"https:\/\/i0.wp.com\/vincentiens.org\/wp-content\/uploads\/2013\/12\/parole-dieu-parole-vie-2-300x225.jpg?resize=300%2C225\" width=\"300\" height=\"225\" \/><\/a>En ce dernier dimanche de l\u2019ann\u00e9e 2013, nous nous retrouvons au c\u0153ur de <i>la Sainte Famille<\/i>.<\/p>\n<p>Rappelons-nous, il y a quelques jours c\u2019\u00e9tait la f\u00eate \u00e0 Bethl\u00e9em. Chacun se f\u00e9licitait de revoir parents et amis, et l\u00e0-bas un peu plus loin, et toujours un peu plus bas au fond d\u2019une grotte dans une mangeoire, un b\u00e9b\u00e9 vient d\u2019ouvrir les yeux \u00e0 la vie sorti de ce <i>tabernacle<\/i> que fut l\u2019hymen de sa m\u00e8re. <b><i>Dieu nous fait la gr\u00e2ce de sa pr\u00e9sence, enfant, vrai homme et vrai Dieu. Il a courb\u00e9 son dos, s\u2019est pench\u00e9 sur notre terre et, est venu partager notre existence. <\/i><\/b>\u00d4 combien je me rappelle encore des mots si beaux et si d\u00e9licats de Sr Marie Keyrouz commentant une hymne de No\u00ebl\u00a0! Merci, \u00f4 Seigneur, d\u2019\u00eatre aupr\u00e8s de nous, avec nous, de partager notre vie\u00a0!<\/p>\n<p>Tout paraissait suivre un plan rondement bien men\u00e9. A d\u00e9faut d\u2019une auberge et d\u2019un bon lit chaud une grotte avec une mangeoire et de la paille pour les animaux dont nous parlent les Evangiles apocryphes (un \u00e2ne et un b\u0153uf)\u00a0; et puis les bergers. Mais voil\u00e0 qu\u2019aujourd\u2019hui sont pr\u00e9sents dans cet endroit assez mis\u00e9rable &#8211; ah\u00a0! Il faut bien le dire\u00a0!!! -, <b><i>un endroit pauvre, avec des pauvres, pour des pauvres<\/i><\/b><i>.<\/i> Un lieu o\u00f9 viennent pourtant \u00ab\u00a0des rois\u00a0\u00bb. De ceux-l\u00e0 nous en parlerons une autre fois&#8230; Ils viennent adorer le Seigneur, et voil\u00e0 que l\u2019Ange omnipr\u00e9sent aupr\u00e8s de Marie, de Joseph est aussi \u00e0 proximit\u00e9 de leur \u00e9quipage. Tout le monde se s\u00e9pare, d\u2019un coup et d\u2019un seul\u00a0! Les mages d\u2019un c\u00f4t\u00e9, et la petite famille de l\u2019autre. Joseph, averti en r\u00eave, emm\u00e8ne Marie et le petit b\u00e9b\u00e9 si fragile encore en Egypte, loin du bras arm\u00e9 d\u2019H\u00e9rode. Dans les si\u00e8cles pass\u00e9s, Pharaon avait voulu mettre la main sur Mo\u00efse en tuant tous les enfants m\u00e2les en bas-\u00e2ge, et voil\u00e0 qu\u2019aujourd\u2019hui Joseph fait le chemin contraire pour qu\u2019H\u00e9rode ne mette pas la main sur J\u00e9sus. <b><i>Un dr\u00f4le de raccourci<\/i><\/b>\u00a0<b><i>: retourner en Egypte.<\/i><\/b> Mais o\u00f9\u00a0? Pour combien de temps\u00a0? Qui va les accueillir\u00a0? Joseph n\u2019a pas le temps de tergiverser ni de chercher des excuses ou des renseignements. Il faut partir \u00e0 la h\u00e2te comme les H\u00e9breux, sans faire de bruit. Silence. On entend au loin les grincements de dents, les lames aiguis\u00e9es, les hennissements des chevaux et le roulement des roues mal huil\u00e9es de ces chars de malheur\u00a0! L\u2019addition sera sal\u00e9e. La Basilique de Bethl\u00e9em, dans la crypte, en porte la m\u00e9moire. Pourquoi donc Dieu a laiss\u00e9 par deux fois le bras vengeur de l\u2019Homme s\u2019abattre sur des innocents\u00a0? Dieu de malheur\u00a0! Dieu qui a soif du sang des pauvres sans d\u00e9fense, et qui laisse la souffrance et la guerre envahir notre monde&#8230; Le pensons-nous vraiment\u00a0? Dieu devrait-il toujours tout faire pour que l\u2019Homme ne fasse rien\u00a0? Devrait-il arr\u00eater la guerre en Syrie, les heurts en Egypte, les attentats en Irak et en Afghanistan, les exactions au Mali et en Centre Afrique, les viols\u00a0? Doit-il donner, sauver, panser, r\u00e9compenser\u00a0? Et, nous qu\u2019aurions-nous donc \u00e0 faire\u00a0? <b><i>Quelle responsabilit\u00e9 nous incomberait\u00a0? Pour quelle libert\u00e9\u00a0?<\/i><\/b> Comme il serait facile d\u2019attendre patiemment que TOUT vient de LUI, et rien \u2013 JAMAIS RIEN \u2013 de nous\u00a0!!! Vous savez c\u2019est un peu comme dans les familles. Maman par-ci et Maman par-l\u00e0. Papa par-ci et Papa par-l\u00e0&#8230; Maman \u00ab\u00a0doit\u00a0\u00bb ou Papa \u00ab\u00a0faut que\u00a0\u00bb&#8230; Et que dire encore dans les couples\u00a0? Et voil\u00e0, qu\u2019\u00e0 rien ne vaille, il faut partir\u00a0!<\/p>\n<p>Ce soir, je ne peux m\u2019emp\u00eacher &#8211; en \u00e9crivant cette m\u00e9ditation &#8211; de penser \u00e0 tous les exil\u00e9s, \u00e0 tous les migrants de la Terre, \u00e0 ces centaines de milliers de r\u00e9fugi\u00e9s syriens, \u00e0 ces pauvres diables \u00ab\u00a0se collant\u00a0\u00bb \u00e0 proximit\u00e9 des r\u00e9acteurs des avions ou des carlingues d\u2019autocars, s\u2019agglutinant dans des embarcations de fortune pour rejoindre les c\u00f4tes europ\u00e9ennes (quand ils y arrivent) \u00e0 Lampedusa. D\u2019autres encore, franchissant pour beaucoup (beaucoup trop) d\u2019argent, collines et montagnes. <b><i>Non, l\u2019exil n\u2019est jamais banal.<\/i><\/b> Ne pas vivre chez soi et migrer ailleurs o\u00f9 l\u2019on ne m\u2019attend pas, ou peut-\u00eatre je ne serais pas re\u00e7u ni appr\u00e9ci\u00e9 \u00e0 cause de mon physique et de ma langue, de mes habitudes et de mon accent, de ma religion et de mon faci\u00e8s&#8230; Non ce n\u2019est pas banal\u00a0! La Sainte Famille accept\u00e9 ce d\u00e9fi et, a rejoint tous ceux qui sont sur les chemins, pauvres de tout.<\/p>\n<p>Souvenons-nous de ce qui s\u2019est pass\u00e9 pendant la Seconde Guerre mondiale, quand des fran\u00e7ais se sont crus g\u00e9n\u00e9reux de devoir faire du \u00ab\u00a0<i>march\u00e9 noir<\/i>\u00a0\u00bb sur le dos d\u2019une population affam\u00e9e, inqui\u00e9t\u00e9e. D\u2019autres encore, ont gagn\u00e9 pas mal d\u2019argent en se faisant payer grassement pour un passage en Suisse, en Espagne ou en \u00ab\u00a0<i>Zone libre<\/i>\u00a0\u00bb. Aujourd\u2019hui, c\u2019est \u00e0 peu pr\u00e8s la m\u00eame chose, non\u00a0&#8230; ? Pour ces gens, la Vie n\u2019est rien&#8230; La famille pas grand-chose, et les enfants alors, n\u2019en parlons pas\u00a0!!! Profiter de la mis\u00e8re humaine, de la trag\u00e9die dans une vie, du drame de toute une famille. <b><i>Le Seigneur a \u00e9t\u00e9 en exil<\/i><\/b> avec le Peuple H\u00e9breu \u00e0 Babylone et en Egypte. Le Dieu de nos P\u00e8res a march\u00e9 dans le d\u00e9sert, et s\u2019est joint \u00e0 chaque fois aux mis\u00e8res du monde. Il a envoy\u00e9 des proph\u00e8tes. Il a dit et a proclam\u00e9 l\u2019Evangile de la mis\u00e9ricorde, de l\u2019Amour du P\u00e8re, du Royaume des Cieux. Il a sauv\u00e9 des vies, et a eu compassion des petits et des malades, des pauvres et des d\u00e9sesp\u00e9r\u00e9s. <b><i>Il marche avec nous le Dieu d\u2019Abraham, d\u2019Isaac et de Jacob.<\/i><\/b> Celui qui a permis \u00e0 Mo\u00efse de sortir d\u2019Egypte avec son Peuple avec qui il avait fait Alliance est le m\u00eame, qui est en exil. Nous aussi, peut-\u00eatre ce soir, sommes-nous dans cet exil int\u00e9rieur au loin de nous-m\u00eames, tr\u00e8s loin des autres tout en \u00e9tant tr\u00e8s pr\u00e8s. Pour sortir de l\u2019exil, il faut bien souvent tr\u00e8s peu de chose(s). Sans doute, faut-il comme dans l\u2019Evangile de ce jour, que quelqu\u2019un me dise \u00e0 moi-aussi\u00a0: \u00ab\u00a0<i>L\u00e8ve-toi\u00a0!<\/i>\u00a0\u00bb. Pierre et Andr\u00e9 avaient laiss\u00e9 les filets, Matthieu sa table de change et Zach\u00e9e aussi. A la parole de J\u00e9sus Marie-Madeleine s\u2019\u00e9tait lev\u00e9e, et la jeune fille aussi \u00ab\u00a0<i>Talitha Koum<\/i>\u00a0\u00bb, et le paralytique&#8230; \u00ab\u00a0<i>L\u00e8ve-toi et marche\u00a0!!!<\/i>\u00a0\u00bb. \u00ab\u00a0<i>L\u00e8ve-toi, va ta foi t\u2019a sauv\u00e9\u00a0!<\/i>\u00a0\u00bb. Ici, encore c\u2019est le m\u00eame ordre dans la foi dite et dans la foi accept\u00e9e et assum\u00e9e\u00a0: \u00ab\u00a0<i>L\u00e8ve-toi<\/i>\u00a0\u00bb, et Joseph se leva pour l\u2019Egypte. \u00ab\u00a0<i>L\u00e8ve-toi<\/i>\u00a0\u00bb, et \u00e0 nouveau, Joseph le Juste et ob\u00e9issant fils d\u2019Isra\u00ebl, se leva pour ramener J\u00e9sus et la Vierge Marie en Isra\u00ebl, mais ce ne sera pas pour la Jud\u00e9e&#8230; Ils iront vivre simplement et humblement se cacher dans un endroit pauvre et d\u00e9sert loin de la route principale, la <i>Via Maris<\/i>\u00a0; et loin du Lac de G\u00e9n\u00e9sareth. <i>L\u2019Heure <\/i>n\u2019\u00e9tait pas encore venue. Dans l\u2019attente, J\u00e9sus va grandir comme tous les enfants aupr\u00e8s de ses parents. Il va apprendre le m\u00e9tier de charpentier, et se pr\u00e9parer \u00e0 \u00eatre Celui qui va enseigner son Peuple, l\u2019aimer, lui apprendre \u00e0 aimer et \u00e0 pardonner, \u00e0 conduire son peuple \u00e0 la Croix pour la R\u00e9surrection. Oui, de la Cr\u00e8che \u00e0 la Croix nous dira, dans l\u2019effroi, d\u2019Auschwitz Edith Stein\u00a0! Dans la nuit et dans les t\u00e9n\u00e8bres du <i>stalag<\/i>, comme pour Saint Maximilien-Maria Kolbe, la lumi\u00e8re des Saints Innocents vient rejoindre celle de la Passion, de la Croix sur le Golgotha en attendant le lendemain de la P\u00e2que du Seigneur. \u00a0Un seul mouvement et une seule foi\u00a0; et c\u2019est ainsi que J\u00e9sus ne deviendra jamais \u00ab\u00a0<i>J\u00e9sus le b\u00e9thl\u00e9emite<\/i>\u00a0\u00bb, mais bien \u00ab\u00a0<i>J\u00e9sus de Nazareth<\/i>\u00a0\u00bb. Un lieu o\u00f9 rien ne peut sortir de bien&#8230; Peut-\u00eatre un jeune homme, un peu plus sage que les autres, moins t\u00eate-en-l\u2019air, plus compatissant et tr\u00e8s ob\u00e9issant \u00e0 ses parents, \u00e0 la volont\u00e9 de son P\u00e8re et \u00e0 la Torah. Jamais personne n\u2019a rien dit de lui. Que de bonnes paroles\u00a0! On a commenc\u00e9 \u00e0 chuchoter \u00e0 son sujet dans la synagogue de Nazareth, et plus tard encore \u00e0 capharna\u00fcm ou dans le Temple. Un Saint de Dieu\u00a0!!!<\/p>\n<p>&#8230; Et demain, \u00ab\u00a0<i>que deviendra cet enfant\u00a0? <\/i>\u00bb. \u00ab\u00a0<i>Que deviendra cet homme\u00a0?<\/i>\u00a0\u00bb. Seule sa M\u00e8re en portera silencieusement le secret en son c\u0153ur\u00a0; elle qui depuis l\u2019Annonce de l\u2019Ange a tout donn\u00e9, et s\u2019est elle-m\u00eame donn\u00e9e. Aujourd\u2019hui, encore c\u2019est au monde qu\u2019elle offre \u00ab\u00a0<i>le Fruit de ses entrailles<\/i>\u00a0\u00bb aupr\u00e8s de <i>Joseph le Bien-aim\u00e9<\/i>. Elle nous le donne. Il encore si petit\u00a0!!!<\/p>\n<p style=\"text-align: right\"><i>Joyeux No\u00ebl\u00a0!!!<\/i><b><i><br \/>\n<\/i>P\u00e8re Patrice Sabater Pardo,<br \/>\n<\/b><i>Barcelona, le 27 d\u00e9cembre 2013<\/i><\/p>\n","protected":false},"excerpt":{"rendered":"<p>\u00ab\u00a0L\u00e8ve-toi, Joseph et va\u00a0!!!\u00a0\u00bb En ce dernier dimanche de l\u2019ann\u00e9e 2013, nous nous retrouvons au c\u0153ur de la Sainte Famille. Rappelons-nous, il y a quelques jours c\u2019\u00e9tait la f\u00eate \u00e0 Bethl\u00e9em. Chacun se f\u00e9licitait de &#8230; <a href=\"http:\/\/vincentians.com\/fr\/homelie-pour-la-fete-de-la-sainte-famille\/\" class=\"more-link\">Read More<\/a><\/p>\n","protected":false},"author":4,"featured_media":107515,"comment_status":"open","ping_status":"open","sticky":false,"template":"","format":"standard","meta":{"jetpack_post_was_ever_published":false,"_jetpack_newsletter_access":"","_jetpack_dont_email_post_to_subs":false,"_jetpack_newsletter_tier_id":0,"_jetpack_memberships_contains_paywalled_content":false,"_jetpack_memberships_contains_paid_content":false,"footnotes":"","jetpack_publicize_message":"","jetpack_publicize_feature_enabled":true,"jetpack_social_post_already_shared":true,"jetpack_social_options":{"image_generator_settings":{"template":"highway","default_image_id":0,"font":"","enabled":false},"version":2}},"categories":[141],"tags":[],"class_list":["post-107517","post","type-post","status-publish","format-standard","has-post-thumbnail","hentry","category-homelies-et-reflexions-annee-a"],"yoast_head":"<!-- This site is optimized with the Yoast SEO plugin v26.3 - https:\/\/yoast.com\/wordpress\/plugins\/seo\/ -->\n<title>Hom\u00e9lie pour la F\u00eate de la Sainte Famille - Nous Sommes Vincentiens<\/title>\n<meta name=\"robots\" content=\"index, follow, max-snippet:-1, max-image-preview:large, max-video-preview:-1\" \/>\n<link rel=\"canonical\" href=\"http:\/\/vincentians.com\/fr\/homelie-pour-la-fete-de-la-sainte-famille\/\" \/>\n<meta property=\"og:locale\" content=\"fr_FR\" \/>\n<meta property=\"og:type\" content=\"article\" \/>\n<meta property=\"og:title\" content=\"Hom\u00e9lie pour la F\u00eate de la Sainte Famille - Nous Sommes Vincentiens\" \/>\n<meta property=\"og:description\" content=\"\u00ab\u00a0L\u00e8ve-toi, Joseph et va\u00a0!!!\u00a0\u00bb En ce dernier dimanche de l\u2019ann\u00e9e 2013, nous nous retrouvons au c\u0153ur de la Sainte Famille. Rappelons-nous, il y a quelques jours c\u2019\u00e9tait la f\u00eate \u00e0 Bethl\u00e9em. Chacun se f\u00e9licitait de ... Read More\" \/>\n<meta property=\"og:url\" content=\"http:\/\/vincentians.com\/fr\/homelie-pour-la-fete-de-la-sainte-famille\/\" \/>\n<meta property=\"og:site_name\" content=\"Nous Sommes Vincentiens\" \/>\n<meta property=\"article:publisher\" content=\"https:\/\/www.facebook.com\/WeAreVincentians\/\" \/>\n<meta property=\"article:author\" content=\"https:\/\/www.facebook.com\/JavierChento\" \/>\n<meta property=\"article:published_time\" content=\"2013-12-28T03:19:50+00:00\" \/>\n<meta name=\"author\" content=\"Francisco Javier Fern\u00e1ndez Chento\" \/>\n<meta name=\"twitter:card\" content=\"summary_large_image\" \/>\n<meta name=\"twitter:creator\" content=\"@https:\/\/twitter.com\/javierchento\" \/>\n<meta name=\"twitter:site\" content=\"@WeVincentians\" \/>\n<meta name=\"twitter:label1\" content=\"\u00c9crit par\" \/>\n\t<meta name=\"twitter:data1\" content=\"Francisco Javier Fern\u00e1ndez Chento\" \/>\n\t<meta name=\"twitter:label2\" content=\"Dur\u00e9e de lecture estim\u00e9e\" \/>\n\t<meta name=\"twitter:data2\" content=\"8 minutes\" \/>\n<script type=\"application\/ld+json\" class=\"yoast-schema-graph\">{\"@context\":\"https:\/\/schema.org\",\"@graph\":[{\"@type\":\"WebPage\",\"@id\":\"http:\/\/vincentians.com\/fr\/homelie-pour-la-fete-de-la-sainte-famille\/\",\"url\":\"http:\/\/vincentians.com\/fr\/homelie-pour-la-fete-de-la-sainte-famille\/\",\"name\":\"Hom\u00e9lie pour la F\u00eate de la Sainte Famille - Nous Sommes Vincentiens\",\"isPartOf\":{\"@id\":\"https:\/\/vincentians.com\/fr\/#website\"},\"primaryImageOfPage\":{\"@id\":\"http:\/\/vincentians.com\/fr\/homelie-pour-la-fete-de-la-sainte-famille\/#primaryimage\"},\"image\":{\"@id\":\"http:\/\/vincentians.com\/fr\/homelie-pour-la-fete-de-la-sainte-famille\/#primaryimage\"},\"thumbnailUrl\":\"\",\"datePublished\":\"2013-12-28T03:19:50+00:00\",\"author\":{\"@id\":\"https:\/\/vincentians.com\/fr\/#\/schema\/person\/9623ef4d9aa3b2dfb8c061f1499288f2\"},\"breadcrumb\":{\"@id\":\"http:\/\/vincentians.com\/fr\/homelie-pour-la-fete-de-la-sainte-famille\/#breadcrumb\"},\"inLanguage\":\"fr-FR\",\"potentialAction\":[{\"@type\":\"ReadAction\",\"target\":[\"http:\/\/vincentians.com\/fr\/homelie-pour-la-fete-de-la-sainte-famille\/\"]}]},{\"@type\":\"ImageObject\",\"inLanguage\":\"fr-FR\",\"@id\":\"http:\/\/vincentians.com\/fr\/homelie-pour-la-fete-de-la-sainte-famille\/#primaryimage\",\"url\":\"\",\"contentUrl\":\"\"},{\"@type\":\"BreadcrumbList\",\"@id\":\"http:\/\/vincentians.com\/fr\/homelie-pour-la-fete-de-la-sainte-famille\/#breadcrumb\",\"itemListElement\":[{\"@type\":\"ListItem\",\"position\":1,\"name\":\"Portada\",\"item\":\"https:\/\/vincentians.com\/fr\/\"},{\"@type\":\"ListItem\",\"position\":2,\"name\":\"Hom\u00e9lie pour la F\u00eate de la Sainte Famille\"}]},{\"@type\":\"WebSite\",\"@id\":\"https:\/\/vincentians.com\/fr\/#website\",\"url\":\"https:\/\/vincentians.com\/fr\/\",\"name\":\"Nous Sommes Vincentiens\",\"description\":\"Know more to serve more\",\"potentialAction\":[{\"@type\":\"SearchAction\",\"target\":{\"@type\":\"EntryPoint\",\"urlTemplate\":\"https:\/\/vincentians.com\/fr\/?s={search_term_string}\"},\"query-input\":{\"@type\":\"PropertyValueSpecification\",\"valueRequired\":true,\"valueName\":\"search_term_string\"}}],\"inLanguage\":\"fr-FR\"},{\"@type\":\"Person\",\"@id\":\"https:\/\/vincentians.com\/fr\/#\/schema\/person\/9623ef4d9aa3b2dfb8c061f1499288f2\",\"name\":\"Francisco Javier Fern\u00e1ndez Chento\",\"image\":{\"@type\":\"ImageObject\",\"inLanguage\":\"fr-FR\",\"@id\":\"https:\/\/vincentians.com\/fr\/#\/schema\/person\/image\/\",\"url\":\"https:\/\/secure.gravatar.com\/avatar\/497d5cde87b4c3d097d0315953521681ba2cd523ee66e5077c3711f7021e65de?s=96&d=mm&r=g\",\"contentUrl\":\"https:\/\/secure.gravatar.com\/avatar\/497d5cde87b4c3d097d0315953521681ba2cd523ee66e5077c3711f7021e65de?s=96&d=mm&r=g\",\"caption\":\"Francisco Javier Fern\u00e1ndez Chento\"},\"description\":\"Director General y cofundador de La Red de Formaci\u00f3n Vicenciana. Javier es laico vicenciano, afiliado a la Congregaci\u00f3n de la Misi\u00f3n y miembro del Equipo de Misiones Populares de la provincia can\u00f3nica de Zaragoza (Espa\u00f1a) de la Congregaci\u00f3n de la Misi\u00f3n. Graduado en la Universidad Oberta de Catalunya con cuatro grados (Asistente de direcci\u00f3n, Gesti\u00f3n Administrativa, Recursos Humanos y Contabilidad Avanzada). Bil\u00edng\u00fce Espa\u00f1ol\/Ingl\u00e9s. gestiona y mantiene varias p\u00e1ginas web cristianas y vicencianas, incluida including La Red de Formaci\u00f3n Vicenciana, de la que es cofundador. Actualmente es responsable del \u00e1rea de Espa\u00f1ol de .famvin, la Red de Noticias de la Familia Vicenciana. Tambi\u00e9n es m\u00fasico cat\u00f3lico y ha editado varios discos. Es Director General y cofundador de Trovador, una reconocida compa\u00f1\u00eda discogr\u00e1fica critiana de Espa\u00f1a. Trabaja en las Tecnolog\u00edas de la Informaci\u00f3n, ofreciendo servicios de alojamiento, dise\u00f1o y mantenimiento Web, as\u00ed como asesoramiento, formaci\u00f3n y soluciones inform\u00e1ticas, gesti\u00f3n documental y digitalizaci\u00f3n de textos, edici\u00f3n y maquetaci\u00f3n de libros, revistas, flyers, etc.\",\"sameAs\":[\"http:\/\/chento.org\",\"https:\/\/www.facebook.com\/JavierChento\",\"https:\/\/x.com\/https:\/\/twitter.com\/javierchento\"],\"url\":\"http:\/\/vincentians.com\/fr\/author\/chento\/\"}]}<\/script>\n<!-- \/ Yoast SEO plugin. -->","yoast_head_json":{"title":"Hom\u00e9lie pour la F\u00eate de la Sainte Famille - Nous Sommes Vincentiens","robots":{"index":"index","follow":"follow","max-snippet":"max-snippet:-1","max-image-preview":"max-image-preview:large","max-video-preview":"max-video-preview:-1"},"canonical":"http:\/\/vincentians.com\/fr\/homelie-pour-la-fete-de-la-sainte-famille\/","og_locale":"fr_FR","og_type":"article","og_title":"Hom\u00e9lie pour la F\u00eate de la Sainte Famille - Nous Sommes Vincentiens","og_description":"\u00ab\u00a0L\u00e8ve-toi, Joseph et va\u00a0!!!\u00a0\u00bb En ce dernier dimanche de l\u2019ann\u00e9e 2013, nous nous retrouvons au c\u0153ur de la Sainte Famille. Rappelons-nous, il y a quelques jours c\u2019\u00e9tait la f\u00eate \u00e0 Bethl\u00e9em. Chacun se f\u00e9licitait de ... Read More","og_url":"http:\/\/vincentians.com\/fr\/homelie-pour-la-fete-de-la-sainte-famille\/","og_site_name":"Nous Sommes Vincentiens","article_publisher":"https:\/\/www.facebook.com\/WeAreVincentians\/","article_author":"https:\/\/www.facebook.com\/JavierChento","article_published_time":"2013-12-28T03:19:50+00:00","author":"Francisco Javier Fern\u00e1ndez Chento","twitter_card":"summary_large_image","twitter_creator":"@https:\/\/twitter.com\/javierchento","twitter_site":"@WeVincentians","twitter_misc":{"\u00c9crit par":"Francisco Javier Fern\u00e1ndez Chento","Dur\u00e9e de lecture estim\u00e9e":"8 minutes"},"schema":{"@context":"https:\/\/schema.org","@graph":[{"@type":"WebPage","@id":"http:\/\/vincentians.com\/fr\/homelie-pour-la-fete-de-la-sainte-famille\/","url":"http:\/\/vincentians.com\/fr\/homelie-pour-la-fete-de-la-sainte-famille\/","name":"Hom\u00e9lie pour la F\u00eate de la Sainte Famille - Nous Sommes Vincentiens","isPartOf":{"@id":"https:\/\/vincentians.com\/fr\/#website"},"primaryImageOfPage":{"@id":"http:\/\/vincentians.com\/fr\/homelie-pour-la-fete-de-la-sainte-famille\/#primaryimage"},"image":{"@id":"http:\/\/vincentians.com\/fr\/homelie-pour-la-fete-de-la-sainte-famille\/#primaryimage"},"thumbnailUrl":"","datePublished":"2013-12-28T03:19:50+00:00","author":{"@id":"https:\/\/vincentians.com\/fr\/#\/schema\/person\/9623ef4d9aa3b2dfb8c061f1499288f2"},"breadcrumb":{"@id":"http:\/\/vincentians.com\/fr\/homelie-pour-la-fete-de-la-sainte-famille\/#breadcrumb"},"inLanguage":"fr-FR","potentialAction":[{"@type":"ReadAction","target":["http:\/\/vincentians.com\/fr\/homelie-pour-la-fete-de-la-sainte-famille\/"]}]},{"@type":"ImageObject","inLanguage":"fr-FR","@id":"http:\/\/vincentians.com\/fr\/homelie-pour-la-fete-de-la-sainte-famille\/#primaryimage","url":"","contentUrl":""},{"@type":"BreadcrumbList","@id":"http:\/\/vincentians.com\/fr\/homelie-pour-la-fete-de-la-sainte-famille\/#breadcrumb","itemListElement":[{"@type":"ListItem","position":1,"name":"Portada","item":"https:\/\/vincentians.com\/fr\/"},{"@type":"ListItem","position":2,"name":"Hom\u00e9lie pour la F\u00eate de la Sainte Famille"}]},{"@type":"WebSite","@id":"https:\/\/vincentians.com\/fr\/#website","url":"https:\/\/vincentians.com\/fr\/","name":"Nous Sommes Vincentiens","description":"Know more to serve more","potentialAction":[{"@type":"SearchAction","target":{"@type":"EntryPoint","urlTemplate":"https:\/\/vincentians.com\/fr\/?s={search_term_string}"},"query-input":{"@type":"PropertyValueSpecification","valueRequired":true,"valueName":"search_term_string"}}],"inLanguage":"fr-FR"},{"@type":"Person","@id":"https:\/\/vincentians.com\/fr\/#\/schema\/person\/9623ef4d9aa3b2dfb8c061f1499288f2","name":"Francisco Javier Fern\u00e1ndez Chento","image":{"@type":"ImageObject","inLanguage":"fr-FR","@id":"https:\/\/vincentians.com\/fr\/#\/schema\/person\/image\/","url":"https:\/\/secure.gravatar.com\/avatar\/497d5cde87b4c3d097d0315953521681ba2cd523ee66e5077c3711f7021e65de?s=96&d=mm&r=g","contentUrl":"https:\/\/secure.gravatar.com\/avatar\/497d5cde87b4c3d097d0315953521681ba2cd523ee66e5077c3711f7021e65de?s=96&d=mm&r=g","caption":"Francisco Javier Fern\u00e1ndez Chento"},"description":"Director General y cofundador de La Red de Formaci\u00f3n Vicenciana. Javier es laico vicenciano, afiliado a la Congregaci\u00f3n de la Misi\u00f3n y miembro del Equipo de Misiones Populares de la provincia can\u00f3nica de Zaragoza (Espa\u00f1a) de la Congregaci\u00f3n de la Misi\u00f3n. Graduado en la Universidad Oberta de Catalunya con cuatro grados (Asistente de direcci\u00f3n, Gesti\u00f3n Administrativa, Recursos Humanos y Contabilidad Avanzada). Bil\u00edng\u00fce Espa\u00f1ol\/Ingl\u00e9s. gestiona y mantiene varias p\u00e1ginas web cristianas y vicencianas, incluida including La Red de Formaci\u00f3n Vicenciana, de la que es cofundador. Actualmente es responsable del \u00e1rea de Espa\u00f1ol de .famvin, la Red de Noticias de la Familia Vicenciana. Tambi\u00e9n es m\u00fasico cat\u00f3lico y ha editado varios discos. Es Director General y cofundador de Trovador, una reconocida compa\u00f1\u00eda discogr\u00e1fica critiana de Espa\u00f1a. Trabaja en las Tecnolog\u00edas de la Informaci\u00f3n, ofreciendo servicios de alojamiento, dise\u00f1o y mantenimiento Web, as\u00ed como asesoramiento, formaci\u00f3n y soluciones inform\u00e1ticas, gesti\u00f3n documental y digitalizaci\u00f3n de textos, edici\u00f3n y maquetaci\u00f3n de libros, revistas, flyers, etc.","sameAs":["http:\/\/chento.org","https:\/\/www.facebook.com\/JavierChento","https:\/\/x.com\/https:\/\/twitter.com\/javierchento"],"url":"http:\/\/vincentians.com\/fr\/author\/chento\/"}]}},"jetpack_publicize_connections":[],"jetpack_featured_media_url":"","jetpack_sharing_enabled":true,"jetpack_shortlink":"https:\/\/wp.me\/p7ETMP-rY9","jetpack-related-posts":[{"id":107470,"url":"http:\/\/vincentians.com\/fr\/homelie-de-noel\/","url_meta":{"origin":107517,"position":0},"title":"Hom\u00e9lie de No\u00ebl","author":"Francisco Javier Fern\u00e1ndez Chento","date":"24\/12\/2013","format":false,"excerpt":"Un cri Cela faisait longtemps qu\u2019on n\u2019avait pas entendu un tel tintamarre \u00e0 Bethl\u00e9em. Le jour n\u2019est pas banal. On s\u2019interpelle dans les rues, quand d\u2019autres boivent \u00e0 la sant\u00e9 des uns et des autres. On boit en se f\u00e9licitant des retrouvailles. Tous ceux qui ont un loin avec la\u2026","rel":"","context":"Dans &quot;Hom\u00e9lies et r\u00e9flexions, Ann\u00e9e A&quot;","block_context":{"text":"Hom\u00e9lies et r\u00e9flexions, Ann\u00e9e A","link":"http:\/\/vincentians.com\/fr\/category\/homelies-et-reflexions-annee-a\/"},"img":{"alt_text":"parole-dieu-parole-vie-2","src":"https:\/\/i0.wp.com\/vincentiens.org\/wp-content\/uploads\/2013\/12\/parole-dieu-parole-vie-2-300x225.jpg?resize=350%2C200","width":350,"height":200},"classes":[]},{"id":107415,"url":"http:\/\/vincentians.com\/fr\/homelie-du-4eme-dimanche-de-lavent\/","url_meta":{"origin":107517,"position":1},"title":"Hom\u00e9lie du 4\u00e8me Dimanche de l&rsquo;Avent","author":"Francisco Javier Fern\u00e1ndez Chento","date":"21\/12\/2013","format":false,"excerpt":"El Mel i Mat\u00f3 Nous sommes aux portes de No\u00ebl. Nous voil\u00e0 arriv\u00e9s au Quatri\u00e8me Dimanche de l\u2019Avent. D\u00e9j\u00e0 depuis quelques jours, la liturgie s\u2019est elle-m\u00eame transform\u00e9e au rythme des Pr\u00e9faces, des oraisons mais aussi des Antiennes en \u00ab\u00a0\u00d4\u00a0\u00bb dans la Pri\u00e8re du temps Pr\u00e9sent (Br\u00e9viaire). C\u2019est tout notre \u00eatre\u2026","rel":"","context":"Dans &quot;Hom\u00e9lies et r\u00e9flexions, Ann\u00e9e A&quot;","block_context":{"text":"Hom\u00e9lies et r\u00e9flexions, Ann\u00e9e A","link":"http:\/\/vincentians.com\/fr\/category\/homelies-et-reflexions-annee-a\/"},"img":{"alt_text":"parole-dieu-parole-vie-2","src":"https:\/\/i0.wp.com\/vincentiens.org\/wp-content\/uploads\/2013\/12\/parole-dieu-parole-vie-2-300x225.jpg?resize=350%2C200","width":350,"height":200},"classes":[]},{"id":106933,"url":"http:\/\/vincentians.com\/fr\/fete-du-christ-roi-annee-c-jose-antonio-pagola\/","url_meta":{"origin":107517,"position":2},"title":"F\u00eate du Christ-Roi (ann\u00e9e C) [Jos\u00e9 Antonio Pagola]","author":"Francisco Javier Fern\u00e1ndez Chento","date":"23\/11\/2013","format":false,"excerpt":"Souviens-toi de moi D\u2019apr\u00e8s le r\u00e9cit de Luc, J\u00e9sus agonise au milieu des moqueries et du m\u00e9pris de ceux qui l\u2019entourent. Personne ne semble avoir compris le sens de sa vie. Personne ne semble avoir saisi le don qu\u2019il a fait de sa vie \u00e0 ceux qui souffrent ni le\u2026","rel":"","context":"Dans &quot;Hom\u00e9lies et r\u00e9flexions, Ann\u00e9e C&quot;","block_context":{"text":"Hom\u00e9lies et r\u00e9flexions, Ann\u00e9e C","link":"http:\/\/vincentians.com\/fr\/category\/homelies-et-reflexions-annee-c\/"},"img":{"alt_text":"jose_antonio_pagola","src":"https:\/\/i0.wp.com\/vincentiens.org\/wp-content\/uploads\/2013\/11\/jose_antonio_pagola.jpg?resize=350%2C200","width":350,"height":200},"classes":[]},{"id":54289,"url":"http:\/\/vincentians.com\/fr\/le-culte-de-marie-et-lexperience-religieuse-de-m-vincent-de-paul\/","url_meta":{"origin":107517,"position":3},"title":"Le culte de Marie et l&rsquo;experience religieuse de M. Vincent de Paul","author":"Francisco Javier Fern\u00e1ndez Chento","date":"19\/02\/2015","format":false,"excerpt":"\u00abBien s\u00fbr, il est de la famille, pouvaient penser les spirituels du grand si\u00e8cle en regardant passer M. Vincent de Paul: mais c'est un parent pauvre! \u00bb. Plac\u00e9s \u00e1 trois si\u00e8cles de distance, nous sommes tout pr\u00eats \u00e1 reprendre sur un ton majeur cette antienne plaintivement modul\u00e9e. C'est un fait:\u2026","rel":"","context":"Dans &quot;Vincent de Paul&quot;","block_context":{"text":"Vincent de Paul","link":"http:\/\/vincentians.com\/fr\/category\/the-vincentian-family\/founders\/vincent-de-paul\/"},"img":{"alt_text":"","src":"https:\/\/i0.wp.com\/vincentiens.org\/wp-content\/uploads\/2011\/10\/Vincent_de_Paul_and_Virgin_Mary-300x179.jpg?resize=350%2C200","width":350,"height":200},"classes":[]},{"id":99260,"url":"http:\/\/vincentians.com\/fr\/itineraire-de-monsieur-vincent-des-malheurs-du-temps-a-la-mission-i\/","url_meta":{"origin":107517,"position":4},"title":"Itin\u00e9raire de Monsieur Vincent. Des Malheurs du temps \u00e1 la Mission (I)","author":"Francisco Javier Fern\u00e1ndez Chento","date":"12\/05\/2015","format":false,"excerpt":"Introduction Le but de cette session est de montrer l'actualit\u00e9 de la vis\u00e9e de l'Institut en retrouvant ce qui a dynamis\u00e9 les fondateurs, ce qui les a pouss\u00e9s \u00e1 la mission. Et l'on me demande de montrer comment les blessures des hommes ont contribu\u00e9 \u00e1 envoyer Monsieur Vincent en mission.\u2026","rel":"","context":"Dans &quot;Au temps de Vincent de Paul&quot;","block_context":{"text":"Au temps de Vincent de Paul","link":"http:\/\/vincentians.com\/fr\/category\/au-temps-de-vincent-de-paul\/"},"img":{"alt_text":"","src":"https:\/\/i0.wp.com\/vincentiens.org\/wp-content\/uploads\/2012\/11\/vincent1.jpg?resize=350%2C200","width":350,"height":200},"classes":[]},{"id":108188,"url":"http:\/\/vincentians.com\/fr\/fete-de-la-presentation-du-seigneur-a-patrice-sabater-pardo-cm\/","url_meta":{"origin":107517,"position":5},"title":"F\u00eate de la Pr\u00e9sentation du Seigneur (A) [Patrice Sabater Pardo, cm]","author":"Francisco Javier Fern\u00e1ndez Chento","date":"01\/02\/2014","format":false,"excerpt":"Remis dans les bras du Seigneur Selon l\u2019ancienne tradition, surtout en Provence, en Languedoc et sur le pourtour de la M\u00e9diterran\u00e9e chr\u00e9tienne, le Temps de No\u00ebl s\u2019arr\u00eate en ce dimanche de la Pr\u00e9sentation du Seigneur encore appel\u00e9 Chandeleur. Tant\u00f4t on a dit que le Cycle de No\u00ebl allait jusqu\u2019aux Noces\u2026","rel":"","context":"Dans &quot;Hom\u00e9lies et r\u00e9flexions, Ann\u00e9e A&quot;","block_context":{"text":"Hom\u00e9lies et r\u00e9flexions, Ann\u00e9e A","link":"http:\/\/vincentians.com\/fr\/category\/homelies-et-reflexions-annee-a\/"},"img":{"alt_text":"presentation01","src":"https:\/\/i0.wp.com\/vincentiens.org\/wp-content\/uploads\/2013\/12\/presentation01-263x300.jpg?resize=350%2C200","width":350,"height":200},"classes":[]}],"_links":{"self":[{"href":"http:\/\/vincentians.com\/fr\/wp-json\/wp\/v2\/posts\/107517","targetHints":{"allow":["GET"]}}],"collection":[{"href":"http:\/\/vincentians.com\/fr\/wp-json\/wp\/v2\/posts"}],"about":[{"href":"http:\/\/vincentians.com\/fr\/wp-json\/wp\/v2\/types\/post"}],"author":[{"embeddable":true,"href":"http:\/\/vincentians.com\/fr\/wp-json\/wp\/v2\/users\/4"}],"replies":[{"embeddable":true,"href":"http:\/\/vincentians.com\/fr\/wp-json\/wp\/v2\/comments?post=107517"}],"version-history":[{"count":0,"href":"http:\/\/vincentians.com\/fr\/wp-json\/wp\/v2\/posts\/107517\/revisions"}],"wp:featuredmedia":[{"embeddable":true,"href":"http:\/\/vincentians.com\/fr\/wp-json\/"}],"wp:attachment":[{"href":"http:\/\/vincentians.com\/fr\/wp-json\/wp\/v2\/media?parent=107517"}],"wp:term":[{"taxonomy":"category","embeddable":true,"href":"http:\/\/vincentians.com\/fr\/wp-json\/wp\/v2\/categories?post=107517"},{"taxonomy":"post_tag","embeddable":true,"href":"http:\/\/vincentians.com\/fr\/wp-json\/wp\/v2\/tags?post=107517"}],"curies":[{"name":"wp","href":"https:\/\/api.w.org\/{rel}","templated":true}]}}