{"id":107470,"date":"2013-12-24T13:19:50","date_gmt":"2013-12-24T12:19:50","guid":{"rendered":"http:\/\/vincentiens.org\/?p=107470"},"modified":"2013-12-24T13:19:50","modified_gmt":"2013-12-24T12:19:50","slug":"homelie-de-noel","status":"publish","type":"post","link":"http:\/\/vincentians.com\/fr\/homelie-de-noel\/","title":{"rendered":"Hom\u00e9lie de No\u00ebl"},"content":{"rendered":"<h2><i>Un cri<\/i><\/h2>\n<p><a href=\"https:\/\/i0.wp.com\/vincentiens.org\/wp-content\/uploads\/2013\/12\/parole-dieu-parole-vie-2.jpg\"><img data-recalc-dims=\"1\" loading=\"lazy\" decoding=\"async\" class=\"alignright size-medium wp-image-107416\" alt=\"parole-dieu-parole-vie-2\" src=\"https:\/\/i0.wp.com\/vincentiens.org\/wp-content\/uploads\/2013\/12\/parole-dieu-parole-vie-2-300x225.jpg?resize=300%2C225\" width=\"300\" height=\"225\" \/><\/a>Cela faisait longtemps qu\u2019on n\u2019avait pas entendu un tel tintamarre \u00e0 Bethl\u00e9em. Le jour n\u2019est pas banal. On s\u2019interpelle dans les rues, quand d\u2019autres boivent \u00e0 la sant\u00e9 des uns et des autres. On boit en se f\u00e9licitant des retrouvailles. Tous ceux qui ont un loin avec la ville de David sont venus se faire recenser, pauvres et plus riches. C\u2019est ainsi que Marie de Nazareth accompagne Joseph, \u00e0 Bethl\u00e9em en Jud\u00e9e. Le chemin est long et, voil\u00e0 que Marie est sur le point d\u2019accoucher. Ont-ils d\u2019autres choix que de prendre ce chemin risqu\u00e9 sur des routes peu s\u00fbres\u00a0? Assur\u00e9ment non. Ils s\u2019abandonnent \u00e0 la volont\u00e9 de Dieu et ob\u00e9issent \u00e0 la Loi des Hommes.<\/p>\n<p>Comme partout ailleurs il y a les riches et les autres, ceux qui ont r\u00e9ussi par leur travail et la force de leurs bras et ceux qui ont \u00e9t\u00e9 des profiteurs. Il y a aussi les plus pauvres, en dehors du cercle des \u00ab\u00a0honn\u00eates gens\u00a0\u00bb. Ils sont dehors, \u00e0 l\u2019\u00e9cart. Ils ne peuvent entrer dans la ville&#8230; Ils sentent fort ces bergers. Que ne dit-on pas sur eux\u00a0! Ils ont toujours \u00e9t\u00e9 \u00e0 l\u2019ext\u00e9rieur du cercle des bethl\u00e9emites et de la soci\u00e9t\u00e9 de Palestine. Ils ne trouvent pas ombrage \u00e0 l\u2019affaire. Ils se contentent tout simplement d\u2019\u00eatre l\u00e0 avec leurs b\u00eates, \u00e0 deviser et \u00e0 partager sur le travail du jour. Eux aussi attendent le Messie, la venue de Celui qui viendra d\u00e9livrer Isra\u00ebl\u00a0!!! Les proph\u00e8tes durant des si\u00e8cles avaient annonc\u00e9 que cette Heure viendrait, mais seulement elle tarde \u00e0 venir r\u00e9conforter les c\u0153urs de tous ceux qui marchaient \u00ab\u00a0dans les t\u00e9n\u00e8bres de la nuit\u00a0\u00bb et \u00ab\u00a0qui ont vue se lever une grande lumi\u00e8re\u00a0\u00bb. Cette nuit incomparable une grande lumi\u00e8re s\u2019est approch\u00e9e du campement des bergers et est venue \u00e9clairer le visage burin\u00e9 de ces hommes au visage marqu\u00e9 par un labeur harassant. Cette lumi\u00e8re qui lui au-dessus de leur t\u00eate et en m\u00eame temps celle qui remplit les c\u0153urs. Elle leur annonce que le Temps est venu, le temps du Messie et de la d\u00e9livrance d\u2019Isra\u00ebl. \u00ab\u00a0<i>Un Sauveur vous est n\u00e9\u00a0!!!<\/i>\u00a0\u00bb. Sans doute sur le moment n\u2019ont-ils pas bien compris la port\u00e9e du mot \u00ab\u00a0Sauveur\u00a0\u00bb. Quel Sauveur\u00a0? Celui qui vient mettre dehors les Romains\u00a0? Le Sauveur des proph\u00e8tes\u00a0? Un homme, mais quel homme\u00a0? Mais voil\u00e0 Dieu ne correspond pas toujours \u00e0 nos fabrications int\u00e9rieures&#8230; Sur le tr\u00f4ne de David se l\u00e8vera un petit enfant, d\u00e9licat, plein d\u2019amour et de tendresse, de pardon et de paix. \u00ab\u00a0<i>Chantez au seigneur un Cantique nouveau\u00a0! Chantez toute la Terre, chantez et b\u00e9nissez son nom\u00a0!<\/i>\u00a0\u00bb Le voil\u00e0, l\u2019Enfant-Roi, le Fils de Dieu, l\u2019Emmanuel entre <i>Marie sa m\u00e8re<\/i> et celui que <i>Dieu-le-P\u00e8re<\/i> a choisi pour lui comme P\u00e8re\u00a0; <i>Joseph le Juste<\/i>. C\u2019est aux plus pauvres que cette annonce est faite, et non pas \u00e0 ceux qui se contentent des retrouvailles et de quelques libations. Peu leur suffit\u00a0: manger, boire, dormir, sans doute am\u00e9liorer leur sort, et ripailler encore en r\u00eavant \u00e0 des jours meilleurs&#8230;<\/p>\n<p>Cette nuit beaucoup voudraient croire que leur exil int\u00e9rieur est fini. Tous ceux qui se sentent arriv\u00e9s au bout de la course, mis sur le rebord du chemin, qui craignent pour leur vie et celle de leurs enfants, pour leur salut. Beaucoup de ceux qui n\u2019ont rien, qui n\u2019ont plus rien\u00a0; et qui sont \u00e0 l\u2019\u00e9cart voudraient chanter avec les autres. Qui les regarde\u00a0? Qui nous regarde\u00a0? Pour beaucoup d\u2019entre nous ce No\u00ebl encore sera celui d\u2019un temps convenu entre d\u00e9monstration ext\u00e9rieure et n\u00e9cessit\u00e9 soci\u00e9tale. On d\u00e9core, on s\u2019anime, on ach\u00e8te, on cuisine parce que le doit. On se d\u00e9p\u00eache pour que tout soit pr\u00eat quand la famille et amis seront r\u00e9unis&#8230;, et enfin de course on ira voir sur le panneau de l\u2019\u00e9glise la plus proche l\u2019heure de la \u00ab\u00a0<i>Messe la plus pratique<\/i>\u00a0\u00bb\u00a0!!! J\u00e9sus coinc\u00e9 entre le chapon et le champagne, entre le P\u00e8re No\u00ebl et l\u2019amuseur de la soir\u00e9e. Ah\u00a0! J\u2019oubliais les huitres, le foie gras et les cadeaux\u00a0!!! Tout para\u00eet en place. Oh\u00a0! Il y a m\u00eame la Cr\u00e8che, \u00e7a alors\u00a0!!! On fait la f\u00eate parce qu\u2019\u00e0 cette date-l\u00e0, il est convenu de mettre des lumi\u00e8res, de d\u00e9penser de l\u2019argent et de r\u00e9unir pareillement qu\u2019\u00e0 Bethl\u00e9em. Il n\u2019est d\u2019ailleurs pas interdit de faire la f\u00eate, bien au contraire\u00a0! Mais aurons-nous durant ce mois de pr\u00e9paration partag\u00e9 aussi avec les plus pauvres, avec ceux qui sont malades, les personnes \u00e2g\u00e9es abandonn\u00e9es, ceux qui sont en guerre au Proche-Orient\u00a0? S\u2019il n\u2019est pas interdit de faire la f\u00eate, il nous est permis de partager de la nourriture et des jouets. Il nous est permis de donner du r\u00e9confort, de l\u2019amour, d\u2019\u00eatre pr\u00e9sents, et peut-\u00eatre aussi d\u2019inviter \u00e0 notre table de f\u00eate\u00a0!<\/p>\n<p>J\u00e9sus a pris ce risque. Le risque d\u2019\u00eatre mis \u00e0 l\u2019\u00e9cart de nos vies, de compter pour pas grand-chose, d\u2019\u00eatre jet\u00e9 dans les orties de l\u2019indiff\u00e9rence ou du d\u00e9nigrement. En ce No\u00ebl, en France, un magasin a d\u00fb enlever la Cr\u00e8che, et dans une rue aussi. La SNCF a d\u00fb obtemp\u00e9rer devant l\u2019assaut d\u2019une personne (au moins) pour faire enlever du lieu public une Cr\u00e8che. On marche sur la t\u00eate. Si J\u00e9sus n\u2019\u00e9tait pas n\u00e9, qu\u2019il n\u2019avait pas pris chair humaine pour venir partager notre humanit\u00e9 et nous sauver, il n\u2019y aurait pas cette nuit et cette semaine la F\u00eate\u00a0! <i>F\u00eate de Saint Nicolas, Solennit\u00e9 de No\u00ebl, F\u00eate de la Sainte Famille, Saint Sylvestre, Solennit\u00e9 de l\u2019Epiphanie<\/i>. On passe des chocolats, du champagne aux galettes des rois d\u2019un saut et d\u2019un seul&#8230;<\/p>\n<p>No\u00ebl cette nuit quelle profondeur r\u00e9elle aura-t-il ? Quelle saveur et quel go\u00fbt pourra-t-il avoir dans mon c\u0153ur\u00a0? Pourrais-je faire partager ma joie et ma foi en Celui qui vient illuminer ma vie et notre monde\u00a0? Un cri d\u2019enfant est venu d\u00e9chirer la nuit \u00e9paisse d\u2019un monde en attente. Un regard d\u2019enfant est venu redonner du sens \u00e0 mon existence, car avec Lui rien ne sera plus pareil, rien ne sera d\u00e9finitivement comme avant. No\u00ebl un cri d\u2019esp\u00e9rance dans la nuit. J\u00e9sus est venu dans les cris et les pleurs. Dieu qui se laisser regarder, approcher, fragile dans la simplicit\u00e9 d\u2019une mangeoire. Dieu prend le risque d\u2019\u00eatre tu\u00e9 par H\u00e9rode, d\u2019\u00eatre mis en dehors du champ de vision de l\u2019Homme, d\u2019\u00eatre aux antipodes de nos attentes. No\u00ebl, c\u2019est lorsque nous prenons J\u00e9sus dans nos bras, au c\u0153ur de nos mains pour communier \u00e0 sa chair d\u2019homme n\u00e9 et ressuscit\u00e9(e). No\u00ebl c\u2019est quand nous partageons l\u2019Evangile en actes et que nous mettons du sens dans notre, que nous essayons d\u2019accompagner plus pauvres que nous dans la vie.<\/p>\n<blockquote><p>C\u2019est No\u00ebl les Amis. Ne nous endormons pas\u00a0!<\/p>\n<p>Veillons avec J\u00e9sus \u00e0 la Cr\u00e8che\u00a0! Allons l\u2019adorer &#8230;<\/p>\n<p>Faisons la f\u00eate autour de J\u00e9sus\u00a0! Qu\u2019il soit cette Nuit le premier invit\u00e9, l\u2019invit\u00e9 de r\u00e9f\u00e9rence, car ne l\u2019oublions pas c\u2019est Lui qui nous invite cette Nuit \u00e0 venir l\u2019adorer dans la Cr\u00e8che de Bethl\u00e9em en Jud\u00e9e\u00a0! Et, combien notre c\u0153ur sera en communion avec nos Fr\u00e8res et nos S\u0153urs du Proche-Orient qui subissent avec l\u2019hiver rude la folie des hommes&#8230;<\/p>\n<p><i>Saint et Joyeux No\u00ebl pour chacun de vous.<\/i><\/p>\n<p><i>Que la Lumi\u00e8re de Bethl\u00e9em vienne cette Nuit \u00e9clairer votre vie et l\u2019Ann\u00e9e 2014 qui vient\u00a0!!!<\/i><\/p><\/blockquote>\n<p style=\"text-align: right\"><b>P\u00e8re Patrice Sabater Pardo,<br \/>\n<\/b><i>Barcelona, le 24 d\u00e9cembre 2013<\/i><\/p>\n","protected":false},"excerpt":{"rendered":"<p>Un cri Cela faisait longtemps qu\u2019on n\u2019avait pas entendu un tel tintamarre \u00e0 Bethl\u00e9em. Le jour n\u2019est pas banal. On s\u2019interpelle dans les rues, quand d\u2019autres boivent \u00e0 la sant\u00e9 des uns et des autres. &#8230; <a href=\"http:\/\/vincentians.com\/fr\/homelie-de-noel\/\" class=\"more-link\">Read More<\/a><\/p>\n","protected":false},"author":4,"featured_media":107515,"comment_status":"open","ping_status":"open","sticky":false,"template":"","format":"standard","meta":{"jetpack_post_was_ever_published":false,"_jetpack_newsletter_access":"","_jetpack_dont_email_post_to_subs":false,"_jetpack_newsletter_tier_id":0,"_jetpack_memberships_contains_paywalled_content":false,"_jetpack_memberships_contains_paid_content":false,"footnotes":"","jetpack_publicize_message":"","jetpack_publicize_feature_enabled":true,"jetpack_social_post_already_shared":true,"jetpack_social_options":{"image_generator_settings":{"template":"highway","default_image_id":0,"font":"","enabled":false},"version":2}},"categories":[141],"tags":[],"class_list":["post-107470","post","type-post","status-publish","format-standard","has-post-thumbnail","hentry","category-homelies-et-reflexions-annee-a"],"yoast_head":"<!-- This site is optimized with the Yoast SEO plugin v26.3 - https:\/\/yoast.com\/wordpress\/plugins\/seo\/ -->\n<title>Hom\u00e9lie de No\u00ebl - Nous Sommes Vincentiens<\/title>\n<meta name=\"robots\" content=\"index, follow, max-snippet:-1, max-image-preview:large, max-video-preview:-1\" \/>\n<link rel=\"canonical\" href=\"http:\/\/vincentians.com\/fr\/homelie-de-noel\/\" \/>\n<meta property=\"og:locale\" content=\"fr_FR\" \/>\n<meta property=\"og:type\" content=\"article\" \/>\n<meta property=\"og:title\" content=\"Hom\u00e9lie de No\u00ebl - Nous Sommes Vincentiens\" \/>\n<meta property=\"og:description\" content=\"Un cri Cela faisait longtemps qu\u2019on n\u2019avait pas entendu un tel tintamarre \u00e0 Bethl\u00e9em. Le jour n\u2019est pas banal. On s\u2019interpelle dans les rues, quand d\u2019autres boivent \u00e0 la sant\u00e9 des uns et des autres. ... Read More\" \/>\n<meta property=\"og:url\" content=\"http:\/\/vincentians.com\/fr\/homelie-de-noel\/\" \/>\n<meta property=\"og:site_name\" content=\"Nous Sommes Vincentiens\" \/>\n<meta property=\"article:publisher\" content=\"https:\/\/www.facebook.com\/WeAreVincentians\/\" \/>\n<meta property=\"article:author\" content=\"https:\/\/www.facebook.com\/JavierChento\" \/>\n<meta property=\"article:published_time\" content=\"2013-12-24T12:19:50+00:00\" \/>\n<meta name=\"author\" content=\"Francisco Javier Fern\u00e1ndez Chento\" \/>\n<meta name=\"twitter:card\" content=\"summary_large_image\" \/>\n<meta name=\"twitter:creator\" content=\"@https:\/\/twitter.com\/javierchento\" \/>\n<meta name=\"twitter:site\" content=\"@WeVincentians\" \/>\n<meta name=\"twitter:label1\" content=\"\u00c9crit par\" \/>\n\t<meta name=\"twitter:data1\" content=\"Francisco Javier Fern\u00e1ndez Chento\" \/>\n\t<meta name=\"twitter:label2\" content=\"Dur\u00e9e de lecture estim\u00e9e\" \/>\n\t<meta name=\"twitter:data2\" content=\"7 minutes\" \/>\n<script type=\"application\/ld+json\" class=\"yoast-schema-graph\">{\"@context\":\"https:\/\/schema.org\",\"@graph\":[{\"@type\":\"WebPage\",\"@id\":\"http:\/\/vincentians.com\/fr\/homelie-de-noel\/\",\"url\":\"http:\/\/vincentians.com\/fr\/homelie-de-noel\/\",\"name\":\"Hom\u00e9lie de No\u00ebl - Nous Sommes Vincentiens\",\"isPartOf\":{\"@id\":\"http:\/\/vincentians.com\/fr\/#website\"},\"primaryImageOfPage\":{\"@id\":\"http:\/\/vincentians.com\/fr\/homelie-de-noel\/#primaryimage\"},\"image\":{\"@id\":\"http:\/\/vincentians.com\/fr\/homelie-de-noel\/#primaryimage\"},\"thumbnailUrl\":\"\",\"datePublished\":\"2013-12-24T12:19:50+00:00\",\"author\":{\"@id\":\"http:\/\/vincentians.com\/fr\/#\/schema\/person\/9623ef4d9aa3b2dfb8c061f1499288f2\"},\"breadcrumb\":{\"@id\":\"http:\/\/vincentians.com\/fr\/homelie-de-noel\/#breadcrumb\"},\"inLanguage\":\"fr-FR\",\"potentialAction\":[{\"@type\":\"ReadAction\",\"target\":[\"http:\/\/vincentians.com\/fr\/homelie-de-noel\/\"]}]},{\"@type\":\"ImageObject\",\"inLanguage\":\"fr-FR\",\"@id\":\"http:\/\/vincentians.com\/fr\/homelie-de-noel\/#primaryimage\",\"url\":\"\",\"contentUrl\":\"\"},{\"@type\":\"BreadcrumbList\",\"@id\":\"http:\/\/vincentians.com\/fr\/homelie-de-noel\/#breadcrumb\",\"itemListElement\":[{\"@type\":\"ListItem\",\"position\":1,\"name\":\"Portada\",\"item\":\"http:\/\/vincentians.com\/fr\/\"},{\"@type\":\"ListItem\",\"position\":2,\"name\":\"Hom\u00e9lie de No\u00ebl\"}]},{\"@type\":\"WebSite\",\"@id\":\"http:\/\/vincentians.com\/fr\/#website\",\"url\":\"http:\/\/vincentians.com\/fr\/\",\"name\":\"Nous Sommes Vincentiens\",\"description\":\"Know more to serve more\",\"potentialAction\":[{\"@type\":\"SearchAction\",\"target\":{\"@type\":\"EntryPoint\",\"urlTemplate\":\"http:\/\/vincentians.com\/fr\/?s={search_term_string}\"},\"query-input\":{\"@type\":\"PropertyValueSpecification\",\"valueRequired\":true,\"valueName\":\"search_term_string\"}}],\"inLanguage\":\"fr-FR\"},{\"@type\":\"Person\",\"@id\":\"http:\/\/vincentians.com\/fr\/#\/schema\/person\/9623ef4d9aa3b2dfb8c061f1499288f2\",\"name\":\"Francisco Javier Fern\u00e1ndez Chento\",\"image\":{\"@type\":\"ImageObject\",\"inLanguage\":\"fr-FR\",\"@id\":\"http:\/\/vincentians.com\/fr\/#\/schema\/person\/image\/\",\"url\":\"https:\/\/secure.gravatar.com\/avatar\/497d5cde87b4c3d097d0315953521681ba2cd523ee66e5077c3711f7021e65de?s=96&d=mm&r=g\",\"contentUrl\":\"https:\/\/secure.gravatar.com\/avatar\/497d5cde87b4c3d097d0315953521681ba2cd523ee66e5077c3711f7021e65de?s=96&d=mm&r=g\",\"caption\":\"Francisco Javier Fern\u00e1ndez Chento\"},\"description\":\"Director General y cofundador de La Red de Formaci\u00f3n Vicenciana. Javier es laico vicenciano, afiliado a la Congregaci\u00f3n de la Misi\u00f3n y miembro del Equipo de Misiones Populares de la provincia can\u00f3nica de Zaragoza (Espa\u00f1a) de la Congregaci\u00f3n de la Misi\u00f3n. Graduado en la Universidad Oberta de Catalunya con cuatro grados (Asistente de direcci\u00f3n, Gesti\u00f3n Administrativa, Recursos Humanos y Contabilidad Avanzada). Bil\u00edng\u00fce Espa\u00f1ol\/Ingl\u00e9s. gestiona y mantiene varias p\u00e1ginas web cristianas y vicencianas, incluida including La Red de Formaci\u00f3n Vicenciana, de la que es cofundador. Actualmente es responsable del \u00e1rea de Espa\u00f1ol de .famvin, la Red de Noticias de la Familia Vicenciana. Tambi\u00e9n es m\u00fasico cat\u00f3lico y ha editado varios discos. Es Director General y cofundador de Trovador, una reconocida compa\u00f1\u00eda discogr\u00e1fica critiana de Espa\u00f1a. Trabaja en las Tecnolog\u00edas de la Informaci\u00f3n, ofreciendo servicios de alojamiento, dise\u00f1o y mantenimiento Web, as\u00ed como asesoramiento, formaci\u00f3n y soluciones inform\u00e1ticas, gesti\u00f3n documental y digitalizaci\u00f3n de textos, edici\u00f3n y maquetaci\u00f3n de libros, revistas, flyers, etc.\",\"sameAs\":[\"http:\/\/chento.org\",\"https:\/\/www.facebook.com\/JavierChento\",\"https:\/\/x.com\/https:\/\/twitter.com\/javierchento\"],\"url\":\"http:\/\/vincentians.com\/fr\/author\/chento\/\"}]}<\/script>\n<!-- \/ Yoast SEO plugin. -->","yoast_head_json":{"title":"Hom\u00e9lie de No\u00ebl - Nous Sommes Vincentiens","robots":{"index":"index","follow":"follow","max-snippet":"max-snippet:-1","max-image-preview":"max-image-preview:large","max-video-preview":"max-video-preview:-1"},"canonical":"http:\/\/vincentians.com\/fr\/homelie-de-noel\/","og_locale":"fr_FR","og_type":"article","og_title":"Hom\u00e9lie de No\u00ebl - Nous Sommes Vincentiens","og_description":"Un cri Cela faisait longtemps qu\u2019on n\u2019avait pas entendu un tel tintamarre \u00e0 Bethl\u00e9em. Le jour n\u2019est pas banal. On s\u2019interpelle dans les rues, quand d\u2019autres boivent \u00e0 la sant\u00e9 des uns et des autres. ... Read More","og_url":"http:\/\/vincentians.com\/fr\/homelie-de-noel\/","og_site_name":"Nous Sommes Vincentiens","article_publisher":"https:\/\/www.facebook.com\/WeAreVincentians\/","article_author":"https:\/\/www.facebook.com\/JavierChento","article_published_time":"2013-12-24T12:19:50+00:00","author":"Francisco Javier Fern\u00e1ndez Chento","twitter_card":"summary_large_image","twitter_creator":"@https:\/\/twitter.com\/javierchento","twitter_site":"@WeVincentians","twitter_misc":{"\u00c9crit par":"Francisco Javier Fern\u00e1ndez Chento","Dur\u00e9e de lecture estim\u00e9e":"7 minutes"},"schema":{"@context":"https:\/\/schema.org","@graph":[{"@type":"WebPage","@id":"http:\/\/vincentians.com\/fr\/homelie-de-noel\/","url":"http:\/\/vincentians.com\/fr\/homelie-de-noel\/","name":"Hom\u00e9lie de No\u00ebl - Nous Sommes Vincentiens","isPartOf":{"@id":"http:\/\/vincentians.com\/fr\/#website"},"primaryImageOfPage":{"@id":"http:\/\/vincentians.com\/fr\/homelie-de-noel\/#primaryimage"},"image":{"@id":"http:\/\/vincentians.com\/fr\/homelie-de-noel\/#primaryimage"},"thumbnailUrl":"","datePublished":"2013-12-24T12:19:50+00:00","author":{"@id":"http:\/\/vincentians.com\/fr\/#\/schema\/person\/9623ef4d9aa3b2dfb8c061f1499288f2"},"breadcrumb":{"@id":"http:\/\/vincentians.com\/fr\/homelie-de-noel\/#breadcrumb"},"inLanguage":"fr-FR","potentialAction":[{"@type":"ReadAction","target":["http:\/\/vincentians.com\/fr\/homelie-de-noel\/"]}]},{"@type":"ImageObject","inLanguage":"fr-FR","@id":"http:\/\/vincentians.com\/fr\/homelie-de-noel\/#primaryimage","url":"","contentUrl":""},{"@type":"BreadcrumbList","@id":"http:\/\/vincentians.com\/fr\/homelie-de-noel\/#breadcrumb","itemListElement":[{"@type":"ListItem","position":1,"name":"Portada","item":"http:\/\/vincentians.com\/fr\/"},{"@type":"ListItem","position":2,"name":"Hom\u00e9lie de No\u00ebl"}]},{"@type":"WebSite","@id":"http:\/\/vincentians.com\/fr\/#website","url":"http:\/\/vincentians.com\/fr\/","name":"Nous Sommes Vincentiens","description":"Know more to serve more","potentialAction":[{"@type":"SearchAction","target":{"@type":"EntryPoint","urlTemplate":"http:\/\/vincentians.com\/fr\/?s={search_term_string}"},"query-input":{"@type":"PropertyValueSpecification","valueRequired":true,"valueName":"search_term_string"}}],"inLanguage":"fr-FR"},{"@type":"Person","@id":"http:\/\/vincentians.com\/fr\/#\/schema\/person\/9623ef4d9aa3b2dfb8c061f1499288f2","name":"Francisco Javier Fern\u00e1ndez Chento","image":{"@type":"ImageObject","inLanguage":"fr-FR","@id":"http:\/\/vincentians.com\/fr\/#\/schema\/person\/image\/","url":"https:\/\/secure.gravatar.com\/avatar\/497d5cde87b4c3d097d0315953521681ba2cd523ee66e5077c3711f7021e65de?s=96&d=mm&r=g","contentUrl":"https:\/\/secure.gravatar.com\/avatar\/497d5cde87b4c3d097d0315953521681ba2cd523ee66e5077c3711f7021e65de?s=96&d=mm&r=g","caption":"Francisco Javier Fern\u00e1ndez Chento"},"description":"Director General y cofundador de La Red de Formaci\u00f3n Vicenciana. Javier es laico vicenciano, afiliado a la Congregaci\u00f3n de la Misi\u00f3n y miembro del Equipo de Misiones Populares de la provincia can\u00f3nica de Zaragoza (Espa\u00f1a) de la Congregaci\u00f3n de la Misi\u00f3n. Graduado en la Universidad Oberta de Catalunya con cuatro grados (Asistente de direcci\u00f3n, Gesti\u00f3n Administrativa, Recursos Humanos y Contabilidad Avanzada). Bil\u00edng\u00fce Espa\u00f1ol\/Ingl\u00e9s. gestiona y mantiene varias p\u00e1ginas web cristianas y vicencianas, incluida including La Red de Formaci\u00f3n Vicenciana, de la que es cofundador. Actualmente es responsable del \u00e1rea de Espa\u00f1ol de .famvin, la Red de Noticias de la Familia Vicenciana. Tambi\u00e9n es m\u00fasico cat\u00f3lico y ha editado varios discos. Es Director General y cofundador de Trovador, una reconocida compa\u00f1\u00eda discogr\u00e1fica critiana de Espa\u00f1a. Trabaja en las Tecnolog\u00edas de la Informaci\u00f3n, ofreciendo servicios de alojamiento, dise\u00f1o y mantenimiento Web, as\u00ed como asesoramiento, formaci\u00f3n y soluciones inform\u00e1ticas, gesti\u00f3n documental y digitalizaci\u00f3n de textos, edici\u00f3n y maquetaci\u00f3n de libros, revistas, flyers, etc.","sameAs":["http:\/\/chento.org","https:\/\/www.facebook.com\/JavierChento","https:\/\/x.com\/https:\/\/twitter.com\/javierchento"],"url":"http:\/\/vincentians.com\/fr\/author\/chento\/"}]}},"jetpack_publicize_connections":[],"jetpack_featured_media_url":"","jetpack_sharing_enabled":true,"jetpack_shortlink":"https:\/\/wp.me\/p7ETMP-rXo","jetpack-related-posts":[{"id":107415,"url":"http:\/\/vincentians.com\/fr\/homelie-du-4eme-dimanche-de-lavent\/","url_meta":{"origin":107470,"position":0},"title":"Hom\u00e9lie du 4\u00e8me Dimanche de l&rsquo;Avent","author":"Francisco Javier Fern\u00e1ndez Chento","date":"21\/12\/2013","format":false,"excerpt":"El Mel i Mat\u00f3 Nous sommes aux portes de No\u00ebl. Nous voil\u00e0 arriv\u00e9s au Quatri\u00e8me Dimanche de l\u2019Avent. D\u00e9j\u00e0 depuis quelques jours, la liturgie s\u2019est elle-m\u00eame transform\u00e9e au rythme des Pr\u00e9faces, des oraisons mais aussi des Antiennes en \u00ab\u00a0\u00d4\u00a0\u00bb dans la Pri\u00e8re du temps Pr\u00e9sent (Br\u00e9viaire). C\u2019est tout notre \u00eatre\u2026","rel":"","context":"Dans &quot;Hom\u00e9lies et r\u00e9flexions, Ann\u00e9e A&quot;","block_context":{"text":"Hom\u00e9lies et r\u00e9flexions, Ann\u00e9e A","link":"http:\/\/vincentians.com\/fr\/category\/homelies-et-reflexions-annee-a\/"},"img":{"alt_text":"parole-dieu-parole-vie-2","src":"https:\/\/i0.wp.com\/vincentiens.org\/wp-content\/uploads\/2013\/12\/parole-dieu-parole-vie-2-300x225.jpg?resize=350%2C200","width":350,"height":200},"classes":[]},{"id":107517,"url":"http:\/\/vincentians.com\/fr\/homelie-pour-la-fete-de-la-sainte-famille\/","url_meta":{"origin":107470,"position":1},"title":"Hom\u00e9lie pour la F\u00eate de la Sainte Famille","author":"Francisco Javier Fern\u00e1ndez Chento","date":"28\/12\/2013","format":false,"excerpt":"\u00ab\u00a0L\u00e8ve-toi, Joseph et va\u00a0!!!\u00a0\u00bb En ce dernier dimanche de l\u2019ann\u00e9e 2013, nous nous retrouvons au c\u0153ur de la Sainte Famille. Rappelons-nous, il y a quelques jours c\u2019\u00e9tait la f\u00eate \u00e0 Bethl\u00e9em. Chacun se f\u00e9licitait de revoir parents et amis, et l\u00e0-bas un peu plus loin, et toujours un peu plus\u2026","rel":"","context":"Dans &quot;Hom\u00e9lies et r\u00e9flexions, Ann\u00e9e A&quot;","block_context":{"text":"Hom\u00e9lies et r\u00e9flexions, Ann\u00e9e A","link":"http:\/\/vincentians.com\/fr\/category\/homelies-et-reflexions-annee-a\/"},"img":{"alt_text":"parole-dieu-parole-vie-2","src":"https:\/\/i0.wp.com\/vincentiens.org\/wp-content\/uploads\/2013\/12\/parole-dieu-parole-vie-2-300x225.jpg?resize=350%2C200","width":350,"height":200},"classes":[]},{"id":108186,"url":"http:\/\/vincentians.com\/fr\/presentation-du-seigneur-a-jose-antonio-pagola\/","url_meta":{"origin":107470,"position":2},"title":"Pr\u00e9sentation du Seigneur (A) [Jos\u00e9 Antonio Pagola]","author":"Francisco Javier Fern\u00e1ndez Chento","date":"01\/02\/2014","format":false,"excerpt":"Une foi simple Le r\u00e9cit de la naissance de J\u00e9sus est d\u00e9concertant. D\u2019apr\u00e8s Luc, J\u00e9sus na\u00eet dans un village o\u00f9 il n\u2019y a pas d\u2019endroit pour l\u2019accueillir. Les bergers ont \u00e9t\u00e9 oblig\u00e9s de le chercher dans tout Bethl\u00e9em jusqu\u2019\u00e0 ce qu\u2019ils le trouvent dans un lieu \u00e9cart\u00e9, couch\u00e9 dans une\u2026","rel":"","context":"Dans &quot;Hom\u00e9lies et r\u00e9flexions, Ann\u00e9e A&quot;","block_context":{"text":"Hom\u00e9lies et r\u00e9flexions, Ann\u00e9e A","link":"http:\/\/vincentians.com\/fr\/category\/homelies-et-reflexions-annee-a\/"},"img":{"alt_text":"jose_antonio_pagola","src":"https:\/\/i0.wp.com\/vincentiens.org\/wp-content\/uploads\/2013\/11\/jose_antonio_pagola.jpg?resize=350%2C200","width":350,"height":200},"classes":[]},{"id":108342,"url":"http:\/\/vincentians.com\/fr\/6eme-dimanche-du-temps-ordinaire-a-patrice-sabater-pardo-cm\/","url_meta":{"origin":107470,"position":3},"title":"6\u00e8me dimanche du temps ordinaire (A) [Patrice Sabater Pardo, cm]","author":"Francisco Javier Fern\u00e1ndez Chento","date":"15\/02\/2014","format":false,"excerpt":"Si tu le veux\u00a0... Les textes de ce dimanche nous invitent \u00e0 la table de la Sagesse de Dieu. Sagesse de Dieu qui n\u2019est certes pas la sagesse des hommes si empreinte de subjectivit\u00e9, de mont\u00e9e de nos m\u00e9moires pas ou peu encore transcend\u00e9es et apais\u00e9es. Une sagesse grande qui\u2026","rel":"","context":"Dans &quot;Hom\u00e9lies et r\u00e9flexions, Ann\u00e9e A&quot;","block_context":{"text":"Hom\u00e9lies et r\u00e9flexions, Ann\u00e9e A","link":"http:\/\/vincentians.com\/fr\/category\/homelies-et-reflexions-annee-a\/"},"img":{"alt_text":"6eme","src":"https:\/\/i0.wp.com\/vincentiens.org\/wp-content\/uploads\/2014\/02\/6eme-300x225.jpg?resize=350%2C200","width":350,"height":200},"classes":[]},{"id":106933,"url":"http:\/\/vincentians.com\/fr\/fete-du-christ-roi-annee-c-jose-antonio-pagola\/","url_meta":{"origin":107470,"position":4},"title":"F\u00eate du Christ-Roi (ann\u00e9e C) [Jos\u00e9 Antonio Pagola]","author":"Francisco Javier Fern\u00e1ndez Chento","date":"23\/11\/2013","format":false,"excerpt":"Souviens-toi de moi D\u2019apr\u00e8s le r\u00e9cit de Luc, J\u00e9sus agonise au milieu des moqueries et du m\u00e9pris de ceux qui l\u2019entourent. Personne ne semble avoir compris le sens de sa vie. Personne ne semble avoir saisi le don qu\u2019il a fait de sa vie \u00e0 ceux qui souffrent ni le\u2026","rel":"","context":"Dans &quot;Hom\u00e9lies et r\u00e9flexions, Ann\u00e9e C&quot;","block_context":{"text":"Hom\u00e9lies et r\u00e9flexions, Ann\u00e9e C","link":"http:\/\/vincentians.com\/fr\/category\/homelies-et-reflexions-annee-c\/"},"img":{"alt_text":"jose_antonio_pagola","src":"https:\/\/i0.wp.com\/vincentiens.org\/wp-content\/uploads\/2013\/11\/jose_antonio_pagola.jpg?resize=350%2C200","width":350,"height":200},"classes":[]},{"id":132736,"url":"http:\/\/vincentians.com\/fr\/3eme-dimanche-de-lavent-jose-antonio-pagola\/","url_meta":{"origin":107470,"position":5},"title":"3\u00e8me Dimanche de l&rsquo;Avent (Jos\u00e9 Antonio Pagola)","author":"Francisco Javier Fern\u00e1ndez Chento","date":"13\/12\/2014","format":false,"excerpt":"Aplanir le chemin vers J\u00e9sus \u00abIl y a parmi vous quelqu\u2019un que vous ne connaissez pas\u00bb. Ce sont des mots prononc\u00e9s par Jean \u2013 Baptiste se r\u00e9f\u00e9rant \u00e0 J\u00e9sus, qui marche d\u00e9j\u00e0 au milieu de ceux qui s\u2019approchent du Jourdain pour se faire baptiser, m\u00eame s\u2019il ne s\u2019est pas encore\u2026","rel":"","context":"Dans &quot;Hom\u00e9lies et r\u00e9flexions, Ann\u00e9e B&quot;","block_context":{"text":"Hom\u00e9lies et r\u00e9flexions, Ann\u00e9e B","link":"http:\/\/vincentians.com\/fr\/category\/homelies-et-reflexions-annee-b\/"},"img":{"alt_text":"pagola","src":"https:\/\/i0.wp.com\/vincentiens.org\/wp-content\/uploads\/2014\/12\/pagola-300x231.jpg?resize=350%2C200","width":350,"height":200},"classes":[]}],"_links":{"self":[{"href":"http:\/\/vincentians.com\/fr\/wp-json\/wp\/v2\/posts\/107470","targetHints":{"allow":["GET"]}}],"collection":[{"href":"http:\/\/vincentians.com\/fr\/wp-json\/wp\/v2\/posts"}],"about":[{"href":"http:\/\/vincentians.com\/fr\/wp-json\/wp\/v2\/types\/post"}],"author":[{"embeddable":true,"href":"http:\/\/vincentians.com\/fr\/wp-json\/wp\/v2\/users\/4"}],"replies":[{"embeddable":true,"href":"http:\/\/vincentians.com\/fr\/wp-json\/wp\/v2\/comments?post=107470"}],"version-history":[{"count":0,"href":"http:\/\/vincentians.com\/fr\/wp-json\/wp\/v2\/posts\/107470\/revisions"}],"wp:featuredmedia":[{"embeddable":true,"href":"http:\/\/vincentians.com\/fr\/wp-json\/"}],"wp:attachment":[{"href":"http:\/\/vincentians.com\/fr\/wp-json\/wp\/v2\/media?parent=107470"}],"wp:term":[{"taxonomy":"category","embeddable":true,"href":"http:\/\/vincentians.com\/fr\/wp-json\/wp\/v2\/categories?post=107470"},{"taxonomy":"post_tag","embeddable":true,"href":"http:\/\/vincentians.com\/fr\/wp-json\/wp\/v2\/tags?post=107470"}],"curies":[{"name":"wp","href":"https:\/\/api.w.org\/{rel}","templated":true}]}}